{"id":104404,"date":"2025-03-21T01:41:40","date_gmt":"2025-03-21T01:41:40","guid":{"rendered":"https:\/\/elregionalvm.com.ar\/noticias-villa-maria\/?p=104404"},"modified":"2025-03-21T01:41:42","modified_gmt":"2025-03-21T01:41:42","slug":"este-ano-cordoba-destinara-3-000-millones-para-programas-de-discapacidad","status":"publish","type":"post","link":"https:\/\/elregionalvm.com.ar\/noticias-villa-maria\/este-ano-cordoba-destinara-3-000-millones-para-programas-de-discapacidad\/","title":{"rendered":"Este a\u00f1o, C\u00f3rdoba destinar\u00e1 $3.000 millones para programas de discapacidad"},"content":{"rendered":"\n<p>El gobernador Mart\u00edn Llaryora anunci\u00f3 una inversi\u00f3n para el corriente a\u00f1o de $3.000 millones a trav\u00e9s del Fondo Provincial de Inclusi\u00f3n Social para Personas con Discapacidad que gestiona el Ministerio de Desarrollo Humano.<\/p>\n\n\n\n<p>M\u00e1s de mil personas y 180 organizaciones participaron del encuentro donde se compartieron y dieron a conocer proyectos desarrollados durante 2024. El pasado a\u00f1o, a trav\u00e9s del Ministerio de Desarrollo Humano, la Provincia destin\u00f3 $1.325 millones para apoyar estas iniciativas a cargo de instituciones y gobiernos locales.<\/p>\n\n\n\n<p>Adem\u00e1s del incremento del aporte en 2025 el Gobierno de C\u00f3rdoba crear\u00e1 un nuevo programa con el objetivo de mejorar la accesibilidad de las personas con discapacidad en su hogar y para el desarrollo de su vida cotidiana.<\/p>\n\n\n\n<p>Llaryora ratific\u00f3 el compromiso de la Provincia con el desarrollo y ejecuci\u00f3n de pol\u00edticas p\u00fablicas orientadas a las personas con discapacidad.<\/p>\n\n\n\n<p>Al mismo tiempo, reconoci\u00f3 el trabajo de quienes integran organizaciones e instituciones que abordan la discapacidad:&nbsp;<em>\u201cSon ustedes los verdaderos responsables de que todo esto sea posible<\/em>\u201d.<\/p>\n\n\n\n<p><em>\u201cPara nosotros es una alegr\u00eda poder trabajar junto a ustedes, porque con el acompa\u00f1amiento que hacemos desde el Estado ya son 165 las instituciones de toda la geograf\u00eda cordobesa que ya no est\u00e1n solas, que tienen un fondo para poder hacer realidad sus ideas y proyectos\u201d<\/em>, agreg\u00f3 el gobernador.<\/p>\n\n\n\n<p>En el a\u00f1o en curso, la inversi\u00f3n provincial ser\u00e1 de $2.000 millones para acompa\u00f1ar y fortalecer a las instituciones y sus proyectos, d\u00e1ndole prioridad a la aquellos destinados a la inclusi\u00f3n laboral.<\/p>\n\n\n\n<p>Adem\u00e1s, otros $1.000 millones estar\u00e1n orientados a la creaci\u00f3n de un programa para mejorar la accesibilidad en sus hogares de las personas con discapacidad y el desarrollo de su vida cotidiana a trav\u00e9s de la tecnolog\u00eda.<\/p>\n\n\n\n<p><em>\u00abTenemos que tener super\u00e1vit, tenemos que ser eficientes para generar una econom\u00eda solidaria, igualitaria, diversa\u00bb,&nbsp;<\/em>argument\u00f3 el gobernador.<\/p>\n\n\n\n<p>Por su parte, la ministra Liliana Montero explic\u00f3: \u201c<em>El eje est\u00e1 puesto en pol\u00edticas que fomenten la inclusi\u00f3n laboral de las personas con discapacidad de todos los departamentos de C\u00f3rdoba. Gracias a ese fondo, hemos logrado apoyar a cooperativas, asociaciones y fundaciones, y as\u00ed hemos impactado positivamente a 15 mil personas. Hemos demostrado que se puede trabajar con el Estado y que se puede hacer muy bien\u00bb.<\/em><\/p>\n\n\n\n<p>Participaron tambi\u00e9n la secretaria de Coordinaci\u00f3n y Fortalecimiento Familiar, Mar\u00eda Eugenia Pomaz\u00e1n, y el Legislador Miguel Siciliano.<\/p>\n\n\n\n<p><strong>Testimonios<\/strong><\/p>\n\n\n\n<p>Elvia Mella, secretaria de la Cooperativa de Trabajo Albergo \u00c9tico, que emplea a personas con s\u00edndrome de down y discapacidad intelectual en el bar Sosneado de Villa Carlos Paz explic\u00f3:&nbsp;<em>\u201cCon el aporte que nos otorg\u00f3 la Provincia pudimos equipar nuestro nuevo local y as\u00ed mejorar nuestro servicio. Gracias a esta ayuda podemos profundizar en el desarrollo de la independencia de las personas con discapacidad\u00bb.<\/em><\/p>\n\n\n\n<p>Por su parte, Marcela de la Cooperativa Codauquen (R\u00edo Cuarto) cont\u00f3: \u201cHace 12 a\u00f1os que nos dedicamos a hacer servicio de catering. Quiero destacar al Gobierno cordob\u00e9s, porque no dej\u00f3 de acompa\u00f1ar a nuestras organizaciones. Con los fondos recibidos, pudimos renovar nuestras herramientas de trabajo, lo cual es muy importante para nosotros\u00bb.<\/p>\n\n\n\n<p>Por \u00faltimo, Constanza, voluntaria de Fundaci\u00f3n Contener (C\u00f3rdoba Capital) expres\u00f3:&nbsp;<em>\u00abEstamos muy contentos por todo el apoyo del Gobierno de C\u00f3rdoba, por las visitas del Ministerio de Desarrollo Humano a nuestra sede, donde hacemos chocolate artesanal. Con tantos proyectos para este a\u00f1o, con tantas ganas de crecer, es muy importante recibir sostenimiento para continuar con nuestro trabajo\u00bb.<\/em><\/p>\n\n\n\n<p><strong>Programas para 2025<\/strong><\/p>\n\n\n\n<p>Creado por ley provincial 10.928, el Fondo Provincial de Inclusi\u00f3n Social para Personas con Discapacidad es gestionado por el Ministerio de Desarrollo Humano y financi\u00f3 durante 2024 m\u00e1s de 160 iniciativas de instituciones que trabajan por reemplazar el paradigma de la dependencia por la autonom\u00eda de las personas con discapacidad.<\/p>\n\n\n\n<p>En 2025, tras los recientes anuncios del gobernador Llaryora, se aplicar\u00e1 al financiamiento de dos programas:<\/p>\n\n\n\n<ul class=\"wp-block-list\">\n<li><strong>PROGRAMA PROVINCIAL DE PROMOCI\u00d3N DE LOS DERECHOS DE LAS PERSONAS CON DISCAPACIDAD Y SUS ORGANIZACIONES<\/strong><\/li>\n<\/ul>\n\n\n\n<p>En 2025 se mantendr\u00e1 firmemente este Programa que busca fortalecer mediante el apoyo econ\u00f3mico aquellos proyectos de la sociedad civil o de municipios y comunas que promueven la inclusi\u00f3n, la autonom\u00eda, la participaci\u00f3n de las personas con discapacidad, contribuyendo as\u00ed a mejorar su calidad de vida.<\/p>\n\n\n\n<ul class=\"wp-block-list\">\n<li><strong>PROGRAMA PROVINCIAL DE ACCESIBILIDAD EN EL HOGAR Y A TECNOLOG\u00cdAS CON IMPACTO<\/strong><\/li>\n<\/ul>\n\n\n\n<p>Tiene por objetivo apoyar las iniciativas individuales de personas con discapacidad que promuevan la accesibilidad en el hogar, la sociabilizaci\u00f3n y el acceso a tecnolog\u00edas asistivas para una vida m\u00e1s independiente y aut\u00f3noma.<\/p>\n\n\n\n<p>Para mayor informaci\u00f3n y para postular, comunicarse por WhatsApp al (0351) 302-8929, o bien por correo electr\u00f3nico a la casilla: info.direcciondiscapacidad@gmail.com<\/p>\n","protected":false},"excerpt":{"rendered":"<p>El gobernador Mart\u00edn Llaryora anunci\u00f3 una inversi\u00f3n para el corriente a\u00f1o de $3.000 millones a trav\u00e9s del Fondo Provincial de Inclusi\u00f3n Social para Personas con Discapacidad que gestiona el Ministerio de Desarrollo Humano. M\u00e1s de mil personas y 180 organizaciones participaron del encuentro donde se compartieron y dieron a conocer proyectos desarrollados durante 2024. El [&hellip;]<\/p>\n","protected":false},"author":4,"featured_media":104405,"comment_status":"open","ping_status":"open","sticky":false,"template":"","format":"standard","meta":{"site-sidebar-layout":"default","site-content-layout":"","ast-site-content-layout":"default","site-content-style":"default","site-sidebar-style":"default","ast-global-header-display":"","ast-banner-title-visibility":"","ast-main-header-display":"","ast-hfb-above-header-display":"","ast-hfb-below-header-display":"","ast-hfb-mobile-header-display":"","site-post-title":"","ast-breadcrumbs-content":"","ast-featured-img":"","footer-sml-layout":"","ast-disable-related-posts":"","theme-transparent-header-meta":"","adv-header-id-meta":"","stick-header-meta":"","header-above-stick-meta":"","header-main-stick-meta":"","header-below-stick-meta":"","astra-migrate-meta-layouts":"set","ast-page-background-enabled":"default","ast-page-background-meta":{"desktop":{"background-color":"","background-image":"","background-repeat":"repeat","background-position":"center center","background-size":"auto","background-attachment":"scroll","background-type":"","background-media":"","overlay-type":"","overlay-color":"","overlay-opacity":"","overlay-gradient":""},"tablet":{"background-color":"","background-image":"","background-repeat":"repeat","background-position":"center center","background-size":"auto","background-attachment":"scroll","background-type":"","background-media":"","overlay-type":"","overlay-color":"","overlay-opacity":"","overlay-gradient":""},"mobile":{"background-color":"","background-image":"","background-repeat":"repeat","background-position":"center center","background-size":"auto","background-attachment":"scroll","background-type":"","background-media":"","overlay-type":"","overlay-color":"","overlay-opacity":"","overlay-gradient":""}},"ast-content-background-meta":{"desktop":{"background-color":"var(--ast-global-color-5)","background-image":"","background-repeat":"repeat","background-position":"center center","background-size":"auto","background-attachment":"scroll","background-type":"","background-media":"","overlay-type":"","overlay-color":"","overlay-opacity":"","overlay-gradient":""},"tablet":{"background-color":"var(--ast-global-color-5)","background-image":"","background-repeat":"repeat","background-position":"center center","background-size":"auto","background-attachment":"scroll","background-type":"","background-media":"","overlay-type":"","overlay-color":"","overlay-opacity":"","overlay-gradient":""},"mobile":{"background-color":"var(--ast-global-color-5)","background-image":"","background-repeat":"repeat","background-position":"center center","background-size":"auto","background-attachment":"scroll","background-type":"","background-media":"","overlay-type":"","overlay-color":"","overlay-opacity":"","overlay-gradient":""}},"_jetpack_memberships_contains_paid_content":false,"_joinchat":[],"footnotes":""},"categories":[15302,16095,5],"tags":[],"class_list":["post-104404","post","type-post","status-publish","format-standard","has-post-thumbnail","hentry","category-destacado","category-provinciales","category-sociedad"],"yoast_head":"<!-- This site is optimized with the Yoast SEO plugin v26.8 - https:\/\/yoast.com\/product\/yoast-seo-wordpress\/ -->\n<title>Este a\u00f1o, C\u00f3rdoba destinar\u00e1 $3.000 millones para programas de discapacidad - El Regional<\/title>\n<meta name=\"robots\" content=\"index, follow, max-snippet:-1, max-image-preview:large, max-video-preview:-1\" \/>\n<link rel=\"canonical\" href=\"https:\/\/elregionalvm.com.ar\/noticias-villa-maria\/este-ano-cordoba-destinara-3-000-millones-para-programas-de-discapacidad\/\" \/>\n<meta property=\"og:locale\" content=\"es_ES\" \/>\n<meta property=\"og:type\" content=\"article\" \/>\n<meta property=\"og:title\" content=\"Este a\u00f1o, C\u00f3rdoba destinar\u00e1 $3.000 millones para programas de discapacidad - El Regional\" \/>\n<meta property=\"og:description\" content=\"El gobernador Mart\u00edn Llaryora anunci\u00f3 una inversi\u00f3n para el corriente a\u00f1o de $3.000 millones a trav\u00e9s del Fondo Provincial de Inclusi\u00f3n Social para Personas con Discapacidad que gestiona el Ministerio de Desarrollo Humano. M\u00e1s de mil personas y 180 organizaciones participaron del encuentro donde se compartieron y dieron a conocer proyectos desarrollados durante 2024. El [&hellip;]\" \/>\n<meta property=\"og:url\" content=\"https:\/\/elregionalvm.com.ar\/noticias-villa-maria\/este-ano-cordoba-destinara-3-000-millones-para-programas-de-discapacidad\/\" \/>\n<meta property=\"og:site_name\" content=\"El Regional\" \/>\n<meta property=\"article:publisher\" content=\"https:\/\/www.facebook.com\/elregionalvm\" \/>\n<meta property=\"article:published_time\" content=\"2025-03-21T01:41:40+00:00\" \/>\n<meta property=\"article:modified_time\" content=\"2025-03-21T01:41:42+00:00\" \/>\n<meta property=\"og:image\" content=\"https:\/\/elregionalvm.com.ar\/noticias-villa-maria\/wp-content\/uploads\/2025\/03\/WhatsApp-Image-2025-03-20-at-15.51.22-1024x683-1.jpeg\" \/>\n\t<meta property=\"og:image:width\" content=\"1024\" \/>\n\t<meta property=\"og:image:height\" content=\"683\" \/>\n\t<meta property=\"og:image:type\" content=\"image\/jpeg\" \/>\n<meta name=\"author\" content=\"Contenidos El Regional\" \/>\n<meta name=\"twitter:card\" content=\"summary_large_image\" \/>\n<meta name=\"twitter:creator\" content=\"@elregionalvm1\" \/>\n<meta name=\"twitter:site\" content=\"@elregionalvm1\" \/>\n<meta name=\"twitter:label1\" content=\"Escrito por\" \/>\n\t<meta name=\"twitter:data1\" content=\"Contenidos El Regional\" \/>\n\t<meta name=\"twitter:label2\" content=\"Tiempo de lectura\" \/>\n\t<meta name=\"twitter:data2\" content=\"4 minutos\" \/>\n<script type=\"application\/ld+json\" class=\"yoast-schema-graph\">{\"@context\":\"https:\/\/schema.org\",\"@graph\":[{\"@type\":\"Article\",\"@id\":\"https:\/\/elregionalvm.com.ar\/noticias-villa-maria\/este-ano-cordoba-destinara-3-000-millones-para-programas-de-discapacidad\/#article\",\"isPartOf\":{\"@id\":\"https:\/\/elregionalvm.com.ar\/noticias-villa-maria\/este-ano-cordoba-destinara-3-000-millones-para-programas-de-discapacidad\/\"},\"author\":{\"name\":\"Contenidos El Regional\",\"@id\":\"http:\/\/elregionalvm.com.ar\/noticias-villa-maria\/#\/schema\/person\/a0fb9c422317faca23d50163151bc354\"},\"headline\":\"Este a\u00f1o, C\u00f3rdoba destinar\u00e1 $3.000 millones para programas de discapacidad\",\"datePublished\":\"2025-03-21T01:41:40+00:00\",\"dateModified\":\"2025-03-21T01:41:42+00:00\",\"mainEntityOfPage\":{\"@id\":\"https:\/\/elregionalvm.com.ar\/noticias-villa-maria\/este-ano-cordoba-destinara-3-000-millones-para-programas-de-discapacidad\/\"},\"wordCount\":817,\"commentCount\":0,\"image\":{\"@id\":\"https:\/\/elregionalvm.com.ar\/noticias-villa-maria\/este-ano-cordoba-destinara-3-000-millones-para-programas-de-discapacidad\/#primaryimage\"},\"thumbnailUrl\":\"https:\/\/i0.wp.com\/elregionalvm.com.ar\/noticias-villa-maria\/wp-content\/uploads\/2025\/03\/WhatsApp-Image-2025-03-20-at-15.51.22-1024x683-1.jpeg?fit=1024%2C683&ssl=1\",\"articleSection\":[\"destacado\",\"Provinciales\",\"Sociedad\"],\"inLanguage\":\"es\",\"potentialAction\":[{\"@type\":\"CommentAction\",\"name\":\"Comment\",\"target\":[\"https:\/\/elregionalvm.com.ar\/noticias-villa-maria\/este-ano-cordoba-destinara-3-000-millones-para-programas-de-discapacidad\/#respond\"]}]},{\"@type\":\"WebPage\",\"@id\":\"https:\/\/elregionalvm.com.ar\/noticias-villa-maria\/este-ano-cordoba-destinara-3-000-millones-para-programas-de-discapacidad\/\",\"url\":\"https:\/\/elregionalvm.com.ar\/noticias-villa-maria\/este-ano-cordoba-destinara-3-000-millones-para-programas-de-discapacidad\/\",\"name\":\"Este a\u00f1o, C\u00f3rdoba destinar\u00e1 $3.000 millones para programas de discapacidad - El Regional\",\"isPartOf\":{\"@id\":\"http:\/\/elregionalvm.com.ar\/noticias-villa-maria\/#website\"},\"primaryImageOfPage\":{\"@id\":\"https:\/\/elregionalvm.com.ar\/noticias-villa-maria\/este-ano-cordoba-destinara-3-000-millones-para-programas-de-discapacidad\/#primaryimage\"},\"image\":{\"@id\":\"https:\/\/elregionalvm.com.ar\/noticias-villa-maria\/este-ano-cordoba-destinara-3-000-millones-para-programas-de-discapacidad\/#primaryimage\"},\"thumbnailUrl\":\"https:\/\/i0.wp.com\/elregionalvm.com.ar\/noticias-villa-maria\/wp-content\/uploads\/2025\/03\/WhatsApp-Image-2025-03-20-at-15.51.22-1024x683-1.jpeg?fit=1024%2C683&ssl=1\",\"datePublished\":\"2025-03-21T01:41:40+00:00\",\"dateModified\":\"2025-03-21T01:41:42+00:00\",\"author\":{\"@id\":\"http:\/\/elregionalvm.com.ar\/noticias-villa-maria\/#\/schema\/person\/a0fb9c422317faca23d50163151bc354\"},\"breadcrumb\":{\"@id\":\"https:\/\/elregionalvm.com.ar\/noticias-villa-maria\/este-ano-cordoba-destinara-3-000-millones-para-programas-de-discapacidad\/#breadcrumb\"},\"inLanguage\":\"es\",\"potentialAction\":[{\"@type\":\"ReadAction\",\"target\":[\"https:\/\/elregionalvm.com.ar\/noticias-villa-maria\/este-ano-cordoba-destinara-3-000-millones-para-programas-de-discapacidad\/\"]}]},{\"@type\":\"ImageObject\",\"inLanguage\":\"es\",\"@id\":\"https:\/\/elregionalvm.com.ar\/noticias-villa-maria\/este-ano-cordoba-destinara-3-000-millones-para-programas-de-discapacidad\/#primaryimage\",\"url\":\"https:\/\/i0.wp.com\/elregionalvm.com.ar\/noticias-villa-maria\/wp-content\/uploads\/2025\/03\/WhatsApp-Image-2025-03-20-at-15.51.22-1024x683-1.jpeg?fit=1024%2C683&ssl=1\",\"contentUrl\":\"https:\/\/i0.wp.com\/elregionalvm.com.ar\/noticias-villa-maria\/wp-content\/uploads\/2025\/03\/WhatsApp-Image-2025-03-20-at-15.51.22-1024x683-1.jpeg?fit=1024%2C683&ssl=1\",\"width\":1024,\"height\":683},{\"@type\":\"BreadcrumbList\",\"@id\":\"https:\/\/elregionalvm.com.ar\/noticias-villa-maria\/este-ano-cordoba-destinara-3-000-millones-para-programas-de-discapacidad\/#breadcrumb\",\"itemListElement\":[{\"@type\":\"ListItem\",\"position\":1,\"name\":\"Portada\",\"item\":\"https:\/\/elregionalvm.com.ar\/noticias-villa-maria\/\"},{\"@type\":\"ListItem\",\"position\":2,\"name\":\"Este a\u00f1o, C\u00f3rdoba destinar\u00e1 $3.000 millones para programas de discapacidad\"}]},{\"@type\":\"WebSite\",\"@id\":\"http:\/\/elregionalvm.com.ar\/noticias-villa-maria\/#website\",\"url\":\"http:\/\/elregionalvm.com.ar\/noticias-villa-maria\/\",\"name\":\"El Regional\",\"description\":\"Mucho m\u00e1s que informaci\u00f3n\",\"potentialAction\":[{\"@type\":\"SearchAction\",\"target\":{\"@type\":\"EntryPoint\",\"urlTemplate\":\"http:\/\/elregionalvm.com.ar\/noticias-villa-maria\/?s={search_term_string}\"},\"query-input\":{\"@type\":\"PropertyValueSpecification\",\"valueRequired\":true,\"valueName\":\"search_term_string\"}}],\"inLanguage\":\"es\"},{\"@type\":\"Person\",\"@id\":\"http:\/\/elregionalvm.com.ar\/noticias-villa-maria\/#\/schema\/person\/a0fb9c422317faca23d50163151bc354\",\"name\":\"Contenidos El Regional\",\"image\":{\"@type\":\"ImageObject\",\"inLanguage\":\"es\",\"@id\":\"http:\/\/elregionalvm.com.ar\/noticias-villa-maria\/#\/schema\/person\/image\/\",\"url\":\"https:\/\/secure.gravatar.com\/avatar\/265b27cb2209af7bb3a1318f03305787d7981a5cc6e6cd08fe5a4ecdf99d4b48?s=96&d=mm&r=g\",\"contentUrl\":\"https:\/\/secure.gravatar.com\/avatar\/265b27cb2209af7bb3a1318f03305787d7981a5cc6e6cd08fe5a4ecdf99d4b48?s=96&d=mm&r=g\",\"caption\":\"Contenidos El Regional\"},\"url\":\"https:\/\/elregionalvm.com.ar\/noticias-villa-maria\/author\/contenido\/\"}]}<\/script>\n<!-- \/ Yoast SEO plugin. -->","yoast_head_json":{"title":"Este a\u00f1o, C\u00f3rdoba destinar\u00e1 $3.000 millones para programas de discapacidad - El Regional","robots":{"index":"index","follow":"follow","max-snippet":"max-snippet:-1","max-image-preview":"max-image-preview:large","max-video-preview":"max-video-preview:-1"},"canonical":"https:\/\/elregionalvm.com.ar\/noticias-villa-maria\/este-ano-cordoba-destinara-3-000-millones-para-programas-de-discapacidad\/","og_locale":"es_ES","og_type":"article","og_title":"Este a\u00f1o, C\u00f3rdoba destinar\u00e1 $3.000 millones para programas de discapacidad - El Regional","og_description":"El gobernador Mart\u00edn Llaryora anunci\u00f3 una inversi\u00f3n para el corriente a\u00f1o de $3.000 millones a trav\u00e9s del Fondo Provincial de Inclusi\u00f3n Social para Personas con Discapacidad que gestiona el Ministerio de Desarrollo Humano. M\u00e1s de mil personas y 180 organizaciones participaron del encuentro donde se compartieron y dieron a conocer proyectos desarrollados durante 2024. El [&hellip;]","og_url":"https:\/\/elregionalvm.com.ar\/noticias-villa-maria\/este-ano-cordoba-destinara-3-000-millones-para-programas-de-discapacidad\/","og_site_name":"El Regional","article_publisher":"https:\/\/www.facebook.com\/elregionalvm","article_published_time":"2025-03-21T01:41:40+00:00","article_modified_time":"2025-03-21T01:41:42+00:00","og_image":[{"width":1024,"height":683,"url":"https:\/\/elregionalvm.com.ar\/noticias-villa-maria\/wp-content\/uploads\/2025\/03\/WhatsApp-Image-2025-03-20-at-15.51.22-1024x683-1.jpeg","type":"image\/jpeg"}],"author":"Contenidos El Regional","twitter_card":"summary_large_image","twitter_creator":"@elregionalvm1","twitter_site":"@elregionalvm1","twitter_misc":{"Escrito por":"Contenidos El Regional","Tiempo de lectura":"4 minutos"},"schema":{"@context":"https:\/\/schema.org","@graph":[{"@type":"Article","@id":"https:\/\/elregionalvm.com.ar\/noticias-villa-maria\/este-ano-cordoba-destinara-3-000-millones-para-programas-de-discapacidad\/#article","isPartOf":{"@id":"https:\/\/elregionalvm.com.ar\/noticias-villa-maria\/este-ano-cordoba-destinara-3-000-millones-para-programas-de-discapacidad\/"},"author":{"name":"Contenidos El Regional","@id":"http:\/\/elregionalvm.com.ar\/noticias-villa-maria\/#\/schema\/person\/a0fb9c422317faca23d50163151bc354"},"headline":"Este a\u00f1o, C\u00f3rdoba destinar\u00e1 $3.000 millones para programas de discapacidad","datePublished":"2025-03-21T01:41:40+00:00","dateModified":"2025-03-21T01:41:42+00:00","mainEntityOfPage":{"@id":"https:\/\/elregionalvm.com.ar\/noticias-villa-maria\/este-ano-cordoba-destinara-3-000-millones-para-programas-de-discapacidad\/"},"wordCount":817,"commentCount":0,"image":{"@id":"https:\/\/elregionalvm.com.ar\/noticias-villa-maria\/este-ano-cordoba-destinara-3-000-millones-para-programas-de-discapacidad\/#primaryimage"},"thumbnailUrl":"https:\/\/i0.wp.com\/elregionalvm.com.ar\/noticias-villa-maria\/wp-content\/uploads\/2025\/03\/WhatsApp-Image-2025-03-20-at-15.51.22-1024x683-1.jpeg?fit=1024%2C683&ssl=1","articleSection":["destacado","Provinciales","Sociedad"],"inLanguage":"es","potentialAction":[{"@type":"CommentAction","name":"Comment","target":["https:\/\/elregionalvm.com.ar\/noticias-villa-maria\/este-ano-cordoba-destinara-3-000-millones-para-programas-de-discapacidad\/#respond"]}]},{"@type":"WebPage","@id":"https:\/\/elregionalvm.com.ar\/noticias-villa-maria\/este-ano-cordoba-destinara-3-000-millones-para-programas-de-discapacidad\/","url":"https:\/\/elregionalvm.com.ar\/noticias-villa-maria\/este-ano-cordoba-destinara-3-000-millones-para-programas-de-discapacidad\/","name":"Este a\u00f1o, C\u00f3rdoba destinar\u00e1 $3.000 millones para programas de discapacidad - El Regional","isPartOf":{"@id":"http:\/\/elregionalvm.com.ar\/noticias-villa-maria\/#website"},"primaryImageOfPage":{"@id":"https:\/\/elregionalvm.com.ar\/noticias-villa-maria\/este-ano-cordoba-destinara-3-000-millones-para-programas-de-discapacidad\/#primaryimage"},"image":{"@id":"https:\/\/elregionalvm.com.ar\/noticias-villa-maria\/este-ano-cordoba-destinara-3-000-millones-para-programas-de-discapacidad\/#primaryimage"},"thumbnailUrl":"https:\/\/i0.wp.com\/elregionalvm.com.ar\/noticias-villa-maria\/wp-content\/uploads\/2025\/03\/WhatsApp-Image-2025-03-20-at-15.51.22-1024x683-1.jpeg?fit=1024%2C683&ssl=1","datePublished":"2025-03-21T01:41:40+00:00","dateModified":"2025-03-21T01:41:42+00:00","author":{"@id":"http:\/\/elregionalvm.com.ar\/noticias-villa-maria\/#\/schema\/person\/a0fb9c422317faca23d50163151bc354"},"breadcrumb":{"@id":"https:\/\/elregionalvm.com.ar\/noticias-villa-maria\/este-ano-cordoba-destinara-3-000-millones-para-programas-de-discapacidad\/#breadcrumb"},"inLanguage":"es","potentialAction":[{"@type":"ReadAction","target":["https:\/\/elregionalvm.com.ar\/noticias-villa-maria\/este-ano-cordoba-destinara-3-000-millones-para-programas-de-discapacidad\/"]}]},{"@type":"ImageObject","inLanguage":"es","@id":"https:\/\/elregionalvm.com.ar\/noticias-villa-maria\/este-ano-cordoba-destinara-3-000-millones-para-programas-de-discapacidad\/#primaryimage","url":"https:\/\/i0.wp.com\/elregionalvm.com.ar\/noticias-villa-maria\/wp-content\/uploads\/2025\/03\/WhatsApp-Image-2025-03-20-at-15.51.22-1024x683-1.jpeg?fit=1024%2C683&ssl=1","contentUrl":"https:\/\/i0.wp.com\/elregionalvm.com.ar\/noticias-villa-maria\/wp-content\/uploads\/2025\/03\/WhatsApp-Image-2025-03-20-at-15.51.22-1024x683-1.jpeg?fit=1024%2C683&ssl=1","width":1024,"height":683},{"@type":"BreadcrumbList","@id":"https:\/\/elregionalvm.com.ar\/noticias-villa-maria\/este-ano-cordoba-destinara-3-000-millones-para-programas-de-discapacidad\/#breadcrumb","itemListElement":[{"@type":"ListItem","position":1,"name":"Portada","item":"https:\/\/elregionalvm.com.ar\/noticias-villa-maria\/"},{"@type":"ListItem","position":2,"name":"Este a\u00f1o, C\u00f3rdoba destinar\u00e1 $3.000 millones para programas de discapacidad"}]},{"@type":"WebSite","@id":"http:\/\/elregionalvm.com.ar\/noticias-villa-maria\/#website","url":"http:\/\/elregionalvm.com.ar\/noticias-villa-maria\/","name":"El Regional","description":"Mucho m\u00e1s que informaci\u00f3n","potentialAction":[{"@type":"SearchAction","target":{"@type":"EntryPoint","urlTemplate":"http:\/\/elregionalvm.com.ar\/noticias-villa-maria\/?s={search_term_string}"},"query-input":{"@type":"PropertyValueSpecification","valueRequired":true,"valueName":"search_term_string"}}],"inLanguage":"es"},{"@type":"Person","@id":"http:\/\/elregionalvm.com.ar\/noticias-villa-maria\/#\/schema\/person\/a0fb9c422317faca23d50163151bc354","name":"Contenidos El Regional","image":{"@type":"ImageObject","inLanguage":"es","@id":"http:\/\/elregionalvm.com.ar\/noticias-villa-maria\/#\/schema\/person\/image\/","url":"https:\/\/secure.gravatar.com\/avatar\/265b27cb2209af7bb3a1318f03305787d7981a5cc6e6cd08fe5a4ecdf99d4b48?s=96&d=mm&r=g","contentUrl":"https:\/\/secure.gravatar.com\/avatar\/265b27cb2209af7bb3a1318f03305787d7981a5cc6e6cd08fe5a4ecdf99d4b48?s=96&d=mm&r=g","caption":"Contenidos El Regional"},"url":"https:\/\/elregionalvm.com.ar\/noticias-villa-maria\/author\/contenido\/"}]}},"jetpack_featured_media_url":"https:\/\/i0.wp.com\/elregionalvm.com.ar\/noticias-villa-maria\/wp-content\/uploads\/2025\/03\/WhatsApp-Image-2025-03-20-at-15.51.22-1024x683-1.jpeg?fit=1024%2C683&ssl=1","jetpack_sharing_enabled":true,"_links":{"self":[{"href":"https:\/\/elregionalvm.com.ar\/noticias-villa-maria\/wp-json\/wp\/v2\/posts\/104404","targetHints":{"allow":["GET"]}}],"collection":[{"href":"https:\/\/elregionalvm.com.ar\/noticias-villa-maria\/wp-json\/wp\/v2\/posts"}],"about":[{"href":"https:\/\/elregionalvm.com.ar\/noticias-villa-maria\/wp-json\/wp\/v2\/types\/post"}],"author":[{"embeddable":true,"href":"https:\/\/elregionalvm.com.ar\/noticias-villa-maria\/wp-json\/wp\/v2\/users\/4"}],"replies":[{"embeddable":true,"href":"https:\/\/elregionalvm.com.ar\/noticias-villa-maria\/wp-json\/wp\/v2\/comments?post=104404"}],"version-history":[{"count":1,"href":"https:\/\/elregionalvm.com.ar\/noticias-villa-maria\/wp-json\/wp\/v2\/posts\/104404\/revisions"}],"predecessor-version":[{"id":104406,"href":"https:\/\/elregionalvm.com.ar\/noticias-villa-maria\/wp-json\/wp\/v2\/posts\/104404\/revisions\/104406"}],"wp:featuredmedia":[{"embeddable":true,"href":"https:\/\/elregionalvm.com.ar\/noticias-villa-maria\/wp-json\/wp\/v2\/media\/104405"}],"wp:attachment":[{"href":"https:\/\/elregionalvm.com.ar\/noticias-villa-maria\/wp-json\/wp\/v2\/media?parent=104404"}],"wp:term":[{"taxonomy":"category","embeddable":true,"href":"https:\/\/elregionalvm.com.ar\/noticias-villa-maria\/wp-json\/wp\/v2\/categories?post=104404"},{"taxonomy":"post_tag","embeddable":true,"href":"https:\/\/elregionalvm.com.ar\/noticias-villa-maria\/wp-json\/wp\/v2\/tags?post=104404"}],"curies":[{"name":"wp","href":"https:\/\/api.w.org\/{rel}","templated":true}]}}