{"id":104410,"date":"2025-03-21T16:02:53","date_gmt":"2025-03-21T16:02:53","guid":{"rendered":"https:\/\/elregionalvm.com.ar\/noticias-villa-maria\/?p=104410"},"modified":"2025-03-21T16:02:55","modified_gmt":"2025-03-21T16:02:55","slug":"entregaron-equipos-de-aire-acondiconados-a-tres-coolegios-de-la-ciudad","status":"publish","type":"post","link":"https:\/\/elregionalvm.com.ar\/noticias-villa-maria\/entregaron-equipos-de-aire-acondiconados-a-tres-coolegios-de-la-ciudad\/","title":{"rendered":"Entregaron equipos de aire acondiconados a tres coolegios de la ciudad"},"content":{"rendered":"\n<p>Son 15 aires acondicionados fr\u00edo-calor que ser\u00e1n instalados en tres escuelas locales, complementando importantes obras de infraestructura ya en marcha<\/p>\n\n\n\n<figure class=\"wp-block-image size-large\"><img data-recalc-dims=\"1\" fetchpriority=\"high\" decoding=\"async\" width=\"1024\" height=\"688\" src=\"https:\/\/i0.wp.com\/elregionalvm.com.ar\/noticias-villa-maria\/wp-content\/uploads\/2025\/03\/WhatsApp-Image-2025-03-21-at-12.26.13-PM.jpeg?resize=1024%2C688&#038;ssl=1\" alt=\"\" class=\"wp-image-104412\" srcset=\"https:\/\/i0.wp.com\/elregionalvm.com.ar\/noticias-villa-maria\/wp-content\/uploads\/2025\/03\/WhatsApp-Image-2025-03-21-at-12.26.13-PM-scaled.jpeg?resize=1024%2C688&amp;ssl=1 1024w, https:\/\/i0.wp.com\/elregionalvm.com.ar\/noticias-villa-maria\/wp-content\/uploads\/2025\/03\/WhatsApp-Image-2025-03-21-at-12.26.13-PM-scaled.jpeg?resize=300%2C202&amp;ssl=1 300w, https:\/\/i0.wp.com\/elregionalvm.com.ar\/noticias-villa-maria\/wp-content\/uploads\/2025\/03\/WhatsApp-Image-2025-03-21-at-12.26.13-PM-scaled.jpeg?resize=768%2C516&amp;ssl=1 768w, https:\/\/i0.wp.com\/elregionalvm.com.ar\/noticias-villa-maria\/wp-content\/uploads\/2025\/03\/WhatsApp-Image-2025-03-21-at-12.26.13-PM-scaled.jpeg?resize=1536%2C1032&amp;ssl=1 1536w, https:\/\/i0.wp.com\/elregionalvm.com.ar\/noticias-villa-maria\/wp-content\/uploads\/2025\/03\/WhatsApp-Image-2025-03-21-at-12.26.13-PM-scaled.jpeg?resize=2048%2C1376&amp;ssl=1 2048w\" sizes=\"(max-width: 1000px) 100vw, 1000px\" \/><\/figure>\n\n\n\n<p> Esta ma\u00f1ana, el intendente Eduardo Accastello y la secretaria de Educaci\u00f3n Adela Guirardelli, encabezaron la entrega de 15 equipos de aire acondicionado fr\u00edo-calor de 5.000 frigor\u00edas a las escuelas Abraham Ju\u00e1rez, M\u00e1rmol y Arturo M. Bas. para mejorar las condiciones de confort a estudiantes y docentes.<\/p>\n\n\n\n<p>Al respecto, Accastello, dijo: \u201cHoy entregamos 5 aires acondicionados para cada una de las tres escuelas, el mes que viene entregaremos otros 5 y para mayo todas las aulas de las tres instituciones tendr\u00e1n acceso al aire acondicionado\u201d<\/p>\n\n\n\n<p>Adem\u00e1s, dijo: \u201dEstudian en una de las escuelas mas prestigiosas de la ciudad, donde la curr\u00edcula y la propuesta pedag\u00f3gica, como escuela t\u00e9cnica especializada, apunta a la inserci\u00f3n laboral de calidad para los j\u00f3venes. En Villa Mar\u00eda la educaci\u00f3n es el eje del desarrollo humano y todos ponemos un granito de arena, docentes, familias, provincia y municipio, para que estudien y disfruten el espacio donde est\u00e1n tantas horas a la semana.\u201d<\/p>\n\n\n\n<figure class=\"wp-block-image size-large\"><img data-recalc-dims=\"1\" decoding=\"async\" width=\"1024\" height=\"683\" src=\"https:\/\/i0.wp.com\/elregionalvm.com.ar\/noticias-villa-maria\/wp-content\/uploads\/2025\/03\/WhatsApp-Image-2025-03-21-at-12.03.07-PM.jpeg?resize=1024%2C683&#038;ssl=1\" alt=\"\" class=\"wp-image-104413\" srcset=\"https:\/\/i0.wp.com\/elregionalvm.com.ar\/noticias-villa-maria\/wp-content\/uploads\/2025\/03\/WhatsApp-Image-2025-03-21-at-12.03.07-PM-scaled.jpeg?resize=1024%2C683&amp;ssl=1 1024w, https:\/\/i0.wp.com\/elregionalvm.com.ar\/noticias-villa-maria\/wp-content\/uploads\/2025\/03\/WhatsApp-Image-2025-03-21-at-12.03.07-PM-scaled.jpeg?resize=300%2C200&amp;ssl=1 300w, https:\/\/i0.wp.com\/elregionalvm.com.ar\/noticias-villa-maria\/wp-content\/uploads\/2025\/03\/WhatsApp-Image-2025-03-21-at-12.03.07-PM-scaled.jpeg?resize=768%2C512&amp;ssl=1 768w, https:\/\/i0.wp.com\/elregionalvm.com.ar\/noticias-villa-maria\/wp-content\/uploads\/2025\/03\/WhatsApp-Image-2025-03-21-at-12.03.07-PM-scaled.jpeg?resize=1536%2C1024&amp;ssl=1 1536w, https:\/\/i0.wp.com\/elregionalvm.com.ar\/noticias-villa-maria\/wp-content\/uploads\/2025\/03\/WhatsApp-Image-2025-03-21-at-12.03.07-PM-scaled.jpeg?resize=2048%2C1365&amp;ssl=1 2048w\" sizes=\"(max-width: 1000px) 100vw, 1000px\" \/><\/figure>\n\n\n\n<p>Adem\u00e1s, le solicit\u00f3 a los mas de 200 estudiantes que participaron del acto informal, que colaboren con la descarga de la aplicaci\u00f3n 107VM para que las familias accedan a la aplicaci\u00f3n destinada a acudir ante emergencias.<\/p>\n\n\n\n<p>Con respecto a la entrega de equipamiento, la directora del colegio Abraham Ju\u00e1rez, Profesora Marisa Bollatti, se\u00f1al\u00f3: \u201cAgradecemos la presencia del se\u00f1or intendente y la entrega de estos equipos. Seguramente va a permitir una mejor calidad de trabajo para nuestros estudiantes que pasan gran parte del d\u00eda en la escuela\u201d.<\/p>\n\n\n\n<p>La secretaria de Educaci\u00f3n, Adela Guirardelli, dijo: \u201cEstamos felices por seguir entregando aires frio calor en las escuelas. Adem\u00e1s, avanzamos articuladamente con provincia y FODEMEEP en mejoras de infraestructura general para que nuestros j\u00f3venes tengan la mejor escuela posible\u201d.<\/p>\n\n\n\n<p>La distribuci\u00f3n de los equipos se realiz\u00f3 con 5 unidades para el IPET N\u00b0 56 Abraham Ju\u00e1rez donde actualmente se est\u00e1 realizando la reparaci\u00f3n integral de la cubierta de techo, colocaci\u00f3n de desag\u00fces met\u00e1licos y cerramiento met\u00e1lico en un lateral del edificio, entre otras tareas.<\/p>\n\n\n\n<p>Otras 5 unidades fueron destinadas a la Escuela Primaria Jos\u00e9 M\u00e1rmol, donde asisti\u00f3 la vicedirectora Silvina Raspo, instituci\u00f3n en la que se est\u00e1n colocando 200 metros cuadrados de revestimiento cer\u00e1mico y pintura en todas sus aulas como parte de las tareas de mantenimiento.<\/p>\n\n\n\n<p>Las 5 unidades restantes fueron para la Escuela Primaria Arturo M. Bas de Las Playas, dirigida por Sandra Rey, donde ya se finaliz\u00f3 la impermeabilizaci\u00f3n del 100% de la cubierta del techo y contin\u00faan los trabajos de colocaci\u00f3n de cer\u00e1micos, entre otras mejoras.<\/p>\n\n\n\n<p>Cabe mencionar que estos aires, que se suman a los 50 equipos entregados a distintas instituciones educativas en 2024, se llevan adelante en el marco del programa FODEMEEP con el objetivo de avanzar con mejores sistemas de calefacci\u00f3n en todas las escuelas, garantizando as\u00ed condiciones \u00f3ptimas para el desarrollo de las actividades educativas durante todo el a\u00f1o.<\/p>\n","protected":false},"excerpt":{"rendered":"<p>Son 15 aires acondicionados fr\u00edo-calor que ser\u00e1n instalados en tres escuelas locales, complementando importantes obras de infraestructura ya en marcha Esta ma\u00f1ana, el intendente Eduardo Accastello y la secretaria de Educaci\u00f3n Adela Guirardelli, encabezaron la entrega de 15 equipos de aire acondicionado fr\u00edo-calor de 5.000 frigor\u00edas a las escuelas Abraham Ju\u00e1rez, M\u00e1rmol y Arturo M. [&hellip;]<\/p>\n","protected":false},"author":4,"featured_media":104411,"comment_status":"open","ping_status":"open","sticky":false,"template":"","format":"standard","meta":{"site-sidebar-layout":"default","site-content-layout":"","ast-site-content-layout":"default","site-content-style":"default","site-sidebar-style":"default","ast-global-header-display":"","ast-banner-title-visibility":"","ast-main-header-display":"","ast-hfb-above-header-display":"","ast-hfb-below-header-display":"","ast-hfb-mobile-header-display":"","site-post-title":"","ast-breadcrumbs-content":"","ast-featured-img":"","footer-sml-layout":"","ast-disable-related-posts":"","theme-transparent-header-meta":"","adv-header-id-meta":"","stick-header-meta":"","header-above-stick-meta":"","header-main-stick-meta":"","header-below-stick-meta":"","astra-migrate-meta-layouts":"set","ast-page-background-enabled":"default","ast-page-background-meta":{"desktop":{"background-color":"","background-image":"","background-repeat":"repeat","background-position":"center center","background-size":"auto","background-attachment":"scroll","background-type":"","background-media":"","overlay-type":"","overlay-color":"","overlay-opacity":"","overlay-gradient":""},"tablet":{"background-color":"","background-image":"","background-repeat":"repeat","background-position":"center center","background-size":"auto","background-attachment":"scroll","background-type":"","background-media":"","overlay-type":"","overlay-color":"","overlay-opacity":"","overlay-gradient":""},"mobile":{"background-color":"","background-image":"","background-repeat":"repeat","background-position":"center center","background-size":"auto","background-attachment":"scroll","background-type":"","background-media":"","overlay-type":"","overlay-color":"","overlay-opacity":"","overlay-gradient":""}},"ast-content-background-meta":{"desktop":{"background-color":"var(--ast-global-color-5)","background-image":"","background-repeat":"repeat","background-position":"center center","background-size":"auto","background-attachment":"scroll","background-type":"","background-media":"","overlay-type":"","overlay-color":"","overlay-opacity":"","overlay-gradient":""},"tablet":{"background-color":"var(--ast-global-color-5)","background-image":"","background-repeat":"repeat","background-position":"center center","background-size":"auto","background-attachment":"scroll","background-type":"","background-media":"","overlay-type":"","overlay-color":"","overlay-opacity":"","overlay-gradient":""},"mobile":{"background-color":"var(--ast-global-color-5)","background-image":"","background-repeat":"repeat","background-position":"center center","background-size":"auto","background-attachment":"scroll","background-type":"","background-media":"","overlay-type":"","overlay-color":"","overlay-opacity":"","overlay-gradient":""}},"_jetpack_memberships_contains_paid_content":false,"_joinchat":[],"footnotes":""},"categories":[15302,5,2],"tags":[],"class_list":["post-104410","post","type-post","status-publish","format-standard","has-post-thumbnail","hentry","category-destacado","category-sociedad","category-villa-maria"],"yoast_head":"<!-- This site is optimized with the Yoast SEO plugin v26.8 - https:\/\/yoast.com\/product\/yoast-seo-wordpress\/ -->\n<title>Entregaron equipos de aire acondiconados a tres coolegios de la ciudad - El Regional<\/title>\n<meta name=\"robots\" content=\"index, follow, max-snippet:-1, max-image-preview:large, max-video-preview:-1\" \/>\n<link rel=\"canonical\" href=\"https:\/\/elregionalvm.com.ar\/noticias-villa-maria\/entregaron-equipos-de-aire-acondiconados-a-tres-coolegios-de-la-ciudad\/\" \/>\n<meta property=\"og:locale\" content=\"es_ES\" \/>\n<meta property=\"og:type\" content=\"article\" \/>\n<meta property=\"og:title\" content=\"Entregaron equipos de aire acondiconados a tres coolegios de la ciudad - El Regional\" \/>\n<meta property=\"og:description\" content=\"Son 15 aires acondicionados fr\u00edo-calor que ser\u00e1n instalados en tres escuelas locales, complementando importantes obras de infraestructura ya en marcha Esta ma\u00f1ana, el intendente Eduardo Accastello y la secretaria de Educaci\u00f3n Adela Guirardelli, encabezaron la entrega de 15 equipos de aire acondicionado fr\u00edo-calor de 5.000 frigor\u00edas a las escuelas Abraham Ju\u00e1rez, M\u00e1rmol y Arturo M. [&hellip;]\" \/>\n<meta property=\"og:url\" content=\"https:\/\/elregionalvm.com.ar\/noticias-villa-maria\/entregaron-equipos-de-aire-acondiconados-a-tres-coolegios-de-la-ciudad\/\" \/>\n<meta property=\"og:site_name\" content=\"El Regional\" \/>\n<meta property=\"article:publisher\" content=\"https:\/\/www.facebook.com\/elregionalvm\" \/>\n<meta property=\"article:published_time\" content=\"2025-03-21T16:02:53+00:00\" \/>\n<meta property=\"article:modified_time\" content=\"2025-03-21T16:02:55+00:00\" \/>\n<meta property=\"og:image\" content=\"https:\/\/elregionalvm.com.ar\/noticias-villa-maria\/wp-content\/uploads\/2025\/03\/WhatsApp-Image-2025-03-21-at-12.26.13-PM-1-scaled.jpeg\" \/>\n\t<meta property=\"og:image:width\" content=\"2560\" \/>\n\t<meta property=\"og:image:height\" content=\"1548\" \/>\n\t<meta property=\"og:image:type\" content=\"image\/jpeg\" \/>\n<meta name=\"author\" content=\"Contenidos El Regional\" \/>\n<meta name=\"twitter:card\" content=\"summary_large_image\" \/>\n<meta name=\"twitter:creator\" content=\"@elregionalvm1\" \/>\n<meta name=\"twitter:site\" content=\"@elregionalvm1\" \/>\n<meta name=\"twitter:label1\" content=\"Escrito por\" \/>\n\t<meta name=\"twitter:data1\" content=\"Contenidos El Regional\" \/>\n\t<meta name=\"twitter:label2\" content=\"Tiempo de lectura\" \/>\n\t<meta name=\"twitter:data2\" content=\"3 minutos\" \/>\n<script type=\"application\/ld+json\" class=\"yoast-schema-graph\">{\"@context\":\"https:\/\/schema.org\",\"@graph\":[{\"@type\":\"Article\",\"@id\":\"https:\/\/elregionalvm.com.ar\/noticias-villa-maria\/entregaron-equipos-de-aire-acondiconados-a-tres-coolegios-de-la-ciudad\/#article\",\"isPartOf\":{\"@id\":\"https:\/\/elregionalvm.com.ar\/noticias-villa-maria\/entregaron-equipos-de-aire-acondiconados-a-tres-coolegios-de-la-ciudad\/\"},\"author\":{\"name\":\"Contenidos El Regional\",\"@id\":\"http:\/\/elregionalvm.com.ar\/noticias-villa-maria\/#\/schema\/person\/a0fb9c422317faca23d50163151bc354\"},\"headline\":\"Entregaron equipos de aire acondiconados a tres coolegios de la ciudad\",\"datePublished\":\"2025-03-21T16:02:53+00:00\",\"dateModified\":\"2025-03-21T16:02:55+00:00\",\"mainEntityOfPage\":{\"@id\":\"https:\/\/elregionalvm.com.ar\/noticias-villa-maria\/entregaron-equipos-de-aire-acondiconados-a-tres-coolegios-de-la-ciudad\/\"},\"wordCount\":530,\"commentCount\":0,\"image\":{\"@id\":\"https:\/\/elregionalvm.com.ar\/noticias-villa-maria\/entregaron-equipos-de-aire-acondiconados-a-tres-coolegios-de-la-ciudad\/#primaryimage\"},\"thumbnailUrl\":\"https:\/\/i0.wp.com\/elregionalvm.com.ar\/noticias-villa-maria\/wp-content\/uploads\/2025\/03\/WhatsApp-Image-2025-03-21-at-12.26.13-PM-1-scaled.jpeg?fit=2560%2C1548&ssl=1\",\"articleSection\":[\"destacado\",\"Sociedad\",\"Villa Mar\u00eda\"],\"inLanguage\":\"es\",\"potentialAction\":[{\"@type\":\"CommentAction\",\"name\":\"Comment\",\"target\":[\"https:\/\/elregionalvm.com.ar\/noticias-villa-maria\/entregaron-equipos-de-aire-acondiconados-a-tres-coolegios-de-la-ciudad\/#respond\"]}]},{\"@type\":\"WebPage\",\"@id\":\"https:\/\/elregionalvm.com.ar\/noticias-villa-maria\/entregaron-equipos-de-aire-acondiconados-a-tres-coolegios-de-la-ciudad\/\",\"url\":\"https:\/\/elregionalvm.com.ar\/noticias-villa-maria\/entregaron-equipos-de-aire-acondiconados-a-tres-coolegios-de-la-ciudad\/\",\"name\":\"Entregaron equipos de aire acondiconados a tres coolegios de la ciudad - El Regional\",\"isPartOf\":{\"@id\":\"http:\/\/elregionalvm.com.ar\/noticias-villa-maria\/#website\"},\"primaryImageOfPage\":{\"@id\":\"https:\/\/elregionalvm.com.ar\/noticias-villa-maria\/entregaron-equipos-de-aire-acondiconados-a-tres-coolegios-de-la-ciudad\/#primaryimage\"},\"image\":{\"@id\":\"https:\/\/elregionalvm.com.ar\/noticias-villa-maria\/entregaron-equipos-de-aire-acondiconados-a-tres-coolegios-de-la-ciudad\/#primaryimage\"},\"thumbnailUrl\":\"https:\/\/i0.wp.com\/elregionalvm.com.ar\/noticias-villa-maria\/wp-content\/uploads\/2025\/03\/WhatsApp-Image-2025-03-21-at-12.26.13-PM-1-scaled.jpeg?fit=2560%2C1548&ssl=1\",\"datePublished\":\"2025-03-21T16:02:53+00:00\",\"dateModified\":\"2025-03-21T16:02:55+00:00\",\"author\":{\"@id\":\"http:\/\/elregionalvm.com.ar\/noticias-villa-maria\/#\/schema\/person\/a0fb9c422317faca23d50163151bc354\"},\"breadcrumb\":{\"@id\":\"https:\/\/elregionalvm.com.ar\/noticias-villa-maria\/entregaron-equipos-de-aire-acondiconados-a-tres-coolegios-de-la-ciudad\/#breadcrumb\"},\"inLanguage\":\"es\",\"potentialAction\":[{\"@type\":\"ReadAction\",\"target\":[\"https:\/\/elregionalvm.com.ar\/noticias-villa-maria\/entregaron-equipos-de-aire-acondiconados-a-tres-coolegios-de-la-ciudad\/\"]}]},{\"@type\":\"ImageObject\",\"inLanguage\":\"es\",\"@id\":\"https:\/\/elregionalvm.com.ar\/noticias-villa-maria\/entregaron-equipos-de-aire-acondiconados-a-tres-coolegios-de-la-ciudad\/#primaryimage\",\"url\":\"https:\/\/i0.wp.com\/elregionalvm.com.ar\/noticias-villa-maria\/wp-content\/uploads\/2025\/03\/WhatsApp-Image-2025-03-21-at-12.26.13-PM-1-scaled.jpeg?fit=2560%2C1548&ssl=1\",\"contentUrl\":\"https:\/\/i0.wp.com\/elregionalvm.com.ar\/noticias-villa-maria\/wp-content\/uploads\/2025\/03\/WhatsApp-Image-2025-03-21-at-12.26.13-PM-1-scaled.jpeg?fit=2560%2C1548&ssl=1\",\"width\":2560,\"height\":1548},{\"@type\":\"BreadcrumbList\",\"@id\":\"https:\/\/elregionalvm.com.ar\/noticias-villa-maria\/entregaron-equipos-de-aire-acondiconados-a-tres-coolegios-de-la-ciudad\/#breadcrumb\",\"itemListElement\":[{\"@type\":\"ListItem\",\"position\":1,\"name\":\"Portada\",\"item\":\"https:\/\/elregionalvm.com.ar\/noticias-villa-maria\/\"},{\"@type\":\"ListItem\",\"position\":2,\"name\":\"Entregaron equipos de aire acondiconados a tres coolegios de la ciudad\"}]},{\"@type\":\"WebSite\",\"@id\":\"http:\/\/elregionalvm.com.ar\/noticias-villa-maria\/#website\",\"url\":\"http:\/\/elregionalvm.com.ar\/noticias-villa-maria\/\",\"name\":\"El Regional\",\"description\":\"Mucho m\u00e1s que informaci\u00f3n\",\"potentialAction\":[{\"@type\":\"SearchAction\",\"target\":{\"@type\":\"EntryPoint\",\"urlTemplate\":\"http:\/\/elregionalvm.com.ar\/noticias-villa-maria\/?s={search_term_string}\"},\"query-input\":{\"@type\":\"PropertyValueSpecification\",\"valueRequired\":true,\"valueName\":\"search_term_string\"}}],\"inLanguage\":\"es\"},{\"@type\":\"Person\",\"@id\":\"http:\/\/elregionalvm.com.ar\/noticias-villa-maria\/#\/schema\/person\/a0fb9c422317faca23d50163151bc354\",\"name\":\"Contenidos El Regional\",\"image\":{\"@type\":\"ImageObject\",\"inLanguage\":\"es\",\"@id\":\"http:\/\/elregionalvm.com.ar\/noticias-villa-maria\/#\/schema\/person\/image\/\",\"url\":\"https:\/\/secure.gravatar.com\/avatar\/265b27cb2209af7bb3a1318f03305787d7981a5cc6e6cd08fe5a4ecdf99d4b48?s=96&d=mm&r=g\",\"contentUrl\":\"https:\/\/secure.gravatar.com\/avatar\/265b27cb2209af7bb3a1318f03305787d7981a5cc6e6cd08fe5a4ecdf99d4b48?s=96&d=mm&r=g\",\"caption\":\"Contenidos El Regional\"},\"url\":\"https:\/\/elregionalvm.com.ar\/noticias-villa-maria\/author\/contenido\/\"}]}<\/script>\n<!-- \/ Yoast SEO plugin. -->","yoast_head_json":{"title":"Entregaron equipos de aire acondiconados a tres coolegios de la ciudad - El Regional","robots":{"index":"index","follow":"follow","max-snippet":"max-snippet:-1","max-image-preview":"max-image-preview:large","max-video-preview":"max-video-preview:-1"},"canonical":"https:\/\/elregionalvm.com.ar\/noticias-villa-maria\/entregaron-equipos-de-aire-acondiconados-a-tres-coolegios-de-la-ciudad\/","og_locale":"es_ES","og_type":"article","og_title":"Entregaron equipos de aire acondiconados a tres coolegios de la ciudad - El Regional","og_description":"Son 15 aires acondicionados fr\u00edo-calor que ser\u00e1n instalados en tres escuelas locales, complementando importantes obras de infraestructura ya en marcha Esta ma\u00f1ana, el intendente Eduardo Accastello y la secretaria de Educaci\u00f3n Adela Guirardelli, encabezaron la entrega de 15 equipos de aire acondicionado fr\u00edo-calor de 5.000 frigor\u00edas a las escuelas Abraham Ju\u00e1rez, M\u00e1rmol y Arturo M. [&hellip;]","og_url":"https:\/\/elregionalvm.com.ar\/noticias-villa-maria\/entregaron-equipos-de-aire-acondiconados-a-tres-coolegios-de-la-ciudad\/","og_site_name":"El Regional","article_publisher":"https:\/\/www.facebook.com\/elregionalvm","article_published_time":"2025-03-21T16:02:53+00:00","article_modified_time":"2025-03-21T16:02:55+00:00","og_image":[{"width":2560,"height":1548,"url":"https:\/\/elregionalvm.com.ar\/noticias-villa-maria\/wp-content\/uploads\/2025\/03\/WhatsApp-Image-2025-03-21-at-12.26.13-PM-1-scaled.jpeg","type":"image\/jpeg"}],"author":"Contenidos El Regional","twitter_card":"summary_large_image","twitter_creator":"@elregionalvm1","twitter_site":"@elregionalvm1","twitter_misc":{"Escrito por":"Contenidos El Regional","Tiempo de lectura":"3 minutos"},"schema":{"@context":"https:\/\/schema.org","@graph":[{"@type":"Article","@id":"https:\/\/elregionalvm.com.ar\/noticias-villa-maria\/entregaron-equipos-de-aire-acondiconados-a-tres-coolegios-de-la-ciudad\/#article","isPartOf":{"@id":"https:\/\/elregionalvm.com.ar\/noticias-villa-maria\/entregaron-equipos-de-aire-acondiconados-a-tres-coolegios-de-la-ciudad\/"},"author":{"name":"Contenidos El Regional","@id":"http:\/\/elregionalvm.com.ar\/noticias-villa-maria\/#\/schema\/person\/a0fb9c422317faca23d50163151bc354"},"headline":"Entregaron equipos de aire acondiconados a tres coolegios de la ciudad","datePublished":"2025-03-21T16:02:53+00:00","dateModified":"2025-03-21T16:02:55+00:00","mainEntityOfPage":{"@id":"https:\/\/elregionalvm.com.ar\/noticias-villa-maria\/entregaron-equipos-de-aire-acondiconados-a-tres-coolegios-de-la-ciudad\/"},"wordCount":530,"commentCount":0,"image":{"@id":"https:\/\/elregionalvm.com.ar\/noticias-villa-maria\/entregaron-equipos-de-aire-acondiconados-a-tres-coolegios-de-la-ciudad\/#primaryimage"},"thumbnailUrl":"https:\/\/i0.wp.com\/elregionalvm.com.ar\/noticias-villa-maria\/wp-content\/uploads\/2025\/03\/WhatsApp-Image-2025-03-21-at-12.26.13-PM-1-scaled.jpeg?fit=2560%2C1548&ssl=1","articleSection":["destacado","Sociedad","Villa Mar\u00eda"],"inLanguage":"es","potentialAction":[{"@type":"CommentAction","name":"Comment","target":["https:\/\/elregionalvm.com.ar\/noticias-villa-maria\/entregaron-equipos-de-aire-acondiconados-a-tres-coolegios-de-la-ciudad\/#respond"]}]},{"@type":"WebPage","@id":"https:\/\/elregionalvm.com.ar\/noticias-villa-maria\/entregaron-equipos-de-aire-acondiconados-a-tres-coolegios-de-la-ciudad\/","url":"https:\/\/elregionalvm.com.ar\/noticias-villa-maria\/entregaron-equipos-de-aire-acondiconados-a-tres-coolegios-de-la-ciudad\/","name":"Entregaron equipos de aire acondiconados a tres coolegios de la ciudad - El Regional","isPartOf":{"@id":"http:\/\/elregionalvm.com.ar\/noticias-villa-maria\/#website"},"primaryImageOfPage":{"@id":"https:\/\/elregionalvm.com.ar\/noticias-villa-maria\/entregaron-equipos-de-aire-acondiconados-a-tres-coolegios-de-la-ciudad\/#primaryimage"},"image":{"@id":"https:\/\/elregionalvm.com.ar\/noticias-villa-maria\/entregaron-equipos-de-aire-acondiconados-a-tres-coolegios-de-la-ciudad\/#primaryimage"},"thumbnailUrl":"https:\/\/i0.wp.com\/elregionalvm.com.ar\/noticias-villa-maria\/wp-content\/uploads\/2025\/03\/WhatsApp-Image-2025-03-21-at-12.26.13-PM-1-scaled.jpeg?fit=2560%2C1548&ssl=1","datePublished":"2025-03-21T16:02:53+00:00","dateModified":"2025-03-21T16:02:55+00:00","author":{"@id":"http:\/\/elregionalvm.com.ar\/noticias-villa-maria\/#\/schema\/person\/a0fb9c422317faca23d50163151bc354"},"breadcrumb":{"@id":"https:\/\/elregionalvm.com.ar\/noticias-villa-maria\/entregaron-equipos-de-aire-acondiconados-a-tres-coolegios-de-la-ciudad\/#breadcrumb"},"inLanguage":"es","potentialAction":[{"@type":"ReadAction","target":["https:\/\/elregionalvm.com.ar\/noticias-villa-maria\/entregaron-equipos-de-aire-acondiconados-a-tres-coolegios-de-la-ciudad\/"]}]},{"@type":"ImageObject","inLanguage":"es","@id":"https:\/\/elregionalvm.com.ar\/noticias-villa-maria\/entregaron-equipos-de-aire-acondiconados-a-tres-coolegios-de-la-ciudad\/#primaryimage","url":"https:\/\/i0.wp.com\/elregionalvm.com.ar\/noticias-villa-maria\/wp-content\/uploads\/2025\/03\/WhatsApp-Image-2025-03-21-at-12.26.13-PM-1-scaled.jpeg?fit=2560%2C1548&ssl=1","contentUrl":"https:\/\/i0.wp.com\/elregionalvm.com.ar\/noticias-villa-maria\/wp-content\/uploads\/2025\/03\/WhatsApp-Image-2025-03-21-at-12.26.13-PM-1-scaled.jpeg?fit=2560%2C1548&ssl=1","width":2560,"height":1548},{"@type":"BreadcrumbList","@id":"https:\/\/elregionalvm.com.ar\/noticias-villa-maria\/entregaron-equipos-de-aire-acondiconados-a-tres-coolegios-de-la-ciudad\/#breadcrumb","itemListElement":[{"@type":"ListItem","position":1,"name":"Portada","item":"https:\/\/elregionalvm.com.ar\/noticias-villa-maria\/"},{"@type":"ListItem","position":2,"name":"Entregaron equipos de aire acondiconados a tres coolegios de la ciudad"}]},{"@type":"WebSite","@id":"http:\/\/elregionalvm.com.ar\/noticias-villa-maria\/#website","url":"http:\/\/elregionalvm.com.ar\/noticias-villa-maria\/","name":"El Regional","description":"Mucho m\u00e1s que informaci\u00f3n","potentialAction":[{"@type":"SearchAction","target":{"@type":"EntryPoint","urlTemplate":"http:\/\/elregionalvm.com.ar\/noticias-villa-maria\/?s={search_term_string}"},"query-input":{"@type":"PropertyValueSpecification","valueRequired":true,"valueName":"search_term_string"}}],"inLanguage":"es"},{"@type":"Person","@id":"http:\/\/elregionalvm.com.ar\/noticias-villa-maria\/#\/schema\/person\/a0fb9c422317faca23d50163151bc354","name":"Contenidos El Regional","image":{"@type":"ImageObject","inLanguage":"es","@id":"http:\/\/elregionalvm.com.ar\/noticias-villa-maria\/#\/schema\/person\/image\/","url":"https:\/\/secure.gravatar.com\/avatar\/265b27cb2209af7bb3a1318f03305787d7981a5cc6e6cd08fe5a4ecdf99d4b48?s=96&d=mm&r=g","contentUrl":"https:\/\/secure.gravatar.com\/avatar\/265b27cb2209af7bb3a1318f03305787d7981a5cc6e6cd08fe5a4ecdf99d4b48?s=96&d=mm&r=g","caption":"Contenidos El Regional"},"url":"https:\/\/elregionalvm.com.ar\/noticias-villa-maria\/author\/contenido\/"}]}},"jetpack_featured_media_url":"https:\/\/i0.wp.com\/elregionalvm.com.ar\/noticias-villa-maria\/wp-content\/uploads\/2025\/03\/WhatsApp-Image-2025-03-21-at-12.26.13-PM-1-scaled.jpeg?fit=2560%2C1548&ssl=1","jetpack_sharing_enabled":true,"_links":{"self":[{"href":"https:\/\/elregionalvm.com.ar\/noticias-villa-maria\/wp-json\/wp\/v2\/posts\/104410","targetHints":{"allow":["GET"]}}],"collection":[{"href":"https:\/\/elregionalvm.com.ar\/noticias-villa-maria\/wp-json\/wp\/v2\/posts"}],"about":[{"href":"https:\/\/elregionalvm.com.ar\/noticias-villa-maria\/wp-json\/wp\/v2\/types\/post"}],"author":[{"embeddable":true,"href":"https:\/\/elregionalvm.com.ar\/noticias-villa-maria\/wp-json\/wp\/v2\/users\/4"}],"replies":[{"embeddable":true,"href":"https:\/\/elregionalvm.com.ar\/noticias-villa-maria\/wp-json\/wp\/v2\/comments?post=104410"}],"version-history":[{"count":1,"href":"https:\/\/elregionalvm.com.ar\/noticias-villa-maria\/wp-json\/wp\/v2\/posts\/104410\/revisions"}],"predecessor-version":[{"id":104414,"href":"https:\/\/elregionalvm.com.ar\/noticias-villa-maria\/wp-json\/wp\/v2\/posts\/104410\/revisions\/104414"}],"wp:featuredmedia":[{"embeddable":true,"href":"https:\/\/elregionalvm.com.ar\/noticias-villa-maria\/wp-json\/wp\/v2\/media\/104411"}],"wp:attachment":[{"href":"https:\/\/elregionalvm.com.ar\/noticias-villa-maria\/wp-json\/wp\/v2\/media?parent=104410"}],"wp:term":[{"taxonomy":"category","embeddable":true,"href":"https:\/\/elregionalvm.com.ar\/noticias-villa-maria\/wp-json\/wp\/v2\/categories?post=104410"},{"taxonomy":"post_tag","embeddable":true,"href":"https:\/\/elregionalvm.com.ar\/noticias-villa-maria\/wp-json\/wp\/v2\/tags?post=104410"}],"curies":[{"name":"wp","href":"https:\/\/api.w.org\/{rel}","templated":true}]}}