{"id":104866,"date":"2025-04-06T00:44:02","date_gmt":"2025-04-06T00:44:02","guid":{"rendered":"https:\/\/elregionalvm.com.ar\/noticias-villa-maria\/?p=104866"},"modified":"2025-04-06T00:44:03","modified_gmt":"2025-04-06T00:44:03","slug":"tras-4-dias-de-busqueda-intensa-hallaron-sin-vida-al-hombre-de-69-anos-oriundo-de-villa-nueva-en-el-rio-ctalamuchita","status":"publish","type":"post","link":"https:\/\/elregionalvm.com.ar\/noticias-villa-maria\/tras-4-dias-de-busqueda-intensa-hallaron-sin-vida-al-hombre-de-69-anos-oriundo-de-villa-nueva-en-el-rio-ctalamuchita\/","title":{"rendered":"Tras 4 d\u00edas de b\u00fasqueda intensa, hallaron sin vida al hombre de 69 a\u00f1os oriundo de Villa Nueva en el R\u00edo Ctalamuchita"},"content":{"rendered":"\n<p>En el d\u00eda de ayer, en horario de la tarde, aproximadamente a las 17:00 hs., y luego de cuatro intensas jornadas de b\u00fasqueda y rastrillaje sobre distintos puntos de la ciudad de Villa Nueva y el Rio Ctalamuchita, se logr\u00f3 el hallazgo del cuerpo sin vida del Sr. Reinaldo Palermo, alias \u201cTorito\u201d.<\/p>\n\n\n\n<p>Quien se encontraba sobre el cauce del rio, a unos 300 metros del punto 0 (ingreso al Barrio \u201cLa Reserva\u201d), sobre el margen norte del Rio Ctalamuchita del lado de Villa Mar\u00eda. <\/p>\n\n\n\n<p>El hallazgo se produjo gracias al denodado trabajo Inter fuerzas, bajo las directivas del Sr. Fiscal de Instrucci\u00f3n Rene BOSIO, sus secretarios Dra. Soledad PEPINO y el Dr. Pedro DIANA, que incluy\u00f3 a personal de la Departamental General San Mart\u00edn bajo las \u00f3rdenes del Comisario Mayor Roque Carabajal y el Comisario Juan Gatica, personal de Bomberos Voluntarios de Villa Nueva a cargo del Jefe Claudio Bertholet, Divisi\u00f3n Canes de la polic\u00eda de C\u00f3rdoba, D.U.A.R., Guardia Local de la Ciudad de Villa Nueva, personal de caballeriza de la polic\u00eda, Personal de la Divisi\u00f3n Investigaciones a cargo del Comisario Ezequiel Lozano, Personal de la DIO de Polic\u00eda Judicial.<\/p>\n\n\n\n<p>Quienes realizaron un amplio rastrillaje tanto por tierra como por aire (con la utilizaci\u00f3n de equipos con drones) y agua (donde se utilizaron canoas tipo kayak por personal especializado de bomberos y D.U.A.R.), arrojando finalmente resultado con el hallazgo del cuerpo sin vida de PALERMO.<\/p>\n\n\n\n<p>Finalmente, se agradece la colaboraci\u00f3n de todo el personal que intervino en el amplio operativo, como as\u00ed tambi\u00e9n a la Municipalidad de Villa Nueva en la asistencia al personal actuante.<\/p>\n","protected":false},"excerpt":{"rendered":"<p>En el d\u00eda de ayer, en horario de la tarde, aproximadamente a las 17:00 hs., y luego de cuatro intensas jornadas de b\u00fasqueda y rastrillaje sobre distintos puntos de la ciudad de Villa Nueva y el Rio Ctalamuchita, se logr\u00f3 el hallazgo del cuerpo sin vida del Sr. Reinaldo Palermo, alias \u201cTorito\u201d. Quien se encontraba [&hellip;]<\/p>\n","protected":false},"author":4,"featured_media":104867,"comment_status":"open","ping_status":"open","sticky":false,"template":"","format":"standard","meta":{"site-sidebar-layout":"default","site-content-layout":"","ast-site-content-layout":"default","site-content-style":"default","site-sidebar-style":"default","ast-global-header-display":"","ast-banner-title-visibility":"","ast-main-header-display":"","ast-hfb-above-header-display":"","ast-hfb-below-header-display":"","ast-hfb-mobile-header-display":"","site-post-title":"","ast-breadcrumbs-content":"","ast-featured-img":"","footer-sml-layout":"","ast-disable-related-posts":"","theme-transparent-header-meta":"","adv-header-id-meta":"","stick-header-meta":"","header-above-stick-meta":"","header-main-stick-meta":"","header-below-stick-meta":"","astra-migrate-meta-layouts":"set","ast-page-background-enabled":"default","ast-page-background-meta":{"desktop":{"background-color":"","background-image":"","background-repeat":"repeat","background-position":"center center","background-size":"auto","background-attachment":"scroll","background-type":"","background-media":"","overlay-type":"","overlay-color":"","overlay-opacity":"","overlay-gradient":""},"tablet":{"background-color":"","background-image":"","background-repeat":"repeat","background-position":"center center","background-size":"auto","background-attachment":"scroll","background-type":"","background-media":"","overlay-type":"","overlay-color":"","overlay-opacity":"","overlay-gradient":""},"mobile":{"background-color":"","background-image":"","background-repeat":"repeat","background-position":"center center","background-size":"auto","background-attachment":"scroll","background-type":"","background-media":"","overlay-type":"","overlay-color":"","overlay-opacity":"","overlay-gradient":""}},"ast-content-background-meta":{"desktop":{"background-color":"var(--ast-global-color-5)","background-image":"","background-repeat":"repeat","background-position":"center center","background-size":"auto","background-attachment":"scroll","background-type":"","background-media":"","overlay-type":"","overlay-color":"","overlay-opacity":"","overlay-gradient":""},"tablet":{"background-color":"var(--ast-global-color-5)","background-image":"","background-repeat":"repeat","background-position":"center center","background-size":"auto","background-attachment":"scroll","background-type":"","background-media":"","overlay-type":"","overlay-color":"","overlay-opacity":"","overlay-gradient":""},"mobile":{"background-color":"var(--ast-global-color-5)","background-image":"","background-repeat":"repeat","background-position":"center center","background-size":"auto","background-attachment":"scroll","background-type":"","background-media":"","overlay-type":"","overlay-color":"","overlay-opacity":"","overlay-gradient":""}},"_jetpack_memberships_contains_paid_content":false,"_joinchat":[],"footnotes":""},"categories":[15302,2234,5,2,1408],"tags":[],"class_list":["post-104866","post","type-post","status-publish","format-standard","has-post-thumbnail","hentry","category-destacado","category-policiales","category-sociedad","category-villa-maria","category-villa-nueva"],"yoast_head":"<!-- This site is optimized with the Yoast SEO plugin v26.8 - https:\/\/yoast.com\/product\/yoast-seo-wordpress\/ -->\n<title>Tras 4 d\u00edas de b\u00fasqueda intensa, hallaron sin vida al hombre de 69 a\u00f1os oriundo de Villa Nueva en el R\u00edo Ctalamuchita - El Regional<\/title>\n<meta name=\"robots\" content=\"index, follow, max-snippet:-1, max-image-preview:large, max-video-preview:-1\" \/>\n<link rel=\"canonical\" href=\"https:\/\/elregionalvm.com.ar\/noticias-villa-maria\/tras-4-dias-de-busqueda-intensa-hallaron-sin-vida-al-hombre-de-69-anos-oriundo-de-villa-nueva-en-el-rio-ctalamuchita\/\" \/>\n<meta property=\"og:locale\" content=\"es_ES\" \/>\n<meta property=\"og:type\" content=\"article\" \/>\n<meta property=\"og:title\" content=\"Tras 4 d\u00edas de b\u00fasqueda intensa, hallaron sin vida al hombre de 69 a\u00f1os oriundo de Villa Nueva en el R\u00edo Ctalamuchita - El Regional\" \/>\n<meta property=\"og:description\" content=\"En el d\u00eda de ayer, en horario de la tarde, aproximadamente a las 17:00 hs., y luego de cuatro intensas jornadas de b\u00fasqueda y rastrillaje sobre distintos puntos de la ciudad de Villa Nueva y el Rio Ctalamuchita, se logr\u00f3 el hallazgo del cuerpo sin vida del Sr. Reinaldo Palermo, alias \u201cTorito\u201d. Quien se encontraba [&hellip;]\" \/>\n<meta property=\"og:url\" content=\"https:\/\/elregionalvm.com.ar\/noticias-villa-maria\/tras-4-dias-de-busqueda-intensa-hallaron-sin-vida-al-hombre-de-69-anos-oriundo-de-villa-nueva-en-el-rio-ctalamuchita\/\" \/>\n<meta property=\"og:site_name\" content=\"El Regional\" \/>\n<meta property=\"article:publisher\" content=\"https:\/\/www.facebook.com\/elregionalvm\" \/>\n<meta property=\"article:published_time\" content=\"2025-04-06T00:44:02+00:00\" \/>\n<meta property=\"article:modified_time\" content=\"2025-04-06T00:44:03+00:00\" \/>\n<meta property=\"og:image\" content=\"https:\/\/elregionalvm.com.ar\/noticias-villa-maria\/wp-content\/uploads\/2025\/04\/efeb02da-0f7a-47f8-b3b4-2f805bbfcd93.jpg\" \/>\n\t<meta property=\"og:image:width\" content=\"960\" \/>\n\t<meta property=\"og:image:height\" content=\"1280\" \/>\n\t<meta property=\"og:image:type\" content=\"image\/jpeg\" \/>\n<meta name=\"author\" content=\"Contenidos El Regional\" \/>\n<meta name=\"twitter:card\" content=\"summary_large_image\" \/>\n<meta name=\"twitter:creator\" content=\"@elregionalvm1\" \/>\n<meta name=\"twitter:site\" content=\"@elregionalvm1\" \/>\n<meta name=\"twitter:label1\" content=\"Escrito por\" \/>\n\t<meta name=\"twitter:data1\" content=\"Contenidos El Regional\" \/>\n\t<meta name=\"twitter:label2\" content=\"Tiempo de lectura\" \/>\n\t<meta name=\"twitter:data2\" content=\"2 minutos\" \/>\n<script type=\"application\/ld+json\" class=\"yoast-schema-graph\">{\"@context\":\"https:\/\/schema.org\",\"@graph\":[{\"@type\":\"Article\",\"@id\":\"https:\/\/elregionalvm.com.ar\/noticias-villa-maria\/tras-4-dias-de-busqueda-intensa-hallaron-sin-vida-al-hombre-de-69-anos-oriundo-de-villa-nueva-en-el-rio-ctalamuchita\/#article\",\"isPartOf\":{\"@id\":\"https:\/\/elregionalvm.com.ar\/noticias-villa-maria\/tras-4-dias-de-busqueda-intensa-hallaron-sin-vida-al-hombre-de-69-anos-oriundo-de-villa-nueva-en-el-rio-ctalamuchita\/\"},\"author\":{\"name\":\"Contenidos El Regional\",\"@id\":\"http:\/\/elregionalvm.com.ar\/noticias-villa-maria\/#\/schema\/person\/a0fb9c422317faca23d50163151bc354\"},\"headline\":\"Tras 4 d\u00edas de b\u00fasqueda intensa, hallaron sin vida al hombre de 69 a\u00f1os oriundo de Villa Nueva en el R\u00edo Ctalamuchita\",\"datePublished\":\"2025-04-06T00:44:02+00:00\",\"dateModified\":\"2025-04-06T00:44:03+00:00\",\"mainEntityOfPage\":{\"@id\":\"https:\/\/elregionalvm.com.ar\/noticias-villa-maria\/tras-4-dias-de-busqueda-intensa-hallaron-sin-vida-al-hombre-de-69-anos-oriundo-de-villa-nueva-en-el-rio-ctalamuchita\/\"},\"wordCount\":306,\"commentCount\":0,\"image\":{\"@id\":\"https:\/\/elregionalvm.com.ar\/noticias-villa-maria\/tras-4-dias-de-busqueda-intensa-hallaron-sin-vida-al-hombre-de-69-anos-oriundo-de-villa-nueva-en-el-rio-ctalamuchita\/#primaryimage\"},\"thumbnailUrl\":\"https:\/\/i0.wp.com\/elregionalvm.com.ar\/noticias-villa-maria\/wp-content\/uploads\/2025\/04\/efeb02da-0f7a-47f8-b3b4-2f805bbfcd93.jpg?fit=960%2C1280&ssl=1\",\"articleSection\":[\"destacado\",\"Policiales\",\"Sociedad\",\"Villa Mar\u00eda\",\"Villa Nueva\"],\"inLanguage\":\"es\",\"potentialAction\":[{\"@type\":\"CommentAction\",\"name\":\"Comment\",\"target\":[\"https:\/\/elregionalvm.com.ar\/noticias-villa-maria\/tras-4-dias-de-busqueda-intensa-hallaron-sin-vida-al-hombre-de-69-anos-oriundo-de-villa-nueva-en-el-rio-ctalamuchita\/#respond\"]}]},{\"@type\":\"WebPage\",\"@id\":\"https:\/\/elregionalvm.com.ar\/noticias-villa-maria\/tras-4-dias-de-busqueda-intensa-hallaron-sin-vida-al-hombre-de-69-anos-oriundo-de-villa-nueva-en-el-rio-ctalamuchita\/\",\"url\":\"https:\/\/elregionalvm.com.ar\/noticias-villa-maria\/tras-4-dias-de-busqueda-intensa-hallaron-sin-vida-al-hombre-de-69-anos-oriundo-de-villa-nueva-en-el-rio-ctalamuchita\/\",\"name\":\"Tras 4 d\u00edas de b\u00fasqueda intensa, hallaron sin vida al hombre de 69 a\u00f1os oriundo de Villa Nueva en el R\u00edo Ctalamuchita - El Regional\",\"isPartOf\":{\"@id\":\"http:\/\/elregionalvm.com.ar\/noticias-villa-maria\/#website\"},\"primaryImageOfPage\":{\"@id\":\"https:\/\/elregionalvm.com.ar\/noticias-villa-maria\/tras-4-dias-de-busqueda-intensa-hallaron-sin-vida-al-hombre-de-69-anos-oriundo-de-villa-nueva-en-el-rio-ctalamuchita\/#primaryimage\"},\"image\":{\"@id\":\"https:\/\/elregionalvm.com.ar\/noticias-villa-maria\/tras-4-dias-de-busqueda-intensa-hallaron-sin-vida-al-hombre-de-69-anos-oriundo-de-villa-nueva-en-el-rio-ctalamuchita\/#primaryimage\"},\"thumbnailUrl\":\"https:\/\/i0.wp.com\/elregionalvm.com.ar\/noticias-villa-maria\/wp-content\/uploads\/2025\/04\/efeb02da-0f7a-47f8-b3b4-2f805bbfcd93.jpg?fit=960%2C1280&ssl=1\",\"datePublished\":\"2025-04-06T00:44:02+00:00\",\"dateModified\":\"2025-04-06T00:44:03+00:00\",\"author\":{\"@id\":\"http:\/\/elregionalvm.com.ar\/noticias-villa-maria\/#\/schema\/person\/a0fb9c422317faca23d50163151bc354\"},\"breadcrumb\":{\"@id\":\"https:\/\/elregionalvm.com.ar\/noticias-villa-maria\/tras-4-dias-de-busqueda-intensa-hallaron-sin-vida-al-hombre-de-69-anos-oriundo-de-villa-nueva-en-el-rio-ctalamuchita\/#breadcrumb\"},\"inLanguage\":\"es\",\"potentialAction\":[{\"@type\":\"ReadAction\",\"target\":[\"https:\/\/elregionalvm.com.ar\/noticias-villa-maria\/tras-4-dias-de-busqueda-intensa-hallaron-sin-vida-al-hombre-de-69-anos-oriundo-de-villa-nueva-en-el-rio-ctalamuchita\/\"]}]},{\"@type\":\"ImageObject\",\"inLanguage\":\"es\",\"@id\":\"https:\/\/elregionalvm.com.ar\/noticias-villa-maria\/tras-4-dias-de-busqueda-intensa-hallaron-sin-vida-al-hombre-de-69-anos-oriundo-de-villa-nueva-en-el-rio-ctalamuchita\/#primaryimage\",\"url\":\"https:\/\/i0.wp.com\/elregionalvm.com.ar\/noticias-villa-maria\/wp-content\/uploads\/2025\/04\/efeb02da-0f7a-47f8-b3b4-2f805bbfcd93.jpg?fit=960%2C1280&ssl=1\",\"contentUrl\":\"https:\/\/i0.wp.com\/elregionalvm.com.ar\/noticias-villa-maria\/wp-content\/uploads\/2025\/04\/efeb02da-0f7a-47f8-b3b4-2f805bbfcd93.jpg?fit=960%2C1280&ssl=1\",\"width\":960,\"height\":1280},{\"@type\":\"BreadcrumbList\",\"@id\":\"https:\/\/elregionalvm.com.ar\/noticias-villa-maria\/tras-4-dias-de-busqueda-intensa-hallaron-sin-vida-al-hombre-de-69-anos-oriundo-de-villa-nueva-en-el-rio-ctalamuchita\/#breadcrumb\",\"itemListElement\":[{\"@type\":\"ListItem\",\"position\":1,\"name\":\"Portada\",\"item\":\"https:\/\/elregionalvm.com.ar\/noticias-villa-maria\/\"},{\"@type\":\"ListItem\",\"position\":2,\"name\":\"Tras 4 d\u00edas de b\u00fasqueda intensa, hallaron sin vida al hombre de 69 a\u00f1os oriundo de Villa Nueva en el R\u00edo Ctalamuchita\"}]},{\"@type\":\"WebSite\",\"@id\":\"http:\/\/elregionalvm.com.ar\/noticias-villa-maria\/#website\",\"url\":\"http:\/\/elregionalvm.com.ar\/noticias-villa-maria\/\",\"name\":\"El Regional\",\"description\":\"Mucho m\u00e1s que informaci\u00f3n\",\"potentialAction\":[{\"@type\":\"SearchAction\",\"target\":{\"@type\":\"EntryPoint\",\"urlTemplate\":\"http:\/\/elregionalvm.com.ar\/noticias-villa-maria\/?s={search_term_string}\"},\"query-input\":{\"@type\":\"PropertyValueSpecification\",\"valueRequired\":true,\"valueName\":\"search_term_string\"}}],\"inLanguage\":\"es\"},{\"@type\":\"Person\",\"@id\":\"http:\/\/elregionalvm.com.ar\/noticias-villa-maria\/#\/schema\/person\/a0fb9c422317faca23d50163151bc354\",\"name\":\"Contenidos El Regional\",\"image\":{\"@type\":\"ImageObject\",\"inLanguage\":\"es\",\"@id\":\"http:\/\/elregionalvm.com.ar\/noticias-villa-maria\/#\/schema\/person\/image\/\",\"url\":\"https:\/\/secure.gravatar.com\/avatar\/265b27cb2209af7bb3a1318f03305787d7981a5cc6e6cd08fe5a4ecdf99d4b48?s=96&d=mm&r=g\",\"contentUrl\":\"https:\/\/secure.gravatar.com\/avatar\/265b27cb2209af7bb3a1318f03305787d7981a5cc6e6cd08fe5a4ecdf99d4b48?s=96&d=mm&r=g\",\"caption\":\"Contenidos El Regional\"},\"url\":\"https:\/\/elregionalvm.com.ar\/noticias-villa-maria\/author\/contenido\/\"}]}<\/script>\n<!-- \/ Yoast SEO plugin. -->","yoast_head_json":{"title":"Tras 4 d\u00edas de b\u00fasqueda intensa, hallaron sin vida al hombre de 69 a\u00f1os oriundo de Villa Nueva en el R\u00edo Ctalamuchita - El Regional","robots":{"index":"index","follow":"follow","max-snippet":"max-snippet:-1","max-image-preview":"max-image-preview:large","max-video-preview":"max-video-preview:-1"},"canonical":"https:\/\/elregionalvm.com.ar\/noticias-villa-maria\/tras-4-dias-de-busqueda-intensa-hallaron-sin-vida-al-hombre-de-69-anos-oriundo-de-villa-nueva-en-el-rio-ctalamuchita\/","og_locale":"es_ES","og_type":"article","og_title":"Tras 4 d\u00edas de b\u00fasqueda intensa, hallaron sin vida al hombre de 69 a\u00f1os oriundo de Villa Nueva en el R\u00edo Ctalamuchita - El Regional","og_description":"En el d\u00eda de ayer, en horario de la tarde, aproximadamente a las 17:00 hs., y luego de cuatro intensas jornadas de b\u00fasqueda y rastrillaje sobre distintos puntos de la ciudad de Villa Nueva y el Rio Ctalamuchita, se logr\u00f3 el hallazgo del cuerpo sin vida del Sr. Reinaldo Palermo, alias \u201cTorito\u201d. Quien se encontraba [&hellip;]","og_url":"https:\/\/elregionalvm.com.ar\/noticias-villa-maria\/tras-4-dias-de-busqueda-intensa-hallaron-sin-vida-al-hombre-de-69-anos-oriundo-de-villa-nueva-en-el-rio-ctalamuchita\/","og_site_name":"El Regional","article_publisher":"https:\/\/www.facebook.com\/elregionalvm","article_published_time":"2025-04-06T00:44:02+00:00","article_modified_time":"2025-04-06T00:44:03+00:00","og_image":[{"width":960,"height":1280,"url":"https:\/\/elregionalvm.com.ar\/noticias-villa-maria\/wp-content\/uploads\/2025\/04\/efeb02da-0f7a-47f8-b3b4-2f805bbfcd93.jpg","type":"image\/jpeg"}],"author":"Contenidos El Regional","twitter_card":"summary_large_image","twitter_creator":"@elregionalvm1","twitter_site":"@elregionalvm1","twitter_misc":{"Escrito por":"Contenidos El Regional","Tiempo de lectura":"2 minutos"},"schema":{"@context":"https:\/\/schema.org","@graph":[{"@type":"Article","@id":"https:\/\/elregionalvm.com.ar\/noticias-villa-maria\/tras-4-dias-de-busqueda-intensa-hallaron-sin-vida-al-hombre-de-69-anos-oriundo-de-villa-nueva-en-el-rio-ctalamuchita\/#article","isPartOf":{"@id":"https:\/\/elregionalvm.com.ar\/noticias-villa-maria\/tras-4-dias-de-busqueda-intensa-hallaron-sin-vida-al-hombre-de-69-anos-oriundo-de-villa-nueva-en-el-rio-ctalamuchita\/"},"author":{"name":"Contenidos El Regional","@id":"http:\/\/elregionalvm.com.ar\/noticias-villa-maria\/#\/schema\/person\/a0fb9c422317faca23d50163151bc354"},"headline":"Tras 4 d\u00edas de b\u00fasqueda intensa, hallaron sin vida al hombre de 69 a\u00f1os oriundo de Villa Nueva en el R\u00edo Ctalamuchita","datePublished":"2025-04-06T00:44:02+00:00","dateModified":"2025-04-06T00:44:03+00:00","mainEntityOfPage":{"@id":"https:\/\/elregionalvm.com.ar\/noticias-villa-maria\/tras-4-dias-de-busqueda-intensa-hallaron-sin-vida-al-hombre-de-69-anos-oriundo-de-villa-nueva-en-el-rio-ctalamuchita\/"},"wordCount":306,"commentCount":0,"image":{"@id":"https:\/\/elregionalvm.com.ar\/noticias-villa-maria\/tras-4-dias-de-busqueda-intensa-hallaron-sin-vida-al-hombre-de-69-anos-oriundo-de-villa-nueva-en-el-rio-ctalamuchita\/#primaryimage"},"thumbnailUrl":"https:\/\/i0.wp.com\/elregionalvm.com.ar\/noticias-villa-maria\/wp-content\/uploads\/2025\/04\/efeb02da-0f7a-47f8-b3b4-2f805bbfcd93.jpg?fit=960%2C1280&ssl=1","articleSection":["destacado","Policiales","Sociedad","Villa Mar\u00eda","Villa Nueva"],"inLanguage":"es","potentialAction":[{"@type":"CommentAction","name":"Comment","target":["https:\/\/elregionalvm.com.ar\/noticias-villa-maria\/tras-4-dias-de-busqueda-intensa-hallaron-sin-vida-al-hombre-de-69-anos-oriundo-de-villa-nueva-en-el-rio-ctalamuchita\/#respond"]}]},{"@type":"WebPage","@id":"https:\/\/elregionalvm.com.ar\/noticias-villa-maria\/tras-4-dias-de-busqueda-intensa-hallaron-sin-vida-al-hombre-de-69-anos-oriundo-de-villa-nueva-en-el-rio-ctalamuchita\/","url":"https:\/\/elregionalvm.com.ar\/noticias-villa-maria\/tras-4-dias-de-busqueda-intensa-hallaron-sin-vida-al-hombre-de-69-anos-oriundo-de-villa-nueva-en-el-rio-ctalamuchita\/","name":"Tras 4 d\u00edas de b\u00fasqueda intensa, hallaron sin vida al hombre de 69 a\u00f1os oriundo de Villa Nueva en el R\u00edo Ctalamuchita - El Regional","isPartOf":{"@id":"http:\/\/elregionalvm.com.ar\/noticias-villa-maria\/#website"},"primaryImageOfPage":{"@id":"https:\/\/elregionalvm.com.ar\/noticias-villa-maria\/tras-4-dias-de-busqueda-intensa-hallaron-sin-vida-al-hombre-de-69-anos-oriundo-de-villa-nueva-en-el-rio-ctalamuchita\/#primaryimage"},"image":{"@id":"https:\/\/elregionalvm.com.ar\/noticias-villa-maria\/tras-4-dias-de-busqueda-intensa-hallaron-sin-vida-al-hombre-de-69-anos-oriundo-de-villa-nueva-en-el-rio-ctalamuchita\/#primaryimage"},"thumbnailUrl":"https:\/\/i0.wp.com\/elregionalvm.com.ar\/noticias-villa-maria\/wp-content\/uploads\/2025\/04\/efeb02da-0f7a-47f8-b3b4-2f805bbfcd93.jpg?fit=960%2C1280&ssl=1","datePublished":"2025-04-06T00:44:02+00:00","dateModified":"2025-04-06T00:44:03+00:00","author":{"@id":"http:\/\/elregionalvm.com.ar\/noticias-villa-maria\/#\/schema\/person\/a0fb9c422317faca23d50163151bc354"},"breadcrumb":{"@id":"https:\/\/elregionalvm.com.ar\/noticias-villa-maria\/tras-4-dias-de-busqueda-intensa-hallaron-sin-vida-al-hombre-de-69-anos-oriundo-de-villa-nueva-en-el-rio-ctalamuchita\/#breadcrumb"},"inLanguage":"es","potentialAction":[{"@type":"ReadAction","target":["https:\/\/elregionalvm.com.ar\/noticias-villa-maria\/tras-4-dias-de-busqueda-intensa-hallaron-sin-vida-al-hombre-de-69-anos-oriundo-de-villa-nueva-en-el-rio-ctalamuchita\/"]}]},{"@type":"ImageObject","inLanguage":"es","@id":"https:\/\/elregionalvm.com.ar\/noticias-villa-maria\/tras-4-dias-de-busqueda-intensa-hallaron-sin-vida-al-hombre-de-69-anos-oriundo-de-villa-nueva-en-el-rio-ctalamuchita\/#primaryimage","url":"https:\/\/i0.wp.com\/elregionalvm.com.ar\/noticias-villa-maria\/wp-content\/uploads\/2025\/04\/efeb02da-0f7a-47f8-b3b4-2f805bbfcd93.jpg?fit=960%2C1280&ssl=1","contentUrl":"https:\/\/i0.wp.com\/elregionalvm.com.ar\/noticias-villa-maria\/wp-content\/uploads\/2025\/04\/efeb02da-0f7a-47f8-b3b4-2f805bbfcd93.jpg?fit=960%2C1280&ssl=1","width":960,"height":1280},{"@type":"BreadcrumbList","@id":"https:\/\/elregionalvm.com.ar\/noticias-villa-maria\/tras-4-dias-de-busqueda-intensa-hallaron-sin-vida-al-hombre-de-69-anos-oriundo-de-villa-nueva-en-el-rio-ctalamuchita\/#breadcrumb","itemListElement":[{"@type":"ListItem","position":1,"name":"Portada","item":"https:\/\/elregionalvm.com.ar\/noticias-villa-maria\/"},{"@type":"ListItem","position":2,"name":"Tras 4 d\u00edas de b\u00fasqueda intensa, hallaron sin vida al hombre de 69 a\u00f1os oriundo de Villa Nueva en el R\u00edo Ctalamuchita"}]},{"@type":"WebSite","@id":"http:\/\/elregionalvm.com.ar\/noticias-villa-maria\/#website","url":"http:\/\/elregionalvm.com.ar\/noticias-villa-maria\/","name":"El Regional","description":"Mucho m\u00e1s que informaci\u00f3n","potentialAction":[{"@type":"SearchAction","target":{"@type":"EntryPoint","urlTemplate":"http:\/\/elregionalvm.com.ar\/noticias-villa-maria\/?s={search_term_string}"},"query-input":{"@type":"PropertyValueSpecification","valueRequired":true,"valueName":"search_term_string"}}],"inLanguage":"es"},{"@type":"Person","@id":"http:\/\/elregionalvm.com.ar\/noticias-villa-maria\/#\/schema\/person\/a0fb9c422317faca23d50163151bc354","name":"Contenidos El Regional","image":{"@type":"ImageObject","inLanguage":"es","@id":"http:\/\/elregionalvm.com.ar\/noticias-villa-maria\/#\/schema\/person\/image\/","url":"https:\/\/secure.gravatar.com\/avatar\/265b27cb2209af7bb3a1318f03305787d7981a5cc6e6cd08fe5a4ecdf99d4b48?s=96&d=mm&r=g","contentUrl":"https:\/\/secure.gravatar.com\/avatar\/265b27cb2209af7bb3a1318f03305787d7981a5cc6e6cd08fe5a4ecdf99d4b48?s=96&d=mm&r=g","caption":"Contenidos El Regional"},"url":"https:\/\/elregionalvm.com.ar\/noticias-villa-maria\/author\/contenido\/"}]}},"jetpack_featured_media_url":"https:\/\/i0.wp.com\/elregionalvm.com.ar\/noticias-villa-maria\/wp-content\/uploads\/2025\/04\/efeb02da-0f7a-47f8-b3b4-2f805bbfcd93.jpg?fit=960%2C1280&ssl=1","jetpack_sharing_enabled":true,"_links":{"self":[{"href":"https:\/\/elregionalvm.com.ar\/noticias-villa-maria\/wp-json\/wp\/v2\/posts\/104866","targetHints":{"allow":["GET"]}}],"collection":[{"href":"https:\/\/elregionalvm.com.ar\/noticias-villa-maria\/wp-json\/wp\/v2\/posts"}],"about":[{"href":"https:\/\/elregionalvm.com.ar\/noticias-villa-maria\/wp-json\/wp\/v2\/types\/post"}],"author":[{"embeddable":true,"href":"https:\/\/elregionalvm.com.ar\/noticias-villa-maria\/wp-json\/wp\/v2\/users\/4"}],"replies":[{"embeddable":true,"href":"https:\/\/elregionalvm.com.ar\/noticias-villa-maria\/wp-json\/wp\/v2\/comments?post=104866"}],"version-history":[{"count":1,"href":"https:\/\/elregionalvm.com.ar\/noticias-villa-maria\/wp-json\/wp\/v2\/posts\/104866\/revisions"}],"predecessor-version":[{"id":104868,"href":"https:\/\/elregionalvm.com.ar\/noticias-villa-maria\/wp-json\/wp\/v2\/posts\/104866\/revisions\/104868"}],"wp:featuredmedia":[{"embeddable":true,"href":"https:\/\/elregionalvm.com.ar\/noticias-villa-maria\/wp-json\/wp\/v2\/media\/104867"}],"wp:attachment":[{"href":"https:\/\/elregionalvm.com.ar\/noticias-villa-maria\/wp-json\/wp\/v2\/media?parent=104866"}],"wp:term":[{"taxonomy":"category","embeddable":true,"href":"https:\/\/elregionalvm.com.ar\/noticias-villa-maria\/wp-json\/wp\/v2\/categories?post=104866"},{"taxonomy":"post_tag","embeddable":true,"href":"https:\/\/elregionalvm.com.ar\/noticias-villa-maria\/wp-json\/wp\/v2\/tags?post=104866"}],"curies":[{"name":"wp","href":"https:\/\/api.w.org\/{rel}","templated":true}]}}