{"id":104869,"date":"2025-04-06T00:48:32","date_gmt":"2025-04-06T00:48:32","guid":{"rendered":"https:\/\/elregionalvm.com.ar\/noticias-villa-maria\/?p=104869"},"modified":"2025-04-06T00:48:33","modified_gmt":"2025-04-06T00:48:33","slug":"la-unvm-firmo-un-convenio-con-la-municipalidad-en-beneficio-a-los-estudiantes-de-terapia-ocupacional-para-que-realicen-sus-practicas","status":"publish","type":"post","link":"https:\/\/elregionalvm.com.ar\/noticias-villa-maria\/la-unvm-firmo-un-convenio-con-la-municipalidad-en-beneficio-a-los-estudiantes-de-terapia-ocupacional-para-que-realicen-sus-practicas\/","title":{"rendered":"La UNVM firm\u00f3 un convenio con la Municipalidad en beneficio a los estudiantes de Terapia Ocupacional para que realicen sus pr\u00e1cticas"},"content":{"rendered":"\n<p>El intendente Eduardo Accastello recibi\u00f3 a la decana del Instituto Acad\u00e9mico Pedag\u00f3gico de Ciencias Humanas (IAPCH) de la Universidad Nacional de Villa Mar\u00eda (UNVM), Daniela Dubois, para firmar un convenio de beneficio mutuo entre las instituciones.<\/p>\n\n\n\n<p>En este sentido, la propuesta que se gestiona a trav\u00e9s de la Secretar\u00eda de Desarrollo Humano y Territorio, permitir\u00e1 a 29 estudiantes avanzados de la licenciatura en Terapia Ocupacional realizar sus pr\u00e1cticas profesionales en espacios y dispositivos coordinados por el Gobierno local.<\/p>\n\n\n\n<p>Al respecto, el jefe municipal Accastello coment\u00f3:&nbsp;<em><strong>\u00abEl tema social es muy importante en estos momentos y desde el Municipio decimos que m\u00e1s que nunca hay que humanizar el progreso de Villa Mar\u00eda, estar cerca, porque somos el primer anillo de vinculaci\u00f3n humanitaria y en eso, junto con la Universidad, somos dos instituciones con gran compromiso social, comunitario y humanitario. Adem\u00e1s, el talento creativo de los estudiantes, en este caso de Terapia Ocupacional, aporta a esa humanizaci\u00f3n a trav\u00e9s de la vocaci\u00f3n, el hecho de que puedan integrarse al territorio y ayudar al menos a una persona que se encuentre en una situaci\u00f3n de violencia o adicci\u00f3n, por ejemplo, va a ser un gran acto y para nosotros tiene mucha trascendencia\u00bb.<\/strong><\/em><\/p>\n\n\n\n<p>Seguidamente, el secretario de Desarrollo Humano y Territorio, Agust\u00edn Turletti Mino, a\u00f1adi\u00f3:&nbsp;<em>\u201dEste convenio es para que estudiantes de Terapia Ocupacional se sumen un a\u00f1o m\u00e1s al equipo de territorio, en el trabajo que vamos a llevar adelante en las distintas \u00e1reas que tiene la Secretar\u00eda. Es importante destacar que el a\u00f1o pasado se sumaron pasantes como un apoyo fundamental para los trabajadores de los MuniCerca, que pudieron aportar conocimientos necesarios para hacer el trabajo que se necesita cada uno de los territorios\u201d.<\/em><\/p>\n\n\n\n<p>Por su parte, la decana del IAPCH, Daniela Dubois, concluy\u00f3:&nbsp;<em>\u201cDesde el Instituto de Humanas tenemos diferentes carreras y en el caso de las asociadas a la salud permitimos que estudiantes de Medicina, de Enfermer\u00eda y ahora de Terapia Ocupacional puedan hacer sus pr\u00e1cticas en distintos programas o instituciones p\u00fablicas, lo que es fundamental, porque no se pueden tener carreras de salud si no tuvi\u00e9ramos un lugar donde los estudiantes pudieran llevar a cabo la pr\u00e1ctica, pero no solo como una instancia formativa, sino tambi\u00e9n como una aporte a la comunidad\u201d.<\/em><\/p>\n\n\n\n<p>En detalle, los estudiantes desarrollar\u00e1n pr\u00e1cticas profesionales en diferentes espacios de la Municipalidad, aportando una mirada distinta al accionar cotidiano de los dispositivos. Asimismo, los lugares y programas dispuestos son: Programa de Abordaje Integral de Adicciones, Programa Integral de Actividades para Personas Mayores, Centro Integral de Varones, Hogar de Protecci\u00f3n Integral para personas en situaci\u00f3n de violencia por motivo de g\u00e9nero y el Consejo de Seguridad Acompa\u00f1amiento a personas que est\u00e1n por salir de la c\u00e1rcel.<\/p>\n\n\n\n<p>Acompa\u00f1aron la firma del convenio la coordinadora de la licenciatura en Terapia Ocupacional, Ana Heredia y estudiantes de la carrera que har\u00e1n las pr\u00e1cticas.<\/p>\n","protected":false},"excerpt":{"rendered":"<p>El intendente Eduardo Accastello recibi\u00f3 a la decana del Instituto Acad\u00e9mico Pedag\u00f3gico de Ciencias Humanas (IAPCH) de la Universidad Nacional de Villa Mar\u00eda (UNVM), Daniela Dubois, para firmar un convenio de beneficio mutuo entre las instituciones. En este sentido, la propuesta que se gestiona a trav\u00e9s de la Secretar\u00eda de Desarrollo Humano y Territorio, permitir\u00e1 [&hellip;]<\/p>\n","protected":false},"author":4,"featured_media":104870,"comment_status":"open","ping_status":"open","sticky":false,"template":"","format":"standard","meta":{"site-sidebar-layout":"default","site-content-layout":"","ast-site-content-layout":"default","site-content-style":"default","site-sidebar-style":"default","ast-global-header-display":"","ast-banner-title-visibility":"","ast-main-header-display":"","ast-hfb-above-header-display":"","ast-hfb-below-header-display":"","ast-hfb-mobile-header-display":"","site-post-title":"","ast-breadcrumbs-content":"","ast-featured-img":"","footer-sml-layout":"","ast-disable-related-posts":"","theme-transparent-header-meta":"","adv-header-id-meta":"","stick-header-meta":"","header-above-stick-meta":"","header-main-stick-meta":"","header-below-stick-meta":"","astra-migrate-meta-layouts":"set","ast-page-background-enabled":"default","ast-page-background-meta":{"desktop":{"background-color":"","background-image":"","background-repeat":"repeat","background-position":"center center","background-size":"auto","background-attachment":"scroll","background-type":"","background-media":"","overlay-type":"","overlay-color":"","overlay-opacity":"","overlay-gradient":""},"tablet":{"background-color":"","background-image":"","background-repeat":"repeat","background-position":"center center","background-size":"auto","background-attachment":"scroll","background-type":"","background-media":"","overlay-type":"","overlay-color":"","overlay-opacity":"","overlay-gradient":""},"mobile":{"background-color":"","background-image":"","background-repeat":"repeat","background-position":"center center","background-size":"auto","background-attachment":"scroll","background-type":"","background-media":"","overlay-type":"","overlay-color":"","overlay-opacity":"","overlay-gradient":""}},"ast-content-background-meta":{"desktop":{"background-color":"var(--ast-global-color-5)","background-image":"","background-repeat":"repeat","background-position":"center center","background-size":"auto","background-attachment":"scroll","background-type":"","background-media":"","overlay-type":"","overlay-color":"","overlay-opacity":"","overlay-gradient":""},"tablet":{"background-color":"var(--ast-global-color-5)","background-image":"","background-repeat":"repeat","background-position":"center center","background-size":"auto","background-attachment":"scroll","background-type":"","background-media":"","overlay-type":"","overlay-color":"","overlay-opacity":"","overlay-gradient":""},"mobile":{"background-color":"var(--ast-global-color-5)","background-image":"","background-repeat":"repeat","background-position":"center center","background-size":"auto","background-attachment":"scroll","background-type":"","background-media":"","overlay-type":"","overlay-color":"","overlay-opacity":"","overlay-gradient":""}},"_jetpack_memberships_contains_paid_content":false,"_joinchat":[],"footnotes":""},"categories":[15302,5,2],"tags":[],"class_list":["post-104869","post","type-post","status-publish","format-standard","has-post-thumbnail","hentry","category-destacado","category-sociedad","category-villa-maria"],"yoast_head":"<!-- This site is optimized with the Yoast SEO plugin v26.8 - https:\/\/yoast.com\/product\/yoast-seo-wordpress\/ -->\n<title>La UNVM firm\u00f3 un convenio con la Municipalidad en beneficio a los estudiantes de Terapia Ocupacional para que realicen sus pr\u00e1cticas - El Regional<\/title>\n<meta name=\"robots\" content=\"index, follow, max-snippet:-1, max-image-preview:large, max-video-preview:-1\" \/>\n<link rel=\"canonical\" href=\"https:\/\/elregionalvm.com.ar\/noticias-villa-maria\/la-unvm-firmo-un-convenio-con-la-municipalidad-en-beneficio-a-los-estudiantes-de-terapia-ocupacional-para-que-realicen-sus-practicas\/\" \/>\n<meta property=\"og:locale\" content=\"es_ES\" \/>\n<meta property=\"og:type\" content=\"article\" \/>\n<meta property=\"og:title\" content=\"La UNVM firm\u00f3 un convenio con la Municipalidad en beneficio a los estudiantes de Terapia Ocupacional para que realicen sus pr\u00e1cticas - El Regional\" \/>\n<meta property=\"og:description\" content=\"El intendente Eduardo Accastello recibi\u00f3 a la decana del Instituto Acad\u00e9mico Pedag\u00f3gico de Ciencias Humanas (IAPCH) de la Universidad Nacional de Villa Mar\u00eda (UNVM), Daniela Dubois, para firmar un convenio de beneficio mutuo entre las instituciones. En este sentido, la propuesta que se gestiona a trav\u00e9s de la Secretar\u00eda de Desarrollo Humano y Territorio, permitir\u00e1 [&hellip;]\" \/>\n<meta property=\"og:url\" content=\"https:\/\/elregionalvm.com.ar\/noticias-villa-maria\/la-unvm-firmo-un-convenio-con-la-municipalidad-en-beneficio-a-los-estudiantes-de-terapia-ocupacional-para-que-realicen-sus-practicas\/\" \/>\n<meta property=\"og:site_name\" content=\"El Regional\" \/>\n<meta property=\"article:publisher\" content=\"https:\/\/www.facebook.com\/elregionalvm\" \/>\n<meta property=\"article:published_time\" content=\"2025-04-06T00:48:32+00:00\" \/>\n<meta property=\"article:modified_time\" content=\"2025-04-06T00:48:33+00:00\" \/>\n<meta property=\"og:image\" content=\"https:\/\/elregionalvm.com.ar\/noticias-villa-maria\/wp-content\/uploads\/2025\/04\/932e2ebf41da4606a73752aa50e1a4c5.jpeg\" \/>\n\t<meta property=\"og:image:width\" content=\"800\" \/>\n\t<meta property=\"og:image:height\" content=\"600\" \/>\n\t<meta property=\"og:image:type\" content=\"image\/jpeg\" \/>\n<meta name=\"author\" content=\"Contenidos El Regional\" \/>\n<meta name=\"twitter:card\" content=\"summary_large_image\" \/>\n<meta name=\"twitter:creator\" content=\"@elregionalvm1\" \/>\n<meta name=\"twitter:site\" content=\"@elregionalvm1\" \/>\n<meta name=\"twitter:label1\" content=\"Escrito por\" \/>\n\t<meta name=\"twitter:data1\" content=\"Contenidos El Regional\" \/>\n\t<meta name=\"twitter:label2\" content=\"Tiempo de lectura\" \/>\n\t<meta name=\"twitter:data2\" content=\"3 minutos\" \/>\n<script type=\"application\/ld+json\" class=\"yoast-schema-graph\">{\"@context\":\"https:\/\/schema.org\",\"@graph\":[{\"@type\":\"Article\",\"@id\":\"https:\/\/elregionalvm.com.ar\/noticias-villa-maria\/la-unvm-firmo-un-convenio-con-la-municipalidad-en-beneficio-a-los-estudiantes-de-terapia-ocupacional-para-que-realicen-sus-practicas\/#article\",\"isPartOf\":{\"@id\":\"https:\/\/elregionalvm.com.ar\/noticias-villa-maria\/la-unvm-firmo-un-convenio-con-la-municipalidad-en-beneficio-a-los-estudiantes-de-terapia-ocupacional-para-que-realicen-sus-practicas\/\"},\"author\":{\"name\":\"Contenidos El Regional\",\"@id\":\"http:\/\/elregionalvm.com.ar\/noticias-villa-maria\/#\/schema\/person\/a0fb9c422317faca23d50163151bc354\"},\"headline\":\"La UNVM firm\u00f3 un convenio con la Municipalidad en beneficio a los estudiantes de Terapia Ocupacional para que realicen sus pr\u00e1cticas\",\"datePublished\":\"2025-04-06T00:48:32+00:00\",\"dateModified\":\"2025-04-06T00:48:33+00:00\",\"mainEntityOfPage\":{\"@id\":\"https:\/\/elregionalvm.com.ar\/noticias-villa-maria\/la-unvm-firmo-un-convenio-con-la-municipalidad-en-beneficio-a-los-estudiantes-de-terapia-ocupacional-para-que-realicen-sus-practicas\/\"},\"wordCount\":535,\"commentCount\":0,\"image\":{\"@id\":\"https:\/\/elregionalvm.com.ar\/noticias-villa-maria\/la-unvm-firmo-un-convenio-con-la-municipalidad-en-beneficio-a-los-estudiantes-de-terapia-ocupacional-para-que-realicen-sus-practicas\/#primaryimage\"},\"thumbnailUrl\":\"https:\/\/i0.wp.com\/elregionalvm.com.ar\/noticias-villa-maria\/wp-content\/uploads\/2025\/04\/932e2ebf41da4606a73752aa50e1a4c5.jpeg?fit=800%2C600&ssl=1\",\"articleSection\":[\"destacado\",\"Sociedad\",\"Villa Mar\u00eda\"],\"inLanguage\":\"es\",\"potentialAction\":[{\"@type\":\"CommentAction\",\"name\":\"Comment\",\"target\":[\"https:\/\/elregionalvm.com.ar\/noticias-villa-maria\/la-unvm-firmo-un-convenio-con-la-municipalidad-en-beneficio-a-los-estudiantes-de-terapia-ocupacional-para-que-realicen-sus-practicas\/#respond\"]}]},{\"@type\":\"WebPage\",\"@id\":\"https:\/\/elregionalvm.com.ar\/noticias-villa-maria\/la-unvm-firmo-un-convenio-con-la-municipalidad-en-beneficio-a-los-estudiantes-de-terapia-ocupacional-para-que-realicen-sus-practicas\/\",\"url\":\"https:\/\/elregionalvm.com.ar\/noticias-villa-maria\/la-unvm-firmo-un-convenio-con-la-municipalidad-en-beneficio-a-los-estudiantes-de-terapia-ocupacional-para-que-realicen-sus-practicas\/\",\"name\":\"La UNVM firm\u00f3 un convenio con la Municipalidad en beneficio a los estudiantes de Terapia Ocupacional para que realicen sus pr\u00e1cticas - El Regional\",\"isPartOf\":{\"@id\":\"http:\/\/elregionalvm.com.ar\/noticias-villa-maria\/#website\"},\"primaryImageOfPage\":{\"@id\":\"https:\/\/elregionalvm.com.ar\/noticias-villa-maria\/la-unvm-firmo-un-convenio-con-la-municipalidad-en-beneficio-a-los-estudiantes-de-terapia-ocupacional-para-que-realicen-sus-practicas\/#primaryimage\"},\"image\":{\"@id\":\"https:\/\/elregionalvm.com.ar\/noticias-villa-maria\/la-unvm-firmo-un-convenio-con-la-municipalidad-en-beneficio-a-los-estudiantes-de-terapia-ocupacional-para-que-realicen-sus-practicas\/#primaryimage\"},\"thumbnailUrl\":\"https:\/\/i0.wp.com\/elregionalvm.com.ar\/noticias-villa-maria\/wp-content\/uploads\/2025\/04\/932e2ebf41da4606a73752aa50e1a4c5.jpeg?fit=800%2C600&ssl=1\",\"datePublished\":\"2025-04-06T00:48:32+00:00\",\"dateModified\":\"2025-04-06T00:48:33+00:00\",\"author\":{\"@id\":\"http:\/\/elregionalvm.com.ar\/noticias-villa-maria\/#\/schema\/person\/a0fb9c422317faca23d50163151bc354\"},\"breadcrumb\":{\"@id\":\"https:\/\/elregionalvm.com.ar\/noticias-villa-maria\/la-unvm-firmo-un-convenio-con-la-municipalidad-en-beneficio-a-los-estudiantes-de-terapia-ocupacional-para-que-realicen-sus-practicas\/#breadcrumb\"},\"inLanguage\":\"es\",\"potentialAction\":[{\"@type\":\"ReadAction\",\"target\":[\"https:\/\/elregionalvm.com.ar\/noticias-villa-maria\/la-unvm-firmo-un-convenio-con-la-municipalidad-en-beneficio-a-los-estudiantes-de-terapia-ocupacional-para-que-realicen-sus-practicas\/\"]}]},{\"@type\":\"ImageObject\",\"inLanguage\":\"es\",\"@id\":\"https:\/\/elregionalvm.com.ar\/noticias-villa-maria\/la-unvm-firmo-un-convenio-con-la-municipalidad-en-beneficio-a-los-estudiantes-de-terapia-ocupacional-para-que-realicen-sus-practicas\/#primaryimage\",\"url\":\"https:\/\/i0.wp.com\/elregionalvm.com.ar\/noticias-villa-maria\/wp-content\/uploads\/2025\/04\/932e2ebf41da4606a73752aa50e1a4c5.jpeg?fit=800%2C600&ssl=1\",\"contentUrl\":\"https:\/\/i0.wp.com\/elregionalvm.com.ar\/noticias-villa-maria\/wp-content\/uploads\/2025\/04\/932e2ebf41da4606a73752aa50e1a4c5.jpeg?fit=800%2C600&ssl=1\",\"width\":800,\"height\":600},{\"@type\":\"BreadcrumbList\",\"@id\":\"https:\/\/elregionalvm.com.ar\/noticias-villa-maria\/la-unvm-firmo-un-convenio-con-la-municipalidad-en-beneficio-a-los-estudiantes-de-terapia-ocupacional-para-que-realicen-sus-practicas\/#breadcrumb\",\"itemListElement\":[{\"@type\":\"ListItem\",\"position\":1,\"name\":\"Portada\",\"item\":\"https:\/\/elregionalvm.com.ar\/noticias-villa-maria\/\"},{\"@type\":\"ListItem\",\"position\":2,\"name\":\"La UNVM firm\u00f3 un convenio con la Municipalidad en beneficio a los estudiantes de Terapia Ocupacional para que realicen sus pr\u00e1cticas\"}]},{\"@type\":\"WebSite\",\"@id\":\"http:\/\/elregionalvm.com.ar\/noticias-villa-maria\/#website\",\"url\":\"http:\/\/elregionalvm.com.ar\/noticias-villa-maria\/\",\"name\":\"El Regional\",\"description\":\"Mucho m\u00e1s que informaci\u00f3n\",\"potentialAction\":[{\"@type\":\"SearchAction\",\"target\":{\"@type\":\"EntryPoint\",\"urlTemplate\":\"http:\/\/elregionalvm.com.ar\/noticias-villa-maria\/?s={search_term_string}\"},\"query-input\":{\"@type\":\"PropertyValueSpecification\",\"valueRequired\":true,\"valueName\":\"search_term_string\"}}],\"inLanguage\":\"es\"},{\"@type\":\"Person\",\"@id\":\"http:\/\/elregionalvm.com.ar\/noticias-villa-maria\/#\/schema\/person\/a0fb9c422317faca23d50163151bc354\",\"name\":\"Contenidos El Regional\",\"image\":{\"@type\":\"ImageObject\",\"inLanguage\":\"es\",\"@id\":\"http:\/\/elregionalvm.com.ar\/noticias-villa-maria\/#\/schema\/person\/image\/\",\"url\":\"https:\/\/secure.gravatar.com\/avatar\/265b27cb2209af7bb3a1318f03305787d7981a5cc6e6cd08fe5a4ecdf99d4b48?s=96&d=mm&r=g\",\"contentUrl\":\"https:\/\/secure.gravatar.com\/avatar\/265b27cb2209af7bb3a1318f03305787d7981a5cc6e6cd08fe5a4ecdf99d4b48?s=96&d=mm&r=g\",\"caption\":\"Contenidos El Regional\"},\"url\":\"https:\/\/elregionalvm.com.ar\/noticias-villa-maria\/author\/contenido\/\"}]}<\/script>\n<!-- \/ Yoast SEO plugin. -->","yoast_head_json":{"title":"La UNVM firm\u00f3 un convenio con la Municipalidad en beneficio a los estudiantes de Terapia Ocupacional para que realicen sus pr\u00e1cticas - El Regional","robots":{"index":"index","follow":"follow","max-snippet":"max-snippet:-1","max-image-preview":"max-image-preview:large","max-video-preview":"max-video-preview:-1"},"canonical":"https:\/\/elregionalvm.com.ar\/noticias-villa-maria\/la-unvm-firmo-un-convenio-con-la-municipalidad-en-beneficio-a-los-estudiantes-de-terapia-ocupacional-para-que-realicen-sus-practicas\/","og_locale":"es_ES","og_type":"article","og_title":"La UNVM firm\u00f3 un convenio con la Municipalidad en beneficio a los estudiantes de Terapia Ocupacional para que realicen sus pr\u00e1cticas - El Regional","og_description":"El intendente Eduardo Accastello recibi\u00f3 a la decana del Instituto Acad\u00e9mico Pedag\u00f3gico de Ciencias Humanas (IAPCH) de la Universidad Nacional de Villa Mar\u00eda (UNVM), Daniela Dubois, para firmar un convenio de beneficio mutuo entre las instituciones. En este sentido, la propuesta que se gestiona a trav\u00e9s de la Secretar\u00eda de Desarrollo Humano y Territorio, permitir\u00e1 [&hellip;]","og_url":"https:\/\/elregionalvm.com.ar\/noticias-villa-maria\/la-unvm-firmo-un-convenio-con-la-municipalidad-en-beneficio-a-los-estudiantes-de-terapia-ocupacional-para-que-realicen-sus-practicas\/","og_site_name":"El Regional","article_publisher":"https:\/\/www.facebook.com\/elregionalvm","article_published_time":"2025-04-06T00:48:32+00:00","article_modified_time":"2025-04-06T00:48:33+00:00","og_image":[{"width":800,"height":600,"url":"https:\/\/elregionalvm.com.ar\/noticias-villa-maria\/wp-content\/uploads\/2025\/04\/932e2ebf41da4606a73752aa50e1a4c5.jpeg","type":"image\/jpeg"}],"author":"Contenidos El Regional","twitter_card":"summary_large_image","twitter_creator":"@elregionalvm1","twitter_site":"@elregionalvm1","twitter_misc":{"Escrito por":"Contenidos El Regional","Tiempo de lectura":"3 minutos"},"schema":{"@context":"https:\/\/schema.org","@graph":[{"@type":"Article","@id":"https:\/\/elregionalvm.com.ar\/noticias-villa-maria\/la-unvm-firmo-un-convenio-con-la-municipalidad-en-beneficio-a-los-estudiantes-de-terapia-ocupacional-para-que-realicen-sus-practicas\/#article","isPartOf":{"@id":"https:\/\/elregionalvm.com.ar\/noticias-villa-maria\/la-unvm-firmo-un-convenio-con-la-municipalidad-en-beneficio-a-los-estudiantes-de-terapia-ocupacional-para-que-realicen-sus-practicas\/"},"author":{"name":"Contenidos El Regional","@id":"http:\/\/elregionalvm.com.ar\/noticias-villa-maria\/#\/schema\/person\/a0fb9c422317faca23d50163151bc354"},"headline":"La UNVM firm\u00f3 un convenio con la Municipalidad en beneficio a los estudiantes de Terapia Ocupacional para que realicen sus pr\u00e1cticas","datePublished":"2025-04-06T00:48:32+00:00","dateModified":"2025-04-06T00:48:33+00:00","mainEntityOfPage":{"@id":"https:\/\/elregionalvm.com.ar\/noticias-villa-maria\/la-unvm-firmo-un-convenio-con-la-municipalidad-en-beneficio-a-los-estudiantes-de-terapia-ocupacional-para-que-realicen-sus-practicas\/"},"wordCount":535,"commentCount":0,"image":{"@id":"https:\/\/elregionalvm.com.ar\/noticias-villa-maria\/la-unvm-firmo-un-convenio-con-la-municipalidad-en-beneficio-a-los-estudiantes-de-terapia-ocupacional-para-que-realicen-sus-practicas\/#primaryimage"},"thumbnailUrl":"https:\/\/i0.wp.com\/elregionalvm.com.ar\/noticias-villa-maria\/wp-content\/uploads\/2025\/04\/932e2ebf41da4606a73752aa50e1a4c5.jpeg?fit=800%2C600&ssl=1","articleSection":["destacado","Sociedad","Villa Mar\u00eda"],"inLanguage":"es","potentialAction":[{"@type":"CommentAction","name":"Comment","target":["https:\/\/elregionalvm.com.ar\/noticias-villa-maria\/la-unvm-firmo-un-convenio-con-la-municipalidad-en-beneficio-a-los-estudiantes-de-terapia-ocupacional-para-que-realicen-sus-practicas\/#respond"]}]},{"@type":"WebPage","@id":"https:\/\/elregionalvm.com.ar\/noticias-villa-maria\/la-unvm-firmo-un-convenio-con-la-municipalidad-en-beneficio-a-los-estudiantes-de-terapia-ocupacional-para-que-realicen-sus-practicas\/","url":"https:\/\/elregionalvm.com.ar\/noticias-villa-maria\/la-unvm-firmo-un-convenio-con-la-municipalidad-en-beneficio-a-los-estudiantes-de-terapia-ocupacional-para-que-realicen-sus-practicas\/","name":"La UNVM firm\u00f3 un convenio con la Municipalidad en beneficio a los estudiantes de Terapia Ocupacional para que realicen sus pr\u00e1cticas - El Regional","isPartOf":{"@id":"http:\/\/elregionalvm.com.ar\/noticias-villa-maria\/#website"},"primaryImageOfPage":{"@id":"https:\/\/elregionalvm.com.ar\/noticias-villa-maria\/la-unvm-firmo-un-convenio-con-la-municipalidad-en-beneficio-a-los-estudiantes-de-terapia-ocupacional-para-que-realicen-sus-practicas\/#primaryimage"},"image":{"@id":"https:\/\/elregionalvm.com.ar\/noticias-villa-maria\/la-unvm-firmo-un-convenio-con-la-municipalidad-en-beneficio-a-los-estudiantes-de-terapia-ocupacional-para-que-realicen-sus-practicas\/#primaryimage"},"thumbnailUrl":"https:\/\/i0.wp.com\/elregionalvm.com.ar\/noticias-villa-maria\/wp-content\/uploads\/2025\/04\/932e2ebf41da4606a73752aa50e1a4c5.jpeg?fit=800%2C600&ssl=1","datePublished":"2025-04-06T00:48:32+00:00","dateModified":"2025-04-06T00:48:33+00:00","author":{"@id":"http:\/\/elregionalvm.com.ar\/noticias-villa-maria\/#\/schema\/person\/a0fb9c422317faca23d50163151bc354"},"breadcrumb":{"@id":"https:\/\/elregionalvm.com.ar\/noticias-villa-maria\/la-unvm-firmo-un-convenio-con-la-municipalidad-en-beneficio-a-los-estudiantes-de-terapia-ocupacional-para-que-realicen-sus-practicas\/#breadcrumb"},"inLanguage":"es","potentialAction":[{"@type":"ReadAction","target":["https:\/\/elregionalvm.com.ar\/noticias-villa-maria\/la-unvm-firmo-un-convenio-con-la-municipalidad-en-beneficio-a-los-estudiantes-de-terapia-ocupacional-para-que-realicen-sus-practicas\/"]}]},{"@type":"ImageObject","inLanguage":"es","@id":"https:\/\/elregionalvm.com.ar\/noticias-villa-maria\/la-unvm-firmo-un-convenio-con-la-municipalidad-en-beneficio-a-los-estudiantes-de-terapia-ocupacional-para-que-realicen-sus-practicas\/#primaryimage","url":"https:\/\/i0.wp.com\/elregionalvm.com.ar\/noticias-villa-maria\/wp-content\/uploads\/2025\/04\/932e2ebf41da4606a73752aa50e1a4c5.jpeg?fit=800%2C600&ssl=1","contentUrl":"https:\/\/i0.wp.com\/elregionalvm.com.ar\/noticias-villa-maria\/wp-content\/uploads\/2025\/04\/932e2ebf41da4606a73752aa50e1a4c5.jpeg?fit=800%2C600&ssl=1","width":800,"height":600},{"@type":"BreadcrumbList","@id":"https:\/\/elregionalvm.com.ar\/noticias-villa-maria\/la-unvm-firmo-un-convenio-con-la-municipalidad-en-beneficio-a-los-estudiantes-de-terapia-ocupacional-para-que-realicen-sus-practicas\/#breadcrumb","itemListElement":[{"@type":"ListItem","position":1,"name":"Portada","item":"https:\/\/elregionalvm.com.ar\/noticias-villa-maria\/"},{"@type":"ListItem","position":2,"name":"La UNVM firm\u00f3 un convenio con la Municipalidad en beneficio a los estudiantes de Terapia Ocupacional para que realicen sus pr\u00e1cticas"}]},{"@type":"WebSite","@id":"http:\/\/elregionalvm.com.ar\/noticias-villa-maria\/#website","url":"http:\/\/elregionalvm.com.ar\/noticias-villa-maria\/","name":"El Regional","description":"Mucho m\u00e1s que informaci\u00f3n","potentialAction":[{"@type":"SearchAction","target":{"@type":"EntryPoint","urlTemplate":"http:\/\/elregionalvm.com.ar\/noticias-villa-maria\/?s={search_term_string}"},"query-input":{"@type":"PropertyValueSpecification","valueRequired":true,"valueName":"search_term_string"}}],"inLanguage":"es"},{"@type":"Person","@id":"http:\/\/elregionalvm.com.ar\/noticias-villa-maria\/#\/schema\/person\/a0fb9c422317faca23d50163151bc354","name":"Contenidos El Regional","image":{"@type":"ImageObject","inLanguage":"es","@id":"http:\/\/elregionalvm.com.ar\/noticias-villa-maria\/#\/schema\/person\/image\/","url":"https:\/\/secure.gravatar.com\/avatar\/265b27cb2209af7bb3a1318f03305787d7981a5cc6e6cd08fe5a4ecdf99d4b48?s=96&d=mm&r=g","contentUrl":"https:\/\/secure.gravatar.com\/avatar\/265b27cb2209af7bb3a1318f03305787d7981a5cc6e6cd08fe5a4ecdf99d4b48?s=96&d=mm&r=g","caption":"Contenidos El Regional"},"url":"https:\/\/elregionalvm.com.ar\/noticias-villa-maria\/author\/contenido\/"}]}},"jetpack_featured_media_url":"https:\/\/i0.wp.com\/elregionalvm.com.ar\/noticias-villa-maria\/wp-content\/uploads\/2025\/04\/932e2ebf41da4606a73752aa50e1a4c5.jpeg?fit=800%2C600&ssl=1","jetpack_sharing_enabled":true,"_links":{"self":[{"href":"https:\/\/elregionalvm.com.ar\/noticias-villa-maria\/wp-json\/wp\/v2\/posts\/104869","targetHints":{"allow":["GET"]}}],"collection":[{"href":"https:\/\/elregionalvm.com.ar\/noticias-villa-maria\/wp-json\/wp\/v2\/posts"}],"about":[{"href":"https:\/\/elregionalvm.com.ar\/noticias-villa-maria\/wp-json\/wp\/v2\/types\/post"}],"author":[{"embeddable":true,"href":"https:\/\/elregionalvm.com.ar\/noticias-villa-maria\/wp-json\/wp\/v2\/users\/4"}],"replies":[{"embeddable":true,"href":"https:\/\/elregionalvm.com.ar\/noticias-villa-maria\/wp-json\/wp\/v2\/comments?post=104869"}],"version-history":[{"count":1,"href":"https:\/\/elregionalvm.com.ar\/noticias-villa-maria\/wp-json\/wp\/v2\/posts\/104869\/revisions"}],"predecessor-version":[{"id":104871,"href":"https:\/\/elregionalvm.com.ar\/noticias-villa-maria\/wp-json\/wp\/v2\/posts\/104869\/revisions\/104871"}],"wp:featuredmedia":[{"embeddable":true,"href":"https:\/\/elregionalvm.com.ar\/noticias-villa-maria\/wp-json\/wp\/v2\/media\/104870"}],"wp:attachment":[{"href":"https:\/\/elregionalvm.com.ar\/noticias-villa-maria\/wp-json\/wp\/v2\/media?parent=104869"}],"wp:term":[{"taxonomy":"category","embeddable":true,"href":"https:\/\/elregionalvm.com.ar\/noticias-villa-maria\/wp-json\/wp\/v2\/categories?post=104869"},{"taxonomy":"post_tag","embeddable":true,"href":"https:\/\/elregionalvm.com.ar\/noticias-villa-maria\/wp-json\/wp\/v2\/tags?post=104869"}],"curies":[{"name":"wp","href":"https:\/\/api.w.org\/{rel}","templated":true}]}}