{"id":104880,"date":"2025-04-06T01:04:41","date_gmt":"2025-04-06T01:04:41","guid":{"rendered":"https:\/\/elregionalvm.com.ar\/noticias-villa-maria\/?p=104880"},"modified":"2025-04-06T01:04:43","modified_gmt":"2025-04-06T01:04:43","slug":"se-realizara-en-villa-maria-el-4-encuentro-de-harley-davidson","status":"publish","type":"post","link":"https:\/\/elregionalvm.com.ar\/noticias-villa-maria\/se-realizara-en-villa-maria-el-4-encuentro-de-harley-davidson\/","title":{"rendered":"Se realizar\u00e1 en Villa Mar\u00eda el 4\u00b0 encuentro de Harley Davidson"},"content":{"rendered":"\n<p>Se llevar\u00e1 a cabo en nuestra ciudad la cuarta edici\u00f3n de la \u00abMotorcycle Riders Rally Harley Villa Mar\u00eda\u00bb.<\/p>\n\n\n\n<p>El encuentro, que se llevar\u00e1 a cabo del jueves 10 al s\u00e1bado 12 de abril, fue presentado por el Presidente del Ente Villa Mar\u00eda Deporte y Turismo SEM, Alejandro Mana, el Director de dicho ente de econom\u00eda mixta, Eduardo Piazza, el Director de Turismo, Dino Gagliese, y los organizadores del evento: Emiliano Mart\u00ednez, Diego Tarducci y Gonzalo Bonetto.<\/p>\n\n\n\n<p>Para esta nueva edici\u00f3n vendr\u00e1n a Villa Mar\u00eda m\u00e1s de 110 motos Harley Davidson provenientes de Inglaterra, Chile, Paraguay, Uruguay, y de provincias Argentinas como: Tucum\u00e1n, Salta, Buenos Aires, Santa Fe y C\u00f3rdoba.<\/p>\n\n\n\n<p>En tal sentido, Alejandro Mana dijo:&nbsp;<em>\u00abpara la ciudad es muy importante ser sede de una nueva edici\u00f3n de este importante encuentro de Harley Davidson, porque son eventos que dinamizan la econom\u00eda local a trav\u00e9s del sector hotelero, gastron\u00f3mico y comercial.\u00bb<\/em><\/p>\n\n\n\n<p><strong>&nbsp;El cronograma completo&nbsp;<\/strong><\/p>\n\n\n\n<p>El evento comienza el jueves 10, a partir de las 14 hs., con una recepci\u00f3n en el Hotel Am\u00e9rian, en donde los participantes se acreditar\u00e1n. Luego, alrededor de las 20 hs., se reagrupar\u00e1n en Plaza Centenario y en caravana partir\u00e1n hacia el bar Soho.<\/p>\n\n\n\n<p>El viernes 11 al mediod\u00eda nuevamente se congregar\u00e1n en Plaza Centenario y realizar\u00e1n una caravana por la ciudad que culminar\u00e1 en una foto grupal en la escalinatas del Anfiteatro Centenario. Posteriormente, a partir de las 19 hs., en la esquina de calles San Mart\u00edn y Buenos Aires, se expondr\u00e1n todos los veh\u00edculos y se realizar\u00e1 un recital de rock abierto para todo p\u00fablico, con la actuaci\u00f3n de Broken Dreams, Prisma y La Fabulosa Orquesta.<\/p>\n\n\n\n<p>Finalmente, el s\u00e1bado 12, nuevamente se reagrupar\u00e1n todos los participantes en Plaza Centenario y partir\u00e1n en caravana hacia el predio de la Sociedad Rural, donde disfrutar\u00e1n de diversas actividades y un recital de rock con la actuaci\u00f3n de Overdrive y Aligator.<\/p>\n","protected":false},"excerpt":{"rendered":"<p>Se llevar\u00e1 a cabo en nuestra ciudad la cuarta edici\u00f3n de la \u00abMotorcycle Riders Rally Harley Villa Mar\u00eda\u00bb. El encuentro, que se llevar\u00e1 a cabo del jueves 10 al s\u00e1bado 12 de abril, fue presentado por el Presidente del Ente Villa Mar\u00eda Deporte y Turismo SEM, Alejandro Mana, el Director de dicho ente de econom\u00eda [&hellip;]<\/p>\n","protected":false},"author":4,"featured_media":104881,"comment_status":"open","ping_status":"open","sticky":false,"template":"","format":"standard","meta":{"site-sidebar-layout":"default","site-content-layout":"","ast-site-content-layout":"default","site-content-style":"default","site-sidebar-style":"default","ast-global-header-display":"","ast-banner-title-visibility":"","ast-main-header-display":"","ast-hfb-above-header-display":"","ast-hfb-below-header-display":"","ast-hfb-mobile-header-display":"","site-post-title":"","ast-breadcrumbs-content":"","ast-featured-img":"","footer-sml-layout":"","ast-disable-related-posts":"","theme-transparent-header-meta":"","adv-header-id-meta":"","stick-header-meta":"","header-above-stick-meta":"","header-main-stick-meta":"","header-below-stick-meta":"","astra-migrate-meta-layouts":"set","ast-page-background-enabled":"default","ast-page-background-meta":{"desktop":{"background-color":"","background-image":"","background-repeat":"repeat","background-position":"center center","background-size":"auto","background-attachment":"scroll","background-type":"","background-media":"","overlay-type":"","overlay-color":"","overlay-opacity":"","overlay-gradient":""},"tablet":{"background-color":"","background-image":"","background-repeat":"repeat","background-position":"center center","background-size":"auto","background-attachment":"scroll","background-type":"","background-media":"","overlay-type":"","overlay-color":"","overlay-opacity":"","overlay-gradient":""},"mobile":{"background-color":"","background-image":"","background-repeat":"repeat","background-position":"center center","background-size":"auto","background-attachment":"scroll","background-type":"","background-media":"","overlay-type":"","overlay-color":"","overlay-opacity":"","overlay-gradient":""}},"ast-content-background-meta":{"desktop":{"background-color":"var(--ast-global-color-5)","background-image":"","background-repeat":"repeat","background-position":"center center","background-size":"auto","background-attachment":"scroll","background-type":"","background-media":"","overlay-type":"","overlay-color":"","overlay-opacity":"","overlay-gradient":""},"tablet":{"background-color":"var(--ast-global-color-5)","background-image":"","background-repeat":"repeat","background-position":"center center","background-size":"auto","background-attachment":"scroll","background-type":"","background-media":"","overlay-type":"","overlay-color":"","overlay-opacity":"","overlay-gradient":""},"mobile":{"background-color":"var(--ast-global-color-5)","background-image":"","background-repeat":"repeat","background-position":"center center","background-size":"auto","background-attachment":"scroll","background-type":"","background-media":"","overlay-type":"","overlay-color":"","overlay-opacity":"","overlay-gradient":""}},"_jetpack_memberships_contains_paid_content":false,"_joinchat":[],"footnotes":""},"categories":[15302,5,2],"tags":[],"class_list":["post-104880","post","type-post","status-publish","format-standard","has-post-thumbnail","hentry","category-destacado","category-sociedad","category-villa-maria"],"yoast_head":"<!-- This site is optimized with the Yoast SEO plugin v26.8 - https:\/\/yoast.com\/product\/yoast-seo-wordpress\/ -->\n<title>Se realizar\u00e1 en Villa Mar\u00eda el 4\u00b0 encuentro de Harley Davidson - El Regional<\/title>\n<meta name=\"robots\" content=\"index, follow, max-snippet:-1, max-image-preview:large, max-video-preview:-1\" \/>\n<link rel=\"canonical\" href=\"https:\/\/elregionalvm.com.ar\/noticias-villa-maria\/se-realizara-en-villa-maria-el-4-encuentro-de-harley-davidson\/\" \/>\n<meta property=\"og:locale\" content=\"es_ES\" \/>\n<meta property=\"og:type\" content=\"article\" \/>\n<meta property=\"og:title\" content=\"Se realizar\u00e1 en Villa Mar\u00eda el 4\u00b0 encuentro de Harley Davidson - El Regional\" \/>\n<meta property=\"og:description\" content=\"Se llevar\u00e1 a cabo en nuestra ciudad la cuarta edici\u00f3n de la \u00abMotorcycle Riders Rally Harley Villa Mar\u00eda\u00bb. El encuentro, que se llevar\u00e1 a cabo del jueves 10 al s\u00e1bado 12 de abril, fue presentado por el Presidente del Ente Villa Mar\u00eda Deporte y Turismo SEM, Alejandro Mana, el Director de dicho ente de econom\u00eda [&hellip;]\" \/>\n<meta property=\"og:url\" content=\"https:\/\/elregionalvm.com.ar\/noticias-villa-maria\/se-realizara-en-villa-maria-el-4-encuentro-de-harley-davidson\/\" \/>\n<meta property=\"og:site_name\" content=\"El Regional\" \/>\n<meta property=\"article:publisher\" content=\"https:\/\/www.facebook.com\/elregionalvm\" \/>\n<meta property=\"article:published_time\" content=\"2025-04-06T01:04:41+00:00\" \/>\n<meta property=\"article:modified_time\" content=\"2025-04-06T01:04:43+00:00\" \/>\n<meta property=\"og:image\" content=\"https:\/\/elregionalvm.com.ar\/noticias-villa-maria\/wp-content\/uploads\/2025\/04\/1add7497528a4adf9598ffb473d713db.jpeg\" \/>\n\t<meta property=\"og:image:width\" content=\"800\" \/>\n\t<meta property=\"og:image:height\" content=\"600\" \/>\n\t<meta property=\"og:image:type\" content=\"image\/jpeg\" \/>\n<meta name=\"author\" content=\"Contenidos El Regional\" \/>\n<meta name=\"twitter:card\" content=\"summary_large_image\" \/>\n<meta name=\"twitter:creator\" content=\"@elregionalvm1\" \/>\n<meta name=\"twitter:site\" content=\"@elregionalvm1\" \/>\n<meta name=\"twitter:label1\" content=\"Escrito por\" \/>\n\t<meta name=\"twitter:data1\" content=\"Contenidos El Regional\" \/>\n\t<meta name=\"twitter:label2\" content=\"Tiempo de lectura\" \/>\n\t<meta name=\"twitter:data2\" content=\"2 minutos\" \/>\n<script type=\"application\/ld+json\" class=\"yoast-schema-graph\">{\"@context\":\"https:\/\/schema.org\",\"@graph\":[{\"@type\":\"Article\",\"@id\":\"https:\/\/elregionalvm.com.ar\/noticias-villa-maria\/se-realizara-en-villa-maria-el-4-encuentro-de-harley-davidson\/#article\",\"isPartOf\":{\"@id\":\"https:\/\/elregionalvm.com.ar\/noticias-villa-maria\/se-realizara-en-villa-maria-el-4-encuentro-de-harley-davidson\/\"},\"author\":{\"name\":\"Contenidos El Regional\",\"@id\":\"http:\/\/elregionalvm.com.ar\/noticias-villa-maria\/#\/schema\/person\/a0fb9c422317faca23d50163151bc354\"},\"headline\":\"Se realizar\u00e1 en Villa Mar\u00eda el 4\u00b0 encuentro de Harley Davidson\",\"datePublished\":\"2025-04-06T01:04:41+00:00\",\"dateModified\":\"2025-04-06T01:04:43+00:00\",\"mainEntityOfPage\":{\"@id\":\"https:\/\/elregionalvm.com.ar\/noticias-villa-maria\/se-realizara-en-villa-maria-el-4-encuentro-de-harley-davidson\/\"},\"wordCount\":351,\"commentCount\":0,\"image\":{\"@id\":\"https:\/\/elregionalvm.com.ar\/noticias-villa-maria\/se-realizara-en-villa-maria-el-4-encuentro-de-harley-davidson\/#primaryimage\"},\"thumbnailUrl\":\"https:\/\/i0.wp.com\/elregionalvm.com.ar\/noticias-villa-maria\/wp-content\/uploads\/2025\/04\/1add7497528a4adf9598ffb473d713db.jpeg?fit=800%2C600&ssl=1\",\"articleSection\":[\"destacado\",\"Sociedad\",\"Villa Mar\u00eda\"],\"inLanguage\":\"es\",\"potentialAction\":[{\"@type\":\"CommentAction\",\"name\":\"Comment\",\"target\":[\"https:\/\/elregionalvm.com.ar\/noticias-villa-maria\/se-realizara-en-villa-maria-el-4-encuentro-de-harley-davidson\/#respond\"]}]},{\"@type\":\"WebPage\",\"@id\":\"https:\/\/elregionalvm.com.ar\/noticias-villa-maria\/se-realizara-en-villa-maria-el-4-encuentro-de-harley-davidson\/\",\"url\":\"https:\/\/elregionalvm.com.ar\/noticias-villa-maria\/se-realizara-en-villa-maria-el-4-encuentro-de-harley-davidson\/\",\"name\":\"Se realizar\u00e1 en Villa Mar\u00eda el 4\u00b0 encuentro de Harley Davidson - El Regional\",\"isPartOf\":{\"@id\":\"http:\/\/elregionalvm.com.ar\/noticias-villa-maria\/#website\"},\"primaryImageOfPage\":{\"@id\":\"https:\/\/elregionalvm.com.ar\/noticias-villa-maria\/se-realizara-en-villa-maria-el-4-encuentro-de-harley-davidson\/#primaryimage\"},\"image\":{\"@id\":\"https:\/\/elregionalvm.com.ar\/noticias-villa-maria\/se-realizara-en-villa-maria-el-4-encuentro-de-harley-davidson\/#primaryimage\"},\"thumbnailUrl\":\"https:\/\/i0.wp.com\/elregionalvm.com.ar\/noticias-villa-maria\/wp-content\/uploads\/2025\/04\/1add7497528a4adf9598ffb473d713db.jpeg?fit=800%2C600&ssl=1\",\"datePublished\":\"2025-04-06T01:04:41+00:00\",\"dateModified\":\"2025-04-06T01:04:43+00:00\",\"author\":{\"@id\":\"http:\/\/elregionalvm.com.ar\/noticias-villa-maria\/#\/schema\/person\/a0fb9c422317faca23d50163151bc354\"},\"breadcrumb\":{\"@id\":\"https:\/\/elregionalvm.com.ar\/noticias-villa-maria\/se-realizara-en-villa-maria-el-4-encuentro-de-harley-davidson\/#breadcrumb\"},\"inLanguage\":\"es\",\"potentialAction\":[{\"@type\":\"ReadAction\",\"target\":[\"https:\/\/elregionalvm.com.ar\/noticias-villa-maria\/se-realizara-en-villa-maria-el-4-encuentro-de-harley-davidson\/\"]}]},{\"@type\":\"ImageObject\",\"inLanguage\":\"es\",\"@id\":\"https:\/\/elregionalvm.com.ar\/noticias-villa-maria\/se-realizara-en-villa-maria-el-4-encuentro-de-harley-davidson\/#primaryimage\",\"url\":\"https:\/\/i0.wp.com\/elregionalvm.com.ar\/noticias-villa-maria\/wp-content\/uploads\/2025\/04\/1add7497528a4adf9598ffb473d713db.jpeg?fit=800%2C600&ssl=1\",\"contentUrl\":\"https:\/\/i0.wp.com\/elregionalvm.com.ar\/noticias-villa-maria\/wp-content\/uploads\/2025\/04\/1add7497528a4adf9598ffb473d713db.jpeg?fit=800%2C600&ssl=1\",\"width\":800,\"height\":600},{\"@type\":\"BreadcrumbList\",\"@id\":\"https:\/\/elregionalvm.com.ar\/noticias-villa-maria\/se-realizara-en-villa-maria-el-4-encuentro-de-harley-davidson\/#breadcrumb\",\"itemListElement\":[{\"@type\":\"ListItem\",\"position\":1,\"name\":\"Portada\",\"item\":\"https:\/\/elregionalvm.com.ar\/noticias-villa-maria\/\"},{\"@type\":\"ListItem\",\"position\":2,\"name\":\"Se realizar\u00e1 en Villa Mar\u00eda el 4\u00b0 encuentro de Harley Davidson\"}]},{\"@type\":\"WebSite\",\"@id\":\"http:\/\/elregionalvm.com.ar\/noticias-villa-maria\/#website\",\"url\":\"http:\/\/elregionalvm.com.ar\/noticias-villa-maria\/\",\"name\":\"El Regional\",\"description\":\"Mucho m\u00e1s que informaci\u00f3n\",\"potentialAction\":[{\"@type\":\"SearchAction\",\"target\":{\"@type\":\"EntryPoint\",\"urlTemplate\":\"http:\/\/elregionalvm.com.ar\/noticias-villa-maria\/?s={search_term_string}\"},\"query-input\":{\"@type\":\"PropertyValueSpecification\",\"valueRequired\":true,\"valueName\":\"search_term_string\"}}],\"inLanguage\":\"es\"},{\"@type\":\"Person\",\"@id\":\"http:\/\/elregionalvm.com.ar\/noticias-villa-maria\/#\/schema\/person\/a0fb9c422317faca23d50163151bc354\",\"name\":\"Contenidos El Regional\",\"image\":{\"@type\":\"ImageObject\",\"inLanguage\":\"es\",\"@id\":\"http:\/\/elregionalvm.com.ar\/noticias-villa-maria\/#\/schema\/person\/image\/\",\"url\":\"https:\/\/secure.gravatar.com\/avatar\/265b27cb2209af7bb3a1318f03305787d7981a5cc6e6cd08fe5a4ecdf99d4b48?s=96&d=mm&r=g\",\"contentUrl\":\"https:\/\/secure.gravatar.com\/avatar\/265b27cb2209af7bb3a1318f03305787d7981a5cc6e6cd08fe5a4ecdf99d4b48?s=96&d=mm&r=g\",\"caption\":\"Contenidos El Regional\"},\"url\":\"https:\/\/elregionalvm.com.ar\/noticias-villa-maria\/author\/contenido\/\"}]}<\/script>\n<!-- \/ Yoast SEO plugin. -->","yoast_head_json":{"title":"Se realizar\u00e1 en Villa Mar\u00eda el 4\u00b0 encuentro de Harley Davidson - El Regional","robots":{"index":"index","follow":"follow","max-snippet":"max-snippet:-1","max-image-preview":"max-image-preview:large","max-video-preview":"max-video-preview:-1"},"canonical":"https:\/\/elregionalvm.com.ar\/noticias-villa-maria\/se-realizara-en-villa-maria-el-4-encuentro-de-harley-davidson\/","og_locale":"es_ES","og_type":"article","og_title":"Se realizar\u00e1 en Villa Mar\u00eda el 4\u00b0 encuentro de Harley Davidson - El Regional","og_description":"Se llevar\u00e1 a cabo en nuestra ciudad la cuarta edici\u00f3n de la \u00abMotorcycle Riders Rally Harley Villa Mar\u00eda\u00bb. El encuentro, que se llevar\u00e1 a cabo del jueves 10 al s\u00e1bado 12 de abril, fue presentado por el Presidente del Ente Villa Mar\u00eda Deporte y Turismo SEM, Alejandro Mana, el Director de dicho ente de econom\u00eda [&hellip;]","og_url":"https:\/\/elregionalvm.com.ar\/noticias-villa-maria\/se-realizara-en-villa-maria-el-4-encuentro-de-harley-davidson\/","og_site_name":"El Regional","article_publisher":"https:\/\/www.facebook.com\/elregionalvm","article_published_time":"2025-04-06T01:04:41+00:00","article_modified_time":"2025-04-06T01:04:43+00:00","og_image":[{"width":800,"height":600,"url":"https:\/\/elregionalvm.com.ar\/noticias-villa-maria\/wp-content\/uploads\/2025\/04\/1add7497528a4adf9598ffb473d713db.jpeg","type":"image\/jpeg"}],"author":"Contenidos El Regional","twitter_card":"summary_large_image","twitter_creator":"@elregionalvm1","twitter_site":"@elregionalvm1","twitter_misc":{"Escrito por":"Contenidos El Regional","Tiempo de lectura":"2 minutos"},"schema":{"@context":"https:\/\/schema.org","@graph":[{"@type":"Article","@id":"https:\/\/elregionalvm.com.ar\/noticias-villa-maria\/se-realizara-en-villa-maria-el-4-encuentro-de-harley-davidson\/#article","isPartOf":{"@id":"https:\/\/elregionalvm.com.ar\/noticias-villa-maria\/se-realizara-en-villa-maria-el-4-encuentro-de-harley-davidson\/"},"author":{"name":"Contenidos El Regional","@id":"http:\/\/elregionalvm.com.ar\/noticias-villa-maria\/#\/schema\/person\/a0fb9c422317faca23d50163151bc354"},"headline":"Se realizar\u00e1 en Villa Mar\u00eda el 4\u00b0 encuentro de Harley Davidson","datePublished":"2025-04-06T01:04:41+00:00","dateModified":"2025-04-06T01:04:43+00:00","mainEntityOfPage":{"@id":"https:\/\/elregionalvm.com.ar\/noticias-villa-maria\/se-realizara-en-villa-maria-el-4-encuentro-de-harley-davidson\/"},"wordCount":351,"commentCount":0,"image":{"@id":"https:\/\/elregionalvm.com.ar\/noticias-villa-maria\/se-realizara-en-villa-maria-el-4-encuentro-de-harley-davidson\/#primaryimage"},"thumbnailUrl":"https:\/\/i0.wp.com\/elregionalvm.com.ar\/noticias-villa-maria\/wp-content\/uploads\/2025\/04\/1add7497528a4adf9598ffb473d713db.jpeg?fit=800%2C600&ssl=1","articleSection":["destacado","Sociedad","Villa Mar\u00eda"],"inLanguage":"es","potentialAction":[{"@type":"CommentAction","name":"Comment","target":["https:\/\/elregionalvm.com.ar\/noticias-villa-maria\/se-realizara-en-villa-maria-el-4-encuentro-de-harley-davidson\/#respond"]}]},{"@type":"WebPage","@id":"https:\/\/elregionalvm.com.ar\/noticias-villa-maria\/se-realizara-en-villa-maria-el-4-encuentro-de-harley-davidson\/","url":"https:\/\/elregionalvm.com.ar\/noticias-villa-maria\/se-realizara-en-villa-maria-el-4-encuentro-de-harley-davidson\/","name":"Se realizar\u00e1 en Villa Mar\u00eda el 4\u00b0 encuentro de Harley Davidson - El Regional","isPartOf":{"@id":"http:\/\/elregionalvm.com.ar\/noticias-villa-maria\/#website"},"primaryImageOfPage":{"@id":"https:\/\/elregionalvm.com.ar\/noticias-villa-maria\/se-realizara-en-villa-maria-el-4-encuentro-de-harley-davidson\/#primaryimage"},"image":{"@id":"https:\/\/elregionalvm.com.ar\/noticias-villa-maria\/se-realizara-en-villa-maria-el-4-encuentro-de-harley-davidson\/#primaryimage"},"thumbnailUrl":"https:\/\/i0.wp.com\/elregionalvm.com.ar\/noticias-villa-maria\/wp-content\/uploads\/2025\/04\/1add7497528a4adf9598ffb473d713db.jpeg?fit=800%2C600&ssl=1","datePublished":"2025-04-06T01:04:41+00:00","dateModified":"2025-04-06T01:04:43+00:00","author":{"@id":"http:\/\/elregionalvm.com.ar\/noticias-villa-maria\/#\/schema\/person\/a0fb9c422317faca23d50163151bc354"},"breadcrumb":{"@id":"https:\/\/elregionalvm.com.ar\/noticias-villa-maria\/se-realizara-en-villa-maria-el-4-encuentro-de-harley-davidson\/#breadcrumb"},"inLanguage":"es","potentialAction":[{"@type":"ReadAction","target":["https:\/\/elregionalvm.com.ar\/noticias-villa-maria\/se-realizara-en-villa-maria-el-4-encuentro-de-harley-davidson\/"]}]},{"@type":"ImageObject","inLanguage":"es","@id":"https:\/\/elregionalvm.com.ar\/noticias-villa-maria\/se-realizara-en-villa-maria-el-4-encuentro-de-harley-davidson\/#primaryimage","url":"https:\/\/i0.wp.com\/elregionalvm.com.ar\/noticias-villa-maria\/wp-content\/uploads\/2025\/04\/1add7497528a4adf9598ffb473d713db.jpeg?fit=800%2C600&ssl=1","contentUrl":"https:\/\/i0.wp.com\/elregionalvm.com.ar\/noticias-villa-maria\/wp-content\/uploads\/2025\/04\/1add7497528a4adf9598ffb473d713db.jpeg?fit=800%2C600&ssl=1","width":800,"height":600},{"@type":"BreadcrumbList","@id":"https:\/\/elregionalvm.com.ar\/noticias-villa-maria\/se-realizara-en-villa-maria-el-4-encuentro-de-harley-davidson\/#breadcrumb","itemListElement":[{"@type":"ListItem","position":1,"name":"Portada","item":"https:\/\/elregionalvm.com.ar\/noticias-villa-maria\/"},{"@type":"ListItem","position":2,"name":"Se realizar\u00e1 en Villa Mar\u00eda el 4\u00b0 encuentro de Harley Davidson"}]},{"@type":"WebSite","@id":"http:\/\/elregionalvm.com.ar\/noticias-villa-maria\/#website","url":"http:\/\/elregionalvm.com.ar\/noticias-villa-maria\/","name":"El Regional","description":"Mucho m\u00e1s que informaci\u00f3n","potentialAction":[{"@type":"SearchAction","target":{"@type":"EntryPoint","urlTemplate":"http:\/\/elregionalvm.com.ar\/noticias-villa-maria\/?s={search_term_string}"},"query-input":{"@type":"PropertyValueSpecification","valueRequired":true,"valueName":"search_term_string"}}],"inLanguage":"es"},{"@type":"Person","@id":"http:\/\/elregionalvm.com.ar\/noticias-villa-maria\/#\/schema\/person\/a0fb9c422317faca23d50163151bc354","name":"Contenidos El Regional","image":{"@type":"ImageObject","inLanguage":"es","@id":"http:\/\/elregionalvm.com.ar\/noticias-villa-maria\/#\/schema\/person\/image\/","url":"https:\/\/secure.gravatar.com\/avatar\/265b27cb2209af7bb3a1318f03305787d7981a5cc6e6cd08fe5a4ecdf99d4b48?s=96&d=mm&r=g","contentUrl":"https:\/\/secure.gravatar.com\/avatar\/265b27cb2209af7bb3a1318f03305787d7981a5cc6e6cd08fe5a4ecdf99d4b48?s=96&d=mm&r=g","caption":"Contenidos El Regional"},"url":"https:\/\/elregionalvm.com.ar\/noticias-villa-maria\/author\/contenido\/"}]}},"jetpack_featured_media_url":"https:\/\/i0.wp.com\/elregionalvm.com.ar\/noticias-villa-maria\/wp-content\/uploads\/2025\/04\/1add7497528a4adf9598ffb473d713db.jpeg?fit=800%2C600&ssl=1","jetpack_sharing_enabled":true,"_links":{"self":[{"href":"https:\/\/elregionalvm.com.ar\/noticias-villa-maria\/wp-json\/wp\/v2\/posts\/104880","targetHints":{"allow":["GET"]}}],"collection":[{"href":"https:\/\/elregionalvm.com.ar\/noticias-villa-maria\/wp-json\/wp\/v2\/posts"}],"about":[{"href":"https:\/\/elregionalvm.com.ar\/noticias-villa-maria\/wp-json\/wp\/v2\/types\/post"}],"author":[{"embeddable":true,"href":"https:\/\/elregionalvm.com.ar\/noticias-villa-maria\/wp-json\/wp\/v2\/users\/4"}],"replies":[{"embeddable":true,"href":"https:\/\/elregionalvm.com.ar\/noticias-villa-maria\/wp-json\/wp\/v2\/comments?post=104880"}],"version-history":[{"count":1,"href":"https:\/\/elregionalvm.com.ar\/noticias-villa-maria\/wp-json\/wp\/v2\/posts\/104880\/revisions"}],"predecessor-version":[{"id":104882,"href":"https:\/\/elregionalvm.com.ar\/noticias-villa-maria\/wp-json\/wp\/v2\/posts\/104880\/revisions\/104882"}],"wp:featuredmedia":[{"embeddable":true,"href":"https:\/\/elregionalvm.com.ar\/noticias-villa-maria\/wp-json\/wp\/v2\/media\/104881"}],"wp:attachment":[{"href":"https:\/\/elregionalvm.com.ar\/noticias-villa-maria\/wp-json\/wp\/v2\/media?parent=104880"}],"wp:term":[{"taxonomy":"category","embeddable":true,"href":"https:\/\/elregionalvm.com.ar\/noticias-villa-maria\/wp-json\/wp\/v2\/categories?post=104880"},{"taxonomy":"post_tag","embeddable":true,"href":"https:\/\/elregionalvm.com.ar\/noticias-villa-maria\/wp-json\/wp\/v2\/tags?post=104880"}],"curies":[{"name":"wp","href":"https:\/\/api.w.org\/{rel}","templated":true}]}}