{"id":104883,"date":"2025-04-06T01:11:44","date_gmt":"2025-04-06T01:11:44","guid":{"rendered":"https:\/\/elregionalvm.com.ar\/noticias-villa-maria\/?p=104883"},"modified":"2025-04-06T01:11:46","modified_gmt":"2025-04-06T01:11:46","slug":"reconocieron-a-las-mujeres-protagonistas-2025-de-la-ciudad","status":"publish","type":"post","link":"https:\/\/elregionalvm.com.ar\/noticias-villa-maria\/reconocieron-a-las-mujeres-protagonistas-2025-de-la-ciudad\/","title":{"rendered":"Reconocieron a las \u00abMujeres Protagonistas 2025\u00bb de la ciudad"},"content":{"rendered":"\n<p>En el marco del mes de las Mujeres Trabajadoras, conmemorado el pasado 8 de marzo en su d\u00eda internacional, y con el objetivo de reconocer y visibilizar a mujeres destacadas en los \u00e1mbitos de: Salud y Bienestar, Deporte y Recreaci\u00f3n, Participaci\u00f3n Pol\u00edtica y Comunitaria, Cultura y Artes, Ciencia y Educaci\u00f3n, y Profesi\u00f3n, Oficio y Emprendimiento, el Concejo Deliberante, con el presidente Juan Pablo Inglese a la cabeza, reconoci\u00f3 a las \u201cMujeres Protagonistas 2025\u201d de la ciudad.<\/p>\n\n\n\n<p>En un multitudinario acto realizado en el Auditorio Antonio Sobral, m\u00e1s de 400 personas pudieron compartir la emoci\u00f3n y aplaudir de pie a las 81 \u00abMujeres Protagonistas 2025\u00bb.<\/p>\n\n\n\n<p>Es importante destacar que en esta edici\u00f3n se registraron un total de 5.300 votos en todas las categor\u00edas, lo que representa un significativo incremento en comparaci\u00f3n con la edici\u00f3n 2024. Del mismo modo, la cantidad de mujeres postuladas ascendi\u00f3 a 81, m\u00e1s del doble que las 40 registradas en la edici\u00f3n anterior.<\/p>\n\n\n\n<p>Minutos antes de comenzar con la entrega de certificados y reconocimientos, el Presidente del Concejo Deliberante Juan Pablo Inglese valor\u00f3 el momento y dijo: \u00abEsta noche es de esas que quedan grabadas en la memoria. Este acto invita a reflexionar y reconocer. El programa Mujeres Protagonistas fue impulsado por el Concejo Deliberante con un profundo sentido de justicia y gratitud: justicia, porque muchas acciones de mujeres suceden en silencio pero con gran impacto, y gratitud, porque gracias a ellas la ciudad se fortalece y se humaniza\u00bb<\/p>\n\n\n\n<p>M\u00e1s adelante, Inglese agreg\u00f3: \u00abEl programa busca visibilizar a mujeres que desde distintos \u00e1mbitos generan transformaciones reales en su entorno. Y es muy probable que muchas de estas mujeres quiz\u00e1s no salgan en los medios, pero est\u00e1n presentes tejiendo redes, tendiendo manos y abriendo caminos\u00bb<\/p>\n\n\n\n<p>\u00abSin dudas que todas tienen el mismo valor, porque ser postulada ya es un acto de profundo reconocimiento. Cada una de las mujeres postuladas representa a miles m\u00e1s que hacen de Villa Mar\u00eda un mejor lugar\u00bb, sigui\u00f3 Inglese.<\/p>\n\n\n\n<p>Para finalizar, el presidente del Concejo Deliberante, expres\u00f3: \u00abPor todo esto, sepan que Mujeres Protagonistas es una invitaci\u00f3n a involucrarse, apoyar, visibilizar y construir comunidad, porque las transformaciones reales muchas veces tienen rostro de mujer, y debemos celebrarlas, cuidarlas y acompa\u00f1arlas siempre\u00bb.<\/p>\n\n\n\n<p>Antes de conocer a las ganadoras en cada categor\u00eda, y para amenizar el momento, las violinistas locales Luisina Broggi Lloret y Cecilia Castelli deleitaron a los presentes con su interpretaci\u00f3n musical. Adem\u00e1s, la artista Mar\u00eda Paz Canelo interpreto el Himno Nacional.<\/p>\n\n\n\n<p>En cuanto a las ganadoras en cada categor\u00eda fueron: Romina Machado en Salud y Bienestar; Adriana Zucarelli en Participaci\u00f3n Pol\u00edtica y Comunitaria; Mar\u00eda Cecilia Bazzanella en Ciencia y Educaci\u00f3n; Alicia Rolfo en Cultura y Artes; Paola V\u00e1zquez en Deporte y Recreaci\u00f3n; Valentina Doffo en Profesi\u00f3n, Oficio y Emprendimiento; y, se entreg\u00f3 una menci\u00f3n especial tambi\u00e9n en la categor\u00eda Participaci\u00f3n Pol\u00edtica y Comunitaria para el grupo de Mujeres Bomberas.<\/p>\n\n\n\n<p>Vale recordar que las candidatas fueron:<\/p>\n\n\n\n<p>Salud y Bienestar: Cecilia Capdevilla, Noelia Benedetto, Romina Machado, Norma Alicia Nocetti, M\u00f3nica Peralta, Ver\u00f3nica Varela, Mar\u00eda Elena Arrascaeta, Romina Fornes, Janet Scaglia, Natalia Soledad Ogas, Claudia Cativelli, Fanny Andrea Bustos y Lorena D\u00edaz.<\/p>\n\n\n\n<p>Deporte y Recreaci\u00f3n: Paola Alejandra V\u00e1zquez, Adriana Mar\u00eda Bosco, Roxana Arriola, Bel\u00e9n Antonino, Mar\u00eda Ferreyra y Paulina Luz Viera D\u00edaz.<\/p>\n\n\n\n<p>Participaci\u00f3n Pol\u00edtica y Comunitaria: Beatriz P\u00e9rez, Renato Chiavenato, Ana Elvira Balbo Mosetto, Carolina Merlo, Adriana Zucarelli, Claudia Alejandra Far\u00edas y Elena Fabiana Martel.<\/p>\n\n\n\n<p>Adem\u00e1s, en esta categor\u00eda se incorpora el grupo \u00abMujeres Bomberas\u00bb, integrado por: Bianca Bruno, Rosana Cuadrado, Sof\u00eda Haldemann, Luna Carmagnola, Mary Alina, Noelia Paiva, Cintia P\u00e9rez, Mar\u00eda Victoria Ragazzini, Estefan\u00eda Ronca, Milagros Semprini, Soledad Sobrero, Alma Sonzini, Cintia Soriano, Carolina Viale y Julieta P\u00e9rez Parra.<\/p>\n\n\n\n<p>Cultura y Artes: Virginia Villafa\u00f1e, Virginia Gonz\u00e1lez, Patricia Piedecasas, Romina C\u00e1ceres, Coqui Podest\u00e1, Nicolle Gianinetto, Patricia Rampulla, Ver\u00f3nica Mallada, Mar\u00eda Alejandra Gonz\u00e1lez, Ver\u00f3nica Quatrochio y Alicia Rolfo.<\/p>\n\n\n\n<p>Ciencia y Educaci\u00f3n: Mar\u00eda Cecilia Bazzanella, Mar\u00eda Leonor Borselli, Jorgelina Grassani, Roxana Carranza, Mar\u00eda Jimena Monesterolo, Ileana Ramallo, Marisa \u00c1lvarez del Valle, Stella Maris Ruggiero y Romina Dutto.<\/p>\n\n\n\n<p>Profesi\u00f3n, Oficio y Emprendimiento: Yohana Borri, Estela Maris Arrascaeta, Mariana Mengarelli, Antonella Parucci, Graciela Mar\u00eda Basso, Silvia Marcela Dur\u00e1n, Betiana Oberti, Iara Diez, Agustina Mariscotti Reyna, Mar\u00eda del Carmen Albert, Mar\u00eda Luz Rovira, Soledad Vanesa Rivarola, Florencia Cabrera, Lilia Bergesio, Antonela Piazza, Valentina Doffo, Ail\u00e9n Carranza, Mar\u00eda Lescano, Rosana Ag\u00fcero y Madelaine Montagner.<\/p>\n","protected":false},"excerpt":{"rendered":"<p>En el marco del mes de las Mujeres Trabajadoras, conmemorado el pasado 8 de marzo en su d\u00eda internacional, y con el objetivo de reconocer y visibilizar a mujeres destacadas en los \u00e1mbitos de: Salud y Bienestar, Deporte y Recreaci\u00f3n, Participaci\u00f3n Pol\u00edtica y Comunitaria, Cultura y Artes, Ciencia y Educaci\u00f3n, y Profesi\u00f3n, Oficio y Emprendimiento, [&hellip;]<\/p>\n","protected":false},"author":4,"featured_media":104884,"comment_status":"open","ping_status":"open","sticky":false,"template":"","format":"standard","meta":{"site-sidebar-layout":"default","site-content-layout":"","ast-site-content-layout":"default","site-content-style":"default","site-sidebar-style":"default","ast-global-header-display":"","ast-banner-title-visibility":"","ast-main-header-display":"","ast-hfb-above-header-display":"","ast-hfb-below-header-display":"","ast-hfb-mobile-header-display":"","site-post-title":"","ast-breadcrumbs-content":"","ast-featured-img":"","footer-sml-layout":"","ast-disable-related-posts":"","theme-transparent-header-meta":"","adv-header-id-meta":"","stick-header-meta":"","header-above-stick-meta":"","header-main-stick-meta":"","header-below-stick-meta":"","astra-migrate-meta-layouts":"set","ast-page-background-enabled":"default","ast-page-background-meta":{"desktop":{"background-color":"","background-image":"","background-repeat":"repeat","background-position":"center center","background-size":"auto","background-attachment":"scroll","background-type":"","background-media":"","overlay-type":"","overlay-color":"","overlay-opacity":"","overlay-gradient":""},"tablet":{"background-color":"","background-image":"","background-repeat":"repeat","background-position":"center center","background-size":"auto","background-attachment":"scroll","background-type":"","background-media":"","overlay-type":"","overlay-color":"","overlay-opacity":"","overlay-gradient":""},"mobile":{"background-color":"","background-image":"","background-repeat":"repeat","background-position":"center center","background-size":"auto","background-attachment":"scroll","background-type":"","background-media":"","overlay-type":"","overlay-color":"","overlay-opacity":"","overlay-gradient":""}},"ast-content-background-meta":{"desktop":{"background-color":"var(--ast-global-color-5)","background-image":"","background-repeat":"repeat","background-position":"center center","background-size":"auto","background-attachment":"scroll","background-type":"","background-media":"","overlay-type":"","overlay-color":"","overlay-opacity":"","overlay-gradient":""},"tablet":{"background-color":"var(--ast-global-color-5)","background-image":"","background-repeat":"repeat","background-position":"center center","background-size":"auto","background-attachment":"scroll","background-type":"","background-media":"","overlay-type":"","overlay-color":"","overlay-opacity":"","overlay-gradient":""},"mobile":{"background-color":"var(--ast-global-color-5)","background-image":"","background-repeat":"repeat","background-position":"center center","background-size":"auto","background-attachment":"scroll","background-type":"","background-media":"","overlay-type":"","overlay-color":"","overlay-opacity":"","overlay-gradient":""}},"_jetpack_memberships_contains_paid_content":false,"_joinchat":[],"footnotes":""},"categories":[15302,5,2],"tags":[],"class_list":["post-104883","post","type-post","status-publish","format-standard","has-post-thumbnail","hentry","category-destacado","category-sociedad","category-villa-maria"],"yoast_head":"<!-- This site is optimized with the Yoast SEO plugin v26.8 - https:\/\/yoast.com\/product\/yoast-seo-wordpress\/ -->\n<title>Reconocieron a las &quot;Mujeres Protagonistas 2025&quot; de la ciudad - El Regional<\/title>\n<meta name=\"robots\" content=\"index, follow, max-snippet:-1, max-image-preview:large, max-video-preview:-1\" \/>\n<link rel=\"canonical\" href=\"https:\/\/elregionalvm.com.ar\/noticias-villa-maria\/reconocieron-a-las-mujeres-protagonistas-2025-de-la-ciudad\/\" \/>\n<meta property=\"og:locale\" content=\"es_ES\" \/>\n<meta property=\"og:type\" content=\"article\" \/>\n<meta property=\"og:title\" content=\"Reconocieron a las &quot;Mujeres Protagonistas 2025&quot; de la ciudad - El Regional\" \/>\n<meta property=\"og:description\" content=\"En el marco del mes de las Mujeres Trabajadoras, conmemorado el pasado 8 de marzo en su d\u00eda internacional, y con el objetivo de reconocer y visibilizar a mujeres destacadas en los \u00e1mbitos de: Salud y Bienestar, Deporte y Recreaci\u00f3n, Participaci\u00f3n Pol\u00edtica y Comunitaria, Cultura y Artes, Ciencia y Educaci\u00f3n, y Profesi\u00f3n, Oficio y Emprendimiento, [&hellip;]\" \/>\n<meta property=\"og:url\" content=\"https:\/\/elregionalvm.com.ar\/noticias-villa-maria\/reconocieron-a-las-mujeres-protagonistas-2025-de-la-ciudad\/\" \/>\n<meta property=\"og:site_name\" content=\"El Regional\" \/>\n<meta property=\"article:publisher\" content=\"https:\/\/www.facebook.com\/elregionalvm\" \/>\n<meta property=\"article:published_time\" content=\"2025-04-06T01:11:44+00:00\" \/>\n<meta property=\"article:modified_time\" content=\"2025-04-06T01:11:46+00:00\" \/>\n<meta property=\"og:image\" content=\"https:\/\/elregionalvm.com.ar\/noticias-villa-maria\/wp-content\/uploads\/2025\/04\/WhatsApp-Image-2025-04-05-at-9.14.00-AM.jpeg\" \/>\n\t<meta property=\"og:image:width\" content=\"1500\" \/>\n\t<meta property=\"og:image:height\" content=\"1000\" \/>\n\t<meta property=\"og:image:type\" content=\"image\/jpeg\" \/>\n<meta name=\"author\" content=\"Contenidos El Regional\" \/>\n<meta name=\"twitter:card\" content=\"summary_large_image\" \/>\n<meta name=\"twitter:creator\" content=\"@elregionalvm1\" \/>\n<meta name=\"twitter:site\" content=\"@elregionalvm1\" \/>\n<meta name=\"twitter:label1\" content=\"Escrito por\" \/>\n\t<meta name=\"twitter:data1\" content=\"Contenidos El Regional\" \/>\n\t<meta name=\"twitter:label2\" content=\"Tiempo de lectura\" \/>\n\t<meta name=\"twitter:data2\" content=\"4 minutos\" \/>\n<script type=\"application\/ld+json\" class=\"yoast-schema-graph\">{\"@context\":\"https:\/\/schema.org\",\"@graph\":[{\"@type\":\"Article\",\"@id\":\"https:\/\/elregionalvm.com.ar\/noticias-villa-maria\/reconocieron-a-las-mujeres-protagonistas-2025-de-la-ciudad\/#article\",\"isPartOf\":{\"@id\":\"https:\/\/elregionalvm.com.ar\/noticias-villa-maria\/reconocieron-a-las-mujeres-protagonistas-2025-de-la-ciudad\/\"},\"author\":{\"name\":\"Contenidos El Regional\",\"@id\":\"http:\/\/elregionalvm.com.ar\/noticias-villa-maria\/#\/schema\/person\/a0fb9c422317faca23d50163151bc354\"},\"headline\":\"Reconocieron a las \u00abMujeres Protagonistas 2025\u00bb de la ciudad\",\"datePublished\":\"2025-04-06T01:11:44+00:00\",\"dateModified\":\"2025-04-06T01:11:46+00:00\",\"mainEntityOfPage\":{\"@id\":\"https:\/\/elregionalvm.com.ar\/noticias-villa-maria\/reconocieron-a-las-mujeres-protagonistas-2025-de-la-ciudad\/\"},\"wordCount\":789,\"commentCount\":0,\"image\":{\"@id\":\"https:\/\/elregionalvm.com.ar\/noticias-villa-maria\/reconocieron-a-las-mujeres-protagonistas-2025-de-la-ciudad\/#primaryimage\"},\"thumbnailUrl\":\"https:\/\/i0.wp.com\/elregionalvm.com.ar\/noticias-villa-maria\/wp-content\/uploads\/2025\/04\/WhatsApp-Image-2025-04-05-at-9.14.00-AM.jpeg?fit=1500%2C1000&ssl=1\",\"articleSection\":[\"destacado\",\"Sociedad\",\"Villa Mar\u00eda\"],\"inLanguage\":\"es\",\"potentialAction\":[{\"@type\":\"CommentAction\",\"name\":\"Comment\",\"target\":[\"https:\/\/elregionalvm.com.ar\/noticias-villa-maria\/reconocieron-a-las-mujeres-protagonistas-2025-de-la-ciudad\/#respond\"]}]},{\"@type\":\"WebPage\",\"@id\":\"https:\/\/elregionalvm.com.ar\/noticias-villa-maria\/reconocieron-a-las-mujeres-protagonistas-2025-de-la-ciudad\/\",\"url\":\"https:\/\/elregionalvm.com.ar\/noticias-villa-maria\/reconocieron-a-las-mujeres-protagonistas-2025-de-la-ciudad\/\",\"name\":\"Reconocieron a las \\\"Mujeres Protagonistas 2025\\\" de la ciudad - El Regional\",\"isPartOf\":{\"@id\":\"http:\/\/elregionalvm.com.ar\/noticias-villa-maria\/#website\"},\"primaryImageOfPage\":{\"@id\":\"https:\/\/elregionalvm.com.ar\/noticias-villa-maria\/reconocieron-a-las-mujeres-protagonistas-2025-de-la-ciudad\/#primaryimage\"},\"image\":{\"@id\":\"https:\/\/elregionalvm.com.ar\/noticias-villa-maria\/reconocieron-a-las-mujeres-protagonistas-2025-de-la-ciudad\/#primaryimage\"},\"thumbnailUrl\":\"https:\/\/i0.wp.com\/elregionalvm.com.ar\/noticias-villa-maria\/wp-content\/uploads\/2025\/04\/WhatsApp-Image-2025-04-05-at-9.14.00-AM.jpeg?fit=1500%2C1000&ssl=1\",\"datePublished\":\"2025-04-06T01:11:44+00:00\",\"dateModified\":\"2025-04-06T01:11:46+00:00\",\"author\":{\"@id\":\"http:\/\/elregionalvm.com.ar\/noticias-villa-maria\/#\/schema\/person\/a0fb9c422317faca23d50163151bc354\"},\"breadcrumb\":{\"@id\":\"https:\/\/elregionalvm.com.ar\/noticias-villa-maria\/reconocieron-a-las-mujeres-protagonistas-2025-de-la-ciudad\/#breadcrumb\"},\"inLanguage\":\"es\",\"potentialAction\":[{\"@type\":\"ReadAction\",\"target\":[\"https:\/\/elregionalvm.com.ar\/noticias-villa-maria\/reconocieron-a-las-mujeres-protagonistas-2025-de-la-ciudad\/\"]}]},{\"@type\":\"ImageObject\",\"inLanguage\":\"es\",\"@id\":\"https:\/\/elregionalvm.com.ar\/noticias-villa-maria\/reconocieron-a-las-mujeres-protagonistas-2025-de-la-ciudad\/#primaryimage\",\"url\":\"https:\/\/i0.wp.com\/elregionalvm.com.ar\/noticias-villa-maria\/wp-content\/uploads\/2025\/04\/WhatsApp-Image-2025-04-05-at-9.14.00-AM.jpeg?fit=1500%2C1000&ssl=1\",\"contentUrl\":\"https:\/\/i0.wp.com\/elregionalvm.com.ar\/noticias-villa-maria\/wp-content\/uploads\/2025\/04\/WhatsApp-Image-2025-04-05-at-9.14.00-AM.jpeg?fit=1500%2C1000&ssl=1\",\"width\":1500,\"height\":1000},{\"@type\":\"BreadcrumbList\",\"@id\":\"https:\/\/elregionalvm.com.ar\/noticias-villa-maria\/reconocieron-a-las-mujeres-protagonistas-2025-de-la-ciudad\/#breadcrumb\",\"itemListElement\":[{\"@type\":\"ListItem\",\"position\":1,\"name\":\"Portada\",\"item\":\"https:\/\/elregionalvm.com.ar\/noticias-villa-maria\/\"},{\"@type\":\"ListItem\",\"position\":2,\"name\":\"Reconocieron a las \u00abMujeres Protagonistas 2025\u00bb de la ciudad\"}]},{\"@type\":\"WebSite\",\"@id\":\"http:\/\/elregionalvm.com.ar\/noticias-villa-maria\/#website\",\"url\":\"http:\/\/elregionalvm.com.ar\/noticias-villa-maria\/\",\"name\":\"El Regional\",\"description\":\"Mucho m\u00e1s que informaci\u00f3n\",\"potentialAction\":[{\"@type\":\"SearchAction\",\"target\":{\"@type\":\"EntryPoint\",\"urlTemplate\":\"http:\/\/elregionalvm.com.ar\/noticias-villa-maria\/?s={search_term_string}\"},\"query-input\":{\"@type\":\"PropertyValueSpecification\",\"valueRequired\":true,\"valueName\":\"search_term_string\"}}],\"inLanguage\":\"es\"},{\"@type\":\"Person\",\"@id\":\"http:\/\/elregionalvm.com.ar\/noticias-villa-maria\/#\/schema\/person\/a0fb9c422317faca23d50163151bc354\",\"name\":\"Contenidos El Regional\",\"image\":{\"@type\":\"ImageObject\",\"inLanguage\":\"es\",\"@id\":\"http:\/\/elregionalvm.com.ar\/noticias-villa-maria\/#\/schema\/person\/image\/\",\"url\":\"https:\/\/secure.gravatar.com\/avatar\/265b27cb2209af7bb3a1318f03305787d7981a5cc6e6cd08fe5a4ecdf99d4b48?s=96&d=mm&r=g\",\"contentUrl\":\"https:\/\/secure.gravatar.com\/avatar\/265b27cb2209af7bb3a1318f03305787d7981a5cc6e6cd08fe5a4ecdf99d4b48?s=96&d=mm&r=g\",\"caption\":\"Contenidos El Regional\"},\"url\":\"https:\/\/elregionalvm.com.ar\/noticias-villa-maria\/author\/contenido\/\"}]}<\/script>\n<!-- \/ Yoast SEO plugin. -->","yoast_head_json":{"title":"Reconocieron a las \"Mujeres Protagonistas 2025\" de la ciudad - El Regional","robots":{"index":"index","follow":"follow","max-snippet":"max-snippet:-1","max-image-preview":"max-image-preview:large","max-video-preview":"max-video-preview:-1"},"canonical":"https:\/\/elregionalvm.com.ar\/noticias-villa-maria\/reconocieron-a-las-mujeres-protagonistas-2025-de-la-ciudad\/","og_locale":"es_ES","og_type":"article","og_title":"Reconocieron a las \"Mujeres Protagonistas 2025\" de la ciudad - El Regional","og_description":"En el marco del mes de las Mujeres Trabajadoras, conmemorado el pasado 8 de marzo en su d\u00eda internacional, y con el objetivo de reconocer y visibilizar a mujeres destacadas en los \u00e1mbitos de: Salud y Bienestar, Deporte y Recreaci\u00f3n, Participaci\u00f3n Pol\u00edtica y Comunitaria, Cultura y Artes, Ciencia y Educaci\u00f3n, y Profesi\u00f3n, Oficio y Emprendimiento, [&hellip;]","og_url":"https:\/\/elregionalvm.com.ar\/noticias-villa-maria\/reconocieron-a-las-mujeres-protagonistas-2025-de-la-ciudad\/","og_site_name":"El Regional","article_publisher":"https:\/\/www.facebook.com\/elregionalvm","article_published_time":"2025-04-06T01:11:44+00:00","article_modified_time":"2025-04-06T01:11:46+00:00","og_image":[{"width":1500,"height":1000,"url":"https:\/\/elregionalvm.com.ar\/noticias-villa-maria\/wp-content\/uploads\/2025\/04\/WhatsApp-Image-2025-04-05-at-9.14.00-AM.jpeg","type":"image\/jpeg"}],"author":"Contenidos El Regional","twitter_card":"summary_large_image","twitter_creator":"@elregionalvm1","twitter_site":"@elregionalvm1","twitter_misc":{"Escrito por":"Contenidos El Regional","Tiempo de lectura":"4 minutos"},"schema":{"@context":"https:\/\/schema.org","@graph":[{"@type":"Article","@id":"https:\/\/elregionalvm.com.ar\/noticias-villa-maria\/reconocieron-a-las-mujeres-protagonistas-2025-de-la-ciudad\/#article","isPartOf":{"@id":"https:\/\/elregionalvm.com.ar\/noticias-villa-maria\/reconocieron-a-las-mujeres-protagonistas-2025-de-la-ciudad\/"},"author":{"name":"Contenidos El Regional","@id":"http:\/\/elregionalvm.com.ar\/noticias-villa-maria\/#\/schema\/person\/a0fb9c422317faca23d50163151bc354"},"headline":"Reconocieron a las \u00abMujeres Protagonistas 2025\u00bb de la ciudad","datePublished":"2025-04-06T01:11:44+00:00","dateModified":"2025-04-06T01:11:46+00:00","mainEntityOfPage":{"@id":"https:\/\/elregionalvm.com.ar\/noticias-villa-maria\/reconocieron-a-las-mujeres-protagonistas-2025-de-la-ciudad\/"},"wordCount":789,"commentCount":0,"image":{"@id":"https:\/\/elregionalvm.com.ar\/noticias-villa-maria\/reconocieron-a-las-mujeres-protagonistas-2025-de-la-ciudad\/#primaryimage"},"thumbnailUrl":"https:\/\/i0.wp.com\/elregionalvm.com.ar\/noticias-villa-maria\/wp-content\/uploads\/2025\/04\/WhatsApp-Image-2025-04-05-at-9.14.00-AM.jpeg?fit=1500%2C1000&ssl=1","articleSection":["destacado","Sociedad","Villa Mar\u00eda"],"inLanguage":"es","potentialAction":[{"@type":"CommentAction","name":"Comment","target":["https:\/\/elregionalvm.com.ar\/noticias-villa-maria\/reconocieron-a-las-mujeres-protagonistas-2025-de-la-ciudad\/#respond"]}]},{"@type":"WebPage","@id":"https:\/\/elregionalvm.com.ar\/noticias-villa-maria\/reconocieron-a-las-mujeres-protagonistas-2025-de-la-ciudad\/","url":"https:\/\/elregionalvm.com.ar\/noticias-villa-maria\/reconocieron-a-las-mujeres-protagonistas-2025-de-la-ciudad\/","name":"Reconocieron a las \"Mujeres Protagonistas 2025\" de la ciudad - El Regional","isPartOf":{"@id":"http:\/\/elregionalvm.com.ar\/noticias-villa-maria\/#website"},"primaryImageOfPage":{"@id":"https:\/\/elregionalvm.com.ar\/noticias-villa-maria\/reconocieron-a-las-mujeres-protagonistas-2025-de-la-ciudad\/#primaryimage"},"image":{"@id":"https:\/\/elregionalvm.com.ar\/noticias-villa-maria\/reconocieron-a-las-mujeres-protagonistas-2025-de-la-ciudad\/#primaryimage"},"thumbnailUrl":"https:\/\/i0.wp.com\/elregionalvm.com.ar\/noticias-villa-maria\/wp-content\/uploads\/2025\/04\/WhatsApp-Image-2025-04-05-at-9.14.00-AM.jpeg?fit=1500%2C1000&ssl=1","datePublished":"2025-04-06T01:11:44+00:00","dateModified":"2025-04-06T01:11:46+00:00","author":{"@id":"http:\/\/elregionalvm.com.ar\/noticias-villa-maria\/#\/schema\/person\/a0fb9c422317faca23d50163151bc354"},"breadcrumb":{"@id":"https:\/\/elregionalvm.com.ar\/noticias-villa-maria\/reconocieron-a-las-mujeres-protagonistas-2025-de-la-ciudad\/#breadcrumb"},"inLanguage":"es","potentialAction":[{"@type":"ReadAction","target":["https:\/\/elregionalvm.com.ar\/noticias-villa-maria\/reconocieron-a-las-mujeres-protagonistas-2025-de-la-ciudad\/"]}]},{"@type":"ImageObject","inLanguage":"es","@id":"https:\/\/elregionalvm.com.ar\/noticias-villa-maria\/reconocieron-a-las-mujeres-protagonistas-2025-de-la-ciudad\/#primaryimage","url":"https:\/\/i0.wp.com\/elregionalvm.com.ar\/noticias-villa-maria\/wp-content\/uploads\/2025\/04\/WhatsApp-Image-2025-04-05-at-9.14.00-AM.jpeg?fit=1500%2C1000&ssl=1","contentUrl":"https:\/\/i0.wp.com\/elregionalvm.com.ar\/noticias-villa-maria\/wp-content\/uploads\/2025\/04\/WhatsApp-Image-2025-04-05-at-9.14.00-AM.jpeg?fit=1500%2C1000&ssl=1","width":1500,"height":1000},{"@type":"BreadcrumbList","@id":"https:\/\/elregionalvm.com.ar\/noticias-villa-maria\/reconocieron-a-las-mujeres-protagonistas-2025-de-la-ciudad\/#breadcrumb","itemListElement":[{"@type":"ListItem","position":1,"name":"Portada","item":"https:\/\/elregionalvm.com.ar\/noticias-villa-maria\/"},{"@type":"ListItem","position":2,"name":"Reconocieron a las \u00abMujeres Protagonistas 2025\u00bb de la ciudad"}]},{"@type":"WebSite","@id":"http:\/\/elregionalvm.com.ar\/noticias-villa-maria\/#website","url":"http:\/\/elregionalvm.com.ar\/noticias-villa-maria\/","name":"El Regional","description":"Mucho m\u00e1s que informaci\u00f3n","potentialAction":[{"@type":"SearchAction","target":{"@type":"EntryPoint","urlTemplate":"http:\/\/elregionalvm.com.ar\/noticias-villa-maria\/?s={search_term_string}"},"query-input":{"@type":"PropertyValueSpecification","valueRequired":true,"valueName":"search_term_string"}}],"inLanguage":"es"},{"@type":"Person","@id":"http:\/\/elregionalvm.com.ar\/noticias-villa-maria\/#\/schema\/person\/a0fb9c422317faca23d50163151bc354","name":"Contenidos El Regional","image":{"@type":"ImageObject","inLanguage":"es","@id":"http:\/\/elregionalvm.com.ar\/noticias-villa-maria\/#\/schema\/person\/image\/","url":"https:\/\/secure.gravatar.com\/avatar\/265b27cb2209af7bb3a1318f03305787d7981a5cc6e6cd08fe5a4ecdf99d4b48?s=96&d=mm&r=g","contentUrl":"https:\/\/secure.gravatar.com\/avatar\/265b27cb2209af7bb3a1318f03305787d7981a5cc6e6cd08fe5a4ecdf99d4b48?s=96&d=mm&r=g","caption":"Contenidos El Regional"},"url":"https:\/\/elregionalvm.com.ar\/noticias-villa-maria\/author\/contenido\/"}]}},"jetpack_featured_media_url":"https:\/\/i0.wp.com\/elregionalvm.com.ar\/noticias-villa-maria\/wp-content\/uploads\/2025\/04\/WhatsApp-Image-2025-04-05-at-9.14.00-AM.jpeg?fit=1500%2C1000&ssl=1","jetpack_sharing_enabled":true,"_links":{"self":[{"href":"https:\/\/elregionalvm.com.ar\/noticias-villa-maria\/wp-json\/wp\/v2\/posts\/104883","targetHints":{"allow":["GET"]}}],"collection":[{"href":"https:\/\/elregionalvm.com.ar\/noticias-villa-maria\/wp-json\/wp\/v2\/posts"}],"about":[{"href":"https:\/\/elregionalvm.com.ar\/noticias-villa-maria\/wp-json\/wp\/v2\/types\/post"}],"author":[{"embeddable":true,"href":"https:\/\/elregionalvm.com.ar\/noticias-villa-maria\/wp-json\/wp\/v2\/users\/4"}],"replies":[{"embeddable":true,"href":"https:\/\/elregionalvm.com.ar\/noticias-villa-maria\/wp-json\/wp\/v2\/comments?post=104883"}],"version-history":[{"count":1,"href":"https:\/\/elregionalvm.com.ar\/noticias-villa-maria\/wp-json\/wp\/v2\/posts\/104883\/revisions"}],"predecessor-version":[{"id":104885,"href":"https:\/\/elregionalvm.com.ar\/noticias-villa-maria\/wp-json\/wp\/v2\/posts\/104883\/revisions\/104885"}],"wp:featuredmedia":[{"embeddable":true,"href":"https:\/\/elregionalvm.com.ar\/noticias-villa-maria\/wp-json\/wp\/v2\/media\/104884"}],"wp:attachment":[{"href":"https:\/\/elregionalvm.com.ar\/noticias-villa-maria\/wp-json\/wp\/v2\/media?parent=104883"}],"wp:term":[{"taxonomy":"category","embeddable":true,"href":"https:\/\/elregionalvm.com.ar\/noticias-villa-maria\/wp-json\/wp\/v2\/categories?post=104883"},{"taxonomy":"post_tag","embeddable":true,"href":"https:\/\/elregionalvm.com.ar\/noticias-villa-maria\/wp-json\/wp\/v2\/tags?post=104883"}],"curies":[{"name":"wp","href":"https:\/\/api.w.org\/{rel}","templated":true}]}}