{"id":104886,"date":"2025-04-06T01:14:12","date_gmt":"2025-04-06T01:14:12","guid":{"rendered":"https:\/\/elregionalvm.com.ar\/noticias-villa-maria\/?p=104886"},"modified":"2025-04-06T01:16:18","modified_gmt":"2025-04-06T01:16:18","slug":"se-llevo-a-cabo-el-primer-encuentro-para-el-cuidado-de-la-salud-mental-impulsado","status":"publish","type":"post","link":"https:\/\/elregionalvm.com.ar\/noticias-villa-maria\/se-llevo-a-cabo-el-primer-encuentro-para-el-cuidado-de-la-salud-mental-impulsado\/","title":{"rendered":"Se llev\u00f3 a cabo el primer encuentro para el cuidado de la salud mental dictado por miembros de la Secretaria de Salud del Municipio"},"content":{"rendered":"\n<p>Se llev\u00f3 a cabo el primer encuentro de capacitaci\u00f3n sobre promoci\u00f3n y prevenci\u00f3n de la salud mental denominado \u201cPromoci\u00f3n de las habilidades sociales, autocuidado y primeros auxilios psicol\u00f3gicos\u201d.<\/p>\n\n\n\n<p>Esta propuesta es organizada en conjunto por la Direcci\u00f3n de Salud Mental y Consumos Problem\u00e1ticos de la Secretar\u00eda de Salud municipal y la Secretar\u00eda de Salud Mental del Gobierno de la Provincia de C\u00f3rdoba.<\/p>\n\n\n\n<p>La iniciativa tiene como objetivo principal brindar herramientas para el fortalecimiento de habilidades sociales, estrategias de autocuidado y nociones b\u00e1sicas de primeros auxilios psicol\u00f3gicos, beneficiando tanto a los equipos de salud como a la comunidad en general.<\/p>\n\n\n\n<p>Durante la primera jornada, m\u00e1s de 30 asistentes participaron de actividades te\u00f3rico-pr\u00e1cticas y recibieron material informativo sobre los ejes tem\u00e1ticos abordados.<\/p>\n\n\n\n<p>Cabe mencionar que esta capacitaci\u00f3n forma parte del Programa \u201cCuidarNos\u201d que desarrolla la Secretar\u00eda de Salud Mental provincial en todo el territorio cordob\u00e9s, con contenidos relacionados al autocuidado de la salud mental de los equipos de trabajo en salud y para las personas en general.<\/p>\n\n\n\n<p>El segundo encuentro se realizar\u00e1 el pr\u00f3ximo martes 8 de abril a las 9 horas en el Centro Cultural \u201cLeonardo Favio\u201d (Av. Gdor. Sabattini 200), donde se explicar\u00e1 c\u00f3mo trabajar estas tem\u00e1ticas con la metodolog\u00eda de stand cuidadoso. Los interesados pueden inscribirse a trav\u00e9s del siguiente enlace:&nbsp;<a href=\"https:\/\/forms.gle\/mzd4WRg5w4oZPpyP6\">https:\/\/forms.gle\/mzd4WRg5w4oZPpyP6<\/a><\/p>\n","protected":false},"excerpt":{"rendered":"<p>Se llev\u00f3 a cabo el primer encuentro de capacitaci\u00f3n sobre promoci\u00f3n y prevenci\u00f3n de la salud mental denominado \u201cPromoci\u00f3n de las habilidades sociales, autocuidado y primeros auxilios psicol\u00f3gicos\u201d. Esta propuesta es organizada en conjunto por la Direcci\u00f3n de Salud Mental y Consumos Problem\u00e1ticos de la Secretar\u00eda de Salud municipal y la Secretar\u00eda de Salud Mental [&hellip;]<\/p>\n","protected":false},"author":4,"featured_media":104887,"comment_status":"open","ping_status":"open","sticky":false,"template":"","format":"standard","meta":{"site-sidebar-layout":"default","site-content-layout":"","ast-site-content-layout":"default","site-content-style":"default","site-sidebar-style":"default","ast-global-header-display":"","ast-banner-title-visibility":"","ast-main-header-display":"","ast-hfb-above-header-display":"","ast-hfb-below-header-display":"","ast-hfb-mobile-header-display":"","site-post-title":"","ast-breadcrumbs-content":"","ast-featured-img":"","footer-sml-layout":"","ast-disable-related-posts":"","theme-transparent-header-meta":"","adv-header-id-meta":"","stick-header-meta":"","header-above-stick-meta":"","header-main-stick-meta":"","header-below-stick-meta":"","astra-migrate-meta-layouts":"set","ast-page-background-enabled":"default","ast-page-background-meta":{"desktop":{"background-color":"","background-image":"","background-repeat":"repeat","background-position":"center center","background-size":"auto","background-attachment":"scroll","background-type":"","background-media":"","overlay-type":"","overlay-color":"","overlay-opacity":"","overlay-gradient":""},"tablet":{"background-color":"","background-image":"","background-repeat":"repeat","background-position":"center center","background-size":"auto","background-attachment":"scroll","background-type":"","background-media":"","overlay-type":"","overlay-color":"","overlay-opacity":"","overlay-gradient":""},"mobile":{"background-color":"","background-image":"","background-repeat":"repeat","background-position":"center center","background-size":"auto","background-attachment":"scroll","background-type":"","background-media":"","overlay-type":"","overlay-color":"","overlay-opacity":"","overlay-gradient":""}},"ast-content-background-meta":{"desktop":{"background-color":"var(--ast-global-color-5)","background-image":"","background-repeat":"repeat","background-position":"center center","background-size":"auto","background-attachment":"scroll","background-type":"","background-media":"","overlay-type":"","overlay-color":"","overlay-opacity":"","overlay-gradient":""},"tablet":{"background-color":"var(--ast-global-color-5)","background-image":"","background-repeat":"repeat","background-position":"center center","background-size":"auto","background-attachment":"scroll","background-type":"","background-media":"","overlay-type":"","overlay-color":"","overlay-opacity":"","overlay-gradient":""},"mobile":{"background-color":"var(--ast-global-color-5)","background-image":"","background-repeat":"repeat","background-position":"center center","background-size":"auto","background-attachment":"scroll","background-type":"","background-media":"","overlay-type":"","overlay-color":"","overlay-opacity":"","overlay-gradient":""}},"_jetpack_memberships_contains_paid_content":false,"_joinchat":[],"footnotes":""},"categories":[15302,5,2],"tags":[],"class_list":["post-104886","post","type-post","status-publish","format-standard","has-post-thumbnail","hentry","category-destacado","category-sociedad","category-villa-maria"],"yoast_head":"<!-- This site is optimized with the Yoast SEO plugin v26.8 - https:\/\/yoast.com\/product\/yoast-seo-wordpress\/ -->\n<title>Se llev\u00f3 a cabo el primer encuentro para el cuidado de la salud mental dictado por miembros de la Secretaria de Salud del Municipio - El Regional<\/title>\n<meta name=\"robots\" content=\"index, follow, max-snippet:-1, max-image-preview:large, max-video-preview:-1\" \/>\n<link rel=\"canonical\" href=\"https:\/\/elregionalvm.com.ar\/noticias-villa-maria\/se-llevo-a-cabo-el-primer-encuentro-para-el-cuidado-de-la-salud-mental-impulsado\/\" \/>\n<meta property=\"og:locale\" content=\"es_ES\" \/>\n<meta property=\"og:type\" content=\"article\" \/>\n<meta property=\"og:title\" content=\"Se llev\u00f3 a cabo el primer encuentro para el cuidado de la salud mental dictado por miembros de la Secretaria de Salud del Municipio - El Regional\" \/>\n<meta property=\"og:description\" content=\"Se llev\u00f3 a cabo el primer encuentro de capacitaci\u00f3n sobre promoci\u00f3n y prevenci\u00f3n de la salud mental denominado \u201cPromoci\u00f3n de las habilidades sociales, autocuidado y primeros auxilios psicol\u00f3gicos\u201d. Esta propuesta es organizada en conjunto por la Direcci\u00f3n de Salud Mental y Consumos Problem\u00e1ticos de la Secretar\u00eda de Salud municipal y la Secretar\u00eda de Salud Mental [&hellip;]\" \/>\n<meta property=\"og:url\" content=\"https:\/\/elregionalvm.com.ar\/noticias-villa-maria\/se-llevo-a-cabo-el-primer-encuentro-para-el-cuidado-de-la-salud-mental-impulsado\/\" \/>\n<meta property=\"og:site_name\" content=\"El Regional\" \/>\n<meta property=\"article:publisher\" content=\"https:\/\/www.facebook.com\/elregionalvm\" \/>\n<meta property=\"article:published_time\" content=\"2025-04-06T01:14:12+00:00\" \/>\n<meta property=\"article:modified_time\" content=\"2025-04-06T01:16:18+00:00\" \/>\n<meta property=\"og:image\" content=\"https:\/\/elregionalvm.com.ar\/noticias-villa-maria\/wp-content\/uploads\/2025\/04\/4f56eaa203cc4d9885bad24e5a7c4230.jpeg\" \/>\n\t<meta property=\"og:image:width\" content=\"800\" \/>\n\t<meta property=\"og:image:height\" content=\"600\" \/>\n\t<meta property=\"og:image:type\" content=\"image\/jpeg\" \/>\n<meta name=\"author\" content=\"Contenidos El Regional\" \/>\n<meta name=\"twitter:card\" content=\"summary_large_image\" \/>\n<meta name=\"twitter:creator\" content=\"@elregionalvm1\" \/>\n<meta name=\"twitter:site\" content=\"@elregionalvm1\" \/>\n<meta name=\"twitter:label1\" content=\"Escrito por\" \/>\n\t<meta name=\"twitter:data1\" content=\"Contenidos El Regional\" \/>\n\t<meta name=\"twitter:label2\" content=\"Tiempo de lectura\" \/>\n\t<meta name=\"twitter:data2\" content=\"2 minutos\" \/>\n<script type=\"application\/ld+json\" class=\"yoast-schema-graph\">{\"@context\":\"https:\/\/schema.org\",\"@graph\":[{\"@type\":\"Article\",\"@id\":\"https:\/\/elregionalvm.com.ar\/noticias-villa-maria\/se-llevo-a-cabo-el-primer-encuentro-para-el-cuidado-de-la-salud-mental-impulsado\/#article\",\"isPartOf\":{\"@id\":\"https:\/\/elregionalvm.com.ar\/noticias-villa-maria\/se-llevo-a-cabo-el-primer-encuentro-para-el-cuidado-de-la-salud-mental-impulsado\/\"},\"author\":{\"name\":\"Contenidos El Regional\",\"@id\":\"http:\/\/elregionalvm.com.ar\/noticias-villa-maria\/#\/schema\/person\/a0fb9c422317faca23d50163151bc354\"},\"headline\":\"Se llev\u00f3 a cabo el primer encuentro para el cuidado de la salud mental dictado por miembros de la Secretaria de Salud del Municipio\",\"datePublished\":\"2025-04-06T01:14:12+00:00\",\"dateModified\":\"2025-04-06T01:16:18+00:00\",\"mainEntityOfPage\":{\"@id\":\"https:\/\/elregionalvm.com.ar\/noticias-villa-maria\/se-llevo-a-cabo-el-primer-encuentro-para-el-cuidado-de-la-salud-mental-impulsado\/\"},\"wordCount\":264,\"commentCount\":0,\"image\":{\"@id\":\"https:\/\/elregionalvm.com.ar\/noticias-villa-maria\/se-llevo-a-cabo-el-primer-encuentro-para-el-cuidado-de-la-salud-mental-impulsado\/#primaryimage\"},\"thumbnailUrl\":\"https:\/\/i0.wp.com\/elregionalvm.com.ar\/noticias-villa-maria\/wp-content\/uploads\/2025\/04\/4f56eaa203cc4d9885bad24e5a7c4230.jpeg?fit=800%2C600&ssl=1\",\"articleSection\":[\"destacado\",\"Sociedad\",\"Villa Mar\u00eda\"],\"inLanguage\":\"es\",\"potentialAction\":[{\"@type\":\"CommentAction\",\"name\":\"Comment\",\"target\":[\"https:\/\/elregionalvm.com.ar\/noticias-villa-maria\/se-llevo-a-cabo-el-primer-encuentro-para-el-cuidado-de-la-salud-mental-impulsado\/#respond\"]}]},{\"@type\":\"WebPage\",\"@id\":\"https:\/\/elregionalvm.com.ar\/noticias-villa-maria\/se-llevo-a-cabo-el-primer-encuentro-para-el-cuidado-de-la-salud-mental-impulsado\/\",\"url\":\"https:\/\/elregionalvm.com.ar\/noticias-villa-maria\/se-llevo-a-cabo-el-primer-encuentro-para-el-cuidado-de-la-salud-mental-impulsado\/\",\"name\":\"Se llev\u00f3 a cabo el primer encuentro para el cuidado de la salud mental dictado por miembros de la Secretaria de Salud del Municipio - El Regional\",\"isPartOf\":{\"@id\":\"http:\/\/elregionalvm.com.ar\/noticias-villa-maria\/#website\"},\"primaryImageOfPage\":{\"@id\":\"https:\/\/elregionalvm.com.ar\/noticias-villa-maria\/se-llevo-a-cabo-el-primer-encuentro-para-el-cuidado-de-la-salud-mental-impulsado\/#primaryimage\"},\"image\":{\"@id\":\"https:\/\/elregionalvm.com.ar\/noticias-villa-maria\/se-llevo-a-cabo-el-primer-encuentro-para-el-cuidado-de-la-salud-mental-impulsado\/#primaryimage\"},\"thumbnailUrl\":\"https:\/\/i0.wp.com\/elregionalvm.com.ar\/noticias-villa-maria\/wp-content\/uploads\/2025\/04\/4f56eaa203cc4d9885bad24e5a7c4230.jpeg?fit=800%2C600&ssl=1\",\"datePublished\":\"2025-04-06T01:14:12+00:00\",\"dateModified\":\"2025-04-06T01:16:18+00:00\",\"author\":{\"@id\":\"http:\/\/elregionalvm.com.ar\/noticias-villa-maria\/#\/schema\/person\/a0fb9c422317faca23d50163151bc354\"},\"breadcrumb\":{\"@id\":\"https:\/\/elregionalvm.com.ar\/noticias-villa-maria\/se-llevo-a-cabo-el-primer-encuentro-para-el-cuidado-de-la-salud-mental-impulsado\/#breadcrumb\"},\"inLanguage\":\"es\",\"potentialAction\":[{\"@type\":\"ReadAction\",\"target\":[\"https:\/\/elregionalvm.com.ar\/noticias-villa-maria\/se-llevo-a-cabo-el-primer-encuentro-para-el-cuidado-de-la-salud-mental-impulsado\/\"]}]},{\"@type\":\"ImageObject\",\"inLanguage\":\"es\",\"@id\":\"https:\/\/elregionalvm.com.ar\/noticias-villa-maria\/se-llevo-a-cabo-el-primer-encuentro-para-el-cuidado-de-la-salud-mental-impulsado\/#primaryimage\",\"url\":\"https:\/\/i0.wp.com\/elregionalvm.com.ar\/noticias-villa-maria\/wp-content\/uploads\/2025\/04\/4f56eaa203cc4d9885bad24e5a7c4230.jpeg?fit=800%2C600&ssl=1\",\"contentUrl\":\"https:\/\/i0.wp.com\/elregionalvm.com.ar\/noticias-villa-maria\/wp-content\/uploads\/2025\/04\/4f56eaa203cc4d9885bad24e5a7c4230.jpeg?fit=800%2C600&ssl=1\",\"width\":800,\"height\":600},{\"@type\":\"BreadcrumbList\",\"@id\":\"https:\/\/elregionalvm.com.ar\/noticias-villa-maria\/se-llevo-a-cabo-el-primer-encuentro-para-el-cuidado-de-la-salud-mental-impulsado\/#breadcrumb\",\"itemListElement\":[{\"@type\":\"ListItem\",\"position\":1,\"name\":\"Portada\",\"item\":\"https:\/\/elregionalvm.com.ar\/noticias-villa-maria\/\"},{\"@type\":\"ListItem\",\"position\":2,\"name\":\"Se llev\u00f3 a cabo el primer encuentro para el cuidado de la salud mental dictado por miembros de la Secretaria de Salud del Municipio\"}]},{\"@type\":\"WebSite\",\"@id\":\"http:\/\/elregionalvm.com.ar\/noticias-villa-maria\/#website\",\"url\":\"http:\/\/elregionalvm.com.ar\/noticias-villa-maria\/\",\"name\":\"El Regional\",\"description\":\"Mucho m\u00e1s que informaci\u00f3n\",\"potentialAction\":[{\"@type\":\"SearchAction\",\"target\":{\"@type\":\"EntryPoint\",\"urlTemplate\":\"http:\/\/elregionalvm.com.ar\/noticias-villa-maria\/?s={search_term_string}\"},\"query-input\":{\"@type\":\"PropertyValueSpecification\",\"valueRequired\":true,\"valueName\":\"search_term_string\"}}],\"inLanguage\":\"es\"},{\"@type\":\"Person\",\"@id\":\"http:\/\/elregionalvm.com.ar\/noticias-villa-maria\/#\/schema\/person\/a0fb9c422317faca23d50163151bc354\",\"name\":\"Contenidos El Regional\",\"image\":{\"@type\":\"ImageObject\",\"inLanguage\":\"es\",\"@id\":\"http:\/\/elregionalvm.com.ar\/noticias-villa-maria\/#\/schema\/person\/image\/\",\"url\":\"https:\/\/secure.gravatar.com\/avatar\/265b27cb2209af7bb3a1318f03305787d7981a5cc6e6cd08fe5a4ecdf99d4b48?s=96&d=mm&r=g\",\"contentUrl\":\"https:\/\/secure.gravatar.com\/avatar\/265b27cb2209af7bb3a1318f03305787d7981a5cc6e6cd08fe5a4ecdf99d4b48?s=96&d=mm&r=g\",\"caption\":\"Contenidos El Regional\"},\"url\":\"https:\/\/elregionalvm.com.ar\/noticias-villa-maria\/author\/contenido\/\"}]}<\/script>\n<!-- \/ Yoast SEO plugin. -->","yoast_head_json":{"title":"Se llev\u00f3 a cabo el primer encuentro para el cuidado de la salud mental dictado por miembros de la Secretaria de Salud del Municipio - El Regional","robots":{"index":"index","follow":"follow","max-snippet":"max-snippet:-1","max-image-preview":"max-image-preview:large","max-video-preview":"max-video-preview:-1"},"canonical":"https:\/\/elregionalvm.com.ar\/noticias-villa-maria\/se-llevo-a-cabo-el-primer-encuentro-para-el-cuidado-de-la-salud-mental-impulsado\/","og_locale":"es_ES","og_type":"article","og_title":"Se llev\u00f3 a cabo el primer encuentro para el cuidado de la salud mental dictado por miembros de la Secretaria de Salud del Municipio - El Regional","og_description":"Se llev\u00f3 a cabo el primer encuentro de capacitaci\u00f3n sobre promoci\u00f3n y prevenci\u00f3n de la salud mental denominado \u201cPromoci\u00f3n de las habilidades sociales, autocuidado y primeros auxilios psicol\u00f3gicos\u201d. Esta propuesta es organizada en conjunto por la Direcci\u00f3n de Salud Mental y Consumos Problem\u00e1ticos de la Secretar\u00eda de Salud municipal y la Secretar\u00eda de Salud Mental [&hellip;]","og_url":"https:\/\/elregionalvm.com.ar\/noticias-villa-maria\/se-llevo-a-cabo-el-primer-encuentro-para-el-cuidado-de-la-salud-mental-impulsado\/","og_site_name":"El Regional","article_publisher":"https:\/\/www.facebook.com\/elregionalvm","article_published_time":"2025-04-06T01:14:12+00:00","article_modified_time":"2025-04-06T01:16:18+00:00","og_image":[{"width":800,"height":600,"url":"https:\/\/elregionalvm.com.ar\/noticias-villa-maria\/wp-content\/uploads\/2025\/04\/4f56eaa203cc4d9885bad24e5a7c4230.jpeg","type":"image\/jpeg"}],"author":"Contenidos El Regional","twitter_card":"summary_large_image","twitter_creator":"@elregionalvm1","twitter_site":"@elregionalvm1","twitter_misc":{"Escrito por":"Contenidos El Regional","Tiempo de lectura":"2 minutos"},"schema":{"@context":"https:\/\/schema.org","@graph":[{"@type":"Article","@id":"https:\/\/elregionalvm.com.ar\/noticias-villa-maria\/se-llevo-a-cabo-el-primer-encuentro-para-el-cuidado-de-la-salud-mental-impulsado\/#article","isPartOf":{"@id":"https:\/\/elregionalvm.com.ar\/noticias-villa-maria\/se-llevo-a-cabo-el-primer-encuentro-para-el-cuidado-de-la-salud-mental-impulsado\/"},"author":{"name":"Contenidos El Regional","@id":"http:\/\/elregionalvm.com.ar\/noticias-villa-maria\/#\/schema\/person\/a0fb9c422317faca23d50163151bc354"},"headline":"Se llev\u00f3 a cabo el primer encuentro para el cuidado de la salud mental dictado por miembros de la Secretaria de Salud del Municipio","datePublished":"2025-04-06T01:14:12+00:00","dateModified":"2025-04-06T01:16:18+00:00","mainEntityOfPage":{"@id":"https:\/\/elregionalvm.com.ar\/noticias-villa-maria\/se-llevo-a-cabo-el-primer-encuentro-para-el-cuidado-de-la-salud-mental-impulsado\/"},"wordCount":264,"commentCount":0,"image":{"@id":"https:\/\/elregionalvm.com.ar\/noticias-villa-maria\/se-llevo-a-cabo-el-primer-encuentro-para-el-cuidado-de-la-salud-mental-impulsado\/#primaryimage"},"thumbnailUrl":"https:\/\/i0.wp.com\/elregionalvm.com.ar\/noticias-villa-maria\/wp-content\/uploads\/2025\/04\/4f56eaa203cc4d9885bad24e5a7c4230.jpeg?fit=800%2C600&ssl=1","articleSection":["destacado","Sociedad","Villa Mar\u00eda"],"inLanguage":"es","potentialAction":[{"@type":"CommentAction","name":"Comment","target":["https:\/\/elregionalvm.com.ar\/noticias-villa-maria\/se-llevo-a-cabo-el-primer-encuentro-para-el-cuidado-de-la-salud-mental-impulsado\/#respond"]}]},{"@type":"WebPage","@id":"https:\/\/elregionalvm.com.ar\/noticias-villa-maria\/se-llevo-a-cabo-el-primer-encuentro-para-el-cuidado-de-la-salud-mental-impulsado\/","url":"https:\/\/elregionalvm.com.ar\/noticias-villa-maria\/se-llevo-a-cabo-el-primer-encuentro-para-el-cuidado-de-la-salud-mental-impulsado\/","name":"Se llev\u00f3 a cabo el primer encuentro para el cuidado de la salud mental dictado por miembros de la Secretaria de Salud del Municipio - El Regional","isPartOf":{"@id":"http:\/\/elregionalvm.com.ar\/noticias-villa-maria\/#website"},"primaryImageOfPage":{"@id":"https:\/\/elregionalvm.com.ar\/noticias-villa-maria\/se-llevo-a-cabo-el-primer-encuentro-para-el-cuidado-de-la-salud-mental-impulsado\/#primaryimage"},"image":{"@id":"https:\/\/elregionalvm.com.ar\/noticias-villa-maria\/se-llevo-a-cabo-el-primer-encuentro-para-el-cuidado-de-la-salud-mental-impulsado\/#primaryimage"},"thumbnailUrl":"https:\/\/i0.wp.com\/elregionalvm.com.ar\/noticias-villa-maria\/wp-content\/uploads\/2025\/04\/4f56eaa203cc4d9885bad24e5a7c4230.jpeg?fit=800%2C600&ssl=1","datePublished":"2025-04-06T01:14:12+00:00","dateModified":"2025-04-06T01:16:18+00:00","author":{"@id":"http:\/\/elregionalvm.com.ar\/noticias-villa-maria\/#\/schema\/person\/a0fb9c422317faca23d50163151bc354"},"breadcrumb":{"@id":"https:\/\/elregionalvm.com.ar\/noticias-villa-maria\/se-llevo-a-cabo-el-primer-encuentro-para-el-cuidado-de-la-salud-mental-impulsado\/#breadcrumb"},"inLanguage":"es","potentialAction":[{"@type":"ReadAction","target":["https:\/\/elregionalvm.com.ar\/noticias-villa-maria\/se-llevo-a-cabo-el-primer-encuentro-para-el-cuidado-de-la-salud-mental-impulsado\/"]}]},{"@type":"ImageObject","inLanguage":"es","@id":"https:\/\/elregionalvm.com.ar\/noticias-villa-maria\/se-llevo-a-cabo-el-primer-encuentro-para-el-cuidado-de-la-salud-mental-impulsado\/#primaryimage","url":"https:\/\/i0.wp.com\/elregionalvm.com.ar\/noticias-villa-maria\/wp-content\/uploads\/2025\/04\/4f56eaa203cc4d9885bad24e5a7c4230.jpeg?fit=800%2C600&ssl=1","contentUrl":"https:\/\/i0.wp.com\/elregionalvm.com.ar\/noticias-villa-maria\/wp-content\/uploads\/2025\/04\/4f56eaa203cc4d9885bad24e5a7c4230.jpeg?fit=800%2C600&ssl=1","width":800,"height":600},{"@type":"BreadcrumbList","@id":"https:\/\/elregionalvm.com.ar\/noticias-villa-maria\/se-llevo-a-cabo-el-primer-encuentro-para-el-cuidado-de-la-salud-mental-impulsado\/#breadcrumb","itemListElement":[{"@type":"ListItem","position":1,"name":"Portada","item":"https:\/\/elregionalvm.com.ar\/noticias-villa-maria\/"},{"@type":"ListItem","position":2,"name":"Se llev\u00f3 a cabo el primer encuentro para el cuidado de la salud mental dictado por miembros de la Secretaria de Salud del Municipio"}]},{"@type":"WebSite","@id":"http:\/\/elregionalvm.com.ar\/noticias-villa-maria\/#website","url":"http:\/\/elregionalvm.com.ar\/noticias-villa-maria\/","name":"El Regional","description":"Mucho m\u00e1s que informaci\u00f3n","potentialAction":[{"@type":"SearchAction","target":{"@type":"EntryPoint","urlTemplate":"http:\/\/elregionalvm.com.ar\/noticias-villa-maria\/?s={search_term_string}"},"query-input":{"@type":"PropertyValueSpecification","valueRequired":true,"valueName":"search_term_string"}}],"inLanguage":"es"},{"@type":"Person","@id":"http:\/\/elregionalvm.com.ar\/noticias-villa-maria\/#\/schema\/person\/a0fb9c422317faca23d50163151bc354","name":"Contenidos El Regional","image":{"@type":"ImageObject","inLanguage":"es","@id":"http:\/\/elregionalvm.com.ar\/noticias-villa-maria\/#\/schema\/person\/image\/","url":"https:\/\/secure.gravatar.com\/avatar\/265b27cb2209af7bb3a1318f03305787d7981a5cc6e6cd08fe5a4ecdf99d4b48?s=96&d=mm&r=g","contentUrl":"https:\/\/secure.gravatar.com\/avatar\/265b27cb2209af7bb3a1318f03305787d7981a5cc6e6cd08fe5a4ecdf99d4b48?s=96&d=mm&r=g","caption":"Contenidos El Regional"},"url":"https:\/\/elregionalvm.com.ar\/noticias-villa-maria\/author\/contenido\/"}]}},"jetpack_featured_media_url":"https:\/\/i0.wp.com\/elregionalvm.com.ar\/noticias-villa-maria\/wp-content\/uploads\/2025\/04\/4f56eaa203cc4d9885bad24e5a7c4230.jpeg?fit=800%2C600&ssl=1","jetpack_sharing_enabled":true,"_links":{"self":[{"href":"https:\/\/elregionalvm.com.ar\/noticias-villa-maria\/wp-json\/wp\/v2\/posts\/104886","targetHints":{"allow":["GET"]}}],"collection":[{"href":"https:\/\/elregionalvm.com.ar\/noticias-villa-maria\/wp-json\/wp\/v2\/posts"}],"about":[{"href":"https:\/\/elregionalvm.com.ar\/noticias-villa-maria\/wp-json\/wp\/v2\/types\/post"}],"author":[{"embeddable":true,"href":"https:\/\/elregionalvm.com.ar\/noticias-villa-maria\/wp-json\/wp\/v2\/users\/4"}],"replies":[{"embeddable":true,"href":"https:\/\/elregionalvm.com.ar\/noticias-villa-maria\/wp-json\/wp\/v2\/comments?post=104886"}],"version-history":[{"count":2,"href":"https:\/\/elregionalvm.com.ar\/noticias-villa-maria\/wp-json\/wp\/v2\/posts\/104886\/revisions"}],"predecessor-version":[{"id":104890,"href":"https:\/\/elregionalvm.com.ar\/noticias-villa-maria\/wp-json\/wp\/v2\/posts\/104886\/revisions\/104890"}],"wp:featuredmedia":[{"embeddable":true,"href":"https:\/\/elregionalvm.com.ar\/noticias-villa-maria\/wp-json\/wp\/v2\/media\/104887"}],"wp:attachment":[{"href":"https:\/\/elregionalvm.com.ar\/noticias-villa-maria\/wp-json\/wp\/v2\/media?parent=104886"}],"wp:term":[{"taxonomy":"category","embeddable":true,"href":"https:\/\/elregionalvm.com.ar\/noticias-villa-maria\/wp-json\/wp\/v2\/categories?post=104886"},{"taxonomy":"post_tag","embeddable":true,"href":"https:\/\/elregionalvm.com.ar\/noticias-villa-maria\/wp-json\/wp\/v2\/tags?post=104886"}],"curies":[{"name":"wp","href":"https:\/\/api.w.org\/{rel}","templated":true}]}}