{"id":104891,"date":"2025-04-06T01:19:39","date_gmt":"2025-04-06T01:19:39","guid":{"rendered":"https:\/\/elregionalvm.com.ar\/noticias-villa-maria\/?p=104891"},"modified":"2025-04-06T01:19:42","modified_gmt":"2025-04-06T01:19:42","slug":"las-colectas-de-sangre-llegan-a-localidades-del-interior","status":"publish","type":"post","link":"https:\/\/elregionalvm.com.ar\/noticias-villa-maria\/las-colectas-de-sangre-llegan-a-localidades-del-interior\/","title":{"rendered":"Las colectas de sangre llegan a localidades del interior"},"content":{"rendered":"\n<p>El Ministerio de Salud de C\u00f3rdoba, a trav\u00e9s del Banco de Sangre, informa que durante el mes de abril contin\u00faan las colectas de sangre en todo el territorio provincial<\/p>\n\n\n\n<p>Para asegurar la disponibilidad de hemocomponentes, el Ministerio de Salud de la Provincia organiza colectas en distintos puntos del territorio.<\/p>\n\n\n\n<p>En abril, se reforzar\u00e1 la presencia en el interior provincial, facilitando el acceso a la donaci\u00f3n en distintas localidades.<\/p>\n\n\n\n<p><strong>Cronograma de colectas en el interior<\/strong><\/p>\n\n\n\n<p>5 de abril \u2013 San Antonio de Lit\u00edn \u2013 Asociaci\u00f3n Bomberos (C\u00f3rdoba 227), desde las 9.<br>10 de abril \u2013 La Calera \u2013 Hospital Dr. Arturo Illia (Rep\u00fablica de Bolivia S\/N), desde las 8:30.<br>12 de abril \u2013 Anisacate \u2013 Dispensario N\u00b0 1 Dr. An\u00edbal S\u00e1nchez (Ruta 5 esq. 25 de mayo), desde las 8:30.<br>15 de abril \u2013 Hernando \u2013 NIDO B\u00b0 Ameghino (Guatemala 594), desde las 9.<br>22 de abril \u2013 Las Junturas \u2013 Sede Cooperativa (Hip\u00f3lito Irigoyen 701), desde las 9.<\/p>\n\n\n\n<p><strong>Requisitos para donar sangre<\/strong><\/p>\n\n\n\n<pre class=\"wp-block-code\"><code>\u2022   Tener entre 18 y 65 a\u00f1os.\n\u2022   Pesar m\u00e1s de 50 kg.\n\u2022   Sentirse saludable.\n\u2022   Presentar DNI, c\u00e9dula o pasaporte.\n\u2022   Haber dormido al menos seis horas.\n\u2022   Si tuvo COVID-19, esperar 10 d\u00edas tras el alta m\u00e9dica.\n\u2022   Antes de donar, desayunar con infusiones azucaradas, pero sin l\u00e1cteos ni grasas.<\/code><\/pre>\n\n\n\n<p>Vacunas: esperar 72 horas tras la vacuna contra el COVID-19, 24 horas despu\u00e9s de la antigripal y 30 d\u00edas si recibi\u00f3 la del dengue.<\/p>\n\n\n\n<p><strong>D\u00f3nde donar en C\u00f3rdoba Capital<\/strong><\/p>\n\n\n\n<p>Adem\u00e1s de las colectas en el interior, se puede donar sangre en la ciudad de C\u00f3rdoba durante todo el a\u00f1o en el Banco de Sangre, ubicado en el Viejo Hospital San Roque (Rosario de Santa Fe 374). Para hacerlo, se debe solicitar un turno por WhatsApp al 351-2480189, de 7:30 a 13:30.<\/p>\n\n\n\n<p><strong>Inscripci\u00f3n para donar m\u00e9dula \u00f3sea<\/strong><\/p>\n\n\n\n<p>El Ecodaic recuerda la importancia de la donaci\u00f3n de C\u00e9lulas Progenitoras Hematopoy\u00e9ticas (CPH), conocidas como m\u00e9dula \u00f3sea, fundamentales en el tratamiento de enfermedades hematol\u00f3gicas como leucemia, anemia apl\u00e1sica y linfomas.<\/p>\n\n\n\n<p>Quienes deseen inscribirse como donantes pueden hacerlo en los Centros de Captaci\u00f3n de la Provincia. M\u00e1s informaci\u00f3n en el siguiente enlace: Centros de captaci\u00f3n (<a href=\"https:\/\/ministeriodesalud.cba.gov.ar\/wp-content\/uploads\/2024\/04\/Centro-de-Capacitacion-CPH-2024.pdf\">https:\/\/ministeriodesalud.cba.gov.ar\/wp-content\/uploads\/2024\/04\/Centro-de-Capacitacion-CPH-2024.pdf<\/a>)<\/p>\n","protected":false},"excerpt":{"rendered":"<p>El Ministerio de Salud de C\u00f3rdoba, a trav\u00e9s del Banco de Sangre, informa que durante el mes de abril contin\u00faan las colectas de sangre en todo el territorio provincial Para asegurar la disponibilidad de hemocomponentes, el Ministerio de Salud de la Provincia organiza colectas en distintos puntos del territorio. En abril, se reforzar\u00e1 la presencia [&hellip;]<\/p>\n","protected":false},"author":4,"featured_media":104892,"comment_status":"open","ping_status":"open","sticky":false,"template":"","format":"standard","meta":{"site-sidebar-layout":"default","site-content-layout":"","ast-site-content-layout":"default","site-content-style":"default","site-sidebar-style":"default","ast-global-header-display":"","ast-banner-title-visibility":"","ast-main-header-display":"","ast-hfb-above-header-display":"","ast-hfb-below-header-display":"","ast-hfb-mobile-header-display":"","site-post-title":"","ast-breadcrumbs-content":"","ast-featured-img":"","footer-sml-layout":"","ast-disable-related-posts":"","theme-transparent-header-meta":"","adv-header-id-meta":"","stick-header-meta":"","header-above-stick-meta":"","header-main-stick-meta":"","header-below-stick-meta":"","astra-migrate-meta-layouts":"set","ast-page-background-enabled":"default","ast-page-background-meta":{"desktop":{"background-color":"","background-image":"","background-repeat":"repeat","background-position":"center center","background-size":"auto","background-attachment":"scroll","background-type":"","background-media":"","overlay-type":"","overlay-color":"","overlay-opacity":"","overlay-gradient":""},"tablet":{"background-color":"","background-image":"","background-repeat":"repeat","background-position":"center center","background-size":"auto","background-attachment":"scroll","background-type":"","background-media":"","overlay-type":"","overlay-color":"","overlay-opacity":"","overlay-gradient":""},"mobile":{"background-color":"","background-image":"","background-repeat":"repeat","background-position":"center center","background-size":"auto","background-attachment":"scroll","background-type":"","background-media":"","overlay-type":"","overlay-color":"","overlay-opacity":"","overlay-gradient":""}},"ast-content-background-meta":{"desktop":{"background-color":"var(--ast-global-color-5)","background-image":"","background-repeat":"repeat","background-position":"center center","background-size":"auto","background-attachment":"scroll","background-type":"","background-media":"","overlay-type":"","overlay-color":"","overlay-opacity":"","overlay-gradient":""},"tablet":{"background-color":"var(--ast-global-color-5)","background-image":"","background-repeat":"repeat","background-position":"center center","background-size":"auto","background-attachment":"scroll","background-type":"","background-media":"","overlay-type":"","overlay-color":"","overlay-opacity":"","overlay-gradient":""},"mobile":{"background-color":"var(--ast-global-color-5)","background-image":"","background-repeat":"repeat","background-position":"center center","background-size":"auto","background-attachment":"scroll","background-type":"","background-media":"","overlay-type":"","overlay-color":"","overlay-opacity":"","overlay-gradient":""}},"_jetpack_memberships_contains_paid_content":false,"_joinchat":[],"footnotes":""},"categories":[15302,16095,5],"tags":[],"class_list":["post-104891","post","type-post","status-publish","format-standard","has-post-thumbnail","hentry","category-destacado","category-provinciales","category-sociedad"],"yoast_head":"<!-- This site is optimized with the Yoast SEO plugin v26.8 - https:\/\/yoast.com\/product\/yoast-seo-wordpress\/ -->\n<title>Las colectas de sangre llegan a localidades del interior - El Regional<\/title>\n<meta name=\"robots\" content=\"index, follow, max-snippet:-1, max-image-preview:large, max-video-preview:-1\" \/>\n<link rel=\"canonical\" href=\"https:\/\/elregionalvm.com.ar\/noticias-villa-maria\/las-colectas-de-sangre-llegan-a-localidades-del-interior\/\" \/>\n<meta property=\"og:locale\" content=\"es_ES\" \/>\n<meta property=\"og:type\" content=\"article\" \/>\n<meta property=\"og:title\" content=\"Las colectas de sangre llegan a localidades del interior - El Regional\" \/>\n<meta property=\"og:description\" content=\"El Ministerio de Salud de C\u00f3rdoba, a trav\u00e9s del Banco de Sangre, informa que durante el mes de abril contin\u00faan las colectas de sangre en todo el territorio provincial Para asegurar la disponibilidad de hemocomponentes, el Ministerio de Salud de la Provincia organiza colectas en distintos puntos del territorio. En abril, se reforzar\u00e1 la presencia [&hellip;]\" \/>\n<meta property=\"og:url\" content=\"https:\/\/elregionalvm.com.ar\/noticias-villa-maria\/las-colectas-de-sangre-llegan-a-localidades-del-interior\/\" \/>\n<meta property=\"og:site_name\" content=\"El Regional\" \/>\n<meta property=\"article:publisher\" content=\"https:\/\/www.facebook.com\/elregionalvm\" \/>\n<meta property=\"article:published_time\" content=\"2025-04-06T01:19:39+00:00\" \/>\n<meta property=\"article:modified_time\" content=\"2025-04-06T01:19:42+00:00\" \/>\n<meta property=\"og:image\" content=\"https:\/\/elregionalvm.com.ar\/noticias-villa-maria\/wp-content\/uploads\/2025\/04\/WhatsApp-Image-2025-04-04-at-17.50.36.jpeg\" \/>\n\t<meta property=\"og:image:width\" content=\"990\" \/>\n\t<meta property=\"og:image:height\" content=\"660\" \/>\n\t<meta property=\"og:image:type\" content=\"image\/jpeg\" \/>\n<meta name=\"author\" content=\"Contenidos El Regional\" \/>\n<meta name=\"twitter:card\" content=\"summary_large_image\" \/>\n<meta name=\"twitter:creator\" content=\"@elregionalvm1\" \/>\n<meta name=\"twitter:site\" content=\"@elregionalvm1\" \/>\n<meta name=\"twitter:label1\" content=\"Escrito por\" \/>\n\t<meta name=\"twitter:data1\" content=\"Contenidos El Regional\" \/>\n\t<meta name=\"twitter:label2\" content=\"Tiempo de lectura\" \/>\n\t<meta name=\"twitter:data2\" content=\"2 minutos\" \/>\n<script type=\"application\/ld+json\" class=\"yoast-schema-graph\">{\"@context\":\"https:\/\/schema.org\",\"@graph\":[{\"@type\":\"Article\",\"@id\":\"https:\/\/elregionalvm.com.ar\/noticias-villa-maria\/las-colectas-de-sangre-llegan-a-localidades-del-interior\/#article\",\"isPartOf\":{\"@id\":\"https:\/\/elregionalvm.com.ar\/noticias-villa-maria\/las-colectas-de-sangre-llegan-a-localidades-del-interior\/\"},\"author\":{\"name\":\"Contenidos El Regional\",\"@id\":\"http:\/\/elregionalvm.com.ar\/noticias-villa-maria\/#\/schema\/person\/a0fb9c422317faca23d50163151bc354\"},\"headline\":\"Las colectas de sangre llegan a localidades del interior\",\"datePublished\":\"2025-04-06T01:19:39+00:00\",\"dateModified\":\"2025-04-06T01:19:42+00:00\",\"mainEntityOfPage\":{\"@id\":\"https:\/\/elregionalvm.com.ar\/noticias-villa-maria\/las-colectas-de-sangre-llegan-a-localidades-del-interior\/\"},\"wordCount\":319,\"commentCount\":0,\"image\":{\"@id\":\"https:\/\/elregionalvm.com.ar\/noticias-villa-maria\/las-colectas-de-sangre-llegan-a-localidades-del-interior\/#primaryimage\"},\"thumbnailUrl\":\"https:\/\/i0.wp.com\/elregionalvm.com.ar\/noticias-villa-maria\/wp-content\/uploads\/2025\/04\/WhatsApp-Image-2025-04-04-at-17.50.36.jpeg?fit=990%2C660&ssl=1\",\"articleSection\":[\"destacado\",\"Provinciales\",\"Sociedad\"],\"inLanguage\":\"es\",\"potentialAction\":[{\"@type\":\"CommentAction\",\"name\":\"Comment\",\"target\":[\"https:\/\/elregionalvm.com.ar\/noticias-villa-maria\/las-colectas-de-sangre-llegan-a-localidades-del-interior\/#respond\"]}]},{\"@type\":\"WebPage\",\"@id\":\"https:\/\/elregionalvm.com.ar\/noticias-villa-maria\/las-colectas-de-sangre-llegan-a-localidades-del-interior\/\",\"url\":\"https:\/\/elregionalvm.com.ar\/noticias-villa-maria\/las-colectas-de-sangre-llegan-a-localidades-del-interior\/\",\"name\":\"Las colectas de sangre llegan a localidades del interior - El Regional\",\"isPartOf\":{\"@id\":\"http:\/\/elregionalvm.com.ar\/noticias-villa-maria\/#website\"},\"primaryImageOfPage\":{\"@id\":\"https:\/\/elregionalvm.com.ar\/noticias-villa-maria\/las-colectas-de-sangre-llegan-a-localidades-del-interior\/#primaryimage\"},\"image\":{\"@id\":\"https:\/\/elregionalvm.com.ar\/noticias-villa-maria\/las-colectas-de-sangre-llegan-a-localidades-del-interior\/#primaryimage\"},\"thumbnailUrl\":\"https:\/\/i0.wp.com\/elregionalvm.com.ar\/noticias-villa-maria\/wp-content\/uploads\/2025\/04\/WhatsApp-Image-2025-04-04-at-17.50.36.jpeg?fit=990%2C660&ssl=1\",\"datePublished\":\"2025-04-06T01:19:39+00:00\",\"dateModified\":\"2025-04-06T01:19:42+00:00\",\"author\":{\"@id\":\"http:\/\/elregionalvm.com.ar\/noticias-villa-maria\/#\/schema\/person\/a0fb9c422317faca23d50163151bc354\"},\"breadcrumb\":{\"@id\":\"https:\/\/elregionalvm.com.ar\/noticias-villa-maria\/las-colectas-de-sangre-llegan-a-localidades-del-interior\/#breadcrumb\"},\"inLanguage\":\"es\",\"potentialAction\":[{\"@type\":\"ReadAction\",\"target\":[\"https:\/\/elregionalvm.com.ar\/noticias-villa-maria\/las-colectas-de-sangre-llegan-a-localidades-del-interior\/\"]}]},{\"@type\":\"ImageObject\",\"inLanguage\":\"es\",\"@id\":\"https:\/\/elregionalvm.com.ar\/noticias-villa-maria\/las-colectas-de-sangre-llegan-a-localidades-del-interior\/#primaryimage\",\"url\":\"https:\/\/i0.wp.com\/elregionalvm.com.ar\/noticias-villa-maria\/wp-content\/uploads\/2025\/04\/WhatsApp-Image-2025-04-04-at-17.50.36.jpeg?fit=990%2C660&ssl=1\",\"contentUrl\":\"https:\/\/i0.wp.com\/elregionalvm.com.ar\/noticias-villa-maria\/wp-content\/uploads\/2025\/04\/WhatsApp-Image-2025-04-04-at-17.50.36.jpeg?fit=990%2C660&ssl=1\",\"width\":990,\"height\":660},{\"@type\":\"BreadcrumbList\",\"@id\":\"https:\/\/elregionalvm.com.ar\/noticias-villa-maria\/las-colectas-de-sangre-llegan-a-localidades-del-interior\/#breadcrumb\",\"itemListElement\":[{\"@type\":\"ListItem\",\"position\":1,\"name\":\"Portada\",\"item\":\"https:\/\/elregionalvm.com.ar\/noticias-villa-maria\/\"},{\"@type\":\"ListItem\",\"position\":2,\"name\":\"Las colectas de sangre llegan a localidades del interior\"}]},{\"@type\":\"WebSite\",\"@id\":\"http:\/\/elregionalvm.com.ar\/noticias-villa-maria\/#website\",\"url\":\"http:\/\/elregionalvm.com.ar\/noticias-villa-maria\/\",\"name\":\"El Regional\",\"description\":\"Mucho m\u00e1s que informaci\u00f3n\",\"potentialAction\":[{\"@type\":\"SearchAction\",\"target\":{\"@type\":\"EntryPoint\",\"urlTemplate\":\"http:\/\/elregionalvm.com.ar\/noticias-villa-maria\/?s={search_term_string}\"},\"query-input\":{\"@type\":\"PropertyValueSpecification\",\"valueRequired\":true,\"valueName\":\"search_term_string\"}}],\"inLanguage\":\"es\"},{\"@type\":\"Person\",\"@id\":\"http:\/\/elregionalvm.com.ar\/noticias-villa-maria\/#\/schema\/person\/a0fb9c422317faca23d50163151bc354\",\"name\":\"Contenidos El Regional\",\"image\":{\"@type\":\"ImageObject\",\"inLanguage\":\"es\",\"@id\":\"http:\/\/elregionalvm.com.ar\/noticias-villa-maria\/#\/schema\/person\/image\/\",\"url\":\"https:\/\/secure.gravatar.com\/avatar\/265b27cb2209af7bb3a1318f03305787d7981a5cc6e6cd08fe5a4ecdf99d4b48?s=96&d=mm&r=g\",\"contentUrl\":\"https:\/\/secure.gravatar.com\/avatar\/265b27cb2209af7bb3a1318f03305787d7981a5cc6e6cd08fe5a4ecdf99d4b48?s=96&d=mm&r=g\",\"caption\":\"Contenidos El Regional\"},\"url\":\"https:\/\/elregionalvm.com.ar\/noticias-villa-maria\/author\/contenido\/\"}]}<\/script>\n<!-- \/ Yoast SEO plugin. -->","yoast_head_json":{"title":"Las colectas de sangre llegan a localidades del interior - El Regional","robots":{"index":"index","follow":"follow","max-snippet":"max-snippet:-1","max-image-preview":"max-image-preview:large","max-video-preview":"max-video-preview:-1"},"canonical":"https:\/\/elregionalvm.com.ar\/noticias-villa-maria\/las-colectas-de-sangre-llegan-a-localidades-del-interior\/","og_locale":"es_ES","og_type":"article","og_title":"Las colectas de sangre llegan a localidades del interior - El Regional","og_description":"El Ministerio de Salud de C\u00f3rdoba, a trav\u00e9s del Banco de Sangre, informa que durante el mes de abril contin\u00faan las colectas de sangre en todo el territorio provincial Para asegurar la disponibilidad de hemocomponentes, el Ministerio de Salud de la Provincia organiza colectas en distintos puntos del territorio. En abril, se reforzar\u00e1 la presencia [&hellip;]","og_url":"https:\/\/elregionalvm.com.ar\/noticias-villa-maria\/las-colectas-de-sangre-llegan-a-localidades-del-interior\/","og_site_name":"El Regional","article_publisher":"https:\/\/www.facebook.com\/elregionalvm","article_published_time":"2025-04-06T01:19:39+00:00","article_modified_time":"2025-04-06T01:19:42+00:00","og_image":[{"width":990,"height":660,"url":"https:\/\/elregionalvm.com.ar\/noticias-villa-maria\/wp-content\/uploads\/2025\/04\/WhatsApp-Image-2025-04-04-at-17.50.36.jpeg","type":"image\/jpeg"}],"author":"Contenidos El Regional","twitter_card":"summary_large_image","twitter_creator":"@elregionalvm1","twitter_site":"@elregionalvm1","twitter_misc":{"Escrito por":"Contenidos El Regional","Tiempo de lectura":"2 minutos"},"schema":{"@context":"https:\/\/schema.org","@graph":[{"@type":"Article","@id":"https:\/\/elregionalvm.com.ar\/noticias-villa-maria\/las-colectas-de-sangre-llegan-a-localidades-del-interior\/#article","isPartOf":{"@id":"https:\/\/elregionalvm.com.ar\/noticias-villa-maria\/las-colectas-de-sangre-llegan-a-localidades-del-interior\/"},"author":{"name":"Contenidos El Regional","@id":"http:\/\/elregionalvm.com.ar\/noticias-villa-maria\/#\/schema\/person\/a0fb9c422317faca23d50163151bc354"},"headline":"Las colectas de sangre llegan a localidades del interior","datePublished":"2025-04-06T01:19:39+00:00","dateModified":"2025-04-06T01:19:42+00:00","mainEntityOfPage":{"@id":"https:\/\/elregionalvm.com.ar\/noticias-villa-maria\/las-colectas-de-sangre-llegan-a-localidades-del-interior\/"},"wordCount":319,"commentCount":0,"image":{"@id":"https:\/\/elregionalvm.com.ar\/noticias-villa-maria\/las-colectas-de-sangre-llegan-a-localidades-del-interior\/#primaryimage"},"thumbnailUrl":"https:\/\/i0.wp.com\/elregionalvm.com.ar\/noticias-villa-maria\/wp-content\/uploads\/2025\/04\/WhatsApp-Image-2025-04-04-at-17.50.36.jpeg?fit=990%2C660&ssl=1","articleSection":["destacado","Provinciales","Sociedad"],"inLanguage":"es","potentialAction":[{"@type":"CommentAction","name":"Comment","target":["https:\/\/elregionalvm.com.ar\/noticias-villa-maria\/las-colectas-de-sangre-llegan-a-localidades-del-interior\/#respond"]}]},{"@type":"WebPage","@id":"https:\/\/elregionalvm.com.ar\/noticias-villa-maria\/las-colectas-de-sangre-llegan-a-localidades-del-interior\/","url":"https:\/\/elregionalvm.com.ar\/noticias-villa-maria\/las-colectas-de-sangre-llegan-a-localidades-del-interior\/","name":"Las colectas de sangre llegan a localidades del interior - El Regional","isPartOf":{"@id":"http:\/\/elregionalvm.com.ar\/noticias-villa-maria\/#website"},"primaryImageOfPage":{"@id":"https:\/\/elregionalvm.com.ar\/noticias-villa-maria\/las-colectas-de-sangre-llegan-a-localidades-del-interior\/#primaryimage"},"image":{"@id":"https:\/\/elregionalvm.com.ar\/noticias-villa-maria\/las-colectas-de-sangre-llegan-a-localidades-del-interior\/#primaryimage"},"thumbnailUrl":"https:\/\/i0.wp.com\/elregionalvm.com.ar\/noticias-villa-maria\/wp-content\/uploads\/2025\/04\/WhatsApp-Image-2025-04-04-at-17.50.36.jpeg?fit=990%2C660&ssl=1","datePublished":"2025-04-06T01:19:39+00:00","dateModified":"2025-04-06T01:19:42+00:00","author":{"@id":"http:\/\/elregionalvm.com.ar\/noticias-villa-maria\/#\/schema\/person\/a0fb9c422317faca23d50163151bc354"},"breadcrumb":{"@id":"https:\/\/elregionalvm.com.ar\/noticias-villa-maria\/las-colectas-de-sangre-llegan-a-localidades-del-interior\/#breadcrumb"},"inLanguage":"es","potentialAction":[{"@type":"ReadAction","target":["https:\/\/elregionalvm.com.ar\/noticias-villa-maria\/las-colectas-de-sangre-llegan-a-localidades-del-interior\/"]}]},{"@type":"ImageObject","inLanguage":"es","@id":"https:\/\/elregionalvm.com.ar\/noticias-villa-maria\/las-colectas-de-sangre-llegan-a-localidades-del-interior\/#primaryimage","url":"https:\/\/i0.wp.com\/elregionalvm.com.ar\/noticias-villa-maria\/wp-content\/uploads\/2025\/04\/WhatsApp-Image-2025-04-04-at-17.50.36.jpeg?fit=990%2C660&ssl=1","contentUrl":"https:\/\/i0.wp.com\/elregionalvm.com.ar\/noticias-villa-maria\/wp-content\/uploads\/2025\/04\/WhatsApp-Image-2025-04-04-at-17.50.36.jpeg?fit=990%2C660&ssl=1","width":990,"height":660},{"@type":"BreadcrumbList","@id":"https:\/\/elregionalvm.com.ar\/noticias-villa-maria\/las-colectas-de-sangre-llegan-a-localidades-del-interior\/#breadcrumb","itemListElement":[{"@type":"ListItem","position":1,"name":"Portada","item":"https:\/\/elregionalvm.com.ar\/noticias-villa-maria\/"},{"@type":"ListItem","position":2,"name":"Las colectas de sangre llegan a localidades del interior"}]},{"@type":"WebSite","@id":"http:\/\/elregionalvm.com.ar\/noticias-villa-maria\/#website","url":"http:\/\/elregionalvm.com.ar\/noticias-villa-maria\/","name":"El Regional","description":"Mucho m\u00e1s que informaci\u00f3n","potentialAction":[{"@type":"SearchAction","target":{"@type":"EntryPoint","urlTemplate":"http:\/\/elregionalvm.com.ar\/noticias-villa-maria\/?s={search_term_string}"},"query-input":{"@type":"PropertyValueSpecification","valueRequired":true,"valueName":"search_term_string"}}],"inLanguage":"es"},{"@type":"Person","@id":"http:\/\/elregionalvm.com.ar\/noticias-villa-maria\/#\/schema\/person\/a0fb9c422317faca23d50163151bc354","name":"Contenidos El Regional","image":{"@type":"ImageObject","inLanguage":"es","@id":"http:\/\/elregionalvm.com.ar\/noticias-villa-maria\/#\/schema\/person\/image\/","url":"https:\/\/secure.gravatar.com\/avatar\/265b27cb2209af7bb3a1318f03305787d7981a5cc6e6cd08fe5a4ecdf99d4b48?s=96&d=mm&r=g","contentUrl":"https:\/\/secure.gravatar.com\/avatar\/265b27cb2209af7bb3a1318f03305787d7981a5cc6e6cd08fe5a4ecdf99d4b48?s=96&d=mm&r=g","caption":"Contenidos El Regional"},"url":"https:\/\/elregionalvm.com.ar\/noticias-villa-maria\/author\/contenido\/"}]}},"jetpack_featured_media_url":"https:\/\/i0.wp.com\/elregionalvm.com.ar\/noticias-villa-maria\/wp-content\/uploads\/2025\/04\/WhatsApp-Image-2025-04-04-at-17.50.36.jpeg?fit=990%2C660&ssl=1","jetpack_sharing_enabled":true,"_links":{"self":[{"href":"https:\/\/elregionalvm.com.ar\/noticias-villa-maria\/wp-json\/wp\/v2\/posts\/104891","targetHints":{"allow":["GET"]}}],"collection":[{"href":"https:\/\/elregionalvm.com.ar\/noticias-villa-maria\/wp-json\/wp\/v2\/posts"}],"about":[{"href":"https:\/\/elregionalvm.com.ar\/noticias-villa-maria\/wp-json\/wp\/v2\/types\/post"}],"author":[{"embeddable":true,"href":"https:\/\/elregionalvm.com.ar\/noticias-villa-maria\/wp-json\/wp\/v2\/users\/4"}],"replies":[{"embeddable":true,"href":"https:\/\/elregionalvm.com.ar\/noticias-villa-maria\/wp-json\/wp\/v2\/comments?post=104891"}],"version-history":[{"count":1,"href":"https:\/\/elregionalvm.com.ar\/noticias-villa-maria\/wp-json\/wp\/v2\/posts\/104891\/revisions"}],"predecessor-version":[{"id":104893,"href":"https:\/\/elregionalvm.com.ar\/noticias-villa-maria\/wp-json\/wp\/v2\/posts\/104891\/revisions\/104893"}],"wp:featuredmedia":[{"embeddable":true,"href":"https:\/\/elregionalvm.com.ar\/noticias-villa-maria\/wp-json\/wp\/v2\/media\/104892"}],"wp:attachment":[{"href":"https:\/\/elregionalvm.com.ar\/noticias-villa-maria\/wp-json\/wp\/v2\/media?parent=104891"}],"wp:term":[{"taxonomy":"category","embeddable":true,"href":"https:\/\/elregionalvm.com.ar\/noticias-villa-maria\/wp-json\/wp\/v2\/categories?post=104891"},{"taxonomy":"post_tag","embeddable":true,"href":"https:\/\/elregionalvm.com.ar\/noticias-villa-maria\/wp-json\/wp\/v2\/tags?post=104891"}],"curies":[{"name":"wp","href":"https:\/\/api.w.org\/{rel}","templated":true}]}}