{"id":104909,"date":"2025-04-06T21:53:57","date_gmt":"2025-04-06T21:53:57","guid":{"rendered":"https:\/\/elregionalvm.com.ar\/noticias-villa-maria\/?p=104909"},"modified":"2025-04-14T02:41:42","modified_gmt":"2025-04-14T02:41:42","slug":"argentinadas-ambiguedades-en-tiempos-de-ia-comunicacion-versus-conexion","status":"publish","type":"post","link":"https:\/\/elregionalvm.com.ar\/noticias-villa-maria\/argentinadas-ambiguedades-en-tiempos-de-ia-comunicacion-versus-conexion\/","title":{"rendered":"[Argentinadas] Ambig\u00fcedades en tiempos de \u00abIA\u00bb: Comunicaci\u00f3n versus conexi\u00f3n"},"content":{"rendered":"\n<h3 class=\"wp-block-heading\"><strong>La tenemos re f\u00e1cil, chicos. Desde el maravilloso invento de internet, las comunicaciones se han desarrollado vertiginosamente y as\u00ed estamos, conectad\u00edsimos con lo distante, lo que no est\u00e1 ac\u00e1. Pero\u2026<\/strong><\/h3>\n\n\n\n<p><\/p>\n\n\n\n<p><strong>Escribe: Raquel Baratelli<\/strong><\/p>\n\n\n\n<p><\/p>\n\n\n\n<p>-Ten\u00e9s conexi\u00f3n con el ahora?<\/p>\n\n\n\n<p>&#8211; Claro, tengo wasap, insta, X, Ticktoc Facebook, Gmail, Hotmail, adem\u00e1s, entro en YouTube, Google\u2026Vivo conectada con todo y con todos, como todos, todo el tiempo.<\/p>\n\n\n\n<p>&#8211; \u00bfComo and\u00e1s con tus relaciones? \u00bfamigos?<\/p>\n\n\n\n<p>\u2013 Re bien, f\u00edjate que me reconect\u00e9 con los compas del cole y la facu, tengo varios grupos de amigos que no veo hace tiempo, de vecinos que no conozco, de mamis del cole que tampoco conozco, del gym, del laburo; chateo con famosos, tengo seguidores en las redes, conozco vida y obra de famosos. A full con las redes, como todos.<\/p>\n\n\n\n<p><\/p>\n\n\n\n<figure class=\"wp-block-image size-large\"><img data-recalc-dims=\"1\" fetchpriority=\"high\" decoding=\"async\" width=\"1024\" height=\"576\" src=\"https:\/\/i0.wp.com\/elregionalvm.com.ar\/noticias-villa-maria\/wp-content\/uploads\/2022\/02\/mujeres-cara-de-Instagram-y-facebook-indignado.jpg?resize=1024%2C576&#038;ssl=1\" alt=\"\" class=\"wp-image-52133\" srcset=\"https:\/\/i0.wp.com\/elregionalvm.com.ar\/noticias-villa-maria\/wp-content\/uploads\/2022\/02\/mujeres-cara-de-Instagram-y-facebook-indignado.jpg?resize=1024%2C576&amp;ssl=1 1024w, https:\/\/i0.wp.com\/elregionalvm.com.ar\/noticias-villa-maria\/wp-content\/uploads\/2022\/02\/mujeres-cara-de-Instagram-y-facebook-indignado.jpg?resize=300%2C169&amp;ssl=1 300w, https:\/\/i0.wp.com\/elregionalvm.com.ar\/noticias-villa-maria\/wp-content\/uploads\/2022\/02\/mujeres-cara-de-Instagram-y-facebook-indignado.jpg?resize=768%2C432&amp;ssl=1 768w, https:\/\/i0.wp.com\/elregionalvm.com.ar\/noticias-villa-maria\/wp-content\/uploads\/2022\/02\/mujeres-cara-de-Instagram-y-facebook-indignado.jpg?w=1200&amp;ssl=1 1200w\" sizes=\"(max-width: 1000px) 100vw, 1000px\" \/><\/figure>\n\n\n\n<p><\/p>\n\n\n\n<p>&#8211; \u00bfConvers\u00e1s con tu pareja, con los miembros de tu flia?<\/p>\n\n\n\n<p>-Obvio, tengo el chat de hermanos, de primos, de cu\u00f1ados y con mis chicos y mi pareja, todo el tiempo nos llenamos de emojis.<\/p>\n\n\n\n<p>&#8211; \u00bfSab\u00e9s qu\u00e9 hacen tus hijos? \u00bfqu\u00e9 les gusta?<\/p>\n\n\n\n<p>&#8211; Claro, siempre con amigos, veo las fotos que suben todo el tiempo, como todos. A todos les gusta el reguet\u00f3n, los videojuegos, y \u00a1c\u00f3mo manejan la I.A.!<\/p>\n\n\n\n<p>&#8211; \u00bfEst\u00e1s informado de lo que pasa en tu ciudad y en el resto del mundo?<\/p>\n\n\n\n<p>&#8211; Obvio, tengo Instagram, sigo a varios periodistas que me gustan, como todos\u2026<\/p>\n\n\n\n<p><\/p>\n\n\n\n<blockquote class=\"wp-block-quote is-layout-flow wp-block-quote-is-layout-flow\">\n<p>Ante la irrupci\u00f3n de la IA, \u00bfd\u00f3nde quedar\u00e1 la inteligencia emocional? <\/p>\n<\/blockquote>\n\n\n\n<p><\/p>\n\n\n\n<p>La tenemos re f\u00e1cil, chicos. Desde el maravilloso invento de internet, las comunicaciones se han desarrollado vertiginosamente y as\u00ed estamos, conectad\u00edsimos con lo distante, lo que no est\u00e1 ac\u00e1.<\/p>\n\n\n\n<p>Mirando los celulares en una reuni\u00f3n de amigos, uniformando sensaciones, sentimientos, congojas y alegr\u00edas sintetizadas en dibujitos gen\u00e9ricos y memes.<\/p>\n\n\n\n<p>Las nuevas generaciones, los que llegaron con la \u201cIA\u201d bajo el brazo, ser\u00e1n capaces de resolver cuestiones de cualquier \u00edndole por si solos, la inteligencia artificial ser\u00e1 de gran ayuda para el cole, ya no habr\u00e1 aplazos, podr\u00e1n presentar las mejores Tesis en la facultad, hacer los mejores CV \u2026<\/p>\n\n\n\n<p><\/p>\n\n\n\n<figure class=\"wp-block-image size-full\"><img data-recalc-dims=\"1\" decoding=\"async\" width=\"800\" height=\"440\" src=\"https:\/\/i0.wp.com\/elregionalvm.com.ar\/noticias-villa-maria\/wp-content\/uploads\/2023\/07\/educacion-inteligencia-artificial-ninos.jpg?resize=800%2C440&#038;ssl=1\" alt=\"\" class=\"wp-image-80093\" srcset=\"https:\/\/i0.wp.com\/elregionalvm.com.ar\/noticias-villa-maria\/wp-content\/uploads\/2023\/07\/educacion-inteligencia-artificial-ninos.jpg?w=800&amp;ssl=1 800w, https:\/\/i0.wp.com\/elregionalvm.com.ar\/noticias-villa-maria\/wp-content\/uploads\/2023\/07\/educacion-inteligencia-artificial-ninos.jpg?resize=300%2C165&amp;ssl=1 300w, https:\/\/i0.wp.com\/elregionalvm.com.ar\/noticias-villa-maria\/wp-content\/uploads\/2023\/07\/educacion-inteligencia-artificial-ninos.jpg?resize=768%2C422&amp;ssl=1 768w\" sizes=\"(max-width: 800px) 100vw, 800px\" \/><\/figure>\n\n\n\n<p><\/p>\n\n\n\n<p>Todo muy bonito, pero d\u00f3nde quedar\u00e1 la inteligencia real, c\u00f3mo desarrollar\u00e1n la capacidad de razonar coherentemente, de resolver situaciones de la vida cotidiana, d\u00f3nde quedar\u00e1 la creatividad, la individualidad y la originalidad, si se dejan atrapar por la tecnolog\u00eda en lugar de usarla como lo que es, una excelente herramienta para el desarrollo de la humanidad.<\/p>\n\n\n\n<p>Ahora, la pregunta del mill\u00f3n, ante la irrupci\u00f3n de la IA, \u00bfd\u00f3nde quedar\u00e1 la inteligencia emocional? \u00bfEstos futuros cibernautas, que ser\u00e1n los hombres del ma\u00f1ana, podr\u00e1n correrse de su mundo virtual y empatizar con la realidad del pr\u00f3jimo?<\/p>\n\n\n\n<p><\/p>\n","protected":false},"excerpt":{"rendered":"<p>La tenemos re f\u00e1cil, chicos. Desde el maravilloso invento de internet, las comunicaciones se han desarrollado vertiginosamente y as\u00ed estamos, conectad\u00edsimos con lo distante, lo que no est\u00e1 ac\u00e1. Pero\u2026 Escribe: Raquel Baratelli -Ten\u00e9s conexi\u00f3n con el ahora? &#8211; Claro, tengo wasap, insta, X, Ticktoc Facebook, Gmail, Hotmail, adem\u00e1s, entro en YouTube, Google\u2026Vivo conectada con [&hellip;]<\/p>\n","protected":false},"author":4,"featured_media":26432,"comment_status":"open","ping_status":"open","sticky":false,"template":"","format":"standard","meta":{"site-sidebar-layout":"default","site-content-layout":"","ast-site-content-layout":"default","site-content-style":"default","site-sidebar-style":"default","ast-global-header-display":"","ast-banner-title-visibility":"","ast-main-header-display":"","ast-hfb-above-header-display":"","ast-hfb-below-header-display":"","ast-hfb-mobile-header-display":"","site-post-title":"","ast-breadcrumbs-content":"","ast-featured-img":"","footer-sml-layout":"","ast-disable-related-posts":"","theme-transparent-header-meta":"","adv-header-id-meta":"","stick-header-meta":"","header-above-stick-meta":"","header-main-stick-meta":"","header-below-stick-meta":"","astra-migrate-meta-layouts":"set","ast-page-background-enabled":"default","ast-page-background-meta":{"desktop":{"background-color":"","background-image":"","background-repeat":"repeat","background-position":"center center","background-size":"auto","background-attachment":"scroll","background-type":"","background-media":"","overlay-type":"","overlay-color":"","overlay-opacity":"","overlay-gradient":""},"tablet":{"background-color":"","background-image":"","background-repeat":"repeat","background-position":"center center","background-size":"auto","background-attachment":"scroll","background-type":"","background-media":"","overlay-type":"","overlay-color":"","overlay-opacity":"","overlay-gradient":""},"mobile":{"background-color":"","background-image":"","background-repeat":"repeat","background-position":"center center","background-size":"auto","background-attachment":"scroll","background-type":"","background-media":"","overlay-type":"","overlay-color":"","overlay-opacity":"","overlay-gradient":""}},"ast-content-background-meta":{"desktop":{"background-color":"var(--ast-global-color-5)","background-image":"","background-repeat":"repeat","background-position":"center center","background-size":"auto","background-attachment":"scroll","background-type":"","background-media":"","overlay-type":"","overlay-color":"","overlay-opacity":"","overlay-gradient":""},"tablet":{"background-color":"var(--ast-global-color-5)","background-image":"","background-repeat":"repeat","background-position":"center center","background-size":"auto","background-attachment":"scroll","background-type":"","background-media":"","overlay-type":"","overlay-color":"","overlay-opacity":"","overlay-gradient":""},"mobile":{"background-color":"var(--ast-global-color-5)","background-image":"","background-repeat":"repeat","background-position":"center center","background-size":"auto","background-attachment":"scroll","background-type":"","background-media":"","overlay-type":"","overlay-color":"","overlay-opacity":"","overlay-gradient":""}},"_jetpack_memberships_contains_paid_content":false,"_joinchat":[],"footnotes":""},"categories":[365,3557],"tags":[17452,14880,4891,22119,22065,17753,17453],"class_list":["post-104909","post","type-post","status-publish","format-standard","has-post-thumbnail","hentry","category-opinion","category-tercera","tag-ambiguedades","tag-argentinadas","tag-comunicacion","tag-conexion","tag-inteligencia","tag-inteligencia-artificial","tag-modernas"],"yoast_head":"<!-- This site is optimized with the Yoast SEO plugin v26.8 - https:\/\/yoast.com\/product\/yoast-seo-wordpress\/ -->\n<title>[Argentinadas] Ambig\u00fcedades en tiempos de &quot;IA&quot;: Comunicaci\u00f3n versus conexi\u00f3n - El Regional<\/title>\n<meta name=\"robots\" content=\"index, follow, max-snippet:-1, max-image-preview:large, max-video-preview:-1\" \/>\n<link rel=\"canonical\" href=\"https:\/\/elregionalvm.com.ar\/noticias-villa-maria\/argentinadas-ambiguedades-en-tiempos-de-ia-comunicacion-versus-conexion\/\" \/>\n<meta property=\"og:locale\" content=\"es_ES\" \/>\n<meta property=\"og:type\" content=\"article\" \/>\n<meta property=\"og:title\" content=\"[Argentinadas] Ambig\u00fcedades en tiempos de &quot;IA&quot;: Comunicaci\u00f3n versus conexi\u00f3n - El Regional\" \/>\n<meta property=\"og:description\" content=\"La tenemos re f\u00e1cil, chicos. Desde el maravilloso invento de internet, las comunicaciones se han desarrollado vertiginosamente y as\u00ed estamos, conectad\u00edsimos con lo distante, lo que no est\u00e1 ac\u00e1. Pero\u2026 Escribe: Raquel Baratelli -Ten\u00e9s conexi\u00f3n con el ahora? &#8211; Claro, tengo wasap, insta, X, Ticktoc Facebook, Gmail, Hotmail, adem\u00e1s, entro en YouTube, Google\u2026Vivo conectada con [&hellip;]\" \/>\n<meta property=\"og:url\" content=\"https:\/\/elregionalvm.com.ar\/noticias-villa-maria\/argentinadas-ambiguedades-en-tiempos-de-ia-comunicacion-versus-conexion\/\" \/>\n<meta property=\"og:site_name\" content=\"El Regional\" \/>\n<meta property=\"article:publisher\" content=\"https:\/\/www.facebook.com\/elregionalvm\" \/>\n<meta property=\"article:published_time\" content=\"2025-04-06T21:53:57+00:00\" \/>\n<meta property=\"article:modified_time\" content=\"2025-04-14T02:41:42+00:00\" \/>\n<meta property=\"og:image\" content=\"https:\/\/elregionalvm.com.ar\/noticias-villa-maria\/wp-content\/uploads\/2020\/10\/Celulares-revolucion-digital-ilustrativa.jpg\" \/>\n\t<meta property=\"og:image:width\" content=\"1300\" \/>\n\t<meta property=\"og:image:height\" content=\"730\" \/>\n\t<meta property=\"og:image:type\" content=\"image\/jpeg\" \/>\n<meta name=\"author\" content=\"Contenidos El Regional\" \/>\n<meta name=\"twitter:card\" content=\"summary_large_image\" \/>\n<meta name=\"twitter:creator\" content=\"@elregionalvm1\" \/>\n<meta name=\"twitter:site\" content=\"@elregionalvm1\" \/>\n<meta name=\"twitter:label1\" content=\"Escrito por\" \/>\n\t<meta name=\"twitter:data1\" content=\"Contenidos El Regional\" \/>\n\t<meta name=\"twitter:label2\" content=\"Tiempo de lectura\" \/>\n\t<meta name=\"twitter:data2\" content=\"3 minutos\" \/>\n<script type=\"application\/ld+json\" class=\"yoast-schema-graph\">{\"@context\":\"https:\/\/schema.org\",\"@graph\":[{\"@type\":\"Article\",\"@id\":\"https:\/\/elregionalvm.com.ar\/noticias-villa-maria\/argentinadas-ambiguedades-en-tiempos-de-ia-comunicacion-versus-conexion\/#article\",\"isPartOf\":{\"@id\":\"https:\/\/elregionalvm.com.ar\/noticias-villa-maria\/argentinadas-ambiguedades-en-tiempos-de-ia-comunicacion-versus-conexion\/\"},\"author\":{\"name\":\"Contenidos El Regional\",\"@id\":\"http:\/\/elregionalvm.com.ar\/noticias-villa-maria\/#\/schema\/person\/a0fb9c422317faca23d50163151bc354\"},\"headline\":\"[Argentinadas] Ambig\u00fcedades en tiempos de \u00abIA\u00bb: Comunicaci\u00f3n versus conexi\u00f3n\",\"datePublished\":\"2025-04-06T21:53:57+00:00\",\"dateModified\":\"2025-04-14T02:41:42+00:00\",\"mainEntityOfPage\":{\"@id\":\"https:\/\/elregionalvm.com.ar\/noticias-villa-maria\/argentinadas-ambiguedades-en-tiempos-de-ia-comunicacion-versus-conexion\/\"},\"wordCount\":484,\"commentCount\":0,\"image\":{\"@id\":\"https:\/\/elregionalvm.com.ar\/noticias-villa-maria\/argentinadas-ambiguedades-en-tiempos-de-ia-comunicacion-versus-conexion\/#primaryimage\"},\"thumbnailUrl\":\"https:\/\/i0.wp.com\/elregionalvm.com.ar\/noticias-villa-maria\/wp-content\/uploads\/2020\/10\/Celulares-revolucion-digital-ilustrativa.jpg?fit=1300%2C730&ssl=1\",\"keywords\":[\"ambig\u00fcedades\",\"argentinadas\",\"Comunicaci\u00f3n\",\"conexi\u00f3n\",\"inteligencia\",\"inteligencia artificial\",\"modernas\"],\"articleSection\":[\"Opini\u00f3n\",\"tercera\"],\"inLanguage\":\"es\",\"potentialAction\":[{\"@type\":\"CommentAction\",\"name\":\"Comment\",\"target\":[\"https:\/\/elregionalvm.com.ar\/noticias-villa-maria\/argentinadas-ambiguedades-en-tiempos-de-ia-comunicacion-versus-conexion\/#respond\"]}]},{\"@type\":\"WebPage\",\"@id\":\"https:\/\/elregionalvm.com.ar\/noticias-villa-maria\/argentinadas-ambiguedades-en-tiempos-de-ia-comunicacion-versus-conexion\/\",\"url\":\"https:\/\/elregionalvm.com.ar\/noticias-villa-maria\/argentinadas-ambiguedades-en-tiempos-de-ia-comunicacion-versus-conexion\/\",\"name\":\"[Argentinadas] Ambig\u00fcedades en tiempos de \\\"IA\\\": Comunicaci\u00f3n versus conexi\u00f3n - El Regional\",\"isPartOf\":{\"@id\":\"http:\/\/elregionalvm.com.ar\/noticias-villa-maria\/#website\"},\"primaryImageOfPage\":{\"@id\":\"https:\/\/elregionalvm.com.ar\/noticias-villa-maria\/argentinadas-ambiguedades-en-tiempos-de-ia-comunicacion-versus-conexion\/#primaryimage\"},\"image\":{\"@id\":\"https:\/\/elregionalvm.com.ar\/noticias-villa-maria\/argentinadas-ambiguedades-en-tiempos-de-ia-comunicacion-versus-conexion\/#primaryimage\"},\"thumbnailUrl\":\"https:\/\/i0.wp.com\/elregionalvm.com.ar\/noticias-villa-maria\/wp-content\/uploads\/2020\/10\/Celulares-revolucion-digital-ilustrativa.jpg?fit=1300%2C730&ssl=1\",\"datePublished\":\"2025-04-06T21:53:57+00:00\",\"dateModified\":\"2025-04-14T02:41:42+00:00\",\"author\":{\"@id\":\"http:\/\/elregionalvm.com.ar\/noticias-villa-maria\/#\/schema\/person\/a0fb9c422317faca23d50163151bc354\"},\"breadcrumb\":{\"@id\":\"https:\/\/elregionalvm.com.ar\/noticias-villa-maria\/argentinadas-ambiguedades-en-tiempos-de-ia-comunicacion-versus-conexion\/#breadcrumb\"},\"inLanguage\":\"es\",\"potentialAction\":[{\"@type\":\"ReadAction\",\"target\":[\"https:\/\/elregionalvm.com.ar\/noticias-villa-maria\/argentinadas-ambiguedades-en-tiempos-de-ia-comunicacion-versus-conexion\/\"]}]},{\"@type\":\"ImageObject\",\"inLanguage\":\"es\",\"@id\":\"https:\/\/elregionalvm.com.ar\/noticias-villa-maria\/argentinadas-ambiguedades-en-tiempos-de-ia-comunicacion-versus-conexion\/#primaryimage\",\"url\":\"https:\/\/i0.wp.com\/elregionalvm.com.ar\/noticias-villa-maria\/wp-content\/uploads\/2020\/10\/Celulares-revolucion-digital-ilustrativa.jpg?fit=1300%2C730&ssl=1\",\"contentUrl\":\"https:\/\/i0.wp.com\/elregionalvm.com.ar\/noticias-villa-maria\/wp-content\/uploads\/2020\/10\/Celulares-revolucion-digital-ilustrativa.jpg?fit=1300%2C730&ssl=1\",\"width\":1300,\"height\":730},{\"@type\":\"BreadcrumbList\",\"@id\":\"https:\/\/elregionalvm.com.ar\/noticias-villa-maria\/argentinadas-ambiguedades-en-tiempos-de-ia-comunicacion-versus-conexion\/#breadcrumb\",\"itemListElement\":[{\"@type\":\"ListItem\",\"position\":1,\"name\":\"Portada\",\"item\":\"https:\/\/elregionalvm.com.ar\/noticias-villa-maria\/\"},{\"@type\":\"ListItem\",\"position\":2,\"name\":\"[Argentinadas] Ambig\u00fcedades en tiempos de \u00abIA\u00bb: Comunicaci\u00f3n versus conexi\u00f3n\"}]},{\"@type\":\"WebSite\",\"@id\":\"http:\/\/elregionalvm.com.ar\/noticias-villa-maria\/#website\",\"url\":\"http:\/\/elregionalvm.com.ar\/noticias-villa-maria\/\",\"name\":\"El Regional\",\"description\":\"Mucho m\u00e1s que informaci\u00f3n\",\"potentialAction\":[{\"@type\":\"SearchAction\",\"target\":{\"@type\":\"EntryPoint\",\"urlTemplate\":\"http:\/\/elregionalvm.com.ar\/noticias-villa-maria\/?s={search_term_string}\"},\"query-input\":{\"@type\":\"PropertyValueSpecification\",\"valueRequired\":true,\"valueName\":\"search_term_string\"}}],\"inLanguage\":\"es\"},{\"@type\":\"Person\",\"@id\":\"http:\/\/elregionalvm.com.ar\/noticias-villa-maria\/#\/schema\/person\/a0fb9c422317faca23d50163151bc354\",\"name\":\"Contenidos El Regional\",\"image\":{\"@type\":\"ImageObject\",\"inLanguage\":\"es\",\"@id\":\"http:\/\/elregionalvm.com.ar\/noticias-villa-maria\/#\/schema\/person\/image\/\",\"url\":\"https:\/\/secure.gravatar.com\/avatar\/265b27cb2209af7bb3a1318f03305787d7981a5cc6e6cd08fe5a4ecdf99d4b48?s=96&d=mm&r=g\",\"contentUrl\":\"https:\/\/secure.gravatar.com\/avatar\/265b27cb2209af7bb3a1318f03305787d7981a5cc6e6cd08fe5a4ecdf99d4b48?s=96&d=mm&r=g\",\"caption\":\"Contenidos El Regional\"},\"url\":\"https:\/\/elregionalvm.com.ar\/noticias-villa-maria\/author\/contenido\/\"}]}<\/script>\n<!-- \/ Yoast SEO plugin. -->","yoast_head_json":{"title":"[Argentinadas] Ambig\u00fcedades en tiempos de \"IA\": Comunicaci\u00f3n versus conexi\u00f3n - El Regional","robots":{"index":"index","follow":"follow","max-snippet":"max-snippet:-1","max-image-preview":"max-image-preview:large","max-video-preview":"max-video-preview:-1"},"canonical":"https:\/\/elregionalvm.com.ar\/noticias-villa-maria\/argentinadas-ambiguedades-en-tiempos-de-ia-comunicacion-versus-conexion\/","og_locale":"es_ES","og_type":"article","og_title":"[Argentinadas] Ambig\u00fcedades en tiempos de \"IA\": Comunicaci\u00f3n versus conexi\u00f3n - El Regional","og_description":"La tenemos re f\u00e1cil, chicos. Desde el maravilloso invento de internet, las comunicaciones se han desarrollado vertiginosamente y as\u00ed estamos, conectad\u00edsimos con lo distante, lo que no est\u00e1 ac\u00e1. Pero\u2026 Escribe: Raquel Baratelli -Ten\u00e9s conexi\u00f3n con el ahora? &#8211; Claro, tengo wasap, insta, X, Ticktoc Facebook, Gmail, Hotmail, adem\u00e1s, entro en YouTube, Google\u2026Vivo conectada con [&hellip;]","og_url":"https:\/\/elregionalvm.com.ar\/noticias-villa-maria\/argentinadas-ambiguedades-en-tiempos-de-ia-comunicacion-versus-conexion\/","og_site_name":"El Regional","article_publisher":"https:\/\/www.facebook.com\/elregionalvm","article_published_time":"2025-04-06T21:53:57+00:00","article_modified_time":"2025-04-14T02:41:42+00:00","og_image":[{"width":1300,"height":730,"url":"https:\/\/elregionalvm.com.ar\/noticias-villa-maria\/wp-content\/uploads\/2020\/10\/Celulares-revolucion-digital-ilustrativa.jpg","type":"image\/jpeg"}],"author":"Contenidos El Regional","twitter_card":"summary_large_image","twitter_creator":"@elregionalvm1","twitter_site":"@elregionalvm1","twitter_misc":{"Escrito por":"Contenidos El Regional","Tiempo de lectura":"3 minutos"},"schema":{"@context":"https:\/\/schema.org","@graph":[{"@type":"Article","@id":"https:\/\/elregionalvm.com.ar\/noticias-villa-maria\/argentinadas-ambiguedades-en-tiempos-de-ia-comunicacion-versus-conexion\/#article","isPartOf":{"@id":"https:\/\/elregionalvm.com.ar\/noticias-villa-maria\/argentinadas-ambiguedades-en-tiempos-de-ia-comunicacion-versus-conexion\/"},"author":{"name":"Contenidos El Regional","@id":"http:\/\/elregionalvm.com.ar\/noticias-villa-maria\/#\/schema\/person\/a0fb9c422317faca23d50163151bc354"},"headline":"[Argentinadas] Ambig\u00fcedades en tiempos de \u00abIA\u00bb: Comunicaci\u00f3n versus conexi\u00f3n","datePublished":"2025-04-06T21:53:57+00:00","dateModified":"2025-04-14T02:41:42+00:00","mainEntityOfPage":{"@id":"https:\/\/elregionalvm.com.ar\/noticias-villa-maria\/argentinadas-ambiguedades-en-tiempos-de-ia-comunicacion-versus-conexion\/"},"wordCount":484,"commentCount":0,"image":{"@id":"https:\/\/elregionalvm.com.ar\/noticias-villa-maria\/argentinadas-ambiguedades-en-tiempos-de-ia-comunicacion-versus-conexion\/#primaryimage"},"thumbnailUrl":"https:\/\/i0.wp.com\/elregionalvm.com.ar\/noticias-villa-maria\/wp-content\/uploads\/2020\/10\/Celulares-revolucion-digital-ilustrativa.jpg?fit=1300%2C730&ssl=1","keywords":["ambig\u00fcedades","argentinadas","Comunicaci\u00f3n","conexi\u00f3n","inteligencia","inteligencia artificial","modernas"],"articleSection":["Opini\u00f3n","tercera"],"inLanguage":"es","potentialAction":[{"@type":"CommentAction","name":"Comment","target":["https:\/\/elregionalvm.com.ar\/noticias-villa-maria\/argentinadas-ambiguedades-en-tiempos-de-ia-comunicacion-versus-conexion\/#respond"]}]},{"@type":"WebPage","@id":"https:\/\/elregionalvm.com.ar\/noticias-villa-maria\/argentinadas-ambiguedades-en-tiempos-de-ia-comunicacion-versus-conexion\/","url":"https:\/\/elregionalvm.com.ar\/noticias-villa-maria\/argentinadas-ambiguedades-en-tiempos-de-ia-comunicacion-versus-conexion\/","name":"[Argentinadas] Ambig\u00fcedades en tiempos de \"IA\": Comunicaci\u00f3n versus conexi\u00f3n - El Regional","isPartOf":{"@id":"http:\/\/elregionalvm.com.ar\/noticias-villa-maria\/#website"},"primaryImageOfPage":{"@id":"https:\/\/elregionalvm.com.ar\/noticias-villa-maria\/argentinadas-ambiguedades-en-tiempos-de-ia-comunicacion-versus-conexion\/#primaryimage"},"image":{"@id":"https:\/\/elregionalvm.com.ar\/noticias-villa-maria\/argentinadas-ambiguedades-en-tiempos-de-ia-comunicacion-versus-conexion\/#primaryimage"},"thumbnailUrl":"https:\/\/i0.wp.com\/elregionalvm.com.ar\/noticias-villa-maria\/wp-content\/uploads\/2020\/10\/Celulares-revolucion-digital-ilustrativa.jpg?fit=1300%2C730&ssl=1","datePublished":"2025-04-06T21:53:57+00:00","dateModified":"2025-04-14T02:41:42+00:00","author":{"@id":"http:\/\/elregionalvm.com.ar\/noticias-villa-maria\/#\/schema\/person\/a0fb9c422317faca23d50163151bc354"},"breadcrumb":{"@id":"https:\/\/elregionalvm.com.ar\/noticias-villa-maria\/argentinadas-ambiguedades-en-tiempos-de-ia-comunicacion-versus-conexion\/#breadcrumb"},"inLanguage":"es","potentialAction":[{"@type":"ReadAction","target":["https:\/\/elregionalvm.com.ar\/noticias-villa-maria\/argentinadas-ambiguedades-en-tiempos-de-ia-comunicacion-versus-conexion\/"]}]},{"@type":"ImageObject","inLanguage":"es","@id":"https:\/\/elregionalvm.com.ar\/noticias-villa-maria\/argentinadas-ambiguedades-en-tiempos-de-ia-comunicacion-versus-conexion\/#primaryimage","url":"https:\/\/i0.wp.com\/elregionalvm.com.ar\/noticias-villa-maria\/wp-content\/uploads\/2020\/10\/Celulares-revolucion-digital-ilustrativa.jpg?fit=1300%2C730&ssl=1","contentUrl":"https:\/\/i0.wp.com\/elregionalvm.com.ar\/noticias-villa-maria\/wp-content\/uploads\/2020\/10\/Celulares-revolucion-digital-ilustrativa.jpg?fit=1300%2C730&ssl=1","width":1300,"height":730},{"@type":"BreadcrumbList","@id":"https:\/\/elregionalvm.com.ar\/noticias-villa-maria\/argentinadas-ambiguedades-en-tiempos-de-ia-comunicacion-versus-conexion\/#breadcrumb","itemListElement":[{"@type":"ListItem","position":1,"name":"Portada","item":"https:\/\/elregionalvm.com.ar\/noticias-villa-maria\/"},{"@type":"ListItem","position":2,"name":"[Argentinadas] Ambig\u00fcedades en tiempos de \u00abIA\u00bb: Comunicaci\u00f3n versus conexi\u00f3n"}]},{"@type":"WebSite","@id":"http:\/\/elregionalvm.com.ar\/noticias-villa-maria\/#website","url":"http:\/\/elregionalvm.com.ar\/noticias-villa-maria\/","name":"El Regional","description":"Mucho m\u00e1s que informaci\u00f3n","potentialAction":[{"@type":"SearchAction","target":{"@type":"EntryPoint","urlTemplate":"http:\/\/elregionalvm.com.ar\/noticias-villa-maria\/?s={search_term_string}"},"query-input":{"@type":"PropertyValueSpecification","valueRequired":true,"valueName":"search_term_string"}}],"inLanguage":"es"},{"@type":"Person","@id":"http:\/\/elregionalvm.com.ar\/noticias-villa-maria\/#\/schema\/person\/a0fb9c422317faca23d50163151bc354","name":"Contenidos El Regional","image":{"@type":"ImageObject","inLanguage":"es","@id":"http:\/\/elregionalvm.com.ar\/noticias-villa-maria\/#\/schema\/person\/image\/","url":"https:\/\/secure.gravatar.com\/avatar\/265b27cb2209af7bb3a1318f03305787d7981a5cc6e6cd08fe5a4ecdf99d4b48?s=96&d=mm&r=g","contentUrl":"https:\/\/secure.gravatar.com\/avatar\/265b27cb2209af7bb3a1318f03305787d7981a5cc6e6cd08fe5a4ecdf99d4b48?s=96&d=mm&r=g","caption":"Contenidos El Regional"},"url":"https:\/\/elregionalvm.com.ar\/noticias-villa-maria\/author\/contenido\/"}]}},"jetpack_featured_media_url":"https:\/\/i0.wp.com\/elregionalvm.com.ar\/noticias-villa-maria\/wp-content\/uploads\/2020\/10\/Celulares-revolucion-digital-ilustrativa.jpg?fit=1300%2C730&ssl=1","jetpack_sharing_enabled":true,"_links":{"self":[{"href":"https:\/\/elregionalvm.com.ar\/noticias-villa-maria\/wp-json\/wp\/v2\/posts\/104909","targetHints":{"allow":["GET"]}}],"collection":[{"href":"https:\/\/elregionalvm.com.ar\/noticias-villa-maria\/wp-json\/wp\/v2\/posts"}],"about":[{"href":"https:\/\/elregionalvm.com.ar\/noticias-villa-maria\/wp-json\/wp\/v2\/types\/post"}],"author":[{"embeddable":true,"href":"https:\/\/elregionalvm.com.ar\/noticias-villa-maria\/wp-json\/wp\/v2\/users\/4"}],"replies":[{"embeddable":true,"href":"https:\/\/elregionalvm.com.ar\/noticias-villa-maria\/wp-json\/wp\/v2\/comments?post=104909"}],"version-history":[{"count":3,"href":"https:\/\/elregionalvm.com.ar\/noticias-villa-maria\/wp-json\/wp\/v2\/posts\/104909\/revisions"}],"predecessor-version":[{"id":104913,"href":"https:\/\/elregionalvm.com.ar\/noticias-villa-maria\/wp-json\/wp\/v2\/posts\/104909\/revisions\/104913"}],"wp:featuredmedia":[{"embeddable":true,"href":"https:\/\/elregionalvm.com.ar\/noticias-villa-maria\/wp-json\/wp\/v2\/media\/26432"}],"wp:attachment":[{"href":"https:\/\/elregionalvm.com.ar\/noticias-villa-maria\/wp-json\/wp\/v2\/media?parent=104909"}],"wp:term":[{"taxonomy":"category","embeddable":true,"href":"https:\/\/elregionalvm.com.ar\/noticias-villa-maria\/wp-json\/wp\/v2\/categories?post=104909"},{"taxonomy":"post_tag","embeddable":true,"href":"https:\/\/elregionalvm.com.ar\/noticias-villa-maria\/wp-json\/wp\/v2\/tags?post=104909"}],"curies":[{"name":"wp","href":"https:\/\/api.w.org\/{rel}","templated":true}]}}