{"id":104922,"date":"2025-04-06T22:31:04","date_gmt":"2025-04-06T22:31:04","guid":{"rendered":"https:\/\/elregionalvm.com.ar\/noticias-villa-maria\/?p=104922"},"modified":"2025-04-14T02:41:33","modified_gmt":"2025-04-14T02:41:33","slug":"video-el-centro-de-vida-de-los-menores-de-que-se-trata-este-concepto-trascendental-para-respetar-sus-derechos","status":"publish","type":"post","link":"https:\/\/elregionalvm.com.ar\/noticias-villa-maria\/video-el-centro-de-vida-de-los-menores-de-que-se-trata-este-concepto-trascendental-para-respetar-sus-derechos\/","title":{"rendered":"[VIDEO] El centro de vida de los menores: De qu\u00e9 se trata este concepto trascendental para respetar sus derechos"},"content":{"rendered":"\n<h3 class=\"wp-block-heading\"><strong>Los ni\u00f1os, ni\u00f1as y adolescentes son sujetos de derechos, y en virtud de asegurar el acceso a los mismos teniendo en cuenta que son sujetos vulnerables existen una serie de principios y reglas para asegurar su protecci\u00f3n. Por ello hoy vamos a hablar del centro de vida de los menores, concepto crucial a determinar a la hora de iniciar reclamos vinculados con los NNyA.<\/strong><\/h3>\n\n\n\n<p><\/p>\n\n\n\n<figure class=\"wp-block-embed is-type-video is-provider-youtube wp-block-embed-youtube wp-embed-aspect-16-9 wp-has-aspect-ratio\"><div class=\"wp-block-embed__wrapper\">\n<iframe title=\"El centro de vida de los menores: Un concepto trascendental para respetar sus derechos\" width=\"500\" height=\"281\" src=\"https:\/\/www.youtube.com\/embed\/gM1XQvXoI_0?feature=oembed\" frameborder=\"0\" allow=\"accelerometer; autoplay; clipboard-write; encrypted-media; gyroscope; picture-in-picture; web-share\" referrerpolicy=\"strict-origin-when-cross-origin\" allowfullscreen><\/iframe>\n<\/div><\/figure>\n\n\n\n<p><\/p>\n\n\n\n<p><strong>Escribe: Abogada Valeria Montenegro<\/strong><\/p>\n\n\n\n<p><\/p>\n\n\n\n<p><strong>\u00bfQu\u00e9 es el centro de vida?<\/strong><\/p>\n\n\n\n<p>Se entiende por centro de vida el lugar donde las ni\u00f1as, ni\u00f1os y adolescentes hubiesen transcurrido en condiciones leg\u00edtimas la mayor parte de su existencia (<strong>Ley 26.061 de protecci\u00f3n integral de los derechos de las ni\u00f1as, ni\u00f1os y adolescentes).<\/strong><\/p>\n\n\n\n<p>El \u201ccentro de vida\u201d implica la residencia habitual del menor y est\u00e1 vinculado a su estabilidad, permanencia y v\u00ednculos afectivos. &nbsp;Contempla criterios como el lugar donde asiste a la escuela, sus relaciones familiares y su entorno cotidiano.<\/p>\n\n\n\n<p><\/p>\n\n\n\n<figure class=\"wp-block-image size-full\"><img data-recalc-dims=\"1\" fetchpriority=\"high\" decoding=\"async\" width=\"1248\" height=\"770\" src=\"https:\/\/i0.wp.com\/elregionalvm.com.ar\/noticias-villa-maria\/wp-content\/uploads\/2023\/03\/Ninos-madre-yendo-escuela.jpg?resize=1248%2C770&#038;ssl=1\" alt=\"\" class=\"wp-image-72835\" srcset=\"https:\/\/i0.wp.com\/elregionalvm.com.ar\/noticias-villa-maria\/wp-content\/uploads\/2023\/03\/Ninos-madre-yendo-escuela.jpg?w=1248&amp;ssl=1 1248w, https:\/\/i0.wp.com\/elregionalvm.com.ar\/noticias-villa-maria\/wp-content\/uploads\/2023\/03\/Ninos-madre-yendo-escuela.jpg?resize=300%2C185&amp;ssl=1 300w, https:\/\/i0.wp.com\/elregionalvm.com.ar\/noticias-villa-maria\/wp-content\/uploads\/2023\/03\/Ninos-madre-yendo-escuela.jpg?resize=1024%2C632&amp;ssl=1 1024w, https:\/\/i0.wp.com\/elregionalvm.com.ar\/noticias-villa-maria\/wp-content\/uploads\/2023\/03\/Ninos-madre-yendo-escuela.jpg?resize=768%2C474&amp;ssl=1 768w\" sizes=\"(max-width: 1000px) 100vw, 1000px\" \/><\/figure>\n\n\n\n<p><\/p>\n\n\n\n<p><strong><em>\u00bfPor qu\u00e9 es importante conocer el centro de vida?<\/em><\/strong><\/p>\n\n\n\n<p>El art. 716 del CCivCom dispone que, en los procesos referidos a&nbsp;responsabilidad parental, guarda, cuidado personal, r\u00e9gimen de comunicaci\u00f3n, alimentos, adopci\u00f3n y otros que deciden en forma principal o que modifican lo resuelto en otra jurisdicci\u00f3n del territorio nacional sobre derechos del NNyA, es competente el juez del lugar donde la&nbsp;persona menor de edad&nbsp;tiene su centro de vida.<\/p>\n\n\n\n<p><strong><em>\u00bfQu\u00e9 garantiza el centro de vida?<\/em><\/strong><\/p>\n\n\n\n<p>Establecer cu\u00e1l es el centro de vida del menor en el caso concreto permite garantizar los derechos de los NNyA a la tutela judicial efectiva y la inmediaci\u00f3n.<\/p>\n\n\n\n<p>En las causas de \u00edndole familiar, la noci\u00f3n de \u00abcentro de vidas\u00bb asigna la causa al juez que se encuentre mejor posicionado para conocer y resolver en salvaguarda de los intereses de los menores de edad.<\/p>\n\n\n\n<p>Es por ello que el principio de inmediatez (la posibilidad real y concreta de contacto del juez con el menor, las pruebas, las partes, etc.) tiene un punto de conexi\u00f3n con el concepto de centro de vida del NNyA y la competencia territorial (es decir a qu\u00e9 juez se le van a atribuir el asunto en un territorio determinado, por ejemplo un juez de que se encuentre en el norte de la provincia dif\u00edcilmente va a poder tener contacto directo con el menor, escucharlo y conocer como son los elementos de la causa), y estos son ejes esenciales al acceso a la justicia y el respeto a las normas del debido proceso legal.<\/p>\n\n\n\n<p><\/p>\n\n\n\n<figure class=\"wp-block-image size-large\"><img data-recalc-dims=\"1\" decoding=\"async\" width=\"1024\" height=\"683\" src=\"https:\/\/i0.wp.com\/elregionalvm.com.ar\/noticias-villa-maria\/wp-content\/uploads\/2023\/08\/violencia-familiar-discapacidad-nino-padres-e1693277260737-1024x683.jpg?resize=1024%2C683&#038;ssl=1\" alt=\"\" class=\"wp-image-81729\" srcset=\"https:\/\/i0.wp.com\/elregionalvm.com.ar\/noticias-villa-maria\/wp-content\/uploads\/2023\/08\/violencia-familiar-discapacidad-nino-padres-e1693277260737.jpg?resize=1024%2C683&amp;ssl=1 1024w, https:\/\/i0.wp.com\/elregionalvm.com.ar\/noticias-villa-maria\/wp-content\/uploads\/2023\/08\/violencia-familiar-discapacidad-nino-padres-e1693277260737.jpg?resize=300%2C200&amp;ssl=1 300w, https:\/\/i0.wp.com\/elregionalvm.com.ar\/noticias-villa-maria\/wp-content\/uploads\/2023\/08\/violencia-familiar-discapacidad-nino-padres-e1693277260737.jpg?resize=768%2C512&amp;ssl=1 768w, https:\/\/i0.wp.com\/elregionalvm.com.ar\/noticias-villa-maria\/wp-content\/uploads\/2023\/08\/violencia-familiar-discapacidad-nino-padres-e1693277260737.jpg?w=1200&amp;ssl=1 1200w\" sizes=\"(max-width: 1000px) 100vw, 1000px\" \/><\/figure>\n\n\n\n<p><\/p>\n\n\n\n<p><strong><em>\u00bfQu\u00e9 ocurre si un progenitor de forma unilateral e inconsulta cambia de domicilio al menor?<\/em><\/strong><\/p>\n\n\n\n<p>Suele ocurrir que en el caso de disputas en causa donde hay menores involucrados, alguno de los progenitores cambie de domicilio de forma unilateral e inconsulta al menor, y sin autorizaci\u00f3n judicial alguna.<\/p>\n\n\n\n<p>En estos casos, si no se acredita que el centro de vida mut\u00f3 de lugar y se consolid\u00f3, es un simple cambio de domicilio, pero no un cambio de centro de vida que implique que deba ser otro juez el que intervenga, ya que si esto ocurriera as\u00ed se violar\u00eda el principio del juez natural y el debido proceso.&nbsp;<\/p>\n\n\n\n<p><strong>Reflexiones finales<\/strong><\/p>\n\n\n\n<p>Es importante recordar que los menores tienen derechos y que es obligaci\u00f3n de los adultos garantizarle su pleno goce, y ellos tambi\u00e9n tienen derecho a acceder a la justicia.<\/p>\n\n\n\n<p><\/p>\n\n\n\n<figure class=\"wp-block-image size-large\"><img data-recalc-dims=\"1\" decoding=\"async\" width=\"1024\" height=\"576\" src=\"https:\/\/i0.wp.com\/elregionalvm.com.ar\/noticias-villa-maria\/wp-content\/uploads\/2024\/02\/accion-de-amparo-balanza-justicia.jpg?resize=1024%2C576&#038;ssl=1\" alt=\"\" class=\"wp-image-89329\" srcset=\"https:\/\/i0.wp.com\/elregionalvm.com.ar\/noticias-villa-maria\/wp-content\/uploads\/2024\/02\/accion-de-amparo-balanza-justicia.jpg?resize=1024%2C576&amp;ssl=1 1024w, https:\/\/i0.wp.com\/elregionalvm.com.ar\/noticias-villa-maria\/wp-content\/uploads\/2024\/02\/accion-de-amparo-balanza-justicia.jpg?resize=300%2C169&amp;ssl=1 300w, https:\/\/i0.wp.com\/elregionalvm.com.ar\/noticias-villa-maria\/wp-content\/uploads\/2024\/02\/accion-de-amparo-balanza-justicia.jpg?resize=768%2C432&amp;ssl=1 768w, https:\/\/i0.wp.com\/elregionalvm.com.ar\/noticias-villa-maria\/wp-content\/uploads\/2024\/02\/accion-de-amparo-balanza-justicia.jpg?w=1200&amp;ssl=1 1200w\" sizes=\"(max-width: 1000px) 100vw, 1000px\" \/><\/figure>\n\n\n\n<p><\/p>\n\n\n\n<p>En caso de querer modificar el centro de vida de un ni\u00f1o debe realizarse con acuerdo de ambos padres, si no debe contarse con autorizaci\u00f3n judicial previa, previa comunicaci\u00f3n al otro progenitor, tal como lo exigen los art\u00edculos 641 y 654 del CCCN.<\/p>\n\n\n\n<p>Siempre en estos casos, previo a cualquier acci\u00f3n que repercuta en los derechos de los ni\u00f1os es importante asesorarse con un profesional de confianza.<\/p>\n\n\n\n<p><\/p>\n\n\n\n<p><strong>Conocer tus derechos, es el primer paso para defenderlos.<\/strong><\/p>\n\n\n\n<p><\/p>\n\n\n\n<ul class=\"wp-block-list\">\n<li><strong>Valeria C. Montenegro Abogada<\/strong><\/li>\n\n\n\n<li><strong>Instagram @abogadavaleriamontenegrovm<\/strong><\/li>\n\n\n\n<li><strong>Elpidio Gonz\u00e1lez 176 Local 3 Villa Mar\u00eda<\/strong><\/li>\n\n\n\n<li><strong>0353-154271885<\/strong><\/li>\n<\/ul>\n","protected":false},"excerpt":{"rendered":"<p>Los ni\u00f1os, ni\u00f1as y adolescentes son sujetos de derechos, y en virtud de asegurar el acceso a los mismos teniendo en cuenta que son sujetos vulnerables existen una serie de principios y reglas para asegurar su protecci\u00f3n. Por ello hoy vamos a hablar del centro de vida de los menores, concepto crucial a determinar a [&hellip;]<\/p>\n","protected":false},"author":4,"featured_media":63355,"comment_status":"open","ping_status":"open","sticky":false,"template":"","format":"standard","meta":{"site-sidebar-layout":"default","site-content-layout":"","ast-site-content-layout":"default","site-content-style":"default","site-sidebar-style":"default","ast-global-header-display":"","ast-banner-title-visibility":"","ast-main-header-display":"","ast-hfb-above-header-display":"","ast-hfb-below-header-display":"","ast-hfb-mobile-header-display":"","site-post-title":"","ast-breadcrumbs-content":"","ast-featured-img":"","footer-sml-layout":"","ast-disable-related-posts":"","theme-transparent-header-meta":"","adv-header-id-meta":"","stick-header-meta":"","header-above-stick-meta":"","header-main-stick-meta":"","header-below-stick-meta":"","astra-migrate-meta-layouts":"set","ast-page-background-enabled":"default","ast-page-background-meta":{"desktop":{"background-color":"","background-image":"","background-repeat":"repeat","background-position":"center center","background-size":"auto","background-attachment":"scroll","background-type":"","background-media":"","overlay-type":"","overlay-color":"","overlay-opacity":"","overlay-gradient":""},"tablet":{"background-color":"","background-image":"","background-repeat":"repeat","background-position":"center center","background-size":"auto","background-attachment":"scroll","background-type":"","background-media":"","overlay-type":"","overlay-color":"","overlay-opacity":"","overlay-gradient":""},"mobile":{"background-color":"","background-image":"","background-repeat":"repeat","background-position":"center center","background-size":"auto","background-attachment":"scroll","background-type":"","background-media":"","overlay-type":"","overlay-color":"","overlay-opacity":"","overlay-gradient":""}},"ast-content-background-meta":{"desktop":{"background-color":"var(--ast-global-color-5)","background-image":"","background-repeat":"repeat","background-position":"center center","background-size":"auto","background-attachment":"scroll","background-type":"","background-media":"","overlay-type":"","overlay-color":"","overlay-opacity":"","overlay-gradient":""},"tablet":{"background-color":"var(--ast-global-color-5)","background-image":"","background-repeat":"repeat","background-position":"center center","background-size":"auto","background-attachment":"scroll","background-type":"","background-media":"","overlay-type":"","overlay-color":"","overlay-opacity":"","overlay-gradient":""},"mobile":{"background-color":"var(--ast-global-color-5)","background-image":"","background-repeat":"repeat","background-position":"center center","background-size":"auto","background-attachment":"scroll","background-type":"","background-media":"","overlay-type":"","overlay-color":"","overlay-opacity":"","overlay-gradient":""}},"_jetpack_memberships_contains_paid_content":false,"_joinchat":[],"footnotes":""},"categories":[365,3557,2074],"tags":[18974,1418,24867,57,16299,99,12367,10315,4910,2447,7194],"class_list":["post-104922","post","type-post","status-publish","format-standard","has-post-thumbnail","hentry","category-opinion","category-tercera","category-videos","tag-abogada-valeria-montenegro","tag-acceso","tag-centro-de-vida","tag-derechos","tag-infancias","tag-justicia","tag-leyes","tag-menores","tag-padres","tag-reclamos","tag-tips-legales"],"yoast_head":"<!-- This site is optimized with the Yoast SEO plugin v26.8 - https:\/\/yoast.com\/product\/yoast-seo-wordpress\/ -->\n<title>[VIDEO] El centro de vida de los menores: De qu\u00e9 se trata este concepto trascendental para respetar sus derechos - El Regional<\/title>\n<meta name=\"robots\" content=\"index, follow, max-snippet:-1, max-image-preview:large, max-video-preview:-1\" \/>\n<link rel=\"canonical\" href=\"https:\/\/elregionalvm.com.ar\/noticias-villa-maria\/video-el-centro-de-vida-de-los-menores-de-que-se-trata-este-concepto-trascendental-para-respetar-sus-derechos\/\" \/>\n<meta property=\"og:locale\" content=\"es_ES\" \/>\n<meta property=\"og:type\" content=\"article\" \/>\n<meta property=\"og:title\" content=\"[VIDEO] El centro de vida de los menores: De qu\u00e9 se trata este concepto trascendental para respetar sus derechos - El Regional\" \/>\n<meta property=\"og:description\" content=\"Los ni\u00f1os, ni\u00f1as y adolescentes son sujetos de derechos, y en virtud de asegurar el acceso a los mismos teniendo en cuenta que son sujetos vulnerables existen una serie de principios y reglas para asegurar su protecci\u00f3n. Por ello hoy vamos a hablar del centro de vida de los menores, concepto crucial a determinar a [&hellip;]\" \/>\n<meta property=\"og:url\" content=\"https:\/\/elregionalvm.com.ar\/noticias-villa-maria\/video-el-centro-de-vida-de-los-menores-de-que-se-trata-este-concepto-trascendental-para-respetar-sus-derechos\/\" \/>\n<meta property=\"og:site_name\" content=\"El Regional\" \/>\n<meta property=\"article:publisher\" content=\"https:\/\/www.facebook.com\/elregionalvm\" \/>\n<meta property=\"article:published_time\" content=\"2025-04-06T22:31:04+00:00\" \/>\n<meta property=\"article:modified_time\" content=\"2025-04-14T02:41:33+00:00\" \/>\n<meta property=\"og:image\" content=\"https:\/\/elregionalvm.com.ar\/noticias-villa-maria\/wp-content\/uploads\/2022\/09\/Muneco-nino-triste-ley-hielo.jpg\" \/>\n\t<meta property=\"og:image:width\" content=\"1280\" \/>\n\t<meta property=\"og:image:height\" content=\"853\" \/>\n\t<meta property=\"og:image:type\" content=\"image\/jpeg\" \/>\n<meta name=\"author\" content=\"Contenidos El Regional\" \/>\n<meta name=\"twitter:card\" content=\"summary_large_image\" \/>\n<meta name=\"twitter:creator\" content=\"@elregionalvm1\" \/>\n<meta name=\"twitter:site\" content=\"@elregionalvm1\" \/>\n<meta name=\"twitter:label1\" content=\"Escrito por\" \/>\n\t<meta name=\"twitter:data1\" content=\"Contenidos El Regional\" \/>\n\t<meta name=\"twitter:label2\" content=\"Tiempo de lectura\" \/>\n\t<meta name=\"twitter:data2\" content=\"4 minutos\" \/>\n<script type=\"application\/ld+json\" class=\"yoast-schema-graph\">{\"@context\":\"https:\/\/schema.org\",\"@graph\":[{\"@type\":\"Article\",\"@id\":\"https:\/\/elregionalvm.com.ar\/noticias-villa-maria\/video-el-centro-de-vida-de-los-menores-de-que-se-trata-este-concepto-trascendental-para-respetar-sus-derechos\/#article\",\"isPartOf\":{\"@id\":\"https:\/\/elregionalvm.com.ar\/noticias-villa-maria\/video-el-centro-de-vida-de-los-menores-de-que-se-trata-este-concepto-trascendental-para-respetar-sus-derechos\/\"},\"author\":{\"name\":\"Contenidos El Regional\",\"@id\":\"http:\/\/elregionalvm.com.ar\/noticias-villa-maria\/#\/schema\/person\/a0fb9c422317faca23d50163151bc354\"},\"headline\":\"[VIDEO] El centro de vida de los menores: De qu\u00e9 se trata este concepto trascendental para respetar sus derechos\",\"datePublished\":\"2025-04-06T22:31:04+00:00\",\"dateModified\":\"2025-04-14T02:41:33+00:00\",\"mainEntityOfPage\":{\"@id\":\"https:\/\/elregionalvm.com.ar\/noticias-villa-maria\/video-el-centro-de-vida-de-los-menores-de-que-se-trata-este-concepto-trascendental-para-respetar-sus-derechos\/\"},\"wordCount\":688,\"commentCount\":0,\"image\":{\"@id\":\"https:\/\/elregionalvm.com.ar\/noticias-villa-maria\/video-el-centro-de-vida-de-los-menores-de-que-se-trata-este-concepto-trascendental-para-respetar-sus-derechos\/#primaryimage\"},\"thumbnailUrl\":\"https:\/\/i0.wp.com\/elregionalvm.com.ar\/noticias-villa-maria\/wp-content\/uploads\/2022\/09\/Muneco-nino-triste-ley-hielo.jpg?fit=1280%2C853&ssl=1\",\"keywords\":[\"Abogada Valeria Montenegro\",\"Acceso\",\"centro de vida\",\"derechos\",\"infancias\",\"Justicia\",\"leyes\",\"menores\",\"Padres\",\"Reclamos\",\"Tips legales\"],\"articleSection\":[\"Opini\u00f3n\",\"tercera\",\"Videos\"],\"inLanguage\":\"es\",\"potentialAction\":[{\"@type\":\"CommentAction\",\"name\":\"Comment\",\"target\":[\"https:\/\/elregionalvm.com.ar\/noticias-villa-maria\/video-el-centro-de-vida-de-los-menores-de-que-se-trata-este-concepto-trascendental-para-respetar-sus-derechos\/#respond\"]}]},{\"@type\":\"WebPage\",\"@id\":\"https:\/\/elregionalvm.com.ar\/noticias-villa-maria\/video-el-centro-de-vida-de-los-menores-de-que-se-trata-este-concepto-trascendental-para-respetar-sus-derechos\/\",\"url\":\"https:\/\/elregionalvm.com.ar\/noticias-villa-maria\/video-el-centro-de-vida-de-los-menores-de-que-se-trata-este-concepto-trascendental-para-respetar-sus-derechos\/\",\"name\":\"[VIDEO] El centro de vida de los menores: De qu\u00e9 se trata este concepto trascendental para respetar sus derechos - El Regional\",\"isPartOf\":{\"@id\":\"http:\/\/elregionalvm.com.ar\/noticias-villa-maria\/#website\"},\"primaryImageOfPage\":{\"@id\":\"https:\/\/elregionalvm.com.ar\/noticias-villa-maria\/video-el-centro-de-vida-de-los-menores-de-que-se-trata-este-concepto-trascendental-para-respetar-sus-derechos\/#primaryimage\"},\"image\":{\"@id\":\"https:\/\/elregionalvm.com.ar\/noticias-villa-maria\/video-el-centro-de-vida-de-los-menores-de-que-se-trata-este-concepto-trascendental-para-respetar-sus-derechos\/#primaryimage\"},\"thumbnailUrl\":\"https:\/\/i0.wp.com\/elregionalvm.com.ar\/noticias-villa-maria\/wp-content\/uploads\/2022\/09\/Muneco-nino-triste-ley-hielo.jpg?fit=1280%2C853&ssl=1\",\"datePublished\":\"2025-04-06T22:31:04+00:00\",\"dateModified\":\"2025-04-14T02:41:33+00:00\",\"author\":{\"@id\":\"http:\/\/elregionalvm.com.ar\/noticias-villa-maria\/#\/schema\/person\/a0fb9c422317faca23d50163151bc354\"},\"breadcrumb\":{\"@id\":\"https:\/\/elregionalvm.com.ar\/noticias-villa-maria\/video-el-centro-de-vida-de-los-menores-de-que-se-trata-este-concepto-trascendental-para-respetar-sus-derechos\/#breadcrumb\"},\"inLanguage\":\"es\",\"potentialAction\":[{\"@type\":\"ReadAction\",\"target\":[\"https:\/\/elregionalvm.com.ar\/noticias-villa-maria\/video-el-centro-de-vida-de-los-menores-de-que-se-trata-este-concepto-trascendental-para-respetar-sus-derechos\/\"]}]},{\"@type\":\"ImageObject\",\"inLanguage\":\"es\",\"@id\":\"https:\/\/elregionalvm.com.ar\/noticias-villa-maria\/video-el-centro-de-vida-de-los-menores-de-que-se-trata-este-concepto-trascendental-para-respetar-sus-derechos\/#primaryimage\",\"url\":\"https:\/\/i0.wp.com\/elregionalvm.com.ar\/noticias-villa-maria\/wp-content\/uploads\/2022\/09\/Muneco-nino-triste-ley-hielo.jpg?fit=1280%2C853&ssl=1\",\"contentUrl\":\"https:\/\/i0.wp.com\/elregionalvm.com.ar\/noticias-villa-maria\/wp-content\/uploads\/2022\/09\/Muneco-nino-triste-ley-hielo.jpg?fit=1280%2C853&ssl=1\",\"width\":1280,\"height\":853},{\"@type\":\"BreadcrumbList\",\"@id\":\"https:\/\/elregionalvm.com.ar\/noticias-villa-maria\/video-el-centro-de-vida-de-los-menores-de-que-se-trata-este-concepto-trascendental-para-respetar-sus-derechos\/#breadcrumb\",\"itemListElement\":[{\"@type\":\"ListItem\",\"position\":1,\"name\":\"Portada\",\"item\":\"https:\/\/elregionalvm.com.ar\/noticias-villa-maria\/\"},{\"@type\":\"ListItem\",\"position\":2,\"name\":\"[VIDEO] El centro de vida de los menores: De qu\u00e9 se trata este concepto trascendental para respetar sus derechos\"}]},{\"@type\":\"WebSite\",\"@id\":\"http:\/\/elregionalvm.com.ar\/noticias-villa-maria\/#website\",\"url\":\"http:\/\/elregionalvm.com.ar\/noticias-villa-maria\/\",\"name\":\"El Regional\",\"description\":\"Mucho m\u00e1s que informaci\u00f3n\",\"potentialAction\":[{\"@type\":\"SearchAction\",\"target\":{\"@type\":\"EntryPoint\",\"urlTemplate\":\"http:\/\/elregionalvm.com.ar\/noticias-villa-maria\/?s={search_term_string}\"},\"query-input\":{\"@type\":\"PropertyValueSpecification\",\"valueRequired\":true,\"valueName\":\"search_term_string\"}}],\"inLanguage\":\"es\"},{\"@type\":\"Person\",\"@id\":\"http:\/\/elregionalvm.com.ar\/noticias-villa-maria\/#\/schema\/person\/a0fb9c422317faca23d50163151bc354\",\"name\":\"Contenidos El Regional\",\"image\":{\"@type\":\"ImageObject\",\"inLanguage\":\"es\",\"@id\":\"http:\/\/elregionalvm.com.ar\/noticias-villa-maria\/#\/schema\/person\/image\/\",\"url\":\"https:\/\/secure.gravatar.com\/avatar\/265b27cb2209af7bb3a1318f03305787d7981a5cc6e6cd08fe5a4ecdf99d4b48?s=96&d=mm&r=g\",\"contentUrl\":\"https:\/\/secure.gravatar.com\/avatar\/265b27cb2209af7bb3a1318f03305787d7981a5cc6e6cd08fe5a4ecdf99d4b48?s=96&d=mm&r=g\",\"caption\":\"Contenidos El Regional\"},\"url\":\"https:\/\/elregionalvm.com.ar\/noticias-villa-maria\/author\/contenido\/\"}]}<\/script>\n<!-- \/ Yoast SEO plugin. -->","yoast_head_json":{"title":"[VIDEO] El centro de vida de los menores: De qu\u00e9 se trata este concepto trascendental para respetar sus derechos - El Regional","robots":{"index":"index","follow":"follow","max-snippet":"max-snippet:-1","max-image-preview":"max-image-preview:large","max-video-preview":"max-video-preview:-1"},"canonical":"https:\/\/elregionalvm.com.ar\/noticias-villa-maria\/video-el-centro-de-vida-de-los-menores-de-que-se-trata-este-concepto-trascendental-para-respetar-sus-derechos\/","og_locale":"es_ES","og_type":"article","og_title":"[VIDEO] El centro de vida de los menores: De qu\u00e9 se trata este concepto trascendental para respetar sus derechos - El Regional","og_description":"Los ni\u00f1os, ni\u00f1as y adolescentes son sujetos de derechos, y en virtud de asegurar el acceso a los mismos teniendo en cuenta que son sujetos vulnerables existen una serie de principios y reglas para asegurar su protecci\u00f3n. Por ello hoy vamos a hablar del centro de vida de los menores, concepto crucial a determinar a [&hellip;]","og_url":"https:\/\/elregionalvm.com.ar\/noticias-villa-maria\/video-el-centro-de-vida-de-los-menores-de-que-se-trata-este-concepto-trascendental-para-respetar-sus-derechos\/","og_site_name":"El Regional","article_publisher":"https:\/\/www.facebook.com\/elregionalvm","article_published_time":"2025-04-06T22:31:04+00:00","article_modified_time":"2025-04-14T02:41:33+00:00","og_image":[{"width":1280,"height":853,"url":"https:\/\/elregionalvm.com.ar\/noticias-villa-maria\/wp-content\/uploads\/2022\/09\/Muneco-nino-triste-ley-hielo.jpg","type":"image\/jpeg"}],"author":"Contenidos El Regional","twitter_card":"summary_large_image","twitter_creator":"@elregionalvm1","twitter_site":"@elregionalvm1","twitter_misc":{"Escrito por":"Contenidos El Regional","Tiempo de lectura":"4 minutos"},"schema":{"@context":"https:\/\/schema.org","@graph":[{"@type":"Article","@id":"https:\/\/elregionalvm.com.ar\/noticias-villa-maria\/video-el-centro-de-vida-de-los-menores-de-que-se-trata-este-concepto-trascendental-para-respetar-sus-derechos\/#article","isPartOf":{"@id":"https:\/\/elregionalvm.com.ar\/noticias-villa-maria\/video-el-centro-de-vida-de-los-menores-de-que-se-trata-este-concepto-trascendental-para-respetar-sus-derechos\/"},"author":{"name":"Contenidos El Regional","@id":"http:\/\/elregionalvm.com.ar\/noticias-villa-maria\/#\/schema\/person\/a0fb9c422317faca23d50163151bc354"},"headline":"[VIDEO] El centro de vida de los menores: De qu\u00e9 se trata este concepto trascendental para respetar sus derechos","datePublished":"2025-04-06T22:31:04+00:00","dateModified":"2025-04-14T02:41:33+00:00","mainEntityOfPage":{"@id":"https:\/\/elregionalvm.com.ar\/noticias-villa-maria\/video-el-centro-de-vida-de-los-menores-de-que-se-trata-este-concepto-trascendental-para-respetar-sus-derechos\/"},"wordCount":688,"commentCount":0,"image":{"@id":"https:\/\/elregionalvm.com.ar\/noticias-villa-maria\/video-el-centro-de-vida-de-los-menores-de-que-se-trata-este-concepto-trascendental-para-respetar-sus-derechos\/#primaryimage"},"thumbnailUrl":"https:\/\/i0.wp.com\/elregionalvm.com.ar\/noticias-villa-maria\/wp-content\/uploads\/2022\/09\/Muneco-nino-triste-ley-hielo.jpg?fit=1280%2C853&ssl=1","keywords":["Abogada Valeria Montenegro","Acceso","centro de vida","derechos","infancias","Justicia","leyes","menores","Padres","Reclamos","Tips legales"],"articleSection":["Opini\u00f3n","tercera","Videos"],"inLanguage":"es","potentialAction":[{"@type":"CommentAction","name":"Comment","target":["https:\/\/elregionalvm.com.ar\/noticias-villa-maria\/video-el-centro-de-vida-de-los-menores-de-que-se-trata-este-concepto-trascendental-para-respetar-sus-derechos\/#respond"]}]},{"@type":"WebPage","@id":"https:\/\/elregionalvm.com.ar\/noticias-villa-maria\/video-el-centro-de-vida-de-los-menores-de-que-se-trata-este-concepto-trascendental-para-respetar-sus-derechos\/","url":"https:\/\/elregionalvm.com.ar\/noticias-villa-maria\/video-el-centro-de-vida-de-los-menores-de-que-se-trata-este-concepto-trascendental-para-respetar-sus-derechos\/","name":"[VIDEO] El centro de vida de los menores: De qu\u00e9 se trata este concepto trascendental para respetar sus derechos - El Regional","isPartOf":{"@id":"http:\/\/elregionalvm.com.ar\/noticias-villa-maria\/#website"},"primaryImageOfPage":{"@id":"https:\/\/elregionalvm.com.ar\/noticias-villa-maria\/video-el-centro-de-vida-de-los-menores-de-que-se-trata-este-concepto-trascendental-para-respetar-sus-derechos\/#primaryimage"},"image":{"@id":"https:\/\/elregionalvm.com.ar\/noticias-villa-maria\/video-el-centro-de-vida-de-los-menores-de-que-se-trata-este-concepto-trascendental-para-respetar-sus-derechos\/#primaryimage"},"thumbnailUrl":"https:\/\/i0.wp.com\/elregionalvm.com.ar\/noticias-villa-maria\/wp-content\/uploads\/2022\/09\/Muneco-nino-triste-ley-hielo.jpg?fit=1280%2C853&ssl=1","datePublished":"2025-04-06T22:31:04+00:00","dateModified":"2025-04-14T02:41:33+00:00","author":{"@id":"http:\/\/elregionalvm.com.ar\/noticias-villa-maria\/#\/schema\/person\/a0fb9c422317faca23d50163151bc354"},"breadcrumb":{"@id":"https:\/\/elregionalvm.com.ar\/noticias-villa-maria\/video-el-centro-de-vida-de-los-menores-de-que-se-trata-este-concepto-trascendental-para-respetar-sus-derechos\/#breadcrumb"},"inLanguage":"es","potentialAction":[{"@type":"ReadAction","target":["https:\/\/elregionalvm.com.ar\/noticias-villa-maria\/video-el-centro-de-vida-de-los-menores-de-que-se-trata-este-concepto-trascendental-para-respetar-sus-derechos\/"]}]},{"@type":"ImageObject","inLanguage":"es","@id":"https:\/\/elregionalvm.com.ar\/noticias-villa-maria\/video-el-centro-de-vida-de-los-menores-de-que-se-trata-este-concepto-trascendental-para-respetar-sus-derechos\/#primaryimage","url":"https:\/\/i0.wp.com\/elregionalvm.com.ar\/noticias-villa-maria\/wp-content\/uploads\/2022\/09\/Muneco-nino-triste-ley-hielo.jpg?fit=1280%2C853&ssl=1","contentUrl":"https:\/\/i0.wp.com\/elregionalvm.com.ar\/noticias-villa-maria\/wp-content\/uploads\/2022\/09\/Muneco-nino-triste-ley-hielo.jpg?fit=1280%2C853&ssl=1","width":1280,"height":853},{"@type":"BreadcrumbList","@id":"https:\/\/elregionalvm.com.ar\/noticias-villa-maria\/video-el-centro-de-vida-de-los-menores-de-que-se-trata-este-concepto-trascendental-para-respetar-sus-derechos\/#breadcrumb","itemListElement":[{"@type":"ListItem","position":1,"name":"Portada","item":"https:\/\/elregionalvm.com.ar\/noticias-villa-maria\/"},{"@type":"ListItem","position":2,"name":"[VIDEO] El centro de vida de los menores: De qu\u00e9 se trata este concepto trascendental para respetar sus derechos"}]},{"@type":"WebSite","@id":"http:\/\/elregionalvm.com.ar\/noticias-villa-maria\/#website","url":"http:\/\/elregionalvm.com.ar\/noticias-villa-maria\/","name":"El Regional","description":"Mucho m\u00e1s que informaci\u00f3n","potentialAction":[{"@type":"SearchAction","target":{"@type":"EntryPoint","urlTemplate":"http:\/\/elregionalvm.com.ar\/noticias-villa-maria\/?s={search_term_string}"},"query-input":{"@type":"PropertyValueSpecification","valueRequired":true,"valueName":"search_term_string"}}],"inLanguage":"es"},{"@type":"Person","@id":"http:\/\/elregionalvm.com.ar\/noticias-villa-maria\/#\/schema\/person\/a0fb9c422317faca23d50163151bc354","name":"Contenidos El Regional","image":{"@type":"ImageObject","inLanguage":"es","@id":"http:\/\/elregionalvm.com.ar\/noticias-villa-maria\/#\/schema\/person\/image\/","url":"https:\/\/secure.gravatar.com\/avatar\/265b27cb2209af7bb3a1318f03305787d7981a5cc6e6cd08fe5a4ecdf99d4b48?s=96&d=mm&r=g","contentUrl":"https:\/\/secure.gravatar.com\/avatar\/265b27cb2209af7bb3a1318f03305787d7981a5cc6e6cd08fe5a4ecdf99d4b48?s=96&d=mm&r=g","caption":"Contenidos El Regional"},"url":"https:\/\/elregionalvm.com.ar\/noticias-villa-maria\/author\/contenido\/"}]}},"jetpack_featured_media_url":"https:\/\/i0.wp.com\/elregionalvm.com.ar\/noticias-villa-maria\/wp-content\/uploads\/2022\/09\/Muneco-nino-triste-ley-hielo.jpg?fit=1280%2C853&ssl=1","jetpack_sharing_enabled":true,"_links":{"self":[{"href":"https:\/\/elregionalvm.com.ar\/noticias-villa-maria\/wp-json\/wp\/v2\/posts\/104922","targetHints":{"allow":["GET"]}}],"collection":[{"href":"https:\/\/elregionalvm.com.ar\/noticias-villa-maria\/wp-json\/wp\/v2\/posts"}],"about":[{"href":"https:\/\/elregionalvm.com.ar\/noticias-villa-maria\/wp-json\/wp\/v2\/types\/post"}],"author":[{"embeddable":true,"href":"https:\/\/elregionalvm.com.ar\/noticias-villa-maria\/wp-json\/wp\/v2\/users\/4"}],"replies":[{"embeddable":true,"href":"https:\/\/elregionalvm.com.ar\/noticias-villa-maria\/wp-json\/wp\/v2\/comments?post=104922"}],"version-history":[{"count":3,"href":"https:\/\/elregionalvm.com.ar\/noticias-villa-maria\/wp-json\/wp\/v2\/posts\/104922\/revisions"}],"predecessor-version":[{"id":104926,"href":"https:\/\/elregionalvm.com.ar\/noticias-villa-maria\/wp-json\/wp\/v2\/posts\/104922\/revisions\/104926"}],"wp:featuredmedia":[{"embeddable":true,"href":"https:\/\/elregionalvm.com.ar\/noticias-villa-maria\/wp-json\/wp\/v2\/media\/63355"}],"wp:attachment":[{"href":"https:\/\/elregionalvm.com.ar\/noticias-villa-maria\/wp-json\/wp\/v2\/media?parent=104922"}],"wp:term":[{"taxonomy":"category","embeddable":true,"href":"https:\/\/elregionalvm.com.ar\/noticias-villa-maria\/wp-json\/wp\/v2\/categories?post=104922"},{"taxonomy":"post_tag","embeddable":true,"href":"https:\/\/elregionalvm.com.ar\/noticias-villa-maria\/wp-json\/wp\/v2\/tags?post=104922"}],"curies":[{"name":"wp","href":"https:\/\/api.w.org\/{rel}","templated":true}]}}