{"id":104927,"date":"2025-04-06T22:45:53","date_gmt":"2025-04-06T22:45:53","guid":{"rendered":"https:\/\/elregionalvm.com.ar\/noticias-villa-maria\/?p=104927"},"modified":"2025-04-06T22:45:54","modified_gmt":"2025-04-06T22:45:54","slug":"quienes-son-las-mujeres-protagonistas-de-villa-maria-distinguidas-en-el-concejo-deliberante","status":"publish","type":"post","link":"https:\/\/elregionalvm.com.ar\/noticias-villa-maria\/quienes-son-las-mujeres-protagonistas-de-villa-maria-distinguidas-en-el-concejo-deliberante\/","title":{"rendered":"Qui\u00e9nes son las \u201cMujeres Protagonistas\u201d de Villa Mar\u00eda distinguidas en el Concejo Deliberante"},"content":{"rendered":"\n<h2 class=\"wp-block-heading\"><strong>El Concejo Deliberante reconoci\u00f3 a las \u201cMujeres Protagonistas 2025\u201d de la ciudad en un multitudinario acto realizado en el Auditorio Antonio Sobral.<\/strong><\/h2>\n\n\n\n<p><\/p>\n\n\n\n<p>All\u00ed, m\u00e1s de 400 personas pudieron compartir la emoci\u00f3n y aplaudir de pie a las 81 \u00abMujeres Protagonistas 2025\u00bb.<\/p>\n\n\n\n<p>En esta edici\u00f3n se registraron un total de 5.300 votos en todas las categor\u00edas, lo que representa un significativo incremento en comparaci\u00f3n con la edici\u00f3n 2024.<\/p>\n\n\n\n<p>Del mismo modo, la cantidad de mujeres postuladas ascendi\u00f3 a 81, m\u00e1s del doble que las 40 registradas en la edici\u00f3n anterior.<\/p>\n\n\n\n<p>\u00abEsta noche es de esas que quedan grabadas en la memoria. Este acto invita a reflexionar y reconocer. El programa Mujeres Protagonistas fue impulsado por el Concejo Deliberante con un profundo sentido de justicia y gratitud: justicia, porque muchas acciones de mujeres suceden en silencio, pero con gran impacto, y gratitud, porque gracias a ellas la ciudad se fortalece y se humaniza\u00bb, remarc\u00f3 el presidente del Concejo Deliberante Juan Pablo Inglese.<\/p>\n\n\n\n<p><\/p>\n\n\n\n<figure class=\"wp-block-image size-large\"><img data-recalc-dims=\"1\" fetchpriority=\"high\" decoding=\"async\" width=\"1024\" height=\"683\" src=\"https:\/\/i0.wp.com\/elregionalvm.com.ar\/noticias-villa-maria\/wp-content\/uploads\/2025\/04\/Mujeres-protagonistas-2025-bomberas.jpeg?resize=1024%2C683&#038;ssl=1\" alt=\"\" class=\"wp-image-104930\" srcset=\"https:\/\/i0.wp.com\/elregionalvm.com.ar\/noticias-villa-maria\/wp-content\/uploads\/2025\/04\/Mujeres-protagonistas-2025-bomberas.jpeg?resize=1024%2C683&amp;ssl=1 1024w, https:\/\/i0.wp.com\/elregionalvm.com.ar\/noticias-villa-maria\/wp-content\/uploads\/2025\/04\/Mujeres-protagonistas-2025-bomberas.jpeg?resize=300%2C200&amp;ssl=1 300w, https:\/\/i0.wp.com\/elregionalvm.com.ar\/noticias-villa-maria\/wp-content\/uploads\/2025\/04\/Mujeres-protagonistas-2025-bomberas.jpeg?resize=768%2C512&amp;ssl=1 768w, https:\/\/i0.wp.com\/elregionalvm.com.ar\/noticias-villa-maria\/wp-content\/uploads\/2025\/04\/Mujeres-protagonistas-2025-bomberas.jpeg?w=1500&amp;ssl=1 1500w\" sizes=\"(max-width: 1000px) 100vw, 1000px\" \/><figcaption class=\"wp-element-caption\"><em><strong>Mujeres que integran el cuerpo de Bomberos Voluntarios de la ciudad. <\/strong><\/em><\/figcaption><\/figure>\n\n\n\n<p><\/p>\n\n\n\n<p><strong>Las ganadoras<\/strong><\/p>\n\n\n\n<p>Las mujeres reconocidas fueron: Romina Machado en Salud y Bienestar; Adriana Zucarelli en Participaci\u00f3n Pol\u00edtica y Comunitaria; Mar\u00eda Cecilia Bazzanella en Ciencia y Educaci\u00f3n; Alicia Rolfo en Cultura y Artes.<\/p>\n\n\n\n<p>Tambi\u00e9n resultaron distinguidas Paola V\u00e1zquez en Deporte y Recreaci\u00f3n, y Valentina Doffo, en Profesi\u00f3n, Oficio y Emprendimiento.<\/p>\n\n\n\n<p>Adem\u00e1s, se entreg\u00f3 una menci\u00f3n especial tambi\u00e9n en la categor\u00eda Participaci\u00f3n Pol\u00edtica y Comunitaria para el grupo de Mujeres Bomberas.<\/p>\n\n\n\n<p><strong>Las candidatas<\/strong><\/p>\n\n\n\n<ul class=\"wp-block-list\">\n<li>Salud y Bienestar: Cecilia Capdevilla, Noelia Benedetto, Romina Machado, Norma Alicia Nocetti, M\u00f3nica Peralta, Ver\u00f3nica Varela, Mar\u00eda Elena Arrascaeta, Romina Fornes, Janet Scaglia, Natalia Soledad Ogas, Claudia Cativelli, Fanny Andrea Bustos y Lorena D\u00edaz.<\/li>\n<\/ul>\n\n\n\n<ul class=\"wp-block-list\">\n<li>Deporte y Recreaci\u00f3n: Paola Alejandra V\u00e1zquez, Adriana Mar\u00eda Bosco, Roxana Arriola, Bel\u00e9n Antonino, Mar\u00eda Ferreyra y Paulina Luz Viera D\u00edaz.<\/li>\n<\/ul>\n\n\n\n<ul class=\"wp-block-list\">\n<li>Participaci\u00f3n Pol\u00edtica y Comunitaria: Beatriz P\u00e9rez, Renato Chiavenato, Ana Elvira Balbo Mosetto, Carolina Merlo, Adriana Zucarelli, Claudia Alejandra Far\u00edas y Elena Fabiana Martel.<\/li>\n<\/ul>\n\n\n\n<p>Adem\u00e1s, en esta categor\u00eda se incorpora el grupo \u00abMujeres Bomberas\u00bb, integrado por: Bianca Bruno, Rosana Cuadrado, Sof\u00eda Haldemann, Luna Carmagnola, Mary Alina, Noelia Paiva, Cintia P\u00e9rez, Mar\u00eda Victoria Ragazzini, Estefan\u00eda Ronca, Milagros Semprini, Soledad Sobrero, Alma Sonzini, Cintia Soriano, Carolina Viale y Julieta P\u00e9rez Parra.<\/p>\n\n\n\n<ul class=\"wp-block-list\">\n<li>Cultura y Artes: Virginia Villafa\u00f1e, Virginia Gonz\u00e1lez, Patricia Piedecasas, Romina C\u00e1ceres, Coqui Podest\u00e1, Nicolle Gianinetto, Patricia Rampulla, Ver\u00f3nica Mallada, Mar\u00eda Alejandra Gonz\u00e1lez, Ver\u00f3nica Quatrochio y Alicia Rolfo.<\/li>\n<\/ul>\n\n\n\n<ul class=\"wp-block-list\">\n<li>Ciencia y Educaci\u00f3n: Mar\u00eda Cecilia Bazzanella, Mar\u00eda Leonor Borselli, Jorgelina Grassani, Roxana Carranza, Mar\u00eda Jimena Monesterolo, Ileana Ramallo, Marisa \u00c1lvarez del Valle, Stella Maris Ruggiero y Romina Dutto.<\/li>\n<\/ul>\n\n\n\n<ul class=\"wp-block-list\">\n<li>Profesi\u00f3n, Oficio y Emprendimiento: Yohana Borri, Estela Maris Arrascaeta, Mariana Mengarelli, Antonella Parucci, Graciela Mar\u00eda Basso, Silvia Marcela Dur\u00e1n, Betiana Oberti, Iara Diez, Agustina Mariscotti Reyna, Mar\u00eda del Carmen Albert, Mar\u00eda Luz Rovira, Soledad Vanesa Rivarola, Florencia Cabrera, Lilia Bergesio, Antonela Piazza, Valentina Doffo, Ail\u00e9n Carranza, Mar\u00eda Lescano, Rosana Ag\u00fcero y Madelaine Montagner.<\/li>\n<\/ul>\n","protected":false},"excerpt":{"rendered":"<p>El Concejo Deliberante reconoci\u00f3 a las \u201cMujeres Protagonistas 2025\u201d de la ciudad en un multitudinario acto realizado en el Auditorio Antonio Sobral. All\u00ed, m\u00e1s de 400 personas pudieron compartir la emoci\u00f3n y aplaudir de pie a las 81 \u00abMujeres Protagonistas 2025\u00bb. En esta edici\u00f3n se registraron un total de 5.300 votos en todas las categor\u00edas, [&hellip;]<\/p>\n","protected":false},"author":4,"featured_media":104929,"comment_status":"open","ping_status":"open","sticky":false,"template":"","format":"standard","meta":{"site-sidebar-layout":"default","site-content-layout":"","ast-site-content-layout":"default","site-content-style":"default","site-sidebar-style":"default","ast-global-header-display":"","ast-banner-title-visibility":"","ast-main-header-display":"","ast-hfb-above-header-display":"","ast-hfb-below-header-display":"","ast-hfb-mobile-header-display":"","site-post-title":"","ast-breadcrumbs-content":"","ast-featured-img":"","footer-sml-layout":"","ast-disable-related-posts":"","theme-transparent-header-meta":"","adv-header-id-meta":"","stick-header-meta":"","header-above-stick-meta":"","header-main-stick-meta":"","header-below-stick-meta":"","astra-migrate-meta-layouts":"set","ast-page-background-enabled":"default","ast-page-background-meta":{"desktop":{"background-color":"","background-image":"","background-repeat":"repeat","background-position":"center center","background-size":"auto","background-attachment":"scroll","background-type":"","background-media":"","overlay-type":"","overlay-color":"","overlay-opacity":"","overlay-gradient":""},"tablet":{"background-color":"","background-image":"","background-repeat":"repeat","background-position":"center center","background-size":"auto","background-attachment":"scroll","background-type":"","background-media":"","overlay-type":"","overlay-color":"","overlay-opacity":"","overlay-gradient":""},"mobile":{"background-color":"","background-image":"","background-repeat":"repeat","background-position":"center center","background-size":"auto","background-attachment":"scroll","background-type":"","background-media":"","overlay-type":"","overlay-color":"","overlay-opacity":"","overlay-gradient":""}},"ast-content-background-meta":{"desktop":{"background-color":"var(--ast-global-color-5)","background-image":"","background-repeat":"repeat","background-position":"center center","background-size":"auto","background-attachment":"scroll","background-type":"","background-media":"","overlay-type":"","overlay-color":"","overlay-opacity":"","overlay-gradient":""},"tablet":{"background-color":"var(--ast-global-color-5)","background-image":"","background-repeat":"repeat","background-position":"center center","background-size":"auto","background-attachment":"scroll","background-type":"","background-media":"","overlay-type":"","overlay-color":"","overlay-opacity":"","overlay-gradient":""},"mobile":{"background-color":"var(--ast-global-color-5)","background-image":"","background-repeat":"repeat","background-position":"center center","background-size":"auto","background-attachment":"scroll","background-type":"","background-media":"","overlay-type":"","overlay-color":"","overlay-opacity":"","overlay-gradient":""}},"_jetpack_memberships_contains_paid_content":false,"_joinchat":[],"footnotes":""},"categories":[15302,2],"tags":[1597,8327,24842],"class_list":["post-104927","post","type-post","status-publish","format-standard","has-post-thumbnail","hentry","category-destacado","category-villa-maria","tag-concejo-deliberante","tag-juan-pablo-inglese","tag-mujeres-protagonistas"],"yoast_head":"<!-- This site is optimized with the Yoast SEO plugin v26.8 - https:\/\/yoast.com\/product\/yoast-seo-wordpress\/ -->\n<title>Qui\u00e9nes son las \u201cMujeres Protagonistas\u201d de Villa Mar\u00eda distinguidas en el Concejo Deliberante - El Regional<\/title>\n<meta name=\"robots\" content=\"index, follow, max-snippet:-1, max-image-preview:large, max-video-preview:-1\" \/>\n<link rel=\"canonical\" href=\"https:\/\/elregionalvm.com.ar\/noticias-villa-maria\/quienes-son-las-mujeres-protagonistas-de-villa-maria-distinguidas-en-el-concejo-deliberante\/\" \/>\n<meta property=\"og:locale\" content=\"es_ES\" \/>\n<meta property=\"og:type\" content=\"article\" \/>\n<meta property=\"og:title\" content=\"Qui\u00e9nes son las \u201cMujeres Protagonistas\u201d de Villa Mar\u00eda distinguidas en el Concejo Deliberante - El Regional\" \/>\n<meta property=\"og:description\" content=\"El Concejo Deliberante reconoci\u00f3 a las \u201cMujeres Protagonistas 2025\u201d de la ciudad en un multitudinario acto realizado en el Auditorio Antonio Sobral. All\u00ed, m\u00e1s de 400 personas pudieron compartir la emoci\u00f3n y aplaudir de pie a las 81 \u00abMujeres Protagonistas 2025\u00bb. En esta edici\u00f3n se registraron un total de 5.300 votos en todas las categor\u00edas, [&hellip;]\" \/>\n<meta property=\"og:url\" content=\"https:\/\/elregionalvm.com.ar\/noticias-villa-maria\/quienes-son-las-mujeres-protagonistas-de-villa-maria-distinguidas-en-el-concejo-deliberante\/\" \/>\n<meta property=\"og:site_name\" content=\"El Regional\" \/>\n<meta property=\"article:publisher\" content=\"https:\/\/www.facebook.com\/elregionalvm\" \/>\n<meta property=\"article:published_time\" content=\"2025-04-06T22:45:53+00:00\" \/>\n<meta property=\"article:modified_time\" content=\"2025-04-06T22:45:54+00:00\" \/>\n<meta property=\"og:image\" content=\"https:\/\/elregionalvm.com.ar\/noticias-villa-maria\/wp-content\/uploads\/2025\/04\/Mujeres-protagonistas-2025.jpeg\" \/>\n\t<meta property=\"og:image:width\" content=\"1369\" \/>\n\t<meta property=\"og:image:height\" content=\"913\" \/>\n\t<meta property=\"og:image:type\" content=\"image\/jpeg\" \/>\n<meta name=\"author\" content=\"Contenidos El Regional\" \/>\n<meta name=\"twitter:card\" content=\"summary_large_image\" \/>\n<meta name=\"twitter:creator\" content=\"@elregionalvm1\" \/>\n<meta name=\"twitter:site\" content=\"@elregionalvm1\" \/>\n<meta name=\"twitter:label1\" content=\"Escrito por\" \/>\n\t<meta name=\"twitter:data1\" content=\"Contenidos El Regional\" \/>\n\t<meta name=\"twitter:label2\" content=\"Tiempo de lectura\" \/>\n\t<meta name=\"twitter:data2\" content=\"3 minutos\" \/>\n<script type=\"application\/ld+json\" class=\"yoast-schema-graph\">{\"@context\":\"https:\/\/schema.org\",\"@graph\":[{\"@type\":\"Article\",\"@id\":\"https:\/\/elregionalvm.com.ar\/noticias-villa-maria\/quienes-son-las-mujeres-protagonistas-de-villa-maria-distinguidas-en-el-concejo-deliberante\/#article\",\"isPartOf\":{\"@id\":\"https:\/\/elregionalvm.com.ar\/noticias-villa-maria\/quienes-son-las-mujeres-protagonistas-de-villa-maria-distinguidas-en-el-concejo-deliberante\/\"},\"author\":{\"name\":\"Contenidos El Regional\",\"@id\":\"http:\/\/elregionalvm.com.ar\/noticias-villa-maria\/#\/schema\/person\/a0fb9c422317faca23d50163151bc354\"},\"headline\":\"Qui\u00e9nes son las \u201cMujeres Protagonistas\u201d de Villa Mar\u00eda distinguidas en el Concejo Deliberante\",\"datePublished\":\"2025-04-06T22:45:53+00:00\",\"dateModified\":\"2025-04-06T22:45:54+00:00\",\"mainEntityOfPage\":{\"@id\":\"https:\/\/elregionalvm.com.ar\/noticias-villa-maria\/quienes-son-las-mujeres-protagonistas-de-villa-maria-distinguidas-en-el-concejo-deliberante\/\"},\"wordCount\":541,\"commentCount\":0,\"image\":{\"@id\":\"https:\/\/elregionalvm.com.ar\/noticias-villa-maria\/quienes-son-las-mujeres-protagonistas-de-villa-maria-distinguidas-en-el-concejo-deliberante\/#primaryimage\"},\"thumbnailUrl\":\"https:\/\/i0.wp.com\/elregionalvm.com.ar\/noticias-villa-maria\/wp-content\/uploads\/2025\/04\/Mujeres-protagonistas-2025.jpeg?fit=1369%2C913&ssl=1\",\"keywords\":[\"Concejo Deliberante\",\"Juan Pablo Inglese\",\"mujeres protagonistas\"],\"articleSection\":[\"destacado\",\"Villa Mar\u00eda\"],\"inLanguage\":\"es\",\"potentialAction\":[{\"@type\":\"CommentAction\",\"name\":\"Comment\",\"target\":[\"https:\/\/elregionalvm.com.ar\/noticias-villa-maria\/quienes-son-las-mujeres-protagonistas-de-villa-maria-distinguidas-en-el-concejo-deliberante\/#respond\"]}]},{\"@type\":\"WebPage\",\"@id\":\"https:\/\/elregionalvm.com.ar\/noticias-villa-maria\/quienes-son-las-mujeres-protagonistas-de-villa-maria-distinguidas-en-el-concejo-deliberante\/\",\"url\":\"https:\/\/elregionalvm.com.ar\/noticias-villa-maria\/quienes-son-las-mujeres-protagonistas-de-villa-maria-distinguidas-en-el-concejo-deliberante\/\",\"name\":\"Qui\u00e9nes son las \u201cMujeres Protagonistas\u201d de Villa Mar\u00eda distinguidas en el Concejo Deliberante - El Regional\",\"isPartOf\":{\"@id\":\"http:\/\/elregionalvm.com.ar\/noticias-villa-maria\/#website\"},\"primaryImageOfPage\":{\"@id\":\"https:\/\/elregionalvm.com.ar\/noticias-villa-maria\/quienes-son-las-mujeres-protagonistas-de-villa-maria-distinguidas-en-el-concejo-deliberante\/#primaryimage\"},\"image\":{\"@id\":\"https:\/\/elregionalvm.com.ar\/noticias-villa-maria\/quienes-son-las-mujeres-protagonistas-de-villa-maria-distinguidas-en-el-concejo-deliberante\/#primaryimage\"},\"thumbnailUrl\":\"https:\/\/i0.wp.com\/elregionalvm.com.ar\/noticias-villa-maria\/wp-content\/uploads\/2025\/04\/Mujeres-protagonistas-2025.jpeg?fit=1369%2C913&ssl=1\",\"datePublished\":\"2025-04-06T22:45:53+00:00\",\"dateModified\":\"2025-04-06T22:45:54+00:00\",\"author\":{\"@id\":\"http:\/\/elregionalvm.com.ar\/noticias-villa-maria\/#\/schema\/person\/a0fb9c422317faca23d50163151bc354\"},\"breadcrumb\":{\"@id\":\"https:\/\/elregionalvm.com.ar\/noticias-villa-maria\/quienes-son-las-mujeres-protagonistas-de-villa-maria-distinguidas-en-el-concejo-deliberante\/#breadcrumb\"},\"inLanguage\":\"es\",\"potentialAction\":[{\"@type\":\"ReadAction\",\"target\":[\"https:\/\/elregionalvm.com.ar\/noticias-villa-maria\/quienes-son-las-mujeres-protagonistas-de-villa-maria-distinguidas-en-el-concejo-deliberante\/\"]}]},{\"@type\":\"ImageObject\",\"inLanguage\":\"es\",\"@id\":\"https:\/\/elregionalvm.com.ar\/noticias-villa-maria\/quienes-son-las-mujeres-protagonistas-de-villa-maria-distinguidas-en-el-concejo-deliberante\/#primaryimage\",\"url\":\"https:\/\/i0.wp.com\/elregionalvm.com.ar\/noticias-villa-maria\/wp-content\/uploads\/2025\/04\/Mujeres-protagonistas-2025.jpeg?fit=1369%2C913&ssl=1\",\"contentUrl\":\"https:\/\/i0.wp.com\/elregionalvm.com.ar\/noticias-villa-maria\/wp-content\/uploads\/2025\/04\/Mujeres-protagonistas-2025.jpeg?fit=1369%2C913&ssl=1\",\"width\":1369,\"height\":913},{\"@type\":\"BreadcrumbList\",\"@id\":\"https:\/\/elregionalvm.com.ar\/noticias-villa-maria\/quienes-son-las-mujeres-protagonistas-de-villa-maria-distinguidas-en-el-concejo-deliberante\/#breadcrumb\",\"itemListElement\":[{\"@type\":\"ListItem\",\"position\":1,\"name\":\"Portada\",\"item\":\"https:\/\/elregionalvm.com.ar\/noticias-villa-maria\/\"},{\"@type\":\"ListItem\",\"position\":2,\"name\":\"Qui\u00e9nes son las \u201cMujeres Protagonistas\u201d de Villa Mar\u00eda distinguidas en el Concejo Deliberante\"}]},{\"@type\":\"WebSite\",\"@id\":\"http:\/\/elregionalvm.com.ar\/noticias-villa-maria\/#website\",\"url\":\"http:\/\/elregionalvm.com.ar\/noticias-villa-maria\/\",\"name\":\"El Regional\",\"description\":\"Mucho m\u00e1s que informaci\u00f3n\",\"potentialAction\":[{\"@type\":\"SearchAction\",\"target\":{\"@type\":\"EntryPoint\",\"urlTemplate\":\"http:\/\/elregionalvm.com.ar\/noticias-villa-maria\/?s={search_term_string}\"},\"query-input\":{\"@type\":\"PropertyValueSpecification\",\"valueRequired\":true,\"valueName\":\"search_term_string\"}}],\"inLanguage\":\"es\"},{\"@type\":\"Person\",\"@id\":\"http:\/\/elregionalvm.com.ar\/noticias-villa-maria\/#\/schema\/person\/a0fb9c422317faca23d50163151bc354\",\"name\":\"Contenidos El Regional\",\"image\":{\"@type\":\"ImageObject\",\"inLanguage\":\"es\",\"@id\":\"http:\/\/elregionalvm.com.ar\/noticias-villa-maria\/#\/schema\/person\/image\/\",\"url\":\"https:\/\/secure.gravatar.com\/avatar\/265b27cb2209af7bb3a1318f03305787d7981a5cc6e6cd08fe5a4ecdf99d4b48?s=96&d=mm&r=g\",\"contentUrl\":\"https:\/\/secure.gravatar.com\/avatar\/265b27cb2209af7bb3a1318f03305787d7981a5cc6e6cd08fe5a4ecdf99d4b48?s=96&d=mm&r=g\",\"caption\":\"Contenidos El Regional\"},\"url\":\"https:\/\/elregionalvm.com.ar\/noticias-villa-maria\/author\/contenido\/\"}]}<\/script>\n<!-- \/ Yoast SEO plugin. -->","yoast_head_json":{"title":"Qui\u00e9nes son las \u201cMujeres Protagonistas\u201d de Villa Mar\u00eda distinguidas en el Concejo Deliberante - El Regional","robots":{"index":"index","follow":"follow","max-snippet":"max-snippet:-1","max-image-preview":"max-image-preview:large","max-video-preview":"max-video-preview:-1"},"canonical":"https:\/\/elregionalvm.com.ar\/noticias-villa-maria\/quienes-son-las-mujeres-protagonistas-de-villa-maria-distinguidas-en-el-concejo-deliberante\/","og_locale":"es_ES","og_type":"article","og_title":"Qui\u00e9nes son las \u201cMujeres Protagonistas\u201d de Villa Mar\u00eda distinguidas en el Concejo Deliberante - El Regional","og_description":"El Concejo Deliberante reconoci\u00f3 a las \u201cMujeres Protagonistas 2025\u201d de la ciudad en un multitudinario acto realizado en el Auditorio Antonio Sobral. All\u00ed, m\u00e1s de 400 personas pudieron compartir la emoci\u00f3n y aplaudir de pie a las 81 \u00abMujeres Protagonistas 2025\u00bb. En esta edici\u00f3n se registraron un total de 5.300 votos en todas las categor\u00edas, [&hellip;]","og_url":"https:\/\/elregionalvm.com.ar\/noticias-villa-maria\/quienes-son-las-mujeres-protagonistas-de-villa-maria-distinguidas-en-el-concejo-deliberante\/","og_site_name":"El Regional","article_publisher":"https:\/\/www.facebook.com\/elregionalvm","article_published_time":"2025-04-06T22:45:53+00:00","article_modified_time":"2025-04-06T22:45:54+00:00","og_image":[{"width":1369,"height":913,"url":"https:\/\/elregionalvm.com.ar\/noticias-villa-maria\/wp-content\/uploads\/2025\/04\/Mujeres-protagonistas-2025.jpeg","type":"image\/jpeg"}],"author":"Contenidos El Regional","twitter_card":"summary_large_image","twitter_creator":"@elregionalvm1","twitter_site":"@elregionalvm1","twitter_misc":{"Escrito por":"Contenidos El Regional","Tiempo de lectura":"3 minutos"},"schema":{"@context":"https:\/\/schema.org","@graph":[{"@type":"Article","@id":"https:\/\/elregionalvm.com.ar\/noticias-villa-maria\/quienes-son-las-mujeres-protagonistas-de-villa-maria-distinguidas-en-el-concejo-deliberante\/#article","isPartOf":{"@id":"https:\/\/elregionalvm.com.ar\/noticias-villa-maria\/quienes-son-las-mujeres-protagonistas-de-villa-maria-distinguidas-en-el-concejo-deliberante\/"},"author":{"name":"Contenidos El Regional","@id":"http:\/\/elregionalvm.com.ar\/noticias-villa-maria\/#\/schema\/person\/a0fb9c422317faca23d50163151bc354"},"headline":"Qui\u00e9nes son las \u201cMujeres Protagonistas\u201d de Villa Mar\u00eda distinguidas en el Concejo Deliberante","datePublished":"2025-04-06T22:45:53+00:00","dateModified":"2025-04-06T22:45:54+00:00","mainEntityOfPage":{"@id":"https:\/\/elregionalvm.com.ar\/noticias-villa-maria\/quienes-son-las-mujeres-protagonistas-de-villa-maria-distinguidas-en-el-concejo-deliberante\/"},"wordCount":541,"commentCount":0,"image":{"@id":"https:\/\/elregionalvm.com.ar\/noticias-villa-maria\/quienes-son-las-mujeres-protagonistas-de-villa-maria-distinguidas-en-el-concejo-deliberante\/#primaryimage"},"thumbnailUrl":"https:\/\/i0.wp.com\/elregionalvm.com.ar\/noticias-villa-maria\/wp-content\/uploads\/2025\/04\/Mujeres-protagonistas-2025.jpeg?fit=1369%2C913&ssl=1","keywords":["Concejo Deliberante","Juan Pablo Inglese","mujeres protagonistas"],"articleSection":["destacado","Villa Mar\u00eda"],"inLanguage":"es","potentialAction":[{"@type":"CommentAction","name":"Comment","target":["https:\/\/elregionalvm.com.ar\/noticias-villa-maria\/quienes-son-las-mujeres-protagonistas-de-villa-maria-distinguidas-en-el-concejo-deliberante\/#respond"]}]},{"@type":"WebPage","@id":"https:\/\/elregionalvm.com.ar\/noticias-villa-maria\/quienes-son-las-mujeres-protagonistas-de-villa-maria-distinguidas-en-el-concejo-deliberante\/","url":"https:\/\/elregionalvm.com.ar\/noticias-villa-maria\/quienes-son-las-mujeres-protagonistas-de-villa-maria-distinguidas-en-el-concejo-deliberante\/","name":"Qui\u00e9nes son las \u201cMujeres Protagonistas\u201d de Villa Mar\u00eda distinguidas en el Concejo Deliberante - El Regional","isPartOf":{"@id":"http:\/\/elregionalvm.com.ar\/noticias-villa-maria\/#website"},"primaryImageOfPage":{"@id":"https:\/\/elregionalvm.com.ar\/noticias-villa-maria\/quienes-son-las-mujeres-protagonistas-de-villa-maria-distinguidas-en-el-concejo-deliberante\/#primaryimage"},"image":{"@id":"https:\/\/elregionalvm.com.ar\/noticias-villa-maria\/quienes-son-las-mujeres-protagonistas-de-villa-maria-distinguidas-en-el-concejo-deliberante\/#primaryimage"},"thumbnailUrl":"https:\/\/i0.wp.com\/elregionalvm.com.ar\/noticias-villa-maria\/wp-content\/uploads\/2025\/04\/Mujeres-protagonistas-2025.jpeg?fit=1369%2C913&ssl=1","datePublished":"2025-04-06T22:45:53+00:00","dateModified":"2025-04-06T22:45:54+00:00","author":{"@id":"http:\/\/elregionalvm.com.ar\/noticias-villa-maria\/#\/schema\/person\/a0fb9c422317faca23d50163151bc354"},"breadcrumb":{"@id":"https:\/\/elregionalvm.com.ar\/noticias-villa-maria\/quienes-son-las-mujeres-protagonistas-de-villa-maria-distinguidas-en-el-concejo-deliberante\/#breadcrumb"},"inLanguage":"es","potentialAction":[{"@type":"ReadAction","target":["https:\/\/elregionalvm.com.ar\/noticias-villa-maria\/quienes-son-las-mujeres-protagonistas-de-villa-maria-distinguidas-en-el-concejo-deliberante\/"]}]},{"@type":"ImageObject","inLanguage":"es","@id":"https:\/\/elregionalvm.com.ar\/noticias-villa-maria\/quienes-son-las-mujeres-protagonistas-de-villa-maria-distinguidas-en-el-concejo-deliberante\/#primaryimage","url":"https:\/\/i0.wp.com\/elregionalvm.com.ar\/noticias-villa-maria\/wp-content\/uploads\/2025\/04\/Mujeres-protagonistas-2025.jpeg?fit=1369%2C913&ssl=1","contentUrl":"https:\/\/i0.wp.com\/elregionalvm.com.ar\/noticias-villa-maria\/wp-content\/uploads\/2025\/04\/Mujeres-protagonistas-2025.jpeg?fit=1369%2C913&ssl=1","width":1369,"height":913},{"@type":"BreadcrumbList","@id":"https:\/\/elregionalvm.com.ar\/noticias-villa-maria\/quienes-son-las-mujeres-protagonistas-de-villa-maria-distinguidas-en-el-concejo-deliberante\/#breadcrumb","itemListElement":[{"@type":"ListItem","position":1,"name":"Portada","item":"https:\/\/elregionalvm.com.ar\/noticias-villa-maria\/"},{"@type":"ListItem","position":2,"name":"Qui\u00e9nes son las \u201cMujeres Protagonistas\u201d de Villa Mar\u00eda distinguidas en el Concejo Deliberante"}]},{"@type":"WebSite","@id":"http:\/\/elregionalvm.com.ar\/noticias-villa-maria\/#website","url":"http:\/\/elregionalvm.com.ar\/noticias-villa-maria\/","name":"El Regional","description":"Mucho m\u00e1s que informaci\u00f3n","potentialAction":[{"@type":"SearchAction","target":{"@type":"EntryPoint","urlTemplate":"http:\/\/elregionalvm.com.ar\/noticias-villa-maria\/?s={search_term_string}"},"query-input":{"@type":"PropertyValueSpecification","valueRequired":true,"valueName":"search_term_string"}}],"inLanguage":"es"},{"@type":"Person","@id":"http:\/\/elregionalvm.com.ar\/noticias-villa-maria\/#\/schema\/person\/a0fb9c422317faca23d50163151bc354","name":"Contenidos El Regional","image":{"@type":"ImageObject","inLanguage":"es","@id":"http:\/\/elregionalvm.com.ar\/noticias-villa-maria\/#\/schema\/person\/image\/","url":"https:\/\/secure.gravatar.com\/avatar\/265b27cb2209af7bb3a1318f03305787d7981a5cc6e6cd08fe5a4ecdf99d4b48?s=96&d=mm&r=g","contentUrl":"https:\/\/secure.gravatar.com\/avatar\/265b27cb2209af7bb3a1318f03305787d7981a5cc6e6cd08fe5a4ecdf99d4b48?s=96&d=mm&r=g","caption":"Contenidos El Regional"},"url":"https:\/\/elregionalvm.com.ar\/noticias-villa-maria\/author\/contenido\/"}]}},"jetpack_featured_media_url":"https:\/\/i0.wp.com\/elregionalvm.com.ar\/noticias-villa-maria\/wp-content\/uploads\/2025\/04\/Mujeres-protagonistas-2025.jpeg?fit=1369%2C913&ssl=1","jetpack_sharing_enabled":true,"_links":{"self":[{"href":"https:\/\/elregionalvm.com.ar\/noticias-villa-maria\/wp-json\/wp\/v2\/posts\/104927","targetHints":{"allow":["GET"]}}],"collection":[{"href":"https:\/\/elregionalvm.com.ar\/noticias-villa-maria\/wp-json\/wp\/v2\/posts"}],"about":[{"href":"https:\/\/elregionalvm.com.ar\/noticias-villa-maria\/wp-json\/wp\/v2\/types\/post"}],"author":[{"embeddable":true,"href":"https:\/\/elregionalvm.com.ar\/noticias-villa-maria\/wp-json\/wp\/v2\/users\/4"}],"replies":[{"embeddable":true,"href":"https:\/\/elregionalvm.com.ar\/noticias-villa-maria\/wp-json\/wp\/v2\/comments?post=104927"}],"version-history":[{"count":2,"href":"https:\/\/elregionalvm.com.ar\/noticias-villa-maria\/wp-json\/wp\/v2\/posts\/104927\/revisions"}],"predecessor-version":[{"id":104932,"href":"https:\/\/elregionalvm.com.ar\/noticias-villa-maria\/wp-json\/wp\/v2\/posts\/104927\/revisions\/104932"}],"wp:featuredmedia":[{"embeddable":true,"href":"https:\/\/elregionalvm.com.ar\/noticias-villa-maria\/wp-json\/wp\/v2\/media\/104929"}],"wp:attachment":[{"href":"https:\/\/elregionalvm.com.ar\/noticias-villa-maria\/wp-json\/wp\/v2\/media?parent=104927"}],"wp:term":[{"taxonomy":"category","embeddable":true,"href":"https:\/\/elregionalvm.com.ar\/noticias-villa-maria\/wp-json\/wp\/v2\/categories?post=104927"},{"taxonomy":"post_tag","embeddable":true,"href":"https:\/\/elregionalvm.com.ar\/noticias-villa-maria\/wp-json\/wp\/v2\/tags?post=104927"}],"curies":[{"name":"wp","href":"https:\/\/api.w.org\/{rel}","templated":true}]}}