{"id":104984,"date":"2025-04-07T15:37:03","date_gmt":"2025-04-07T15:37:03","guid":{"rendered":"https:\/\/elregionalvm.com.ar\/noticias-villa-maria\/?p=104984"},"modified":"2025-04-07T15:37:04","modified_gmt":"2025-04-07T15:37:04","slug":"se-incorporaron-ocho-nuevos-agentes-a-la-guardia-local-para-reforzar-la-seguridad-en-la-ciudad","status":"publish","type":"post","link":"https:\/\/elregionalvm.com.ar\/noticias-villa-maria\/se-incorporaron-ocho-nuevos-agentes-a-la-guardia-local-para-reforzar-la-seguridad-en-la-ciudad\/","title":{"rendered":"Se incorporaron ocho nuevos agentes a la Guardia Local para reforzar la seguridad en la ciudad"},"content":{"rendered":"\n<p>Se incorporaron ocho nuevos agentes a la Guardia Local, quienes comenzaron sus funciones el 1 de abril. Este personal se integra luego de haber completado exitosamente un riguroso proceso de selecci\u00f3n que incluy\u00f3 una diplomatura dictada conjuntamente por el Ministerio de Seguridad y la Universidad Nacional de Villa Mar\u00eda, adem\u00e1s de superar ex\u00e1menes f\u00edsicos y psicol\u00f3gicos.<\/p>\n\n\n\n<p>Los nuevos efectivos formaron parte de una convocatoria externa realizada por el Municipio. El proceso selectivo contempl\u00f3 diversas etapas de capacitaci\u00f3n durante cuatro meses, incluyendo formaci\u00f3n espec\u00edfica sobre el c\u00f3digo de faltas municipal y leyes procedimentales.<\/p>\n\n\n\n<p>De los 17 finalistas que completaron todas las etapas requeridas, ocho fueron seleccionados para tareas operativas, seg\u00fan los resultados del apto psicol\u00f3gico.<\/p>\n\n\n\n<p>Con esta incorporaci\u00f3n, la Guardia Local alcanza un total de 50 efectivos, fortaleciendo as\u00ed su rol como auxiliar de la polic\u00eda y reforzando la estructura de seguridad en Villa Mar\u00eda.<\/p>\n\n\n\n<p>Acciones en el marco de la emergencia vial<\/p>\n\n\n\n<p>La secretar\u00eda de Prevenci\u00f3n, Seguridad y Convivencia Urbana remiti\u00f3 a todas las \u00e1reas municipales, a trav\u00e9s de la secretar\u00eda de Gobierno, un listado de 63 personas que han sido sancionadas por el Juzgado de Faltas por circular con ca\u00f1os de escape no reglamentarios.<\/p>\n\n\n\n<p>Estos casos ser\u00e1n puestos a consideraci\u00f3n para que los infractores sean excluidos de los beneficios sociales que otorga el municipio, tanto en aspectos deportivos como de asistencia social.<\/p>\n\n\n\n<p>Esta medida se implementa en el marco de la emergencia vial declarada mediante ordenanza municipal aprobada en noviembre del a\u00f1o pasado, a propuesta del Ejecutivo. Anteriormente, a fines de enero, ya se hab\u00eda remitido un primer listado con 68 personas en similar situaci\u00f3n, que fueron evaluadas bajo el mismo criterio.<\/p>\n\n\n\n<p>Las acciones responden al compromiso municipal con la seguridad vial y la reducci\u00f3n de la contaminaci\u00f3n sonora en la ciudad, aspectos fundamentales para mejorar la calidad de vida de todos los vecinos.<\/p>\n","protected":false},"excerpt":{"rendered":"<p>Se incorporaron ocho nuevos agentes a la Guardia Local, quienes comenzaron sus funciones el 1 de abril. Este personal se integra luego de haber completado exitosamente un riguroso proceso de selecci\u00f3n que incluy\u00f3 una diplomatura dictada conjuntamente por el Ministerio de Seguridad y la Universidad Nacional de Villa Mar\u00eda, adem\u00e1s de superar ex\u00e1menes f\u00edsicos y [&hellip;]<\/p>\n","protected":false},"author":4,"featured_media":104985,"comment_status":"open","ping_status":"open","sticky":false,"template":"","format":"standard","meta":{"site-sidebar-layout":"default","site-content-layout":"","ast-site-content-layout":"default","site-content-style":"default","site-sidebar-style":"default","ast-global-header-display":"","ast-banner-title-visibility":"","ast-main-header-display":"","ast-hfb-above-header-display":"","ast-hfb-below-header-display":"","ast-hfb-mobile-header-display":"","site-post-title":"","ast-breadcrumbs-content":"","ast-featured-img":"","footer-sml-layout":"","ast-disable-related-posts":"","theme-transparent-header-meta":"","adv-header-id-meta":"","stick-header-meta":"","header-above-stick-meta":"","header-main-stick-meta":"","header-below-stick-meta":"","astra-migrate-meta-layouts":"set","ast-page-background-enabled":"default","ast-page-background-meta":{"desktop":{"background-color":"","background-image":"","background-repeat":"repeat","background-position":"center center","background-size":"auto","background-attachment":"scroll","background-type":"","background-media":"","overlay-type":"","overlay-color":"","overlay-opacity":"","overlay-gradient":""},"tablet":{"background-color":"","background-image":"","background-repeat":"repeat","background-position":"center center","background-size":"auto","background-attachment":"scroll","background-type":"","background-media":"","overlay-type":"","overlay-color":"","overlay-opacity":"","overlay-gradient":""},"mobile":{"background-color":"","background-image":"","background-repeat":"repeat","background-position":"center center","background-size":"auto","background-attachment":"scroll","background-type":"","background-media":"","overlay-type":"","overlay-color":"","overlay-opacity":"","overlay-gradient":""}},"ast-content-background-meta":{"desktop":{"background-color":"var(--ast-global-color-5)","background-image":"","background-repeat":"repeat","background-position":"center center","background-size":"auto","background-attachment":"scroll","background-type":"","background-media":"","overlay-type":"","overlay-color":"","overlay-opacity":"","overlay-gradient":""},"tablet":{"background-color":"var(--ast-global-color-5)","background-image":"","background-repeat":"repeat","background-position":"center center","background-size":"auto","background-attachment":"scroll","background-type":"","background-media":"","overlay-type":"","overlay-color":"","overlay-opacity":"","overlay-gradient":""},"mobile":{"background-color":"var(--ast-global-color-5)","background-image":"","background-repeat":"repeat","background-position":"center center","background-size":"auto","background-attachment":"scroll","background-type":"","background-media":"","overlay-type":"","overlay-color":"","overlay-opacity":"","overlay-gradient":""}},"_jetpack_memberships_contains_paid_content":false,"_joinchat":[],"footnotes":""},"categories":[15302,5,2],"tags":[],"class_list":["post-104984","post","type-post","status-publish","format-standard","has-post-thumbnail","hentry","category-destacado","category-sociedad","category-villa-maria"],"yoast_head":"<!-- This site is optimized with the Yoast SEO plugin v26.8 - https:\/\/yoast.com\/product\/yoast-seo-wordpress\/ -->\n<title>Se incorporaron ocho nuevos agentes a la Guardia Local para reforzar la seguridad en la ciudad - El Regional<\/title>\n<meta name=\"robots\" content=\"index, follow, max-snippet:-1, max-image-preview:large, max-video-preview:-1\" \/>\n<link rel=\"canonical\" href=\"https:\/\/elregionalvm.com.ar\/noticias-villa-maria\/se-incorporaron-ocho-nuevos-agentes-a-la-guardia-local-para-reforzar-la-seguridad-en-la-ciudad\/\" \/>\n<meta property=\"og:locale\" content=\"es_ES\" \/>\n<meta property=\"og:type\" content=\"article\" \/>\n<meta property=\"og:title\" content=\"Se incorporaron ocho nuevos agentes a la Guardia Local para reforzar la seguridad en la ciudad - El Regional\" \/>\n<meta property=\"og:description\" content=\"Se incorporaron ocho nuevos agentes a la Guardia Local, quienes comenzaron sus funciones el 1 de abril. Este personal se integra luego de haber completado exitosamente un riguroso proceso de selecci\u00f3n que incluy\u00f3 una diplomatura dictada conjuntamente por el Ministerio de Seguridad y la Universidad Nacional de Villa Mar\u00eda, adem\u00e1s de superar ex\u00e1menes f\u00edsicos y [&hellip;]\" \/>\n<meta property=\"og:url\" content=\"https:\/\/elregionalvm.com.ar\/noticias-villa-maria\/se-incorporaron-ocho-nuevos-agentes-a-la-guardia-local-para-reforzar-la-seguridad-en-la-ciudad\/\" \/>\n<meta property=\"og:site_name\" content=\"El Regional\" \/>\n<meta property=\"article:publisher\" content=\"https:\/\/www.facebook.com\/elregionalvm\" \/>\n<meta property=\"article:published_time\" content=\"2025-04-07T15:37:03+00:00\" \/>\n<meta property=\"article:modified_time\" content=\"2025-04-07T15:37:04+00:00\" \/>\n<meta property=\"og:image\" content=\"https:\/\/elregionalvm.com.ar\/noticias-villa-maria\/wp-content\/uploads\/2025\/04\/1981ce13570c4aec986726d54cc9f2c3.jpeg\" \/>\n\t<meta property=\"og:image:width\" content=\"800\" \/>\n\t<meta property=\"og:image:height\" content=\"600\" \/>\n\t<meta property=\"og:image:type\" content=\"image\/jpeg\" \/>\n<meta name=\"author\" content=\"Contenidos El Regional\" \/>\n<meta name=\"twitter:card\" content=\"summary_large_image\" \/>\n<meta name=\"twitter:creator\" content=\"@elregionalvm1\" \/>\n<meta name=\"twitter:site\" content=\"@elregionalvm1\" \/>\n<meta name=\"twitter:label1\" content=\"Escrito por\" \/>\n\t<meta name=\"twitter:data1\" content=\"Contenidos El Regional\" \/>\n\t<meta name=\"twitter:label2\" content=\"Tiempo de lectura\" \/>\n\t<meta name=\"twitter:data2\" content=\"2 minutos\" \/>\n<script type=\"application\/ld+json\" class=\"yoast-schema-graph\">{\"@context\":\"https:\/\/schema.org\",\"@graph\":[{\"@type\":\"Article\",\"@id\":\"https:\/\/elregionalvm.com.ar\/noticias-villa-maria\/se-incorporaron-ocho-nuevos-agentes-a-la-guardia-local-para-reforzar-la-seguridad-en-la-ciudad\/#article\",\"isPartOf\":{\"@id\":\"https:\/\/elregionalvm.com.ar\/noticias-villa-maria\/se-incorporaron-ocho-nuevos-agentes-a-la-guardia-local-para-reforzar-la-seguridad-en-la-ciudad\/\"},\"author\":{\"name\":\"Contenidos El Regional\",\"@id\":\"http:\/\/elregionalvm.com.ar\/noticias-villa-maria\/#\/schema\/person\/a0fb9c422317faca23d50163151bc354\"},\"headline\":\"Se incorporaron ocho nuevos agentes a la Guardia Local para reforzar la seguridad en la ciudad\",\"datePublished\":\"2025-04-07T15:37:03+00:00\",\"dateModified\":\"2025-04-07T15:37:04+00:00\",\"mainEntityOfPage\":{\"@id\":\"https:\/\/elregionalvm.com.ar\/noticias-villa-maria\/se-incorporaron-ocho-nuevos-agentes-a-la-guardia-local-para-reforzar-la-seguridad-en-la-ciudad\/\"},\"wordCount\":343,\"commentCount\":0,\"image\":{\"@id\":\"https:\/\/elregionalvm.com.ar\/noticias-villa-maria\/se-incorporaron-ocho-nuevos-agentes-a-la-guardia-local-para-reforzar-la-seguridad-en-la-ciudad\/#primaryimage\"},\"thumbnailUrl\":\"https:\/\/i0.wp.com\/elregionalvm.com.ar\/noticias-villa-maria\/wp-content\/uploads\/2025\/04\/1981ce13570c4aec986726d54cc9f2c3.jpeg?fit=800%2C600&ssl=1\",\"articleSection\":[\"destacado\",\"Sociedad\",\"Villa Mar\u00eda\"],\"inLanguage\":\"es\",\"potentialAction\":[{\"@type\":\"CommentAction\",\"name\":\"Comment\",\"target\":[\"https:\/\/elregionalvm.com.ar\/noticias-villa-maria\/se-incorporaron-ocho-nuevos-agentes-a-la-guardia-local-para-reforzar-la-seguridad-en-la-ciudad\/#respond\"]}]},{\"@type\":\"WebPage\",\"@id\":\"https:\/\/elregionalvm.com.ar\/noticias-villa-maria\/se-incorporaron-ocho-nuevos-agentes-a-la-guardia-local-para-reforzar-la-seguridad-en-la-ciudad\/\",\"url\":\"https:\/\/elregionalvm.com.ar\/noticias-villa-maria\/se-incorporaron-ocho-nuevos-agentes-a-la-guardia-local-para-reforzar-la-seguridad-en-la-ciudad\/\",\"name\":\"Se incorporaron ocho nuevos agentes a la Guardia Local para reforzar la seguridad en la ciudad - El Regional\",\"isPartOf\":{\"@id\":\"http:\/\/elregionalvm.com.ar\/noticias-villa-maria\/#website\"},\"primaryImageOfPage\":{\"@id\":\"https:\/\/elregionalvm.com.ar\/noticias-villa-maria\/se-incorporaron-ocho-nuevos-agentes-a-la-guardia-local-para-reforzar-la-seguridad-en-la-ciudad\/#primaryimage\"},\"image\":{\"@id\":\"https:\/\/elregionalvm.com.ar\/noticias-villa-maria\/se-incorporaron-ocho-nuevos-agentes-a-la-guardia-local-para-reforzar-la-seguridad-en-la-ciudad\/#primaryimage\"},\"thumbnailUrl\":\"https:\/\/i0.wp.com\/elregionalvm.com.ar\/noticias-villa-maria\/wp-content\/uploads\/2025\/04\/1981ce13570c4aec986726d54cc9f2c3.jpeg?fit=800%2C600&ssl=1\",\"datePublished\":\"2025-04-07T15:37:03+00:00\",\"dateModified\":\"2025-04-07T15:37:04+00:00\",\"author\":{\"@id\":\"http:\/\/elregionalvm.com.ar\/noticias-villa-maria\/#\/schema\/person\/a0fb9c422317faca23d50163151bc354\"},\"breadcrumb\":{\"@id\":\"https:\/\/elregionalvm.com.ar\/noticias-villa-maria\/se-incorporaron-ocho-nuevos-agentes-a-la-guardia-local-para-reforzar-la-seguridad-en-la-ciudad\/#breadcrumb\"},\"inLanguage\":\"es\",\"potentialAction\":[{\"@type\":\"ReadAction\",\"target\":[\"https:\/\/elregionalvm.com.ar\/noticias-villa-maria\/se-incorporaron-ocho-nuevos-agentes-a-la-guardia-local-para-reforzar-la-seguridad-en-la-ciudad\/\"]}]},{\"@type\":\"ImageObject\",\"inLanguage\":\"es\",\"@id\":\"https:\/\/elregionalvm.com.ar\/noticias-villa-maria\/se-incorporaron-ocho-nuevos-agentes-a-la-guardia-local-para-reforzar-la-seguridad-en-la-ciudad\/#primaryimage\",\"url\":\"https:\/\/i0.wp.com\/elregionalvm.com.ar\/noticias-villa-maria\/wp-content\/uploads\/2025\/04\/1981ce13570c4aec986726d54cc9f2c3.jpeg?fit=800%2C600&ssl=1\",\"contentUrl\":\"https:\/\/i0.wp.com\/elregionalvm.com.ar\/noticias-villa-maria\/wp-content\/uploads\/2025\/04\/1981ce13570c4aec986726d54cc9f2c3.jpeg?fit=800%2C600&ssl=1\",\"width\":800,\"height\":600},{\"@type\":\"BreadcrumbList\",\"@id\":\"https:\/\/elregionalvm.com.ar\/noticias-villa-maria\/se-incorporaron-ocho-nuevos-agentes-a-la-guardia-local-para-reforzar-la-seguridad-en-la-ciudad\/#breadcrumb\",\"itemListElement\":[{\"@type\":\"ListItem\",\"position\":1,\"name\":\"Portada\",\"item\":\"https:\/\/elregionalvm.com.ar\/noticias-villa-maria\/\"},{\"@type\":\"ListItem\",\"position\":2,\"name\":\"Se incorporaron ocho nuevos agentes a la Guardia Local para reforzar la seguridad en la ciudad\"}]},{\"@type\":\"WebSite\",\"@id\":\"http:\/\/elregionalvm.com.ar\/noticias-villa-maria\/#website\",\"url\":\"http:\/\/elregionalvm.com.ar\/noticias-villa-maria\/\",\"name\":\"El Regional\",\"description\":\"Mucho m\u00e1s que informaci\u00f3n\",\"potentialAction\":[{\"@type\":\"SearchAction\",\"target\":{\"@type\":\"EntryPoint\",\"urlTemplate\":\"http:\/\/elregionalvm.com.ar\/noticias-villa-maria\/?s={search_term_string}\"},\"query-input\":{\"@type\":\"PropertyValueSpecification\",\"valueRequired\":true,\"valueName\":\"search_term_string\"}}],\"inLanguage\":\"es\"},{\"@type\":\"Person\",\"@id\":\"http:\/\/elregionalvm.com.ar\/noticias-villa-maria\/#\/schema\/person\/a0fb9c422317faca23d50163151bc354\",\"name\":\"Contenidos El Regional\",\"image\":{\"@type\":\"ImageObject\",\"inLanguage\":\"es\",\"@id\":\"http:\/\/elregionalvm.com.ar\/noticias-villa-maria\/#\/schema\/person\/image\/\",\"url\":\"https:\/\/secure.gravatar.com\/avatar\/265b27cb2209af7bb3a1318f03305787d7981a5cc6e6cd08fe5a4ecdf99d4b48?s=96&d=mm&r=g\",\"contentUrl\":\"https:\/\/secure.gravatar.com\/avatar\/265b27cb2209af7bb3a1318f03305787d7981a5cc6e6cd08fe5a4ecdf99d4b48?s=96&d=mm&r=g\",\"caption\":\"Contenidos El Regional\"},\"url\":\"https:\/\/elregionalvm.com.ar\/noticias-villa-maria\/author\/contenido\/\"}]}<\/script>\n<!-- \/ Yoast SEO plugin. -->","yoast_head_json":{"title":"Se incorporaron ocho nuevos agentes a la Guardia Local para reforzar la seguridad en la ciudad - El Regional","robots":{"index":"index","follow":"follow","max-snippet":"max-snippet:-1","max-image-preview":"max-image-preview:large","max-video-preview":"max-video-preview:-1"},"canonical":"https:\/\/elregionalvm.com.ar\/noticias-villa-maria\/se-incorporaron-ocho-nuevos-agentes-a-la-guardia-local-para-reforzar-la-seguridad-en-la-ciudad\/","og_locale":"es_ES","og_type":"article","og_title":"Se incorporaron ocho nuevos agentes a la Guardia Local para reforzar la seguridad en la ciudad - El Regional","og_description":"Se incorporaron ocho nuevos agentes a la Guardia Local, quienes comenzaron sus funciones el 1 de abril. Este personal se integra luego de haber completado exitosamente un riguroso proceso de selecci\u00f3n que incluy\u00f3 una diplomatura dictada conjuntamente por el Ministerio de Seguridad y la Universidad Nacional de Villa Mar\u00eda, adem\u00e1s de superar ex\u00e1menes f\u00edsicos y [&hellip;]","og_url":"https:\/\/elregionalvm.com.ar\/noticias-villa-maria\/se-incorporaron-ocho-nuevos-agentes-a-la-guardia-local-para-reforzar-la-seguridad-en-la-ciudad\/","og_site_name":"El Regional","article_publisher":"https:\/\/www.facebook.com\/elregionalvm","article_published_time":"2025-04-07T15:37:03+00:00","article_modified_time":"2025-04-07T15:37:04+00:00","og_image":[{"width":800,"height":600,"url":"https:\/\/elregionalvm.com.ar\/noticias-villa-maria\/wp-content\/uploads\/2025\/04\/1981ce13570c4aec986726d54cc9f2c3.jpeg","type":"image\/jpeg"}],"author":"Contenidos El Regional","twitter_card":"summary_large_image","twitter_creator":"@elregionalvm1","twitter_site":"@elregionalvm1","twitter_misc":{"Escrito por":"Contenidos El Regional","Tiempo de lectura":"2 minutos"},"schema":{"@context":"https:\/\/schema.org","@graph":[{"@type":"Article","@id":"https:\/\/elregionalvm.com.ar\/noticias-villa-maria\/se-incorporaron-ocho-nuevos-agentes-a-la-guardia-local-para-reforzar-la-seguridad-en-la-ciudad\/#article","isPartOf":{"@id":"https:\/\/elregionalvm.com.ar\/noticias-villa-maria\/se-incorporaron-ocho-nuevos-agentes-a-la-guardia-local-para-reforzar-la-seguridad-en-la-ciudad\/"},"author":{"name":"Contenidos El Regional","@id":"http:\/\/elregionalvm.com.ar\/noticias-villa-maria\/#\/schema\/person\/a0fb9c422317faca23d50163151bc354"},"headline":"Se incorporaron ocho nuevos agentes a la Guardia Local para reforzar la seguridad en la ciudad","datePublished":"2025-04-07T15:37:03+00:00","dateModified":"2025-04-07T15:37:04+00:00","mainEntityOfPage":{"@id":"https:\/\/elregionalvm.com.ar\/noticias-villa-maria\/se-incorporaron-ocho-nuevos-agentes-a-la-guardia-local-para-reforzar-la-seguridad-en-la-ciudad\/"},"wordCount":343,"commentCount":0,"image":{"@id":"https:\/\/elregionalvm.com.ar\/noticias-villa-maria\/se-incorporaron-ocho-nuevos-agentes-a-la-guardia-local-para-reforzar-la-seguridad-en-la-ciudad\/#primaryimage"},"thumbnailUrl":"https:\/\/i0.wp.com\/elregionalvm.com.ar\/noticias-villa-maria\/wp-content\/uploads\/2025\/04\/1981ce13570c4aec986726d54cc9f2c3.jpeg?fit=800%2C600&ssl=1","articleSection":["destacado","Sociedad","Villa Mar\u00eda"],"inLanguage":"es","potentialAction":[{"@type":"CommentAction","name":"Comment","target":["https:\/\/elregionalvm.com.ar\/noticias-villa-maria\/se-incorporaron-ocho-nuevos-agentes-a-la-guardia-local-para-reforzar-la-seguridad-en-la-ciudad\/#respond"]}]},{"@type":"WebPage","@id":"https:\/\/elregionalvm.com.ar\/noticias-villa-maria\/se-incorporaron-ocho-nuevos-agentes-a-la-guardia-local-para-reforzar-la-seguridad-en-la-ciudad\/","url":"https:\/\/elregionalvm.com.ar\/noticias-villa-maria\/se-incorporaron-ocho-nuevos-agentes-a-la-guardia-local-para-reforzar-la-seguridad-en-la-ciudad\/","name":"Se incorporaron ocho nuevos agentes a la Guardia Local para reforzar la seguridad en la ciudad - El Regional","isPartOf":{"@id":"http:\/\/elregionalvm.com.ar\/noticias-villa-maria\/#website"},"primaryImageOfPage":{"@id":"https:\/\/elregionalvm.com.ar\/noticias-villa-maria\/se-incorporaron-ocho-nuevos-agentes-a-la-guardia-local-para-reforzar-la-seguridad-en-la-ciudad\/#primaryimage"},"image":{"@id":"https:\/\/elregionalvm.com.ar\/noticias-villa-maria\/se-incorporaron-ocho-nuevos-agentes-a-la-guardia-local-para-reforzar-la-seguridad-en-la-ciudad\/#primaryimage"},"thumbnailUrl":"https:\/\/i0.wp.com\/elregionalvm.com.ar\/noticias-villa-maria\/wp-content\/uploads\/2025\/04\/1981ce13570c4aec986726d54cc9f2c3.jpeg?fit=800%2C600&ssl=1","datePublished":"2025-04-07T15:37:03+00:00","dateModified":"2025-04-07T15:37:04+00:00","author":{"@id":"http:\/\/elregionalvm.com.ar\/noticias-villa-maria\/#\/schema\/person\/a0fb9c422317faca23d50163151bc354"},"breadcrumb":{"@id":"https:\/\/elregionalvm.com.ar\/noticias-villa-maria\/se-incorporaron-ocho-nuevos-agentes-a-la-guardia-local-para-reforzar-la-seguridad-en-la-ciudad\/#breadcrumb"},"inLanguage":"es","potentialAction":[{"@type":"ReadAction","target":["https:\/\/elregionalvm.com.ar\/noticias-villa-maria\/se-incorporaron-ocho-nuevos-agentes-a-la-guardia-local-para-reforzar-la-seguridad-en-la-ciudad\/"]}]},{"@type":"ImageObject","inLanguage":"es","@id":"https:\/\/elregionalvm.com.ar\/noticias-villa-maria\/se-incorporaron-ocho-nuevos-agentes-a-la-guardia-local-para-reforzar-la-seguridad-en-la-ciudad\/#primaryimage","url":"https:\/\/i0.wp.com\/elregionalvm.com.ar\/noticias-villa-maria\/wp-content\/uploads\/2025\/04\/1981ce13570c4aec986726d54cc9f2c3.jpeg?fit=800%2C600&ssl=1","contentUrl":"https:\/\/i0.wp.com\/elregionalvm.com.ar\/noticias-villa-maria\/wp-content\/uploads\/2025\/04\/1981ce13570c4aec986726d54cc9f2c3.jpeg?fit=800%2C600&ssl=1","width":800,"height":600},{"@type":"BreadcrumbList","@id":"https:\/\/elregionalvm.com.ar\/noticias-villa-maria\/se-incorporaron-ocho-nuevos-agentes-a-la-guardia-local-para-reforzar-la-seguridad-en-la-ciudad\/#breadcrumb","itemListElement":[{"@type":"ListItem","position":1,"name":"Portada","item":"https:\/\/elregionalvm.com.ar\/noticias-villa-maria\/"},{"@type":"ListItem","position":2,"name":"Se incorporaron ocho nuevos agentes a la Guardia Local para reforzar la seguridad en la ciudad"}]},{"@type":"WebSite","@id":"http:\/\/elregionalvm.com.ar\/noticias-villa-maria\/#website","url":"http:\/\/elregionalvm.com.ar\/noticias-villa-maria\/","name":"El Regional","description":"Mucho m\u00e1s que informaci\u00f3n","potentialAction":[{"@type":"SearchAction","target":{"@type":"EntryPoint","urlTemplate":"http:\/\/elregionalvm.com.ar\/noticias-villa-maria\/?s={search_term_string}"},"query-input":{"@type":"PropertyValueSpecification","valueRequired":true,"valueName":"search_term_string"}}],"inLanguage":"es"},{"@type":"Person","@id":"http:\/\/elregionalvm.com.ar\/noticias-villa-maria\/#\/schema\/person\/a0fb9c422317faca23d50163151bc354","name":"Contenidos El Regional","image":{"@type":"ImageObject","inLanguage":"es","@id":"http:\/\/elregionalvm.com.ar\/noticias-villa-maria\/#\/schema\/person\/image\/","url":"https:\/\/secure.gravatar.com\/avatar\/265b27cb2209af7bb3a1318f03305787d7981a5cc6e6cd08fe5a4ecdf99d4b48?s=96&d=mm&r=g","contentUrl":"https:\/\/secure.gravatar.com\/avatar\/265b27cb2209af7bb3a1318f03305787d7981a5cc6e6cd08fe5a4ecdf99d4b48?s=96&d=mm&r=g","caption":"Contenidos El Regional"},"url":"https:\/\/elregionalvm.com.ar\/noticias-villa-maria\/author\/contenido\/"}]}},"jetpack_featured_media_url":"https:\/\/i0.wp.com\/elregionalvm.com.ar\/noticias-villa-maria\/wp-content\/uploads\/2025\/04\/1981ce13570c4aec986726d54cc9f2c3.jpeg?fit=800%2C600&ssl=1","jetpack_sharing_enabled":true,"_links":{"self":[{"href":"https:\/\/elregionalvm.com.ar\/noticias-villa-maria\/wp-json\/wp\/v2\/posts\/104984","targetHints":{"allow":["GET"]}}],"collection":[{"href":"https:\/\/elregionalvm.com.ar\/noticias-villa-maria\/wp-json\/wp\/v2\/posts"}],"about":[{"href":"https:\/\/elregionalvm.com.ar\/noticias-villa-maria\/wp-json\/wp\/v2\/types\/post"}],"author":[{"embeddable":true,"href":"https:\/\/elregionalvm.com.ar\/noticias-villa-maria\/wp-json\/wp\/v2\/users\/4"}],"replies":[{"embeddable":true,"href":"https:\/\/elregionalvm.com.ar\/noticias-villa-maria\/wp-json\/wp\/v2\/comments?post=104984"}],"version-history":[{"count":1,"href":"https:\/\/elregionalvm.com.ar\/noticias-villa-maria\/wp-json\/wp\/v2\/posts\/104984\/revisions"}],"predecessor-version":[{"id":104986,"href":"https:\/\/elregionalvm.com.ar\/noticias-villa-maria\/wp-json\/wp\/v2\/posts\/104984\/revisions\/104986"}],"wp:featuredmedia":[{"embeddable":true,"href":"https:\/\/elregionalvm.com.ar\/noticias-villa-maria\/wp-json\/wp\/v2\/media\/104985"}],"wp:attachment":[{"href":"https:\/\/elregionalvm.com.ar\/noticias-villa-maria\/wp-json\/wp\/v2\/media?parent=104984"}],"wp:term":[{"taxonomy":"category","embeddable":true,"href":"https:\/\/elregionalvm.com.ar\/noticias-villa-maria\/wp-json\/wp\/v2\/categories?post=104984"},{"taxonomy":"post_tag","embeddable":true,"href":"https:\/\/elregionalvm.com.ar\/noticias-villa-maria\/wp-json\/wp\/v2\/tags?post=104984"}],"curies":[{"name":"wp","href":"https:\/\/api.w.org\/{rel}","templated":true}]}}