{"id":104990,"date":"2025-04-07T15:49:58","date_gmt":"2025-04-07T15:49:58","guid":{"rendered":"https:\/\/elregionalvm.com.ar\/noticias-villa-maria\/?p=104990"},"modified":"2025-04-08T04:22:37","modified_gmt":"2025-04-08T04:22:37","slug":"en-el-paro-de-este-jueves-por-parte-de-la-cgt-se-adhieren-los-trabajadores-no-docentes-de-las-universidades-nacionales","status":"publish","type":"post","link":"https:\/\/elregionalvm.com.ar\/noticias-villa-maria\/en-el-paro-de-este-jueves-por-parte-de-la-cgt-se-adhieren-los-trabajadores-no-docentes-de-las-universidades-nacionales\/","title":{"rendered":"En el paro de este jueves por parte de la CGT, se adhieren los trabajadores no docentes de las universidades nacionales"},"content":{"rendered":"\n<p>A trav\u00e9s de la Federaci\u00f3n Argentina de Trabajadores de las Universidades Nacionales (FATUN), el gremio que ser\u00e1n parte del paro de 36 horas a realizarse el jueves pr\u00f3ximo.<\/p>\n\n\n\n<p>Los trabajadores no docentes nucleados en la&nbsp;<strong><a href=\"https:\/\/www.ambito.com\/politica\/la-uba-ratifico-la-emergencia-salarial-cayo-casi-50-el-poder-adquisitivo-n6125577\" target=\"_blank\" rel=\"noreferrer noopener\">Federaci\u00f3n Argentina de Trabajadores de las Universidades Nacionales (FATUN)<\/a><\/strong>&nbsp;confirmar\u00f3n que&nbsp;<a href=\"https:\/\/www.ambito.com\/politica\/trabajadores-aeronauticos-adhieren-al-paro-general-del-10-abril-n6131107\" target=\"_blank\" rel=\"noreferrer noopener\">se adherir\u00e1n al paro general de 36 horas que llevar\u00e1 a cabo la CGT el jueves pr\u00f3ximo.<\/a><\/p>\n\n\n\n<p>Esto fue informado por&nbsp;<strong>Walter Merkis,<\/strong>&nbsp;referente de FATUN, quien a trav\u00e9s de un comunicado expres\u00f3 que la adhesi\u00f3n es&nbsp;<strong>\u00aben reclamo de salarios dignos, paritarias libres y en defensa del presupuesto universitario\u00bb.<\/strong><\/p>\n\n\n\n<p>Por su parte, desde el gremio destacaron la unidad del movimiento obrero y de los trabajadores no docentes de las universidades en particular:\u00a0<strong>\u00abEs el camino frente al ajuste. Hay que continuar luchando en unidad, solidaridad y organizaci\u00f3n\u00bb.<\/strong><\/p>\n\n\n\n<p><\/p>\n","protected":false},"excerpt":{"rendered":"<p>A trav\u00e9s de la Federaci\u00f3n Argentina de Trabajadores de las Universidades Nacionales (FATUN), el gremio que ser\u00e1n parte del paro de 36 horas a realizarse el jueves pr\u00f3ximo. Los trabajadores no docentes nucleados en la&nbsp;Federaci\u00f3n Argentina de Trabajadores de las Universidades Nacionales (FATUN)&nbsp;confirmar\u00f3n que&nbsp;se adherir\u00e1n al paro general de 36 horas que llevar\u00e1 a cabo [&hellip;]<\/p>\n","protected":false},"author":4,"featured_media":99674,"comment_status":"open","ping_status":"open","sticky":false,"template":"","format":"standard","meta":{"site-sidebar-layout":"default","site-content-layout":"","ast-site-content-layout":"default","site-content-style":"default","site-sidebar-style":"default","ast-global-header-display":"","ast-banner-title-visibility":"","ast-main-header-display":"","ast-hfb-above-header-display":"","ast-hfb-below-header-display":"","ast-hfb-mobile-header-display":"","site-post-title":"","ast-breadcrumbs-content":"","ast-featured-img":"","footer-sml-layout":"","ast-disable-related-posts":"","theme-transparent-header-meta":"","adv-header-id-meta":"","stick-header-meta":"","header-above-stick-meta":"","header-main-stick-meta":"","header-below-stick-meta":"","astra-migrate-meta-layouts":"set","ast-page-background-enabled":"default","ast-page-background-meta":{"desktop":{"background-color":"","background-image":"","background-repeat":"repeat","background-position":"center center","background-size":"auto","background-attachment":"scroll","background-type":"","background-media":"","overlay-type":"","overlay-color":"","overlay-opacity":"","overlay-gradient":""},"tablet":{"background-color":"","background-image":"","background-repeat":"repeat","background-position":"center center","background-size":"auto","background-attachment":"scroll","background-type":"","background-media":"","overlay-type":"","overlay-color":"","overlay-opacity":"","overlay-gradient":""},"mobile":{"background-color":"","background-image":"","background-repeat":"repeat","background-position":"center center","background-size":"auto","background-attachment":"scroll","background-type":"","background-media":"","overlay-type":"","overlay-color":"","overlay-opacity":"","overlay-gradient":""}},"ast-content-background-meta":{"desktop":{"background-color":"var(--ast-global-color-5)","background-image":"","background-repeat":"repeat","background-position":"center center","background-size":"auto","background-attachment":"scroll","background-type":"","background-media":"","overlay-type":"","overlay-color":"","overlay-opacity":"","overlay-gradient":""},"tablet":{"background-color":"var(--ast-global-color-5)","background-image":"","background-repeat":"repeat","background-position":"center center","background-size":"auto","background-attachment":"scroll","background-type":"","background-media":"","overlay-type":"","overlay-color":"","overlay-opacity":"","overlay-gradient":""},"mobile":{"background-color":"var(--ast-global-color-5)","background-image":"","background-repeat":"repeat","background-position":"center center","background-size":"auto","background-attachment":"scroll","background-type":"","background-media":"","overlay-type":"","overlay-color":"","overlay-opacity":"","overlay-gradient":""}},"_jetpack_memberships_contains_paid_content":false,"_joinchat":[],"footnotes":""},"categories":[15302],"tags":[],"class_list":["post-104990","post","type-post","status-publish","format-standard","has-post-thumbnail","hentry","category-destacado"],"yoast_head":"<!-- This site is optimized with the Yoast SEO plugin v26.8 - https:\/\/yoast.com\/product\/yoast-seo-wordpress\/ -->\n<title>En el paro de este jueves por parte de la CGT, se adhieren los trabajadores no docentes de las universidades nacionales - El Regional<\/title>\n<meta name=\"robots\" content=\"index, follow, max-snippet:-1, max-image-preview:large, max-video-preview:-1\" \/>\n<link rel=\"canonical\" href=\"https:\/\/elregionalvm.com.ar\/noticias-villa-maria\/en-el-paro-de-este-jueves-por-parte-de-la-cgt-se-adhieren-los-trabajadores-no-docentes-de-las-universidades-nacionales\/\" \/>\n<meta property=\"og:locale\" content=\"es_ES\" \/>\n<meta property=\"og:type\" content=\"article\" \/>\n<meta property=\"og:title\" content=\"En el paro de este jueves por parte de la CGT, se adhieren los trabajadores no docentes de las universidades nacionales - El Regional\" \/>\n<meta property=\"og:description\" content=\"A trav\u00e9s de la Federaci\u00f3n Argentina de Trabajadores de las Universidades Nacionales (FATUN), el gremio que ser\u00e1n parte del paro de 36 horas a realizarse el jueves pr\u00f3ximo. Los trabajadores no docentes nucleados en la&nbsp;Federaci\u00f3n Argentina de Trabajadores de las Universidades Nacionales (FATUN)&nbsp;confirmar\u00f3n que&nbsp;se adherir\u00e1n al paro general de 36 horas que llevar\u00e1 a cabo [&hellip;]\" \/>\n<meta property=\"og:url\" content=\"https:\/\/elregionalvm.com.ar\/noticias-villa-maria\/en-el-paro-de-este-jueves-por-parte-de-la-cgt-se-adhieren-los-trabajadores-no-docentes-de-las-universidades-nacionales\/\" \/>\n<meta property=\"og:site_name\" content=\"El Regional\" \/>\n<meta property=\"article:publisher\" content=\"https:\/\/www.facebook.com\/elregionalvm\" \/>\n<meta property=\"article:published_time\" content=\"2025-04-07T15:49:58+00:00\" \/>\n<meta property=\"article:modified_time\" content=\"2025-04-08T04:22:37+00:00\" \/>\n<meta property=\"og:image\" content=\"https:\/\/elregionalvm.com.ar\/noticias-villa-maria\/wp-content\/uploads\/2024\/10\/UNVM-Tomada-cartel-2024-2.jpg\" \/>\n\t<meta property=\"og:image:width\" content=\"1200\" \/>\n\t<meta property=\"og:image:height\" content=\"666\" \/>\n\t<meta property=\"og:image:type\" content=\"image\/jpeg\" \/>\n<meta name=\"author\" content=\"Contenidos El Regional\" \/>\n<meta name=\"twitter:card\" content=\"summary_large_image\" \/>\n<meta name=\"twitter:creator\" content=\"@elregionalvm1\" \/>\n<meta name=\"twitter:site\" content=\"@elregionalvm1\" \/>\n<meta name=\"twitter:label1\" content=\"Escrito por\" \/>\n\t<meta name=\"twitter:data1\" content=\"Contenidos El Regional\" \/>\n\t<meta name=\"twitter:label2\" content=\"Tiempo de lectura\" \/>\n\t<meta name=\"twitter:data2\" content=\"1 minuto\" \/>\n<script type=\"application\/ld+json\" class=\"yoast-schema-graph\">{\"@context\":\"https:\/\/schema.org\",\"@graph\":[{\"@type\":\"Article\",\"@id\":\"https:\/\/elregionalvm.com.ar\/noticias-villa-maria\/en-el-paro-de-este-jueves-por-parte-de-la-cgt-se-adhieren-los-trabajadores-no-docentes-de-las-universidades-nacionales\/#article\",\"isPartOf\":{\"@id\":\"https:\/\/elregionalvm.com.ar\/noticias-villa-maria\/en-el-paro-de-este-jueves-por-parte-de-la-cgt-se-adhieren-los-trabajadores-no-docentes-de-las-universidades-nacionales\/\"},\"author\":{\"name\":\"Contenidos El Regional\",\"@id\":\"http:\/\/elregionalvm.com.ar\/noticias-villa-maria\/#\/schema\/person\/a0fb9c422317faca23d50163151bc354\"},\"headline\":\"En el paro de este jueves por parte de la CGT, se adhieren los trabajadores no docentes de las universidades nacionales\",\"datePublished\":\"2025-04-07T15:49:58+00:00\",\"dateModified\":\"2025-04-08T04:22:37+00:00\",\"mainEntityOfPage\":{\"@id\":\"https:\/\/elregionalvm.com.ar\/noticias-villa-maria\/en-el-paro-de-este-jueves-por-parte-de-la-cgt-se-adhieren-los-trabajadores-no-docentes-de-las-universidades-nacionales\/\"},\"wordCount\":170,\"commentCount\":0,\"image\":{\"@id\":\"https:\/\/elregionalvm.com.ar\/noticias-villa-maria\/en-el-paro-de-este-jueves-por-parte-de-la-cgt-se-adhieren-los-trabajadores-no-docentes-de-las-universidades-nacionales\/#primaryimage\"},\"thumbnailUrl\":\"https:\/\/i0.wp.com\/elregionalvm.com.ar\/noticias-villa-maria\/wp-content\/uploads\/2024\/10\/UNVM-Tomada-cartel-2024-2.jpg?fit=1200%2C666&ssl=1\",\"articleSection\":[\"destacado\"],\"inLanguage\":\"es\",\"potentialAction\":[{\"@type\":\"CommentAction\",\"name\":\"Comment\",\"target\":[\"https:\/\/elregionalvm.com.ar\/noticias-villa-maria\/en-el-paro-de-este-jueves-por-parte-de-la-cgt-se-adhieren-los-trabajadores-no-docentes-de-las-universidades-nacionales\/#respond\"]}]},{\"@type\":\"WebPage\",\"@id\":\"https:\/\/elregionalvm.com.ar\/noticias-villa-maria\/en-el-paro-de-este-jueves-por-parte-de-la-cgt-se-adhieren-los-trabajadores-no-docentes-de-las-universidades-nacionales\/\",\"url\":\"https:\/\/elregionalvm.com.ar\/noticias-villa-maria\/en-el-paro-de-este-jueves-por-parte-de-la-cgt-se-adhieren-los-trabajadores-no-docentes-de-las-universidades-nacionales\/\",\"name\":\"En el paro de este jueves por parte de la CGT, se adhieren los trabajadores no docentes de las universidades nacionales - El Regional\",\"isPartOf\":{\"@id\":\"http:\/\/elregionalvm.com.ar\/noticias-villa-maria\/#website\"},\"primaryImageOfPage\":{\"@id\":\"https:\/\/elregionalvm.com.ar\/noticias-villa-maria\/en-el-paro-de-este-jueves-por-parte-de-la-cgt-se-adhieren-los-trabajadores-no-docentes-de-las-universidades-nacionales\/#primaryimage\"},\"image\":{\"@id\":\"https:\/\/elregionalvm.com.ar\/noticias-villa-maria\/en-el-paro-de-este-jueves-por-parte-de-la-cgt-se-adhieren-los-trabajadores-no-docentes-de-las-universidades-nacionales\/#primaryimage\"},\"thumbnailUrl\":\"https:\/\/i0.wp.com\/elregionalvm.com.ar\/noticias-villa-maria\/wp-content\/uploads\/2024\/10\/UNVM-Tomada-cartel-2024-2.jpg?fit=1200%2C666&ssl=1\",\"datePublished\":\"2025-04-07T15:49:58+00:00\",\"dateModified\":\"2025-04-08T04:22:37+00:00\",\"author\":{\"@id\":\"http:\/\/elregionalvm.com.ar\/noticias-villa-maria\/#\/schema\/person\/a0fb9c422317faca23d50163151bc354\"},\"breadcrumb\":{\"@id\":\"https:\/\/elregionalvm.com.ar\/noticias-villa-maria\/en-el-paro-de-este-jueves-por-parte-de-la-cgt-se-adhieren-los-trabajadores-no-docentes-de-las-universidades-nacionales\/#breadcrumb\"},\"inLanguage\":\"es\",\"potentialAction\":[{\"@type\":\"ReadAction\",\"target\":[\"https:\/\/elregionalvm.com.ar\/noticias-villa-maria\/en-el-paro-de-este-jueves-por-parte-de-la-cgt-se-adhieren-los-trabajadores-no-docentes-de-las-universidades-nacionales\/\"]}]},{\"@type\":\"ImageObject\",\"inLanguage\":\"es\",\"@id\":\"https:\/\/elregionalvm.com.ar\/noticias-villa-maria\/en-el-paro-de-este-jueves-por-parte-de-la-cgt-se-adhieren-los-trabajadores-no-docentes-de-las-universidades-nacionales\/#primaryimage\",\"url\":\"https:\/\/i0.wp.com\/elregionalvm.com.ar\/noticias-villa-maria\/wp-content\/uploads\/2024\/10\/UNVM-Tomada-cartel-2024-2.jpg?fit=1200%2C666&ssl=1\",\"contentUrl\":\"https:\/\/i0.wp.com\/elregionalvm.com.ar\/noticias-villa-maria\/wp-content\/uploads\/2024\/10\/UNVM-Tomada-cartel-2024-2.jpg?fit=1200%2C666&ssl=1\",\"width\":1200,\"height\":666},{\"@type\":\"BreadcrumbList\",\"@id\":\"https:\/\/elregionalvm.com.ar\/noticias-villa-maria\/en-el-paro-de-este-jueves-por-parte-de-la-cgt-se-adhieren-los-trabajadores-no-docentes-de-las-universidades-nacionales\/#breadcrumb\",\"itemListElement\":[{\"@type\":\"ListItem\",\"position\":1,\"name\":\"Portada\",\"item\":\"https:\/\/elregionalvm.com.ar\/noticias-villa-maria\/\"},{\"@type\":\"ListItem\",\"position\":2,\"name\":\"En el paro de este jueves por parte de la CGT, se adhieren los trabajadores no docentes de las universidades nacionales\"}]},{\"@type\":\"WebSite\",\"@id\":\"http:\/\/elregionalvm.com.ar\/noticias-villa-maria\/#website\",\"url\":\"http:\/\/elregionalvm.com.ar\/noticias-villa-maria\/\",\"name\":\"El Regional\",\"description\":\"Mucho m\u00e1s que informaci\u00f3n\",\"potentialAction\":[{\"@type\":\"SearchAction\",\"target\":{\"@type\":\"EntryPoint\",\"urlTemplate\":\"http:\/\/elregionalvm.com.ar\/noticias-villa-maria\/?s={search_term_string}\"},\"query-input\":{\"@type\":\"PropertyValueSpecification\",\"valueRequired\":true,\"valueName\":\"search_term_string\"}}],\"inLanguage\":\"es\"},{\"@type\":\"Person\",\"@id\":\"http:\/\/elregionalvm.com.ar\/noticias-villa-maria\/#\/schema\/person\/a0fb9c422317faca23d50163151bc354\",\"name\":\"Contenidos El Regional\",\"image\":{\"@type\":\"ImageObject\",\"inLanguage\":\"es\",\"@id\":\"http:\/\/elregionalvm.com.ar\/noticias-villa-maria\/#\/schema\/person\/image\/\",\"url\":\"https:\/\/secure.gravatar.com\/avatar\/265b27cb2209af7bb3a1318f03305787d7981a5cc6e6cd08fe5a4ecdf99d4b48?s=96&d=mm&r=g\",\"contentUrl\":\"https:\/\/secure.gravatar.com\/avatar\/265b27cb2209af7bb3a1318f03305787d7981a5cc6e6cd08fe5a4ecdf99d4b48?s=96&d=mm&r=g\",\"caption\":\"Contenidos El Regional\"},\"url\":\"https:\/\/elregionalvm.com.ar\/noticias-villa-maria\/author\/contenido\/\"}]}<\/script>\n<!-- \/ Yoast SEO plugin. -->","yoast_head_json":{"title":"En el paro de este jueves por parte de la CGT, se adhieren los trabajadores no docentes de las universidades nacionales - El Regional","robots":{"index":"index","follow":"follow","max-snippet":"max-snippet:-1","max-image-preview":"max-image-preview:large","max-video-preview":"max-video-preview:-1"},"canonical":"https:\/\/elregionalvm.com.ar\/noticias-villa-maria\/en-el-paro-de-este-jueves-por-parte-de-la-cgt-se-adhieren-los-trabajadores-no-docentes-de-las-universidades-nacionales\/","og_locale":"es_ES","og_type":"article","og_title":"En el paro de este jueves por parte de la CGT, se adhieren los trabajadores no docentes de las universidades nacionales - El Regional","og_description":"A trav\u00e9s de la Federaci\u00f3n Argentina de Trabajadores de las Universidades Nacionales (FATUN), el gremio que ser\u00e1n parte del paro de 36 horas a realizarse el jueves pr\u00f3ximo. Los trabajadores no docentes nucleados en la&nbsp;Federaci\u00f3n Argentina de Trabajadores de las Universidades Nacionales (FATUN)&nbsp;confirmar\u00f3n que&nbsp;se adherir\u00e1n al paro general de 36 horas que llevar\u00e1 a cabo [&hellip;]","og_url":"https:\/\/elregionalvm.com.ar\/noticias-villa-maria\/en-el-paro-de-este-jueves-por-parte-de-la-cgt-se-adhieren-los-trabajadores-no-docentes-de-las-universidades-nacionales\/","og_site_name":"El Regional","article_publisher":"https:\/\/www.facebook.com\/elregionalvm","article_published_time":"2025-04-07T15:49:58+00:00","article_modified_time":"2025-04-08T04:22:37+00:00","og_image":[{"width":1200,"height":666,"url":"https:\/\/elregionalvm.com.ar\/noticias-villa-maria\/wp-content\/uploads\/2024\/10\/UNVM-Tomada-cartel-2024-2.jpg","type":"image\/jpeg"}],"author":"Contenidos El Regional","twitter_card":"summary_large_image","twitter_creator":"@elregionalvm1","twitter_site":"@elregionalvm1","twitter_misc":{"Escrito por":"Contenidos El Regional","Tiempo de lectura":"1 minuto"},"schema":{"@context":"https:\/\/schema.org","@graph":[{"@type":"Article","@id":"https:\/\/elregionalvm.com.ar\/noticias-villa-maria\/en-el-paro-de-este-jueves-por-parte-de-la-cgt-se-adhieren-los-trabajadores-no-docentes-de-las-universidades-nacionales\/#article","isPartOf":{"@id":"https:\/\/elregionalvm.com.ar\/noticias-villa-maria\/en-el-paro-de-este-jueves-por-parte-de-la-cgt-se-adhieren-los-trabajadores-no-docentes-de-las-universidades-nacionales\/"},"author":{"name":"Contenidos El Regional","@id":"http:\/\/elregionalvm.com.ar\/noticias-villa-maria\/#\/schema\/person\/a0fb9c422317faca23d50163151bc354"},"headline":"En el paro de este jueves por parte de la CGT, se adhieren los trabajadores no docentes de las universidades nacionales","datePublished":"2025-04-07T15:49:58+00:00","dateModified":"2025-04-08T04:22:37+00:00","mainEntityOfPage":{"@id":"https:\/\/elregionalvm.com.ar\/noticias-villa-maria\/en-el-paro-de-este-jueves-por-parte-de-la-cgt-se-adhieren-los-trabajadores-no-docentes-de-las-universidades-nacionales\/"},"wordCount":170,"commentCount":0,"image":{"@id":"https:\/\/elregionalvm.com.ar\/noticias-villa-maria\/en-el-paro-de-este-jueves-por-parte-de-la-cgt-se-adhieren-los-trabajadores-no-docentes-de-las-universidades-nacionales\/#primaryimage"},"thumbnailUrl":"https:\/\/i0.wp.com\/elregionalvm.com.ar\/noticias-villa-maria\/wp-content\/uploads\/2024\/10\/UNVM-Tomada-cartel-2024-2.jpg?fit=1200%2C666&ssl=1","articleSection":["destacado"],"inLanguage":"es","potentialAction":[{"@type":"CommentAction","name":"Comment","target":["https:\/\/elregionalvm.com.ar\/noticias-villa-maria\/en-el-paro-de-este-jueves-por-parte-de-la-cgt-se-adhieren-los-trabajadores-no-docentes-de-las-universidades-nacionales\/#respond"]}]},{"@type":"WebPage","@id":"https:\/\/elregionalvm.com.ar\/noticias-villa-maria\/en-el-paro-de-este-jueves-por-parte-de-la-cgt-se-adhieren-los-trabajadores-no-docentes-de-las-universidades-nacionales\/","url":"https:\/\/elregionalvm.com.ar\/noticias-villa-maria\/en-el-paro-de-este-jueves-por-parte-de-la-cgt-se-adhieren-los-trabajadores-no-docentes-de-las-universidades-nacionales\/","name":"En el paro de este jueves por parte de la CGT, se adhieren los trabajadores no docentes de las universidades nacionales - El Regional","isPartOf":{"@id":"http:\/\/elregionalvm.com.ar\/noticias-villa-maria\/#website"},"primaryImageOfPage":{"@id":"https:\/\/elregionalvm.com.ar\/noticias-villa-maria\/en-el-paro-de-este-jueves-por-parte-de-la-cgt-se-adhieren-los-trabajadores-no-docentes-de-las-universidades-nacionales\/#primaryimage"},"image":{"@id":"https:\/\/elregionalvm.com.ar\/noticias-villa-maria\/en-el-paro-de-este-jueves-por-parte-de-la-cgt-se-adhieren-los-trabajadores-no-docentes-de-las-universidades-nacionales\/#primaryimage"},"thumbnailUrl":"https:\/\/i0.wp.com\/elregionalvm.com.ar\/noticias-villa-maria\/wp-content\/uploads\/2024\/10\/UNVM-Tomada-cartel-2024-2.jpg?fit=1200%2C666&ssl=1","datePublished":"2025-04-07T15:49:58+00:00","dateModified":"2025-04-08T04:22:37+00:00","author":{"@id":"http:\/\/elregionalvm.com.ar\/noticias-villa-maria\/#\/schema\/person\/a0fb9c422317faca23d50163151bc354"},"breadcrumb":{"@id":"https:\/\/elregionalvm.com.ar\/noticias-villa-maria\/en-el-paro-de-este-jueves-por-parte-de-la-cgt-se-adhieren-los-trabajadores-no-docentes-de-las-universidades-nacionales\/#breadcrumb"},"inLanguage":"es","potentialAction":[{"@type":"ReadAction","target":["https:\/\/elregionalvm.com.ar\/noticias-villa-maria\/en-el-paro-de-este-jueves-por-parte-de-la-cgt-se-adhieren-los-trabajadores-no-docentes-de-las-universidades-nacionales\/"]}]},{"@type":"ImageObject","inLanguage":"es","@id":"https:\/\/elregionalvm.com.ar\/noticias-villa-maria\/en-el-paro-de-este-jueves-por-parte-de-la-cgt-se-adhieren-los-trabajadores-no-docentes-de-las-universidades-nacionales\/#primaryimage","url":"https:\/\/i0.wp.com\/elregionalvm.com.ar\/noticias-villa-maria\/wp-content\/uploads\/2024\/10\/UNVM-Tomada-cartel-2024-2.jpg?fit=1200%2C666&ssl=1","contentUrl":"https:\/\/i0.wp.com\/elregionalvm.com.ar\/noticias-villa-maria\/wp-content\/uploads\/2024\/10\/UNVM-Tomada-cartel-2024-2.jpg?fit=1200%2C666&ssl=1","width":1200,"height":666},{"@type":"BreadcrumbList","@id":"https:\/\/elregionalvm.com.ar\/noticias-villa-maria\/en-el-paro-de-este-jueves-por-parte-de-la-cgt-se-adhieren-los-trabajadores-no-docentes-de-las-universidades-nacionales\/#breadcrumb","itemListElement":[{"@type":"ListItem","position":1,"name":"Portada","item":"https:\/\/elregionalvm.com.ar\/noticias-villa-maria\/"},{"@type":"ListItem","position":2,"name":"En el paro de este jueves por parte de la CGT, se adhieren los trabajadores no docentes de las universidades nacionales"}]},{"@type":"WebSite","@id":"http:\/\/elregionalvm.com.ar\/noticias-villa-maria\/#website","url":"http:\/\/elregionalvm.com.ar\/noticias-villa-maria\/","name":"El Regional","description":"Mucho m\u00e1s que informaci\u00f3n","potentialAction":[{"@type":"SearchAction","target":{"@type":"EntryPoint","urlTemplate":"http:\/\/elregionalvm.com.ar\/noticias-villa-maria\/?s={search_term_string}"},"query-input":{"@type":"PropertyValueSpecification","valueRequired":true,"valueName":"search_term_string"}}],"inLanguage":"es"},{"@type":"Person","@id":"http:\/\/elregionalvm.com.ar\/noticias-villa-maria\/#\/schema\/person\/a0fb9c422317faca23d50163151bc354","name":"Contenidos El Regional","image":{"@type":"ImageObject","inLanguage":"es","@id":"http:\/\/elregionalvm.com.ar\/noticias-villa-maria\/#\/schema\/person\/image\/","url":"https:\/\/secure.gravatar.com\/avatar\/265b27cb2209af7bb3a1318f03305787d7981a5cc6e6cd08fe5a4ecdf99d4b48?s=96&d=mm&r=g","contentUrl":"https:\/\/secure.gravatar.com\/avatar\/265b27cb2209af7bb3a1318f03305787d7981a5cc6e6cd08fe5a4ecdf99d4b48?s=96&d=mm&r=g","caption":"Contenidos El Regional"},"url":"https:\/\/elregionalvm.com.ar\/noticias-villa-maria\/author\/contenido\/"}]}},"jetpack_featured_media_url":"https:\/\/i0.wp.com\/elregionalvm.com.ar\/noticias-villa-maria\/wp-content\/uploads\/2024\/10\/UNVM-Tomada-cartel-2024-2.jpg?fit=1200%2C666&ssl=1","jetpack_sharing_enabled":true,"_links":{"self":[{"href":"https:\/\/elregionalvm.com.ar\/noticias-villa-maria\/wp-json\/wp\/v2\/posts\/104990","targetHints":{"allow":["GET"]}}],"collection":[{"href":"https:\/\/elregionalvm.com.ar\/noticias-villa-maria\/wp-json\/wp\/v2\/posts"}],"about":[{"href":"https:\/\/elregionalvm.com.ar\/noticias-villa-maria\/wp-json\/wp\/v2\/types\/post"}],"author":[{"embeddable":true,"href":"https:\/\/elregionalvm.com.ar\/noticias-villa-maria\/wp-json\/wp\/v2\/users\/4"}],"replies":[{"embeddable":true,"href":"https:\/\/elregionalvm.com.ar\/noticias-villa-maria\/wp-json\/wp\/v2\/comments?post=104990"}],"version-history":[{"count":2,"href":"https:\/\/elregionalvm.com.ar\/noticias-villa-maria\/wp-json\/wp\/v2\/posts\/104990\/revisions"}],"predecessor-version":[{"id":104993,"href":"https:\/\/elregionalvm.com.ar\/noticias-villa-maria\/wp-json\/wp\/v2\/posts\/104990\/revisions\/104993"}],"wp:featuredmedia":[{"embeddable":true,"href":"https:\/\/elregionalvm.com.ar\/noticias-villa-maria\/wp-json\/wp\/v2\/media\/99674"}],"wp:attachment":[{"href":"https:\/\/elregionalvm.com.ar\/noticias-villa-maria\/wp-json\/wp\/v2\/media?parent=104990"}],"wp:term":[{"taxonomy":"category","embeddable":true,"href":"https:\/\/elregionalvm.com.ar\/noticias-villa-maria\/wp-json\/wp\/v2\/categories?post=104990"},{"taxonomy":"post_tag","embeddable":true,"href":"https:\/\/elregionalvm.com.ar\/noticias-villa-maria\/wp-json\/wp\/v2\/tags?post=104990"}],"curies":[{"name":"wp","href":"https:\/\/api.w.org\/{rel}","templated":true}]}}