{"id":104994,"date":"2025-04-07T16:13:02","date_gmt":"2025-04-07T16:13:02","guid":{"rendered":"https:\/\/elregionalvm.com.ar\/noticias-villa-maria\/?p=104994"},"modified":"2025-04-08T04:22:20","modified_gmt":"2025-04-08T04:22:20","slug":"villa-maria-fue-reconocida-por-su-compromiso-con-las-politicas-publicas-en-lo-que-respecta-el-trabajo-con-la-infancia-y-adolescencia","status":"publish","type":"post","link":"https:\/\/elregionalvm.com.ar\/noticias-villa-maria\/villa-maria-fue-reconocida-por-su-compromiso-con-las-politicas-publicas-en-lo-que-respecta-el-trabajo-con-la-infancia-y-adolescencia\/","title":{"rendered":"Villa Mar\u00eda fue reconocida por su compromiso con las pol\u00edticas p\u00fablicas en materia de infancia y adolescencia"},"content":{"rendered":"\n<p>La iniciativa, impulsada por UNICEF Argentina y la Defensor\u00eda de los Derechos de Ni\u00f1as, Ni\u00f1os y Adolescentes de la Provincia de C\u00f3rdoba, busca destacar la acci\u00f3n comprometida en la protecci\u00f3n de derechos por parte de los Gobiernos locales, mediante la implementaci\u00f3n de programas espec\u00edficos.<\/p>\n\n\n\n<p>En este sentido, el Municipio fue destacado por las pol\u00edticas p\u00fablicas promovidas con un enfoque de derechos a nivel local, a trav\u00e9s de herramientas, capacitaciones y estrategias orientadas al dise\u00f1o, ejecuci\u00f3n y monitoreo de planes de acci\u00f3n integrales y participativos.<\/p>\n\n\n\n<p>Al respecto, la secretaria de Educaci\u00f3n, Adela Guirardelli expres\u00f3: \u201cEste reconocimiento nos impulsa a seguir trabajando con la misma convicci\u00f3n y compromiso por una Villa Mar\u00eda m\u00e1s humana, donde cada ni\u00f1a, ni\u00f1o y adolescente pueda crecer en paz, con igualdad de oportunidades y con acceso real a sus derechos. Estamos felices por este reconocimiento; para nosotros, es un compromiso diario, un trabajo que crece y se fortalece con cada paso que damos juntos\u201d .<\/p>\n\n\n\n<p>El evento se realiz\u00f3 en la Sala Menor del Teatro Ciudad de las Artes de la Universidad Provincial de C\u00f3rdoba, con la participaci\u00f3n de representantes de municipios de toda la provincia que, al igual que Villa Mar\u00eda, trabajan activamente para garantizar entornos m\u00e1s seguros e inclusivos para la infancia y la adolescencia.<\/p>\n\n\n\n<p>Cabe mencionar que la distinci\u00f3n representa un importante reconocimiento al esfuerzo sostenido del municipio en la implementaci\u00f3n de pol\u00edticas p\u00fablicas inclusivas y con perspectiva de derechos, que buscan mejorar la calidad de vida de ni\u00f1os y adolescentes en la comunidad.<\/p>\n\n\n\n<p>Municipio MUNA<\/p>\n\n\n\n<p>En su trabajo, Villa Mar\u00eda avanza en cinco l\u00edneas de acci\u00f3n fundamentales:<\/p>\n\n\n\n<p>&#x1f476; Estrategias integrales en la primera infancia, a trav\u00e9s de pol\u00edticas que aseguren a ni\u00f1os de 0 a 6 a\u00f1os condiciones adecuadas para el ejercicio pleno de sus derechos, con \u00e9nfasis en los sectores m\u00e1s vulnerables.<\/p>\n\n\n\n<p>&#x1f4da; Inclusi\u00f3n educativa de adolescentes fuera de la escuela, mediante estrategias para identificar, revincular y acompa\u00f1ar a adolescentes que han abandonado la escuela, promoviendo su retorno y permanencia en el sistema educativo.<\/p>\n\n\n\n<p>&#x2728; Promoci\u00f3n de entornos libres de violencia, por medio de servicios e intervenciones destinadas a prevenir y proteger a ni\u00f1os y adolescentes contra la violencia, fortaleciendo la coordinaci\u00f3n intersectorial e intergubernamental.<\/p>\n\n\n\n<p>&#x1f5e3;&#xfe0f; Participaci\u00f3n adolescente y presupuesto participativo joven, con espacios formales de participaci\u00f3n adolescente, promoviendo que sus voces sean escuchadas e integradas en la toma de decisiones sobre los temas que les afectan.<\/p>\n\n\n\n<p>&#x1f4ca; Mejora de la gesti\u00f3n fiscal y presupuestaria municipal, fortaleciendo la gesti\u00f3n fiscal y presupuestaria local para garantizar la asignaci\u00f3n de recursos p\u00fablicos destinados a la ni\u00f1ez y adolescencia.<\/p>\n","protected":false},"excerpt":{"rendered":"<p>La iniciativa, impulsada por UNICEF Argentina y la Defensor\u00eda de los Derechos de Ni\u00f1as, Ni\u00f1os y Adolescentes de la Provincia de C\u00f3rdoba, busca destacar la acci\u00f3n comprometida en la protecci\u00f3n de derechos por parte de los Gobiernos locales, mediante la implementaci\u00f3n de programas espec\u00edficos. En este sentido, el Municipio fue destacado por las pol\u00edticas p\u00fablicas [&hellip;]<\/p>\n","protected":false},"author":4,"featured_media":104995,"comment_status":"open","ping_status":"open","sticky":false,"template":"","format":"standard","meta":{"site-sidebar-layout":"default","site-content-layout":"","ast-site-content-layout":"default","site-content-style":"default","site-sidebar-style":"default","ast-global-header-display":"","ast-banner-title-visibility":"","ast-main-header-display":"","ast-hfb-above-header-display":"","ast-hfb-below-header-display":"","ast-hfb-mobile-header-display":"","site-post-title":"","ast-breadcrumbs-content":"","ast-featured-img":"","footer-sml-layout":"","ast-disable-related-posts":"","theme-transparent-header-meta":"","adv-header-id-meta":"","stick-header-meta":"","header-above-stick-meta":"","header-main-stick-meta":"","header-below-stick-meta":"","astra-migrate-meta-layouts":"set","ast-page-background-enabled":"default","ast-page-background-meta":{"desktop":{"background-color":"","background-image":"","background-repeat":"repeat","background-position":"center center","background-size":"auto","background-attachment":"scroll","background-type":"","background-media":"","overlay-type":"","overlay-color":"","overlay-opacity":"","overlay-gradient":""},"tablet":{"background-color":"","background-image":"","background-repeat":"repeat","background-position":"center center","background-size":"auto","background-attachment":"scroll","background-type":"","background-media":"","overlay-type":"","overlay-color":"","overlay-opacity":"","overlay-gradient":""},"mobile":{"background-color":"","background-image":"","background-repeat":"repeat","background-position":"center center","background-size":"auto","background-attachment":"scroll","background-type":"","background-media":"","overlay-type":"","overlay-color":"","overlay-opacity":"","overlay-gradient":""}},"ast-content-background-meta":{"desktop":{"background-color":"var(--ast-global-color-5)","background-image":"","background-repeat":"repeat","background-position":"center center","background-size":"auto","background-attachment":"scroll","background-type":"","background-media":"","overlay-type":"","overlay-color":"","overlay-opacity":"","overlay-gradient":""},"tablet":{"background-color":"var(--ast-global-color-5)","background-image":"","background-repeat":"repeat","background-position":"center center","background-size":"auto","background-attachment":"scroll","background-type":"","background-media":"","overlay-type":"","overlay-color":"","overlay-opacity":"","overlay-gradient":""},"mobile":{"background-color":"var(--ast-global-color-5)","background-image":"","background-repeat":"repeat","background-position":"center center","background-size":"auto","background-attachment":"scroll","background-type":"","background-media":"","overlay-type":"","overlay-color":"","overlay-opacity":"","overlay-gradient":""}},"_jetpack_memberships_contains_paid_content":false,"_joinchat":[],"footnotes":""},"categories":[15302,5,2],"tags":[],"class_list":["post-104994","post","type-post","status-publish","format-standard","has-post-thumbnail","hentry","category-destacado","category-sociedad","category-villa-maria"],"yoast_head":"<!-- This site is optimized with the Yoast SEO plugin v26.8 - https:\/\/yoast.com\/product\/yoast-seo-wordpress\/ -->\n<title>Villa Mar\u00eda fue reconocida por su compromiso con las pol\u00edticas p\u00fablicas en materia de infancia y adolescencia - El Regional<\/title>\n<meta name=\"robots\" content=\"index, follow, max-snippet:-1, max-image-preview:large, max-video-preview:-1\" \/>\n<link rel=\"canonical\" href=\"https:\/\/elregionalvm.com.ar\/noticias-villa-maria\/villa-maria-fue-reconocida-por-su-compromiso-con-las-politicas-publicas-en-lo-que-respecta-el-trabajo-con-la-infancia-y-adolescencia\/\" \/>\n<meta property=\"og:locale\" content=\"es_ES\" \/>\n<meta property=\"og:type\" content=\"article\" \/>\n<meta property=\"og:title\" content=\"Villa Mar\u00eda fue reconocida por su compromiso con las pol\u00edticas p\u00fablicas en materia de infancia y adolescencia - El Regional\" \/>\n<meta property=\"og:description\" content=\"La iniciativa, impulsada por UNICEF Argentina y la Defensor\u00eda de los Derechos de Ni\u00f1as, Ni\u00f1os y Adolescentes de la Provincia de C\u00f3rdoba, busca destacar la acci\u00f3n comprometida en la protecci\u00f3n de derechos por parte de los Gobiernos locales, mediante la implementaci\u00f3n de programas espec\u00edficos. En este sentido, el Municipio fue destacado por las pol\u00edticas p\u00fablicas [&hellip;]\" \/>\n<meta property=\"og:url\" content=\"https:\/\/elregionalvm.com.ar\/noticias-villa-maria\/villa-maria-fue-reconocida-por-su-compromiso-con-las-politicas-publicas-en-lo-que-respecta-el-trabajo-con-la-infancia-y-adolescencia\/\" \/>\n<meta property=\"og:site_name\" content=\"El Regional\" \/>\n<meta property=\"article:publisher\" content=\"https:\/\/www.facebook.com\/elregionalvm\" \/>\n<meta property=\"article:published_time\" content=\"2025-04-07T16:13:02+00:00\" \/>\n<meta property=\"article:modified_time\" content=\"2025-04-08T04:22:20+00:00\" \/>\n<meta property=\"og:image\" content=\"https:\/\/elregionalvm.com.ar\/noticias-villa-maria\/wp-content\/uploads\/2025\/04\/193aa31e317446f599bc98669d466d03.png\" \/>\n\t<meta property=\"og:image:width\" content=\"800\" \/>\n\t<meta property=\"og:image:height\" content=\"600\" \/>\n\t<meta property=\"og:image:type\" content=\"image\/png\" \/>\n<meta name=\"author\" content=\"Contenidos El Regional\" \/>\n<meta name=\"twitter:card\" content=\"summary_large_image\" \/>\n<meta name=\"twitter:creator\" content=\"@elregionalvm1\" \/>\n<meta name=\"twitter:site\" content=\"@elregionalvm1\" \/>\n<meta name=\"twitter:label1\" content=\"Escrito por\" \/>\n\t<meta name=\"twitter:data1\" content=\"Contenidos El Regional\" \/>\n\t<meta name=\"twitter:label2\" content=\"Tiempo de lectura\" \/>\n\t<meta name=\"twitter:data2\" content=\"3 minutos\" \/>\n<script type=\"application\/ld+json\" class=\"yoast-schema-graph\">{\"@context\":\"https:\/\/schema.org\",\"@graph\":[{\"@type\":\"Article\",\"@id\":\"https:\/\/elregionalvm.com.ar\/noticias-villa-maria\/villa-maria-fue-reconocida-por-su-compromiso-con-las-politicas-publicas-en-lo-que-respecta-el-trabajo-con-la-infancia-y-adolescencia\/#article\",\"isPartOf\":{\"@id\":\"https:\/\/elregionalvm.com.ar\/noticias-villa-maria\/villa-maria-fue-reconocida-por-su-compromiso-con-las-politicas-publicas-en-lo-que-respecta-el-trabajo-con-la-infancia-y-adolescencia\/\"},\"author\":{\"name\":\"Contenidos El Regional\",\"@id\":\"http:\/\/elregionalvm.com.ar\/noticias-villa-maria\/#\/schema\/person\/a0fb9c422317faca23d50163151bc354\"},\"headline\":\"Villa Mar\u00eda fue reconocida por su compromiso con las pol\u00edticas p\u00fablicas en materia de infancia y adolescencia\",\"datePublished\":\"2025-04-07T16:13:02+00:00\",\"dateModified\":\"2025-04-08T04:22:20+00:00\",\"mainEntityOfPage\":{\"@id\":\"https:\/\/elregionalvm.com.ar\/noticias-villa-maria\/villa-maria-fue-reconocida-por-su-compromiso-con-las-politicas-publicas-en-lo-que-respecta-el-trabajo-con-la-infancia-y-adolescencia\/\"},\"wordCount\":499,\"commentCount\":0,\"image\":{\"@id\":\"https:\/\/elregionalvm.com.ar\/noticias-villa-maria\/villa-maria-fue-reconocida-por-su-compromiso-con-las-politicas-publicas-en-lo-que-respecta-el-trabajo-con-la-infancia-y-adolescencia\/#primaryimage\"},\"thumbnailUrl\":\"https:\/\/i0.wp.com\/elregionalvm.com.ar\/noticias-villa-maria\/wp-content\/uploads\/2025\/04\/193aa31e317446f599bc98669d466d03.png?fit=800%2C600&ssl=1\",\"articleSection\":[\"destacado\",\"Sociedad\",\"Villa Mar\u00eda\"],\"inLanguage\":\"es\",\"potentialAction\":[{\"@type\":\"CommentAction\",\"name\":\"Comment\",\"target\":[\"https:\/\/elregionalvm.com.ar\/noticias-villa-maria\/villa-maria-fue-reconocida-por-su-compromiso-con-las-politicas-publicas-en-lo-que-respecta-el-trabajo-con-la-infancia-y-adolescencia\/#respond\"]}]},{\"@type\":\"WebPage\",\"@id\":\"https:\/\/elregionalvm.com.ar\/noticias-villa-maria\/villa-maria-fue-reconocida-por-su-compromiso-con-las-politicas-publicas-en-lo-que-respecta-el-trabajo-con-la-infancia-y-adolescencia\/\",\"url\":\"https:\/\/elregionalvm.com.ar\/noticias-villa-maria\/villa-maria-fue-reconocida-por-su-compromiso-con-las-politicas-publicas-en-lo-que-respecta-el-trabajo-con-la-infancia-y-adolescencia\/\",\"name\":\"Villa Mar\u00eda fue reconocida por su compromiso con las pol\u00edticas p\u00fablicas en materia de infancia y adolescencia - El Regional\",\"isPartOf\":{\"@id\":\"http:\/\/elregionalvm.com.ar\/noticias-villa-maria\/#website\"},\"primaryImageOfPage\":{\"@id\":\"https:\/\/elregionalvm.com.ar\/noticias-villa-maria\/villa-maria-fue-reconocida-por-su-compromiso-con-las-politicas-publicas-en-lo-que-respecta-el-trabajo-con-la-infancia-y-adolescencia\/#primaryimage\"},\"image\":{\"@id\":\"https:\/\/elregionalvm.com.ar\/noticias-villa-maria\/villa-maria-fue-reconocida-por-su-compromiso-con-las-politicas-publicas-en-lo-que-respecta-el-trabajo-con-la-infancia-y-adolescencia\/#primaryimage\"},\"thumbnailUrl\":\"https:\/\/i0.wp.com\/elregionalvm.com.ar\/noticias-villa-maria\/wp-content\/uploads\/2025\/04\/193aa31e317446f599bc98669d466d03.png?fit=800%2C600&ssl=1\",\"datePublished\":\"2025-04-07T16:13:02+00:00\",\"dateModified\":\"2025-04-08T04:22:20+00:00\",\"author\":{\"@id\":\"http:\/\/elregionalvm.com.ar\/noticias-villa-maria\/#\/schema\/person\/a0fb9c422317faca23d50163151bc354\"},\"breadcrumb\":{\"@id\":\"https:\/\/elregionalvm.com.ar\/noticias-villa-maria\/villa-maria-fue-reconocida-por-su-compromiso-con-las-politicas-publicas-en-lo-que-respecta-el-trabajo-con-la-infancia-y-adolescencia\/#breadcrumb\"},\"inLanguage\":\"es\",\"potentialAction\":[{\"@type\":\"ReadAction\",\"target\":[\"https:\/\/elregionalvm.com.ar\/noticias-villa-maria\/villa-maria-fue-reconocida-por-su-compromiso-con-las-politicas-publicas-en-lo-que-respecta-el-trabajo-con-la-infancia-y-adolescencia\/\"]}]},{\"@type\":\"ImageObject\",\"inLanguage\":\"es\",\"@id\":\"https:\/\/elregionalvm.com.ar\/noticias-villa-maria\/villa-maria-fue-reconocida-por-su-compromiso-con-las-politicas-publicas-en-lo-que-respecta-el-trabajo-con-la-infancia-y-adolescencia\/#primaryimage\",\"url\":\"https:\/\/i0.wp.com\/elregionalvm.com.ar\/noticias-villa-maria\/wp-content\/uploads\/2025\/04\/193aa31e317446f599bc98669d466d03.png?fit=800%2C600&ssl=1\",\"contentUrl\":\"https:\/\/i0.wp.com\/elregionalvm.com.ar\/noticias-villa-maria\/wp-content\/uploads\/2025\/04\/193aa31e317446f599bc98669d466d03.png?fit=800%2C600&ssl=1\",\"width\":800,\"height\":600},{\"@type\":\"BreadcrumbList\",\"@id\":\"https:\/\/elregionalvm.com.ar\/noticias-villa-maria\/villa-maria-fue-reconocida-por-su-compromiso-con-las-politicas-publicas-en-lo-que-respecta-el-trabajo-con-la-infancia-y-adolescencia\/#breadcrumb\",\"itemListElement\":[{\"@type\":\"ListItem\",\"position\":1,\"name\":\"Portada\",\"item\":\"https:\/\/elregionalvm.com.ar\/noticias-villa-maria\/\"},{\"@type\":\"ListItem\",\"position\":2,\"name\":\"Villa Mar\u00eda fue reconocida por su compromiso con las pol\u00edticas p\u00fablicas en materia de infancia y adolescencia\"}]},{\"@type\":\"WebSite\",\"@id\":\"http:\/\/elregionalvm.com.ar\/noticias-villa-maria\/#website\",\"url\":\"http:\/\/elregionalvm.com.ar\/noticias-villa-maria\/\",\"name\":\"El Regional\",\"description\":\"Mucho m\u00e1s que informaci\u00f3n\",\"potentialAction\":[{\"@type\":\"SearchAction\",\"target\":{\"@type\":\"EntryPoint\",\"urlTemplate\":\"http:\/\/elregionalvm.com.ar\/noticias-villa-maria\/?s={search_term_string}\"},\"query-input\":{\"@type\":\"PropertyValueSpecification\",\"valueRequired\":true,\"valueName\":\"search_term_string\"}}],\"inLanguage\":\"es\"},{\"@type\":\"Person\",\"@id\":\"http:\/\/elregionalvm.com.ar\/noticias-villa-maria\/#\/schema\/person\/a0fb9c422317faca23d50163151bc354\",\"name\":\"Contenidos El Regional\",\"image\":{\"@type\":\"ImageObject\",\"inLanguage\":\"es\",\"@id\":\"http:\/\/elregionalvm.com.ar\/noticias-villa-maria\/#\/schema\/person\/image\/\",\"url\":\"https:\/\/secure.gravatar.com\/avatar\/265b27cb2209af7bb3a1318f03305787d7981a5cc6e6cd08fe5a4ecdf99d4b48?s=96&d=mm&r=g\",\"contentUrl\":\"https:\/\/secure.gravatar.com\/avatar\/265b27cb2209af7bb3a1318f03305787d7981a5cc6e6cd08fe5a4ecdf99d4b48?s=96&d=mm&r=g\",\"caption\":\"Contenidos El Regional\"},\"url\":\"https:\/\/elregionalvm.com.ar\/noticias-villa-maria\/author\/contenido\/\"}]}<\/script>\n<!-- \/ Yoast SEO plugin. -->","yoast_head_json":{"title":"Villa Mar\u00eda fue reconocida por su compromiso con las pol\u00edticas p\u00fablicas en materia de infancia y adolescencia - El Regional","robots":{"index":"index","follow":"follow","max-snippet":"max-snippet:-1","max-image-preview":"max-image-preview:large","max-video-preview":"max-video-preview:-1"},"canonical":"https:\/\/elregionalvm.com.ar\/noticias-villa-maria\/villa-maria-fue-reconocida-por-su-compromiso-con-las-politicas-publicas-en-lo-que-respecta-el-trabajo-con-la-infancia-y-adolescencia\/","og_locale":"es_ES","og_type":"article","og_title":"Villa Mar\u00eda fue reconocida por su compromiso con las pol\u00edticas p\u00fablicas en materia de infancia y adolescencia - El Regional","og_description":"La iniciativa, impulsada por UNICEF Argentina y la Defensor\u00eda de los Derechos de Ni\u00f1as, Ni\u00f1os y Adolescentes de la Provincia de C\u00f3rdoba, busca destacar la acci\u00f3n comprometida en la protecci\u00f3n de derechos por parte de los Gobiernos locales, mediante la implementaci\u00f3n de programas espec\u00edficos. En este sentido, el Municipio fue destacado por las pol\u00edticas p\u00fablicas [&hellip;]","og_url":"https:\/\/elregionalvm.com.ar\/noticias-villa-maria\/villa-maria-fue-reconocida-por-su-compromiso-con-las-politicas-publicas-en-lo-que-respecta-el-trabajo-con-la-infancia-y-adolescencia\/","og_site_name":"El Regional","article_publisher":"https:\/\/www.facebook.com\/elregionalvm","article_published_time":"2025-04-07T16:13:02+00:00","article_modified_time":"2025-04-08T04:22:20+00:00","og_image":[{"width":800,"height":600,"url":"https:\/\/elregionalvm.com.ar\/noticias-villa-maria\/wp-content\/uploads\/2025\/04\/193aa31e317446f599bc98669d466d03.png","type":"image\/png"}],"author":"Contenidos El Regional","twitter_card":"summary_large_image","twitter_creator":"@elregionalvm1","twitter_site":"@elregionalvm1","twitter_misc":{"Escrito por":"Contenidos El Regional","Tiempo de lectura":"3 minutos"},"schema":{"@context":"https:\/\/schema.org","@graph":[{"@type":"Article","@id":"https:\/\/elregionalvm.com.ar\/noticias-villa-maria\/villa-maria-fue-reconocida-por-su-compromiso-con-las-politicas-publicas-en-lo-que-respecta-el-trabajo-con-la-infancia-y-adolescencia\/#article","isPartOf":{"@id":"https:\/\/elregionalvm.com.ar\/noticias-villa-maria\/villa-maria-fue-reconocida-por-su-compromiso-con-las-politicas-publicas-en-lo-que-respecta-el-trabajo-con-la-infancia-y-adolescencia\/"},"author":{"name":"Contenidos El Regional","@id":"http:\/\/elregionalvm.com.ar\/noticias-villa-maria\/#\/schema\/person\/a0fb9c422317faca23d50163151bc354"},"headline":"Villa Mar\u00eda fue reconocida por su compromiso con las pol\u00edticas p\u00fablicas en materia de infancia y adolescencia","datePublished":"2025-04-07T16:13:02+00:00","dateModified":"2025-04-08T04:22:20+00:00","mainEntityOfPage":{"@id":"https:\/\/elregionalvm.com.ar\/noticias-villa-maria\/villa-maria-fue-reconocida-por-su-compromiso-con-las-politicas-publicas-en-lo-que-respecta-el-trabajo-con-la-infancia-y-adolescencia\/"},"wordCount":499,"commentCount":0,"image":{"@id":"https:\/\/elregionalvm.com.ar\/noticias-villa-maria\/villa-maria-fue-reconocida-por-su-compromiso-con-las-politicas-publicas-en-lo-que-respecta-el-trabajo-con-la-infancia-y-adolescencia\/#primaryimage"},"thumbnailUrl":"https:\/\/i0.wp.com\/elregionalvm.com.ar\/noticias-villa-maria\/wp-content\/uploads\/2025\/04\/193aa31e317446f599bc98669d466d03.png?fit=800%2C600&ssl=1","articleSection":["destacado","Sociedad","Villa Mar\u00eda"],"inLanguage":"es","potentialAction":[{"@type":"CommentAction","name":"Comment","target":["https:\/\/elregionalvm.com.ar\/noticias-villa-maria\/villa-maria-fue-reconocida-por-su-compromiso-con-las-politicas-publicas-en-lo-que-respecta-el-trabajo-con-la-infancia-y-adolescencia\/#respond"]}]},{"@type":"WebPage","@id":"https:\/\/elregionalvm.com.ar\/noticias-villa-maria\/villa-maria-fue-reconocida-por-su-compromiso-con-las-politicas-publicas-en-lo-que-respecta-el-trabajo-con-la-infancia-y-adolescencia\/","url":"https:\/\/elregionalvm.com.ar\/noticias-villa-maria\/villa-maria-fue-reconocida-por-su-compromiso-con-las-politicas-publicas-en-lo-que-respecta-el-trabajo-con-la-infancia-y-adolescencia\/","name":"Villa Mar\u00eda fue reconocida por su compromiso con las pol\u00edticas p\u00fablicas en materia de infancia y adolescencia - El Regional","isPartOf":{"@id":"http:\/\/elregionalvm.com.ar\/noticias-villa-maria\/#website"},"primaryImageOfPage":{"@id":"https:\/\/elregionalvm.com.ar\/noticias-villa-maria\/villa-maria-fue-reconocida-por-su-compromiso-con-las-politicas-publicas-en-lo-que-respecta-el-trabajo-con-la-infancia-y-adolescencia\/#primaryimage"},"image":{"@id":"https:\/\/elregionalvm.com.ar\/noticias-villa-maria\/villa-maria-fue-reconocida-por-su-compromiso-con-las-politicas-publicas-en-lo-que-respecta-el-trabajo-con-la-infancia-y-adolescencia\/#primaryimage"},"thumbnailUrl":"https:\/\/i0.wp.com\/elregionalvm.com.ar\/noticias-villa-maria\/wp-content\/uploads\/2025\/04\/193aa31e317446f599bc98669d466d03.png?fit=800%2C600&ssl=1","datePublished":"2025-04-07T16:13:02+00:00","dateModified":"2025-04-08T04:22:20+00:00","author":{"@id":"http:\/\/elregionalvm.com.ar\/noticias-villa-maria\/#\/schema\/person\/a0fb9c422317faca23d50163151bc354"},"breadcrumb":{"@id":"https:\/\/elregionalvm.com.ar\/noticias-villa-maria\/villa-maria-fue-reconocida-por-su-compromiso-con-las-politicas-publicas-en-lo-que-respecta-el-trabajo-con-la-infancia-y-adolescencia\/#breadcrumb"},"inLanguage":"es","potentialAction":[{"@type":"ReadAction","target":["https:\/\/elregionalvm.com.ar\/noticias-villa-maria\/villa-maria-fue-reconocida-por-su-compromiso-con-las-politicas-publicas-en-lo-que-respecta-el-trabajo-con-la-infancia-y-adolescencia\/"]}]},{"@type":"ImageObject","inLanguage":"es","@id":"https:\/\/elregionalvm.com.ar\/noticias-villa-maria\/villa-maria-fue-reconocida-por-su-compromiso-con-las-politicas-publicas-en-lo-que-respecta-el-trabajo-con-la-infancia-y-adolescencia\/#primaryimage","url":"https:\/\/i0.wp.com\/elregionalvm.com.ar\/noticias-villa-maria\/wp-content\/uploads\/2025\/04\/193aa31e317446f599bc98669d466d03.png?fit=800%2C600&ssl=1","contentUrl":"https:\/\/i0.wp.com\/elregionalvm.com.ar\/noticias-villa-maria\/wp-content\/uploads\/2025\/04\/193aa31e317446f599bc98669d466d03.png?fit=800%2C600&ssl=1","width":800,"height":600},{"@type":"BreadcrumbList","@id":"https:\/\/elregionalvm.com.ar\/noticias-villa-maria\/villa-maria-fue-reconocida-por-su-compromiso-con-las-politicas-publicas-en-lo-que-respecta-el-trabajo-con-la-infancia-y-adolescencia\/#breadcrumb","itemListElement":[{"@type":"ListItem","position":1,"name":"Portada","item":"https:\/\/elregionalvm.com.ar\/noticias-villa-maria\/"},{"@type":"ListItem","position":2,"name":"Villa Mar\u00eda fue reconocida por su compromiso con las pol\u00edticas p\u00fablicas en materia de infancia y adolescencia"}]},{"@type":"WebSite","@id":"http:\/\/elregionalvm.com.ar\/noticias-villa-maria\/#website","url":"http:\/\/elregionalvm.com.ar\/noticias-villa-maria\/","name":"El Regional","description":"Mucho m\u00e1s que informaci\u00f3n","potentialAction":[{"@type":"SearchAction","target":{"@type":"EntryPoint","urlTemplate":"http:\/\/elregionalvm.com.ar\/noticias-villa-maria\/?s={search_term_string}"},"query-input":{"@type":"PropertyValueSpecification","valueRequired":true,"valueName":"search_term_string"}}],"inLanguage":"es"},{"@type":"Person","@id":"http:\/\/elregionalvm.com.ar\/noticias-villa-maria\/#\/schema\/person\/a0fb9c422317faca23d50163151bc354","name":"Contenidos El Regional","image":{"@type":"ImageObject","inLanguage":"es","@id":"http:\/\/elregionalvm.com.ar\/noticias-villa-maria\/#\/schema\/person\/image\/","url":"https:\/\/secure.gravatar.com\/avatar\/265b27cb2209af7bb3a1318f03305787d7981a5cc6e6cd08fe5a4ecdf99d4b48?s=96&d=mm&r=g","contentUrl":"https:\/\/secure.gravatar.com\/avatar\/265b27cb2209af7bb3a1318f03305787d7981a5cc6e6cd08fe5a4ecdf99d4b48?s=96&d=mm&r=g","caption":"Contenidos El Regional"},"url":"https:\/\/elregionalvm.com.ar\/noticias-villa-maria\/author\/contenido\/"}]}},"jetpack_featured_media_url":"https:\/\/i0.wp.com\/elregionalvm.com.ar\/noticias-villa-maria\/wp-content\/uploads\/2025\/04\/193aa31e317446f599bc98669d466d03.png?fit=800%2C600&ssl=1","jetpack_sharing_enabled":true,"_links":{"self":[{"href":"https:\/\/elregionalvm.com.ar\/noticias-villa-maria\/wp-json\/wp\/v2\/posts\/104994","targetHints":{"allow":["GET"]}}],"collection":[{"href":"https:\/\/elregionalvm.com.ar\/noticias-villa-maria\/wp-json\/wp\/v2\/posts"}],"about":[{"href":"https:\/\/elregionalvm.com.ar\/noticias-villa-maria\/wp-json\/wp\/v2\/types\/post"}],"author":[{"embeddable":true,"href":"https:\/\/elregionalvm.com.ar\/noticias-villa-maria\/wp-json\/wp\/v2\/users\/4"}],"replies":[{"embeddable":true,"href":"https:\/\/elregionalvm.com.ar\/noticias-villa-maria\/wp-json\/wp\/v2\/comments?post=104994"}],"version-history":[{"count":2,"href":"https:\/\/elregionalvm.com.ar\/noticias-villa-maria\/wp-json\/wp\/v2\/posts\/104994\/revisions"}],"predecessor-version":[{"id":105031,"href":"https:\/\/elregionalvm.com.ar\/noticias-villa-maria\/wp-json\/wp\/v2\/posts\/104994\/revisions\/105031"}],"wp:featuredmedia":[{"embeddable":true,"href":"https:\/\/elregionalvm.com.ar\/noticias-villa-maria\/wp-json\/wp\/v2\/media\/104995"}],"wp:attachment":[{"href":"https:\/\/elregionalvm.com.ar\/noticias-villa-maria\/wp-json\/wp\/v2\/media?parent=104994"}],"wp:term":[{"taxonomy":"category","embeddable":true,"href":"https:\/\/elregionalvm.com.ar\/noticias-villa-maria\/wp-json\/wp\/v2\/categories?post=104994"},{"taxonomy":"post_tag","embeddable":true,"href":"https:\/\/elregionalvm.com.ar\/noticias-villa-maria\/wp-json\/wp\/v2\/tags?post=104994"}],"curies":[{"name":"wp","href":"https:\/\/api.w.org\/{rel}","templated":true}]}}