{"id":105000,"date":"2025-04-07T16:28:58","date_gmt":"2025-04-07T16:28:58","guid":{"rendered":"https:\/\/elregionalvm.com.ar\/noticias-villa-maria\/?p=105000"},"modified":"2025-04-07T16:29:30","modified_gmt":"2025-04-07T16:29:30","slug":"se-instalaron-mas-de-70-luminarias-led-en-el-barrio-general-paz","status":"publish","type":"post","link":"https:\/\/elregionalvm.com.ar\/noticias-villa-maria\/se-instalaron-mas-de-70-luminarias-led-en-el-barrio-general-paz\/","title":{"rendered":"Se instalaron m\u00e1s de 70 luminarias LED en el barrio General Paz"},"content":{"rendered":"\n<p>Se realiz\u00f3 el recambio de luminarias existentes por luces LED de 150 watts en barrio General Paz. Fueron un total de 77 unidades que aumentan la eficiencia lum\u00ednica, mejorando la iluminaci\u00f3n y seguridad del sector.<\/p>\n\n\n\n<p>De esta forma, se procedi\u00f3 a trabajar con equipos de hidroelevadores y camionetas para realizar las labores mencionadas.<\/p>\n\n\n\n<p>Al respecto, el secretario de Servicios Urbanos, \u00c1ngel Quaglia, expres\u00f3:&nbsp;<em>\u201c Desplegamos camiones hidroelevadores y nuestro equipo completo de la direcci\u00f3n de electricidad para realizar la transici\u00f3n de iluminaci\u00f3n de sodio a tecnolog\u00eda LED. Con este proyecto, el barrio General Paz alcanza el 100% de cobertura con iluminaci\u00f3n LED. Seguimos implementando el plan anunciado por el intendente Eduardo Accastello, que contempla el recambio de 2.500 luminarias en todos los barrios de Villa Mar\u00eda durante este a\u00f1o\u201d.<\/em><\/p>\n\n\n\n<p>Estas nuevas luminarias se suman a las 1.237 ya colocadas en diferentes puntos de la ciudad, continuando con el plan de modernizaci\u00f3n del alumbrado p\u00fablico que lleva adelante el municipio.<\/p>\n\n\n\n<p>Los vecinos de barrio General Paz recibieron con entusiasmo los trabajos de modernizaci\u00f3n lum\u00ednica que realiza el municipio. Nora, una residente de la zona, manifest\u00f3:&nbsp;<em>\u201cEstamos realmente muy contentos, porque est\u00e1n poniendo la luminaria led que hac\u00eda falta en el barrio. Esto nos va a ayudar para la seguridad y hay mucha gente adulta en el barrio que necesita salir y la iluminaci\u00f3n le facilitar\u00e1 salir de noche\u201d.<\/em><\/p>\n\n\n\n<p>La implementaci\u00f3n de tecnolog\u00eda LED en el alumbrado p\u00fablico representa m\u00faltiples beneficios para los vecinos, entre ellos una mayor eficiencia energ\u00e9tica, mejor calidad de iluminaci\u00f3n, mayor durabilidad de las luminarias y una significativa reducci\u00f3n en los costos de mantenimiento.<\/p>\n\n\n\n<p>Este tipo de intervenciones contribuye a mejorar la seguridad vial y peatonal, al tiempo que genera un impacto positivo en t\u00e9rminos de sustentabilidad ambiental por el menor consumo energ\u00e9tico.<\/p>\n\n\n\n<p>Ubicada en la esquina de Reconquista y San Luis, Silvina Colombano, referente del centro vecinal, coment\u00f3:&nbsp;<em>\u201cNos pone muy contentos que estas luces LED sean m\u00e1s econ\u00f3micas, duraderas y brinden mejor claridad. Es una forma de devolver al vecino lo que paga en sus impuestos. Damos las gracias a la gesti\u00f3n por escucharnos\u201d.<\/em><\/p>\n\n\n\n<p>Los trabajos forman parte del plan integral de mejoramiento urbano que desarrolla la Municipalidad de Villa Mar\u00eda en los diferentes barrios de la ciudad.<\/p>\n","protected":false},"excerpt":{"rendered":"<p>Se realiz\u00f3 el recambio de luminarias existentes por luces LED de 150 watts en barrio General Paz. Fueron un total de 77 unidades que aumentan la eficiencia lum\u00ednica, mejorando la iluminaci\u00f3n y seguridad del sector. De esta forma, se procedi\u00f3 a trabajar con equipos de hidroelevadores y camionetas para realizar las labores mencionadas. Al respecto, [&hellip;]<\/p>\n","protected":false},"author":4,"featured_media":105001,"comment_status":"open","ping_status":"open","sticky":false,"template":"","format":"standard","meta":{"site-sidebar-layout":"default","site-content-layout":"","ast-site-content-layout":"default","site-content-style":"default","site-sidebar-style":"default","ast-global-header-display":"","ast-banner-title-visibility":"","ast-main-header-display":"","ast-hfb-above-header-display":"","ast-hfb-below-header-display":"","ast-hfb-mobile-header-display":"","site-post-title":"","ast-breadcrumbs-content":"","ast-featured-img":"","footer-sml-layout":"","ast-disable-related-posts":"","theme-transparent-header-meta":"","adv-header-id-meta":"","stick-header-meta":"","header-above-stick-meta":"","header-main-stick-meta":"","header-below-stick-meta":"","astra-migrate-meta-layouts":"set","ast-page-background-enabled":"default","ast-page-background-meta":{"desktop":{"background-color":"","background-image":"","background-repeat":"repeat","background-position":"center center","background-size":"auto","background-attachment":"scroll","background-type":"","background-media":"","overlay-type":"","overlay-color":"","overlay-opacity":"","overlay-gradient":""},"tablet":{"background-color":"","background-image":"","background-repeat":"repeat","background-position":"center center","background-size":"auto","background-attachment":"scroll","background-type":"","background-media":"","overlay-type":"","overlay-color":"","overlay-opacity":"","overlay-gradient":""},"mobile":{"background-color":"","background-image":"","background-repeat":"repeat","background-position":"center center","background-size":"auto","background-attachment":"scroll","background-type":"","background-media":"","overlay-type":"","overlay-color":"","overlay-opacity":"","overlay-gradient":""}},"ast-content-background-meta":{"desktop":{"background-color":"var(--ast-global-color-5)","background-image":"","background-repeat":"repeat","background-position":"center center","background-size":"auto","background-attachment":"scroll","background-type":"","background-media":"","overlay-type":"","overlay-color":"","overlay-opacity":"","overlay-gradient":""},"tablet":{"background-color":"var(--ast-global-color-5)","background-image":"","background-repeat":"repeat","background-position":"center center","background-size":"auto","background-attachment":"scroll","background-type":"","background-media":"","overlay-type":"","overlay-color":"","overlay-opacity":"","overlay-gradient":""},"mobile":{"background-color":"var(--ast-global-color-5)","background-image":"","background-repeat":"repeat","background-position":"center center","background-size":"auto","background-attachment":"scroll","background-type":"","background-media":"","overlay-type":"","overlay-color":"","overlay-opacity":"","overlay-gradient":""}},"_jetpack_memberships_contains_paid_content":false,"_joinchat":[],"footnotes":""},"categories":[5,2],"tags":[],"class_list":["post-105000","post","type-post","status-publish","format-standard","has-post-thumbnail","hentry","category-sociedad","category-villa-maria"],"yoast_head":"<!-- This site is optimized with the Yoast SEO plugin v26.8 - https:\/\/yoast.com\/product\/yoast-seo-wordpress\/ -->\n<title>Se instalaron m\u00e1s de 70 luminarias LED en el barrio General Paz - El Regional<\/title>\n<meta name=\"robots\" content=\"index, follow, max-snippet:-1, max-image-preview:large, max-video-preview:-1\" \/>\n<link rel=\"canonical\" href=\"https:\/\/elregionalvm.com.ar\/noticias-villa-maria\/se-instalaron-mas-de-70-luminarias-led-en-el-barrio-general-paz\/\" \/>\n<meta property=\"og:locale\" content=\"es_ES\" \/>\n<meta property=\"og:type\" content=\"article\" \/>\n<meta property=\"og:title\" content=\"Se instalaron m\u00e1s de 70 luminarias LED en el barrio General Paz - El Regional\" \/>\n<meta property=\"og:description\" content=\"Se realiz\u00f3 el recambio de luminarias existentes por luces LED de 150 watts en barrio General Paz. Fueron un total de 77 unidades que aumentan la eficiencia lum\u00ednica, mejorando la iluminaci\u00f3n y seguridad del sector. De esta forma, se procedi\u00f3 a trabajar con equipos de hidroelevadores y camionetas para realizar las labores mencionadas. Al respecto, [&hellip;]\" \/>\n<meta property=\"og:url\" content=\"https:\/\/elregionalvm.com.ar\/noticias-villa-maria\/se-instalaron-mas-de-70-luminarias-led-en-el-barrio-general-paz\/\" \/>\n<meta property=\"og:site_name\" content=\"El Regional\" \/>\n<meta property=\"article:publisher\" content=\"https:\/\/www.facebook.com\/elregionalvm\" \/>\n<meta property=\"article:published_time\" content=\"2025-04-07T16:28:58+00:00\" \/>\n<meta property=\"article:modified_time\" content=\"2025-04-07T16:29:30+00:00\" \/>\n<meta property=\"og:image\" content=\"https:\/\/elregionalvm.com.ar\/noticias-villa-maria\/wp-content\/uploads\/2025\/04\/bdcfb8a8093e476588eb6a9ea76a0265.jpeg\" \/>\n\t<meta property=\"og:image:width\" content=\"800\" \/>\n\t<meta property=\"og:image:height\" content=\"600\" \/>\n\t<meta property=\"og:image:type\" content=\"image\/jpeg\" \/>\n<meta name=\"author\" content=\"Contenidos El Regional\" \/>\n<meta name=\"twitter:card\" content=\"summary_large_image\" \/>\n<meta name=\"twitter:creator\" content=\"@elregionalvm1\" \/>\n<meta name=\"twitter:site\" content=\"@elregionalvm1\" \/>\n<meta name=\"twitter:label1\" content=\"Escrito por\" \/>\n\t<meta name=\"twitter:data1\" content=\"Contenidos El Regional\" \/>\n\t<meta name=\"twitter:label2\" content=\"Tiempo de lectura\" \/>\n\t<meta name=\"twitter:data2\" content=\"2 minutos\" \/>\n<script type=\"application\/ld+json\" class=\"yoast-schema-graph\">{\"@context\":\"https:\/\/schema.org\",\"@graph\":[{\"@type\":\"Article\",\"@id\":\"https:\/\/elregionalvm.com.ar\/noticias-villa-maria\/se-instalaron-mas-de-70-luminarias-led-en-el-barrio-general-paz\/#article\",\"isPartOf\":{\"@id\":\"https:\/\/elregionalvm.com.ar\/noticias-villa-maria\/se-instalaron-mas-de-70-luminarias-led-en-el-barrio-general-paz\/\"},\"author\":{\"name\":\"Contenidos El Regional\",\"@id\":\"http:\/\/elregionalvm.com.ar\/noticias-villa-maria\/#\/schema\/person\/a0fb9c422317faca23d50163151bc354\"},\"headline\":\"Se instalaron m\u00e1s de 70 luminarias LED en el barrio General Paz\",\"datePublished\":\"2025-04-07T16:28:58+00:00\",\"dateModified\":\"2025-04-07T16:29:30+00:00\",\"mainEntityOfPage\":{\"@id\":\"https:\/\/elregionalvm.com.ar\/noticias-villa-maria\/se-instalaron-mas-de-70-luminarias-led-en-el-barrio-general-paz\/\"},\"wordCount\":410,\"commentCount\":0,\"image\":{\"@id\":\"https:\/\/elregionalvm.com.ar\/noticias-villa-maria\/se-instalaron-mas-de-70-luminarias-led-en-el-barrio-general-paz\/#primaryimage\"},\"thumbnailUrl\":\"https:\/\/i0.wp.com\/elregionalvm.com.ar\/noticias-villa-maria\/wp-content\/uploads\/2025\/04\/bdcfb8a8093e476588eb6a9ea76a0265.jpeg?fit=800%2C600&ssl=1\",\"articleSection\":[\"Sociedad\",\"Villa Mar\u00eda\"],\"inLanguage\":\"es\",\"potentialAction\":[{\"@type\":\"CommentAction\",\"name\":\"Comment\",\"target\":[\"https:\/\/elregionalvm.com.ar\/noticias-villa-maria\/se-instalaron-mas-de-70-luminarias-led-en-el-barrio-general-paz\/#respond\"]}]},{\"@type\":\"WebPage\",\"@id\":\"https:\/\/elregionalvm.com.ar\/noticias-villa-maria\/se-instalaron-mas-de-70-luminarias-led-en-el-barrio-general-paz\/\",\"url\":\"https:\/\/elregionalvm.com.ar\/noticias-villa-maria\/se-instalaron-mas-de-70-luminarias-led-en-el-barrio-general-paz\/\",\"name\":\"Se instalaron m\u00e1s de 70 luminarias LED en el barrio General Paz - El Regional\",\"isPartOf\":{\"@id\":\"http:\/\/elregionalvm.com.ar\/noticias-villa-maria\/#website\"},\"primaryImageOfPage\":{\"@id\":\"https:\/\/elregionalvm.com.ar\/noticias-villa-maria\/se-instalaron-mas-de-70-luminarias-led-en-el-barrio-general-paz\/#primaryimage\"},\"image\":{\"@id\":\"https:\/\/elregionalvm.com.ar\/noticias-villa-maria\/se-instalaron-mas-de-70-luminarias-led-en-el-barrio-general-paz\/#primaryimage\"},\"thumbnailUrl\":\"https:\/\/i0.wp.com\/elregionalvm.com.ar\/noticias-villa-maria\/wp-content\/uploads\/2025\/04\/bdcfb8a8093e476588eb6a9ea76a0265.jpeg?fit=800%2C600&ssl=1\",\"datePublished\":\"2025-04-07T16:28:58+00:00\",\"dateModified\":\"2025-04-07T16:29:30+00:00\",\"author\":{\"@id\":\"http:\/\/elregionalvm.com.ar\/noticias-villa-maria\/#\/schema\/person\/a0fb9c422317faca23d50163151bc354\"},\"breadcrumb\":{\"@id\":\"https:\/\/elregionalvm.com.ar\/noticias-villa-maria\/se-instalaron-mas-de-70-luminarias-led-en-el-barrio-general-paz\/#breadcrumb\"},\"inLanguage\":\"es\",\"potentialAction\":[{\"@type\":\"ReadAction\",\"target\":[\"https:\/\/elregionalvm.com.ar\/noticias-villa-maria\/se-instalaron-mas-de-70-luminarias-led-en-el-barrio-general-paz\/\"]}]},{\"@type\":\"ImageObject\",\"inLanguage\":\"es\",\"@id\":\"https:\/\/elregionalvm.com.ar\/noticias-villa-maria\/se-instalaron-mas-de-70-luminarias-led-en-el-barrio-general-paz\/#primaryimage\",\"url\":\"https:\/\/i0.wp.com\/elregionalvm.com.ar\/noticias-villa-maria\/wp-content\/uploads\/2025\/04\/bdcfb8a8093e476588eb6a9ea76a0265.jpeg?fit=800%2C600&ssl=1\",\"contentUrl\":\"https:\/\/i0.wp.com\/elregionalvm.com.ar\/noticias-villa-maria\/wp-content\/uploads\/2025\/04\/bdcfb8a8093e476588eb6a9ea76a0265.jpeg?fit=800%2C600&ssl=1\",\"width\":800,\"height\":600},{\"@type\":\"BreadcrumbList\",\"@id\":\"https:\/\/elregionalvm.com.ar\/noticias-villa-maria\/se-instalaron-mas-de-70-luminarias-led-en-el-barrio-general-paz\/#breadcrumb\",\"itemListElement\":[{\"@type\":\"ListItem\",\"position\":1,\"name\":\"Portada\",\"item\":\"https:\/\/elregionalvm.com.ar\/noticias-villa-maria\/\"},{\"@type\":\"ListItem\",\"position\":2,\"name\":\"Se instalaron m\u00e1s de 70 luminarias LED en el barrio General Paz\"}]},{\"@type\":\"WebSite\",\"@id\":\"http:\/\/elregionalvm.com.ar\/noticias-villa-maria\/#website\",\"url\":\"http:\/\/elregionalvm.com.ar\/noticias-villa-maria\/\",\"name\":\"El Regional\",\"description\":\"Mucho m\u00e1s que informaci\u00f3n\",\"potentialAction\":[{\"@type\":\"SearchAction\",\"target\":{\"@type\":\"EntryPoint\",\"urlTemplate\":\"http:\/\/elregionalvm.com.ar\/noticias-villa-maria\/?s={search_term_string}\"},\"query-input\":{\"@type\":\"PropertyValueSpecification\",\"valueRequired\":true,\"valueName\":\"search_term_string\"}}],\"inLanguage\":\"es\"},{\"@type\":\"Person\",\"@id\":\"http:\/\/elregionalvm.com.ar\/noticias-villa-maria\/#\/schema\/person\/a0fb9c422317faca23d50163151bc354\",\"name\":\"Contenidos El Regional\",\"image\":{\"@type\":\"ImageObject\",\"inLanguage\":\"es\",\"@id\":\"http:\/\/elregionalvm.com.ar\/noticias-villa-maria\/#\/schema\/person\/image\/\",\"url\":\"https:\/\/secure.gravatar.com\/avatar\/265b27cb2209af7bb3a1318f03305787d7981a5cc6e6cd08fe5a4ecdf99d4b48?s=96&d=mm&r=g\",\"contentUrl\":\"https:\/\/secure.gravatar.com\/avatar\/265b27cb2209af7bb3a1318f03305787d7981a5cc6e6cd08fe5a4ecdf99d4b48?s=96&d=mm&r=g\",\"caption\":\"Contenidos El Regional\"},\"url\":\"https:\/\/elregionalvm.com.ar\/noticias-villa-maria\/author\/contenido\/\"}]}<\/script>\n<!-- \/ Yoast SEO plugin. -->","yoast_head_json":{"title":"Se instalaron m\u00e1s de 70 luminarias LED en el barrio General Paz - El Regional","robots":{"index":"index","follow":"follow","max-snippet":"max-snippet:-1","max-image-preview":"max-image-preview:large","max-video-preview":"max-video-preview:-1"},"canonical":"https:\/\/elregionalvm.com.ar\/noticias-villa-maria\/se-instalaron-mas-de-70-luminarias-led-en-el-barrio-general-paz\/","og_locale":"es_ES","og_type":"article","og_title":"Se instalaron m\u00e1s de 70 luminarias LED en el barrio General Paz - El Regional","og_description":"Se realiz\u00f3 el recambio de luminarias existentes por luces LED de 150 watts en barrio General Paz. Fueron un total de 77 unidades que aumentan la eficiencia lum\u00ednica, mejorando la iluminaci\u00f3n y seguridad del sector. De esta forma, se procedi\u00f3 a trabajar con equipos de hidroelevadores y camionetas para realizar las labores mencionadas. Al respecto, [&hellip;]","og_url":"https:\/\/elregionalvm.com.ar\/noticias-villa-maria\/se-instalaron-mas-de-70-luminarias-led-en-el-barrio-general-paz\/","og_site_name":"El Regional","article_publisher":"https:\/\/www.facebook.com\/elregionalvm","article_published_time":"2025-04-07T16:28:58+00:00","article_modified_time":"2025-04-07T16:29:30+00:00","og_image":[{"width":800,"height":600,"url":"https:\/\/elregionalvm.com.ar\/noticias-villa-maria\/wp-content\/uploads\/2025\/04\/bdcfb8a8093e476588eb6a9ea76a0265.jpeg","type":"image\/jpeg"}],"author":"Contenidos El Regional","twitter_card":"summary_large_image","twitter_creator":"@elregionalvm1","twitter_site":"@elregionalvm1","twitter_misc":{"Escrito por":"Contenidos El Regional","Tiempo de lectura":"2 minutos"},"schema":{"@context":"https:\/\/schema.org","@graph":[{"@type":"Article","@id":"https:\/\/elregionalvm.com.ar\/noticias-villa-maria\/se-instalaron-mas-de-70-luminarias-led-en-el-barrio-general-paz\/#article","isPartOf":{"@id":"https:\/\/elregionalvm.com.ar\/noticias-villa-maria\/se-instalaron-mas-de-70-luminarias-led-en-el-barrio-general-paz\/"},"author":{"name":"Contenidos El Regional","@id":"http:\/\/elregionalvm.com.ar\/noticias-villa-maria\/#\/schema\/person\/a0fb9c422317faca23d50163151bc354"},"headline":"Se instalaron m\u00e1s de 70 luminarias LED en el barrio General Paz","datePublished":"2025-04-07T16:28:58+00:00","dateModified":"2025-04-07T16:29:30+00:00","mainEntityOfPage":{"@id":"https:\/\/elregionalvm.com.ar\/noticias-villa-maria\/se-instalaron-mas-de-70-luminarias-led-en-el-barrio-general-paz\/"},"wordCount":410,"commentCount":0,"image":{"@id":"https:\/\/elregionalvm.com.ar\/noticias-villa-maria\/se-instalaron-mas-de-70-luminarias-led-en-el-barrio-general-paz\/#primaryimage"},"thumbnailUrl":"https:\/\/i0.wp.com\/elregionalvm.com.ar\/noticias-villa-maria\/wp-content\/uploads\/2025\/04\/bdcfb8a8093e476588eb6a9ea76a0265.jpeg?fit=800%2C600&ssl=1","articleSection":["Sociedad","Villa Mar\u00eda"],"inLanguage":"es","potentialAction":[{"@type":"CommentAction","name":"Comment","target":["https:\/\/elregionalvm.com.ar\/noticias-villa-maria\/se-instalaron-mas-de-70-luminarias-led-en-el-barrio-general-paz\/#respond"]}]},{"@type":"WebPage","@id":"https:\/\/elregionalvm.com.ar\/noticias-villa-maria\/se-instalaron-mas-de-70-luminarias-led-en-el-barrio-general-paz\/","url":"https:\/\/elregionalvm.com.ar\/noticias-villa-maria\/se-instalaron-mas-de-70-luminarias-led-en-el-barrio-general-paz\/","name":"Se instalaron m\u00e1s de 70 luminarias LED en el barrio General Paz - El Regional","isPartOf":{"@id":"http:\/\/elregionalvm.com.ar\/noticias-villa-maria\/#website"},"primaryImageOfPage":{"@id":"https:\/\/elregionalvm.com.ar\/noticias-villa-maria\/se-instalaron-mas-de-70-luminarias-led-en-el-barrio-general-paz\/#primaryimage"},"image":{"@id":"https:\/\/elregionalvm.com.ar\/noticias-villa-maria\/se-instalaron-mas-de-70-luminarias-led-en-el-barrio-general-paz\/#primaryimage"},"thumbnailUrl":"https:\/\/i0.wp.com\/elregionalvm.com.ar\/noticias-villa-maria\/wp-content\/uploads\/2025\/04\/bdcfb8a8093e476588eb6a9ea76a0265.jpeg?fit=800%2C600&ssl=1","datePublished":"2025-04-07T16:28:58+00:00","dateModified":"2025-04-07T16:29:30+00:00","author":{"@id":"http:\/\/elregionalvm.com.ar\/noticias-villa-maria\/#\/schema\/person\/a0fb9c422317faca23d50163151bc354"},"breadcrumb":{"@id":"https:\/\/elregionalvm.com.ar\/noticias-villa-maria\/se-instalaron-mas-de-70-luminarias-led-en-el-barrio-general-paz\/#breadcrumb"},"inLanguage":"es","potentialAction":[{"@type":"ReadAction","target":["https:\/\/elregionalvm.com.ar\/noticias-villa-maria\/se-instalaron-mas-de-70-luminarias-led-en-el-barrio-general-paz\/"]}]},{"@type":"ImageObject","inLanguage":"es","@id":"https:\/\/elregionalvm.com.ar\/noticias-villa-maria\/se-instalaron-mas-de-70-luminarias-led-en-el-barrio-general-paz\/#primaryimage","url":"https:\/\/i0.wp.com\/elregionalvm.com.ar\/noticias-villa-maria\/wp-content\/uploads\/2025\/04\/bdcfb8a8093e476588eb6a9ea76a0265.jpeg?fit=800%2C600&ssl=1","contentUrl":"https:\/\/i0.wp.com\/elregionalvm.com.ar\/noticias-villa-maria\/wp-content\/uploads\/2025\/04\/bdcfb8a8093e476588eb6a9ea76a0265.jpeg?fit=800%2C600&ssl=1","width":800,"height":600},{"@type":"BreadcrumbList","@id":"https:\/\/elregionalvm.com.ar\/noticias-villa-maria\/se-instalaron-mas-de-70-luminarias-led-en-el-barrio-general-paz\/#breadcrumb","itemListElement":[{"@type":"ListItem","position":1,"name":"Portada","item":"https:\/\/elregionalvm.com.ar\/noticias-villa-maria\/"},{"@type":"ListItem","position":2,"name":"Se instalaron m\u00e1s de 70 luminarias LED en el barrio General Paz"}]},{"@type":"WebSite","@id":"http:\/\/elregionalvm.com.ar\/noticias-villa-maria\/#website","url":"http:\/\/elregionalvm.com.ar\/noticias-villa-maria\/","name":"El Regional","description":"Mucho m\u00e1s que informaci\u00f3n","potentialAction":[{"@type":"SearchAction","target":{"@type":"EntryPoint","urlTemplate":"http:\/\/elregionalvm.com.ar\/noticias-villa-maria\/?s={search_term_string}"},"query-input":{"@type":"PropertyValueSpecification","valueRequired":true,"valueName":"search_term_string"}}],"inLanguage":"es"},{"@type":"Person","@id":"http:\/\/elregionalvm.com.ar\/noticias-villa-maria\/#\/schema\/person\/a0fb9c422317faca23d50163151bc354","name":"Contenidos El Regional","image":{"@type":"ImageObject","inLanguage":"es","@id":"http:\/\/elregionalvm.com.ar\/noticias-villa-maria\/#\/schema\/person\/image\/","url":"https:\/\/secure.gravatar.com\/avatar\/265b27cb2209af7bb3a1318f03305787d7981a5cc6e6cd08fe5a4ecdf99d4b48?s=96&d=mm&r=g","contentUrl":"https:\/\/secure.gravatar.com\/avatar\/265b27cb2209af7bb3a1318f03305787d7981a5cc6e6cd08fe5a4ecdf99d4b48?s=96&d=mm&r=g","caption":"Contenidos El Regional"},"url":"https:\/\/elregionalvm.com.ar\/noticias-villa-maria\/author\/contenido\/"}]}},"jetpack_featured_media_url":"https:\/\/i0.wp.com\/elregionalvm.com.ar\/noticias-villa-maria\/wp-content\/uploads\/2025\/04\/bdcfb8a8093e476588eb6a9ea76a0265.jpeg?fit=800%2C600&ssl=1","jetpack_sharing_enabled":true,"_links":{"self":[{"href":"https:\/\/elregionalvm.com.ar\/noticias-villa-maria\/wp-json\/wp\/v2\/posts\/105000","targetHints":{"allow":["GET"]}}],"collection":[{"href":"https:\/\/elregionalvm.com.ar\/noticias-villa-maria\/wp-json\/wp\/v2\/posts"}],"about":[{"href":"https:\/\/elregionalvm.com.ar\/noticias-villa-maria\/wp-json\/wp\/v2\/types\/post"}],"author":[{"embeddable":true,"href":"https:\/\/elregionalvm.com.ar\/noticias-villa-maria\/wp-json\/wp\/v2\/users\/4"}],"replies":[{"embeddable":true,"href":"https:\/\/elregionalvm.com.ar\/noticias-villa-maria\/wp-json\/wp\/v2\/comments?post=105000"}],"version-history":[{"count":1,"href":"https:\/\/elregionalvm.com.ar\/noticias-villa-maria\/wp-json\/wp\/v2\/posts\/105000\/revisions"}],"predecessor-version":[{"id":105002,"href":"https:\/\/elregionalvm.com.ar\/noticias-villa-maria\/wp-json\/wp\/v2\/posts\/105000\/revisions\/105002"}],"wp:featuredmedia":[{"embeddable":true,"href":"https:\/\/elregionalvm.com.ar\/noticias-villa-maria\/wp-json\/wp\/v2\/media\/105001"}],"wp:attachment":[{"href":"https:\/\/elregionalvm.com.ar\/noticias-villa-maria\/wp-json\/wp\/v2\/media?parent=105000"}],"wp:term":[{"taxonomy":"category","embeddable":true,"href":"https:\/\/elregionalvm.com.ar\/noticias-villa-maria\/wp-json\/wp\/v2\/categories?post=105000"},{"taxonomy":"post_tag","embeddable":true,"href":"https:\/\/elregionalvm.com.ar\/noticias-villa-maria\/wp-json\/wp\/v2\/tags?post=105000"}],"curies":[{"name":"wp","href":"https:\/\/api.w.org\/{rel}","templated":true}]}}