{"id":105003,"date":"2025-04-07T22:59:19","date_gmt":"2025-04-07T22:59:19","guid":{"rendered":"https:\/\/elregionalvm.com.ar\/noticias-villa-maria\/?p=105003"},"modified":"2025-04-07T22:59:46","modified_gmt":"2025-04-07T22:59:46","slug":"la-terminal-de-villa-maria-comenzo-la-segunda-etapa-de-transformacion","status":"publish","type":"post","link":"https:\/\/elregionalvm.com.ar\/noticias-villa-maria\/la-terminal-de-villa-maria-comenzo-la-segunda-etapa-de-transformacion\/","title":{"rendered":"La Terminal de Villa Mar\u00eda comenz\u00f3 la segunda etapa de transformaci\u00f3n"},"content":{"rendered":"\n<p>En la jornada de este lunes comenzaron los trabajos de remodelaci\u00f3n y pintura en la Terminal de \u00d3mnibus de la ciudad de Villa Mar\u00eda.<\/p>\n\n\n\n<figure class=\"wp-block-image size-large\"><img data-recalc-dims=\"1\" fetchpriority=\"high\" decoding=\"async\" width=\"583\" height=\"1024\" src=\"https:\/\/i0.wp.com\/elregionalvm.com.ar\/noticias-villa-maria\/wp-content\/uploads\/2025\/04\/WhatsApp-Image-2025-04-07-at-7.56.48-PM.jpeg?resize=583%2C1024&#038;ssl=1\" alt=\"\" class=\"wp-image-105006\" srcset=\"https:\/\/i0.wp.com\/elregionalvm.com.ar\/noticias-villa-maria\/wp-content\/uploads\/2025\/04\/WhatsApp-Image-2025-04-07-at-7.56.48-PM.jpeg?resize=583%2C1024&amp;ssl=1 583w, https:\/\/i0.wp.com\/elregionalvm.com.ar\/noticias-villa-maria\/wp-content\/uploads\/2025\/04\/WhatsApp-Image-2025-04-07-at-7.56.48-PM.jpeg?resize=171%2C300&amp;ssl=1 171w, https:\/\/i0.wp.com\/elregionalvm.com.ar\/noticias-villa-maria\/wp-content\/uploads\/2025\/04\/WhatsApp-Image-2025-04-07-at-7.56.48-PM.jpeg?resize=768%2C1349&amp;ssl=1 768w, https:\/\/i0.wp.com\/elregionalvm.com.ar\/noticias-villa-maria\/wp-content\/uploads\/2025\/04\/WhatsApp-Image-2025-04-07-at-7.56.48-PM.jpeg?resize=875%2C1536&amp;ssl=1 875w, https:\/\/i0.wp.com\/elregionalvm.com.ar\/noticias-villa-maria\/wp-content\/uploads\/2025\/04\/WhatsApp-Image-2025-04-07-at-7.56.48-PM.jpeg?w=911&amp;ssl=1 911w\" sizes=\"(max-width: 583px) 100vw, 583px\" \/><\/figure>\n\n\n\n<p>Con la renovaci\u00f3n de los contratos de algunos locales que arribar\u00e1n a la Terminal, comenz\u00f3 a desarrollarse la segunda etapa de transformaci\u00f3n, para ofrecer a los usuarios una Terminal m\u00e1s c\u00f3moda y moderna.<\/p>\n\n\n\n<p>Con la idea de transformarla en un centro tur\u00edstico de primer nivel, la entidad, la cual su presidente es Marcos Ramos, quieren plasmar los grandes objetivos que tienen para este 2025.<\/p>\n\n\n\n<figure class=\"wp-block-image size-large\"><img data-recalc-dims=\"1\" decoding=\"async\" width=\"598\" height=\"1024\" src=\"https:\/\/i0.wp.com\/elregionalvm.com.ar\/noticias-villa-maria\/wp-content\/uploads\/2025\/04\/WhatsApp-Image-2025-04-07-at-7.56.48-PM-2.jpeg?resize=598%2C1024&#038;ssl=1\" alt=\"\" class=\"wp-image-105004\" srcset=\"https:\/\/i0.wp.com\/elregionalvm.com.ar\/noticias-villa-maria\/wp-content\/uploads\/2025\/04\/WhatsApp-Image-2025-04-07-at-7.56.48-PM-2.jpeg?resize=598%2C1024&amp;ssl=1 598w, https:\/\/i0.wp.com\/elregionalvm.com.ar\/noticias-villa-maria\/wp-content\/uploads\/2025\/04\/WhatsApp-Image-2025-04-07-at-7.56.48-PM-2.jpeg?resize=175%2C300&amp;ssl=1 175w, https:\/\/i0.wp.com\/elregionalvm.com.ar\/noticias-villa-maria\/wp-content\/uploads\/2025\/04\/WhatsApp-Image-2025-04-07-at-7.56.48-PM-2.jpeg?resize=768%2C1316&amp;ssl=1 768w, https:\/\/i0.wp.com\/elregionalvm.com.ar\/noticias-villa-maria\/wp-content\/uploads\/2025\/04\/WhatsApp-Image-2025-04-07-at-7.56.48-PM-2.jpeg?resize=897%2C1536&amp;ssl=1 897w, https:\/\/i0.wp.com\/elregionalvm.com.ar\/noticias-villa-maria\/wp-content\/uploads\/2025\/04\/WhatsApp-Image-2025-04-07-at-7.56.48-PM-2.jpeg?w=934&amp;ssl=1 934w\" sizes=\"(max-width: 598px) 100vw, 598px\" \/><\/figure>\n\n\n\n<p>Cabe destacar que habr\u00e1 una oficina del ERSEP (Ente Regulador de Servicios P\u00fablicos) que se est\u00e1 poniendo a punto, para dentro de poco tiempo, ponerla en funcionamiento al p\u00fablico, para diversos tr\u00e1mites. <\/p>\n\n\n\n<figure class=\"wp-block-image size-large\"><img data-recalc-dims=\"1\" decoding=\"async\" width=\"575\" height=\"1024\" src=\"https:\/\/i0.wp.com\/elregionalvm.com.ar\/noticias-villa-maria\/wp-content\/uploads\/2025\/04\/WhatsApp-Image-2025-04-07-at-7.56.48-PM-1.jpeg?resize=575%2C1024&#038;ssl=1\" alt=\"\" class=\"wp-image-105005\" srcset=\"https:\/\/i0.wp.com\/elregionalvm.com.ar\/noticias-villa-maria\/wp-content\/uploads\/2025\/04\/WhatsApp-Image-2025-04-07-at-7.56.48-PM-1.jpeg?resize=575%2C1024&amp;ssl=1 575w, https:\/\/i0.wp.com\/elregionalvm.com.ar\/noticias-villa-maria\/wp-content\/uploads\/2025\/04\/WhatsApp-Image-2025-04-07-at-7.56.48-PM-1.jpeg?resize=169%2C300&amp;ssl=1 169w, https:\/\/i0.wp.com\/elregionalvm.com.ar\/noticias-villa-maria\/wp-content\/uploads\/2025\/04\/WhatsApp-Image-2025-04-07-at-7.56.48-PM-1.jpeg?resize=768%2C1367&amp;ssl=1 768w, https:\/\/i0.wp.com\/elregionalvm.com.ar\/noticias-villa-maria\/wp-content\/uploads\/2025\/04\/WhatsApp-Image-2025-04-07-at-7.56.48-PM-1.jpeg?resize=863%2C1536&amp;ssl=1 863w, https:\/\/i0.wp.com\/elregionalvm.com.ar\/noticias-villa-maria\/wp-content\/uploads\/2025\/04\/WhatsApp-Image-2025-04-07-at-7.56.48-PM-1.jpeg?w=899&amp;ssl=1 899w\" sizes=\"(max-width: 575px) 100vw, 575px\" \/><\/figure>\n\n\n\n<p>Mejoras la infraestructura en los servicios, innovaciones en tecnolog\u00eda, l\u00edneas de colectivos urbanos que se a\u00f1adieron, oficinas para tr\u00e1mites, locales comerciales que arribar\u00e1n para ofrecer productos de calidad y que son reconocidos en Villa Mar\u00eda, son algunos de los trabajos que la instituci\u00f3n est\u00e1 llevando a cabo. <\/p>\n\n\n\n<p>Redacci\u00f3n: Franco Bossa<\/p>\n\n\n\n<p>Fotos: terminal.vm<\/p>\n","protected":false},"excerpt":{"rendered":"<p>En la jornada de este lunes comenzaron los trabajos de remodelaci\u00f3n y pintura en la Terminal de \u00d3mnibus de la ciudad de Villa Mar\u00eda. Con la renovaci\u00f3n de los contratos de algunos locales que arribar\u00e1n a la Terminal, comenz\u00f3 a desarrollarse la segunda etapa de transformaci\u00f3n, para ofrecer a los usuarios una Terminal m\u00e1s c\u00f3moda [&hellip;]<\/p>\n","protected":false},"author":4,"featured_media":100942,"comment_status":"open","ping_status":"open","sticky":false,"template":"","format":"standard","meta":{"site-sidebar-layout":"default","site-content-layout":"","ast-site-content-layout":"default","site-content-style":"default","site-sidebar-style":"default","ast-global-header-display":"","ast-banner-title-visibility":"","ast-main-header-display":"","ast-hfb-above-header-display":"","ast-hfb-below-header-display":"","ast-hfb-mobile-header-display":"","site-post-title":"","ast-breadcrumbs-content":"","ast-featured-img":"","footer-sml-layout":"","ast-disable-related-posts":"","theme-transparent-header-meta":"","adv-header-id-meta":"","stick-header-meta":"","header-above-stick-meta":"","header-main-stick-meta":"","header-below-stick-meta":"","astra-migrate-meta-layouts":"set","ast-page-background-enabled":"default","ast-page-background-meta":{"desktop":{"background-color":"","background-image":"","background-repeat":"repeat","background-position":"center center","background-size":"auto","background-attachment":"scroll","background-type":"","background-media":"","overlay-type":"","overlay-color":"","overlay-opacity":"","overlay-gradient":""},"tablet":{"background-color":"","background-image":"","background-repeat":"repeat","background-position":"center center","background-size":"auto","background-attachment":"scroll","background-type":"","background-media":"","overlay-type":"","overlay-color":"","overlay-opacity":"","overlay-gradient":""},"mobile":{"background-color":"","background-image":"","background-repeat":"repeat","background-position":"center center","background-size":"auto","background-attachment":"scroll","background-type":"","background-media":"","overlay-type":"","overlay-color":"","overlay-opacity":"","overlay-gradient":""}},"ast-content-background-meta":{"desktop":{"background-color":"var(--ast-global-color-5)","background-image":"","background-repeat":"repeat","background-position":"center center","background-size":"auto","background-attachment":"scroll","background-type":"","background-media":"","overlay-type":"","overlay-color":"","overlay-opacity":"","overlay-gradient":""},"tablet":{"background-color":"var(--ast-global-color-5)","background-image":"","background-repeat":"repeat","background-position":"center center","background-size":"auto","background-attachment":"scroll","background-type":"","background-media":"","overlay-type":"","overlay-color":"","overlay-opacity":"","overlay-gradient":""},"mobile":{"background-color":"var(--ast-global-color-5)","background-image":"","background-repeat":"repeat","background-position":"center center","background-size":"auto","background-attachment":"scroll","background-type":"","background-media":"","overlay-type":"","overlay-color":"","overlay-opacity":"","overlay-gradient":""}},"_jetpack_memberships_contains_paid_content":false,"_joinchat":[],"footnotes":""},"categories":[15302,5,2],"tags":[],"class_list":["post-105003","post","type-post","status-publish","format-standard","has-post-thumbnail","hentry","category-destacado","category-sociedad","category-villa-maria"],"yoast_head":"<!-- This site is optimized with the Yoast SEO plugin v26.8 - https:\/\/yoast.com\/product\/yoast-seo-wordpress\/ -->\n<title>La Terminal de Villa Mar\u00eda comenz\u00f3 la segunda etapa de transformaci\u00f3n - El Regional<\/title>\n<meta name=\"robots\" content=\"index, follow, max-snippet:-1, max-image-preview:large, max-video-preview:-1\" \/>\n<link rel=\"canonical\" href=\"https:\/\/elregionalvm.com.ar\/noticias-villa-maria\/la-terminal-de-villa-maria-comenzo-la-segunda-etapa-de-transformacion\/\" \/>\n<meta property=\"og:locale\" content=\"es_ES\" \/>\n<meta property=\"og:type\" content=\"article\" \/>\n<meta property=\"og:title\" content=\"La Terminal de Villa Mar\u00eda comenz\u00f3 la segunda etapa de transformaci\u00f3n - El Regional\" \/>\n<meta property=\"og:description\" content=\"En la jornada de este lunes comenzaron los trabajos de remodelaci\u00f3n y pintura en la Terminal de \u00d3mnibus de la ciudad de Villa Mar\u00eda. Con la renovaci\u00f3n de los contratos de algunos locales que arribar\u00e1n a la Terminal, comenz\u00f3 a desarrollarse la segunda etapa de transformaci\u00f3n, para ofrecer a los usuarios una Terminal m\u00e1s c\u00f3moda [&hellip;]\" \/>\n<meta property=\"og:url\" content=\"https:\/\/elregionalvm.com.ar\/noticias-villa-maria\/la-terminal-de-villa-maria-comenzo-la-segunda-etapa-de-transformacion\/\" \/>\n<meta property=\"og:site_name\" content=\"El Regional\" \/>\n<meta property=\"article:publisher\" content=\"https:\/\/www.facebook.com\/elregionalvm\" \/>\n<meta property=\"article:published_time\" content=\"2025-04-07T22:59:19+00:00\" \/>\n<meta property=\"article:modified_time\" content=\"2025-04-07T22:59:46+00:00\" \/>\n<meta property=\"og:image\" content=\"https:\/\/elregionalvm.com.ar\/noticias-villa-maria\/wp-content\/uploads\/2024\/11\/Terminal-villa-maria-2024-frente.jpeg\" \/>\n\t<meta property=\"og:image:width\" content=\"1270\" \/>\n\t<meta property=\"og:image:height\" content=\"684\" \/>\n\t<meta property=\"og:image:type\" content=\"image\/jpeg\" \/>\n<meta name=\"author\" content=\"Contenidos El Regional\" \/>\n<meta name=\"twitter:card\" content=\"summary_large_image\" \/>\n<meta name=\"twitter:creator\" content=\"@elregionalvm1\" \/>\n<meta name=\"twitter:site\" content=\"@elregionalvm1\" \/>\n<meta name=\"twitter:label1\" content=\"Escrito por\" \/>\n\t<meta name=\"twitter:data1\" content=\"Contenidos El Regional\" \/>\n\t<meta name=\"twitter:label2\" content=\"Tiempo de lectura\" \/>\n\t<meta name=\"twitter:data2\" content=\"2 minutos\" \/>\n<script type=\"application\/ld+json\" class=\"yoast-schema-graph\">{\"@context\":\"https:\/\/schema.org\",\"@graph\":[{\"@type\":\"Article\",\"@id\":\"https:\/\/elregionalvm.com.ar\/noticias-villa-maria\/la-terminal-de-villa-maria-comenzo-la-segunda-etapa-de-transformacion\/#article\",\"isPartOf\":{\"@id\":\"https:\/\/elregionalvm.com.ar\/noticias-villa-maria\/la-terminal-de-villa-maria-comenzo-la-segunda-etapa-de-transformacion\/\"},\"author\":{\"name\":\"Contenidos El Regional\",\"@id\":\"http:\/\/elregionalvm.com.ar\/noticias-villa-maria\/#\/schema\/person\/a0fb9c422317faca23d50163151bc354\"},\"headline\":\"La Terminal de Villa Mar\u00eda comenz\u00f3 la segunda etapa de transformaci\u00f3n\",\"datePublished\":\"2025-04-07T22:59:19+00:00\",\"dateModified\":\"2025-04-07T22:59:46+00:00\",\"mainEntityOfPage\":{\"@id\":\"https:\/\/elregionalvm.com.ar\/noticias-villa-maria\/la-terminal-de-villa-maria-comenzo-la-segunda-etapa-de-transformacion\/\"},\"wordCount\":204,\"commentCount\":0,\"image\":{\"@id\":\"https:\/\/elregionalvm.com.ar\/noticias-villa-maria\/la-terminal-de-villa-maria-comenzo-la-segunda-etapa-de-transformacion\/#primaryimage\"},\"thumbnailUrl\":\"https:\/\/i0.wp.com\/elregionalvm.com.ar\/noticias-villa-maria\/wp-content\/uploads\/2024\/11\/Terminal-villa-maria-2024-frente.jpeg?fit=1270%2C684&ssl=1\",\"articleSection\":[\"destacado\",\"Sociedad\",\"Villa Mar\u00eda\"],\"inLanguage\":\"es\",\"potentialAction\":[{\"@type\":\"CommentAction\",\"name\":\"Comment\",\"target\":[\"https:\/\/elregionalvm.com.ar\/noticias-villa-maria\/la-terminal-de-villa-maria-comenzo-la-segunda-etapa-de-transformacion\/#respond\"]}]},{\"@type\":\"WebPage\",\"@id\":\"https:\/\/elregionalvm.com.ar\/noticias-villa-maria\/la-terminal-de-villa-maria-comenzo-la-segunda-etapa-de-transformacion\/\",\"url\":\"https:\/\/elregionalvm.com.ar\/noticias-villa-maria\/la-terminal-de-villa-maria-comenzo-la-segunda-etapa-de-transformacion\/\",\"name\":\"La Terminal de Villa Mar\u00eda comenz\u00f3 la segunda etapa de transformaci\u00f3n - El Regional\",\"isPartOf\":{\"@id\":\"http:\/\/elregionalvm.com.ar\/noticias-villa-maria\/#website\"},\"primaryImageOfPage\":{\"@id\":\"https:\/\/elregionalvm.com.ar\/noticias-villa-maria\/la-terminal-de-villa-maria-comenzo-la-segunda-etapa-de-transformacion\/#primaryimage\"},\"image\":{\"@id\":\"https:\/\/elregionalvm.com.ar\/noticias-villa-maria\/la-terminal-de-villa-maria-comenzo-la-segunda-etapa-de-transformacion\/#primaryimage\"},\"thumbnailUrl\":\"https:\/\/i0.wp.com\/elregionalvm.com.ar\/noticias-villa-maria\/wp-content\/uploads\/2024\/11\/Terminal-villa-maria-2024-frente.jpeg?fit=1270%2C684&ssl=1\",\"datePublished\":\"2025-04-07T22:59:19+00:00\",\"dateModified\":\"2025-04-07T22:59:46+00:00\",\"author\":{\"@id\":\"http:\/\/elregionalvm.com.ar\/noticias-villa-maria\/#\/schema\/person\/a0fb9c422317faca23d50163151bc354\"},\"breadcrumb\":{\"@id\":\"https:\/\/elregionalvm.com.ar\/noticias-villa-maria\/la-terminal-de-villa-maria-comenzo-la-segunda-etapa-de-transformacion\/#breadcrumb\"},\"inLanguage\":\"es\",\"potentialAction\":[{\"@type\":\"ReadAction\",\"target\":[\"https:\/\/elregionalvm.com.ar\/noticias-villa-maria\/la-terminal-de-villa-maria-comenzo-la-segunda-etapa-de-transformacion\/\"]}]},{\"@type\":\"ImageObject\",\"inLanguage\":\"es\",\"@id\":\"https:\/\/elregionalvm.com.ar\/noticias-villa-maria\/la-terminal-de-villa-maria-comenzo-la-segunda-etapa-de-transformacion\/#primaryimage\",\"url\":\"https:\/\/i0.wp.com\/elregionalvm.com.ar\/noticias-villa-maria\/wp-content\/uploads\/2024\/11\/Terminal-villa-maria-2024-frente.jpeg?fit=1270%2C684&ssl=1\",\"contentUrl\":\"https:\/\/i0.wp.com\/elregionalvm.com.ar\/noticias-villa-maria\/wp-content\/uploads\/2024\/11\/Terminal-villa-maria-2024-frente.jpeg?fit=1270%2C684&ssl=1\",\"width\":1270,\"height\":684},{\"@type\":\"BreadcrumbList\",\"@id\":\"https:\/\/elregionalvm.com.ar\/noticias-villa-maria\/la-terminal-de-villa-maria-comenzo-la-segunda-etapa-de-transformacion\/#breadcrumb\",\"itemListElement\":[{\"@type\":\"ListItem\",\"position\":1,\"name\":\"Portada\",\"item\":\"https:\/\/elregionalvm.com.ar\/noticias-villa-maria\/\"},{\"@type\":\"ListItem\",\"position\":2,\"name\":\"La Terminal de Villa Mar\u00eda comenz\u00f3 la segunda etapa de transformaci\u00f3n\"}]},{\"@type\":\"WebSite\",\"@id\":\"http:\/\/elregionalvm.com.ar\/noticias-villa-maria\/#website\",\"url\":\"http:\/\/elregionalvm.com.ar\/noticias-villa-maria\/\",\"name\":\"El Regional\",\"description\":\"Mucho m\u00e1s que informaci\u00f3n\",\"potentialAction\":[{\"@type\":\"SearchAction\",\"target\":{\"@type\":\"EntryPoint\",\"urlTemplate\":\"http:\/\/elregionalvm.com.ar\/noticias-villa-maria\/?s={search_term_string}\"},\"query-input\":{\"@type\":\"PropertyValueSpecification\",\"valueRequired\":true,\"valueName\":\"search_term_string\"}}],\"inLanguage\":\"es\"},{\"@type\":\"Person\",\"@id\":\"http:\/\/elregionalvm.com.ar\/noticias-villa-maria\/#\/schema\/person\/a0fb9c422317faca23d50163151bc354\",\"name\":\"Contenidos El Regional\",\"image\":{\"@type\":\"ImageObject\",\"inLanguage\":\"es\",\"@id\":\"http:\/\/elregionalvm.com.ar\/noticias-villa-maria\/#\/schema\/person\/image\/\",\"url\":\"https:\/\/secure.gravatar.com\/avatar\/265b27cb2209af7bb3a1318f03305787d7981a5cc6e6cd08fe5a4ecdf99d4b48?s=96&d=mm&r=g\",\"contentUrl\":\"https:\/\/secure.gravatar.com\/avatar\/265b27cb2209af7bb3a1318f03305787d7981a5cc6e6cd08fe5a4ecdf99d4b48?s=96&d=mm&r=g\",\"caption\":\"Contenidos El Regional\"},\"url\":\"https:\/\/elregionalvm.com.ar\/noticias-villa-maria\/author\/contenido\/\"}]}<\/script>\n<!-- \/ Yoast SEO plugin. -->","yoast_head_json":{"title":"La Terminal de Villa Mar\u00eda comenz\u00f3 la segunda etapa de transformaci\u00f3n - El Regional","robots":{"index":"index","follow":"follow","max-snippet":"max-snippet:-1","max-image-preview":"max-image-preview:large","max-video-preview":"max-video-preview:-1"},"canonical":"https:\/\/elregionalvm.com.ar\/noticias-villa-maria\/la-terminal-de-villa-maria-comenzo-la-segunda-etapa-de-transformacion\/","og_locale":"es_ES","og_type":"article","og_title":"La Terminal de Villa Mar\u00eda comenz\u00f3 la segunda etapa de transformaci\u00f3n - El Regional","og_description":"En la jornada de este lunes comenzaron los trabajos de remodelaci\u00f3n y pintura en la Terminal de \u00d3mnibus de la ciudad de Villa Mar\u00eda. Con la renovaci\u00f3n de los contratos de algunos locales que arribar\u00e1n a la Terminal, comenz\u00f3 a desarrollarse la segunda etapa de transformaci\u00f3n, para ofrecer a los usuarios una Terminal m\u00e1s c\u00f3moda [&hellip;]","og_url":"https:\/\/elregionalvm.com.ar\/noticias-villa-maria\/la-terminal-de-villa-maria-comenzo-la-segunda-etapa-de-transformacion\/","og_site_name":"El Regional","article_publisher":"https:\/\/www.facebook.com\/elregionalvm","article_published_time":"2025-04-07T22:59:19+00:00","article_modified_time":"2025-04-07T22:59:46+00:00","og_image":[{"width":1270,"height":684,"url":"https:\/\/elregionalvm.com.ar\/noticias-villa-maria\/wp-content\/uploads\/2024\/11\/Terminal-villa-maria-2024-frente.jpeg","type":"image\/jpeg"}],"author":"Contenidos El Regional","twitter_card":"summary_large_image","twitter_creator":"@elregionalvm1","twitter_site":"@elregionalvm1","twitter_misc":{"Escrito por":"Contenidos El Regional","Tiempo de lectura":"2 minutos"},"schema":{"@context":"https:\/\/schema.org","@graph":[{"@type":"Article","@id":"https:\/\/elregionalvm.com.ar\/noticias-villa-maria\/la-terminal-de-villa-maria-comenzo-la-segunda-etapa-de-transformacion\/#article","isPartOf":{"@id":"https:\/\/elregionalvm.com.ar\/noticias-villa-maria\/la-terminal-de-villa-maria-comenzo-la-segunda-etapa-de-transformacion\/"},"author":{"name":"Contenidos El Regional","@id":"http:\/\/elregionalvm.com.ar\/noticias-villa-maria\/#\/schema\/person\/a0fb9c422317faca23d50163151bc354"},"headline":"La Terminal de Villa Mar\u00eda comenz\u00f3 la segunda etapa de transformaci\u00f3n","datePublished":"2025-04-07T22:59:19+00:00","dateModified":"2025-04-07T22:59:46+00:00","mainEntityOfPage":{"@id":"https:\/\/elregionalvm.com.ar\/noticias-villa-maria\/la-terminal-de-villa-maria-comenzo-la-segunda-etapa-de-transformacion\/"},"wordCount":204,"commentCount":0,"image":{"@id":"https:\/\/elregionalvm.com.ar\/noticias-villa-maria\/la-terminal-de-villa-maria-comenzo-la-segunda-etapa-de-transformacion\/#primaryimage"},"thumbnailUrl":"https:\/\/i0.wp.com\/elregionalvm.com.ar\/noticias-villa-maria\/wp-content\/uploads\/2024\/11\/Terminal-villa-maria-2024-frente.jpeg?fit=1270%2C684&ssl=1","articleSection":["destacado","Sociedad","Villa Mar\u00eda"],"inLanguage":"es","potentialAction":[{"@type":"CommentAction","name":"Comment","target":["https:\/\/elregionalvm.com.ar\/noticias-villa-maria\/la-terminal-de-villa-maria-comenzo-la-segunda-etapa-de-transformacion\/#respond"]}]},{"@type":"WebPage","@id":"https:\/\/elregionalvm.com.ar\/noticias-villa-maria\/la-terminal-de-villa-maria-comenzo-la-segunda-etapa-de-transformacion\/","url":"https:\/\/elregionalvm.com.ar\/noticias-villa-maria\/la-terminal-de-villa-maria-comenzo-la-segunda-etapa-de-transformacion\/","name":"La Terminal de Villa Mar\u00eda comenz\u00f3 la segunda etapa de transformaci\u00f3n - El Regional","isPartOf":{"@id":"http:\/\/elregionalvm.com.ar\/noticias-villa-maria\/#website"},"primaryImageOfPage":{"@id":"https:\/\/elregionalvm.com.ar\/noticias-villa-maria\/la-terminal-de-villa-maria-comenzo-la-segunda-etapa-de-transformacion\/#primaryimage"},"image":{"@id":"https:\/\/elregionalvm.com.ar\/noticias-villa-maria\/la-terminal-de-villa-maria-comenzo-la-segunda-etapa-de-transformacion\/#primaryimage"},"thumbnailUrl":"https:\/\/i0.wp.com\/elregionalvm.com.ar\/noticias-villa-maria\/wp-content\/uploads\/2024\/11\/Terminal-villa-maria-2024-frente.jpeg?fit=1270%2C684&ssl=1","datePublished":"2025-04-07T22:59:19+00:00","dateModified":"2025-04-07T22:59:46+00:00","author":{"@id":"http:\/\/elregionalvm.com.ar\/noticias-villa-maria\/#\/schema\/person\/a0fb9c422317faca23d50163151bc354"},"breadcrumb":{"@id":"https:\/\/elregionalvm.com.ar\/noticias-villa-maria\/la-terminal-de-villa-maria-comenzo-la-segunda-etapa-de-transformacion\/#breadcrumb"},"inLanguage":"es","potentialAction":[{"@type":"ReadAction","target":["https:\/\/elregionalvm.com.ar\/noticias-villa-maria\/la-terminal-de-villa-maria-comenzo-la-segunda-etapa-de-transformacion\/"]}]},{"@type":"ImageObject","inLanguage":"es","@id":"https:\/\/elregionalvm.com.ar\/noticias-villa-maria\/la-terminal-de-villa-maria-comenzo-la-segunda-etapa-de-transformacion\/#primaryimage","url":"https:\/\/i0.wp.com\/elregionalvm.com.ar\/noticias-villa-maria\/wp-content\/uploads\/2024\/11\/Terminal-villa-maria-2024-frente.jpeg?fit=1270%2C684&ssl=1","contentUrl":"https:\/\/i0.wp.com\/elregionalvm.com.ar\/noticias-villa-maria\/wp-content\/uploads\/2024\/11\/Terminal-villa-maria-2024-frente.jpeg?fit=1270%2C684&ssl=1","width":1270,"height":684},{"@type":"BreadcrumbList","@id":"https:\/\/elregionalvm.com.ar\/noticias-villa-maria\/la-terminal-de-villa-maria-comenzo-la-segunda-etapa-de-transformacion\/#breadcrumb","itemListElement":[{"@type":"ListItem","position":1,"name":"Portada","item":"https:\/\/elregionalvm.com.ar\/noticias-villa-maria\/"},{"@type":"ListItem","position":2,"name":"La Terminal de Villa Mar\u00eda comenz\u00f3 la segunda etapa de transformaci\u00f3n"}]},{"@type":"WebSite","@id":"http:\/\/elregionalvm.com.ar\/noticias-villa-maria\/#website","url":"http:\/\/elregionalvm.com.ar\/noticias-villa-maria\/","name":"El Regional","description":"Mucho m\u00e1s que informaci\u00f3n","potentialAction":[{"@type":"SearchAction","target":{"@type":"EntryPoint","urlTemplate":"http:\/\/elregionalvm.com.ar\/noticias-villa-maria\/?s={search_term_string}"},"query-input":{"@type":"PropertyValueSpecification","valueRequired":true,"valueName":"search_term_string"}}],"inLanguage":"es"},{"@type":"Person","@id":"http:\/\/elregionalvm.com.ar\/noticias-villa-maria\/#\/schema\/person\/a0fb9c422317faca23d50163151bc354","name":"Contenidos El Regional","image":{"@type":"ImageObject","inLanguage":"es","@id":"http:\/\/elregionalvm.com.ar\/noticias-villa-maria\/#\/schema\/person\/image\/","url":"https:\/\/secure.gravatar.com\/avatar\/265b27cb2209af7bb3a1318f03305787d7981a5cc6e6cd08fe5a4ecdf99d4b48?s=96&d=mm&r=g","contentUrl":"https:\/\/secure.gravatar.com\/avatar\/265b27cb2209af7bb3a1318f03305787d7981a5cc6e6cd08fe5a4ecdf99d4b48?s=96&d=mm&r=g","caption":"Contenidos El Regional"},"url":"https:\/\/elregionalvm.com.ar\/noticias-villa-maria\/author\/contenido\/"}]}},"jetpack_featured_media_url":"https:\/\/i0.wp.com\/elregionalvm.com.ar\/noticias-villa-maria\/wp-content\/uploads\/2024\/11\/Terminal-villa-maria-2024-frente.jpeg?fit=1270%2C684&ssl=1","jetpack_sharing_enabled":true,"_links":{"self":[{"href":"https:\/\/elregionalvm.com.ar\/noticias-villa-maria\/wp-json\/wp\/v2\/posts\/105003","targetHints":{"allow":["GET"]}}],"collection":[{"href":"https:\/\/elregionalvm.com.ar\/noticias-villa-maria\/wp-json\/wp\/v2\/posts"}],"about":[{"href":"https:\/\/elregionalvm.com.ar\/noticias-villa-maria\/wp-json\/wp\/v2\/types\/post"}],"author":[{"embeddable":true,"href":"https:\/\/elregionalvm.com.ar\/noticias-villa-maria\/wp-json\/wp\/v2\/users\/4"}],"replies":[{"embeddable":true,"href":"https:\/\/elregionalvm.com.ar\/noticias-villa-maria\/wp-json\/wp\/v2\/comments?post=105003"}],"version-history":[{"count":2,"href":"https:\/\/elregionalvm.com.ar\/noticias-villa-maria\/wp-json\/wp\/v2\/posts\/105003\/revisions"}],"predecessor-version":[{"id":105008,"href":"https:\/\/elregionalvm.com.ar\/noticias-villa-maria\/wp-json\/wp\/v2\/posts\/105003\/revisions\/105008"}],"wp:featuredmedia":[{"embeddable":true,"href":"https:\/\/elregionalvm.com.ar\/noticias-villa-maria\/wp-json\/wp\/v2\/media\/100942"}],"wp:attachment":[{"href":"https:\/\/elregionalvm.com.ar\/noticias-villa-maria\/wp-json\/wp\/v2\/media?parent=105003"}],"wp:term":[{"taxonomy":"category","embeddable":true,"href":"https:\/\/elregionalvm.com.ar\/noticias-villa-maria\/wp-json\/wp\/v2\/categories?post=105003"},{"taxonomy":"post_tag","embeddable":true,"href":"https:\/\/elregionalvm.com.ar\/noticias-villa-maria\/wp-json\/wp\/v2\/tags?post=105003"}],"curies":[{"name":"wp","href":"https:\/\/api.w.org\/{rel}","templated":true}]}}