{"id":105012,"date":"2025-04-07T23:22:24","date_gmt":"2025-04-07T23:22:24","guid":{"rendered":"https:\/\/elregionalvm.com.ar\/noticias-villa-maria\/?p=105012"},"modified":"2025-04-08T04:19:50","modified_gmt":"2025-04-08T04:19:50","slug":"se-realizo-la-tercer-reunion-en-lo-que-del-ano-de-la-comision-evaluadora-para-la-licitacion-de-los-espacios-verdes","status":"publish","type":"post","link":"https:\/\/elregionalvm.com.ar\/noticias-villa-maria\/se-realizo-la-tercer-reunion-en-lo-que-del-ano-de-la-comision-evaluadora-para-la-licitacion-de-los-espacios-verdes\/","title":{"rendered":"Licitaci\u00f3n de los espacios verdes: Se realiz\u00f3 la tercera reuni\u00f3n de la comisi\u00f3n evaluadora"},"content":{"rendered":"\n<p>En el marco del proceso de licitaci\u00f3n p\u00fablica para el \u201cServicio de mantenimiento integral y sostenido de espacios verdes\u201d, este lunes se llev\u00f3 adelante una nueva reuni\u00f3n de trabajo en el Sal\u00f3n Blanco del municipio.<\/p>\n\n\n\n<p>En tal sentido, los integrantes de la comisi\u00f3n evaluadora analizaron la documentaci\u00f3n presentada por los oferentes a los fines de avanzar en la adjudicaci\u00f3n del servicio conforme a lo establecido en el decreto N\u00ba 24\/2024, espec\u00edficamente en lo pertinente a ofertas econ\u00f3micas. En esta instancia, se observ\u00f3 una heterogeneidad en los criterios adoptados para la presentaci\u00f3n de las ofertas lo que genera una imposibilidad para la Comisi\u00f3n en realizar una comparaci\u00f3n objetiva y equitativa.<\/p>\n\n\n\n<p>En base a ello, la Comisi\u00f3n sugiri\u00f3 al D.E.M que efect\u00fae una nueva apertura de sobres, cursando nuevas invitaciones a los oferentes ya admitidos para que formulen propuestas homog\u00e9neas y claras respecto de los mismos sectores en los que originalmente se presentaron. Esto permitir\u00e1 subsanar las deficiencias presentadas y asegurar una evaluaci\u00f3n objetiva de las mismas que facilite la comparaci\u00f3n directa y precisa.<\/p>\n\n\n\n<p>El procedimiento administrativo estuvo encabezado por los secretarios de Gobierno, Cultura y Relaciones Institucionales, de Econom\u00eda, Transformaci\u00f3n Digital y Desarrollo Productivo y de Servicios Urbanos: Marcos Bovo, Guillermo Pieckenstainer y \u00c1ngel Quaglia respectivamente; el Asesor Letrado, Franco Valzacchi; el Asesor adjunto, Juan Poncio y los concejales Natalia Gonz\u00e1lez (Juntos por el Cambio) Manuel Sosa (Uniendo Villa Mar\u00eda) y Yaslil Oses (Hacemos Unidos por Villa Mar\u00eda).<\/p>\n","protected":false},"excerpt":{"rendered":"<p>En el marco del proceso de licitaci\u00f3n p\u00fablica para el \u201cServicio de mantenimiento integral y sostenido de espacios verdes\u201d, este lunes se llev\u00f3 adelante una nueva reuni\u00f3n de trabajo en el Sal\u00f3n Blanco del municipio. En tal sentido, los integrantes de la comisi\u00f3n evaluadora analizaron la documentaci\u00f3n presentada por los oferentes a los fines de [&hellip;]<\/p>\n","protected":false},"author":4,"featured_media":105013,"comment_status":"open","ping_status":"open","sticky":false,"template":"","format":"standard","meta":{"site-sidebar-layout":"default","site-content-layout":"","ast-site-content-layout":"default","site-content-style":"default","site-sidebar-style":"default","ast-global-header-display":"","ast-banner-title-visibility":"","ast-main-header-display":"","ast-hfb-above-header-display":"","ast-hfb-below-header-display":"","ast-hfb-mobile-header-display":"","site-post-title":"","ast-breadcrumbs-content":"","ast-featured-img":"","footer-sml-layout":"","ast-disable-related-posts":"","theme-transparent-header-meta":"","adv-header-id-meta":"","stick-header-meta":"","header-above-stick-meta":"","header-main-stick-meta":"","header-below-stick-meta":"","astra-migrate-meta-layouts":"set","ast-page-background-enabled":"default","ast-page-background-meta":{"desktop":{"background-color":"","background-image":"","background-repeat":"repeat","background-position":"center center","background-size":"auto","background-attachment":"scroll","background-type":"","background-media":"","overlay-type":"","overlay-color":"","overlay-opacity":"","overlay-gradient":""},"tablet":{"background-color":"","background-image":"","background-repeat":"repeat","background-position":"center center","background-size":"auto","background-attachment":"scroll","background-type":"","background-media":"","overlay-type":"","overlay-color":"","overlay-opacity":"","overlay-gradient":""},"mobile":{"background-color":"","background-image":"","background-repeat":"repeat","background-position":"center center","background-size":"auto","background-attachment":"scroll","background-type":"","background-media":"","overlay-type":"","overlay-color":"","overlay-opacity":"","overlay-gradient":""}},"ast-content-background-meta":{"desktop":{"background-color":"var(--ast-global-color-5)","background-image":"","background-repeat":"repeat","background-position":"center center","background-size":"auto","background-attachment":"scroll","background-type":"","background-media":"","overlay-type":"","overlay-color":"","overlay-opacity":"","overlay-gradient":""},"tablet":{"background-color":"var(--ast-global-color-5)","background-image":"","background-repeat":"repeat","background-position":"center center","background-size":"auto","background-attachment":"scroll","background-type":"","background-media":"","overlay-type":"","overlay-color":"","overlay-opacity":"","overlay-gradient":""},"mobile":{"background-color":"var(--ast-global-color-5)","background-image":"","background-repeat":"repeat","background-position":"center center","background-size":"auto","background-attachment":"scroll","background-type":"","background-media":"","overlay-type":"","overlay-color":"","overlay-opacity":"","overlay-gradient":""}},"_jetpack_memberships_contains_paid_content":false,"_joinchat":[],"footnotes":""},"categories":[15302,5,2],"tags":[],"class_list":["post-105012","post","type-post","status-publish","format-standard","has-post-thumbnail","hentry","category-destacado","category-sociedad","category-villa-maria"],"yoast_head":"<!-- This site is optimized with the Yoast SEO plugin v26.8 - https:\/\/yoast.com\/product\/yoast-seo-wordpress\/ -->\n<title>Licitaci\u00f3n de los espacios verdes: Se realiz\u00f3 la tercera reuni\u00f3n de la comisi\u00f3n evaluadora - El Regional<\/title>\n<meta name=\"robots\" content=\"index, follow, max-snippet:-1, max-image-preview:large, max-video-preview:-1\" \/>\n<link rel=\"canonical\" href=\"https:\/\/elregionalvm.com.ar\/noticias-villa-maria\/se-realizo-la-tercer-reunion-en-lo-que-del-ano-de-la-comision-evaluadora-para-la-licitacion-de-los-espacios-verdes\/\" \/>\n<meta property=\"og:locale\" content=\"es_ES\" \/>\n<meta property=\"og:type\" content=\"article\" \/>\n<meta property=\"og:title\" content=\"Licitaci\u00f3n de los espacios verdes: Se realiz\u00f3 la tercera reuni\u00f3n de la comisi\u00f3n evaluadora - El Regional\" \/>\n<meta property=\"og:description\" content=\"En el marco del proceso de licitaci\u00f3n p\u00fablica para el \u201cServicio de mantenimiento integral y sostenido de espacios verdes\u201d, este lunes se llev\u00f3 adelante una nueva reuni\u00f3n de trabajo en el Sal\u00f3n Blanco del municipio. En tal sentido, los integrantes de la comisi\u00f3n evaluadora analizaron la documentaci\u00f3n presentada por los oferentes a los fines de [&hellip;]\" \/>\n<meta property=\"og:url\" content=\"https:\/\/elregionalvm.com.ar\/noticias-villa-maria\/se-realizo-la-tercer-reunion-en-lo-que-del-ano-de-la-comision-evaluadora-para-la-licitacion-de-los-espacios-verdes\/\" \/>\n<meta property=\"og:site_name\" content=\"El Regional\" \/>\n<meta property=\"article:publisher\" content=\"https:\/\/www.facebook.com\/elregionalvm\" \/>\n<meta property=\"article:published_time\" content=\"2025-04-07T23:22:24+00:00\" \/>\n<meta property=\"article:modified_time\" content=\"2025-04-08T04:19:50+00:00\" \/>\n<meta property=\"og:image\" content=\"https:\/\/elregionalvm.com.ar\/noticias-villa-maria\/wp-content\/uploads\/2025\/04\/WhatsApp-Image-2025-04-07-at-4.07.14-PM.jpeg\" \/>\n\t<meta property=\"og:image:width\" content=\"1600\" \/>\n\t<meta property=\"og:image:height\" content=\"1066\" \/>\n\t<meta property=\"og:image:type\" content=\"image\/jpeg\" \/>\n<meta name=\"author\" content=\"Contenidos El Regional\" \/>\n<meta name=\"twitter:card\" content=\"summary_large_image\" \/>\n<meta name=\"twitter:creator\" content=\"@elregionalvm1\" \/>\n<meta name=\"twitter:site\" content=\"@elregionalvm1\" \/>\n<meta name=\"twitter:label1\" content=\"Escrito por\" \/>\n\t<meta name=\"twitter:data1\" content=\"Contenidos El Regional\" \/>\n\t<meta name=\"twitter:label2\" content=\"Tiempo de lectura\" \/>\n\t<meta name=\"twitter:data2\" content=\"2 minutos\" \/>\n<script type=\"application\/ld+json\" class=\"yoast-schema-graph\">{\"@context\":\"https:\/\/schema.org\",\"@graph\":[{\"@type\":\"Article\",\"@id\":\"https:\/\/elregionalvm.com.ar\/noticias-villa-maria\/se-realizo-la-tercer-reunion-en-lo-que-del-ano-de-la-comision-evaluadora-para-la-licitacion-de-los-espacios-verdes\/#article\",\"isPartOf\":{\"@id\":\"https:\/\/elregionalvm.com.ar\/noticias-villa-maria\/se-realizo-la-tercer-reunion-en-lo-que-del-ano-de-la-comision-evaluadora-para-la-licitacion-de-los-espacios-verdes\/\"},\"author\":{\"name\":\"Contenidos El Regional\",\"@id\":\"http:\/\/elregionalvm.com.ar\/noticias-villa-maria\/#\/schema\/person\/a0fb9c422317faca23d50163151bc354\"},\"headline\":\"Licitaci\u00f3n de los espacios verdes: Se realiz\u00f3 la tercera reuni\u00f3n de la comisi\u00f3n evaluadora\",\"datePublished\":\"2025-04-07T23:22:24+00:00\",\"dateModified\":\"2025-04-08T04:19:50+00:00\",\"mainEntityOfPage\":{\"@id\":\"https:\/\/elregionalvm.com.ar\/noticias-villa-maria\/se-realizo-la-tercer-reunion-en-lo-que-del-ano-de-la-comision-evaluadora-para-la-licitacion-de-los-espacios-verdes\/\"},\"wordCount\":277,\"commentCount\":0,\"image\":{\"@id\":\"https:\/\/elregionalvm.com.ar\/noticias-villa-maria\/se-realizo-la-tercer-reunion-en-lo-que-del-ano-de-la-comision-evaluadora-para-la-licitacion-de-los-espacios-verdes\/#primaryimage\"},\"thumbnailUrl\":\"https:\/\/i0.wp.com\/elregionalvm.com.ar\/noticias-villa-maria\/wp-content\/uploads\/2025\/04\/WhatsApp-Image-2025-04-07-at-4.07.14-PM.jpeg?fit=1600%2C1066&ssl=1\",\"articleSection\":[\"destacado\",\"Sociedad\",\"Villa Mar\u00eda\"],\"inLanguage\":\"es\",\"potentialAction\":[{\"@type\":\"CommentAction\",\"name\":\"Comment\",\"target\":[\"https:\/\/elregionalvm.com.ar\/noticias-villa-maria\/se-realizo-la-tercer-reunion-en-lo-que-del-ano-de-la-comision-evaluadora-para-la-licitacion-de-los-espacios-verdes\/#respond\"]}]},{\"@type\":\"WebPage\",\"@id\":\"https:\/\/elregionalvm.com.ar\/noticias-villa-maria\/se-realizo-la-tercer-reunion-en-lo-que-del-ano-de-la-comision-evaluadora-para-la-licitacion-de-los-espacios-verdes\/\",\"url\":\"https:\/\/elregionalvm.com.ar\/noticias-villa-maria\/se-realizo-la-tercer-reunion-en-lo-que-del-ano-de-la-comision-evaluadora-para-la-licitacion-de-los-espacios-verdes\/\",\"name\":\"Licitaci\u00f3n de los espacios verdes: Se realiz\u00f3 la tercera reuni\u00f3n de la comisi\u00f3n evaluadora - El Regional\",\"isPartOf\":{\"@id\":\"http:\/\/elregionalvm.com.ar\/noticias-villa-maria\/#website\"},\"primaryImageOfPage\":{\"@id\":\"https:\/\/elregionalvm.com.ar\/noticias-villa-maria\/se-realizo-la-tercer-reunion-en-lo-que-del-ano-de-la-comision-evaluadora-para-la-licitacion-de-los-espacios-verdes\/#primaryimage\"},\"image\":{\"@id\":\"https:\/\/elregionalvm.com.ar\/noticias-villa-maria\/se-realizo-la-tercer-reunion-en-lo-que-del-ano-de-la-comision-evaluadora-para-la-licitacion-de-los-espacios-verdes\/#primaryimage\"},\"thumbnailUrl\":\"https:\/\/i0.wp.com\/elregionalvm.com.ar\/noticias-villa-maria\/wp-content\/uploads\/2025\/04\/WhatsApp-Image-2025-04-07-at-4.07.14-PM.jpeg?fit=1600%2C1066&ssl=1\",\"datePublished\":\"2025-04-07T23:22:24+00:00\",\"dateModified\":\"2025-04-08T04:19:50+00:00\",\"author\":{\"@id\":\"http:\/\/elregionalvm.com.ar\/noticias-villa-maria\/#\/schema\/person\/a0fb9c422317faca23d50163151bc354\"},\"breadcrumb\":{\"@id\":\"https:\/\/elregionalvm.com.ar\/noticias-villa-maria\/se-realizo-la-tercer-reunion-en-lo-que-del-ano-de-la-comision-evaluadora-para-la-licitacion-de-los-espacios-verdes\/#breadcrumb\"},\"inLanguage\":\"es\",\"potentialAction\":[{\"@type\":\"ReadAction\",\"target\":[\"https:\/\/elregionalvm.com.ar\/noticias-villa-maria\/se-realizo-la-tercer-reunion-en-lo-que-del-ano-de-la-comision-evaluadora-para-la-licitacion-de-los-espacios-verdes\/\"]}]},{\"@type\":\"ImageObject\",\"inLanguage\":\"es\",\"@id\":\"https:\/\/elregionalvm.com.ar\/noticias-villa-maria\/se-realizo-la-tercer-reunion-en-lo-que-del-ano-de-la-comision-evaluadora-para-la-licitacion-de-los-espacios-verdes\/#primaryimage\",\"url\":\"https:\/\/i0.wp.com\/elregionalvm.com.ar\/noticias-villa-maria\/wp-content\/uploads\/2025\/04\/WhatsApp-Image-2025-04-07-at-4.07.14-PM.jpeg?fit=1600%2C1066&ssl=1\",\"contentUrl\":\"https:\/\/i0.wp.com\/elregionalvm.com.ar\/noticias-villa-maria\/wp-content\/uploads\/2025\/04\/WhatsApp-Image-2025-04-07-at-4.07.14-PM.jpeg?fit=1600%2C1066&ssl=1\",\"width\":1600,\"height\":1066},{\"@type\":\"BreadcrumbList\",\"@id\":\"https:\/\/elregionalvm.com.ar\/noticias-villa-maria\/se-realizo-la-tercer-reunion-en-lo-que-del-ano-de-la-comision-evaluadora-para-la-licitacion-de-los-espacios-verdes\/#breadcrumb\",\"itemListElement\":[{\"@type\":\"ListItem\",\"position\":1,\"name\":\"Portada\",\"item\":\"https:\/\/elregionalvm.com.ar\/noticias-villa-maria\/\"},{\"@type\":\"ListItem\",\"position\":2,\"name\":\"Licitaci\u00f3n de los espacios verdes: Se realiz\u00f3 la tercera reuni\u00f3n de la comisi\u00f3n evaluadora\"}]},{\"@type\":\"WebSite\",\"@id\":\"http:\/\/elregionalvm.com.ar\/noticias-villa-maria\/#website\",\"url\":\"http:\/\/elregionalvm.com.ar\/noticias-villa-maria\/\",\"name\":\"El Regional\",\"description\":\"Mucho m\u00e1s que informaci\u00f3n\",\"potentialAction\":[{\"@type\":\"SearchAction\",\"target\":{\"@type\":\"EntryPoint\",\"urlTemplate\":\"http:\/\/elregionalvm.com.ar\/noticias-villa-maria\/?s={search_term_string}\"},\"query-input\":{\"@type\":\"PropertyValueSpecification\",\"valueRequired\":true,\"valueName\":\"search_term_string\"}}],\"inLanguage\":\"es\"},{\"@type\":\"Person\",\"@id\":\"http:\/\/elregionalvm.com.ar\/noticias-villa-maria\/#\/schema\/person\/a0fb9c422317faca23d50163151bc354\",\"name\":\"Contenidos El Regional\",\"image\":{\"@type\":\"ImageObject\",\"inLanguage\":\"es\",\"@id\":\"http:\/\/elregionalvm.com.ar\/noticias-villa-maria\/#\/schema\/person\/image\/\",\"url\":\"https:\/\/secure.gravatar.com\/avatar\/265b27cb2209af7bb3a1318f03305787d7981a5cc6e6cd08fe5a4ecdf99d4b48?s=96&d=mm&r=g\",\"contentUrl\":\"https:\/\/secure.gravatar.com\/avatar\/265b27cb2209af7bb3a1318f03305787d7981a5cc6e6cd08fe5a4ecdf99d4b48?s=96&d=mm&r=g\",\"caption\":\"Contenidos El Regional\"},\"url\":\"https:\/\/elregionalvm.com.ar\/noticias-villa-maria\/author\/contenido\/\"}]}<\/script>\n<!-- \/ Yoast SEO plugin. -->","yoast_head_json":{"title":"Licitaci\u00f3n de los espacios verdes: Se realiz\u00f3 la tercera reuni\u00f3n de la comisi\u00f3n evaluadora - El Regional","robots":{"index":"index","follow":"follow","max-snippet":"max-snippet:-1","max-image-preview":"max-image-preview:large","max-video-preview":"max-video-preview:-1"},"canonical":"https:\/\/elregionalvm.com.ar\/noticias-villa-maria\/se-realizo-la-tercer-reunion-en-lo-que-del-ano-de-la-comision-evaluadora-para-la-licitacion-de-los-espacios-verdes\/","og_locale":"es_ES","og_type":"article","og_title":"Licitaci\u00f3n de los espacios verdes: Se realiz\u00f3 la tercera reuni\u00f3n de la comisi\u00f3n evaluadora - El Regional","og_description":"En el marco del proceso de licitaci\u00f3n p\u00fablica para el \u201cServicio de mantenimiento integral y sostenido de espacios verdes\u201d, este lunes se llev\u00f3 adelante una nueva reuni\u00f3n de trabajo en el Sal\u00f3n Blanco del municipio. En tal sentido, los integrantes de la comisi\u00f3n evaluadora analizaron la documentaci\u00f3n presentada por los oferentes a los fines de [&hellip;]","og_url":"https:\/\/elregionalvm.com.ar\/noticias-villa-maria\/se-realizo-la-tercer-reunion-en-lo-que-del-ano-de-la-comision-evaluadora-para-la-licitacion-de-los-espacios-verdes\/","og_site_name":"El Regional","article_publisher":"https:\/\/www.facebook.com\/elregionalvm","article_published_time":"2025-04-07T23:22:24+00:00","article_modified_time":"2025-04-08T04:19:50+00:00","og_image":[{"width":1600,"height":1066,"url":"https:\/\/elregionalvm.com.ar\/noticias-villa-maria\/wp-content\/uploads\/2025\/04\/WhatsApp-Image-2025-04-07-at-4.07.14-PM.jpeg","type":"image\/jpeg"}],"author":"Contenidos El Regional","twitter_card":"summary_large_image","twitter_creator":"@elregionalvm1","twitter_site":"@elregionalvm1","twitter_misc":{"Escrito por":"Contenidos El Regional","Tiempo de lectura":"2 minutos"},"schema":{"@context":"https:\/\/schema.org","@graph":[{"@type":"Article","@id":"https:\/\/elregionalvm.com.ar\/noticias-villa-maria\/se-realizo-la-tercer-reunion-en-lo-que-del-ano-de-la-comision-evaluadora-para-la-licitacion-de-los-espacios-verdes\/#article","isPartOf":{"@id":"https:\/\/elregionalvm.com.ar\/noticias-villa-maria\/se-realizo-la-tercer-reunion-en-lo-que-del-ano-de-la-comision-evaluadora-para-la-licitacion-de-los-espacios-verdes\/"},"author":{"name":"Contenidos El Regional","@id":"http:\/\/elregionalvm.com.ar\/noticias-villa-maria\/#\/schema\/person\/a0fb9c422317faca23d50163151bc354"},"headline":"Licitaci\u00f3n de los espacios verdes: Se realiz\u00f3 la tercera reuni\u00f3n de la comisi\u00f3n evaluadora","datePublished":"2025-04-07T23:22:24+00:00","dateModified":"2025-04-08T04:19:50+00:00","mainEntityOfPage":{"@id":"https:\/\/elregionalvm.com.ar\/noticias-villa-maria\/se-realizo-la-tercer-reunion-en-lo-que-del-ano-de-la-comision-evaluadora-para-la-licitacion-de-los-espacios-verdes\/"},"wordCount":277,"commentCount":0,"image":{"@id":"https:\/\/elregionalvm.com.ar\/noticias-villa-maria\/se-realizo-la-tercer-reunion-en-lo-que-del-ano-de-la-comision-evaluadora-para-la-licitacion-de-los-espacios-verdes\/#primaryimage"},"thumbnailUrl":"https:\/\/i0.wp.com\/elregionalvm.com.ar\/noticias-villa-maria\/wp-content\/uploads\/2025\/04\/WhatsApp-Image-2025-04-07-at-4.07.14-PM.jpeg?fit=1600%2C1066&ssl=1","articleSection":["destacado","Sociedad","Villa Mar\u00eda"],"inLanguage":"es","potentialAction":[{"@type":"CommentAction","name":"Comment","target":["https:\/\/elregionalvm.com.ar\/noticias-villa-maria\/se-realizo-la-tercer-reunion-en-lo-que-del-ano-de-la-comision-evaluadora-para-la-licitacion-de-los-espacios-verdes\/#respond"]}]},{"@type":"WebPage","@id":"https:\/\/elregionalvm.com.ar\/noticias-villa-maria\/se-realizo-la-tercer-reunion-en-lo-que-del-ano-de-la-comision-evaluadora-para-la-licitacion-de-los-espacios-verdes\/","url":"https:\/\/elregionalvm.com.ar\/noticias-villa-maria\/se-realizo-la-tercer-reunion-en-lo-que-del-ano-de-la-comision-evaluadora-para-la-licitacion-de-los-espacios-verdes\/","name":"Licitaci\u00f3n de los espacios verdes: Se realiz\u00f3 la tercera reuni\u00f3n de la comisi\u00f3n evaluadora - El Regional","isPartOf":{"@id":"http:\/\/elregionalvm.com.ar\/noticias-villa-maria\/#website"},"primaryImageOfPage":{"@id":"https:\/\/elregionalvm.com.ar\/noticias-villa-maria\/se-realizo-la-tercer-reunion-en-lo-que-del-ano-de-la-comision-evaluadora-para-la-licitacion-de-los-espacios-verdes\/#primaryimage"},"image":{"@id":"https:\/\/elregionalvm.com.ar\/noticias-villa-maria\/se-realizo-la-tercer-reunion-en-lo-que-del-ano-de-la-comision-evaluadora-para-la-licitacion-de-los-espacios-verdes\/#primaryimage"},"thumbnailUrl":"https:\/\/i0.wp.com\/elregionalvm.com.ar\/noticias-villa-maria\/wp-content\/uploads\/2025\/04\/WhatsApp-Image-2025-04-07-at-4.07.14-PM.jpeg?fit=1600%2C1066&ssl=1","datePublished":"2025-04-07T23:22:24+00:00","dateModified":"2025-04-08T04:19:50+00:00","author":{"@id":"http:\/\/elregionalvm.com.ar\/noticias-villa-maria\/#\/schema\/person\/a0fb9c422317faca23d50163151bc354"},"breadcrumb":{"@id":"https:\/\/elregionalvm.com.ar\/noticias-villa-maria\/se-realizo-la-tercer-reunion-en-lo-que-del-ano-de-la-comision-evaluadora-para-la-licitacion-de-los-espacios-verdes\/#breadcrumb"},"inLanguage":"es","potentialAction":[{"@type":"ReadAction","target":["https:\/\/elregionalvm.com.ar\/noticias-villa-maria\/se-realizo-la-tercer-reunion-en-lo-que-del-ano-de-la-comision-evaluadora-para-la-licitacion-de-los-espacios-verdes\/"]}]},{"@type":"ImageObject","inLanguage":"es","@id":"https:\/\/elregionalvm.com.ar\/noticias-villa-maria\/se-realizo-la-tercer-reunion-en-lo-que-del-ano-de-la-comision-evaluadora-para-la-licitacion-de-los-espacios-verdes\/#primaryimage","url":"https:\/\/i0.wp.com\/elregionalvm.com.ar\/noticias-villa-maria\/wp-content\/uploads\/2025\/04\/WhatsApp-Image-2025-04-07-at-4.07.14-PM.jpeg?fit=1600%2C1066&ssl=1","contentUrl":"https:\/\/i0.wp.com\/elregionalvm.com.ar\/noticias-villa-maria\/wp-content\/uploads\/2025\/04\/WhatsApp-Image-2025-04-07-at-4.07.14-PM.jpeg?fit=1600%2C1066&ssl=1","width":1600,"height":1066},{"@type":"BreadcrumbList","@id":"https:\/\/elregionalvm.com.ar\/noticias-villa-maria\/se-realizo-la-tercer-reunion-en-lo-que-del-ano-de-la-comision-evaluadora-para-la-licitacion-de-los-espacios-verdes\/#breadcrumb","itemListElement":[{"@type":"ListItem","position":1,"name":"Portada","item":"https:\/\/elregionalvm.com.ar\/noticias-villa-maria\/"},{"@type":"ListItem","position":2,"name":"Licitaci\u00f3n de los espacios verdes: Se realiz\u00f3 la tercera reuni\u00f3n de la comisi\u00f3n evaluadora"}]},{"@type":"WebSite","@id":"http:\/\/elregionalvm.com.ar\/noticias-villa-maria\/#website","url":"http:\/\/elregionalvm.com.ar\/noticias-villa-maria\/","name":"El Regional","description":"Mucho m\u00e1s que informaci\u00f3n","potentialAction":[{"@type":"SearchAction","target":{"@type":"EntryPoint","urlTemplate":"http:\/\/elregionalvm.com.ar\/noticias-villa-maria\/?s={search_term_string}"},"query-input":{"@type":"PropertyValueSpecification","valueRequired":true,"valueName":"search_term_string"}}],"inLanguage":"es"},{"@type":"Person","@id":"http:\/\/elregionalvm.com.ar\/noticias-villa-maria\/#\/schema\/person\/a0fb9c422317faca23d50163151bc354","name":"Contenidos El Regional","image":{"@type":"ImageObject","inLanguage":"es","@id":"http:\/\/elregionalvm.com.ar\/noticias-villa-maria\/#\/schema\/person\/image\/","url":"https:\/\/secure.gravatar.com\/avatar\/265b27cb2209af7bb3a1318f03305787d7981a5cc6e6cd08fe5a4ecdf99d4b48?s=96&d=mm&r=g","contentUrl":"https:\/\/secure.gravatar.com\/avatar\/265b27cb2209af7bb3a1318f03305787d7981a5cc6e6cd08fe5a4ecdf99d4b48?s=96&d=mm&r=g","caption":"Contenidos El Regional"},"url":"https:\/\/elregionalvm.com.ar\/noticias-villa-maria\/author\/contenido\/"}]}},"jetpack_featured_media_url":"https:\/\/i0.wp.com\/elregionalvm.com.ar\/noticias-villa-maria\/wp-content\/uploads\/2025\/04\/WhatsApp-Image-2025-04-07-at-4.07.14-PM.jpeg?fit=1600%2C1066&ssl=1","jetpack_sharing_enabled":true,"_links":{"self":[{"href":"https:\/\/elregionalvm.com.ar\/noticias-villa-maria\/wp-json\/wp\/v2\/posts\/105012","targetHints":{"allow":["GET"]}}],"collection":[{"href":"https:\/\/elregionalvm.com.ar\/noticias-villa-maria\/wp-json\/wp\/v2\/posts"}],"about":[{"href":"https:\/\/elregionalvm.com.ar\/noticias-villa-maria\/wp-json\/wp\/v2\/types\/post"}],"author":[{"embeddable":true,"href":"https:\/\/elregionalvm.com.ar\/noticias-villa-maria\/wp-json\/wp\/v2\/users\/4"}],"replies":[{"embeddable":true,"href":"https:\/\/elregionalvm.com.ar\/noticias-villa-maria\/wp-json\/wp\/v2\/comments?post=105012"}],"version-history":[{"count":2,"href":"https:\/\/elregionalvm.com.ar\/noticias-villa-maria\/wp-json\/wp\/v2\/posts\/105012\/revisions"}],"predecessor-version":[{"id":105030,"href":"https:\/\/elregionalvm.com.ar\/noticias-villa-maria\/wp-json\/wp\/v2\/posts\/105012\/revisions\/105030"}],"wp:featuredmedia":[{"embeddable":true,"href":"https:\/\/elregionalvm.com.ar\/noticias-villa-maria\/wp-json\/wp\/v2\/media\/105013"}],"wp:attachment":[{"href":"https:\/\/elregionalvm.com.ar\/noticias-villa-maria\/wp-json\/wp\/v2\/media?parent=105012"}],"wp:term":[{"taxonomy":"category","embeddable":true,"href":"https:\/\/elregionalvm.com.ar\/noticias-villa-maria\/wp-json\/wp\/v2\/categories?post=105012"},{"taxonomy":"post_tag","embeddable":true,"href":"https:\/\/elregionalvm.com.ar\/noticias-villa-maria\/wp-json\/wp\/v2\/tags?post=105012"}],"curies":[{"name":"wp","href":"https:\/\/api.w.org\/{rel}","templated":true}]}}