{"id":105019,"date":"2025-04-07T23:27:32","date_gmt":"2025-04-07T23:27:32","guid":{"rendered":"https:\/\/elregionalvm.com.ar\/noticias-villa-maria\/?p=105019"},"modified":"2025-04-08T04:20:39","modified_gmt":"2025-04-08T04:20:39","slug":"rio-tercero-creara-su-guardia-local-y-se-suma-al-programa-provincial","status":"publish","type":"post","link":"https:\/\/elregionalvm.com.ar\/noticias-villa-maria\/rio-tercero-creara-su-guardia-local-y-se-suma-al-programa-provincial\/","title":{"rendered":"R\u00edo Tercero crear\u00e1 su Guardia Local y se suma al programa provincial"},"content":{"rendered":"\n<p>El Gobierno de C\u00f3rdoba y la Municipalidad de R\u00edo Tercero formalizaron el ingreso de la localidad al programa Provincial de Guardias Locales de Prevenci\u00f3n y Convivencia.<\/p>\n\n\n\n<p>Cabe destacar que el pasado 3 de abril el Concejo Deliberante de R\u00edo Tercero sancion\u00f3 la ordenanza de adhesi\u00f3n a la Ley 10.954, la cual faculta a los municipios a crear sus respectivas Guardias Locales de Prevenci\u00f3n y Convivencia.<\/p>\n\n\n\n<p>Con la firma del convenio marco, se formaliz\u00f3 el ingreso del municipio al programa provincial, teniendo acceso a la capacitaci\u00f3n de sus futuros agentes, como as\u00ed tambi\u00e9n a las distintas gestiones para adquirir veh\u00edculos y otros recursos estrat\u00e9gicos en el marco de esta pol\u00edtica del Gobierno Provincial.<\/p>\n\n\n\n<p>En el Centro C\u00edvico, el ministro de Seguridad, Juan Pablo Quinteros, junto al secretario General de la Gobernaci\u00f3n, David Consalvi, y al secretario de Prevenci\u00f3n y Coordinaci\u00f3n Institucional, Jos\u00e9 Gualdoni, recibieron al intendente de la ciudad de R\u00edo Tercero, Marcos Ferrer.<\/p>\n\n\n\n<p><em>\u00abR\u00edo Tercero es una de las ciudades m\u00e1s importantes de C\u00f3rdoba, y con esta adhesi\u00f3n del municipio al programa de Guardias Locales podremos reforzar a\u00fan m\u00e1s el trabajo conjunto entre la Provincia, la Municipalidad y la Polic\u00eda de C\u00f3rdoba. Adem\u00e1s, crearemos en R\u00edo Tercero una sede para capacitar agentes de Guardias Locales de toda la regi\u00f3n de Tercero Arriba\u00bb<\/em>, se\u00f1al\u00f3 el ministro de Seguridad.<\/p>\n\n\n\n<p><em>\u00abYa son m\u00e1s de 100 los municipios que han inaugurado sus Guardias Locales. Desde el Ministerio de Seguridad ya hemos capacitado a m\u00e1s de 1.800 agentes, entregado m\u00e1s de 140 veh\u00edculos, adem\u00e1s de chalecos t\u00e1cticos, y en algunos casos hasta armas menos letales. El objetivo de este programa es ordenar el territorio provincial desde el punto de vista de la prevenci\u00f3n, colaborando estrechamente con cada intendente, desde una visi\u00f3n profundamente federal\u00bb,<\/em>&nbsp;cerr\u00f3 Quinteros.<\/p>\n\n\n\n<p>Por su parte, concluy\u00f3:&nbsp;<em>\u00abPara nuestra gesti\u00f3n municipal la Guardia Local ser\u00e1 una gran herramienta para acompa\u00f1ar el trabajo del Ministerio de Seguridad en el proceso de reordenar la seguridad en la ciudad de R\u00edo Tercero. El equipamiento y la capacitaci\u00f3n son fundamentales para poder trabajar en conjunto con las fuerzas de seguridad. Juntos, los gobiernos Provincial y Municipal, podremos brindarle m\u00e1s y mejores soluciones a nuestros ciudadanos\u00bb.<\/em><\/p>\n","protected":false},"excerpt":{"rendered":"<p>El Gobierno de C\u00f3rdoba y la Municipalidad de R\u00edo Tercero formalizaron el ingreso de la localidad al programa Provincial de Guardias Locales de Prevenci\u00f3n y Convivencia. Cabe destacar que el pasado 3 de abril el Concejo Deliberante de R\u00edo Tercero sancion\u00f3 la ordenanza de adhesi\u00f3n a la Ley 10.954, la cual faculta a los municipios [&hellip;]<\/p>\n","protected":false},"author":4,"featured_media":105020,"comment_status":"open","ping_status":"open","sticky":false,"template":"","format":"standard","meta":{"site-sidebar-layout":"default","site-content-layout":"","ast-site-content-layout":"default","site-content-style":"default","site-sidebar-style":"default","ast-global-header-display":"","ast-banner-title-visibility":"","ast-main-header-display":"","ast-hfb-above-header-display":"","ast-hfb-below-header-display":"","ast-hfb-mobile-header-display":"","site-post-title":"","ast-breadcrumbs-content":"","ast-featured-img":"","footer-sml-layout":"","ast-disable-related-posts":"","theme-transparent-header-meta":"","adv-header-id-meta":"","stick-header-meta":"","header-above-stick-meta":"","header-main-stick-meta":"","header-below-stick-meta":"","astra-migrate-meta-layouts":"set","ast-page-background-enabled":"default","ast-page-background-meta":{"desktop":{"background-color":"","background-image":"","background-repeat":"repeat","background-position":"center center","background-size":"auto","background-attachment":"scroll","background-type":"","background-media":"","overlay-type":"","overlay-color":"","overlay-opacity":"","overlay-gradient":""},"tablet":{"background-color":"","background-image":"","background-repeat":"repeat","background-position":"center center","background-size":"auto","background-attachment":"scroll","background-type":"","background-media":"","overlay-type":"","overlay-color":"","overlay-opacity":"","overlay-gradient":""},"mobile":{"background-color":"","background-image":"","background-repeat":"repeat","background-position":"center center","background-size":"auto","background-attachment":"scroll","background-type":"","background-media":"","overlay-type":"","overlay-color":"","overlay-opacity":"","overlay-gradient":""}},"ast-content-background-meta":{"desktop":{"background-color":"var(--ast-global-color-5)","background-image":"","background-repeat":"repeat","background-position":"center center","background-size":"auto","background-attachment":"scroll","background-type":"","background-media":"","overlay-type":"","overlay-color":"","overlay-opacity":"","overlay-gradient":""},"tablet":{"background-color":"var(--ast-global-color-5)","background-image":"","background-repeat":"repeat","background-position":"center center","background-size":"auto","background-attachment":"scroll","background-type":"","background-media":"","overlay-type":"","overlay-color":"","overlay-opacity":"","overlay-gradient":""},"mobile":{"background-color":"var(--ast-global-color-5)","background-image":"","background-repeat":"repeat","background-position":"center center","background-size":"auto","background-attachment":"scroll","background-type":"","background-media":"","overlay-type":"","overlay-color":"","overlay-opacity":"","overlay-gradient":""}},"_jetpack_memberships_contains_paid_content":false,"_joinchat":[],"footnotes":""},"categories":[16095,5],"tags":[],"class_list":["post-105019","post","type-post","status-publish","format-standard","has-post-thumbnail","hentry","category-provinciales","category-sociedad"],"yoast_head":"<!-- This site is optimized with the Yoast SEO plugin v26.8 - https:\/\/yoast.com\/product\/yoast-seo-wordpress\/ -->\n<title>R\u00edo Tercero crear\u00e1 su Guardia Local y se suma al programa provincial - El Regional<\/title>\n<meta name=\"robots\" content=\"index, follow, max-snippet:-1, max-image-preview:large, max-video-preview:-1\" \/>\n<link rel=\"canonical\" href=\"https:\/\/elregionalvm.com.ar\/noticias-villa-maria\/rio-tercero-creara-su-guardia-local-y-se-suma-al-programa-provincial\/\" \/>\n<meta property=\"og:locale\" content=\"es_ES\" \/>\n<meta property=\"og:type\" content=\"article\" \/>\n<meta property=\"og:title\" content=\"R\u00edo Tercero crear\u00e1 su Guardia Local y se suma al programa provincial - El Regional\" \/>\n<meta property=\"og:description\" content=\"El Gobierno de C\u00f3rdoba y la Municipalidad de R\u00edo Tercero formalizaron el ingreso de la localidad al programa Provincial de Guardias Locales de Prevenci\u00f3n y Convivencia. Cabe destacar que el pasado 3 de abril el Concejo Deliberante de R\u00edo Tercero sancion\u00f3 la ordenanza de adhesi\u00f3n a la Ley 10.954, la cual faculta a los municipios [&hellip;]\" \/>\n<meta property=\"og:url\" content=\"https:\/\/elregionalvm.com.ar\/noticias-villa-maria\/rio-tercero-creara-su-guardia-local-y-se-suma-al-programa-provincial\/\" \/>\n<meta property=\"og:site_name\" content=\"El Regional\" \/>\n<meta property=\"article:publisher\" content=\"https:\/\/www.facebook.com\/elregionalvm\" \/>\n<meta property=\"article:published_time\" content=\"2025-04-07T23:27:32+00:00\" \/>\n<meta property=\"article:modified_time\" content=\"2025-04-08T04:20:39+00:00\" \/>\n<meta property=\"og:image\" content=\"https:\/\/elregionalvm.com.ar\/noticias-villa-maria\/wp-content\/uploads\/2025\/04\/WhatsApp-Image-2025-04-07-at-18.43.12-1-1024x682-1.jpeg\" \/>\n\t<meta property=\"og:image:width\" content=\"1024\" \/>\n\t<meta property=\"og:image:height\" content=\"682\" \/>\n\t<meta property=\"og:image:type\" content=\"image\/jpeg\" \/>\n<meta name=\"author\" content=\"Contenidos El Regional\" \/>\n<meta name=\"twitter:card\" content=\"summary_large_image\" \/>\n<meta name=\"twitter:creator\" content=\"@elregionalvm1\" \/>\n<meta name=\"twitter:site\" content=\"@elregionalvm1\" \/>\n<meta name=\"twitter:label1\" content=\"Escrito por\" \/>\n\t<meta name=\"twitter:data1\" content=\"Contenidos El Regional\" \/>\n\t<meta name=\"twitter:label2\" content=\"Tiempo de lectura\" \/>\n\t<meta name=\"twitter:data2\" content=\"2 minutos\" \/>\n<script type=\"application\/ld+json\" class=\"yoast-schema-graph\">{\"@context\":\"https:\/\/schema.org\",\"@graph\":[{\"@type\":\"Article\",\"@id\":\"https:\/\/elregionalvm.com.ar\/noticias-villa-maria\/rio-tercero-creara-su-guardia-local-y-se-suma-al-programa-provincial\/#article\",\"isPartOf\":{\"@id\":\"https:\/\/elregionalvm.com.ar\/noticias-villa-maria\/rio-tercero-creara-su-guardia-local-y-se-suma-al-programa-provincial\/\"},\"author\":{\"name\":\"Contenidos El Regional\",\"@id\":\"http:\/\/elregionalvm.com.ar\/noticias-villa-maria\/#\/schema\/person\/a0fb9c422317faca23d50163151bc354\"},\"headline\":\"R\u00edo Tercero crear\u00e1 su Guardia Local y se suma al programa provincial\",\"datePublished\":\"2025-04-07T23:27:32+00:00\",\"dateModified\":\"2025-04-08T04:20:39+00:00\",\"mainEntityOfPage\":{\"@id\":\"https:\/\/elregionalvm.com.ar\/noticias-villa-maria\/rio-tercero-creara-su-guardia-local-y-se-suma-al-programa-provincial\/\"},\"wordCount\":409,\"commentCount\":0,\"image\":{\"@id\":\"https:\/\/elregionalvm.com.ar\/noticias-villa-maria\/rio-tercero-creara-su-guardia-local-y-se-suma-al-programa-provincial\/#primaryimage\"},\"thumbnailUrl\":\"https:\/\/i0.wp.com\/elregionalvm.com.ar\/noticias-villa-maria\/wp-content\/uploads\/2025\/04\/WhatsApp-Image-2025-04-07-at-18.43.12-1-1024x682-1.jpeg?fit=1024%2C682&ssl=1\",\"articleSection\":[\"Provinciales\",\"Sociedad\"],\"inLanguage\":\"es\",\"potentialAction\":[{\"@type\":\"CommentAction\",\"name\":\"Comment\",\"target\":[\"https:\/\/elregionalvm.com.ar\/noticias-villa-maria\/rio-tercero-creara-su-guardia-local-y-se-suma-al-programa-provincial\/#respond\"]}]},{\"@type\":\"WebPage\",\"@id\":\"https:\/\/elregionalvm.com.ar\/noticias-villa-maria\/rio-tercero-creara-su-guardia-local-y-se-suma-al-programa-provincial\/\",\"url\":\"https:\/\/elregionalvm.com.ar\/noticias-villa-maria\/rio-tercero-creara-su-guardia-local-y-se-suma-al-programa-provincial\/\",\"name\":\"R\u00edo Tercero crear\u00e1 su Guardia Local y se suma al programa provincial - El Regional\",\"isPartOf\":{\"@id\":\"http:\/\/elregionalvm.com.ar\/noticias-villa-maria\/#website\"},\"primaryImageOfPage\":{\"@id\":\"https:\/\/elregionalvm.com.ar\/noticias-villa-maria\/rio-tercero-creara-su-guardia-local-y-se-suma-al-programa-provincial\/#primaryimage\"},\"image\":{\"@id\":\"https:\/\/elregionalvm.com.ar\/noticias-villa-maria\/rio-tercero-creara-su-guardia-local-y-se-suma-al-programa-provincial\/#primaryimage\"},\"thumbnailUrl\":\"https:\/\/i0.wp.com\/elregionalvm.com.ar\/noticias-villa-maria\/wp-content\/uploads\/2025\/04\/WhatsApp-Image-2025-04-07-at-18.43.12-1-1024x682-1.jpeg?fit=1024%2C682&ssl=1\",\"datePublished\":\"2025-04-07T23:27:32+00:00\",\"dateModified\":\"2025-04-08T04:20:39+00:00\",\"author\":{\"@id\":\"http:\/\/elregionalvm.com.ar\/noticias-villa-maria\/#\/schema\/person\/a0fb9c422317faca23d50163151bc354\"},\"breadcrumb\":{\"@id\":\"https:\/\/elregionalvm.com.ar\/noticias-villa-maria\/rio-tercero-creara-su-guardia-local-y-se-suma-al-programa-provincial\/#breadcrumb\"},\"inLanguage\":\"es\",\"potentialAction\":[{\"@type\":\"ReadAction\",\"target\":[\"https:\/\/elregionalvm.com.ar\/noticias-villa-maria\/rio-tercero-creara-su-guardia-local-y-se-suma-al-programa-provincial\/\"]}]},{\"@type\":\"ImageObject\",\"inLanguage\":\"es\",\"@id\":\"https:\/\/elregionalvm.com.ar\/noticias-villa-maria\/rio-tercero-creara-su-guardia-local-y-se-suma-al-programa-provincial\/#primaryimage\",\"url\":\"https:\/\/i0.wp.com\/elregionalvm.com.ar\/noticias-villa-maria\/wp-content\/uploads\/2025\/04\/WhatsApp-Image-2025-04-07-at-18.43.12-1-1024x682-1.jpeg?fit=1024%2C682&ssl=1\",\"contentUrl\":\"https:\/\/i0.wp.com\/elregionalvm.com.ar\/noticias-villa-maria\/wp-content\/uploads\/2025\/04\/WhatsApp-Image-2025-04-07-at-18.43.12-1-1024x682-1.jpeg?fit=1024%2C682&ssl=1\",\"width\":1024,\"height\":682},{\"@type\":\"BreadcrumbList\",\"@id\":\"https:\/\/elregionalvm.com.ar\/noticias-villa-maria\/rio-tercero-creara-su-guardia-local-y-se-suma-al-programa-provincial\/#breadcrumb\",\"itemListElement\":[{\"@type\":\"ListItem\",\"position\":1,\"name\":\"Portada\",\"item\":\"https:\/\/elregionalvm.com.ar\/noticias-villa-maria\/\"},{\"@type\":\"ListItem\",\"position\":2,\"name\":\"R\u00edo Tercero crear\u00e1 su Guardia Local y se suma al programa provincial\"}]},{\"@type\":\"WebSite\",\"@id\":\"http:\/\/elregionalvm.com.ar\/noticias-villa-maria\/#website\",\"url\":\"http:\/\/elregionalvm.com.ar\/noticias-villa-maria\/\",\"name\":\"El Regional\",\"description\":\"Mucho m\u00e1s que informaci\u00f3n\",\"potentialAction\":[{\"@type\":\"SearchAction\",\"target\":{\"@type\":\"EntryPoint\",\"urlTemplate\":\"http:\/\/elregionalvm.com.ar\/noticias-villa-maria\/?s={search_term_string}\"},\"query-input\":{\"@type\":\"PropertyValueSpecification\",\"valueRequired\":true,\"valueName\":\"search_term_string\"}}],\"inLanguage\":\"es\"},{\"@type\":\"Person\",\"@id\":\"http:\/\/elregionalvm.com.ar\/noticias-villa-maria\/#\/schema\/person\/a0fb9c422317faca23d50163151bc354\",\"name\":\"Contenidos El Regional\",\"image\":{\"@type\":\"ImageObject\",\"inLanguage\":\"es\",\"@id\":\"http:\/\/elregionalvm.com.ar\/noticias-villa-maria\/#\/schema\/person\/image\/\",\"url\":\"https:\/\/secure.gravatar.com\/avatar\/265b27cb2209af7bb3a1318f03305787d7981a5cc6e6cd08fe5a4ecdf99d4b48?s=96&d=mm&r=g\",\"contentUrl\":\"https:\/\/secure.gravatar.com\/avatar\/265b27cb2209af7bb3a1318f03305787d7981a5cc6e6cd08fe5a4ecdf99d4b48?s=96&d=mm&r=g\",\"caption\":\"Contenidos El Regional\"},\"url\":\"https:\/\/elregionalvm.com.ar\/noticias-villa-maria\/author\/contenido\/\"}]}<\/script>\n<!-- \/ Yoast SEO plugin. -->","yoast_head_json":{"title":"R\u00edo Tercero crear\u00e1 su Guardia Local y se suma al programa provincial - El Regional","robots":{"index":"index","follow":"follow","max-snippet":"max-snippet:-1","max-image-preview":"max-image-preview:large","max-video-preview":"max-video-preview:-1"},"canonical":"https:\/\/elregionalvm.com.ar\/noticias-villa-maria\/rio-tercero-creara-su-guardia-local-y-se-suma-al-programa-provincial\/","og_locale":"es_ES","og_type":"article","og_title":"R\u00edo Tercero crear\u00e1 su Guardia Local y se suma al programa provincial - El Regional","og_description":"El Gobierno de C\u00f3rdoba y la Municipalidad de R\u00edo Tercero formalizaron el ingreso de la localidad al programa Provincial de Guardias Locales de Prevenci\u00f3n y Convivencia. Cabe destacar que el pasado 3 de abril el Concejo Deliberante de R\u00edo Tercero sancion\u00f3 la ordenanza de adhesi\u00f3n a la Ley 10.954, la cual faculta a los municipios [&hellip;]","og_url":"https:\/\/elregionalvm.com.ar\/noticias-villa-maria\/rio-tercero-creara-su-guardia-local-y-se-suma-al-programa-provincial\/","og_site_name":"El Regional","article_publisher":"https:\/\/www.facebook.com\/elregionalvm","article_published_time":"2025-04-07T23:27:32+00:00","article_modified_time":"2025-04-08T04:20:39+00:00","og_image":[{"width":1024,"height":682,"url":"https:\/\/elregionalvm.com.ar\/noticias-villa-maria\/wp-content\/uploads\/2025\/04\/WhatsApp-Image-2025-04-07-at-18.43.12-1-1024x682-1.jpeg","type":"image\/jpeg"}],"author":"Contenidos El Regional","twitter_card":"summary_large_image","twitter_creator":"@elregionalvm1","twitter_site":"@elregionalvm1","twitter_misc":{"Escrito por":"Contenidos El Regional","Tiempo de lectura":"2 minutos"},"schema":{"@context":"https:\/\/schema.org","@graph":[{"@type":"Article","@id":"https:\/\/elregionalvm.com.ar\/noticias-villa-maria\/rio-tercero-creara-su-guardia-local-y-se-suma-al-programa-provincial\/#article","isPartOf":{"@id":"https:\/\/elregionalvm.com.ar\/noticias-villa-maria\/rio-tercero-creara-su-guardia-local-y-se-suma-al-programa-provincial\/"},"author":{"name":"Contenidos El Regional","@id":"http:\/\/elregionalvm.com.ar\/noticias-villa-maria\/#\/schema\/person\/a0fb9c422317faca23d50163151bc354"},"headline":"R\u00edo Tercero crear\u00e1 su Guardia Local y se suma al programa provincial","datePublished":"2025-04-07T23:27:32+00:00","dateModified":"2025-04-08T04:20:39+00:00","mainEntityOfPage":{"@id":"https:\/\/elregionalvm.com.ar\/noticias-villa-maria\/rio-tercero-creara-su-guardia-local-y-se-suma-al-programa-provincial\/"},"wordCount":409,"commentCount":0,"image":{"@id":"https:\/\/elregionalvm.com.ar\/noticias-villa-maria\/rio-tercero-creara-su-guardia-local-y-se-suma-al-programa-provincial\/#primaryimage"},"thumbnailUrl":"https:\/\/i0.wp.com\/elregionalvm.com.ar\/noticias-villa-maria\/wp-content\/uploads\/2025\/04\/WhatsApp-Image-2025-04-07-at-18.43.12-1-1024x682-1.jpeg?fit=1024%2C682&ssl=1","articleSection":["Provinciales","Sociedad"],"inLanguage":"es","potentialAction":[{"@type":"CommentAction","name":"Comment","target":["https:\/\/elregionalvm.com.ar\/noticias-villa-maria\/rio-tercero-creara-su-guardia-local-y-se-suma-al-programa-provincial\/#respond"]}]},{"@type":"WebPage","@id":"https:\/\/elregionalvm.com.ar\/noticias-villa-maria\/rio-tercero-creara-su-guardia-local-y-se-suma-al-programa-provincial\/","url":"https:\/\/elregionalvm.com.ar\/noticias-villa-maria\/rio-tercero-creara-su-guardia-local-y-se-suma-al-programa-provincial\/","name":"R\u00edo Tercero crear\u00e1 su Guardia Local y se suma al programa provincial - El Regional","isPartOf":{"@id":"http:\/\/elregionalvm.com.ar\/noticias-villa-maria\/#website"},"primaryImageOfPage":{"@id":"https:\/\/elregionalvm.com.ar\/noticias-villa-maria\/rio-tercero-creara-su-guardia-local-y-se-suma-al-programa-provincial\/#primaryimage"},"image":{"@id":"https:\/\/elregionalvm.com.ar\/noticias-villa-maria\/rio-tercero-creara-su-guardia-local-y-se-suma-al-programa-provincial\/#primaryimage"},"thumbnailUrl":"https:\/\/i0.wp.com\/elregionalvm.com.ar\/noticias-villa-maria\/wp-content\/uploads\/2025\/04\/WhatsApp-Image-2025-04-07-at-18.43.12-1-1024x682-1.jpeg?fit=1024%2C682&ssl=1","datePublished":"2025-04-07T23:27:32+00:00","dateModified":"2025-04-08T04:20:39+00:00","author":{"@id":"http:\/\/elregionalvm.com.ar\/noticias-villa-maria\/#\/schema\/person\/a0fb9c422317faca23d50163151bc354"},"breadcrumb":{"@id":"https:\/\/elregionalvm.com.ar\/noticias-villa-maria\/rio-tercero-creara-su-guardia-local-y-se-suma-al-programa-provincial\/#breadcrumb"},"inLanguage":"es","potentialAction":[{"@type":"ReadAction","target":["https:\/\/elregionalvm.com.ar\/noticias-villa-maria\/rio-tercero-creara-su-guardia-local-y-se-suma-al-programa-provincial\/"]}]},{"@type":"ImageObject","inLanguage":"es","@id":"https:\/\/elregionalvm.com.ar\/noticias-villa-maria\/rio-tercero-creara-su-guardia-local-y-se-suma-al-programa-provincial\/#primaryimage","url":"https:\/\/i0.wp.com\/elregionalvm.com.ar\/noticias-villa-maria\/wp-content\/uploads\/2025\/04\/WhatsApp-Image-2025-04-07-at-18.43.12-1-1024x682-1.jpeg?fit=1024%2C682&ssl=1","contentUrl":"https:\/\/i0.wp.com\/elregionalvm.com.ar\/noticias-villa-maria\/wp-content\/uploads\/2025\/04\/WhatsApp-Image-2025-04-07-at-18.43.12-1-1024x682-1.jpeg?fit=1024%2C682&ssl=1","width":1024,"height":682},{"@type":"BreadcrumbList","@id":"https:\/\/elregionalvm.com.ar\/noticias-villa-maria\/rio-tercero-creara-su-guardia-local-y-se-suma-al-programa-provincial\/#breadcrumb","itemListElement":[{"@type":"ListItem","position":1,"name":"Portada","item":"https:\/\/elregionalvm.com.ar\/noticias-villa-maria\/"},{"@type":"ListItem","position":2,"name":"R\u00edo Tercero crear\u00e1 su Guardia Local y se suma al programa provincial"}]},{"@type":"WebSite","@id":"http:\/\/elregionalvm.com.ar\/noticias-villa-maria\/#website","url":"http:\/\/elregionalvm.com.ar\/noticias-villa-maria\/","name":"El Regional","description":"Mucho m\u00e1s que informaci\u00f3n","potentialAction":[{"@type":"SearchAction","target":{"@type":"EntryPoint","urlTemplate":"http:\/\/elregionalvm.com.ar\/noticias-villa-maria\/?s={search_term_string}"},"query-input":{"@type":"PropertyValueSpecification","valueRequired":true,"valueName":"search_term_string"}}],"inLanguage":"es"},{"@type":"Person","@id":"http:\/\/elregionalvm.com.ar\/noticias-villa-maria\/#\/schema\/person\/a0fb9c422317faca23d50163151bc354","name":"Contenidos El Regional","image":{"@type":"ImageObject","inLanguage":"es","@id":"http:\/\/elregionalvm.com.ar\/noticias-villa-maria\/#\/schema\/person\/image\/","url":"https:\/\/secure.gravatar.com\/avatar\/265b27cb2209af7bb3a1318f03305787d7981a5cc6e6cd08fe5a4ecdf99d4b48?s=96&d=mm&r=g","contentUrl":"https:\/\/secure.gravatar.com\/avatar\/265b27cb2209af7bb3a1318f03305787d7981a5cc6e6cd08fe5a4ecdf99d4b48?s=96&d=mm&r=g","caption":"Contenidos El Regional"},"url":"https:\/\/elregionalvm.com.ar\/noticias-villa-maria\/author\/contenido\/"}]}},"jetpack_featured_media_url":"https:\/\/i0.wp.com\/elregionalvm.com.ar\/noticias-villa-maria\/wp-content\/uploads\/2025\/04\/WhatsApp-Image-2025-04-07-at-18.43.12-1-1024x682-1.jpeg?fit=1024%2C682&ssl=1","jetpack_sharing_enabled":true,"_links":{"self":[{"href":"https:\/\/elregionalvm.com.ar\/noticias-villa-maria\/wp-json\/wp\/v2\/posts\/105019","targetHints":{"allow":["GET"]}}],"collection":[{"href":"https:\/\/elregionalvm.com.ar\/noticias-villa-maria\/wp-json\/wp\/v2\/posts"}],"about":[{"href":"https:\/\/elregionalvm.com.ar\/noticias-villa-maria\/wp-json\/wp\/v2\/types\/post"}],"author":[{"embeddable":true,"href":"https:\/\/elregionalvm.com.ar\/noticias-villa-maria\/wp-json\/wp\/v2\/users\/4"}],"replies":[{"embeddable":true,"href":"https:\/\/elregionalvm.com.ar\/noticias-villa-maria\/wp-json\/wp\/v2\/comments?post=105019"}],"version-history":[{"count":1,"href":"https:\/\/elregionalvm.com.ar\/noticias-villa-maria\/wp-json\/wp\/v2\/posts\/105019\/revisions"}],"predecessor-version":[{"id":105021,"href":"https:\/\/elregionalvm.com.ar\/noticias-villa-maria\/wp-json\/wp\/v2\/posts\/105019\/revisions\/105021"}],"wp:featuredmedia":[{"embeddable":true,"href":"https:\/\/elregionalvm.com.ar\/noticias-villa-maria\/wp-json\/wp\/v2\/media\/105020"}],"wp:attachment":[{"href":"https:\/\/elregionalvm.com.ar\/noticias-villa-maria\/wp-json\/wp\/v2\/media?parent=105019"}],"wp:term":[{"taxonomy":"category","embeddable":true,"href":"https:\/\/elregionalvm.com.ar\/noticias-villa-maria\/wp-json\/wp\/v2\/categories?post=105019"},{"taxonomy":"post_tag","embeddable":true,"href":"https:\/\/elregionalvm.com.ar\/noticias-villa-maria\/wp-json\/wp\/v2\/tags?post=105019"}],"curies":[{"name":"wp","href":"https:\/\/api.w.org\/{rel}","templated":true}]}}