{"id":105118,"date":"2025-04-10T14:39:45","date_gmt":"2025-04-10T14:39:45","guid":{"rendered":"https:\/\/elregionalvm.com.ar\/noticias-villa-maria\/?p=105118"},"modified":"2025-04-10T14:39:47","modified_gmt":"2025-04-10T14:39:47","slug":"apross-ampliara-las-prestaciones-en-villa-maria-y-la-region-navarro-participo-de-la-firma-de-convenios","status":"publish","type":"post","link":"https:\/\/elregionalvm.com.ar\/noticias-villa-maria\/apross-ampliara-las-prestaciones-en-villa-maria-y-la-region-navarro-participo-de-la-firma-de-convenios\/","title":{"rendered":"Apross ampliar\u00e1 las prestaciones en Villa Mar\u00eda y la regi\u00f3n: Navarro particip\u00f3 de la firma de convenios"},"content":{"rendered":"\n<p>La legisladora provincial Ver\u00f3nica Navarro Alegre particip\u00f3 de la firma de convenios de las autoridades provinciales de Apross con instituciones privadas y p\u00fablicas de la ciudad.<\/p>\n\n\n\n<p>Estos acuerdos permitir\u00e1n ampliar las prestaciones que tiene la obra social provincial en Villa Mar\u00eda y la regi\u00f3n.<\/p>\n\n\n\n<p>Desde hace tiempo, la legisladora viene avanzando en la gesti\u00f3n, junto a autoridades del Ministerio de Salud de la Provincia y de la Apross, con el objetivo de ampliar las prestaciones de la obra social hacia nuestra regi\u00f3n, a fin de que los afiliados no tengan que viajar hasta C\u00f3rdoba para realizarse estudios.<\/p>\n\n\n\n<p>Junto a Pablo Ventoruzzi, presidente de Apross, y Facundo Barrabino, director General de la entidad, la legisladora provincial visit\u00f3 primero el Grupo Roentgen y luego mantuvieron un encuentro con las autoridades del Hospital Regional Pasteur.<\/p>\n\n\n\n<p>En ambas actividades tambi\u00e9n particip\u00f3 el secretario General del Sindicato de Empleados P\u00fablicos de C\u00f3rdoba (SEP), Sergio Castro, y referentes locales de ese gremio.<\/p>\n\n\n\n<p>En este sentido, las autoridades del SEP suscribieron el convenio para que sus afiliados no tengan que abonar coseguros para realizarse estudios en dichos establecimientos.<\/p>\n\n\n\n<p><\/p>\n\n\n\n<figure class=\"wp-block-image size-full\"><img data-recalc-dims=\"1\" fetchpriority=\"high\" decoding=\"async\" width=\"993\" height=\"662\" src=\"https:\/\/i0.wp.com\/elregionalvm.com.ar\/noticias-villa-maria\/wp-content\/uploads\/2023\/09\/Foto-Portada-Nuevo-Frente-Apross-2-1.jpg?resize=993%2C662&#038;ssl=1\" alt=\"\" class=\"wp-image-83435\" srcset=\"https:\/\/i0.wp.com\/elregionalvm.com.ar\/noticias-villa-maria\/wp-content\/uploads\/2023\/09\/Foto-Portada-Nuevo-Frente-Apross-2-1.jpg?w=993&amp;ssl=1 993w, https:\/\/i0.wp.com\/elregionalvm.com.ar\/noticias-villa-maria\/wp-content\/uploads\/2023\/09\/Foto-Portada-Nuevo-Frente-Apross-2-1.jpg?resize=300%2C200&amp;ssl=1 300w, https:\/\/i0.wp.com\/elregionalvm.com.ar\/noticias-villa-maria\/wp-content\/uploads\/2023\/09\/Foto-Portada-Nuevo-Frente-Apross-2-1.jpg?resize=768%2C512&amp;ssl=1 768w\" sizes=\"(max-width: 993px) 100vw, 993px\" \/><\/figure>\n\n\n\n<p><\/p>\n\n\n\n<p><strong>Avances<\/strong><\/p>\n\n\n\n<p>En los \u00faltimos d\u00edas, por caso, tambi\u00e9n se logr\u00f3 un avance significativo con una deuda hist\u00f3rica de la Apross en la provincia, como es la igualaci\u00f3n de los pagos a prestadores de personas con discapacidad, a las tarifas nacionales.<\/p>\n\n\n\n<p>Es un tema que se viene abordando en la Comisi\u00f3n de Discapacidad de la Legislatura de C\u00f3rdoba, de la cual Ver\u00f3nica Navarro Alegre es vicepresidenta.<\/p>\n\n\n\n<p><strong>Semillas<\/strong><\/p>\n\n\n\n<p>Por otro lado, Navarro Alegre, acompa\u00f1\u00f3 a referentes de la Agencia Zonal del Ministerio de Bioagroindustria de C\u00f3rdoba, que visitaron Villa Mar\u00eda para realizar la entrega de m\u00e1s de 550 kits de semillas del programa \u201cLa Huerta en Tu Hogar\u201d.<\/p>\n\n\n\n<p>De la actividad particip\u00f3 tambi\u00e9n la secretaria de Educaci\u00f3n de Villa Mar\u00eda, Adela Guirardelli.<\/p>\n\n\n\n<p><\/p>\n\n\n\n<figure class=\"wp-block-image size-large\"><img data-recalc-dims=\"1\" decoding=\"async\" width=\"1024\" height=\"768\" src=\"https:\/\/i0.wp.com\/elregionalvm.com.ar\/noticias-villa-maria\/wp-content\/uploads\/2025\/04\/Navarro-kit-semillas.jpg?resize=1024%2C768&#038;ssl=1\" alt=\"\" class=\"wp-image-105121\" srcset=\"https:\/\/i0.wp.com\/elregionalvm.com.ar\/noticias-villa-maria\/wp-content\/uploads\/2025\/04\/Navarro-kit-semillas.jpg?resize=1024%2C768&amp;ssl=1 1024w, https:\/\/i0.wp.com\/elregionalvm.com.ar\/noticias-villa-maria\/wp-content\/uploads\/2025\/04\/Navarro-kit-semillas.jpg?resize=300%2C225&amp;ssl=1 300w, https:\/\/i0.wp.com\/elregionalvm.com.ar\/noticias-villa-maria\/wp-content\/uploads\/2025\/04\/Navarro-kit-semillas.jpg?resize=768%2C576&amp;ssl=1 768w, https:\/\/i0.wp.com\/elregionalvm.com.ar\/noticias-villa-maria\/wp-content\/uploads\/2025\/04\/Navarro-kit-semillas.jpg?w=1200&amp;ssl=1 1200w\" sizes=\"(max-width: 1000px) 100vw, 1000px\" \/><\/figure>\n\n\n\n<p><\/p>\n\n\n\n<p>Una gran cantidad de huerteros de Villa Mar\u00eda y localidades de la zona se acercaron a recibir sus kits de semillas y participar en una charla de capacitaci\u00f3n sobre la implantaci\u00f3n de cultivos, a cargo de t\u00e9cnicos de Agricultura.<\/p>\n\n\n\n<p>El Programa Provincial \u201cLa Huerta en Tu Hogar\u201d, tiene varios a\u00f1os de existencia y entrega a sus participantes los kits de semillas estacionales para llevar a cabo la huerta en el hogar, o tambi\u00e9n en distintas instituciones.<\/p>\n\n\n\n<p>Adem\u00e1s de esto, se brindan capacitaciones a los beneficiarios para conocer m\u00e1s sobre la tem\u00e1tica y poder desarrollar los emprendimientos propios a lo largo del tiempo.<\/p>\n","protected":false},"excerpt":{"rendered":"<p>La legisladora provincial Ver\u00f3nica Navarro Alegre particip\u00f3 de la firma de convenios de las autoridades provinciales de Apross con instituciones privadas y p\u00fablicas de la ciudad. Estos acuerdos permitir\u00e1n ampliar las prestaciones que tiene la obra social provincial en Villa Mar\u00eda y la regi\u00f3n. Desde hace tiempo, la legisladora viene avanzando en la gesti\u00f3n, junto [&hellip;]<\/p>\n","protected":false},"author":4,"featured_media":105120,"comment_status":"open","ping_status":"open","sticky":false,"template":"","format":"standard","meta":{"site-sidebar-layout":"default","site-content-layout":"","ast-site-content-layout":"default","site-content-style":"default","site-sidebar-style":"default","ast-global-header-display":"","ast-banner-title-visibility":"","ast-main-header-display":"","ast-hfb-above-header-display":"","ast-hfb-below-header-display":"","ast-hfb-mobile-header-display":"","site-post-title":"","ast-breadcrumbs-content":"","ast-featured-img":"","footer-sml-layout":"","ast-disable-related-posts":"","theme-transparent-header-meta":"","adv-header-id-meta":"","stick-header-meta":"","header-above-stick-meta":"","header-main-stick-meta":"","header-below-stick-meta":"","astra-migrate-meta-layouts":"set","ast-page-background-enabled":"default","ast-page-background-meta":{"desktop":{"background-color":"","background-image":"","background-repeat":"repeat","background-position":"center center","background-size":"auto","background-attachment":"scroll","background-type":"","background-media":"","overlay-type":"","overlay-color":"","overlay-opacity":"","overlay-gradient":""},"tablet":{"background-color":"","background-image":"","background-repeat":"repeat","background-position":"center center","background-size":"auto","background-attachment":"scroll","background-type":"","background-media":"","overlay-type":"","overlay-color":"","overlay-opacity":"","overlay-gradient":""},"mobile":{"background-color":"","background-image":"","background-repeat":"repeat","background-position":"center center","background-size":"auto","background-attachment":"scroll","background-type":"","background-media":"","overlay-type":"","overlay-color":"","overlay-opacity":"","overlay-gradient":""}},"ast-content-background-meta":{"desktop":{"background-color":"var(--ast-global-color-5)","background-image":"","background-repeat":"repeat","background-position":"center center","background-size":"auto","background-attachment":"scroll","background-type":"","background-media":"","overlay-type":"","overlay-color":"","overlay-opacity":"","overlay-gradient":""},"tablet":{"background-color":"var(--ast-global-color-5)","background-image":"","background-repeat":"repeat","background-position":"center center","background-size":"auto","background-attachment":"scroll","background-type":"","background-media":"","overlay-type":"","overlay-color":"","overlay-opacity":"","overlay-gradient":""},"mobile":{"background-color":"var(--ast-global-color-5)","background-image":"","background-repeat":"repeat","background-position":"center center","background-size":"auto","background-attachment":"scroll","background-type":"","background-media":"","overlay-type":"","overlay-color":"","overlay-opacity":"","overlay-gradient":""}},"_jetpack_memberships_contains_paid_content":false,"_joinchat":[],"footnotes":""},"categories":[15302,16095,2],"tags":[21131,3215,5607,18098,24888,2643,2133,6685,8326],"class_list":["post-105118","post","type-post","status-publish","format-standard","has-post-thumbnail","hentry","category-destacado","category-provinciales","category-villa-maria","tag-afiliados","tag-apross","tag-convenios","tag-firma","tag-huertas","tag-obra-social","tag-salud","tag-semillas","tag-veronica-navarro-alegre"],"yoast_head":"<!-- This site is optimized with the Yoast SEO plugin v26.8 - https:\/\/yoast.com\/product\/yoast-seo-wordpress\/ -->\n<title>Apross ampliar\u00e1 las prestaciones en Villa Mar\u00eda y la regi\u00f3n: Navarro particip\u00f3 de la firma de convenios - El Regional<\/title>\n<meta name=\"robots\" content=\"index, follow, max-snippet:-1, max-image-preview:large, max-video-preview:-1\" \/>\n<link rel=\"canonical\" href=\"https:\/\/elregionalvm.com.ar\/noticias-villa-maria\/apross-ampliara-las-prestaciones-en-villa-maria-y-la-region-navarro-participo-de-la-firma-de-convenios\/\" \/>\n<meta property=\"og:locale\" content=\"es_ES\" \/>\n<meta property=\"og:type\" content=\"article\" \/>\n<meta property=\"og:title\" content=\"Apross ampliar\u00e1 las prestaciones en Villa Mar\u00eda y la regi\u00f3n: Navarro particip\u00f3 de la firma de convenios - El Regional\" \/>\n<meta property=\"og:description\" content=\"La legisladora provincial Ver\u00f3nica Navarro Alegre particip\u00f3 de la firma de convenios de las autoridades provinciales de Apross con instituciones privadas y p\u00fablicas de la ciudad. Estos acuerdos permitir\u00e1n ampliar las prestaciones que tiene la obra social provincial en Villa Mar\u00eda y la regi\u00f3n. Desde hace tiempo, la legisladora viene avanzando en la gesti\u00f3n, junto [&hellip;]\" \/>\n<meta property=\"og:url\" content=\"https:\/\/elregionalvm.com.ar\/noticias-villa-maria\/apross-ampliara-las-prestaciones-en-villa-maria-y-la-region-navarro-participo-de-la-firma-de-convenios\/\" \/>\n<meta property=\"og:site_name\" content=\"El Regional\" \/>\n<meta property=\"article:publisher\" content=\"https:\/\/www.facebook.com\/elregionalvm\" \/>\n<meta property=\"article:published_time\" content=\"2025-04-10T14:39:45+00:00\" \/>\n<meta property=\"article:modified_time\" content=\"2025-04-10T14:39:47+00:00\" \/>\n<meta property=\"og:image\" content=\"https:\/\/elregionalvm.com.ar\/noticias-villa-maria\/wp-content\/uploads\/2025\/04\/Navarro-en-Hospital-apross.jpeg\" \/>\n\t<meta property=\"og:image:width\" content=\"1257\" \/>\n\t<meta property=\"og:image:height\" content=\"749\" \/>\n\t<meta property=\"og:image:type\" content=\"image\/jpeg\" \/>\n<meta name=\"author\" content=\"Contenidos El Regional\" \/>\n<meta name=\"twitter:card\" content=\"summary_large_image\" \/>\n<meta name=\"twitter:creator\" content=\"@elregionalvm1\" \/>\n<meta name=\"twitter:site\" content=\"@elregionalvm1\" \/>\n<meta name=\"twitter:label1\" content=\"Escrito por\" \/>\n\t<meta name=\"twitter:data1\" content=\"Contenidos El Regional\" \/>\n\t<meta name=\"twitter:label2\" content=\"Tiempo de lectura\" \/>\n\t<meta name=\"twitter:data2\" content=\"3 minutos\" \/>\n<script type=\"application\/ld+json\" class=\"yoast-schema-graph\">{\"@context\":\"https:\/\/schema.org\",\"@graph\":[{\"@type\":\"Article\",\"@id\":\"https:\/\/elregionalvm.com.ar\/noticias-villa-maria\/apross-ampliara-las-prestaciones-en-villa-maria-y-la-region-navarro-participo-de-la-firma-de-convenios\/#article\",\"isPartOf\":{\"@id\":\"https:\/\/elregionalvm.com.ar\/noticias-villa-maria\/apross-ampliara-las-prestaciones-en-villa-maria-y-la-region-navarro-participo-de-la-firma-de-convenios\/\"},\"author\":{\"name\":\"Contenidos El Regional\",\"@id\":\"http:\/\/elregionalvm.com.ar\/noticias-villa-maria\/#\/schema\/person\/a0fb9c422317faca23d50163151bc354\"},\"headline\":\"Apross ampliar\u00e1 las prestaciones en Villa Mar\u00eda y la regi\u00f3n: Navarro particip\u00f3 de la firma de convenios\",\"datePublished\":\"2025-04-10T14:39:45+00:00\",\"dateModified\":\"2025-04-10T14:39:47+00:00\",\"mainEntityOfPage\":{\"@id\":\"https:\/\/elregionalvm.com.ar\/noticias-villa-maria\/apross-ampliara-las-prestaciones-en-villa-maria-y-la-region-navarro-participo-de-la-firma-de-convenios\/\"},\"wordCount\":454,\"commentCount\":0,\"image\":{\"@id\":\"https:\/\/elregionalvm.com.ar\/noticias-villa-maria\/apross-ampliara-las-prestaciones-en-villa-maria-y-la-region-navarro-participo-de-la-firma-de-convenios\/#primaryimage\"},\"thumbnailUrl\":\"https:\/\/i0.wp.com\/elregionalvm.com.ar\/noticias-villa-maria\/wp-content\/uploads\/2025\/04\/Navarro-en-Hospital-apross.jpeg?fit=1257%2C749&ssl=1\",\"keywords\":[\"afiliados\",\"APROSS\",\"convenios\",\"firma\",\"huertas\",\"Obra social\",\"salud\",\"semillas\",\"Ver\u00f3nica Navarro Alegre\"],\"articleSection\":[\"destacado\",\"Provinciales\",\"Villa Mar\u00eda\"],\"inLanguage\":\"es\",\"potentialAction\":[{\"@type\":\"CommentAction\",\"name\":\"Comment\",\"target\":[\"https:\/\/elregionalvm.com.ar\/noticias-villa-maria\/apross-ampliara-las-prestaciones-en-villa-maria-y-la-region-navarro-participo-de-la-firma-de-convenios\/#respond\"]}]},{\"@type\":\"WebPage\",\"@id\":\"https:\/\/elregionalvm.com.ar\/noticias-villa-maria\/apross-ampliara-las-prestaciones-en-villa-maria-y-la-region-navarro-participo-de-la-firma-de-convenios\/\",\"url\":\"https:\/\/elregionalvm.com.ar\/noticias-villa-maria\/apross-ampliara-las-prestaciones-en-villa-maria-y-la-region-navarro-participo-de-la-firma-de-convenios\/\",\"name\":\"Apross ampliar\u00e1 las prestaciones en Villa Mar\u00eda y la regi\u00f3n: Navarro particip\u00f3 de la firma de convenios - El Regional\",\"isPartOf\":{\"@id\":\"http:\/\/elregionalvm.com.ar\/noticias-villa-maria\/#website\"},\"primaryImageOfPage\":{\"@id\":\"https:\/\/elregionalvm.com.ar\/noticias-villa-maria\/apross-ampliara-las-prestaciones-en-villa-maria-y-la-region-navarro-participo-de-la-firma-de-convenios\/#primaryimage\"},\"image\":{\"@id\":\"https:\/\/elregionalvm.com.ar\/noticias-villa-maria\/apross-ampliara-las-prestaciones-en-villa-maria-y-la-region-navarro-participo-de-la-firma-de-convenios\/#primaryimage\"},\"thumbnailUrl\":\"https:\/\/i0.wp.com\/elregionalvm.com.ar\/noticias-villa-maria\/wp-content\/uploads\/2025\/04\/Navarro-en-Hospital-apross.jpeg?fit=1257%2C749&ssl=1\",\"datePublished\":\"2025-04-10T14:39:45+00:00\",\"dateModified\":\"2025-04-10T14:39:47+00:00\",\"author\":{\"@id\":\"http:\/\/elregionalvm.com.ar\/noticias-villa-maria\/#\/schema\/person\/a0fb9c422317faca23d50163151bc354\"},\"breadcrumb\":{\"@id\":\"https:\/\/elregionalvm.com.ar\/noticias-villa-maria\/apross-ampliara-las-prestaciones-en-villa-maria-y-la-region-navarro-participo-de-la-firma-de-convenios\/#breadcrumb\"},\"inLanguage\":\"es\",\"potentialAction\":[{\"@type\":\"ReadAction\",\"target\":[\"https:\/\/elregionalvm.com.ar\/noticias-villa-maria\/apross-ampliara-las-prestaciones-en-villa-maria-y-la-region-navarro-participo-de-la-firma-de-convenios\/\"]}]},{\"@type\":\"ImageObject\",\"inLanguage\":\"es\",\"@id\":\"https:\/\/elregionalvm.com.ar\/noticias-villa-maria\/apross-ampliara-las-prestaciones-en-villa-maria-y-la-region-navarro-participo-de-la-firma-de-convenios\/#primaryimage\",\"url\":\"https:\/\/i0.wp.com\/elregionalvm.com.ar\/noticias-villa-maria\/wp-content\/uploads\/2025\/04\/Navarro-en-Hospital-apross.jpeg?fit=1257%2C749&ssl=1\",\"contentUrl\":\"https:\/\/i0.wp.com\/elregionalvm.com.ar\/noticias-villa-maria\/wp-content\/uploads\/2025\/04\/Navarro-en-Hospital-apross.jpeg?fit=1257%2C749&ssl=1\",\"width\":1257,\"height\":749},{\"@type\":\"BreadcrumbList\",\"@id\":\"https:\/\/elregionalvm.com.ar\/noticias-villa-maria\/apross-ampliara-las-prestaciones-en-villa-maria-y-la-region-navarro-participo-de-la-firma-de-convenios\/#breadcrumb\",\"itemListElement\":[{\"@type\":\"ListItem\",\"position\":1,\"name\":\"Portada\",\"item\":\"https:\/\/elregionalvm.com.ar\/noticias-villa-maria\/\"},{\"@type\":\"ListItem\",\"position\":2,\"name\":\"Apross ampliar\u00e1 las prestaciones en Villa Mar\u00eda y la regi\u00f3n: Navarro particip\u00f3 de la firma de convenios\"}]},{\"@type\":\"WebSite\",\"@id\":\"http:\/\/elregionalvm.com.ar\/noticias-villa-maria\/#website\",\"url\":\"http:\/\/elregionalvm.com.ar\/noticias-villa-maria\/\",\"name\":\"El Regional\",\"description\":\"Mucho m\u00e1s que informaci\u00f3n\",\"potentialAction\":[{\"@type\":\"SearchAction\",\"target\":{\"@type\":\"EntryPoint\",\"urlTemplate\":\"http:\/\/elregionalvm.com.ar\/noticias-villa-maria\/?s={search_term_string}\"},\"query-input\":{\"@type\":\"PropertyValueSpecification\",\"valueRequired\":true,\"valueName\":\"search_term_string\"}}],\"inLanguage\":\"es\"},{\"@type\":\"Person\",\"@id\":\"http:\/\/elregionalvm.com.ar\/noticias-villa-maria\/#\/schema\/person\/a0fb9c422317faca23d50163151bc354\",\"name\":\"Contenidos El Regional\",\"image\":{\"@type\":\"ImageObject\",\"inLanguage\":\"es\",\"@id\":\"http:\/\/elregionalvm.com.ar\/noticias-villa-maria\/#\/schema\/person\/image\/\",\"url\":\"https:\/\/secure.gravatar.com\/avatar\/265b27cb2209af7bb3a1318f03305787d7981a5cc6e6cd08fe5a4ecdf99d4b48?s=96&d=mm&r=g\",\"contentUrl\":\"https:\/\/secure.gravatar.com\/avatar\/265b27cb2209af7bb3a1318f03305787d7981a5cc6e6cd08fe5a4ecdf99d4b48?s=96&d=mm&r=g\",\"caption\":\"Contenidos El Regional\"},\"url\":\"https:\/\/elregionalvm.com.ar\/noticias-villa-maria\/author\/contenido\/\"}]}<\/script>\n<!-- \/ Yoast SEO plugin. -->","yoast_head_json":{"title":"Apross ampliar\u00e1 las prestaciones en Villa Mar\u00eda y la regi\u00f3n: Navarro particip\u00f3 de la firma de convenios - El Regional","robots":{"index":"index","follow":"follow","max-snippet":"max-snippet:-1","max-image-preview":"max-image-preview:large","max-video-preview":"max-video-preview:-1"},"canonical":"https:\/\/elregionalvm.com.ar\/noticias-villa-maria\/apross-ampliara-las-prestaciones-en-villa-maria-y-la-region-navarro-participo-de-la-firma-de-convenios\/","og_locale":"es_ES","og_type":"article","og_title":"Apross ampliar\u00e1 las prestaciones en Villa Mar\u00eda y la regi\u00f3n: Navarro particip\u00f3 de la firma de convenios - El Regional","og_description":"La legisladora provincial Ver\u00f3nica Navarro Alegre particip\u00f3 de la firma de convenios de las autoridades provinciales de Apross con instituciones privadas y p\u00fablicas de la ciudad. Estos acuerdos permitir\u00e1n ampliar las prestaciones que tiene la obra social provincial en Villa Mar\u00eda y la regi\u00f3n. Desde hace tiempo, la legisladora viene avanzando en la gesti\u00f3n, junto [&hellip;]","og_url":"https:\/\/elregionalvm.com.ar\/noticias-villa-maria\/apross-ampliara-las-prestaciones-en-villa-maria-y-la-region-navarro-participo-de-la-firma-de-convenios\/","og_site_name":"El Regional","article_publisher":"https:\/\/www.facebook.com\/elregionalvm","article_published_time":"2025-04-10T14:39:45+00:00","article_modified_time":"2025-04-10T14:39:47+00:00","og_image":[{"width":1257,"height":749,"url":"https:\/\/elregionalvm.com.ar\/noticias-villa-maria\/wp-content\/uploads\/2025\/04\/Navarro-en-Hospital-apross.jpeg","type":"image\/jpeg"}],"author":"Contenidos El Regional","twitter_card":"summary_large_image","twitter_creator":"@elregionalvm1","twitter_site":"@elregionalvm1","twitter_misc":{"Escrito por":"Contenidos El Regional","Tiempo de lectura":"3 minutos"},"schema":{"@context":"https:\/\/schema.org","@graph":[{"@type":"Article","@id":"https:\/\/elregionalvm.com.ar\/noticias-villa-maria\/apross-ampliara-las-prestaciones-en-villa-maria-y-la-region-navarro-participo-de-la-firma-de-convenios\/#article","isPartOf":{"@id":"https:\/\/elregionalvm.com.ar\/noticias-villa-maria\/apross-ampliara-las-prestaciones-en-villa-maria-y-la-region-navarro-participo-de-la-firma-de-convenios\/"},"author":{"name":"Contenidos El Regional","@id":"http:\/\/elregionalvm.com.ar\/noticias-villa-maria\/#\/schema\/person\/a0fb9c422317faca23d50163151bc354"},"headline":"Apross ampliar\u00e1 las prestaciones en Villa Mar\u00eda y la regi\u00f3n: Navarro particip\u00f3 de la firma de convenios","datePublished":"2025-04-10T14:39:45+00:00","dateModified":"2025-04-10T14:39:47+00:00","mainEntityOfPage":{"@id":"https:\/\/elregionalvm.com.ar\/noticias-villa-maria\/apross-ampliara-las-prestaciones-en-villa-maria-y-la-region-navarro-participo-de-la-firma-de-convenios\/"},"wordCount":454,"commentCount":0,"image":{"@id":"https:\/\/elregionalvm.com.ar\/noticias-villa-maria\/apross-ampliara-las-prestaciones-en-villa-maria-y-la-region-navarro-participo-de-la-firma-de-convenios\/#primaryimage"},"thumbnailUrl":"https:\/\/i0.wp.com\/elregionalvm.com.ar\/noticias-villa-maria\/wp-content\/uploads\/2025\/04\/Navarro-en-Hospital-apross.jpeg?fit=1257%2C749&ssl=1","keywords":["afiliados","APROSS","convenios","firma","huertas","Obra social","salud","semillas","Ver\u00f3nica Navarro Alegre"],"articleSection":["destacado","Provinciales","Villa Mar\u00eda"],"inLanguage":"es","potentialAction":[{"@type":"CommentAction","name":"Comment","target":["https:\/\/elregionalvm.com.ar\/noticias-villa-maria\/apross-ampliara-las-prestaciones-en-villa-maria-y-la-region-navarro-participo-de-la-firma-de-convenios\/#respond"]}]},{"@type":"WebPage","@id":"https:\/\/elregionalvm.com.ar\/noticias-villa-maria\/apross-ampliara-las-prestaciones-en-villa-maria-y-la-region-navarro-participo-de-la-firma-de-convenios\/","url":"https:\/\/elregionalvm.com.ar\/noticias-villa-maria\/apross-ampliara-las-prestaciones-en-villa-maria-y-la-region-navarro-participo-de-la-firma-de-convenios\/","name":"Apross ampliar\u00e1 las prestaciones en Villa Mar\u00eda y la regi\u00f3n: Navarro particip\u00f3 de la firma de convenios - El Regional","isPartOf":{"@id":"http:\/\/elregionalvm.com.ar\/noticias-villa-maria\/#website"},"primaryImageOfPage":{"@id":"https:\/\/elregionalvm.com.ar\/noticias-villa-maria\/apross-ampliara-las-prestaciones-en-villa-maria-y-la-region-navarro-participo-de-la-firma-de-convenios\/#primaryimage"},"image":{"@id":"https:\/\/elregionalvm.com.ar\/noticias-villa-maria\/apross-ampliara-las-prestaciones-en-villa-maria-y-la-region-navarro-participo-de-la-firma-de-convenios\/#primaryimage"},"thumbnailUrl":"https:\/\/i0.wp.com\/elregionalvm.com.ar\/noticias-villa-maria\/wp-content\/uploads\/2025\/04\/Navarro-en-Hospital-apross.jpeg?fit=1257%2C749&ssl=1","datePublished":"2025-04-10T14:39:45+00:00","dateModified":"2025-04-10T14:39:47+00:00","author":{"@id":"http:\/\/elregionalvm.com.ar\/noticias-villa-maria\/#\/schema\/person\/a0fb9c422317faca23d50163151bc354"},"breadcrumb":{"@id":"https:\/\/elregionalvm.com.ar\/noticias-villa-maria\/apross-ampliara-las-prestaciones-en-villa-maria-y-la-region-navarro-participo-de-la-firma-de-convenios\/#breadcrumb"},"inLanguage":"es","potentialAction":[{"@type":"ReadAction","target":["https:\/\/elregionalvm.com.ar\/noticias-villa-maria\/apross-ampliara-las-prestaciones-en-villa-maria-y-la-region-navarro-participo-de-la-firma-de-convenios\/"]}]},{"@type":"ImageObject","inLanguage":"es","@id":"https:\/\/elregionalvm.com.ar\/noticias-villa-maria\/apross-ampliara-las-prestaciones-en-villa-maria-y-la-region-navarro-participo-de-la-firma-de-convenios\/#primaryimage","url":"https:\/\/i0.wp.com\/elregionalvm.com.ar\/noticias-villa-maria\/wp-content\/uploads\/2025\/04\/Navarro-en-Hospital-apross.jpeg?fit=1257%2C749&ssl=1","contentUrl":"https:\/\/i0.wp.com\/elregionalvm.com.ar\/noticias-villa-maria\/wp-content\/uploads\/2025\/04\/Navarro-en-Hospital-apross.jpeg?fit=1257%2C749&ssl=1","width":1257,"height":749},{"@type":"BreadcrumbList","@id":"https:\/\/elregionalvm.com.ar\/noticias-villa-maria\/apross-ampliara-las-prestaciones-en-villa-maria-y-la-region-navarro-participo-de-la-firma-de-convenios\/#breadcrumb","itemListElement":[{"@type":"ListItem","position":1,"name":"Portada","item":"https:\/\/elregionalvm.com.ar\/noticias-villa-maria\/"},{"@type":"ListItem","position":2,"name":"Apross ampliar\u00e1 las prestaciones en Villa Mar\u00eda y la regi\u00f3n: Navarro particip\u00f3 de la firma de convenios"}]},{"@type":"WebSite","@id":"http:\/\/elregionalvm.com.ar\/noticias-villa-maria\/#website","url":"http:\/\/elregionalvm.com.ar\/noticias-villa-maria\/","name":"El Regional","description":"Mucho m\u00e1s que informaci\u00f3n","potentialAction":[{"@type":"SearchAction","target":{"@type":"EntryPoint","urlTemplate":"http:\/\/elregionalvm.com.ar\/noticias-villa-maria\/?s={search_term_string}"},"query-input":{"@type":"PropertyValueSpecification","valueRequired":true,"valueName":"search_term_string"}}],"inLanguage":"es"},{"@type":"Person","@id":"http:\/\/elregionalvm.com.ar\/noticias-villa-maria\/#\/schema\/person\/a0fb9c422317faca23d50163151bc354","name":"Contenidos El Regional","image":{"@type":"ImageObject","inLanguage":"es","@id":"http:\/\/elregionalvm.com.ar\/noticias-villa-maria\/#\/schema\/person\/image\/","url":"https:\/\/secure.gravatar.com\/avatar\/265b27cb2209af7bb3a1318f03305787d7981a5cc6e6cd08fe5a4ecdf99d4b48?s=96&d=mm&r=g","contentUrl":"https:\/\/secure.gravatar.com\/avatar\/265b27cb2209af7bb3a1318f03305787d7981a5cc6e6cd08fe5a4ecdf99d4b48?s=96&d=mm&r=g","caption":"Contenidos El Regional"},"url":"https:\/\/elregionalvm.com.ar\/noticias-villa-maria\/author\/contenido\/"}]}},"jetpack_featured_media_url":"https:\/\/i0.wp.com\/elregionalvm.com.ar\/noticias-villa-maria\/wp-content\/uploads\/2025\/04\/Navarro-en-Hospital-apross.jpeg?fit=1257%2C749&ssl=1","jetpack_sharing_enabled":true,"_links":{"self":[{"href":"https:\/\/elregionalvm.com.ar\/noticias-villa-maria\/wp-json\/wp\/v2\/posts\/105118","targetHints":{"allow":["GET"]}}],"collection":[{"href":"https:\/\/elregionalvm.com.ar\/noticias-villa-maria\/wp-json\/wp\/v2\/posts"}],"about":[{"href":"https:\/\/elregionalvm.com.ar\/noticias-villa-maria\/wp-json\/wp\/v2\/types\/post"}],"author":[{"embeddable":true,"href":"https:\/\/elregionalvm.com.ar\/noticias-villa-maria\/wp-json\/wp\/v2\/users\/4"}],"replies":[{"embeddable":true,"href":"https:\/\/elregionalvm.com.ar\/noticias-villa-maria\/wp-json\/wp\/v2\/comments?post=105118"}],"version-history":[{"count":2,"href":"https:\/\/elregionalvm.com.ar\/noticias-villa-maria\/wp-json\/wp\/v2\/posts\/105118\/revisions"}],"predecessor-version":[{"id":105123,"href":"https:\/\/elregionalvm.com.ar\/noticias-villa-maria\/wp-json\/wp\/v2\/posts\/105118\/revisions\/105123"}],"wp:featuredmedia":[{"embeddable":true,"href":"https:\/\/elregionalvm.com.ar\/noticias-villa-maria\/wp-json\/wp\/v2\/media\/105120"}],"wp:attachment":[{"href":"https:\/\/elregionalvm.com.ar\/noticias-villa-maria\/wp-json\/wp\/v2\/media?parent=105118"}],"wp:term":[{"taxonomy":"category","embeddable":true,"href":"https:\/\/elregionalvm.com.ar\/noticias-villa-maria\/wp-json\/wp\/v2\/categories?post=105118"},{"taxonomy":"post_tag","embeddable":true,"href":"https:\/\/elregionalvm.com.ar\/noticias-villa-maria\/wp-json\/wp\/v2\/tags?post=105118"}],"curies":[{"name":"wp","href":"https:\/\/api.w.org\/{rel}","templated":true}]}}