{"id":105871,"date":"2025-05-04T22:12:38","date_gmt":"2025-05-04T22:12:38","guid":{"rendered":"https:\/\/elregionalvm.com.ar\/noticias-villa-maria\/?p=105871"},"modified":"2025-05-12T01:33:31","modified_gmt":"2025-05-12T01:33:31","slug":"maneja-bien-prestar-atencion-a-las-senales-viales-nos-ayuda-a-conducir-mejor","status":"publish","type":"post","link":"https:\/\/elregionalvm.com.ar\/noticias-villa-maria\/maneja-bien-prestar-atencion-a-las-senales-viales-nos-ayuda-a-conducir-mejor\/","title":{"rendered":"[Manej\u00e1 Bien] Prestar atenci\u00f3n a las se\u00f1ales viales nos ayuda a conducir mejor"},"content":{"rendered":"\n<p><strong>Escribe: Roberto Hilario Alassia<\/strong><\/p>\n\n\n\n<p><\/p>\n\n\n\n<p>Es muy curioso lo que les voy a comentar.<\/p>\n\n\n\n<p>Lo primero que uno debe hacer para mejorar la conducci\u00f3n es prestar atenci\u00f3n y leer los carteles indicativos que existen por donde se circula. Paso a dar un ejemplo.<\/p>\n\n\n\n<p>De referencia tomamos el Bulevar Sarmiento y calle 25 de Mayo, arterias que est\u00e1n semaforizadas.<\/p>\n\n\n\n<p><\/p>\n\n\n\n<figure class=\"wp-block-image size-large\"><img data-recalc-dims=\"1\" fetchpriority=\"high\" decoding=\"async\" width=\"1024\" height=\"576\" src=\"https:\/\/i0.wp.com\/elregionalvm.com.ar\/noticias-villa-maria\/wp-content\/uploads\/2021\/05\/onda-verde-semaforos.jpg?resize=1024%2C576&#038;ssl=1\" alt=\"\" class=\"wp-image-37856\"\/><\/figure>\n\n\n\n<p><\/p>\n\n\n\n<p>Precisamente, si usted viene circulando por Bv. Sarmiento hacia la terminal de \u00f3mnibus, y el sem\u00e1foro con la calle 25 de Mayo est\u00e1 en rojo, a su izquierda existe un cartel que autoriza a girar hacia esa mano sin que se cometa infracci\u00f3n para seguir por 25 de Mayo hacia Santiago del Estero.<\/p>\n\n\n\n<p><\/p>\n\n\n\n<blockquote class=\"wp-block-quote is-layout-flow wp-block-quote-is-layout-flow\">\n<h2 class=\"wp-block-heading\"><strong>Debemos prestar atenci\u00f3n a las se\u00f1ales viales. Siempre que est\u00e9n. Porque muchas veces, los carteles que deber\u00edan estar, brillan por su ausencia<\/strong><\/h2>\n<\/blockquote>\n\n\n\n<p><\/p>\n\n\n\n<p>Como el grueso de la gente no lee ni interpreta bien el cartel, qu\u00e9 hace. Dobla qued\u00e1ndose parado entre las dos manos del bulevar, ocasionando un l\u00edo de aquellos, ya que algunos conductores avanzan como corresponde, otros no saben qu\u00e9 hacer y se quedan en 3\\4 de la maniobra y otros al medio esperando el verde de la calle 25 de Mayo hacia el centro.<\/p>\n\n\n\n<p>Caos total por no leer el cartel de la izquierda de Bv. Sarmiento hacia Santiago del Estero como corresponde.<\/p>\n\n\n\n<p>Por eso, debemos prestar atenci\u00f3n a las se\u00f1ales viales. Siempre que est\u00e9n. Porque muchas veces, los carteles que deber\u00edan estar, brillan por su ausencia.<\/p>\n\n\n\n<p>Pero, ese es otro tema que abordaremos en otra ocasi\u00f3n.<\/p>\n","protected":false},"excerpt":{"rendered":"<p>Escribe: Roberto Hilario Alassia Es muy curioso lo que les voy a comentar. Lo primero que uno debe hacer para mejorar la conducci\u00f3n es prestar atenci\u00f3n y leer los carteles indicativos que existen por donde se circula. Paso a dar un ejemplo. De referencia tomamos el Bulevar Sarmiento y calle 25 de Mayo, arterias que [&hellip;]<\/p>\n","protected":false},"author":4,"featured_media":92412,"comment_status":"open","ping_status":"open","sticky":false,"template":"","format":"standard","meta":{"site-sidebar-layout":"default","site-content-layout":"","ast-site-content-layout":"default","site-content-style":"default","site-sidebar-style":"default","ast-global-header-display":"","ast-banner-title-visibility":"","ast-main-header-display":"","ast-hfb-above-header-display":"","ast-hfb-below-header-display":"","ast-hfb-mobile-header-display":"","site-post-title":"","ast-breadcrumbs-content":"","ast-featured-img":"","footer-sml-layout":"","ast-disable-related-posts":"","theme-transparent-header-meta":"","adv-header-id-meta":"","stick-header-meta":"","header-above-stick-meta":"","header-main-stick-meta":"","header-below-stick-meta":"","astra-migrate-meta-layouts":"set","ast-page-background-enabled":"default","ast-page-background-meta":{"desktop":{"background-color":"","background-image":"","background-repeat":"repeat","background-position":"center center","background-size":"auto","background-attachment":"scroll","background-type":"","background-media":"","overlay-type":"","overlay-color":"","overlay-opacity":"","overlay-gradient":""},"tablet":{"background-color":"","background-image":"","background-repeat":"repeat","background-position":"center center","background-size":"auto","background-attachment":"scroll","background-type":"","background-media":"","overlay-type":"","overlay-color":"","overlay-opacity":"","overlay-gradient":""},"mobile":{"background-color":"","background-image":"","background-repeat":"repeat","background-position":"center center","background-size":"auto","background-attachment":"scroll","background-type":"","background-media":"","overlay-type":"","overlay-color":"","overlay-opacity":"","overlay-gradient":""}},"ast-content-background-meta":{"desktop":{"background-color":"var(--ast-global-color-5)","background-image":"","background-repeat":"repeat","background-position":"center center","background-size":"auto","background-attachment":"scroll","background-type":"","background-media":"","overlay-type":"","overlay-color":"","overlay-opacity":"","overlay-gradient":""},"tablet":{"background-color":"var(--ast-global-color-5)","background-image":"","background-repeat":"repeat","background-position":"center center","background-size":"auto","background-attachment":"scroll","background-type":"","background-media":"","overlay-type":"","overlay-color":"","overlay-opacity":"","overlay-gradient":""},"mobile":{"background-color":"var(--ast-global-color-5)","background-image":"","background-repeat":"repeat","background-position":"center center","background-size":"auto","background-attachment":"scroll","background-type":"","background-media":"","overlay-type":"","overlay-color":"","overlay-opacity":"","overlay-gradient":""}},"_jetpack_memberships_contains_paid_content":false,"_joinchat":[],"footnotes":""},"categories":[365,3557],"tags":[21336,111,11926,2904,19257,20548,1629,24935,272],"class_list":["post-105871","post","type-post","status-publish","format-standard","has-post-thumbnail","hentry","category-opinion","category-tercera","tag-bulevar","tag-carteles","tag-indicaciones","tag-infracciones","tag-maneja-bien","tag-respeto","tag-seguridad-vial","tag-senales-de-transito","tag-transito"],"yoast_head":"<!-- This site is optimized with the Yoast SEO plugin v26.8 - https:\/\/yoast.com\/product\/yoast-seo-wordpress\/ -->\n<title>[Manej\u00e1 Bien] Prestar atenci\u00f3n a las se\u00f1ales viales nos ayuda a conducir mejor - El Regional<\/title>\n<meta name=\"robots\" content=\"index, follow, max-snippet:-1, max-image-preview:large, max-video-preview:-1\" \/>\n<link rel=\"canonical\" href=\"https:\/\/elregionalvm.com.ar\/noticias-villa-maria\/maneja-bien-prestar-atencion-a-las-senales-viales-nos-ayuda-a-conducir-mejor\/\" \/>\n<meta property=\"og:locale\" content=\"es_ES\" \/>\n<meta property=\"og:type\" content=\"article\" \/>\n<meta property=\"og:title\" content=\"[Manej\u00e1 Bien] Prestar atenci\u00f3n a las se\u00f1ales viales nos ayuda a conducir mejor - El Regional\" \/>\n<meta property=\"og:description\" content=\"Escribe: Roberto Hilario Alassia Es muy curioso lo que les voy a comentar. Lo primero que uno debe hacer para mejorar la conducci\u00f3n es prestar atenci\u00f3n y leer los carteles indicativos que existen por donde se circula. Paso a dar un ejemplo. De referencia tomamos el Bulevar Sarmiento y calle 25 de Mayo, arterias que [&hellip;]\" \/>\n<meta property=\"og:url\" content=\"https:\/\/elregionalvm.com.ar\/noticias-villa-maria\/maneja-bien-prestar-atencion-a-las-senales-viales-nos-ayuda-a-conducir-mejor\/\" \/>\n<meta property=\"og:site_name\" content=\"El Regional\" \/>\n<meta property=\"article:publisher\" content=\"https:\/\/www.facebook.com\/elregionalvm\" \/>\n<meta property=\"article:published_time\" content=\"2025-05-04T22:12:38+00:00\" \/>\n<meta property=\"article:modified_time\" content=\"2025-05-12T01:33:31+00:00\" \/>\n<meta property=\"og:image\" content=\"https:\/\/elregionalvm.com.ar\/noticias-villa-maria\/wp-content\/uploads\/2024\/04\/prioridad-de-paso-derecha-transito.jpg\" \/>\n\t<meta property=\"og:image:width\" content=\"1000\" \/>\n\t<meta property=\"og:image:height\" content=\"510\" \/>\n\t<meta property=\"og:image:type\" content=\"image\/jpeg\" \/>\n<meta name=\"author\" content=\"Contenidos El Regional\" \/>\n<meta name=\"twitter:card\" content=\"summary_large_image\" \/>\n<meta name=\"twitter:creator\" content=\"@elregionalvm1\" \/>\n<meta name=\"twitter:site\" content=\"@elregionalvm1\" \/>\n<meta name=\"twitter:label1\" content=\"Escrito por\" \/>\n\t<meta name=\"twitter:data1\" content=\"Contenidos El Regional\" \/>\n\t<meta name=\"twitter:label2\" content=\"Tiempo de lectura\" \/>\n\t<meta name=\"twitter:data2\" content=\"2 minutos\" \/>\n<script type=\"application\/ld+json\" class=\"yoast-schema-graph\">{\"@context\":\"https:\/\/schema.org\",\"@graph\":[{\"@type\":\"Article\",\"@id\":\"https:\/\/elregionalvm.com.ar\/noticias-villa-maria\/maneja-bien-prestar-atencion-a-las-senales-viales-nos-ayuda-a-conducir-mejor\/#article\",\"isPartOf\":{\"@id\":\"https:\/\/elregionalvm.com.ar\/noticias-villa-maria\/maneja-bien-prestar-atencion-a-las-senales-viales-nos-ayuda-a-conducir-mejor\/\"},\"author\":{\"name\":\"Contenidos El Regional\",\"@id\":\"http:\/\/elregionalvm.com.ar\/noticias-villa-maria\/#\/schema\/person\/a0fb9c422317faca23d50163151bc354\"},\"headline\":\"[Manej\u00e1 Bien] Prestar atenci\u00f3n a las se\u00f1ales viales nos ayuda a conducir mejor\",\"datePublished\":\"2025-05-04T22:12:38+00:00\",\"dateModified\":\"2025-05-12T01:33:31+00:00\",\"mainEntityOfPage\":{\"@id\":\"https:\/\/elregionalvm.com.ar\/noticias-villa-maria\/maneja-bien-prestar-atencion-a-las-senales-viales-nos-ayuda-a-conducir-mejor\/\"},\"wordCount\":276,\"commentCount\":0,\"image\":{\"@id\":\"https:\/\/elregionalvm.com.ar\/noticias-villa-maria\/maneja-bien-prestar-atencion-a-las-senales-viales-nos-ayuda-a-conducir-mejor\/#primaryimage\"},\"thumbnailUrl\":\"https:\/\/i0.wp.com\/elregionalvm.com.ar\/noticias-villa-maria\/wp-content\/uploads\/2024\/04\/prioridad-de-paso-derecha-transito.jpg?fit=1000%2C510&ssl=1\",\"keywords\":[\"bulevar\",\"carteles\",\"indicaciones\",\"infracciones\",\"manej\u00e1 bien\",\"respeto\",\"SEGURIDAD VIAL\",\"se\u00f1ales de tr\u00e1nsito\",\"Tr\u00e1nsito\"],\"articleSection\":[\"Opini\u00f3n\",\"tercera\"],\"inLanguage\":\"es\",\"potentialAction\":[{\"@type\":\"CommentAction\",\"name\":\"Comment\",\"target\":[\"https:\/\/elregionalvm.com.ar\/noticias-villa-maria\/maneja-bien-prestar-atencion-a-las-senales-viales-nos-ayuda-a-conducir-mejor\/#respond\"]}]},{\"@type\":\"WebPage\",\"@id\":\"https:\/\/elregionalvm.com.ar\/noticias-villa-maria\/maneja-bien-prestar-atencion-a-las-senales-viales-nos-ayuda-a-conducir-mejor\/\",\"url\":\"https:\/\/elregionalvm.com.ar\/noticias-villa-maria\/maneja-bien-prestar-atencion-a-las-senales-viales-nos-ayuda-a-conducir-mejor\/\",\"name\":\"[Manej\u00e1 Bien] Prestar atenci\u00f3n a las se\u00f1ales viales nos ayuda a conducir mejor - El Regional\",\"isPartOf\":{\"@id\":\"http:\/\/elregionalvm.com.ar\/noticias-villa-maria\/#website\"},\"primaryImageOfPage\":{\"@id\":\"https:\/\/elregionalvm.com.ar\/noticias-villa-maria\/maneja-bien-prestar-atencion-a-las-senales-viales-nos-ayuda-a-conducir-mejor\/#primaryimage\"},\"image\":{\"@id\":\"https:\/\/elregionalvm.com.ar\/noticias-villa-maria\/maneja-bien-prestar-atencion-a-las-senales-viales-nos-ayuda-a-conducir-mejor\/#primaryimage\"},\"thumbnailUrl\":\"https:\/\/i0.wp.com\/elregionalvm.com.ar\/noticias-villa-maria\/wp-content\/uploads\/2024\/04\/prioridad-de-paso-derecha-transito.jpg?fit=1000%2C510&ssl=1\",\"datePublished\":\"2025-05-04T22:12:38+00:00\",\"dateModified\":\"2025-05-12T01:33:31+00:00\",\"author\":{\"@id\":\"http:\/\/elregionalvm.com.ar\/noticias-villa-maria\/#\/schema\/person\/a0fb9c422317faca23d50163151bc354\"},\"breadcrumb\":{\"@id\":\"https:\/\/elregionalvm.com.ar\/noticias-villa-maria\/maneja-bien-prestar-atencion-a-las-senales-viales-nos-ayuda-a-conducir-mejor\/#breadcrumb\"},\"inLanguage\":\"es\",\"potentialAction\":[{\"@type\":\"ReadAction\",\"target\":[\"https:\/\/elregionalvm.com.ar\/noticias-villa-maria\/maneja-bien-prestar-atencion-a-las-senales-viales-nos-ayuda-a-conducir-mejor\/\"]}]},{\"@type\":\"ImageObject\",\"inLanguage\":\"es\",\"@id\":\"https:\/\/elregionalvm.com.ar\/noticias-villa-maria\/maneja-bien-prestar-atencion-a-las-senales-viales-nos-ayuda-a-conducir-mejor\/#primaryimage\",\"url\":\"https:\/\/i0.wp.com\/elregionalvm.com.ar\/noticias-villa-maria\/wp-content\/uploads\/2024\/04\/prioridad-de-paso-derecha-transito.jpg?fit=1000%2C510&ssl=1\",\"contentUrl\":\"https:\/\/i0.wp.com\/elregionalvm.com.ar\/noticias-villa-maria\/wp-content\/uploads\/2024\/04\/prioridad-de-paso-derecha-transito.jpg?fit=1000%2C510&ssl=1\",\"width\":1000,\"height\":510},{\"@type\":\"BreadcrumbList\",\"@id\":\"https:\/\/elregionalvm.com.ar\/noticias-villa-maria\/maneja-bien-prestar-atencion-a-las-senales-viales-nos-ayuda-a-conducir-mejor\/#breadcrumb\",\"itemListElement\":[{\"@type\":\"ListItem\",\"position\":1,\"name\":\"Portada\",\"item\":\"https:\/\/elregionalvm.com.ar\/noticias-villa-maria\/\"},{\"@type\":\"ListItem\",\"position\":2,\"name\":\"[Manej\u00e1 Bien] Prestar atenci\u00f3n a las se\u00f1ales viales nos ayuda a conducir mejor\"}]},{\"@type\":\"WebSite\",\"@id\":\"http:\/\/elregionalvm.com.ar\/noticias-villa-maria\/#website\",\"url\":\"http:\/\/elregionalvm.com.ar\/noticias-villa-maria\/\",\"name\":\"El Regional\",\"description\":\"Mucho m\u00e1s que informaci\u00f3n\",\"potentialAction\":[{\"@type\":\"SearchAction\",\"target\":{\"@type\":\"EntryPoint\",\"urlTemplate\":\"http:\/\/elregionalvm.com.ar\/noticias-villa-maria\/?s={search_term_string}\"},\"query-input\":{\"@type\":\"PropertyValueSpecification\",\"valueRequired\":true,\"valueName\":\"search_term_string\"}}],\"inLanguage\":\"es\"},{\"@type\":\"Person\",\"@id\":\"http:\/\/elregionalvm.com.ar\/noticias-villa-maria\/#\/schema\/person\/a0fb9c422317faca23d50163151bc354\",\"name\":\"Contenidos El Regional\",\"image\":{\"@type\":\"ImageObject\",\"inLanguage\":\"es\",\"@id\":\"http:\/\/elregionalvm.com.ar\/noticias-villa-maria\/#\/schema\/person\/image\/\",\"url\":\"https:\/\/secure.gravatar.com\/avatar\/265b27cb2209af7bb3a1318f03305787d7981a5cc6e6cd08fe5a4ecdf99d4b48?s=96&d=mm&r=g\",\"contentUrl\":\"https:\/\/secure.gravatar.com\/avatar\/265b27cb2209af7bb3a1318f03305787d7981a5cc6e6cd08fe5a4ecdf99d4b48?s=96&d=mm&r=g\",\"caption\":\"Contenidos El Regional\"},\"url\":\"https:\/\/elregionalvm.com.ar\/noticias-villa-maria\/author\/contenido\/\"}]}<\/script>\n<!-- \/ Yoast SEO plugin. -->","yoast_head_json":{"title":"[Manej\u00e1 Bien] Prestar atenci\u00f3n a las se\u00f1ales viales nos ayuda a conducir mejor - El Regional","robots":{"index":"index","follow":"follow","max-snippet":"max-snippet:-1","max-image-preview":"max-image-preview:large","max-video-preview":"max-video-preview:-1"},"canonical":"https:\/\/elregionalvm.com.ar\/noticias-villa-maria\/maneja-bien-prestar-atencion-a-las-senales-viales-nos-ayuda-a-conducir-mejor\/","og_locale":"es_ES","og_type":"article","og_title":"[Manej\u00e1 Bien] Prestar atenci\u00f3n a las se\u00f1ales viales nos ayuda a conducir mejor - El Regional","og_description":"Escribe: Roberto Hilario Alassia Es muy curioso lo que les voy a comentar. Lo primero que uno debe hacer para mejorar la conducci\u00f3n es prestar atenci\u00f3n y leer los carteles indicativos que existen por donde se circula. Paso a dar un ejemplo. De referencia tomamos el Bulevar Sarmiento y calle 25 de Mayo, arterias que [&hellip;]","og_url":"https:\/\/elregionalvm.com.ar\/noticias-villa-maria\/maneja-bien-prestar-atencion-a-las-senales-viales-nos-ayuda-a-conducir-mejor\/","og_site_name":"El Regional","article_publisher":"https:\/\/www.facebook.com\/elregionalvm","article_published_time":"2025-05-04T22:12:38+00:00","article_modified_time":"2025-05-12T01:33:31+00:00","og_image":[{"width":1000,"height":510,"url":"https:\/\/elregionalvm.com.ar\/noticias-villa-maria\/wp-content\/uploads\/2024\/04\/prioridad-de-paso-derecha-transito.jpg","type":"image\/jpeg"}],"author":"Contenidos El Regional","twitter_card":"summary_large_image","twitter_creator":"@elregionalvm1","twitter_site":"@elregionalvm1","twitter_misc":{"Escrito por":"Contenidos El Regional","Tiempo de lectura":"2 minutos"},"schema":{"@context":"https:\/\/schema.org","@graph":[{"@type":"Article","@id":"https:\/\/elregionalvm.com.ar\/noticias-villa-maria\/maneja-bien-prestar-atencion-a-las-senales-viales-nos-ayuda-a-conducir-mejor\/#article","isPartOf":{"@id":"https:\/\/elregionalvm.com.ar\/noticias-villa-maria\/maneja-bien-prestar-atencion-a-las-senales-viales-nos-ayuda-a-conducir-mejor\/"},"author":{"name":"Contenidos El Regional","@id":"http:\/\/elregionalvm.com.ar\/noticias-villa-maria\/#\/schema\/person\/a0fb9c422317faca23d50163151bc354"},"headline":"[Manej\u00e1 Bien] Prestar atenci\u00f3n a las se\u00f1ales viales nos ayuda a conducir mejor","datePublished":"2025-05-04T22:12:38+00:00","dateModified":"2025-05-12T01:33:31+00:00","mainEntityOfPage":{"@id":"https:\/\/elregionalvm.com.ar\/noticias-villa-maria\/maneja-bien-prestar-atencion-a-las-senales-viales-nos-ayuda-a-conducir-mejor\/"},"wordCount":276,"commentCount":0,"image":{"@id":"https:\/\/elregionalvm.com.ar\/noticias-villa-maria\/maneja-bien-prestar-atencion-a-las-senales-viales-nos-ayuda-a-conducir-mejor\/#primaryimage"},"thumbnailUrl":"https:\/\/i0.wp.com\/elregionalvm.com.ar\/noticias-villa-maria\/wp-content\/uploads\/2024\/04\/prioridad-de-paso-derecha-transito.jpg?fit=1000%2C510&ssl=1","keywords":["bulevar","carteles","indicaciones","infracciones","manej\u00e1 bien","respeto","SEGURIDAD VIAL","se\u00f1ales de tr\u00e1nsito","Tr\u00e1nsito"],"articleSection":["Opini\u00f3n","tercera"],"inLanguage":"es","potentialAction":[{"@type":"CommentAction","name":"Comment","target":["https:\/\/elregionalvm.com.ar\/noticias-villa-maria\/maneja-bien-prestar-atencion-a-las-senales-viales-nos-ayuda-a-conducir-mejor\/#respond"]}]},{"@type":"WebPage","@id":"https:\/\/elregionalvm.com.ar\/noticias-villa-maria\/maneja-bien-prestar-atencion-a-las-senales-viales-nos-ayuda-a-conducir-mejor\/","url":"https:\/\/elregionalvm.com.ar\/noticias-villa-maria\/maneja-bien-prestar-atencion-a-las-senales-viales-nos-ayuda-a-conducir-mejor\/","name":"[Manej\u00e1 Bien] Prestar atenci\u00f3n a las se\u00f1ales viales nos ayuda a conducir mejor - El Regional","isPartOf":{"@id":"http:\/\/elregionalvm.com.ar\/noticias-villa-maria\/#website"},"primaryImageOfPage":{"@id":"https:\/\/elregionalvm.com.ar\/noticias-villa-maria\/maneja-bien-prestar-atencion-a-las-senales-viales-nos-ayuda-a-conducir-mejor\/#primaryimage"},"image":{"@id":"https:\/\/elregionalvm.com.ar\/noticias-villa-maria\/maneja-bien-prestar-atencion-a-las-senales-viales-nos-ayuda-a-conducir-mejor\/#primaryimage"},"thumbnailUrl":"https:\/\/i0.wp.com\/elregionalvm.com.ar\/noticias-villa-maria\/wp-content\/uploads\/2024\/04\/prioridad-de-paso-derecha-transito.jpg?fit=1000%2C510&ssl=1","datePublished":"2025-05-04T22:12:38+00:00","dateModified":"2025-05-12T01:33:31+00:00","author":{"@id":"http:\/\/elregionalvm.com.ar\/noticias-villa-maria\/#\/schema\/person\/a0fb9c422317faca23d50163151bc354"},"breadcrumb":{"@id":"https:\/\/elregionalvm.com.ar\/noticias-villa-maria\/maneja-bien-prestar-atencion-a-las-senales-viales-nos-ayuda-a-conducir-mejor\/#breadcrumb"},"inLanguage":"es","potentialAction":[{"@type":"ReadAction","target":["https:\/\/elregionalvm.com.ar\/noticias-villa-maria\/maneja-bien-prestar-atencion-a-las-senales-viales-nos-ayuda-a-conducir-mejor\/"]}]},{"@type":"ImageObject","inLanguage":"es","@id":"https:\/\/elregionalvm.com.ar\/noticias-villa-maria\/maneja-bien-prestar-atencion-a-las-senales-viales-nos-ayuda-a-conducir-mejor\/#primaryimage","url":"https:\/\/i0.wp.com\/elregionalvm.com.ar\/noticias-villa-maria\/wp-content\/uploads\/2024\/04\/prioridad-de-paso-derecha-transito.jpg?fit=1000%2C510&ssl=1","contentUrl":"https:\/\/i0.wp.com\/elregionalvm.com.ar\/noticias-villa-maria\/wp-content\/uploads\/2024\/04\/prioridad-de-paso-derecha-transito.jpg?fit=1000%2C510&ssl=1","width":1000,"height":510},{"@type":"BreadcrumbList","@id":"https:\/\/elregionalvm.com.ar\/noticias-villa-maria\/maneja-bien-prestar-atencion-a-las-senales-viales-nos-ayuda-a-conducir-mejor\/#breadcrumb","itemListElement":[{"@type":"ListItem","position":1,"name":"Portada","item":"https:\/\/elregionalvm.com.ar\/noticias-villa-maria\/"},{"@type":"ListItem","position":2,"name":"[Manej\u00e1 Bien] Prestar atenci\u00f3n a las se\u00f1ales viales nos ayuda a conducir mejor"}]},{"@type":"WebSite","@id":"http:\/\/elregionalvm.com.ar\/noticias-villa-maria\/#website","url":"http:\/\/elregionalvm.com.ar\/noticias-villa-maria\/","name":"El Regional","description":"Mucho m\u00e1s que informaci\u00f3n","potentialAction":[{"@type":"SearchAction","target":{"@type":"EntryPoint","urlTemplate":"http:\/\/elregionalvm.com.ar\/noticias-villa-maria\/?s={search_term_string}"},"query-input":{"@type":"PropertyValueSpecification","valueRequired":true,"valueName":"search_term_string"}}],"inLanguage":"es"},{"@type":"Person","@id":"http:\/\/elregionalvm.com.ar\/noticias-villa-maria\/#\/schema\/person\/a0fb9c422317faca23d50163151bc354","name":"Contenidos El Regional","image":{"@type":"ImageObject","inLanguage":"es","@id":"http:\/\/elregionalvm.com.ar\/noticias-villa-maria\/#\/schema\/person\/image\/","url":"https:\/\/secure.gravatar.com\/avatar\/265b27cb2209af7bb3a1318f03305787d7981a5cc6e6cd08fe5a4ecdf99d4b48?s=96&d=mm&r=g","contentUrl":"https:\/\/secure.gravatar.com\/avatar\/265b27cb2209af7bb3a1318f03305787d7981a5cc6e6cd08fe5a4ecdf99d4b48?s=96&d=mm&r=g","caption":"Contenidos El Regional"},"url":"https:\/\/elregionalvm.com.ar\/noticias-villa-maria\/author\/contenido\/"}]}},"jetpack_featured_media_url":"https:\/\/i0.wp.com\/elregionalvm.com.ar\/noticias-villa-maria\/wp-content\/uploads\/2024\/04\/prioridad-de-paso-derecha-transito.jpg?fit=1000%2C510&ssl=1","jetpack_sharing_enabled":true,"_links":{"self":[{"href":"https:\/\/elregionalvm.com.ar\/noticias-villa-maria\/wp-json\/wp\/v2\/posts\/105871","targetHints":{"allow":["GET"]}}],"collection":[{"href":"https:\/\/elregionalvm.com.ar\/noticias-villa-maria\/wp-json\/wp\/v2\/posts"}],"about":[{"href":"https:\/\/elregionalvm.com.ar\/noticias-villa-maria\/wp-json\/wp\/v2\/types\/post"}],"author":[{"embeddable":true,"href":"https:\/\/elregionalvm.com.ar\/noticias-villa-maria\/wp-json\/wp\/v2\/users\/4"}],"replies":[{"embeddable":true,"href":"https:\/\/elregionalvm.com.ar\/noticias-villa-maria\/wp-json\/wp\/v2\/comments?post=105871"}],"version-history":[{"count":3,"href":"https:\/\/elregionalvm.com.ar\/noticias-villa-maria\/wp-json\/wp\/v2\/posts\/105871\/revisions"}],"predecessor-version":[{"id":105875,"href":"https:\/\/elregionalvm.com.ar\/noticias-villa-maria\/wp-json\/wp\/v2\/posts\/105871\/revisions\/105875"}],"wp:featuredmedia":[{"embeddable":true,"href":"https:\/\/elregionalvm.com.ar\/noticias-villa-maria\/wp-json\/wp\/v2\/media\/92412"}],"wp:attachment":[{"href":"https:\/\/elregionalvm.com.ar\/noticias-villa-maria\/wp-json\/wp\/v2\/media?parent=105871"}],"wp:term":[{"taxonomy":"category","embeddable":true,"href":"https:\/\/elregionalvm.com.ar\/noticias-villa-maria\/wp-json\/wp\/v2\/categories?post=105871"},{"taxonomy":"post_tag","embeddable":true,"href":"https:\/\/elregionalvm.com.ar\/noticias-villa-maria\/wp-json\/wp\/v2\/tags?post=105871"}],"curies":[{"name":"wp","href":"https:\/\/api.w.org\/{rel}","templated":true}]}}