{"id":105876,"date":"2025-05-04T22:23:53","date_gmt":"2025-05-04T22:23:53","guid":{"rendered":"https:\/\/elregionalvm.com.ar\/noticias-villa-maria\/?p=105876"},"modified":"2025-05-07T13:06:29","modified_gmt":"2025-05-07T13:06:29","slug":"opinion-necesitamos-recuperar-un-sindicalismo-combativo-e-independiente","status":"publish","type":"post","link":"https:\/\/elregionalvm.com.ar\/noticias-villa-maria\/opinion-necesitamos-recuperar-un-sindicalismo-combativo-e-independiente\/","title":{"rendered":"[Opini\u00f3n] \u201cNecesitamos recuperar un sindicalismo combativo e independiente\u201d"},"content":{"rendered":"\n<blockquote class=\"wp-block-quote is-layout-flow wp-block-quote-is-layout-flow\">\n<h3 class=\"wp-block-heading\"><strong>Hace a\u00f1os, nuestro pa\u00eds viene siendo gobernado por dirigentes pol\u00edticos marcadamente anti obreros a nivel nacional, pero tambi\u00e9n en las provincias y los municipios.<\/strong><\/h3>\n<\/blockquote>\n\n\n\n<p><strong>Escribe: Carlos Cafure (Abogado)<\/strong><\/p>\n\n\n\n<p><\/p>\n\n\n\n<p>Todos ellos han tomado medidas gubernamentales (incluyendo Decretos) y tambi\u00e9n legislativas (Leyes), que han sido en desmedro de los trabajadores (y tambi\u00e9n de los jubilados), buscando quitar derechos laborales hist\u00f3ricos.<\/p>\n\n\n\n<p>En ciertos casos, son los mismos pol\u00edticos cipayos anti Patria, que promueven intereses extranjeros, por encima de los intereses nacionales en el plano laboral.<\/p>\n\n\n\n<p>Esto ocurre en forma impune, por la falta de una dirigencia sindical mayoritaria, que sea realmente combativa y sobre todo independiente de la pol\u00edtica partidaria.<\/p>\n\n\n\n<p>Hay demasiadas conducciones sindicales, colmadas de pseudo sindicalistas tibios. Ni hablar de auto percibidos dirigentes opositores, que demuestran ser m\u00e1s oficialistas que el propio oficialismo, que en \u00e9poca electoral denostan desde lo discursivo, pero que en gesti\u00f3n son los m\u00e1s funcionales a ellos.<\/p>\n\n\n\n<p>Conducciones sindicales con una evidente dependencia pol\u00edtica partidaria, que viven sac\u00e1ndose fotitos con unos o con otros, casi como modelos de pasarelas. Pero no tienen fotos, con las trabajadoras y trabajadores que dicen representar.<\/p>\n\n\n\n<p><\/p>\n\n\n\n<figure class=\"wp-block-image size-large\"><img data-recalc-dims=\"1\" fetchpriority=\"high\" decoding=\"async\" width=\"1024\" height=\"516\" src=\"https:\/\/i0.wp.com\/elregionalvm.com.ar\/noticias-villa-maria\/wp-content\/uploads\/2024\/08\/CGT-Marcha.webp?resize=1024%2C516&#038;ssl=1\" alt=\"\" class=\"wp-image-97012\" srcset=\"https:\/\/i0.wp.com\/elregionalvm.com.ar\/noticias-villa-maria\/wp-content\/uploads\/2024\/08\/CGT-Marcha.webp?resize=1024%2C516&amp;ssl=1 1024w, https:\/\/i0.wp.com\/elregionalvm.com.ar\/noticias-villa-maria\/wp-content\/uploads\/2024\/08\/CGT-Marcha.webp?resize=300%2C151&amp;ssl=1 300w, https:\/\/i0.wp.com\/elregionalvm.com.ar\/noticias-villa-maria\/wp-content\/uploads\/2024\/08\/CGT-Marcha.webp?resize=768%2C387&amp;ssl=1 768w, https:\/\/i0.wp.com\/elregionalvm.com.ar\/noticias-villa-maria\/wp-content\/uploads\/2024\/08\/CGT-Marcha.webp?w=1300&amp;ssl=1 1300w\" sizes=\"(max-width: 1000px) 100vw, 1000px\" \/><\/figure>\n\n\n\n<p><\/p>\n\n\n\n<p>Conducciones sindicales condicionadas judicialmente, que, en vez de dar un paso al costado, condicionan a todo un gremio por temas que deben resolver con la justicia (hasta tanto sean declarados culpables o inocentes por un Juez).<\/p>\n\n\n\n<p>Esto viene siendo el caldo de cultivo para la entrega de las trabajadoras y trabajadores, en manos pol\u00edticas con modelos anti obreros, que avanzan y avanzan sin quien los frene, sobre quienes generan la riqueza en este pa\u00eds.<\/p>\n\n\n\n<p>Hablamos por ejemplo de: Ajuste salarial, paritarias a la baja, eliminaci\u00f3n de derechos laborales y de derechos convencionales, p\u00e9rdidas de innumerables puestos de trabajos, aumento de tercerizaciones, vaciamiento de trabajadores y proliferaci\u00f3n de figuras propias de modelos de flexibilizaci\u00f3n laboral (contratados y pasantes), ajuste jubilatorio, leyes de recortes en los haberes de los jubilados, eliminaci\u00f3n de beneficios y programas sociales, privatizaciones, entre otras cosas m\u00e1s.<\/p>\n\n\n\n<p><\/p>\n\n\n\n<blockquote class=\"wp-block-quote is-layout-flow wp-block-quote-is-layout-flow\">\n<p><strong>Hoy, tenemos una CGT nacional (tambi\u00e9n sus seccionales provinciales), y sindicatos, que funcionan como estructuras con c\u00e1scara, pero vac\u00edas de contenidos.<\/strong><\/p>\n<\/blockquote>\n\n\n\n<p><\/p>\n\n\n\n<p>Hoy, tenemos una CGT nacional (tambi\u00e9n sus seccionales provinciales), y sindicatos, que funcionan como estructuras con c\u00e1scara, pero vac\u00edas de contenidos. Hay personas que ocupan cargos y sin gesti\u00f3n a la vista. Gente que no sabemos para que est\u00e1n all\u00ed calentando sillas.<\/p>\n\n\n\n<p>Esta es la cr\u00edtica realidad que atraviesan trabajadoras y trabajadores en la Argentina, con dirigentes sindicales tambi\u00e9n en edad jubilatoria y que, en vez de ir a cuidar a sus nietos, siguen siendo los principales obst\u00e1culos para que los cuadros emergentes lleven adelante la transici\u00f3n que hoy necesita el sindicalismo argentino, con sub 45 que se pongan a la cabeza.<\/p>\n\n\n\n<p><\/p>\n\n\n\n<figure class=\"wp-block-image size-large\"><img data-recalc-dims=\"1\" decoding=\"async\" width=\"1024\" height=\"683\" src=\"https:\/\/i0.wp.com\/elregionalvm.com.ar\/noticias-villa-maria\/wp-content\/uploads\/2025\/02\/protesta-marcha-sindicato-gremio.jpg?resize=1024%2C683&#038;ssl=1\" alt=\"\" class=\"wp-image-103044\" srcset=\"https:\/\/i0.wp.com\/elregionalvm.com.ar\/noticias-villa-maria\/wp-content\/uploads\/2025\/02\/protesta-marcha-sindicato-gremio.jpg?resize=1024%2C683&amp;ssl=1 1024w, https:\/\/i0.wp.com\/elregionalvm.com.ar\/noticias-villa-maria\/wp-content\/uploads\/2025\/02\/protesta-marcha-sindicato-gremio.jpg?resize=300%2C200&amp;ssl=1 300w, https:\/\/i0.wp.com\/elregionalvm.com.ar\/noticias-villa-maria\/wp-content\/uploads\/2025\/02\/protesta-marcha-sindicato-gremio.jpg?resize=768%2C512&amp;ssl=1 768w, https:\/\/i0.wp.com\/elregionalvm.com.ar\/noticias-villa-maria\/wp-content\/uploads\/2025\/02\/protesta-marcha-sindicato-gremio.jpg?w=1300&amp;ssl=1 1300w\" sizes=\"(max-width: 1000px) 100vw, 1000px\" \/><\/figure>\n\n\n\n<p><\/p>\n\n\n\n<p>La realidad local, provincial y nacional, demanda con urgencia, el surgimiento de nuevas conducciones gremiales combativas, con alto nivel de gesti\u00f3n, con personas calificadas para los cargos que ocupan, y tener independencia pol\u00edtica, para que cuando haya que implementar planes de luchas definidos por toda la base (y no exclusivamente por conducciones o comisiones que demuestran no servir para nada), se logren los resultados trazados.<\/p>\n\n\n\n<p>El norte a seguir, lo marcaron l\u00edderes gremiales de talla de Agust\u00edn Tosco, Atilio L\u00f3pez, Ren\u00e9 Salamanca, Sa\u00fal Ubaldini, entre otros.<\/p>\n\n\n\n<p>Por estos d\u00edas, quedan a\u00fan excelentes conductores gremiales como por ejemplo: Palazzo (bancarios), Yofra (Aceiteros), Moyano (camioneros), entre otros.<\/p>\n\n\n\n<p><strong><em>(*) Integrante de la Agrupaci\u00f3n 29 de Mayo del Sindicato de Luz y Fuerza de C\u00f3rdoba<\/em><\/strong><\/p>\n","protected":false},"excerpt":{"rendered":"<p>Hace a\u00f1os, nuestro pa\u00eds viene siendo gobernado por dirigentes pol\u00edticos marcadamente anti obreros a nivel nacional, pero tambi\u00e9n en las provincias y los municipios. Escribe: Carlos Cafure (Abogado) Todos ellos han tomado medidas gubernamentales (incluyendo Decretos) y tambi\u00e9n legislativas (Leyes), que han sido en desmedro de los trabajadores (y tambi\u00e9n de los jubilados), buscando quitar [&hellip;]<\/p>\n","protected":false},"author":4,"featured_media":103043,"comment_status":"open","ping_status":"open","sticky":false,"template":"","format":"standard","meta":{"site-sidebar-layout":"default","site-content-layout":"","ast-site-content-layout":"default","site-content-style":"default","site-sidebar-style":"default","ast-global-header-display":"","ast-banner-title-visibility":"","ast-main-header-display":"","ast-hfb-above-header-display":"","ast-hfb-below-header-display":"","ast-hfb-mobile-header-display":"","site-post-title":"","ast-breadcrumbs-content":"","ast-featured-img":"","footer-sml-layout":"","ast-disable-related-posts":"","theme-transparent-header-meta":"","adv-header-id-meta":"","stick-header-meta":"","header-above-stick-meta":"","header-main-stick-meta":"","header-below-stick-meta":"","astra-migrate-meta-layouts":"set","ast-page-background-enabled":"default","ast-page-background-meta":{"desktop":{"background-color":"","background-image":"","background-repeat":"repeat","background-position":"center center","background-size":"auto","background-attachment":"scroll","background-type":"","background-media":"","overlay-type":"","overlay-color":"","overlay-opacity":"","overlay-gradient":""},"tablet":{"background-color":"","background-image":"","background-repeat":"repeat","background-position":"center center","background-size":"auto","background-attachment":"scroll","background-type":"","background-media":"","overlay-type":"","overlay-color":"","overlay-opacity":"","overlay-gradient":""},"mobile":{"background-color":"","background-image":"","background-repeat":"repeat","background-position":"center center","background-size":"auto","background-attachment":"scroll","background-type":"","background-media":"","overlay-type":"","overlay-color":"","overlay-opacity":"","overlay-gradient":""}},"ast-content-background-meta":{"desktop":{"background-color":"var(--ast-global-color-5)","background-image":"","background-repeat":"repeat","background-position":"center center","background-size":"auto","background-attachment":"scroll","background-type":"","background-media":"","overlay-type":"","overlay-color":"","overlay-opacity":"","overlay-gradient":""},"tablet":{"background-color":"var(--ast-global-color-5)","background-image":"","background-repeat":"repeat","background-position":"center center","background-size":"auto","background-attachment":"scroll","background-type":"","background-media":"","overlay-type":"","overlay-color":"","overlay-opacity":"","overlay-gradient":""},"mobile":{"background-color":"var(--ast-global-color-5)","background-image":"","background-repeat":"repeat","background-position":"center center","background-size":"auto","background-attachment":"scroll","background-type":"","background-media":"","overlay-type":"","overlay-color":"","overlay-opacity":"","overlay-gradient":""}},"_jetpack_memberships_contains_paid_content":false,"_joinchat":[],"footnotes":""},"categories":[365,3557],"tags":[24424,630,24936,2386,45,61],"class_list":["post-105876","post","type-post","status-publish","format-standard","has-post-thumbnail","hentry","category-opinion","category-tercera","tag-carlos-cafure","tag-cgt","tag-combate","tag-critica","tag-sindicalismo","tag-trabajadores"],"yoast_head":"<!-- This site is optimized with the Yoast SEO plugin v26.8 - https:\/\/yoast.com\/product\/yoast-seo-wordpress\/ -->\n<title>[Opini\u00f3n] \u201cNecesitamos recuperar un sindicalismo combativo e independiente\u201d - El Regional<\/title>\n<meta name=\"robots\" content=\"index, follow, max-snippet:-1, max-image-preview:large, max-video-preview:-1\" \/>\n<link rel=\"canonical\" href=\"https:\/\/elregionalvm.com.ar\/noticias-villa-maria\/opinion-necesitamos-recuperar-un-sindicalismo-combativo-e-independiente\/\" \/>\n<meta property=\"og:locale\" content=\"es_ES\" \/>\n<meta property=\"og:type\" content=\"article\" \/>\n<meta property=\"og:title\" content=\"[Opini\u00f3n] \u201cNecesitamos recuperar un sindicalismo combativo e independiente\u201d - El Regional\" \/>\n<meta property=\"og:description\" content=\"Hace a\u00f1os, nuestro pa\u00eds viene siendo gobernado por dirigentes pol\u00edticos marcadamente anti obreros a nivel nacional, pero tambi\u00e9n en las provincias y los municipios. Escribe: Carlos Cafure (Abogado) Todos ellos han tomado medidas gubernamentales (incluyendo Decretos) y tambi\u00e9n legislativas (Leyes), que han sido en desmedro de los trabajadores (y tambi\u00e9n de los jubilados), buscando quitar [&hellip;]\" \/>\n<meta property=\"og:url\" content=\"https:\/\/elregionalvm.com.ar\/noticias-villa-maria\/opinion-necesitamos-recuperar-un-sindicalismo-combativo-e-independiente\/\" \/>\n<meta property=\"og:site_name\" content=\"El Regional\" \/>\n<meta property=\"article:publisher\" content=\"https:\/\/www.facebook.com\/elregionalvm\" \/>\n<meta property=\"article:published_time\" content=\"2025-05-04T22:23:53+00:00\" \/>\n<meta property=\"article:modified_time\" content=\"2025-05-07T13:06:29+00:00\" \/>\n<meta property=\"og:image\" content=\"https:\/\/elregionalvm.com.ar\/noticias-villa-maria\/wp-content\/uploads\/2025\/02\/sindicato-gremio.jpg\" \/>\n\t<meta property=\"og:image:width\" content=\"1000\" \/>\n\t<meta property=\"og:image:height\" content=\"633\" \/>\n\t<meta property=\"og:image:type\" content=\"image\/jpeg\" \/>\n<meta name=\"author\" content=\"Contenidos El Regional\" \/>\n<meta name=\"twitter:card\" content=\"summary_large_image\" \/>\n<meta name=\"twitter:creator\" content=\"@elregionalvm1\" \/>\n<meta name=\"twitter:site\" content=\"@elregionalvm1\" \/>\n<meta name=\"twitter:label1\" content=\"Escrito por\" \/>\n\t<meta name=\"twitter:data1\" content=\"Contenidos El Regional\" \/>\n\t<meta name=\"twitter:label2\" content=\"Tiempo de lectura\" \/>\n\t<meta name=\"twitter:data2\" content=\"3 minutos\" \/>\n<script type=\"application\/ld+json\" class=\"yoast-schema-graph\">{\"@context\":\"https:\/\/schema.org\",\"@graph\":[{\"@type\":\"Article\",\"@id\":\"https:\/\/elregionalvm.com.ar\/noticias-villa-maria\/opinion-necesitamos-recuperar-un-sindicalismo-combativo-e-independiente\/#article\",\"isPartOf\":{\"@id\":\"https:\/\/elregionalvm.com.ar\/noticias-villa-maria\/opinion-necesitamos-recuperar-un-sindicalismo-combativo-e-independiente\/\"},\"author\":{\"name\":\"Contenidos El Regional\",\"@id\":\"http:\/\/elregionalvm.com.ar\/noticias-villa-maria\/#\/schema\/person\/a0fb9c422317faca23d50163151bc354\"},\"headline\":\"[Opini\u00f3n] \u201cNecesitamos recuperar un sindicalismo combativo e independiente\u201d\",\"datePublished\":\"2025-05-04T22:23:53+00:00\",\"dateModified\":\"2025-05-07T13:06:29+00:00\",\"mainEntityOfPage\":{\"@id\":\"https:\/\/elregionalvm.com.ar\/noticias-villa-maria\/opinion-necesitamos-recuperar-un-sindicalismo-combativo-e-independiente\/\"},\"wordCount\":617,\"commentCount\":0,\"image\":{\"@id\":\"https:\/\/elregionalvm.com.ar\/noticias-villa-maria\/opinion-necesitamos-recuperar-un-sindicalismo-combativo-e-independiente\/#primaryimage\"},\"thumbnailUrl\":\"https:\/\/i0.wp.com\/elregionalvm.com.ar\/noticias-villa-maria\/wp-content\/uploads\/2025\/02\/sindicato-gremio.jpg?fit=1000%2C633&ssl=1\",\"keywords\":[\"Carlos Cafure\",\"CGT\",\"combate\",\"cr\u00edtica\",\"sindicalismo\",\"trabajadores\"],\"articleSection\":[\"Opini\u00f3n\",\"tercera\"],\"inLanguage\":\"es\",\"potentialAction\":[{\"@type\":\"CommentAction\",\"name\":\"Comment\",\"target\":[\"https:\/\/elregionalvm.com.ar\/noticias-villa-maria\/opinion-necesitamos-recuperar-un-sindicalismo-combativo-e-independiente\/#respond\"]}]},{\"@type\":\"WebPage\",\"@id\":\"https:\/\/elregionalvm.com.ar\/noticias-villa-maria\/opinion-necesitamos-recuperar-un-sindicalismo-combativo-e-independiente\/\",\"url\":\"https:\/\/elregionalvm.com.ar\/noticias-villa-maria\/opinion-necesitamos-recuperar-un-sindicalismo-combativo-e-independiente\/\",\"name\":\"[Opini\u00f3n] \u201cNecesitamos recuperar un sindicalismo combativo e independiente\u201d - El Regional\",\"isPartOf\":{\"@id\":\"http:\/\/elregionalvm.com.ar\/noticias-villa-maria\/#website\"},\"primaryImageOfPage\":{\"@id\":\"https:\/\/elregionalvm.com.ar\/noticias-villa-maria\/opinion-necesitamos-recuperar-un-sindicalismo-combativo-e-independiente\/#primaryimage\"},\"image\":{\"@id\":\"https:\/\/elregionalvm.com.ar\/noticias-villa-maria\/opinion-necesitamos-recuperar-un-sindicalismo-combativo-e-independiente\/#primaryimage\"},\"thumbnailUrl\":\"https:\/\/i0.wp.com\/elregionalvm.com.ar\/noticias-villa-maria\/wp-content\/uploads\/2025\/02\/sindicato-gremio.jpg?fit=1000%2C633&ssl=1\",\"datePublished\":\"2025-05-04T22:23:53+00:00\",\"dateModified\":\"2025-05-07T13:06:29+00:00\",\"author\":{\"@id\":\"http:\/\/elregionalvm.com.ar\/noticias-villa-maria\/#\/schema\/person\/a0fb9c422317faca23d50163151bc354\"},\"breadcrumb\":{\"@id\":\"https:\/\/elregionalvm.com.ar\/noticias-villa-maria\/opinion-necesitamos-recuperar-un-sindicalismo-combativo-e-independiente\/#breadcrumb\"},\"inLanguage\":\"es\",\"potentialAction\":[{\"@type\":\"ReadAction\",\"target\":[\"https:\/\/elregionalvm.com.ar\/noticias-villa-maria\/opinion-necesitamos-recuperar-un-sindicalismo-combativo-e-independiente\/\"]}]},{\"@type\":\"ImageObject\",\"inLanguage\":\"es\",\"@id\":\"https:\/\/elregionalvm.com.ar\/noticias-villa-maria\/opinion-necesitamos-recuperar-un-sindicalismo-combativo-e-independiente\/#primaryimage\",\"url\":\"https:\/\/i0.wp.com\/elregionalvm.com.ar\/noticias-villa-maria\/wp-content\/uploads\/2025\/02\/sindicato-gremio.jpg?fit=1000%2C633&ssl=1\",\"contentUrl\":\"https:\/\/i0.wp.com\/elregionalvm.com.ar\/noticias-villa-maria\/wp-content\/uploads\/2025\/02\/sindicato-gremio.jpg?fit=1000%2C633&ssl=1\",\"width\":1000,\"height\":633},{\"@type\":\"BreadcrumbList\",\"@id\":\"https:\/\/elregionalvm.com.ar\/noticias-villa-maria\/opinion-necesitamos-recuperar-un-sindicalismo-combativo-e-independiente\/#breadcrumb\",\"itemListElement\":[{\"@type\":\"ListItem\",\"position\":1,\"name\":\"Portada\",\"item\":\"https:\/\/elregionalvm.com.ar\/noticias-villa-maria\/\"},{\"@type\":\"ListItem\",\"position\":2,\"name\":\"[Opini\u00f3n] \u201cNecesitamos recuperar un sindicalismo combativo e independiente\u201d\"}]},{\"@type\":\"WebSite\",\"@id\":\"http:\/\/elregionalvm.com.ar\/noticias-villa-maria\/#website\",\"url\":\"http:\/\/elregionalvm.com.ar\/noticias-villa-maria\/\",\"name\":\"El Regional\",\"description\":\"Mucho m\u00e1s que informaci\u00f3n\",\"potentialAction\":[{\"@type\":\"SearchAction\",\"target\":{\"@type\":\"EntryPoint\",\"urlTemplate\":\"http:\/\/elregionalvm.com.ar\/noticias-villa-maria\/?s={search_term_string}\"},\"query-input\":{\"@type\":\"PropertyValueSpecification\",\"valueRequired\":true,\"valueName\":\"search_term_string\"}}],\"inLanguage\":\"es\"},{\"@type\":\"Person\",\"@id\":\"http:\/\/elregionalvm.com.ar\/noticias-villa-maria\/#\/schema\/person\/a0fb9c422317faca23d50163151bc354\",\"name\":\"Contenidos El Regional\",\"image\":{\"@type\":\"ImageObject\",\"inLanguage\":\"es\",\"@id\":\"http:\/\/elregionalvm.com.ar\/noticias-villa-maria\/#\/schema\/person\/image\/\",\"url\":\"https:\/\/secure.gravatar.com\/avatar\/265b27cb2209af7bb3a1318f03305787d7981a5cc6e6cd08fe5a4ecdf99d4b48?s=96&d=mm&r=g\",\"contentUrl\":\"https:\/\/secure.gravatar.com\/avatar\/265b27cb2209af7bb3a1318f03305787d7981a5cc6e6cd08fe5a4ecdf99d4b48?s=96&d=mm&r=g\",\"caption\":\"Contenidos El Regional\"},\"url\":\"https:\/\/elregionalvm.com.ar\/noticias-villa-maria\/author\/contenido\/\"}]}<\/script>\n<!-- \/ Yoast SEO plugin. -->","yoast_head_json":{"title":"[Opini\u00f3n] \u201cNecesitamos recuperar un sindicalismo combativo e independiente\u201d - El Regional","robots":{"index":"index","follow":"follow","max-snippet":"max-snippet:-1","max-image-preview":"max-image-preview:large","max-video-preview":"max-video-preview:-1"},"canonical":"https:\/\/elregionalvm.com.ar\/noticias-villa-maria\/opinion-necesitamos-recuperar-un-sindicalismo-combativo-e-independiente\/","og_locale":"es_ES","og_type":"article","og_title":"[Opini\u00f3n] \u201cNecesitamos recuperar un sindicalismo combativo e independiente\u201d - El Regional","og_description":"Hace a\u00f1os, nuestro pa\u00eds viene siendo gobernado por dirigentes pol\u00edticos marcadamente anti obreros a nivel nacional, pero tambi\u00e9n en las provincias y los municipios. Escribe: Carlos Cafure (Abogado) Todos ellos han tomado medidas gubernamentales (incluyendo Decretos) y tambi\u00e9n legislativas (Leyes), que han sido en desmedro de los trabajadores (y tambi\u00e9n de los jubilados), buscando quitar [&hellip;]","og_url":"https:\/\/elregionalvm.com.ar\/noticias-villa-maria\/opinion-necesitamos-recuperar-un-sindicalismo-combativo-e-independiente\/","og_site_name":"El Regional","article_publisher":"https:\/\/www.facebook.com\/elregionalvm","article_published_time":"2025-05-04T22:23:53+00:00","article_modified_time":"2025-05-07T13:06:29+00:00","og_image":[{"width":1000,"height":633,"url":"https:\/\/elregionalvm.com.ar\/noticias-villa-maria\/wp-content\/uploads\/2025\/02\/sindicato-gremio.jpg","type":"image\/jpeg"}],"author":"Contenidos El Regional","twitter_card":"summary_large_image","twitter_creator":"@elregionalvm1","twitter_site":"@elregionalvm1","twitter_misc":{"Escrito por":"Contenidos El Regional","Tiempo de lectura":"3 minutos"},"schema":{"@context":"https:\/\/schema.org","@graph":[{"@type":"Article","@id":"https:\/\/elregionalvm.com.ar\/noticias-villa-maria\/opinion-necesitamos-recuperar-un-sindicalismo-combativo-e-independiente\/#article","isPartOf":{"@id":"https:\/\/elregionalvm.com.ar\/noticias-villa-maria\/opinion-necesitamos-recuperar-un-sindicalismo-combativo-e-independiente\/"},"author":{"name":"Contenidos El Regional","@id":"http:\/\/elregionalvm.com.ar\/noticias-villa-maria\/#\/schema\/person\/a0fb9c422317faca23d50163151bc354"},"headline":"[Opini\u00f3n] \u201cNecesitamos recuperar un sindicalismo combativo e independiente\u201d","datePublished":"2025-05-04T22:23:53+00:00","dateModified":"2025-05-07T13:06:29+00:00","mainEntityOfPage":{"@id":"https:\/\/elregionalvm.com.ar\/noticias-villa-maria\/opinion-necesitamos-recuperar-un-sindicalismo-combativo-e-independiente\/"},"wordCount":617,"commentCount":0,"image":{"@id":"https:\/\/elregionalvm.com.ar\/noticias-villa-maria\/opinion-necesitamos-recuperar-un-sindicalismo-combativo-e-independiente\/#primaryimage"},"thumbnailUrl":"https:\/\/i0.wp.com\/elregionalvm.com.ar\/noticias-villa-maria\/wp-content\/uploads\/2025\/02\/sindicato-gremio.jpg?fit=1000%2C633&ssl=1","keywords":["Carlos Cafure","CGT","combate","cr\u00edtica","sindicalismo","trabajadores"],"articleSection":["Opini\u00f3n","tercera"],"inLanguage":"es","potentialAction":[{"@type":"CommentAction","name":"Comment","target":["https:\/\/elregionalvm.com.ar\/noticias-villa-maria\/opinion-necesitamos-recuperar-un-sindicalismo-combativo-e-independiente\/#respond"]}]},{"@type":"WebPage","@id":"https:\/\/elregionalvm.com.ar\/noticias-villa-maria\/opinion-necesitamos-recuperar-un-sindicalismo-combativo-e-independiente\/","url":"https:\/\/elregionalvm.com.ar\/noticias-villa-maria\/opinion-necesitamos-recuperar-un-sindicalismo-combativo-e-independiente\/","name":"[Opini\u00f3n] \u201cNecesitamos recuperar un sindicalismo combativo e independiente\u201d - El Regional","isPartOf":{"@id":"http:\/\/elregionalvm.com.ar\/noticias-villa-maria\/#website"},"primaryImageOfPage":{"@id":"https:\/\/elregionalvm.com.ar\/noticias-villa-maria\/opinion-necesitamos-recuperar-un-sindicalismo-combativo-e-independiente\/#primaryimage"},"image":{"@id":"https:\/\/elregionalvm.com.ar\/noticias-villa-maria\/opinion-necesitamos-recuperar-un-sindicalismo-combativo-e-independiente\/#primaryimage"},"thumbnailUrl":"https:\/\/i0.wp.com\/elregionalvm.com.ar\/noticias-villa-maria\/wp-content\/uploads\/2025\/02\/sindicato-gremio.jpg?fit=1000%2C633&ssl=1","datePublished":"2025-05-04T22:23:53+00:00","dateModified":"2025-05-07T13:06:29+00:00","author":{"@id":"http:\/\/elregionalvm.com.ar\/noticias-villa-maria\/#\/schema\/person\/a0fb9c422317faca23d50163151bc354"},"breadcrumb":{"@id":"https:\/\/elregionalvm.com.ar\/noticias-villa-maria\/opinion-necesitamos-recuperar-un-sindicalismo-combativo-e-independiente\/#breadcrumb"},"inLanguage":"es","potentialAction":[{"@type":"ReadAction","target":["https:\/\/elregionalvm.com.ar\/noticias-villa-maria\/opinion-necesitamos-recuperar-un-sindicalismo-combativo-e-independiente\/"]}]},{"@type":"ImageObject","inLanguage":"es","@id":"https:\/\/elregionalvm.com.ar\/noticias-villa-maria\/opinion-necesitamos-recuperar-un-sindicalismo-combativo-e-independiente\/#primaryimage","url":"https:\/\/i0.wp.com\/elregionalvm.com.ar\/noticias-villa-maria\/wp-content\/uploads\/2025\/02\/sindicato-gremio.jpg?fit=1000%2C633&ssl=1","contentUrl":"https:\/\/i0.wp.com\/elregionalvm.com.ar\/noticias-villa-maria\/wp-content\/uploads\/2025\/02\/sindicato-gremio.jpg?fit=1000%2C633&ssl=1","width":1000,"height":633},{"@type":"BreadcrumbList","@id":"https:\/\/elregionalvm.com.ar\/noticias-villa-maria\/opinion-necesitamos-recuperar-un-sindicalismo-combativo-e-independiente\/#breadcrumb","itemListElement":[{"@type":"ListItem","position":1,"name":"Portada","item":"https:\/\/elregionalvm.com.ar\/noticias-villa-maria\/"},{"@type":"ListItem","position":2,"name":"[Opini\u00f3n] \u201cNecesitamos recuperar un sindicalismo combativo e independiente\u201d"}]},{"@type":"WebSite","@id":"http:\/\/elregionalvm.com.ar\/noticias-villa-maria\/#website","url":"http:\/\/elregionalvm.com.ar\/noticias-villa-maria\/","name":"El Regional","description":"Mucho m\u00e1s que informaci\u00f3n","potentialAction":[{"@type":"SearchAction","target":{"@type":"EntryPoint","urlTemplate":"http:\/\/elregionalvm.com.ar\/noticias-villa-maria\/?s={search_term_string}"},"query-input":{"@type":"PropertyValueSpecification","valueRequired":true,"valueName":"search_term_string"}}],"inLanguage":"es"},{"@type":"Person","@id":"http:\/\/elregionalvm.com.ar\/noticias-villa-maria\/#\/schema\/person\/a0fb9c422317faca23d50163151bc354","name":"Contenidos El Regional","image":{"@type":"ImageObject","inLanguage":"es","@id":"http:\/\/elregionalvm.com.ar\/noticias-villa-maria\/#\/schema\/person\/image\/","url":"https:\/\/secure.gravatar.com\/avatar\/265b27cb2209af7bb3a1318f03305787d7981a5cc6e6cd08fe5a4ecdf99d4b48?s=96&d=mm&r=g","contentUrl":"https:\/\/secure.gravatar.com\/avatar\/265b27cb2209af7bb3a1318f03305787d7981a5cc6e6cd08fe5a4ecdf99d4b48?s=96&d=mm&r=g","caption":"Contenidos El Regional"},"url":"https:\/\/elregionalvm.com.ar\/noticias-villa-maria\/author\/contenido\/"}]}},"jetpack_featured_media_url":"https:\/\/i0.wp.com\/elregionalvm.com.ar\/noticias-villa-maria\/wp-content\/uploads\/2025\/02\/sindicato-gremio.jpg?fit=1000%2C633&ssl=1","jetpack_sharing_enabled":true,"_links":{"self":[{"href":"https:\/\/elregionalvm.com.ar\/noticias-villa-maria\/wp-json\/wp\/v2\/posts\/105876","targetHints":{"allow":["GET"]}}],"collection":[{"href":"https:\/\/elregionalvm.com.ar\/noticias-villa-maria\/wp-json\/wp\/v2\/posts"}],"about":[{"href":"https:\/\/elregionalvm.com.ar\/noticias-villa-maria\/wp-json\/wp\/v2\/types\/post"}],"author":[{"embeddable":true,"href":"https:\/\/elregionalvm.com.ar\/noticias-villa-maria\/wp-json\/wp\/v2\/users\/4"}],"replies":[{"embeddable":true,"href":"https:\/\/elregionalvm.com.ar\/noticias-villa-maria\/wp-json\/wp\/v2\/comments?post=105876"}],"version-history":[{"count":2,"href":"https:\/\/elregionalvm.com.ar\/noticias-villa-maria\/wp-json\/wp\/v2\/posts\/105876\/revisions"}],"predecessor-version":[{"id":105878,"href":"https:\/\/elregionalvm.com.ar\/noticias-villa-maria\/wp-json\/wp\/v2\/posts\/105876\/revisions\/105878"}],"wp:featuredmedia":[{"embeddable":true,"href":"https:\/\/elregionalvm.com.ar\/noticias-villa-maria\/wp-json\/wp\/v2\/media\/103043"}],"wp:attachment":[{"href":"https:\/\/elregionalvm.com.ar\/noticias-villa-maria\/wp-json\/wp\/v2\/media?parent=105876"}],"wp:term":[{"taxonomy":"category","embeddable":true,"href":"https:\/\/elregionalvm.com.ar\/noticias-villa-maria\/wp-json\/wp\/v2\/categories?post=105876"},{"taxonomy":"post_tag","embeddable":true,"href":"https:\/\/elregionalvm.com.ar\/noticias-villa-maria\/wp-json\/wp\/v2\/tags?post=105876"}],"curies":[{"name":"wp","href":"https:\/\/api.w.org\/{rel}","templated":true}]}}