{"id":105908,"date":"2025-05-05T15:26:51","date_gmt":"2025-05-05T15:26:51","guid":{"rendered":"https:\/\/elregionalvm.com.ar\/noticias-villa-maria\/?p=105908"},"modified":"2025-05-05T15:26:53","modified_gmt":"2025-05-05T15:26:53","slug":"el-centro-de-promocion-familiar-arturo-illia-celebro-su-aniversario-n41","status":"publish","type":"post","link":"https:\/\/elregionalvm.com.ar\/noticias-villa-maria\/el-centro-de-promocion-familiar-arturo-illia-celebro-su-aniversario-n41\/","title":{"rendered":"El Centro de Promoci\u00f3n Familiar \u00abArturo Illia\u00bb celebr\u00f3 su aniversario n\u00b041"},"content":{"rendered":"\n<p>La comunidad del Centro de Promoci\u00f3n Familiar \u201cArturo Illia\u201d, ubicado en barrio Bello Horizonte, celebr\u00f3 sus 41 a\u00f1os de trayectoria en el acompa\u00f1amiento y cuidado de las primeras infancias.<\/p>\n\n\n\n<p>Durante la jornada, se realiz\u00f3 una actividad con las familias para cerrar el proyecto pedag\u00f3gico centrado en \u201clos seres que habitan el mar\u201d.<\/p>\n\n\n\n<p>A trav\u00e9s de juegos, canciones, im\u00e1genes, sonidos y expresi\u00f3n corporal, los m\u00e1s peque\u00f1os exploraron el mundo marino con la gu\u00eda de sus se\u00f1os y el acompa\u00f1amiento amoroso de sus familias.<\/p>\n\n\n\n<p>El espacio, que depende de la Secretar\u00eda de Educaci\u00f3n, actualmente recibe a 90 ni\u00f1os y ni\u00f1as de entre 25 d\u00edas y 2 a\u00f1os de edad.<\/p>\n\n\n\n<p>El citado Centro est\u00e1 coordinado por la profesora Fernanda Le\u00f3n y cuenta con un equipo de 13 trabajadoras que a diario sostienen este espacio con compromiso y vocaci\u00f3n.<\/p>\n\n\n\n<p>Al respecto, la secretaria de Educaci\u00f3n, Adela Guirardelli, se\u00f1al\u00f3: \u201cacompa\u00f1amos este nuevo aniversario reafirmando el compromiso con estos espacios comunitarios, que son fundamentales para garantizar una crianza amorosa, segura y acompa\u00f1ada desde los primeros d\u00edas de vida\u201d.<\/p>\n\n\n\n<p>En el marco del aniversario, tambi\u00e9n se vivi\u00f3 un emotivo momento con el reconocimiento a la docente Paula Samuel, quien recientemente se jubil\u00f3 tras m\u00e1s de 30 a\u00f1os de servicio dedicados a la educaci\u00f3n y el cuidado de las infancias.<\/p>\n","protected":false},"excerpt":{"rendered":"<p>La comunidad del Centro de Promoci\u00f3n Familiar \u201cArturo Illia\u201d, ubicado en barrio Bello Horizonte, celebr\u00f3 sus 41 a\u00f1os de trayectoria en el acompa\u00f1amiento y cuidado de las primeras infancias. Durante la jornada, se realiz\u00f3 una actividad con las familias para cerrar el proyecto pedag\u00f3gico centrado en \u201clos seres que habitan el mar\u201d. A trav\u00e9s de [&hellip;]<\/p>\n","protected":false},"author":4,"featured_media":105909,"comment_status":"open","ping_status":"open","sticky":false,"template":"","format":"standard","meta":{"site-sidebar-layout":"default","site-content-layout":"","ast-site-content-layout":"default","site-content-style":"default","site-sidebar-style":"default","ast-global-header-display":"","ast-banner-title-visibility":"","ast-main-header-display":"","ast-hfb-above-header-display":"","ast-hfb-below-header-display":"","ast-hfb-mobile-header-display":"","site-post-title":"","ast-breadcrumbs-content":"","ast-featured-img":"","footer-sml-layout":"","ast-disable-related-posts":"","theme-transparent-header-meta":"","adv-header-id-meta":"","stick-header-meta":"","header-above-stick-meta":"","header-main-stick-meta":"","header-below-stick-meta":"","astra-migrate-meta-layouts":"set","ast-page-background-enabled":"default","ast-page-background-meta":{"desktop":{"background-color":"","background-image":"","background-repeat":"repeat","background-position":"center center","background-size":"auto","background-attachment":"scroll","background-type":"","background-media":"","overlay-type":"","overlay-color":"","overlay-opacity":"","overlay-gradient":""},"tablet":{"background-color":"","background-image":"","background-repeat":"repeat","background-position":"center center","background-size":"auto","background-attachment":"scroll","background-type":"","background-media":"","overlay-type":"","overlay-color":"","overlay-opacity":"","overlay-gradient":""},"mobile":{"background-color":"","background-image":"","background-repeat":"repeat","background-position":"center center","background-size":"auto","background-attachment":"scroll","background-type":"","background-media":"","overlay-type":"","overlay-color":"","overlay-opacity":"","overlay-gradient":""}},"ast-content-background-meta":{"desktop":{"background-color":"var(--ast-global-color-5)","background-image":"","background-repeat":"repeat","background-position":"center center","background-size":"auto","background-attachment":"scroll","background-type":"","background-media":"","overlay-type":"","overlay-color":"","overlay-opacity":"","overlay-gradient":""},"tablet":{"background-color":"var(--ast-global-color-5)","background-image":"","background-repeat":"repeat","background-position":"center center","background-size":"auto","background-attachment":"scroll","background-type":"","background-media":"","overlay-type":"","overlay-color":"","overlay-opacity":"","overlay-gradient":""},"mobile":{"background-color":"var(--ast-global-color-5)","background-image":"","background-repeat":"repeat","background-position":"center center","background-size":"auto","background-attachment":"scroll","background-type":"","background-media":"","overlay-type":"","overlay-color":"","overlay-opacity":"","overlay-gradient":""}},"_jetpack_memberships_contains_paid_content":false,"_joinchat":[],"footnotes":""},"categories":[15302,5,2],"tags":[],"class_list":["post-105908","post","type-post","status-publish","format-standard","has-post-thumbnail","hentry","category-destacado","category-sociedad","category-villa-maria"],"yoast_head":"<!-- This site is optimized with the Yoast SEO plugin v26.8 - https:\/\/yoast.com\/product\/yoast-seo-wordpress\/ -->\n<title>El Centro de Promoci\u00f3n Familiar &quot;Arturo Illia&quot; celebr\u00f3 su aniversario n\u00b041 - El Regional<\/title>\n<meta name=\"robots\" content=\"index, follow, max-snippet:-1, max-image-preview:large, max-video-preview:-1\" \/>\n<link rel=\"canonical\" href=\"https:\/\/elregionalvm.com.ar\/noticias-villa-maria\/el-centro-de-promocion-familiar-arturo-illia-celebro-su-aniversario-n41\/\" \/>\n<meta property=\"og:locale\" content=\"es_ES\" \/>\n<meta property=\"og:type\" content=\"article\" \/>\n<meta property=\"og:title\" content=\"El Centro de Promoci\u00f3n Familiar &quot;Arturo Illia&quot; celebr\u00f3 su aniversario n\u00b041 - El Regional\" \/>\n<meta property=\"og:description\" content=\"La comunidad del Centro de Promoci\u00f3n Familiar \u201cArturo Illia\u201d, ubicado en barrio Bello Horizonte, celebr\u00f3 sus 41 a\u00f1os de trayectoria en el acompa\u00f1amiento y cuidado de las primeras infancias. Durante la jornada, se realiz\u00f3 una actividad con las familias para cerrar el proyecto pedag\u00f3gico centrado en \u201clos seres que habitan el mar\u201d. A trav\u00e9s de [&hellip;]\" \/>\n<meta property=\"og:url\" content=\"https:\/\/elregionalvm.com.ar\/noticias-villa-maria\/el-centro-de-promocion-familiar-arturo-illia-celebro-su-aniversario-n41\/\" \/>\n<meta property=\"og:site_name\" content=\"El Regional\" \/>\n<meta property=\"article:publisher\" content=\"https:\/\/www.facebook.com\/elregionalvm\" \/>\n<meta property=\"article:published_time\" content=\"2025-05-05T15:26:51+00:00\" \/>\n<meta property=\"article:modified_time\" content=\"2025-05-05T15:26:53+00:00\" \/>\n<meta property=\"og:image\" content=\"https:\/\/elregionalvm.com.ar\/noticias-villa-maria\/wp-content\/uploads\/2025\/05\/WhatsApp-Image-2025-05-04-at-10.04.14-AM.jpeg\" \/>\n\t<meta property=\"og:image:width\" content=\"1560\" \/>\n\t<meta property=\"og:image:height\" content=\"1040\" \/>\n\t<meta property=\"og:image:type\" content=\"image\/jpeg\" \/>\n<meta name=\"author\" content=\"Contenidos El Regional\" \/>\n<meta name=\"twitter:card\" content=\"summary_large_image\" \/>\n<meta name=\"twitter:creator\" content=\"@elregionalvm1\" \/>\n<meta name=\"twitter:site\" content=\"@elregionalvm1\" \/>\n<meta name=\"twitter:label1\" content=\"Escrito por\" \/>\n\t<meta name=\"twitter:data1\" content=\"Contenidos El Regional\" \/>\n\t<meta name=\"twitter:label2\" content=\"Tiempo de lectura\" \/>\n\t<meta name=\"twitter:data2\" content=\"2 minutos\" \/>\n<script type=\"application\/ld+json\" class=\"yoast-schema-graph\">{\"@context\":\"https:\/\/schema.org\",\"@graph\":[{\"@type\":\"Article\",\"@id\":\"https:\/\/elregionalvm.com.ar\/noticias-villa-maria\/el-centro-de-promocion-familiar-arturo-illia-celebro-su-aniversario-n41\/#article\",\"isPartOf\":{\"@id\":\"https:\/\/elregionalvm.com.ar\/noticias-villa-maria\/el-centro-de-promocion-familiar-arturo-illia-celebro-su-aniversario-n41\/\"},\"author\":{\"name\":\"Contenidos El Regional\",\"@id\":\"http:\/\/elregionalvm.com.ar\/noticias-villa-maria\/#\/schema\/person\/a0fb9c422317faca23d50163151bc354\"},\"headline\":\"El Centro de Promoci\u00f3n Familiar \u00abArturo Illia\u00bb celebr\u00f3 su aniversario n\u00b041\",\"datePublished\":\"2025-05-05T15:26:51+00:00\",\"dateModified\":\"2025-05-05T15:26:53+00:00\",\"mainEntityOfPage\":{\"@id\":\"https:\/\/elregionalvm.com.ar\/noticias-villa-maria\/el-centro-de-promocion-familiar-arturo-illia-celebro-su-aniversario-n41\/\"},\"wordCount\":247,\"commentCount\":0,\"image\":{\"@id\":\"https:\/\/elregionalvm.com.ar\/noticias-villa-maria\/el-centro-de-promocion-familiar-arturo-illia-celebro-su-aniversario-n41\/#primaryimage\"},\"thumbnailUrl\":\"https:\/\/i0.wp.com\/elregionalvm.com.ar\/noticias-villa-maria\/wp-content\/uploads\/2025\/05\/WhatsApp-Image-2025-05-04-at-10.04.14-AM.jpeg?fit=1560%2C1040&ssl=1\",\"articleSection\":[\"destacado\",\"Sociedad\",\"Villa Mar\u00eda\"],\"inLanguage\":\"es\",\"potentialAction\":[{\"@type\":\"CommentAction\",\"name\":\"Comment\",\"target\":[\"https:\/\/elregionalvm.com.ar\/noticias-villa-maria\/el-centro-de-promocion-familiar-arturo-illia-celebro-su-aniversario-n41\/#respond\"]}]},{\"@type\":\"WebPage\",\"@id\":\"https:\/\/elregionalvm.com.ar\/noticias-villa-maria\/el-centro-de-promocion-familiar-arturo-illia-celebro-su-aniversario-n41\/\",\"url\":\"https:\/\/elregionalvm.com.ar\/noticias-villa-maria\/el-centro-de-promocion-familiar-arturo-illia-celebro-su-aniversario-n41\/\",\"name\":\"El Centro de Promoci\u00f3n Familiar \\\"Arturo Illia\\\" celebr\u00f3 su aniversario n\u00b041 - El Regional\",\"isPartOf\":{\"@id\":\"http:\/\/elregionalvm.com.ar\/noticias-villa-maria\/#website\"},\"primaryImageOfPage\":{\"@id\":\"https:\/\/elregionalvm.com.ar\/noticias-villa-maria\/el-centro-de-promocion-familiar-arturo-illia-celebro-su-aniversario-n41\/#primaryimage\"},\"image\":{\"@id\":\"https:\/\/elregionalvm.com.ar\/noticias-villa-maria\/el-centro-de-promocion-familiar-arturo-illia-celebro-su-aniversario-n41\/#primaryimage\"},\"thumbnailUrl\":\"https:\/\/i0.wp.com\/elregionalvm.com.ar\/noticias-villa-maria\/wp-content\/uploads\/2025\/05\/WhatsApp-Image-2025-05-04-at-10.04.14-AM.jpeg?fit=1560%2C1040&ssl=1\",\"datePublished\":\"2025-05-05T15:26:51+00:00\",\"dateModified\":\"2025-05-05T15:26:53+00:00\",\"author\":{\"@id\":\"http:\/\/elregionalvm.com.ar\/noticias-villa-maria\/#\/schema\/person\/a0fb9c422317faca23d50163151bc354\"},\"breadcrumb\":{\"@id\":\"https:\/\/elregionalvm.com.ar\/noticias-villa-maria\/el-centro-de-promocion-familiar-arturo-illia-celebro-su-aniversario-n41\/#breadcrumb\"},\"inLanguage\":\"es\",\"potentialAction\":[{\"@type\":\"ReadAction\",\"target\":[\"https:\/\/elregionalvm.com.ar\/noticias-villa-maria\/el-centro-de-promocion-familiar-arturo-illia-celebro-su-aniversario-n41\/\"]}]},{\"@type\":\"ImageObject\",\"inLanguage\":\"es\",\"@id\":\"https:\/\/elregionalvm.com.ar\/noticias-villa-maria\/el-centro-de-promocion-familiar-arturo-illia-celebro-su-aniversario-n41\/#primaryimage\",\"url\":\"https:\/\/i0.wp.com\/elregionalvm.com.ar\/noticias-villa-maria\/wp-content\/uploads\/2025\/05\/WhatsApp-Image-2025-05-04-at-10.04.14-AM.jpeg?fit=1560%2C1040&ssl=1\",\"contentUrl\":\"https:\/\/i0.wp.com\/elregionalvm.com.ar\/noticias-villa-maria\/wp-content\/uploads\/2025\/05\/WhatsApp-Image-2025-05-04-at-10.04.14-AM.jpeg?fit=1560%2C1040&ssl=1\",\"width\":1560,\"height\":1040},{\"@type\":\"BreadcrumbList\",\"@id\":\"https:\/\/elregionalvm.com.ar\/noticias-villa-maria\/el-centro-de-promocion-familiar-arturo-illia-celebro-su-aniversario-n41\/#breadcrumb\",\"itemListElement\":[{\"@type\":\"ListItem\",\"position\":1,\"name\":\"Portada\",\"item\":\"https:\/\/elregionalvm.com.ar\/noticias-villa-maria\/\"},{\"@type\":\"ListItem\",\"position\":2,\"name\":\"El Centro de Promoci\u00f3n Familiar \u00abArturo Illia\u00bb celebr\u00f3 su aniversario n\u00b041\"}]},{\"@type\":\"WebSite\",\"@id\":\"http:\/\/elregionalvm.com.ar\/noticias-villa-maria\/#website\",\"url\":\"http:\/\/elregionalvm.com.ar\/noticias-villa-maria\/\",\"name\":\"El Regional\",\"description\":\"Mucho m\u00e1s que informaci\u00f3n\",\"potentialAction\":[{\"@type\":\"SearchAction\",\"target\":{\"@type\":\"EntryPoint\",\"urlTemplate\":\"http:\/\/elregionalvm.com.ar\/noticias-villa-maria\/?s={search_term_string}\"},\"query-input\":{\"@type\":\"PropertyValueSpecification\",\"valueRequired\":true,\"valueName\":\"search_term_string\"}}],\"inLanguage\":\"es\"},{\"@type\":\"Person\",\"@id\":\"http:\/\/elregionalvm.com.ar\/noticias-villa-maria\/#\/schema\/person\/a0fb9c422317faca23d50163151bc354\",\"name\":\"Contenidos El Regional\",\"image\":{\"@type\":\"ImageObject\",\"inLanguage\":\"es\",\"@id\":\"http:\/\/elregionalvm.com.ar\/noticias-villa-maria\/#\/schema\/person\/image\/\",\"url\":\"https:\/\/secure.gravatar.com\/avatar\/265b27cb2209af7bb3a1318f03305787d7981a5cc6e6cd08fe5a4ecdf99d4b48?s=96&d=mm&r=g\",\"contentUrl\":\"https:\/\/secure.gravatar.com\/avatar\/265b27cb2209af7bb3a1318f03305787d7981a5cc6e6cd08fe5a4ecdf99d4b48?s=96&d=mm&r=g\",\"caption\":\"Contenidos El Regional\"},\"url\":\"https:\/\/elregionalvm.com.ar\/noticias-villa-maria\/author\/contenido\/\"}]}<\/script>\n<!-- \/ Yoast SEO plugin. -->","yoast_head_json":{"title":"El Centro de Promoci\u00f3n Familiar \"Arturo Illia\" celebr\u00f3 su aniversario n\u00b041 - El Regional","robots":{"index":"index","follow":"follow","max-snippet":"max-snippet:-1","max-image-preview":"max-image-preview:large","max-video-preview":"max-video-preview:-1"},"canonical":"https:\/\/elregionalvm.com.ar\/noticias-villa-maria\/el-centro-de-promocion-familiar-arturo-illia-celebro-su-aniversario-n41\/","og_locale":"es_ES","og_type":"article","og_title":"El Centro de Promoci\u00f3n Familiar \"Arturo Illia\" celebr\u00f3 su aniversario n\u00b041 - El Regional","og_description":"La comunidad del Centro de Promoci\u00f3n Familiar \u201cArturo Illia\u201d, ubicado en barrio Bello Horizonte, celebr\u00f3 sus 41 a\u00f1os de trayectoria en el acompa\u00f1amiento y cuidado de las primeras infancias. Durante la jornada, se realiz\u00f3 una actividad con las familias para cerrar el proyecto pedag\u00f3gico centrado en \u201clos seres que habitan el mar\u201d. A trav\u00e9s de [&hellip;]","og_url":"https:\/\/elregionalvm.com.ar\/noticias-villa-maria\/el-centro-de-promocion-familiar-arturo-illia-celebro-su-aniversario-n41\/","og_site_name":"El Regional","article_publisher":"https:\/\/www.facebook.com\/elregionalvm","article_published_time":"2025-05-05T15:26:51+00:00","article_modified_time":"2025-05-05T15:26:53+00:00","og_image":[{"width":1560,"height":1040,"url":"https:\/\/elregionalvm.com.ar\/noticias-villa-maria\/wp-content\/uploads\/2025\/05\/WhatsApp-Image-2025-05-04-at-10.04.14-AM.jpeg","type":"image\/jpeg"}],"author":"Contenidos El Regional","twitter_card":"summary_large_image","twitter_creator":"@elregionalvm1","twitter_site":"@elregionalvm1","twitter_misc":{"Escrito por":"Contenidos El Regional","Tiempo de lectura":"2 minutos"},"schema":{"@context":"https:\/\/schema.org","@graph":[{"@type":"Article","@id":"https:\/\/elregionalvm.com.ar\/noticias-villa-maria\/el-centro-de-promocion-familiar-arturo-illia-celebro-su-aniversario-n41\/#article","isPartOf":{"@id":"https:\/\/elregionalvm.com.ar\/noticias-villa-maria\/el-centro-de-promocion-familiar-arturo-illia-celebro-su-aniversario-n41\/"},"author":{"name":"Contenidos El Regional","@id":"http:\/\/elregionalvm.com.ar\/noticias-villa-maria\/#\/schema\/person\/a0fb9c422317faca23d50163151bc354"},"headline":"El Centro de Promoci\u00f3n Familiar \u00abArturo Illia\u00bb celebr\u00f3 su aniversario n\u00b041","datePublished":"2025-05-05T15:26:51+00:00","dateModified":"2025-05-05T15:26:53+00:00","mainEntityOfPage":{"@id":"https:\/\/elregionalvm.com.ar\/noticias-villa-maria\/el-centro-de-promocion-familiar-arturo-illia-celebro-su-aniversario-n41\/"},"wordCount":247,"commentCount":0,"image":{"@id":"https:\/\/elregionalvm.com.ar\/noticias-villa-maria\/el-centro-de-promocion-familiar-arturo-illia-celebro-su-aniversario-n41\/#primaryimage"},"thumbnailUrl":"https:\/\/i0.wp.com\/elregionalvm.com.ar\/noticias-villa-maria\/wp-content\/uploads\/2025\/05\/WhatsApp-Image-2025-05-04-at-10.04.14-AM.jpeg?fit=1560%2C1040&ssl=1","articleSection":["destacado","Sociedad","Villa Mar\u00eda"],"inLanguage":"es","potentialAction":[{"@type":"CommentAction","name":"Comment","target":["https:\/\/elregionalvm.com.ar\/noticias-villa-maria\/el-centro-de-promocion-familiar-arturo-illia-celebro-su-aniversario-n41\/#respond"]}]},{"@type":"WebPage","@id":"https:\/\/elregionalvm.com.ar\/noticias-villa-maria\/el-centro-de-promocion-familiar-arturo-illia-celebro-su-aniversario-n41\/","url":"https:\/\/elregionalvm.com.ar\/noticias-villa-maria\/el-centro-de-promocion-familiar-arturo-illia-celebro-su-aniversario-n41\/","name":"El Centro de Promoci\u00f3n Familiar \"Arturo Illia\" celebr\u00f3 su aniversario n\u00b041 - El Regional","isPartOf":{"@id":"http:\/\/elregionalvm.com.ar\/noticias-villa-maria\/#website"},"primaryImageOfPage":{"@id":"https:\/\/elregionalvm.com.ar\/noticias-villa-maria\/el-centro-de-promocion-familiar-arturo-illia-celebro-su-aniversario-n41\/#primaryimage"},"image":{"@id":"https:\/\/elregionalvm.com.ar\/noticias-villa-maria\/el-centro-de-promocion-familiar-arturo-illia-celebro-su-aniversario-n41\/#primaryimage"},"thumbnailUrl":"https:\/\/i0.wp.com\/elregionalvm.com.ar\/noticias-villa-maria\/wp-content\/uploads\/2025\/05\/WhatsApp-Image-2025-05-04-at-10.04.14-AM.jpeg?fit=1560%2C1040&ssl=1","datePublished":"2025-05-05T15:26:51+00:00","dateModified":"2025-05-05T15:26:53+00:00","author":{"@id":"http:\/\/elregionalvm.com.ar\/noticias-villa-maria\/#\/schema\/person\/a0fb9c422317faca23d50163151bc354"},"breadcrumb":{"@id":"https:\/\/elregionalvm.com.ar\/noticias-villa-maria\/el-centro-de-promocion-familiar-arturo-illia-celebro-su-aniversario-n41\/#breadcrumb"},"inLanguage":"es","potentialAction":[{"@type":"ReadAction","target":["https:\/\/elregionalvm.com.ar\/noticias-villa-maria\/el-centro-de-promocion-familiar-arturo-illia-celebro-su-aniversario-n41\/"]}]},{"@type":"ImageObject","inLanguage":"es","@id":"https:\/\/elregionalvm.com.ar\/noticias-villa-maria\/el-centro-de-promocion-familiar-arturo-illia-celebro-su-aniversario-n41\/#primaryimage","url":"https:\/\/i0.wp.com\/elregionalvm.com.ar\/noticias-villa-maria\/wp-content\/uploads\/2025\/05\/WhatsApp-Image-2025-05-04-at-10.04.14-AM.jpeg?fit=1560%2C1040&ssl=1","contentUrl":"https:\/\/i0.wp.com\/elregionalvm.com.ar\/noticias-villa-maria\/wp-content\/uploads\/2025\/05\/WhatsApp-Image-2025-05-04-at-10.04.14-AM.jpeg?fit=1560%2C1040&ssl=1","width":1560,"height":1040},{"@type":"BreadcrumbList","@id":"https:\/\/elregionalvm.com.ar\/noticias-villa-maria\/el-centro-de-promocion-familiar-arturo-illia-celebro-su-aniversario-n41\/#breadcrumb","itemListElement":[{"@type":"ListItem","position":1,"name":"Portada","item":"https:\/\/elregionalvm.com.ar\/noticias-villa-maria\/"},{"@type":"ListItem","position":2,"name":"El Centro de Promoci\u00f3n Familiar \u00abArturo Illia\u00bb celebr\u00f3 su aniversario n\u00b041"}]},{"@type":"WebSite","@id":"http:\/\/elregionalvm.com.ar\/noticias-villa-maria\/#website","url":"http:\/\/elregionalvm.com.ar\/noticias-villa-maria\/","name":"El Regional","description":"Mucho m\u00e1s que informaci\u00f3n","potentialAction":[{"@type":"SearchAction","target":{"@type":"EntryPoint","urlTemplate":"http:\/\/elregionalvm.com.ar\/noticias-villa-maria\/?s={search_term_string}"},"query-input":{"@type":"PropertyValueSpecification","valueRequired":true,"valueName":"search_term_string"}}],"inLanguage":"es"},{"@type":"Person","@id":"http:\/\/elregionalvm.com.ar\/noticias-villa-maria\/#\/schema\/person\/a0fb9c422317faca23d50163151bc354","name":"Contenidos El Regional","image":{"@type":"ImageObject","inLanguage":"es","@id":"http:\/\/elregionalvm.com.ar\/noticias-villa-maria\/#\/schema\/person\/image\/","url":"https:\/\/secure.gravatar.com\/avatar\/265b27cb2209af7bb3a1318f03305787d7981a5cc6e6cd08fe5a4ecdf99d4b48?s=96&d=mm&r=g","contentUrl":"https:\/\/secure.gravatar.com\/avatar\/265b27cb2209af7bb3a1318f03305787d7981a5cc6e6cd08fe5a4ecdf99d4b48?s=96&d=mm&r=g","caption":"Contenidos El Regional"},"url":"https:\/\/elregionalvm.com.ar\/noticias-villa-maria\/author\/contenido\/"}]}},"jetpack_featured_media_url":"https:\/\/i0.wp.com\/elregionalvm.com.ar\/noticias-villa-maria\/wp-content\/uploads\/2025\/05\/WhatsApp-Image-2025-05-04-at-10.04.14-AM.jpeg?fit=1560%2C1040&ssl=1","jetpack_sharing_enabled":true,"_links":{"self":[{"href":"https:\/\/elregionalvm.com.ar\/noticias-villa-maria\/wp-json\/wp\/v2\/posts\/105908","targetHints":{"allow":["GET"]}}],"collection":[{"href":"https:\/\/elregionalvm.com.ar\/noticias-villa-maria\/wp-json\/wp\/v2\/posts"}],"about":[{"href":"https:\/\/elregionalvm.com.ar\/noticias-villa-maria\/wp-json\/wp\/v2\/types\/post"}],"author":[{"embeddable":true,"href":"https:\/\/elregionalvm.com.ar\/noticias-villa-maria\/wp-json\/wp\/v2\/users\/4"}],"replies":[{"embeddable":true,"href":"https:\/\/elregionalvm.com.ar\/noticias-villa-maria\/wp-json\/wp\/v2\/comments?post=105908"}],"version-history":[{"count":1,"href":"https:\/\/elregionalvm.com.ar\/noticias-villa-maria\/wp-json\/wp\/v2\/posts\/105908\/revisions"}],"predecessor-version":[{"id":105910,"href":"https:\/\/elregionalvm.com.ar\/noticias-villa-maria\/wp-json\/wp\/v2\/posts\/105908\/revisions\/105910"}],"wp:featuredmedia":[{"embeddable":true,"href":"https:\/\/elregionalvm.com.ar\/noticias-villa-maria\/wp-json\/wp\/v2\/media\/105909"}],"wp:attachment":[{"href":"https:\/\/elregionalvm.com.ar\/noticias-villa-maria\/wp-json\/wp\/v2\/media?parent=105908"}],"wp:term":[{"taxonomy":"category","embeddable":true,"href":"https:\/\/elregionalvm.com.ar\/noticias-villa-maria\/wp-json\/wp\/v2\/categories?post=105908"},{"taxonomy":"post_tag","embeddable":true,"href":"https:\/\/elregionalvm.com.ar\/noticias-villa-maria\/wp-json\/wp\/v2\/tags?post=105908"}],"curies":[{"name":"wp","href":"https:\/\/api.w.org\/{rel}","templated":true}]}}