{"id":105917,"date":"2025-05-05T17:33:42","date_gmt":"2025-05-05T17:33:42","guid":{"rendered":"https:\/\/elregionalvm.com.ar\/noticias-villa-maria\/?p=105917"},"modified":"2025-05-05T17:33:44","modified_gmt":"2025-05-05T17:33:44","slug":"entro-a-un-maxikiosco-amenazo-a-la-empleada-con-un-arma-y-le-robo-su-celular","status":"publish","type":"post","link":"https:\/\/elregionalvm.com.ar\/noticias-villa-maria\/entro-a-un-maxikiosco-amenazo-a-la-empleada-con-un-arma-y-le-robo-su-celular\/","title":{"rendered":"Entr\u00f3 a un maxikiosco, amenaz\u00f3 a la empleada con un arma y le rob\u00f3 su celular"},"content":{"rendered":"\n<p>En la fecha siendo aproximadamente las 08:00 hs., personal policial de la Divisi\u00f3n Patrulla Preventiva de la ciudad, desde la calle Catamarca al 500 B\u00b0 G\u00fcemes procedi\u00f3 a la aprehensi\u00f3n de un hombre 41 a\u00f1os de edad por la supuesta autor\u00eda del delito \u00abRobo\u00bb; el procedimiento policial tuvo lugar luego de que los uniformados tomaran conocimiento de un hecho delictivo ocurrido en un local comercial tipo Maxikiosco ubicado en la intersecci\u00f3n de las calles San Juan y Bv Italia, donde este hombre le habr\u00eda sustra\u00eddo el tel\u00e9fono celular a la empleada (mujer de 18 a\u00f1os) mediante amenazas con una replica arma de fuego, para luego retirarse del lugar, pero debido a un r\u00e1pido operativo montado a los efectos de hallar al perpetrador del hecho delictivo se concreto su aprehensi\u00f3n en la calle antes detallada, logrando el recupero del aparato telef\u00f3nico. A posterior se realiza el traslado hacia la Alcald\u00eda de la ciudad.<\/p>\n\n\n\n<p>Se labran actuaciones a disposici\u00f3n de la Fiscal\u00eda de Instrucci\u00f3n de Segundo Turno a cargo de la Dra. Juliana Companys, Sec. Dr Jos\u00e9 Alvarez<\/p>\n","protected":false},"excerpt":{"rendered":"<p>En la fecha siendo aproximadamente las 08:00 hs., personal policial de la Divisi\u00f3n Patrulla Preventiva de la ciudad, desde la calle Catamarca al 500 B\u00b0 G\u00fcemes procedi\u00f3 a la aprehensi\u00f3n de un hombre 41 a\u00f1os de edad por la supuesta autor\u00eda del delito \u00abRobo\u00bb; el procedimiento policial tuvo lugar luego de que los uniformados tomaran [&hellip;]<\/p>\n","protected":false},"author":4,"featured_media":105918,"comment_status":"open","ping_status":"open","sticky":false,"template":"","format":"standard","meta":{"site-sidebar-layout":"default","site-content-layout":"","ast-site-content-layout":"default","site-content-style":"default","site-sidebar-style":"default","ast-global-header-display":"","ast-banner-title-visibility":"","ast-main-header-display":"","ast-hfb-above-header-display":"","ast-hfb-below-header-display":"","ast-hfb-mobile-header-display":"","site-post-title":"","ast-breadcrumbs-content":"","ast-featured-img":"","footer-sml-layout":"","ast-disable-related-posts":"","theme-transparent-header-meta":"","adv-header-id-meta":"","stick-header-meta":"","header-above-stick-meta":"","header-main-stick-meta":"","header-below-stick-meta":"","astra-migrate-meta-layouts":"set","ast-page-background-enabled":"default","ast-page-background-meta":{"desktop":{"background-color":"","background-image":"","background-repeat":"repeat","background-position":"center center","background-size":"auto","background-attachment":"scroll","background-type":"","background-media":"","overlay-type":"","overlay-color":"","overlay-opacity":"","overlay-gradient":""},"tablet":{"background-color":"","background-image":"","background-repeat":"repeat","background-position":"center center","background-size":"auto","background-attachment":"scroll","background-type":"","background-media":"","overlay-type":"","overlay-color":"","overlay-opacity":"","overlay-gradient":""},"mobile":{"background-color":"","background-image":"","background-repeat":"repeat","background-position":"center center","background-size":"auto","background-attachment":"scroll","background-type":"","background-media":"","overlay-type":"","overlay-color":"","overlay-opacity":"","overlay-gradient":""}},"ast-content-background-meta":{"desktop":{"background-color":"var(--ast-global-color-5)","background-image":"","background-repeat":"repeat","background-position":"center center","background-size":"auto","background-attachment":"scroll","background-type":"","background-media":"","overlay-type":"","overlay-color":"","overlay-opacity":"","overlay-gradient":""},"tablet":{"background-color":"var(--ast-global-color-5)","background-image":"","background-repeat":"repeat","background-position":"center center","background-size":"auto","background-attachment":"scroll","background-type":"","background-media":"","overlay-type":"","overlay-color":"","overlay-opacity":"","overlay-gradient":""},"mobile":{"background-color":"var(--ast-global-color-5)","background-image":"","background-repeat":"repeat","background-position":"center center","background-size":"auto","background-attachment":"scroll","background-type":"","background-media":"","overlay-type":"","overlay-color":"","overlay-opacity":"","overlay-gradient":""}},"_jetpack_memberships_contains_paid_content":false,"_joinchat":[],"footnotes":""},"categories":[15302,2234,5,2],"tags":[],"class_list":["post-105917","post","type-post","status-publish","format-standard","has-post-thumbnail","hentry","category-destacado","category-policiales","category-sociedad","category-villa-maria"],"yoast_head":"<!-- This site is optimized with the Yoast SEO plugin v26.8 - https:\/\/yoast.com\/product\/yoast-seo-wordpress\/ -->\n<title>Entr\u00f3 a un maxikiosco, amenaz\u00f3 a la empleada con un arma y le rob\u00f3 su celular - El Regional<\/title>\n<meta name=\"robots\" content=\"index, follow, max-snippet:-1, max-image-preview:large, max-video-preview:-1\" \/>\n<link rel=\"canonical\" href=\"https:\/\/elregionalvm.com.ar\/noticias-villa-maria\/entro-a-un-maxikiosco-amenazo-a-la-empleada-con-un-arma-y-le-robo-su-celular\/\" \/>\n<meta property=\"og:locale\" content=\"es_ES\" \/>\n<meta property=\"og:type\" content=\"article\" \/>\n<meta property=\"og:title\" content=\"Entr\u00f3 a un maxikiosco, amenaz\u00f3 a la empleada con un arma y le rob\u00f3 su celular - El Regional\" \/>\n<meta property=\"og:description\" content=\"En la fecha siendo aproximadamente las 08:00 hs., personal policial de la Divisi\u00f3n Patrulla Preventiva de la ciudad, desde la calle Catamarca al 500 B\u00b0 G\u00fcemes procedi\u00f3 a la aprehensi\u00f3n de un hombre 41 a\u00f1os de edad por la supuesta autor\u00eda del delito \u00abRobo\u00bb; el procedimiento policial tuvo lugar luego de que los uniformados tomaran [&hellip;]\" \/>\n<meta property=\"og:url\" content=\"https:\/\/elregionalvm.com.ar\/noticias-villa-maria\/entro-a-un-maxikiosco-amenazo-a-la-empleada-con-un-arma-y-le-robo-su-celular\/\" \/>\n<meta property=\"og:site_name\" content=\"El Regional\" \/>\n<meta property=\"article:publisher\" content=\"https:\/\/www.facebook.com\/elregionalvm\" \/>\n<meta property=\"article:published_time\" content=\"2025-05-05T17:33:42+00:00\" \/>\n<meta property=\"article:modified_time\" content=\"2025-05-05T17:33:44+00:00\" \/>\n<meta property=\"og:image\" content=\"https:\/\/elregionalvm.com.ar\/noticias-villa-maria\/wp-content\/uploads\/2025\/05\/WhatsApp-Image-2025-05-04-at-8.11.28-PM.jpeg\" \/>\n\t<meta property=\"og:image:width\" content=\"720\" \/>\n\t<meta property=\"og:image:height\" content=\"997\" \/>\n\t<meta property=\"og:image:type\" content=\"image\/jpeg\" \/>\n<meta name=\"author\" content=\"Contenidos El Regional\" \/>\n<meta name=\"twitter:card\" content=\"summary_large_image\" \/>\n<meta name=\"twitter:creator\" content=\"@elregionalvm1\" \/>\n<meta name=\"twitter:site\" content=\"@elregionalvm1\" \/>\n<meta name=\"twitter:label1\" content=\"Escrito por\" \/>\n\t<meta name=\"twitter:data1\" content=\"Contenidos El Regional\" \/>\n\t<meta name=\"twitter:label2\" content=\"Tiempo de lectura\" \/>\n\t<meta name=\"twitter:data2\" content=\"2 minutos\" \/>\n<script type=\"application\/ld+json\" class=\"yoast-schema-graph\">{\"@context\":\"https:\/\/schema.org\",\"@graph\":[{\"@type\":\"Article\",\"@id\":\"https:\/\/elregionalvm.com.ar\/noticias-villa-maria\/entro-a-un-maxikiosco-amenazo-a-la-empleada-con-un-arma-y-le-robo-su-celular\/#article\",\"isPartOf\":{\"@id\":\"https:\/\/elregionalvm.com.ar\/noticias-villa-maria\/entro-a-un-maxikiosco-amenazo-a-la-empleada-con-un-arma-y-le-robo-su-celular\/\"},\"author\":{\"name\":\"Contenidos El Regional\",\"@id\":\"http:\/\/elregionalvm.com.ar\/noticias-villa-maria\/#\/schema\/person\/a0fb9c422317faca23d50163151bc354\"},\"headline\":\"Entr\u00f3 a un maxikiosco, amenaz\u00f3 a la empleada con un arma y le rob\u00f3 su celular\",\"datePublished\":\"2025-05-05T17:33:42+00:00\",\"dateModified\":\"2025-05-05T17:33:44+00:00\",\"mainEntityOfPage\":{\"@id\":\"https:\/\/elregionalvm.com.ar\/noticias-villa-maria\/entro-a-un-maxikiosco-amenazo-a-la-empleada-con-un-arma-y-le-robo-su-celular\/\"},\"wordCount\":205,\"commentCount\":0,\"image\":{\"@id\":\"https:\/\/elregionalvm.com.ar\/noticias-villa-maria\/entro-a-un-maxikiosco-amenazo-a-la-empleada-con-un-arma-y-le-robo-su-celular\/#primaryimage\"},\"thumbnailUrl\":\"https:\/\/i0.wp.com\/elregionalvm.com.ar\/noticias-villa-maria\/wp-content\/uploads\/2025\/05\/WhatsApp-Image-2025-05-04-at-8.11.28-PM.jpeg?fit=720%2C997&ssl=1\",\"articleSection\":[\"destacado\",\"Policiales\",\"Sociedad\",\"Villa Mar\u00eda\"],\"inLanguage\":\"es\",\"potentialAction\":[{\"@type\":\"CommentAction\",\"name\":\"Comment\",\"target\":[\"https:\/\/elregionalvm.com.ar\/noticias-villa-maria\/entro-a-un-maxikiosco-amenazo-a-la-empleada-con-un-arma-y-le-robo-su-celular\/#respond\"]}]},{\"@type\":\"WebPage\",\"@id\":\"https:\/\/elregionalvm.com.ar\/noticias-villa-maria\/entro-a-un-maxikiosco-amenazo-a-la-empleada-con-un-arma-y-le-robo-su-celular\/\",\"url\":\"https:\/\/elregionalvm.com.ar\/noticias-villa-maria\/entro-a-un-maxikiosco-amenazo-a-la-empleada-con-un-arma-y-le-robo-su-celular\/\",\"name\":\"Entr\u00f3 a un maxikiosco, amenaz\u00f3 a la empleada con un arma y le rob\u00f3 su celular - El Regional\",\"isPartOf\":{\"@id\":\"http:\/\/elregionalvm.com.ar\/noticias-villa-maria\/#website\"},\"primaryImageOfPage\":{\"@id\":\"https:\/\/elregionalvm.com.ar\/noticias-villa-maria\/entro-a-un-maxikiosco-amenazo-a-la-empleada-con-un-arma-y-le-robo-su-celular\/#primaryimage\"},\"image\":{\"@id\":\"https:\/\/elregionalvm.com.ar\/noticias-villa-maria\/entro-a-un-maxikiosco-amenazo-a-la-empleada-con-un-arma-y-le-robo-su-celular\/#primaryimage\"},\"thumbnailUrl\":\"https:\/\/i0.wp.com\/elregionalvm.com.ar\/noticias-villa-maria\/wp-content\/uploads\/2025\/05\/WhatsApp-Image-2025-05-04-at-8.11.28-PM.jpeg?fit=720%2C997&ssl=1\",\"datePublished\":\"2025-05-05T17:33:42+00:00\",\"dateModified\":\"2025-05-05T17:33:44+00:00\",\"author\":{\"@id\":\"http:\/\/elregionalvm.com.ar\/noticias-villa-maria\/#\/schema\/person\/a0fb9c422317faca23d50163151bc354\"},\"breadcrumb\":{\"@id\":\"https:\/\/elregionalvm.com.ar\/noticias-villa-maria\/entro-a-un-maxikiosco-amenazo-a-la-empleada-con-un-arma-y-le-robo-su-celular\/#breadcrumb\"},\"inLanguage\":\"es\",\"potentialAction\":[{\"@type\":\"ReadAction\",\"target\":[\"https:\/\/elregionalvm.com.ar\/noticias-villa-maria\/entro-a-un-maxikiosco-amenazo-a-la-empleada-con-un-arma-y-le-robo-su-celular\/\"]}]},{\"@type\":\"ImageObject\",\"inLanguage\":\"es\",\"@id\":\"https:\/\/elregionalvm.com.ar\/noticias-villa-maria\/entro-a-un-maxikiosco-amenazo-a-la-empleada-con-un-arma-y-le-robo-su-celular\/#primaryimage\",\"url\":\"https:\/\/i0.wp.com\/elregionalvm.com.ar\/noticias-villa-maria\/wp-content\/uploads\/2025\/05\/WhatsApp-Image-2025-05-04-at-8.11.28-PM.jpeg?fit=720%2C997&ssl=1\",\"contentUrl\":\"https:\/\/i0.wp.com\/elregionalvm.com.ar\/noticias-villa-maria\/wp-content\/uploads\/2025\/05\/WhatsApp-Image-2025-05-04-at-8.11.28-PM.jpeg?fit=720%2C997&ssl=1\",\"width\":720,\"height\":997},{\"@type\":\"BreadcrumbList\",\"@id\":\"https:\/\/elregionalvm.com.ar\/noticias-villa-maria\/entro-a-un-maxikiosco-amenazo-a-la-empleada-con-un-arma-y-le-robo-su-celular\/#breadcrumb\",\"itemListElement\":[{\"@type\":\"ListItem\",\"position\":1,\"name\":\"Portada\",\"item\":\"https:\/\/elregionalvm.com.ar\/noticias-villa-maria\/\"},{\"@type\":\"ListItem\",\"position\":2,\"name\":\"Entr\u00f3 a un maxikiosco, amenaz\u00f3 a la empleada con un arma y le rob\u00f3 su celular\"}]},{\"@type\":\"WebSite\",\"@id\":\"http:\/\/elregionalvm.com.ar\/noticias-villa-maria\/#website\",\"url\":\"http:\/\/elregionalvm.com.ar\/noticias-villa-maria\/\",\"name\":\"El Regional\",\"description\":\"Mucho m\u00e1s que informaci\u00f3n\",\"potentialAction\":[{\"@type\":\"SearchAction\",\"target\":{\"@type\":\"EntryPoint\",\"urlTemplate\":\"http:\/\/elregionalvm.com.ar\/noticias-villa-maria\/?s={search_term_string}\"},\"query-input\":{\"@type\":\"PropertyValueSpecification\",\"valueRequired\":true,\"valueName\":\"search_term_string\"}}],\"inLanguage\":\"es\"},{\"@type\":\"Person\",\"@id\":\"http:\/\/elregionalvm.com.ar\/noticias-villa-maria\/#\/schema\/person\/a0fb9c422317faca23d50163151bc354\",\"name\":\"Contenidos El Regional\",\"image\":{\"@type\":\"ImageObject\",\"inLanguage\":\"es\",\"@id\":\"http:\/\/elregionalvm.com.ar\/noticias-villa-maria\/#\/schema\/person\/image\/\",\"url\":\"https:\/\/secure.gravatar.com\/avatar\/265b27cb2209af7bb3a1318f03305787d7981a5cc6e6cd08fe5a4ecdf99d4b48?s=96&d=mm&r=g\",\"contentUrl\":\"https:\/\/secure.gravatar.com\/avatar\/265b27cb2209af7bb3a1318f03305787d7981a5cc6e6cd08fe5a4ecdf99d4b48?s=96&d=mm&r=g\",\"caption\":\"Contenidos El Regional\"},\"url\":\"https:\/\/elregionalvm.com.ar\/noticias-villa-maria\/author\/contenido\/\"}]}<\/script>\n<!-- \/ Yoast SEO plugin. -->","yoast_head_json":{"title":"Entr\u00f3 a un maxikiosco, amenaz\u00f3 a la empleada con un arma y le rob\u00f3 su celular - El Regional","robots":{"index":"index","follow":"follow","max-snippet":"max-snippet:-1","max-image-preview":"max-image-preview:large","max-video-preview":"max-video-preview:-1"},"canonical":"https:\/\/elregionalvm.com.ar\/noticias-villa-maria\/entro-a-un-maxikiosco-amenazo-a-la-empleada-con-un-arma-y-le-robo-su-celular\/","og_locale":"es_ES","og_type":"article","og_title":"Entr\u00f3 a un maxikiosco, amenaz\u00f3 a la empleada con un arma y le rob\u00f3 su celular - El Regional","og_description":"En la fecha siendo aproximadamente las 08:00 hs., personal policial de la Divisi\u00f3n Patrulla Preventiva de la ciudad, desde la calle Catamarca al 500 B\u00b0 G\u00fcemes procedi\u00f3 a la aprehensi\u00f3n de un hombre 41 a\u00f1os de edad por la supuesta autor\u00eda del delito \u00abRobo\u00bb; el procedimiento policial tuvo lugar luego de que los uniformados tomaran [&hellip;]","og_url":"https:\/\/elregionalvm.com.ar\/noticias-villa-maria\/entro-a-un-maxikiosco-amenazo-a-la-empleada-con-un-arma-y-le-robo-su-celular\/","og_site_name":"El Regional","article_publisher":"https:\/\/www.facebook.com\/elregionalvm","article_published_time":"2025-05-05T17:33:42+00:00","article_modified_time":"2025-05-05T17:33:44+00:00","og_image":[{"width":720,"height":997,"url":"https:\/\/elregionalvm.com.ar\/noticias-villa-maria\/wp-content\/uploads\/2025\/05\/WhatsApp-Image-2025-05-04-at-8.11.28-PM.jpeg","type":"image\/jpeg"}],"author":"Contenidos El Regional","twitter_card":"summary_large_image","twitter_creator":"@elregionalvm1","twitter_site":"@elregionalvm1","twitter_misc":{"Escrito por":"Contenidos El Regional","Tiempo de lectura":"2 minutos"},"schema":{"@context":"https:\/\/schema.org","@graph":[{"@type":"Article","@id":"https:\/\/elregionalvm.com.ar\/noticias-villa-maria\/entro-a-un-maxikiosco-amenazo-a-la-empleada-con-un-arma-y-le-robo-su-celular\/#article","isPartOf":{"@id":"https:\/\/elregionalvm.com.ar\/noticias-villa-maria\/entro-a-un-maxikiosco-amenazo-a-la-empleada-con-un-arma-y-le-robo-su-celular\/"},"author":{"name":"Contenidos El Regional","@id":"http:\/\/elregionalvm.com.ar\/noticias-villa-maria\/#\/schema\/person\/a0fb9c422317faca23d50163151bc354"},"headline":"Entr\u00f3 a un maxikiosco, amenaz\u00f3 a la empleada con un arma y le rob\u00f3 su celular","datePublished":"2025-05-05T17:33:42+00:00","dateModified":"2025-05-05T17:33:44+00:00","mainEntityOfPage":{"@id":"https:\/\/elregionalvm.com.ar\/noticias-villa-maria\/entro-a-un-maxikiosco-amenazo-a-la-empleada-con-un-arma-y-le-robo-su-celular\/"},"wordCount":205,"commentCount":0,"image":{"@id":"https:\/\/elregionalvm.com.ar\/noticias-villa-maria\/entro-a-un-maxikiosco-amenazo-a-la-empleada-con-un-arma-y-le-robo-su-celular\/#primaryimage"},"thumbnailUrl":"https:\/\/i0.wp.com\/elregionalvm.com.ar\/noticias-villa-maria\/wp-content\/uploads\/2025\/05\/WhatsApp-Image-2025-05-04-at-8.11.28-PM.jpeg?fit=720%2C997&ssl=1","articleSection":["destacado","Policiales","Sociedad","Villa Mar\u00eda"],"inLanguage":"es","potentialAction":[{"@type":"CommentAction","name":"Comment","target":["https:\/\/elregionalvm.com.ar\/noticias-villa-maria\/entro-a-un-maxikiosco-amenazo-a-la-empleada-con-un-arma-y-le-robo-su-celular\/#respond"]}]},{"@type":"WebPage","@id":"https:\/\/elregionalvm.com.ar\/noticias-villa-maria\/entro-a-un-maxikiosco-amenazo-a-la-empleada-con-un-arma-y-le-robo-su-celular\/","url":"https:\/\/elregionalvm.com.ar\/noticias-villa-maria\/entro-a-un-maxikiosco-amenazo-a-la-empleada-con-un-arma-y-le-robo-su-celular\/","name":"Entr\u00f3 a un maxikiosco, amenaz\u00f3 a la empleada con un arma y le rob\u00f3 su celular - El Regional","isPartOf":{"@id":"http:\/\/elregionalvm.com.ar\/noticias-villa-maria\/#website"},"primaryImageOfPage":{"@id":"https:\/\/elregionalvm.com.ar\/noticias-villa-maria\/entro-a-un-maxikiosco-amenazo-a-la-empleada-con-un-arma-y-le-robo-su-celular\/#primaryimage"},"image":{"@id":"https:\/\/elregionalvm.com.ar\/noticias-villa-maria\/entro-a-un-maxikiosco-amenazo-a-la-empleada-con-un-arma-y-le-robo-su-celular\/#primaryimage"},"thumbnailUrl":"https:\/\/i0.wp.com\/elregionalvm.com.ar\/noticias-villa-maria\/wp-content\/uploads\/2025\/05\/WhatsApp-Image-2025-05-04-at-8.11.28-PM.jpeg?fit=720%2C997&ssl=1","datePublished":"2025-05-05T17:33:42+00:00","dateModified":"2025-05-05T17:33:44+00:00","author":{"@id":"http:\/\/elregionalvm.com.ar\/noticias-villa-maria\/#\/schema\/person\/a0fb9c422317faca23d50163151bc354"},"breadcrumb":{"@id":"https:\/\/elregionalvm.com.ar\/noticias-villa-maria\/entro-a-un-maxikiosco-amenazo-a-la-empleada-con-un-arma-y-le-robo-su-celular\/#breadcrumb"},"inLanguage":"es","potentialAction":[{"@type":"ReadAction","target":["https:\/\/elregionalvm.com.ar\/noticias-villa-maria\/entro-a-un-maxikiosco-amenazo-a-la-empleada-con-un-arma-y-le-robo-su-celular\/"]}]},{"@type":"ImageObject","inLanguage":"es","@id":"https:\/\/elregionalvm.com.ar\/noticias-villa-maria\/entro-a-un-maxikiosco-amenazo-a-la-empleada-con-un-arma-y-le-robo-su-celular\/#primaryimage","url":"https:\/\/i0.wp.com\/elregionalvm.com.ar\/noticias-villa-maria\/wp-content\/uploads\/2025\/05\/WhatsApp-Image-2025-05-04-at-8.11.28-PM.jpeg?fit=720%2C997&ssl=1","contentUrl":"https:\/\/i0.wp.com\/elregionalvm.com.ar\/noticias-villa-maria\/wp-content\/uploads\/2025\/05\/WhatsApp-Image-2025-05-04-at-8.11.28-PM.jpeg?fit=720%2C997&ssl=1","width":720,"height":997},{"@type":"BreadcrumbList","@id":"https:\/\/elregionalvm.com.ar\/noticias-villa-maria\/entro-a-un-maxikiosco-amenazo-a-la-empleada-con-un-arma-y-le-robo-su-celular\/#breadcrumb","itemListElement":[{"@type":"ListItem","position":1,"name":"Portada","item":"https:\/\/elregionalvm.com.ar\/noticias-villa-maria\/"},{"@type":"ListItem","position":2,"name":"Entr\u00f3 a un maxikiosco, amenaz\u00f3 a la empleada con un arma y le rob\u00f3 su celular"}]},{"@type":"WebSite","@id":"http:\/\/elregionalvm.com.ar\/noticias-villa-maria\/#website","url":"http:\/\/elregionalvm.com.ar\/noticias-villa-maria\/","name":"El Regional","description":"Mucho m\u00e1s que informaci\u00f3n","potentialAction":[{"@type":"SearchAction","target":{"@type":"EntryPoint","urlTemplate":"http:\/\/elregionalvm.com.ar\/noticias-villa-maria\/?s={search_term_string}"},"query-input":{"@type":"PropertyValueSpecification","valueRequired":true,"valueName":"search_term_string"}}],"inLanguage":"es"},{"@type":"Person","@id":"http:\/\/elregionalvm.com.ar\/noticias-villa-maria\/#\/schema\/person\/a0fb9c422317faca23d50163151bc354","name":"Contenidos El Regional","image":{"@type":"ImageObject","inLanguage":"es","@id":"http:\/\/elregionalvm.com.ar\/noticias-villa-maria\/#\/schema\/person\/image\/","url":"https:\/\/secure.gravatar.com\/avatar\/265b27cb2209af7bb3a1318f03305787d7981a5cc6e6cd08fe5a4ecdf99d4b48?s=96&d=mm&r=g","contentUrl":"https:\/\/secure.gravatar.com\/avatar\/265b27cb2209af7bb3a1318f03305787d7981a5cc6e6cd08fe5a4ecdf99d4b48?s=96&d=mm&r=g","caption":"Contenidos El Regional"},"url":"https:\/\/elregionalvm.com.ar\/noticias-villa-maria\/author\/contenido\/"}]}},"jetpack_featured_media_url":"https:\/\/i0.wp.com\/elregionalvm.com.ar\/noticias-villa-maria\/wp-content\/uploads\/2025\/05\/WhatsApp-Image-2025-05-04-at-8.11.28-PM.jpeg?fit=720%2C997&ssl=1","jetpack_sharing_enabled":true,"_links":{"self":[{"href":"https:\/\/elregionalvm.com.ar\/noticias-villa-maria\/wp-json\/wp\/v2\/posts\/105917","targetHints":{"allow":["GET"]}}],"collection":[{"href":"https:\/\/elregionalvm.com.ar\/noticias-villa-maria\/wp-json\/wp\/v2\/posts"}],"about":[{"href":"https:\/\/elregionalvm.com.ar\/noticias-villa-maria\/wp-json\/wp\/v2\/types\/post"}],"author":[{"embeddable":true,"href":"https:\/\/elregionalvm.com.ar\/noticias-villa-maria\/wp-json\/wp\/v2\/users\/4"}],"replies":[{"embeddable":true,"href":"https:\/\/elregionalvm.com.ar\/noticias-villa-maria\/wp-json\/wp\/v2\/comments?post=105917"}],"version-history":[{"count":1,"href":"https:\/\/elregionalvm.com.ar\/noticias-villa-maria\/wp-json\/wp\/v2\/posts\/105917\/revisions"}],"predecessor-version":[{"id":105919,"href":"https:\/\/elregionalvm.com.ar\/noticias-villa-maria\/wp-json\/wp\/v2\/posts\/105917\/revisions\/105919"}],"wp:featuredmedia":[{"embeddable":true,"href":"https:\/\/elregionalvm.com.ar\/noticias-villa-maria\/wp-json\/wp\/v2\/media\/105918"}],"wp:attachment":[{"href":"https:\/\/elregionalvm.com.ar\/noticias-villa-maria\/wp-json\/wp\/v2\/media?parent=105917"}],"wp:term":[{"taxonomy":"category","embeddable":true,"href":"https:\/\/elregionalvm.com.ar\/noticias-villa-maria\/wp-json\/wp\/v2\/categories?post=105917"},{"taxonomy":"post_tag","embeddable":true,"href":"https:\/\/elregionalvm.com.ar\/noticias-villa-maria\/wp-json\/wp\/v2\/tags?post=105917"}],"curies":[{"name":"wp","href":"https:\/\/api.w.org\/{rel}","templated":true}]}}