{"id":105983,"date":"2025-05-07T18:46:02","date_gmt":"2025-05-07T18:46:02","guid":{"rendered":"https:\/\/elregionalvm.com.ar\/noticias-villa-maria\/?p=105983"},"modified":"2025-05-07T18:46:04","modified_gmt":"2025-05-07T18:46:04","slug":"villa-nueva-reconocimiento-de-la-ciudad-a-los-agentes-que-salvaron-a-la-bebe-de-23-dias","status":"publish","type":"post","link":"https:\/\/elregionalvm.com.ar\/noticias-villa-maria\/villa-nueva-reconocimiento-de-la-ciudad-a-los-agentes-que-salvaron-a-la-bebe-de-23-dias\/","title":{"rendered":"Villa Nueva: Reconocimiento de la ciudad a los agentes que salvaron a la beb\u00e9 de 23 d\u00edas"},"content":{"rendered":"\n<p>Hoy el intendente Ignacio Tagni entreg\u00f3 una placa de reconocimiento a los agentes Yanina Clot y Mat\u00edas Subtil, por su valiente accionar al salvar la vida de una beba de apenas 23 d\u00edas en Villa Nueva. Su r\u00e1pida intervenci\u00f3n, en un momento l\u00edmite, fue decisiva para que la peque\u00f1a pudiera recuperarse y estar hoy con su familia.<\/p>\n\n\n\n<figure class=\"wp-block-image size-large\"><img data-recalc-dims=\"1\" fetchpriority=\"high\" decoding=\"async\" width=\"1024\" height=\"768\" src=\"https:\/\/i0.wp.com\/elregionalvm.com.ar\/noticias-villa-maria\/wp-content\/uploads\/2025\/05\/WhatsApp-Image-2025-05-07-at-10.54.59-AM-2.jpeg?resize=1024%2C768&#038;ssl=1\" alt=\"\" class=\"wp-image-105985\" srcset=\"https:\/\/i0.wp.com\/elregionalvm.com.ar\/noticias-villa-maria\/wp-content\/uploads\/2025\/05\/WhatsApp-Image-2025-05-07-at-10.54.59-AM-2-scaled.jpeg?resize=1024%2C768&amp;ssl=1 1024w, https:\/\/i0.wp.com\/elregionalvm.com.ar\/noticias-villa-maria\/wp-content\/uploads\/2025\/05\/WhatsApp-Image-2025-05-07-at-10.54.59-AM-2-scaled.jpeg?resize=300%2C225&amp;ssl=1 300w, https:\/\/i0.wp.com\/elregionalvm.com.ar\/noticias-villa-maria\/wp-content\/uploads\/2025\/05\/WhatsApp-Image-2025-05-07-at-10.54.59-AM-2-scaled.jpeg?resize=768%2C576&amp;ssl=1 768w, https:\/\/i0.wp.com\/elregionalvm.com.ar\/noticias-villa-maria\/wp-content\/uploads\/2025\/05\/WhatsApp-Image-2025-05-07-at-10.54.59-AM-2-scaled.jpeg?resize=1536%2C1152&amp;ssl=1 1536w, https:\/\/i0.wp.com\/elregionalvm.com.ar\/noticias-villa-maria\/wp-content\/uploads\/2025\/05\/WhatsApp-Image-2025-05-07-at-10.54.59-AM-2-scaled.jpeg?resize=2048%2C1536&amp;ssl=1 2048w\" sizes=\"(max-width: 1000px) 100vw, 1000px\" \/><\/figure>\n\n\n\n<p>Este gesto simboliza mucho m\u00e1s que un reconocimiento institucional: es un agradecimiento profundo de toda una comunidad que valora el compromiso, la humanidad y la vocaci\u00f3n con la que trabajan d\u00eda a d\u00eda quienes nos cuidan. Su ejemplo nos recuerda lo esencial de contar con personas que no dudan en actuar cuando la vida est\u00e1 en juego.<\/p>\n\n\n\n<p>Desde el municipio, celebramos su entrega y reafirmamos nuestro acompa\u00f1amiento a quienes honran su rol con acciones. Gracias por estar, por su vocaci\u00f3n y por salvar una vida.<\/p>\n","protected":false},"excerpt":{"rendered":"<p>Hoy el intendente Ignacio Tagni entreg\u00f3 una placa de reconocimiento a los agentes Yanina Clot y Mat\u00edas Subtil, por su valiente accionar al salvar la vida de una beba de apenas 23 d\u00edas en Villa Nueva. Su r\u00e1pida intervenci\u00f3n, en un momento l\u00edmite, fue decisiva para que la peque\u00f1a pudiera recuperarse y estar hoy con [&hellip;]<\/p>\n","protected":false},"author":4,"featured_media":105984,"comment_status":"open","ping_status":"open","sticky":false,"template":"","format":"standard","meta":{"site-sidebar-layout":"default","site-content-layout":"","ast-site-content-layout":"default","site-content-style":"default","site-sidebar-style":"default","ast-global-header-display":"","ast-banner-title-visibility":"","ast-main-header-display":"","ast-hfb-above-header-display":"","ast-hfb-below-header-display":"","ast-hfb-mobile-header-display":"","site-post-title":"","ast-breadcrumbs-content":"","ast-featured-img":"","footer-sml-layout":"","ast-disable-related-posts":"","theme-transparent-header-meta":"","adv-header-id-meta":"","stick-header-meta":"","header-above-stick-meta":"","header-main-stick-meta":"","header-below-stick-meta":"","astra-migrate-meta-layouts":"set","ast-page-background-enabled":"default","ast-page-background-meta":{"desktop":{"background-color":"","background-image":"","background-repeat":"repeat","background-position":"center center","background-size":"auto","background-attachment":"scroll","background-type":"","background-media":"","overlay-type":"","overlay-color":"","overlay-opacity":"","overlay-gradient":""},"tablet":{"background-color":"","background-image":"","background-repeat":"repeat","background-position":"center center","background-size":"auto","background-attachment":"scroll","background-type":"","background-media":"","overlay-type":"","overlay-color":"","overlay-opacity":"","overlay-gradient":""},"mobile":{"background-color":"","background-image":"","background-repeat":"repeat","background-position":"center center","background-size":"auto","background-attachment":"scroll","background-type":"","background-media":"","overlay-type":"","overlay-color":"","overlay-opacity":"","overlay-gradient":""}},"ast-content-background-meta":{"desktop":{"background-color":"var(--ast-global-color-5)","background-image":"","background-repeat":"repeat","background-position":"center center","background-size":"auto","background-attachment":"scroll","background-type":"","background-media":"","overlay-type":"","overlay-color":"","overlay-opacity":"","overlay-gradient":""},"tablet":{"background-color":"var(--ast-global-color-5)","background-image":"","background-repeat":"repeat","background-position":"center center","background-size":"auto","background-attachment":"scroll","background-type":"","background-media":"","overlay-type":"","overlay-color":"","overlay-opacity":"","overlay-gradient":""},"mobile":{"background-color":"var(--ast-global-color-5)","background-image":"","background-repeat":"repeat","background-position":"center center","background-size":"auto","background-attachment":"scroll","background-type":"","background-media":"","overlay-type":"","overlay-color":"","overlay-opacity":"","overlay-gradient":""}},"_jetpack_memberships_contains_paid_content":false,"_joinchat":[],"footnotes":""},"categories":[15302,5,1408],"tags":[],"class_list":["post-105983","post","type-post","status-publish","format-standard","has-post-thumbnail","hentry","category-destacado","category-sociedad","category-villa-nueva"],"yoast_head":"<!-- This site is optimized with the Yoast SEO plugin v26.8 - https:\/\/yoast.com\/product\/yoast-seo-wordpress\/ -->\n<title>Villa Nueva: Reconocimiento de la ciudad a los agentes que salvaron a la beb\u00e9 de 23 d\u00edas - El Regional<\/title>\n<meta name=\"robots\" content=\"index, follow, max-snippet:-1, max-image-preview:large, max-video-preview:-1\" \/>\n<link rel=\"canonical\" href=\"https:\/\/elregionalvm.com.ar\/noticias-villa-maria\/villa-nueva-reconocimiento-de-la-ciudad-a-los-agentes-que-salvaron-a-la-bebe-de-23-dias\/\" \/>\n<meta property=\"og:locale\" content=\"es_ES\" \/>\n<meta property=\"og:type\" content=\"article\" \/>\n<meta property=\"og:title\" content=\"Villa Nueva: Reconocimiento de la ciudad a los agentes que salvaron a la beb\u00e9 de 23 d\u00edas - El Regional\" \/>\n<meta property=\"og:description\" content=\"Hoy el intendente Ignacio Tagni entreg\u00f3 una placa de reconocimiento a los agentes Yanina Clot y Mat\u00edas Subtil, por su valiente accionar al salvar la vida de una beba de apenas 23 d\u00edas en Villa Nueva. Su r\u00e1pida intervenci\u00f3n, en un momento l\u00edmite, fue decisiva para que la peque\u00f1a pudiera recuperarse y estar hoy con [&hellip;]\" \/>\n<meta property=\"og:url\" content=\"https:\/\/elregionalvm.com.ar\/noticias-villa-maria\/villa-nueva-reconocimiento-de-la-ciudad-a-los-agentes-que-salvaron-a-la-bebe-de-23-dias\/\" \/>\n<meta property=\"og:site_name\" content=\"El Regional\" \/>\n<meta property=\"article:publisher\" content=\"https:\/\/www.facebook.com\/elregionalvm\" \/>\n<meta property=\"article:published_time\" content=\"2025-05-07T18:46:02+00:00\" \/>\n<meta property=\"article:modified_time\" content=\"2025-05-07T18:46:04+00:00\" \/>\n<meta property=\"og:image\" content=\"https:\/\/elregionalvm.com.ar\/noticias-villa-maria\/wp-content\/uploads\/2025\/05\/WhatsApp-Image-2025-05-07-at-10.54.59-AM-2-1024x768.jpeg\" \/>\n<meta name=\"author\" content=\"Contenidos El Regional\" \/>\n<meta name=\"twitter:card\" content=\"summary_large_image\" \/>\n<meta name=\"twitter:creator\" content=\"@elregionalvm1\" \/>\n<meta name=\"twitter:site\" content=\"@elregionalvm1\" \/>\n<meta name=\"twitter:label1\" content=\"Escrito por\" \/>\n\t<meta name=\"twitter:data1\" content=\"Contenidos El Regional\" \/>\n\t<meta name=\"twitter:label2\" content=\"Tiempo de lectura\" \/>\n\t<meta name=\"twitter:data2\" content=\"1 minuto\" \/>\n<script type=\"application\/ld+json\" class=\"yoast-schema-graph\">{\"@context\":\"https:\/\/schema.org\",\"@graph\":[{\"@type\":\"Article\",\"@id\":\"https:\/\/elregionalvm.com.ar\/noticias-villa-maria\/villa-nueva-reconocimiento-de-la-ciudad-a-los-agentes-que-salvaron-a-la-bebe-de-23-dias\/#article\",\"isPartOf\":{\"@id\":\"https:\/\/elregionalvm.com.ar\/noticias-villa-maria\/villa-nueva-reconocimiento-de-la-ciudad-a-los-agentes-que-salvaron-a-la-bebe-de-23-dias\/\"},\"author\":{\"name\":\"Contenidos El Regional\",\"@id\":\"http:\/\/elregionalvm.com.ar\/noticias-villa-maria\/#\/schema\/person\/a0fb9c422317faca23d50163151bc354\"},\"headline\":\"Villa Nueva: Reconocimiento de la ciudad a los agentes que salvaron a la beb\u00e9 de 23 d\u00edas\",\"datePublished\":\"2025-05-07T18:46:02+00:00\",\"dateModified\":\"2025-05-07T18:46:04+00:00\",\"mainEntityOfPage\":{\"@id\":\"https:\/\/elregionalvm.com.ar\/noticias-villa-maria\/villa-nueva-reconocimiento-de-la-ciudad-a-los-agentes-que-salvaron-a-la-bebe-de-23-dias\/\"},\"wordCount\":170,\"commentCount\":0,\"image\":{\"@id\":\"https:\/\/elregionalvm.com.ar\/noticias-villa-maria\/villa-nueva-reconocimiento-de-la-ciudad-a-los-agentes-que-salvaron-a-la-bebe-de-23-dias\/#primaryimage\"},\"thumbnailUrl\":\"https:\/\/i0.wp.com\/elregionalvm.com.ar\/noticias-villa-maria\/wp-content\/uploads\/2025\/05\/WhatsApp-Image-2025-05-07-at-10.54.59-AM-1-scaled.jpeg?fit=2560%2C1920&ssl=1\",\"articleSection\":[\"destacado\",\"Sociedad\",\"Villa Nueva\"],\"inLanguage\":\"es\",\"potentialAction\":[{\"@type\":\"CommentAction\",\"name\":\"Comment\",\"target\":[\"https:\/\/elregionalvm.com.ar\/noticias-villa-maria\/villa-nueva-reconocimiento-de-la-ciudad-a-los-agentes-que-salvaron-a-la-bebe-de-23-dias\/#respond\"]}]},{\"@type\":\"WebPage\",\"@id\":\"https:\/\/elregionalvm.com.ar\/noticias-villa-maria\/villa-nueva-reconocimiento-de-la-ciudad-a-los-agentes-que-salvaron-a-la-bebe-de-23-dias\/\",\"url\":\"https:\/\/elregionalvm.com.ar\/noticias-villa-maria\/villa-nueva-reconocimiento-de-la-ciudad-a-los-agentes-que-salvaron-a-la-bebe-de-23-dias\/\",\"name\":\"Villa Nueva: Reconocimiento de la ciudad a los agentes que salvaron a la beb\u00e9 de 23 d\u00edas - El Regional\",\"isPartOf\":{\"@id\":\"http:\/\/elregionalvm.com.ar\/noticias-villa-maria\/#website\"},\"primaryImageOfPage\":{\"@id\":\"https:\/\/elregionalvm.com.ar\/noticias-villa-maria\/villa-nueva-reconocimiento-de-la-ciudad-a-los-agentes-que-salvaron-a-la-bebe-de-23-dias\/#primaryimage\"},\"image\":{\"@id\":\"https:\/\/elregionalvm.com.ar\/noticias-villa-maria\/villa-nueva-reconocimiento-de-la-ciudad-a-los-agentes-que-salvaron-a-la-bebe-de-23-dias\/#primaryimage\"},\"thumbnailUrl\":\"https:\/\/i0.wp.com\/elregionalvm.com.ar\/noticias-villa-maria\/wp-content\/uploads\/2025\/05\/WhatsApp-Image-2025-05-07-at-10.54.59-AM-1-scaled.jpeg?fit=2560%2C1920&ssl=1\",\"datePublished\":\"2025-05-07T18:46:02+00:00\",\"dateModified\":\"2025-05-07T18:46:04+00:00\",\"author\":{\"@id\":\"http:\/\/elregionalvm.com.ar\/noticias-villa-maria\/#\/schema\/person\/a0fb9c422317faca23d50163151bc354\"},\"breadcrumb\":{\"@id\":\"https:\/\/elregionalvm.com.ar\/noticias-villa-maria\/villa-nueva-reconocimiento-de-la-ciudad-a-los-agentes-que-salvaron-a-la-bebe-de-23-dias\/#breadcrumb\"},\"inLanguage\":\"es\",\"potentialAction\":[{\"@type\":\"ReadAction\",\"target\":[\"https:\/\/elregionalvm.com.ar\/noticias-villa-maria\/villa-nueva-reconocimiento-de-la-ciudad-a-los-agentes-que-salvaron-a-la-bebe-de-23-dias\/\"]}]},{\"@type\":\"ImageObject\",\"inLanguage\":\"es\",\"@id\":\"https:\/\/elregionalvm.com.ar\/noticias-villa-maria\/villa-nueva-reconocimiento-de-la-ciudad-a-los-agentes-que-salvaron-a-la-bebe-de-23-dias\/#primaryimage\",\"url\":\"https:\/\/i0.wp.com\/elregionalvm.com.ar\/noticias-villa-maria\/wp-content\/uploads\/2025\/05\/WhatsApp-Image-2025-05-07-at-10.54.59-AM-1-scaled.jpeg?fit=2560%2C1920&ssl=1\",\"contentUrl\":\"https:\/\/i0.wp.com\/elregionalvm.com.ar\/noticias-villa-maria\/wp-content\/uploads\/2025\/05\/WhatsApp-Image-2025-05-07-at-10.54.59-AM-1-scaled.jpeg?fit=2560%2C1920&ssl=1\",\"width\":2560,\"height\":1920},{\"@type\":\"BreadcrumbList\",\"@id\":\"https:\/\/elregionalvm.com.ar\/noticias-villa-maria\/villa-nueva-reconocimiento-de-la-ciudad-a-los-agentes-que-salvaron-a-la-bebe-de-23-dias\/#breadcrumb\",\"itemListElement\":[{\"@type\":\"ListItem\",\"position\":1,\"name\":\"Portada\",\"item\":\"https:\/\/elregionalvm.com.ar\/noticias-villa-maria\/\"},{\"@type\":\"ListItem\",\"position\":2,\"name\":\"Villa Nueva: Reconocimiento de la ciudad a los agentes que salvaron a la beb\u00e9 de 23 d\u00edas\"}]},{\"@type\":\"WebSite\",\"@id\":\"http:\/\/elregionalvm.com.ar\/noticias-villa-maria\/#website\",\"url\":\"http:\/\/elregionalvm.com.ar\/noticias-villa-maria\/\",\"name\":\"El Regional\",\"description\":\"Mucho m\u00e1s que informaci\u00f3n\",\"potentialAction\":[{\"@type\":\"SearchAction\",\"target\":{\"@type\":\"EntryPoint\",\"urlTemplate\":\"http:\/\/elregionalvm.com.ar\/noticias-villa-maria\/?s={search_term_string}\"},\"query-input\":{\"@type\":\"PropertyValueSpecification\",\"valueRequired\":true,\"valueName\":\"search_term_string\"}}],\"inLanguage\":\"es\"},{\"@type\":\"Person\",\"@id\":\"http:\/\/elregionalvm.com.ar\/noticias-villa-maria\/#\/schema\/person\/a0fb9c422317faca23d50163151bc354\",\"name\":\"Contenidos El Regional\",\"image\":{\"@type\":\"ImageObject\",\"inLanguage\":\"es\",\"@id\":\"http:\/\/elregionalvm.com.ar\/noticias-villa-maria\/#\/schema\/person\/image\/\",\"url\":\"https:\/\/secure.gravatar.com\/avatar\/265b27cb2209af7bb3a1318f03305787d7981a5cc6e6cd08fe5a4ecdf99d4b48?s=96&d=mm&r=g\",\"contentUrl\":\"https:\/\/secure.gravatar.com\/avatar\/265b27cb2209af7bb3a1318f03305787d7981a5cc6e6cd08fe5a4ecdf99d4b48?s=96&d=mm&r=g\",\"caption\":\"Contenidos El Regional\"},\"url\":\"https:\/\/elregionalvm.com.ar\/noticias-villa-maria\/author\/contenido\/\"}]}<\/script>\n<!-- \/ Yoast SEO plugin. -->","yoast_head_json":{"title":"Villa Nueva: Reconocimiento de la ciudad a los agentes que salvaron a la beb\u00e9 de 23 d\u00edas - El Regional","robots":{"index":"index","follow":"follow","max-snippet":"max-snippet:-1","max-image-preview":"max-image-preview:large","max-video-preview":"max-video-preview:-1"},"canonical":"https:\/\/elregionalvm.com.ar\/noticias-villa-maria\/villa-nueva-reconocimiento-de-la-ciudad-a-los-agentes-que-salvaron-a-la-bebe-de-23-dias\/","og_locale":"es_ES","og_type":"article","og_title":"Villa Nueva: Reconocimiento de la ciudad a los agentes que salvaron a la beb\u00e9 de 23 d\u00edas - El Regional","og_description":"Hoy el intendente Ignacio Tagni entreg\u00f3 una placa de reconocimiento a los agentes Yanina Clot y Mat\u00edas Subtil, por su valiente accionar al salvar la vida de una beba de apenas 23 d\u00edas en Villa Nueva. Su r\u00e1pida intervenci\u00f3n, en un momento l\u00edmite, fue decisiva para que la peque\u00f1a pudiera recuperarse y estar hoy con [&hellip;]","og_url":"https:\/\/elregionalvm.com.ar\/noticias-villa-maria\/villa-nueva-reconocimiento-de-la-ciudad-a-los-agentes-que-salvaron-a-la-bebe-de-23-dias\/","og_site_name":"El Regional","article_publisher":"https:\/\/www.facebook.com\/elregionalvm","article_published_time":"2025-05-07T18:46:02+00:00","article_modified_time":"2025-05-07T18:46:04+00:00","og_image":[{"url":"https:\/\/elregionalvm.com.ar\/noticias-villa-maria\/wp-content\/uploads\/2025\/05\/WhatsApp-Image-2025-05-07-at-10.54.59-AM-2-1024x768.jpeg","type":"","width":"","height":""}],"author":"Contenidos El Regional","twitter_card":"summary_large_image","twitter_creator":"@elregionalvm1","twitter_site":"@elregionalvm1","twitter_misc":{"Escrito por":"Contenidos El Regional","Tiempo de lectura":"1 minuto"},"schema":{"@context":"https:\/\/schema.org","@graph":[{"@type":"Article","@id":"https:\/\/elregionalvm.com.ar\/noticias-villa-maria\/villa-nueva-reconocimiento-de-la-ciudad-a-los-agentes-que-salvaron-a-la-bebe-de-23-dias\/#article","isPartOf":{"@id":"https:\/\/elregionalvm.com.ar\/noticias-villa-maria\/villa-nueva-reconocimiento-de-la-ciudad-a-los-agentes-que-salvaron-a-la-bebe-de-23-dias\/"},"author":{"name":"Contenidos El Regional","@id":"http:\/\/elregionalvm.com.ar\/noticias-villa-maria\/#\/schema\/person\/a0fb9c422317faca23d50163151bc354"},"headline":"Villa Nueva: Reconocimiento de la ciudad a los agentes que salvaron a la beb\u00e9 de 23 d\u00edas","datePublished":"2025-05-07T18:46:02+00:00","dateModified":"2025-05-07T18:46:04+00:00","mainEntityOfPage":{"@id":"https:\/\/elregionalvm.com.ar\/noticias-villa-maria\/villa-nueva-reconocimiento-de-la-ciudad-a-los-agentes-que-salvaron-a-la-bebe-de-23-dias\/"},"wordCount":170,"commentCount":0,"image":{"@id":"https:\/\/elregionalvm.com.ar\/noticias-villa-maria\/villa-nueva-reconocimiento-de-la-ciudad-a-los-agentes-que-salvaron-a-la-bebe-de-23-dias\/#primaryimage"},"thumbnailUrl":"https:\/\/i0.wp.com\/elregionalvm.com.ar\/noticias-villa-maria\/wp-content\/uploads\/2025\/05\/WhatsApp-Image-2025-05-07-at-10.54.59-AM-1-scaled.jpeg?fit=2560%2C1920&ssl=1","articleSection":["destacado","Sociedad","Villa Nueva"],"inLanguage":"es","potentialAction":[{"@type":"CommentAction","name":"Comment","target":["https:\/\/elregionalvm.com.ar\/noticias-villa-maria\/villa-nueva-reconocimiento-de-la-ciudad-a-los-agentes-que-salvaron-a-la-bebe-de-23-dias\/#respond"]}]},{"@type":"WebPage","@id":"https:\/\/elregionalvm.com.ar\/noticias-villa-maria\/villa-nueva-reconocimiento-de-la-ciudad-a-los-agentes-que-salvaron-a-la-bebe-de-23-dias\/","url":"https:\/\/elregionalvm.com.ar\/noticias-villa-maria\/villa-nueva-reconocimiento-de-la-ciudad-a-los-agentes-que-salvaron-a-la-bebe-de-23-dias\/","name":"Villa Nueva: Reconocimiento de la ciudad a los agentes que salvaron a la beb\u00e9 de 23 d\u00edas - El Regional","isPartOf":{"@id":"http:\/\/elregionalvm.com.ar\/noticias-villa-maria\/#website"},"primaryImageOfPage":{"@id":"https:\/\/elregionalvm.com.ar\/noticias-villa-maria\/villa-nueva-reconocimiento-de-la-ciudad-a-los-agentes-que-salvaron-a-la-bebe-de-23-dias\/#primaryimage"},"image":{"@id":"https:\/\/elregionalvm.com.ar\/noticias-villa-maria\/villa-nueva-reconocimiento-de-la-ciudad-a-los-agentes-que-salvaron-a-la-bebe-de-23-dias\/#primaryimage"},"thumbnailUrl":"https:\/\/i0.wp.com\/elregionalvm.com.ar\/noticias-villa-maria\/wp-content\/uploads\/2025\/05\/WhatsApp-Image-2025-05-07-at-10.54.59-AM-1-scaled.jpeg?fit=2560%2C1920&ssl=1","datePublished":"2025-05-07T18:46:02+00:00","dateModified":"2025-05-07T18:46:04+00:00","author":{"@id":"http:\/\/elregionalvm.com.ar\/noticias-villa-maria\/#\/schema\/person\/a0fb9c422317faca23d50163151bc354"},"breadcrumb":{"@id":"https:\/\/elregionalvm.com.ar\/noticias-villa-maria\/villa-nueva-reconocimiento-de-la-ciudad-a-los-agentes-que-salvaron-a-la-bebe-de-23-dias\/#breadcrumb"},"inLanguage":"es","potentialAction":[{"@type":"ReadAction","target":["https:\/\/elregionalvm.com.ar\/noticias-villa-maria\/villa-nueva-reconocimiento-de-la-ciudad-a-los-agentes-que-salvaron-a-la-bebe-de-23-dias\/"]}]},{"@type":"ImageObject","inLanguage":"es","@id":"https:\/\/elregionalvm.com.ar\/noticias-villa-maria\/villa-nueva-reconocimiento-de-la-ciudad-a-los-agentes-que-salvaron-a-la-bebe-de-23-dias\/#primaryimage","url":"https:\/\/i0.wp.com\/elregionalvm.com.ar\/noticias-villa-maria\/wp-content\/uploads\/2025\/05\/WhatsApp-Image-2025-05-07-at-10.54.59-AM-1-scaled.jpeg?fit=2560%2C1920&ssl=1","contentUrl":"https:\/\/i0.wp.com\/elregionalvm.com.ar\/noticias-villa-maria\/wp-content\/uploads\/2025\/05\/WhatsApp-Image-2025-05-07-at-10.54.59-AM-1-scaled.jpeg?fit=2560%2C1920&ssl=1","width":2560,"height":1920},{"@type":"BreadcrumbList","@id":"https:\/\/elregionalvm.com.ar\/noticias-villa-maria\/villa-nueva-reconocimiento-de-la-ciudad-a-los-agentes-que-salvaron-a-la-bebe-de-23-dias\/#breadcrumb","itemListElement":[{"@type":"ListItem","position":1,"name":"Portada","item":"https:\/\/elregionalvm.com.ar\/noticias-villa-maria\/"},{"@type":"ListItem","position":2,"name":"Villa Nueva: Reconocimiento de la ciudad a los agentes que salvaron a la beb\u00e9 de 23 d\u00edas"}]},{"@type":"WebSite","@id":"http:\/\/elregionalvm.com.ar\/noticias-villa-maria\/#website","url":"http:\/\/elregionalvm.com.ar\/noticias-villa-maria\/","name":"El Regional","description":"Mucho m\u00e1s que informaci\u00f3n","potentialAction":[{"@type":"SearchAction","target":{"@type":"EntryPoint","urlTemplate":"http:\/\/elregionalvm.com.ar\/noticias-villa-maria\/?s={search_term_string}"},"query-input":{"@type":"PropertyValueSpecification","valueRequired":true,"valueName":"search_term_string"}}],"inLanguage":"es"},{"@type":"Person","@id":"http:\/\/elregionalvm.com.ar\/noticias-villa-maria\/#\/schema\/person\/a0fb9c422317faca23d50163151bc354","name":"Contenidos El Regional","image":{"@type":"ImageObject","inLanguage":"es","@id":"http:\/\/elregionalvm.com.ar\/noticias-villa-maria\/#\/schema\/person\/image\/","url":"https:\/\/secure.gravatar.com\/avatar\/265b27cb2209af7bb3a1318f03305787d7981a5cc6e6cd08fe5a4ecdf99d4b48?s=96&d=mm&r=g","contentUrl":"https:\/\/secure.gravatar.com\/avatar\/265b27cb2209af7bb3a1318f03305787d7981a5cc6e6cd08fe5a4ecdf99d4b48?s=96&d=mm&r=g","caption":"Contenidos El Regional"},"url":"https:\/\/elregionalvm.com.ar\/noticias-villa-maria\/author\/contenido\/"}]}},"jetpack_featured_media_url":"https:\/\/i0.wp.com\/elregionalvm.com.ar\/noticias-villa-maria\/wp-content\/uploads\/2025\/05\/WhatsApp-Image-2025-05-07-at-10.54.59-AM-1-scaled.jpeg?fit=2560%2C1920&ssl=1","jetpack_sharing_enabled":true,"_links":{"self":[{"href":"https:\/\/elregionalvm.com.ar\/noticias-villa-maria\/wp-json\/wp\/v2\/posts\/105983","targetHints":{"allow":["GET"]}}],"collection":[{"href":"https:\/\/elregionalvm.com.ar\/noticias-villa-maria\/wp-json\/wp\/v2\/posts"}],"about":[{"href":"https:\/\/elregionalvm.com.ar\/noticias-villa-maria\/wp-json\/wp\/v2\/types\/post"}],"author":[{"embeddable":true,"href":"https:\/\/elregionalvm.com.ar\/noticias-villa-maria\/wp-json\/wp\/v2\/users\/4"}],"replies":[{"embeddable":true,"href":"https:\/\/elregionalvm.com.ar\/noticias-villa-maria\/wp-json\/wp\/v2\/comments?post=105983"}],"version-history":[{"count":1,"href":"https:\/\/elregionalvm.com.ar\/noticias-villa-maria\/wp-json\/wp\/v2\/posts\/105983\/revisions"}],"predecessor-version":[{"id":105986,"href":"https:\/\/elregionalvm.com.ar\/noticias-villa-maria\/wp-json\/wp\/v2\/posts\/105983\/revisions\/105986"}],"wp:featuredmedia":[{"embeddable":true,"href":"https:\/\/elregionalvm.com.ar\/noticias-villa-maria\/wp-json\/wp\/v2\/media\/105984"}],"wp:attachment":[{"href":"https:\/\/elregionalvm.com.ar\/noticias-villa-maria\/wp-json\/wp\/v2\/media?parent=105983"}],"wp:term":[{"taxonomy":"category","embeddable":true,"href":"https:\/\/elregionalvm.com.ar\/noticias-villa-maria\/wp-json\/wp\/v2\/categories?post=105983"},{"taxonomy":"post_tag","embeddable":true,"href":"https:\/\/elregionalvm.com.ar\/noticias-villa-maria\/wp-json\/wp\/v2\/tags?post=105983"}],"curies":[{"name":"wp","href":"https:\/\/api.w.org\/{rel}","templated":true}]}}