{"id":106116,"date":"2025-05-12T00:09:20","date_gmt":"2025-05-12T00:09:20","guid":{"rendered":"https:\/\/elregionalvm.com.ar\/noticias-villa-maria\/?p=106116"},"modified":"2025-05-18T22:50:07","modified_gmt":"2025-05-18T22:50:07","slug":"una-ley-para-cuidar-desde-el-comienzo-que-establece-la-normativa-sobre-salud-en-el-embarazo-y-la-primera-infancia","status":"publish","type":"post","link":"https:\/\/elregionalvm.com.ar\/noticias-villa-maria\/una-ley-para-cuidar-desde-el-comienzo-que-establece-la-normativa-sobre-salud-en-el-embarazo-y-la-primera-infancia\/","title":{"rendered":"Una ley para cuidar desde el comienzo: Qu\u00e9 establece la normativa sobre salud en el embarazo y la primera infancia"},"content":{"rendered":"\n<h3 class=\"wp-block-heading\"><strong>La Ley Nacional 27.611, conocida como la ley de los 1000 d\u00edas fue sancionada en Argentina en 2020, tiene como objetivo garantizar el derecho al cuidado integral de la salud de las personas gestantes y de los ni\u00f1os y ni\u00f1as en sus primeros a\u00f1os de vida.<\/strong><\/h3>\n\n\n\n<p><\/p>\n\n\n\n<p><strong>Escribe: Abogada Valeria Montenegro<\/strong><\/p>\n\n\n\n<p><\/p>\n\n\n\n<p>La norma pone el foco en los primeros <strong>1.000 d\u00edas<\/strong>, un per\u00edodo clave que va desde la gestaci\u00f3n hasta los 3 a\u00f1os de edad, fundamental para el desarrollo f\u00edsico, emocional y cognitivo.<\/p>\n\n\n\n<p>La ley busca asegurar <strong>una atenci\u00f3n m\u00e9dica oportuna, acceso a informaci\u00f3n, acompa\u00f1amiento y una buena nutrici\u00f3n<\/strong> tanto para las madres como para sus hijos e hijas, reconociendo que el comienzo de la vida es determinante para el futuro de cada persona.<\/p>\n\n\n\n<p><\/p>\n\n\n\n<figure class=\"wp-block-image size-large\"><img data-recalc-dims=\"1\" fetchpriority=\"high\" decoding=\"async\" width=\"1024\" height=\"768\" src=\"https:\/\/i0.wp.com\/elregionalvm.com.ar\/noticias-villa-maria\/wp-content\/uploads\/2020\/07\/bebe-pediatra.jpg?resize=1024%2C768&#038;ssl=1\" alt=\"\" class=\"wp-image-19633\" srcset=\"https:\/\/i0.wp.com\/elregionalvm.com.ar\/noticias-villa-maria\/wp-content\/uploads\/2020\/07\/bebe-pediatra.jpg?resize=1024%2C768&amp;ssl=1 1024w, https:\/\/i0.wp.com\/elregionalvm.com.ar\/noticias-villa-maria\/wp-content\/uploads\/2020\/07\/bebe-pediatra.jpg?resize=300%2C225&amp;ssl=1 300w, https:\/\/i0.wp.com\/elregionalvm.com.ar\/noticias-villa-maria\/wp-content\/uploads\/2020\/07\/bebe-pediatra.jpg?resize=768%2C576&amp;ssl=1 768w, https:\/\/i0.wp.com\/elregionalvm.com.ar\/noticias-villa-maria\/wp-content\/uploads\/2020\/07\/bebe-pediatra.jpg?w=1140&amp;ssl=1 1140w\" sizes=\"(max-width: 1000px) 100vw, 1000px\" \/><\/figure>\n\n\n\n<p><\/p>\n\n\n\n<p>Entre los <strong>derechos que garantiza<\/strong>, se destacan:<\/p>\n\n\n\n<ul class=\"wp-block-list\">\n<li>Controles m\u00e9dicos gratuitos y acompa\u00f1amiento durante el embarazo y despu\u00e9s del parto.<\/li>\n\n\n\n<li>Acceso a medicamentos esenciales, vacunas y productos de gesti\u00f3n menstrual.<\/li>\n\n\n\n<li>Acompa\u00f1amiento y orientaci\u00f3n en temas de crianza, estimulaci\u00f3n temprana y lactancia.<\/li>\n\n\n\n<li>Prioridad en la atenci\u00f3n m\u00e9dica y social para las familias m\u00e1s vulnerables.<\/li>\n<\/ul>\n\n\n\n<p>Adem\u00e1s, la ley promueve la articulaci\u00f3n entre distintas \u00e1reas del Estado \u2014salud, desarrollo social, educaci\u00f3n\u2014 para que el cuidado sea integral, y fomenta campa\u00f1as de concientizaci\u00f3n para que las personas conozcan sus derechos.<\/p>\n\n\n\n<p><strong>Asignaci\u00f3n por Cuidado de Salud Integral<\/strong><\/p>\n\n\n\n<p>Se encuentra destinada para los titulares de la Asignaci\u00f3n Universal por Hijo, con hijos a cargo de hasta 3 a\u00f1os de edad.<\/p>\n\n\n\n<p><\/p>\n\n\n\n<figure class=\"wp-block-image size-large\"><img data-recalc-dims=\"1\" decoding=\"async\" width=\"1024\" height=\"684\" src=\"https:\/\/i0.wp.com\/elregionalvm.com.ar\/noticias-villa-maria\/wp-content\/uploads\/2021\/09\/Madre-primeriza-bebe.jpg?resize=1024%2C684&#038;ssl=1\" alt=\"\" class=\"wp-image-44355\" srcset=\"https:\/\/i0.wp.com\/elregionalvm.com.ar\/noticias-villa-maria\/wp-content\/uploads\/2021\/09\/Madre-primeriza-bebe.jpg?resize=1024%2C684&amp;ssl=1 1024w, https:\/\/i0.wp.com\/elregionalvm.com.ar\/noticias-villa-maria\/wp-content\/uploads\/2021\/09\/Madre-primeriza-bebe.jpg?resize=300%2C200&amp;ssl=1 300w, https:\/\/i0.wp.com\/elregionalvm.com.ar\/noticias-villa-maria\/wp-content\/uploads\/2021\/09\/Madre-primeriza-bebe.jpg?resize=768%2C513&amp;ssl=1 768w, https:\/\/i0.wp.com\/elregionalvm.com.ar\/noticias-villa-maria\/wp-content\/uploads\/2021\/09\/Madre-primeriza-bebe.jpg?w=1200&amp;ssl=1 1200w\" sizes=\"(max-width: 1000px) 100vw, 1000px\" \/><\/figure>\n\n\n\n<p><\/p>\n\n\n\n<p>Esta asignaci\u00f3n se cobra&nbsp;<strong>una vez al a\u00f1o<\/strong>&nbsp;por cada ni\u00f1o menor de 3 a\u00f1os de edad a cargo y el monto es equivalente al de la Asignaci\u00f3n Universal por Hijo y por Hijo con Discapacidad, seg\u00fan tu caso.<\/p>\n\n\n\n<p>Para acceder a ese monto, es requisito acreditar los controles de salud y vacunaci\u00f3n de tus hijos.<\/p>\n\n\n\n<p>En resumen, la Ley 27.611 es una herramienta clave para garantizar <strong>un comienzo de vida saludable<\/strong>, con igualdad de oportunidades desde el primer d\u00eda. Si te deniegan o restringen tus derechos o lo de tus hijos, ases\u00f3rate con un profesional de tu confianza.<\/p>\n\n\n\n<p><\/p>\n\n\n\n<p><strong>Conocer tus derechos, es el primer paso para defenderlos.<\/strong><\/p>\n\n\n\n<p><\/p>\n\n\n\n<p><\/p>\n\n\n\n<ul class=\"wp-block-list\">\n<li><strong>Valeria C. Montenegro Abogada<\/strong><\/li>\n<\/ul>\n\n\n\n<ul class=\"wp-block-list\">\n<li><strong>Instagram @abogadavaleriamontenegrovm<\/strong><\/li>\n<\/ul>\n\n\n\n<ul class=\"wp-block-list\">\n<li><strong>Elpidio Gonz\u00e1lez 176 Local 3 Villa Mar\u00eda<\/strong><\/li>\n<\/ul>\n\n\n\n<ul class=\"wp-block-list\">\n<li><strong>0353-154271885<\/strong><\/li>\n<\/ul>\n","protected":false},"excerpt":{"rendered":"<p>La Ley Nacional 27.611, conocida como la ley de los 1000 d\u00edas fue sancionada en Argentina en 2020, tiene como objetivo garantizar el derecho al cuidado integral de la salud de las personas gestantes y de los ni\u00f1os y ni\u00f1as en sus primeros a\u00f1os de vida. Escribe: Abogada Valeria Montenegro La norma pone el foco [&hellip;]<\/p>\n","protected":false},"author":4,"featured_media":106118,"comment_status":"open","ping_status":"open","sticky":false,"template":"","format":"standard","meta":{"site-sidebar-layout":"default","site-content-layout":"","ast-site-content-layout":"default","site-content-style":"default","site-sidebar-style":"default","ast-global-header-display":"","ast-banner-title-visibility":"","ast-main-header-display":"","ast-hfb-above-header-display":"","ast-hfb-below-header-display":"","ast-hfb-mobile-header-display":"","site-post-title":"","ast-breadcrumbs-content":"","ast-featured-img":"","footer-sml-layout":"","ast-disable-related-posts":"","theme-transparent-header-meta":"","adv-header-id-meta":"","stick-header-meta":"","header-above-stick-meta":"","header-main-stick-meta":"","header-below-stick-meta":"","astra-migrate-meta-layouts":"set","ast-page-background-enabled":"default","ast-page-background-meta":{"desktop":{"background-color":"","background-image":"","background-repeat":"repeat","background-position":"center center","background-size":"auto","background-attachment":"scroll","background-type":"","background-media":"","overlay-type":"","overlay-color":"","overlay-opacity":"","overlay-gradient":""},"tablet":{"background-color":"","background-image":"","background-repeat":"repeat","background-position":"center center","background-size":"auto","background-attachment":"scroll","background-type":"","background-media":"","overlay-type":"","overlay-color":"","overlay-opacity":"","overlay-gradient":""},"mobile":{"background-color":"","background-image":"","background-repeat":"repeat","background-position":"center center","background-size":"auto","background-attachment":"scroll","background-type":"","background-media":"","overlay-type":"","overlay-color":"","overlay-opacity":"","overlay-gradient":""}},"ast-content-background-meta":{"desktop":{"background-color":"var(--ast-global-color-5)","background-image":"","background-repeat":"repeat","background-position":"center center","background-size":"auto","background-attachment":"scroll","background-type":"","background-media":"","overlay-type":"","overlay-color":"","overlay-opacity":"","overlay-gradient":""},"tablet":{"background-color":"var(--ast-global-color-5)","background-image":"","background-repeat":"repeat","background-position":"center center","background-size":"auto","background-attachment":"scroll","background-type":"","background-media":"","overlay-type":"","overlay-color":"","overlay-opacity":"","overlay-gradient":""},"mobile":{"background-color":"var(--ast-global-color-5)","background-image":"","background-repeat":"repeat","background-position":"center center","background-size":"auto","background-attachment":"scroll","background-type":"","background-media":"","overlay-type":"","overlay-color":"","overlay-opacity":"","overlay-gradient":""}},"_jetpack_memberships_contains_paid_content":false,"_joinchat":[],"footnotes":""},"categories":[365,3557],"tags":[2790,18974,13500,5347,99,7760,14558,2133,7194],"class_list":["post-106116","post","type-post","status-publish","format-standard","has-post-thumbnail","hentry","category-opinion","category-tercera","tag-100-dias","tag-abogada-valeria-montenegro","tag-embarazo","tag-infancia","tag-justicia","tag-ley","tag-primera-infancia","tag-salud","tag-tips-legales"],"yoast_head":"<!-- This site is optimized with the Yoast SEO plugin v26.8 - https:\/\/yoast.com\/product\/yoast-seo-wordpress\/ -->\n<title>Una ley para cuidar desde el comienzo: Qu\u00e9 establece la normativa sobre salud en el embarazo y la primera infancia - El Regional<\/title>\n<meta name=\"robots\" content=\"index, follow, max-snippet:-1, max-image-preview:large, max-video-preview:-1\" \/>\n<link rel=\"canonical\" href=\"https:\/\/elregionalvm.com.ar\/noticias-villa-maria\/una-ley-para-cuidar-desde-el-comienzo-que-establece-la-normativa-sobre-salud-en-el-embarazo-y-la-primera-infancia\/\" \/>\n<meta property=\"og:locale\" content=\"es_ES\" \/>\n<meta property=\"og:type\" content=\"article\" \/>\n<meta property=\"og:title\" content=\"Una ley para cuidar desde el comienzo: Qu\u00e9 establece la normativa sobre salud en el embarazo y la primera infancia - El Regional\" \/>\n<meta property=\"og:description\" content=\"La Ley Nacional 27.611, conocida como la ley de los 1000 d\u00edas fue sancionada en Argentina en 2020, tiene como objetivo garantizar el derecho al cuidado integral de la salud de las personas gestantes y de los ni\u00f1os y ni\u00f1as en sus primeros a\u00f1os de vida. Escribe: Abogada Valeria Montenegro La norma pone el foco [&hellip;]\" \/>\n<meta property=\"og:url\" content=\"https:\/\/elregionalvm.com.ar\/noticias-villa-maria\/una-ley-para-cuidar-desde-el-comienzo-que-establece-la-normativa-sobre-salud-en-el-embarazo-y-la-primera-infancia\/\" \/>\n<meta property=\"og:site_name\" content=\"El Regional\" \/>\n<meta property=\"article:publisher\" content=\"https:\/\/www.facebook.com\/elregionalvm\" \/>\n<meta property=\"article:published_time\" content=\"2025-05-12T00:09:20+00:00\" \/>\n<meta property=\"article:modified_time\" content=\"2025-05-18T22:50:07+00:00\" \/>\n<meta property=\"og:image\" content=\"https:\/\/elregionalvm.com.ar\/noticias-villa-maria\/wp-content\/uploads\/2025\/05\/embarazada-e1747008429163.jpg\" \/>\n\t<meta property=\"og:image:width\" content=\"1200\" \/>\n\t<meta property=\"og:image:height\" content=\"766\" \/>\n\t<meta property=\"og:image:type\" content=\"image\/jpeg\" \/>\n<meta name=\"author\" content=\"Contenidos El Regional\" \/>\n<meta name=\"twitter:card\" content=\"summary_large_image\" \/>\n<meta name=\"twitter:creator\" content=\"@elregionalvm1\" \/>\n<meta name=\"twitter:site\" content=\"@elregionalvm1\" \/>\n<meta name=\"twitter:label1\" content=\"Escrito por\" \/>\n\t<meta name=\"twitter:data1\" content=\"Contenidos El Regional\" \/>\n\t<meta name=\"twitter:label2\" content=\"Tiempo de lectura\" \/>\n\t<meta name=\"twitter:data2\" content=\"3 minutos\" \/>\n<script type=\"application\/ld+json\" class=\"yoast-schema-graph\">{\"@context\":\"https:\/\/schema.org\",\"@graph\":[{\"@type\":\"Article\",\"@id\":\"https:\/\/elregionalvm.com.ar\/noticias-villa-maria\/una-ley-para-cuidar-desde-el-comienzo-que-establece-la-normativa-sobre-salud-en-el-embarazo-y-la-primera-infancia\/#article\",\"isPartOf\":{\"@id\":\"https:\/\/elregionalvm.com.ar\/noticias-villa-maria\/una-ley-para-cuidar-desde-el-comienzo-que-establece-la-normativa-sobre-salud-en-el-embarazo-y-la-primera-infancia\/\"},\"author\":{\"name\":\"Contenidos El Regional\",\"@id\":\"http:\/\/elregionalvm.com.ar\/noticias-villa-maria\/#\/schema\/person\/a0fb9c422317faca23d50163151bc354\"},\"headline\":\"Una ley para cuidar desde el comienzo: Qu\u00e9 establece la normativa sobre salud en el embarazo y la primera infancia\",\"datePublished\":\"2025-05-12T00:09:20+00:00\",\"dateModified\":\"2025-05-18T22:50:07+00:00\",\"mainEntityOfPage\":{\"@id\":\"https:\/\/elregionalvm.com.ar\/noticias-villa-maria\/una-ley-para-cuidar-desde-el-comienzo-que-establece-la-normativa-sobre-salud-en-el-embarazo-y-la-primera-infancia\/\"},\"wordCount\":413,\"commentCount\":0,\"image\":{\"@id\":\"https:\/\/elregionalvm.com.ar\/noticias-villa-maria\/una-ley-para-cuidar-desde-el-comienzo-que-establece-la-normativa-sobre-salud-en-el-embarazo-y-la-primera-infancia\/#primaryimage\"},\"thumbnailUrl\":\"https:\/\/i0.wp.com\/elregionalvm.com.ar\/noticias-villa-maria\/wp-content\/uploads\/2025\/05\/embarazada-e1747008429163.jpg?fit=1200%2C766&ssl=1\",\"keywords\":[\"100 d\u00edas\",\"Abogada Valeria Montenegro\",\"embarazo\",\"Infancia\",\"Justicia\",\"ley\",\"Primera Infancia\",\"salud\",\"Tips legales\"],\"articleSection\":[\"Opini\u00f3n\",\"tercera\"],\"inLanguage\":\"es\",\"potentialAction\":[{\"@type\":\"CommentAction\",\"name\":\"Comment\",\"target\":[\"https:\/\/elregionalvm.com.ar\/noticias-villa-maria\/una-ley-para-cuidar-desde-el-comienzo-que-establece-la-normativa-sobre-salud-en-el-embarazo-y-la-primera-infancia\/#respond\"]}]},{\"@type\":\"WebPage\",\"@id\":\"https:\/\/elregionalvm.com.ar\/noticias-villa-maria\/una-ley-para-cuidar-desde-el-comienzo-que-establece-la-normativa-sobre-salud-en-el-embarazo-y-la-primera-infancia\/\",\"url\":\"https:\/\/elregionalvm.com.ar\/noticias-villa-maria\/una-ley-para-cuidar-desde-el-comienzo-que-establece-la-normativa-sobre-salud-en-el-embarazo-y-la-primera-infancia\/\",\"name\":\"Una ley para cuidar desde el comienzo: Qu\u00e9 establece la normativa sobre salud en el embarazo y la primera infancia - El Regional\",\"isPartOf\":{\"@id\":\"http:\/\/elregionalvm.com.ar\/noticias-villa-maria\/#website\"},\"primaryImageOfPage\":{\"@id\":\"https:\/\/elregionalvm.com.ar\/noticias-villa-maria\/una-ley-para-cuidar-desde-el-comienzo-que-establece-la-normativa-sobre-salud-en-el-embarazo-y-la-primera-infancia\/#primaryimage\"},\"image\":{\"@id\":\"https:\/\/elregionalvm.com.ar\/noticias-villa-maria\/una-ley-para-cuidar-desde-el-comienzo-que-establece-la-normativa-sobre-salud-en-el-embarazo-y-la-primera-infancia\/#primaryimage\"},\"thumbnailUrl\":\"https:\/\/i0.wp.com\/elregionalvm.com.ar\/noticias-villa-maria\/wp-content\/uploads\/2025\/05\/embarazada-e1747008429163.jpg?fit=1200%2C766&ssl=1\",\"datePublished\":\"2025-05-12T00:09:20+00:00\",\"dateModified\":\"2025-05-18T22:50:07+00:00\",\"author\":{\"@id\":\"http:\/\/elregionalvm.com.ar\/noticias-villa-maria\/#\/schema\/person\/a0fb9c422317faca23d50163151bc354\"},\"breadcrumb\":{\"@id\":\"https:\/\/elregionalvm.com.ar\/noticias-villa-maria\/una-ley-para-cuidar-desde-el-comienzo-que-establece-la-normativa-sobre-salud-en-el-embarazo-y-la-primera-infancia\/#breadcrumb\"},\"inLanguage\":\"es\",\"potentialAction\":[{\"@type\":\"ReadAction\",\"target\":[\"https:\/\/elregionalvm.com.ar\/noticias-villa-maria\/una-ley-para-cuidar-desde-el-comienzo-que-establece-la-normativa-sobre-salud-en-el-embarazo-y-la-primera-infancia\/\"]}]},{\"@type\":\"ImageObject\",\"inLanguage\":\"es\",\"@id\":\"https:\/\/elregionalvm.com.ar\/noticias-villa-maria\/una-ley-para-cuidar-desde-el-comienzo-que-establece-la-normativa-sobre-salud-en-el-embarazo-y-la-primera-infancia\/#primaryimage\",\"url\":\"https:\/\/i0.wp.com\/elregionalvm.com.ar\/noticias-villa-maria\/wp-content\/uploads\/2025\/05\/embarazada-e1747008429163.jpg?fit=1200%2C766&ssl=1\",\"contentUrl\":\"https:\/\/i0.wp.com\/elregionalvm.com.ar\/noticias-villa-maria\/wp-content\/uploads\/2025\/05\/embarazada-e1747008429163.jpg?fit=1200%2C766&ssl=1\",\"width\":1200,\"height\":766},{\"@type\":\"BreadcrumbList\",\"@id\":\"https:\/\/elregionalvm.com.ar\/noticias-villa-maria\/una-ley-para-cuidar-desde-el-comienzo-que-establece-la-normativa-sobre-salud-en-el-embarazo-y-la-primera-infancia\/#breadcrumb\",\"itemListElement\":[{\"@type\":\"ListItem\",\"position\":1,\"name\":\"Portada\",\"item\":\"https:\/\/elregionalvm.com.ar\/noticias-villa-maria\/\"},{\"@type\":\"ListItem\",\"position\":2,\"name\":\"Una ley para cuidar desde el comienzo: Qu\u00e9 establece la normativa sobre salud en el embarazo y la primera infancia\"}]},{\"@type\":\"WebSite\",\"@id\":\"http:\/\/elregionalvm.com.ar\/noticias-villa-maria\/#website\",\"url\":\"http:\/\/elregionalvm.com.ar\/noticias-villa-maria\/\",\"name\":\"El Regional\",\"description\":\"Mucho m\u00e1s que informaci\u00f3n\",\"potentialAction\":[{\"@type\":\"SearchAction\",\"target\":{\"@type\":\"EntryPoint\",\"urlTemplate\":\"http:\/\/elregionalvm.com.ar\/noticias-villa-maria\/?s={search_term_string}\"},\"query-input\":{\"@type\":\"PropertyValueSpecification\",\"valueRequired\":true,\"valueName\":\"search_term_string\"}}],\"inLanguage\":\"es\"},{\"@type\":\"Person\",\"@id\":\"http:\/\/elregionalvm.com.ar\/noticias-villa-maria\/#\/schema\/person\/a0fb9c422317faca23d50163151bc354\",\"name\":\"Contenidos El Regional\",\"image\":{\"@type\":\"ImageObject\",\"inLanguage\":\"es\",\"@id\":\"http:\/\/elregionalvm.com.ar\/noticias-villa-maria\/#\/schema\/person\/image\/\",\"url\":\"https:\/\/secure.gravatar.com\/avatar\/265b27cb2209af7bb3a1318f03305787d7981a5cc6e6cd08fe5a4ecdf99d4b48?s=96&d=mm&r=g\",\"contentUrl\":\"https:\/\/secure.gravatar.com\/avatar\/265b27cb2209af7bb3a1318f03305787d7981a5cc6e6cd08fe5a4ecdf99d4b48?s=96&d=mm&r=g\",\"caption\":\"Contenidos El Regional\"},\"url\":\"https:\/\/elregionalvm.com.ar\/noticias-villa-maria\/author\/contenido\/\"}]}<\/script>\n<!-- \/ Yoast SEO plugin. -->","yoast_head_json":{"title":"Una ley para cuidar desde el comienzo: Qu\u00e9 establece la normativa sobre salud en el embarazo y la primera infancia - El Regional","robots":{"index":"index","follow":"follow","max-snippet":"max-snippet:-1","max-image-preview":"max-image-preview:large","max-video-preview":"max-video-preview:-1"},"canonical":"https:\/\/elregionalvm.com.ar\/noticias-villa-maria\/una-ley-para-cuidar-desde-el-comienzo-que-establece-la-normativa-sobre-salud-en-el-embarazo-y-la-primera-infancia\/","og_locale":"es_ES","og_type":"article","og_title":"Una ley para cuidar desde el comienzo: Qu\u00e9 establece la normativa sobre salud en el embarazo y la primera infancia - El Regional","og_description":"La Ley Nacional 27.611, conocida como la ley de los 1000 d\u00edas fue sancionada en Argentina en 2020, tiene como objetivo garantizar el derecho al cuidado integral de la salud de las personas gestantes y de los ni\u00f1os y ni\u00f1as en sus primeros a\u00f1os de vida. Escribe: Abogada Valeria Montenegro La norma pone el foco [&hellip;]","og_url":"https:\/\/elregionalvm.com.ar\/noticias-villa-maria\/una-ley-para-cuidar-desde-el-comienzo-que-establece-la-normativa-sobre-salud-en-el-embarazo-y-la-primera-infancia\/","og_site_name":"El Regional","article_publisher":"https:\/\/www.facebook.com\/elregionalvm","article_published_time":"2025-05-12T00:09:20+00:00","article_modified_time":"2025-05-18T22:50:07+00:00","og_image":[{"width":1200,"height":766,"url":"https:\/\/elregionalvm.com.ar\/noticias-villa-maria\/wp-content\/uploads\/2025\/05\/embarazada-e1747008429163.jpg","type":"image\/jpeg"}],"author":"Contenidos El Regional","twitter_card":"summary_large_image","twitter_creator":"@elregionalvm1","twitter_site":"@elregionalvm1","twitter_misc":{"Escrito por":"Contenidos El Regional","Tiempo de lectura":"3 minutos"},"schema":{"@context":"https:\/\/schema.org","@graph":[{"@type":"Article","@id":"https:\/\/elregionalvm.com.ar\/noticias-villa-maria\/una-ley-para-cuidar-desde-el-comienzo-que-establece-la-normativa-sobre-salud-en-el-embarazo-y-la-primera-infancia\/#article","isPartOf":{"@id":"https:\/\/elregionalvm.com.ar\/noticias-villa-maria\/una-ley-para-cuidar-desde-el-comienzo-que-establece-la-normativa-sobre-salud-en-el-embarazo-y-la-primera-infancia\/"},"author":{"name":"Contenidos El Regional","@id":"http:\/\/elregionalvm.com.ar\/noticias-villa-maria\/#\/schema\/person\/a0fb9c422317faca23d50163151bc354"},"headline":"Una ley para cuidar desde el comienzo: Qu\u00e9 establece la normativa sobre salud en el embarazo y la primera infancia","datePublished":"2025-05-12T00:09:20+00:00","dateModified":"2025-05-18T22:50:07+00:00","mainEntityOfPage":{"@id":"https:\/\/elregionalvm.com.ar\/noticias-villa-maria\/una-ley-para-cuidar-desde-el-comienzo-que-establece-la-normativa-sobre-salud-en-el-embarazo-y-la-primera-infancia\/"},"wordCount":413,"commentCount":0,"image":{"@id":"https:\/\/elregionalvm.com.ar\/noticias-villa-maria\/una-ley-para-cuidar-desde-el-comienzo-que-establece-la-normativa-sobre-salud-en-el-embarazo-y-la-primera-infancia\/#primaryimage"},"thumbnailUrl":"https:\/\/i0.wp.com\/elregionalvm.com.ar\/noticias-villa-maria\/wp-content\/uploads\/2025\/05\/embarazada-e1747008429163.jpg?fit=1200%2C766&ssl=1","keywords":["100 d\u00edas","Abogada Valeria Montenegro","embarazo","Infancia","Justicia","ley","Primera Infancia","salud","Tips legales"],"articleSection":["Opini\u00f3n","tercera"],"inLanguage":"es","potentialAction":[{"@type":"CommentAction","name":"Comment","target":["https:\/\/elregionalvm.com.ar\/noticias-villa-maria\/una-ley-para-cuidar-desde-el-comienzo-que-establece-la-normativa-sobre-salud-en-el-embarazo-y-la-primera-infancia\/#respond"]}]},{"@type":"WebPage","@id":"https:\/\/elregionalvm.com.ar\/noticias-villa-maria\/una-ley-para-cuidar-desde-el-comienzo-que-establece-la-normativa-sobre-salud-en-el-embarazo-y-la-primera-infancia\/","url":"https:\/\/elregionalvm.com.ar\/noticias-villa-maria\/una-ley-para-cuidar-desde-el-comienzo-que-establece-la-normativa-sobre-salud-en-el-embarazo-y-la-primera-infancia\/","name":"Una ley para cuidar desde el comienzo: Qu\u00e9 establece la normativa sobre salud en el embarazo y la primera infancia - El Regional","isPartOf":{"@id":"http:\/\/elregionalvm.com.ar\/noticias-villa-maria\/#website"},"primaryImageOfPage":{"@id":"https:\/\/elregionalvm.com.ar\/noticias-villa-maria\/una-ley-para-cuidar-desde-el-comienzo-que-establece-la-normativa-sobre-salud-en-el-embarazo-y-la-primera-infancia\/#primaryimage"},"image":{"@id":"https:\/\/elregionalvm.com.ar\/noticias-villa-maria\/una-ley-para-cuidar-desde-el-comienzo-que-establece-la-normativa-sobre-salud-en-el-embarazo-y-la-primera-infancia\/#primaryimage"},"thumbnailUrl":"https:\/\/i0.wp.com\/elregionalvm.com.ar\/noticias-villa-maria\/wp-content\/uploads\/2025\/05\/embarazada-e1747008429163.jpg?fit=1200%2C766&ssl=1","datePublished":"2025-05-12T00:09:20+00:00","dateModified":"2025-05-18T22:50:07+00:00","author":{"@id":"http:\/\/elregionalvm.com.ar\/noticias-villa-maria\/#\/schema\/person\/a0fb9c422317faca23d50163151bc354"},"breadcrumb":{"@id":"https:\/\/elregionalvm.com.ar\/noticias-villa-maria\/una-ley-para-cuidar-desde-el-comienzo-que-establece-la-normativa-sobre-salud-en-el-embarazo-y-la-primera-infancia\/#breadcrumb"},"inLanguage":"es","potentialAction":[{"@type":"ReadAction","target":["https:\/\/elregionalvm.com.ar\/noticias-villa-maria\/una-ley-para-cuidar-desde-el-comienzo-que-establece-la-normativa-sobre-salud-en-el-embarazo-y-la-primera-infancia\/"]}]},{"@type":"ImageObject","inLanguage":"es","@id":"https:\/\/elregionalvm.com.ar\/noticias-villa-maria\/una-ley-para-cuidar-desde-el-comienzo-que-establece-la-normativa-sobre-salud-en-el-embarazo-y-la-primera-infancia\/#primaryimage","url":"https:\/\/i0.wp.com\/elregionalvm.com.ar\/noticias-villa-maria\/wp-content\/uploads\/2025\/05\/embarazada-e1747008429163.jpg?fit=1200%2C766&ssl=1","contentUrl":"https:\/\/i0.wp.com\/elregionalvm.com.ar\/noticias-villa-maria\/wp-content\/uploads\/2025\/05\/embarazada-e1747008429163.jpg?fit=1200%2C766&ssl=1","width":1200,"height":766},{"@type":"BreadcrumbList","@id":"https:\/\/elregionalvm.com.ar\/noticias-villa-maria\/una-ley-para-cuidar-desde-el-comienzo-que-establece-la-normativa-sobre-salud-en-el-embarazo-y-la-primera-infancia\/#breadcrumb","itemListElement":[{"@type":"ListItem","position":1,"name":"Portada","item":"https:\/\/elregionalvm.com.ar\/noticias-villa-maria\/"},{"@type":"ListItem","position":2,"name":"Una ley para cuidar desde el comienzo: Qu\u00e9 establece la normativa sobre salud en el embarazo y la primera infancia"}]},{"@type":"WebSite","@id":"http:\/\/elregionalvm.com.ar\/noticias-villa-maria\/#website","url":"http:\/\/elregionalvm.com.ar\/noticias-villa-maria\/","name":"El Regional","description":"Mucho m\u00e1s que informaci\u00f3n","potentialAction":[{"@type":"SearchAction","target":{"@type":"EntryPoint","urlTemplate":"http:\/\/elregionalvm.com.ar\/noticias-villa-maria\/?s={search_term_string}"},"query-input":{"@type":"PropertyValueSpecification","valueRequired":true,"valueName":"search_term_string"}}],"inLanguage":"es"},{"@type":"Person","@id":"http:\/\/elregionalvm.com.ar\/noticias-villa-maria\/#\/schema\/person\/a0fb9c422317faca23d50163151bc354","name":"Contenidos El Regional","image":{"@type":"ImageObject","inLanguage":"es","@id":"http:\/\/elregionalvm.com.ar\/noticias-villa-maria\/#\/schema\/person\/image\/","url":"https:\/\/secure.gravatar.com\/avatar\/265b27cb2209af7bb3a1318f03305787d7981a5cc6e6cd08fe5a4ecdf99d4b48?s=96&d=mm&r=g","contentUrl":"https:\/\/secure.gravatar.com\/avatar\/265b27cb2209af7bb3a1318f03305787d7981a5cc6e6cd08fe5a4ecdf99d4b48?s=96&d=mm&r=g","caption":"Contenidos El Regional"},"url":"https:\/\/elregionalvm.com.ar\/noticias-villa-maria\/author\/contenido\/"}]}},"jetpack_featured_media_url":"https:\/\/i0.wp.com\/elregionalvm.com.ar\/noticias-villa-maria\/wp-content\/uploads\/2025\/05\/embarazada-e1747008429163.jpg?fit=1200%2C766&ssl=1","jetpack_sharing_enabled":true,"_links":{"self":[{"href":"https:\/\/elregionalvm.com.ar\/noticias-villa-maria\/wp-json\/wp\/v2\/posts\/106116","targetHints":{"allow":["GET"]}}],"collection":[{"href":"https:\/\/elregionalvm.com.ar\/noticias-villa-maria\/wp-json\/wp\/v2\/posts"}],"about":[{"href":"https:\/\/elregionalvm.com.ar\/noticias-villa-maria\/wp-json\/wp\/v2\/types\/post"}],"author":[{"embeddable":true,"href":"https:\/\/elregionalvm.com.ar\/noticias-villa-maria\/wp-json\/wp\/v2\/users\/4"}],"replies":[{"embeddable":true,"href":"https:\/\/elregionalvm.com.ar\/noticias-villa-maria\/wp-json\/wp\/v2\/comments?post=106116"}],"version-history":[{"count":2,"href":"https:\/\/elregionalvm.com.ar\/noticias-villa-maria\/wp-json\/wp\/v2\/posts\/106116\/revisions"}],"predecessor-version":[{"id":106120,"href":"https:\/\/elregionalvm.com.ar\/noticias-villa-maria\/wp-json\/wp\/v2\/posts\/106116\/revisions\/106120"}],"wp:featuredmedia":[{"embeddable":true,"href":"https:\/\/elregionalvm.com.ar\/noticias-villa-maria\/wp-json\/wp\/v2\/media\/106118"}],"wp:attachment":[{"href":"https:\/\/elregionalvm.com.ar\/noticias-villa-maria\/wp-json\/wp\/v2\/media?parent=106116"}],"wp:term":[{"taxonomy":"category","embeddable":true,"href":"https:\/\/elregionalvm.com.ar\/noticias-villa-maria\/wp-json\/wp\/v2\/categories?post=106116"},{"taxonomy":"post_tag","embeddable":true,"href":"https:\/\/elregionalvm.com.ar\/noticias-villa-maria\/wp-json\/wp\/v2\/tags?post=106116"}],"curies":[{"name":"wp","href":"https:\/\/api.w.org\/{rel}","templated":true}]}}