{"id":106259,"date":"2025-05-16T00:29:26","date_gmt":"2025-05-16T00:29:26","guid":{"rendered":"https:\/\/elregionalvm.com.ar\/noticias-villa-maria\/?p=106259"},"modified":"2025-05-16T00:29:29","modified_gmt":"2025-05-16T00:29:29","slug":"robo-millonario-a-una-empresa-agropecuaria-en-villa-maria-son-cinco-las-personas-que-estan-detenidas-y-una-moto-secuestrada","status":"publish","type":"post","link":"https:\/\/elregionalvm.com.ar\/noticias-villa-maria\/robo-millonario-a-una-empresa-agropecuaria-en-villa-maria-son-cinco-las-personas-que-estan-detenidas-y-una-moto-secuestrada\/","title":{"rendered":"Robo millonario a una empresa agropecuaria en Villa Mar\u00eda: son cinco las personas que est\u00e1n detenidas y una moto secuestrada"},"content":{"rendered":"\n<p>En horas de la tarde de la fecha, Personal de la Divisi\u00f3n Investigaciones de esta Unidad Regional Departamental procede hacer efectiva la Orden de Detenci\u00f3n dispuesta por la Fiscal\u00eda de Instrucci\u00f3n de Tercer Turno, a cargo del Dr. Rene BOSIO, sec. Dr. Pedro DIANA, de los Sres. Daniel Alberto Molina (28) como coautor del delito de Robo calificado, como as\u00ed tambi\u00e9n al secuestro de (01) motocicleta de 150 cc., (comprada con el dinero sustra\u00eddo). <\/p>\n\n\n\n<figure class=\"wp-block-image size-large\"><img data-recalc-dims=\"1\" fetchpriority=\"high\" decoding=\"async\" width=\"768\" height=\"1024\" src=\"https:\/\/i0.wp.com\/elregionalvm.com.ar\/noticias-villa-maria\/wp-content\/uploads\/2025\/05\/WhatsApp-Image-2025-05-15-at-6.01.23-PM.jpeg?resize=768%2C1024&#038;ssl=1\" alt=\"\" class=\"wp-image-106261\" srcset=\"https:\/\/i0.wp.com\/elregionalvm.com.ar\/noticias-villa-maria\/wp-content\/uploads\/2025\/05\/WhatsApp-Image-2025-05-15-at-6.01.23-PM.jpeg?resize=768%2C1024&amp;ssl=1 768w, https:\/\/i0.wp.com\/elregionalvm.com.ar\/noticias-villa-maria\/wp-content\/uploads\/2025\/05\/WhatsApp-Image-2025-05-15-at-6.01.23-PM.jpeg?resize=225%2C300&amp;ssl=1 225w, https:\/\/i0.wp.com\/elregionalvm.com.ar\/noticias-villa-maria\/wp-content\/uploads\/2025\/05\/WhatsApp-Image-2025-05-15-at-6.01.23-PM.jpeg?w=780&amp;ssl=1 780w\" sizes=\"(max-width: 768px) 100vw, 768px\" \/><\/figure>\n\n\n\n<p>Todo en relaci\u00f3n al hecho en el que resulta damnificado un productor agropecuario de la ciudad, a quien le sustraen dinero en efectivo desde sus oficinas comerciales ubicadas en calle Tupungato y Porfirio Sepey de esta ciudad; hecho por el cual ya se encuentra detenido *Alexis Marinelli (24) , Dylan Sequeira (19), Paula Geise (49) y Cintia Marinelli (18).<\/p>\n\n\n\n<p>Cabe mencionar que la investigaci\u00f3n continua bajo es estricto cumplimiento de las directivas impartidas por el Magistrado interviniente.<\/p>\n","protected":false},"excerpt":{"rendered":"<p>En horas de la tarde de la fecha, Personal de la Divisi\u00f3n Investigaciones de esta Unidad Regional Departamental procede hacer efectiva la Orden de Detenci\u00f3n dispuesta por la Fiscal\u00eda de Instrucci\u00f3n de Tercer Turno, a cargo del Dr. Rene BOSIO, sec. Dr. Pedro DIANA, de los Sres. Daniel Alberto Molina (28) como coautor del delito [&hellip;]<\/p>\n","protected":false},"author":4,"featured_media":106260,"comment_status":"open","ping_status":"open","sticky":false,"template":"","format":"standard","meta":{"site-sidebar-layout":"default","site-content-layout":"","ast-site-content-layout":"default","site-content-style":"default","site-sidebar-style":"default","ast-global-header-display":"","ast-banner-title-visibility":"","ast-main-header-display":"","ast-hfb-above-header-display":"","ast-hfb-below-header-display":"","ast-hfb-mobile-header-display":"","site-post-title":"","ast-breadcrumbs-content":"","ast-featured-img":"","footer-sml-layout":"","ast-disable-related-posts":"","theme-transparent-header-meta":"","adv-header-id-meta":"","stick-header-meta":"","header-above-stick-meta":"","header-main-stick-meta":"","header-below-stick-meta":"","astra-migrate-meta-layouts":"set","ast-page-background-enabled":"default","ast-page-background-meta":{"desktop":{"background-color":"","background-image":"","background-repeat":"repeat","background-position":"center center","background-size":"auto","background-attachment":"scroll","background-type":"","background-media":"","overlay-type":"","overlay-color":"","overlay-opacity":"","overlay-gradient":""},"tablet":{"background-color":"","background-image":"","background-repeat":"repeat","background-position":"center center","background-size":"auto","background-attachment":"scroll","background-type":"","background-media":"","overlay-type":"","overlay-color":"","overlay-opacity":"","overlay-gradient":""},"mobile":{"background-color":"","background-image":"","background-repeat":"repeat","background-position":"center center","background-size":"auto","background-attachment":"scroll","background-type":"","background-media":"","overlay-type":"","overlay-color":"","overlay-opacity":"","overlay-gradient":""}},"ast-content-background-meta":{"desktop":{"background-color":"var(--ast-global-color-5)","background-image":"","background-repeat":"repeat","background-position":"center center","background-size":"auto","background-attachment":"scroll","background-type":"","background-media":"","overlay-type":"","overlay-color":"","overlay-opacity":"","overlay-gradient":""},"tablet":{"background-color":"var(--ast-global-color-5)","background-image":"","background-repeat":"repeat","background-position":"center center","background-size":"auto","background-attachment":"scroll","background-type":"","background-media":"","overlay-type":"","overlay-color":"","overlay-opacity":"","overlay-gradient":""},"mobile":{"background-color":"var(--ast-global-color-5)","background-image":"","background-repeat":"repeat","background-position":"center center","background-size":"auto","background-attachment":"scroll","background-type":"","background-media":"","overlay-type":"","overlay-color":"","overlay-opacity":"","overlay-gradient":""}},"_jetpack_memberships_contains_paid_content":false,"_joinchat":[],"footnotes":""},"categories":[15302,2234,5,2],"tags":[],"class_list":["post-106259","post","type-post","status-publish","format-standard","has-post-thumbnail","hentry","category-destacado","category-policiales","category-sociedad","category-villa-maria"],"yoast_head":"<!-- This site is optimized with the Yoast SEO plugin v26.8 - https:\/\/yoast.com\/product\/yoast-seo-wordpress\/ -->\n<title>Robo millonario a una empresa agropecuaria en Villa Mar\u00eda: son cinco las personas que est\u00e1n detenidas y una moto secuestrada - El Regional<\/title>\n<meta name=\"robots\" content=\"index, follow, max-snippet:-1, max-image-preview:large, max-video-preview:-1\" \/>\n<link rel=\"canonical\" href=\"https:\/\/elregionalvm.com.ar\/noticias-villa-maria\/robo-millonario-a-una-empresa-agropecuaria-en-villa-maria-son-cinco-las-personas-que-estan-detenidas-y-una-moto-secuestrada\/\" \/>\n<meta property=\"og:locale\" content=\"es_ES\" \/>\n<meta property=\"og:type\" content=\"article\" \/>\n<meta property=\"og:title\" content=\"Robo millonario a una empresa agropecuaria en Villa Mar\u00eda: son cinco las personas que est\u00e1n detenidas y una moto secuestrada - El Regional\" \/>\n<meta property=\"og:description\" content=\"En horas de la tarde de la fecha, Personal de la Divisi\u00f3n Investigaciones de esta Unidad Regional Departamental procede hacer efectiva la Orden de Detenci\u00f3n dispuesta por la Fiscal\u00eda de Instrucci\u00f3n de Tercer Turno, a cargo del Dr. Rene BOSIO, sec. Dr. Pedro DIANA, de los Sres. Daniel Alberto Molina (28) como coautor del delito [&hellip;]\" \/>\n<meta property=\"og:url\" content=\"https:\/\/elregionalvm.com.ar\/noticias-villa-maria\/robo-millonario-a-una-empresa-agropecuaria-en-villa-maria-son-cinco-las-personas-que-estan-detenidas-y-una-moto-secuestrada\/\" \/>\n<meta property=\"og:site_name\" content=\"El Regional\" \/>\n<meta property=\"article:publisher\" content=\"https:\/\/www.facebook.com\/elregionalvm\" \/>\n<meta property=\"article:published_time\" content=\"2025-05-16T00:29:26+00:00\" \/>\n<meta property=\"article:modified_time\" content=\"2025-05-16T00:29:29+00:00\" \/>\n<meta property=\"og:image\" content=\"https:\/\/elregionalvm.com.ar\/noticias-villa-maria\/wp-content\/uploads\/2025\/05\/WhatsApp-Image-2025-05-15-at-6.01.22-PM.jpeg\" \/>\n\t<meta property=\"og:image:width\" content=\"720\" \/>\n\t<meta property=\"og:image:height\" content=\"1280\" \/>\n\t<meta property=\"og:image:type\" content=\"image\/jpeg\" \/>\n<meta name=\"author\" content=\"Contenidos El Regional\" \/>\n<meta name=\"twitter:card\" content=\"summary_large_image\" \/>\n<meta name=\"twitter:creator\" content=\"@elregionalvm1\" \/>\n<meta name=\"twitter:site\" content=\"@elregionalvm1\" \/>\n<meta name=\"twitter:label1\" content=\"Escrito por\" \/>\n\t<meta name=\"twitter:data1\" content=\"Contenidos El Regional\" \/>\n\t<meta name=\"twitter:label2\" content=\"Tiempo de lectura\" \/>\n\t<meta name=\"twitter:data2\" content=\"2 minutos\" \/>\n<script type=\"application\/ld+json\" class=\"yoast-schema-graph\">{\"@context\":\"https:\/\/schema.org\",\"@graph\":[{\"@type\":\"Article\",\"@id\":\"https:\/\/elregionalvm.com.ar\/noticias-villa-maria\/robo-millonario-a-una-empresa-agropecuaria-en-villa-maria-son-cinco-las-personas-que-estan-detenidas-y-una-moto-secuestrada\/#article\",\"isPartOf\":{\"@id\":\"https:\/\/elregionalvm.com.ar\/noticias-villa-maria\/robo-millonario-a-una-empresa-agropecuaria-en-villa-maria-son-cinco-las-personas-que-estan-detenidas-y-una-moto-secuestrada\/\"},\"author\":{\"name\":\"Contenidos El Regional\",\"@id\":\"http:\/\/elregionalvm.com.ar\/noticias-villa-maria\/#\/schema\/person\/a0fb9c422317faca23d50163151bc354\"},\"headline\":\"Robo millonario a una empresa agropecuaria en Villa Mar\u00eda: son cinco las personas que est\u00e1n detenidas y una moto secuestrada\",\"datePublished\":\"2025-05-16T00:29:26+00:00\",\"dateModified\":\"2025-05-16T00:29:29+00:00\",\"mainEntityOfPage\":{\"@id\":\"https:\/\/elregionalvm.com.ar\/noticias-villa-maria\/robo-millonario-a-una-empresa-agropecuaria-en-villa-maria-son-cinco-las-personas-que-estan-detenidas-y-una-moto-secuestrada\/\"},\"wordCount\":173,\"commentCount\":0,\"image\":{\"@id\":\"https:\/\/elregionalvm.com.ar\/noticias-villa-maria\/robo-millonario-a-una-empresa-agropecuaria-en-villa-maria-son-cinco-las-personas-que-estan-detenidas-y-una-moto-secuestrada\/#primaryimage\"},\"thumbnailUrl\":\"https:\/\/i0.wp.com\/elregionalvm.com.ar\/noticias-villa-maria\/wp-content\/uploads\/2025\/05\/WhatsApp-Image-2025-05-15-at-6.01.22-PM.jpeg?fit=720%2C1280&ssl=1\",\"articleSection\":[\"destacado\",\"Policiales\",\"Sociedad\",\"Villa Mar\u00eda\"],\"inLanguage\":\"es\",\"potentialAction\":[{\"@type\":\"CommentAction\",\"name\":\"Comment\",\"target\":[\"https:\/\/elregionalvm.com.ar\/noticias-villa-maria\/robo-millonario-a-una-empresa-agropecuaria-en-villa-maria-son-cinco-las-personas-que-estan-detenidas-y-una-moto-secuestrada\/#respond\"]}]},{\"@type\":\"WebPage\",\"@id\":\"https:\/\/elregionalvm.com.ar\/noticias-villa-maria\/robo-millonario-a-una-empresa-agropecuaria-en-villa-maria-son-cinco-las-personas-que-estan-detenidas-y-una-moto-secuestrada\/\",\"url\":\"https:\/\/elregionalvm.com.ar\/noticias-villa-maria\/robo-millonario-a-una-empresa-agropecuaria-en-villa-maria-son-cinco-las-personas-que-estan-detenidas-y-una-moto-secuestrada\/\",\"name\":\"Robo millonario a una empresa agropecuaria en Villa Mar\u00eda: son cinco las personas que est\u00e1n detenidas y una moto secuestrada - El Regional\",\"isPartOf\":{\"@id\":\"http:\/\/elregionalvm.com.ar\/noticias-villa-maria\/#website\"},\"primaryImageOfPage\":{\"@id\":\"https:\/\/elregionalvm.com.ar\/noticias-villa-maria\/robo-millonario-a-una-empresa-agropecuaria-en-villa-maria-son-cinco-las-personas-que-estan-detenidas-y-una-moto-secuestrada\/#primaryimage\"},\"image\":{\"@id\":\"https:\/\/elregionalvm.com.ar\/noticias-villa-maria\/robo-millonario-a-una-empresa-agropecuaria-en-villa-maria-son-cinco-las-personas-que-estan-detenidas-y-una-moto-secuestrada\/#primaryimage\"},\"thumbnailUrl\":\"https:\/\/i0.wp.com\/elregionalvm.com.ar\/noticias-villa-maria\/wp-content\/uploads\/2025\/05\/WhatsApp-Image-2025-05-15-at-6.01.22-PM.jpeg?fit=720%2C1280&ssl=1\",\"datePublished\":\"2025-05-16T00:29:26+00:00\",\"dateModified\":\"2025-05-16T00:29:29+00:00\",\"author\":{\"@id\":\"http:\/\/elregionalvm.com.ar\/noticias-villa-maria\/#\/schema\/person\/a0fb9c422317faca23d50163151bc354\"},\"breadcrumb\":{\"@id\":\"https:\/\/elregionalvm.com.ar\/noticias-villa-maria\/robo-millonario-a-una-empresa-agropecuaria-en-villa-maria-son-cinco-las-personas-que-estan-detenidas-y-una-moto-secuestrada\/#breadcrumb\"},\"inLanguage\":\"es\",\"potentialAction\":[{\"@type\":\"ReadAction\",\"target\":[\"https:\/\/elregionalvm.com.ar\/noticias-villa-maria\/robo-millonario-a-una-empresa-agropecuaria-en-villa-maria-son-cinco-las-personas-que-estan-detenidas-y-una-moto-secuestrada\/\"]}]},{\"@type\":\"ImageObject\",\"inLanguage\":\"es\",\"@id\":\"https:\/\/elregionalvm.com.ar\/noticias-villa-maria\/robo-millonario-a-una-empresa-agropecuaria-en-villa-maria-son-cinco-las-personas-que-estan-detenidas-y-una-moto-secuestrada\/#primaryimage\",\"url\":\"https:\/\/i0.wp.com\/elregionalvm.com.ar\/noticias-villa-maria\/wp-content\/uploads\/2025\/05\/WhatsApp-Image-2025-05-15-at-6.01.22-PM.jpeg?fit=720%2C1280&ssl=1\",\"contentUrl\":\"https:\/\/i0.wp.com\/elregionalvm.com.ar\/noticias-villa-maria\/wp-content\/uploads\/2025\/05\/WhatsApp-Image-2025-05-15-at-6.01.22-PM.jpeg?fit=720%2C1280&ssl=1\",\"width\":720,\"height\":1280},{\"@type\":\"BreadcrumbList\",\"@id\":\"https:\/\/elregionalvm.com.ar\/noticias-villa-maria\/robo-millonario-a-una-empresa-agropecuaria-en-villa-maria-son-cinco-las-personas-que-estan-detenidas-y-una-moto-secuestrada\/#breadcrumb\",\"itemListElement\":[{\"@type\":\"ListItem\",\"position\":1,\"name\":\"Portada\",\"item\":\"https:\/\/elregionalvm.com.ar\/noticias-villa-maria\/\"},{\"@type\":\"ListItem\",\"position\":2,\"name\":\"Robo millonario a una empresa agropecuaria en Villa Mar\u00eda: son cinco las personas que est\u00e1n detenidas y una moto secuestrada\"}]},{\"@type\":\"WebSite\",\"@id\":\"http:\/\/elregionalvm.com.ar\/noticias-villa-maria\/#website\",\"url\":\"http:\/\/elregionalvm.com.ar\/noticias-villa-maria\/\",\"name\":\"El Regional\",\"description\":\"Mucho m\u00e1s que informaci\u00f3n\",\"potentialAction\":[{\"@type\":\"SearchAction\",\"target\":{\"@type\":\"EntryPoint\",\"urlTemplate\":\"http:\/\/elregionalvm.com.ar\/noticias-villa-maria\/?s={search_term_string}\"},\"query-input\":{\"@type\":\"PropertyValueSpecification\",\"valueRequired\":true,\"valueName\":\"search_term_string\"}}],\"inLanguage\":\"es\"},{\"@type\":\"Person\",\"@id\":\"http:\/\/elregionalvm.com.ar\/noticias-villa-maria\/#\/schema\/person\/a0fb9c422317faca23d50163151bc354\",\"name\":\"Contenidos El Regional\",\"image\":{\"@type\":\"ImageObject\",\"inLanguage\":\"es\",\"@id\":\"http:\/\/elregionalvm.com.ar\/noticias-villa-maria\/#\/schema\/person\/image\/\",\"url\":\"https:\/\/secure.gravatar.com\/avatar\/265b27cb2209af7bb3a1318f03305787d7981a5cc6e6cd08fe5a4ecdf99d4b48?s=96&d=mm&r=g\",\"contentUrl\":\"https:\/\/secure.gravatar.com\/avatar\/265b27cb2209af7bb3a1318f03305787d7981a5cc6e6cd08fe5a4ecdf99d4b48?s=96&d=mm&r=g\",\"caption\":\"Contenidos El Regional\"},\"url\":\"https:\/\/elregionalvm.com.ar\/noticias-villa-maria\/author\/contenido\/\"}]}<\/script>\n<!-- \/ Yoast SEO plugin. -->","yoast_head_json":{"title":"Robo millonario a una empresa agropecuaria en Villa Mar\u00eda: son cinco las personas que est\u00e1n detenidas y una moto secuestrada - El Regional","robots":{"index":"index","follow":"follow","max-snippet":"max-snippet:-1","max-image-preview":"max-image-preview:large","max-video-preview":"max-video-preview:-1"},"canonical":"https:\/\/elregionalvm.com.ar\/noticias-villa-maria\/robo-millonario-a-una-empresa-agropecuaria-en-villa-maria-son-cinco-las-personas-que-estan-detenidas-y-una-moto-secuestrada\/","og_locale":"es_ES","og_type":"article","og_title":"Robo millonario a una empresa agropecuaria en Villa Mar\u00eda: son cinco las personas que est\u00e1n detenidas y una moto secuestrada - El Regional","og_description":"En horas de la tarde de la fecha, Personal de la Divisi\u00f3n Investigaciones de esta Unidad Regional Departamental procede hacer efectiva la Orden de Detenci\u00f3n dispuesta por la Fiscal\u00eda de Instrucci\u00f3n de Tercer Turno, a cargo del Dr. Rene BOSIO, sec. Dr. Pedro DIANA, de los Sres. Daniel Alberto Molina (28) como coautor del delito [&hellip;]","og_url":"https:\/\/elregionalvm.com.ar\/noticias-villa-maria\/robo-millonario-a-una-empresa-agropecuaria-en-villa-maria-son-cinco-las-personas-que-estan-detenidas-y-una-moto-secuestrada\/","og_site_name":"El Regional","article_publisher":"https:\/\/www.facebook.com\/elregionalvm","article_published_time":"2025-05-16T00:29:26+00:00","article_modified_time":"2025-05-16T00:29:29+00:00","og_image":[{"width":720,"height":1280,"url":"https:\/\/elregionalvm.com.ar\/noticias-villa-maria\/wp-content\/uploads\/2025\/05\/WhatsApp-Image-2025-05-15-at-6.01.22-PM.jpeg","type":"image\/jpeg"}],"author":"Contenidos El Regional","twitter_card":"summary_large_image","twitter_creator":"@elregionalvm1","twitter_site":"@elregionalvm1","twitter_misc":{"Escrito por":"Contenidos El Regional","Tiempo de lectura":"2 minutos"},"schema":{"@context":"https:\/\/schema.org","@graph":[{"@type":"Article","@id":"https:\/\/elregionalvm.com.ar\/noticias-villa-maria\/robo-millonario-a-una-empresa-agropecuaria-en-villa-maria-son-cinco-las-personas-que-estan-detenidas-y-una-moto-secuestrada\/#article","isPartOf":{"@id":"https:\/\/elregionalvm.com.ar\/noticias-villa-maria\/robo-millonario-a-una-empresa-agropecuaria-en-villa-maria-son-cinco-las-personas-que-estan-detenidas-y-una-moto-secuestrada\/"},"author":{"name":"Contenidos El Regional","@id":"http:\/\/elregionalvm.com.ar\/noticias-villa-maria\/#\/schema\/person\/a0fb9c422317faca23d50163151bc354"},"headline":"Robo millonario a una empresa agropecuaria en Villa Mar\u00eda: son cinco las personas que est\u00e1n detenidas y una moto secuestrada","datePublished":"2025-05-16T00:29:26+00:00","dateModified":"2025-05-16T00:29:29+00:00","mainEntityOfPage":{"@id":"https:\/\/elregionalvm.com.ar\/noticias-villa-maria\/robo-millonario-a-una-empresa-agropecuaria-en-villa-maria-son-cinco-las-personas-que-estan-detenidas-y-una-moto-secuestrada\/"},"wordCount":173,"commentCount":0,"image":{"@id":"https:\/\/elregionalvm.com.ar\/noticias-villa-maria\/robo-millonario-a-una-empresa-agropecuaria-en-villa-maria-son-cinco-las-personas-que-estan-detenidas-y-una-moto-secuestrada\/#primaryimage"},"thumbnailUrl":"https:\/\/i0.wp.com\/elregionalvm.com.ar\/noticias-villa-maria\/wp-content\/uploads\/2025\/05\/WhatsApp-Image-2025-05-15-at-6.01.22-PM.jpeg?fit=720%2C1280&ssl=1","articleSection":["destacado","Policiales","Sociedad","Villa Mar\u00eda"],"inLanguage":"es","potentialAction":[{"@type":"CommentAction","name":"Comment","target":["https:\/\/elregionalvm.com.ar\/noticias-villa-maria\/robo-millonario-a-una-empresa-agropecuaria-en-villa-maria-son-cinco-las-personas-que-estan-detenidas-y-una-moto-secuestrada\/#respond"]}]},{"@type":"WebPage","@id":"https:\/\/elregionalvm.com.ar\/noticias-villa-maria\/robo-millonario-a-una-empresa-agropecuaria-en-villa-maria-son-cinco-las-personas-que-estan-detenidas-y-una-moto-secuestrada\/","url":"https:\/\/elregionalvm.com.ar\/noticias-villa-maria\/robo-millonario-a-una-empresa-agropecuaria-en-villa-maria-son-cinco-las-personas-que-estan-detenidas-y-una-moto-secuestrada\/","name":"Robo millonario a una empresa agropecuaria en Villa Mar\u00eda: son cinco las personas que est\u00e1n detenidas y una moto secuestrada - El Regional","isPartOf":{"@id":"http:\/\/elregionalvm.com.ar\/noticias-villa-maria\/#website"},"primaryImageOfPage":{"@id":"https:\/\/elregionalvm.com.ar\/noticias-villa-maria\/robo-millonario-a-una-empresa-agropecuaria-en-villa-maria-son-cinco-las-personas-que-estan-detenidas-y-una-moto-secuestrada\/#primaryimage"},"image":{"@id":"https:\/\/elregionalvm.com.ar\/noticias-villa-maria\/robo-millonario-a-una-empresa-agropecuaria-en-villa-maria-son-cinco-las-personas-que-estan-detenidas-y-una-moto-secuestrada\/#primaryimage"},"thumbnailUrl":"https:\/\/i0.wp.com\/elregionalvm.com.ar\/noticias-villa-maria\/wp-content\/uploads\/2025\/05\/WhatsApp-Image-2025-05-15-at-6.01.22-PM.jpeg?fit=720%2C1280&ssl=1","datePublished":"2025-05-16T00:29:26+00:00","dateModified":"2025-05-16T00:29:29+00:00","author":{"@id":"http:\/\/elregionalvm.com.ar\/noticias-villa-maria\/#\/schema\/person\/a0fb9c422317faca23d50163151bc354"},"breadcrumb":{"@id":"https:\/\/elregionalvm.com.ar\/noticias-villa-maria\/robo-millonario-a-una-empresa-agropecuaria-en-villa-maria-son-cinco-las-personas-que-estan-detenidas-y-una-moto-secuestrada\/#breadcrumb"},"inLanguage":"es","potentialAction":[{"@type":"ReadAction","target":["https:\/\/elregionalvm.com.ar\/noticias-villa-maria\/robo-millonario-a-una-empresa-agropecuaria-en-villa-maria-son-cinco-las-personas-que-estan-detenidas-y-una-moto-secuestrada\/"]}]},{"@type":"ImageObject","inLanguage":"es","@id":"https:\/\/elregionalvm.com.ar\/noticias-villa-maria\/robo-millonario-a-una-empresa-agropecuaria-en-villa-maria-son-cinco-las-personas-que-estan-detenidas-y-una-moto-secuestrada\/#primaryimage","url":"https:\/\/i0.wp.com\/elregionalvm.com.ar\/noticias-villa-maria\/wp-content\/uploads\/2025\/05\/WhatsApp-Image-2025-05-15-at-6.01.22-PM.jpeg?fit=720%2C1280&ssl=1","contentUrl":"https:\/\/i0.wp.com\/elregionalvm.com.ar\/noticias-villa-maria\/wp-content\/uploads\/2025\/05\/WhatsApp-Image-2025-05-15-at-6.01.22-PM.jpeg?fit=720%2C1280&ssl=1","width":720,"height":1280},{"@type":"BreadcrumbList","@id":"https:\/\/elregionalvm.com.ar\/noticias-villa-maria\/robo-millonario-a-una-empresa-agropecuaria-en-villa-maria-son-cinco-las-personas-que-estan-detenidas-y-una-moto-secuestrada\/#breadcrumb","itemListElement":[{"@type":"ListItem","position":1,"name":"Portada","item":"https:\/\/elregionalvm.com.ar\/noticias-villa-maria\/"},{"@type":"ListItem","position":2,"name":"Robo millonario a una empresa agropecuaria en Villa Mar\u00eda: son cinco las personas que est\u00e1n detenidas y una moto secuestrada"}]},{"@type":"WebSite","@id":"http:\/\/elregionalvm.com.ar\/noticias-villa-maria\/#website","url":"http:\/\/elregionalvm.com.ar\/noticias-villa-maria\/","name":"El Regional","description":"Mucho m\u00e1s que informaci\u00f3n","potentialAction":[{"@type":"SearchAction","target":{"@type":"EntryPoint","urlTemplate":"http:\/\/elregionalvm.com.ar\/noticias-villa-maria\/?s={search_term_string}"},"query-input":{"@type":"PropertyValueSpecification","valueRequired":true,"valueName":"search_term_string"}}],"inLanguage":"es"},{"@type":"Person","@id":"http:\/\/elregionalvm.com.ar\/noticias-villa-maria\/#\/schema\/person\/a0fb9c422317faca23d50163151bc354","name":"Contenidos El Regional","image":{"@type":"ImageObject","inLanguage":"es","@id":"http:\/\/elregionalvm.com.ar\/noticias-villa-maria\/#\/schema\/person\/image\/","url":"https:\/\/secure.gravatar.com\/avatar\/265b27cb2209af7bb3a1318f03305787d7981a5cc6e6cd08fe5a4ecdf99d4b48?s=96&d=mm&r=g","contentUrl":"https:\/\/secure.gravatar.com\/avatar\/265b27cb2209af7bb3a1318f03305787d7981a5cc6e6cd08fe5a4ecdf99d4b48?s=96&d=mm&r=g","caption":"Contenidos El Regional"},"url":"https:\/\/elregionalvm.com.ar\/noticias-villa-maria\/author\/contenido\/"}]}},"jetpack_featured_media_url":"https:\/\/i0.wp.com\/elregionalvm.com.ar\/noticias-villa-maria\/wp-content\/uploads\/2025\/05\/WhatsApp-Image-2025-05-15-at-6.01.22-PM.jpeg?fit=720%2C1280&ssl=1","jetpack_sharing_enabled":true,"_links":{"self":[{"href":"https:\/\/elregionalvm.com.ar\/noticias-villa-maria\/wp-json\/wp\/v2\/posts\/106259","targetHints":{"allow":["GET"]}}],"collection":[{"href":"https:\/\/elregionalvm.com.ar\/noticias-villa-maria\/wp-json\/wp\/v2\/posts"}],"about":[{"href":"https:\/\/elregionalvm.com.ar\/noticias-villa-maria\/wp-json\/wp\/v2\/types\/post"}],"author":[{"embeddable":true,"href":"https:\/\/elregionalvm.com.ar\/noticias-villa-maria\/wp-json\/wp\/v2\/users\/4"}],"replies":[{"embeddable":true,"href":"https:\/\/elregionalvm.com.ar\/noticias-villa-maria\/wp-json\/wp\/v2\/comments?post=106259"}],"version-history":[{"count":1,"href":"https:\/\/elregionalvm.com.ar\/noticias-villa-maria\/wp-json\/wp\/v2\/posts\/106259\/revisions"}],"predecessor-version":[{"id":106262,"href":"https:\/\/elregionalvm.com.ar\/noticias-villa-maria\/wp-json\/wp\/v2\/posts\/106259\/revisions\/106262"}],"wp:featuredmedia":[{"embeddable":true,"href":"https:\/\/elregionalvm.com.ar\/noticias-villa-maria\/wp-json\/wp\/v2\/media\/106260"}],"wp:attachment":[{"href":"https:\/\/elregionalvm.com.ar\/noticias-villa-maria\/wp-json\/wp\/v2\/media?parent=106259"}],"wp:term":[{"taxonomy":"category","embeddable":true,"href":"https:\/\/elregionalvm.com.ar\/noticias-villa-maria\/wp-json\/wp\/v2\/categories?post=106259"},{"taxonomy":"post_tag","embeddable":true,"href":"https:\/\/elregionalvm.com.ar\/noticias-villa-maria\/wp-json\/wp\/v2\/tags?post=106259"}],"curies":[{"name":"wp","href":"https:\/\/api.w.org\/{rel}","templated":true}]}}