{"id":106270,"date":"2025-05-18T21:37:29","date_gmt":"2025-05-18T21:37:29","guid":{"rendered":"https:\/\/elregionalvm.com.ar\/noticias-villa-maria\/?p=106270"},"modified":"2025-05-22T19:56:11","modified_gmt":"2025-05-22T19:56:11","slug":"miradas-inteligencia-artificial-calidad-educativa-y-trabajo-que-tienen-los-ministros-de-educacion-en-la-cabeza","status":"publish","type":"post","link":"https:\/\/elregionalvm.com.ar\/noticias-villa-maria\/miradas-inteligencia-artificial-calidad-educativa-y-trabajo-que-tienen-los-ministros-de-educacion-en-la-cabeza\/","title":{"rendered":"[Miradas] Inteligencia artificial, calidad educativa y trabajo: \u00bfQu\u00e9 tienen los ministros de Educaci\u00f3n en la cabeza?"},"content":{"rendered":"\n<p><strong>Analizando la miop\u00eda educativa deliberada<\/strong><\/p>\n\n\n\n<p><strong><em>\u201cLa educaci\u00f3n es el arma m\u00e1s poderosa que puedes usar para cambiar el mundo\u201d (Nelson Mandela)<\/em><\/strong><\/p>\n\n\n\n<p><strong>Escribe: Lisandro Prieto Femen\u00eda (Filosof\u00eda)<\/strong><\/p>\n\n\n\n<p>Hoy quiero invitarlos a reflexionar sobre un asunto extremadamente urgente y preocupante que, por supuesto no cuenta con el tratamiento debido en ning\u00fan medio de comunicaci\u00f3n, a saber, la intencional desatenci\u00f3n por la calidad de la educaci\u00f3n por parte de una gran mayor\u00eda de los Estados occidentales ante el advenimiento de la inteligencia artificial que irrumpe en el panorama social y econ\u00f3mico con una fuerza transformadora sin precedentes, redefiniendo los contornos del trabajo, la interacci\u00f3n y el conocimiento mismo.<\/p>\n\n\n\n<p>Sin embargo, ante esta revoluci\u00f3n tecnol\u00f3gica de calado estructural, se percibe una inquietante ceguera por parte de los Estados en lo que concierne a la planificaci\u00f3n de la educaci\u00f3n.<\/p>\n\n\n\n<p>Esta inacci\u00f3n no puede interpretarse como una simple negligencia, sino como omisi\u00f3n deliberada que merece un an\u00e1lisis filos\u00f3fico-pol\u00edtico profundo por sus implicaciones trascendentales.<\/p>\n\n\n\n<p>Veamos, en primer lugar, la r\u00e1pida obsolescencia del capital humano, que se erige como consecuencia directa de la desidia estatal.<\/p>\n\n\n\n<p>La IA, con su capacidad para automatizar tareas cognitivas complejas, est\u00e1 erosionando la validez de habilidades y conocimientos que tradicionalmente imparten los sistemas educativos.<\/p>\n\n\n\n<p><\/p>\n\n\n\n<figure class=\"wp-block-image size-large\"><img data-recalc-dims=\"1\" fetchpriority=\"high\" decoding=\"async\" width=\"1024\" height=\"573\" src=\"https:\/\/i0.wp.com\/elregionalvm.com.ar\/noticias-villa-maria\/wp-content\/uploads\/2023\/07\/Inteligencia-artificial-educacion-1024x573.jpg?resize=1024%2C573&#038;ssl=1\" alt=\"\" class=\"wp-image-80095\" srcset=\"https:\/\/i0.wp.com\/elregionalvm.com.ar\/noticias-villa-maria\/wp-content\/uploads\/2023\/07\/Inteligencia-artificial-educacion.jpg?resize=1024%2C573&amp;ssl=1 1024w, https:\/\/i0.wp.com\/elregionalvm.com.ar\/noticias-villa-maria\/wp-content\/uploads\/2023\/07\/Inteligencia-artificial-educacion.jpg?resize=300%2C168&amp;ssl=1 300w, https:\/\/i0.wp.com\/elregionalvm.com.ar\/noticias-villa-maria\/wp-content\/uploads\/2023\/07\/Inteligencia-artificial-educacion.jpg?resize=768%2C430&amp;ssl=1 768w, https:\/\/i0.wp.com\/elregionalvm.com.ar\/noticias-villa-maria\/wp-content\/uploads\/2023\/07\/Inteligencia-artificial-educacion.jpg?w=1200&amp;ssl=1 1200w\" sizes=\"(max-width: 1000px) 100vw, 1000px\" \/><\/figure>\n\n\n\n<p><\/p>\n\n\n\n<p>Esa capacidad, no es una mera promesa futurista, sino que ya mismo, mientras usted me lee, est\u00e1 transformando radicalmente el mercado laboral cuya manifestaci\u00f3n se manifiesta en diversos sectores concretos.<\/p>\n\n\n\n<p>Uno de ellos, es el que tiene lugar en \u00e1reas como la entrada de datos, la transcripci\u00f3n y el procesamiento de informaci\u00f3n, cada vez m\u00e1s automatizadas por sistemas de IA.<\/p>\n\n\n\n<p>Por ejemplo, los sistemas de entrada de datos automatizados pueden realizar tareas repetitivas con mayor rapidez y precisi\u00f3n que los seres humanos. Tambi\u00e9n, la tecnolog\u00eda de reconocimiento de voz est\u00e1 reemplazando a los transcriptores en muchos campos al punto tal que se estima que aproximadamente entre un 50% al 70% de las tareas podr\u00edan ser automatizadas con las tecnolog\u00edas actuales.<\/p>\n\n\n\n<p>Otro ejemplo puntual lo podemos ver en el an\u00e1lisis e interpretaci\u00f3n de datos b\u00e1sicos, en tanto que, si bien el an\u00e1lisis de datos complejos y la formulaci\u00f3n de estrategias siguen requiriendo la experiencia humana, la IA est\u00e1 demostrando una notable capacidad para analizar grandes conjuntos de datos e identificar tendencias b\u00e1sicas, una tarea que tradicionalmente requer\u00edan analistas junior.<\/p>\n\n\n\n<p>Ni hablar de los \u201cchatbots\u201d y los asistentes virtuales, los cuales son cada vez m\u00e1s sofisticados en su capacidad para responder preguntas frecuentes, proporcionar informaci\u00f3n b\u00e1sica y resolver problemas sencillos de atenci\u00f3n al cliente: m\u00e1s all\u00e1 de lo frustrante que es para una persona intentar resolver un problema y que te conteste una m\u00e1quina est\u00fapida, est\u00e1 claro que este fen\u00f3meno est\u00e1 impactando en la demanda de roles de nivel de entrada en centros de llamadas y servicios de soporte t\u00e9cnico.<\/p>\n\n\n\n<p>Junto con un futuro no muy promisorio para los traductores humanos, la IA tambi\u00e9n se est\u00e1 cargando las tareas administrativas y de oficina llevadas a cabo por gente con pulso: se est\u00e1 integrando en software de gesti\u00f3n empresarial para automatizar tareas como la programaci\u00f3n de citas, la gesti\u00f3n de correos electr\u00f3nicos, la lectura de m\u00e9tricas y la organizaci\u00f3n de documentos.<\/p>\n\n\n\n<p>Para comprender la magnitud de este asunto, Forbes public\u00f3 un estudio que sugiere que los ejecutivos estiman que dentro de los pr\u00f3ximos cinco a\u00f1os sus organizaciones eliminar\u00e1n m\u00e1s de la mitad (56%) de los puestos de trabajadores del conocimiento de nivel de entrada, debido a la IA. Adem\u00e1s, el 79% predice que estos trabajos dejar\u00e1n de existir a medida que la IA cree nuevos roles para quienes logren ingresar a la fuerza laboral.<\/p>\n\n\n\n<p>Los precitados ejemplos ilustran c\u00f3mo la IA no s\u00f3lo est\u00e1 automatizando tareas manuales, sino que tambi\u00e9n est\u00e1 incursionando en dominios cognitivos que antes se consideraban \u201cexclusivamente humanos\u201d. La implicaci\u00f3n directa para los derruidos sistemas educativos es clara: la formaci\u00f3n tradicional, centrada en la adquisici\u00f3n de habilidades ahora automatizables, necesita una revisi\u00f3n profunda para preparar a las futuras generaciones para un mercado laboral radicalmente transformado.<\/p>\n\n\n\n<p>La intencional desatenci\u00f3n estatal en la adaptaci\u00f3n de los curr\u00edculos y las metodolog\u00edas pedag\u00f3gicas ante esta realidad s\u00f3lo est\u00e1 agravando la brecha entre las habilidades que se ense\u00f1an y las que realmente demanda el mundo laboral.<\/p>\n\n\n\n<p>Al respecto, recordemos que Zygmunt Bauman en su obra \u201cLa modernidad l\u00edquida\u201d (2000) se\u00f1al\u00f3 que \u201cla \u00fanica certeza es la incertidumbre; la \u00fanica seguridad, la inseguridad de tener que arregl\u00e1rselas sin seguridades\u201d (op. Cit. p. 11). En este contexto puntual de fluidez exacerbada por la IA, la falta de una inversi\u00f3n educativa proactiva y adaptable est\u00e1 condenando a amplios sectores de la poblaci\u00f3n a una irrelevancia laboral progresiva, generando una paradoja donde el avance tecnol\u00f3gico coexiste con una creciente vulnerabilidad socioecon\u00f3mica y cultural (y me animo a decir, tambi\u00e9n, moral).<\/p>\n\n\n\n<p><\/p>\n\n\n\n<figure class=\"wp-block-image size-full is-resized\"><img data-recalc-dims=\"1\" decoding=\"async\" width=\"800\" height=\"440\" src=\"https:\/\/i0.wp.com\/elregionalvm.com.ar\/noticias-villa-maria\/wp-content\/uploads\/2023\/07\/educacion-inteligencia-artificial-ninos.jpg?resize=800%2C440&#038;ssl=1\" alt=\"\" class=\"wp-image-80093\" style=\"width:910px;height:auto\" srcset=\"https:\/\/i0.wp.com\/elregionalvm.com.ar\/noticias-villa-maria\/wp-content\/uploads\/2023\/07\/educacion-inteligencia-artificial-ninos.jpg?w=800&amp;ssl=1 800w, https:\/\/i0.wp.com\/elregionalvm.com.ar\/noticias-villa-maria\/wp-content\/uploads\/2023\/07\/educacion-inteligencia-artificial-ninos.jpg?resize=300%2C165&amp;ssl=1 300w, https:\/\/i0.wp.com\/elregionalvm.com.ar\/noticias-villa-maria\/wp-content\/uploads\/2023\/07\/educacion-inteligencia-artificial-ninos.jpg?resize=768%2C422&amp;ssl=1 768w\" sizes=\"(max-width: 800px) 100vw, 800px\" \/><\/figure>\n\n\n\n<p><\/p>\n\n\n\n<p>En segundo t\u00e9rmino, la desatenci\u00f3n hacia una educaci\u00f3n que cultive el pensamiento cr\u00edtico y la autonom\u00eda intelectual representa un peligroso caldo de cultivo para la manipulaci\u00f3n y la dependencia. Herbert Marcuse tambi\u00e9n advirti\u00f3 en su obra \u201cEl hombre unidimensional\u201d (1964) sobre la capacidad de la \u201csociedad industrial avanzada\u201d para \u201cincorporar toda oposici\u00f3n\u201d y alterar \u201cla estructura misma de la raz\u00f3n y la libertad\u201d.<\/p>\n\n\n\n<p>En esta era de la IA, donde los algoritmos parecen moldear la informaci\u00f3n y las interacciones, una ciudadan\u00eda carente de las herramientas b\u00e1sicas para analizar, cuestionar y discernir se torna susceptible a formas sofisticadas de control y persuasi\u00f3n.<\/p>\n\n\n\n<p>La ausencia de un enfoque educativo que priorice el desarrollo de un juicio independiente y una comprensi\u00f3n profunda de los mecanismos de la IA allanar\u00eda el camino hacia una nueva forma de \u201ctotalizaci\u00f3n\u201d algor\u00edtmica, sutil, pero efectiva.<\/p>\n\n\n\n<p>Esta omisi\u00f3n intencional por parte de los ministerios de educaci\u00f3n de casi todo occidente en la adaptaci\u00f3n de los sistemas educativos ante la precitada revoluci\u00f3n tecnol\u00f3gica, no s\u00f3lo genera vulnerabilidad intelectual, sino que tambi\u00e9n profundiza las ya existentes desigualdades sociales y econ\u00f3micas.<\/p>\n\n\n\n<p>Este fen\u00f3meno de exacerbaci\u00f3n de las injusticias sociales preexistentes fue analizado por Pierre Bourdieu, quien se enfoc\u00f3 profundamente en la teor\u00eda de la reproducci\u00f3n social y el capital cultural.<\/p>\n\n\n\n<p>Para \u00e9l, el sistema educativo, lejos de ser un mero igualador de oportunidades, puede actuar como un mecanismo que reproduce las estructuras de poder y las jerarqu\u00edas sociales existentes al valorar impl\u00edcitamente el capital cultural de las clases dominantes.<\/p>\n\n\n\n<p>En su influyente art\u00edculo titulado \u201cLas formas del capital\u201d, Bourdieu define el capital cultural en tres estados: incorporado, objetivado e institucionalizado y, respecto a su papel en la reproducci\u00f3n, se\u00f1ala que \u201cel capital cultural, bajo todas sus formas, existe en estado incorporado, es decir, bajo la forma de disposiciones duraderas del organismo; en estado objetivado, bajo la forma de bienes culturales (libros, cuadros, diccionarios, instrumentos, m\u00e1quinas, etc.); y en estado institucionalizado, bajo la forma de t\u00edtulos escolares. Su transmisi\u00f3n asegura la reproducci\u00f3n de la estructura de la distribuci\u00f3n del capital\u201d (Bourdieu, 2003, p. 136).<\/p>\n\n\n\n<p>Esta transmisi\u00f3n desigual del capital cultural, facilitada por un sistema educativo que no quiere abordar las nuevas demandas impuestas por las exigencias tecnol\u00f3gicas, tiene implicaciones directas en la capacidad de los individuos para navegar y prosperar en la era de la IA.<\/p>\n\n\n\n<p><\/p>\n\n\n\n<figure class=\"wp-block-image size-full\"><img data-recalc-dims=\"1\" decoding=\"async\" width=\"930\" height=\"620\" src=\"https:\/\/i0.wp.com\/elregionalvm.com.ar\/noticias-villa-maria\/wp-content\/uploads\/2024\/11\/inteligencia-artificial-riesgos.webp?resize=930%2C620&#038;ssl=1\" alt=\"\" class=\"wp-image-100362\" srcset=\"https:\/\/i0.wp.com\/elregionalvm.com.ar\/noticias-villa-maria\/wp-content\/uploads\/2024\/11\/inteligencia-artificial-riesgos.webp?w=930&amp;ssl=1 930w, https:\/\/i0.wp.com\/elregionalvm.com.ar\/noticias-villa-maria\/wp-content\/uploads\/2024\/11\/inteligencia-artificial-riesgos.webp?resize=300%2C200&amp;ssl=1 300w, https:\/\/i0.wp.com\/elregionalvm.com.ar\/noticias-villa-maria\/wp-content\/uploads\/2024\/11\/inteligencia-artificial-riesgos.webp?resize=768%2C512&amp;ssl=1 768w\" sizes=\"(max-width: 930px) 100vw, 930px\" \/><\/figure>\n\n\n\n<p><\/p>\n\n\n\n<p>Aquellos que poseen un capital cultural (incluyendo conocimientos, habilidades y familiaridad con la tecnolog\u00eda) m\u00e1s alineado con las nuevas demandas del mercado laboral, estar\u00e1n en una posici\u00f3n ventajosa.<\/p>\n\n\n\n<p>Por otro lado, la desatenci\u00f3n estatal en proporcionar una educaci\u00f3n que democratice el acceso a este nuevo capital cultural tecnol\u00f3gico condena a las poblaciones (sobre todo a las menos favorecidas) a una desventaja estructural, perpetuando y profundizando las desigualdades sociales. Bourdieu lo explica con excelent\u00edsima claridad:<\/p>\n\n\n\n<p>\u201cEl capital social es el conjunto de los recursos reales o potenciales ligados a la posesi\u00f3n de una red duradera de relaciones m\u00e1s o menos institucionalizadas de conocimiento o reconocimiento mutuo- o, en otros t\u00e9rminos, a la pertenencia a un grupo- que proporciona a cada uno de sus miembros el apoyo del capital colectivamente pose\u00eddo, cr\u00e9dito del que gozan en virtud de su pertenencia al grupo\u201d (Bourdieu, 2003, p. 141).<\/p>\n\n\n\n<p>No es tan complicado, se\u00f1ores ministros: en el contexto actual, el acceso a redes de conocimientos relacionados con la tecnolog\u00eda se convierte en una forma crucial de capital social.<\/p>\n\n\n\n<p>La falta intencional de inversi\u00f3n en educaci\u00f3n tecnol\u00f3gica est\u00e1 limitando el acceso a estas redes y conocimientos para ciertos grupos, reforzando las barreras sociales y econ\u00f3micas preexistentes.<\/p>\n\n\n\n<p>De esta forma, seguir perdiendo el tiempo con programas irrisorios como los actuales, s\u00f3lo sirve para fallar (adrede) en la preparaci\u00f3n de una ciudadan\u00eda para su futuro, como tambi\u00e9n reproducir las injusticias ya existentes.<\/p>\n\n\n\n<p>En pocas palabras, la omisi\u00f3n en la adaptaci\u00f3n educativa ante un mundo que ya rige la IA corre el riesgo de consolidar una nueva forma de estratificaci\u00f3n social, a\u00fan m\u00e1s violenta, basada en el acceso y comprensi\u00f3n de tecnolog\u00edas emergentes que ya, no ayer, nos est\u00e1n dejando sin trabajo.<\/p>\n\n\n\n<p>La falta de acceso a una educaci\u00f3n de calidad que forme a nuestros hijos, no s\u00f3lo para las demandas de la IA, sino para no ser idiotas, ampl\u00eda la brecha entre quienes poseen el \u201ccapital cultural\u201d digital necesario y aquellos que quedan marginados.<\/p>\n\n\n\n<p>Tambi\u00e9n, es importante se\u00f1alar que esta desatenci\u00f3n estatal interpela directamente la responsabilidad \u00e9tica y pol\u00edtica de las instituciones. Al respecto, John Rawls en su influyente obra \u201cTeor\u00eda de la justicia\u201d (1979) afirm\u00f3 que \u201cla justicia es la primera virtud de las instituciones sociales, as\u00ed como la verdad lo es de los sistemas de pensamiento\u201d (op. Cit. p. 17), referenciando que un Estado que ignora a prop\u00f3sito las implicaciones transformadoras en el \u00e1mbito educativo y no implementa pol\u00edticas activas para mitigar los riesgos y aprovechar las oportunidades, est\u00e1 faltando a su deber primordial de garantizar una sociedad justa y equitativa para sus miembros.<\/p>\n\n\n\n<p><\/p>\n\n\n\n<figure class=\"wp-block-image size-full\"><img data-recalc-dims=\"1\" loading=\"lazy\" decoding=\"async\" width=\"880\" height=\"495\" src=\"https:\/\/i0.wp.com\/elregionalvm.com.ar\/noticias-villa-maria\/wp-content\/uploads\/2023\/07\/Inteligencia-artificial-educacion-aula-estudiantes.jpg?resize=880%2C495&#038;ssl=1\" alt=\"\" class=\"wp-image-80094\" srcset=\"https:\/\/i0.wp.com\/elregionalvm.com.ar\/noticias-villa-maria\/wp-content\/uploads\/2023\/07\/Inteligencia-artificial-educacion-aula-estudiantes.jpg?w=880&amp;ssl=1 880w, https:\/\/i0.wp.com\/elregionalvm.com.ar\/noticias-villa-maria\/wp-content\/uploads\/2023\/07\/Inteligencia-artificial-educacion-aula-estudiantes.jpg?resize=300%2C169&amp;ssl=1 300w, https:\/\/i0.wp.com\/elregionalvm.com.ar\/noticias-villa-maria\/wp-content\/uploads\/2023\/07\/Inteligencia-artificial-educacion-aula-estudiantes.jpg?resize=768%2C432&amp;ssl=1 768w\" sizes=\"(max-width: 880px) 100vw, 880px\" \/><\/figure>\n\n\n\n<p><\/p>\n\n\n\n<p>Pues bien, la promoci\u00f3n de la alfabetizaci\u00f3n de calidad, en primer lugar, y la alfabetizaci\u00f3n digital cr\u00edtica, en segundo lugar, como tambi\u00e9n el fomento de habilidades esenciales en la interacci\u00f3n humano-humano y humano-m\u00e1quina (siempre acompa\u00f1ado con una reflexi\u00f3n \u00e9tica profunda sobre el uso y desarrollo de la IA) no pueden ser relegadas a un segundo plano si se aspira a vivir en una sociedad justa, en plena era digital.<\/p>\n\n\n\n<p>Para concluir, queridos lectores, consideramos crucial se\u00f1alar que la inacci\u00f3n de los Estados ante los desaf\u00edos educativos previamente referenciados, no es una simple omisi\u00f3n, sino una decisi\u00f3n impl\u00edcita con profundas ramificaciones pol\u00edticas y filos\u00f3ficas.<\/p>\n\n\n\n<p>Al no priorizar una reestructuraci\u00f3n integral de los sistemas educativos, se est\u00e1 contribuyendo abiertamente a la erosi\u00f3n del capital humano, el debilitamiento del pensamiento cr\u00edtico, la intensificaci\u00f3n del desempleo y el incumplimiento de una responsabilidad \u00e9tica fundamental que parece no importarle a nadie.<\/p>\n\n\n\n<p>Esta \u201cmiop\u00eda\u201d deliberada no s\u00f3lo compromete el futuro de nuestros chicos, sino que tambi\u00e9n socava los cimientos de una sociedad digna, justa, informada y aut\u00f3noma en la era digital en la que estamos inmersos hace rato.<\/p>\n\n\n\n<p>S\u00ed, urge una transformaci\u00f3n radical donde la educaci\u00f3n vuelva a erigirse como la piedra angular para enfrentar los complejos desaf\u00edos y aprovechar nuestro talento para contrarrestar las vastas oportunidades que la IA le dar\u00e1 s\u00f3lo a un pu\u00f1ado de nosotros.<\/p>\n","protected":false},"excerpt":{"rendered":"<p>Analizando la miop\u00eda educativa deliberada \u201cLa educaci\u00f3n es el arma m\u00e1s poderosa que puedes usar para cambiar el mundo\u201d (Nelson Mandela) Escribe: Lisandro Prieto Femen\u00eda (Filosof\u00eda) Hoy quiero invitarlos a reflexionar sobre un asunto extremadamente urgente y preocupante que, por supuesto no cuenta con el tratamiento debido en ning\u00fan medio de comunicaci\u00f3n, a saber, la [&hellip;]<\/p>\n","protected":false},"author":4,"featured_media":106297,"comment_status":"open","ping_status":"open","sticky":false,"template":"","format":"standard","meta":{"site-sidebar-layout":"default","site-content-layout":"","ast-site-content-layout":"default","site-content-style":"default","site-sidebar-style":"default","ast-global-header-display":"","ast-banner-title-visibility":"","ast-main-header-display":"","ast-hfb-above-header-display":"","ast-hfb-below-header-display":"","ast-hfb-mobile-header-display":"","site-post-title":"","ast-breadcrumbs-content":"","ast-featured-img":"","footer-sml-layout":"","ast-disable-related-posts":"","theme-transparent-header-meta":"","adv-header-id-meta":"","stick-header-meta":"","header-above-stick-meta":"","header-main-stick-meta":"","header-below-stick-meta":"","astra-migrate-meta-layouts":"set","ast-page-background-enabled":"default","ast-page-background-meta":{"desktop":{"background-color":"","background-image":"","background-repeat":"repeat","background-position":"center center","background-size":"auto","background-attachment":"scroll","background-type":"","background-media":"","overlay-type":"","overlay-color":"","overlay-opacity":"","overlay-gradient":""},"tablet":{"background-color":"","background-image":"","background-repeat":"repeat","background-position":"center center","background-size":"auto","background-attachment":"scroll","background-type":"","background-media":"","overlay-type":"","overlay-color":"","overlay-opacity":"","overlay-gradient":""},"mobile":{"background-color":"","background-image":"","background-repeat":"repeat","background-position":"center center","background-size":"auto","background-attachment":"scroll","background-type":"","background-media":"","overlay-type":"","overlay-color":"","overlay-opacity":"","overlay-gradient":""}},"ast-content-background-meta":{"desktop":{"background-color":"var(--ast-global-color-5)","background-image":"","background-repeat":"repeat","background-position":"center center","background-size":"auto","background-attachment":"scroll","background-type":"","background-media":"","overlay-type":"","overlay-color":"","overlay-opacity":"","overlay-gradient":""},"tablet":{"background-color":"var(--ast-global-color-5)","background-image":"","background-repeat":"repeat","background-position":"center center","background-size":"auto","background-attachment":"scroll","background-type":"","background-media":"","overlay-type":"","overlay-color":"","overlay-opacity":"","overlay-gradient":""},"mobile":{"background-color":"var(--ast-global-color-5)","background-image":"","background-repeat":"repeat","background-position":"center center","background-size":"auto","background-attachment":"scroll","background-type":"","background-media":"","overlay-type":"","overlay-color":"","overlay-opacity":"","overlay-gradient":""}},"_jetpack_memberships_contains_paid_content":false,"_joinchat":[],"footnotes":""},"categories":[365,3557],"tags":[2157,7433,22639,17753,9459,519,1380,126],"class_list":["post-106270","post","type-post","status-publish","format-standard","has-post-thumbnail","hentry","category-opinion","category-tercera","tag-educacion","tag-filosofia","tag-ia","tag-inteligencia-artificial","tag-mercado-laboral","tag-politica","tag-politicos","tag-trabajo"],"yoast_head":"<!-- This site is optimized with the Yoast SEO plugin v26.8 - https:\/\/yoast.com\/product\/yoast-seo-wordpress\/ -->\n<title>[Miradas] Inteligencia artificial, calidad educativa y trabajo: \u00bfQu\u00e9 tienen los ministros de Educaci\u00f3n en la cabeza? - El Regional<\/title>\n<meta name=\"robots\" content=\"index, follow, max-snippet:-1, max-image-preview:large, max-video-preview:-1\" \/>\n<link rel=\"canonical\" href=\"https:\/\/elregionalvm.com.ar\/noticias-villa-maria\/miradas-inteligencia-artificial-calidad-educativa-y-trabajo-que-tienen-los-ministros-de-educacion-en-la-cabeza\/\" \/>\n<meta property=\"og:locale\" content=\"es_ES\" \/>\n<meta property=\"og:type\" content=\"article\" \/>\n<meta property=\"og:title\" content=\"[Miradas] Inteligencia artificial, calidad educativa y trabajo: \u00bfQu\u00e9 tienen los ministros de Educaci\u00f3n en la cabeza? - El Regional\" \/>\n<meta property=\"og:description\" content=\"Analizando la miop\u00eda educativa deliberada \u201cLa educaci\u00f3n es el arma m\u00e1s poderosa que puedes usar para cambiar el mundo\u201d (Nelson Mandela) Escribe: Lisandro Prieto Femen\u00eda (Filosof\u00eda) Hoy quiero invitarlos a reflexionar sobre un asunto extremadamente urgente y preocupante que, por supuesto no cuenta con el tratamiento debido en ning\u00fan medio de comunicaci\u00f3n, a saber, la [&hellip;]\" \/>\n<meta property=\"og:url\" content=\"https:\/\/elregionalvm.com.ar\/noticias-villa-maria\/miradas-inteligencia-artificial-calidad-educativa-y-trabajo-que-tienen-los-ministros-de-educacion-en-la-cabeza\/\" \/>\n<meta property=\"og:site_name\" content=\"El Regional\" \/>\n<meta property=\"article:publisher\" content=\"https:\/\/www.facebook.com\/elregionalvm\" \/>\n<meta property=\"article:published_time\" content=\"2025-05-18T21:37:29+00:00\" \/>\n<meta property=\"article:modified_time\" content=\"2025-05-22T19:56:11+00:00\" \/>\n<meta property=\"og:image\" content=\"https:\/\/elregionalvm.com.ar\/noticias-villa-maria\/wp-content\/uploads\/2025\/05\/Inteligencia-artificial-profesor.jpg\" \/>\n\t<meta property=\"og:image:width\" content=\"1200\" \/>\n\t<meta property=\"og:image:height\" content=\"757\" \/>\n\t<meta property=\"og:image:type\" content=\"image\/jpeg\" \/>\n<meta name=\"author\" content=\"Contenidos El Regional\" \/>\n<meta name=\"twitter:card\" content=\"summary_large_image\" \/>\n<meta name=\"twitter:creator\" content=\"@elregionalvm1\" \/>\n<meta name=\"twitter:site\" content=\"@elregionalvm1\" \/>\n<meta name=\"twitter:label1\" content=\"Escrito por\" \/>\n\t<meta name=\"twitter:data1\" content=\"Contenidos El Regional\" \/>\n\t<meta name=\"twitter:label2\" content=\"Tiempo de lectura\" \/>\n\t<meta name=\"twitter:data2\" content=\"10 minutos\" \/>\n<script type=\"application\/ld+json\" class=\"yoast-schema-graph\">{\"@context\":\"https:\/\/schema.org\",\"@graph\":[{\"@type\":\"Article\",\"@id\":\"https:\/\/elregionalvm.com.ar\/noticias-villa-maria\/miradas-inteligencia-artificial-calidad-educativa-y-trabajo-que-tienen-los-ministros-de-educacion-en-la-cabeza\/#article\",\"isPartOf\":{\"@id\":\"https:\/\/elregionalvm.com.ar\/noticias-villa-maria\/miradas-inteligencia-artificial-calidad-educativa-y-trabajo-que-tienen-los-ministros-de-educacion-en-la-cabeza\/\"},\"author\":{\"name\":\"Contenidos El Regional\",\"@id\":\"http:\/\/elregionalvm.com.ar\/noticias-villa-maria\/#\/schema\/person\/a0fb9c422317faca23d50163151bc354\"},\"headline\":\"[Miradas] Inteligencia artificial, calidad educativa y trabajo: \u00bfQu\u00e9 tienen los ministros de Educaci\u00f3n en la cabeza?\",\"datePublished\":\"2025-05-18T21:37:29+00:00\",\"dateModified\":\"2025-05-22T19:56:11+00:00\",\"mainEntityOfPage\":{\"@id\":\"https:\/\/elregionalvm.com.ar\/noticias-villa-maria\/miradas-inteligencia-artificial-calidad-educativa-y-trabajo-que-tienen-los-ministros-de-educacion-en-la-cabeza\/\"},\"wordCount\":2014,\"commentCount\":0,\"image\":{\"@id\":\"https:\/\/elregionalvm.com.ar\/noticias-villa-maria\/miradas-inteligencia-artificial-calidad-educativa-y-trabajo-que-tienen-los-ministros-de-educacion-en-la-cabeza\/#primaryimage\"},\"thumbnailUrl\":\"https:\/\/i0.wp.com\/elregionalvm.com.ar\/noticias-villa-maria\/wp-content\/uploads\/2025\/05\/Inteligencia-artificial-profesor.jpg?fit=1200%2C757&ssl=1\",\"keywords\":[\"Educaci\u00f3n\",\"Filosof\u00eda\",\"IA\",\"inteligencia artificial\",\"Mercado laboral\",\"Pol\u00edtica\",\"pol\u00edticos\",\"trabajo\"],\"articleSection\":[\"Opini\u00f3n\",\"tercera\"],\"inLanguage\":\"es\",\"potentialAction\":[{\"@type\":\"CommentAction\",\"name\":\"Comment\",\"target\":[\"https:\/\/elregionalvm.com.ar\/noticias-villa-maria\/miradas-inteligencia-artificial-calidad-educativa-y-trabajo-que-tienen-los-ministros-de-educacion-en-la-cabeza\/#respond\"]}]},{\"@type\":\"WebPage\",\"@id\":\"https:\/\/elregionalvm.com.ar\/noticias-villa-maria\/miradas-inteligencia-artificial-calidad-educativa-y-trabajo-que-tienen-los-ministros-de-educacion-en-la-cabeza\/\",\"url\":\"https:\/\/elregionalvm.com.ar\/noticias-villa-maria\/miradas-inteligencia-artificial-calidad-educativa-y-trabajo-que-tienen-los-ministros-de-educacion-en-la-cabeza\/\",\"name\":\"[Miradas] Inteligencia artificial, calidad educativa y trabajo: \u00bfQu\u00e9 tienen los ministros de Educaci\u00f3n en la cabeza? - El Regional\",\"isPartOf\":{\"@id\":\"http:\/\/elregionalvm.com.ar\/noticias-villa-maria\/#website\"},\"primaryImageOfPage\":{\"@id\":\"https:\/\/elregionalvm.com.ar\/noticias-villa-maria\/miradas-inteligencia-artificial-calidad-educativa-y-trabajo-que-tienen-los-ministros-de-educacion-en-la-cabeza\/#primaryimage\"},\"image\":{\"@id\":\"https:\/\/elregionalvm.com.ar\/noticias-villa-maria\/miradas-inteligencia-artificial-calidad-educativa-y-trabajo-que-tienen-los-ministros-de-educacion-en-la-cabeza\/#primaryimage\"},\"thumbnailUrl\":\"https:\/\/i0.wp.com\/elregionalvm.com.ar\/noticias-villa-maria\/wp-content\/uploads\/2025\/05\/Inteligencia-artificial-profesor.jpg?fit=1200%2C757&ssl=1\",\"datePublished\":\"2025-05-18T21:37:29+00:00\",\"dateModified\":\"2025-05-22T19:56:11+00:00\",\"author\":{\"@id\":\"http:\/\/elregionalvm.com.ar\/noticias-villa-maria\/#\/schema\/person\/a0fb9c422317faca23d50163151bc354\"},\"breadcrumb\":{\"@id\":\"https:\/\/elregionalvm.com.ar\/noticias-villa-maria\/miradas-inteligencia-artificial-calidad-educativa-y-trabajo-que-tienen-los-ministros-de-educacion-en-la-cabeza\/#breadcrumb\"},\"inLanguage\":\"es\",\"potentialAction\":[{\"@type\":\"ReadAction\",\"target\":[\"https:\/\/elregionalvm.com.ar\/noticias-villa-maria\/miradas-inteligencia-artificial-calidad-educativa-y-trabajo-que-tienen-los-ministros-de-educacion-en-la-cabeza\/\"]}]},{\"@type\":\"ImageObject\",\"inLanguage\":\"es\",\"@id\":\"https:\/\/elregionalvm.com.ar\/noticias-villa-maria\/miradas-inteligencia-artificial-calidad-educativa-y-trabajo-que-tienen-los-ministros-de-educacion-en-la-cabeza\/#primaryimage\",\"url\":\"https:\/\/i0.wp.com\/elregionalvm.com.ar\/noticias-villa-maria\/wp-content\/uploads\/2025\/05\/Inteligencia-artificial-profesor.jpg?fit=1200%2C757&ssl=1\",\"contentUrl\":\"https:\/\/i0.wp.com\/elregionalvm.com.ar\/noticias-villa-maria\/wp-content\/uploads\/2025\/05\/Inteligencia-artificial-profesor.jpg?fit=1200%2C757&ssl=1\",\"width\":1200,\"height\":757},{\"@type\":\"BreadcrumbList\",\"@id\":\"https:\/\/elregionalvm.com.ar\/noticias-villa-maria\/miradas-inteligencia-artificial-calidad-educativa-y-trabajo-que-tienen-los-ministros-de-educacion-en-la-cabeza\/#breadcrumb\",\"itemListElement\":[{\"@type\":\"ListItem\",\"position\":1,\"name\":\"Portada\",\"item\":\"https:\/\/elregionalvm.com.ar\/noticias-villa-maria\/\"},{\"@type\":\"ListItem\",\"position\":2,\"name\":\"[Miradas] Inteligencia artificial, calidad educativa y trabajo: \u00bfQu\u00e9 tienen los ministros de Educaci\u00f3n en la cabeza?\"}]},{\"@type\":\"WebSite\",\"@id\":\"http:\/\/elregionalvm.com.ar\/noticias-villa-maria\/#website\",\"url\":\"http:\/\/elregionalvm.com.ar\/noticias-villa-maria\/\",\"name\":\"El Regional\",\"description\":\"Mucho m\u00e1s que informaci\u00f3n\",\"potentialAction\":[{\"@type\":\"SearchAction\",\"target\":{\"@type\":\"EntryPoint\",\"urlTemplate\":\"http:\/\/elregionalvm.com.ar\/noticias-villa-maria\/?s={search_term_string}\"},\"query-input\":{\"@type\":\"PropertyValueSpecification\",\"valueRequired\":true,\"valueName\":\"search_term_string\"}}],\"inLanguage\":\"es\"},{\"@type\":\"Person\",\"@id\":\"http:\/\/elregionalvm.com.ar\/noticias-villa-maria\/#\/schema\/person\/a0fb9c422317faca23d50163151bc354\",\"name\":\"Contenidos El Regional\",\"image\":{\"@type\":\"ImageObject\",\"inLanguage\":\"es\",\"@id\":\"http:\/\/elregionalvm.com.ar\/noticias-villa-maria\/#\/schema\/person\/image\/\",\"url\":\"https:\/\/secure.gravatar.com\/avatar\/265b27cb2209af7bb3a1318f03305787d7981a5cc6e6cd08fe5a4ecdf99d4b48?s=96&d=mm&r=g\",\"contentUrl\":\"https:\/\/secure.gravatar.com\/avatar\/265b27cb2209af7bb3a1318f03305787d7981a5cc6e6cd08fe5a4ecdf99d4b48?s=96&d=mm&r=g\",\"caption\":\"Contenidos El Regional\"},\"url\":\"https:\/\/elregionalvm.com.ar\/noticias-villa-maria\/author\/contenido\/\"}]}<\/script>\n<!-- \/ Yoast SEO plugin. -->","yoast_head_json":{"title":"[Miradas] Inteligencia artificial, calidad educativa y trabajo: \u00bfQu\u00e9 tienen los ministros de Educaci\u00f3n en la cabeza? - El Regional","robots":{"index":"index","follow":"follow","max-snippet":"max-snippet:-1","max-image-preview":"max-image-preview:large","max-video-preview":"max-video-preview:-1"},"canonical":"https:\/\/elregionalvm.com.ar\/noticias-villa-maria\/miradas-inteligencia-artificial-calidad-educativa-y-trabajo-que-tienen-los-ministros-de-educacion-en-la-cabeza\/","og_locale":"es_ES","og_type":"article","og_title":"[Miradas] Inteligencia artificial, calidad educativa y trabajo: \u00bfQu\u00e9 tienen los ministros de Educaci\u00f3n en la cabeza? - El Regional","og_description":"Analizando la miop\u00eda educativa deliberada \u201cLa educaci\u00f3n es el arma m\u00e1s poderosa que puedes usar para cambiar el mundo\u201d (Nelson Mandela) Escribe: Lisandro Prieto Femen\u00eda (Filosof\u00eda) Hoy quiero invitarlos a reflexionar sobre un asunto extremadamente urgente y preocupante que, por supuesto no cuenta con el tratamiento debido en ning\u00fan medio de comunicaci\u00f3n, a saber, la [&hellip;]","og_url":"https:\/\/elregionalvm.com.ar\/noticias-villa-maria\/miradas-inteligencia-artificial-calidad-educativa-y-trabajo-que-tienen-los-ministros-de-educacion-en-la-cabeza\/","og_site_name":"El Regional","article_publisher":"https:\/\/www.facebook.com\/elregionalvm","article_published_time":"2025-05-18T21:37:29+00:00","article_modified_time":"2025-05-22T19:56:11+00:00","og_image":[{"width":1200,"height":757,"url":"https:\/\/elregionalvm.com.ar\/noticias-villa-maria\/wp-content\/uploads\/2025\/05\/Inteligencia-artificial-profesor.jpg","type":"image\/jpeg"}],"author":"Contenidos El Regional","twitter_card":"summary_large_image","twitter_creator":"@elregionalvm1","twitter_site":"@elregionalvm1","twitter_misc":{"Escrito por":"Contenidos El Regional","Tiempo de lectura":"10 minutos"},"schema":{"@context":"https:\/\/schema.org","@graph":[{"@type":"Article","@id":"https:\/\/elregionalvm.com.ar\/noticias-villa-maria\/miradas-inteligencia-artificial-calidad-educativa-y-trabajo-que-tienen-los-ministros-de-educacion-en-la-cabeza\/#article","isPartOf":{"@id":"https:\/\/elregionalvm.com.ar\/noticias-villa-maria\/miradas-inteligencia-artificial-calidad-educativa-y-trabajo-que-tienen-los-ministros-de-educacion-en-la-cabeza\/"},"author":{"name":"Contenidos El Regional","@id":"http:\/\/elregionalvm.com.ar\/noticias-villa-maria\/#\/schema\/person\/a0fb9c422317faca23d50163151bc354"},"headline":"[Miradas] Inteligencia artificial, calidad educativa y trabajo: \u00bfQu\u00e9 tienen los ministros de Educaci\u00f3n en la cabeza?","datePublished":"2025-05-18T21:37:29+00:00","dateModified":"2025-05-22T19:56:11+00:00","mainEntityOfPage":{"@id":"https:\/\/elregionalvm.com.ar\/noticias-villa-maria\/miradas-inteligencia-artificial-calidad-educativa-y-trabajo-que-tienen-los-ministros-de-educacion-en-la-cabeza\/"},"wordCount":2014,"commentCount":0,"image":{"@id":"https:\/\/elregionalvm.com.ar\/noticias-villa-maria\/miradas-inteligencia-artificial-calidad-educativa-y-trabajo-que-tienen-los-ministros-de-educacion-en-la-cabeza\/#primaryimage"},"thumbnailUrl":"https:\/\/i0.wp.com\/elregionalvm.com.ar\/noticias-villa-maria\/wp-content\/uploads\/2025\/05\/Inteligencia-artificial-profesor.jpg?fit=1200%2C757&ssl=1","keywords":["Educaci\u00f3n","Filosof\u00eda","IA","inteligencia artificial","Mercado laboral","Pol\u00edtica","pol\u00edticos","trabajo"],"articleSection":["Opini\u00f3n","tercera"],"inLanguage":"es","potentialAction":[{"@type":"CommentAction","name":"Comment","target":["https:\/\/elregionalvm.com.ar\/noticias-villa-maria\/miradas-inteligencia-artificial-calidad-educativa-y-trabajo-que-tienen-los-ministros-de-educacion-en-la-cabeza\/#respond"]}]},{"@type":"WebPage","@id":"https:\/\/elregionalvm.com.ar\/noticias-villa-maria\/miradas-inteligencia-artificial-calidad-educativa-y-trabajo-que-tienen-los-ministros-de-educacion-en-la-cabeza\/","url":"https:\/\/elregionalvm.com.ar\/noticias-villa-maria\/miradas-inteligencia-artificial-calidad-educativa-y-trabajo-que-tienen-los-ministros-de-educacion-en-la-cabeza\/","name":"[Miradas] Inteligencia artificial, calidad educativa y trabajo: \u00bfQu\u00e9 tienen los ministros de Educaci\u00f3n en la cabeza? - El Regional","isPartOf":{"@id":"http:\/\/elregionalvm.com.ar\/noticias-villa-maria\/#website"},"primaryImageOfPage":{"@id":"https:\/\/elregionalvm.com.ar\/noticias-villa-maria\/miradas-inteligencia-artificial-calidad-educativa-y-trabajo-que-tienen-los-ministros-de-educacion-en-la-cabeza\/#primaryimage"},"image":{"@id":"https:\/\/elregionalvm.com.ar\/noticias-villa-maria\/miradas-inteligencia-artificial-calidad-educativa-y-trabajo-que-tienen-los-ministros-de-educacion-en-la-cabeza\/#primaryimage"},"thumbnailUrl":"https:\/\/i0.wp.com\/elregionalvm.com.ar\/noticias-villa-maria\/wp-content\/uploads\/2025\/05\/Inteligencia-artificial-profesor.jpg?fit=1200%2C757&ssl=1","datePublished":"2025-05-18T21:37:29+00:00","dateModified":"2025-05-22T19:56:11+00:00","author":{"@id":"http:\/\/elregionalvm.com.ar\/noticias-villa-maria\/#\/schema\/person\/a0fb9c422317faca23d50163151bc354"},"breadcrumb":{"@id":"https:\/\/elregionalvm.com.ar\/noticias-villa-maria\/miradas-inteligencia-artificial-calidad-educativa-y-trabajo-que-tienen-los-ministros-de-educacion-en-la-cabeza\/#breadcrumb"},"inLanguage":"es","potentialAction":[{"@type":"ReadAction","target":["https:\/\/elregionalvm.com.ar\/noticias-villa-maria\/miradas-inteligencia-artificial-calidad-educativa-y-trabajo-que-tienen-los-ministros-de-educacion-en-la-cabeza\/"]}]},{"@type":"ImageObject","inLanguage":"es","@id":"https:\/\/elregionalvm.com.ar\/noticias-villa-maria\/miradas-inteligencia-artificial-calidad-educativa-y-trabajo-que-tienen-los-ministros-de-educacion-en-la-cabeza\/#primaryimage","url":"https:\/\/i0.wp.com\/elregionalvm.com.ar\/noticias-villa-maria\/wp-content\/uploads\/2025\/05\/Inteligencia-artificial-profesor.jpg?fit=1200%2C757&ssl=1","contentUrl":"https:\/\/i0.wp.com\/elregionalvm.com.ar\/noticias-villa-maria\/wp-content\/uploads\/2025\/05\/Inteligencia-artificial-profesor.jpg?fit=1200%2C757&ssl=1","width":1200,"height":757},{"@type":"BreadcrumbList","@id":"https:\/\/elregionalvm.com.ar\/noticias-villa-maria\/miradas-inteligencia-artificial-calidad-educativa-y-trabajo-que-tienen-los-ministros-de-educacion-en-la-cabeza\/#breadcrumb","itemListElement":[{"@type":"ListItem","position":1,"name":"Portada","item":"https:\/\/elregionalvm.com.ar\/noticias-villa-maria\/"},{"@type":"ListItem","position":2,"name":"[Miradas] Inteligencia artificial, calidad educativa y trabajo: \u00bfQu\u00e9 tienen los ministros de Educaci\u00f3n en la cabeza?"}]},{"@type":"WebSite","@id":"http:\/\/elregionalvm.com.ar\/noticias-villa-maria\/#website","url":"http:\/\/elregionalvm.com.ar\/noticias-villa-maria\/","name":"El Regional","description":"Mucho m\u00e1s que informaci\u00f3n","potentialAction":[{"@type":"SearchAction","target":{"@type":"EntryPoint","urlTemplate":"http:\/\/elregionalvm.com.ar\/noticias-villa-maria\/?s={search_term_string}"},"query-input":{"@type":"PropertyValueSpecification","valueRequired":true,"valueName":"search_term_string"}}],"inLanguage":"es"},{"@type":"Person","@id":"http:\/\/elregionalvm.com.ar\/noticias-villa-maria\/#\/schema\/person\/a0fb9c422317faca23d50163151bc354","name":"Contenidos El Regional","image":{"@type":"ImageObject","inLanguage":"es","@id":"http:\/\/elregionalvm.com.ar\/noticias-villa-maria\/#\/schema\/person\/image\/","url":"https:\/\/secure.gravatar.com\/avatar\/265b27cb2209af7bb3a1318f03305787d7981a5cc6e6cd08fe5a4ecdf99d4b48?s=96&d=mm&r=g","contentUrl":"https:\/\/secure.gravatar.com\/avatar\/265b27cb2209af7bb3a1318f03305787d7981a5cc6e6cd08fe5a4ecdf99d4b48?s=96&d=mm&r=g","caption":"Contenidos El Regional"},"url":"https:\/\/elregionalvm.com.ar\/noticias-villa-maria\/author\/contenido\/"}]}},"jetpack_featured_media_url":"https:\/\/i0.wp.com\/elregionalvm.com.ar\/noticias-villa-maria\/wp-content\/uploads\/2025\/05\/Inteligencia-artificial-profesor.jpg?fit=1200%2C757&ssl=1","jetpack_sharing_enabled":true,"_links":{"self":[{"href":"https:\/\/elregionalvm.com.ar\/noticias-villa-maria\/wp-json\/wp\/v2\/posts\/106270","targetHints":{"allow":["GET"]}}],"collection":[{"href":"https:\/\/elregionalvm.com.ar\/noticias-villa-maria\/wp-json\/wp\/v2\/posts"}],"about":[{"href":"https:\/\/elregionalvm.com.ar\/noticias-villa-maria\/wp-json\/wp\/v2\/types\/post"}],"author":[{"embeddable":true,"href":"https:\/\/elregionalvm.com.ar\/noticias-villa-maria\/wp-json\/wp\/v2\/users\/4"}],"replies":[{"embeddable":true,"href":"https:\/\/elregionalvm.com.ar\/noticias-villa-maria\/wp-json\/wp\/v2\/comments?post=106270"}],"version-history":[{"count":2,"href":"https:\/\/elregionalvm.com.ar\/noticias-villa-maria\/wp-json\/wp\/v2\/posts\/106270\/revisions"}],"predecessor-version":[{"id":106298,"href":"https:\/\/elregionalvm.com.ar\/noticias-villa-maria\/wp-json\/wp\/v2\/posts\/106270\/revisions\/106298"}],"wp:featuredmedia":[{"embeddable":true,"href":"https:\/\/elregionalvm.com.ar\/noticias-villa-maria\/wp-json\/wp\/v2\/media\/106297"}],"wp:attachment":[{"href":"https:\/\/elregionalvm.com.ar\/noticias-villa-maria\/wp-json\/wp\/v2\/media?parent=106270"}],"wp:term":[{"taxonomy":"category","embeddable":true,"href":"https:\/\/elregionalvm.com.ar\/noticias-villa-maria\/wp-json\/wp\/v2\/categories?post=106270"},{"taxonomy":"post_tag","embeddable":true,"href":"https:\/\/elregionalvm.com.ar\/noticias-villa-maria\/wp-json\/wp\/v2\/tags?post=106270"}],"curies":[{"name":"wp","href":"https:\/\/api.w.org\/{rel}","templated":true}]}}