{"id":106279,"date":"2025-05-16T20:30:42","date_gmt":"2025-05-16T20:30:42","guid":{"rendered":"https:\/\/elregionalvm.com.ar\/noticias-villa-maria\/?p=106279"},"modified":"2025-05-16T20:30:45","modified_gmt":"2025-05-16T20:30:45","slug":"la-empresa-de-villa-maria-duyamis-se-consagro-nuevamente-como-el-mejor-dulce-de-leche-del-pais","status":"publish","type":"post","link":"https:\/\/elregionalvm.com.ar\/noticias-villa-maria\/la-empresa-de-villa-maria-duyamis-se-consagro-nuevamente-como-el-mejor-dulce-de-leche-del-pais\/","title":{"rendered":"La empresa de Villa Mar\u00eda \u00abDuyAmis\u00bb, se consagr\u00f3 nuevamente como el mejor dulce de leche del pa\u00eds"},"content":{"rendered":"\n<p><em>La empresa villamariense se qued\u00f3 con el primer puesto en la categor\u00eda Dulce de Leche Familiar de la \u201cCopa Argentina\u201d que se desarroll\u00f3 en el marco de la muestra Todo L\u00e1ctea.<\/em><\/p>\n\n\n\n<p>El dulce de leche familiar de DuyAmis volvi\u00f3 a ser galardonado en un certamen nacional.<\/p>\n\n\n\n<p>La empresa villamariense -perteneciente al Grupo Don Emilio- obtuvo el mayor puntaje en la Copa Argentina de Dulce de Leche, en la categor\u00eda familiar, que se llev\u00f3 a cabo en el marco de la muestra nacional Todo L\u00e1ctea.<\/p>\n\n\n\n<p>Se trata del segundo gran reconocimiento que recibe el producto en forma consecutiva, dado que en octubre de 2024 hab\u00eda obtenido el primer premio en el Concurso Nacional del que participaron unos 270 productos y 70 marcas, de seis provincias.<\/p>\n\n\n\n<p>De esta forma, DuyAmis afianza su posici\u00f3n como el mejor dulce de leche del pa\u00eds.<\/p>\n\n\n\n<p>\u201cNos llena de orgullo\u201d<\/p>\n\n\n\n<p>Valent\u00edn Giraudo, gerente administrativo de DuyAmis, reconoci\u00f3 que esta distinci\u00f3n \u201cnos llena de orgullo y de felicidad, porque evidencia el buen camino de trabajo que transitamos\u201d.<\/p>\n\n\n\n<p>\u201c\u00bfCu\u00e1l es el secreto? Hacemos el dulce de leche que queremos que consuma nuestra familia. Lo hacemos con una receta extremadamente noble, que buscamos mejorar siempre\u201d, confes\u00f3.<\/p>\n\n\n\n<p>En ese sentido, plante\u00f3 que \u201cla impronta del Grupo Don Emilio es esa, ver qu\u00e9 se puede mejorar y hacerlo. Buscamos la mejor continua, no solo en los productos, sino en todas las \u00e1reas, procesos, equipamiento y tecnolog\u00eda\u201d.<\/p>\n\n\n\n<p>\u201cAgradecemos mucho a quienes lo hicieron, a quienes trabajan d\u00eda a d\u00eda, a Eve y Ezequiel que estuvieron a cargo del dulce de leche\u201d, subray\u00f3.<\/p>\n\n\n\n<p>Detr\u00e1s hay mucho esfuerzo, trabajo en conjunto, y no podemos no pensar que, si mi t\u00edo y mi abuelo vieran esto, que son quienes empezaron este camino, se volver\u00edan locos, ver que competimos con las marcas m\u00e1s importantes del pa\u00eds en un producto tan argentino y que quedemos nosotros primeros, es todo orgullo\u201d, cerr\u00f3.<\/p>\n\n\n\n<p>En crecimiento<\/p>\n\n\n\n<p>La empresa familiar, con sede en Villa Mar\u00eda y f\u00e1brica en la localidad de Ana Zumar\u00e1n, se destaca por controlar toda la cadena productiva.<\/p>\n\n\n\n<p>La leche que se utiliza para la producci\u00f3n del Dulce de Leche (y variedades de quesos, crema y untable) la obtienen de su propio tambo, Mharnes, ubicado en Villa Mar\u00eda, uno de los m\u00e1s robotizados de Sudam\u00e9rica y en donde aplican pr\u00e1cticas innovadoras, sustentables y de bienestar animal que los han llevado a obtener reconocimientos internacionales.<\/p>\n\n\n\n<p>En su f\u00e1brica, se encuentran llevando a cabo una importante ampliaci\u00f3n, que les permitir\u00e1 en poco tiempo triplicar la capacidad de producci\u00f3n de quesos este a\u00f1o. Y, para mediados del a\u00f1o que viene, ampliar la capacidad de producci\u00f3n del dulce de leche.<\/p>\n","protected":false},"excerpt":{"rendered":"<p>La empresa villamariense se qued\u00f3 con el primer puesto en la categor\u00eda Dulce de Leche Familiar de la \u201cCopa Argentina\u201d que se desarroll\u00f3 en el marco de la muestra Todo L\u00e1ctea. El dulce de leche familiar de DuyAmis volvi\u00f3 a ser galardonado en un certamen nacional. La empresa villamariense -perteneciente al Grupo Don Emilio- obtuvo [&hellip;]<\/p>\n","protected":false},"author":4,"featured_media":106280,"comment_status":"open","ping_status":"open","sticky":false,"template":"","format":"standard","meta":{"site-sidebar-layout":"default","site-content-layout":"","ast-site-content-layout":"default","site-content-style":"default","site-sidebar-style":"default","ast-global-header-display":"","ast-banner-title-visibility":"","ast-main-header-display":"","ast-hfb-above-header-display":"","ast-hfb-below-header-display":"","ast-hfb-mobile-header-display":"","site-post-title":"","ast-breadcrumbs-content":"","ast-featured-img":"","footer-sml-layout":"","ast-disable-related-posts":"","theme-transparent-header-meta":"","adv-header-id-meta":"","stick-header-meta":"","header-above-stick-meta":"","header-main-stick-meta":"","header-below-stick-meta":"","astra-migrate-meta-layouts":"set","ast-page-background-enabled":"default","ast-page-background-meta":{"desktop":{"background-color":"","background-image":"","background-repeat":"repeat","background-position":"center center","background-size":"auto","background-attachment":"scroll","background-type":"","background-media":"","overlay-type":"","overlay-color":"","overlay-opacity":"","overlay-gradient":""},"tablet":{"background-color":"","background-image":"","background-repeat":"repeat","background-position":"center center","background-size":"auto","background-attachment":"scroll","background-type":"","background-media":"","overlay-type":"","overlay-color":"","overlay-opacity":"","overlay-gradient":""},"mobile":{"background-color":"","background-image":"","background-repeat":"repeat","background-position":"center center","background-size":"auto","background-attachment":"scroll","background-type":"","background-media":"","overlay-type":"","overlay-color":"","overlay-opacity":"","overlay-gradient":""}},"ast-content-background-meta":{"desktop":{"background-color":"var(--ast-global-color-5)","background-image":"","background-repeat":"repeat","background-position":"center center","background-size":"auto","background-attachment":"scroll","background-type":"","background-media":"","overlay-type":"","overlay-color":"","overlay-opacity":"","overlay-gradient":""},"tablet":{"background-color":"var(--ast-global-color-5)","background-image":"","background-repeat":"repeat","background-position":"center center","background-size":"auto","background-attachment":"scroll","background-type":"","background-media":"","overlay-type":"","overlay-color":"","overlay-opacity":"","overlay-gradient":""},"mobile":{"background-color":"var(--ast-global-color-5)","background-image":"","background-repeat":"repeat","background-position":"center center","background-size":"auto","background-attachment":"scroll","background-type":"","background-media":"","overlay-type":"","overlay-color":"","overlay-opacity":"","overlay-gradient":""}},"_jetpack_memberships_contains_paid_content":false,"_joinchat":[],"footnotes":""},"categories":[15302,5,2],"tags":[],"class_list":["post-106279","post","type-post","status-publish","format-standard","has-post-thumbnail","hentry","category-destacado","category-sociedad","category-villa-maria"],"yoast_head":"<!-- This site is optimized with the Yoast SEO plugin v26.8 - https:\/\/yoast.com\/product\/yoast-seo-wordpress\/ -->\n<title>La empresa de Villa Mar\u00eda &quot;DuyAmis&quot;, se consagr\u00f3 nuevamente como el mejor dulce de leche del pa\u00eds - El Regional<\/title>\n<meta name=\"robots\" content=\"index, follow, max-snippet:-1, max-image-preview:large, max-video-preview:-1\" \/>\n<link rel=\"canonical\" href=\"https:\/\/elregionalvm.com.ar\/noticias-villa-maria\/la-empresa-de-villa-maria-duyamis-se-consagro-nuevamente-como-el-mejor-dulce-de-leche-del-pais\/\" \/>\n<meta property=\"og:locale\" content=\"es_ES\" \/>\n<meta property=\"og:type\" content=\"article\" \/>\n<meta property=\"og:title\" content=\"La empresa de Villa Mar\u00eda &quot;DuyAmis&quot;, se consagr\u00f3 nuevamente como el mejor dulce de leche del pa\u00eds - El Regional\" \/>\n<meta property=\"og:description\" content=\"La empresa villamariense se qued\u00f3 con el primer puesto en la categor\u00eda Dulce de Leche Familiar de la \u201cCopa Argentina\u201d que se desarroll\u00f3 en el marco de la muestra Todo L\u00e1ctea. El dulce de leche familiar de DuyAmis volvi\u00f3 a ser galardonado en un certamen nacional. La empresa villamariense -perteneciente al Grupo Don Emilio- obtuvo [&hellip;]\" \/>\n<meta property=\"og:url\" content=\"https:\/\/elregionalvm.com.ar\/noticias-villa-maria\/la-empresa-de-villa-maria-duyamis-se-consagro-nuevamente-como-el-mejor-dulce-de-leche-del-pais\/\" \/>\n<meta property=\"og:site_name\" content=\"El Regional\" \/>\n<meta property=\"article:publisher\" content=\"https:\/\/www.facebook.com\/elregionalvm\" \/>\n<meta property=\"article:published_time\" content=\"2025-05-16T20:30:42+00:00\" \/>\n<meta property=\"article:modified_time\" content=\"2025-05-16T20:30:45+00:00\" \/>\n<meta property=\"og:image\" content=\"https:\/\/elregionalvm.com.ar\/noticias-villa-maria\/wp-content\/uploads\/2025\/05\/WhatsApp-Image-2025-05-16-at-11.00.14-AM.jpeg\" \/>\n\t<meta property=\"og:image:width\" content=\"960\" \/>\n\t<meta property=\"og:image:height\" content=\"1280\" \/>\n\t<meta property=\"og:image:type\" content=\"image\/jpeg\" \/>\n<meta name=\"author\" content=\"Contenidos El Regional\" \/>\n<meta name=\"twitter:card\" content=\"summary_large_image\" \/>\n<meta name=\"twitter:creator\" content=\"@elregionalvm1\" \/>\n<meta name=\"twitter:site\" content=\"@elregionalvm1\" \/>\n<meta name=\"twitter:label1\" content=\"Escrito por\" \/>\n\t<meta name=\"twitter:data1\" content=\"Contenidos El Regional\" \/>\n\t<meta name=\"twitter:label2\" content=\"Tiempo de lectura\" \/>\n\t<meta name=\"twitter:data2\" content=\"3 minutos\" \/>\n<script type=\"application\/ld+json\" class=\"yoast-schema-graph\">{\"@context\":\"https:\/\/schema.org\",\"@graph\":[{\"@type\":\"Article\",\"@id\":\"https:\/\/elregionalvm.com.ar\/noticias-villa-maria\/la-empresa-de-villa-maria-duyamis-se-consagro-nuevamente-como-el-mejor-dulce-de-leche-del-pais\/#article\",\"isPartOf\":{\"@id\":\"https:\/\/elregionalvm.com.ar\/noticias-villa-maria\/la-empresa-de-villa-maria-duyamis-se-consagro-nuevamente-como-el-mejor-dulce-de-leche-del-pais\/\"},\"author\":{\"name\":\"Contenidos El Regional\",\"@id\":\"http:\/\/elregionalvm.com.ar\/noticias-villa-maria\/#\/schema\/person\/a0fb9c422317faca23d50163151bc354\"},\"headline\":\"La empresa de Villa Mar\u00eda \u00abDuyAmis\u00bb, se consagr\u00f3 nuevamente como el mejor dulce de leche del pa\u00eds\",\"datePublished\":\"2025-05-16T20:30:42+00:00\",\"dateModified\":\"2025-05-16T20:30:45+00:00\",\"mainEntityOfPage\":{\"@id\":\"https:\/\/elregionalvm.com.ar\/noticias-villa-maria\/la-empresa-de-villa-maria-duyamis-se-consagro-nuevamente-como-el-mejor-dulce-de-leche-del-pais\/\"},\"wordCount\":485,\"commentCount\":0,\"image\":{\"@id\":\"https:\/\/elregionalvm.com.ar\/noticias-villa-maria\/la-empresa-de-villa-maria-duyamis-se-consagro-nuevamente-como-el-mejor-dulce-de-leche-del-pais\/#primaryimage\"},\"thumbnailUrl\":\"https:\/\/i0.wp.com\/elregionalvm.com.ar\/noticias-villa-maria\/wp-content\/uploads\/2025\/05\/WhatsApp-Image-2025-05-16-at-11.00.14-AM.jpeg?fit=960%2C1280&ssl=1\",\"articleSection\":[\"destacado\",\"Sociedad\",\"Villa Mar\u00eda\"],\"inLanguage\":\"es\",\"potentialAction\":[{\"@type\":\"CommentAction\",\"name\":\"Comment\",\"target\":[\"https:\/\/elregionalvm.com.ar\/noticias-villa-maria\/la-empresa-de-villa-maria-duyamis-se-consagro-nuevamente-como-el-mejor-dulce-de-leche-del-pais\/#respond\"]}]},{\"@type\":\"WebPage\",\"@id\":\"https:\/\/elregionalvm.com.ar\/noticias-villa-maria\/la-empresa-de-villa-maria-duyamis-se-consagro-nuevamente-como-el-mejor-dulce-de-leche-del-pais\/\",\"url\":\"https:\/\/elregionalvm.com.ar\/noticias-villa-maria\/la-empresa-de-villa-maria-duyamis-se-consagro-nuevamente-como-el-mejor-dulce-de-leche-del-pais\/\",\"name\":\"La empresa de Villa Mar\u00eda \\\"DuyAmis\\\", se consagr\u00f3 nuevamente como el mejor dulce de leche del pa\u00eds - El Regional\",\"isPartOf\":{\"@id\":\"http:\/\/elregionalvm.com.ar\/noticias-villa-maria\/#website\"},\"primaryImageOfPage\":{\"@id\":\"https:\/\/elregionalvm.com.ar\/noticias-villa-maria\/la-empresa-de-villa-maria-duyamis-se-consagro-nuevamente-como-el-mejor-dulce-de-leche-del-pais\/#primaryimage\"},\"image\":{\"@id\":\"https:\/\/elregionalvm.com.ar\/noticias-villa-maria\/la-empresa-de-villa-maria-duyamis-se-consagro-nuevamente-como-el-mejor-dulce-de-leche-del-pais\/#primaryimage\"},\"thumbnailUrl\":\"https:\/\/i0.wp.com\/elregionalvm.com.ar\/noticias-villa-maria\/wp-content\/uploads\/2025\/05\/WhatsApp-Image-2025-05-16-at-11.00.14-AM.jpeg?fit=960%2C1280&ssl=1\",\"datePublished\":\"2025-05-16T20:30:42+00:00\",\"dateModified\":\"2025-05-16T20:30:45+00:00\",\"author\":{\"@id\":\"http:\/\/elregionalvm.com.ar\/noticias-villa-maria\/#\/schema\/person\/a0fb9c422317faca23d50163151bc354\"},\"breadcrumb\":{\"@id\":\"https:\/\/elregionalvm.com.ar\/noticias-villa-maria\/la-empresa-de-villa-maria-duyamis-se-consagro-nuevamente-como-el-mejor-dulce-de-leche-del-pais\/#breadcrumb\"},\"inLanguage\":\"es\",\"potentialAction\":[{\"@type\":\"ReadAction\",\"target\":[\"https:\/\/elregionalvm.com.ar\/noticias-villa-maria\/la-empresa-de-villa-maria-duyamis-se-consagro-nuevamente-como-el-mejor-dulce-de-leche-del-pais\/\"]}]},{\"@type\":\"ImageObject\",\"inLanguage\":\"es\",\"@id\":\"https:\/\/elregionalvm.com.ar\/noticias-villa-maria\/la-empresa-de-villa-maria-duyamis-se-consagro-nuevamente-como-el-mejor-dulce-de-leche-del-pais\/#primaryimage\",\"url\":\"https:\/\/i0.wp.com\/elregionalvm.com.ar\/noticias-villa-maria\/wp-content\/uploads\/2025\/05\/WhatsApp-Image-2025-05-16-at-11.00.14-AM.jpeg?fit=960%2C1280&ssl=1\",\"contentUrl\":\"https:\/\/i0.wp.com\/elregionalvm.com.ar\/noticias-villa-maria\/wp-content\/uploads\/2025\/05\/WhatsApp-Image-2025-05-16-at-11.00.14-AM.jpeg?fit=960%2C1280&ssl=1\",\"width\":960,\"height\":1280},{\"@type\":\"BreadcrumbList\",\"@id\":\"https:\/\/elregionalvm.com.ar\/noticias-villa-maria\/la-empresa-de-villa-maria-duyamis-se-consagro-nuevamente-como-el-mejor-dulce-de-leche-del-pais\/#breadcrumb\",\"itemListElement\":[{\"@type\":\"ListItem\",\"position\":1,\"name\":\"Portada\",\"item\":\"https:\/\/elregionalvm.com.ar\/noticias-villa-maria\/\"},{\"@type\":\"ListItem\",\"position\":2,\"name\":\"La empresa de Villa Mar\u00eda \u00abDuyAmis\u00bb, se consagr\u00f3 nuevamente como el mejor dulce de leche del pa\u00eds\"}]},{\"@type\":\"WebSite\",\"@id\":\"http:\/\/elregionalvm.com.ar\/noticias-villa-maria\/#website\",\"url\":\"http:\/\/elregionalvm.com.ar\/noticias-villa-maria\/\",\"name\":\"El Regional\",\"description\":\"Mucho m\u00e1s que informaci\u00f3n\",\"potentialAction\":[{\"@type\":\"SearchAction\",\"target\":{\"@type\":\"EntryPoint\",\"urlTemplate\":\"http:\/\/elregionalvm.com.ar\/noticias-villa-maria\/?s={search_term_string}\"},\"query-input\":{\"@type\":\"PropertyValueSpecification\",\"valueRequired\":true,\"valueName\":\"search_term_string\"}}],\"inLanguage\":\"es\"},{\"@type\":\"Person\",\"@id\":\"http:\/\/elregionalvm.com.ar\/noticias-villa-maria\/#\/schema\/person\/a0fb9c422317faca23d50163151bc354\",\"name\":\"Contenidos El Regional\",\"image\":{\"@type\":\"ImageObject\",\"inLanguage\":\"es\",\"@id\":\"http:\/\/elregionalvm.com.ar\/noticias-villa-maria\/#\/schema\/person\/image\/\",\"url\":\"https:\/\/secure.gravatar.com\/avatar\/265b27cb2209af7bb3a1318f03305787d7981a5cc6e6cd08fe5a4ecdf99d4b48?s=96&d=mm&r=g\",\"contentUrl\":\"https:\/\/secure.gravatar.com\/avatar\/265b27cb2209af7bb3a1318f03305787d7981a5cc6e6cd08fe5a4ecdf99d4b48?s=96&d=mm&r=g\",\"caption\":\"Contenidos El Regional\"},\"url\":\"https:\/\/elregionalvm.com.ar\/noticias-villa-maria\/author\/contenido\/\"}]}<\/script>\n<!-- \/ Yoast SEO plugin. -->","yoast_head_json":{"title":"La empresa de Villa Mar\u00eda \"DuyAmis\", se consagr\u00f3 nuevamente como el mejor dulce de leche del pa\u00eds - El Regional","robots":{"index":"index","follow":"follow","max-snippet":"max-snippet:-1","max-image-preview":"max-image-preview:large","max-video-preview":"max-video-preview:-1"},"canonical":"https:\/\/elregionalvm.com.ar\/noticias-villa-maria\/la-empresa-de-villa-maria-duyamis-se-consagro-nuevamente-como-el-mejor-dulce-de-leche-del-pais\/","og_locale":"es_ES","og_type":"article","og_title":"La empresa de Villa Mar\u00eda \"DuyAmis\", se consagr\u00f3 nuevamente como el mejor dulce de leche del pa\u00eds - El Regional","og_description":"La empresa villamariense se qued\u00f3 con el primer puesto en la categor\u00eda Dulce de Leche Familiar de la \u201cCopa Argentina\u201d que se desarroll\u00f3 en el marco de la muestra Todo L\u00e1ctea. El dulce de leche familiar de DuyAmis volvi\u00f3 a ser galardonado en un certamen nacional. La empresa villamariense -perteneciente al Grupo Don Emilio- obtuvo [&hellip;]","og_url":"https:\/\/elregionalvm.com.ar\/noticias-villa-maria\/la-empresa-de-villa-maria-duyamis-se-consagro-nuevamente-como-el-mejor-dulce-de-leche-del-pais\/","og_site_name":"El Regional","article_publisher":"https:\/\/www.facebook.com\/elregionalvm","article_published_time":"2025-05-16T20:30:42+00:00","article_modified_time":"2025-05-16T20:30:45+00:00","og_image":[{"width":960,"height":1280,"url":"https:\/\/elregionalvm.com.ar\/noticias-villa-maria\/wp-content\/uploads\/2025\/05\/WhatsApp-Image-2025-05-16-at-11.00.14-AM.jpeg","type":"image\/jpeg"}],"author":"Contenidos El Regional","twitter_card":"summary_large_image","twitter_creator":"@elregionalvm1","twitter_site":"@elregionalvm1","twitter_misc":{"Escrito por":"Contenidos El Regional","Tiempo de lectura":"3 minutos"},"schema":{"@context":"https:\/\/schema.org","@graph":[{"@type":"Article","@id":"https:\/\/elregionalvm.com.ar\/noticias-villa-maria\/la-empresa-de-villa-maria-duyamis-se-consagro-nuevamente-como-el-mejor-dulce-de-leche-del-pais\/#article","isPartOf":{"@id":"https:\/\/elregionalvm.com.ar\/noticias-villa-maria\/la-empresa-de-villa-maria-duyamis-se-consagro-nuevamente-como-el-mejor-dulce-de-leche-del-pais\/"},"author":{"name":"Contenidos El Regional","@id":"http:\/\/elregionalvm.com.ar\/noticias-villa-maria\/#\/schema\/person\/a0fb9c422317faca23d50163151bc354"},"headline":"La empresa de Villa Mar\u00eda \u00abDuyAmis\u00bb, se consagr\u00f3 nuevamente como el mejor dulce de leche del pa\u00eds","datePublished":"2025-05-16T20:30:42+00:00","dateModified":"2025-05-16T20:30:45+00:00","mainEntityOfPage":{"@id":"https:\/\/elregionalvm.com.ar\/noticias-villa-maria\/la-empresa-de-villa-maria-duyamis-se-consagro-nuevamente-como-el-mejor-dulce-de-leche-del-pais\/"},"wordCount":485,"commentCount":0,"image":{"@id":"https:\/\/elregionalvm.com.ar\/noticias-villa-maria\/la-empresa-de-villa-maria-duyamis-se-consagro-nuevamente-como-el-mejor-dulce-de-leche-del-pais\/#primaryimage"},"thumbnailUrl":"https:\/\/i0.wp.com\/elregionalvm.com.ar\/noticias-villa-maria\/wp-content\/uploads\/2025\/05\/WhatsApp-Image-2025-05-16-at-11.00.14-AM.jpeg?fit=960%2C1280&ssl=1","articleSection":["destacado","Sociedad","Villa Mar\u00eda"],"inLanguage":"es","potentialAction":[{"@type":"CommentAction","name":"Comment","target":["https:\/\/elregionalvm.com.ar\/noticias-villa-maria\/la-empresa-de-villa-maria-duyamis-se-consagro-nuevamente-como-el-mejor-dulce-de-leche-del-pais\/#respond"]}]},{"@type":"WebPage","@id":"https:\/\/elregionalvm.com.ar\/noticias-villa-maria\/la-empresa-de-villa-maria-duyamis-se-consagro-nuevamente-como-el-mejor-dulce-de-leche-del-pais\/","url":"https:\/\/elregionalvm.com.ar\/noticias-villa-maria\/la-empresa-de-villa-maria-duyamis-se-consagro-nuevamente-como-el-mejor-dulce-de-leche-del-pais\/","name":"La empresa de Villa Mar\u00eda \"DuyAmis\", se consagr\u00f3 nuevamente como el mejor dulce de leche del pa\u00eds - El Regional","isPartOf":{"@id":"http:\/\/elregionalvm.com.ar\/noticias-villa-maria\/#website"},"primaryImageOfPage":{"@id":"https:\/\/elregionalvm.com.ar\/noticias-villa-maria\/la-empresa-de-villa-maria-duyamis-se-consagro-nuevamente-como-el-mejor-dulce-de-leche-del-pais\/#primaryimage"},"image":{"@id":"https:\/\/elregionalvm.com.ar\/noticias-villa-maria\/la-empresa-de-villa-maria-duyamis-se-consagro-nuevamente-como-el-mejor-dulce-de-leche-del-pais\/#primaryimage"},"thumbnailUrl":"https:\/\/i0.wp.com\/elregionalvm.com.ar\/noticias-villa-maria\/wp-content\/uploads\/2025\/05\/WhatsApp-Image-2025-05-16-at-11.00.14-AM.jpeg?fit=960%2C1280&ssl=1","datePublished":"2025-05-16T20:30:42+00:00","dateModified":"2025-05-16T20:30:45+00:00","author":{"@id":"http:\/\/elregionalvm.com.ar\/noticias-villa-maria\/#\/schema\/person\/a0fb9c422317faca23d50163151bc354"},"breadcrumb":{"@id":"https:\/\/elregionalvm.com.ar\/noticias-villa-maria\/la-empresa-de-villa-maria-duyamis-se-consagro-nuevamente-como-el-mejor-dulce-de-leche-del-pais\/#breadcrumb"},"inLanguage":"es","potentialAction":[{"@type":"ReadAction","target":["https:\/\/elregionalvm.com.ar\/noticias-villa-maria\/la-empresa-de-villa-maria-duyamis-se-consagro-nuevamente-como-el-mejor-dulce-de-leche-del-pais\/"]}]},{"@type":"ImageObject","inLanguage":"es","@id":"https:\/\/elregionalvm.com.ar\/noticias-villa-maria\/la-empresa-de-villa-maria-duyamis-se-consagro-nuevamente-como-el-mejor-dulce-de-leche-del-pais\/#primaryimage","url":"https:\/\/i0.wp.com\/elregionalvm.com.ar\/noticias-villa-maria\/wp-content\/uploads\/2025\/05\/WhatsApp-Image-2025-05-16-at-11.00.14-AM.jpeg?fit=960%2C1280&ssl=1","contentUrl":"https:\/\/i0.wp.com\/elregionalvm.com.ar\/noticias-villa-maria\/wp-content\/uploads\/2025\/05\/WhatsApp-Image-2025-05-16-at-11.00.14-AM.jpeg?fit=960%2C1280&ssl=1","width":960,"height":1280},{"@type":"BreadcrumbList","@id":"https:\/\/elregionalvm.com.ar\/noticias-villa-maria\/la-empresa-de-villa-maria-duyamis-se-consagro-nuevamente-como-el-mejor-dulce-de-leche-del-pais\/#breadcrumb","itemListElement":[{"@type":"ListItem","position":1,"name":"Portada","item":"https:\/\/elregionalvm.com.ar\/noticias-villa-maria\/"},{"@type":"ListItem","position":2,"name":"La empresa de Villa Mar\u00eda \u00abDuyAmis\u00bb, se consagr\u00f3 nuevamente como el mejor dulce de leche del pa\u00eds"}]},{"@type":"WebSite","@id":"http:\/\/elregionalvm.com.ar\/noticias-villa-maria\/#website","url":"http:\/\/elregionalvm.com.ar\/noticias-villa-maria\/","name":"El Regional","description":"Mucho m\u00e1s que informaci\u00f3n","potentialAction":[{"@type":"SearchAction","target":{"@type":"EntryPoint","urlTemplate":"http:\/\/elregionalvm.com.ar\/noticias-villa-maria\/?s={search_term_string}"},"query-input":{"@type":"PropertyValueSpecification","valueRequired":true,"valueName":"search_term_string"}}],"inLanguage":"es"},{"@type":"Person","@id":"http:\/\/elregionalvm.com.ar\/noticias-villa-maria\/#\/schema\/person\/a0fb9c422317faca23d50163151bc354","name":"Contenidos El Regional","image":{"@type":"ImageObject","inLanguage":"es","@id":"http:\/\/elregionalvm.com.ar\/noticias-villa-maria\/#\/schema\/person\/image\/","url":"https:\/\/secure.gravatar.com\/avatar\/265b27cb2209af7bb3a1318f03305787d7981a5cc6e6cd08fe5a4ecdf99d4b48?s=96&d=mm&r=g","contentUrl":"https:\/\/secure.gravatar.com\/avatar\/265b27cb2209af7bb3a1318f03305787d7981a5cc6e6cd08fe5a4ecdf99d4b48?s=96&d=mm&r=g","caption":"Contenidos El Regional"},"url":"https:\/\/elregionalvm.com.ar\/noticias-villa-maria\/author\/contenido\/"}]}},"jetpack_featured_media_url":"https:\/\/i0.wp.com\/elregionalvm.com.ar\/noticias-villa-maria\/wp-content\/uploads\/2025\/05\/WhatsApp-Image-2025-05-16-at-11.00.14-AM.jpeg?fit=960%2C1280&ssl=1","jetpack_sharing_enabled":true,"_links":{"self":[{"href":"https:\/\/elregionalvm.com.ar\/noticias-villa-maria\/wp-json\/wp\/v2\/posts\/106279","targetHints":{"allow":["GET"]}}],"collection":[{"href":"https:\/\/elregionalvm.com.ar\/noticias-villa-maria\/wp-json\/wp\/v2\/posts"}],"about":[{"href":"https:\/\/elregionalvm.com.ar\/noticias-villa-maria\/wp-json\/wp\/v2\/types\/post"}],"author":[{"embeddable":true,"href":"https:\/\/elregionalvm.com.ar\/noticias-villa-maria\/wp-json\/wp\/v2\/users\/4"}],"replies":[{"embeddable":true,"href":"https:\/\/elregionalvm.com.ar\/noticias-villa-maria\/wp-json\/wp\/v2\/comments?post=106279"}],"version-history":[{"count":1,"href":"https:\/\/elregionalvm.com.ar\/noticias-villa-maria\/wp-json\/wp\/v2\/posts\/106279\/revisions"}],"predecessor-version":[{"id":106281,"href":"https:\/\/elregionalvm.com.ar\/noticias-villa-maria\/wp-json\/wp\/v2\/posts\/106279\/revisions\/106281"}],"wp:featuredmedia":[{"embeddable":true,"href":"https:\/\/elregionalvm.com.ar\/noticias-villa-maria\/wp-json\/wp\/v2\/media\/106280"}],"wp:attachment":[{"href":"https:\/\/elregionalvm.com.ar\/noticias-villa-maria\/wp-json\/wp\/v2\/media?parent=106279"}],"wp:term":[{"taxonomy":"category","embeddable":true,"href":"https:\/\/elregionalvm.com.ar\/noticias-villa-maria\/wp-json\/wp\/v2\/categories?post=106279"},{"taxonomy":"post_tag","embeddable":true,"href":"https:\/\/elregionalvm.com.ar\/noticias-villa-maria\/wp-json\/wp\/v2\/tags?post=106279"}],"curies":[{"name":"wp","href":"https:\/\/api.w.org\/{rel}","templated":true}]}}