{"id":106282,"date":"2025-05-16T20:34:39","date_gmt":"2025-05-16T20:34:39","guid":{"rendered":"https:\/\/elregionalvm.com.ar\/noticias-villa-maria\/?p=106282"},"modified":"2025-05-16T20:34:40","modified_gmt":"2025-05-16T20:34:40","slug":"fue-un-exito-la-jornada-de-testeos-rapidos-de-its-en-barrio-carlos-pellegrini","status":"publish","type":"post","link":"https:\/\/elregionalvm.com.ar\/noticias-villa-maria\/fue-un-exito-la-jornada-de-testeos-rapidos-de-its-en-barrio-carlos-pellegrini\/","title":{"rendered":"Fue un \u00e9xito la jornada de testeos r\u00e1pidos de ITS en barrio Carlos Pellegrini"},"content":{"rendered":"\n<p>La actividad se realiz\u00f3 en el Centro Vecinal del Barrio Carlos Pellegrini, entre las 16 y 19 horas, y tuvo como objetivo promover la prevenci\u00f3n y el diagn\u00f3stico temprano de estas patolog\u00edas.<\/p>\n\n\n\n<p>Los testeos fueron realizados por profesionales de AMMAR C\u00f3rdoba junto a representantes locales, en articulaci\u00f3n con la Secretar\u00eda de Salud Municipal, el equipo interdisciplinario que aborda las ITS y el Laboratorio de Asistencia P\u00fablica.<\/p>\n\n\n\n<p>El procedimiento consisti\u00f3 en un simple pinchazo que permiti\u00f3 obtener resultados en tan solo 20 minutos, facilitando as\u00ed una atenci\u00f3n oportuna y personalizada para los asistentes que se acercaron durante la tarde.<\/p>\n\n\n\n<p>Durante la jornada, adem\u00e1s de los testeos gratuitos, se distribuy\u00f3 material informativo sobre prevenci\u00f3n y se brind\u00f3 asesoramiento personalizado a los vecinos que se acercaron al centro vecinal.<\/p>\n\n\n\n<p>Es importante destacar que muchas ITS no presentan s\u00edntomas en sus primeras etapas, por lo que realizarse controles peri\u00f3dicos resulta fundamental para cuidar la salud individual y comunitaria, mensaje que fue reforzado durante toda la actividad.<\/p>\n\n\n\n<p>Esta iniciativa forma parte de las pol\u00edticas p\u00fablicas de salud preventiva que lleva adelante el Municipio en los diferentes barrios de la ciudad, con el objetivo de acercar servicios de salud a toda la poblaci\u00f3n y promover el acceso equitativo a herramientas de prevenci\u00f3n.<\/p>\n","protected":false},"excerpt":{"rendered":"<p>La actividad se realiz\u00f3 en el Centro Vecinal del Barrio Carlos Pellegrini, entre las 16 y 19 horas, y tuvo como objetivo promover la prevenci\u00f3n y el diagn\u00f3stico temprano de estas patolog\u00edas. Los testeos fueron realizados por profesionales de AMMAR C\u00f3rdoba junto a representantes locales, en articulaci\u00f3n con la Secretar\u00eda de Salud Municipal, el equipo [&hellip;]<\/p>\n","protected":false},"author":4,"featured_media":106283,"comment_status":"open","ping_status":"open","sticky":false,"template":"","format":"standard","meta":{"site-sidebar-layout":"default","site-content-layout":"","ast-site-content-layout":"default","site-content-style":"default","site-sidebar-style":"default","ast-global-header-display":"","ast-banner-title-visibility":"","ast-main-header-display":"","ast-hfb-above-header-display":"","ast-hfb-below-header-display":"","ast-hfb-mobile-header-display":"","site-post-title":"","ast-breadcrumbs-content":"","ast-featured-img":"","footer-sml-layout":"","ast-disable-related-posts":"","theme-transparent-header-meta":"","adv-header-id-meta":"","stick-header-meta":"","header-above-stick-meta":"","header-main-stick-meta":"","header-below-stick-meta":"","astra-migrate-meta-layouts":"set","ast-page-background-enabled":"default","ast-page-background-meta":{"desktop":{"background-color":"","background-image":"","background-repeat":"repeat","background-position":"center center","background-size":"auto","background-attachment":"scroll","background-type":"","background-media":"","overlay-type":"","overlay-color":"","overlay-opacity":"","overlay-gradient":""},"tablet":{"background-color":"","background-image":"","background-repeat":"repeat","background-position":"center center","background-size":"auto","background-attachment":"scroll","background-type":"","background-media":"","overlay-type":"","overlay-color":"","overlay-opacity":"","overlay-gradient":""},"mobile":{"background-color":"","background-image":"","background-repeat":"repeat","background-position":"center center","background-size":"auto","background-attachment":"scroll","background-type":"","background-media":"","overlay-type":"","overlay-color":"","overlay-opacity":"","overlay-gradient":""}},"ast-content-background-meta":{"desktop":{"background-color":"var(--ast-global-color-5)","background-image":"","background-repeat":"repeat","background-position":"center center","background-size":"auto","background-attachment":"scroll","background-type":"","background-media":"","overlay-type":"","overlay-color":"","overlay-opacity":"","overlay-gradient":""},"tablet":{"background-color":"var(--ast-global-color-5)","background-image":"","background-repeat":"repeat","background-position":"center center","background-size":"auto","background-attachment":"scroll","background-type":"","background-media":"","overlay-type":"","overlay-color":"","overlay-opacity":"","overlay-gradient":""},"mobile":{"background-color":"var(--ast-global-color-5)","background-image":"","background-repeat":"repeat","background-position":"center center","background-size":"auto","background-attachment":"scroll","background-type":"","background-media":"","overlay-type":"","overlay-color":"","overlay-opacity":"","overlay-gradient":""}},"_jetpack_memberships_contains_paid_content":false,"_joinchat":[],"footnotes":""},"categories":[15302,5,2],"tags":[],"class_list":["post-106282","post","type-post","status-publish","format-standard","has-post-thumbnail","hentry","category-destacado","category-sociedad","category-villa-maria"],"yoast_head":"<!-- This site is optimized with the Yoast SEO plugin v26.8 - https:\/\/yoast.com\/product\/yoast-seo-wordpress\/ -->\n<title>Fue un \u00e9xito la jornada de testeos r\u00e1pidos de ITS en barrio Carlos Pellegrini - El Regional<\/title>\n<meta name=\"robots\" content=\"index, follow, max-snippet:-1, max-image-preview:large, max-video-preview:-1\" \/>\n<link rel=\"canonical\" href=\"https:\/\/elregionalvm.com.ar\/noticias-villa-maria\/fue-un-exito-la-jornada-de-testeos-rapidos-de-its-en-barrio-carlos-pellegrini\/\" \/>\n<meta property=\"og:locale\" content=\"es_ES\" \/>\n<meta property=\"og:type\" content=\"article\" \/>\n<meta property=\"og:title\" content=\"Fue un \u00e9xito la jornada de testeos r\u00e1pidos de ITS en barrio Carlos Pellegrini - El Regional\" \/>\n<meta property=\"og:description\" content=\"La actividad se realiz\u00f3 en el Centro Vecinal del Barrio Carlos Pellegrini, entre las 16 y 19 horas, y tuvo como objetivo promover la prevenci\u00f3n y el diagn\u00f3stico temprano de estas patolog\u00edas. Los testeos fueron realizados por profesionales de AMMAR C\u00f3rdoba junto a representantes locales, en articulaci\u00f3n con la Secretar\u00eda de Salud Municipal, el equipo [&hellip;]\" \/>\n<meta property=\"og:url\" content=\"https:\/\/elregionalvm.com.ar\/noticias-villa-maria\/fue-un-exito-la-jornada-de-testeos-rapidos-de-its-en-barrio-carlos-pellegrini\/\" \/>\n<meta property=\"og:site_name\" content=\"El Regional\" \/>\n<meta property=\"article:publisher\" content=\"https:\/\/www.facebook.com\/elregionalvm\" \/>\n<meta property=\"article:published_time\" content=\"2025-05-16T20:34:39+00:00\" \/>\n<meta property=\"article:modified_time\" content=\"2025-05-16T20:34:40+00:00\" \/>\n<meta property=\"og:image\" content=\"https:\/\/elregionalvm.com.ar\/noticias-villa-maria\/wp-content\/uploads\/2025\/05\/54459136099b4db8af2531c33af6142c.png\" \/>\n\t<meta property=\"og:image:width\" content=\"800\" \/>\n\t<meta property=\"og:image:height\" content=\"600\" \/>\n\t<meta property=\"og:image:type\" content=\"image\/png\" \/>\n<meta name=\"author\" content=\"Contenidos El Regional\" \/>\n<meta name=\"twitter:card\" content=\"summary_large_image\" \/>\n<meta name=\"twitter:creator\" content=\"@elregionalvm1\" \/>\n<meta name=\"twitter:site\" content=\"@elregionalvm1\" \/>\n<meta name=\"twitter:label1\" content=\"Escrito por\" \/>\n\t<meta name=\"twitter:data1\" content=\"Contenidos El Regional\" \/>\n\t<meta name=\"twitter:label2\" content=\"Tiempo de lectura\" \/>\n\t<meta name=\"twitter:data2\" content=\"2 minutos\" \/>\n<script type=\"application\/ld+json\" class=\"yoast-schema-graph\">{\"@context\":\"https:\/\/schema.org\",\"@graph\":[{\"@type\":\"Article\",\"@id\":\"https:\/\/elregionalvm.com.ar\/noticias-villa-maria\/fue-un-exito-la-jornada-de-testeos-rapidos-de-its-en-barrio-carlos-pellegrini\/#article\",\"isPartOf\":{\"@id\":\"https:\/\/elregionalvm.com.ar\/noticias-villa-maria\/fue-un-exito-la-jornada-de-testeos-rapidos-de-its-en-barrio-carlos-pellegrini\/\"},\"author\":{\"name\":\"Contenidos El Regional\",\"@id\":\"http:\/\/elregionalvm.com.ar\/noticias-villa-maria\/#\/schema\/person\/a0fb9c422317faca23d50163151bc354\"},\"headline\":\"Fue un \u00e9xito la jornada de testeos r\u00e1pidos de ITS en barrio Carlos Pellegrini\",\"datePublished\":\"2025-05-16T20:34:39+00:00\",\"dateModified\":\"2025-05-16T20:34:40+00:00\",\"mainEntityOfPage\":{\"@id\":\"https:\/\/elregionalvm.com.ar\/noticias-villa-maria\/fue-un-exito-la-jornada-de-testeos-rapidos-de-its-en-barrio-carlos-pellegrini\/\"},\"wordCount\":234,\"commentCount\":0,\"image\":{\"@id\":\"https:\/\/elregionalvm.com.ar\/noticias-villa-maria\/fue-un-exito-la-jornada-de-testeos-rapidos-de-its-en-barrio-carlos-pellegrini\/#primaryimage\"},\"thumbnailUrl\":\"https:\/\/i0.wp.com\/elregionalvm.com.ar\/noticias-villa-maria\/wp-content\/uploads\/2025\/05\/54459136099b4db8af2531c33af6142c.png?fit=800%2C600&ssl=1\",\"articleSection\":[\"destacado\",\"Sociedad\",\"Villa Mar\u00eda\"],\"inLanguage\":\"es\",\"potentialAction\":[{\"@type\":\"CommentAction\",\"name\":\"Comment\",\"target\":[\"https:\/\/elregionalvm.com.ar\/noticias-villa-maria\/fue-un-exito-la-jornada-de-testeos-rapidos-de-its-en-barrio-carlos-pellegrini\/#respond\"]}]},{\"@type\":\"WebPage\",\"@id\":\"https:\/\/elregionalvm.com.ar\/noticias-villa-maria\/fue-un-exito-la-jornada-de-testeos-rapidos-de-its-en-barrio-carlos-pellegrini\/\",\"url\":\"https:\/\/elregionalvm.com.ar\/noticias-villa-maria\/fue-un-exito-la-jornada-de-testeos-rapidos-de-its-en-barrio-carlos-pellegrini\/\",\"name\":\"Fue un \u00e9xito la jornada de testeos r\u00e1pidos de ITS en barrio Carlos Pellegrini - El Regional\",\"isPartOf\":{\"@id\":\"http:\/\/elregionalvm.com.ar\/noticias-villa-maria\/#website\"},\"primaryImageOfPage\":{\"@id\":\"https:\/\/elregionalvm.com.ar\/noticias-villa-maria\/fue-un-exito-la-jornada-de-testeos-rapidos-de-its-en-barrio-carlos-pellegrini\/#primaryimage\"},\"image\":{\"@id\":\"https:\/\/elregionalvm.com.ar\/noticias-villa-maria\/fue-un-exito-la-jornada-de-testeos-rapidos-de-its-en-barrio-carlos-pellegrini\/#primaryimage\"},\"thumbnailUrl\":\"https:\/\/i0.wp.com\/elregionalvm.com.ar\/noticias-villa-maria\/wp-content\/uploads\/2025\/05\/54459136099b4db8af2531c33af6142c.png?fit=800%2C600&ssl=1\",\"datePublished\":\"2025-05-16T20:34:39+00:00\",\"dateModified\":\"2025-05-16T20:34:40+00:00\",\"author\":{\"@id\":\"http:\/\/elregionalvm.com.ar\/noticias-villa-maria\/#\/schema\/person\/a0fb9c422317faca23d50163151bc354\"},\"breadcrumb\":{\"@id\":\"https:\/\/elregionalvm.com.ar\/noticias-villa-maria\/fue-un-exito-la-jornada-de-testeos-rapidos-de-its-en-barrio-carlos-pellegrini\/#breadcrumb\"},\"inLanguage\":\"es\",\"potentialAction\":[{\"@type\":\"ReadAction\",\"target\":[\"https:\/\/elregionalvm.com.ar\/noticias-villa-maria\/fue-un-exito-la-jornada-de-testeos-rapidos-de-its-en-barrio-carlos-pellegrini\/\"]}]},{\"@type\":\"ImageObject\",\"inLanguage\":\"es\",\"@id\":\"https:\/\/elregionalvm.com.ar\/noticias-villa-maria\/fue-un-exito-la-jornada-de-testeos-rapidos-de-its-en-barrio-carlos-pellegrini\/#primaryimage\",\"url\":\"https:\/\/i0.wp.com\/elregionalvm.com.ar\/noticias-villa-maria\/wp-content\/uploads\/2025\/05\/54459136099b4db8af2531c33af6142c.png?fit=800%2C600&ssl=1\",\"contentUrl\":\"https:\/\/i0.wp.com\/elregionalvm.com.ar\/noticias-villa-maria\/wp-content\/uploads\/2025\/05\/54459136099b4db8af2531c33af6142c.png?fit=800%2C600&ssl=1\",\"width\":800,\"height\":600},{\"@type\":\"BreadcrumbList\",\"@id\":\"https:\/\/elregionalvm.com.ar\/noticias-villa-maria\/fue-un-exito-la-jornada-de-testeos-rapidos-de-its-en-barrio-carlos-pellegrini\/#breadcrumb\",\"itemListElement\":[{\"@type\":\"ListItem\",\"position\":1,\"name\":\"Portada\",\"item\":\"https:\/\/elregionalvm.com.ar\/noticias-villa-maria\/\"},{\"@type\":\"ListItem\",\"position\":2,\"name\":\"Fue un \u00e9xito la jornada de testeos r\u00e1pidos de ITS en barrio Carlos Pellegrini\"}]},{\"@type\":\"WebSite\",\"@id\":\"http:\/\/elregionalvm.com.ar\/noticias-villa-maria\/#website\",\"url\":\"http:\/\/elregionalvm.com.ar\/noticias-villa-maria\/\",\"name\":\"El Regional\",\"description\":\"Mucho m\u00e1s que informaci\u00f3n\",\"potentialAction\":[{\"@type\":\"SearchAction\",\"target\":{\"@type\":\"EntryPoint\",\"urlTemplate\":\"http:\/\/elregionalvm.com.ar\/noticias-villa-maria\/?s={search_term_string}\"},\"query-input\":{\"@type\":\"PropertyValueSpecification\",\"valueRequired\":true,\"valueName\":\"search_term_string\"}}],\"inLanguage\":\"es\"},{\"@type\":\"Person\",\"@id\":\"http:\/\/elregionalvm.com.ar\/noticias-villa-maria\/#\/schema\/person\/a0fb9c422317faca23d50163151bc354\",\"name\":\"Contenidos El Regional\",\"image\":{\"@type\":\"ImageObject\",\"inLanguage\":\"es\",\"@id\":\"http:\/\/elregionalvm.com.ar\/noticias-villa-maria\/#\/schema\/person\/image\/\",\"url\":\"https:\/\/secure.gravatar.com\/avatar\/265b27cb2209af7bb3a1318f03305787d7981a5cc6e6cd08fe5a4ecdf99d4b48?s=96&d=mm&r=g\",\"contentUrl\":\"https:\/\/secure.gravatar.com\/avatar\/265b27cb2209af7bb3a1318f03305787d7981a5cc6e6cd08fe5a4ecdf99d4b48?s=96&d=mm&r=g\",\"caption\":\"Contenidos El Regional\"},\"url\":\"https:\/\/elregionalvm.com.ar\/noticias-villa-maria\/author\/contenido\/\"}]}<\/script>\n<!-- \/ Yoast SEO plugin. -->","yoast_head_json":{"title":"Fue un \u00e9xito la jornada de testeos r\u00e1pidos de ITS en barrio Carlos Pellegrini - El Regional","robots":{"index":"index","follow":"follow","max-snippet":"max-snippet:-1","max-image-preview":"max-image-preview:large","max-video-preview":"max-video-preview:-1"},"canonical":"https:\/\/elregionalvm.com.ar\/noticias-villa-maria\/fue-un-exito-la-jornada-de-testeos-rapidos-de-its-en-barrio-carlos-pellegrini\/","og_locale":"es_ES","og_type":"article","og_title":"Fue un \u00e9xito la jornada de testeos r\u00e1pidos de ITS en barrio Carlos Pellegrini - El Regional","og_description":"La actividad se realiz\u00f3 en el Centro Vecinal del Barrio Carlos Pellegrini, entre las 16 y 19 horas, y tuvo como objetivo promover la prevenci\u00f3n y el diagn\u00f3stico temprano de estas patolog\u00edas. Los testeos fueron realizados por profesionales de AMMAR C\u00f3rdoba junto a representantes locales, en articulaci\u00f3n con la Secretar\u00eda de Salud Municipal, el equipo [&hellip;]","og_url":"https:\/\/elregionalvm.com.ar\/noticias-villa-maria\/fue-un-exito-la-jornada-de-testeos-rapidos-de-its-en-barrio-carlos-pellegrini\/","og_site_name":"El Regional","article_publisher":"https:\/\/www.facebook.com\/elregionalvm","article_published_time":"2025-05-16T20:34:39+00:00","article_modified_time":"2025-05-16T20:34:40+00:00","og_image":[{"width":800,"height":600,"url":"https:\/\/elregionalvm.com.ar\/noticias-villa-maria\/wp-content\/uploads\/2025\/05\/54459136099b4db8af2531c33af6142c.png","type":"image\/png"}],"author":"Contenidos El Regional","twitter_card":"summary_large_image","twitter_creator":"@elregionalvm1","twitter_site":"@elregionalvm1","twitter_misc":{"Escrito por":"Contenidos El Regional","Tiempo de lectura":"2 minutos"},"schema":{"@context":"https:\/\/schema.org","@graph":[{"@type":"Article","@id":"https:\/\/elregionalvm.com.ar\/noticias-villa-maria\/fue-un-exito-la-jornada-de-testeos-rapidos-de-its-en-barrio-carlos-pellegrini\/#article","isPartOf":{"@id":"https:\/\/elregionalvm.com.ar\/noticias-villa-maria\/fue-un-exito-la-jornada-de-testeos-rapidos-de-its-en-barrio-carlos-pellegrini\/"},"author":{"name":"Contenidos El Regional","@id":"http:\/\/elregionalvm.com.ar\/noticias-villa-maria\/#\/schema\/person\/a0fb9c422317faca23d50163151bc354"},"headline":"Fue un \u00e9xito la jornada de testeos r\u00e1pidos de ITS en barrio Carlos Pellegrini","datePublished":"2025-05-16T20:34:39+00:00","dateModified":"2025-05-16T20:34:40+00:00","mainEntityOfPage":{"@id":"https:\/\/elregionalvm.com.ar\/noticias-villa-maria\/fue-un-exito-la-jornada-de-testeos-rapidos-de-its-en-barrio-carlos-pellegrini\/"},"wordCount":234,"commentCount":0,"image":{"@id":"https:\/\/elregionalvm.com.ar\/noticias-villa-maria\/fue-un-exito-la-jornada-de-testeos-rapidos-de-its-en-barrio-carlos-pellegrini\/#primaryimage"},"thumbnailUrl":"https:\/\/i0.wp.com\/elregionalvm.com.ar\/noticias-villa-maria\/wp-content\/uploads\/2025\/05\/54459136099b4db8af2531c33af6142c.png?fit=800%2C600&ssl=1","articleSection":["destacado","Sociedad","Villa Mar\u00eda"],"inLanguage":"es","potentialAction":[{"@type":"CommentAction","name":"Comment","target":["https:\/\/elregionalvm.com.ar\/noticias-villa-maria\/fue-un-exito-la-jornada-de-testeos-rapidos-de-its-en-barrio-carlos-pellegrini\/#respond"]}]},{"@type":"WebPage","@id":"https:\/\/elregionalvm.com.ar\/noticias-villa-maria\/fue-un-exito-la-jornada-de-testeos-rapidos-de-its-en-barrio-carlos-pellegrini\/","url":"https:\/\/elregionalvm.com.ar\/noticias-villa-maria\/fue-un-exito-la-jornada-de-testeos-rapidos-de-its-en-barrio-carlos-pellegrini\/","name":"Fue un \u00e9xito la jornada de testeos r\u00e1pidos de ITS en barrio Carlos Pellegrini - El Regional","isPartOf":{"@id":"http:\/\/elregionalvm.com.ar\/noticias-villa-maria\/#website"},"primaryImageOfPage":{"@id":"https:\/\/elregionalvm.com.ar\/noticias-villa-maria\/fue-un-exito-la-jornada-de-testeos-rapidos-de-its-en-barrio-carlos-pellegrini\/#primaryimage"},"image":{"@id":"https:\/\/elregionalvm.com.ar\/noticias-villa-maria\/fue-un-exito-la-jornada-de-testeos-rapidos-de-its-en-barrio-carlos-pellegrini\/#primaryimage"},"thumbnailUrl":"https:\/\/i0.wp.com\/elregionalvm.com.ar\/noticias-villa-maria\/wp-content\/uploads\/2025\/05\/54459136099b4db8af2531c33af6142c.png?fit=800%2C600&ssl=1","datePublished":"2025-05-16T20:34:39+00:00","dateModified":"2025-05-16T20:34:40+00:00","author":{"@id":"http:\/\/elregionalvm.com.ar\/noticias-villa-maria\/#\/schema\/person\/a0fb9c422317faca23d50163151bc354"},"breadcrumb":{"@id":"https:\/\/elregionalvm.com.ar\/noticias-villa-maria\/fue-un-exito-la-jornada-de-testeos-rapidos-de-its-en-barrio-carlos-pellegrini\/#breadcrumb"},"inLanguage":"es","potentialAction":[{"@type":"ReadAction","target":["https:\/\/elregionalvm.com.ar\/noticias-villa-maria\/fue-un-exito-la-jornada-de-testeos-rapidos-de-its-en-barrio-carlos-pellegrini\/"]}]},{"@type":"ImageObject","inLanguage":"es","@id":"https:\/\/elregionalvm.com.ar\/noticias-villa-maria\/fue-un-exito-la-jornada-de-testeos-rapidos-de-its-en-barrio-carlos-pellegrini\/#primaryimage","url":"https:\/\/i0.wp.com\/elregionalvm.com.ar\/noticias-villa-maria\/wp-content\/uploads\/2025\/05\/54459136099b4db8af2531c33af6142c.png?fit=800%2C600&ssl=1","contentUrl":"https:\/\/i0.wp.com\/elregionalvm.com.ar\/noticias-villa-maria\/wp-content\/uploads\/2025\/05\/54459136099b4db8af2531c33af6142c.png?fit=800%2C600&ssl=1","width":800,"height":600},{"@type":"BreadcrumbList","@id":"https:\/\/elregionalvm.com.ar\/noticias-villa-maria\/fue-un-exito-la-jornada-de-testeos-rapidos-de-its-en-barrio-carlos-pellegrini\/#breadcrumb","itemListElement":[{"@type":"ListItem","position":1,"name":"Portada","item":"https:\/\/elregionalvm.com.ar\/noticias-villa-maria\/"},{"@type":"ListItem","position":2,"name":"Fue un \u00e9xito la jornada de testeos r\u00e1pidos de ITS en barrio Carlos Pellegrini"}]},{"@type":"WebSite","@id":"http:\/\/elregionalvm.com.ar\/noticias-villa-maria\/#website","url":"http:\/\/elregionalvm.com.ar\/noticias-villa-maria\/","name":"El Regional","description":"Mucho m\u00e1s que informaci\u00f3n","potentialAction":[{"@type":"SearchAction","target":{"@type":"EntryPoint","urlTemplate":"http:\/\/elregionalvm.com.ar\/noticias-villa-maria\/?s={search_term_string}"},"query-input":{"@type":"PropertyValueSpecification","valueRequired":true,"valueName":"search_term_string"}}],"inLanguage":"es"},{"@type":"Person","@id":"http:\/\/elregionalvm.com.ar\/noticias-villa-maria\/#\/schema\/person\/a0fb9c422317faca23d50163151bc354","name":"Contenidos El Regional","image":{"@type":"ImageObject","inLanguage":"es","@id":"http:\/\/elregionalvm.com.ar\/noticias-villa-maria\/#\/schema\/person\/image\/","url":"https:\/\/secure.gravatar.com\/avatar\/265b27cb2209af7bb3a1318f03305787d7981a5cc6e6cd08fe5a4ecdf99d4b48?s=96&d=mm&r=g","contentUrl":"https:\/\/secure.gravatar.com\/avatar\/265b27cb2209af7bb3a1318f03305787d7981a5cc6e6cd08fe5a4ecdf99d4b48?s=96&d=mm&r=g","caption":"Contenidos El Regional"},"url":"https:\/\/elregionalvm.com.ar\/noticias-villa-maria\/author\/contenido\/"}]}},"jetpack_featured_media_url":"https:\/\/i0.wp.com\/elregionalvm.com.ar\/noticias-villa-maria\/wp-content\/uploads\/2025\/05\/54459136099b4db8af2531c33af6142c.png?fit=800%2C600&ssl=1","jetpack_sharing_enabled":true,"_links":{"self":[{"href":"https:\/\/elregionalvm.com.ar\/noticias-villa-maria\/wp-json\/wp\/v2\/posts\/106282","targetHints":{"allow":["GET"]}}],"collection":[{"href":"https:\/\/elregionalvm.com.ar\/noticias-villa-maria\/wp-json\/wp\/v2\/posts"}],"about":[{"href":"https:\/\/elregionalvm.com.ar\/noticias-villa-maria\/wp-json\/wp\/v2\/types\/post"}],"author":[{"embeddable":true,"href":"https:\/\/elregionalvm.com.ar\/noticias-villa-maria\/wp-json\/wp\/v2\/users\/4"}],"replies":[{"embeddable":true,"href":"https:\/\/elregionalvm.com.ar\/noticias-villa-maria\/wp-json\/wp\/v2\/comments?post=106282"}],"version-history":[{"count":1,"href":"https:\/\/elregionalvm.com.ar\/noticias-villa-maria\/wp-json\/wp\/v2\/posts\/106282\/revisions"}],"predecessor-version":[{"id":106284,"href":"https:\/\/elregionalvm.com.ar\/noticias-villa-maria\/wp-json\/wp\/v2\/posts\/106282\/revisions\/106284"}],"wp:featuredmedia":[{"embeddable":true,"href":"https:\/\/elregionalvm.com.ar\/noticias-villa-maria\/wp-json\/wp\/v2\/media\/106283"}],"wp:attachment":[{"href":"https:\/\/elregionalvm.com.ar\/noticias-villa-maria\/wp-json\/wp\/v2\/media?parent=106282"}],"wp:term":[{"taxonomy":"category","embeddable":true,"href":"https:\/\/elregionalvm.com.ar\/noticias-villa-maria\/wp-json\/wp\/v2\/categories?post=106282"},{"taxonomy":"post_tag","embeddable":true,"href":"https:\/\/elregionalvm.com.ar\/noticias-villa-maria\/wp-json\/wp\/v2\/tags?post=106282"}],"curies":[{"name":"wp","href":"https:\/\/api.w.org\/{rel}","templated":true}]}}