{"id":106285,"date":"2025-05-16T20:39:48","date_gmt":"2025-05-16T20:39:48","guid":{"rendered":"https:\/\/elregionalvm.com.ar\/noticias-villa-maria\/?p=106285"},"modified":"2025-05-18T22:48:19","modified_gmt":"2025-05-18T22:48:19","slug":"en-el-macrocentro-de-rio-cusrto-la-fpa-secuestro-cocaina","status":"publish","type":"post","link":"https:\/\/elregionalvm.com.ar\/noticias-villa-maria\/en-el-macrocentro-de-rio-cusrto-la-fpa-secuestro-cocaina\/","title":{"rendered":"En el macrocentro de R\u00edo Cuarto, la FPA secuestr\u00f3 coca\u00edna"},"content":{"rendered":"\n<p>En el marco de tareas de prevenci\u00f3n y control, efectivos de la Fuerza Policial Antinarcotr\u00e1fico realizaron una serie de operativos y patrullajes preventivos en distintos sectores de la ciudad de R\u00edo Cuarto.<\/p>\n\n\n\n<p>Durante el dispositivo, un sujeto de 47 a\u00f1os fue controlado en el macrocentro, en inmediaciones del Centro C\u00edvico de la ciudad. Como resultado de la intervenci\u00f3n, se procedi\u00f3 al secuestro de varias dosis de coca\u00edna quedando el procedimiento a disposici\u00f3n de la Fiscal\u00eda de Lucha contra el Narcotr\u00e1fico.<\/p>\n\n\n\n<p>Cabe destacar que los controles se extendieron tambi\u00e9n a los barrios Centro, Andino y Parque Sarmiento, como parte de una labor sostenida que la FPA desarrolla en toda la provincia para combatir el narcomenudeo y prevenir delitos vinculados al consumo y distribuci\u00f3n de estupefacientes.<\/p>\n","protected":false},"excerpt":{"rendered":"<p>En el marco de tareas de prevenci\u00f3n y control, efectivos de la Fuerza Policial Antinarcotr\u00e1fico realizaron una serie de operativos y patrullajes preventivos en distintos sectores de la ciudad de R\u00edo Cuarto. Durante el dispositivo, un sujeto de 47 a\u00f1os fue controlado en el macrocentro, en inmediaciones del Centro C\u00edvico de la ciudad. Como resultado [&hellip;]<\/p>\n","protected":false},"author":4,"featured_media":106286,"comment_status":"open","ping_status":"open","sticky":false,"template":"","format":"standard","meta":{"site-sidebar-layout":"default","site-content-layout":"","ast-site-content-layout":"default","site-content-style":"default","site-sidebar-style":"default","ast-global-header-display":"","ast-banner-title-visibility":"","ast-main-header-display":"","ast-hfb-above-header-display":"","ast-hfb-below-header-display":"","ast-hfb-mobile-header-display":"","site-post-title":"","ast-breadcrumbs-content":"","ast-featured-img":"","footer-sml-layout":"","ast-disable-related-posts":"","theme-transparent-header-meta":"","adv-header-id-meta":"","stick-header-meta":"","header-above-stick-meta":"","header-main-stick-meta":"","header-below-stick-meta":"","astra-migrate-meta-layouts":"set","ast-page-background-enabled":"default","ast-page-background-meta":{"desktop":{"background-color":"","background-image":"","background-repeat":"repeat","background-position":"center center","background-size":"auto","background-attachment":"scroll","background-type":"","background-media":"","overlay-type":"","overlay-color":"","overlay-opacity":"","overlay-gradient":""},"tablet":{"background-color":"","background-image":"","background-repeat":"repeat","background-position":"center center","background-size":"auto","background-attachment":"scroll","background-type":"","background-media":"","overlay-type":"","overlay-color":"","overlay-opacity":"","overlay-gradient":""},"mobile":{"background-color":"","background-image":"","background-repeat":"repeat","background-position":"center center","background-size":"auto","background-attachment":"scroll","background-type":"","background-media":"","overlay-type":"","overlay-color":"","overlay-opacity":"","overlay-gradient":""}},"ast-content-background-meta":{"desktop":{"background-color":"var(--ast-global-color-5)","background-image":"","background-repeat":"repeat","background-position":"center center","background-size":"auto","background-attachment":"scroll","background-type":"","background-media":"","overlay-type":"","overlay-color":"","overlay-opacity":"","overlay-gradient":""},"tablet":{"background-color":"var(--ast-global-color-5)","background-image":"","background-repeat":"repeat","background-position":"center center","background-size":"auto","background-attachment":"scroll","background-type":"","background-media":"","overlay-type":"","overlay-color":"","overlay-opacity":"","overlay-gradient":""},"mobile":{"background-color":"var(--ast-global-color-5)","background-image":"","background-repeat":"repeat","background-position":"center center","background-size":"auto","background-attachment":"scroll","background-type":"","background-media":"","overlay-type":"","overlay-color":"","overlay-opacity":"","overlay-gradient":""}},"_jetpack_memberships_contains_paid_content":false,"_joinchat":[],"footnotes":""},"categories":[2234,2091,5],"tags":[],"class_list":["post-106285","post","type-post","status-publish","format-standard","has-post-thumbnail","hentry","category-policiales","category-region","category-sociedad"],"yoast_head":"<!-- This site is optimized with the Yoast SEO plugin v26.8 - https:\/\/yoast.com\/product\/yoast-seo-wordpress\/ -->\n<title>En el macrocentro de R\u00edo Cuarto, la FPA secuestr\u00f3 coca\u00edna - El Regional<\/title>\n<meta name=\"robots\" content=\"index, follow, max-snippet:-1, max-image-preview:large, max-video-preview:-1\" \/>\n<link rel=\"canonical\" href=\"https:\/\/elregionalvm.com.ar\/noticias-villa-maria\/en-el-macrocentro-de-rio-cusrto-la-fpa-secuestro-cocaina\/\" \/>\n<meta property=\"og:locale\" content=\"es_ES\" \/>\n<meta property=\"og:type\" content=\"article\" \/>\n<meta property=\"og:title\" content=\"En el macrocentro de R\u00edo Cuarto, la FPA secuestr\u00f3 coca\u00edna - El Regional\" \/>\n<meta property=\"og:description\" content=\"En el marco de tareas de prevenci\u00f3n y control, efectivos de la Fuerza Policial Antinarcotr\u00e1fico realizaron una serie de operativos y patrullajes preventivos en distintos sectores de la ciudad de R\u00edo Cuarto. Durante el dispositivo, un sujeto de 47 a\u00f1os fue controlado en el macrocentro, en inmediaciones del Centro C\u00edvico de la ciudad. Como resultado [&hellip;]\" \/>\n<meta property=\"og:url\" content=\"https:\/\/elregionalvm.com.ar\/noticias-villa-maria\/en-el-macrocentro-de-rio-cusrto-la-fpa-secuestro-cocaina\/\" \/>\n<meta property=\"og:site_name\" content=\"El Regional\" \/>\n<meta property=\"article:publisher\" content=\"https:\/\/www.facebook.com\/elregionalvm\" \/>\n<meta property=\"article:published_time\" content=\"2025-05-16T20:39:48+00:00\" \/>\n<meta property=\"article:modified_time\" content=\"2025-05-18T22:48:19+00:00\" \/>\n<meta property=\"og:image\" content=\"https:\/\/elregionalvm.com.ar\/noticias-villa-maria\/wp-content\/uploads\/2025\/05\/WhatsApp-Image-2025-05-14-at-11.42.35-AM-1-768x496-1.jpeg\" \/>\n\t<meta property=\"og:image:width\" content=\"768\" \/>\n\t<meta property=\"og:image:height\" content=\"496\" \/>\n\t<meta property=\"og:image:type\" content=\"image\/jpeg\" \/>\n<meta name=\"author\" content=\"Contenidos El Regional\" \/>\n<meta name=\"twitter:card\" content=\"summary_large_image\" \/>\n<meta name=\"twitter:creator\" content=\"@elregionalvm1\" \/>\n<meta name=\"twitter:site\" content=\"@elregionalvm1\" \/>\n<meta name=\"twitter:label1\" content=\"Escrito por\" \/>\n\t<meta name=\"twitter:data1\" content=\"Contenidos El Regional\" \/>\n\t<meta name=\"twitter:label2\" content=\"Tiempo de lectura\" \/>\n\t<meta name=\"twitter:data2\" content=\"1 minuto\" \/>\n<script type=\"application\/ld+json\" class=\"yoast-schema-graph\">{\"@context\":\"https:\/\/schema.org\",\"@graph\":[{\"@type\":\"Article\",\"@id\":\"https:\/\/elregionalvm.com.ar\/noticias-villa-maria\/en-el-macrocentro-de-rio-cusrto-la-fpa-secuestro-cocaina\/#article\",\"isPartOf\":{\"@id\":\"https:\/\/elregionalvm.com.ar\/noticias-villa-maria\/en-el-macrocentro-de-rio-cusrto-la-fpa-secuestro-cocaina\/\"},\"author\":{\"name\":\"Contenidos El Regional\",\"@id\":\"http:\/\/elregionalvm.com.ar\/noticias-villa-maria\/#\/schema\/person\/a0fb9c422317faca23d50163151bc354\"},\"headline\":\"En el macrocentro de R\u00edo Cuarto, la FPA secuestr\u00f3 coca\u00edna\",\"datePublished\":\"2025-05-16T20:39:48+00:00\",\"dateModified\":\"2025-05-18T22:48:19+00:00\",\"mainEntityOfPage\":{\"@id\":\"https:\/\/elregionalvm.com.ar\/noticias-villa-maria\/en-el-macrocentro-de-rio-cusrto-la-fpa-secuestro-cocaina\/\"},\"wordCount\":147,\"commentCount\":0,\"image\":{\"@id\":\"https:\/\/elregionalvm.com.ar\/noticias-villa-maria\/en-el-macrocentro-de-rio-cusrto-la-fpa-secuestro-cocaina\/#primaryimage\"},\"thumbnailUrl\":\"https:\/\/i0.wp.com\/elregionalvm.com.ar\/noticias-villa-maria\/wp-content\/uploads\/2025\/05\/WhatsApp-Image-2025-05-14-at-11.42.35-AM-1-768x496-1.jpeg?fit=768%2C496&ssl=1\",\"articleSection\":[\"Policiales\",\"Regi\u00f3n\",\"Sociedad\"],\"inLanguage\":\"es\",\"potentialAction\":[{\"@type\":\"CommentAction\",\"name\":\"Comment\",\"target\":[\"https:\/\/elregionalvm.com.ar\/noticias-villa-maria\/en-el-macrocentro-de-rio-cusrto-la-fpa-secuestro-cocaina\/#respond\"]}]},{\"@type\":\"WebPage\",\"@id\":\"https:\/\/elregionalvm.com.ar\/noticias-villa-maria\/en-el-macrocentro-de-rio-cusrto-la-fpa-secuestro-cocaina\/\",\"url\":\"https:\/\/elregionalvm.com.ar\/noticias-villa-maria\/en-el-macrocentro-de-rio-cusrto-la-fpa-secuestro-cocaina\/\",\"name\":\"En el macrocentro de R\u00edo Cuarto, la FPA secuestr\u00f3 coca\u00edna - El Regional\",\"isPartOf\":{\"@id\":\"http:\/\/elregionalvm.com.ar\/noticias-villa-maria\/#website\"},\"primaryImageOfPage\":{\"@id\":\"https:\/\/elregionalvm.com.ar\/noticias-villa-maria\/en-el-macrocentro-de-rio-cusrto-la-fpa-secuestro-cocaina\/#primaryimage\"},\"image\":{\"@id\":\"https:\/\/elregionalvm.com.ar\/noticias-villa-maria\/en-el-macrocentro-de-rio-cusrto-la-fpa-secuestro-cocaina\/#primaryimage\"},\"thumbnailUrl\":\"https:\/\/i0.wp.com\/elregionalvm.com.ar\/noticias-villa-maria\/wp-content\/uploads\/2025\/05\/WhatsApp-Image-2025-05-14-at-11.42.35-AM-1-768x496-1.jpeg?fit=768%2C496&ssl=1\",\"datePublished\":\"2025-05-16T20:39:48+00:00\",\"dateModified\":\"2025-05-18T22:48:19+00:00\",\"author\":{\"@id\":\"http:\/\/elregionalvm.com.ar\/noticias-villa-maria\/#\/schema\/person\/a0fb9c422317faca23d50163151bc354\"},\"breadcrumb\":{\"@id\":\"https:\/\/elregionalvm.com.ar\/noticias-villa-maria\/en-el-macrocentro-de-rio-cusrto-la-fpa-secuestro-cocaina\/#breadcrumb\"},\"inLanguage\":\"es\",\"potentialAction\":[{\"@type\":\"ReadAction\",\"target\":[\"https:\/\/elregionalvm.com.ar\/noticias-villa-maria\/en-el-macrocentro-de-rio-cusrto-la-fpa-secuestro-cocaina\/\"]}]},{\"@type\":\"ImageObject\",\"inLanguage\":\"es\",\"@id\":\"https:\/\/elregionalvm.com.ar\/noticias-villa-maria\/en-el-macrocentro-de-rio-cusrto-la-fpa-secuestro-cocaina\/#primaryimage\",\"url\":\"https:\/\/i0.wp.com\/elregionalvm.com.ar\/noticias-villa-maria\/wp-content\/uploads\/2025\/05\/WhatsApp-Image-2025-05-14-at-11.42.35-AM-1-768x496-1.jpeg?fit=768%2C496&ssl=1\",\"contentUrl\":\"https:\/\/i0.wp.com\/elregionalvm.com.ar\/noticias-villa-maria\/wp-content\/uploads\/2025\/05\/WhatsApp-Image-2025-05-14-at-11.42.35-AM-1-768x496-1.jpeg?fit=768%2C496&ssl=1\",\"width\":768,\"height\":496},{\"@type\":\"BreadcrumbList\",\"@id\":\"https:\/\/elregionalvm.com.ar\/noticias-villa-maria\/en-el-macrocentro-de-rio-cusrto-la-fpa-secuestro-cocaina\/#breadcrumb\",\"itemListElement\":[{\"@type\":\"ListItem\",\"position\":1,\"name\":\"Portada\",\"item\":\"https:\/\/elregionalvm.com.ar\/noticias-villa-maria\/\"},{\"@type\":\"ListItem\",\"position\":2,\"name\":\"En el macrocentro de R\u00edo Cuarto, la FPA secuestr\u00f3 coca\u00edna\"}]},{\"@type\":\"WebSite\",\"@id\":\"http:\/\/elregionalvm.com.ar\/noticias-villa-maria\/#website\",\"url\":\"http:\/\/elregionalvm.com.ar\/noticias-villa-maria\/\",\"name\":\"El Regional\",\"description\":\"Mucho m\u00e1s que informaci\u00f3n\",\"potentialAction\":[{\"@type\":\"SearchAction\",\"target\":{\"@type\":\"EntryPoint\",\"urlTemplate\":\"http:\/\/elregionalvm.com.ar\/noticias-villa-maria\/?s={search_term_string}\"},\"query-input\":{\"@type\":\"PropertyValueSpecification\",\"valueRequired\":true,\"valueName\":\"search_term_string\"}}],\"inLanguage\":\"es\"},{\"@type\":\"Person\",\"@id\":\"http:\/\/elregionalvm.com.ar\/noticias-villa-maria\/#\/schema\/person\/a0fb9c422317faca23d50163151bc354\",\"name\":\"Contenidos El Regional\",\"image\":{\"@type\":\"ImageObject\",\"inLanguage\":\"es\",\"@id\":\"http:\/\/elregionalvm.com.ar\/noticias-villa-maria\/#\/schema\/person\/image\/\",\"url\":\"https:\/\/secure.gravatar.com\/avatar\/265b27cb2209af7bb3a1318f03305787d7981a5cc6e6cd08fe5a4ecdf99d4b48?s=96&d=mm&r=g\",\"contentUrl\":\"https:\/\/secure.gravatar.com\/avatar\/265b27cb2209af7bb3a1318f03305787d7981a5cc6e6cd08fe5a4ecdf99d4b48?s=96&d=mm&r=g\",\"caption\":\"Contenidos El Regional\"},\"url\":\"https:\/\/elregionalvm.com.ar\/noticias-villa-maria\/author\/contenido\/\"}]}<\/script>\n<!-- \/ Yoast SEO plugin. -->","yoast_head_json":{"title":"En el macrocentro de R\u00edo Cuarto, la FPA secuestr\u00f3 coca\u00edna - El Regional","robots":{"index":"index","follow":"follow","max-snippet":"max-snippet:-1","max-image-preview":"max-image-preview:large","max-video-preview":"max-video-preview:-1"},"canonical":"https:\/\/elregionalvm.com.ar\/noticias-villa-maria\/en-el-macrocentro-de-rio-cusrto-la-fpa-secuestro-cocaina\/","og_locale":"es_ES","og_type":"article","og_title":"En el macrocentro de R\u00edo Cuarto, la FPA secuestr\u00f3 coca\u00edna - El Regional","og_description":"En el marco de tareas de prevenci\u00f3n y control, efectivos de la Fuerza Policial Antinarcotr\u00e1fico realizaron una serie de operativos y patrullajes preventivos en distintos sectores de la ciudad de R\u00edo Cuarto. Durante el dispositivo, un sujeto de 47 a\u00f1os fue controlado en el macrocentro, en inmediaciones del Centro C\u00edvico de la ciudad. Como resultado [&hellip;]","og_url":"https:\/\/elregionalvm.com.ar\/noticias-villa-maria\/en-el-macrocentro-de-rio-cusrto-la-fpa-secuestro-cocaina\/","og_site_name":"El Regional","article_publisher":"https:\/\/www.facebook.com\/elregionalvm","article_published_time":"2025-05-16T20:39:48+00:00","article_modified_time":"2025-05-18T22:48:19+00:00","og_image":[{"width":768,"height":496,"url":"https:\/\/elregionalvm.com.ar\/noticias-villa-maria\/wp-content\/uploads\/2025\/05\/WhatsApp-Image-2025-05-14-at-11.42.35-AM-1-768x496-1.jpeg","type":"image\/jpeg"}],"author":"Contenidos El Regional","twitter_card":"summary_large_image","twitter_creator":"@elregionalvm1","twitter_site":"@elregionalvm1","twitter_misc":{"Escrito por":"Contenidos El Regional","Tiempo de lectura":"1 minuto"},"schema":{"@context":"https:\/\/schema.org","@graph":[{"@type":"Article","@id":"https:\/\/elregionalvm.com.ar\/noticias-villa-maria\/en-el-macrocentro-de-rio-cusrto-la-fpa-secuestro-cocaina\/#article","isPartOf":{"@id":"https:\/\/elregionalvm.com.ar\/noticias-villa-maria\/en-el-macrocentro-de-rio-cusrto-la-fpa-secuestro-cocaina\/"},"author":{"name":"Contenidos El Regional","@id":"http:\/\/elregionalvm.com.ar\/noticias-villa-maria\/#\/schema\/person\/a0fb9c422317faca23d50163151bc354"},"headline":"En el macrocentro de R\u00edo Cuarto, la FPA secuestr\u00f3 coca\u00edna","datePublished":"2025-05-16T20:39:48+00:00","dateModified":"2025-05-18T22:48:19+00:00","mainEntityOfPage":{"@id":"https:\/\/elregionalvm.com.ar\/noticias-villa-maria\/en-el-macrocentro-de-rio-cusrto-la-fpa-secuestro-cocaina\/"},"wordCount":147,"commentCount":0,"image":{"@id":"https:\/\/elregionalvm.com.ar\/noticias-villa-maria\/en-el-macrocentro-de-rio-cusrto-la-fpa-secuestro-cocaina\/#primaryimage"},"thumbnailUrl":"https:\/\/i0.wp.com\/elregionalvm.com.ar\/noticias-villa-maria\/wp-content\/uploads\/2025\/05\/WhatsApp-Image-2025-05-14-at-11.42.35-AM-1-768x496-1.jpeg?fit=768%2C496&ssl=1","articleSection":["Policiales","Regi\u00f3n","Sociedad"],"inLanguage":"es","potentialAction":[{"@type":"CommentAction","name":"Comment","target":["https:\/\/elregionalvm.com.ar\/noticias-villa-maria\/en-el-macrocentro-de-rio-cusrto-la-fpa-secuestro-cocaina\/#respond"]}]},{"@type":"WebPage","@id":"https:\/\/elregionalvm.com.ar\/noticias-villa-maria\/en-el-macrocentro-de-rio-cusrto-la-fpa-secuestro-cocaina\/","url":"https:\/\/elregionalvm.com.ar\/noticias-villa-maria\/en-el-macrocentro-de-rio-cusrto-la-fpa-secuestro-cocaina\/","name":"En el macrocentro de R\u00edo Cuarto, la FPA secuestr\u00f3 coca\u00edna - El Regional","isPartOf":{"@id":"http:\/\/elregionalvm.com.ar\/noticias-villa-maria\/#website"},"primaryImageOfPage":{"@id":"https:\/\/elregionalvm.com.ar\/noticias-villa-maria\/en-el-macrocentro-de-rio-cusrto-la-fpa-secuestro-cocaina\/#primaryimage"},"image":{"@id":"https:\/\/elregionalvm.com.ar\/noticias-villa-maria\/en-el-macrocentro-de-rio-cusrto-la-fpa-secuestro-cocaina\/#primaryimage"},"thumbnailUrl":"https:\/\/i0.wp.com\/elregionalvm.com.ar\/noticias-villa-maria\/wp-content\/uploads\/2025\/05\/WhatsApp-Image-2025-05-14-at-11.42.35-AM-1-768x496-1.jpeg?fit=768%2C496&ssl=1","datePublished":"2025-05-16T20:39:48+00:00","dateModified":"2025-05-18T22:48:19+00:00","author":{"@id":"http:\/\/elregionalvm.com.ar\/noticias-villa-maria\/#\/schema\/person\/a0fb9c422317faca23d50163151bc354"},"breadcrumb":{"@id":"https:\/\/elregionalvm.com.ar\/noticias-villa-maria\/en-el-macrocentro-de-rio-cusrto-la-fpa-secuestro-cocaina\/#breadcrumb"},"inLanguage":"es","potentialAction":[{"@type":"ReadAction","target":["https:\/\/elregionalvm.com.ar\/noticias-villa-maria\/en-el-macrocentro-de-rio-cusrto-la-fpa-secuestro-cocaina\/"]}]},{"@type":"ImageObject","inLanguage":"es","@id":"https:\/\/elregionalvm.com.ar\/noticias-villa-maria\/en-el-macrocentro-de-rio-cusrto-la-fpa-secuestro-cocaina\/#primaryimage","url":"https:\/\/i0.wp.com\/elregionalvm.com.ar\/noticias-villa-maria\/wp-content\/uploads\/2025\/05\/WhatsApp-Image-2025-05-14-at-11.42.35-AM-1-768x496-1.jpeg?fit=768%2C496&ssl=1","contentUrl":"https:\/\/i0.wp.com\/elregionalvm.com.ar\/noticias-villa-maria\/wp-content\/uploads\/2025\/05\/WhatsApp-Image-2025-05-14-at-11.42.35-AM-1-768x496-1.jpeg?fit=768%2C496&ssl=1","width":768,"height":496},{"@type":"BreadcrumbList","@id":"https:\/\/elregionalvm.com.ar\/noticias-villa-maria\/en-el-macrocentro-de-rio-cusrto-la-fpa-secuestro-cocaina\/#breadcrumb","itemListElement":[{"@type":"ListItem","position":1,"name":"Portada","item":"https:\/\/elregionalvm.com.ar\/noticias-villa-maria\/"},{"@type":"ListItem","position":2,"name":"En el macrocentro de R\u00edo Cuarto, la FPA secuestr\u00f3 coca\u00edna"}]},{"@type":"WebSite","@id":"http:\/\/elregionalvm.com.ar\/noticias-villa-maria\/#website","url":"http:\/\/elregionalvm.com.ar\/noticias-villa-maria\/","name":"El Regional","description":"Mucho m\u00e1s que informaci\u00f3n","potentialAction":[{"@type":"SearchAction","target":{"@type":"EntryPoint","urlTemplate":"http:\/\/elregionalvm.com.ar\/noticias-villa-maria\/?s={search_term_string}"},"query-input":{"@type":"PropertyValueSpecification","valueRequired":true,"valueName":"search_term_string"}}],"inLanguage":"es"},{"@type":"Person","@id":"http:\/\/elregionalvm.com.ar\/noticias-villa-maria\/#\/schema\/person\/a0fb9c422317faca23d50163151bc354","name":"Contenidos El Regional","image":{"@type":"ImageObject","inLanguage":"es","@id":"http:\/\/elregionalvm.com.ar\/noticias-villa-maria\/#\/schema\/person\/image\/","url":"https:\/\/secure.gravatar.com\/avatar\/265b27cb2209af7bb3a1318f03305787d7981a5cc6e6cd08fe5a4ecdf99d4b48?s=96&d=mm&r=g","contentUrl":"https:\/\/secure.gravatar.com\/avatar\/265b27cb2209af7bb3a1318f03305787d7981a5cc6e6cd08fe5a4ecdf99d4b48?s=96&d=mm&r=g","caption":"Contenidos El Regional"},"url":"https:\/\/elregionalvm.com.ar\/noticias-villa-maria\/author\/contenido\/"}]}},"jetpack_featured_media_url":"https:\/\/i0.wp.com\/elregionalvm.com.ar\/noticias-villa-maria\/wp-content\/uploads\/2025\/05\/WhatsApp-Image-2025-05-14-at-11.42.35-AM-1-768x496-1.jpeg?fit=768%2C496&ssl=1","jetpack_sharing_enabled":true,"_links":{"self":[{"href":"https:\/\/elregionalvm.com.ar\/noticias-villa-maria\/wp-json\/wp\/v2\/posts\/106285","targetHints":{"allow":["GET"]}}],"collection":[{"href":"https:\/\/elregionalvm.com.ar\/noticias-villa-maria\/wp-json\/wp\/v2\/posts"}],"about":[{"href":"https:\/\/elregionalvm.com.ar\/noticias-villa-maria\/wp-json\/wp\/v2\/types\/post"}],"author":[{"embeddable":true,"href":"https:\/\/elregionalvm.com.ar\/noticias-villa-maria\/wp-json\/wp\/v2\/users\/4"}],"replies":[{"embeddable":true,"href":"https:\/\/elregionalvm.com.ar\/noticias-villa-maria\/wp-json\/wp\/v2\/comments?post=106285"}],"version-history":[{"count":2,"href":"https:\/\/elregionalvm.com.ar\/noticias-villa-maria\/wp-json\/wp\/v2\/posts\/106285\/revisions"}],"predecessor-version":[{"id":106289,"href":"https:\/\/elregionalvm.com.ar\/noticias-villa-maria\/wp-json\/wp\/v2\/posts\/106285\/revisions\/106289"}],"wp:featuredmedia":[{"embeddable":true,"href":"https:\/\/elregionalvm.com.ar\/noticias-villa-maria\/wp-json\/wp\/v2\/media\/106286"}],"wp:attachment":[{"href":"https:\/\/elregionalvm.com.ar\/noticias-villa-maria\/wp-json\/wp\/v2\/media?parent=106285"}],"wp:term":[{"taxonomy":"category","embeddable":true,"href":"https:\/\/elregionalvm.com.ar\/noticias-villa-maria\/wp-json\/wp\/v2\/categories?post=106285"},{"taxonomy":"post_tag","embeddable":true,"href":"https:\/\/elregionalvm.com.ar\/noticias-villa-maria\/wp-json\/wp\/v2\/tags?post=106285"}],"curies":[{"name":"wp","href":"https:\/\/api.w.org\/{rel}","templated":true}]}}