{"id":106307,"date":"2025-05-18T22:36:32","date_gmt":"2025-05-18T22:36:32","guid":{"rendered":"https:\/\/elregionalvm.com.ar\/noticias-villa-maria\/?p=106307"},"modified":"2025-05-22T20:40:18","modified_gmt":"2025-05-22T20:40:18","slug":"musica-e-historia-el-genio-del-jazz-louis-armstrong-y-el-himno-que-rescata-lo-maravilloso-del-mundo-video","status":"publish","type":"post","link":"https:\/\/elregionalvm.com.ar\/noticias-villa-maria\/musica-e-historia-el-genio-del-jazz-louis-armstrong-y-el-himno-que-rescata-lo-maravilloso-del-mundo-video\/","title":{"rendered":"[M\u00fasica e Historia] El genio del jazz Louis Armstrong y el himno que rescata lo maravilloso del mundo (VIDEO)"},"content":{"rendered":"\n<h3 class=\"wp-block-heading\"><strong><em>\u201cY pienso para m\u00ed mismo, que mundo maravilloso\u201d.<\/em><\/strong><strong><em><\/em><\/strong><\/h3>\n\n\n\n<p><\/p>\n\n\n\n<p><strong>Escribe: Leo Mu\u00f1oz<\/strong><\/p>\n\n\n\n<p><\/p>\n\n\n\n<p><strong>Flores en el pavimento<\/strong><\/p>\n\n\n\n<p><\/p>\n\n\n\n<p>Golpeados por los medios noticiosos, portales, por lo que en muchas ocasiones escuchas y ves en la calle, el cielo se cierra, oscuro y amenazante, retumban los truenos, amenazan los rayos y cicl\u00f3nicos vientos de guerra y violencia social, indecencia y delincuencia, ego\u00edsmo e ignorancia, desidia y desinter\u00e9s, avaricia y enfermizo deseo de poder, como en una pel\u00edcula de amenazante final, se nos presenta el d\u00eda.<\/p>\n\n\n\n<p>Pero resulta que caminando ves una bella y peque\u00f1a flor entre las baldosas y el cord\u00f3n, o en el pavimento, apenas eso, no m\u00e1s, suficiente para que el que mira, sepa que el mundo sigue siendo maravilloso. Quiz\u00e1s no sea una flor, ser\u00e1 la sonrisa que te regalan, un peque\u00f1\u00edn seguro y confiado de la mano de mam\u00e1 o pap\u00e1 concurriendo a la escuela, ser\u00e1 una oraci\u00f3n, una mirada a un p\u00e1jaro, a un \u00e1rbol o al cielo. Ser\u00e1 respirar el aire fresco del amanecer, ser\u00e1 saberse vivo un d\u00eda m\u00e1s. Y all\u00ed suena \u201cqu\u00e9 mundo tan maravilloso\u201d.<\/p>\n\n\n\n<p><\/p>\n\n\n\n<figure class=\"wp-block-embed is-type-video is-provider-youtube wp-block-embed-youtube wp-embed-aspect-16-9 wp-has-aspect-ratio\"><div class=\"wp-block-embed__wrapper\">\n<iframe title=\"Louis Armstrong - What A Wonderful World\" width=\"500\" height=\"281\" src=\"https:\/\/www.youtube.com\/embed\/VqhCQZaH4Vs?feature=oembed\" frameborder=\"0\" allow=\"accelerometer; autoplay; clipboard-write; encrypted-media; gyroscope; picture-in-picture; web-share\" referrerpolicy=\"strict-origin-when-cross-origin\" allowfullscreen><\/iframe>\n<\/div><\/figure>\n\n\n\n<p><\/p>\n\n\n\n<p><strong>Louis Armstrong<\/strong><\/p>\n\n\n\n<p>Si bien la canci\u00f3n fue escrita por Bob Thiele y George David Weiss, es inseparable de la figura de Louis Armstrong, para la historia de la m\u00fasica es el m\u00e1s genial hombre del jazz.<\/p>\n\n\n\n<p>El m\u00e1s famoso trompetista grab\u00f3 m\u00e1s de 7000 piezas en su prol\u00edfica obra. Naci\u00f3 en Nueva Orle\u00e1ns, cuna del jazz, en 1901, en una familia muy pobre, situaci\u00f3n que empeor\u00f3 al abandonarlos su padre.<\/p>\n\n\n\n<p><\/p>\n\n\n\n<figure class=\"wp-block-image size-large\"><img data-recalc-dims=\"1\" fetchpriority=\"high\" decoding=\"async\" width=\"1024\" height=\"683\" src=\"https:\/\/i0.wp.com\/elregionalvm.com.ar\/noticias-villa-maria\/wp-content\/uploads\/2025\/05\/Armstrong-Louis.jpg?resize=1024%2C683&#038;ssl=1\" alt=\"\" class=\"wp-image-106311\" srcset=\"https:\/\/i0.wp.com\/elregionalvm.com.ar\/noticias-villa-maria\/wp-content\/uploads\/2025\/05\/Armstrong-Louis.jpg?resize=1024%2C683&amp;ssl=1 1024w, https:\/\/i0.wp.com\/elregionalvm.com.ar\/noticias-villa-maria\/wp-content\/uploads\/2025\/05\/Armstrong-Louis.jpg?resize=300%2C200&amp;ssl=1 300w, https:\/\/i0.wp.com\/elregionalvm.com.ar\/noticias-villa-maria\/wp-content\/uploads\/2025\/05\/Armstrong-Louis.jpg?resize=768%2C512&amp;ssl=1 768w, https:\/\/i0.wp.com\/elregionalvm.com.ar\/noticias-villa-maria\/wp-content\/uploads\/2025\/05\/Armstrong-Louis.jpg?w=1200&amp;ssl=1 1200w\" sizes=\"(max-width: 1000px) 100vw, 1000px\" \/><\/figure>\n\n\n\n<p><\/p>\n\n\n\n<p>Su madre tambi\u00e9n los abandon\u00f3 con su abuela, que hab\u00eda sido esclava. Su ni\u00f1ez y juventud conocieron de vagabundeo y detenciones policiales espor\u00e1dicas. Descubri\u00f3 el racismo imperante en el sur estadounidense con los negros, pero tambi\u00e9n para la familia blanca jud\u00eda que luego lo aloj\u00f3 d\u00e1ndole trabajo y trato como a un hijo m\u00e1s.<\/p>\n\n\n\n<p>Especialmente desde 1914 se sumerge tanto como puede en la m\u00fasica, el jazz, aprende a tocar la corneta y la trompeta. En la d\u00e9cada del 20 se produce un verdadero \u00e9xodo de m\u00fasicos por cerrarse los centros de diversi\u00f3n en Nueva Orle\u00e1ns, mayormente hacia Chicago.<\/p>\n\n\n\n<p>Su carrera iniciar\u00eda un largo y brillante recorrido en el jazz, acompa\u00f1ado y acompa\u00f1ando los m\u00e1s grandes m\u00fasicos de su tiempo. Satchmo, como era llamado cari\u00f1osamente, dej\u00e9 el mundo en 1971, su estilo musical marcar\u00eda para siempre al jazz.<\/p>\n\n\n\n<p><\/p>\n\n\n\n<figure class=\"wp-block-embed is-type-video is-provider-youtube wp-block-embed-youtube wp-embed-aspect-16-9 wp-has-aspect-ratio\"><div class=\"wp-block-embed__wrapper\">\n<iframe title=\"Louis Armstrong - What A Wonderful World (Traducida al espa\u00f1ol)\" width=\"500\" height=\"281\" src=\"https:\/\/www.youtube.com\/embed\/RTdyOHlCYmE?feature=oembed\" frameborder=\"0\" allow=\"accelerometer; autoplay; clipboard-write; encrypted-media; gyroscope; picture-in-picture; web-share\" referrerpolicy=\"strict-origin-when-cross-origin\" allowfullscreen><\/iframe>\n<\/div><\/figure>\n\n\n\n<p><\/p>\n\n\n\n<p><strong>What a Wonderful World &nbsp;(Por Louis Amstrong)<\/strong><\/p>\n\n\n\n<p>Veo \u00e1rboles verdes,<br>Rosas rojas tambi\u00e9n.<br>Las veo florecer<br>Para m\u00ed y para ti.<br>Y pienso para m\u00ed mismo,<br>Que mundo maravilloso.<br><br>Veo cielos azules,<br>Y nubes blancas.<br>El d\u00eda bendecido brillante,<br>La noche sagrada oscura.<br>Y pienso para m\u00ed mismo,<br>Que mundo maravilloso.<br><br>Los colores del arco iris<br>Tan bonitos en el cielo,<br>Est\u00e1n tambi\u00e9n en los rostros<br>De la gente que pasa.<br>Veo amigos d\u00e1ndose la mano<br>Diciendo c\u00f3mo est\u00e1s.<br>Realmente est\u00e1n diciendo<br>Te amo.<br><br>Escucho llorar a beb\u00e9s,<br>Los veo crecer.<br>Aprender\u00e1n mucho m\u00e1s<br>De lo que jam\u00e1s sabr\u00e9 yo.<br>Y pienso para m\u00ed mismo,<br>Que mundo maravilloso.<br>S\u00ed, pienso para m\u00ed mismo<br>Que mundo maravilloso.<\/p>\n","protected":false},"excerpt":{"rendered":"<p>\u201cY pienso para m\u00ed mismo, que mundo maravilloso\u201d. Escribe: Leo Mu\u00f1oz Flores en el pavimento Golpeados por los medios noticiosos, portales, por lo que en muchas ocasiones escuchas y ves en la calle, el cielo se cierra, oscuro y amenazante, retumban los truenos, amenazan los rayos y cicl\u00f3nicos vientos de guerra y violencia social, indecencia [&hellip;]<\/p>\n","protected":false},"author":4,"featured_media":106312,"comment_status":"open","ping_status":"open","sticky":false,"template":"","format":"standard","meta":{"site-sidebar-layout":"default","site-content-layout":"","ast-site-content-layout":"default","site-content-style":"default","site-sidebar-style":"default","ast-global-header-display":"","ast-banner-title-visibility":"","ast-main-header-display":"","ast-hfb-above-header-display":"","ast-hfb-below-header-display":"","ast-hfb-mobile-header-display":"","site-post-title":"","ast-breadcrumbs-content":"","ast-featured-img":"","footer-sml-layout":"","ast-disable-related-posts":"","theme-transparent-header-meta":"","adv-header-id-meta":"","stick-header-meta":"","header-above-stick-meta":"","header-main-stick-meta":"","header-below-stick-meta":"","astra-migrate-meta-layouts":"set","ast-page-background-enabled":"default","ast-page-background-meta":{"desktop":{"background-color":"","background-image":"","background-repeat":"repeat","background-position":"center center","background-size":"auto","background-attachment":"scroll","background-type":"","background-media":"","overlay-type":"","overlay-color":"","overlay-opacity":"","overlay-gradient":""},"tablet":{"background-color":"","background-image":"","background-repeat":"repeat","background-position":"center center","background-size":"auto","background-attachment":"scroll","background-type":"","background-media":"","overlay-type":"","overlay-color":"","overlay-opacity":"","overlay-gradient":""},"mobile":{"background-color":"","background-image":"","background-repeat":"repeat","background-position":"center center","background-size":"auto","background-attachment":"scroll","background-type":"","background-media":"","overlay-type":"","overlay-color":"","overlay-opacity":"","overlay-gradient":""}},"ast-content-background-meta":{"desktop":{"background-color":"var(--ast-global-color-5)","background-image":"","background-repeat":"repeat","background-position":"center center","background-size":"auto","background-attachment":"scroll","background-type":"","background-media":"","overlay-type":"","overlay-color":"","overlay-opacity":"","overlay-gradient":""},"tablet":{"background-color":"var(--ast-global-color-5)","background-image":"","background-repeat":"repeat","background-position":"center center","background-size":"auto","background-attachment":"scroll","background-type":"","background-media":"","overlay-type":"","overlay-color":"","overlay-opacity":"","overlay-gradient":""},"mobile":{"background-color":"var(--ast-global-color-5)","background-image":"","background-repeat":"repeat","background-position":"center center","background-size":"auto","background-attachment":"scroll","background-type":"","background-media":"","overlay-type":"","overlay-color":"","overlay-opacity":"","overlay-gradient":""}},"_jetpack_memberships_contains_paid_content":false,"_joinchat":[],"footnotes":""},"categories":[2068,2098,3557,2074],"tags":[15290,18646,24965,1663,2244,18704,24966],"class_list":["post-106307","post","type-post","status-publish","format-standard","has-post-thumbnail","hentry","category-cultura-deporte","category-historias","category-tercera","category-videos","tag-genio","tag-jazz","tag-louis-armstrong","tag-musica","tag-musica-e-historia","tag-nueva-orleans","tag-what-a-wonderful-world"],"yoast_head":"<!-- This site is optimized with the Yoast SEO plugin v26.8 - https:\/\/yoast.com\/product\/yoast-seo-wordpress\/ -->\n<title>[M\u00fasica e Historia] El genio del jazz Louis Armstrong y el himno que rescata lo maravilloso del mundo (VIDEO) - El Regional<\/title>\n<meta name=\"robots\" content=\"index, follow, max-snippet:-1, max-image-preview:large, max-video-preview:-1\" \/>\n<link rel=\"canonical\" href=\"https:\/\/elregionalvm.com.ar\/noticias-villa-maria\/musica-e-historia-el-genio-del-jazz-louis-armstrong-y-el-himno-que-rescata-lo-maravilloso-del-mundo-video\/\" \/>\n<meta property=\"og:locale\" content=\"es_ES\" \/>\n<meta property=\"og:type\" content=\"article\" \/>\n<meta property=\"og:title\" content=\"[M\u00fasica e Historia] El genio del jazz Louis Armstrong y el himno que rescata lo maravilloso del mundo (VIDEO) - El Regional\" \/>\n<meta property=\"og:description\" content=\"\u201cY pienso para m\u00ed mismo, que mundo maravilloso\u201d. Escribe: Leo Mu\u00f1oz Flores en el pavimento Golpeados por los medios noticiosos, portales, por lo que en muchas ocasiones escuchas y ves en la calle, el cielo se cierra, oscuro y amenazante, retumban los truenos, amenazan los rayos y cicl\u00f3nicos vientos de guerra y violencia social, indecencia [&hellip;]\" \/>\n<meta property=\"og:url\" content=\"https:\/\/elregionalvm.com.ar\/noticias-villa-maria\/musica-e-historia-el-genio-del-jazz-louis-armstrong-y-el-himno-que-rescata-lo-maravilloso-del-mundo-video\/\" \/>\n<meta property=\"og:site_name\" content=\"El Regional\" \/>\n<meta property=\"article:publisher\" content=\"https:\/\/www.facebook.com\/elregionalvm\" \/>\n<meta property=\"article:published_time\" content=\"2025-05-18T22:36:32+00:00\" \/>\n<meta property=\"article:modified_time\" content=\"2025-05-22T20:40:18+00:00\" \/>\n<meta property=\"og:image\" content=\"https:\/\/elregionalvm.com.ar\/noticias-villa-maria\/wp-content\/uploads\/2025\/05\/Louis-Armstrong.jpg\" \/>\n\t<meta property=\"og:image:width\" content=\"1200\" \/>\n\t<meta property=\"og:image:height\" content=\"800\" \/>\n\t<meta property=\"og:image:type\" content=\"image\/jpeg\" \/>\n<meta name=\"author\" content=\"Contenidos El Regional\" \/>\n<meta name=\"twitter:card\" content=\"summary_large_image\" \/>\n<meta name=\"twitter:creator\" content=\"@elregionalvm1\" \/>\n<meta name=\"twitter:site\" content=\"@elregionalvm1\" \/>\n<meta name=\"twitter:label1\" content=\"Escrito por\" \/>\n\t<meta name=\"twitter:data1\" content=\"Contenidos El Regional\" \/>\n\t<meta name=\"twitter:label2\" content=\"Tiempo de lectura\" \/>\n\t<meta name=\"twitter:data2\" content=\"3 minutos\" \/>\n<script type=\"application\/ld+json\" class=\"yoast-schema-graph\">{\"@context\":\"https:\/\/schema.org\",\"@graph\":[{\"@type\":\"Article\",\"@id\":\"https:\/\/elregionalvm.com.ar\/noticias-villa-maria\/musica-e-historia-el-genio-del-jazz-louis-armstrong-y-el-himno-que-rescata-lo-maravilloso-del-mundo-video\/#article\",\"isPartOf\":{\"@id\":\"https:\/\/elregionalvm.com.ar\/noticias-villa-maria\/musica-e-historia-el-genio-del-jazz-louis-armstrong-y-el-himno-que-rescata-lo-maravilloso-del-mundo-video\/\"},\"author\":{\"name\":\"Contenidos El Regional\",\"@id\":\"http:\/\/elregionalvm.com.ar\/noticias-villa-maria\/#\/schema\/person\/a0fb9c422317faca23d50163151bc354\"},\"headline\":\"[M\u00fasica e Historia] El genio del jazz Louis Armstrong y el himno que rescata lo maravilloso del mundo (VIDEO)\",\"datePublished\":\"2025-05-18T22:36:32+00:00\",\"dateModified\":\"2025-05-22T20:40:18+00:00\",\"mainEntityOfPage\":{\"@id\":\"https:\/\/elregionalvm.com.ar\/noticias-villa-maria\/musica-e-historia-el-genio-del-jazz-louis-armstrong-y-el-himno-que-rescata-lo-maravilloso-del-mundo-video\/\"},\"wordCount\":582,\"commentCount\":0,\"image\":{\"@id\":\"https:\/\/elregionalvm.com.ar\/noticias-villa-maria\/musica-e-historia-el-genio-del-jazz-louis-armstrong-y-el-himno-que-rescata-lo-maravilloso-del-mundo-video\/#primaryimage\"},\"thumbnailUrl\":\"https:\/\/i0.wp.com\/elregionalvm.com.ar\/noticias-villa-maria\/wp-content\/uploads\/2025\/05\/Louis-Armstrong.jpg?fit=1200%2C800&ssl=1\",\"keywords\":[\"genio\",\"jazz\",\"Louis Armstrong\",\"M\u00fasica\",\"M\u00fasica e Historia\",\"Nueva Orleans\",\"What a Wonderful World\"],\"articleSection\":[\"Cultura\",\"Historias\",\"tercera\",\"Videos\"],\"inLanguage\":\"es\",\"potentialAction\":[{\"@type\":\"CommentAction\",\"name\":\"Comment\",\"target\":[\"https:\/\/elregionalvm.com.ar\/noticias-villa-maria\/musica-e-historia-el-genio-del-jazz-louis-armstrong-y-el-himno-que-rescata-lo-maravilloso-del-mundo-video\/#respond\"]}]},{\"@type\":\"WebPage\",\"@id\":\"https:\/\/elregionalvm.com.ar\/noticias-villa-maria\/musica-e-historia-el-genio-del-jazz-louis-armstrong-y-el-himno-que-rescata-lo-maravilloso-del-mundo-video\/\",\"url\":\"https:\/\/elregionalvm.com.ar\/noticias-villa-maria\/musica-e-historia-el-genio-del-jazz-louis-armstrong-y-el-himno-que-rescata-lo-maravilloso-del-mundo-video\/\",\"name\":\"[M\u00fasica e Historia] El genio del jazz Louis Armstrong y el himno que rescata lo maravilloso del mundo (VIDEO) - El Regional\",\"isPartOf\":{\"@id\":\"http:\/\/elregionalvm.com.ar\/noticias-villa-maria\/#website\"},\"primaryImageOfPage\":{\"@id\":\"https:\/\/elregionalvm.com.ar\/noticias-villa-maria\/musica-e-historia-el-genio-del-jazz-louis-armstrong-y-el-himno-que-rescata-lo-maravilloso-del-mundo-video\/#primaryimage\"},\"image\":{\"@id\":\"https:\/\/elregionalvm.com.ar\/noticias-villa-maria\/musica-e-historia-el-genio-del-jazz-louis-armstrong-y-el-himno-que-rescata-lo-maravilloso-del-mundo-video\/#primaryimage\"},\"thumbnailUrl\":\"https:\/\/i0.wp.com\/elregionalvm.com.ar\/noticias-villa-maria\/wp-content\/uploads\/2025\/05\/Louis-Armstrong.jpg?fit=1200%2C800&ssl=1\",\"datePublished\":\"2025-05-18T22:36:32+00:00\",\"dateModified\":\"2025-05-22T20:40:18+00:00\",\"author\":{\"@id\":\"http:\/\/elregionalvm.com.ar\/noticias-villa-maria\/#\/schema\/person\/a0fb9c422317faca23d50163151bc354\"},\"breadcrumb\":{\"@id\":\"https:\/\/elregionalvm.com.ar\/noticias-villa-maria\/musica-e-historia-el-genio-del-jazz-louis-armstrong-y-el-himno-que-rescata-lo-maravilloso-del-mundo-video\/#breadcrumb\"},\"inLanguage\":\"es\",\"potentialAction\":[{\"@type\":\"ReadAction\",\"target\":[\"https:\/\/elregionalvm.com.ar\/noticias-villa-maria\/musica-e-historia-el-genio-del-jazz-louis-armstrong-y-el-himno-que-rescata-lo-maravilloso-del-mundo-video\/\"]}]},{\"@type\":\"ImageObject\",\"inLanguage\":\"es\",\"@id\":\"https:\/\/elregionalvm.com.ar\/noticias-villa-maria\/musica-e-historia-el-genio-del-jazz-louis-armstrong-y-el-himno-que-rescata-lo-maravilloso-del-mundo-video\/#primaryimage\",\"url\":\"https:\/\/i0.wp.com\/elregionalvm.com.ar\/noticias-villa-maria\/wp-content\/uploads\/2025\/05\/Louis-Armstrong.jpg?fit=1200%2C800&ssl=1\",\"contentUrl\":\"https:\/\/i0.wp.com\/elregionalvm.com.ar\/noticias-villa-maria\/wp-content\/uploads\/2025\/05\/Louis-Armstrong.jpg?fit=1200%2C800&ssl=1\",\"width\":1200,\"height\":800},{\"@type\":\"BreadcrumbList\",\"@id\":\"https:\/\/elregionalvm.com.ar\/noticias-villa-maria\/musica-e-historia-el-genio-del-jazz-louis-armstrong-y-el-himno-que-rescata-lo-maravilloso-del-mundo-video\/#breadcrumb\",\"itemListElement\":[{\"@type\":\"ListItem\",\"position\":1,\"name\":\"Portada\",\"item\":\"https:\/\/elregionalvm.com.ar\/noticias-villa-maria\/\"},{\"@type\":\"ListItem\",\"position\":2,\"name\":\"[M\u00fasica e Historia] El genio del jazz Louis Armstrong y el himno que rescata lo maravilloso del mundo (VIDEO)\"}]},{\"@type\":\"WebSite\",\"@id\":\"http:\/\/elregionalvm.com.ar\/noticias-villa-maria\/#website\",\"url\":\"http:\/\/elregionalvm.com.ar\/noticias-villa-maria\/\",\"name\":\"El Regional\",\"description\":\"Mucho m\u00e1s que informaci\u00f3n\",\"potentialAction\":[{\"@type\":\"SearchAction\",\"target\":{\"@type\":\"EntryPoint\",\"urlTemplate\":\"http:\/\/elregionalvm.com.ar\/noticias-villa-maria\/?s={search_term_string}\"},\"query-input\":{\"@type\":\"PropertyValueSpecification\",\"valueRequired\":true,\"valueName\":\"search_term_string\"}}],\"inLanguage\":\"es\"},{\"@type\":\"Person\",\"@id\":\"http:\/\/elregionalvm.com.ar\/noticias-villa-maria\/#\/schema\/person\/a0fb9c422317faca23d50163151bc354\",\"name\":\"Contenidos El Regional\",\"image\":{\"@type\":\"ImageObject\",\"inLanguage\":\"es\",\"@id\":\"http:\/\/elregionalvm.com.ar\/noticias-villa-maria\/#\/schema\/person\/image\/\",\"url\":\"https:\/\/secure.gravatar.com\/avatar\/265b27cb2209af7bb3a1318f03305787d7981a5cc6e6cd08fe5a4ecdf99d4b48?s=96&d=mm&r=g\",\"contentUrl\":\"https:\/\/secure.gravatar.com\/avatar\/265b27cb2209af7bb3a1318f03305787d7981a5cc6e6cd08fe5a4ecdf99d4b48?s=96&d=mm&r=g\",\"caption\":\"Contenidos El Regional\"},\"url\":\"https:\/\/elregionalvm.com.ar\/noticias-villa-maria\/author\/contenido\/\"}]}<\/script>\n<!-- \/ Yoast SEO plugin. -->","yoast_head_json":{"title":"[M\u00fasica e Historia] El genio del jazz Louis Armstrong y el himno que rescata lo maravilloso del mundo (VIDEO) - El Regional","robots":{"index":"index","follow":"follow","max-snippet":"max-snippet:-1","max-image-preview":"max-image-preview:large","max-video-preview":"max-video-preview:-1"},"canonical":"https:\/\/elregionalvm.com.ar\/noticias-villa-maria\/musica-e-historia-el-genio-del-jazz-louis-armstrong-y-el-himno-que-rescata-lo-maravilloso-del-mundo-video\/","og_locale":"es_ES","og_type":"article","og_title":"[M\u00fasica e Historia] El genio del jazz Louis Armstrong y el himno que rescata lo maravilloso del mundo (VIDEO) - El Regional","og_description":"\u201cY pienso para m\u00ed mismo, que mundo maravilloso\u201d. Escribe: Leo Mu\u00f1oz Flores en el pavimento Golpeados por los medios noticiosos, portales, por lo que en muchas ocasiones escuchas y ves en la calle, el cielo se cierra, oscuro y amenazante, retumban los truenos, amenazan los rayos y cicl\u00f3nicos vientos de guerra y violencia social, indecencia [&hellip;]","og_url":"https:\/\/elregionalvm.com.ar\/noticias-villa-maria\/musica-e-historia-el-genio-del-jazz-louis-armstrong-y-el-himno-que-rescata-lo-maravilloso-del-mundo-video\/","og_site_name":"El Regional","article_publisher":"https:\/\/www.facebook.com\/elregionalvm","article_published_time":"2025-05-18T22:36:32+00:00","article_modified_time":"2025-05-22T20:40:18+00:00","og_image":[{"width":1200,"height":800,"url":"https:\/\/elregionalvm.com.ar\/noticias-villa-maria\/wp-content\/uploads\/2025\/05\/Louis-Armstrong.jpg","type":"image\/jpeg"}],"author":"Contenidos El Regional","twitter_card":"summary_large_image","twitter_creator":"@elregionalvm1","twitter_site":"@elregionalvm1","twitter_misc":{"Escrito por":"Contenidos El Regional","Tiempo de lectura":"3 minutos"},"schema":{"@context":"https:\/\/schema.org","@graph":[{"@type":"Article","@id":"https:\/\/elregionalvm.com.ar\/noticias-villa-maria\/musica-e-historia-el-genio-del-jazz-louis-armstrong-y-el-himno-que-rescata-lo-maravilloso-del-mundo-video\/#article","isPartOf":{"@id":"https:\/\/elregionalvm.com.ar\/noticias-villa-maria\/musica-e-historia-el-genio-del-jazz-louis-armstrong-y-el-himno-que-rescata-lo-maravilloso-del-mundo-video\/"},"author":{"name":"Contenidos El Regional","@id":"http:\/\/elregionalvm.com.ar\/noticias-villa-maria\/#\/schema\/person\/a0fb9c422317faca23d50163151bc354"},"headline":"[M\u00fasica e Historia] El genio del jazz Louis Armstrong y el himno que rescata lo maravilloso del mundo (VIDEO)","datePublished":"2025-05-18T22:36:32+00:00","dateModified":"2025-05-22T20:40:18+00:00","mainEntityOfPage":{"@id":"https:\/\/elregionalvm.com.ar\/noticias-villa-maria\/musica-e-historia-el-genio-del-jazz-louis-armstrong-y-el-himno-que-rescata-lo-maravilloso-del-mundo-video\/"},"wordCount":582,"commentCount":0,"image":{"@id":"https:\/\/elregionalvm.com.ar\/noticias-villa-maria\/musica-e-historia-el-genio-del-jazz-louis-armstrong-y-el-himno-que-rescata-lo-maravilloso-del-mundo-video\/#primaryimage"},"thumbnailUrl":"https:\/\/i0.wp.com\/elregionalvm.com.ar\/noticias-villa-maria\/wp-content\/uploads\/2025\/05\/Louis-Armstrong.jpg?fit=1200%2C800&ssl=1","keywords":["genio","jazz","Louis Armstrong","M\u00fasica","M\u00fasica e Historia","Nueva Orleans","What a Wonderful World"],"articleSection":["Cultura","Historias","tercera","Videos"],"inLanguage":"es","potentialAction":[{"@type":"CommentAction","name":"Comment","target":["https:\/\/elregionalvm.com.ar\/noticias-villa-maria\/musica-e-historia-el-genio-del-jazz-louis-armstrong-y-el-himno-que-rescata-lo-maravilloso-del-mundo-video\/#respond"]}]},{"@type":"WebPage","@id":"https:\/\/elregionalvm.com.ar\/noticias-villa-maria\/musica-e-historia-el-genio-del-jazz-louis-armstrong-y-el-himno-que-rescata-lo-maravilloso-del-mundo-video\/","url":"https:\/\/elregionalvm.com.ar\/noticias-villa-maria\/musica-e-historia-el-genio-del-jazz-louis-armstrong-y-el-himno-que-rescata-lo-maravilloso-del-mundo-video\/","name":"[M\u00fasica e Historia] El genio del jazz Louis Armstrong y el himno que rescata lo maravilloso del mundo (VIDEO) - El Regional","isPartOf":{"@id":"http:\/\/elregionalvm.com.ar\/noticias-villa-maria\/#website"},"primaryImageOfPage":{"@id":"https:\/\/elregionalvm.com.ar\/noticias-villa-maria\/musica-e-historia-el-genio-del-jazz-louis-armstrong-y-el-himno-que-rescata-lo-maravilloso-del-mundo-video\/#primaryimage"},"image":{"@id":"https:\/\/elregionalvm.com.ar\/noticias-villa-maria\/musica-e-historia-el-genio-del-jazz-louis-armstrong-y-el-himno-que-rescata-lo-maravilloso-del-mundo-video\/#primaryimage"},"thumbnailUrl":"https:\/\/i0.wp.com\/elregionalvm.com.ar\/noticias-villa-maria\/wp-content\/uploads\/2025\/05\/Louis-Armstrong.jpg?fit=1200%2C800&ssl=1","datePublished":"2025-05-18T22:36:32+00:00","dateModified":"2025-05-22T20:40:18+00:00","author":{"@id":"http:\/\/elregionalvm.com.ar\/noticias-villa-maria\/#\/schema\/person\/a0fb9c422317faca23d50163151bc354"},"breadcrumb":{"@id":"https:\/\/elregionalvm.com.ar\/noticias-villa-maria\/musica-e-historia-el-genio-del-jazz-louis-armstrong-y-el-himno-que-rescata-lo-maravilloso-del-mundo-video\/#breadcrumb"},"inLanguage":"es","potentialAction":[{"@type":"ReadAction","target":["https:\/\/elregionalvm.com.ar\/noticias-villa-maria\/musica-e-historia-el-genio-del-jazz-louis-armstrong-y-el-himno-que-rescata-lo-maravilloso-del-mundo-video\/"]}]},{"@type":"ImageObject","inLanguage":"es","@id":"https:\/\/elregionalvm.com.ar\/noticias-villa-maria\/musica-e-historia-el-genio-del-jazz-louis-armstrong-y-el-himno-que-rescata-lo-maravilloso-del-mundo-video\/#primaryimage","url":"https:\/\/i0.wp.com\/elregionalvm.com.ar\/noticias-villa-maria\/wp-content\/uploads\/2025\/05\/Louis-Armstrong.jpg?fit=1200%2C800&ssl=1","contentUrl":"https:\/\/i0.wp.com\/elregionalvm.com.ar\/noticias-villa-maria\/wp-content\/uploads\/2025\/05\/Louis-Armstrong.jpg?fit=1200%2C800&ssl=1","width":1200,"height":800},{"@type":"BreadcrumbList","@id":"https:\/\/elregionalvm.com.ar\/noticias-villa-maria\/musica-e-historia-el-genio-del-jazz-louis-armstrong-y-el-himno-que-rescata-lo-maravilloso-del-mundo-video\/#breadcrumb","itemListElement":[{"@type":"ListItem","position":1,"name":"Portada","item":"https:\/\/elregionalvm.com.ar\/noticias-villa-maria\/"},{"@type":"ListItem","position":2,"name":"[M\u00fasica e Historia] El genio del jazz Louis Armstrong y el himno que rescata lo maravilloso del mundo (VIDEO)"}]},{"@type":"WebSite","@id":"http:\/\/elregionalvm.com.ar\/noticias-villa-maria\/#website","url":"http:\/\/elregionalvm.com.ar\/noticias-villa-maria\/","name":"El Regional","description":"Mucho m\u00e1s que informaci\u00f3n","potentialAction":[{"@type":"SearchAction","target":{"@type":"EntryPoint","urlTemplate":"http:\/\/elregionalvm.com.ar\/noticias-villa-maria\/?s={search_term_string}"},"query-input":{"@type":"PropertyValueSpecification","valueRequired":true,"valueName":"search_term_string"}}],"inLanguage":"es"},{"@type":"Person","@id":"http:\/\/elregionalvm.com.ar\/noticias-villa-maria\/#\/schema\/person\/a0fb9c422317faca23d50163151bc354","name":"Contenidos El Regional","image":{"@type":"ImageObject","inLanguage":"es","@id":"http:\/\/elregionalvm.com.ar\/noticias-villa-maria\/#\/schema\/person\/image\/","url":"https:\/\/secure.gravatar.com\/avatar\/265b27cb2209af7bb3a1318f03305787d7981a5cc6e6cd08fe5a4ecdf99d4b48?s=96&d=mm&r=g","contentUrl":"https:\/\/secure.gravatar.com\/avatar\/265b27cb2209af7bb3a1318f03305787d7981a5cc6e6cd08fe5a4ecdf99d4b48?s=96&d=mm&r=g","caption":"Contenidos El Regional"},"url":"https:\/\/elregionalvm.com.ar\/noticias-villa-maria\/author\/contenido\/"}]}},"jetpack_featured_media_url":"https:\/\/i0.wp.com\/elregionalvm.com.ar\/noticias-villa-maria\/wp-content\/uploads\/2025\/05\/Louis-Armstrong.jpg?fit=1200%2C800&ssl=1","jetpack_sharing_enabled":true,"_links":{"self":[{"href":"https:\/\/elregionalvm.com.ar\/noticias-villa-maria\/wp-json\/wp\/v2\/posts\/106307","targetHints":{"allow":["GET"]}}],"collection":[{"href":"https:\/\/elregionalvm.com.ar\/noticias-villa-maria\/wp-json\/wp\/v2\/posts"}],"about":[{"href":"https:\/\/elregionalvm.com.ar\/noticias-villa-maria\/wp-json\/wp\/v2\/types\/post"}],"author":[{"embeddable":true,"href":"https:\/\/elregionalvm.com.ar\/noticias-villa-maria\/wp-json\/wp\/v2\/users\/4"}],"replies":[{"embeddable":true,"href":"https:\/\/elregionalvm.com.ar\/noticias-villa-maria\/wp-json\/wp\/v2\/comments?post=106307"}],"version-history":[{"count":3,"href":"https:\/\/elregionalvm.com.ar\/noticias-villa-maria\/wp-json\/wp\/v2\/posts\/106307\/revisions"}],"predecessor-version":[{"id":106313,"href":"https:\/\/elregionalvm.com.ar\/noticias-villa-maria\/wp-json\/wp\/v2\/posts\/106307\/revisions\/106313"}],"wp:featuredmedia":[{"embeddable":true,"href":"https:\/\/elregionalvm.com.ar\/noticias-villa-maria\/wp-json\/wp\/v2\/media\/106312"}],"wp:attachment":[{"href":"https:\/\/elregionalvm.com.ar\/noticias-villa-maria\/wp-json\/wp\/v2\/media?parent=106307"}],"wp:term":[{"taxonomy":"category","embeddable":true,"href":"https:\/\/elregionalvm.com.ar\/noticias-villa-maria\/wp-json\/wp\/v2\/categories?post=106307"},{"taxonomy":"post_tag","embeddable":true,"href":"https:\/\/elregionalvm.com.ar\/noticias-villa-maria\/wp-json\/wp\/v2\/tags?post=106307"}],"curies":[{"name":"wp","href":"https:\/\/api.w.org\/{rel}","templated":true}]}}