{"id":106430,"date":"2025-05-22T02:51:07","date_gmt":"2025-05-22T02:51:07","guid":{"rendered":"https:\/\/elregionalvm.com.ar\/noticias-villa-maria\/?p=106430"},"modified":"2025-05-22T02:51:25","modified_gmt":"2025-05-22T02:51:25","slug":"motociclista-termino-con-lesiones-graves-luego-de-chocar-contra-una-camioneta-en-barrio-ameghino","status":"publish","type":"post","link":"https:\/\/elregionalvm.com.ar\/noticias-villa-maria\/motociclista-termino-con-lesiones-graves-luego-de-chocar-contra-una-camioneta-en-barrio-ameghino\/","title":{"rendered":"Motociclista termin\u00f3 con lesiones graves luego de chocar contra una camioneta en barrio Ameghino"},"content":{"rendered":"\n<p>Siendo aproximadamente las 17:45 horas de la fecha, personal de la Patrulla Preventiva se constituy\u00f3 en la intersecci\u00f3n de calles Bv. Espa\u00f1a y San Juan, donde hab\u00eda ocurrido un accidente de tr\u00e1nsito en el que por causas a establecer colisionaron una pick-up Fiat Toro conducida por un hombre de 66 a\u00f1os de edad, y una motocicleta Honda XR conducida por un hombre de 21 a\u00f1os de edad.<\/p>\n\n\n\n<p>Como resultado del siniestro personal de Bomberos Voluntarios procedi\u00f3 al traslado del motociclista hasta el Hospital Regional Pasteur de esta ciudad, donde personal m\u00e9dico de turno diagnostic\u00f3 \u201dlesiones graves\u201d por fractura de r\u00f3tula de pierna izquierda.<\/p>\n\n\n\n<p>Se labran actuaciones a disposici\u00f3n de la Fiscal\u00eda de Instrucci\u00f3n de Primer Turno a cargo de la Dra. Silvia Maldonado, Sec. Dra. Mar\u00eda E. Barra.<\/p>\n","protected":false},"excerpt":{"rendered":"<p>Siendo aproximadamente las 17:45 horas de la fecha, personal de la Patrulla Preventiva se constituy\u00f3 en la intersecci\u00f3n de calles Bv. Espa\u00f1a y San Juan, donde hab\u00eda ocurrido un accidente de tr\u00e1nsito en el que por causas a establecer colisionaron una pick-up Fiat Toro conducida por un hombre de 66 a\u00f1os de edad, y una [&hellip;]<\/p>\n","protected":false},"author":4,"featured_media":106432,"comment_status":"open","ping_status":"open","sticky":false,"template":"","format":"standard","meta":{"site-sidebar-layout":"default","site-content-layout":"","ast-site-content-layout":"default","site-content-style":"default","site-sidebar-style":"default","ast-global-header-display":"","ast-banner-title-visibility":"","ast-main-header-display":"","ast-hfb-above-header-display":"","ast-hfb-below-header-display":"","ast-hfb-mobile-header-display":"","site-post-title":"","ast-breadcrumbs-content":"","ast-featured-img":"","footer-sml-layout":"","ast-disable-related-posts":"","theme-transparent-header-meta":"","adv-header-id-meta":"","stick-header-meta":"","header-above-stick-meta":"","header-main-stick-meta":"","header-below-stick-meta":"","astra-migrate-meta-layouts":"set","ast-page-background-enabled":"default","ast-page-background-meta":{"desktop":{"background-color":"","background-image":"","background-repeat":"repeat","background-position":"center center","background-size":"auto","background-attachment":"scroll","background-type":"","background-media":"","overlay-type":"","overlay-color":"","overlay-opacity":"","overlay-gradient":""},"tablet":{"background-color":"","background-image":"","background-repeat":"repeat","background-position":"center center","background-size":"auto","background-attachment":"scroll","background-type":"","background-media":"","overlay-type":"","overlay-color":"","overlay-opacity":"","overlay-gradient":""},"mobile":{"background-color":"","background-image":"","background-repeat":"repeat","background-position":"center center","background-size":"auto","background-attachment":"scroll","background-type":"","background-media":"","overlay-type":"","overlay-color":"","overlay-opacity":"","overlay-gradient":""}},"ast-content-background-meta":{"desktop":{"background-color":"var(--ast-global-color-5)","background-image":"","background-repeat":"repeat","background-position":"center center","background-size":"auto","background-attachment":"scroll","background-type":"","background-media":"","overlay-type":"","overlay-color":"","overlay-opacity":"","overlay-gradient":""},"tablet":{"background-color":"var(--ast-global-color-5)","background-image":"","background-repeat":"repeat","background-position":"center center","background-size":"auto","background-attachment":"scroll","background-type":"","background-media":"","overlay-type":"","overlay-color":"","overlay-opacity":"","overlay-gradient":""},"mobile":{"background-color":"var(--ast-global-color-5)","background-image":"","background-repeat":"repeat","background-position":"center center","background-size":"auto","background-attachment":"scroll","background-type":"","background-media":"","overlay-type":"","overlay-color":"","overlay-opacity":"","overlay-gradient":""}},"_jetpack_memberships_contains_paid_content":false,"_joinchat":[],"footnotes":""},"categories":[15302,2234,1,5,2],"tags":[],"class_list":["post-106430","post","type-post","status-publish","format-standard","has-post-thumbnail","hentry","category-destacado","category-policiales","category-sin-categoria","category-sociedad","category-villa-maria"],"yoast_head":"<!-- This site is optimized with the Yoast SEO plugin v26.8 - https:\/\/yoast.com\/product\/yoast-seo-wordpress\/ -->\n<title>Motociclista termin\u00f3 con lesiones graves luego de chocar contra una camioneta en barrio Ameghino - El Regional<\/title>\n<meta name=\"robots\" content=\"index, follow, max-snippet:-1, max-image-preview:large, max-video-preview:-1\" \/>\n<link rel=\"canonical\" href=\"https:\/\/elregionalvm.com.ar\/noticias-villa-maria\/motociclista-termino-con-lesiones-graves-luego-de-chocar-contra-una-camioneta-en-barrio-ameghino\/\" \/>\n<meta property=\"og:locale\" content=\"es_ES\" \/>\n<meta property=\"og:type\" content=\"article\" \/>\n<meta property=\"og:title\" content=\"Motociclista termin\u00f3 con lesiones graves luego de chocar contra una camioneta en barrio Ameghino - El Regional\" \/>\n<meta property=\"og:description\" content=\"Siendo aproximadamente las 17:45 horas de la fecha, personal de la Patrulla Preventiva se constituy\u00f3 en la intersecci\u00f3n de calles Bv. Espa\u00f1a y San Juan, donde hab\u00eda ocurrido un accidente de tr\u00e1nsito en el que por causas a establecer colisionaron una pick-up Fiat Toro conducida por un hombre de 66 a\u00f1os de edad, y una [&hellip;]\" \/>\n<meta property=\"og:url\" content=\"https:\/\/elregionalvm.com.ar\/noticias-villa-maria\/motociclista-termino-con-lesiones-graves-luego-de-chocar-contra-una-camioneta-en-barrio-ameghino\/\" \/>\n<meta property=\"og:site_name\" content=\"El Regional\" \/>\n<meta property=\"article:publisher\" content=\"https:\/\/www.facebook.com\/elregionalvm\" \/>\n<meta property=\"article:published_time\" content=\"2025-05-22T02:51:07+00:00\" \/>\n<meta property=\"article:modified_time\" content=\"2025-05-22T02:51:25+00:00\" \/>\n<meta property=\"og:image\" content=\"https:\/\/elregionalvm.com.ar\/noticias-villa-maria\/wp-content\/uploads\/2025\/05\/WhatsApp-Image-2025-05-21-at-8.06.51-PM.jpeg\" \/>\n\t<meta property=\"og:image:width\" content=\"1200\" \/>\n\t<meta property=\"og:image:height\" content=\"1600\" \/>\n\t<meta property=\"og:image:type\" content=\"image\/jpeg\" \/>\n<meta name=\"author\" content=\"Contenidos El Regional\" \/>\n<meta name=\"twitter:card\" content=\"summary_large_image\" \/>\n<meta name=\"twitter:creator\" content=\"@elregionalvm1\" \/>\n<meta name=\"twitter:site\" content=\"@elregionalvm1\" \/>\n<meta name=\"twitter:label1\" content=\"Escrito por\" \/>\n\t<meta name=\"twitter:data1\" content=\"Contenidos El Regional\" \/>\n\t<meta name=\"twitter:label2\" content=\"Tiempo de lectura\" \/>\n\t<meta name=\"twitter:data2\" content=\"1 minuto\" \/>\n<script type=\"application\/ld+json\" class=\"yoast-schema-graph\">{\"@context\":\"https:\/\/schema.org\",\"@graph\":[{\"@type\":\"Article\",\"@id\":\"https:\/\/elregionalvm.com.ar\/noticias-villa-maria\/motociclista-termino-con-lesiones-graves-luego-de-chocar-contra-una-camioneta-en-barrio-ameghino\/#article\",\"isPartOf\":{\"@id\":\"https:\/\/elregionalvm.com.ar\/noticias-villa-maria\/motociclista-termino-con-lesiones-graves-luego-de-chocar-contra-una-camioneta-en-barrio-ameghino\/\"},\"author\":{\"name\":\"Contenidos El Regional\",\"@id\":\"http:\/\/elregionalvm.com.ar\/noticias-villa-maria\/#\/schema\/person\/a0fb9c422317faca23d50163151bc354\"},\"headline\":\"Motociclista termin\u00f3 con lesiones graves luego de chocar contra una camioneta en barrio Ameghino\",\"datePublished\":\"2025-05-22T02:51:07+00:00\",\"dateModified\":\"2025-05-22T02:51:25+00:00\",\"mainEntityOfPage\":{\"@id\":\"https:\/\/elregionalvm.com.ar\/noticias-villa-maria\/motociclista-termino-con-lesiones-graves-luego-de-chocar-contra-una-camioneta-en-barrio-ameghino\/\"},\"wordCount\":151,\"commentCount\":0,\"image\":{\"@id\":\"https:\/\/elregionalvm.com.ar\/noticias-villa-maria\/motociclista-termino-con-lesiones-graves-luego-de-chocar-contra-una-camioneta-en-barrio-ameghino\/#primaryimage\"},\"thumbnailUrl\":\"https:\/\/i0.wp.com\/elregionalvm.com.ar\/noticias-villa-maria\/wp-content\/uploads\/2025\/05\/WhatsApp-Image-2025-05-21-at-8.06.51-PM.jpeg?fit=1200%2C1600&ssl=1\",\"articleSection\":{\"0\":\"destacado\",\"1\":\"Policiales\",\"3\":\"Sociedad\",\"4\":\"Villa Mar\u00eda\"},\"inLanguage\":\"es\",\"potentialAction\":[{\"@type\":\"CommentAction\",\"name\":\"Comment\",\"target\":[\"https:\/\/elregionalvm.com.ar\/noticias-villa-maria\/motociclista-termino-con-lesiones-graves-luego-de-chocar-contra-una-camioneta-en-barrio-ameghino\/#respond\"]}]},{\"@type\":\"WebPage\",\"@id\":\"https:\/\/elregionalvm.com.ar\/noticias-villa-maria\/motociclista-termino-con-lesiones-graves-luego-de-chocar-contra-una-camioneta-en-barrio-ameghino\/\",\"url\":\"https:\/\/elregionalvm.com.ar\/noticias-villa-maria\/motociclista-termino-con-lesiones-graves-luego-de-chocar-contra-una-camioneta-en-barrio-ameghino\/\",\"name\":\"Motociclista termin\u00f3 con lesiones graves luego de chocar contra una camioneta en barrio Ameghino - El Regional\",\"isPartOf\":{\"@id\":\"http:\/\/elregionalvm.com.ar\/noticias-villa-maria\/#website\"},\"primaryImageOfPage\":{\"@id\":\"https:\/\/elregionalvm.com.ar\/noticias-villa-maria\/motociclista-termino-con-lesiones-graves-luego-de-chocar-contra-una-camioneta-en-barrio-ameghino\/#primaryimage\"},\"image\":{\"@id\":\"https:\/\/elregionalvm.com.ar\/noticias-villa-maria\/motociclista-termino-con-lesiones-graves-luego-de-chocar-contra-una-camioneta-en-barrio-ameghino\/#primaryimage\"},\"thumbnailUrl\":\"https:\/\/i0.wp.com\/elregionalvm.com.ar\/noticias-villa-maria\/wp-content\/uploads\/2025\/05\/WhatsApp-Image-2025-05-21-at-8.06.51-PM.jpeg?fit=1200%2C1600&ssl=1\",\"datePublished\":\"2025-05-22T02:51:07+00:00\",\"dateModified\":\"2025-05-22T02:51:25+00:00\",\"author\":{\"@id\":\"http:\/\/elregionalvm.com.ar\/noticias-villa-maria\/#\/schema\/person\/a0fb9c422317faca23d50163151bc354\"},\"breadcrumb\":{\"@id\":\"https:\/\/elregionalvm.com.ar\/noticias-villa-maria\/motociclista-termino-con-lesiones-graves-luego-de-chocar-contra-una-camioneta-en-barrio-ameghino\/#breadcrumb\"},\"inLanguage\":\"es\",\"potentialAction\":[{\"@type\":\"ReadAction\",\"target\":[\"https:\/\/elregionalvm.com.ar\/noticias-villa-maria\/motociclista-termino-con-lesiones-graves-luego-de-chocar-contra-una-camioneta-en-barrio-ameghino\/\"]}]},{\"@type\":\"ImageObject\",\"inLanguage\":\"es\",\"@id\":\"https:\/\/elregionalvm.com.ar\/noticias-villa-maria\/motociclista-termino-con-lesiones-graves-luego-de-chocar-contra-una-camioneta-en-barrio-ameghino\/#primaryimage\",\"url\":\"https:\/\/i0.wp.com\/elregionalvm.com.ar\/noticias-villa-maria\/wp-content\/uploads\/2025\/05\/WhatsApp-Image-2025-05-21-at-8.06.51-PM.jpeg?fit=1200%2C1600&ssl=1\",\"contentUrl\":\"https:\/\/i0.wp.com\/elregionalvm.com.ar\/noticias-villa-maria\/wp-content\/uploads\/2025\/05\/WhatsApp-Image-2025-05-21-at-8.06.51-PM.jpeg?fit=1200%2C1600&ssl=1\",\"width\":1200,\"height\":1600},{\"@type\":\"BreadcrumbList\",\"@id\":\"https:\/\/elregionalvm.com.ar\/noticias-villa-maria\/motociclista-termino-con-lesiones-graves-luego-de-chocar-contra-una-camioneta-en-barrio-ameghino\/#breadcrumb\",\"itemListElement\":[{\"@type\":\"ListItem\",\"position\":1,\"name\":\"Portada\",\"item\":\"https:\/\/elregionalvm.com.ar\/noticias-villa-maria\/\"},{\"@type\":\"ListItem\",\"position\":2,\"name\":\"Motociclista termin\u00f3 con lesiones graves luego de chocar contra una camioneta en barrio Ameghino\"}]},{\"@type\":\"WebSite\",\"@id\":\"http:\/\/elregionalvm.com.ar\/noticias-villa-maria\/#website\",\"url\":\"http:\/\/elregionalvm.com.ar\/noticias-villa-maria\/\",\"name\":\"El Regional\",\"description\":\"Mucho m\u00e1s que informaci\u00f3n\",\"potentialAction\":[{\"@type\":\"SearchAction\",\"target\":{\"@type\":\"EntryPoint\",\"urlTemplate\":\"http:\/\/elregionalvm.com.ar\/noticias-villa-maria\/?s={search_term_string}\"},\"query-input\":{\"@type\":\"PropertyValueSpecification\",\"valueRequired\":true,\"valueName\":\"search_term_string\"}}],\"inLanguage\":\"es\"},{\"@type\":\"Person\",\"@id\":\"http:\/\/elregionalvm.com.ar\/noticias-villa-maria\/#\/schema\/person\/a0fb9c422317faca23d50163151bc354\",\"name\":\"Contenidos El Regional\",\"image\":{\"@type\":\"ImageObject\",\"inLanguage\":\"es\",\"@id\":\"http:\/\/elregionalvm.com.ar\/noticias-villa-maria\/#\/schema\/person\/image\/\",\"url\":\"https:\/\/secure.gravatar.com\/avatar\/265b27cb2209af7bb3a1318f03305787d7981a5cc6e6cd08fe5a4ecdf99d4b48?s=96&d=mm&r=g\",\"contentUrl\":\"https:\/\/secure.gravatar.com\/avatar\/265b27cb2209af7bb3a1318f03305787d7981a5cc6e6cd08fe5a4ecdf99d4b48?s=96&d=mm&r=g\",\"caption\":\"Contenidos El Regional\"},\"url\":\"https:\/\/elregionalvm.com.ar\/noticias-villa-maria\/author\/contenido\/\"}]}<\/script>\n<!-- \/ Yoast SEO plugin. -->","yoast_head_json":{"title":"Motociclista termin\u00f3 con lesiones graves luego de chocar contra una camioneta en barrio Ameghino - El Regional","robots":{"index":"index","follow":"follow","max-snippet":"max-snippet:-1","max-image-preview":"max-image-preview:large","max-video-preview":"max-video-preview:-1"},"canonical":"https:\/\/elregionalvm.com.ar\/noticias-villa-maria\/motociclista-termino-con-lesiones-graves-luego-de-chocar-contra-una-camioneta-en-barrio-ameghino\/","og_locale":"es_ES","og_type":"article","og_title":"Motociclista termin\u00f3 con lesiones graves luego de chocar contra una camioneta en barrio Ameghino - El Regional","og_description":"Siendo aproximadamente las 17:45 horas de la fecha, personal de la Patrulla Preventiva se constituy\u00f3 en la intersecci\u00f3n de calles Bv. Espa\u00f1a y San Juan, donde hab\u00eda ocurrido un accidente de tr\u00e1nsito en el que por causas a establecer colisionaron una pick-up Fiat Toro conducida por un hombre de 66 a\u00f1os de edad, y una [&hellip;]","og_url":"https:\/\/elregionalvm.com.ar\/noticias-villa-maria\/motociclista-termino-con-lesiones-graves-luego-de-chocar-contra-una-camioneta-en-barrio-ameghino\/","og_site_name":"El Regional","article_publisher":"https:\/\/www.facebook.com\/elregionalvm","article_published_time":"2025-05-22T02:51:07+00:00","article_modified_time":"2025-05-22T02:51:25+00:00","og_image":[{"width":1200,"height":1600,"url":"https:\/\/elregionalvm.com.ar\/noticias-villa-maria\/wp-content\/uploads\/2025\/05\/WhatsApp-Image-2025-05-21-at-8.06.51-PM.jpeg","type":"image\/jpeg"}],"author":"Contenidos El Regional","twitter_card":"summary_large_image","twitter_creator":"@elregionalvm1","twitter_site":"@elregionalvm1","twitter_misc":{"Escrito por":"Contenidos El Regional","Tiempo de lectura":"1 minuto"},"schema":{"@context":"https:\/\/schema.org","@graph":[{"@type":"Article","@id":"https:\/\/elregionalvm.com.ar\/noticias-villa-maria\/motociclista-termino-con-lesiones-graves-luego-de-chocar-contra-una-camioneta-en-barrio-ameghino\/#article","isPartOf":{"@id":"https:\/\/elregionalvm.com.ar\/noticias-villa-maria\/motociclista-termino-con-lesiones-graves-luego-de-chocar-contra-una-camioneta-en-barrio-ameghino\/"},"author":{"name":"Contenidos El Regional","@id":"http:\/\/elregionalvm.com.ar\/noticias-villa-maria\/#\/schema\/person\/a0fb9c422317faca23d50163151bc354"},"headline":"Motociclista termin\u00f3 con lesiones graves luego de chocar contra una camioneta en barrio Ameghino","datePublished":"2025-05-22T02:51:07+00:00","dateModified":"2025-05-22T02:51:25+00:00","mainEntityOfPage":{"@id":"https:\/\/elregionalvm.com.ar\/noticias-villa-maria\/motociclista-termino-con-lesiones-graves-luego-de-chocar-contra-una-camioneta-en-barrio-ameghino\/"},"wordCount":151,"commentCount":0,"image":{"@id":"https:\/\/elregionalvm.com.ar\/noticias-villa-maria\/motociclista-termino-con-lesiones-graves-luego-de-chocar-contra-una-camioneta-en-barrio-ameghino\/#primaryimage"},"thumbnailUrl":"https:\/\/i0.wp.com\/elregionalvm.com.ar\/noticias-villa-maria\/wp-content\/uploads\/2025\/05\/WhatsApp-Image-2025-05-21-at-8.06.51-PM.jpeg?fit=1200%2C1600&ssl=1","articleSection":{"0":"destacado","1":"Policiales","3":"Sociedad","4":"Villa Mar\u00eda"},"inLanguage":"es","potentialAction":[{"@type":"CommentAction","name":"Comment","target":["https:\/\/elregionalvm.com.ar\/noticias-villa-maria\/motociclista-termino-con-lesiones-graves-luego-de-chocar-contra-una-camioneta-en-barrio-ameghino\/#respond"]}]},{"@type":"WebPage","@id":"https:\/\/elregionalvm.com.ar\/noticias-villa-maria\/motociclista-termino-con-lesiones-graves-luego-de-chocar-contra-una-camioneta-en-barrio-ameghino\/","url":"https:\/\/elregionalvm.com.ar\/noticias-villa-maria\/motociclista-termino-con-lesiones-graves-luego-de-chocar-contra-una-camioneta-en-barrio-ameghino\/","name":"Motociclista termin\u00f3 con lesiones graves luego de chocar contra una camioneta en barrio Ameghino - El Regional","isPartOf":{"@id":"http:\/\/elregionalvm.com.ar\/noticias-villa-maria\/#website"},"primaryImageOfPage":{"@id":"https:\/\/elregionalvm.com.ar\/noticias-villa-maria\/motociclista-termino-con-lesiones-graves-luego-de-chocar-contra-una-camioneta-en-barrio-ameghino\/#primaryimage"},"image":{"@id":"https:\/\/elregionalvm.com.ar\/noticias-villa-maria\/motociclista-termino-con-lesiones-graves-luego-de-chocar-contra-una-camioneta-en-barrio-ameghino\/#primaryimage"},"thumbnailUrl":"https:\/\/i0.wp.com\/elregionalvm.com.ar\/noticias-villa-maria\/wp-content\/uploads\/2025\/05\/WhatsApp-Image-2025-05-21-at-8.06.51-PM.jpeg?fit=1200%2C1600&ssl=1","datePublished":"2025-05-22T02:51:07+00:00","dateModified":"2025-05-22T02:51:25+00:00","author":{"@id":"http:\/\/elregionalvm.com.ar\/noticias-villa-maria\/#\/schema\/person\/a0fb9c422317faca23d50163151bc354"},"breadcrumb":{"@id":"https:\/\/elregionalvm.com.ar\/noticias-villa-maria\/motociclista-termino-con-lesiones-graves-luego-de-chocar-contra-una-camioneta-en-barrio-ameghino\/#breadcrumb"},"inLanguage":"es","potentialAction":[{"@type":"ReadAction","target":["https:\/\/elregionalvm.com.ar\/noticias-villa-maria\/motociclista-termino-con-lesiones-graves-luego-de-chocar-contra-una-camioneta-en-barrio-ameghino\/"]}]},{"@type":"ImageObject","inLanguage":"es","@id":"https:\/\/elregionalvm.com.ar\/noticias-villa-maria\/motociclista-termino-con-lesiones-graves-luego-de-chocar-contra-una-camioneta-en-barrio-ameghino\/#primaryimage","url":"https:\/\/i0.wp.com\/elregionalvm.com.ar\/noticias-villa-maria\/wp-content\/uploads\/2025\/05\/WhatsApp-Image-2025-05-21-at-8.06.51-PM.jpeg?fit=1200%2C1600&ssl=1","contentUrl":"https:\/\/i0.wp.com\/elregionalvm.com.ar\/noticias-villa-maria\/wp-content\/uploads\/2025\/05\/WhatsApp-Image-2025-05-21-at-8.06.51-PM.jpeg?fit=1200%2C1600&ssl=1","width":1200,"height":1600},{"@type":"BreadcrumbList","@id":"https:\/\/elregionalvm.com.ar\/noticias-villa-maria\/motociclista-termino-con-lesiones-graves-luego-de-chocar-contra-una-camioneta-en-barrio-ameghino\/#breadcrumb","itemListElement":[{"@type":"ListItem","position":1,"name":"Portada","item":"https:\/\/elregionalvm.com.ar\/noticias-villa-maria\/"},{"@type":"ListItem","position":2,"name":"Motociclista termin\u00f3 con lesiones graves luego de chocar contra una camioneta en barrio Ameghino"}]},{"@type":"WebSite","@id":"http:\/\/elregionalvm.com.ar\/noticias-villa-maria\/#website","url":"http:\/\/elregionalvm.com.ar\/noticias-villa-maria\/","name":"El Regional","description":"Mucho m\u00e1s que informaci\u00f3n","potentialAction":[{"@type":"SearchAction","target":{"@type":"EntryPoint","urlTemplate":"http:\/\/elregionalvm.com.ar\/noticias-villa-maria\/?s={search_term_string}"},"query-input":{"@type":"PropertyValueSpecification","valueRequired":true,"valueName":"search_term_string"}}],"inLanguage":"es"},{"@type":"Person","@id":"http:\/\/elregionalvm.com.ar\/noticias-villa-maria\/#\/schema\/person\/a0fb9c422317faca23d50163151bc354","name":"Contenidos El Regional","image":{"@type":"ImageObject","inLanguage":"es","@id":"http:\/\/elregionalvm.com.ar\/noticias-villa-maria\/#\/schema\/person\/image\/","url":"https:\/\/secure.gravatar.com\/avatar\/265b27cb2209af7bb3a1318f03305787d7981a5cc6e6cd08fe5a4ecdf99d4b48?s=96&d=mm&r=g","contentUrl":"https:\/\/secure.gravatar.com\/avatar\/265b27cb2209af7bb3a1318f03305787d7981a5cc6e6cd08fe5a4ecdf99d4b48?s=96&d=mm&r=g","caption":"Contenidos El Regional"},"url":"https:\/\/elregionalvm.com.ar\/noticias-villa-maria\/author\/contenido\/"}]}},"jetpack_featured_media_url":"https:\/\/i0.wp.com\/elregionalvm.com.ar\/noticias-villa-maria\/wp-content\/uploads\/2025\/05\/WhatsApp-Image-2025-05-21-at-8.06.51-PM.jpeg?fit=1200%2C1600&ssl=1","jetpack_sharing_enabled":true,"_links":{"self":[{"href":"https:\/\/elregionalvm.com.ar\/noticias-villa-maria\/wp-json\/wp\/v2\/posts\/106430","targetHints":{"allow":["GET"]}}],"collection":[{"href":"https:\/\/elregionalvm.com.ar\/noticias-villa-maria\/wp-json\/wp\/v2\/posts"}],"about":[{"href":"https:\/\/elregionalvm.com.ar\/noticias-villa-maria\/wp-json\/wp\/v2\/types\/post"}],"author":[{"embeddable":true,"href":"https:\/\/elregionalvm.com.ar\/noticias-villa-maria\/wp-json\/wp\/v2\/users\/4"}],"replies":[{"embeddable":true,"href":"https:\/\/elregionalvm.com.ar\/noticias-villa-maria\/wp-json\/wp\/v2\/comments?post=106430"}],"version-history":[{"count":1,"href":"https:\/\/elregionalvm.com.ar\/noticias-villa-maria\/wp-json\/wp\/v2\/posts\/106430\/revisions"}],"predecessor-version":[{"id":106433,"href":"https:\/\/elregionalvm.com.ar\/noticias-villa-maria\/wp-json\/wp\/v2\/posts\/106430\/revisions\/106433"}],"wp:featuredmedia":[{"embeddable":true,"href":"https:\/\/elregionalvm.com.ar\/noticias-villa-maria\/wp-json\/wp\/v2\/media\/106432"}],"wp:attachment":[{"href":"https:\/\/elregionalvm.com.ar\/noticias-villa-maria\/wp-json\/wp\/v2\/media?parent=106430"}],"wp:term":[{"taxonomy":"category","embeddable":true,"href":"https:\/\/elregionalvm.com.ar\/noticias-villa-maria\/wp-json\/wp\/v2\/categories?post=106430"},{"taxonomy":"post_tag","embeddable":true,"href":"https:\/\/elregionalvm.com.ar\/noticias-villa-maria\/wp-json\/wp\/v2\/tags?post=106430"}],"curies":[{"name":"wp","href":"https:\/\/api.w.org\/{rel}","templated":true}]}}