{"id":106492,"date":"2025-05-23T20:53:04","date_gmt":"2025-05-23T20:53:04","guid":{"rendered":"https:\/\/elregionalvm.com.ar\/noticias-villa-maria\/?p=106492"},"modified":"2025-05-23T20:53:06","modified_gmt":"2025-05-23T20:53:06","slug":"el-departamento-san-martin-cuenta-con-una-nueva-sede-operativa-del-programa-tribuna-segura","status":"publish","type":"post","link":"https:\/\/elregionalvm.com.ar\/noticias-villa-maria\/el-departamento-san-martin-cuenta-con-una-nueva-sede-operativa-del-programa-tribuna-segura\/","title":{"rendered":"El departamento San Mart\u00edn cuenta con una nueva sede operativa del programa Tribuna Segura\u00a0"},"content":{"rendered":"\n<p>En el marco de las habilitaciones de nuevas sedes operativas del programa Tribuna Segura&nbsp;<\/p>\n\n\n\n<p>en el interior cordob\u00e9s, el titular del Consejo de Seguridad Deportiva Provincial, Marcelo Frosassco otorg\u00f3 a la Departamental de Polic\u00eda de General San Mart\u00edn nuevos dispositivos conectados al sistema de control.<\/p>\n\n\n\n<p>Los cinco equipos ser\u00e1n empleados por efectivos de la Fuerza de esa jurisdicci\u00f3n para la fiscalizaci\u00f3n de los accesos a espect\u00e1culos futbol\u00edsticos -y fuera de este \u00e1mbito cuando sea necesario- con el objetivo de brindar m\u00e1s seguridad en la regi\u00f3n.<\/p>\n\n\n\n<p><em>\u201cEsta es una herramienta m\u00e1s para el dirigente deportivo que solo tiene que estar abocado todo el tiempo en ver c\u00f3mo hace crecer a su club, ya que el tema de la violencia, de los barras, de los que hacen negocios y arruinan los espect\u00e1culos deportivos, debe ser una tarea nuestra, del Estado\u201d<\/em>, sostuvo Frossasco al referirse a la importancia del trabajo en conjunto entre el Cosedepro y distintos organismos y entidades de la provincia.<\/p>\n\n\n\n<p>En detalle, los nuevos equipos son tel\u00e9fonos smartphone especiales en cuanto tienen incorporado el sistema operativo del programa, lo que les permitir\u00e1 a las fuerzas acceder a la base de datos para controlar los antecedentes de las personas que ingresen a cualquiera de los estadios de la jurisdicci\u00f3n de la departamental General San Mart\u00edn.&nbsp;<\/p>\n\n\n\n<p>Si bien el Programa Tribuna Segura es gestionado desde la Polic\u00eda, requiere de la&nbsp;la participaci\u00f3n de comunas, municipios, instituciones deportivas y la Justicia.<\/p>\n\n\n\n<p>Al respecto de la relevancia por la inclusi\u00f3n del sistema en San Mart\u00edn y en su cabecera, la ciudad de Villa Mar\u00eda, Guadalupe V\u00e1zquez subray\u00f3 que: \u201c<em>La incorporaci\u00f3n de estos nuevos instrumentos en nuestro Departamento nos va a servir para detectar a quienes ponen en riesgo el disfrute responsable de la mayor\u00eda durante los eventos deportivos y para eso la Instituci\u00f3n policial contar\u00e1 con este recurso tan importante con acceso a la informaci\u00f3n para la detecci\u00f3n temprana y prevenci\u00f3n de incidentes\u201d<\/em>.<\/p>\n\n\n\n<p>En la provincia, las sedes que ya operan el sistema del programa Tribuna Segura se ubican en los siguientes departamentos: Capital, R\u00edo Cuarto, San Justo, Presidente Roque S\u00e1enz Pe\u00f1a, Traslasierra y desde ahora, General San Mart\u00edn<\/p>\n\n\n\n<p>Los funcionarios estuvieron acompa\u00f1ados por el director General de las Departamentales Sur, comisario General Cristian G\u00f3mez; el director de la departamental San Mart\u00edn, comisario Mayor, Roque A. Carabajal; el coordinador Operacional del Cosedepro, Comisario Pablo Cisterna y el&nbsp; responsable de Tribuna Segura C\u00f3rdoba, Marcelo Trillo.<\/p>\n\n\n\n<h3 class=\"wp-block-heading\"><strong>Sobre el Programa Tribuna Segura<\/strong><\/h3>\n\n\n\n<p>Tribuna Segura es un programa impulsado por el Ministerio de Seguridad de la Naci\u00f3n y articulado por el Consejo de Seguridad Deportiva de la provincia de C\u00f3rdoba, que tiene como objetivo garantizar la seguridad y la buena conducta en los espect\u00e1culos deportivos.<\/p>\n\n\n\n<p>Integra tecnolog\u00eda y programas de capacitaci\u00f3n de fuerzas de seguridad registrando al p\u00fablico con un sistema din\u00e1mico de identificaci\u00f3n con el fin de luchar contra el narcotr\u00e1fico, crimen organizado y conductas delictivas.<\/p>\n\n\n\n<p>El operativo de control emplea un dispositivo m\u00f3vil que chequea el Documento Nacional de Identidad determinando la posibilidad de ingresar al estadio, mediante la utilizaci\u00f3n de tres bases de datos: RENAPER que acredita la identidad; SISEF que se\u00f1ala a las personas con derecho de admisi\u00f3n y restricciones judiciales y SISCOP, la base de datos de la Polic\u00eca con pedidos de captura y el sistema de b\u00fasqueda de personas extraviadas.<\/p>\n","protected":false},"excerpt":{"rendered":"<p>En el marco de las habilitaciones de nuevas sedes operativas del programa Tribuna Segura&nbsp; en el interior cordob\u00e9s, el titular del Consejo de Seguridad Deportiva Provincial, Marcelo Frosassco otorg\u00f3 a la Departamental de Polic\u00eda de General San Mart\u00edn nuevos dispositivos conectados al sistema de control. Los cinco equipos ser\u00e1n empleados por efectivos de la Fuerza [&hellip;]<\/p>\n","protected":false},"author":4,"featured_media":106493,"comment_status":"open","ping_status":"open","sticky":false,"template":"","format":"standard","meta":{"site-sidebar-layout":"default","site-content-layout":"","ast-site-content-layout":"default","site-content-style":"default","site-sidebar-style":"default","ast-global-header-display":"","ast-banner-title-visibility":"","ast-main-header-display":"","ast-hfb-above-header-display":"","ast-hfb-below-header-display":"","ast-hfb-mobile-header-display":"","site-post-title":"","ast-breadcrumbs-content":"","ast-featured-img":"","footer-sml-layout":"","ast-disable-related-posts":"","theme-transparent-header-meta":"","adv-header-id-meta":"","stick-header-meta":"","header-above-stick-meta":"","header-main-stick-meta":"","header-below-stick-meta":"","astra-migrate-meta-layouts":"set","ast-page-background-enabled":"default","ast-page-background-meta":{"desktop":{"background-color":"","background-image":"","background-repeat":"repeat","background-position":"center center","background-size":"auto","background-attachment":"scroll","background-type":"","background-media":"","overlay-type":"","overlay-color":"","overlay-opacity":"","overlay-gradient":""},"tablet":{"background-color":"","background-image":"","background-repeat":"repeat","background-position":"center center","background-size":"auto","background-attachment":"scroll","background-type":"","background-media":"","overlay-type":"","overlay-color":"","overlay-opacity":"","overlay-gradient":""},"mobile":{"background-color":"","background-image":"","background-repeat":"repeat","background-position":"center center","background-size":"auto","background-attachment":"scroll","background-type":"","background-media":"","overlay-type":"","overlay-color":"","overlay-opacity":"","overlay-gradient":""}},"ast-content-background-meta":{"desktop":{"background-color":"var(--ast-global-color-5)","background-image":"","background-repeat":"repeat","background-position":"center center","background-size":"auto","background-attachment":"scroll","background-type":"","background-media":"","overlay-type":"","overlay-color":"","overlay-opacity":"","overlay-gradient":""},"tablet":{"background-color":"var(--ast-global-color-5)","background-image":"","background-repeat":"repeat","background-position":"center center","background-size":"auto","background-attachment":"scroll","background-type":"","background-media":"","overlay-type":"","overlay-color":"","overlay-opacity":"","overlay-gradient":""},"mobile":{"background-color":"var(--ast-global-color-5)","background-image":"","background-repeat":"repeat","background-position":"center center","background-size":"auto","background-attachment":"scroll","background-type":"","background-media":"","overlay-type":"","overlay-color":"","overlay-opacity":"","overlay-gradient":""}},"_jetpack_memberships_contains_paid_content":false,"_joinchat":[],"footnotes":""},"categories":[15302,5,2],"tags":[],"class_list":["post-106492","post","type-post","status-publish","format-standard","has-post-thumbnail","hentry","category-destacado","category-sociedad","category-villa-maria"],"yoast_head":"<!-- This site is optimized with the Yoast SEO plugin v26.8 - https:\/\/yoast.com\/product\/yoast-seo-wordpress\/ -->\n<title>El departamento San Mart\u00edn cuenta con una nueva sede operativa del programa Tribuna Segura\u00a0 - El Regional<\/title>\n<meta name=\"robots\" content=\"index, follow, max-snippet:-1, max-image-preview:large, max-video-preview:-1\" \/>\n<link rel=\"canonical\" href=\"https:\/\/elregionalvm.com.ar\/noticias-villa-maria\/el-departamento-san-martin-cuenta-con-una-nueva-sede-operativa-del-programa-tribuna-segura\/\" \/>\n<meta property=\"og:locale\" content=\"es_ES\" \/>\n<meta property=\"og:type\" content=\"article\" \/>\n<meta property=\"og:title\" content=\"El departamento San Mart\u00edn cuenta con una nueva sede operativa del programa Tribuna Segura\u00a0 - El Regional\" \/>\n<meta property=\"og:description\" content=\"En el marco de las habilitaciones de nuevas sedes operativas del programa Tribuna Segura&nbsp; en el interior cordob\u00e9s, el titular del Consejo de Seguridad Deportiva Provincial, Marcelo Frosassco otorg\u00f3 a la Departamental de Polic\u00eda de General San Mart\u00edn nuevos dispositivos conectados al sistema de control. Los cinco equipos ser\u00e1n empleados por efectivos de la Fuerza [&hellip;]\" \/>\n<meta property=\"og:url\" content=\"https:\/\/elregionalvm.com.ar\/noticias-villa-maria\/el-departamento-san-martin-cuenta-con-una-nueva-sede-operativa-del-programa-tribuna-segura\/\" \/>\n<meta property=\"og:site_name\" content=\"El Regional\" \/>\n<meta property=\"article:publisher\" content=\"https:\/\/www.facebook.com\/elregionalvm\" \/>\n<meta property=\"article:published_time\" content=\"2025-05-23T20:53:04+00:00\" \/>\n<meta property=\"article:modified_time\" content=\"2025-05-23T20:53:06+00:00\" \/>\n<meta property=\"og:image\" content=\"https:\/\/elregionalvm.com.ar\/noticias-villa-maria\/wp-content\/uploads\/2025\/05\/El-departamento-San-Martin-cuenta-con-una-nueva-sede-operativa-del-programa-Tribuna-Segura-2.jpeg\" \/>\n\t<meta property=\"og:image:width\" content=\"990\" \/>\n\t<meta property=\"og:image:height\" content=\"660\" \/>\n\t<meta property=\"og:image:type\" content=\"image\/jpeg\" \/>\n<meta name=\"author\" content=\"Contenidos El Regional\" \/>\n<meta name=\"twitter:card\" content=\"summary_large_image\" \/>\n<meta name=\"twitter:creator\" content=\"@elregionalvm1\" \/>\n<meta name=\"twitter:site\" content=\"@elregionalvm1\" \/>\n<meta name=\"twitter:label1\" content=\"Escrito por\" \/>\n\t<meta name=\"twitter:data1\" content=\"Contenidos El Regional\" \/>\n\t<meta name=\"twitter:label2\" content=\"Tiempo de lectura\" \/>\n\t<meta name=\"twitter:data2\" content=\"3 minutos\" \/>\n<script type=\"application\/ld+json\" class=\"yoast-schema-graph\">{\"@context\":\"https:\/\/schema.org\",\"@graph\":[{\"@type\":\"Article\",\"@id\":\"https:\/\/elregionalvm.com.ar\/noticias-villa-maria\/el-departamento-san-martin-cuenta-con-una-nueva-sede-operativa-del-programa-tribuna-segura\/#article\",\"isPartOf\":{\"@id\":\"https:\/\/elregionalvm.com.ar\/noticias-villa-maria\/el-departamento-san-martin-cuenta-con-una-nueva-sede-operativa-del-programa-tribuna-segura\/\"},\"author\":{\"name\":\"Contenidos El Regional\",\"@id\":\"http:\/\/elregionalvm.com.ar\/noticias-villa-maria\/#\/schema\/person\/a0fb9c422317faca23d50163151bc354\"},\"headline\":\"El departamento San Mart\u00edn cuenta con una nueva sede operativa del programa Tribuna Segura\u00a0\",\"datePublished\":\"2025-05-23T20:53:04+00:00\",\"dateModified\":\"2025-05-23T20:53:06+00:00\",\"mainEntityOfPage\":{\"@id\":\"https:\/\/elregionalvm.com.ar\/noticias-villa-maria\/el-departamento-san-martin-cuenta-con-una-nueva-sede-operativa-del-programa-tribuna-segura\/\"},\"wordCount\":618,\"commentCount\":0,\"image\":{\"@id\":\"https:\/\/elregionalvm.com.ar\/noticias-villa-maria\/el-departamento-san-martin-cuenta-con-una-nueva-sede-operativa-del-programa-tribuna-segura\/#primaryimage\"},\"thumbnailUrl\":\"https:\/\/i0.wp.com\/elregionalvm.com.ar\/noticias-villa-maria\/wp-content\/uploads\/2025\/05\/El-departamento-San-Martin-cuenta-con-una-nueva-sede-operativa-del-programa-Tribuna-Segura-2.jpeg?fit=990%2C660&ssl=1\",\"articleSection\":[\"destacado\",\"Sociedad\",\"Villa Mar\u00eda\"],\"inLanguage\":\"es\",\"potentialAction\":[{\"@type\":\"CommentAction\",\"name\":\"Comment\",\"target\":[\"https:\/\/elregionalvm.com.ar\/noticias-villa-maria\/el-departamento-san-martin-cuenta-con-una-nueva-sede-operativa-del-programa-tribuna-segura\/#respond\"]}]},{\"@type\":\"WebPage\",\"@id\":\"https:\/\/elregionalvm.com.ar\/noticias-villa-maria\/el-departamento-san-martin-cuenta-con-una-nueva-sede-operativa-del-programa-tribuna-segura\/\",\"url\":\"https:\/\/elregionalvm.com.ar\/noticias-villa-maria\/el-departamento-san-martin-cuenta-con-una-nueva-sede-operativa-del-programa-tribuna-segura\/\",\"name\":\"El departamento San Mart\u00edn cuenta con una nueva sede operativa del programa Tribuna Segura\u00a0 - El Regional\",\"isPartOf\":{\"@id\":\"http:\/\/elregionalvm.com.ar\/noticias-villa-maria\/#website\"},\"primaryImageOfPage\":{\"@id\":\"https:\/\/elregionalvm.com.ar\/noticias-villa-maria\/el-departamento-san-martin-cuenta-con-una-nueva-sede-operativa-del-programa-tribuna-segura\/#primaryimage\"},\"image\":{\"@id\":\"https:\/\/elregionalvm.com.ar\/noticias-villa-maria\/el-departamento-san-martin-cuenta-con-una-nueva-sede-operativa-del-programa-tribuna-segura\/#primaryimage\"},\"thumbnailUrl\":\"https:\/\/i0.wp.com\/elregionalvm.com.ar\/noticias-villa-maria\/wp-content\/uploads\/2025\/05\/El-departamento-San-Martin-cuenta-con-una-nueva-sede-operativa-del-programa-Tribuna-Segura-2.jpeg?fit=990%2C660&ssl=1\",\"datePublished\":\"2025-05-23T20:53:04+00:00\",\"dateModified\":\"2025-05-23T20:53:06+00:00\",\"author\":{\"@id\":\"http:\/\/elregionalvm.com.ar\/noticias-villa-maria\/#\/schema\/person\/a0fb9c422317faca23d50163151bc354\"},\"breadcrumb\":{\"@id\":\"https:\/\/elregionalvm.com.ar\/noticias-villa-maria\/el-departamento-san-martin-cuenta-con-una-nueva-sede-operativa-del-programa-tribuna-segura\/#breadcrumb\"},\"inLanguage\":\"es\",\"potentialAction\":[{\"@type\":\"ReadAction\",\"target\":[\"https:\/\/elregionalvm.com.ar\/noticias-villa-maria\/el-departamento-san-martin-cuenta-con-una-nueva-sede-operativa-del-programa-tribuna-segura\/\"]}]},{\"@type\":\"ImageObject\",\"inLanguage\":\"es\",\"@id\":\"https:\/\/elregionalvm.com.ar\/noticias-villa-maria\/el-departamento-san-martin-cuenta-con-una-nueva-sede-operativa-del-programa-tribuna-segura\/#primaryimage\",\"url\":\"https:\/\/i0.wp.com\/elregionalvm.com.ar\/noticias-villa-maria\/wp-content\/uploads\/2025\/05\/El-departamento-San-Martin-cuenta-con-una-nueva-sede-operativa-del-programa-Tribuna-Segura-2.jpeg?fit=990%2C660&ssl=1\",\"contentUrl\":\"https:\/\/i0.wp.com\/elregionalvm.com.ar\/noticias-villa-maria\/wp-content\/uploads\/2025\/05\/El-departamento-San-Martin-cuenta-con-una-nueva-sede-operativa-del-programa-Tribuna-Segura-2.jpeg?fit=990%2C660&ssl=1\",\"width\":990,\"height\":660},{\"@type\":\"BreadcrumbList\",\"@id\":\"https:\/\/elregionalvm.com.ar\/noticias-villa-maria\/el-departamento-san-martin-cuenta-con-una-nueva-sede-operativa-del-programa-tribuna-segura\/#breadcrumb\",\"itemListElement\":[{\"@type\":\"ListItem\",\"position\":1,\"name\":\"Portada\",\"item\":\"https:\/\/elregionalvm.com.ar\/noticias-villa-maria\/\"},{\"@type\":\"ListItem\",\"position\":2,\"name\":\"El departamento San Mart\u00edn cuenta con una nueva sede operativa del programa Tribuna Segura\u00a0\"}]},{\"@type\":\"WebSite\",\"@id\":\"http:\/\/elregionalvm.com.ar\/noticias-villa-maria\/#website\",\"url\":\"http:\/\/elregionalvm.com.ar\/noticias-villa-maria\/\",\"name\":\"El Regional\",\"description\":\"Mucho m\u00e1s que informaci\u00f3n\",\"potentialAction\":[{\"@type\":\"SearchAction\",\"target\":{\"@type\":\"EntryPoint\",\"urlTemplate\":\"http:\/\/elregionalvm.com.ar\/noticias-villa-maria\/?s={search_term_string}\"},\"query-input\":{\"@type\":\"PropertyValueSpecification\",\"valueRequired\":true,\"valueName\":\"search_term_string\"}}],\"inLanguage\":\"es\"},{\"@type\":\"Person\",\"@id\":\"http:\/\/elregionalvm.com.ar\/noticias-villa-maria\/#\/schema\/person\/a0fb9c422317faca23d50163151bc354\",\"name\":\"Contenidos El Regional\",\"image\":{\"@type\":\"ImageObject\",\"inLanguage\":\"es\",\"@id\":\"http:\/\/elregionalvm.com.ar\/noticias-villa-maria\/#\/schema\/person\/image\/\",\"url\":\"https:\/\/secure.gravatar.com\/avatar\/265b27cb2209af7bb3a1318f03305787d7981a5cc6e6cd08fe5a4ecdf99d4b48?s=96&d=mm&r=g\",\"contentUrl\":\"https:\/\/secure.gravatar.com\/avatar\/265b27cb2209af7bb3a1318f03305787d7981a5cc6e6cd08fe5a4ecdf99d4b48?s=96&d=mm&r=g\",\"caption\":\"Contenidos El Regional\"},\"url\":\"https:\/\/elregionalvm.com.ar\/noticias-villa-maria\/author\/contenido\/\"}]}<\/script>\n<!-- \/ Yoast SEO plugin. -->","yoast_head_json":{"title":"El departamento San Mart\u00edn cuenta con una nueva sede operativa del programa Tribuna Segura\u00a0 - El Regional","robots":{"index":"index","follow":"follow","max-snippet":"max-snippet:-1","max-image-preview":"max-image-preview:large","max-video-preview":"max-video-preview:-1"},"canonical":"https:\/\/elregionalvm.com.ar\/noticias-villa-maria\/el-departamento-san-martin-cuenta-con-una-nueva-sede-operativa-del-programa-tribuna-segura\/","og_locale":"es_ES","og_type":"article","og_title":"El departamento San Mart\u00edn cuenta con una nueva sede operativa del programa Tribuna Segura\u00a0 - El Regional","og_description":"En el marco de las habilitaciones de nuevas sedes operativas del programa Tribuna Segura&nbsp; en el interior cordob\u00e9s, el titular del Consejo de Seguridad Deportiva Provincial, Marcelo Frosassco otorg\u00f3 a la Departamental de Polic\u00eda de General San Mart\u00edn nuevos dispositivos conectados al sistema de control. Los cinco equipos ser\u00e1n empleados por efectivos de la Fuerza [&hellip;]","og_url":"https:\/\/elregionalvm.com.ar\/noticias-villa-maria\/el-departamento-san-martin-cuenta-con-una-nueva-sede-operativa-del-programa-tribuna-segura\/","og_site_name":"El Regional","article_publisher":"https:\/\/www.facebook.com\/elregionalvm","article_published_time":"2025-05-23T20:53:04+00:00","article_modified_time":"2025-05-23T20:53:06+00:00","og_image":[{"width":990,"height":660,"url":"https:\/\/elregionalvm.com.ar\/noticias-villa-maria\/wp-content\/uploads\/2025\/05\/El-departamento-San-Martin-cuenta-con-una-nueva-sede-operativa-del-programa-Tribuna-Segura-2.jpeg","type":"image\/jpeg"}],"author":"Contenidos El Regional","twitter_card":"summary_large_image","twitter_creator":"@elregionalvm1","twitter_site":"@elregionalvm1","twitter_misc":{"Escrito por":"Contenidos El Regional","Tiempo de lectura":"3 minutos"},"schema":{"@context":"https:\/\/schema.org","@graph":[{"@type":"Article","@id":"https:\/\/elregionalvm.com.ar\/noticias-villa-maria\/el-departamento-san-martin-cuenta-con-una-nueva-sede-operativa-del-programa-tribuna-segura\/#article","isPartOf":{"@id":"https:\/\/elregionalvm.com.ar\/noticias-villa-maria\/el-departamento-san-martin-cuenta-con-una-nueva-sede-operativa-del-programa-tribuna-segura\/"},"author":{"name":"Contenidos El Regional","@id":"http:\/\/elregionalvm.com.ar\/noticias-villa-maria\/#\/schema\/person\/a0fb9c422317faca23d50163151bc354"},"headline":"El departamento San Mart\u00edn cuenta con una nueva sede operativa del programa Tribuna Segura\u00a0","datePublished":"2025-05-23T20:53:04+00:00","dateModified":"2025-05-23T20:53:06+00:00","mainEntityOfPage":{"@id":"https:\/\/elregionalvm.com.ar\/noticias-villa-maria\/el-departamento-san-martin-cuenta-con-una-nueva-sede-operativa-del-programa-tribuna-segura\/"},"wordCount":618,"commentCount":0,"image":{"@id":"https:\/\/elregionalvm.com.ar\/noticias-villa-maria\/el-departamento-san-martin-cuenta-con-una-nueva-sede-operativa-del-programa-tribuna-segura\/#primaryimage"},"thumbnailUrl":"https:\/\/i0.wp.com\/elregionalvm.com.ar\/noticias-villa-maria\/wp-content\/uploads\/2025\/05\/El-departamento-San-Martin-cuenta-con-una-nueva-sede-operativa-del-programa-Tribuna-Segura-2.jpeg?fit=990%2C660&ssl=1","articleSection":["destacado","Sociedad","Villa Mar\u00eda"],"inLanguage":"es","potentialAction":[{"@type":"CommentAction","name":"Comment","target":["https:\/\/elregionalvm.com.ar\/noticias-villa-maria\/el-departamento-san-martin-cuenta-con-una-nueva-sede-operativa-del-programa-tribuna-segura\/#respond"]}]},{"@type":"WebPage","@id":"https:\/\/elregionalvm.com.ar\/noticias-villa-maria\/el-departamento-san-martin-cuenta-con-una-nueva-sede-operativa-del-programa-tribuna-segura\/","url":"https:\/\/elregionalvm.com.ar\/noticias-villa-maria\/el-departamento-san-martin-cuenta-con-una-nueva-sede-operativa-del-programa-tribuna-segura\/","name":"El departamento San Mart\u00edn cuenta con una nueva sede operativa del programa Tribuna Segura\u00a0 - El Regional","isPartOf":{"@id":"http:\/\/elregionalvm.com.ar\/noticias-villa-maria\/#website"},"primaryImageOfPage":{"@id":"https:\/\/elregionalvm.com.ar\/noticias-villa-maria\/el-departamento-san-martin-cuenta-con-una-nueva-sede-operativa-del-programa-tribuna-segura\/#primaryimage"},"image":{"@id":"https:\/\/elregionalvm.com.ar\/noticias-villa-maria\/el-departamento-san-martin-cuenta-con-una-nueva-sede-operativa-del-programa-tribuna-segura\/#primaryimage"},"thumbnailUrl":"https:\/\/i0.wp.com\/elregionalvm.com.ar\/noticias-villa-maria\/wp-content\/uploads\/2025\/05\/El-departamento-San-Martin-cuenta-con-una-nueva-sede-operativa-del-programa-Tribuna-Segura-2.jpeg?fit=990%2C660&ssl=1","datePublished":"2025-05-23T20:53:04+00:00","dateModified":"2025-05-23T20:53:06+00:00","author":{"@id":"http:\/\/elregionalvm.com.ar\/noticias-villa-maria\/#\/schema\/person\/a0fb9c422317faca23d50163151bc354"},"breadcrumb":{"@id":"https:\/\/elregionalvm.com.ar\/noticias-villa-maria\/el-departamento-san-martin-cuenta-con-una-nueva-sede-operativa-del-programa-tribuna-segura\/#breadcrumb"},"inLanguage":"es","potentialAction":[{"@type":"ReadAction","target":["https:\/\/elregionalvm.com.ar\/noticias-villa-maria\/el-departamento-san-martin-cuenta-con-una-nueva-sede-operativa-del-programa-tribuna-segura\/"]}]},{"@type":"ImageObject","inLanguage":"es","@id":"https:\/\/elregionalvm.com.ar\/noticias-villa-maria\/el-departamento-san-martin-cuenta-con-una-nueva-sede-operativa-del-programa-tribuna-segura\/#primaryimage","url":"https:\/\/i0.wp.com\/elregionalvm.com.ar\/noticias-villa-maria\/wp-content\/uploads\/2025\/05\/El-departamento-San-Martin-cuenta-con-una-nueva-sede-operativa-del-programa-Tribuna-Segura-2.jpeg?fit=990%2C660&ssl=1","contentUrl":"https:\/\/i0.wp.com\/elregionalvm.com.ar\/noticias-villa-maria\/wp-content\/uploads\/2025\/05\/El-departamento-San-Martin-cuenta-con-una-nueva-sede-operativa-del-programa-Tribuna-Segura-2.jpeg?fit=990%2C660&ssl=1","width":990,"height":660},{"@type":"BreadcrumbList","@id":"https:\/\/elregionalvm.com.ar\/noticias-villa-maria\/el-departamento-san-martin-cuenta-con-una-nueva-sede-operativa-del-programa-tribuna-segura\/#breadcrumb","itemListElement":[{"@type":"ListItem","position":1,"name":"Portada","item":"https:\/\/elregionalvm.com.ar\/noticias-villa-maria\/"},{"@type":"ListItem","position":2,"name":"El departamento San Mart\u00edn cuenta con una nueva sede operativa del programa Tribuna Segura\u00a0"}]},{"@type":"WebSite","@id":"http:\/\/elregionalvm.com.ar\/noticias-villa-maria\/#website","url":"http:\/\/elregionalvm.com.ar\/noticias-villa-maria\/","name":"El Regional","description":"Mucho m\u00e1s que informaci\u00f3n","potentialAction":[{"@type":"SearchAction","target":{"@type":"EntryPoint","urlTemplate":"http:\/\/elregionalvm.com.ar\/noticias-villa-maria\/?s={search_term_string}"},"query-input":{"@type":"PropertyValueSpecification","valueRequired":true,"valueName":"search_term_string"}}],"inLanguage":"es"},{"@type":"Person","@id":"http:\/\/elregionalvm.com.ar\/noticias-villa-maria\/#\/schema\/person\/a0fb9c422317faca23d50163151bc354","name":"Contenidos El Regional","image":{"@type":"ImageObject","inLanguage":"es","@id":"http:\/\/elregionalvm.com.ar\/noticias-villa-maria\/#\/schema\/person\/image\/","url":"https:\/\/secure.gravatar.com\/avatar\/265b27cb2209af7bb3a1318f03305787d7981a5cc6e6cd08fe5a4ecdf99d4b48?s=96&d=mm&r=g","contentUrl":"https:\/\/secure.gravatar.com\/avatar\/265b27cb2209af7bb3a1318f03305787d7981a5cc6e6cd08fe5a4ecdf99d4b48?s=96&d=mm&r=g","caption":"Contenidos El Regional"},"url":"https:\/\/elregionalvm.com.ar\/noticias-villa-maria\/author\/contenido\/"}]}},"jetpack_featured_media_url":"https:\/\/i0.wp.com\/elregionalvm.com.ar\/noticias-villa-maria\/wp-content\/uploads\/2025\/05\/El-departamento-San-Martin-cuenta-con-una-nueva-sede-operativa-del-programa-Tribuna-Segura-2.jpeg?fit=990%2C660&ssl=1","jetpack_sharing_enabled":true,"_links":{"self":[{"href":"https:\/\/elregionalvm.com.ar\/noticias-villa-maria\/wp-json\/wp\/v2\/posts\/106492","targetHints":{"allow":["GET"]}}],"collection":[{"href":"https:\/\/elregionalvm.com.ar\/noticias-villa-maria\/wp-json\/wp\/v2\/posts"}],"about":[{"href":"https:\/\/elregionalvm.com.ar\/noticias-villa-maria\/wp-json\/wp\/v2\/types\/post"}],"author":[{"embeddable":true,"href":"https:\/\/elregionalvm.com.ar\/noticias-villa-maria\/wp-json\/wp\/v2\/users\/4"}],"replies":[{"embeddable":true,"href":"https:\/\/elregionalvm.com.ar\/noticias-villa-maria\/wp-json\/wp\/v2\/comments?post=106492"}],"version-history":[{"count":1,"href":"https:\/\/elregionalvm.com.ar\/noticias-villa-maria\/wp-json\/wp\/v2\/posts\/106492\/revisions"}],"predecessor-version":[{"id":106494,"href":"https:\/\/elregionalvm.com.ar\/noticias-villa-maria\/wp-json\/wp\/v2\/posts\/106492\/revisions\/106494"}],"wp:featuredmedia":[{"embeddable":true,"href":"https:\/\/elregionalvm.com.ar\/noticias-villa-maria\/wp-json\/wp\/v2\/media\/106493"}],"wp:attachment":[{"href":"https:\/\/elregionalvm.com.ar\/noticias-villa-maria\/wp-json\/wp\/v2\/media?parent=106492"}],"wp:term":[{"taxonomy":"category","embeddable":true,"href":"https:\/\/elregionalvm.com.ar\/noticias-villa-maria\/wp-json\/wp\/v2\/categories?post=106492"},{"taxonomy":"post_tag","embeddable":true,"href":"https:\/\/elregionalvm.com.ar\/noticias-villa-maria\/wp-json\/wp\/v2\/tags?post=106492"}],"curies":[{"name":"wp","href":"https:\/\/api.w.org\/{rel}","templated":true}]}}