{"id":106564,"date":"2025-05-27T01:44:48","date_gmt":"2025-05-27T01:44:48","guid":{"rendered":"https:\/\/elregionalvm.com.ar\/noticias-villa-maria\/?p=106564"},"modified":"2025-05-30T02:15:10","modified_gmt":"2025-05-30T02:15:10","slug":"opinion-villa-maria-25-de-mayo-y-la-bandera-triste-olvido","status":"publish","type":"post","link":"https:\/\/elregionalvm.com.ar\/noticias-villa-maria\/opinion-villa-maria-25-de-mayo-y-la-bandera-triste-olvido\/","title":{"rendered":"[Opini\u00f3n] Villa Mar\u00eda, 25 de Mayo. \u00bfY la Bandera? Triste olvido\u2026"},"content":{"rendered":"\n<p>Sr. Director:<\/p>\n\n\n\n<p><\/p>\n\n\n\n<p>Hace pocas horas se conmemor\u00f3 un a\u00f1o m\u00e1s de la incipiente creaci\u00f3n de Patria. El 25 de Mayo es, sin dudas, una de las fechas m\u00e1s trascendentes de Argentina. Claro que despu\u00e9s de ver y comparar con apenas dos o tres d\u00e9cadas atr\u00e1s, no puedo evitar plantearme si realmente sigue siendo uno de los d\u00edas m\u00e1s trascendentes de nuestra historia.<\/p>\n\n\n\n<p>Hay situaciones que nos entristecen y nos generan alarma. Muchas veces no comprend\u00eda la profundidad de una definici\u00f3n que desde hace no demasiado tiempo comenzamos a sentir que nos golpeaba los o\u00eddos: \u201cHemos perdido la batalla cultural\u2026\u201d.<\/p>\n\n\n\n<p>Y ayer, 25, todo se me esclareci\u00f3 de golpe. Circunstancialmente pas\u00e9 frente a un colegio y no observ\u00e9 ninguna bandera argentina flameando. Supuse que se trataba de un lamentable olvido.<\/p>\n\n\n\n<p>Busqu\u00e9 otros establecimientos y casi en todos, salvo dos, la celeste y blanca estaba ausente. Algo similar suced\u00eda con las instituciones educativas privadas.<\/p>\n\n\n\n<p>Tampoco encontr\u00e9 en el \u00e1mbito municipal que todas las plazas o lugares donde deber\u00eda estar el pabell\u00f3n patrio, estuviesen. Y era 25 de Mayo. S\u00ed, 25 de Mayo. Un punto de enorme inflexi\u00f3n en la historia que nos nutre.<\/p>\n\n\n\n<p><\/p>\n\n\n\n<figure class=\"wp-block-gallery has-nested-images columns-default is-cropped wp-block-gallery-1 is-layout-flex wp-block-gallery-is-layout-flex\">\n<figure class=\"wp-block-image size-large\"><img data-recalc-dims=\"1\" fetchpriority=\"high\" decoding=\"async\" width=\"461\" height=\"1024\" data-id=\"106571\" src=\"https:\/\/i0.wp.com\/elregionalvm.com.ar\/noticias-villa-maria\/wp-content\/uploads\/2025\/05\/Escuela-frente-sin-bandera-4.jpeg?resize=461%2C1024&#038;ssl=1\" alt=\"\" class=\"wp-image-106571\" srcset=\"https:\/\/i0.wp.com\/elregionalvm.com.ar\/noticias-villa-maria\/wp-content\/uploads\/2025\/05\/Escuela-frente-sin-bandera-4.jpeg?resize=461%2C1024&amp;ssl=1 461w, https:\/\/i0.wp.com\/elregionalvm.com.ar\/noticias-villa-maria\/wp-content\/uploads\/2025\/05\/Escuela-frente-sin-bandera-4.jpeg?resize=135%2C300&amp;ssl=1 135w, https:\/\/i0.wp.com\/elregionalvm.com.ar\/noticias-villa-maria\/wp-content\/uploads\/2025\/05\/Escuela-frente-sin-bandera-4.jpeg?resize=691%2C1536&amp;ssl=1 691w, https:\/\/i0.wp.com\/elregionalvm.com.ar\/noticias-villa-maria\/wp-content\/uploads\/2025\/05\/Escuela-frente-sin-bandera-4.jpeg?w=720&amp;ssl=1 720w\" sizes=\"(max-width: 461px) 100vw, 461px\" \/><\/figure>\n\n\n\n<figure class=\"wp-block-image size-large\"><img data-recalc-dims=\"1\" decoding=\"async\" width=\"720\" height=\"980\" data-id=\"106574\" src=\"https:\/\/i0.wp.com\/elregionalvm.com.ar\/noticias-villa-maria\/wp-content\/uploads\/2025\/05\/Escuela-frente-sin-bandera-6.jpeg?resize=720%2C980&#038;ssl=1\" alt=\"\" class=\"wp-image-106574\" srcset=\"https:\/\/i0.wp.com\/elregionalvm.com.ar\/noticias-villa-maria\/wp-content\/uploads\/2025\/05\/Escuela-frente-sin-bandera-6.jpeg?w=720&amp;ssl=1 720w, https:\/\/i0.wp.com\/elregionalvm.com.ar\/noticias-villa-maria\/wp-content\/uploads\/2025\/05\/Escuela-frente-sin-bandera-6.jpeg?resize=220%2C300&amp;ssl=1 220w\" sizes=\"(max-width: 720px) 100vw, 720px\" \/><\/figure>\n\n\n\n<figure class=\"wp-block-image size-large\"><img data-recalc-dims=\"1\" decoding=\"async\" width=\"617\" height=\"1024\" data-id=\"106573\" src=\"https:\/\/i0.wp.com\/elregionalvm.com.ar\/noticias-villa-maria\/wp-content\/uploads\/2025\/05\/Escuela-frente-sin-bandera.jpeg?resize=617%2C1024&#038;ssl=1\" alt=\"\" class=\"wp-image-106573\" srcset=\"https:\/\/i0.wp.com\/elregionalvm.com.ar\/noticias-villa-maria\/wp-content\/uploads\/2025\/05\/Escuela-frente-sin-bandera.jpeg?resize=617%2C1024&amp;ssl=1 617w, https:\/\/i0.wp.com\/elregionalvm.com.ar\/noticias-villa-maria\/wp-content\/uploads\/2025\/05\/Escuela-frente-sin-bandera.jpeg?resize=181%2C300&amp;ssl=1 181w, https:\/\/i0.wp.com\/elregionalvm.com.ar\/noticias-villa-maria\/wp-content\/uploads\/2025\/05\/Escuela-frente-sin-bandera.jpeg?w=720&amp;ssl=1 720w\" sizes=\"(max-width: 617px) 100vw, 617px\" \/><\/figure>\n\n\n\n<figure class=\"wp-block-image size-large\"><img data-recalc-dims=\"1\" loading=\"lazy\" decoding=\"async\" width=\"1024\" height=\"461\" data-id=\"106569\" src=\"https:\/\/i0.wp.com\/elregionalvm.com.ar\/noticias-villa-maria\/wp-content\/uploads\/2025\/05\/Escuela-frente-sin-bandera-2.jpeg?resize=1024%2C461&#038;ssl=1\" alt=\"\" class=\"wp-image-106569\" srcset=\"https:\/\/i0.wp.com\/elregionalvm.com.ar\/noticias-villa-maria\/wp-content\/uploads\/2025\/05\/Escuela-frente-sin-bandera-2.jpeg?resize=1024%2C461&amp;ssl=1 1024w, https:\/\/i0.wp.com\/elregionalvm.com.ar\/noticias-villa-maria\/wp-content\/uploads\/2025\/05\/Escuela-frente-sin-bandera-2.jpeg?resize=300%2C135&amp;ssl=1 300w, https:\/\/i0.wp.com\/elregionalvm.com.ar\/noticias-villa-maria\/wp-content\/uploads\/2025\/05\/Escuela-frente-sin-bandera-2.jpeg?resize=768%2C346&amp;ssl=1 768w, https:\/\/i0.wp.com\/elregionalvm.com.ar\/noticias-villa-maria\/wp-content\/uploads\/2025\/05\/Escuela-frente-sin-bandera-2.jpeg?resize=1536%2C691&amp;ssl=1 1536w, https:\/\/i0.wp.com\/elregionalvm.com.ar\/noticias-villa-maria\/wp-content\/uploads\/2025\/05\/Escuela-frente-sin-bandera-2.jpeg?w=1600&amp;ssl=1 1600w\" sizes=\"(max-width: 1000px) 100vw, 1000px\" \/><\/figure>\n\n\n\n<figure class=\"wp-block-image size-large\"><img data-recalc-dims=\"1\" loading=\"lazy\" decoding=\"async\" width=\"1024\" height=\"461\" data-id=\"106568\" src=\"https:\/\/i0.wp.com\/elregionalvm.com.ar\/noticias-villa-maria\/wp-content\/uploads\/2025\/05\/Escuela-frente-sin-bandera-7.jpeg?resize=1024%2C461&#038;ssl=1\" alt=\"\" class=\"wp-image-106568\" srcset=\"https:\/\/i0.wp.com\/elregionalvm.com.ar\/noticias-villa-maria\/wp-content\/uploads\/2025\/05\/Escuela-frente-sin-bandera-7.jpeg?resize=1024%2C461&amp;ssl=1 1024w, https:\/\/i0.wp.com\/elregionalvm.com.ar\/noticias-villa-maria\/wp-content\/uploads\/2025\/05\/Escuela-frente-sin-bandera-7.jpeg?resize=300%2C135&amp;ssl=1 300w, https:\/\/i0.wp.com\/elregionalvm.com.ar\/noticias-villa-maria\/wp-content\/uploads\/2025\/05\/Escuela-frente-sin-bandera-7.jpeg?resize=768%2C346&amp;ssl=1 768w, https:\/\/i0.wp.com\/elregionalvm.com.ar\/noticias-villa-maria\/wp-content\/uploads\/2025\/05\/Escuela-frente-sin-bandera-7.jpeg?resize=1536%2C691&amp;ssl=1 1536w, https:\/\/i0.wp.com\/elregionalvm.com.ar\/noticias-villa-maria\/wp-content\/uploads\/2025\/05\/Escuela-frente-sin-bandera-7.jpeg?w=1600&amp;ssl=1 1600w\" sizes=\"(max-width: 1000px) 100vw, 1000px\" \/><\/figure>\n<\/figure>\n\n\n\n<p><\/p>\n\n\n\n<p>Sin lugar a dudas que hemos perdido no solamente la batalla cultural, esto va mucho m\u00e1s all\u00e1, ya que tomamos como natural estas odiosas indiferencias que nos marcan la apat\u00eda hacia nuestros or\u00edgenes y la lucha en el recuerdo de los hombres que nos dejaron con sus convicciones y su vida el nacimiento de un pa\u00eds.<\/p>\n\n\n\n<p>Ser\u00eda muy f\u00e1cil enumerar a los responsables de tales omisiones. Entiendo que de alguna manera todos o casi todos, algo de culpa nos cabe. Es preciso despertar la conciencia ciudadana en defensa de nuestros valores de argentinidad o lo que nos quede de ellos, tal vez as\u00ed, comenzaremos a cambiar.<\/p>\n\n\n\n<p><\/p>\n\n\n\n<figure class=\"wp-block-gallery has-nested-images columns-default is-cropped wp-block-gallery-2 is-layout-flex wp-block-gallery-is-layout-flex\">\n<figure class=\"wp-block-image size-large\"><img data-recalc-dims=\"1\" loading=\"lazy\" decoding=\"async\" width=\"1024\" height=\"461\" data-id=\"106576\" src=\"https:\/\/i0.wp.com\/elregionalvm.com.ar\/noticias-villa-maria\/wp-content\/uploads\/2025\/05\/Escuela-frente-sin-bandera-10.jpeg?resize=1024%2C461&#038;ssl=1\" alt=\"\" class=\"wp-image-106576\" srcset=\"https:\/\/i0.wp.com\/elregionalvm.com.ar\/noticias-villa-maria\/wp-content\/uploads\/2025\/05\/Escuela-frente-sin-bandera-10.jpeg?resize=1024%2C461&amp;ssl=1 1024w, https:\/\/i0.wp.com\/elregionalvm.com.ar\/noticias-villa-maria\/wp-content\/uploads\/2025\/05\/Escuela-frente-sin-bandera-10.jpeg?resize=300%2C135&amp;ssl=1 300w, https:\/\/i0.wp.com\/elregionalvm.com.ar\/noticias-villa-maria\/wp-content\/uploads\/2025\/05\/Escuela-frente-sin-bandera-10.jpeg?resize=768%2C346&amp;ssl=1 768w, https:\/\/i0.wp.com\/elregionalvm.com.ar\/noticias-villa-maria\/wp-content\/uploads\/2025\/05\/Escuela-frente-sin-bandera-10.jpeg?resize=1536%2C691&amp;ssl=1 1536w, https:\/\/i0.wp.com\/elregionalvm.com.ar\/noticias-villa-maria\/wp-content\/uploads\/2025\/05\/Escuela-frente-sin-bandera-10.jpeg?w=1600&amp;ssl=1 1600w\" sizes=\"(max-width: 1000px) 100vw, 1000px\" \/><\/figure>\n\n\n\n<figure class=\"wp-block-image size-large\"><img data-recalc-dims=\"1\" loading=\"lazy\" decoding=\"async\" width=\"1024\" height=\"461\" data-id=\"106575\" src=\"https:\/\/i0.wp.com\/elregionalvm.com.ar\/noticias-villa-maria\/wp-content\/uploads\/2025\/05\/Escuela-frente-sin-bandera-11.jpeg?resize=1024%2C461&#038;ssl=1\" alt=\"\" class=\"wp-image-106575\" srcset=\"https:\/\/i0.wp.com\/elregionalvm.com.ar\/noticias-villa-maria\/wp-content\/uploads\/2025\/05\/Escuela-frente-sin-bandera-11.jpeg?resize=1024%2C461&amp;ssl=1 1024w, https:\/\/i0.wp.com\/elregionalvm.com.ar\/noticias-villa-maria\/wp-content\/uploads\/2025\/05\/Escuela-frente-sin-bandera-11.jpeg?resize=300%2C135&amp;ssl=1 300w, https:\/\/i0.wp.com\/elregionalvm.com.ar\/noticias-villa-maria\/wp-content\/uploads\/2025\/05\/Escuela-frente-sin-bandera-11.jpeg?resize=768%2C346&amp;ssl=1 768w, https:\/\/i0.wp.com\/elregionalvm.com.ar\/noticias-villa-maria\/wp-content\/uploads\/2025\/05\/Escuela-frente-sin-bandera-11.jpeg?resize=1536%2C691&amp;ssl=1 1536w, https:\/\/i0.wp.com\/elregionalvm.com.ar\/noticias-villa-maria\/wp-content\/uploads\/2025\/05\/Escuela-frente-sin-bandera-11.jpeg?w=1600&amp;ssl=1 1600w\" sizes=\"(max-width: 1000px) 100vw, 1000px\" \/><\/figure>\n\n\n\n<figure class=\"wp-block-image size-large\"><img data-recalc-dims=\"1\" loading=\"lazy\" decoding=\"async\" width=\"1024\" height=\"461\" data-id=\"106567\" src=\"https:\/\/i0.wp.com\/elregionalvm.com.ar\/noticias-villa-maria\/wp-content\/uploads\/2025\/05\/Escuela-frente-sin-bandera-8.jpeg?resize=1024%2C461&#038;ssl=1\" alt=\"\" class=\"wp-image-106567\" srcset=\"https:\/\/i0.wp.com\/elregionalvm.com.ar\/noticias-villa-maria\/wp-content\/uploads\/2025\/05\/Escuela-frente-sin-bandera-8.jpeg?resize=1024%2C461&amp;ssl=1 1024w, https:\/\/i0.wp.com\/elregionalvm.com.ar\/noticias-villa-maria\/wp-content\/uploads\/2025\/05\/Escuela-frente-sin-bandera-8.jpeg?resize=300%2C135&amp;ssl=1 300w, https:\/\/i0.wp.com\/elregionalvm.com.ar\/noticias-villa-maria\/wp-content\/uploads\/2025\/05\/Escuela-frente-sin-bandera-8.jpeg?resize=768%2C346&amp;ssl=1 768w, https:\/\/i0.wp.com\/elregionalvm.com.ar\/noticias-villa-maria\/wp-content\/uploads\/2025\/05\/Escuela-frente-sin-bandera-8.jpeg?resize=1536%2C691&amp;ssl=1 1536w, https:\/\/i0.wp.com\/elregionalvm.com.ar\/noticias-villa-maria\/wp-content\/uploads\/2025\/05\/Escuela-frente-sin-bandera-8.jpeg?w=1600&amp;ssl=1 1600w\" sizes=\"(max-width: 1000px) 100vw, 1000px\" \/><\/figure>\n\n\n\n<figure class=\"wp-block-image size-large\"><img data-recalc-dims=\"1\" loading=\"lazy\" decoding=\"async\" width=\"1024\" height=\"461\" data-id=\"106566\" src=\"https:\/\/i0.wp.com\/elregionalvm.com.ar\/noticias-villa-maria\/wp-content\/uploads\/2025\/05\/Escuela-frente-sin-bandera-9.jpeg?resize=1024%2C461&#038;ssl=1\" alt=\"\" class=\"wp-image-106566\" srcset=\"https:\/\/i0.wp.com\/elregionalvm.com.ar\/noticias-villa-maria\/wp-content\/uploads\/2025\/05\/Escuela-frente-sin-bandera-9.jpeg?resize=1024%2C461&amp;ssl=1 1024w, https:\/\/i0.wp.com\/elregionalvm.com.ar\/noticias-villa-maria\/wp-content\/uploads\/2025\/05\/Escuela-frente-sin-bandera-9.jpeg?resize=300%2C135&amp;ssl=1 300w, https:\/\/i0.wp.com\/elregionalvm.com.ar\/noticias-villa-maria\/wp-content\/uploads\/2025\/05\/Escuela-frente-sin-bandera-9.jpeg?resize=768%2C346&amp;ssl=1 768w, https:\/\/i0.wp.com\/elregionalvm.com.ar\/noticias-villa-maria\/wp-content\/uploads\/2025\/05\/Escuela-frente-sin-bandera-9.jpeg?resize=1536%2C691&amp;ssl=1 1536w, https:\/\/i0.wp.com\/elregionalvm.com.ar\/noticias-villa-maria\/wp-content\/uploads\/2025\/05\/Escuela-frente-sin-bandera-9.jpeg?w=1600&amp;ssl=1 1600w\" sizes=\"(max-width: 1000px) 100vw, 1000px\" \/><\/figure>\n\n\n\n<figure class=\"wp-block-image size-large\"><img data-recalc-dims=\"1\" loading=\"lazy\" decoding=\"async\" width=\"1024\" height=\"461\" data-id=\"106570\" src=\"https:\/\/i0.wp.com\/elregionalvm.com.ar\/noticias-villa-maria\/wp-content\/uploads\/2025\/05\/Escuela-frente-sin-bandera-3.jpeg?resize=1024%2C461&#038;ssl=1\" alt=\"\" class=\"wp-image-106570\" srcset=\"https:\/\/i0.wp.com\/elregionalvm.com.ar\/noticias-villa-maria\/wp-content\/uploads\/2025\/05\/Escuela-frente-sin-bandera-3.jpeg?resize=1024%2C461&amp;ssl=1 1024w, https:\/\/i0.wp.com\/elregionalvm.com.ar\/noticias-villa-maria\/wp-content\/uploads\/2025\/05\/Escuela-frente-sin-bandera-3.jpeg?resize=300%2C135&amp;ssl=1 300w, https:\/\/i0.wp.com\/elregionalvm.com.ar\/noticias-villa-maria\/wp-content\/uploads\/2025\/05\/Escuela-frente-sin-bandera-3.jpeg?resize=768%2C346&amp;ssl=1 768w, https:\/\/i0.wp.com\/elregionalvm.com.ar\/noticias-villa-maria\/wp-content\/uploads\/2025\/05\/Escuela-frente-sin-bandera-3.jpeg?resize=1536%2C691&amp;ssl=1 1536w, https:\/\/i0.wp.com\/elregionalvm.com.ar\/noticias-villa-maria\/wp-content\/uploads\/2025\/05\/Escuela-frente-sin-bandera-3.jpeg?w=1600&amp;ssl=1 1600w\" sizes=\"(max-width: 1000px) 100vw, 1000px\" \/><\/figure>\n<\/figure>\n\n\n\n<p><\/p>\n\n\n\n<p>Pronto llegar\u00e1 el 9 de Julio. Ser\u00eda fant\u00e1stico que no volvieran a suceder semejantes omisiones. De nosotros depende.<\/p>\n\n\n\n<p>\u00a1Viva la Patria!<\/p>\n\n\n\n<p><\/p>\n\n\n\n<p><\/p>\n\n\n\n<p><strong>Cristina Cejas<\/strong><\/p>\n\n\n\n<p><strong>DNI 11099400<\/strong><\/p>\n","protected":false},"excerpt":{"rendered":"<p>Sr. Director: Hace pocas horas se conmemor\u00f3 un a\u00f1o m\u00e1s de la incipiente creaci\u00f3n de Patria. El 25 de Mayo es, sin dudas, una de las fechas m\u00e1s trascendentes de Argentina. Claro que despu\u00e9s de ver y comparar con apenas dos o tres d\u00e9cadas atr\u00e1s, no puedo evitar plantearme si realmente sigue siendo uno de [&hellip;]<\/p>\n","protected":false},"author":4,"featured_media":106572,"comment_status":"open","ping_status":"open","sticky":false,"template":"","format":"standard","meta":{"site-sidebar-layout":"default","site-content-layout":"","ast-site-content-layout":"default","site-content-style":"default","site-sidebar-style":"default","ast-global-header-display":"","ast-banner-title-visibility":"","ast-main-header-display":"","ast-hfb-above-header-display":"","ast-hfb-below-header-display":"","ast-hfb-mobile-header-display":"","site-post-title":"","ast-breadcrumbs-content":"","ast-featured-img":"","footer-sml-layout":"","ast-disable-related-posts":"","theme-transparent-header-meta":"","adv-header-id-meta":"","stick-header-meta":"","header-above-stick-meta":"","header-main-stick-meta":"","header-below-stick-meta":"","astra-migrate-meta-layouts":"set","ast-page-background-enabled":"default","ast-page-background-meta":{"desktop":{"background-color":"","background-image":"","background-repeat":"repeat","background-position":"center center","background-size":"auto","background-attachment":"scroll","background-type":"","background-media":"","overlay-type":"","overlay-color":"","overlay-opacity":"","overlay-gradient":""},"tablet":{"background-color":"","background-image":"","background-repeat":"repeat","background-position":"center center","background-size":"auto","background-attachment":"scroll","background-type":"","background-media":"","overlay-type":"","overlay-color":"","overlay-opacity":"","overlay-gradient":""},"mobile":{"background-color":"","background-image":"","background-repeat":"repeat","background-position":"center center","background-size":"auto","background-attachment":"scroll","background-type":"","background-media":"","overlay-type":"","overlay-color":"","overlay-opacity":"","overlay-gradient":""}},"ast-content-background-meta":{"desktop":{"background-color":"var(--ast-global-color-5)","background-image":"","background-repeat":"repeat","background-position":"center center","background-size":"auto","background-attachment":"scroll","background-type":"","background-media":"","overlay-type":"","overlay-color":"","overlay-opacity":"","overlay-gradient":""},"tablet":{"background-color":"var(--ast-global-color-5)","background-image":"","background-repeat":"repeat","background-position":"center center","background-size":"auto","background-attachment":"scroll","background-type":"","background-media":"","overlay-type":"","overlay-color":"","overlay-opacity":"","overlay-gradient":""},"mobile":{"background-color":"var(--ast-global-color-5)","background-image":"","background-repeat":"repeat","background-position":"center center","background-size":"auto","background-attachment":"scroll","background-type":"","background-media":"","overlay-type":"","overlay-color":"","overlay-opacity":"","overlay-gradient":""}},"_jetpack_memberships_contains_paid_content":false,"_joinchat":[],"footnotes":""},"categories":[365,3557],"tags":[535,9504,11908,4289,2650,24982,6614,19155],"class_list":["post-106564","post","type-post","status-publish","format-standard","has-post-thumbnail","hentry","category-opinion","category-tercera","tag-25-de-mayo","tag-bandera","tag-colegios","tag-escuelas","tag-espacios-publicos","tag-falta-de-respeto","tag-indiferencia","tag-simbolos-patrios"],"yoast_head":"<!-- This site is optimized with the Yoast SEO plugin v26.8 - https:\/\/yoast.com\/product\/yoast-seo-wordpress\/ -->\n<title>[Opini\u00f3n] Villa Mar\u00eda, 25 de Mayo. \u00bfY la Bandera? Triste olvido\u2026 - El Regional<\/title>\n<meta name=\"robots\" content=\"index, follow, max-snippet:-1, max-image-preview:large, max-video-preview:-1\" \/>\n<link rel=\"canonical\" href=\"https:\/\/elregionalvm.com.ar\/noticias-villa-maria\/opinion-villa-maria-25-de-mayo-y-la-bandera-triste-olvido\/\" \/>\n<meta property=\"og:locale\" content=\"es_ES\" \/>\n<meta property=\"og:type\" content=\"article\" \/>\n<meta property=\"og:title\" content=\"[Opini\u00f3n] Villa Mar\u00eda, 25 de Mayo. \u00bfY la Bandera? Triste olvido\u2026 - El Regional\" \/>\n<meta property=\"og:description\" content=\"Sr. Director: Hace pocas horas se conmemor\u00f3 un a\u00f1o m\u00e1s de la incipiente creaci\u00f3n de Patria. El 25 de Mayo es, sin dudas, una de las fechas m\u00e1s trascendentes de Argentina. Claro que despu\u00e9s de ver y comparar con apenas dos o tres d\u00e9cadas atr\u00e1s, no puedo evitar plantearme si realmente sigue siendo uno de [&hellip;]\" \/>\n<meta property=\"og:url\" content=\"https:\/\/elregionalvm.com.ar\/noticias-villa-maria\/opinion-villa-maria-25-de-mayo-y-la-bandera-triste-olvido\/\" \/>\n<meta property=\"og:site_name\" content=\"El Regional\" \/>\n<meta property=\"article:publisher\" content=\"https:\/\/www.facebook.com\/elregionalvm\" \/>\n<meta property=\"article:published_time\" content=\"2025-05-27T01:44:48+00:00\" \/>\n<meta property=\"article:modified_time\" content=\"2025-05-30T02:15:10+00:00\" \/>\n<meta property=\"og:image\" content=\"https:\/\/elregionalvm.com.ar\/noticias-villa-maria\/wp-content\/uploads\/2025\/05\/Escuela-frente-sin-bandera-5.jpeg\" \/>\n\t<meta property=\"og:image:width\" content=\"1600\" \/>\n\t<meta property=\"og:image:height\" content=\"720\" \/>\n\t<meta property=\"og:image:type\" content=\"image\/jpeg\" \/>\n<meta name=\"author\" content=\"Contenidos El Regional\" \/>\n<meta name=\"twitter:card\" content=\"summary_large_image\" \/>\n<meta name=\"twitter:creator\" content=\"@elregionalvm1\" \/>\n<meta name=\"twitter:site\" content=\"@elregionalvm1\" \/>\n<meta name=\"twitter:label1\" content=\"Escrito por\" \/>\n\t<meta name=\"twitter:data1\" content=\"Contenidos El Regional\" \/>\n\t<meta name=\"twitter:label2\" content=\"Tiempo de lectura\" \/>\n\t<meta name=\"twitter:data2\" content=\"4 minutos\" \/>\n<script type=\"application\/ld+json\" class=\"yoast-schema-graph\">{\"@context\":\"https:\/\/schema.org\",\"@graph\":[{\"@type\":\"Article\",\"@id\":\"https:\/\/elregionalvm.com.ar\/noticias-villa-maria\/opinion-villa-maria-25-de-mayo-y-la-bandera-triste-olvido\/#article\",\"isPartOf\":{\"@id\":\"https:\/\/elregionalvm.com.ar\/noticias-villa-maria\/opinion-villa-maria-25-de-mayo-y-la-bandera-triste-olvido\/\"},\"author\":{\"name\":\"Contenidos El Regional\",\"@id\":\"http:\/\/elregionalvm.com.ar\/noticias-villa-maria\/#\/schema\/person\/a0fb9c422317faca23d50163151bc354\"},\"headline\":\"[Opini\u00f3n] Villa Mar\u00eda, 25 de Mayo. \u00bfY la Bandera? Triste olvido\u2026\",\"datePublished\":\"2025-05-27T01:44:48+00:00\",\"dateModified\":\"2025-05-30T02:15:10+00:00\",\"mainEntityOfPage\":{\"@id\":\"https:\/\/elregionalvm.com.ar\/noticias-villa-maria\/opinion-villa-maria-25-de-mayo-y-la-bandera-triste-olvido\/\"},\"wordCount\":352,\"commentCount\":0,\"image\":{\"@id\":\"https:\/\/elregionalvm.com.ar\/noticias-villa-maria\/opinion-villa-maria-25-de-mayo-y-la-bandera-triste-olvido\/#primaryimage\"},\"thumbnailUrl\":\"https:\/\/i0.wp.com\/elregionalvm.com.ar\/noticias-villa-maria\/wp-content\/uploads\/2025\/05\/Escuela-frente-sin-bandera-5.jpeg?fit=1600%2C720&ssl=1\",\"keywords\":[\"25 de mayo\",\"Bandera\",\"colegios\",\"escuelas\",\"espacios p\u00fablicos\",\"falta de respeto\",\"Indiferencia\",\"s\u00edmbolos patrios\"],\"articleSection\":[\"Opini\u00f3n\",\"tercera\"],\"inLanguage\":\"es\",\"potentialAction\":[{\"@type\":\"CommentAction\",\"name\":\"Comment\",\"target\":[\"https:\/\/elregionalvm.com.ar\/noticias-villa-maria\/opinion-villa-maria-25-de-mayo-y-la-bandera-triste-olvido\/#respond\"]}]},{\"@type\":\"WebPage\",\"@id\":\"https:\/\/elregionalvm.com.ar\/noticias-villa-maria\/opinion-villa-maria-25-de-mayo-y-la-bandera-triste-olvido\/\",\"url\":\"https:\/\/elregionalvm.com.ar\/noticias-villa-maria\/opinion-villa-maria-25-de-mayo-y-la-bandera-triste-olvido\/\",\"name\":\"[Opini\u00f3n] Villa Mar\u00eda, 25 de Mayo. \u00bfY la Bandera? Triste olvido\u2026 - El Regional\",\"isPartOf\":{\"@id\":\"http:\/\/elregionalvm.com.ar\/noticias-villa-maria\/#website\"},\"primaryImageOfPage\":{\"@id\":\"https:\/\/elregionalvm.com.ar\/noticias-villa-maria\/opinion-villa-maria-25-de-mayo-y-la-bandera-triste-olvido\/#primaryimage\"},\"image\":{\"@id\":\"https:\/\/elregionalvm.com.ar\/noticias-villa-maria\/opinion-villa-maria-25-de-mayo-y-la-bandera-triste-olvido\/#primaryimage\"},\"thumbnailUrl\":\"https:\/\/i0.wp.com\/elregionalvm.com.ar\/noticias-villa-maria\/wp-content\/uploads\/2025\/05\/Escuela-frente-sin-bandera-5.jpeg?fit=1600%2C720&ssl=1\",\"datePublished\":\"2025-05-27T01:44:48+00:00\",\"dateModified\":\"2025-05-30T02:15:10+00:00\",\"author\":{\"@id\":\"http:\/\/elregionalvm.com.ar\/noticias-villa-maria\/#\/schema\/person\/a0fb9c422317faca23d50163151bc354\"},\"breadcrumb\":{\"@id\":\"https:\/\/elregionalvm.com.ar\/noticias-villa-maria\/opinion-villa-maria-25-de-mayo-y-la-bandera-triste-olvido\/#breadcrumb\"},\"inLanguage\":\"es\",\"potentialAction\":[{\"@type\":\"ReadAction\",\"target\":[\"https:\/\/elregionalvm.com.ar\/noticias-villa-maria\/opinion-villa-maria-25-de-mayo-y-la-bandera-triste-olvido\/\"]}]},{\"@type\":\"ImageObject\",\"inLanguage\":\"es\",\"@id\":\"https:\/\/elregionalvm.com.ar\/noticias-villa-maria\/opinion-villa-maria-25-de-mayo-y-la-bandera-triste-olvido\/#primaryimage\",\"url\":\"https:\/\/i0.wp.com\/elregionalvm.com.ar\/noticias-villa-maria\/wp-content\/uploads\/2025\/05\/Escuela-frente-sin-bandera-5.jpeg?fit=1600%2C720&ssl=1\",\"contentUrl\":\"https:\/\/i0.wp.com\/elregionalvm.com.ar\/noticias-villa-maria\/wp-content\/uploads\/2025\/05\/Escuela-frente-sin-bandera-5.jpeg?fit=1600%2C720&ssl=1\",\"width\":1600,\"height\":720},{\"@type\":\"BreadcrumbList\",\"@id\":\"https:\/\/elregionalvm.com.ar\/noticias-villa-maria\/opinion-villa-maria-25-de-mayo-y-la-bandera-triste-olvido\/#breadcrumb\",\"itemListElement\":[{\"@type\":\"ListItem\",\"position\":1,\"name\":\"Portada\",\"item\":\"https:\/\/elregionalvm.com.ar\/noticias-villa-maria\/\"},{\"@type\":\"ListItem\",\"position\":2,\"name\":\"[Opini\u00f3n] Villa Mar\u00eda, 25 de Mayo. \u00bfY la Bandera? Triste olvido\u2026\"}]},{\"@type\":\"WebSite\",\"@id\":\"http:\/\/elregionalvm.com.ar\/noticias-villa-maria\/#website\",\"url\":\"http:\/\/elregionalvm.com.ar\/noticias-villa-maria\/\",\"name\":\"El Regional\",\"description\":\"Mucho m\u00e1s que informaci\u00f3n\",\"potentialAction\":[{\"@type\":\"SearchAction\",\"target\":{\"@type\":\"EntryPoint\",\"urlTemplate\":\"http:\/\/elregionalvm.com.ar\/noticias-villa-maria\/?s={search_term_string}\"},\"query-input\":{\"@type\":\"PropertyValueSpecification\",\"valueRequired\":true,\"valueName\":\"search_term_string\"}}],\"inLanguage\":\"es\"},{\"@type\":\"Person\",\"@id\":\"http:\/\/elregionalvm.com.ar\/noticias-villa-maria\/#\/schema\/person\/a0fb9c422317faca23d50163151bc354\",\"name\":\"Contenidos El Regional\",\"image\":{\"@type\":\"ImageObject\",\"inLanguage\":\"es\",\"@id\":\"http:\/\/elregionalvm.com.ar\/noticias-villa-maria\/#\/schema\/person\/image\/\",\"url\":\"https:\/\/secure.gravatar.com\/avatar\/265b27cb2209af7bb3a1318f03305787d7981a5cc6e6cd08fe5a4ecdf99d4b48?s=96&d=mm&r=g\",\"contentUrl\":\"https:\/\/secure.gravatar.com\/avatar\/265b27cb2209af7bb3a1318f03305787d7981a5cc6e6cd08fe5a4ecdf99d4b48?s=96&d=mm&r=g\",\"caption\":\"Contenidos El Regional\"},\"url\":\"https:\/\/elregionalvm.com.ar\/noticias-villa-maria\/author\/contenido\/\"}]}<\/script>\n<!-- \/ Yoast SEO plugin. -->","yoast_head_json":{"title":"[Opini\u00f3n] Villa Mar\u00eda, 25 de Mayo. \u00bfY la Bandera? Triste olvido\u2026 - El Regional","robots":{"index":"index","follow":"follow","max-snippet":"max-snippet:-1","max-image-preview":"max-image-preview:large","max-video-preview":"max-video-preview:-1"},"canonical":"https:\/\/elregionalvm.com.ar\/noticias-villa-maria\/opinion-villa-maria-25-de-mayo-y-la-bandera-triste-olvido\/","og_locale":"es_ES","og_type":"article","og_title":"[Opini\u00f3n] Villa Mar\u00eda, 25 de Mayo. \u00bfY la Bandera? Triste olvido\u2026 - El Regional","og_description":"Sr. Director: Hace pocas horas se conmemor\u00f3 un a\u00f1o m\u00e1s de la incipiente creaci\u00f3n de Patria. El 25 de Mayo es, sin dudas, una de las fechas m\u00e1s trascendentes de Argentina. Claro que despu\u00e9s de ver y comparar con apenas dos o tres d\u00e9cadas atr\u00e1s, no puedo evitar plantearme si realmente sigue siendo uno de [&hellip;]","og_url":"https:\/\/elregionalvm.com.ar\/noticias-villa-maria\/opinion-villa-maria-25-de-mayo-y-la-bandera-triste-olvido\/","og_site_name":"El Regional","article_publisher":"https:\/\/www.facebook.com\/elregionalvm","article_published_time":"2025-05-27T01:44:48+00:00","article_modified_time":"2025-05-30T02:15:10+00:00","og_image":[{"width":1600,"height":720,"url":"https:\/\/elregionalvm.com.ar\/noticias-villa-maria\/wp-content\/uploads\/2025\/05\/Escuela-frente-sin-bandera-5.jpeg","type":"image\/jpeg"}],"author":"Contenidos El Regional","twitter_card":"summary_large_image","twitter_creator":"@elregionalvm1","twitter_site":"@elregionalvm1","twitter_misc":{"Escrito por":"Contenidos El Regional","Tiempo de lectura":"4 minutos"},"schema":{"@context":"https:\/\/schema.org","@graph":[{"@type":"Article","@id":"https:\/\/elregionalvm.com.ar\/noticias-villa-maria\/opinion-villa-maria-25-de-mayo-y-la-bandera-triste-olvido\/#article","isPartOf":{"@id":"https:\/\/elregionalvm.com.ar\/noticias-villa-maria\/opinion-villa-maria-25-de-mayo-y-la-bandera-triste-olvido\/"},"author":{"name":"Contenidos El Regional","@id":"http:\/\/elregionalvm.com.ar\/noticias-villa-maria\/#\/schema\/person\/a0fb9c422317faca23d50163151bc354"},"headline":"[Opini\u00f3n] Villa Mar\u00eda, 25 de Mayo. \u00bfY la Bandera? Triste olvido\u2026","datePublished":"2025-05-27T01:44:48+00:00","dateModified":"2025-05-30T02:15:10+00:00","mainEntityOfPage":{"@id":"https:\/\/elregionalvm.com.ar\/noticias-villa-maria\/opinion-villa-maria-25-de-mayo-y-la-bandera-triste-olvido\/"},"wordCount":352,"commentCount":0,"image":{"@id":"https:\/\/elregionalvm.com.ar\/noticias-villa-maria\/opinion-villa-maria-25-de-mayo-y-la-bandera-triste-olvido\/#primaryimage"},"thumbnailUrl":"https:\/\/i0.wp.com\/elregionalvm.com.ar\/noticias-villa-maria\/wp-content\/uploads\/2025\/05\/Escuela-frente-sin-bandera-5.jpeg?fit=1600%2C720&ssl=1","keywords":["25 de mayo","Bandera","colegios","escuelas","espacios p\u00fablicos","falta de respeto","Indiferencia","s\u00edmbolos patrios"],"articleSection":["Opini\u00f3n","tercera"],"inLanguage":"es","potentialAction":[{"@type":"CommentAction","name":"Comment","target":["https:\/\/elregionalvm.com.ar\/noticias-villa-maria\/opinion-villa-maria-25-de-mayo-y-la-bandera-triste-olvido\/#respond"]}]},{"@type":"WebPage","@id":"https:\/\/elregionalvm.com.ar\/noticias-villa-maria\/opinion-villa-maria-25-de-mayo-y-la-bandera-triste-olvido\/","url":"https:\/\/elregionalvm.com.ar\/noticias-villa-maria\/opinion-villa-maria-25-de-mayo-y-la-bandera-triste-olvido\/","name":"[Opini\u00f3n] Villa Mar\u00eda, 25 de Mayo. \u00bfY la Bandera? Triste olvido\u2026 - El Regional","isPartOf":{"@id":"http:\/\/elregionalvm.com.ar\/noticias-villa-maria\/#website"},"primaryImageOfPage":{"@id":"https:\/\/elregionalvm.com.ar\/noticias-villa-maria\/opinion-villa-maria-25-de-mayo-y-la-bandera-triste-olvido\/#primaryimage"},"image":{"@id":"https:\/\/elregionalvm.com.ar\/noticias-villa-maria\/opinion-villa-maria-25-de-mayo-y-la-bandera-triste-olvido\/#primaryimage"},"thumbnailUrl":"https:\/\/i0.wp.com\/elregionalvm.com.ar\/noticias-villa-maria\/wp-content\/uploads\/2025\/05\/Escuela-frente-sin-bandera-5.jpeg?fit=1600%2C720&ssl=1","datePublished":"2025-05-27T01:44:48+00:00","dateModified":"2025-05-30T02:15:10+00:00","author":{"@id":"http:\/\/elregionalvm.com.ar\/noticias-villa-maria\/#\/schema\/person\/a0fb9c422317faca23d50163151bc354"},"breadcrumb":{"@id":"https:\/\/elregionalvm.com.ar\/noticias-villa-maria\/opinion-villa-maria-25-de-mayo-y-la-bandera-triste-olvido\/#breadcrumb"},"inLanguage":"es","potentialAction":[{"@type":"ReadAction","target":["https:\/\/elregionalvm.com.ar\/noticias-villa-maria\/opinion-villa-maria-25-de-mayo-y-la-bandera-triste-olvido\/"]}]},{"@type":"ImageObject","inLanguage":"es","@id":"https:\/\/elregionalvm.com.ar\/noticias-villa-maria\/opinion-villa-maria-25-de-mayo-y-la-bandera-triste-olvido\/#primaryimage","url":"https:\/\/i0.wp.com\/elregionalvm.com.ar\/noticias-villa-maria\/wp-content\/uploads\/2025\/05\/Escuela-frente-sin-bandera-5.jpeg?fit=1600%2C720&ssl=1","contentUrl":"https:\/\/i0.wp.com\/elregionalvm.com.ar\/noticias-villa-maria\/wp-content\/uploads\/2025\/05\/Escuela-frente-sin-bandera-5.jpeg?fit=1600%2C720&ssl=1","width":1600,"height":720},{"@type":"BreadcrumbList","@id":"https:\/\/elregionalvm.com.ar\/noticias-villa-maria\/opinion-villa-maria-25-de-mayo-y-la-bandera-triste-olvido\/#breadcrumb","itemListElement":[{"@type":"ListItem","position":1,"name":"Portada","item":"https:\/\/elregionalvm.com.ar\/noticias-villa-maria\/"},{"@type":"ListItem","position":2,"name":"[Opini\u00f3n] Villa Mar\u00eda, 25 de Mayo. \u00bfY la Bandera? Triste olvido\u2026"}]},{"@type":"WebSite","@id":"http:\/\/elregionalvm.com.ar\/noticias-villa-maria\/#website","url":"http:\/\/elregionalvm.com.ar\/noticias-villa-maria\/","name":"El Regional","description":"Mucho m\u00e1s que informaci\u00f3n","potentialAction":[{"@type":"SearchAction","target":{"@type":"EntryPoint","urlTemplate":"http:\/\/elregionalvm.com.ar\/noticias-villa-maria\/?s={search_term_string}"},"query-input":{"@type":"PropertyValueSpecification","valueRequired":true,"valueName":"search_term_string"}}],"inLanguage":"es"},{"@type":"Person","@id":"http:\/\/elregionalvm.com.ar\/noticias-villa-maria\/#\/schema\/person\/a0fb9c422317faca23d50163151bc354","name":"Contenidos El Regional","image":{"@type":"ImageObject","inLanguage":"es","@id":"http:\/\/elregionalvm.com.ar\/noticias-villa-maria\/#\/schema\/person\/image\/","url":"https:\/\/secure.gravatar.com\/avatar\/265b27cb2209af7bb3a1318f03305787d7981a5cc6e6cd08fe5a4ecdf99d4b48?s=96&d=mm&r=g","contentUrl":"https:\/\/secure.gravatar.com\/avatar\/265b27cb2209af7bb3a1318f03305787d7981a5cc6e6cd08fe5a4ecdf99d4b48?s=96&d=mm&r=g","caption":"Contenidos El Regional"},"url":"https:\/\/elregionalvm.com.ar\/noticias-villa-maria\/author\/contenido\/"}]}},"jetpack_featured_media_url":"https:\/\/i0.wp.com\/elregionalvm.com.ar\/noticias-villa-maria\/wp-content\/uploads\/2025\/05\/Escuela-frente-sin-bandera-5.jpeg?fit=1600%2C720&ssl=1","jetpack_sharing_enabled":true,"_links":{"self":[{"href":"https:\/\/elregionalvm.com.ar\/noticias-villa-maria\/wp-json\/wp\/v2\/posts\/106564","targetHints":{"allow":["GET"]}}],"collection":[{"href":"https:\/\/elregionalvm.com.ar\/noticias-villa-maria\/wp-json\/wp\/v2\/posts"}],"about":[{"href":"https:\/\/elregionalvm.com.ar\/noticias-villa-maria\/wp-json\/wp\/v2\/types\/post"}],"author":[{"embeddable":true,"href":"https:\/\/elregionalvm.com.ar\/noticias-villa-maria\/wp-json\/wp\/v2\/users\/4"}],"replies":[{"embeddable":true,"href":"https:\/\/elregionalvm.com.ar\/noticias-villa-maria\/wp-json\/wp\/v2\/comments?post=106564"}],"version-history":[{"count":2,"href":"https:\/\/elregionalvm.com.ar\/noticias-villa-maria\/wp-json\/wp\/v2\/posts\/106564\/revisions"}],"predecessor-version":[{"id":106578,"href":"https:\/\/elregionalvm.com.ar\/noticias-villa-maria\/wp-json\/wp\/v2\/posts\/106564\/revisions\/106578"}],"wp:featuredmedia":[{"embeddable":true,"href":"https:\/\/elregionalvm.com.ar\/noticias-villa-maria\/wp-json\/wp\/v2\/media\/106572"}],"wp:attachment":[{"href":"https:\/\/elregionalvm.com.ar\/noticias-villa-maria\/wp-json\/wp\/v2\/media?parent=106564"}],"wp:term":[{"taxonomy":"category","embeddable":true,"href":"https:\/\/elregionalvm.com.ar\/noticias-villa-maria\/wp-json\/wp\/v2\/categories?post=106564"},{"taxonomy":"post_tag","embeddable":true,"href":"https:\/\/elregionalvm.com.ar\/noticias-villa-maria\/wp-json\/wp\/v2\/tags?post=106564"}],"curies":[{"name":"wp","href":"https:\/\/api.w.org\/{rel}","templated":true}]}}