{"id":107120,"date":"2025-06-12T12:22:42","date_gmt":"2025-06-12T12:22:42","guid":{"rendered":"https:\/\/elregionalvm.com.ar\/noticias-villa-maria\/?p=107120"},"modified":"2025-06-17T03:28:13","modified_gmt":"2025-06-17T03:28:13","slug":"miradas-transito-tapar-el-sol-con-las-manos-no-hara-que-bajen-los-accidentes-viales","status":"publish","type":"post","link":"https:\/\/elregionalvm.com.ar\/noticias-villa-maria\/miradas-transito-tapar-el-sol-con-las-manos-no-hara-que-bajen-los-accidentes-viales\/","title":{"rendered":"[Miradas] Tr\u00e1nsito: Tapar el sol con las manos no har\u00e1 que bajen los accidentes viales"},"content":{"rendered":"\n<h3 class=\"wp-block-heading\"><strong>Todo cae en saco roto mientras los accidentes son moneda corriente y las lesiones de los implicados en esos hechos cada d\u00eda son m\u00e1s terribles, aumentando su gravedad.<\/strong><\/h3>\n\n\n\n<p><\/p>\n\n\n\n<p><strong>Escribe: Roberto Alassia<\/strong><\/p>\n\n\n\n<p><\/p>\n\n\n\n<p>Hablamos hasta el hartazgo de cu\u00e1les son las leyes que hay que respetar a rajatabla para conducir mejor, pero vemos que se hace, dir\u00edamos, o\u00eddo sordo a ellas.<\/p>\n\n\n\n<p>Lo mismo nos ocurri\u00f3 con las sugerencias para las autoridades municipales relacionadas a ordenar o intentar ordenar el descalabro de la circulaci\u00f3n de veh\u00edculos dentro de la ciudad.<\/p>\n\n\n\n<p><\/p>\n\n\n\n<blockquote class=\"wp-block-quote is-layout-flow wp-block-quote-is-layout-flow\">\n<p><strong>Todo cae en saco roto mientras los accidentes son moneda corriente y las lesiones de los implicados en esos hechos cada d\u00eda son m\u00e1s terribles, aumentando su gravedad.<\/strong><\/p>\n<\/blockquote>\n\n\n\n<p><\/p>\n\n\n\n<p>Seguir con estos temas me da la impresi\u00f3n que es como pregonar en el DESIERTO, por tal motivo de cara al futuro iremos incorporando distintos temas que consideremos de inter\u00e9s para los lectores.<\/p>\n\n\n\n<p>Por \u00faltimo y qui\u00e9n le dice que por ah\u00ed nos lleven el apunte, ya que por un buen tiempo nos comprometemos en no hablar m\u00e1s de c\u00f3mo manejar mejor, tratando de evitar la alarmante cantidad de siniestros que d\u00eda a d\u00eda se producen en la Villa.<\/p>\n\n\n\n<p>Lo hacemos con nuestra \u00faltima sugerencia:<\/p>\n\n\n\n<p>Bajar la velocidad de circulaci\u00f3n dentro de las calles de la ciudad, con un exhaustivo control por parte del municipio.<\/p>\n\n\n\n<p>Hasta la pr\u00f3xima<\/p>\n","protected":false},"excerpt":{"rendered":"<p>Todo cae en saco roto mientras los accidentes son moneda corriente y las lesiones de los implicados en esos hechos cada d\u00eda son m\u00e1s terribles, aumentando su gravedad. Escribe: Roberto Alassia Hablamos hasta el hartazgo de cu\u00e1les son las leyes que hay que respetar a rajatabla para conducir mejor, pero vemos que se hace, dir\u00edamos, [&hellip;]<\/p>\n","protected":false},"author":4,"featured_media":94403,"comment_status":"open","ping_status":"open","sticky":false,"template":"","format":"standard","meta":{"site-sidebar-layout":"default","site-content-layout":"","ast-site-content-layout":"default","site-content-style":"default","site-sidebar-style":"default","ast-global-header-display":"","ast-banner-title-visibility":"","ast-main-header-display":"","ast-hfb-above-header-display":"","ast-hfb-below-header-display":"","ast-hfb-mobile-header-display":"","site-post-title":"","ast-breadcrumbs-content":"","ast-featured-img":"","footer-sml-layout":"","ast-disable-related-posts":"","theme-transparent-header-meta":"","adv-header-id-meta":"","stick-header-meta":"","header-above-stick-meta":"","header-main-stick-meta":"","header-below-stick-meta":"","astra-migrate-meta-layouts":"set","ast-page-background-enabled":"default","ast-page-background-meta":{"desktop":{"background-color":"","background-image":"","background-repeat":"repeat","background-position":"center center","background-size":"auto","background-attachment":"scroll","background-type":"","background-media":"","overlay-type":"","overlay-color":"","overlay-opacity":"","overlay-gradient":""},"tablet":{"background-color":"","background-image":"","background-repeat":"repeat","background-position":"center center","background-size":"auto","background-attachment":"scroll","background-type":"","background-media":"","overlay-type":"","overlay-color":"","overlay-opacity":"","overlay-gradient":""},"mobile":{"background-color":"","background-image":"","background-repeat":"repeat","background-position":"center center","background-size":"auto","background-attachment":"scroll","background-type":"","background-media":"","overlay-type":"","overlay-color":"","overlay-opacity":"","overlay-gradient":""}},"ast-content-background-meta":{"desktop":{"background-color":"var(--ast-global-color-5)","background-image":"","background-repeat":"repeat","background-position":"center center","background-size":"auto","background-attachment":"scroll","background-type":"","background-media":"","overlay-type":"","overlay-color":"","overlay-opacity":"","overlay-gradient":""},"tablet":{"background-color":"var(--ast-global-color-5)","background-image":"","background-repeat":"repeat","background-position":"center center","background-size":"auto","background-attachment":"scroll","background-type":"","background-media":"","overlay-type":"","overlay-color":"","overlay-opacity":"","overlay-gradient":""},"mobile":{"background-color":"var(--ast-global-color-5)","background-image":"","background-repeat":"repeat","background-position":"center center","background-size":"auto","background-attachment":"scroll","background-type":"","background-media":"","overlay-type":"","overlay-color":"","overlay-opacity":"","overlay-gradient":""}},"_jetpack_memberships_contains_paid_content":false,"_joinchat":[],"footnotes":""},"categories":[365,3557],"tags":[2987,21902,19257,544,20260,272,90,25019],"class_list":["post-107120","post","type-post","status-publish","format-standard","has-post-thumbnail","hentry","category-opinion","category-tercera","tag-accidentes","tag-inseguridad-vial","tag-maneja-bien","tag-peligro","tag-siniestros","tag-transito","tag-velocidad","tag-viales"],"yoast_head":"<!-- This site is optimized with the Yoast SEO plugin v26.8 - https:\/\/yoast.com\/product\/yoast-seo-wordpress\/ -->\n<title>[Miradas] Tr\u00e1nsito: Tapar el sol con las manos no har\u00e1 que bajen los accidentes viales - El Regional<\/title>\n<meta name=\"robots\" content=\"index, follow, max-snippet:-1, max-image-preview:large, max-video-preview:-1\" \/>\n<link rel=\"canonical\" href=\"https:\/\/elregionalvm.com.ar\/noticias-villa-maria\/miradas-transito-tapar-el-sol-con-las-manos-no-hara-que-bajen-los-accidentes-viales\/\" \/>\n<meta property=\"og:locale\" content=\"es_ES\" \/>\n<meta property=\"og:type\" content=\"article\" \/>\n<meta property=\"og:title\" content=\"[Miradas] Tr\u00e1nsito: Tapar el sol con las manos no har\u00e1 que bajen los accidentes viales - El Regional\" \/>\n<meta property=\"og:description\" content=\"Todo cae en saco roto mientras los accidentes son moneda corriente y las lesiones de los implicados en esos hechos cada d\u00eda son m\u00e1s terribles, aumentando su gravedad. Escribe: Roberto Alassia Hablamos hasta el hartazgo de cu\u00e1les son las leyes que hay que respetar a rajatabla para conducir mejor, pero vemos que se hace, dir\u00edamos, [&hellip;]\" \/>\n<meta property=\"og:url\" content=\"https:\/\/elregionalvm.com.ar\/noticias-villa-maria\/miradas-transito-tapar-el-sol-con-las-manos-no-hara-que-bajen-los-accidentes-viales\/\" \/>\n<meta property=\"og:site_name\" content=\"El Regional\" \/>\n<meta property=\"article:publisher\" content=\"https:\/\/www.facebook.com\/elregionalvm\" \/>\n<meta property=\"article:published_time\" content=\"2025-06-12T12:22:42+00:00\" \/>\n<meta property=\"article:modified_time\" content=\"2025-06-17T03:28:13+00:00\" \/>\n<meta property=\"og:image\" content=\"https:\/\/elregionalvm.com.ar\/noticias-villa-maria\/wp-content\/uploads\/2024\/05\/Accidente-fatal-en-Avenida-Peron-1.jpg\" \/>\n\t<meta property=\"og:image:width\" content=\"1037\" \/>\n\t<meta property=\"og:image:height\" content=\"621\" \/>\n\t<meta property=\"og:image:type\" content=\"image\/jpeg\" \/>\n<meta name=\"author\" content=\"Contenidos El Regional\" \/>\n<meta name=\"twitter:card\" content=\"summary_large_image\" \/>\n<meta name=\"twitter:creator\" content=\"@elregionalvm1\" \/>\n<meta name=\"twitter:site\" content=\"@elregionalvm1\" \/>\n<meta name=\"twitter:label1\" content=\"Escrito por\" \/>\n\t<meta name=\"twitter:data1\" content=\"Contenidos El Regional\" \/>\n\t<meta name=\"twitter:label2\" content=\"Tiempo de lectura\" \/>\n\t<meta name=\"twitter:data2\" content=\"2 minutos\" \/>\n<script type=\"application\/ld+json\" class=\"yoast-schema-graph\">{\"@context\":\"https:\/\/schema.org\",\"@graph\":[{\"@type\":\"Article\",\"@id\":\"https:\/\/elregionalvm.com.ar\/noticias-villa-maria\/miradas-transito-tapar-el-sol-con-las-manos-no-hara-que-bajen-los-accidentes-viales\/#article\",\"isPartOf\":{\"@id\":\"https:\/\/elregionalvm.com.ar\/noticias-villa-maria\/miradas-transito-tapar-el-sol-con-las-manos-no-hara-que-bajen-los-accidentes-viales\/\"},\"author\":{\"name\":\"Contenidos El Regional\",\"@id\":\"http:\/\/elregionalvm.com.ar\/noticias-villa-maria\/#\/schema\/person\/a0fb9c422317faca23d50163151bc354\"},\"headline\":\"[Miradas] Tr\u00e1nsito: Tapar el sol con las manos no har\u00e1 que bajen los accidentes viales\",\"datePublished\":\"2025-06-12T12:22:42+00:00\",\"dateModified\":\"2025-06-17T03:28:13+00:00\",\"mainEntityOfPage\":{\"@id\":\"https:\/\/elregionalvm.com.ar\/noticias-villa-maria\/miradas-transito-tapar-el-sol-con-las-manos-no-hara-que-bajen-los-accidentes-viales\/\"},\"wordCount\":257,\"commentCount\":0,\"image\":{\"@id\":\"https:\/\/elregionalvm.com.ar\/noticias-villa-maria\/miradas-transito-tapar-el-sol-con-las-manos-no-hara-que-bajen-los-accidentes-viales\/#primaryimage\"},\"thumbnailUrl\":\"https:\/\/i0.wp.com\/elregionalvm.com.ar\/noticias-villa-maria\/wp-content\/uploads\/2024\/05\/Accidente-fatal-en-Avenida-Peron-1.jpg?fit=1037%2C621&ssl=1\",\"keywords\":[\"Accidentes\",\"inseguridad vial\",\"manej\u00e1 bien\",\"Peligro\",\"siniestros\",\"Tr\u00e1nsito\",\"velocidad\",\"viales\"],\"articleSection\":[\"Opini\u00f3n\",\"tercera\"],\"inLanguage\":\"es\",\"potentialAction\":[{\"@type\":\"CommentAction\",\"name\":\"Comment\",\"target\":[\"https:\/\/elregionalvm.com.ar\/noticias-villa-maria\/miradas-transito-tapar-el-sol-con-las-manos-no-hara-que-bajen-los-accidentes-viales\/#respond\"]}]},{\"@type\":\"WebPage\",\"@id\":\"https:\/\/elregionalvm.com.ar\/noticias-villa-maria\/miradas-transito-tapar-el-sol-con-las-manos-no-hara-que-bajen-los-accidentes-viales\/\",\"url\":\"https:\/\/elregionalvm.com.ar\/noticias-villa-maria\/miradas-transito-tapar-el-sol-con-las-manos-no-hara-que-bajen-los-accidentes-viales\/\",\"name\":\"[Miradas] Tr\u00e1nsito: Tapar el sol con las manos no har\u00e1 que bajen los accidentes viales - El Regional\",\"isPartOf\":{\"@id\":\"http:\/\/elregionalvm.com.ar\/noticias-villa-maria\/#website\"},\"primaryImageOfPage\":{\"@id\":\"https:\/\/elregionalvm.com.ar\/noticias-villa-maria\/miradas-transito-tapar-el-sol-con-las-manos-no-hara-que-bajen-los-accidentes-viales\/#primaryimage\"},\"image\":{\"@id\":\"https:\/\/elregionalvm.com.ar\/noticias-villa-maria\/miradas-transito-tapar-el-sol-con-las-manos-no-hara-que-bajen-los-accidentes-viales\/#primaryimage\"},\"thumbnailUrl\":\"https:\/\/i0.wp.com\/elregionalvm.com.ar\/noticias-villa-maria\/wp-content\/uploads\/2024\/05\/Accidente-fatal-en-Avenida-Peron-1.jpg?fit=1037%2C621&ssl=1\",\"datePublished\":\"2025-06-12T12:22:42+00:00\",\"dateModified\":\"2025-06-17T03:28:13+00:00\",\"author\":{\"@id\":\"http:\/\/elregionalvm.com.ar\/noticias-villa-maria\/#\/schema\/person\/a0fb9c422317faca23d50163151bc354\"},\"breadcrumb\":{\"@id\":\"https:\/\/elregionalvm.com.ar\/noticias-villa-maria\/miradas-transito-tapar-el-sol-con-las-manos-no-hara-que-bajen-los-accidentes-viales\/#breadcrumb\"},\"inLanguage\":\"es\",\"potentialAction\":[{\"@type\":\"ReadAction\",\"target\":[\"https:\/\/elregionalvm.com.ar\/noticias-villa-maria\/miradas-transito-tapar-el-sol-con-las-manos-no-hara-que-bajen-los-accidentes-viales\/\"]}]},{\"@type\":\"ImageObject\",\"inLanguage\":\"es\",\"@id\":\"https:\/\/elregionalvm.com.ar\/noticias-villa-maria\/miradas-transito-tapar-el-sol-con-las-manos-no-hara-que-bajen-los-accidentes-viales\/#primaryimage\",\"url\":\"https:\/\/i0.wp.com\/elregionalvm.com.ar\/noticias-villa-maria\/wp-content\/uploads\/2024\/05\/Accidente-fatal-en-Avenida-Peron-1.jpg?fit=1037%2C621&ssl=1\",\"contentUrl\":\"https:\/\/i0.wp.com\/elregionalvm.com.ar\/noticias-villa-maria\/wp-content\/uploads\/2024\/05\/Accidente-fatal-en-Avenida-Peron-1.jpg?fit=1037%2C621&ssl=1\",\"width\":1037,\"height\":621},{\"@type\":\"BreadcrumbList\",\"@id\":\"https:\/\/elregionalvm.com.ar\/noticias-villa-maria\/miradas-transito-tapar-el-sol-con-las-manos-no-hara-que-bajen-los-accidentes-viales\/#breadcrumb\",\"itemListElement\":[{\"@type\":\"ListItem\",\"position\":1,\"name\":\"Portada\",\"item\":\"https:\/\/elregionalvm.com.ar\/noticias-villa-maria\/\"},{\"@type\":\"ListItem\",\"position\":2,\"name\":\"[Miradas] Tr\u00e1nsito: Tapar el sol con las manos no har\u00e1 que bajen los accidentes viales\"}]},{\"@type\":\"WebSite\",\"@id\":\"http:\/\/elregionalvm.com.ar\/noticias-villa-maria\/#website\",\"url\":\"http:\/\/elregionalvm.com.ar\/noticias-villa-maria\/\",\"name\":\"El Regional\",\"description\":\"Mucho m\u00e1s que informaci\u00f3n\",\"potentialAction\":[{\"@type\":\"SearchAction\",\"target\":{\"@type\":\"EntryPoint\",\"urlTemplate\":\"http:\/\/elregionalvm.com.ar\/noticias-villa-maria\/?s={search_term_string}\"},\"query-input\":{\"@type\":\"PropertyValueSpecification\",\"valueRequired\":true,\"valueName\":\"search_term_string\"}}],\"inLanguage\":\"es\"},{\"@type\":\"Person\",\"@id\":\"http:\/\/elregionalvm.com.ar\/noticias-villa-maria\/#\/schema\/person\/a0fb9c422317faca23d50163151bc354\",\"name\":\"Contenidos El Regional\",\"image\":{\"@type\":\"ImageObject\",\"inLanguage\":\"es\",\"@id\":\"http:\/\/elregionalvm.com.ar\/noticias-villa-maria\/#\/schema\/person\/image\/\",\"url\":\"https:\/\/secure.gravatar.com\/avatar\/265b27cb2209af7bb3a1318f03305787d7981a5cc6e6cd08fe5a4ecdf99d4b48?s=96&d=mm&r=g\",\"contentUrl\":\"https:\/\/secure.gravatar.com\/avatar\/265b27cb2209af7bb3a1318f03305787d7981a5cc6e6cd08fe5a4ecdf99d4b48?s=96&d=mm&r=g\",\"caption\":\"Contenidos El Regional\"},\"url\":\"https:\/\/elregionalvm.com.ar\/noticias-villa-maria\/author\/contenido\/\"}]}<\/script>\n<!-- \/ Yoast SEO plugin. -->","yoast_head_json":{"title":"[Miradas] Tr\u00e1nsito: Tapar el sol con las manos no har\u00e1 que bajen los accidentes viales - El Regional","robots":{"index":"index","follow":"follow","max-snippet":"max-snippet:-1","max-image-preview":"max-image-preview:large","max-video-preview":"max-video-preview:-1"},"canonical":"https:\/\/elregionalvm.com.ar\/noticias-villa-maria\/miradas-transito-tapar-el-sol-con-las-manos-no-hara-que-bajen-los-accidentes-viales\/","og_locale":"es_ES","og_type":"article","og_title":"[Miradas] Tr\u00e1nsito: Tapar el sol con las manos no har\u00e1 que bajen los accidentes viales - El Regional","og_description":"Todo cae en saco roto mientras los accidentes son moneda corriente y las lesiones de los implicados en esos hechos cada d\u00eda son m\u00e1s terribles, aumentando su gravedad. Escribe: Roberto Alassia Hablamos hasta el hartazgo de cu\u00e1les son las leyes que hay que respetar a rajatabla para conducir mejor, pero vemos que se hace, dir\u00edamos, [&hellip;]","og_url":"https:\/\/elregionalvm.com.ar\/noticias-villa-maria\/miradas-transito-tapar-el-sol-con-las-manos-no-hara-que-bajen-los-accidentes-viales\/","og_site_name":"El Regional","article_publisher":"https:\/\/www.facebook.com\/elregionalvm","article_published_time":"2025-06-12T12:22:42+00:00","article_modified_time":"2025-06-17T03:28:13+00:00","og_image":[{"width":1037,"height":621,"url":"https:\/\/elregionalvm.com.ar\/noticias-villa-maria\/wp-content\/uploads\/2024\/05\/Accidente-fatal-en-Avenida-Peron-1.jpg","type":"image\/jpeg"}],"author":"Contenidos El Regional","twitter_card":"summary_large_image","twitter_creator":"@elregionalvm1","twitter_site":"@elregionalvm1","twitter_misc":{"Escrito por":"Contenidos El Regional","Tiempo de lectura":"2 minutos"},"schema":{"@context":"https:\/\/schema.org","@graph":[{"@type":"Article","@id":"https:\/\/elregionalvm.com.ar\/noticias-villa-maria\/miradas-transito-tapar-el-sol-con-las-manos-no-hara-que-bajen-los-accidentes-viales\/#article","isPartOf":{"@id":"https:\/\/elregionalvm.com.ar\/noticias-villa-maria\/miradas-transito-tapar-el-sol-con-las-manos-no-hara-que-bajen-los-accidentes-viales\/"},"author":{"name":"Contenidos El Regional","@id":"http:\/\/elregionalvm.com.ar\/noticias-villa-maria\/#\/schema\/person\/a0fb9c422317faca23d50163151bc354"},"headline":"[Miradas] Tr\u00e1nsito: Tapar el sol con las manos no har\u00e1 que bajen los accidentes viales","datePublished":"2025-06-12T12:22:42+00:00","dateModified":"2025-06-17T03:28:13+00:00","mainEntityOfPage":{"@id":"https:\/\/elregionalvm.com.ar\/noticias-villa-maria\/miradas-transito-tapar-el-sol-con-las-manos-no-hara-que-bajen-los-accidentes-viales\/"},"wordCount":257,"commentCount":0,"image":{"@id":"https:\/\/elregionalvm.com.ar\/noticias-villa-maria\/miradas-transito-tapar-el-sol-con-las-manos-no-hara-que-bajen-los-accidentes-viales\/#primaryimage"},"thumbnailUrl":"https:\/\/i0.wp.com\/elregionalvm.com.ar\/noticias-villa-maria\/wp-content\/uploads\/2024\/05\/Accidente-fatal-en-Avenida-Peron-1.jpg?fit=1037%2C621&ssl=1","keywords":["Accidentes","inseguridad vial","manej\u00e1 bien","Peligro","siniestros","Tr\u00e1nsito","velocidad","viales"],"articleSection":["Opini\u00f3n","tercera"],"inLanguage":"es","potentialAction":[{"@type":"CommentAction","name":"Comment","target":["https:\/\/elregionalvm.com.ar\/noticias-villa-maria\/miradas-transito-tapar-el-sol-con-las-manos-no-hara-que-bajen-los-accidentes-viales\/#respond"]}]},{"@type":"WebPage","@id":"https:\/\/elregionalvm.com.ar\/noticias-villa-maria\/miradas-transito-tapar-el-sol-con-las-manos-no-hara-que-bajen-los-accidentes-viales\/","url":"https:\/\/elregionalvm.com.ar\/noticias-villa-maria\/miradas-transito-tapar-el-sol-con-las-manos-no-hara-que-bajen-los-accidentes-viales\/","name":"[Miradas] Tr\u00e1nsito: Tapar el sol con las manos no har\u00e1 que bajen los accidentes viales - El Regional","isPartOf":{"@id":"http:\/\/elregionalvm.com.ar\/noticias-villa-maria\/#website"},"primaryImageOfPage":{"@id":"https:\/\/elregionalvm.com.ar\/noticias-villa-maria\/miradas-transito-tapar-el-sol-con-las-manos-no-hara-que-bajen-los-accidentes-viales\/#primaryimage"},"image":{"@id":"https:\/\/elregionalvm.com.ar\/noticias-villa-maria\/miradas-transito-tapar-el-sol-con-las-manos-no-hara-que-bajen-los-accidentes-viales\/#primaryimage"},"thumbnailUrl":"https:\/\/i0.wp.com\/elregionalvm.com.ar\/noticias-villa-maria\/wp-content\/uploads\/2024\/05\/Accidente-fatal-en-Avenida-Peron-1.jpg?fit=1037%2C621&ssl=1","datePublished":"2025-06-12T12:22:42+00:00","dateModified":"2025-06-17T03:28:13+00:00","author":{"@id":"http:\/\/elregionalvm.com.ar\/noticias-villa-maria\/#\/schema\/person\/a0fb9c422317faca23d50163151bc354"},"breadcrumb":{"@id":"https:\/\/elregionalvm.com.ar\/noticias-villa-maria\/miradas-transito-tapar-el-sol-con-las-manos-no-hara-que-bajen-los-accidentes-viales\/#breadcrumb"},"inLanguage":"es","potentialAction":[{"@type":"ReadAction","target":["https:\/\/elregionalvm.com.ar\/noticias-villa-maria\/miradas-transito-tapar-el-sol-con-las-manos-no-hara-que-bajen-los-accidentes-viales\/"]}]},{"@type":"ImageObject","inLanguage":"es","@id":"https:\/\/elregionalvm.com.ar\/noticias-villa-maria\/miradas-transito-tapar-el-sol-con-las-manos-no-hara-que-bajen-los-accidentes-viales\/#primaryimage","url":"https:\/\/i0.wp.com\/elregionalvm.com.ar\/noticias-villa-maria\/wp-content\/uploads\/2024\/05\/Accidente-fatal-en-Avenida-Peron-1.jpg?fit=1037%2C621&ssl=1","contentUrl":"https:\/\/i0.wp.com\/elregionalvm.com.ar\/noticias-villa-maria\/wp-content\/uploads\/2024\/05\/Accidente-fatal-en-Avenida-Peron-1.jpg?fit=1037%2C621&ssl=1","width":1037,"height":621},{"@type":"BreadcrumbList","@id":"https:\/\/elregionalvm.com.ar\/noticias-villa-maria\/miradas-transito-tapar-el-sol-con-las-manos-no-hara-que-bajen-los-accidentes-viales\/#breadcrumb","itemListElement":[{"@type":"ListItem","position":1,"name":"Portada","item":"https:\/\/elregionalvm.com.ar\/noticias-villa-maria\/"},{"@type":"ListItem","position":2,"name":"[Miradas] Tr\u00e1nsito: Tapar el sol con las manos no har\u00e1 que bajen los accidentes viales"}]},{"@type":"WebSite","@id":"http:\/\/elregionalvm.com.ar\/noticias-villa-maria\/#website","url":"http:\/\/elregionalvm.com.ar\/noticias-villa-maria\/","name":"El Regional","description":"Mucho m\u00e1s que informaci\u00f3n","potentialAction":[{"@type":"SearchAction","target":{"@type":"EntryPoint","urlTemplate":"http:\/\/elregionalvm.com.ar\/noticias-villa-maria\/?s={search_term_string}"},"query-input":{"@type":"PropertyValueSpecification","valueRequired":true,"valueName":"search_term_string"}}],"inLanguage":"es"},{"@type":"Person","@id":"http:\/\/elregionalvm.com.ar\/noticias-villa-maria\/#\/schema\/person\/a0fb9c422317faca23d50163151bc354","name":"Contenidos El Regional","image":{"@type":"ImageObject","inLanguage":"es","@id":"http:\/\/elregionalvm.com.ar\/noticias-villa-maria\/#\/schema\/person\/image\/","url":"https:\/\/secure.gravatar.com\/avatar\/265b27cb2209af7bb3a1318f03305787d7981a5cc6e6cd08fe5a4ecdf99d4b48?s=96&d=mm&r=g","contentUrl":"https:\/\/secure.gravatar.com\/avatar\/265b27cb2209af7bb3a1318f03305787d7981a5cc6e6cd08fe5a4ecdf99d4b48?s=96&d=mm&r=g","caption":"Contenidos El Regional"},"url":"https:\/\/elregionalvm.com.ar\/noticias-villa-maria\/author\/contenido\/"}]}},"jetpack_featured_media_url":"https:\/\/i0.wp.com\/elregionalvm.com.ar\/noticias-villa-maria\/wp-content\/uploads\/2024\/05\/Accidente-fatal-en-Avenida-Peron-1.jpg?fit=1037%2C621&ssl=1","jetpack_sharing_enabled":true,"_links":{"self":[{"href":"https:\/\/elregionalvm.com.ar\/noticias-villa-maria\/wp-json\/wp\/v2\/posts\/107120","targetHints":{"allow":["GET"]}}],"collection":[{"href":"https:\/\/elregionalvm.com.ar\/noticias-villa-maria\/wp-json\/wp\/v2\/posts"}],"about":[{"href":"https:\/\/elregionalvm.com.ar\/noticias-villa-maria\/wp-json\/wp\/v2\/types\/post"}],"author":[{"embeddable":true,"href":"https:\/\/elregionalvm.com.ar\/noticias-villa-maria\/wp-json\/wp\/v2\/users\/4"}],"replies":[{"embeddable":true,"href":"https:\/\/elregionalvm.com.ar\/noticias-villa-maria\/wp-json\/wp\/v2\/comments?post=107120"}],"version-history":[{"count":1,"href":"https:\/\/elregionalvm.com.ar\/noticias-villa-maria\/wp-json\/wp\/v2\/posts\/107120\/revisions"}],"predecessor-version":[{"id":107121,"href":"https:\/\/elregionalvm.com.ar\/noticias-villa-maria\/wp-json\/wp\/v2\/posts\/107120\/revisions\/107121"}],"wp:featuredmedia":[{"embeddable":true,"href":"https:\/\/elregionalvm.com.ar\/noticias-villa-maria\/wp-json\/wp\/v2\/media\/94403"}],"wp:attachment":[{"href":"https:\/\/elregionalvm.com.ar\/noticias-villa-maria\/wp-json\/wp\/v2\/media?parent=107120"}],"wp:term":[{"taxonomy":"category","embeddable":true,"href":"https:\/\/elregionalvm.com.ar\/noticias-villa-maria\/wp-json\/wp\/v2\/categories?post=107120"},{"taxonomy":"post_tag","embeddable":true,"href":"https:\/\/elregionalvm.com.ar\/noticias-villa-maria\/wp-json\/wp\/v2\/tags?post=107120"}],"curies":[{"name":"wp","href":"https:\/\/api.w.org\/{rel}","templated":true}]}}