{"id":107122,"date":"2025-06-12T14:11:10","date_gmt":"2025-06-12T14:11:10","guid":{"rendered":"https:\/\/elregionalvm.com.ar\/noticias-villa-maria\/?p=107122"},"modified":"2025-06-17T14:17:45","modified_gmt":"2025-06-17T14:17:45","slug":"filosofia-y-politica-por-que-destrozaron-la-calidad-educativa","status":"publish","type":"post","link":"https:\/\/elregionalvm.com.ar\/noticias-villa-maria\/filosofia-y-politica-por-que-destrozaron-la-calidad-educativa\/","title":{"rendered":"[Filosof\u00eda y Pol\u00edtica] \u00bfPor qu\u00e9 destrozaron la calidad educativa?"},"content":{"rendered":"\n<h3 class=\"wp-block-heading\"><strong>La reciente publicaci\u00f3n masiva de los resultados de las Pruebas Aprender 2024 en Argentina han encendido las alarmas sobre el estado de la educaci\u00f3n en general, pero en matem\u00e1tica en particular, en el nivel secundario. La situaci\u00f3n, caracterizada por un baj\u00edsimo rendimiento generalizado y la ausencia de niveles avanzados, invita a una profunda reflexi\u00f3n sobre las pol\u00edticas educativas y sus consecuencias en la formaci\u00f3n de los estudiantes.<\/strong><\/h3>\n\n\n\n<p><\/p>\n\n\n\n<p><strong>Escribe: Lisandro Prieto Femen\u00eda<\/strong><\/p>\n\n\n\n<p><\/p>\n\n\n\n<p>M\u00e1s all\u00e1 de las cifras, que son escalofriantes, este escenario revela de por s\u00ed una problem\u00e1tica compleja que demanda un an\u00e1lisis filos\u00f3fico y pedag\u00f3gico que ning\u00fan ministro de educaci\u00f3n tiene ganas de hacer sobre el abandono de la calidad educativa en pos de enfoques que desatienden lo esencial para el desarrollo integral de los alumnos.<\/p>\n\n\n\n<p>Empecemos con los resultados concretos y sus razones. Los datos de las Pruebas Aprender 2024 son contundentes y preocupantes. Seg\u00fan informes de prensa, s\u00f3lo el 14,2% de los estudiantes de secundaria alcanz\u00f3 un nivel satisfactorio en matem\u00e1tica.<\/p>\n\n\n\n<p>A\u00fan m\u00e1s alarmante es la constataci\u00f3n de que no se registr\u00f3 ning\u00fan estudiante en el nivel avanzado de la disciplina, un deterioro progresivo desde el operativo ONE 2013 que las pol\u00edticas implementadas hasta el momento no han logrado revertir. En contraste, el 58% de los estudiantes logr\u00f3 un nivel satisfactorio en Lengua.<\/p>\n\n\n\n<p>Entre las razones esgrimidas para explicar estos magros resultados, vamos a seleccionar tan solo tres para ilustrar el panorama.<\/p>\n\n\n\n<p>&nbsp;En primer lugar, el impacto de la pandemia: la matem\u00e1tica, al ser una disciplina m\u00e1s intensiva en contenidos y que requiere un abordaje m\u00e1s complejo, result\u00f3 particularmente dif\u00edcil de trabajar desde el hogar durante la cuarentena.<\/p>\n\n\n\n<p>En segundo lugar, los contenidos sin incorporar: se observa que la mayor\u00eda de los estudiantes maneja s\u00f3lo los contenidos del ciclo b\u00e1sico de la secundaria, sin lograr comprender los temas m\u00e1s complejos.<\/p>\n\n\n\n<p><\/p>\n\n\n\n<figure class=\"wp-block-image size-large\"><img data-recalc-dims=\"1\" fetchpriority=\"high\" decoding=\"async\" width=\"1024\" height=\"683\" src=\"https:\/\/i0.wp.com\/elregionalvm.com.ar\/noticias-villa-maria\/wp-content\/uploads\/2025\/06\/aula-oscuras-estudiante-1024x683.jpeg?resize=1024%2C683&#038;ssl=1\" alt=\"\" class=\"wp-image-107126\"\/><\/figure>\n\n\n\n<p><\/p>\n\n\n\n<p>Adem\u00e1s, en muchos casos, no se llega a trabajar por completo los contenidos clave del \u00faltimo a\u00f1o, seg\u00fan lo estipulado en el programa oficial. Por \u00faltimo, la necesidad de actualizar con seriedad y honestidad la formaci\u00f3n docente: se reconoce la urgencia de revisar y mejorar la formaci\u00f3n de los docentes en general, no s\u00f3lo en matem\u00e1ticas, un problema que se ha acentuado con el tiempo y que afecta tambi\u00e9n a otros pa\u00edses de la regi\u00f3n.<\/p>\n\n\n\n<p>Los precitados resultados sugieren que el problema de la calidad educativa trasciende las desigualdades socioecon\u00f3micas, planteando un desaf\u00edo persistente al sistema educativo.<\/p>\n\n\n\n<p>Recordemos que Mercedes Miguel, ex Secretaria de Innovaci\u00f3n y Calidad Educativa expres\u00f3 que&nbsp;<em>\u201cel pensamiento l\u00f3gico-matem\u00e1tico es una herramienta poderosa para el pensamiento cr\u00edtico, para organizar la informaci\u00f3n que nos bombardea a diario\u201d<\/em>. Si bien estamos completamente de acuerdo con ella, queda claro que todo queda en el \u00e1mbito discursivo, porque ese pensamiento l\u00f3gico-matem\u00e1tico y su precariedad se hunde hasta la propia escuela primaria y he aqu\u00ed los resultados.<\/p>\n\n\n\n<p><strong>Abandono de lo esencial<\/strong><\/p>\n\n\n\n<p>Ahora bien, m\u00e1s all\u00e1 de los datos aterradores, procedamos a intentar comprender el abandono de la calidad educativa en s\u00ed. La situaci\u00f3n descrita en los resultados de las Pruebas Aprender evidencia una tendencia a priorizar aspectos superficiales y cuantitativos de la educaci\u00f3n, en detrimento de la profundidad, la comprensi\u00f3n genuina y el desarrollo de habilidades esenciales para que los alumnos sean libres y aptos en un futuro que se muestra cada vez m\u00e1s incierto. Este \u201cabandono de lo esencial\u201d puede interpretarse desde diversas perspectivas filos\u00f3ficas y pedag\u00f3gicas que vale la pena repasar.<\/p>\n\n\n\n<p>Desde una mirada filos\u00f3fica, la educaci\u00f3n, en su sentido m\u00e1s elevado, no se limita a la mera transmisi\u00f3n de datos o la preparaci\u00f3n para pruebas estandarizadas. Recordemos que Plat\u00f3n, en su magna obra \u201cLa Rep\u00fablica\u201d, conceb\u00eda a la educaci\u00f3n como un proceso de \u201cascenso\u201d que permite al alma alcanzar la verdad y la comprensi\u00f3n de las Ideas.<\/p>\n\n\n\n<p>En este sentido, una educaci\u00f3n que no fomenta el pensamiento cr\u00edtico, la capacidad de razonamiento y la b\u00fasqueda de la verdad en disciplinas como la matem\u00e1tica, se aleja de este ideal, limitando severamente el potencial intelectual de los individuos, es decir, manteni\u00e9ndolos esclavos de un sistema que los necesita in\u00fatiles y distra\u00eddos.<\/p>\n\n\n\n<p>Por su parte, John Dewey, un referente del pragmatismo y la pedagog\u00eda progresista, enfatizaba que la educaci\u00f3n debe ser una experiencia activa y significativa, conectada con la vida real del estudiante.<\/p>\n\n\n\n<p>Si la ense\u00f1anza de la matem\u00e1tica se reduce a la memorizaci\u00f3n de f\u00f3rmulas y procedimientos descontextualizados, se desvirt\u00faa su prop\u00f3sito por completo. Para \u00e9l,&nbsp;<em>\u201cla educaci\u00f3n no es una preparaci\u00f3n para la vida, sino que es la vida misma\u201d<\/em>, significando con ello que quien no est\u00e1 preparado acad\u00e9micamente para vivir, no est\u00e1 preparado para enfrentar los desaf\u00edos que la existencia le presenta.<\/p>\n\n\n\n<p><\/p>\n\n\n\n<figure class=\"wp-block-image size-large\"><img data-recalc-dims=\"1\" decoding=\"async\" width=\"1024\" height=\"680\" src=\"https:\/\/i0.wp.com\/elregionalvm.com.ar\/noticias-villa-maria\/wp-content\/uploads\/2022\/03\/Aula-vacia-oscura.jpg?resize=1024%2C680&#038;ssl=1\" alt=\"\" class=\"wp-image-54842\" srcset=\"https:\/\/i0.wp.com\/elregionalvm.com.ar\/noticias-villa-maria\/wp-content\/uploads\/2022\/03\/Aula-vacia-oscura.jpg?resize=1024%2C680&amp;ssl=1 1024w, https:\/\/i0.wp.com\/elregionalvm.com.ar\/noticias-villa-maria\/wp-content\/uploads\/2022\/03\/Aula-vacia-oscura.jpg?resize=300%2C199&amp;ssl=1 300w, https:\/\/i0.wp.com\/elregionalvm.com.ar\/noticias-villa-maria\/wp-content\/uploads\/2022\/03\/Aula-vacia-oscura.jpg?resize=768%2C510&amp;ssl=1 768w, https:\/\/i0.wp.com\/elregionalvm.com.ar\/noticias-villa-maria\/wp-content\/uploads\/2022\/03\/Aula-vacia-oscura.jpg?w=1200&amp;ssl=1 1200w\" sizes=\"(max-width: 1000px) 100vw, 1000px\" \/><\/figure>\n\n\n\n<p><\/p>\n\n\n\n<p>As\u00ed, el abandono de enfoque pedag\u00f3gicos que promueven la resoluci\u00f3n de problemas, la experimentaci\u00f3n y la aplicaci\u00f3n de conceptos matem\u00e1ticos en situaciones aut\u00e9nticas, priva a los estudiantes de experiencias de aprendizaje valiosas que fomentan una comprensi\u00f3n profunda y duradera: lo que se aprende bien, no se olvida jam\u00e1s.<\/p>\n\n\n\n<p>Paralelamente, la perspectiva de Paulo Freire, con su pedagog\u00eda cr\u00edtica expuesta en su obra \u201cPedagog\u00eda del oprimido\u201d, es \u00fatil para encarar la cr\u00edtica a un sistema educativo que tiende a \u201cdepositar\u201d los conocimientos en los estudiantes sin fomentar su capacidad de reflexi\u00f3n y transformaci\u00f3n.<\/p>\n\n\n\n<p>Freire denomin\u00f3 a esto \u201cla concepci\u00f3n bancaria de la educaci\u00f3n\u201d, donde el estudiante es un simple receptor pasivo de contenidos in\u00fatiles de una estructura curricular desactualizada y p\u00e9simamente explicada.<\/p>\n\n\n\n<p>En el contexto de los resultados precitados de las Pruebas Aprender, si las pol\u00edticas educativas impulsan una ense\u00f1anza centrada en \u201cllenar\u201d a los estudiantes con contenidos para superar una evaluaci\u00f3n, sin una verdadera comprensi\u00f3n y la capacidad de aplicarlos, se cae en esta din\u00e1mica pat\u00e9tica de formar para aprobar y no para entender.<\/p>\n\n\n\n<p>En definitiva, Freire argumenta que una educaci\u00f3n liberadora, por el contrario,&nbsp;<em>\u201cimplica un acto de conocimiento, y no un acto de transferencia de la informaci\u00f3n\u201d.<\/em><\/p>\n\n\n\n<p>Desde el \u00e1mbito pedag\u00f3gico, la situaci\u00f3n tambi\u00e9n invita a cuestionar las metodolog\u00edas y la formaci\u00f3n misma que est\u00e1n recibiendo actualmente los docentes. Mar\u00eda Montessori propuso una educaci\u00f3n centrada en el ni\u00f1o, donde el ambiente preparado y la libertad del estudiante para explorar y descubrir son fundamentales.<\/p>\n\n\n\n<p>Si la ense\u00f1anza de la matem\u00e1tica se vuelve r\u00edgida, desinteresada y desvinculada con la curiosidad natural del alumno, se coarta su capacidad de aprendizaje aut\u00f3nomo y profundo. La falta de formaci\u00f3n docente actualizada y de estrategias did\u00e1cticas innovadoras, como se ha se\u00f1alado, contribuye a este estancamiento insoportable que ya es imposible de disimular.<\/p>\n\n\n\n<p>Complementariamente, podemos revisar la teor\u00eda sociocultural de Lev Vygotsky, quien subraya la importancia de la interacci\u00f3n social y el andamiaje en el proceso educativo. Los resultados bajos en matem\u00e1tica pueden indicar una falta de mediaci\u00f3n adecuada por parte de los docentes, as\u00ed como de oportunidades para que los estudiantes construyan colectivamente su conocimiento.<\/p>\n\n\n\n<p>Desde esta perspectiva, la \u201cZona de Desarrollo Pr\u00f3ximo\u201d (ZDP) de Vygotsky, que representa la brecha entre lo que un estudiante puede hacer s\u00f3lo y lo que puede lograr con ayuda, no se potencia cuando la ense\u00f1anza no se adapta a las necesidades individuales y contextuales, limitando as\u00ed todo tipo de posible progreso.<\/p>\n\n\n\n<p><strong>Las consecuencias <\/strong><strong><\/strong><\/p>\n\n\n\n<p>Habiendo analizado algunas posibles causas de la situaci\u00f3n que nos consterna, procedamos ahora a pensar en las consecuencias, tanto para los alumnos como para la sociedad. El abandono de la calidad educativa, manifestado en el bajo rendimiento, tiene consecuencias muy profundas que vale la pena considerar en detalle.<\/p>\n\n\n\n<p>En primer lugar, la limitaci\u00f3n del pensamiento cr\u00edtico, en tanto que la matem\u00e1tica es una herramienta fundamental para desarrollar el razonamiento l\u00f3gico, la resoluci\u00f3n de problemas y el pensamiento anal\u00edtico. Pues bien, la deficiencia en esta \u00e1rea restringe la capacidad de los j\u00f3venes para comprender y abordar la complejidad del mundo en el que viven.<\/p>\n\n\n\n<p>En segundo lugar, la fragmentaci\u00f3n del conocimiento resulta atroz, porque al no incorporar contenidos complejos y no comprenderlos a fondo, los estudiantes construyen un conocimiento parcial o fragmentado que dificulta la conexi\u00f3n entre diferentes disciplinas y la aplicaci\u00f3n de los saberes en diversos contextos.<\/p>\n\n\n\n<p><\/p>\n\n\n\n<figure class=\"wp-block-image size-large\"><img data-recalc-dims=\"1\" decoding=\"async\" width=\"1024\" height=\"560\" src=\"https:\/\/i0.wp.com\/elregionalvm.com.ar\/noticias-villa-maria\/wp-content\/uploads\/2021\/12\/Crisis-educacion-rompecabezas-escuela-1024x560.jpg?resize=1024%2C560&#038;ssl=1\" alt=\"\" class=\"wp-image-49365\" srcset=\"https:\/\/i0.wp.com\/elregionalvm.com.ar\/noticias-villa-maria\/wp-content\/uploads\/2021\/12\/Crisis-educacion-rompecabezas-escuela.jpg?resize=1024%2C560&amp;ssl=1 1024w, https:\/\/i0.wp.com\/elregionalvm.com.ar\/noticias-villa-maria\/wp-content\/uploads\/2021\/12\/Crisis-educacion-rompecabezas-escuela.jpg?resize=300%2C164&amp;ssl=1 300w, https:\/\/i0.wp.com\/elregionalvm.com.ar\/noticias-villa-maria\/wp-content\/uploads\/2021\/12\/Crisis-educacion-rompecabezas-escuela.jpg?resize=768%2C420&amp;ssl=1 768w, https:\/\/i0.wp.com\/elregionalvm.com.ar\/noticias-villa-maria\/wp-content\/uploads\/2021\/12\/Crisis-educacion-rompecabezas-escuela.jpg?w=1280&amp;ssl=1 1280w\" sizes=\"(max-width: 1000px) 100vw, 1000px\" \/><\/figure>\n\n\n\n<p><\/p>\n\n\n\n<p>En tercer lugar, se hace presente una trist\u00edsima desmotivaci\u00f3n y frustraci\u00f3n, porque un curr\u00edculo desvinculado de la realidad del estudiante y una pedagog\u00eda que no fomenta el inter\u00e9s terminan generando desgano, frustraci\u00f3n, desaz\u00f3n y, en \u00faltima instancia, el abandono escolar.<\/p>\n\n\n\n<p>En cuarto lugar, es necesario reconocer una evidente brecha de equidad. Aunque se se\u00f1ala que el problema excede las desigualdades socioecon\u00f3micas, \u00e9stas pueden acentuarse si la falta de calidad educativa afecta de manera desproporcionada a los sectores m\u00e1s vulnerables, perpetuando ciclos de desigualdad: con hambre, no se puede pensar con claridad, y en Argentina, todav\u00eda, hay mucha hambre.<\/p>\n\n\n\n<p>Por \u00faltimo, tenemos que ver el impacto en el desarrollo nacional, porque una poblaci\u00f3n con deficiencias en habilidades matem\u00e1ticas b\u00e1sicas tendr\u00e1 limitaciones para enfrentar los desaf\u00edos de una econom\u00eda globalizada y tecnol\u00f3gicamente avanzada, afectando la innovaci\u00f3n, la investigaci\u00f3n y el desarrollo del pa\u00eds.<\/p>\n\n\n\n<p>En conclusi\u00f3n, queridos lectores, es evidente que los resultados de las Pruebas Aprender en Matem\u00e1tica son un llamado de atenci\u00f3n urgente. Nos obligan a trascender el mero an\u00e1lisis estad\u00edstico para adentrarnos en una reflexi\u00f3n filos\u00f3fica, pol\u00edtica y pedag\u00f3gica sobre el prop\u00f3sito y la esencia de la educaci\u00f3n.<\/p>\n\n\n\n<p>El abandono de una ense\u00f1anza de calidad que priorice la comprensi\u00f3n profunda, el pensamiento cr\u00edtico y el desarrollo integral de los estudiantes, en favor de pol\u00edticas que apuntan a resultados superficiales, compromete el presente y el futuro de una generaci\u00f3n a la estamos estafando haci\u00e9ndoles creer que por haberlos aprobado han aprendido algo.<\/p>\n\n\n\n<p>Resulta imperativo repensar las prioridades educativas, invertir en la formaci\u00f3n docente y adoptar enfoques pedag\u00f3gicos que restituyan la riqueza y el significado al aprendizaje, reconociendo que la verdadera calidad educativa es la piedra angular para la construcci\u00f3n de individuos libres, capaces, aut\u00f3nomos, cr\u00edticos y capaces de transformar su realidad y no s\u00f3lo soportarla o sobrevivirla.<\/p>\n","protected":false},"excerpt":{"rendered":"<p>La reciente publicaci\u00f3n masiva de los resultados de las Pruebas Aprender 2024 en Argentina han encendido las alarmas sobre el estado de la educaci\u00f3n en general, pero en matem\u00e1tica en particular, en el nivel secundario. La situaci\u00f3n, caracterizada por un baj\u00edsimo rendimiento generalizado y la ausencia de niveles avanzados, invita a una profunda reflexi\u00f3n sobre [&hellip;]<\/p>\n","protected":false},"author":4,"featured_media":32326,"comment_status":"open","ping_status":"open","sticky":false,"template":"","format":"standard","meta":{"site-sidebar-layout":"default","site-content-layout":"","ast-site-content-layout":"default","site-content-style":"default","site-sidebar-style":"default","ast-global-header-display":"","ast-banner-title-visibility":"","ast-main-header-display":"","ast-hfb-above-header-display":"","ast-hfb-below-header-display":"","ast-hfb-mobile-header-display":"","site-post-title":"","ast-breadcrumbs-content":"","ast-featured-img":"","footer-sml-layout":"","ast-disable-related-posts":"","theme-transparent-header-meta":"","adv-header-id-meta":"","stick-header-meta":"","header-above-stick-meta":"","header-main-stick-meta":"","header-below-stick-meta":"","astra-migrate-meta-layouts":"set","ast-page-background-enabled":"default","ast-page-background-meta":{"desktop":{"background-color":"","background-image":"","background-repeat":"repeat","background-position":"center center","background-size":"auto","background-attachment":"scroll","background-type":"","background-media":"","overlay-type":"","overlay-color":"","overlay-opacity":"","overlay-gradient":""},"tablet":{"background-color":"","background-image":"","background-repeat":"repeat","background-position":"center center","background-size":"auto","background-attachment":"scroll","background-type":"","background-media":"","overlay-type":"","overlay-color":"","overlay-opacity":"","overlay-gradient":""},"mobile":{"background-color":"","background-image":"","background-repeat":"repeat","background-position":"center center","background-size":"auto","background-attachment":"scroll","background-type":"","background-media":"","overlay-type":"","overlay-color":"","overlay-opacity":"","overlay-gradient":""}},"ast-content-background-meta":{"desktop":{"background-color":"var(--ast-global-color-5)","background-image":"","background-repeat":"repeat","background-position":"center center","background-size":"auto","background-attachment":"scroll","background-type":"","background-media":"","overlay-type":"","overlay-color":"","overlay-opacity":"","overlay-gradient":""},"tablet":{"background-color":"var(--ast-global-color-5)","background-image":"","background-repeat":"repeat","background-position":"center center","background-size":"auto","background-attachment":"scroll","background-type":"","background-media":"","overlay-type":"","overlay-color":"","overlay-opacity":"","overlay-gradient":""},"mobile":{"background-color":"var(--ast-global-color-5)","background-image":"","background-repeat":"repeat","background-position":"center center","background-size":"auto","background-attachment":"scroll","background-type":"","background-media":"","overlay-type":"","overlay-color":"","overlay-opacity":"","overlay-gradient":""}},"_jetpack_memberships_contains_paid_content":false,"_joinchat":[],"footnotes":""},"categories":[365,3557],"tags":[2275,814,2157,2889,7433,519,16388,6741],"class_list":["post-107122","post","type-post","status-publish","format-standard","has-post-thumbnail","hentry","category-opinion","category-tercera","tag-calidad-educativa","tag-crisis","tag-educacion","tag-estudiantes-2","tag-filosofia","tag-politica","tag-pruebas-aprender","tag-tragedia-educativa"],"yoast_head":"<!-- This site is optimized with the Yoast SEO plugin v26.8 - https:\/\/yoast.com\/product\/yoast-seo-wordpress\/ -->\n<title>[Filosof\u00eda y Pol\u00edtica] \u00bfPor qu\u00e9 destrozaron la calidad educativa? - El Regional<\/title>\n<meta name=\"robots\" content=\"index, follow, max-snippet:-1, max-image-preview:large, max-video-preview:-1\" \/>\n<link rel=\"canonical\" href=\"https:\/\/elregionalvm.com.ar\/noticias-villa-maria\/filosofia-y-politica-por-que-destrozaron-la-calidad-educativa\/\" \/>\n<meta property=\"og:locale\" content=\"es_ES\" \/>\n<meta property=\"og:type\" content=\"article\" \/>\n<meta property=\"og:title\" content=\"[Filosof\u00eda y Pol\u00edtica] \u00bfPor qu\u00e9 destrozaron la calidad educativa? - El Regional\" \/>\n<meta property=\"og:description\" content=\"La reciente publicaci\u00f3n masiva de los resultados de las Pruebas Aprender 2024 en Argentina han encendido las alarmas sobre el estado de la educaci\u00f3n en general, pero en matem\u00e1tica en particular, en el nivel secundario. La situaci\u00f3n, caracterizada por un baj\u00edsimo rendimiento generalizado y la ausencia de niveles avanzados, invita a una profunda reflexi\u00f3n sobre [&hellip;]\" \/>\n<meta property=\"og:url\" content=\"https:\/\/elregionalvm.com.ar\/noticias-villa-maria\/filosofia-y-politica-por-que-destrozaron-la-calidad-educativa\/\" \/>\n<meta property=\"og:site_name\" content=\"El Regional\" \/>\n<meta property=\"article:publisher\" content=\"https:\/\/www.facebook.com\/elregionalvm\" \/>\n<meta property=\"article:published_time\" content=\"2025-06-12T14:11:10+00:00\" \/>\n<meta property=\"article:modified_time\" content=\"2025-06-17T14:17:45+00:00\" \/>\n<meta property=\"og:image\" content=\"https:\/\/elregionalvm.com.ar\/noticias-villa-maria\/wp-content\/uploads\/2021\/02\/chicos-en-aula-con-computadora-invertida-2-rotated-e1749737369334.jpg\" \/>\n\t<meta property=\"og:image:width\" content=\"1200\" \/>\n\t<meta property=\"og:image:height\" content=\"800\" \/>\n\t<meta property=\"og:image:type\" content=\"image\/jpeg\" \/>\n<meta name=\"author\" content=\"Contenidos El Regional\" \/>\n<meta name=\"twitter:card\" content=\"summary_large_image\" \/>\n<meta name=\"twitter:creator\" content=\"@elregionalvm1\" \/>\n<meta name=\"twitter:site\" content=\"@elregionalvm1\" \/>\n<meta name=\"twitter:label1\" content=\"Escrito por\" \/>\n\t<meta name=\"twitter:data1\" content=\"Contenidos El Regional\" \/>\n\t<meta name=\"twitter:label2\" content=\"Tiempo de lectura\" \/>\n\t<meta name=\"twitter:data2\" content=\"9 minutos\" \/>\n<script type=\"application\/ld+json\" class=\"yoast-schema-graph\">{\"@context\":\"https:\/\/schema.org\",\"@graph\":[{\"@type\":\"Article\",\"@id\":\"https:\/\/elregionalvm.com.ar\/noticias-villa-maria\/filosofia-y-politica-por-que-destrozaron-la-calidad-educativa\/#article\",\"isPartOf\":{\"@id\":\"https:\/\/elregionalvm.com.ar\/noticias-villa-maria\/filosofia-y-politica-por-que-destrozaron-la-calidad-educativa\/\"},\"author\":{\"name\":\"Contenidos El Regional\",\"@id\":\"http:\/\/elregionalvm.com.ar\/noticias-villa-maria\/#\/schema\/person\/a0fb9c422317faca23d50163151bc354\"},\"headline\":\"[Filosof\u00eda y Pol\u00edtica] \u00bfPor qu\u00e9 destrozaron la calidad educativa?\",\"datePublished\":\"2025-06-12T14:11:10+00:00\",\"dateModified\":\"2025-06-17T14:17:45+00:00\",\"mainEntityOfPage\":{\"@id\":\"https:\/\/elregionalvm.com.ar\/noticias-villa-maria\/filosofia-y-politica-por-que-destrozaron-la-calidad-educativa\/\"},\"wordCount\":1815,\"commentCount\":0,\"image\":{\"@id\":\"https:\/\/elregionalvm.com.ar\/noticias-villa-maria\/filosofia-y-politica-por-que-destrozaron-la-calidad-educativa\/#primaryimage\"},\"thumbnailUrl\":\"https:\/\/i0.wp.com\/elregionalvm.com.ar\/noticias-villa-maria\/wp-content\/uploads\/2021\/02\/chicos-en-aula-con-computadora-invertida-2-rotated-e1749737369334.jpg?fit=1200%2C800&ssl=1\",\"keywords\":[\"calidad educativa\",\"crisis\",\"Educaci\u00f3n\",\"estudiantes\",\"Filosof\u00eda\",\"Pol\u00edtica\",\"Pruebas Aprender\",\"Tragedia educativa\"],\"articleSection\":[\"Opini\u00f3n\",\"tercera\"],\"inLanguage\":\"es\",\"potentialAction\":[{\"@type\":\"CommentAction\",\"name\":\"Comment\",\"target\":[\"https:\/\/elregionalvm.com.ar\/noticias-villa-maria\/filosofia-y-politica-por-que-destrozaron-la-calidad-educativa\/#respond\"]}]},{\"@type\":\"WebPage\",\"@id\":\"https:\/\/elregionalvm.com.ar\/noticias-villa-maria\/filosofia-y-politica-por-que-destrozaron-la-calidad-educativa\/\",\"url\":\"https:\/\/elregionalvm.com.ar\/noticias-villa-maria\/filosofia-y-politica-por-que-destrozaron-la-calidad-educativa\/\",\"name\":\"[Filosof\u00eda y Pol\u00edtica] \u00bfPor qu\u00e9 destrozaron la calidad educativa? - El Regional\",\"isPartOf\":{\"@id\":\"http:\/\/elregionalvm.com.ar\/noticias-villa-maria\/#website\"},\"primaryImageOfPage\":{\"@id\":\"https:\/\/elregionalvm.com.ar\/noticias-villa-maria\/filosofia-y-politica-por-que-destrozaron-la-calidad-educativa\/#primaryimage\"},\"image\":{\"@id\":\"https:\/\/elregionalvm.com.ar\/noticias-villa-maria\/filosofia-y-politica-por-que-destrozaron-la-calidad-educativa\/#primaryimage\"},\"thumbnailUrl\":\"https:\/\/i0.wp.com\/elregionalvm.com.ar\/noticias-villa-maria\/wp-content\/uploads\/2021\/02\/chicos-en-aula-con-computadora-invertida-2-rotated-e1749737369334.jpg?fit=1200%2C800&ssl=1\",\"datePublished\":\"2025-06-12T14:11:10+00:00\",\"dateModified\":\"2025-06-17T14:17:45+00:00\",\"author\":{\"@id\":\"http:\/\/elregionalvm.com.ar\/noticias-villa-maria\/#\/schema\/person\/a0fb9c422317faca23d50163151bc354\"},\"breadcrumb\":{\"@id\":\"https:\/\/elregionalvm.com.ar\/noticias-villa-maria\/filosofia-y-politica-por-que-destrozaron-la-calidad-educativa\/#breadcrumb\"},\"inLanguage\":\"es\",\"potentialAction\":[{\"@type\":\"ReadAction\",\"target\":[\"https:\/\/elregionalvm.com.ar\/noticias-villa-maria\/filosofia-y-politica-por-que-destrozaron-la-calidad-educativa\/\"]}]},{\"@type\":\"ImageObject\",\"inLanguage\":\"es\",\"@id\":\"https:\/\/elregionalvm.com.ar\/noticias-villa-maria\/filosofia-y-politica-por-que-destrozaron-la-calidad-educativa\/#primaryimage\",\"url\":\"https:\/\/i0.wp.com\/elregionalvm.com.ar\/noticias-villa-maria\/wp-content\/uploads\/2021\/02\/chicos-en-aula-con-computadora-invertida-2-rotated-e1749737369334.jpg?fit=1200%2C800&ssl=1\",\"contentUrl\":\"https:\/\/i0.wp.com\/elregionalvm.com.ar\/noticias-villa-maria\/wp-content\/uploads\/2021\/02\/chicos-en-aula-con-computadora-invertida-2-rotated-e1749737369334.jpg?fit=1200%2C800&ssl=1\",\"width\":1200,\"height\":800},{\"@type\":\"BreadcrumbList\",\"@id\":\"https:\/\/elregionalvm.com.ar\/noticias-villa-maria\/filosofia-y-politica-por-que-destrozaron-la-calidad-educativa\/#breadcrumb\",\"itemListElement\":[{\"@type\":\"ListItem\",\"position\":1,\"name\":\"Portada\",\"item\":\"https:\/\/elregionalvm.com.ar\/noticias-villa-maria\/\"},{\"@type\":\"ListItem\",\"position\":2,\"name\":\"[Filosof\u00eda y Pol\u00edtica] \u00bfPor qu\u00e9 destrozaron la calidad educativa?\"}]},{\"@type\":\"WebSite\",\"@id\":\"http:\/\/elregionalvm.com.ar\/noticias-villa-maria\/#website\",\"url\":\"http:\/\/elregionalvm.com.ar\/noticias-villa-maria\/\",\"name\":\"El Regional\",\"description\":\"Mucho m\u00e1s que informaci\u00f3n\",\"potentialAction\":[{\"@type\":\"SearchAction\",\"target\":{\"@type\":\"EntryPoint\",\"urlTemplate\":\"http:\/\/elregionalvm.com.ar\/noticias-villa-maria\/?s={search_term_string}\"},\"query-input\":{\"@type\":\"PropertyValueSpecification\",\"valueRequired\":true,\"valueName\":\"search_term_string\"}}],\"inLanguage\":\"es\"},{\"@type\":\"Person\",\"@id\":\"http:\/\/elregionalvm.com.ar\/noticias-villa-maria\/#\/schema\/person\/a0fb9c422317faca23d50163151bc354\",\"name\":\"Contenidos El Regional\",\"image\":{\"@type\":\"ImageObject\",\"inLanguage\":\"es\",\"@id\":\"http:\/\/elregionalvm.com.ar\/noticias-villa-maria\/#\/schema\/person\/image\/\",\"url\":\"https:\/\/secure.gravatar.com\/avatar\/265b27cb2209af7bb3a1318f03305787d7981a5cc6e6cd08fe5a4ecdf99d4b48?s=96&d=mm&r=g\",\"contentUrl\":\"https:\/\/secure.gravatar.com\/avatar\/265b27cb2209af7bb3a1318f03305787d7981a5cc6e6cd08fe5a4ecdf99d4b48?s=96&d=mm&r=g\",\"caption\":\"Contenidos El Regional\"},\"url\":\"https:\/\/elregionalvm.com.ar\/noticias-villa-maria\/author\/contenido\/\"}]}<\/script>\n<!-- \/ Yoast SEO plugin. -->","yoast_head_json":{"title":"[Filosof\u00eda y Pol\u00edtica] \u00bfPor qu\u00e9 destrozaron la calidad educativa? - El Regional","robots":{"index":"index","follow":"follow","max-snippet":"max-snippet:-1","max-image-preview":"max-image-preview:large","max-video-preview":"max-video-preview:-1"},"canonical":"https:\/\/elregionalvm.com.ar\/noticias-villa-maria\/filosofia-y-politica-por-que-destrozaron-la-calidad-educativa\/","og_locale":"es_ES","og_type":"article","og_title":"[Filosof\u00eda y Pol\u00edtica] \u00bfPor qu\u00e9 destrozaron la calidad educativa? - El Regional","og_description":"La reciente publicaci\u00f3n masiva de los resultados de las Pruebas Aprender 2024 en Argentina han encendido las alarmas sobre el estado de la educaci\u00f3n en general, pero en matem\u00e1tica en particular, en el nivel secundario. La situaci\u00f3n, caracterizada por un baj\u00edsimo rendimiento generalizado y la ausencia de niveles avanzados, invita a una profunda reflexi\u00f3n sobre [&hellip;]","og_url":"https:\/\/elregionalvm.com.ar\/noticias-villa-maria\/filosofia-y-politica-por-que-destrozaron-la-calidad-educativa\/","og_site_name":"El Regional","article_publisher":"https:\/\/www.facebook.com\/elregionalvm","article_published_time":"2025-06-12T14:11:10+00:00","article_modified_time":"2025-06-17T14:17:45+00:00","og_image":[{"width":1200,"height":800,"url":"https:\/\/elregionalvm.com.ar\/noticias-villa-maria\/wp-content\/uploads\/2021\/02\/chicos-en-aula-con-computadora-invertida-2-rotated-e1749737369334.jpg","type":"image\/jpeg"}],"author":"Contenidos El Regional","twitter_card":"summary_large_image","twitter_creator":"@elregionalvm1","twitter_site":"@elregionalvm1","twitter_misc":{"Escrito por":"Contenidos El Regional","Tiempo de lectura":"9 minutos"},"schema":{"@context":"https:\/\/schema.org","@graph":[{"@type":"Article","@id":"https:\/\/elregionalvm.com.ar\/noticias-villa-maria\/filosofia-y-politica-por-que-destrozaron-la-calidad-educativa\/#article","isPartOf":{"@id":"https:\/\/elregionalvm.com.ar\/noticias-villa-maria\/filosofia-y-politica-por-que-destrozaron-la-calidad-educativa\/"},"author":{"name":"Contenidos El Regional","@id":"http:\/\/elregionalvm.com.ar\/noticias-villa-maria\/#\/schema\/person\/a0fb9c422317faca23d50163151bc354"},"headline":"[Filosof\u00eda y Pol\u00edtica] \u00bfPor qu\u00e9 destrozaron la calidad educativa?","datePublished":"2025-06-12T14:11:10+00:00","dateModified":"2025-06-17T14:17:45+00:00","mainEntityOfPage":{"@id":"https:\/\/elregionalvm.com.ar\/noticias-villa-maria\/filosofia-y-politica-por-que-destrozaron-la-calidad-educativa\/"},"wordCount":1815,"commentCount":0,"image":{"@id":"https:\/\/elregionalvm.com.ar\/noticias-villa-maria\/filosofia-y-politica-por-que-destrozaron-la-calidad-educativa\/#primaryimage"},"thumbnailUrl":"https:\/\/i0.wp.com\/elregionalvm.com.ar\/noticias-villa-maria\/wp-content\/uploads\/2021\/02\/chicos-en-aula-con-computadora-invertida-2-rotated-e1749737369334.jpg?fit=1200%2C800&ssl=1","keywords":["calidad educativa","crisis","Educaci\u00f3n","estudiantes","Filosof\u00eda","Pol\u00edtica","Pruebas Aprender","Tragedia educativa"],"articleSection":["Opini\u00f3n","tercera"],"inLanguage":"es","potentialAction":[{"@type":"CommentAction","name":"Comment","target":["https:\/\/elregionalvm.com.ar\/noticias-villa-maria\/filosofia-y-politica-por-que-destrozaron-la-calidad-educativa\/#respond"]}]},{"@type":"WebPage","@id":"https:\/\/elregionalvm.com.ar\/noticias-villa-maria\/filosofia-y-politica-por-que-destrozaron-la-calidad-educativa\/","url":"https:\/\/elregionalvm.com.ar\/noticias-villa-maria\/filosofia-y-politica-por-que-destrozaron-la-calidad-educativa\/","name":"[Filosof\u00eda y Pol\u00edtica] \u00bfPor qu\u00e9 destrozaron la calidad educativa? - El Regional","isPartOf":{"@id":"http:\/\/elregionalvm.com.ar\/noticias-villa-maria\/#website"},"primaryImageOfPage":{"@id":"https:\/\/elregionalvm.com.ar\/noticias-villa-maria\/filosofia-y-politica-por-que-destrozaron-la-calidad-educativa\/#primaryimage"},"image":{"@id":"https:\/\/elregionalvm.com.ar\/noticias-villa-maria\/filosofia-y-politica-por-que-destrozaron-la-calidad-educativa\/#primaryimage"},"thumbnailUrl":"https:\/\/i0.wp.com\/elregionalvm.com.ar\/noticias-villa-maria\/wp-content\/uploads\/2021\/02\/chicos-en-aula-con-computadora-invertida-2-rotated-e1749737369334.jpg?fit=1200%2C800&ssl=1","datePublished":"2025-06-12T14:11:10+00:00","dateModified":"2025-06-17T14:17:45+00:00","author":{"@id":"http:\/\/elregionalvm.com.ar\/noticias-villa-maria\/#\/schema\/person\/a0fb9c422317faca23d50163151bc354"},"breadcrumb":{"@id":"https:\/\/elregionalvm.com.ar\/noticias-villa-maria\/filosofia-y-politica-por-que-destrozaron-la-calidad-educativa\/#breadcrumb"},"inLanguage":"es","potentialAction":[{"@type":"ReadAction","target":["https:\/\/elregionalvm.com.ar\/noticias-villa-maria\/filosofia-y-politica-por-que-destrozaron-la-calidad-educativa\/"]}]},{"@type":"ImageObject","inLanguage":"es","@id":"https:\/\/elregionalvm.com.ar\/noticias-villa-maria\/filosofia-y-politica-por-que-destrozaron-la-calidad-educativa\/#primaryimage","url":"https:\/\/i0.wp.com\/elregionalvm.com.ar\/noticias-villa-maria\/wp-content\/uploads\/2021\/02\/chicos-en-aula-con-computadora-invertida-2-rotated-e1749737369334.jpg?fit=1200%2C800&ssl=1","contentUrl":"https:\/\/i0.wp.com\/elregionalvm.com.ar\/noticias-villa-maria\/wp-content\/uploads\/2021\/02\/chicos-en-aula-con-computadora-invertida-2-rotated-e1749737369334.jpg?fit=1200%2C800&ssl=1","width":1200,"height":800},{"@type":"BreadcrumbList","@id":"https:\/\/elregionalvm.com.ar\/noticias-villa-maria\/filosofia-y-politica-por-que-destrozaron-la-calidad-educativa\/#breadcrumb","itemListElement":[{"@type":"ListItem","position":1,"name":"Portada","item":"https:\/\/elregionalvm.com.ar\/noticias-villa-maria\/"},{"@type":"ListItem","position":2,"name":"[Filosof\u00eda y Pol\u00edtica] \u00bfPor qu\u00e9 destrozaron la calidad educativa?"}]},{"@type":"WebSite","@id":"http:\/\/elregionalvm.com.ar\/noticias-villa-maria\/#website","url":"http:\/\/elregionalvm.com.ar\/noticias-villa-maria\/","name":"El Regional","description":"Mucho m\u00e1s que informaci\u00f3n","potentialAction":[{"@type":"SearchAction","target":{"@type":"EntryPoint","urlTemplate":"http:\/\/elregionalvm.com.ar\/noticias-villa-maria\/?s={search_term_string}"},"query-input":{"@type":"PropertyValueSpecification","valueRequired":true,"valueName":"search_term_string"}}],"inLanguage":"es"},{"@type":"Person","@id":"http:\/\/elregionalvm.com.ar\/noticias-villa-maria\/#\/schema\/person\/a0fb9c422317faca23d50163151bc354","name":"Contenidos El Regional","image":{"@type":"ImageObject","inLanguage":"es","@id":"http:\/\/elregionalvm.com.ar\/noticias-villa-maria\/#\/schema\/person\/image\/","url":"https:\/\/secure.gravatar.com\/avatar\/265b27cb2209af7bb3a1318f03305787d7981a5cc6e6cd08fe5a4ecdf99d4b48?s=96&d=mm&r=g","contentUrl":"https:\/\/secure.gravatar.com\/avatar\/265b27cb2209af7bb3a1318f03305787d7981a5cc6e6cd08fe5a4ecdf99d4b48?s=96&d=mm&r=g","caption":"Contenidos El Regional"},"url":"https:\/\/elregionalvm.com.ar\/noticias-villa-maria\/author\/contenido\/"}]}},"jetpack_featured_media_url":"https:\/\/i0.wp.com\/elregionalvm.com.ar\/noticias-villa-maria\/wp-content\/uploads\/2021\/02\/chicos-en-aula-con-computadora-invertida-2-rotated-e1749737369334.jpg?fit=1200%2C800&ssl=1","jetpack_sharing_enabled":true,"_links":{"self":[{"href":"https:\/\/elregionalvm.com.ar\/noticias-villa-maria\/wp-json\/wp\/v2\/posts\/107122","targetHints":{"allow":["GET"]}}],"collection":[{"href":"https:\/\/elregionalvm.com.ar\/noticias-villa-maria\/wp-json\/wp\/v2\/posts"}],"about":[{"href":"https:\/\/elregionalvm.com.ar\/noticias-villa-maria\/wp-json\/wp\/v2\/types\/post"}],"author":[{"embeddable":true,"href":"https:\/\/elregionalvm.com.ar\/noticias-villa-maria\/wp-json\/wp\/v2\/users\/4"}],"replies":[{"embeddable":true,"href":"https:\/\/elregionalvm.com.ar\/noticias-villa-maria\/wp-json\/wp\/v2\/comments?post=107122"}],"version-history":[{"count":3,"href":"https:\/\/elregionalvm.com.ar\/noticias-villa-maria\/wp-json\/wp\/v2\/posts\/107122\/revisions"}],"predecessor-version":[{"id":107128,"href":"https:\/\/elregionalvm.com.ar\/noticias-villa-maria\/wp-json\/wp\/v2\/posts\/107122\/revisions\/107128"}],"wp:featuredmedia":[{"embeddable":true,"href":"https:\/\/elregionalvm.com.ar\/noticias-villa-maria\/wp-json\/wp\/v2\/media\/32326"}],"wp:attachment":[{"href":"https:\/\/elregionalvm.com.ar\/noticias-villa-maria\/wp-json\/wp\/v2\/media?parent=107122"}],"wp:term":[{"taxonomy":"category","embeddable":true,"href":"https:\/\/elregionalvm.com.ar\/noticias-villa-maria\/wp-json\/wp\/v2\/categories?post=107122"},{"taxonomy":"post_tag","embeddable":true,"href":"https:\/\/elregionalvm.com.ar\/noticias-villa-maria\/wp-json\/wp\/v2\/tags?post=107122"}],"curies":[{"name":"wp","href":"https:\/\/api.w.org\/{rel}","templated":true}]}}