{"id":107163,"date":"2025-06-12T23:28:11","date_gmt":"2025-06-12T23:28:11","guid":{"rendered":"https:\/\/elregionalvm.com.ar\/noticias-villa-maria\/?p=107163"},"modified":"2025-06-12T23:28:14","modified_gmt":"2025-06-12T23:28:14","slug":"mas-de-70-vecinos-se-reunieron-esta-semana-a-traves-del-programa-vm-piensa-y-propone-para-la-planificacion-de-obras-barriales","status":"publish","type":"post","link":"https:\/\/elregionalvm.com.ar\/noticias-villa-maria\/mas-de-70-vecinos-se-reunieron-esta-semana-a-traves-del-programa-vm-piensa-y-propone-para-la-planificacion-de-obras-barriales\/","title":{"rendered":"M\u00e1s de 70 vecinos se reunieron esta semana a trav\u00e9s del programa \u00abVM Piensa y Propone\u00bb para la planificaci\u00f3n de obras barriales"},"content":{"rendered":"\n<p>A trav\u00e9s de la secretar\u00eda de Gobierno, Cultura y Relaciones Institucionales, informa que en las \u00faltimas horas se realizaron dos talleres en el marco del programa \u00abVM Piensa y Propone\u201d, donde vecinos planificaron la realizaci\u00f3n de obras y actividades, como parte de la participaci\u00f3n activa en la toma de decisiones de las pol\u00edticas p\u00fablicas.<\/p>\n\n\n\n<p>Ambos encuentros estuvieron encabezados por el secretario de la mencionada cartera, Marcos Bovo, y su par de Desarrollo Humano y Territorio, Agust\u00edn Turletti Mino.&nbsp;<\/p>\n\n\n\n<p>En detalle, el d\u00eda martes se realiz\u00f3 un taller en la Iglesia Esperanza de barrio Carlos Pellegrini, ubicada en Intendente Maciel 1055, perteneciente a la categor\u00eda En el Barrio y cont\u00f3 con la participaci\u00f3n de m\u00e1s de 40 vecinos y referentes de instituciones de los barrios Carlos Pellegrini y Felipe Botta, quienes se reunieron por segunda vez con el objetivo de avanzar sobre lo planificado anteriormente.<\/p>\n\n\n\n<p>Cabe mencionar que la citada categor\u00eda, busca mejorar sectores puntuales a trav\u00e9s de obras de infraestructura o la realizaci\u00f3n de eventos sociales de inter\u00e9s comunitario.<\/p>\n\n\n\n<p>Por otra parte, en horas de la ma\u00f1ana de este mi\u00e9rcoles y en el marco de la categor\u00eda Adultos, m\u00e1s de 30 vecinos y referentes institucionales participaron de la iniciativa en el Centro Cultural Comunitario Leonardo Favio. All\u00ed, personas mayores de 60 a\u00f1os, presentaron propuestas varias, entre las que destacan actividades de centros de jubilados y pensionados de distintos sectores de la ciudad. &nbsp;<\/p>\n\n\n\n<p>Al respecto, el secretario de Gobierno, Cultura y Relaciones Institucionales, Marcos Bovo, dijo:&nbsp;<em>\u00abA medida que el programa avanza en distintos sectores de la ciudad vemos como muchos vecinos y vecinas, que se enteraron de la iniciativa, se suman espont\u00e1neamente y eso es lo que anhelamos, que los villamarienses sean protagonistas de las mejoras que hacen falta para la cuadra o &nbsp;los generadores de nuevas eventos culturales o sociales. Nadie mejor que el vecino sabe lo que su barrio necesita y estamos trabajando, charla de por medio, en ese sentido\u00bb.<\/em><\/p>\n\n\n\n<p><strong>Continuidad<\/strong><\/p>\n\n\n\n<p>Ma\u00f1ana jueves el programa tendr\u00e1 continuidad en la escuela Domingo Faustino Sarmiento de Barrio La Calera, donde vecinos y referentes institucionales de dicho sector y de Las Acacias llevar\u00e1n adelante el segundo encuentro de trabajo.<\/p>\n\n\n\n<p><strong>Sobre el programa<\/strong><\/p>\n\n\n\n<p>El \u00abVM Piensa y Propone\u00bb plantea tres categor\u00edas de intervenci\u00f3n: J\u00f3venes (entre 16 y 24 a\u00f1os), Adultos (para mayores de 60 a\u00f1os) y En el Barrio (destinado a residentes de Los Olmos, San Juan Bautista, Las Playas, Nicol\u00e1s Avellaneda, San Nicol\u00e1s, San Mart\u00edn, Felipe Botta, Carlos Pellegrini, Las Acacias y La Calera).<\/p>\n\n\n\n<p>Cabe se\u00f1alar que esta semana culminan los talleres y hasta el d\u00eda 5 de julio se receptan propuestas a trav\u00e9s de&nbsp;<strong>ViDi<\/strong>&nbsp;(Villa Mar\u00eda Digital disponible en&nbsp;<a href=\"https:\/\/www.villamaria.gob.ar\/novedades\/2025\/6\/12\/villamaria.gob.ar\">villamaria.gob.ar<\/a>).<\/p>\n\n\n\n<p>Luego se realizar\u00e1 la instancia de evaluaci\u00f3n de las propuestas presentadas y, en el mes de Agosto, se proceder\u00e1 a la difusi\u00f3n de las mismas. Finalmente se realizar\u00e1 la votaci\u00f3n final de cada iniciativa en el mes de septiembre.<\/p>\n","protected":false},"excerpt":{"rendered":"<p>A trav\u00e9s de la secretar\u00eda de Gobierno, Cultura y Relaciones Institucionales, informa que en las \u00faltimas horas se realizaron dos talleres en el marco del programa \u00abVM Piensa y Propone\u201d, donde vecinos planificaron la realizaci\u00f3n de obras y actividades, como parte de la participaci\u00f3n activa en la toma de decisiones de las pol\u00edticas p\u00fablicas. Ambos [&hellip;]<\/p>\n","protected":false},"author":4,"featured_media":107164,"comment_status":"open","ping_status":"open","sticky":false,"template":"","format":"standard","meta":{"site-sidebar-layout":"default","site-content-layout":"","ast-site-content-layout":"default","site-content-style":"default","site-sidebar-style":"default","ast-global-header-display":"","ast-banner-title-visibility":"","ast-main-header-display":"","ast-hfb-above-header-display":"","ast-hfb-below-header-display":"","ast-hfb-mobile-header-display":"","site-post-title":"","ast-breadcrumbs-content":"","ast-featured-img":"","footer-sml-layout":"","ast-disable-related-posts":"","theme-transparent-header-meta":"","adv-header-id-meta":"","stick-header-meta":"","header-above-stick-meta":"","header-main-stick-meta":"","header-below-stick-meta":"","astra-migrate-meta-layouts":"set","ast-page-background-enabled":"default","ast-page-background-meta":{"desktop":{"background-color":"","background-image":"","background-repeat":"repeat","background-position":"center center","background-size":"auto","background-attachment":"scroll","background-type":"","background-media":"","overlay-type":"","overlay-color":"","overlay-opacity":"","overlay-gradient":""},"tablet":{"background-color":"","background-image":"","background-repeat":"repeat","background-position":"center center","background-size":"auto","background-attachment":"scroll","background-type":"","background-media":"","overlay-type":"","overlay-color":"","overlay-opacity":"","overlay-gradient":""},"mobile":{"background-color":"","background-image":"","background-repeat":"repeat","background-position":"center center","background-size":"auto","background-attachment":"scroll","background-type":"","background-media":"","overlay-type":"","overlay-color":"","overlay-opacity":"","overlay-gradient":""}},"ast-content-background-meta":{"desktop":{"background-color":"var(--ast-global-color-5)","background-image":"","background-repeat":"repeat","background-position":"center center","background-size":"auto","background-attachment":"scroll","background-type":"","background-media":"","overlay-type":"","overlay-color":"","overlay-opacity":"","overlay-gradient":""},"tablet":{"background-color":"var(--ast-global-color-5)","background-image":"","background-repeat":"repeat","background-position":"center center","background-size":"auto","background-attachment":"scroll","background-type":"","background-media":"","overlay-type":"","overlay-color":"","overlay-opacity":"","overlay-gradient":""},"mobile":{"background-color":"var(--ast-global-color-5)","background-image":"","background-repeat":"repeat","background-position":"center center","background-size":"auto","background-attachment":"scroll","background-type":"","background-media":"","overlay-type":"","overlay-color":"","overlay-opacity":"","overlay-gradient":""}},"_jetpack_memberships_contains_paid_content":false,"_joinchat":[],"footnotes":""},"categories":[15302,5,2],"tags":[],"class_list":["post-107163","post","type-post","status-publish","format-standard","has-post-thumbnail","hentry","category-destacado","category-sociedad","category-villa-maria"],"yoast_head":"<!-- This site is optimized with the Yoast SEO plugin v26.8 - https:\/\/yoast.com\/product\/yoast-seo-wordpress\/ -->\n<title>M\u00e1s de 70 vecinos se reunieron esta semana a trav\u00e9s del programa &quot;VM Piensa y Propone&quot; para la planificaci\u00f3n de obras barriales - El Regional<\/title>\n<meta name=\"robots\" content=\"index, follow, max-snippet:-1, max-image-preview:large, max-video-preview:-1\" \/>\n<link rel=\"canonical\" href=\"https:\/\/elregionalvm.com.ar\/noticias-villa-maria\/mas-de-70-vecinos-se-reunieron-esta-semana-a-traves-del-programa-vm-piensa-y-propone-para-la-planificacion-de-obras-barriales\/\" \/>\n<meta property=\"og:locale\" content=\"es_ES\" \/>\n<meta property=\"og:type\" content=\"article\" \/>\n<meta property=\"og:title\" content=\"M\u00e1s de 70 vecinos se reunieron esta semana a trav\u00e9s del programa &quot;VM Piensa y Propone&quot; para la planificaci\u00f3n de obras barriales - El Regional\" \/>\n<meta property=\"og:description\" content=\"A trav\u00e9s de la secretar\u00eda de Gobierno, Cultura y Relaciones Institucionales, informa que en las \u00faltimas horas se realizaron dos talleres en el marco del programa \u00abVM Piensa y Propone\u201d, donde vecinos planificaron la realizaci\u00f3n de obras y actividades, como parte de la participaci\u00f3n activa en la toma de decisiones de las pol\u00edticas p\u00fablicas. Ambos [&hellip;]\" \/>\n<meta property=\"og:url\" content=\"https:\/\/elregionalvm.com.ar\/noticias-villa-maria\/mas-de-70-vecinos-se-reunieron-esta-semana-a-traves-del-programa-vm-piensa-y-propone-para-la-planificacion-de-obras-barriales\/\" \/>\n<meta property=\"og:site_name\" content=\"El Regional\" \/>\n<meta property=\"article:publisher\" content=\"https:\/\/www.facebook.com\/elregionalvm\" \/>\n<meta property=\"article:published_time\" content=\"2025-06-12T23:28:11+00:00\" \/>\n<meta property=\"article:modified_time\" content=\"2025-06-12T23:28:14+00:00\" \/>\n<meta property=\"og:image\" content=\"https:\/\/elregionalvm.com.ar\/noticias-villa-maria\/wp-content\/uploads\/2025\/06\/d89729920cf24129a04bf4e7f2154af7.jpeg\" \/>\n\t<meta property=\"og:image:width\" content=\"800\" \/>\n\t<meta property=\"og:image:height\" content=\"600\" \/>\n\t<meta property=\"og:image:type\" content=\"image\/jpeg\" \/>\n<meta name=\"author\" content=\"Contenidos El Regional\" \/>\n<meta name=\"twitter:card\" content=\"summary_large_image\" \/>\n<meta name=\"twitter:creator\" content=\"@elregionalvm1\" \/>\n<meta name=\"twitter:site\" content=\"@elregionalvm1\" \/>\n<meta name=\"twitter:label1\" content=\"Escrito por\" \/>\n\t<meta name=\"twitter:data1\" content=\"Contenidos El Regional\" \/>\n\t<meta name=\"twitter:label2\" content=\"Tiempo de lectura\" \/>\n\t<meta name=\"twitter:data2\" content=\"3 minutos\" \/>\n<script type=\"application\/ld+json\" class=\"yoast-schema-graph\">{\"@context\":\"https:\/\/schema.org\",\"@graph\":[{\"@type\":\"Article\",\"@id\":\"https:\/\/elregionalvm.com.ar\/noticias-villa-maria\/mas-de-70-vecinos-se-reunieron-esta-semana-a-traves-del-programa-vm-piensa-y-propone-para-la-planificacion-de-obras-barriales\/#article\",\"isPartOf\":{\"@id\":\"https:\/\/elregionalvm.com.ar\/noticias-villa-maria\/mas-de-70-vecinos-se-reunieron-esta-semana-a-traves-del-programa-vm-piensa-y-propone-para-la-planificacion-de-obras-barriales\/\"},\"author\":{\"name\":\"Contenidos El Regional\",\"@id\":\"http:\/\/elregionalvm.com.ar\/noticias-villa-maria\/#\/schema\/person\/a0fb9c422317faca23d50163151bc354\"},\"headline\":\"M\u00e1s de 70 vecinos se reunieron esta semana a trav\u00e9s del programa \u00abVM Piensa y Propone\u00bb para la planificaci\u00f3n de obras barriales\",\"datePublished\":\"2025-06-12T23:28:11+00:00\",\"dateModified\":\"2025-06-12T23:28:14+00:00\",\"mainEntityOfPage\":{\"@id\":\"https:\/\/elregionalvm.com.ar\/noticias-villa-maria\/mas-de-70-vecinos-se-reunieron-esta-semana-a-traves-del-programa-vm-piensa-y-propone-para-la-planificacion-de-obras-barriales\/\"},\"wordCount\":543,\"commentCount\":0,\"image\":{\"@id\":\"https:\/\/elregionalvm.com.ar\/noticias-villa-maria\/mas-de-70-vecinos-se-reunieron-esta-semana-a-traves-del-programa-vm-piensa-y-propone-para-la-planificacion-de-obras-barriales\/#primaryimage\"},\"thumbnailUrl\":\"https:\/\/i0.wp.com\/elregionalvm.com.ar\/noticias-villa-maria\/wp-content\/uploads\/2025\/06\/d89729920cf24129a04bf4e7f2154af7.jpeg?fit=800%2C600&ssl=1\",\"articleSection\":[\"destacado\",\"Sociedad\",\"Villa Mar\u00eda\"],\"inLanguage\":\"es\",\"potentialAction\":[{\"@type\":\"CommentAction\",\"name\":\"Comment\",\"target\":[\"https:\/\/elregionalvm.com.ar\/noticias-villa-maria\/mas-de-70-vecinos-se-reunieron-esta-semana-a-traves-del-programa-vm-piensa-y-propone-para-la-planificacion-de-obras-barriales\/#respond\"]}]},{\"@type\":\"WebPage\",\"@id\":\"https:\/\/elregionalvm.com.ar\/noticias-villa-maria\/mas-de-70-vecinos-se-reunieron-esta-semana-a-traves-del-programa-vm-piensa-y-propone-para-la-planificacion-de-obras-barriales\/\",\"url\":\"https:\/\/elregionalvm.com.ar\/noticias-villa-maria\/mas-de-70-vecinos-se-reunieron-esta-semana-a-traves-del-programa-vm-piensa-y-propone-para-la-planificacion-de-obras-barriales\/\",\"name\":\"M\u00e1s de 70 vecinos se reunieron esta semana a trav\u00e9s del programa \\\"VM Piensa y Propone\\\" para la planificaci\u00f3n de obras barriales - El Regional\",\"isPartOf\":{\"@id\":\"http:\/\/elregionalvm.com.ar\/noticias-villa-maria\/#website\"},\"primaryImageOfPage\":{\"@id\":\"https:\/\/elregionalvm.com.ar\/noticias-villa-maria\/mas-de-70-vecinos-se-reunieron-esta-semana-a-traves-del-programa-vm-piensa-y-propone-para-la-planificacion-de-obras-barriales\/#primaryimage\"},\"image\":{\"@id\":\"https:\/\/elregionalvm.com.ar\/noticias-villa-maria\/mas-de-70-vecinos-se-reunieron-esta-semana-a-traves-del-programa-vm-piensa-y-propone-para-la-planificacion-de-obras-barriales\/#primaryimage\"},\"thumbnailUrl\":\"https:\/\/i0.wp.com\/elregionalvm.com.ar\/noticias-villa-maria\/wp-content\/uploads\/2025\/06\/d89729920cf24129a04bf4e7f2154af7.jpeg?fit=800%2C600&ssl=1\",\"datePublished\":\"2025-06-12T23:28:11+00:00\",\"dateModified\":\"2025-06-12T23:28:14+00:00\",\"author\":{\"@id\":\"http:\/\/elregionalvm.com.ar\/noticias-villa-maria\/#\/schema\/person\/a0fb9c422317faca23d50163151bc354\"},\"breadcrumb\":{\"@id\":\"https:\/\/elregionalvm.com.ar\/noticias-villa-maria\/mas-de-70-vecinos-se-reunieron-esta-semana-a-traves-del-programa-vm-piensa-y-propone-para-la-planificacion-de-obras-barriales\/#breadcrumb\"},\"inLanguage\":\"es\",\"potentialAction\":[{\"@type\":\"ReadAction\",\"target\":[\"https:\/\/elregionalvm.com.ar\/noticias-villa-maria\/mas-de-70-vecinos-se-reunieron-esta-semana-a-traves-del-programa-vm-piensa-y-propone-para-la-planificacion-de-obras-barriales\/\"]}]},{\"@type\":\"ImageObject\",\"inLanguage\":\"es\",\"@id\":\"https:\/\/elregionalvm.com.ar\/noticias-villa-maria\/mas-de-70-vecinos-se-reunieron-esta-semana-a-traves-del-programa-vm-piensa-y-propone-para-la-planificacion-de-obras-barriales\/#primaryimage\",\"url\":\"https:\/\/i0.wp.com\/elregionalvm.com.ar\/noticias-villa-maria\/wp-content\/uploads\/2025\/06\/d89729920cf24129a04bf4e7f2154af7.jpeg?fit=800%2C600&ssl=1\",\"contentUrl\":\"https:\/\/i0.wp.com\/elregionalvm.com.ar\/noticias-villa-maria\/wp-content\/uploads\/2025\/06\/d89729920cf24129a04bf4e7f2154af7.jpeg?fit=800%2C600&ssl=1\",\"width\":800,\"height\":600},{\"@type\":\"BreadcrumbList\",\"@id\":\"https:\/\/elregionalvm.com.ar\/noticias-villa-maria\/mas-de-70-vecinos-se-reunieron-esta-semana-a-traves-del-programa-vm-piensa-y-propone-para-la-planificacion-de-obras-barriales\/#breadcrumb\",\"itemListElement\":[{\"@type\":\"ListItem\",\"position\":1,\"name\":\"Portada\",\"item\":\"https:\/\/elregionalvm.com.ar\/noticias-villa-maria\/\"},{\"@type\":\"ListItem\",\"position\":2,\"name\":\"M\u00e1s de 70 vecinos se reunieron esta semana a trav\u00e9s del programa \u00abVM Piensa y Propone\u00bb para la planificaci\u00f3n de obras barriales\"}]},{\"@type\":\"WebSite\",\"@id\":\"http:\/\/elregionalvm.com.ar\/noticias-villa-maria\/#website\",\"url\":\"http:\/\/elregionalvm.com.ar\/noticias-villa-maria\/\",\"name\":\"El Regional\",\"description\":\"Mucho m\u00e1s que informaci\u00f3n\",\"potentialAction\":[{\"@type\":\"SearchAction\",\"target\":{\"@type\":\"EntryPoint\",\"urlTemplate\":\"http:\/\/elregionalvm.com.ar\/noticias-villa-maria\/?s={search_term_string}\"},\"query-input\":{\"@type\":\"PropertyValueSpecification\",\"valueRequired\":true,\"valueName\":\"search_term_string\"}}],\"inLanguage\":\"es\"},{\"@type\":\"Person\",\"@id\":\"http:\/\/elregionalvm.com.ar\/noticias-villa-maria\/#\/schema\/person\/a0fb9c422317faca23d50163151bc354\",\"name\":\"Contenidos El Regional\",\"image\":{\"@type\":\"ImageObject\",\"inLanguage\":\"es\",\"@id\":\"http:\/\/elregionalvm.com.ar\/noticias-villa-maria\/#\/schema\/person\/image\/\",\"url\":\"https:\/\/secure.gravatar.com\/avatar\/265b27cb2209af7bb3a1318f03305787d7981a5cc6e6cd08fe5a4ecdf99d4b48?s=96&d=mm&r=g\",\"contentUrl\":\"https:\/\/secure.gravatar.com\/avatar\/265b27cb2209af7bb3a1318f03305787d7981a5cc6e6cd08fe5a4ecdf99d4b48?s=96&d=mm&r=g\",\"caption\":\"Contenidos El Regional\"},\"url\":\"https:\/\/elregionalvm.com.ar\/noticias-villa-maria\/author\/contenido\/\"}]}<\/script>\n<!-- \/ Yoast SEO plugin. -->","yoast_head_json":{"title":"M\u00e1s de 70 vecinos se reunieron esta semana a trav\u00e9s del programa \"VM Piensa y Propone\" para la planificaci\u00f3n de obras barriales - El Regional","robots":{"index":"index","follow":"follow","max-snippet":"max-snippet:-1","max-image-preview":"max-image-preview:large","max-video-preview":"max-video-preview:-1"},"canonical":"https:\/\/elregionalvm.com.ar\/noticias-villa-maria\/mas-de-70-vecinos-se-reunieron-esta-semana-a-traves-del-programa-vm-piensa-y-propone-para-la-planificacion-de-obras-barriales\/","og_locale":"es_ES","og_type":"article","og_title":"M\u00e1s de 70 vecinos se reunieron esta semana a trav\u00e9s del programa \"VM Piensa y Propone\" para la planificaci\u00f3n de obras barriales - El Regional","og_description":"A trav\u00e9s de la secretar\u00eda de Gobierno, Cultura y Relaciones Institucionales, informa que en las \u00faltimas horas se realizaron dos talleres en el marco del programa \u00abVM Piensa y Propone\u201d, donde vecinos planificaron la realizaci\u00f3n de obras y actividades, como parte de la participaci\u00f3n activa en la toma de decisiones de las pol\u00edticas p\u00fablicas. Ambos [&hellip;]","og_url":"https:\/\/elregionalvm.com.ar\/noticias-villa-maria\/mas-de-70-vecinos-se-reunieron-esta-semana-a-traves-del-programa-vm-piensa-y-propone-para-la-planificacion-de-obras-barriales\/","og_site_name":"El Regional","article_publisher":"https:\/\/www.facebook.com\/elregionalvm","article_published_time":"2025-06-12T23:28:11+00:00","article_modified_time":"2025-06-12T23:28:14+00:00","og_image":[{"width":800,"height":600,"url":"https:\/\/elregionalvm.com.ar\/noticias-villa-maria\/wp-content\/uploads\/2025\/06\/d89729920cf24129a04bf4e7f2154af7.jpeg","type":"image\/jpeg"}],"author":"Contenidos El Regional","twitter_card":"summary_large_image","twitter_creator":"@elregionalvm1","twitter_site":"@elregionalvm1","twitter_misc":{"Escrito por":"Contenidos El Regional","Tiempo de lectura":"3 minutos"},"schema":{"@context":"https:\/\/schema.org","@graph":[{"@type":"Article","@id":"https:\/\/elregionalvm.com.ar\/noticias-villa-maria\/mas-de-70-vecinos-se-reunieron-esta-semana-a-traves-del-programa-vm-piensa-y-propone-para-la-planificacion-de-obras-barriales\/#article","isPartOf":{"@id":"https:\/\/elregionalvm.com.ar\/noticias-villa-maria\/mas-de-70-vecinos-se-reunieron-esta-semana-a-traves-del-programa-vm-piensa-y-propone-para-la-planificacion-de-obras-barriales\/"},"author":{"name":"Contenidos El Regional","@id":"http:\/\/elregionalvm.com.ar\/noticias-villa-maria\/#\/schema\/person\/a0fb9c422317faca23d50163151bc354"},"headline":"M\u00e1s de 70 vecinos se reunieron esta semana a trav\u00e9s del programa \u00abVM Piensa y Propone\u00bb para la planificaci\u00f3n de obras barriales","datePublished":"2025-06-12T23:28:11+00:00","dateModified":"2025-06-12T23:28:14+00:00","mainEntityOfPage":{"@id":"https:\/\/elregionalvm.com.ar\/noticias-villa-maria\/mas-de-70-vecinos-se-reunieron-esta-semana-a-traves-del-programa-vm-piensa-y-propone-para-la-planificacion-de-obras-barriales\/"},"wordCount":543,"commentCount":0,"image":{"@id":"https:\/\/elregionalvm.com.ar\/noticias-villa-maria\/mas-de-70-vecinos-se-reunieron-esta-semana-a-traves-del-programa-vm-piensa-y-propone-para-la-planificacion-de-obras-barriales\/#primaryimage"},"thumbnailUrl":"https:\/\/i0.wp.com\/elregionalvm.com.ar\/noticias-villa-maria\/wp-content\/uploads\/2025\/06\/d89729920cf24129a04bf4e7f2154af7.jpeg?fit=800%2C600&ssl=1","articleSection":["destacado","Sociedad","Villa Mar\u00eda"],"inLanguage":"es","potentialAction":[{"@type":"CommentAction","name":"Comment","target":["https:\/\/elregionalvm.com.ar\/noticias-villa-maria\/mas-de-70-vecinos-se-reunieron-esta-semana-a-traves-del-programa-vm-piensa-y-propone-para-la-planificacion-de-obras-barriales\/#respond"]}]},{"@type":"WebPage","@id":"https:\/\/elregionalvm.com.ar\/noticias-villa-maria\/mas-de-70-vecinos-se-reunieron-esta-semana-a-traves-del-programa-vm-piensa-y-propone-para-la-planificacion-de-obras-barriales\/","url":"https:\/\/elregionalvm.com.ar\/noticias-villa-maria\/mas-de-70-vecinos-se-reunieron-esta-semana-a-traves-del-programa-vm-piensa-y-propone-para-la-planificacion-de-obras-barriales\/","name":"M\u00e1s de 70 vecinos se reunieron esta semana a trav\u00e9s del programa \"VM Piensa y Propone\" para la planificaci\u00f3n de obras barriales - El Regional","isPartOf":{"@id":"http:\/\/elregionalvm.com.ar\/noticias-villa-maria\/#website"},"primaryImageOfPage":{"@id":"https:\/\/elregionalvm.com.ar\/noticias-villa-maria\/mas-de-70-vecinos-se-reunieron-esta-semana-a-traves-del-programa-vm-piensa-y-propone-para-la-planificacion-de-obras-barriales\/#primaryimage"},"image":{"@id":"https:\/\/elregionalvm.com.ar\/noticias-villa-maria\/mas-de-70-vecinos-se-reunieron-esta-semana-a-traves-del-programa-vm-piensa-y-propone-para-la-planificacion-de-obras-barriales\/#primaryimage"},"thumbnailUrl":"https:\/\/i0.wp.com\/elregionalvm.com.ar\/noticias-villa-maria\/wp-content\/uploads\/2025\/06\/d89729920cf24129a04bf4e7f2154af7.jpeg?fit=800%2C600&ssl=1","datePublished":"2025-06-12T23:28:11+00:00","dateModified":"2025-06-12T23:28:14+00:00","author":{"@id":"http:\/\/elregionalvm.com.ar\/noticias-villa-maria\/#\/schema\/person\/a0fb9c422317faca23d50163151bc354"},"breadcrumb":{"@id":"https:\/\/elregionalvm.com.ar\/noticias-villa-maria\/mas-de-70-vecinos-se-reunieron-esta-semana-a-traves-del-programa-vm-piensa-y-propone-para-la-planificacion-de-obras-barriales\/#breadcrumb"},"inLanguage":"es","potentialAction":[{"@type":"ReadAction","target":["https:\/\/elregionalvm.com.ar\/noticias-villa-maria\/mas-de-70-vecinos-se-reunieron-esta-semana-a-traves-del-programa-vm-piensa-y-propone-para-la-planificacion-de-obras-barriales\/"]}]},{"@type":"ImageObject","inLanguage":"es","@id":"https:\/\/elregionalvm.com.ar\/noticias-villa-maria\/mas-de-70-vecinos-se-reunieron-esta-semana-a-traves-del-programa-vm-piensa-y-propone-para-la-planificacion-de-obras-barriales\/#primaryimage","url":"https:\/\/i0.wp.com\/elregionalvm.com.ar\/noticias-villa-maria\/wp-content\/uploads\/2025\/06\/d89729920cf24129a04bf4e7f2154af7.jpeg?fit=800%2C600&ssl=1","contentUrl":"https:\/\/i0.wp.com\/elregionalvm.com.ar\/noticias-villa-maria\/wp-content\/uploads\/2025\/06\/d89729920cf24129a04bf4e7f2154af7.jpeg?fit=800%2C600&ssl=1","width":800,"height":600},{"@type":"BreadcrumbList","@id":"https:\/\/elregionalvm.com.ar\/noticias-villa-maria\/mas-de-70-vecinos-se-reunieron-esta-semana-a-traves-del-programa-vm-piensa-y-propone-para-la-planificacion-de-obras-barriales\/#breadcrumb","itemListElement":[{"@type":"ListItem","position":1,"name":"Portada","item":"https:\/\/elregionalvm.com.ar\/noticias-villa-maria\/"},{"@type":"ListItem","position":2,"name":"M\u00e1s de 70 vecinos se reunieron esta semana a trav\u00e9s del programa \u00abVM Piensa y Propone\u00bb para la planificaci\u00f3n de obras barriales"}]},{"@type":"WebSite","@id":"http:\/\/elregionalvm.com.ar\/noticias-villa-maria\/#website","url":"http:\/\/elregionalvm.com.ar\/noticias-villa-maria\/","name":"El Regional","description":"Mucho m\u00e1s que informaci\u00f3n","potentialAction":[{"@type":"SearchAction","target":{"@type":"EntryPoint","urlTemplate":"http:\/\/elregionalvm.com.ar\/noticias-villa-maria\/?s={search_term_string}"},"query-input":{"@type":"PropertyValueSpecification","valueRequired":true,"valueName":"search_term_string"}}],"inLanguage":"es"},{"@type":"Person","@id":"http:\/\/elregionalvm.com.ar\/noticias-villa-maria\/#\/schema\/person\/a0fb9c422317faca23d50163151bc354","name":"Contenidos El Regional","image":{"@type":"ImageObject","inLanguage":"es","@id":"http:\/\/elregionalvm.com.ar\/noticias-villa-maria\/#\/schema\/person\/image\/","url":"https:\/\/secure.gravatar.com\/avatar\/265b27cb2209af7bb3a1318f03305787d7981a5cc6e6cd08fe5a4ecdf99d4b48?s=96&d=mm&r=g","contentUrl":"https:\/\/secure.gravatar.com\/avatar\/265b27cb2209af7bb3a1318f03305787d7981a5cc6e6cd08fe5a4ecdf99d4b48?s=96&d=mm&r=g","caption":"Contenidos El Regional"},"url":"https:\/\/elregionalvm.com.ar\/noticias-villa-maria\/author\/contenido\/"}]}},"jetpack_featured_media_url":"https:\/\/i0.wp.com\/elregionalvm.com.ar\/noticias-villa-maria\/wp-content\/uploads\/2025\/06\/d89729920cf24129a04bf4e7f2154af7.jpeg?fit=800%2C600&ssl=1","jetpack_sharing_enabled":true,"_links":{"self":[{"href":"https:\/\/elregionalvm.com.ar\/noticias-villa-maria\/wp-json\/wp\/v2\/posts\/107163","targetHints":{"allow":["GET"]}}],"collection":[{"href":"https:\/\/elregionalvm.com.ar\/noticias-villa-maria\/wp-json\/wp\/v2\/posts"}],"about":[{"href":"https:\/\/elregionalvm.com.ar\/noticias-villa-maria\/wp-json\/wp\/v2\/types\/post"}],"author":[{"embeddable":true,"href":"https:\/\/elregionalvm.com.ar\/noticias-villa-maria\/wp-json\/wp\/v2\/users\/4"}],"replies":[{"embeddable":true,"href":"https:\/\/elregionalvm.com.ar\/noticias-villa-maria\/wp-json\/wp\/v2\/comments?post=107163"}],"version-history":[{"count":1,"href":"https:\/\/elregionalvm.com.ar\/noticias-villa-maria\/wp-json\/wp\/v2\/posts\/107163\/revisions"}],"predecessor-version":[{"id":107165,"href":"https:\/\/elregionalvm.com.ar\/noticias-villa-maria\/wp-json\/wp\/v2\/posts\/107163\/revisions\/107165"}],"wp:featuredmedia":[{"embeddable":true,"href":"https:\/\/elregionalvm.com.ar\/noticias-villa-maria\/wp-json\/wp\/v2\/media\/107164"}],"wp:attachment":[{"href":"https:\/\/elregionalvm.com.ar\/noticias-villa-maria\/wp-json\/wp\/v2\/media?parent=107163"}],"wp:term":[{"taxonomy":"category","embeddable":true,"href":"https:\/\/elregionalvm.com.ar\/noticias-villa-maria\/wp-json\/wp\/v2\/categories?post=107163"},{"taxonomy":"post_tag","embeddable":true,"href":"https:\/\/elregionalvm.com.ar\/noticias-villa-maria\/wp-json\/wp\/v2\/tags?post=107163"}],"curies":[{"name":"wp","href":"https:\/\/api.w.org\/{rel}","templated":true}]}}