{"id":107200,"date":"2025-06-13T21:17:17","date_gmt":"2025-06-13T21:17:17","guid":{"rendered":"https:\/\/elregionalvm.com.ar\/noticias-villa-maria\/?p=107200"},"modified":"2025-06-13T21:17:19","modified_gmt":"2025-06-13T21:17:19","slug":"allanamientos-por-parte-de-la-policia-arrojo-un-resultado-del-secuestro-de-celulares-dinero-en-efectivo-armas-y-personas-detenidas","status":"publish","type":"post","link":"https:\/\/elregionalvm.com.ar\/noticias-villa-maria\/allanamientos-por-parte-de-la-policia-arrojo-un-resultado-del-secuestro-de-celulares-dinero-en-efectivo-armas-y-personas-detenidas\/","title":{"rendered":"Allanamientos por parte de la polic\u00eda arroj\u00f3 un resultado del secuestro de celulares, dinero en efectivo, armas y personas detenidas"},"content":{"rendered":"\n<p>En horas de la ma\u00f1ana de la fecha, personal de la Divisi\u00f3n Investigaciones de esta Unidad Regional Departamental San Mart\u00edn procedi\u00f3 a cumplimentar diferentes \u00d3rdenes Judiciales de Allanamientos en la ciudad de Villa Mar\u00eda, de acuerdo a lo solicitado por la *Fiscal\u00eda de Instrucci\u00f3n de Primer Turno a cargo de la Dra. Silvia Maldonado, Sec. Dra. Dalila Alcala.<\/p>\n\n\n\n<p>En los operativos se\u00f1alados, puntualmente en el que se desarroll\u00f3 en calle Catamarca al 3100, se procedi\u00f3 a materializar la detenci\u00f3n de un hombre de 46 a\u00f1os de edad por supuesto autor del delito de \u201cRobo Calificado\u201d y por supuesto autor del delito de \u201cTenencia ilegal de Arma de Fuego\u201d, procediendo al secuestro de dos dispositivos de tel\u00e9fonos celulares, una considerable suma de dinero en efectivo, un arma de fuego calibre 380 m.m. y una caja con cartuchos del mismo calibre.<\/p>\n\n\n\n<figure class=\"wp-block-image size-large\"><img data-recalc-dims=\"1\" fetchpriority=\"high\" decoding=\"async\" width=\"768\" height=\"1024\" src=\"https:\/\/i0.wp.com\/elregionalvm.com.ar\/noticias-villa-maria\/wp-content\/uploads\/2025\/06\/WhatsApp-Image-2025-06-13-at-5.54.59-PM.jpeg?resize=768%2C1024&#038;ssl=1\" alt=\"\" class=\"wp-image-107202\" srcset=\"https:\/\/i0.wp.com\/elregionalvm.com.ar\/noticias-villa-maria\/wp-content\/uploads\/2025\/06\/WhatsApp-Image-2025-06-13-at-5.54.59-PM.jpeg?resize=768%2C1024&amp;ssl=1 768w, https:\/\/i0.wp.com\/elregionalvm.com.ar\/noticias-villa-maria\/wp-content\/uploads\/2025\/06\/WhatsApp-Image-2025-06-13-at-5.54.59-PM.jpeg?resize=225%2C300&amp;ssl=1 225w, https:\/\/i0.wp.com\/elregionalvm.com.ar\/noticias-villa-maria\/wp-content\/uploads\/2025\/06\/WhatsApp-Image-2025-06-13-at-5.54.59-PM.jpeg?resize=1152%2C1536&amp;ssl=1 1152w, https:\/\/i0.wp.com\/elregionalvm.com.ar\/noticias-villa-maria\/wp-content\/uploads\/2025\/06\/WhatsApp-Image-2025-06-13-at-5.54.59-PM.jpeg?w=1200&amp;ssl=1 1200w\" sizes=\"(max-width: 768px) 100vw, 768px\" \/><\/figure>\n\n\n\n<p>El proceder de los investigadores conforma lo actuado en el marco de la tarea que se inici\u00f3 el pasado martes 10 del corriente mes y a\u00f1o, cuando un hombre de 34 a\u00f1os de edad fue sorprendido en el interior de su domicilio por dos sujetos que amenaz\u00e1ndolo con la utilizaci\u00f3n de un arma blanca, una cuchilla del tipo de carnicer\u00eda, tras ser encerrado en el ba\u00f1o de su vivienda ubicada en barrio Ameghino, le sustrajeron dinero en efectivo en moneda nacional de uso corriente y d\u00f3lares estadounidenses. A partir de all\u00ed comenzaron las diligencias investigativas ordenadas por la Magistrada interviniente, entre las que se analizaron c\u00e1maras de videovigilancia p\u00fablicas y privadas, se receptaron diferentes testimonios y se realizaron relevamientos de lo obtenido en peritajes correspondientes, arrojando los resultados mencionados que permitir\u00edan individualizar a los autores del hecho delictivo.<\/p>\n\n\n\n<p>De all\u00ed que el pasado mi\u00e9rcoles 11 (de Junio de 2025) se pudo materializar la primer detenci\u00f3n de un hombre de 28 a\u00f1os de edad acusado del mismo delito de \u201cRobo Calificado\u201d, cuando se hizo presente en la Unidad Judicial de Villa Mar\u00eda junto a su abogado defensor pesando ya en ese momento la Orden de Detenci\u00f3n sobre el mismo, permaneciendo alojado desde entonces; arrojando todo esto consecuentemente el aparente esclarecimiento de lo sucedido.<\/p>\n\n\n\n<p>Se labran actuaciones a disposici\u00f3n de la Magistrada interviniente.<\/p>\n","protected":false},"excerpt":{"rendered":"<p>En horas de la ma\u00f1ana de la fecha, personal de la Divisi\u00f3n Investigaciones de esta Unidad Regional Departamental San Mart\u00edn procedi\u00f3 a cumplimentar diferentes \u00d3rdenes Judiciales de Allanamientos en la ciudad de Villa Mar\u00eda, de acuerdo a lo solicitado por la *Fiscal\u00eda de Instrucci\u00f3n de Primer Turno a cargo de la Dra. Silvia Maldonado, Sec. [&hellip;]<\/p>\n","protected":false},"author":4,"featured_media":107201,"comment_status":"open","ping_status":"open","sticky":false,"template":"","format":"standard","meta":{"site-sidebar-layout":"default","site-content-layout":"","ast-site-content-layout":"default","site-content-style":"default","site-sidebar-style":"default","ast-global-header-display":"","ast-banner-title-visibility":"","ast-main-header-display":"","ast-hfb-above-header-display":"","ast-hfb-below-header-display":"","ast-hfb-mobile-header-display":"","site-post-title":"","ast-breadcrumbs-content":"","ast-featured-img":"","footer-sml-layout":"","ast-disable-related-posts":"","theme-transparent-header-meta":"","adv-header-id-meta":"","stick-header-meta":"","header-above-stick-meta":"","header-main-stick-meta":"","header-below-stick-meta":"","astra-migrate-meta-layouts":"set","ast-page-background-enabled":"default","ast-page-background-meta":{"desktop":{"background-color":"","background-image":"","background-repeat":"repeat","background-position":"center center","background-size":"auto","background-attachment":"scroll","background-type":"","background-media":"","overlay-type":"","overlay-color":"","overlay-opacity":"","overlay-gradient":""},"tablet":{"background-color":"","background-image":"","background-repeat":"repeat","background-position":"center center","background-size":"auto","background-attachment":"scroll","background-type":"","background-media":"","overlay-type":"","overlay-color":"","overlay-opacity":"","overlay-gradient":""},"mobile":{"background-color":"","background-image":"","background-repeat":"repeat","background-position":"center center","background-size":"auto","background-attachment":"scroll","background-type":"","background-media":"","overlay-type":"","overlay-color":"","overlay-opacity":"","overlay-gradient":""}},"ast-content-background-meta":{"desktop":{"background-color":"var(--ast-global-color-5)","background-image":"","background-repeat":"repeat","background-position":"center center","background-size":"auto","background-attachment":"scroll","background-type":"","background-media":"","overlay-type":"","overlay-color":"","overlay-opacity":"","overlay-gradient":""},"tablet":{"background-color":"var(--ast-global-color-5)","background-image":"","background-repeat":"repeat","background-position":"center center","background-size":"auto","background-attachment":"scroll","background-type":"","background-media":"","overlay-type":"","overlay-color":"","overlay-opacity":"","overlay-gradient":""},"mobile":{"background-color":"var(--ast-global-color-5)","background-image":"","background-repeat":"repeat","background-position":"center center","background-size":"auto","background-attachment":"scroll","background-type":"","background-media":"","overlay-type":"","overlay-color":"","overlay-opacity":"","overlay-gradient":""}},"_jetpack_memberships_contains_paid_content":false,"_joinchat":[],"footnotes":""},"categories":[15302,2234,5,2],"tags":[],"class_list":["post-107200","post","type-post","status-publish","format-standard","has-post-thumbnail","hentry","category-destacado","category-policiales","category-sociedad","category-villa-maria"],"yoast_head":"<!-- This site is optimized with the Yoast SEO plugin v26.8 - https:\/\/yoast.com\/product\/yoast-seo-wordpress\/ -->\n<title>Allanamientos por parte de la polic\u00eda arroj\u00f3 un resultado del secuestro de celulares, dinero en efectivo, armas y personas detenidas - El Regional<\/title>\n<meta name=\"robots\" content=\"index, follow, max-snippet:-1, max-image-preview:large, max-video-preview:-1\" \/>\n<link rel=\"canonical\" href=\"https:\/\/elregionalvm.com.ar\/noticias-villa-maria\/allanamientos-por-parte-de-la-policia-arrojo-un-resultado-del-secuestro-de-celulares-dinero-en-efectivo-armas-y-personas-detenidas\/\" \/>\n<meta property=\"og:locale\" content=\"es_ES\" \/>\n<meta property=\"og:type\" content=\"article\" \/>\n<meta property=\"og:title\" content=\"Allanamientos por parte de la polic\u00eda arroj\u00f3 un resultado del secuestro de celulares, dinero en efectivo, armas y personas detenidas - El Regional\" \/>\n<meta property=\"og:description\" content=\"En horas de la ma\u00f1ana de la fecha, personal de la Divisi\u00f3n Investigaciones de esta Unidad Regional Departamental San Mart\u00edn procedi\u00f3 a cumplimentar diferentes \u00d3rdenes Judiciales de Allanamientos en la ciudad de Villa Mar\u00eda, de acuerdo a lo solicitado por la *Fiscal\u00eda de Instrucci\u00f3n de Primer Turno a cargo de la Dra. Silvia Maldonado, Sec. [&hellip;]\" \/>\n<meta property=\"og:url\" content=\"https:\/\/elregionalvm.com.ar\/noticias-villa-maria\/allanamientos-por-parte-de-la-policia-arrojo-un-resultado-del-secuestro-de-celulares-dinero-en-efectivo-armas-y-personas-detenidas\/\" \/>\n<meta property=\"og:site_name\" content=\"El Regional\" \/>\n<meta property=\"article:publisher\" content=\"https:\/\/www.facebook.com\/elregionalvm\" \/>\n<meta property=\"article:published_time\" content=\"2025-06-13T21:17:17+00:00\" \/>\n<meta property=\"article:modified_time\" content=\"2025-06-13T21:17:19+00:00\" \/>\n<meta property=\"og:image\" content=\"https:\/\/elregionalvm.com.ar\/noticias-villa-maria\/wp-content\/uploads\/2025\/06\/WhatsApp-Image-2025-06-13-at-5.55.00-PM.jpeg\" \/>\n\t<meta property=\"og:image:width\" content=\"1002\" \/>\n\t<meta property=\"og:image:height\" content=\"1280\" \/>\n\t<meta property=\"og:image:type\" content=\"image\/jpeg\" \/>\n<meta name=\"author\" content=\"Contenidos El Regional\" \/>\n<meta name=\"twitter:card\" content=\"summary_large_image\" \/>\n<meta name=\"twitter:creator\" content=\"@elregionalvm1\" \/>\n<meta name=\"twitter:site\" content=\"@elregionalvm1\" \/>\n<meta name=\"twitter:label1\" content=\"Escrito por\" \/>\n\t<meta name=\"twitter:data1\" content=\"Contenidos El Regional\" \/>\n\t<meta name=\"twitter:label2\" content=\"Tiempo de lectura\" \/>\n\t<meta name=\"twitter:data2\" content=\"3 minutos\" \/>\n<script type=\"application\/ld+json\" class=\"yoast-schema-graph\">{\"@context\":\"https:\/\/schema.org\",\"@graph\":[{\"@type\":\"Article\",\"@id\":\"https:\/\/elregionalvm.com.ar\/noticias-villa-maria\/allanamientos-por-parte-de-la-policia-arrojo-un-resultado-del-secuestro-de-celulares-dinero-en-efectivo-armas-y-personas-detenidas\/#article\",\"isPartOf\":{\"@id\":\"https:\/\/elregionalvm.com.ar\/noticias-villa-maria\/allanamientos-por-parte-de-la-policia-arrojo-un-resultado-del-secuestro-de-celulares-dinero-en-efectivo-armas-y-personas-detenidas\/\"},\"author\":{\"name\":\"Contenidos El Regional\",\"@id\":\"http:\/\/elregionalvm.com.ar\/noticias-villa-maria\/#\/schema\/person\/a0fb9c422317faca23d50163151bc354\"},\"headline\":\"Allanamientos por parte de la polic\u00eda arroj\u00f3 un resultado del secuestro de celulares, dinero en efectivo, armas y personas detenidas\",\"datePublished\":\"2025-06-13T21:17:17+00:00\",\"dateModified\":\"2025-06-13T21:17:19+00:00\",\"mainEntityOfPage\":{\"@id\":\"https:\/\/elregionalvm.com.ar\/noticias-villa-maria\/allanamientos-por-parte-de-la-policia-arrojo-un-resultado-del-secuestro-de-celulares-dinero-en-efectivo-armas-y-personas-detenidas\/\"},\"wordCount\":400,\"commentCount\":0,\"image\":{\"@id\":\"https:\/\/elregionalvm.com.ar\/noticias-villa-maria\/allanamientos-por-parte-de-la-policia-arrojo-un-resultado-del-secuestro-de-celulares-dinero-en-efectivo-armas-y-personas-detenidas\/#primaryimage\"},\"thumbnailUrl\":\"https:\/\/i0.wp.com\/elregionalvm.com.ar\/noticias-villa-maria\/wp-content\/uploads\/2025\/06\/WhatsApp-Image-2025-06-13-at-5.55.00-PM.jpeg?fit=1002%2C1280&ssl=1\",\"articleSection\":[\"destacado\",\"Policiales\",\"Sociedad\",\"Villa Mar\u00eda\"],\"inLanguage\":\"es\",\"potentialAction\":[{\"@type\":\"CommentAction\",\"name\":\"Comment\",\"target\":[\"https:\/\/elregionalvm.com.ar\/noticias-villa-maria\/allanamientos-por-parte-de-la-policia-arrojo-un-resultado-del-secuestro-de-celulares-dinero-en-efectivo-armas-y-personas-detenidas\/#respond\"]}]},{\"@type\":\"WebPage\",\"@id\":\"https:\/\/elregionalvm.com.ar\/noticias-villa-maria\/allanamientos-por-parte-de-la-policia-arrojo-un-resultado-del-secuestro-de-celulares-dinero-en-efectivo-armas-y-personas-detenidas\/\",\"url\":\"https:\/\/elregionalvm.com.ar\/noticias-villa-maria\/allanamientos-por-parte-de-la-policia-arrojo-un-resultado-del-secuestro-de-celulares-dinero-en-efectivo-armas-y-personas-detenidas\/\",\"name\":\"Allanamientos por parte de la polic\u00eda arroj\u00f3 un resultado del secuestro de celulares, dinero en efectivo, armas y personas detenidas - El Regional\",\"isPartOf\":{\"@id\":\"http:\/\/elregionalvm.com.ar\/noticias-villa-maria\/#website\"},\"primaryImageOfPage\":{\"@id\":\"https:\/\/elregionalvm.com.ar\/noticias-villa-maria\/allanamientos-por-parte-de-la-policia-arrojo-un-resultado-del-secuestro-de-celulares-dinero-en-efectivo-armas-y-personas-detenidas\/#primaryimage\"},\"image\":{\"@id\":\"https:\/\/elregionalvm.com.ar\/noticias-villa-maria\/allanamientos-por-parte-de-la-policia-arrojo-un-resultado-del-secuestro-de-celulares-dinero-en-efectivo-armas-y-personas-detenidas\/#primaryimage\"},\"thumbnailUrl\":\"https:\/\/i0.wp.com\/elregionalvm.com.ar\/noticias-villa-maria\/wp-content\/uploads\/2025\/06\/WhatsApp-Image-2025-06-13-at-5.55.00-PM.jpeg?fit=1002%2C1280&ssl=1\",\"datePublished\":\"2025-06-13T21:17:17+00:00\",\"dateModified\":\"2025-06-13T21:17:19+00:00\",\"author\":{\"@id\":\"http:\/\/elregionalvm.com.ar\/noticias-villa-maria\/#\/schema\/person\/a0fb9c422317faca23d50163151bc354\"},\"breadcrumb\":{\"@id\":\"https:\/\/elregionalvm.com.ar\/noticias-villa-maria\/allanamientos-por-parte-de-la-policia-arrojo-un-resultado-del-secuestro-de-celulares-dinero-en-efectivo-armas-y-personas-detenidas\/#breadcrumb\"},\"inLanguage\":\"es\",\"potentialAction\":[{\"@type\":\"ReadAction\",\"target\":[\"https:\/\/elregionalvm.com.ar\/noticias-villa-maria\/allanamientos-por-parte-de-la-policia-arrojo-un-resultado-del-secuestro-de-celulares-dinero-en-efectivo-armas-y-personas-detenidas\/\"]}]},{\"@type\":\"ImageObject\",\"inLanguage\":\"es\",\"@id\":\"https:\/\/elregionalvm.com.ar\/noticias-villa-maria\/allanamientos-por-parte-de-la-policia-arrojo-un-resultado-del-secuestro-de-celulares-dinero-en-efectivo-armas-y-personas-detenidas\/#primaryimage\",\"url\":\"https:\/\/i0.wp.com\/elregionalvm.com.ar\/noticias-villa-maria\/wp-content\/uploads\/2025\/06\/WhatsApp-Image-2025-06-13-at-5.55.00-PM.jpeg?fit=1002%2C1280&ssl=1\",\"contentUrl\":\"https:\/\/i0.wp.com\/elregionalvm.com.ar\/noticias-villa-maria\/wp-content\/uploads\/2025\/06\/WhatsApp-Image-2025-06-13-at-5.55.00-PM.jpeg?fit=1002%2C1280&ssl=1\",\"width\":1002,\"height\":1280},{\"@type\":\"BreadcrumbList\",\"@id\":\"https:\/\/elregionalvm.com.ar\/noticias-villa-maria\/allanamientos-por-parte-de-la-policia-arrojo-un-resultado-del-secuestro-de-celulares-dinero-en-efectivo-armas-y-personas-detenidas\/#breadcrumb\",\"itemListElement\":[{\"@type\":\"ListItem\",\"position\":1,\"name\":\"Portada\",\"item\":\"https:\/\/elregionalvm.com.ar\/noticias-villa-maria\/\"},{\"@type\":\"ListItem\",\"position\":2,\"name\":\"Allanamientos por parte de la polic\u00eda arroj\u00f3 un resultado del secuestro de celulares, dinero en efectivo, armas y personas detenidas\"}]},{\"@type\":\"WebSite\",\"@id\":\"http:\/\/elregionalvm.com.ar\/noticias-villa-maria\/#website\",\"url\":\"http:\/\/elregionalvm.com.ar\/noticias-villa-maria\/\",\"name\":\"El Regional\",\"description\":\"Mucho m\u00e1s que informaci\u00f3n\",\"potentialAction\":[{\"@type\":\"SearchAction\",\"target\":{\"@type\":\"EntryPoint\",\"urlTemplate\":\"http:\/\/elregionalvm.com.ar\/noticias-villa-maria\/?s={search_term_string}\"},\"query-input\":{\"@type\":\"PropertyValueSpecification\",\"valueRequired\":true,\"valueName\":\"search_term_string\"}}],\"inLanguage\":\"es\"},{\"@type\":\"Person\",\"@id\":\"http:\/\/elregionalvm.com.ar\/noticias-villa-maria\/#\/schema\/person\/a0fb9c422317faca23d50163151bc354\",\"name\":\"Contenidos El Regional\",\"image\":{\"@type\":\"ImageObject\",\"inLanguage\":\"es\",\"@id\":\"http:\/\/elregionalvm.com.ar\/noticias-villa-maria\/#\/schema\/person\/image\/\",\"url\":\"https:\/\/secure.gravatar.com\/avatar\/265b27cb2209af7bb3a1318f03305787d7981a5cc6e6cd08fe5a4ecdf99d4b48?s=96&d=mm&r=g\",\"contentUrl\":\"https:\/\/secure.gravatar.com\/avatar\/265b27cb2209af7bb3a1318f03305787d7981a5cc6e6cd08fe5a4ecdf99d4b48?s=96&d=mm&r=g\",\"caption\":\"Contenidos El Regional\"},\"url\":\"https:\/\/elregionalvm.com.ar\/noticias-villa-maria\/author\/contenido\/\"}]}<\/script>\n<!-- \/ Yoast SEO plugin. -->","yoast_head_json":{"title":"Allanamientos por parte de la polic\u00eda arroj\u00f3 un resultado del secuestro de celulares, dinero en efectivo, armas y personas detenidas - El Regional","robots":{"index":"index","follow":"follow","max-snippet":"max-snippet:-1","max-image-preview":"max-image-preview:large","max-video-preview":"max-video-preview:-1"},"canonical":"https:\/\/elregionalvm.com.ar\/noticias-villa-maria\/allanamientos-por-parte-de-la-policia-arrojo-un-resultado-del-secuestro-de-celulares-dinero-en-efectivo-armas-y-personas-detenidas\/","og_locale":"es_ES","og_type":"article","og_title":"Allanamientos por parte de la polic\u00eda arroj\u00f3 un resultado del secuestro de celulares, dinero en efectivo, armas y personas detenidas - El Regional","og_description":"En horas de la ma\u00f1ana de la fecha, personal de la Divisi\u00f3n Investigaciones de esta Unidad Regional Departamental San Mart\u00edn procedi\u00f3 a cumplimentar diferentes \u00d3rdenes Judiciales de Allanamientos en la ciudad de Villa Mar\u00eda, de acuerdo a lo solicitado por la *Fiscal\u00eda de Instrucci\u00f3n de Primer Turno a cargo de la Dra. Silvia Maldonado, Sec. [&hellip;]","og_url":"https:\/\/elregionalvm.com.ar\/noticias-villa-maria\/allanamientos-por-parte-de-la-policia-arrojo-un-resultado-del-secuestro-de-celulares-dinero-en-efectivo-armas-y-personas-detenidas\/","og_site_name":"El Regional","article_publisher":"https:\/\/www.facebook.com\/elregionalvm","article_published_time":"2025-06-13T21:17:17+00:00","article_modified_time":"2025-06-13T21:17:19+00:00","og_image":[{"width":1002,"height":1280,"url":"https:\/\/elregionalvm.com.ar\/noticias-villa-maria\/wp-content\/uploads\/2025\/06\/WhatsApp-Image-2025-06-13-at-5.55.00-PM.jpeg","type":"image\/jpeg"}],"author":"Contenidos El Regional","twitter_card":"summary_large_image","twitter_creator":"@elregionalvm1","twitter_site":"@elregionalvm1","twitter_misc":{"Escrito por":"Contenidos El Regional","Tiempo de lectura":"3 minutos"},"schema":{"@context":"https:\/\/schema.org","@graph":[{"@type":"Article","@id":"https:\/\/elregionalvm.com.ar\/noticias-villa-maria\/allanamientos-por-parte-de-la-policia-arrojo-un-resultado-del-secuestro-de-celulares-dinero-en-efectivo-armas-y-personas-detenidas\/#article","isPartOf":{"@id":"https:\/\/elregionalvm.com.ar\/noticias-villa-maria\/allanamientos-por-parte-de-la-policia-arrojo-un-resultado-del-secuestro-de-celulares-dinero-en-efectivo-armas-y-personas-detenidas\/"},"author":{"name":"Contenidos El Regional","@id":"http:\/\/elregionalvm.com.ar\/noticias-villa-maria\/#\/schema\/person\/a0fb9c422317faca23d50163151bc354"},"headline":"Allanamientos por parte de la polic\u00eda arroj\u00f3 un resultado del secuestro de celulares, dinero en efectivo, armas y personas detenidas","datePublished":"2025-06-13T21:17:17+00:00","dateModified":"2025-06-13T21:17:19+00:00","mainEntityOfPage":{"@id":"https:\/\/elregionalvm.com.ar\/noticias-villa-maria\/allanamientos-por-parte-de-la-policia-arrojo-un-resultado-del-secuestro-de-celulares-dinero-en-efectivo-armas-y-personas-detenidas\/"},"wordCount":400,"commentCount":0,"image":{"@id":"https:\/\/elregionalvm.com.ar\/noticias-villa-maria\/allanamientos-por-parte-de-la-policia-arrojo-un-resultado-del-secuestro-de-celulares-dinero-en-efectivo-armas-y-personas-detenidas\/#primaryimage"},"thumbnailUrl":"https:\/\/i0.wp.com\/elregionalvm.com.ar\/noticias-villa-maria\/wp-content\/uploads\/2025\/06\/WhatsApp-Image-2025-06-13-at-5.55.00-PM.jpeg?fit=1002%2C1280&ssl=1","articleSection":["destacado","Policiales","Sociedad","Villa Mar\u00eda"],"inLanguage":"es","potentialAction":[{"@type":"CommentAction","name":"Comment","target":["https:\/\/elregionalvm.com.ar\/noticias-villa-maria\/allanamientos-por-parte-de-la-policia-arrojo-un-resultado-del-secuestro-de-celulares-dinero-en-efectivo-armas-y-personas-detenidas\/#respond"]}]},{"@type":"WebPage","@id":"https:\/\/elregionalvm.com.ar\/noticias-villa-maria\/allanamientos-por-parte-de-la-policia-arrojo-un-resultado-del-secuestro-de-celulares-dinero-en-efectivo-armas-y-personas-detenidas\/","url":"https:\/\/elregionalvm.com.ar\/noticias-villa-maria\/allanamientos-por-parte-de-la-policia-arrojo-un-resultado-del-secuestro-de-celulares-dinero-en-efectivo-armas-y-personas-detenidas\/","name":"Allanamientos por parte de la polic\u00eda arroj\u00f3 un resultado del secuestro de celulares, dinero en efectivo, armas y personas detenidas - El Regional","isPartOf":{"@id":"http:\/\/elregionalvm.com.ar\/noticias-villa-maria\/#website"},"primaryImageOfPage":{"@id":"https:\/\/elregionalvm.com.ar\/noticias-villa-maria\/allanamientos-por-parte-de-la-policia-arrojo-un-resultado-del-secuestro-de-celulares-dinero-en-efectivo-armas-y-personas-detenidas\/#primaryimage"},"image":{"@id":"https:\/\/elregionalvm.com.ar\/noticias-villa-maria\/allanamientos-por-parte-de-la-policia-arrojo-un-resultado-del-secuestro-de-celulares-dinero-en-efectivo-armas-y-personas-detenidas\/#primaryimage"},"thumbnailUrl":"https:\/\/i0.wp.com\/elregionalvm.com.ar\/noticias-villa-maria\/wp-content\/uploads\/2025\/06\/WhatsApp-Image-2025-06-13-at-5.55.00-PM.jpeg?fit=1002%2C1280&ssl=1","datePublished":"2025-06-13T21:17:17+00:00","dateModified":"2025-06-13T21:17:19+00:00","author":{"@id":"http:\/\/elregionalvm.com.ar\/noticias-villa-maria\/#\/schema\/person\/a0fb9c422317faca23d50163151bc354"},"breadcrumb":{"@id":"https:\/\/elregionalvm.com.ar\/noticias-villa-maria\/allanamientos-por-parte-de-la-policia-arrojo-un-resultado-del-secuestro-de-celulares-dinero-en-efectivo-armas-y-personas-detenidas\/#breadcrumb"},"inLanguage":"es","potentialAction":[{"@type":"ReadAction","target":["https:\/\/elregionalvm.com.ar\/noticias-villa-maria\/allanamientos-por-parte-de-la-policia-arrojo-un-resultado-del-secuestro-de-celulares-dinero-en-efectivo-armas-y-personas-detenidas\/"]}]},{"@type":"ImageObject","inLanguage":"es","@id":"https:\/\/elregionalvm.com.ar\/noticias-villa-maria\/allanamientos-por-parte-de-la-policia-arrojo-un-resultado-del-secuestro-de-celulares-dinero-en-efectivo-armas-y-personas-detenidas\/#primaryimage","url":"https:\/\/i0.wp.com\/elregionalvm.com.ar\/noticias-villa-maria\/wp-content\/uploads\/2025\/06\/WhatsApp-Image-2025-06-13-at-5.55.00-PM.jpeg?fit=1002%2C1280&ssl=1","contentUrl":"https:\/\/i0.wp.com\/elregionalvm.com.ar\/noticias-villa-maria\/wp-content\/uploads\/2025\/06\/WhatsApp-Image-2025-06-13-at-5.55.00-PM.jpeg?fit=1002%2C1280&ssl=1","width":1002,"height":1280},{"@type":"BreadcrumbList","@id":"https:\/\/elregionalvm.com.ar\/noticias-villa-maria\/allanamientos-por-parte-de-la-policia-arrojo-un-resultado-del-secuestro-de-celulares-dinero-en-efectivo-armas-y-personas-detenidas\/#breadcrumb","itemListElement":[{"@type":"ListItem","position":1,"name":"Portada","item":"https:\/\/elregionalvm.com.ar\/noticias-villa-maria\/"},{"@type":"ListItem","position":2,"name":"Allanamientos por parte de la polic\u00eda arroj\u00f3 un resultado del secuestro de celulares, dinero en efectivo, armas y personas detenidas"}]},{"@type":"WebSite","@id":"http:\/\/elregionalvm.com.ar\/noticias-villa-maria\/#website","url":"http:\/\/elregionalvm.com.ar\/noticias-villa-maria\/","name":"El Regional","description":"Mucho m\u00e1s que informaci\u00f3n","potentialAction":[{"@type":"SearchAction","target":{"@type":"EntryPoint","urlTemplate":"http:\/\/elregionalvm.com.ar\/noticias-villa-maria\/?s={search_term_string}"},"query-input":{"@type":"PropertyValueSpecification","valueRequired":true,"valueName":"search_term_string"}}],"inLanguage":"es"},{"@type":"Person","@id":"http:\/\/elregionalvm.com.ar\/noticias-villa-maria\/#\/schema\/person\/a0fb9c422317faca23d50163151bc354","name":"Contenidos El Regional","image":{"@type":"ImageObject","inLanguage":"es","@id":"http:\/\/elregionalvm.com.ar\/noticias-villa-maria\/#\/schema\/person\/image\/","url":"https:\/\/secure.gravatar.com\/avatar\/265b27cb2209af7bb3a1318f03305787d7981a5cc6e6cd08fe5a4ecdf99d4b48?s=96&d=mm&r=g","contentUrl":"https:\/\/secure.gravatar.com\/avatar\/265b27cb2209af7bb3a1318f03305787d7981a5cc6e6cd08fe5a4ecdf99d4b48?s=96&d=mm&r=g","caption":"Contenidos El Regional"},"url":"https:\/\/elregionalvm.com.ar\/noticias-villa-maria\/author\/contenido\/"}]}},"jetpack_featured_media_url":"https:\/\/i0.wp.com\/elregionalvm.com.ar\/noticias-villa-maria\/wp-content\/uploads\/2025\/06\/WhatsApp-Image-2025-06-13-at-5.55.00-PM.jpeg?fit=1002%2C1280&ssl=1","jetpack_sharing_enabled":true,"_links":{"self":[{"href":"https:\/\/elregionalvm.com.ar\/noticias-villa-maria\/wp-json\/wp\/v2\/posts\/107200","targetHints":{"allow":["GET"]}}],"collection":[{"href":"https:\/\/elregionalvm.com.ar\/noticias-villa-maria\/wp-json\/wp\/v2\/posts"}],"about":[{"href":"https:\/\/elregionalvm.com.ar\/noticias-villa-maria\/wp-json\/wp\/v2\/types\/post"}],"author":[{"embeddable":true,"href":"https:\/\/elregionalvm.com.ar\/noticias-villa-maria\/wp-json\/wp\/v2\/users\/4"}],"replies":[{"embeddable":true,"href":"https:\/\/elregionalvm.com.ar\/noticias-villa-maria\/wp-json\/wp\/v2\/comments?post=107200"}],"version-history":[{"count":1,"href":"https:\/\/elregionalvm.com.ar\/noticias-villa-maria\/wp-json\/wp\/v2\/posts\/107200\/revisions"}],"predecessor-version":[{"id":107203,"href":"https:\/\/elregionalvm.com.ar\/noticias-villa-maria\/wp-json\/wp\/v2\/posts\/107200\/revisions\/107203"}],"wp:featuredmedia":[{"embeddable":true,"href":"https:\/\/elregionalvm.com.ar\/noticias-villa-maria\/wp-json\/wp\/v2\/media\/107201"}],"wp:attachment":[{"href":"https:\/\/elregionalvm.com.ar\/noticias-villa-maria\/wp-json\/wp\/v2\/media?parent=107200"}],"wp:term":[{"taxonomy":"category","embeddable":true,"href":"https:\/\/elregionalvm.com.ar\/noticias-villa-maria\/wp-json\/wp\/v2\/categories?post=107200"},{"taxonomy":"post_tag","embeddable":true,"href":"https:\/\/elregionalvm.com.ar\/noticias-villa-maria\/wp-json\/wp\/v2\/tags?post=107200"}],"curies":[{"name":"wp","href":"https:\/\/api.w.org\/{rel}","templated":true}]}}