{"id":107204,"date":"2025-06-13T21:22:23","date_gmt":"2025-06-13T21:22:23","guid":{"rendered":"https:\/\/elregionalvm.com.ar\/noticias-villa-maria\/?p=107204"},"modified":"2025-06-13T21:22:25","modified_gmt":"2025-06-13T21:22:25","slug":"con-una-inversion-de-mas-de-10-millones-el-pilt-adquirio-un-equipo-para-le-mantenimiento-del-predio","status":"publish","type":"post","link":"https:\/\/elregionalvm.com.ar\/noticias-villa-maria\/con-una-inversion-de-mas-de-10-millones-el-pilt-adquirio-un-equipo-para-le-mantenimiento-del-predio\/","title":{"rendered":"Con una inversi\u00f3n de m\u00e1s de 10 millones, el PILT adquiri\u00f3 un equipo para le mantenimiento del predio"},"content":{"rendered":"\n<p>Con una importante inversi\u00f3n, la Administraci\u00f3n del Ente compr\u00f3 una desmalezadora de arrastre.<\/p>\n\n\n\n<p>Recientemente el Parque Industrial, Log\u00edstico y Tecnol\u00f3gico Villa Mar\u00eda (PILT) adquiri\u00f3 equipamiento destinado al \u00c1rea de Mantenimiento, a los fines de contar con mejores herramientas para la atenci\u00f3n del predio.<\/p>\n\n\n\n<p>Vale mencionar que se trata de una desmalezadora de arrastre marca Grosspal, modelo AVF 3000, que presenta caracter\u00edsticas destacadas para las funciones a realizar. El equipo cuenta con un chasis totalmente construido en chapa de acero SAE-1010 de 5 y 6 mm. de espesor, con nervios transversales y longitudinales soldados el\u00e9ctricamente en atm\u00f3sfera controlada por proceso MAGMIG. Las alas laterales articuladas, que se pliegan manualmente, permiten copiar las imperfecciones del terreno.<\/p>\n\n\n\n<p>La desmalezadora tiene transmisi\u00f3n card\u00e1nica con zafe, cajas de engranajes c\u00f3nicos forjados en acero cromo-niquel, tallados templados y revenidos, trabajando en ba\u00f1o de aceite, lo que le otorga una gran durabilidad. Su accionamiento es hidr\u00e1ulico, hecho que permite regular la altura de corte de la m\u00e1quina.<\/p>\n\n\n\n<p>La inversi\u00f3n realizada alcanz\u00f3 los $11.970.000.<\/p>\n","protected":false},"excerpt":{"rendered":"<p>Con una importante inversi\u00f3n, la Administraci\u00f3n del Ente compr\u00f3 una desmalezadora de arrastre. Recientemente el Parque Industrial, Log\u00edstico y Tecnol\u00f3gico Villa Mar\u00eda (PILT) adquiri\u00f3 equipamiento destinado al \u00c1rea de Mantenimiento, a los fines de contar con mejores herramientas para la atenci\u00f3n del predio. Vale mencionar que se trata de una desmalezadora de arrastre marca Grosspal, [&hellip;]<\/p>\n","protected":false},"author":4,"featured_media":107205,"comment_status":"open","ping_status":"open","sticky":false,"template":"","format":"standard","meta":{"site-sidebar-layout":"default","site-content-layout":"","ast-site-content-layout":"default","site-content-style":"default","site-sidebar-style":"default","ast-global-header-display":"","ast-banner-title-visibility":"","ast-main-header-display":"","ast-hfb-above-header-display":"","ast-hfb-below-header-display":"","ast-hfb-mobile-header-display":"","site-post-title":"","ast-breadcrumbs-content":"","ast-featured-img":"","footer-sml-layout":"","ast-disable-related-posts":"","theme-transparent-header-meta":"","adv-header-id-meta":"","stick-header-meta":"","header-above-stick-meta":"","header-main-stick-meta":"","header-below-stick-meta":"","astra-migrate-meta-layouts":"set","ast-page-background-enabled":"default","ast-page-background-meta":{"desktop":{"background-color":"","background-image":"","background-repeat":"repeat","background-position":"center center","background-size":"auto","background-attachment":"scroll","background-type":"","background-media":"","overlay-type":"","overlay-color":"","overlay-opacity":"","overlay-gradient":""},"tablet":{"background-color":"","background-image":"","background-repeat":"repeat","background-position":"center center","background-size":"auto","background-attachment":"scroll","background-type":"","background-media":"","overlay-type":"","overlay-color":"","overlay-opacity":"","overlay-gradient":""},"mobile":{"background-color":"","background-image":"","background-repeat":"repeat","background-position":"center center","background-size":"auto","background-attachment":"scroll","background-type":"","background-media":"","overlay-type":"","overlay-color":"","overlay-opacity":"","overlay-gradient":""}},"ast-content-background-meta":{"desktop":{"background-color":"var(--ast-global-color-5)","background-image":"","background-repeat":"repeat","background-position":"center center","background-size":"auto","background-attachment":"scroll","background-type":"","background-media":"","overlay-type":"","overlay-color":"","overlay-opacity":"","overlay-gradient":""},"tablet":{"background-color":"var(--ast-global-color-5)","background-image":"","background-repeat":"repeat","background-position":"center center","background-size":"auto","background-attachment":"scroll","background-type":"","background-media":"","overlay-type":"","overlay-color":"","overlay-opacity":"","overlay-gradient":""},"mobile":{"background-color":"var(--ast-global-color-5)","background-image":"","background-repeat":"repeat","background-position":"center center","background-size":"auto","background-attachment":"scroll","background-type":"","background-media":"","overlay-type":"","overlay-color":"","overlay-opacity":"","overlay-gradient":""}},"_jetpack_memberships_contains_paid_content":false,"_joinchat":[],"footnotes":""},"categories":[15302,5,2],"tags":[],"class_list":["post-107204","post","type-post","status-publish","format-standard","has-post-thumbnail","hentry","category-destacado","category-sociedad","category-villa-maria"],"yoast_head":"<!-- This site is optimized with the Yoast SEO plugin v26.8 - https:\/\/yoast.com\/product\/yoast-seo-wordpress\/ -->\n<title>Con una inversi\u00f3n de m\u00e1s de 10 millones, el PILT adquiri\u00f3 un equipo para le mantenimiento del predio - El Regional<\/title>\n<meta name=\"robots\" content=\"index, follow, max-snippet:-1, max-image-preview:large, max-video-preview:-1\" \/>\n<link rel=\"canonical\" href=\"https:\/\/elregionalvm.com.ar\/noticias-villa-maria\/con-una-inversion-de-mas-de-10-millones-el-pilt-adquirio-un-equipo-para-le-mantenimiento-del-predio\/\" \/>\n<meta property=\"og:locale\" content=\"es_ES\" \/>\n<meta property=\"og:type\" content=\"article\" \/>\n<meta property=\"og:title\" content=\"Con una inversi\u00f3n de m\u00e1s de 10 millones, el PILT adquiri\u00f3 un equipo para le mantenimiento del predio - El Regional\" \/>\n<meta property=\"og:description\" content=\"Con una importante inversi\u00f3n, la Administraci\u00f3n del Ente compr\u00f3 una desmalezadora de arrastre. Recientemente el Parque Industrial, Log\u00edstico y Tecnol\u00f3gico Villa Mar\u00eda (PILT) adquiri\u00f3 equipamiento destinado al \u00c1rea de Mantenimiento, a los fines de contar con mejores herramientas para la atenci\u00f3n del predio. Vale mencionar que se trata de una desmalezadora de arrastre marca Grosspal, [&hellip;]\" \/>\n<meta property=\"og:url\" content=\"https:\/\/elregionalvm.com.ar\/noticias-villa-maria\/con-una-inversion-de-mas-de-10-millones-el-pilt-adquirio-un-equipo-para-le-mantenimiento-del-predio\/\" \/>\n<meta property=\"og:site_name\" content=\"El Regional\" \/>\n<meta property=\"article:publisher\" content=\"https:\/\/www.facebook.com\/elregionalvm\" \/>\n<meta property=\"article:published_time\" content=\"2025-06-13T21:22:23+00:00\" \/>\n<meta property=\"article:modified_time\" content=\"2025-06-13T21:22:25+00:00\" \/>\n<meta property=\"og:image\" content=\"https:\/\/elregionalvm.com.ar\/noticias-villa-maria\/wp-content\/uploads\/2025\/06\/WhatsApp-Image-2025-06-13-at-3.32.30-PM.jpeg\" \/>\n\t<meta property=\"og:image:width\" content=\"1073\" \/>\n\t<meta property=\"og:image:height\" content=\"750\" \/>\n\t<meta property=\"og:image:type\" content=\"image\/jpeg\" \/>\n<meta name=\"author\" content=\"Contenidos El Regional\" \/>\n<meta name=\"twitter:card\" content=\"summary_large_image\" \/>\n<meta name=\"twitter:creator\" content=\"@elregionalvm1\" \/>\n<meta name=\"twitter:site\" content=\"@elregionalvm1\" \/>\n<meta name=\"twitter:label1\" content=\"Escrito por\" \/>\n\t<meta name=\"twitter:data1\" content=\"Contenidos El Regional\" \/>\n\t<meta name=\"twitter:label2\" content=\"Tiempo de lectura\" \/>\n\t<meta name=\"twitter:data2\" content=\"1 minuto\" \/>\n<script type=\"application\/ld+json\" class=\"yoast-schema-graph\">{\"@context\":\"https:\/\/schema.org\",\"@graph\":[{\"@type\":\"Article\",\"@id\":\"https:\/\/elregionalvm.com.ar\/noticias-villa-maria\/con-una-inversion-de-mas-de-10-millones-el-pilt-adquirio-un-equipo-para-le-mantenimiento-del-predio\/#article\",\"isPartOf\":{\"@id\":\"https:\/\/elregionalvm.com.ar\/noticias-villa-maria\/con-una-inversion-de-mas-de-10-millones-el-pilt-adquirio-un-equipo-para-le-mantenimiento-del-predio\/\"},\"author\":{\"name\":\"Contenidos El Regional\",\"@id\":\"http:\/\/elregionalvm.com.ar\/noticias-villa-maria\/#\/schema\/person\/a0fb9c422317faca23d50163151bc354\"},\"headline\":\"Con una inversi\u00f3n de m\u00e1s de 10 millones, el PILT adquiri\u00f3 un equipo para le mantenimiento del predio\",\"datePublished\":\"2025-06-13T21:22:23+00:00\",\"dateModified\":\"2025-06-13T21:22:25+00:00\",\"mainEntityOfPage\":{\"@id\":\"https:\/\/elregionalvm.com.ar\/noticias-villa-maria\/con-una-inversion-de-mas-de-10-millones-el-pilt-adquirio-un-equipo-para-le-mantenimiento-del-predio\/\"},\"wordCount\":197,\"commentCount\":0,\"image\":{\"@id\":\"https:\/\/elregionalvm.com.ar\/noticias-villa-maria\/con-una-inversion-de-mas-de-10-millones-el-pilt-adquirio-un-equipo-para-le-mantenimiento-del-predio\/#primaryimage\"},\"thumbnailUrl\":\"https:\/\/i0.wp.com\/elregionalvm.com.ar\/noticias-villa-maria\/wp-content\/uploads\/2025\/06\/WhatsApp-Image-2025-06-13-at-3.32.30-PM.jpeg?fit=1073%2C750&ssl=1\",\"articleSection\":[\"destacado\",\"Sociedad\",\"Villa Mar\u00eda\"],\"inLanguage\":\"es\",\"potentialAction\":[{\"@type\":\"CommentAction\",\"name\":\"Comment\",\"target\":[\"https:\/\/elregionalvm.com.ar\/noticias-villa-maria\/con-una-inversion-de-mas-de-10-millones-el-pilt-adquirio-un-equipo-para-le-mantenimiento-del-predio\/#respond\"]}]},{\"@type\":\"WebPage\",\"@id\":\"https:\/\/elregionalvm.com.ar\/noticias-villa-maria\/con-una-inversion-de-mas-de-10-millones-el-pilt-adquirio-un-equipo-para-le-mantenimiento-del-predio\/\",\"url\":\"https:\/\/elregionalvm.com.ar\/noticias-villa-maria\/con-una-inversion-de-mas-de-10-millones-el-pilt-adquirio-un-equipo-para-le-mantenimiento-del-predio\/\",\"name\":\"Con una inversi\u00f3n de m\u00e1s de 10 millones, el PILT adquiri\u00f3 un equipo para le mantenimiento del predio - El Regional\",\"isPartOf\":{\"@id\":\"http:\/\/elregionalvm.com.ar\/noticias-villa-maria\/#website\"},\"primaryImageOfPage\":{\"@id\":\"https:\/\/elregionalvm.com.ar\/noticias-villa-maria\/con-una-inversion-de-mas-de-10-millones-el-pilt-adquirio-un-equipo-para-le-mantenimiento-del-predio\/#primaryimage\"},\"image\":{\"@id\":\"https:\/\/elregionalvm.com.ar\/noticias-villa-maria\/con-una-inversion-de-mas-de-10-millones-el-pilt-adquirio-un-equipo-para-le-mantenimiento-del-predio\/#primaryimage\"},\"thumbnailUrl\":\"https:\/\/i0.wp.com\/elregionalvm.com.ar\/noticias-villa-maria\/wp-content\/uploads\/2025\/06\/WhatsApp-Image-2025-06-13-at-3.32.30-PM.jpeg?fit=1073%2C750&ssl=1\",\"datePublished\":\"2025-06-13T21:22:23+00:00\",\"dateModified\":\"2025-06-13T21:22:25+00:00\",\"author\":{\"@id\":\"http:\/\/elregionalvm.com.ar\/noticias-villa-maria\/#\/schema\/person\/a0fb9c422317faca23d50163151bc354\"},\"breadcrumb\":{\"@id\":\"https:\/\/elregionalvm.com.ar\/noticias-villa-maria\/con-una-inversion-de-mas-de-10-millones-el-pilt-adquirio-un-equipo-para-le-mantenimiento-del-predio\/#breadcrumb\"},\"inLanguage\":\"es\",\"potentialAction\":[{\"@type\":\"ReadAction\",\"target\":[\"https:\/\/elregionalvm.com.ar\/noticias-villa-maria\/con-una-inversion-de-mas-de-10-millones-el-pilt-adquirio-un-equipo-para-le-mantenimiento-del-predio\/\"]}]},{\"@type\":\"ImageObject\",\"inLanguage\":\"es\",\"@id\":\"https:\/\/elregionalvm.com.ar\/noticias-villa-maria\/con-una-inversion-de-mas-de-10-millones-el-pilt-adquirio-un-equipo-para-le-mantenimiento-del-predio\/#primaryimage\",\"url\":\"https:\/\/i0.wp.com\/elregionalvm.com.ar\/noticias-villa-maria\/wp-content\/uploads\/2025\/06\/WhatsApp-Image-2025-06-13-at-3.32.30-PM.jpeg?fit=1073%2C750&ssl=1\",\"contentUrl\":\"https:\/\/i0.wp.com\/elregionalvm.com.ar\/noticias-villa-maria\/wp-content\/uploads\/2025\/06\/WhatsApp-Image-2025-06-13-at-3.32.30-PM.jpeg?fit=1073%2C750&ssl=1\",\"width\":1073,\"height\":750},{\"@type\":\"BreadcrumbList\",\"@id\":\"https:\/\/elregionalvm.com.ar\/noticias-villa-maria\/con-una-inversion-de-mas-de-10-millones-el-pilt-adquirio-un-equipo-para-le-mantenimiento-del-predio\/#breadcrumb\",\"itemListElement\":[{\"@type\":\"ListItem\",\"position\":1,\"name\":\"Portada\",\"item\":\"https:\/\/elregionalvm.com.ar\/noticias-villa-maria\/\"},{\"@type\":\"ListItem\",\"position\":2,\"name\":\"Con una inversi\u00f3n de m\u00e1s de 10 millones, el PILT adquiri\u00f3 un equipo para le mantenimiento del predio\"}]},{\"@type\":\"WebSite\",\"@id\":\"http:\/\/elregionalvm.com.ar\/noticias-villa-maria\/#website\",\"url\":\"http:\/\/elregionalvm.com.ar\/noticias-villa-maria\/\",\"name\":\"El Regional\",\"description\":\"Mucho m\u00e1s que informaci\u00f3n\",\"potentialAction\":[{\"@type\":\"SearchAction\",\"target\":{\"@type\":\"EntryPoint\",\"urlTemplate\":\"http:\/\/elregionalvm.com.ar\/noticias-villa-maria\/?s={search_term_string}\"},\"query-input\":{\"@type\":\"PropertyValueSpecification\",\"valueRequired\":true,\"valueName\":\"search_term_string\"}}],\"inLanguage\":\"es\"},{\"@type\":\"Person\",\"@id\":\"http:\/\/elregionalvm.com.ar\/noticias-villa-maria\/#\/schema\/person\/a0fb9c422317faca23d50163151bc354\",\"name\":\"Contenidos El Regional\",\"image\":{\"@type\":\"ImageObject\",\"inLanguage\":\"es\",\"@id\":\"http:\/\/elregionalvm.com.ar\/noticias-villa-maria\/#\/schema\/person\/image\/\",\"url\":\"https:\/\/secure.gravatar.com\/avatar\/265b27cb2209af7bb3a1318f03305787d7981a5cc6e6cd08fe5a4ecdf99d4b48?s=96&d=mm&r=g\",\"contentUrl\":\"https:\/\/secure.gravatar.com\/avatar\/265b27cb2209af7bb3a1318f03305787d7981a5cc6e6cd08fe5a4ecdf99d4b48?s=96&d=mm&r=g\",\"caption\":\"Contenidos El Regional\"},\"url\":\"https:\/\/elregionalvm.com.ar\/noticias-villa-maria\/author\/contenido\/\"}]}<\/script>\n<!-- \/ Yoast SEO plugin. -->","yoast_head_json":{"title":"Con una inversi\u00f3n de m\u00e1s de 10 millones, el PILT adquiri\u00f3 un equipo para le mantenimiento del predio - El Regional","robots":{"index":"index","follow":"follow","max-snippet":"max-snippet:-1","max-image-preview":"max-image-preview:large","max-video-preview":"max-video-preview:-1"},"canonical":"https:\/\/elregionalvm.com.ar\/noticias-villa-maria\/con-una-inversion-de-mas-de-10-millones-el-pilt-adquirio-un-equipo-para-le-mantenimiento-del-predio\/","og_locale":"es_ES","og_type":"article","og_title":"Con una inversi\u00f3n de m\u00e1s de 10 millones, el PILT adquiri\u00f3 un equipo para le mantenimiento del predio - El Regional","og_description":"Con una importante inversi\u00f3n, la Administraci\u00f3n del Ente compr\u00f3 una desmalezadora de arrastre. Recientemente el Parque Industrial, Log\u00edstico y Tecnol\u00f3gico Villa Mar\u00eda (PILT) adquiri\u00f3 equipamiento destinado al \u00c1rea de Mantenimiento, a los fines de contar con mejores herramientas para la atenci\u00f3n del predio. Vale mencionar que se trata de una desmalezadora de arrastre marca Grosspal, [&hellip;]","og_url":"https:\/\/elregionalvm.com.ar\/noticias-villa-maria\/con-una-inversion-de-mas-de-10-millones-el-pilt-adquirio-un-equipo-para-le-mantenimiento-del-predio\/","og_site_name":"El Regional","article_publisher":"https:\/\/www.facebook.com\/elregionalvm","article_published_time":"2025-06-13T21:22:23+00:00","article_modified_time":"2025-06-13T21:22:25+00:00","og_image":[{"width":1073,"height":750,"url":"https:\/\/elregionalvm.com.ar\/noticias-villa-maria\/wp-content\/uploads\/2025\/06\/WhatsApp-Image-2025-06-13-at-3.32.30-PM.jpeg","type":"image\/jpeg"}],"author":"Contenidos El Regional","twitter_card":"summary_large_image","twitter_creator":"@elregionalvm1","twitter_site":"@elregionalvm1","twitter_misc":{"Escrito por":"Contenidos El Regional","Tiempo de lectura":"1 minuto"},"schema":{"@context":"https:\/\/schema.org","@graph":[{"@type":"Article","@id":"https:\/\/elregionalvm.com.ar\/noticias-villa-maria\/con-una-inversion-de-mas-de-10-millones-el-pilt-adquirio-un-equipo-para-le-mantenimiento-del-predio\/#article","isPartOf":{"@id":"https:\/\/elregionalvm.com.ar\/noticias-villa-maria\/con-una-inversion-de-mas-de-10-millones-el-pilt-adquirio-un-equipo-para-le-mantenimiento-del-predio\/"},"author":{"name":"Contenidos El Regional","@id":"http:\/\/elregionalvm.com.ar\/noticias-villa-maria\/#\/schema\/person\/a0fb9c422317faca23d50163151bc354"},"headline":"Con una inversi\u00f3n de m\u00e1s de 10 millones, el PILT adquiri\u00f3 un equipo para le mantenimiento del predio","datePublished":"2025-06-13T21:22:23+00:00","dateModified":"2025-06-13T21:22:25+00:00","mainEntityOfPage":{"@id":"https:\/\/elregionalvm.com.ar\/noticias-villa-maria\/con-una-inversion-de-mas-de-10-millones-el-pilt-adquirio-un-equipo-para-le-mantenimiento-del-predio\/"},"wordCount":197,"commentCount":0,"image":{"@id":"https:\/\/elregionalvm.com.ar\/noticias-villa-maria\/con-una-inversion-de-mas-de-10-millones-el-pilt-adquirio-un-equipo-para-le-mantenimiento-del-predio\/#primaryimage"},"thumbnailUrl":"https:\/\/i0.wp.com\/elregionalvm.com.ar\/noticias-villa-maria\/wp-content\/uploads\/2025\/06\/WhatsApp-Image-2025-06-13-at-3.32.30-PM.jpeg?fit=1073%2C750&ssl=1","articleSection":["destacado","Sociedad","Villa Mar\u00eda"],"inLanguage":"es","potentialAction":[{"@type":"CommentAction","name":"Comment","target":["https:\/\/elregionalvm.com.ar\/noticias-villa-maria\/con-una-inversion-de-mas-de-10-millones-el-pilt-adquirio-un-equipo-para-le-mantenimiento-del-predio\/#respond"]}]},{"@type":"WebPage","@id":"https:\/\/elregionalvm.com.ar\/noticias-villa-maria\/con-una-inversion-de-mas-de-10-millones-el-pilt-adquirio-un-equipo-para-le-mantenimiento-del-predio\/","url":"https:\/\/elregionalvm.com.ar\/noticias-villa-maria\/con-una-inversion-de-mas-de-10-millones-el-pilt-adquirio-un-equipo-para-le-mantenimiento-del-predio\/","name":"Con una inversi\u00f3n de m\u00e1s de 10 millones, el PILT adquiri\u00f3 un equipo para le mantenimiento del predio - El Regional","isPartOf":{"@id":"http:\/\/elregionalvm.com.ar\/noticias-villa-maria\/#website"},"primaryImageOfPage":{"@id":"https:\/\/elregionalvm.com.ar\/noticias-villa-maria\/con-una-inversion-de-mas-de-10-millones-el-pilt-adquirio-un-equipo-para-le-mantenimiento-del-predio\/#primaryimage"},"image":{"@id":"https:\/\/elregionalvm.com.ar\/noticias-villa-maria\/con-una-inversion-de-mas-de-10-millones-el-pilt-adquirio-un-equipo-para-le-mantenimiento-del-predio\/#primaryimage"},"thumbnailUrl":"https:\/\/i0.wp.com\/elregionalvm.com.ar\/noticias-villa-maria\/wp-content\/uploads\/2025\/06\/WhatsApp-Image-2025-06-13-at-3.32.30-PM.jpeg?fit=1073%2C750&ssl=1","datePublished":"2025-06-13T21:22:23+00:00","dateModified":"2025-06-13T21:22:25+00:00","author":{"@id":"http:\/\/elregionalvm.com.ar\/noticias-villa-maria\/#\/schema\/person\/a0fb9c422317faca23d50163151bc354"},"breadcrumb":{"@id":"https:\/\/elregionalvm.com.ar\/noticias-villa-maria\/con-una-inversion-de-mas-de-10-millones-el-pilt-adquirio-un-equipo-para-le-mantenimiento-del-predio\/#breadcrumb"},"inLanguage":"es","potentialAction":[{"@type":"ReadAction","target":["https:\/\/elregionalvm.com.ar\/noticias-villa-maria\/con-una-inversion-de-mas-de-10-millones-el-pilt-adquirio-un-equipo-para-le-mantenimiento-del-predio\/"]}]},{"@type":"ImageObject","inLanguage":"es","@id":"https:\/\/elregionalvm.com.ar\/noticias-villa-maria\/con-una-inversion-de-mas-de-10-millones-el-pilt-adquirio-un-equipo-para-le-mantenimiento-del-predio\/#primaryimage","url":"https:\/\/i0.wp.com\/elregionalvm.com.ar\/noticias-villa-maria\/wp-content\/uploads\/2025\/06\/WhatsApp-Image-2025-06-13-at-3.32.30-PM.jpeg?fit=1073%2C750&ssl=1","contentUrl":"https:\/\/i0.wp.com\/elregionalvm.com.ar\/noticias-villa-maria\/wp-content\/uploads\/2025\/06\/WhatsApp-Image-2025-06-13-at-3.32.30-PM.jpeg?fit=1073%2C750&ssl=1","width":1073,"height":750},{"@type":"BreadcrumbList","@id":"https:\/\/elregionalvm.com.ar\/noticias-villa-maria\/con-una-inversion-de-mas-de-10-millones-el-pilt-adquirio-un-equipo-para-le-mantenimiento-del-predio\/#breadcrumb","itemListElement":[{"@type":"ListItem","position":1,"name":"Portada","item":"https:\/\/elregionalvm.com.ar\/noticias-villa-maria\/"},{"@type":"ListItem","position":2,"name":"Con una inversi\u00f3n de m\u00e1s de 10 millones, el PILT adquiri\u00f3 un equipo para le mantenimiento del predio"}]},{"@type":"WebSite","@id":"http:\/\/elregionalvm.com.ar\/noticias-villa-maria\/#website","url":"http:\/\/elregionalvm.com.ar\/noticias-villa-maria\/","name":"El Regional","description":"Mucho m\u00e1s que informaci\u00f3n","potentialAction":[{"@type":"SearchAction","target":{"@type":"EntryPoint","urlTemplate":"http:\/\/elregionalvm.com.ar\/noticias-villa-maria\/?s={search_term_string}"},"query-input":{"@type":"PropertyValueSpecification","valueRequired":true,"valueName":"search_term_string"}}],"inLanguage":"es"},{"@type":"Person","@id":"http:\/\/elregionalvm.com.ar\/noticias-villa-maria\/#\/schema\/person\/a0fb9c422317faca23d50163151bc354","name":"Contenidos El Regional","image":{"@type":"ImageObject","inLanguage":"es","@id":"http:\/\/elregionalvm.com.ar\/noticias-villa-maria\/#\/schema\/person\/image\/","url":"https:\/\/secure.gravatar.com\/avatar\/265b27cb2209af7bb3a1318f03305787d7981a5cc6e6cd08fe5a4ecdf99d4b48?s=96&d=mm&r=g","contentUrl":"https:\/\/secure.gravatar.com\/avatar\/265b27cb2209af7bb3a1318f03305787d7981a5cc6e6cd08fe5a4ecdf99d4b48?s=96&d=mm&r=g","caption":"Contenidos El Regional"},"url":"https:\/\/elregionalvm.com.ar\/noticias-villa-maria\/author\/contenido\/"}]}},"jetpack_featured_media_url":"https:\/\/i0.wp.com\/elregionalvm.com.ar\/noticias-villa-maria\/wp-content\/uploads\/2025\/06\/WhatsApp-Image-2025-06-13-at-3.32.30-PM.jpeg?fit=1073%2C750&ssl=1","jetpack_sharing_enabled":true,"_links":{"self":[{"href":"https:\/\/elregionalvm.com.ar\/noticias-villa-maria\/wp-json\/wp\/v2\/posts\/107204","targetHints":{"allow":["GET"]}}],"collection":[{"href":"https:\/\/elregionalvm.com.ar\/noticias-villa-maria\/wp-json\/wp\/v2\/posts"}],"about":[{"href":"https:\/\/elregionalvm.com.ar\/noticias-villa-maria\/wp-json\/wp\/v2\/types\/post"}],"author":[{"embeddable":true,"href":"https:\/\/elregionalvm.com.ar\/noticias-villa-maria\/wp-json\/wp\/v2\/users\/4"}],"replies":[{"embeddable":true,"href":"https:\/\/elregionalvm.com.ar\/noticias-villa-maria\/wp-json\/wp\/v2\/comments?post=107204"}],"version-history":[{"count":1,"href":"https:\/\/elregionalvm.com.ar\/noticias-villa-maria\/wp-json\/wp\/v2\/posts\/107204\/revisions"}],"predecessor-version":[{"id":107206,"href":"https:\/\/elregionalvm.com.ar\/noticias-villa-maria\/wp-json\/wp\/v2\/posts\/107204\/revisions\/107206"}],"wp:featuredmedia":[{"embeddable":true,"href":"https:\/\/elregionalvm.com.ar\/noticias-villa-maria\/wp-json\/wp\/v2\/media\/107205"}],"wp:attachment":[{"href":"https:\/\/elregionalvm.com.ar\/noticias-villa-maria\/wp-json\/wp\/v2\/media?parent=107204"}],"wp:term":[{"taxonomy":"category","embeddable":true,"href":"https:\/\/elregionalvm.com.ar\/noticias-villa-maria\/wp-json\/wp\/v2\/categories?post=107204"},{"taxonomy":"post_tag","embeddable":true,"href":"https:\/\/elregionalvm.com.ar\/noticias-villa-maria\/wp-json\/wp\/v2\/tags?post=107204"}],"curies":[{"name":"wp","href":"https:\/\/api.w.org\/{rel}","templated":true}]}}