{"id":107207,"date":"2025-06-13T21:24:52","date_gmt":"2025-06-13T21:24:52","guid":{"rendered":"https:\/\/elregionalvm.com.ar\/noticias-villa-maria\/?p=107207"},"modified":"2025-06-13T21:24:54","modified_gmt":"2025-06-13T21:24:54","slug":"hoy-se-dio-la-apertura-del-viii-congreso-nacional-e-internacional-de-derecho-social","status":"publish","type":"post","link":"https:\/\/elregionalvm.com.ar\/noticias-villa-maria\/hoy-se-dio-la-apertura-del-viii-congreso-nacional-e-internacional-de-derecho-social\/","title":{"rendered":"Hoy se di\u00f3 la apertura del VIII Congreso Nacional e Internacional de Derecho Social"},"content":{"rendered":"\n<p>El intendente Eduardo Accastello particip\u00f3 de la jornada inaugural del VIII Congreso Nacional e Internacional del Grupo de Estudio de Derecho Social, que se desarrolla en el Parlamento de los Ni\u00f1os del Centro Cultural Leonardo Favio y continuar\u00e1 durante el d\u00eda viernes en el Colegio de Abogados.<\/p>\n\n\n\n<p>Apoyado por el municipio y bajo el lema \u00abEl derecho del trabajo y la seguridad social: entre la crisis y la reconstrucci\u00f3n\u00bb el evento re\u00fane a destacados disertantes y especialistas que abordan tem\u00e1ticas vinculadas a los desaf\u00edos actuales del trabajo y la protecci\u00f3n social.<\/p>\n\n\n\n<p>Durante la apertura, el intendente Accastello expres\u00f3:&nbsp;<em><strong>\u201cVilla Mar\u00eda es una ciudad que apuesta a la democracia protag\u00f3nica, al conocimiento y al trabajo digno. En un mundo atravesado por guerras visibles y otras m\u00e1s silenciosas, creemos que la educaci\u00f3n y el trabajo son los pilares del desarrollo humano. Por eso celebramos encuentros como este, que promueven el debate, la reflexi\u00f3n y la defensa de derechos\u201d.<\/strong><\/em><\/p>\n\n\n\n<p>De igual manera la presidenta del Colegio de Abogados de Villa Mar\u00eda, Itat\u00ed Demarchi Arballo, coment\u00f3:&nbsp;<em>\u2018\u2019Este Congreso nos convoca a un debate necesario y diferente, donde el derecho del trabajo y de la seguridad social deben dialogar porque hoy enfrentan una amenaza com\u00fan. Reconstruir el derecho social exige compromiso, reflexi\u00f3n, inclusi\u00f3n y oportunidades, y eso solo es posible con un debate federal, genuino y plural que escuche todas las voces. La igualdad de oportunidades ser\u00e1 real si quienes ejercemos, ense\u00f1amos y pensamos el derecho asumimos el desaf\u00edo de escribir, proponer y defenderlo con responsabilidad\u2019\u2019.<\/em><\/p>\n\n\n\n<p>Por su parte, el Juez nacional del trabajo, presidente del Grupo de Estudios de Derecho Social (GEDS) y Referente institucional del evento, Ra\u00fal Ojeda, agreg\u00f3:&nbsp;<em>\u201cPara nosotros es un placer venir a Villa Mar\u00eda, queremos agradecer al intendente por recibirnos y decir que este Congreso no es solo debate acad\u00e9mico, tambi\u00e9n es acci\u00f3n social. En un mundo que est\u00e1 en crisis, pensar es un acto de resistencia. Esta es una revoluci\u00f3n pac\u00edfica para reconstruir el mundo del trabajo que necesitamos y merecemos\u201d.<\/em><\/p>\n\n\n\n<p>Asimismo, el Secretario de Gobierno, Relaciones Institucionales y Cultura, Marcos Bovo, manifest\u00f3:&nbsp;<em>\u2018\u2019Nuevamente nuestra ciudad es sede de congresos y convenciones, en esta oportunidad vinculados con el derecho social. A partir de la reflexi\u00f3n de clases magistrales, los abogados litigantes podr\u00e1n sumar nuevos conocimientos para el desarrollo de su profesi\u00f3n. Por lo tanto, Villa Mar\u00eda, que es un polo productivo, industrial, innovador, se consolida tambi\u00e9n como ciudad del aprendizaje y del conocimiento, no solo en lo cotidiano, sino en el \u00e1mbito acad\u00e9mico. As\u00ed, contin\u00faa siendo un punto de referencia para el encuentro, el debate y la reflexi\u00f3n, asumiendo con compromiso los desaf\u00edos que el mundo actual exige\u00bb.<\/em><\/p>\n\n\n\n<p>Participaron del evento el Asesor Letrado Adjunto, Juan Manual Poncio; el vicepresidente del Colegio de Abogados, Gabriel Falchetto; entre otros abogados, camaristas y referentes del sector acad\u00e9mico. &nbsp;<\/p>\n\n\n\n<p><strong>Acerca del congreso<\/strong><\/p>\n\n\n\n<p>Cabe destacar que durante la jornada de hoy se llevaron a cabo paneles, talleres y debates en torno a los da\u00f1os en el mundo del trabajo, la agenda laboral y previsional, los derechos fundamentales, la discriminaci\u00f3n, el rol de la justicia, as\u00ed como el impacto de la inteligencia artificial en el ejercicio del derecho. Tambi\u00e9n se presentaron propuestas sobre herramientas sindicales, inclusi\u00f3n, y marcos jur\u00eddicos en la seguridad social.<\/p>\n\n\n\n<p>El encuentro, que pone en valor el intercambio acad\u00e9mico y el an\u00e1lisis cr\u00edtico sobre la realidad laboral del pa\u00eds, continuar\u00e1 ma\u00f1ana con nuevas actividades a lo largo del d\u00eda.<\/p>\n","protected":false},"excerpt":{"rendered":"<p>El intendente Eduardo Accastello particip\u00f3 de la jornada inaugural del VIII Congreso Nacional e Internacional del Grupo de Estudio de Derecho Social, que se desarrolla en el Parlamento de los Ni\u00f1os del Centro Cultural Leonardo Favio y continuar\u00e1 durante el d\u00eda viernes en el Colegio de Abogados. Apoyado por el municipio y bajo el lema [&hellip;]<\/p>\n","protected":false},"author":4,"featured_media":107208,"comment_status":"open","ping_status":"open","sticky":false,"template":"","format":"standard","meta":{"site-sidebar-layout":"default","site-content-layout":"","ast-site-content-layout":"default","site-content-style":"default","site-sidebar-style":"default","ast-global-header-display":"","ast-banner-title-visibility":"","ast-main-header-display":"","ast-hfb-above-header-display":"","ast-hfb-below-header-display":"","ast-hfb-mobile-header-display":"","site-post-title":"","ast-breadcrumbs-content":"","ast-featured-img":"","footer-sml-layout":"","ast-disable-related-posts":"","theme-transparent-header-meta":"","adv-header-id-meta":"","stick-header-meta":"","header-above-stick-meta":"","header-main-stick-meta":"","header-below-stick-meta":"","astra-migrate-meta-layouts":"set","ast-page-background-enabled":"default","ast-page-background-meta":{"desktop":{"background-color":"","background-image":"","background-repeat":"repeat","background-position":"center center","background-size":"auto","background-attachment":"scroll","background-type":"","background-media":"","overlay-type":"","overlay-color":"","overlay-opacity":"","overlay-gradient":""},"tablet":{"background-color":"","background-image":"","background-repeat":"repeat","background-position":"center center","background-size":"auto","background-attachment":"scroll","background-type":"","background-media":"","overlay-type":"","overlay-color":"","overlay-opacity":"","overlay-gradient":""},"mobile":{"background-color":"","background-image":"","background-repeat":"repeat","background-position":"center center","background-size":"auto","background-attachment":"scroll","background-type":"","background-media":"","overlay-type":"","overlay-color":"","overlay-opacity":"","overlay-gradient":""}},"ast-content-background-meta":{"desktop":{"background-color":"var(--ast-global-color-5)","background-image":"","background-repeat":"repeat","background-position":"center center","background-size":"auto","background-attachment":"scroll","background-type":"","background-media":"","overlay-type":"","overlay-color":"","overlay-opacity":"","overlay-gradient":""},"tablet":{"background-color":"var(--ast-global-color-5)","background-image":"","background-repeat":"repeat","background-position":"center center","background-size":"auto","background-attachment":"scroll","background-type":"","background-media":"","overlay-type":"","overlay-color":"","overlay-opacity":"","overlay-gradient":""},"mobile":{"background-color":"var(--ast-global-color-5)","background-image":"","background-repeat":"repeat","background-position":"center center","background-size":"auto","background-attachment":"scroll","background-type":"","background-media":"","overlay-type":"","overlay-color":"","overlay-opacity":"","overlay-gradient":""}},"_jetpack_memberships_contains_paid_content":false,"_joinchat":[],"footnotes":""},"categories":[15302,5,2],"tags":[],"class_list":["post-107207","post","type-post","status-publish","format-standard","has-post-thumbnail","hentry","category-destacado","category-sociedad","category-villa-maria"],"yoast_head":"<!-- This site is optimized with the Yoast SEO plugin v26.8 - https:\/\/yoast.com\/product\/yoast-seo-wordpress\/ -->\n<title>Hoy se di\u00f3 la apertura del VIII Congreso Nacional e Internacional de Derecho Social - El Regional<\/title>\n<meta name=\"robots\" content=\"index, follow, max-snippet:-1, max-image-preview:large, max-video-preview:-1\" \/>\n<link rel=\"canonical\" href=\"https:\/\/elregionalvm.com.ar\/noticias-villa-maria\/hoy-se-dio-la-apertura-del-viii-congreso-nacional-e-internacional-de-derecho-social\/\" \/>\n<meta property=\"og:locale\" content=\"es_ES\" \/>\n<meta property=\"og:type\" content=\"article\" \/>\n<meta property=\"og:title\" content=\"Hoy se di\u00f3 la apertura del VIII Congreso Nacional e Internacional de Derecho Social - El Regional\" \/>\n<meta property=\"og:description\" content=\"El intendente Eduardo Accastello particip\u00f3 de la jornada inaugural del VIII Congreso Nacional e Internacional del Grupo de Estudio de Derecho Social, que se desarrolla en el Parlamento de los Ni\u00f1os del Centro Cultural Leonardo Favio y continuar\u00e1 durante el d\u00eda viernes en el Colegio de Abogados. Apoyado por el municipio y bajo el lema [&hellip;]\" \/>\n<meta property=\"og:url\" content=\"https:\/\/elregionalvm.com.ar\/noticias-villa-maria\/hoy-se-dio-la-apertura-del-viii-congreso-nacional-e-internacional-de-derecho-social\/\" \/>\n<meta property=\"og:site_name\" content=\"El Regional\" \/>\n<meta property=\"article:publisher\" content=\"https:\/\/www.facebook.com\/elregionalvm\" \/>\n<meta property=\"article:published_time\" content=\"2025-06-13T21:24:52+00:00\" \/>\n<meta property=\"article:modified_time\" content=\"2025-06-13T21:24:54+00:00\" \/>\n<meta property=\"og:image\" content=\"https:\/\/elregionalvm.com.ar\/noticias-villa-maria\/wp-content\/uploads\/2025\/06\/7f7acb84db014ee39ccbf74fb238b654.jpeg\" \/>\n\t<meta property=\"og:image:width\" content=\"800\" \/>\n\t<meta property=\"og:image:height\" content=\"600\" \/>\n\t<meta property=\"og:image:type\" content=\"image\/jpeg\" \/>\n<meta name=\"author\" content=\"Contenidos El Regional\" \/>\n<meta name=\"twitter:card\" content=\"summary_large_image\" \/>\n<meta name=\"twitter:creator\" content=\"@elregionalvm1\" \/>\n<meta name=\"twitter:site\" content=\"@elregionalvm1\" \/>\n<meta name=\"twitter:label1\" content=\"Escrito por\" \/>\n\t<meta name=\"twitter:data1\" content=\"Contenidos El Regional\" \/>\n\t<meta name=\"twitter:label2\" content=\"Tiempo de lectura\" \/>\n\t<meta name=\"twitter:data2\" content=\"3 minutos\" \/>\n<script type=\"application\/ld+json\" class=\"yoast-schema-graph\">{\"@context\":\"https:\/\/schema.org\",\"@graph\":[{\"@type\":\"Article\",\"@id\":\"https:\/\/elregionalvm.com.ar\/noticias-villa-maria\/hoy-se-dio-la-apertura-del-viii-congreso-nacional-e-internacional-de-derecho-social\/#article\",\"isPartOf\":{\"@id\":\"https:\/\/elregionalvm.com.ar\/noticias-villa-maria\/hoy-se-dio-la-apertura-del-viii-congreso-nacional-e-internacional-de-derecho-social\/\"},\"author\":{\"name\":\"Contenidos El Regional\",\"@id\":\"http:\/\/elregionalvm.com.ar\/noticias-villa-maria\/#\/schema\/person\/a0fb9c422317faca23d50163151bc354\"},\"headline\":\"Hoy se di\u00f3 la apertura del VIII Congreso Nacional e Internacional de Derecho Social\",\"datePublished\":\"2025-06-13T21:24:52+00:00\",\"dateModified\":\"2025-06-13T21:24:54+00:00\",\"mainEntityOfPage\":{\"@id\":\"https:\/\/elregionalvm.com.ar\/noticias-villa-maria\/hoy-se-dio-la-apertura-del-viii-congreso-nacional-e-internacional-de-derecho-social\/\"},\"wordCount\":633,\"commentCount\":0,\"image\":{\"@id\":\"https:\/\/elregionalvm.com.ar\/noticias-villa-maria\/hoy-se-dio-la-apertura-del-viii-congreso-nacional-e-internacional-de-derecho-social\/#primaryimage\"},\"thumbnailUrl\":\"https:\/\/i0.wp.com\/elregionalvm.com.ar\/noticias-villa-maria\/wp-content\/uploads\/2025\/06\/7f7acb84db014ee39ccbf74fb238b654.jpeg?fit=800%2C600&ssl=1\",\"articleSection\":[\"destacado\",\"Sociedad\",\"Villa Mar\u00eda\"],\"inLanguage\":\"es\",\"potentialAction\":[{\"@type\":\"CommentAction\",\"name\":\"Comment\",\"target\":[\"https:\/\/elregionalvm.com.ar\/noticias-villa-maria\/hoy-se-dio-la-apertura-del-viii-congreso-nacional-e-internacional-de-derecho-social\/#respond\"]}]},{\"@type\":\"WebPage\",\"@id\":\"https:\/\/elregionalvm.com.ar\/noticias-villa-maria\/hoy-se-dio-la-apertura-del-viii-congreso-nacional-e-internacional-de-derecho-social\/\",\"url\":\"https:\/\/elregionalvm.com.ar\/noticias-villa-maria\/hoy-se-dio-la-apertura-del-viii-congreso-nacional-e-internacional-de-derecho-social\/\",\"name\":\"Hoy se di\u00f3 la apertura del VIII Congreso Nacional e Internacional de Derecho Social - El Regional\",\"isPartOf\":{\"@id\":\"http:\/\/elregionalvm.com.ar\/noticias-villa-maria\/#website\"},\"primaryImageOfPage\":{\"@id\":\"https:\/\/elregionalvm.com.ar\/noticias-villa-maria\/hoy-se-dio-la-apertura-del-viii-congreso-nacional-e-internacional-de-derecho-social\/#primaryimage\"},\"image\":{\"@id\":\"https:\/\/elregionalvm.com.ar\/noticias-villa-maria\/hoy-se-dio-la-apertura-del-viii-congreso-nacional-e-internacional-de-derecho-social\/#primaryimage\"},\"thumbnailUrl\":\"https:\/\/i0.wp.com\/elregionalvm.com.ar\/noticias-villa-maria\/wp-content\/uploads\/2025\/06\/7f7acb84db014ee39ccbf74fb238b654.jpeg?fit=800%2C600&ssl=1\",\"datePublished\":\"2025-06-13T21:24:52+00:00\",\"dateModified\":\"2025-06-13T21:24:54+00:00\",\"author\":{\"@id\":\"http:\/\/elregionalvm.com.ar\/noticias-villa-maria\/#\/schema\/person\/a0fb9c422317faca23d50163151bc354\"},\"breadcrumb\":{\"@id\":\"https:\/\/elregionalvm.com.ar\/noticias-villa-maria\/hoy-se-dio-la-apertura-del-viii-congreso-nacional-e-internacional-de-derecho-social\/#breadcrumb\"},\"inLanguage\":\"es\",\"potentialAction\":[{\"@type\":\"ReadAction\",\"target\":[\"https:\/\/elregionalvm.com.ar\/noticias-villa-maria\/hoy-se-dio-la-apertura-del-viii-congreso-nacional-e-internacional-de-derecho-social\/\"]}]},{\"@type\":\"ImageObject\",\"inLanguage\":\"es\",\"@id\":\"https:\/\/elregionalvm.com.ar\/noticias-villa-maria\/hoy-se-dio-la-apertura-del-viii-congreso-nacional-e-internacional-de-derecho-social\/#primaryimage\",\"url\":\"https:\/\/i0.wp.com\/elregionalvm.com.ar\/noticias-villa-maria\/wp-content\/uploads\/2025\/06\/7f7acb84db014ee39ccbf74fb238b654.jpeg?fit=800%2C600&ssl=1\",\"contentUrl\":\"https:\/\/i0.wp.com\/elregionalvm.com.ar\/noticias-villa-maria\/wp-content\/uploads\/2025\/06\/7f7acb84db014ee39ccbf74fb238b654.jpeg?fit=800%2C600&ssl=1\",\"width\":800,\"height\":600},{\"@type\":\"BreadcrumbList\",\"@id\":\"https:\/\/elregionalvm.com.ar\/noticias-villa-maria\/hoy-se-dio-la-apertura-del-viii-congreso-nacional-e-internacional-de-derecho-social\/#breadcrumb\",\"itemListElement\":[{\"@type\":\"ListItem\",\"position\":1,\"name\":\"Portada\",\"item\":\"https:\/\/elregionalvm.com.ar\/noticias-villa-maria\/\"},{\"@type\":\"ListItem\",\"position\":2,\"name\":\"Hoy se di\u00f3 la apertura del VIII Congreso Nacional e Internacional de Derecho Social\"}]},{\"@type\":\"WebSite\",\"@id\":\"http:\/\/elregionalvm.com.ar\/noticias-villa-maria\/#website\",\"url\":\"http:\/\/elregionalvm.com.ar\/noticias-villa-maria\/\",\"name\":\"El Regional\",\"description\":\"Mucho m\u00e1s que informaci\u00f3n\",\"potentialAction\":[{\"@type\":\"SearchAction\",\"target\":{\"@type\":\"EntryPoint\",\"urlTemplate\":\"http:\/\/elregionalvm.com.ar\/noticias-villa-maria\/?s={search_term_string}\"},\"query-input\":{\"@type\":\"PropertyValueSpecification\",\"valueRequired\":true,\"valueName\":\"search_term_string\"}}],\"inLanguage\":\"es\"},{\"@type\":\"Person\",\"@id\":\"http:\/\/elregionalvm.com.ar\/noticias-villa-maria\/#\/schema\/person\/a0fb9c422317faca23d50163151bc354\",\"name\":\"Contenidos El Regional\",\"image\":{\"@type\":\"ImageObject\",\"inLanguage\":\"es\",\"@id\":\"http:\/\/elregionalvm.com.ar\/noticias-villa-maria\/#\/schema\/person\/image\/\",\"url\":\"https:\/\/secure.gravatar.com\/avatar\/265b27cb2209af7bb3a1318f03305787d7981a5cc6e6cd08fe5a4ecdf99d4b48?s=96&d=mm&r=g\",\"contentUrl\":\"https:\/\/secure.gravatar.com\/avatar\/265b27cb2209af7bb3a1318f03305787d7981a5cc6e6cd08fe5a4ecdf99d4b48?s=96&d=mm&r=g\",\"caption\":\"Contenidos El Regional\"},\"url\":\"https:\/\/elregionalvm.com.ar\/noticias-villa-maria\/author\/contenido\/\"}]}<\/script>\n<!-- \/ Yoast SEO plugin. -->","yoast_head_json":{"title":"Hoy se di\u00f3 la apertura del VIII Congreso Nacional e Internacional de Derecho Social - El Regional","robots":{"index":"index","follow":"follow","max-snippet":"max-snippet:-1","max-image-preview":"max-image-preview:large","max-video-preview":"max-video-preview:-1"},"canonical":"https:\/\/elregionalvm.com.ar\/noticias-villa-maria\/hoy-se-dio-la-apertura-del-viii-congreso-nacional-e-internacional-de-derecho-social\/","og_locale":"es_ES","og_type":"article","og_title":"Hoy se di\u00f3 la apertura del VIII Congreso Nacional e Internacional de Derecho Social - El Regional","og_description":"El intendente Eduardo Accastello particip\u00f3 de la jornada inaugural del VIII Congreso Nacional e Internacional del Grupo de Estudio de Derecho Social, que se desarrolla en el Parlamento de los Ni\u00f1os del Centro Cultural Leonardo Favio y continuar\u00e1 durante el d\u00eda viernes en el Colegio de Abogados. Apoyado por el municipio y bajo el lema [&hellip;]","og_url":"https:\/\/elregionalvm.com.ar\/noticias-villa-maria\/hoy-se-dio-la-apertura-del-viii-congreso-nacional-e-internacional-de-derecho-social\/","og_site_name":"El Regional","article_publisher":"https:\/\/www.facebook.com\/elregionalvm","article_published_time":"2025-06-13T21:24:52+00:00","article_modified_time":"2025-06-13T21:24:54+00:00","og_image":[{"width":800,"height":600,"url":"https:\/\/elregionalvm.com.ar\/noticias-villa-maria\/wp-content\/uploads\/2025\/06\/7f7acb84db014ee39ccbf74fb238b654.jpeg","type":"image\/jpeg"}],"author":"Contenidos El Regional","twitter_card":"summary_large_image","twitter_creator":"@elregionalvm1","twitter_site":"@elregionalvm1","twitter_misc":{"Escrito por":"Contenidos El Regional","Tiempo de lectura":"3 minutos"},"schema":{"@context":"https:\/\/schema.org","@graph":[{"@type":"Article","@id":"https:\/\/elregionalvm.com.ar\/noticias-villa-maria\/hoy-se-dio-la-apertura-del-viii-congreso-nacional-e-internacional-de-derecho-social\/#article","isPartOf":{"@id":"https:\/\/elregionalvm.com.ar\/noticias-villa-maria\/hoy-se-dio-la-apertura-del-viii-congreso-nacional-e-internacional-de-derecho-social\/"},"author":{"name":"Contenidos El Regional","@id":"http:\/\/elregionalvm.com.ar\/noticias-villa-maria\/#\/schema\/person\/a0fb9c422317faca23d50163151bc354"},"headline":"Hoy se di\u00f3 la apertura del VIII Congreso Nacional e Internacional de Derecho Social","datePublished":"2025-06-13T21:24:52+00:00","dateModified":"2025-06-13T21:24:54+00:00","mainEntityOfPage":{"@id":"https:\/\/elregionalvm.com.ar\/noticias-villa-maria\/hoy-se-dio-la-apertura-del-viii-congreso-nacional-e-internacional-de-derecho-social\/"},"wordCount":633,"commentCount":0,"image":{"@id":"https:\/\/elregionalvm.com.ar\/noticias-villa-maria\/hoy-se-dio-la-apertura-del-viii-congreso-nacional-e-internacional-de-derecho-social\/#primaryimage"},"thumbnailUrl":"https:\/\/i0.wp.com\/elregionalvm.com.ar\/noticias-villa-maria\/wp-content\/uploads\/2025\/06\/7f7acb84db014ee39ccbf74fb238b654.jpeg?fit=800%2C600&ssl=1","articleSection":["destacado","Sociedad","Villa Mar\u00eda"],"inLanguage":"es","potentialAction":[{"@type":"CommentAction","name":"Comment","target":["https:\/\/elregionalvm.com.ar\/noticias-villa-maria\/hoy-se-dio-la-apertura-del-viii-congreso-nacional-e-internacional-de-derecho-social\/#respond"]}]},{"@type":"WebPage","@id":"https:\/\/elregionalvm.com.ar\/noticias-villa-maria\/hoy-se-dio-la-apertura-del-viii-congreso-nacional-e-internacional-de-derecho-social\/","url":"https:\/\/elregionalvm.com.ar\/noticias-villa-maria\/hoy-se-dio-la-apertura-del-viii-congreso-nacional-e-internacional-de-derecho-social\/","name":"Hoy se di\u00f3 la apertura del VIII Congreso Nacional e Internacional de Derecho Social - El Regional","isPartOf":{"@id":"http:\/\/elregionalvm.com.ar\/noticias-villa-maria\/#website"},"primaryImageOfPage":{"@id":"https:\/\/elregionalvm.com.ar\/noticias-villa-maria\/hoy-se-dio-la-apertura-del-viii-congreso-nacional-e-internacional-de-derecho-social\/#primaryimage"},"image":{"@id":"https:\/\/elregionalvm.com.ar\/noticias-villa-maria\/hoy-se-dio-la-apertura-del-viii-congreso-nacional-e-internacional-de-derecho-social\/#primaryimage"},"thumbnailUrl":"https:\/\/i0.wp.com\/elregionalvm.com.ar\/noticias-villa-maria\/wp-content\/uploads\/2025\/06\/7f7acb84db014ee39ccbf74fb238b654.jpeg?fit=800%2C600&ssl=1","datePublished":"2025-06-13T21:24:52+00:00","dateModified":"2025-06-13T21:24:54+00:00","author":{"@id":"http:\/\/elregionalvm.com.ar\/noticias-villa-maria\/#\/schema\/person\/a0fb9c422317faca23d50163151bc354"},"breadcrumb":{"@id":"https:\/\/elregionalvm.com.ar\/noticias-villa-maria\/hoy-se-dio-la-apertura-del-viii-congreso-nacional-e-internacional-de-derecho-social\/#breadcrumb"},"inLanguage":"es","potentialAction":[{"@type":"ReadAction","target":["https:\/\/elregionalvm.com.ar\/noticias-villa-maria\/hoy-se-dio-la-apertura-del-viii-congreso-nacional-e-internacional-de-derecho-social\/"]}]},{"@type":"ImageObject","inLanguage":"es","@id":"https:\/\/elregionalvm.com.ar\/noticias-villa-maria\/hoy-se-dio-la-apertura-del-viii-congreso-nacional-e-internacional-de-derecho-social\/#primaryimage","url":"https:\/\/i0.wp.com\/elregionalvm.com.ar\/noticias-villa-maria\/wp-content\/uploads\/2025\/06\/7f7acb84db014ee39ccbf74fb238b654.jpeg?fit=800%2C600&ssl=1","contentUrl":"https:\/\/i0.wp.com\/elregionalvm.com.ar\/noticias-villa-maria\/wp-content\/uploads\/2025\/06\/7f7acb84db014ee39ccbf74fb238b654.jpeg?fit=800%2C600&ssl=1","width":800,"height":600},{"@type":"BreadcrumbList","@id":"https:\/\/elregionalvm.com.ar\/noticias-villa-maria\/hoy-se-dio-la-apertura-del-viii-congreso-nacional-e-internacional-de-derecho-social\/#breadcrumb","itemListElement":[{"@type":"ListItem","position":1,"name":"Portada","item":"https:\/\/elregionalvm.com.ar\/noticias-villa-maria\/"},{"@type":"ListItem","position":2,"name":"Hoy se di\u00f3 la apertura del VIII Congreso Nacional e Internacional de Derecho Social"}]},{"@type":"WebSite","@id":"http:\/\/elregionalvm.com.ar\/noticias-villa-maria\/#website","url":"http:\/\/elregionalvm.com.ar\/noticias-villa-maria\/","name":"El Regional","description":"Mucho m\u00e1s que informaci\u00f3n","potentialAction":[{"@type":"SearchAction","target":{"@type":"EntryPoint","urlTemplate":"http:\/\/elregionalvm.com.ar\/noticias-villa-maria\/?s={search_term_string}"},"query-input":{"@type":"PropertyValueSpecification","valueRequired":true,"valueName":"search_term_string"}}],"inLanguage":"es"},{"@type":"Person","@id":"http:\/\/elregionalvm.com.ar\/noticias-villa-maria\/#\/schema\/person\/a0fb9c422317faca23d50163151bc354","name":"Contenidos El Regional","image":{"@type":"ImageObject","inLanguage":"es","@id":"http:\/\/elregionalvm.com.ar\/noticias-villa-maria\/#\/schema\/person\/image\/","url":"https:\/\/secure.gravatar.com\/avatar\/265b27cb2209af7bb3a1318f03305787d7981a5cc6e6cd08fe5a4ecdf99d4b48?s=96&d=mm&r=g","contentUrl":"https:\/\/secure.gravatar.com\/avatar\/265b27cb2209af7bb3a1318f03305787d7981a5cc6e6cd08fe5a4ecdf99d4b48?s=96&d=mm&r=g","caption":"Contenidos El Regional"},"url":"https:\/\/elregionalvm.com.ar\/noticias-villa-maria\/author\/contenido\/"}]}},"jetpack_featured_media_url":"https:\/\/i0.wp.com\/elregionalvm.com.ar\/noticias-villa-maria\/wp-content\/uploads\/2025\/06\/7f7acb84db014ee39ccbf74fb238b654.jpeg?fit=800%2C600&ssl=1","jetpack_sharing_enabled":true,"_links":{"self":[{"href":"https:\/\/elregionalvm.com.ar\/noticias-villa-maria\/wp-json\/wp\/v2\/posts\/107207","targetHints":{"allow":["GET"]}}],"collection":[{"href":"https:\/\/elregionalvm.com.ar\/noticias-villa-maria\/wp-json\/wp\/v2\/posts"}],"about":[{"href":"https:\/\/elregionalvm.com.ar\/noticias-villa-maria\/wp-json\/wp\/v2\/types\/post"}],"author":[{"embeddable":true,"href":"https:\/\/elregionalvm.com.ar\/noticias-villa-maria\/wp-json\/wp\/v2\/users\/4"}],"replies":[{"embeddable":true,"href":"https:\/\/elregionalvm.com.ar\/noticias-villa-maria\/wp-json\/wp\/v2\/comments?post=107207"}],"version-history":[{"count":1,"href":"https:\/\/elregionalvm.com.ar\/noticias-villa-maria\/wp-json\/wp\/v2\/posts\/107207\/revisions"}],"predecessor-version":[{"id":107209,"href":"https:\/\/elregionalvm.com.ar\/noticias-villa-maria\/wp-json\/wp\/v2\/posts\/107207\/revisions\/107209"}],"wp:featuredmedia":[{"embeddable":true,"href":"https:\/\/elregionalvm.com.ar\/noticias-villa-maria\/wp-json\/wp\/v2\/media\/107208"}],"wp:attachment":[{"href":"https:\/\/elregionalvm.com.ar\/noticias-villa-maria\/wp-json\/wp\/v2\/media?parent=107207"}],"wp:term":[{"taxonomy":"category","embeddable":true,"href":"https:\/\/elregionalvm.com.ar\/noticias-villa-maria\/wp-json\/wp\/v2\/categories?post=107207"},{"taxonomy":"post_tag","embeddable":true,"href":"https:\/\/elregionalvm.com.ar\/noticias-villa-maria\/wp-json\/wp\/v2\/tags?post=107207"}],"curies":[{"name":"wp","href":"https:\/\/api.w.org\/{rel}","templated":true}]}}