{"id":107220,"date":"2025-06-13T21:37:46","date_gmt":"2025-06-13T21:37:46","guid":{"rendered":"https:\/\/elregionalvm.com.ar\/noticias-villa-maria\/?p=107220"},"modified":"2025-06-13T21:37:49","modified_gmt":"2025-06-13T21:37:49","slug":"la-salud-publica-de-cordoba-incorpora-cirugias-endoscopicas-de-columna","status":"publish","type":"post","link":"https:\/\/elregionalvm.com.ar\/noticias-villa-maria\/la-salud-publica-de-cordoba-incorpora-cirugias-endoscopicas-de-columna\/","title":{"rendered":"La salud p\u00fablica de C\u00f3rdoba incorpora cirug\u00edas endosc\u00f3picas de columna"},"content":{"rendered":"\n<ul class=\"wp-block-list\">\n<li><strong>Se destacan por una recuperaci\u00f3n m\u00e1s r\u00e1pida y menor dolor postoperatorio.<\/strong><\/li>\n\n\n\n<li><strong>Su incorporaci\u00f3n en el sistema p\u00fablico representa un avance significativo al ampliar el acceso a tratamientos innovadores y de calidad para toda la poblaci\u00f3n.<\/strong><\/li>\n\n\n\n<li><strong>Se realizan en el hospital San Roque.<\/strong><\/li>\n<\/ul>\n\n\n\n<p>El Hospital San Roque, a trav\u00e9s del Servicio de Traumatolog\u00eda, realiz\u00f3 las primeras cuatro cirug\u00edas endosc\u00f3picas de columna en el sistema p\u00fablico de salud de la provincia de C\u00f3rdoba.<\/p>\n\n\n\n<p>Este procedimiento quir\u00fargico m\u00ednimamente invasivo permite tratar diferentes afecciones frecuentes de la columna vertebral, como hernias de disco, estenosis espinal o compresiones nerviosas.<\/p>\n\n\n\n<p>Hasta ahora, esta t\u00e9cnica de alta complejidad era realizada por pocos profesionales en la provincia y \u00fanicamente en el \u00e1mbito privado. Su incorporaci\u00f3n en el sistema p\u00fablico representa un avance significativo al ampliar el acceso a tratamientos innovadores y de calidad para toda la poblaci\u00f3n.<\/p>\n\n\n\n<p>Entre las principales ventajas del procedimiento se destaca su car\u00e1cter ambulatorio: las personas son operadas por la ma\u00f1ana y pueden recibir el alta m\u00e9dica ese mismo d\u00eda por la tarde. Al no depender de la disponibilidad de camas, la incorporaci\u00f3n de esta t\u00e9cnica permitir\u00e1 realizar m\u00e1s cirug\u00edas y mejorar la respuesta del sistema p\u00fablico ante estas patolog\u00edas.<\/p>\n\n\n\n<p><em>\u201cUn paciente con una hernia de disco que no responde al tratamiento m\u00e9dico puede operarse y, dependiendo de su tolerancia al dolor, estar en su casa a las pocas horas\u201d<\/em>, se\u00f1al\u00f3 Lucas Le\u00f3n, m\u00e9dico cirujano especialista en columna y quien realiz\u00f3 las intervenciones.<\/p>\n\n\n\n<p><em>\u201cNos llena de orgullo ser pioneros en este tipo de cirug\u00eda, que representa un beneficio tanto para el paciente como para la instituci\u00f3n\u201d,<\/em>&nbsp;destac\u00f3 la doctora Liliana Sarquisian, jefa del servicio de ortopedia y traumatolog\u00eda del hospital. En la misma l\u00ednea, la profesional remarc\u00f3 que este tipo de intervenciones innovadoras contribuyen a reducir los costos para ambos, paciente e instituci\u00f3n.<\/p>\n\n\n\n<p>La cirug\u00eda se lleva a cabo mediante un endoscopio, un instrumento delgado con una c\u00e1mara y luz en la punta que permite ver el interior del cuerpo sin tener que hacer una incisi\u00f3n grande. A trav\u00e9s de esta v\u00eda se introducen herramientas quir\u00fargicas especializadas para tratar el problema en la columna con precisi\u00f3n y peque\u00f1as incisiones (generalmente de menos de 1 cm).<\/p>\n\n\n\n<p><em>\u201cEl endoscopio tiene 6 mil\u00edmetros de di\u00e1metro y permite, a trav\u00e9s de un sistema de c\u00e1maras, ver directamente el lugar donde estamos trabajando. Es una t\u00e9cnica con muchos beneficios, sobre todo en el postoperatorio\u201d<\/em>, explic\u00f3 Le\u00f3n.<\/p>\n\n\n\n<p>Al requerir incisiones peque\u00f1as, se reduce el da\u00f1o a los tejidos blandos, m\u00fasculos y ligamentos alrededor de la columna.&nbsp;<em>\u201cLa morbilidad es mucho menor y el riesgo de infecciones tambi\u00e9n, lo que aumenta significativamente el porcentaje de \u00e9xito frente a una cirug\u00eda convencional\u201d<\/em>, agreg\u00f3 Sarquisian.<\/p>\n","protected":false},"excerpt":{"rendered":"<p>El Hospital San Roque, a trav\u00e9s del Servicio de Traumatolog\u00eda, realiz\u00f3 las primeras cuatro cirug\u00edas endosc\u00f3picas de columna en el sistema p\u00fablico de salud de la provincia de C\u00f3rdoba. Este procedimiento quir\u00fargico m\u00ednimamente invasivo permite tratar diferentes afecciones frecuentes de la columna vertebral, como hernias de disco, estenosis espinal o compresiones nerviosas. Hasta ahora, esta [&hellip;]<\/p>\n","protected":false},"author":4,"featured_media":107221,"comment_status":"open","ping_status":"open","sticky":false,"template":"","format":"standard","meta":{"site-sidebar-layout":"default","site-content-layout":"","ast-site-content-layout":"default","site-content-style":"default","site-sidebar-style":"default","ast-global-header-display":"","ast-banner-title-visibility":"","ast-main-header-display":"","ast-hfb-above-header-display":"","ast-hfb-below-header-display":"","ast-hfb-mobile-header-display":"","site-post-title":"","ast-breadcrumbs-content":"","ast-featured-img":"","footer-sml-layout":"","ast-disable-related-posts":"","theme-transparent-header-meta":"","adv-header-id-meta":"","stick-header-meta":"","header-above-stick-meta":"","header-main-stick-meta":"","header-below-stick-meta":"","astra-migrate-meta-layouts":"set","ast-page-background-enabled":"default","ast-page-background-meta":{"desktop":{"background-color":"","background-image":"","background-repeat":"repeat","background-position":"center center","background-size":"auto","background-attachment":"scroll","background-type":"","background-media":"","overlay-type":"","overlay-color":"","overlay-opacity":"","overlay-gradient":""},"tablet":{"background-color":"","background-image":"","background-repeat":"repeat","background-position":"center center","background-size":"auto","background-attachment":"scroll","background-type":"","background-media":"","overlay-type":"","overlay-color":"","overlay-opacity":"","overlay-gradient":""},"mobile":{"background-color":"","background-image":"","background-repeat":"repeat","background-position":"center center","background-size":"auto","background-attachment":"scroll","background-type":"","background-media":"","overlay-type":"","overlay-color":"","overlay-opacity":"","overlay-gradient":""}},"ast-content-background-meta":{"desktop":{"background-color":"var(--ast-global-color-5)","background-image":"","background-repeat":"repeat","background-position":"center center","background-size":"auto","background-attachment":"scroll","background-type":"","background-media":"","overlay-type":"","overlay-color":"","overlay-opacity":"","overlay-gradient":""},"tablet":{"background-color":"var(--ast-global-color-5)","background-image":"","background-repeat":"repeat","background-position":"center center","background-size":"auto","background-attachment":"scroll","background-type":"","background-media":"","overlay-type":"","overlay-color":"","overlay-opacity":"","overlay-gradient":""},"mobile":{"background-color":"var(--ast-global-color-5)","background-image":"","background-repeat":"repeat","background-position":"center center","background-size":"auto","background-attachment":"scroll","background-type":"","background-media":"","overlay-type":"","overlay-color":"","overlay-opacity":"","overlay-gradient":""}},"_jetpack_memberships_contains_paid_content":false,"_joinchat":[],"footnotes":""},"categories":[15302,16095,5],"tags":[],"class_list":["post-107220","post","type-post","status-publish","format-standard","has-post-thumbnail","hentry","category-destacado","category-provinciales","category-sociedad"],"yoast_head":"<!-- This site is optimized with the Yoast SEO plugin v26.8 - https:\/\/yoast.com\/product\/yoast-seo-wordpress\/ -->\n<title>La salud p\u00fablica de C\u00f3rdoba incorpora cirug\u00edas endosc\u00f3picas de columna - El Regional<\/title>\n<meta name=\"robots\" content=\"index, follow, max-snippet:-1, max-image-preview:large, max-video-preview:-1\" \/>\n<link rel=\"canonical\" href=\"https:\/\/elregionalvm.com.ar\/noticias-villa-maria\/la-salud-publica-de-cordoba-incorpora-cirugias-endoscopicas-de-columna\/\" \/>\n<meta property=\"og:locale\" content=\"es_ES\" \/>\n<meta property=\"og:type\" content=\"article\" \/>\n<meta property=\"og:title\" content=\"La salud p\u00fablica de C\u00f3rdoba incorpora cirug\u00edas endosc\u00f3picas de columna - El Regional\" \/>\n<meta property=\"og:description\" content=\"El Hospital San Roque, a trav\u00e9s del Servicio de Traumatolog\u00eda, realiz\u00f3 las primeras cuatro cirug\u00edas endosc\u00f3picas de columna en el sistema p\u00fablico de salud de la provincia de C\u00f3rdoba. Este procedimiento quir\u00fargico m\u00ednimamente invasivo permite tratar diferentes afecciones frecuentes de la columna vertebral, como hernias de disco, estenosis espinal o compresiones nerviosas. Hasta ahora, esta [&hellip;]\" \/>\n<meta property=\"og:url\" content=\"https:\/\/elregionalvm.com.ar\/noticias-villa-maria\/la-salud-publica-de-cordoba-incorpora-cirugias-endoscopicas-de-columna\/\" \/>\n<meta property=\"og:site_name\" content=\"El Regional\" \/>\n<meta property=\"article:publisher\" content=\"https:\/\/www.facebook.com\/elregionalvm\" \/>\n<meta property=\"article:published_time\" content=\"2025-06-13T21:37:46+00:00\" \/>\n<meta property=\"article:modified_time\" content=\"2025-06-13T21:37:49+00:00\" \/>\n<meta property=\"og:image\" content=\"https:\/\/elregionalvm.com.ar\/noticias-villa-maria\/wp-content\/uploads\/2025\/06\/San-Roque8536-1-1.jpg\" \/>\n\t<meta property=\"og:image:width\" content=\"993\" \/>\n\t<meta property=\"og:image:height\" content=\"660\" \/>\n\t<meta property=\"og:image:type\" content=\"image\/jpeg\" \/>\n<meta name=\"author\" content=\"Contenidos El Regional\" \/>\n<meta name=\"twitter:card\" content=\"summary_large_image\" \/>\n<meta name=\"twitter:creator\" content=\"@elregionalvm1\" \/>\n<meta name=\"twitter:site\" content=\"@elregionalvm1\" \/>\n<meta name=\"twitter:label1\" content=\"Escrito por\" \/>\n\t<meta name=\"twitter:data1\" content=\"Contenidos El Regional\" \/>\n\t<meta name=\"twitter:label2\" content=\"Tiempo de lectura\" \/>\n\t<meta name=\"twitter:data2\" content=\"3 minutos\" \/>\n<script type=\"application\/ld+json\" class=\"yoast-schema-graph\">{\"@context\":\"https:\/\/schema.org\",\"@graph\":[{\"@type\":\"Article\",\"@id\":\"https:\/\/elregionalvm.com.ar\/noticias-villa-maria\/la-salud-publica-de-cordoba-incorpora-cirugias-endoscopicas-de-columna\/#article\",\"isPartOf\":{\"@id\":\"https:\/\/elregionalvm.com.ar\/noticias-villa-maria\/la-salud-publica-de-cordoba-incorpora-cirugias-endoscopicas-de-columna\/\"},\"author\":{\"name\":\"Contenidos El Regional\",\"@id\":\"http:\/\/elregionalvm.com.ar\/noticias-villa-maria\/#\/schema\/person\/a0fb9c422317faca23d50163151bc354\"},\"headline\":\"La salud p\u00fablica de C\u00f3rdoba incorpora cirug\u00edas endosc\u00f3picas de columna\",\"datePublished\":\"2025-06-13T21:37:46+00:00\",\"dateModified\":\"2025-06-13T21:37:49+00:00\",\"mainEntityOfPage\":{\"@id\":\"https:\/\/elregionalvm.com.ar\/noticias-villa-maria\/la-salud-publica-de-cordoba-incorpora-cirugias-endoscopicas-de-columna\/\"},\"wordCount\":512,\"commentCount\":0,\"image\":{\"@id\":\"https:\/\/elregionalvm.com.ar\/noticias-villa-maria\/la-salud-publica-de-cordoba-incorpora-cirugias-endoscopicas-de-columna\/#primaryimage\"},\"thumbnailUrl\":\"https:\/\/i0.wp.com\/elregionalvm.com.ar\/noticias-villa-maria\/wp-content\/uploads\/2025\/06\/San-Roque8536-1-1.jpg?fit=993%2C660&ssl=1\",\"articleSection\":[\"destacado\",\"Provinciales\",\"Sociedad\"],\"inLanguage\":\"es\",\"potentialAction\":[{\"@type\":\"CommentAction\",\"name\":\"Comment\",\"target\":[\"https:\/\/elregionalvm.com.ar\/noticias-villa-maria\/la-salud-publica-de-cordoba-incorpora-cirugias-endoscopicas-de-columna\/#respond\"]}]},{\"@type\":\"WebPage\",\"@id\":\"https:\/\/elregionalvm.com.ar\/noticias-villa-maria\/la-salud-publica-de-cordoba-incorpora-cirugias-endoscopicas-de-columna\/\",\"url\":\"https:\/\/elregionalvm.com.ar\/noticias-villa-maria\/la-salud-publica-de-cordoba-incorpora-cirugias-endoscopicas-de-columna\/\",\"name\":\"La salud p\u00fablica de C\u00f3rdoba incorpora cirug\u00edas endosc\u00f3picas de columna - El Regional\",\"isPartOf\":{\"@id\":\"http:\/\/elregionalvm.com.ar\/noticias-villa-maria\/#website\"},\"primaryImageOfPage\":{\"@id\":\"https:\/\/elregionalvm.com.ar\/noticias-villa-maria\/la-salud-publica-de-cordoba-incorpora-cirugias-endoscopicas-de-columna\/#primaryimage\"},\"image\":{\"@id\":\"https:\/\/elregionalvm.com.ar\/noticias-villa-maria\/la-salud-publica-de-cordoba-incorpora-cirugias-endoscopicas-de-columna\/#primaryimage\"},\"thumbnailUrl\":\"https:\/\/i0.wp.com\/elregionalvm.com.ar\/noticias-villa-maria\/wp-content\/uploads\/2025\/06\/San-Roque8536-1-1.jpg?fit=993%2C660&ssl=1\",\"datePublished\":\"2025-06-13T21:37:46+00:00\",\"dateModified\":\"2025-06-13T21:37:49+00:00\",\"author\":{\"@id\":\"http:\/\/elregionalvm.com.ar\/noticias-villa-maria\/#\/schema\/person\/a0fb9c422317faca23d50163151bc354\"},\"breadcrumb\":{\"@id\":\"https:\/\/elregionalvm.com.ar\/noticias-villa-maria\/la-salud-publica-de-cordoba-incorpora-cirugias-endoscopicas-de-columna\/#breadcrumb\"},\"inLanguage\":\"es\",\"potentialAction\":[{\"@type\":\"ReadAction\",\"target\":[\"https:\/\/elregionalvm.com.ar\/noticias-villa-maria\/la-salud-publica-de-cordoba-incorpora-cirugias-endoscopicas-de-columna\/\"]}]},{\"@type\":\"ImageObject\",\"inLanguage\":\"es\",\"@id\":\"https:\/\/elregionalvm.com.ar\/noticias-villa-maria\/la-salud-publica-de-cordoba-incorpora-cirugias-endoscopicas-de-columna\/#primaryimage\",\"url\":\"https:\/\/i0.wp.com\/elregionalvm.com.ar\/noticias-villa-maria\/wp-content\/uploads\/2025\/06\/San-Roque8536-1-1.jpg?fit=993%2C660&ssl=1\",\"contentUrl\":\"https:\/\/i0.wp.com\/elregionalvm.com.ar\/noticias-villa-maria\/wp-content\/uploads\/2025\/06\/San-Roque8536-1-1.jpg?fit=993%2C660&ssl=1\",\"width\":993,\"height\":660},{\"@type\":\"BreadcrumbList\",\"@id\":\"https:\/\/elregionalvm.com.ar\/noticias-villa-maria\/la-salud-publica-de-cordoba-incorpora-cirugias-endoscopicas-de-columna\/#breadcrumb\",\"itemListElement\":[{\"@type\":\"ListItem\",\"position\":1,\"name\":\"Portada\",\"item\":\"https:\/\/elregionalvm.com.ar\/noticias-villa-maria\/\"},{\"@type\":\"ListItem\",\"position\":2,\"name\":\"La salud p\u00fablica de C\u00f3rdoba incorpora cirug\u00edas endosc\u00f3picas de columna\"}]},{\"@type\":\"WebSite\",\"@id\":\"http:\/\/elregionalvm.com.ar\/noticias-villa-maria\/#website\",\"url\":\"http:\/\/elregionalvm.com.ar\/noticias-villa-maria\/\",\"name\":\"El Regional\",\"description\":\"Mucho m\u00e1s que informaci\u00f3n\",\"potentialAction\":[{\"@type\":\"SearchAction\",\"target\":{\"@type\":\"EntryPoint\",\"urlTemplate\":\"http:\/\/elregionalvm.com.ar\/noticias-villa-maria\/?s={search_term_string}\"},\"query-input\":{\"@type\":\"PropertyValueSpecification\",\"valueRequired\":true,\"valueName\":\"search_term_string\"}}],\"inLanguage\":\"es\"},{\"@type\":\"Person\",\"@id\":\"http:\/\/elregionalvm.com.ar\/noticias-villa-maria\/#\/schema\/person\/a0fb9c422317faca23d50163151bc354\",\"name\":\"Contenidos El Regional\",\"image\":{\"@type\":\"ImageObject\",\"inLanguage\":\"es\",\"@id\":\"http:\/\/elregionalvm.com.ar\/noticias-villa-maria\/#\/schema\/person\/image\/\",\"url\":\"https:\/\/secure.gravatar.com\/avatar\/265b27cb2209af7bb3a1318f03305787d7981a5cc6e6cd08fe5a4ecdf99d4b48?s=96&d=mm&r=g\",\"contentUrl\":\"https:\/\/secure.gravatar.com\/avatar\/265b27cb2209af7bb3a1318f03305787d7981a5cc6e6cd08fe5a4ecdf99d4b48?s=96&d=mm&r=g\",\"caption\":\"Contenidos El Regional\"},\"url\":\"https:\/\/elregionalvm.com.ar\/noticias-villa-maria\/author\/contenido\/\"}]}<\/script>\n<!-- \/ Yoast SEO plugin. -->","yoast_head_json":{"title":"La salud p\u00fablica de C\u00f3rdoba incorpora cirug\u00edas endosc\u00f3picas de columna - El Regional","robots":{"index":"index","follow":"follow","max-snippet":"max-snippet:-1","max-image-preview":"max-image-preview:large","max-video-preview":"max-video-preview:-1"},"canonical":"https:\/\/elregionalvm.com.ar\/noticias-villa-maria\/la-salud-publica-de-cordoba-incorpora-cirugias-endoscopicas-de-columna\/","og_locale":"es_ES","og_type":"article","og_title":"La salud p\u00fablica de C\u00f3rdoba incorpora cirug\u00edas endosc\u00f3picas de columna - El Regional","og_description":"El Hospital San Roque, a trav\u00e9s del Servicio de Traumatolog\u00eda, realiz\u00f3 las primeras cuatro cirug\u00edas endosc\u00f3picas de columna en el sistema p\u00fablico de salud de la provincia de C\u00f3rdoba. Este procedimiento quir\u00fargico m\u00ednimamente invasivo permite tratar diferentes afecciones frecuentes de la columna vertebral, como hernias de disco, estenosis espinal o compresiones nerviosas. Hasta ahora, esta [&hellip;]","og_url":"https:\/\/elregionalvm.com.ar\/noticias-villa-maria\/la-salud-publica-de-cordoba-incorpora-cirugias-endoscopicas-de-columna\/","og_site_name":"El Regional","article_publisher":"https:\/\/www.facebook.com\/elregionalvm","article_published_time":"2025-06-13T21:37:46+00:00","article_modified_time":"2025-06-13T21:37:49+00:00","og_image":[{"width":993,"height":660,"url":"https:\/\/elregionalvm.com.ar\/noticias-villa-maria\/wp-content\/uploads\/2025\/06\/San-Roque8536-1-1.jpg","type":"image\/jpeg"}],"author":"Contenidos El Regional","twitter_card":"summary_large_image","twitter_creator":"@elregionalvm1","twitter_site":"@elregionalvm1","twitter_misc":{"Escrito por":"Contenidos El Regional","Tiempo de lectura":"3 minutos"},"schema":{"@context":"https:\/\/schema.org","@graph":[{"@type":"Article","@id":"https:\/\/elregionalvm.com.ar\/noticias-villa-maria\/la-salud-publica-de-cordoba-incorpora-cirugias-endoscopicas-de-columna\/#article","isPartOf":{"@id":"https:\/\/elregionalvm.com.ar\/noticias-villa-maria\/la-salud-publica-de-cordoba-incorpora-cirugias-endoscopicas-de-columna\/"},"author":{"name":"Contenidos El Regional","@id":"http:\/\/elregionalvm.com.ar\/noticias-villa-maria\/#\/schema\/person\/a0fb9c422317faca23d50163151bc354"},"headline":"La salud p\u00fablica de C\u00f3rdoba incorpora cirug\u00edas endosc\u00f3picas de columna","datePublished":"2025-06-13T21:37:46+00:00","dateModified":"2025-06-13T21:37:49+00:00","mainEntityOfPage":{"@id":"https:\/\/elregionalvm.com.ar\/noticias-villa-maria\/la-salud-publica-de-cordoba-incorpora-cirugias-endoscopicas-de-columna\/"},"wordCount":512,"commentCount":0,"image":{"@id":"https:\/\/elregionalvm.com.ar\/noticias-villa-maria\/la-salud-publica-de-cordoba-incorpora-cirugias-endoscopicas-de-columna\/#primaryimage"},"thumbnailUrl":"https:\/\/i0.wp.com\/elregionalvm.com.ar\/noticias-villa-maria\/wp-content\/uploads\/2025\/06\/San-Roque8536-1-1.jpg?fit=993%2C660&ssl=1","articleSection":["destacado","Provinciales","Sociedad"],"inLanguage":"es","potentialAction":[{"@type":"CommentAction","name":"Comment","target":["https:\/\/elregionalvm.com.ar\/noticias-villa-maria\/la-salud-publica-de-cordoba-incorpora-cirugias-endoscopicas-de-columna\/#respond"]}]},{"@type":"WebPage","@id":"https:\/\/elregionalvm.com.ar\/noticias-villa-maria\/la-salud-publica-de-cordoba-incorpora-cirugias-endoscopicas-de-columna\/","url":"https:\/\/elregionalvm.com.ar\/noticias-villa-maria\/la-salud-publica-de-cordoba-incorpora-cirugias-endoscopicas-de-columna\/","name":"La salud p\u00fablica de C\u00f3rdoba incorpora cirug\u00edas endosc\u00f3picas de columna - El Regional","isPartOf":{"@id":"http:\/\/elregionalvm.com.ar\/noticias-villa-maria\/#website"},"primaryImageOfPage":{"@id":"https:\/\/elregionalvm.com.ar\/noticias-villa-maria\/la-salud-publica-de-cordoba-incorpora-cirugias-endoscopicas-de-columna\/#primaryimage"},"image":{"@id":"https:\/\/elregionalvm.com.ar\/noticias-villa-maria\/la-salud-publica-de-cordoba-incorpora-cirugias-endoscopicas-de-columna\/#primaryimage"},"thumbnailUrl":"https:\/\/i0.wp.com\/elregionalvm.com.ar\/noticias-villa-maria\/wp-content\/uploads\/2025\/06\/San-Roque8536-1-1.jpg?fit=993%2C660&ssl=1","datePublished":"2025-06-13T21:37:46+00:00","dateModified":"2025-06-13T21:37:49+00:00","author":{"@id":"http:\/\/elregionalvm.com.ar\/noticias-villa-maria\/#\/schema\/person\/a0fb9c422317faca23d50163151bc354"},"breadcrumb":{"@id":"https:\/\/elregionalvm.com.ar\/noticias-villa-maria\/la-salud-publica-de-cordoba-incorpora-cirugias-endoscopicas-de-columna\/#breadcrumb"},"inLanguage":"es","potentialAction":[{"@type":"ReadAction","target":["https:\/\/elregionalvm.com.ar\/noticias-villa-maria\/la-salud-publica-de-cordoba-incorpora-cirugias-endoscopicas-de-columna\/"]}]},{"@type":"ImageObject","inLanguage":"es","@id":"https:\/\/elregionalvm.com.ar\/noticias-villa-maria\/la-salud-publica-de-cordoba-incorpora-cirugias-endoscopicas-de-columna\/#primaryimage","url":"https:\/\/i0.wp.com\/elregionalvm.com.ar\/noticias-villa-maria\/wp-content\/uploads\/2025\/06\/San-Roque8536-1-1.jpg?fit=993%2C660&ssl=1","contentUrl":"https:\/\/i0.wp.com\/elregionalvm.com.ar\/noticias-villa-maria\/wp-content\/uploads\/2025\/06\/San-Roque8536-1-1.jpg?fit=993%2C660&ssl=1","width":993,"height":660},{"@type":"BreadcrumbList","@id":"https:\/\/elregionalvm.com.ar\/noticias-villa-maria\/la-salud-publica-de-cordoba-incorpora-cirugias-endoscopicas-de-columna\/#breadcrumb","itemListElement":[{"@type":"ListItem","position":1,"name":"Portada","item":"https:\/\/elregionalvm.com.ar\/noticias-villa-maria\/"},{"@type":"ListItem","position":2,"name":"La salud p\u00fablica de C\u00f3rdoba incorpora cirug\u00edas endosc\u00f3picas de columna"}]},{"@type":"WebSite","@id":"http:\/\/elregionalvm.com.ar\/noticias-villa-maria\/#website","url":"http:\/\/elregionalvm.com.ar\/noticias-villa-maria\/","name":"El Regional","description":"Mucho m\u00e1s que informaci\u00f3n","potentialAction":[{"@type":"SearchAction","target":{"@type":"EntryPoint","urlTemplate":"http:\/\/elregionalvm.com.ar\/noticias-villa-maria\/?s={search_term_string}"},"query-input":{"@type":"PropertyValueSpecification","valueRequired":true,"valueName":"search_term_string"}}],"inLanguage":"es"},{"@type":"Person","@id":"http:\/\/elregionalvm.com.ar\/noticias-villa-maria\/#\/schema\/person\/a0fb9c422317faca23d50163151bc354","name":"Contenidos El Regional","image":{"@type":"ImageObject","inLanguage":"es","@id":"http:\/\/elregionalvm.com.ar\/noticias-villa-maria\/#\/schema\/person\/image\/","url":"https:\/\/secure.gravatar.com\/avatar\/265b27cb2209af7bb3a1318f03305787d7981a5cc6e6cd08fe5a4ecdf99d4b48?s=96&d=mm&r=g","contentUrl":"https:\/\/secure.gravatar.com\/avatar\/265b27cb2209af7bb3a1318f03305787d7981a5cc6e6cd08fe5a4ecdf99d4b48?s=96&d=mm&r=g","caption":"Contenidos El Regional"},"url":"https:\/\/elregionalvm.com.ar\/noticias-villa-maria\/author\/contenido\/"}]}},"jetpack_featured_media_url":"https:\/\/i0.wp.com\/elregionalvm.com.ar\/noticias-villa-maria\/wp-content\/uploads\/2025\/06\/San-Roque8536-1-1.jpg?fit=993%2C660&ssl=1","jetpack_sharing_enabled":true,"_links":{"self":[{"href":"https:\/\/elregionalvm.com.ar\/noticias-villa-maria\/wp-json\/wp\/v2\/posts\/107220","targetHints":{"allow":["GET"]}}],"collection":[{"href":"https:\/\/elregionalvm.com.ar\/noticias-villa-maria\/wp-json\/wp\/v2\/posts"}],"about":[{"href":"https:\/\/elregionalvm.com.ar\/noticias-villa-maria\/wp-json\/wp\/v2\/types\/post"}],"author":[{"embeddable":true,"href":"https:\/\/elregionalvm.com.ar\/noticias-villa-maria\/wp-json\/wp\/v2\/users\/4"}],"replies":[{"embeddable":true,"href":"https:\/\/elregionalvm.com.ar\/noticias-villa-maria\/wp-json\/wp\/v2\/comments?post=107220"}],"version-history":[{"count":1,"href":"https:\/\/elregionalvm.com.ar\/noticias-villa-maria\/wp-json\/wp\/v2\/posts\/107220\/revisions"}],"predecessor-version":[{"id":107222,"href":"https:\/\/elregionalvm.com.ar\/noticias-villa-maria\/wp-json\/wp\/v2\/posts\/107220\/revisions\/107222"}],"wp:featuredmedia":[{"embeddable":true,"href":"https:\/\/elregionalvm.com.ar\/noticias-villa-maria\/wp-json\/wp\/v2\/media\/107221"}],"wp:attachment":[{"href":"https:\/\/elregionalvm.com.ar\/noticias-villa-maria\/wp-json\/wp\/v2\/media?parent=107220"}],"wp:term":[{"taxonomy":"category","embeddable":true,"href":"https:\/\/elregionalvm.com.ar\/noticias-villa-maria\/wp-json\/wp\/v2\/categories?post=107220"},{"taxonomy":"post_tag","embeddable":true,"href":"https:\/\/elregionalvm.com.ar\/noticias-villa-maria\/wp-json\/wp\/v2\/tags?post=107220"}],"curies":[{"name":"wp","href":"https:\/\/api.w.org\/{rel}","templated":true}]}}