{"id":107232,"date":"2025-06-14T21:59:14","date_gmt":"2025-06-14T21:59:14","guid":{"rendered":"https:\/\/elregionalvm.com.ar\/noticias-villa-maria\/?p=107232"},"modified":"2025-06-14T21:59:17","modified_gmt":"2025-06-14T21:59:17","slug":"el-mejor-criollito-de-la-argentina-se-hace-en-la-ciudad-de-oliva","status":"publish","type":"post","link":"https:\/\/elregionalvm.com.ar\/noticias-villa-maria\/el-mejor-criollito-de-la-argentina-se-hace-en-la-ciudad-de-oliva\/","title":{"rendered":"El mejor Criollito de la Argentina se hace en la ciudad de Oliva"},"content":{"rendered":"\n<p>Durante la ma\u00f1ana de este s\u00e1bado, <strong>El Regional VM<\/strong> se lleg\u00f3 a visitar la <strong>Panader\u00eda \u201cA tu gusto\u201d<\/strong>, ubicada en zona c\u00e9ntrica de la ciudad de Oliva, para dialogar con su due\u00f1o, <strong>Emanuel Olivero<\/strong>, quien nos coment\u00f3 acerca del premio que gan\u00f3 en C\u00f3rdoba, en la competencia a nivel Nacional del Criollo Cordob\u00e9s. Donde Oliva qued\u00f3 en lo m\u00e1s alto del podio, al coronarse como el \u201cMejor Criollo de la Argentina\u201d.<\/p>\n\n\n\n<p>Emanuel Olivero, es un joven de 35 a\u00f1os, nacido en Oliva, y con un esp\u00edritu emprendedor decidi\u00f3 iniciarse en el rubro de la panader\u00eda y pasteler\u00eda. Con muchos sue\u00f1os y objetivos por cumplir. Uno de esos sue\u00f1os, se concret\u00f3 en gran manera, siendo noticia en toda la provincia y el pa\u00eds, al coronarse en este evento.<\/p>\n\n\n\n<p>\u201cSi, la verdad que participamos del <strong>Concurso Nacional del Criollo Cordob\u00e9s, organizado por le FITHEP (Feria Internacional de Tecnolog\u00eda para Helados, Pasteler\u00eda, Chocolater\u00eda, Confiter\u00eda, Panificaci\u00f3n y Food Service)<\/strong>, en donde de manera sorpresiva resultamos ser los campeones. Fue muy emocionante los vecinos de oliva donde nos apoyaron, nos recomendaron, nos aceptaron, estamos muy contentos de parte de todo el equipo, m\u00e1s all\u00e1 que fui yo solo a competir, pero sin mi equipo, del cual estoy orgulloso, no hubiera sido posible\u201d, expres\u00f3 Emanuel.<\/p>\n\n\n\n<figure class=\"wp-block-image size-large\"><img data-recalc-dims=\"1\" fetchpriority=\"high\" decoding=\"async\" width=\"1024\" height=\"576\" src=\"https:\/\/i0.wp.com\/elregionalvm.com.ar\/noticias-villa-maria\/wp-content\/uploads\/2025\/06\/vm-criollitospng.webp?resize=1024%2C576&#038;ssl=1\" alt=\"\" class=\"wp-image-107235\" srcset=\"https:\/\/i0.wp.com\/elregionalvm.com.ar\/noticias-villa-maria\/wp-content\/uploads\/2025\/06\/vm-criollitospng.webp?resize=1024%2C576&amp;ssl=1 1024w, https:\/\/i0.wp.com\/elregionalvm.com.ar\/noticias-villa-maria\/wp-content\/uploads\/2025\/06\/vm-criollitospng.webp?resize=300%2C169&amp;ssl=1 300w, https:\/\/i0.wp.com\/elregionalvm.com.ar\/noticias-villa-maria\/wp-content\/uploads\/2025\/06\/vm-criollitospng.webp?resize=768%2C432&amp;ssl=1 768w, https:\/\/i0.wp.com\/elregionalvm.com.ar\/noticias-villa-maria\/wp-content\/uploads\/2025\/06\/vm-criollitospng.webp?w=1200&amp;ssl=1 1200w\" sizes=\"(max-width: 1000px) 100vw, 1000px\" \/><\/figure>\n\n\n\n<p>A su vez, Olivero a\u00f1adi\u00f3: \u201cEsta competencia surgi\u00f3 desde el <strong>FITHEP (Centro Expoalimentaria 2025)<\/strong>, en el complejo ferial de la ciudad de C\u00f3rdoba, se realiza en dos sedes (C\u00f3rdoba y Buenos Aires) en donde empresas de todo el mundo vienen a mostrar su equipamiento, todas las tendencias y tecnolog\u00eda con las herramientas para la industria alimenticia. Me inscrib\u00ed hace un a\u00f1o, en donde me anote tambi\u00e9n en un concurso de \u201cMasa Madre\u201d, donde se realiz\u00f3 el mi\u00e9rcoles pasado y tambi\u00e9n para el de criollos, donde tuve la oportunidades de ganarlo.\u201d<\/p>\n\n\n\n<p>Participaron de este evento, panaderos con mucho talento en el cual mostraron sus especialidades en panader\u00eda. Y cabe destacar que sus productos, est\u00e1n disponibles a todo el p\u00fablico en sus respectivos negocios.<\/p>\n\n\n\n<p>Durante la competencia, <strong>el segundo puesto fue para Ignacio D\u00edaz<\/strong>, de la localidad de Piquill\u00edn (situada en el Departamento Rio Primero, due\u00f1o de la panader\u00eda \u00abCisneros\u00bb, con m\u00e1s de 10 a\u00f1os ofreciendo calidad al p\u00fablico.<\/p>\n\n\n\n<p>Por otra parte, complet\u00f3 el podio, ya que <strong>el<\/strong> <strong>tercer puesto fue para Mauro Moyano<\/strong>, oriundo de Montecristo, due\u00f1o de la panader\u00eda \u201cArtesanos del Sabor\u201d, que cuenta con una trayectoria de casi tres d\u00e9cadas.<\/p>\n\n\n\n<p>El panadero olivense  destac\u00f3 que antes trabajaba en un Supermercado de la ciudad de Oliva, y despu\u00e9s adquirieron la panader\u00eda haciendo todo lo que es congelados, de una empresa de la localidad de Canals, y despu\u00e9s una de las misiones de la panader\u00eda fue de pasar de lo ultra procesado a lo artesanal. Empezaron a estudiar y capacitarnos y ya hace casi 10 a\u00f1os que est\u00e1n con este rubro.<\/p>\n\n\n\n<p>Por \u00faltimo, Olivero agradeci\u00f3 el apoyo de Paola, su pareja y sus dos hijos peque\u00f1os, quienes lo motivaron a participar, brind\u00e1ndole todo el aliento posible. \u00abMe siento muy feliz por todo esto\u00bb, concluy\u00f3. <\/p>\n\n\n\n<p><strong>Redacci\u00f3n: Franco Bossa<\/strong><\/p>\n","protected":false},"excerpt":{"rendered":"<p>Durante la ma\u00f1ana de este s\u00e1bado, El Regional VM se lleg\u00f3 a visitar la Panader\u00eda \u201cA tu gusto\u201d, ubicada en zona c\u00e9ntrica de la ciudad de Oliva, para dialogar con su due\u00f1o, Emanuel Olivero, quien nos coment\u00f3 acerca del premio que gan\u00f3 en C\u00f3rdoba, en la competencia a nivel Nacional del Criollo Cordob\u00e9s. Donde Oliva [&hellip;]<\/p>\n","protected":false},"author":4,"featured_media":107233,"comment_status":"open","ping_status":"open","sticky":false,"template":"","format":"standard","meta":{"site-sidebar-layout":"default","site-content-layout":"","ast-site-content-layout":"default","site-content-style":"default","site-sidebar-style":"default","ast-global-header-display":"","ast-banner-title-visibility":"","ast-main-header-display":"","ast-hfb-above-header-display":"","ast-hfb-below-header-display":"","ast-hfb-mobile-header-display":"","site-post-title":"","ast-breadcrumbs-content":"","ast-featured-img":"","footer-sml-layout":"","ast-disable-related-posts":"","theme-transparent-header-meta":"","adv-header-id-meta":"","stick-header-meta":"","header-above-stick-meta":"","header-main-stick-meta":"","header-below-stick-meta":"","astra-migrate-meta-layouts":"set","ast-page-background-enabled":"default","ast-page-background-meta":{"desktop":{"background-color":"","background-image":"","background-repeat":"repeat","background-position":"center center","background-size":"auto","background-attachment":"scroll","background-type":"","background-media":"","overlay-type":"","overlay-color":"","overlay-opacity":"","overlay-gradient":""},"tablet":{"background-color":"","background-image":"","background-repeat":"repeat","background-position":"center center","background-size":"auto","background-attachment":"scroll","background-type":"","background-media":"","overlay-type":"","overlay-color":"","overlay-opacity":"","overlay-gradient":""},"mobile":{"background-color":"","background-image":"","background-repeat":"repeat","background-position":"center center","background-size":"auto","background-attachment":"scroll","background-type":"","background-media":"","overlay-type":"","overlay-color":"","overlay-opacity":"","overlay-gradient":""}},"ast-content-background-meta":{"desktop":{"background-color":"var(--ast-global-color-5)","background-image":"","background-repeat":"repeat","background-position":"center center","background-size":"auto","background-attachment":"scroll","background-type":"","background-media":"","overlay-type":"","overlay-color":"","overlay-opacity":"","overlay-gradient":""},"tablet":{"background-color":"var(--ast-global-color-5)","background-image":"","background-repeat":"repeat","background-position":"center center","background-size":"auto","background-attachment":"scroll","background-type":"","background-media":"","overlay-type":"","overlay-color":"","overlay-opacity":"","overlay-gradient":""},"mobile":{"background-color":"var(--ast-global-color-5)","background-image":"","background-repeat":"repeat","background-position":"center center","background-size":"auto","background-attachment":"scroll","background-type":"","background-media":"","overlay-type":"","overlay-color":"","overlay-opacity":"","overlay-gradient":""}},"_jetpack_memberships_contains_paid_content":false,"_joinchat":[],"footnotes":""},"categories":[2675,15302,16095,2091,5],"tags":[],"class_list":["post-107232","post","type-post","status-publish","format-standard","has-post-thumbnail","hentry","category-delicias","category-destacado","category-provinciales","category-region","category-sociedad"],"yoast_head":"<!-- This site is optimized with the Yoast SEO plugin v26.8 - https:\/\/yoast.com\/product\/yoast-seo-wordpress\/ -->\n<title>El mejor Criollito de la Argentina se hace en la ciudad de Oliva - El Regional<\/title>\n<meta name=\"robots\" content=\"index, follow, max-snippet:-1, max-image-preview:large, max-video-preview:-1\" \/>\n<link rel=\"canonical\" href=\"https:\/\/elregionalvm.com.ar\/noticias-villa-maria\/el-mejor-criollito-de-la-argentina-se-hace-en-la-ciudad-de-oliva\/\" \/>\n<meta property=\"og:locale\" content=\"es_ES\" \/>\n<meta property=\"og:type\" content=\"article\" \/>\n<meta property=\"og:title\" content=\"El mejor Criollito de la Argentina se hace en la ciudad de Oliva - El Regional\" \/>\n<meta property=\"og:description\" content=\"Durante la ma\u00f1ana de este s\u00e1bado, El Regional VM se lleg\u00f3 a visitar la Panader\u00eda \u201cA tu gusto\u201d, ubicada en zona c\u00e9ntrica de la ciudad de Oliva, para dialogar con su due\u00f1o, Emanuel Olivero, quien nos coment\u00f3 acerca del premio que gan\u00f3 en C\u00f3rdoba, en la competencia a nivel Nacional del Criollo Cordob\u00e9s. Donde Oliva [&hellip;]\" \/>\n<meta property=\"og:url\" content=\"https:\/\/elregionalvm.com.ar\/noticias-villa-maria\/el-mejor-criollito-de-la-argentina-se-hace-en-la-ciudad-de-oliva\/\" \/>\n<meta property=\"og:site_name\" content=\"El Regional\" \/>\n<meta property=\"article:publisher\" content=\"https:\/\/www.facebook.com\/elregionalvm\" \/>\n<meta property=\"article:published_time\" content=\"2025-06-14T21:59:14+00:00\" \/>\n<meta property=\"article:modified_time\" content=\"2025-06-14T21:59:17+00:00\" \/>\n<meta property=\"og:image\" content=\"https:\/\/elregionalvm.com.ar\/noticias-villa-maria\/wp-content\/uploads\/2025\/06\/WhatsApp-Image-2025-06-14-at-11.24.37-AM.jpeg\" \/>\n\t<meta property=\"og:image:width\" content=\"899\" \/>\n\t<meta property=\"og:image:height\" content=\"1599\" \/>\n\t<meta property=\"og:image:type\" content=\"image\/jpeg\" \/>\n<meta name=\"author\" content=\"Contenidos El Regional\" \/>\n<meta name=\"twitter:card\" content=\"summary_large_image\" \/>\n<meta name=\"twitter:creator\" content=\"@elregionalvm1\" \/>\n<meta name=\"twitter:site\" content=\"@elregionalvm1\" \/>\n<meta name=\"twitter:label1\" content=\"Escrito por\" \/>\n\t<meta name=\"twitter:data1\" content=\"Contenidos El Regional\" \/>\n\t<meta name=\"twitter:label2\" content=\"Tiempo de lectura\" \/>\n\t<meta name=\"twitter:data2\" content=\"3 minutos\" \/>\n<script type=\"application\/ld+json\" class=\"yoast-schema-graph\">{\"@context\":\"https:\/\/schema.org\",\"@graph\":[{\"@type\":\"Article\",\"@id\":\"https:\/\/elregionalvm.com.ar\/noticias-villa-maria\/el-mejor-criollito-de-la-argentina-se-hace-en-la-ciudad-de-oliva\/#article\",\"isPartOf\":{\"@id\":\"https:\/\/elregionalvm.com.ar\/noticias-villa-maria\/el-mejor-criollito-de-la-argentina-se-hace-en-la-ciudad-de-oliva\/\"},\"author\":{\"name\":\"Contenidos El Regional\",\"@id\":\"http:\/\/elregionalvm.com.ar\/noticias-villa-maria\/#\/schema\/person\/a0fb9c422317faca23d50163151bc354\"},\"headline\":\"El mejor Criollito de la Argentina se hace en la ciudad de Oliva\",\"datePublished\":\"2025-06-14T21:59:14+00:00\",\"dateModified\":\"2025-06-14T21:59:17+00:00\",\"mainEntityOfPage\":{\"@id\":\"https:\/\/elregionalvm.com.ar\/noticias-villa-maria\/el-mejor-criollito-de-la-argentina-se-hace-en-la-ciudad-de-oliva\/\"},\"wordCount\":566,\"commentCount\":0,\"image\":{\"@id\":\"https:\/\/elregionalvm.com.ar\/noticias-villa-maria\/el-mejor-criollito-de-la-argentina-se-hace-en-la-ciudad-de-oliva\/#primaryimage\"},\"thumbnailUrl\":\"https:\/\/i0.wp.com\/elregionalvm.com.ar\/noticias-villa-maria\/wp-content\/uploads\/2025\/06\/WhatsApp-Image-2025-06-14-at-11.24.37-AM.jpeg?fit=899%2C1599&ssl=1\",\"articleSection\":[\"Delicias y placeres\",\"destacado\",\"Provinciales\",\"Regi\u00f3n\",\"Sociedad\"],\"inLanguage\":\"es\",\"potentialAction\":[{\"@type\":\"CommentAction\",\"name\":\"Comment\",\"target\":[\"https:\/\/elregionalvm.com.ar\/noticias-villa-maria\/el-mejor-criollito-de-la-argentina-se-hace-en-la-ciudad-de-oliva\/#respond\"]}]},{\"@type\":\"WebPage\",\"@id\":\"https:\/\/elregionalvm.com.ar\/noticias-villa-maria\/el-mejor-criollito-de-la-argentina-se-hace-en-la-ciudad-de-oliva\/\",\"url\":\"https:\/\/elregionalvm.com.ar\/noticias-villa-maria\/el-mejor-criollito-de-la-argentina-se-hace-en-la-ciudad-de-oliva\/\",\"name\":\"El mejor Criollito de la Argentina se hace en la ciudad de Oliva - El Regional\",\"isPartOf\":{\"@id\":\"http:\/\/elregionalvm.com.ar\/noticias-villa-maria\/#website\"},\"primaryImageOfPage\":{\"@id\":\"https:\/\/elregionalvm.com.ar\/noticias-villa-maria\/el-mejor-criollito-de-la-argentina-se-hace-en-la-ciudad-de-oliva\/#primaryimage\"},\"image\":{\"@id\":\"https:\/\/elregionalvm.com.ar\/noticias-villa-maria\/el-mejor-criollito-de-la-argentina-se-hace-en-la-ciudad-de-oliva\/#primaryimage\"},\"thumbnailUrl\":\"https:\/\/i0.wp.com\/elregionalvm.com.ar\/noticias-villa-maria\/wp-content\/uploads\/2025\/06\/WhatsApp-Image-2025-06-14-at-11.24.37-AM.jpeg?fit=899%2C1599&ssl=1\",\"datePublished\":\"2025-06-14T21:59:14+00:00\",\"dateModified\":\"2025-06-14T21:59:17+00:00\",\"author\":{\"@id\":\"http:\/\/elregionalvm.com.ar\/noticias-villa-maria\/#\/schema\/person\/a0fb9c422317faca23d50163151bc354\"},\"breadcrumb\":{\"@id\":\"https:\/\/elregionalvm.com.ar\/noticias-villa-maria\/el-mejor-criollito-de-la-argentina-se-hace-en-la-ciudad-de-oliva\/#breadcrumb\"},\"inLanguage\":\"es\",\"potentialAction\":[{\"@type\":\"ReadAction\",\"target\":[\"https:\/\/elregionalvm.com.ar\/noticias-villa-maria\/el-mejor-criollito-de-la-argentina-se-hace-en-la-ciudad-de-oliva\/\"]}]},{\"@type\":\"ImageObject\",\"inLanguage\":\"es\",\"@id\":\"https:\/\/elregionalvm.com.ar\/noticias-villa-maria\/el-mejor-criollito-de-la-argentina-se-hace-en-la-ciudad-de-oliva\/#primaryimage\",\"url\":\"https:\/\/i0.wp.com\/elregionalvm.com.ar\/noticias-villa-maria\/wp-content\/uploads\/2025\/06\/WhatsApp-Image-2025-06-14-at-11.24.37-AM.jpeg?fit=899%2C1599&ssl=1\",\"contentUrl\":\"https:\/\/i0.wp.com\/elregionalvm.com.ar\/noticias-villa-maria\/wp-content\/uploads\/2025\/06\/WhatsApp-Image-2025-06-14-at-11.24.37-AM.jpeg?fit=899%2C1599&ssl=1\",\"width\":899,\"height\":1599},{\"@type\":\"BreadcrumbList\",\"@id\":\"https:\/\/elregionalvm.com.ar\/noticias-villa-maria\/el-mejor-criollito-de-la-argentina-se-hace-en-la-ciudad-de-oliva\/#breadcrumb\",\"itemListElement\":[{\"@type\":\"ListItem\",\"position\":1,\"name\":\"Portada\",\"item\":\"https:\/\/elregionalvm.com.ar\/noticias-villa-maria\/\"},{\"@type\":\"ListItem\",\"position\":2,\"name\":\"El mejor Criollito de la Argentina se hace en la ciudad de Oliva\"}]},{\"@type\":\"WebSite\",\"@id\":\"http:\/\/elregionalvm.com.ar\/noticias-villa-maria\/#website\",\"url\":\"http:\/\/elregionalvm.com.ar\/noticias-villa-maria\/\",\"name\":\"El Regional\",\"description\":\"Mucho m\u00e1s que informaci\u00f3n\",\"potentialAction\":[{\"@type\":\"SearchAction\",\"target\":{\"@type\":\"EntryPoint\",\"urlTemplate\":\"http:\/\/elregionalvm.com.ar\/noticias-villa-maria\/?s={search_term_string}\"},\"query-input\":{\"@type\":\"PropertyValueSpecification\",\"valueRequired\":true,\"valueName\":\"search_term_string\"}}],\"inLanguage\":\"es\"},{\"@type\":\"Person\",\"@id\":\"http:\/\/elregionalvm.com.ar\/noticias-villa-maria\/#\/schema\/person\/a0fb9c422317faca23d50163151bc354\",\"name\":\"Contenidos El Regional\",\"image\":{\"@type\":\"ImageObject\",\"inLanguage\":\"es\",\"@id\":\"http:\/\/elregionalvm.com.ar\/noticias-villa-maria\/#\/schema\/person\/image\/\",\"url\":\"https:\/\/secure.gravatar.com\/avatar\/265b27cb2209af7bb3a1318f03305787d7981a5cc6e6cd08fe5a4ecdf99d4b48?s=96&d=mm&r=g\",\"contentUrl\":\"https:\/\/secure.gravatar.com\/avatar\/265b27cb2209af7bb3a1318f03305787d7981a5cc6e6cd08fe5a4ecdf99d4b48?s=96&d=mm&r=g\",\"caption\":\"Contenidos El Regional\"},\"url\":\"https:\/\/elregionalvm.com.ar\/noticias-villa-maria\/author\/contenido\/\"}]}<\/script>\n<!-- \/ Yoast SEO plugin. -->","yoast_head_json":{"title":"El mejor Criollito de la Argentina se hace en la ciudad de Oliva - El Regional","robots":{"index":"index","follow":"follow","max-snippet":"max-snippet:-1","max-image-preview":"max-image-preview:large","max-video-preview":"max-video-preview:-1"},"canonical":"https:\/\/elregionalvm.com.ar\/noticias-villa-maria\/el-mejor-criollito-de-la-argentina-se-hace-en-la-ciudad-de-oliva\/","og_locale":"es_ES","og_type":"article","og_title":"El mejor Criollito de la Argentina se hace en la ciudad de Oliva - El Regional","og_description":"Durante la ma\u00f1ana de este s\u00e1bado, El Regional VM se lleg\u00f3 a visitar la Panader\u00eda \u201cA tu gusto\u201d, ubicada en zona c\u00e9ntrica de la ciudad de Oliva, para dialogar con su due\u00f1o, Emanuel Olivero, quien nos coment\u00f3 acerca del premio que gan\u00f3 en C\u00f3rdoba, en la competencia a nivel Nacional del Criollo Cordob\u00e9s. Donde Oliva [&hellip;]","og_url":"https:\/\/elregionalvm.com.ar\/noticias-villa-maria\/el-mejor-criollito-de-la-argentina-se-hace-en-la-ciudad-de-oliva\/","og_site_name":"El Regional","article_publisher":"https:\/\/www.facebook.com\/elregionalvm","article_published_time":"2025-06-14T21:59:14+00:00","article_modified_time":"2025-06-14T21:59:17+00:00","og_image":[{"width":899,"height":1599,"url":"https:\/\/elregionalvm.com.ar\/noticias-villa-maria\/wp-content\/uploads\/2025\/06\/WhatsApp-Image-2025-06-14-at-11.24.37-AM.jpeg","type":"image\/jpeg"}],"author":"Contenidos El Regional","twitter_card":"summary_large_image","twitter_creator":"@elregionalvm1","twitter_site":"@elregionalvm1","twitter_misc":{"Escrito por":"Contenidos El Regional","Tiempo de lectura":"3 minutos"},"schema":{"@context":"https:\/\/schema.org","@graph":[{"@type":"Article","@id":"https:\/\/elregionalvm.com.ar\/noticias-villa-maria\/el-mejor-criollito-de-la-argentina-se-hace-en-la-ciudad-de-oliva\/#article","isPartOf":{"@id":"https:\/\/elregionalvm.com.ar\/noticias-villa-maria\/el-mejor-criollito-de-la-argentina-se-hace-en-la-ciudad-de-oliva\/"},"author":{"name":"Contenidos El Regional","@id":"http:\/\/elregionalvm.com.ar\/noticias-villa-maria\/#\/schema\/person\/a0fb9c422317faca23d50163151bc354"},"headline":"El mejor Criollito de la Argentina se hace en la ciudad de Oliva","datePublished":"2025-06-14T21:59:14+00:00","dateModified":"2025-06-14T21:59:17+00:00","mainEntityOfPage":{"@id":"https:\/\/elregionalvm.com.ar\/noticias-villa-maria\/el-mejor-criollito-de-la-argentina-se-hace-en-la-ciudad-de-oliva\/"},"wordCount":566,"commentCount":0,"image":{"@id":"https:\/\/elregionalvm.com.ar\/noticias-villa-maria\/el-mejor-criollito-de-la-argentina-se-hace-en-la-ciudad-de-oliva\/#primaryimage"},"thumbnailUrl":"https:\/\/i0.wp.com\/elregionalvm.com.ar\/noticias-villa-maria\/wp-content\/uploads\/2025\/06\/WhatsApp-Image-2025-06-14-at-11.24.37-AM.jpeg?fit=899%2C1599&ssl=1","articleSection":["Delicias y placeres","destacado","Provinciales","Regi\u00f3n","Sociedad"],"inLanguage":"es","potentialAction":[{"@type":"CommentAction","name":"Comment","target":["https:\/\/elregionalvm.com.ar\/noticias-villa-maria\/el-mejor-criollito-de-la-argentina-se-hace-en-la-ciudad-de-oliva\/#respond"]}]},{"@type":"WebPage","@id":"https:\/\/elregionalvm.com.ar\/noticias-villa-maria\/el-mejor-criollito-de-la-argentina-se-hace-en-la-ciudad-de-oliva\/","url":"https:\/\/elregionalvm.com.ar\/noticias-villa-maria\/el-mejor-criollito-de-la-argentina-se-hace-en-la-ciudad-de-oliva\/","name":"El mejor Criollito de la Argentina se hace en la ciudad de Oliva - El Regional","isPartOf":{"@id":"http:\/\/elregionalvm.com.ar\/noticias-villa-maria\/#website"},"primaryImageOfPage":{"@id":"https:\/\/elregionalvm.com.ar\/noticias-villa-maria\/el-mejor-criollito-de-la-argentina-se-hace-en-la-ciudad-de-oliva\/#primaryimage"},"image":{"@id":"https:\/\/elregionalvm.com.ar\/noticias-villa-maria\/el-mejor-criollito-de-la-argentina-se-hace-en-la-ciudad-de-oliva\/#primaryimage"},"thumbnailUrl":"https:\/\/i0.wp.com\/elregionalvm.com.ar\/noticias-villa-maria\/wp-content\/uploads\/2025\/06\/WhatsApp-Image-2025-06-14-at-11.24.37-AM.jpeg?fit=899%2C1599&ssl=1","datePublished":"2025-06-14T21:59:14+00:00","dateModified":"2025-06-14T21:59:17+00:00","author":{"@id":"http:\/\/elregionalvm.com.ar\/noticias-villa-maria\/#\/schema\/person\/a0fb9c422317faca23d50163151bc354"},"breadcrumb":{"@id":"https:\/\/elregionalvm.com.ar\/noticias-villa-maria\/el-mejor-criollito-de-la-argentina-se-hace-en-la-ciudad-de-oliva\/#breadcrumb"},"inLanguage":"es","potentialAction":[{"@type":"ReadAction","target":["https:\/\/elregionalvm.com.ar\/noticias-villa-maria\/el-mejor-criollito-de-la-argentina-se-hace-en-la-ciudad-de-oliva\/"]}]},{"@type":"ImageObject","inLanguage":"es","@id":"https:\/\/elregionalvm.com.ar\/noticias-villa-maria\/el-mejor-criollito-de-la-argentina-se-hace-en-la-ciudad-de-oliva\/#primaryimage","url":"https:\/\/i0.wp.com\/elregionalvm.com.ar\/noticias-villa-maria\/wp-content\/uploads\/2025\/06\/WhatsApp-Image-2025-06-14-at-11.24.37-AM.jpeg?fit=899%2C1599&ssl=1","contentUrl":"https:\/\/i0.wp.com\/elregionalvm.com.ar\/noticias-villa-maria\/wp-content\/uploads\/2025\/06\/WhatsApp-Image-2025-06-14-at-11.24.37-AM.jpeg?fit=899%2C1599&ssl=1","width":899,"height":1599},{"@type":"BreadcrumbList","@id":"https:\/\/elregionalvm.com.ar\/noticias-villa-maria\/el-mejor-criollito-de-la-argentina-se-hace-en-la-ciudad-de-oliva\/#breadcrumb","itemListElement":[{"@type":"ListItem","position":1,"name":"Portada","item":"https:\/\/elregionalvm.com.ar\/noticias-villa-maria\/"},{"@type":"ListItem","position":2,"name":"El mejor Criollito de la Argentina se hace en la ciudad de Oliva"}]},{"@type":"WebSite","@id":"http:\/\/elregionalvm.com.ar\/noticias-villa-maria\/#website","url":"http:\/\/elregionalvm.com.ar\/noticias-villa-maria\/","name":"El Regional","description":"Mucho m\u00e1s que informaci\u00f3n","potentialAction":[{"@type":"SearchAction","target":{"@type":"EntryPoint","urlTemplate":"http:\/\/elregionalvm.com.ar\/noticias-villa-maria\/?s={search_term_string}"},"query-input":{"@type":"PropertyValueSpecification","valueRequired":true,"valueName":"search_term_string"}}],"inLanguage":"es"},{"@type":"Person","@id":"http:\/\/elregionalvm.com.ar\/noticias-villa-maria\/#\/schema\/person\/a0fb9c422317faca23d50163151bc354","name":"Contenidos El Regional","image":{"@type":"ImageObject","inLanguage":"es","@id":"http:\/\/elregionalvm.com.ar\/noticias-villa-maria\/#\/schema\/person\/image\/","url":"https:\/\/secure.gravatar.com\/avatar\/265b27cb2209af7bb3a1318f03305787d7981a5cc6e6cd08fe5a4ecdf99d4b48?s=96&d=mm&r=g","contentUrl":"https:\/\/secure.gravatar.com\/avatar\/265b27cb2209af7bb3a1318f03305787d7981a5cc6e6cd08fe5a4ecdf99d4b48?s=96&d=mm&r=g","caption":"Contenidos El Regional"},"url":"https:\/\/elregionalvm.com.ar\/noticias-villa-maria\/author\/contenido\/"}]}},"jetpack_featured_media_url":"https:\/\/i0.wp.com\/elregionalvm.com.ar\/noticias-villa-maria\/wp-content\/uploads\/2025\/06\/WhatsApp-Image-2025-06-14-at-11.24.37-AM.jpeg?fit=899%2C1599&ssl=1","jetpack_sharing_enabled":true,"_links":{"self":[{"href":"https:\/\/elregionalvm.com.ar\/noticias-villa-maria\/wp-json\/wp\/v2\/posts\/107232","targetHints":{"allow":["GET"]}}],"collection":[{"href":"https:\/\/elregionalvm.com.ar\/noticias-villa-maria\/wp-json\/wp\/v2\/posts"}],"about":[{"href":"https:\/\/elregionalvm.com.ar\/noticias-villa-maria\/wp-json\/wp\/v2\/types\/post"}],"author":[{"embeddable":true,"href":"https:\/\/elregionalvm.com.ar\/noticias-villa-maria\/wp-json\/wp\/v2\/users\/4"}],"replies":[{"embeddable":true,"href":"https:\/\/elregionalvm.com.ar\/noticias-villa-maria\/wp-json\/wp\/v2\/comments?post=107232"}],"version-history":[{"count":1,"href":"https:\/\/elregionalvm.com.ar\/noticias-villa-maria\/wp-json\/wp\/v2\/posts\/107232\/revisions"}],"predecessor-version":[{"id":107236,"href":"https:\/\/elregionalvm.com.ar\/noticias-villa-maria\/wp-json\/wp\/v2\/posts\/107232\/revisions\/107236"}],"wp:featuredmedia":[{"embeddable":true,"href":"https:\/\/elregionalvm.com.ar\/noticias-villa-maria\/wp-json\/wp\/v2\/media\/107233"}],"wp:attachment":[{"href":"https:\/\/elregionalvm.com.ar\/noticias-villa-maria\/wp-json\/wp\/v2\/media?parent=107232"}],"wp:term":[{"taxonomy":"category","embeddable":true,"href":"https:\/\/elregionalvm.com.ar\/noticias-villa-maria\/wp-json\/wp\/v2\/categories?post=107232"},{"taxonomy":"post_tag","embeddable":true,"href":"https:\/\/elregionalvm.com.ar\/noticias-villa-maria\/wp-json\/wp\/v2\/tags?post=107232"}],"curies":[{"name":"wp","href":"https:\/\/api.w.org\/{rel}","templated":true}]}}