{"id":107341,"date":"2025-06-18T15:11:22","date_gmt":"2025-06-18T15:11:22","guid":{"rendered":"https:\/\/elregionalvm.com.ar\/noticias-villa-maria\/?p=107341"},"modified":"2025-06-18T21:13:43","modified_gmt":"2025-06-18T21:13:43","slug":"se-viene-el-primer-gran-maraton-de-yoga-en-villa-maria-vida-sana-bienestar-personal-alimentacion-saludable-y-mucho-mas","status":"publish","type":"post","link":"https:\/\/elregionalvm.com.ar\/noticias-villa-maria\/se-viene-el-primer-gran-maraton-de-yoga-en-villa-maria-vida-sana-bienestar-personal-alimentacion-saludable-y-mucho-mas\/","title":{"rendered":"Se viene el primer gran marat\u00f3n de yoga en Villa Mar\u00eda: Vida sana, bienestar personal, alimentaci\u00f3n saludable y mucho m\u00e1s"},"content":{"rendered":"\n<h3 class=\"wp-block-heading\"><strong>El evento se realizar\u00e1 el domingo 22 de junio, en el SUM del Villa Mar\u00eda Shopping. Habr\u00e1 varias actividades entre las 10 y las 19 horas: yoga para grandes y chicos, alimentaci\u00f3n consciente, oratoria emocional y mucho m\u00e1s. El marat\u00f3n es organizado por la instructora de yoga Eleonora Casadei y participan destacadas profesionales de la ciudad.<\/strong><\/h3>\n\n\n\n<p><\/p>\n\n\n\n<p>Para celebrar el d\u00eda internacional del yoga, Villa Mar\u00eda podr\u00e1 disfrutar de manera libre y gratuita del primer gran marat\u00f3n de yoga.<\/p>\n\n\n\n<p>Con diversas actividades que van desde yoga y meditaci\u00f3n a oratoria y alimentaci\u00f3n saludable, el evento se extender\u00e1 entre las 10 y las 19 horas del domingo 22 de junio, en el SUM del Villa Mar\u00eda Shopping, donde se encuentra el Hiper de la Coope.<\/p>\n\n\n\n<p>Cada actividad tendr\u00e1 una duraci\u00f3n de una hora aproximadamente y podr\u00e1 realizarse de manera independiente, seg\u00fan el inter\u00e9s personal de cada asistente, o participar en todas ellas de forma libre y gratuita.<\/p>\n\n\n\n<p>La primera edici\u00f3n de este evento \u201cbusca constituirse en un punto de encuentro para compartir experiencias y momentos de aprendizaje, para favorecer la vida sana, el bienestar personal y colectivo, la alimentaci\u00f3n saludable, entre otras cuestiones\u201d, explic\u00f3 la organizadora del evento, la instructora de yoga Eleonora Casadei.<\/p>\n\n\n\n<p><\/p>\n\n\n\n<figure class=\"wp-block-image size-full\"><img data-recalc-dims=\"1\" fetchpriority=\"high\" decoding=\"async\" width=\"972\" height=\"935\" src=\"https:\/\/i0.wp.com\/elregionalvm.com.ar\/noticias-villa-maria\/wp-content\/uploads\/2025\/06\/Eleonora-Casadei.jpeg?resize=972%2C935&#038;ssl=1\" alt=\"\" class=\"wp-image-107348\" srcset=\"https:\/\/i0.wp.com\/elregionalvm.com.ar\/noticias-villa-maria\/wp-content\/uploads\/2025\/06\/Eleonora-Casadei.jpeg?w=972&amp;ssl=1 972w, https:\/\/i0.wp.com\/elregionalvm.com.ar\/noticias-villa-maria\/wp-content\/uploads\/2025\/06\/Eleonora-Casadei.jpeg?resize=300%2C289&amp;ssl=1 300w, https:\/\/i0.wp.com\/elregionalvm.com.ar\/noticias-villa-maria\/wp-content\/uploads\/2025\/06\/Eleonora-Casadei.jpeg?resize=768%2C739&amp;ssl=1 768w\" sizes=\"(max-width: 972px) 100vw, 972px\" \/><figcaption class=\"wp-element-caption\"><em><strong>Eleonora Casadei convoc\u00f3 a destacadas profesionales para el marat\u00f3n de yoga.<\/strong><\/em><\/figcaption><\/figure>\n\n\n\n<p><\/p>\n\n\n\n<p><strong>Destacadas profesionales<\/strong><\/p>\n\n\n\n<p>Adem\u00e1s de la organizadora, el marat\u00f3n contar\u00e1 con la participaci\u00f3n especial de destacadas profesionales de nuestra ciudad.<\/p>\n\n\n\n<p>Entre otras, estar\u00e1n presente Nati Cardielo, Judit Am\u00e9, la nutricionista Melisa Manzur, Ali Ferreyra, Aldana Acosta, Nathalie Rubiolo, Nadia Michelini, Luciana Molina y Lux Balange.<\/p>\n\n\n\n<p>Cada una de ellas, abordar\u00e1 una tem\u00e1tica diferente en una amplia grilla que se extender\u00e1 durante gran parte del d\u00eda.<\/p>\n\n\n\n<p>Las actividades iniciar\u00e1n a las 10 horas, con un descanso al mediod\u00eda, para retomar a las 13 y finalizar alrededor de las 19 horas.<\/p>\n\n\n\n<p>\u201cEs un evento destinado para grandes y chicos, personas de todas las edades, hayan hecho alguna vez yoga o no. Porque, adem\u00e1s de esto, habr\u00e1 otras propuestas muy interesantes. Pueden venir solos, acompa\u00f1ados con amigos o en familia\u201d, remarc\u00f3 la organizadora.<\/p>\n\n\n\n<p><\/p>\n\n\n\n<figure class=\"wp-block-image size-large\"><img data-recalc-dims=\"1\" decoding=\"async\" width=\"1024\" height=\"928\" src=\"https:\/\/i0.wp.com\/elregionalvm.com.ar\/noticias-villa-maria\/wp-content\/uploads\/2023\/04\/Yoga-Leo.jpeg?resize=1024%2C928&#038;ssl=1\" alt=\"\" class=\"wp-image-74522\" srcset=\"https:\/\/i0.wp.com\/elregionalvm.com.ar\/noticias-villa-maria\/wp-content\/uploads\/2023\/04\/Yoga-Leo.jpeg?resize=1024%2C928&amp;ssl=1 1024w, https:\/\/i0.wp.com\/elregionalvm.com.ar\/noticias-villa-maria\/wp-content\/uploads\/2023\/04\/Yoga-Leo.jpeg?resize=300%2C272&amp;ssl=1 300w, https:\/\/i0.wp.com\/elregionalvm.com.ar\/noticias-villa-maria\/wp-content\/uploads\/2023\/04\/Yoga-Leo.jpeg?resize=768%2C696&amp;ssl=1 768w, https:\/\/i0.wp.com\/elregionalvm.com.ar\/noticias-villa-maria\/wp-content\/uploads\/2023\/04\/Yoga-Leo.jpeg?w=1199&amp;ssl=1 1199w\" sizes=\"(max-width: 1000px) 100vw, 1000px\" \/><\/figure>\n\n\n\n<p><\/p>\n\n\n\n<p>Adem\u00e1s, habr\u00e1 sorteos y otras sorpresas entre los participantes. No se necesita inscripci\u00f3n previa y podr\u00e1n acercarse en cualquier momento de este domingo 22 de junio para ser parte de esta novedosa iniciativa.<\/p>\n\n\n\n<p>Las personas interesadas pueden contactarse al 353-5625840.<\/p>\n\n\n\n<p><\/p>\n\n\n\n<figure class=\"wp-block-image size-large\"><img data-recalc-dims=\"1\" decoding=\"async\" width=\"819\" height=\"1024\" src=\"https:\/\/i0.wp.com\/elregionalvm.com.ar\/noticias-villa-maria\/wp-content\/uploads\/2025\/06\/Maraton-de-yoga.jpeg?resize=819%2C1024&#038;ssl=1\" alt=\"\" class=\"wp-image-107343\" srcset=\"https:\/\/i0.wp.com\/elregionalvm.com.ar\/noticias-villa-maria\/wp-content\/uploads\/2025\/06\/Maraton-de-yoga.jpeg?resize=819%2C1024&amp;ssl=1 819w, https:\/\/i0.wp.com\/elregionalvm.com.ar\/noticias-villa-maria\/wp-content\/uploads\/2025\/06\/Maraton-de-yoga.jpeg?resize=240%2C300&amp;ssl=1 240w, https:\/\/i0.wp.com\/elregionalvm.com.ar\/noticias-villa-maria\/wp-content\/uploads\/2025\/06\/Maraton-de-yoga.jpeg?resize=768%2C960&amp;ssl=1 768w, https:\/\/i0.wp.com\/elregionalvm.com.ar\/noticias-villa-maria\/wp-content\/uploads\/2025\/06\/Maraton-de-yoga.jpeg?w=1080&amp;ssl=1 1080w\" sizes=\"(max-width: 819px) 100vw, 819px\" \/><\/figure>\n\n\n\n<p><\/p>\n\n\n\n<p><strong>La programaci\u00f3n completa<\/strong><\/p>\n\n\n\n<p>A continuaci\u00f3n, compartimos la grilla con las distintas actividades:<\/p>\n\n\n\n<p><strong>&#x1f552;<\/strong><strong> Hora&nbsp;&nbsp;&nbsp;&nbsp;&nbsp;&nbsp;&nbsp; Actividad<\/strong><\/p>\n\n\n\n<p><strong>10:00 hs&nbsp;&nbsp;&nbsp;&nbsp;&nbsp;&nbsp;&nbsp;&nbsp;&nbsp; &#8211; Clase de Yoga \u00abFluyendo hacia el hogar interior\u00bb,<\/strong> con NATI CARDIELO.<\/p>\n\n\n\n<p><strong>11:00 hs&nbsp;&nbsp;&nbsp;&nbsp;&nbsp;&nbsp;&nbsp;&nbsp;&nbsp; &#8211; Alimentaci\u00f3n consciente,<\/strong> a cargo de Nutricionista MELISA MANZUR.<\/p>\n\n\n\n<p><strong>12:00 hs &nbsp;&nbsp;&nbsp;&nbsp;&nbsp;&nbsp;&nbsp;&nbsp; &#8211; DESCANSO<\/strong> (Habr\u00e1 mesa de or\u00e1culos y cartitas) AMATISTA tienda Hol\u00edstica.<\/p>\n\n\n\n<p><strong>13:00 hs&nbsp;&nbsp;&nbsp;&nbsp;&nbsp;&nbsp;&nbsp;&nbsp;&nbsp; &#8211; M\u00e9todo Tapping,<\/strong> con ELEONORA CASADEI.<\/p>\n\n\n\n<p><strong>13:30 hs&nbsp;&nbsp;&nbsp;&nbsp;&nbsp;&nbsp;&nbsp;&nbsp;&nbsp; &#8211; Vinyasa &amp; Saucha Flow Purificaci\u00f3n<\/strong>, con NATHALIE RUBIOLO.<\/p>\n\n\n\n<p><strong>14:00 hs&nbsp;&nbsp;&nbsp;&nbsp;&nbsp;&nbsp;&nbsp;&nbsp;&nbsp; &#8211; Yoga para las infancias<\/strong>, con ALII FERREYRA.<\/p>\n\n\n\n<p><strong>15:00 hs&nbsp;&nbsp;&nbsp;&nbsp;&nbsp;&nbsp;&nbsp;&nbsp;&nbsp; &#8211; Hatha Yoga y meditaci\u00f3n \u201cYo Soy\u201d,<\/strong> con ALDANA COSTA<\/p>\n\n\n\n<p><strong>16:00 hs&nbsp;&nbsp;&nbsp;&nbsp;&nbsp;&nbsp;&nbsp;&nbsp;&nbsp; &#8211; Astroyoga con<\/strong> NADIA MICHELINI<\/p>\n\n\n\n<p><strong>17:00 hs&nbsp;&nbsp;&nbsp;&nbsp;&nbsp;&nbsp;&nbsp;&nbsp;&nbsp; &#8211; Oratoria emocional<\/strong>, \u00abYoga fuera del mat, vivir en coherencia con lo que somos\u00bb, con JUDIT AM\u00c9<\/p>\n\n\n\n<p><strong>18:00 hs&nbsp;&nbsp;&nbsp;&nbsp;&nbsp;&nbsp;&nbsp;&nbsp;&nbsp; &#8211; Hatha Yoga<\/strong>, con LUCIANA MOLINA.<\/p>\n\n\n\n<p><strong>18:30 hs&nbsp;&nbsp;&nbsp;&nbsp;&nbsp;&nbsp;&nbsp;&nbsp;&nbsp; &#8211; Meditaci\u00f3n con cuencos de cuarzo y ba\u00f1o de Gong<\/strong>, con LUX BALANGE<\/p>\n","protected":false},"excerpt":{"rendered":"<p>El evento se realizar\u00e1 el domingo 22 de junio, en el SUM del Villa Mar\u00eda Shopping. Habr\u00e1 varias actividades entre las 10 y las 19 horas: yoga para grandes y chicos, alimentaci\u00f3n consciente, oratoria emocional y mucho m\u00e1s. El marat\u00f3n es organizado por la instructora de yoga Eleonora Casadei y participan destacadas profesionales de la [&hellip;]<\/p>\n","protected":false},"author":4,"featured_media":107346,"comment_status":"open","ping_status":"open","sticky":false,"template":"","format":"standard","meta":{"site-sidebar-layout":"default","site-content-layout":"","ast-site-content-layout":"default","site-content-style":"default","site-sidebar-style":"default","ast-global-header-display":"","ast-banner-title-visibility":"","ast-main-header-display":"","ast-hfb-above-header-display":"","ast-hfb-below-header-display":"","ast-hfb-mobile-header-display":"","site-post-title":"","ast-breadcrumbs-content":"","ast-featured-img":"","footer-sml-layout":"","ast-disable-related-posts":"","theme-transparent-header-meta":"","adv-header-id-meta":"","stick-header-meta":"","header-above-stick-meta":"","header-main-stick-meta":"","header-below-stick-meta":"","astra-migrate-meta-layouts":"set","ast-page-background-enabled":"default","ast-page-background-meta":{"desktop":{"background-color":"","background-image":"","background-repeat":"repeat","background-position":"center center","background-size":"auto","background-attachment":"scroll","background-type":"","background-media":"","overlay-type":"","overlay-color":"","overlay-opacity":"","overlay-gradient":""},"tablet":{"background-color":"","background-image":"","background-repeat":"repeat","background-position":"center center","background-size":"auto","background-attachment":"scroll","background-type":"","background-media":"","overlay-type":"","overlay-color":"","overlay-opacity":"","overlay-gradient":""},"mobile":{"background-color":"","background-image":"","background-repeat":"repeat","background-position":"center center","background-size":"auto","background-attachment":"scroll","background-type":"","background-media":"","overlay-type":"","overlay-color":"","overlay-opacity":"","overlay-gradient":""}},"ast-content-background-meta":{"desktop":{"background-color":"var(--ast-global-color-5)","background-image":"","background-repeat":"repeat","background-position":"center center","background-size":"auto","background-attachment":"scroll","background-type":"","background-media":"","overlay-type":"","overlay-color":"","overlay-opacity":"","overlay-gradient":""},"tablet":{"background-color":"var(--ast-global-color-5)","background-image":"","background-repeat":"repeat","background-position":"center center","background-size":"auto","background-attachment":"scroll","background-type":"","background-media":"","overlay-type":"","overlay-color":"","overlay-opacity":"","overlay-gradient":""},"mobile":{"background-color":"var(--ast-global-color-5)","background-image":"","background-repeat":"repeat","background-position":"center center","background-size":"auto","background-attachment":"scroll","background-type":"","background-media":"","overlay-type":"","overlay-color":"","overlay-opacity":"","overlay-gradient":""}},"_jetpack_memberships_contains_paid_content":false,"_joinchat":[],"footnotes":""},"categories":[9869,15302,3557,2],"tags":[5639,24608,4928,25040,22568,11718,11380,22303,9924],"class_list":["post-107341","post","type-post","status-publish","format-standard","has-post-thumbnail","hentry","category-buena-vida","category-destacado","category-tercera","category-villa-maria","tag-alimentacion","tag-buena-salud","tag-maraton","tag-maraton-de-yoga","tag-melisa-manzur","tag-nutricion","tag-vida-sana","tag-villa-maria-shopping","tag-yoga"],"yoast_head":"<!-- This site is optimized with the Yoast SEO plugin v26.8 - https:\/\/yoast.com\/product\/yoast-seo-wordpress\/ -->\n<title>Se viene el primer gran marat\u00f3n de yoga en Villa Mar\u00eda: Vida sana, bienestar personal, alimentaci\u00f3n saludable y mucho m\u00e1s - El Regional<\/title>\n<meta name=\"robots\" content=\"index, follow, max-snippet:-1, max-image-preview:large, max-video-preview:-1\" \/>\n<link rel=\"canonical\" href=\"https:\/\/elregionalvm.com.ar\/noticias-villa-maria\/se-viene-el-primer-gran-maraton-de-yoga-en-villa-maria-vida-sana-bienestar-personal-alimentacion-saludable-y-mucho-mas\/\" \/>\n<meta property=\"og:locale\" content=\"es_ES\" \/>\n<meta property=\"og:type\" content=\"article\" \/>\n<meta property=\"og:title\" content=\"Se viene el primer gran marat\u00f3n de yoga en Villa Mar\u00eda: Vida sana, bienestar personal, alimentaci\u00f3n saludable y mucho m\u00e1s - El Regional\" \/>\n<meta property=\"og:description\" content=\"El evento se realizar\u00e1 el domingo 22 de junio, en el SUM del Villa Mar\u00eda Shopping. Habr\u00e1 varias actividades entre las 10 y las 19 horas: yoga para grandes y chicos, alimentaci\u00f3n consciente, oratoria emocional y mucho m\u00e1s. El marat\u00f3n es organizado por la instructora de yoga Eleonora Casadei y participan destacadas profesionales de la [&hellip;]\" \/>\n<meta property=\"og:url\" content=\"https:\/\/elregionalvm.com.ar\/noticias-villa-maria\/se-viene-el-primer-gran-maraton-de-yoga-en-villa-maria-vida-sana-bienestar-personal-alimentacion-saludable-y-mucho-mas\/\" \/>\n<meta property=\"og:site_name\" content=\"El Regional\" \/>\n<meta property=\"article:publisher\" content=\"https:\/\/www.facebook.com\/elregionalvm\" \/>\n<meta property=\"article:published_time\" content=\"2025-06-18T15:11:22+00:00\" \/>\n<meta property=\"article:modified_time\" content=\"2025-06-18T21:13:43+00:00\" \/>\n<meta property=\"og:image\" content=\"https:\/\/elregionalvm.com.ar\/noticias-villa-maria\/wp-content\/uploads\/2025\/06\/Yoga.jpg\" \/>\n\t<meta property=\"og:image:width\" content=\"1120\" \/>\n\t<meta property=\"og:image:height\" content=\"560\" \/>\n\t<meta property=\"og:image:type\" content=\"image\/jpeg\" \/>\n<meta name=\"author\" content=\"Contenidos El Regional\" \/>\n<meta name=\"twitter:card\" content=\"summary_large_image\" \/>\n<meta name=\"twitter:creator\" content=\"@elregionalvm1\" \/>\n<meta name=\"twitter:site\" content=\"@elregionalvm1\" \/>\n<meta name=\"twitter:label1\" content=\"Escrito por\" \/>\n\t<meta name=\"twitter:data1\" content=\"Contenidos El Regional\" \/>\n\t<meta name=\"twitter:label2\" content=\"Tiempo de lectura\" \/>\n\t<meta name=\"twitter:data2\" content=\"4 minutos\" \/>\n<script type=\"application\/ld+json\" class=\"yoast-schema-graph\">{\"@context\":\"https:\/\/schema.org\",\"@graph\":[{\"@type\":\"Article\",\"@id\":\"https:\/\/elregionalvm.com.ar\/noticias-villa-maria\/se-viene-el-primer-gran-maraton-de-yoga-en-villa-maria-vida-sana-bienestar-personal-alimentacion-saludable-y-mucho-mas\/#article\",\"isPartOf\":{\"@id\":\"https:\/\/elregionalvm.com.ar\/noticias-villa-maria\/se-viene-el-primer-gran-maraton-de-yoga-en-villa-maria-vida-sana-bienestar-personal-alimentacion-saludable-y-mucho-mas\/\"},\"author\":{\"name\":\"Contenidos El Regional\",\"@id\":\"http:\/\/elregionalvm.com.ar\/noticias-villa-maria\/#\/schema\/person\/a0fb9c422317faca23d50163151bc354\"},\"headline\":\"Se viene el primer gran marat\u00f3n de yoga en Villa Mar\u00eda: Vida sana, bienestar personal, alimentaci\u00f3n saludable y mucho m\u00e1s\",\"datePublished\":\"2025-06-18T15:11:22+00:00\",\"dateModified\":\"2025-06-18T21:13:43+00:00\",\"mainEntityOfPage\":{\"@id\":\"https:\/\/elregionalvm.com.ar\/noticias-villa-maria\/se-viene-el-primer-gran-maraton-de-yoga-en-villa-maria-vida-sana-bienestar-personal-alimentacion-saludable-y-mucho-mas\/\"},\"wordCount\":673,\"commentCount\":0,\"image\":{\"@id\":\"https:\/\/elregionalvm.com.ar\/noticias-villa-maria\/se-viene-el-primer-gran-maraton-de-yoga-en-villa-maria-vida-sana-bienestar-personal-alimentacion-saludable-y-mucho-mas\/#primaryimage\"},\"thumbnailUrl\":\"https:\/\/i0.wp.com\/elregionalvm.com.ar\/noticias-villa-maria\/wp-content\/uploads\/2025\/06\/Yoga.jpg?fit=1120%2C560&ssl=1\",\"keywords\":[\"alimentaci\u00f3n\",\"buena salud\",\"marat\u00f3n\",\"marat\u00f3n de yoga\",\"Melisa Manzur\",\"nutrici\u00f3n\",\"Vida sana\",\"Villa Mar\u00eda Shopping\",\"Yoga\"],\"articleSection\":[\"Buena vida\",\"destacado\",\"tercera\",\"Villa Mar\u00eda\"],\"inLanguage\":\"es\",\"potentialAction\":[{\"@type\":\"CommentAction\",\"name\":\"Comment\",\"target\":[\"https:\/\/elregionalvm.com.ar\/noticias-villa-maria\/se-viene-el-primer-gran-maraton-de-yoga-en-villa-maria-vida-sana-bienestar-personal-alimentacion-saludable-y-mucho-mas\/#respond\"]}]},{\"@type\":\"WebPage\",\"@id\":\"https:\/\/elregionalvm.com.ar\/noticias-villa-maria\/se-viene-el-primer-gran-maraton-de-yoga-en-villa-maria-vida-sana-bienestar-personal-alimentacion-saludable-y-mucho-mas\/\",\"url\":\"https:\/\/elregionalvm.com.ar\/noticias-villa-maria\/se-viene-el-primer-gran-maraton-de-yoga-en-villa-maria-vida-sana-bienestar-personal-alimentacion-saludable-y-mucho-mas\/\",\"name\":\"Se viene el primer gran marat\u00f3n de yoga en Villa Mar\u00eda: Vida sana, bienestar personal, alimentaci\u00f3n saludable y mucho m\u00e1s - El Regional\",\"isPartOf\":{\"@id\":\"http:\/\/elregionalvm.com.ar\/noticias-villa-maria\/#website\"},\"primaryImageOfPage\":{\"@id\":\"https:\/\/elregionalvm.com.ar\/noticias-villa-maria\/se-viene-el-primer-gran-maraton-de-yoga-en-villa-maria-vida-sana-bienestar-personal-alimentacion-saludable-y-mucho-mas\/#primaryimage\"},\"image\":{\"@id\":\"https:\/\/elregionalvm.com.ar\/noticias-villa-maria\/se-viene-el-primer-gran-maraton-de-yoga-en-villa-maria-vida-sana-bienestar-personal-alimentacion-saludable-y-mucho-mas\/#primaryimage\"},\"thumbnailUrl\":\"https:\/\/i0.wp.com\/elregionalvm.com.ar\/noticias-villa-maria\/wp-content\/uploads\/2025\/06\/Yoga.jpg?fit=1120%2C560&ssl=1\",\"datePublished\":\"2025-06-18T15:11:22+00:00\",\"dateModified\":\"2025-06-18T21:13:43+00:00\",\"author\":{\"@id\":\"http:\/\/elregionalvm.com.ar\/noticias-villa-maria\/#\/schema\/person\/a0fb9c422317faca23d50163151bc354\"},\"breadcrumb\":{\"@id\":\"https:\/\/elregionalvm.com.ar\/noticias-villa-maria\/se-viene-el-primer-gran-maraton-de-yoga-en-villa-maria-vida-sana-bienestar-personal-alimentacion-saludable-y-mucho-mas\/#breadcrumb\"},\"inLanguage\":\"es\",\"potentialAction\":[{\"@type\":\"ReadAction\",\"target\":[\"https:\/\/elregionalvm.com.ar\/noticias-villa-maria\/se-viene-el-primer-gran-maraton-de-yoga-en-villa-maria-vida-sana-bienestar-personal-alimentacion-saludable-y-mucho-mas\/\"]}]},{\"@type\":\"ImageObject\",\"inLanguage\":\"es\",\"@id\":\"https:\/\/elregionalvm.com.ar\/noticias-villa-maria\/se-viene-el-primer-gran-maraton-de-yoga-en-villa-maria-vida-sana-bienestar-personal-alimentacion-saludable-y-mucho-mas\/#primaryimage\",\"url\":\"https:\/\/i0.wp.com\/elregionalvm.com.ar\/noticias-villa-maria\/wp-content\/uploads\/2025\/06\/Yoga.jpg?fit=1120%2C560&ssl=1\",\"contentUrl\":\"https:\/\/i0.wp.com\/elregionalvm.com.ar\/noticias-villa-maria\/wp-content\/uploads\/2025\/06\/Yoga.jpg?fit=1120%2C560&ssl=1\",\"width\":1120,\"height\":560},{\"@type\":\"BreadcrumbList\",\"@id\":\"https:\/\/elregionalvm.com.ar\/noticias-villa-maria\/se-viene-el-primer-gran-maraton-de-yoga-en-villa-maria-vida-sana-bienestar-personal-alimentacion-saludable-y-mucho-mas\/#breadcrumb\",\"itemListElement\":[{\"@type\":\"ListItem\",\"position\":1,\"name\":\"Portada\",\"item\":\"https:\/\/elregionalvm.com.ar\/noticias-villa-maria\/\"},{\"@type\":\"ListItem\",\"position\":2,\"name\":\"Se viene el primer gran marat\u00f3n de yoga en Villa Mar\u00eda: Vida sana, bienestar personal, alimentaci\u00f3n saludable y mucho m\u00e1s\"}]},{\"@type\":\"WebSite\",\"@id\":\"http:\/\/elregionalvm.com.ar\/noticias-villa-maria\/#website\",\"url\":\"http:\/\/elregionalvm.com.ar\/noticias-villa-maria\/\",\"name\":\"El Regional\",\"description\":\"Mucho m\u00e1s que informaci\u00f3n\",\"potentialAction\":[{\"@type\":\"SearchAction\",\"target\":{\"@type\":\"EntryPoint\",\"urlTemplate\":\"http:\/\/elregionalvm.com.ar\/noticias-villa-maria\/?s={search_term_string}\"},\"query-input\":{\"@type\":\"PropertyValueSpecification\",\"valueRequired\":true,\"valueName\":\"search_term_string\"}}],\"inLanguage\":\"es\"},{\"@type\":\"Person\",\"@id\":\"http:\/\/elregionalvm.com.ar\/noticias-villa-maria\/#\/schema\/person\/a0fb9c422317faca23d50163151bc354\",\"name\":\"Contenidos El Regional\",\"image\":{\"@type\":\"ImageObject\",\"inLanguage\":\"es\",\"@id\":\"http:\/\/elregionalvm.com.ar\/noticias-villa-maria\/#\/schema\/person\/image\/\",\"url\":\"https:\/\/secure.gravatar.com\/avatar\/265b27cb2209af7bb3a1318f03305787d7981a5cc6e6cd08fe5a4ecdf99d4b48?s=96&d=mm&r=g\",\"contentUrl\":\"https:\/\/secure.gravatar.com\/avatar\/265b27cb2209af7bb3a1318f03305787d7981a5cc6e6cd08fe5a4ecdf99d4b48?s=96&d=mm&r=g\",\"caption\":\"Contenidos El Regional\"},\"url\":\"https:\/\/elregionalvm.com.ar\/noticias-villa-maria\/author\/contenido\/\"}]}<\/script>\n<!-- \/ Yoast SEO plugin. -->","yoast_head_json":{"title":"Se viene el primer gran marat\u00f3n de yoga en Villa Mar\u00eda: Vida sana, bienestar personal, alimentaci\u00f3n saludable y mucho m\u00e1s - El Regional","robots":{"index":"index","follow":"follow","max-snippet":"max-snippet:-1","max-image-preview":"max-image-preview:large","max-video-preview":"max-video-preview:-1"},"canonical":"https:\/\/elregionalvm.com.ar\/noticias-villa-maria\/se-viene-el-primer-gran-maraton-de-yoga-en-villa-maria-vida-sana-bienestar-personal-alimentacion-saludable-y-mucho-mas\/","og_locale":"es_ES","og_type":"article","og_title":"Se viene el primer gran marat\u00f3n de yoga en Villa Mar\u00eda: Vida sana, bienestar personal, alimentaci\u00f3n saludable y mucho m\u00e1s - El Regional","og_description":"El evento se realizar\u00e1 el domingo 22 de junio, en el SUM del Villa Mar\u00eda Shopping. Habr\u00e1 varias actividades entre las 10 y las 19 horas: yoga para grandes y chicos, alimentaci\u00f3n consciente, oratoria emocional y mucho m\u00e1s. El marat\u00f3n es organizado por la instructora de yoga Eleonora Casadei y participan destacadas profesionales de la [&hellip;]","og_url":"https:\/\/elregionalvm.com.ar\/noticias-villa-maria\/se-viene-el-primer-gran-maraton-de-yoga-en-villa-maria-vida-sana-bienestar-personal-alimentacion-saludable-y-mucho-mas\/","og_site_name":"El Regional","article_publisher":"https:\/\/www.facebook.com\/elregionalvm","article_published_time":"2025-06-18T15:11:22+00:00","article_modified_time":"2025-06-18T21:13:43+00:00","og_image":[{"width":1120,"height":560,"url":"https:\/\/elregionalvm.com.ar\/noticias-villa-maria\/wp-content\/uploads\/2025\/06\/Yoga.jpg","type":"image\/jpeg"}],"author":"Contenidos El Regional","twitter_card":"summary_large_image","twitter_creator":"@elregionalvm1","twitter_site":"@elregionalvm1","twitter_misc":{"Escrito por":"Contenidos El Regional","Tiempo de lectura":"4 minutos"},"schema":{"@context":"https:\/\/schema.org","@graph":[{"@type":"Article","@id":"https:\/\/elregionalvm.com.ar\/noticias-villa-maria\/se-viene-el-primer-gran-maraton-de-yoga-en-villa-maria-vida-sana-bienestar-personal-alimentacion-saludable-y-mucho-mas\/#article","isPartOf":{"@id":"https:\/\/elregionalvm.com.ar\/noticias-villa-maria\/se-viene-el-primer-gran-maraton-de-yoga-en-villa-maria-vida-sana-bienestar-personal-alimentacion-saludable-y-mucho-mas\/"},"author":{"name":"Contenidos El Regional","@id":"http:\/\/elregionalvm.com.ar\/noticias-villa-maria\/#\/schema\/person\/a0fb9c422317faca23d50163151bc354"},"headline":"Se viene el primer gran marat\u00f3n de yoga en Villa Mar\u00eda: Vida sana, bienestar personal, alimentaci\u00f3n saludable y mucho m\u00e1s","datePublished":"2025-06-18T15:11:22+00:00","dateModified":"2025-06-18T21:13:43+00:00","mainEntityOfPage":{"@id":"https:\/\/elregionalvm.com.ar\/noticias-villa-maria\/se-viene-el-primer-gran-maraton-de-yoga-en-villa-maria-vida-sana-bienestar-personal-alimentacion-saludable-y-mucho-mas\/"},"wordCount":673,"commentCount":0,"image":{"@id":"https:\/\/elregionalvm.com.ar\/noticias-villa-maria\/se-viene-el-primer-gran-maraton-de-yoga-en-villa-maria-vida-sana-bienestar-personal-alimentacion-saludable-y-mucho-mas\/#primaryimage"},"thumbnailUrl":"https:\/\/i0.wp.com\/elregionalvm.com.ar\/noticias-villa-maria\/wp-content\/uploads\/2025\/06\/Yoga.jpg?fit=1120%2C560&ssl=1","keywords":["alimentaci\u00f3n","buena salud","marat\u00f3n","marat\u00f3n de yoga","Melisa Manzur","nutrici\u00f3n","Vida sana","Villa Mar\u00eda Shopping","Yoga"],"articleSection":["Buena vida","destacado","tercera","Villa Mar\u00eda"],"inLanguage":"es","potentialAction":[{"@type":"CommentAction","name":"Comment","target":["https:\/\/elregionalvm.com.ar\/noticias-villa-maria\/se-viene-el-primer-gran-maraton-de-yoga-en-villa-maria-vida-sana-bienestar-personal-alimentacion-saludable-y-mucho-mas\/#respond"]}]},{"@type":"WebPage","@id":"https:\/\/elregionalvm.com.ar\/noticias-villa-maria\/se-viene-el-primer-gran-maraton-de-yoga-en-villa-maria-vida-sana-bienestar-personal-alimentacion-saludable-y-mucho-mas\/","url":"https:\/\/elregionalvm.com.ar\/noticias-villa-maria\/se-viene-el-primer-gran-maraton-de-yoga-en-villa-maria-vida-sana-bienestar-personal-alimentacion-saludable-y-mucho-mas\/","name":"Se viene el primer gran marat\u00f3n de yoga en Villa Mar\u00eda: Vida sana, bienestar personal, alimentaci\u00f3n saludable y mucho m\u00e1s - El Regional","isPartOf":{"@id":"http:\/\/elregionalvm.com.ar\/noticias-villa-maria\/#website"},"primaryImageOfPage":{"@id":"https:\/\/elregionalvm.com.ar\/noticias-villa-maria\/se-viene-el-primer-gran-maraton-de-yoga-en-villa-maria-vida-sana-bienestar-personal-alimentacion-saludable-y-mucho-mas\/#primaryimage"},"image":{"@id":"https:\/\/elregionalvm.com.ar\/noticias-villa-maria\/se-viene-el-primer-gran-maraton-de-yoga-en-villa-maria-vida-sana-bienestar-personal-alimentacion-saludable-y-mucho-mas\/#primaryimage"},"thumbnailUrl":"https:\/\/i0.wp.com\/elregionalvm.com.ar\/noticias-villa-maria\/wp-content\/uploads\/2025\/06\/Yoga.jpg?fit=1120%2C560&ssl=1","datePublished":"2025-06-18T15:11:22+00:00","dateModified":"2025-06-18T21:13:43+00:00","author":{"@id":"http:\/\/elregionalvm.com.ar\/noticias-villa-maria\/#\/schema\/person\/a0fb9c422317faca23d50163151bc354"},"breadcrumb":{"@id":"https:\/\/elregionalvm.com.ar\/noticias-villa-maria\/se-viene-el-primer-gran-maraton-de-yoga-en-villa-maria-vida-sana-bienestar-personal-alimentacion-saludable-y-mucho-mas\/#breadcrumb"},"inLanguage":"es","potentialAction":[{"@type":"ReadAction","target":["https:\/\/elregionalvm.com.ar\/noticias-villa-maria\/se-viene-el-primer-gran-maraton-de-yoga-en-villa-maria-vida-sana-bienestar-personal-alimentacion-saludable-y-mucho-mas\/"]}]},{"@type":"ImageObject","inLanguage":"es","@id":"https:\/\/elregionalvm.com.ar\/noticias-villa-maria\/se-viene-el-primer-gran-maraton-de-yoga-en-villa-maria-vida-sana-bienestar-personal-alimentacion-saludable-y-mucho-mas\/#primaryimage","url":"https:\/\/i0.wp.com\/elregionalvm.com.ar\/noticias-villa-maria\/wp-content\/uploads\/2025\/06\/Yoga.jpg?fit=1120%2C560&ssl=1","contentUrl":"https:\/\/i0.wp.com\/elregionalvm.com.ar\/noticias-villa-maria\/wp-content\/uploads\/2025\/06\/Yoga.jpg?fit=1120%2C560&ssl=1","width":1120,"height":560},{"@type":"BreadcrumbList","@id":"https:\/\/elregionalvm.com.ar\/noticias-villa-maria\/se-viene-el-primer-gran-maraton-de-yoga-en-villa-maria-vida-sana-bienestar-personal-alimentacion-saludable-y-mucho-mas\/#breadcrumb","itemListElement":[{"@type":"ListItem","position":1,"name":"Portada","item":"https:\/\/elregionalvm.com.ar\/noticias-villa-maria\/"},{"@type":"ListItem","position":2,"name":"Se viene el primer gran marat\u00f3n de yoga en Villa Mar\u00eda: Vida sana, bienestar personal, alimentaci\u00f3n saludable y mucho m\u00e1s"}]},{"@type":"WebSite","@id":"http:\/\/elregionalvm.com.ar\/noticias-villa-maria\/#website","url":"http:\/\/elregionalvm.com.ar\/noticias-villa-maria\/","name":"El Regional","description":"Mucho m\u00e1s que informaci\u00f3n","potentialAction":[{"@type":"SearchAction","target":{"@type":"EntryPoint","urlTemplate":"http:\/\/elregionalvm.com.ar\/noticias-villa-maria\/?s={search_term_string}"},"query-input":{"@type":"PropertyValueSpecification","valueRequired":true,"valueName":"search_term_string"}}],"inLanguage":"es"},{"@type":"Person","@id":"http:\/\/elregionalvm.com.ar\/noticias-villa-maria\/#\/schema\/person\/a0fb9c422317faca23d50163151bc354","name":"Contenidos El Regional","image":{"@type":"ImageObject","inLanguage":"es","@id":"http:\/\/elregionalvm.com.ar\/noticias-villa-maria\/#\/schema\/person\/image\/","url":"https:\/\/secure.gravatar.com\/avatar\/265b27cb2209af7bb3a1318f03305787d7981a5cc6e6cd08fe5a4ecdf99d4b48?s=96&d=mm&r=g","contentUrl":"https:\/\/secure.gravatar.com\/avatar\/265b27cb2209af7bb3a1318f03305787d7981a5cc6e6cd08fe5a4ecdf99d4b48?s=96&d=mm&r=g","caption":"Contenidos El Regional"},"url":"https:\/\/elregionalvm.com.ar\/noticias-villa-maria\/author\/contenido\/"}]}},"jetpack_featured_media_url":"https:\/\/i0.wp.com\/elregionalvm.com.ar\/noticias-villa-maria\/wp-content\/uploads\/2025\/06\/Yoga.jpg?fit=1120%2C560&ssl=1","jetpack_sharing_enabled":true,"_links":{"self":[{"href":"https:\/\/elregionalvm.com.ar\/noticias-villa-maria\/wp-json\/wp\/v2\/posts\/107341","targetHints":{"allow":["GET"]}}],"collection":[{"href":"https:\/\/elregionalvm.com.ar\/noticias-villa-maria\/wp-json\/wp\/v2\/posts"}],"about":[{"href":"https:\/\/elregionalvm.com.ar\/noticias-villa-maria\/wp-json\/wp\/v2\/types\/post"}],"author":[{"embeddable":true,"href":"https:\/\/elregionalvm.com.ar\/noticias-villa-maria\/wp-json\/wp\/v2\/users\/4"}],"replies":[{"embeddable":true,"href":"https:\/\/elregionalvm.com.ar\/noticias-villa-maria\/wp-json\/wp\/v2\/comments?post=107341"}],"version-history":[{"count":3,"href":"https:\/\/elregionalvm.com.ar\/noticias-villa-maria\/wp-json\/wp\/v2\/posts\/107341\/revisions"}],"predecessor-version":[{"id":107349,"href":"https:\/\/elregionalvm.com.ar\/noticias-villa-maria\/wp-json\/wp\/v2\/posts\/107341\/revisions\/107349"}],"wp:featuredmedia":[{"embeddable":true,"href":"https:\/\/elregionalvm.com.ar\/noticias-villa-maria\/wp-json\/wp\/v2\/media\/107346"}],"wp:attachment":[{"href":"https:\/\/elregionalvm.com.ar\/noticias-villa-maria\/wp-json\/wp\/v2\/media?parent=107341"}],"wp:term":[{"taxonomy":"category","embeddable":true,"href":"https:\/\/elregionalvm.com.ar\/noticias-villa-maria\/wp-json\/wp\/v2\/categories?post=107341"},{"taxonomy":"post_tag","embeddable":true,"href":"https:\/\/elregionalvm.com.ar\/noticias-villa-maria\/wp-json\/wp\/v2\/tags?post=107341"}],"curies":[{"name":"wp","href":"https:\/\/api.w.org\/{rel}","templated":true}]}}