{"id":107385,"date":"2025-06-20T14:41:00","date_gmt":"2025-06-20T14:41:00","guid":{"rendered":"https:\/\/elregionalvm.com.ar\/noticias-villa-maria\/?p=107385"},"modified":"2025-06-25T21:43:38","modified_gmt":"2025-06-25T21:43:38","slug":"rodrigo-a-25-anos-de-su-muerte-vivir-y-morir-rapido-el-show-debe-continuar","status":"publish","type":"post","link":"https:\/\/elregionalvm.com.ar\/noticias-villa-maria\/rodrigo-a-25-anos-de-su-muerte-vivir-y-morir-rapido-el-show-debe-continuar\/","title":{"rendered":"Rodrigo, a 25 a\u00f1os de su muerte: Vivir y morir r\u00e1pido, el show debe continuar"},"content":{"rendered":"\n<h3 class=\"wp-block-heading\"><strong>El 24 de mayo pasado, Rodrigo hubiera cumplido 52 a\u00f1os. Pero no pudo ser. Su vida se fue tan r\u00e1pido como la vivi\u00f3, hace 25 a\u00f1os. Su figura se hizo m\u00edtica tras la tragedia y el dolor. La santificaci\u00f3n no resulta extra\u00f1a en una sociedad necrof\u00edlica y exitista como la nuestra.<\/strong><\/h3>\n\n\n\n<p><\/p>\n\n\n\n<p><strong>Escribe: Germ\u00e1n Giacchero<\/strong><\/p>\n\n\n\n<p><\/p>\n\n\n\n<p>La necrofilia es la atracci\u00f3n que ejerce la muerte en las personas o en una sociedad. Una extra\u00f1a fascinaci\u00f3n que hermana a los argentinos y que se manifiesta en pr\u00e1cticas como el tradicional homenaje a nuestros pr\u00f3ceres el d\u00eda de su muerte y el recordatorio constante de fechas tr\u00e1gicas.<\/p>\n\n\n\n<p>Tambi\u00e9n en los funerales masivos y en la transformaci\u00f3n en mitos o la glorificaci\u00f3n de aquellas personalidades cuya muerte estuvo rodeada por la fatalidad.<\/p>\n\n\n\n<p>La tr\u00e1gica y temprana muerte del Potro cordob\u00e9s Rodrigo y su autom\u00e1tica conversi\u00f3n en mito o leyenda bajo el influjo medi\u00e1tico fue una muestra m\u00e1s de la necrofilia nacional. De una sociedad exitista que necesita crear mitos a imagen y semejanza con los cuales identificarse.<\/p>\n\n\n\n<p><\/p>\n\n\n\n<figure class=\"wp-block-image size-full is-resized\"><img data-recalc-dims=\"1\" fetchpriority=\"high\" decoding=\"async\" width=\"711\" height=\"400\" src=\"https:\/\/i0.wp.com\/elregionalvm.com.ar\/noticias-villa-maria\/wp-content\/uploads\/2025\/06\/Rodrigo-cantante-2.jpg?resize=711%2C400&#038;ssl=1\" alt=\"\" class=\"wp-image-107390\" style=\"width:910px;height:auto\" srcset=\"https:\/\/i0.wp.com\/elregionalvm.com.ar\/noticias-villa-maria\/wp-content\/uploads\/2025\/06\/Rodrigo-cantante-2.jpg?w=711&amp;ssl=1 711w, https:\/\/i0.wp.com\/elregionalvm.com.ar\/noticias-villa-maria\/wp-content\/uploads\/2025\/06\/Rodrigo-cantante-2.jpg?resize=300%2C169&amp;ssl=1 300w\" sizes=\"(max-width: 711px) 100vw, 711px\" \/><\/figure>\n\n\n\n<p><\/p>\n\n\n\n<p>Aunque de la misma manera que invoca a sus figuras, puede hacerlas desaparecer de escena. Los ejemplos sobran: la larga lista necrol\u00f3gica de hombres y mujeres del espect\u00e1culo y de la m\u00fasica que fueron glorificados -y algunos, luego, olvidados- incluye desde Gardel y Julio Sosa hasta Gilda y Rodrigo, pasando por Pappo, Figueroa Reyes, Mar\u00eda Elena y Susy Leiva, all\u00e1 lejos y hace tiempo.<\/p>\n\n\n\n<p><strong>Los mitos<\/strong><\/p>\n\n\n\n<p>Tras la muerte tr\u00e1gica, el artista, m\u00fasico o actor, se vuelve intocable, su personalidad se sobredimensiona y es despojado de toda cr\u00edtica. \u00c9l era un fen\u00f3meno popular, pero mal que le pese a sus fan\u00e1ticos, y dejando de lado sus dotes art\u00edsticas y lo que represent\u00f3 su figura para el espect\u00e1culo argentino, en general, y para el cuarteto en particular, Rodrigo logr\u00f3 la masificaci\u00f3n con su muerte.<\/p>\n\n\n\n<p>Ya se hab\u00eda asomado a la ventana del reconocimiento social en los \u00faltimos a\u00f1os de su vida, cuando se code\u00f3 con el jet set aut\u00f3ctono y se subi\u00f3 a la l\u00f3gica del reviente que impone la trilladora televisiva, la fama ardiente de la noche y el monstruo de los negocios no siempre claros.<\/p>\n\n\n\n<p>Si algunos ya lo calificaban con el mote de leyenda antes de estamparse en un sospechado accidente de tr\u00e1nsito, el efecto de su muerte hace 25 a\u00f1os sell\u00f3 para siempre su destino de idolatr\u00eda de multitudes.<\/p>\n\n\n\n<p>La tragedia, se sabe, acelera el proceso de mitificaci\u00f3n.<\/p>\n\n\n\n<p><strong>Muerte, negocios y dinero<\/strong><\/p>\n\n\n\n<p>En este escenario, la muerte le sienta bien a la industria discogr\u00e1fica. El coqueteo con la muerte de algunas de sus estrellas le ha sido rentable a un negocio que ha hecho suya la m\u00e1xima punk \u201cvive r\u00e1pido, muere r\u00e1pido\u201d. Quienes m\u00e1s saben, aseguran que Rodrigo, como tantos otros, muri\u00f3 en su ley, de la misma forma en que vivi\u00f3, respetando ese mandato.<\/p>\n\n\n\n<p>Entre las p\u00e1ginas negras de las tragedias vinculadas a la m\u00fasica sobresale Croma\u00f1\u00f3n. El siniestro acab\u00f3, en parte, con la carrera de Callejeros, pero no con el negocio.<\/p>\n\n\n\n<p><\/p>\n\n\n\n<figure class=\"wp-block-image size-large\"><img data-recalc-dims=\"1\" decoding=\"async\" width=\"1024\" height=\"576\" src=\"https:\/\/i0.wp.com\/elregionalvm.com.ar\/noticias-villa-maria\/wp-content\/uploads\/2020\/12\/cromanon-zapatillas.jpg?resize=1024%2C576&#038;ssl=1\" alt=\"\" class=\"wp-image-29627\" srcset=\"https:\/\/i0.wp.com\/elregionalvm.com.ar\/noticias-villa-maria\/wp-content\/uploads\/2020\/12\/cromanon-zapatillas.jpg?resize=1024%2C576&amp;ssl=1 1024w, https:\/\/i0.wp.com\/elregionalvm.com.ar\/noticias-villa-maria\/wp-content\/uploads\/2020\/12\/cromanon-zapatillas.jpg?resize=300%2C169&amp;ssl=1 300w, https:\/\/i0.wp.com\/elregionalvm.com.ar\/noticias-villa-maria\/wp-content\/uploads\/2020\/12\/cromanon-zapatillas.jpg?resize=768%2C432&amp;ssl=1 768w, https:\/\/i0.wp.com\/elregionalvm.com.ar\/noticias-villa-maria\/wp-content\/uploads\/2020\/12\/cromanon-zapatillas.jpg?w=1200&amp;ssl=1 1200w\" sizes=\"(max-width: 1000px) 100vw, 1000px\" \/><\/figure>\n\n\n\n<p><\/p>\n\n\n\n<p>Pero, existen otros ejemplos m\u00e1s all\u00e1 de nuestras fronteras. La imagen de James Dean (muri\u00f3 aprisionado en su Porsche), un \u00edcono de la cultura pop, cotiza en alza, mientras que Elvis Presley (sobredosis de sustancias) y Los Beatles (John Lennon fue asesinado a sangre fr\u00eda por un fan\u00e1tico) embolsan m\u00e1s millones que cuando estaban vivos.<\/p>\n\n\n\n<p>\u201cEl blues como el tango es lamento, melancol\u00eda, es la p\u00e9rdida. De una mujer o de lo que sea\u201d, sol\u00eda decir Pappo. El tango, el rock y el cuarteto comparten muertes tr\u00e1gicas.<\/p>\n\n\n\n<p>La de Gardel, en un accidente a\u00e9reo en Colombia, y la de Julio Sosa, al estrellarse su auto contra una columna de cemento, son ejemplos del primer caso.<\/p>\n\n\n\n<p>El mito de Gardel es uno de los m\u00e1s s\u00f3lidos que el pueblo argentino supo conseguir. En la frase que pas\u00f3 a la inmortalidad, \u201ccada d\u00eda canta mejor\u201d, parecen diluirse sus aspiraciones a m\u00e1s.<\/p>\n\n\n\n<p>El \u201cvar\u00f3n del tango\u201d, como lo llamaban a Sosa, fue un adelantado para su \u00e9poca: muri\u00f3 de madrugada, manejando a toda velocidad, despu\u00e9s de una noche con mujeres, amigos y alcohol. \u201cUna muerte rockera, cuando todav\u00eda los rockeros no hab\u00edan empezado a morirse\u201d, dir\u00edan algunos.<\/p>\n\n\n\n<p>La necrofilia nacional tambi\u00e9n catapult\u00f3 a la cima a una ignota cantante de cumbia, Gilda, y la convirti\u00f3 en una especie de santa pagana luego de su muerte signada por la tragedia.<\/p>\n\n\n\n<p>De la misma manera, luego de acabar golpeado en el fr\u00edo pavimento de una ruta, el rostro joven de Rodrigo, el cuartetero cordob\u00e9s, se reproduc\u00eda en miles de estampitas. Est\u00e1 de m\u00e1s decir que, en ambos casos, las ventas de merchandising se dispararon hacia las nubes.<\/p>\n\n\n\n<p><\/p>\n\n\n\n<figure class=\"wp-block-image size-full\"><img data-recalc-dims=\"1\" decoding=\"async\" width=\"920\" height=\"517\" src=\"https:\/\/i0.wp.com\/elregionalvm.com.ar\/noticias-villa-maria\/wp-content\/uploads\/2023\/05\/Rodrigo-Bueno-box.jpg?resize=920%2C517&#038;ssl=1\" alt=\"\" class=\"wp-image-77248\" srcset=\"https:\/\/i0.wp.com\/elregionalvm.com.ar\/noticias-villa-maria\/wp-content\/uploads\/2023\/05\/Rodrigo-Bueno-box.jpg?w=920&amp;ssl=1 920w, https:\/\/i0.wp.com\/elregionalvm.com.ar\/noticias-villa-maria\/wp-content\/uploads\/2023\/05\/Rodrigo-Bueno-box.jpg?resize=300%2C169&amp;ssl=1 300w, https:\/\/i0.wp.com\/elregionalvm.com.ar\/noticias-villa-maria\/wp-content\/uploads\/2023\/05\/Rodrigo-Bueno-box.jpg?resize=768%2C432&amp;ssl=1 768w\" sizes=\"(max-width: 920px) 100vw, 920px\" \/><\/figure>\n\n\n\n<p><\/p>\n\n\n\n<p>En medio del exitismo y de la mediatizaci\u00f3n que nos rodean, Rodrigo, el tipo buenazo, querible y piola, se convirti\u00f3 en leyenda y su imagen se ha magnificado hasta llegar al altar de los santos criollos paganos.<strong><\/strong><\/p>\n\n\n\n<p>Por supuesto que nos hubiera gustado tenerlo vivo, ac\u00e1 entre nosotros, para seguir disfrutando de su m\u00fasica y de sus locuras. Pero, el destino ineludible de mito hizo lo suyo.<\/p>\n\n\n\n<p>Y ya se sabe que despu\u00e9s de \u00e9l vendr\u00e1n otros.<\/p>\n\n\n\n<p>El show, como siempre, debe continuar.<\/p>\n","protected":false},"excerpt":{"rendered":"<p>El 24 de mayo pasado, Rodrigo hubiera cumplido 52 a\u00f1os. Pero no pudo ser. Su vida se fue tan r\u00e1pido como la vivi\u00f3, hace 25 a\u00f1os. Su figura se hizo m\u00edtica tras la tragedia y el dolor. La santificaci\u00f3n no resulta extra\u00f1a en una sociedad necrof\u00edlica y exitista como la nuestra. Escribe: Germ\u00e1n Giacchero La [&hellip;]<\/p>\n","protected":false},"author":6,"featured_media":107389,"comment_status":"open","ping_status":"open","sticky":false,"template":"","format":"standard","meta":{"site-sidebar-layout":"default","site-content-layout":"","ast-site-content-layout":"default","site-content-style":"default","site-sidebar-style":"default","ast-global-header-display":"","ast-banner-title-visibility":"","ast-main-header-display":"","ast-hfb-above-header-display":"","ast-hfb-below-header-display":"","ast-hfb-mobile-header-display":"","site-post-title":"","ast-breadcrumbs-content":"","ast-featured-img":"","footer-sml-layout":"","ast-disable-related-posts":"","theme-transparent-header-meta":"","adv-header-id-meta":"","stick-header-meta":"","header-above-stick-meta":"","header-main-stick-meta":"","header-below-stick-meta":"","astra-migrate-meta-layouts":"set","ast-page-background-enabled":"default","ast-page-background-meta":{"desktop":{"background-color":"","background-image":"","background-repeat":"repeat","background-position":"center center","background-size":"auto","background-attachment":"scroll","background-type":"","background-media":"","overlay-type":"","overlay-color":"","overlay-opacity":"","overlay-gradient":""},"tablet":{"background-color":"","background-image":"","background-repeat":"repeat","background-position":"center center","background-size":"auto","background-attachment":"scroll","background-type":"","background-media":"","overlay-type":"","overlay-color":"","overlay-opacity":"","overlay-gradient":""},"mobile":{"background-color":"","background-image":"","background-repeat":"repeat","background-position":"center center","background-size":"auto","background-attachment":"scroll","background-type":"","background-media":"","overlay-type":"","overlay-color":"","overlay-opacity":"","overlay-gradient":""}},"ast-content-background-meta":{"desktop":{"background-color":"var(--ast-global-color-5)","background-image":"","background-repeat":"repeat","background-position":"center center","background-size":"auto","background-attachment":"scroll","background-type":"","background-media":"","overlay-type":"","overlay-color":"","overlay-opacity":"","overlay-gradient":""},"tablet":{"background-color":"var(--ast-global-color-5)","background-image":"","background-repeat":"repeat","background-position":"center center","background-size":"auto","background-attachment":"scroll","background-type":"","background-media":"","overlay-type":"","overlay-color":"","overlay-opacity":"","overlay-gradient":""},"mobile":{"background-color":"var(--ast-global-color-5)","background-image":"","background-repeat":"repeat","background-position":"center center","background-size":"auto","background-attachment":"scroll","background-type":"","background-media":"","overlay-type":"","overlay-color":"","overlay-opacity":"","overlay-gradient":""}},"_jetpack_memberships_contains_paid_content":false,"_joinchat":[],"footnotes":""},"categories":[2098,3557],"tags":[2210,1386,7949,100,22325,894,25041,348],"class_list":["post-107385","post","type-post","status-publish","format-standard","has-post-thumbnail","hentry","category-historias","category-tercera","tag-accidente-fatal","tag-historias","tag-leyenda","tag-muerte","tag-necrofilia","tag-rodrigo","tag-santos-populares","tag-tragedia"],"yoast_head":"<!-- This site is optimized with the Yoast SEO plugin v26.8 - https:\/\/yoast.com\/product\/yoast-seo-wordpress\/ -->\n<title>Rodrigo, a 25 a\u00f1os de su muerte: Vivir y morir r\u00e1pido, el show debe continuar - El Regional<\/title>\n<meta name=\"robots\" content=\"index, follow, max-snippet:-1, max-image-preview:large, max-video-preview:-1\" \/>\n<link rel=\"canonical\" href=\"https:\/\/elregionalvm.com.ar\/noticias-villa-maria\/rodrigo-a-25-anos-de-su-muerte-vivir-y-morir-rapido-el-show-debe-continuar\/\" \/>\n<meta property=\"og:locale\" content=\"es_ES\" \/>\n<meta property=\"og:type\" content=\"article\" \/>\n<meta property=\"og:title\" content=\"Rodrigo, a 25 a\u00f1os de su muerte: Vivir y morir r\u00e1pido, el show debe continuar - El Regional\" \/>\n<meta property=\"og:description\" content=\"El 24 de mayo pasado, Rodrigo hubiera cumplido 52 a\u00f1os. Pero no pudo ser. Su vida se fue tan r\u00e1pido como la vivi\u00f3, hace 25 a\u00f1os. Su figura se hizo m\u00edtica tras la tragedia y el dolor. La santificaci\u00f3n no resulta extra\u00f1a en una sociedad necrof\u00edlica y exitista como la nuestra. Escribe: Germ\u00e1n Giacchero La [&hellip;]\" \/>\n<meta property=\"og:url\" content=\"https:\/\/elregionalvm.com.ar\/noticias-villa-maria\/rodrigo-a-25-anos-de-su-muerte-vivir-y-morir-rapido-el-show-debe-continuar\/\" \/>\n<meta property=\"og:site_name\" content=\"El Regional\" \/>\n<meta property=\"article:publisher\" content=\"https:\/\/www.facebook.com\/elregionalvm\" \/>\n<meta property=\"article:published_time\" content=\"2025-06-20T14:41:00+00:00\" \/>\n<meta property=\"article:modified_time\" content=\"2025-06-25T21:43:38+00:00\" \/>\n<meta property=\"og:image\" content=\"https:\/\/elregionalvm.com.ar\/noticias-villa-maria\/wp-content\/uploads\/2025\/06\/rodrigo-cantante.jpg\" \/>\n\t<meta property=\"og:image:width\" content=\"1200\" \/>\n\t<meta property=\"og:image:height\" content=\"778\" \/>\n\t<meta property=\"og:image:type\" content=\"image\/jpeg\" \/>\n<meta name=\"author\" content=\"Germ\u00e1n Giacchero\" \/>\n<meta name=\"twitter:card\" content=\"summary_large_image\" \/>\n<meta name=\"twitter:creator\" content=\"@elregionalvm1\" \/>\n<meta name=\"twitter:site\" content=\"@elregionalvm1\" \/>\n<meta name=\"twitter:label1\" content=\"Escrito por\" \/>\n\t<meta name=\"twitter:data1\" content=\"Germ\u00e1n Giacchero\" \/>\n\t<meta name=\"twitter:label2\" content=\"Tiempo de lectura\" \/>\n\t<meta name=\"twitter:data2\" content=\"5 minutos\" \/>\n<script type=\"application\/ld+json\" class=\"yoast-schema-graph\">{\"@context\":\"https:\/\/schema.org\",\"@graph\":[{\"@type\":\"Article\",\"@id\":\"https:\/\/elregionalvm.com.ar\/noticias-villa-maria\/rodrigo-a-25-anos-de-su-muerte-vivir-y-morir-rapido-el-show-debe-continuar\/#article\",\"isPartOf\":{\"@id\":\"https:\/\/elregionalvm.com.ar\/noticias-villa-maria\/rodrigo-a-25-anos-de-su-muerte-vivir-y-morir-rapido-el-show-debe-continuar\/\"},\"author\":{\"name\":\"Germ\u00e1n Giacchero\",\"@id\":\"http:\/\/elregionalvm.com.ar\/noticias-villa-maria\/#\/schema\/person\/d5e4b04966154131701e52c45d3efec9\"},\"headline\":\"Rodrigo, a 25 a\u00f1os de su muerte: Vivir y morir r\u00e1pido, el show debe continuar\",\"datePublished\":\"2025-06-20T14:41:00+00:00\",\"dateModified\":\"2025-06-25T21:43:38+00:00\",\"mainEntityOfPage\":{\"@id\":\"https:\/\/elregionalvm.com.ar\/noticias-villa-maria\/rodrigo-a-25-anos-de-su-muerte-vivir-y-morir-rapido-el-show-debe-continuar\/\"},\"wordCount\":944,\"commentCount\":0,\"image\":{\"@id\":\"https:\/\/elregionalvm.com.ar\/noticias-villa-maria\/rodrigo-a-25-anos-de-su-muerte-vivir-y-morir-rapido-el-show-debe-continuar\/#primaryimage\"},\"thumbnailUrl\":\"https:\/\/i0.wp.com\/elregionalvm.com.ar\/noticias-villa-maria\/wp-content\/uploads\/2025\/06\/rodrigo-cantante.jpg?fit=1200%2C778&ssl=1\",\"keywords\":[\"accidente fatal\",\"historias\",\"leyenda\",\"muerte\",\"necrofilia\",\"Rodrigo\",\"santos populares\",\"tragedia\"],\"articleSection\":[\"Historias\",\"tercera\"],\"inLanguage\":\"es\",\"potentialAction\":[{\"@type\":\"CommentAction\",\"name\":\"Comment\",\"target\":[\"https:\/\/elregionalvm.com.ar\/noticias-villa-maria\/rodrigo-a-25-anos-de-su-muerte-vivir-y-morir-rapido-el-show-debe-continuar\/#respond\"]}]},{\"@type\":\"WebPage\",\"@id\":\"https:\/\/elregionalvm.com.ar\/noticias-villa-maria\/rodrigo-a-25-anos-de-su-muerte-vivir-y-morir-rapido-el-show-debe-continuar\/\",\"url\":\"https:\/\/elregionalvm.com.ar\/noticias-villa-maria\/rodrigo-a-25-anos-de-su-muerte-vivir-y-morir-rapido-el-show-debe-continuar\/\",\"name\":\"Rodrigo, a 25 a\u00f1os de su muerte: Vivir y morir r\u00e1pido, el show debe continuar - El Regional\",\"isPartOf\":{\"@id\":\"http:\/\/elregionalvm.com.ar\/noticias-villa-maria\/#website\"},\"primaryImageOfPage\":{\"@id\":\"https:\/\/elregionalvm.com.ar\/noticias-villa-maria\/rodrigo-a-25-anos-de-su-muerte-vivir-y-morir-rapido-el-show-debe-continuar\/#primaryimage\"},\"image\":{\"@id\":\"https:\/\/elregionalvm.com.ar\/noticias-villa-maria\/rodrigo-a-25-anos-de-su-muerte-vivir-y-morir-rapido-el-show-debe-continuar\/#primaryimage\"},\"thumbnailUrl\":\"https:\/\/i0.wp.com\/elregionalvm.com.ar\/noticias-villa-maria\/wp-content\/uploads\/2025\/06\/rodrigo-cantante.jpg?fit=1200%2C778&ssl=1\",\"datePublished\":\"2025-06-20T14:41:00+00:00\",\"dateModified\":\"2025-06-25T21:43:38+00:00\",\"author\":{\"@id\":\"http:\/\/elregionalvm.com.ar\/noticias-villa-maria\/#\/schema\/person\/d5e4b04966154131701e52c45d3efec9\"},\"breadcrumb\":{\"@id\":\"https:\/\/elregionalvm.com.ar\/noticias-villa-maria\/rodrigo-a-25-anos-de-su-muerte-vivir-y-morir-rapido-el-show-debe-continuar\/#breadcrumb\"},\"inLanguage\":\"es\",\"potentialAction\":[{\"@type\":\"ReadAction\",\"target\":[\"https:\/\/elregionalvm.com.ar\/noticias-villa-maria\/rodrigo-a-25-anos-de-su-muerte-vivir-y-morir-rapido-el-show-debe-continuar\/\"]}]},{\"@type\":\"ImageObject\",\"inLanguage\":\"es\",\"@id\":\"https:\/\/elregionalvm.com.ar\/noticias-villa-maria\/rodrigo-a-25-anos-de-su-muerte-vivir-y-morir-rapido-el-show-debe-continuar\/#primaryimage\",\"url\":\"https:\/\/i0.wp.com\/elregionalvm.com.ar\/noticias-villa-maria\/wp-content\/uploads\/2025\/06\/rodrigo-cantante.jpg?fit=1200%2C778&ssl=1\",\"contentUrl\":\"https:\/\/i0.wp.com\/elregionalvm.com.ar\/noticias-villa-maria\/wp-content\/uploads\/2025\/06\/rodrigo-cantante.jpg?fit=1200%2C778&ssl=1\",\"width\":1200,\"height\":778},{\"@type\":\"BreadcrumbList\",\"@id\":\"https:\/\/elregionalvm.com.ar\/noticias-villa-maria\/rodrigo-a-25-anos-de-su-muerte-vivir-y-morir-rapido-el-show-debe-continuar\/#breadcrumb\",\"itemListElement\":[{\"@type\":\"ListItem\",\"position\":1,\"name\":\"Portada\",\"item\":\"https:\/\/elregionalvm.com.ar\/noticias-villa-maria\/\"},{\"@type\":\"ListItem\",\"position\":2,\"name\":\"Rodrigo, a 25 a\u00f1os de su muerte: Vivir y morir r\u00e1pido, el show debe continuar\"}]},{\"@type\":\"WebSite\",\"@id\":\"http:\/\/elregionalvm.com.ar\/noticias-villa-maria\/#website\",\"url\":\"http:\/\/elregionalvm.com.ar\/noticias-villa-maria\/\",\"name\":\"El Regional\",\"description\":\"Mucho m\u00e1s que informaci\u00f3n\",\"potentialAction\":[{\"@type\":\"SearchAction\",\"target\":{\"@type\":\"EntryPoint\",\"urlTemplate\":\"http:\/\/elregionalvm.com.ar\/noticias-villa-maria\/?s={search_term_string}\"},\"query-input\":{\"@type\":\"PropertyValueSpecification\",\"valueRequired\":true,\"valueName\":\"search_term_string\"}}],\"inLanguage\":\"es\"},{\"@type\":\"Person\",\"@id\":\"http:\/\/elregionalvm.com.ar\/noticias-villa-maria\/#\/schema\/person\/d5e4b04966154131701e52c45d3efec9\",\"name\":\"Germ\u00e1n Giacchero\",\"image\":{\"@type\":\"ImageObject\",\"inLanguage\":\"es\",\"@id\":\"http:\/\/elregionalvm.com.ar\/noticias-villa-maria\/#\/schema\/person\/image\/\",\"url\":\"https:\/\/secure.gravatar.com\/avatar\/fda163ba5ef0307ee5be9846e10f83b6e83d0cfb260d3b2464830318894c6b04?s=96&d=mm&r=g\",\"contentUrl\":\"https:\/\/secure.gravatar.com\/avatar\/fda163ba5ef0307ee5be9846e10f83b6e83d0cfb260d3b2464830318894c6b04?s=96&d=mm&r=g\",\"caption\":\"Germ\u00e1n Giacchero\"},\"url\":\"https:\/\/elregionalvm.com.ar\/noticias-villa-maria\/author\/germangiacchero\/\"}]}<\/script>\n<!-- \/ Yoast SEO plugin. -->","yoast_head_json":{"title":"Rodrigo, a 25 a\u00f1os de su muerte: Vivir y morir r\u00e1pido, el show debe continuar - El Regional","robots":{"index":"index","follow":"follow","max-snippet":"max-snippet:-1","max-image-preview":"max-image-preview:large","max-video-preview":"max-video-preview:-1"},"canonical":"https:\/\/elregionalvm.com.ar\/noticias-villa-maria\/rodrigo-a-25-anos-de-su-muerte-vivir-y-morir-rapido-el-show-debe-continuar\/","og_locale":"es_ES","og_type":"article","og_title":"Rodrigo, a 25 a\u00f1os de su muerte: Vivir y morir r\u00e1pido, el show debe continuar - El Regional","og_description":"El 24 de mayo pasado, Rodrigo hubiera cumplido 52 a\u00f1os. Pero no pudo ser. Su vida se fue tan r\u00e1pido como la vivi\u00f3, hace 25 a\u00f1os. Su figura se hizo m\u00edtica tras la tragedia y el dolor. La santificaci\u00f3n no resulta extra\u00f1a en una sociedad necrof\u00edlica y exitista como la nuestra. Escribe: Germ\u00e1n Giacchero La [&hellip;]","og_url":"https:\/\/elregionalvm.com.ar\/noticias-villa-maria\/rodrigo-a-25-anos-de-su-muerte-vivir-y-morir-rapido-el-show-debe-continuar\/","og_site_name":"El Regional","article_publisher":"https:\/\/www.facebook.com\/elregionalvm","article_published_time":"2025-06-20T14:41:00+00:00","article_modified_time":"2025-06-25T21:43:38+00:00","og_image":[{"width":1200,"height":778,"url":"https:\/\/elregionalvm.com.ar\/noticias-villa-maria\/wp-content\/uploads\/2025\/06\/rodrigo-cantante.jpg","type":"image\/jpeg"}],"author":"Germ\u00e1n Giacchero","twitter_card":"summary_large_image","twitter_creator":"@elregionalvm1","twitter_site":"@elregionalvm1","twitter_misc":{"Escrito por":"Germ\u00e1n Giacchero","Tiempo de lectura":"5 minutos"},"schema":{"@context":"https:\/\/schema.org","@graph":[{"@type":"Article","@id":"https:\/\/elregionalvm.com.ar\/noticias-villa-maria\/rodrigo-a-25-anos-de-su-muerte-vivir-y-morir-rapido-el-show-debe-continuar\/#article","isPartOf":{"@id":"https:\/\/elregionalvm.com.ar\/noticias-villa-maria\/rodrigo-a-25-anos-de-su-muerte-vivir-y-morir-rapido-el-show-debe-continuar\/"},"author":{"name":"Germ\u00e1n Giacchero","@id":"http:\/\/elregionalvm.com.ar\/noticias-villa-maria\/#\/schema\/person\/d5e4b04966154131701e52c45d3efec9"},"headline":"Rodrigo, a 25 a\u00f1os de su muerte: Vivir y morir r\u00e1pido, el show debe continuar","datePublished":"2025-06-20T14:41:00+00:00","dateModified":"2025-06-25T21:43:38+00:00","mainEntityOfPage":{"@id":"https:\/\/elregionalvm.com.ar\/noticias-villa-maria\/rodrigo-a-25-anos-de-su-muerte-vivir-y-morir-rapido-el-show-debe-continuar\/"},"wordCount":944,"commentCount":0,"image":{"@id":"https:\/\/elregionalvm.com.ar\/noticias-villa-maria\/rodrigo-a-25-anos-de-su-muerte-vivir-y-morir-rapido-el-show-debe-continuar\/#primaryimage"},"thumbnailUrl":"https:\/\/i0.wp.com\/elregionalvm.com.ar\/noticias-villa-maria\/wp-content\/uploads\/2025\/06\/rodrigo-cantante.jpg?fit=1200%2C778&ssl=1","keywords":["accidente fatal","historias","leyenda","muerte","necrofilia","Rodrigo","santos populares","tragedia"],"articleSection":["Historias","tercera"],"inLanguage":"es","potentialAction":[{"@type":"CommentAction","name":"Comment","target":["https:\/\/elregionalvm.com.ar\/noticias-villa-maria\/rodrigo-a-25-anos-de-su-muerte-vivir-y-morir-rapido-el-show-debe-continuar\/#respond"]}]},{"@type":"WebPage","@id":"https:\/\/elregionalvm.com.ar\/noticias-villa-maria\/rodrigo-a-25-anos-de-su-muerte-vivir-y-morir-rapido-el-show-debe-continuar\/","url":"https:\/\/elregionalvm.com.ar\/noticias-villa-maria\/rodrigo-a-25-anos-de-su-muerte-vivir-y-morir-rapido-el-show-debe-continuar\/","name":"Rodrigo, a 25 a\u00f1os de su muerte: Vivir y morir r\u00e1pido, el show debe continuar - El Regional","isPartOf":{"@id":"http:\/\/elregionalvm.com.ar\/noticias-villa-maria\/#website"},"primaryImageOfPage":{"@id":"https:\/\/elregionalvm.com.ar\/noticias-villa-maria\/rodrigo-a-25-anos-de-su-muerte-vivir-y-morir-rapido-el-show-debe-continuar\/#primaryimage"},"image":{"@id":"https:\/\/elregionalvm.com.ar\/noticias-villa-maria\/rodrigo-a-25-anos-de-su-muerte-vivir-y-morir-rapido-el-show-debe-continuar\/#primaryimage"},"thumbnailUrl":"https:\/\/i0.wp.com\/elregionalvm.com.ar\/noticias-villa-maria\/wp-content\/uploads\/2025\/06\/rodrigo-cantante.jpg?fit=1200%2C778&ssl=1","datePublished":"2025-06-20T14:41:00+00:00","dateModified":"2025-06-25T21:43:38+00:00","author":{"@id":"http:\/\/elregionalvm.com.ar\/noticias-villa-maria\/#\/schema\/person\/d5e4b04966154131701e52c45d3efec9"},"breadcrumb":{"@id":"https:\/\/elregionalvm.com.ar\/noticias-villa-maria\/rodrigo-a-25-anos-de-su-muerte-vivir-y-morir-rapido-el-show-debe-continuar\/#breadcrumb"},"inLanguage":"es","potentialAction":[{"@type":"ReadAction","target":["https:\/\/elregionalvm.com.ar\/noticias-villa-maria\/rodrigo-a-25-anos-de-su-muerte-vivir-y-morir-rapido-el-show-debe-continuar\/"]}]},{"@type":"ImageObject","inLanguage":"es","@id":"https:\/\/elregionalvm.com.ar\/noticias-villa-maria\/rodrigo-a-25-anos-de-su-muerte-vivir-y-morir-rapido-el-show-debe-continuar\/#primaryimage","url":"https:\/\/i0.wp.com\/elregionalvm.com.ar\/noticias-villa-maria\/wp-content\/uploads\/2025\/06\/rodrigo-cantante.jpg?fit=1200%2C778&ssl=1","contentUrl":"https:\/\/i0.wp.com\/elregionalvm.com.ar\/noticias-villa-maria\/wp-content\/uploads\/2025\/06\/rodrigo-cantante.jpg?fit=1200%2C778&ssl=1","width":1200,"height":778},{"@type":"BreadcrumbList","@id":"https:\/\/elregionalvm.com.ar\/noticias-villa-maria\/rodrigo-a-25-anos-de-su-muerte-vivir-y-morir-rapido-el-show-debe-continuar\/#breadcrumb","itemListElement":[{"@type":"ListItem","position":1,"name":"Portada","item":"https:\/\/elregionalvm.com.ar\/noticias-villa-maria\/"},{"@type":"ListItem","position":2,"name":"Rodrigo, a 25 a\u00f1os de su muerte: Vivir y morir r\u00e1pido, el show debe continuar"}]},{"@type":"WebSite","@id":"http:\/\/elregionalvm.com.ar\/noticias-villa-maria\/#website","url":"http:\/\/elregionalvm.com.ar\/noticias-villa-maria\/","name":"El Regional","description":"Mucho m\u00e1s que informaci\u00f3n","potentialAction":[{"@type":"SearchAction","target":{"@type":"EntryPoint","urlTemplate":"http:\/\/elregionalvm.com.ar\/noticias-villa-maria\/?s={search_term_string}"},"query-input":{"@type":"PropertyValueSpecification","valueRequired":true,"valueName":"search_term_string"}}],"inLanguage":"es"},{"@type":"Person","@id":"http:\/\/elregionalvm.com.ar\/noticias-villa-maria\/#\/schema\/person\/d5e4b04966154131701e52c45d3efec9","name":"Germ\u00e1n Giacchero","image":{"@type":"ImageObject","inLanguage":"es","@id":"http:\/\/elregionalvm.com.ar\/noticias-villa-maria\/#\/schema\/person\/image\/","url":"https:\/\/secure.gravatar.com\/avatar\/fda163ba5ef0307ee5be9846e10f83b6e83d0cfb260d3b2464830318894c6b04?s=96&d=mm&r=g","contentUrl":"https:\/\/secure.gravatar.com\/avatar\/fda163ba5ef0307ee5be9846e10f83b6e83d0cfb260d3b2464830318894c6b04?s=96&d=mm&r=g","caption":"Germ\u00e1n Giacchero"},"url":"https:\/\/elregionalvm.com.ar\/noticias-villa-maria\/author\/germangiacchero\/"}]}},"jetpack_featured_media_url":"https:\/\/i0.wp.com\/elregionalvm.com.ar\/noticias-villa-maria\/wp-content\/uploads\/2025\/06\/rodrigo-cantante.jpg?fit=1200%2C778&ssl=1","jetpack_sharing_enabled":true,"_links":{"self":[{"href":"https:\/\/elregionalvm.com.ar\/noticias-villa-maria\/wp-json\/wp\/v2\/posts\/107385","targetHints":{"allow":["GET"]}}],"collection":[{"href":"https:\/\/elregionalvm.com.ar\/noticias-villa-maria\/wp-json\/wp\/v2\/posts"}],"about":[{"href":"https:\/\/elregionalvm.com.ar\/noticias-villa-maria\/wp-json\/wp\/v2\/types\/post"}],"author":[{"embeddable":true,"href":"https:\/\/elregionalvm.com.ar\/noticias-villa-maria\/wp-json\/wp\/v2\/users\/6"}],"replies":[{"embeddable":true,"href":"https:\/\/elregionalvm.com.ar\/noticias-villa-maria\/wp-json\/wp\/v2\/comments?post=107385"}],"version-history":[{"count":3,"href":"https:\/\/elregionalvm.com.ar\/noticias-villa-maria\/wp-json\/wp\/v2\/posts\/107385\/revisions"}],"predecessor-version":[{"id":107391,"href":"https:\/\/elregionalvm.com.ar\/noticias-villa-maria\/wp-json\/wp\/v2\/posts\/107385\/revisions\/107391"}],"wp:featuredmedia":[{"embeddable":true,"href":"https:\/\/elregionalvm.com.ar\/noticias-villa-maria\/wp-json\/wp\/v2\/media\/107389"}],"wp:attachment":[{"href":"https:\/\/elregionalvm.com.ar\/noticias-villa-maria\/wp-json\/wp\/v2\/media?parent=107385"}],"wp:term":[{"taxonomy":"category","embeddable":true,"href":"https:\/\/elregionalvm.com.ar\/noticias-villa-maria\/wp-json\/wp\/v2\/categories?post=107385"},{"taxonomy":"post_tag","embeddable":true,"href":"https:\/\/elregionalvm.com.ar\/noticias-villa-maria\/wp-json\/wp\/v2\/tags?post=107385"}],"curies":[{"name":"wp","href":"https:\/\/api.w.org\/{rel}","templated":true}]}}