{"id":107824,"date":"2025-07-04T21:31:40","date_gmt":"2025-07-04T21:31:40","guid":{"rendered":"https:\/\/elregionalvm.com.ar\/noticias-villa-maria\/?p=107824"},"modified":"2025-07-04T21:31:48","modified_gmt":"2025-07-04T21:31:48","slug":"veronica-navarro-alegre-visito-el-jardin-de-infantes-bartolome-mitre-de-villa-nueva-e-hizo-entrega-de-un-aporte-provincial","status":"publish","type":"post","link":"https:\/\/elregionalvm.com.ar\/noticias-villa-maria\/veronica-navarro-alegre-visito-el-jardin-de-infantes-bartolome-mitre-de-villa-nueva-e-hizo-entrega-de-un-aporte-provincial\/","title":{"rendered":"Ver\u00f3nica Navarro Alegre visit\u00f3 el Jard\u00edn de Infantes, Bartolom\u00e9 Mitre de Villa Nueva e hizo entrega de un aporte provincial"},"content":{"rendered":"\n<p>La legisladora Provincial, Ver\u00f3nica Navarro Alegre visit\u00f3 el Jard\u00edn de Infantes, Bartolom\u00e9 Mitre de Villa Nueva e hizo entrega de un aporte provincial en marco del Programa \u00abHabitar la Escuela\u00bb, del ministerio de Educaci\u00f3n, para culminar las obras de reparaci\u00f3n del edificio escolar.<br>La legisladora fue recibida por Karina D\u00edaz, directora del jard\u00edn, que este a\u00f1o y de manera provisoria, est\u00e1 funcionando en la sede de la Escuela Pablo VI.<br>En la visita, se hizo entrega del aporte por $37.492.023,10 pesos que son el segundo desembolso para completar los m\u00e1s de $71.5 millones que el gobierno de C\u00f3rdoba destinar\u00e1 para la obra.<br>Durante la actividad, de la que tambi\u00e9n particip\u00f3 el intendente, Ignacio Tagni. La legisladora se encarg\u00f3 de remarcar el acompa\u00f1amiento que lleva adelante el Gobierno de C\u00f3rdoba hacia las instituciones educativas, siempre buscando mejorar la calidad educativa y las condiciones para que esto ocurra.<br>En este sentido, agradeci\u00f3 el trabajo conjunto que vienen llevando adelante junto al Municipio y al jard\u00edn local y remarc\u00f3 que \u00abcuenten con nuestro apoyo para lo que necesiten, asi seguimos sumando para las instituciones de Villa Nueva\u00bb.<br>De la actividad participaron tambi\u00e9n los concejales, Gisela Zannini y Guillermo Aiassa, junto a la Tribuno de Cuentas, Adriana Allasia; adem\u00e1s de la secretaria de Educaci\u00f3n de Villa Nueva, Claudia Avellini.<br>Jard\u00edn Mitre<br>El Jard\u00edn de Infantes, Bartolom\u00e9 Mitre, de Villa Nueva, cuenta con sede propia desde el 2007, pero este a\u00f1o no pudo iniciar las clases en dicho espacio por una serie de problemas edilicios, que afortunadamente ya est\u00e1n terminando de repararse.<br>Actualmente, la matr\u00edcula es de 116 chicos, de 3 a 5 a\u00f1os, repartidos en los turnos ma\u00f1ana y tarde.<\/p>\n","protected":false},"excerpt":{"rendered":"<p>La legisladora Provincial, Ver\u00f3nica Navarro Alegre visit\u00f3 el Jard\u00edn de Infantes, Bartolom\u00e9 Mitre de Villa Nueva e hizo entrega de un aporte provincial en marco del Programa \u00abHabitar la Escuela\u00bb, del ministerio de Educaci\u00f3n, para culminar las obras de reparaci\u00f3n del edificio escolar.La legisladora fue recibida por Karina D\u00edaz, directora del jard\u00edn, que este a\u00f1o [&hellip;]<\/p>\n","protected":false},"author":4,"featured_media":107825,"comment_status":"open","ping_status":"open","sticky":false,"template":"","format":"standard","meta":{"site-sidebar-layout":"default","site-content-layout":"","ast-site-content-layout":"default","site-content-style":"default","site-sidebar-style":"default","ast-global-header-display":"","ast-banner-title-visibility":"","ast-main-header-display":"","ast-hfb-above-header-display":"","ast-hfb-below-header-display":"","ast-hfb-mobile-header-display":"","site-post-title":"","ast-breadcrumbs-content":"","ast-featured-img":"","footer-sml-layout":"","ast-disable-related-posts":"","theme-transparent-header-meta":"","adv-header-id-meta":"","stick-header-meta":"","header-above-stick-meta":"","header-main-stick-meta":"","header-below-stick-meta":"","astra-migrate-meta-layouts":"set","ast-page-background-enabled":"default","ast-page-background-meta":{"desktop":{"background-color":"","background-image":"","background-repeat":"repeat","background-position":"center center","background-size":"auto","background-attachment":"scroll","background-type":"","background-media":"","overlay-type":"","overlay-color":"","overlay-opacity":"","overlay-gradient":""},"tablet":{"background-color":"","background-image":"","background-repeat":"repeat","background-position":"center center","background-size":"auto","background-attachment":"scroll","background-type":"","background-media":"","overlay-type":"","overlay-color":"","overlay-opacity":"","overlay-gradient":""},"mobile":{"background-color":"","background-image":"","background-repeat":"repeat","background-position":"center center","background-size":"auto","background-attachment":"scroll","background-type":"","background-media":"","overlay-type":"","overlay-color":"","overlay-opacity":"","overlay-gradient":""}},"ast-content-background-meta":{"desktop":{"background-color":"var(--ast-global-color-5)","background-image":"","background-repeat":"repeat","background-position":"center center","background-size":"auto","background-attachment":"scroll","background-type":"","background-media":"","overlay-type":"","overlay-color":"","overlay-opacity":"","overlay-gradient":""},"tablet":{"background-color":"var(--ast-global-color-5)","background-image":"","background-repeat":"repeat","background-position":"center center","background-size":"auto","background-attachment":"scroll","background-type":"","background-media":"","overlay-type":"","overlay-color":"","overlay-opacity":"","overlay-gradient":""},"mobile":{"background-color":"var(--ast-global-color-5)","background-image":"","background-repeat":"repeat","background-position":"center center","background-size":"auto","background-attachment":"scroll","background-type":"","background-media":"","overlay-type":"","overlay-color":"","overlay-opacity":"","overlay-gradient":""}},"_jetpack_memberships_contains_paid_content":false,"_joinchat":[],"footnotes":""},"categories":[15302,16095,5,2,1408],"tags":[],"class_list":["post-107824","post","type-post","status-publish","format-standard","has-post-thumbnail","hentry","category-destacado","category-provinciales","category-sociedad","category-villa-maria","category-villa-nueva"],"yoast_head":"<!-- This site is optimized with the Yoast SEO plugin v26.8 - https:\/\/yoast.com\/product\/yoast-seo-wordpress\/ -->\n<title>Ver\u00f3nica Navarro Alegre visit\u00f3 el Jard\u00edn de Infantes, Bartolom\u00e9 Mitre de Villa Nueva e hizo entrega de un aporte provincial - El Regional<\/title>\n<meta name=\"robots\" content=\"index, follow, max-snippet:-1, max-image-preview:large, max-video-preview:-1\" \/>\n<link rel=\"canonical\" href=\"https:\/\/elregionalvm.com.ar\/noticias-villa-maria\/veronica-navarro-alegre-visito-el-jardin-de-infantes-bartolome-mitre-de-villa-nueva-e-hizo-entrega-de-un-aporte-provincial\/\" \/>\n<meta property=\"og:locale\" content=\"es_ES\" \/>\n<meta property=\"og:type\" content=\"article\" \/>\n<meta property=\"og:title\" content=\"Ver\u00f3nica Navarro Alegre visit\u00f3 el Jard\u00edn de Infantes, Bartolom\u00e9 Mitre de Villa Nueva e hizo entrega de un aporte provincial - El Regional\" \/>\n<meta property=\"og:description\" content=\"La legisladora Provincial, Ver\u00f3nica Navarro Alegre visit\u00f3 el Jard\u00edn de Infantes, Bartolom\u00e9 Mitre de Villa Nueva e hizo entrega de un aporte provincial en marco del Programa \u00abHabitar la Escuela\u00bb, del ministerio de Educaci\u00f3n, para culminar las obras de reparaci\u00f3n del edificio escolar.La legisladora fue recibida por Karina D\u00edaz, directora del jard\u00edn, que este a\u00f1o [&hellip;]\" \/>\n<meta property=\"og:url\" content=\"https:\/\/elregionalvm.com.ar\/noticias-villa-maria\/veronica-navarro-alegre-visito-el-jardin-de-infantes-bartolome-mitre-de-villa-nueva-e-hizo-entrega-de-un-aporte-provincial\/\" \/>\n<meta property=\"og:site_name\" content=\"El Regional\" \/>\n<meta property=\"article:publisher\" content=\"https:\/\/www.facebook.com\/elregionalvm\" \/>\n<meta property=\"article:published_time\" content=\"2025-07-04T21:31:40+00:00\" \/>\n<meta property=\"article:modified_time\" content=\"2025-07-04T21:31:48+00:00\" \/>\n<meta property=\"og:image\" content=\"https:\/\/elregionalvm.com.ar\/noticias-villa-maria\/wp-content\/uploads\/2025\/07\/WhatsApp-Image-2025-07-04-at-1.33.49-PM.jpeg\" \/>\n\t<meta property=\"og:image:width\" content=\"1280\" \/>\n\t<meta property=\"og:image:height\" content=\"963\" \/>\n\t<meta property=\"og:image:type\" content=\"image\/jpeg\" \/>\n<meta name=\"author\" content=\"Contenidos El Regional\" \/>\n<meta name=\"twitter:card\" content=\"summary_large_image\" \/>\n<meta name=\"twitter:creator\" content=\"@elregionalvm1\" \/>\n<meta name=\"twitter:site\" content=\"@elregionalvm1\" \/>\n<meta name=\"twitter:label1\" content=\"Escrito por\" \/>\n\t<meta name=\"twitter:data1\" content=\"Contenidos El Regional\" \/>\n\t<meta name=\"twitter:label2\" content=\"Tiempo de lectura\" \/>\n\t<meta name=\"twitter:data2\" content=\"2 minutos\" \/>\n<script type=\"application\/ld+json\" class=\"yoast-schema-graph\">{\"@context\":\"https:\/\/schema.org\",\"@graph\":[{\"@type\":\"Article\",\"@id\":\"https:\/\/elregionalvm.com.ar\/noticias-villa-maria\/veronica-navarro-alegre-visito-el-jardin-de-infantes-bartolome-mitre-de-villa-nueva-e-hizo-entrega-de-un-aporte-provincial\/#article\",\"isPartOf\":{\"@id\":\"https:\/\/elregionalvm.com.ar\/noticias-villa-maria\/veronica-navarro-alegre-visito-el-jardin-de-infantes-bartolome-mitre-de-villa-nueva-e-hizo-entrega-de-un-aporte-provincial\/\"},\"author\":{\"name\":\"Contenidos El Regional\",\"@id\":\"http:\/\/elregionalvm.com.ar\/noticias-villa-maria\/#\/schema\/person\/a0fb9c422317faca23d50163151bc354\"},\"headline\":\"Ver\u00f3nica Navarro Alegre visit\u00f3 el Jard\u00edn de Infantes, Bartolom\u00e9 Mitre de Villa Nueva e hizo entrega de un aporte provincial\",\"datePublished\":\"2025-07-04T21:31:40+00:00\",\"dateModified\":\"2025-07-04T21:31:48+00:00\",\"mainEntityOfPage\":{\"@id\":\"https:\/\/elregionalvm.com.ar\/noticias-villa-maria\/veronica-navarro-alegre-visito-el-jardin-de-infantes-bartolome-mitre-de-villa-nueva-e-hizo-entrega-de-un-aporte-provincial\/\"},\"wordCount\":314,\"commentCount\":0,\"image\":{\"@id\":\"https:\/\/elregionalvm.com.ar\/noticias-villa-maria\/veronica-navarro-alegre-visito-el-jardin-de-infantes-bartolome-mitre-de-villa-nueva-e-hizo-entrega-de-un-aporte-provincial\/#primaryimage\"},\"thumbnailUrl\":\"https:\/\/i0.wp.com\/elregionalvm.com.ar\/noticias-villa-maria\/wp-content\/uploads\/2025\/07\/WhatsApp-Image-2025-07-04-at-1.33.49-PM.jpeg?fit=1280%2C963&ssl=1\",\"articleSection\":[\"destacado\",\"Provinciales\",\"Sociedad\",\"Villa Mar\u00eda\",\"Villa Nueva\"],\"inLanguage\":\"es\",\"potentialAction\":[{\"@type\":\"CommentAction\",\"name\":\"Comment\",\"target\":[\"https:\/\/elregionalvm.com.ar\/noticias-villa-maria\/veronica-navarro-alegre-visito-el-jardin-de-infantes-bartolome-mitre-de-villa-nueva-e-hizo-entrega-de-un-aporte-provincial\/#respond\"]}]},{\"@type\":\"WebPage\",\"@id\":\"https:\/\/elregionalvm.com.ar\/noticias-villa-maria\/veronica-navarro-alegre-visito-el-jardin-de-infantes-bartolome-mitre-de-villa-nueva-e-hizo-entrega-de-un-aporte-provincial\/\",\"url\":\"https:\/\/elregionalvm.com.ar\/noticias-villa-maria\/veronica-navarro-alegre-visito-el-jardin-de-infantes-bartolome-mitre-de-villa-nueva-e-hizo-entrega-de-un-aporte-provincial\/\",\"name\":\"Ver\u00f3nica Navarro Alegre visit\u00f3 el Jard\u00edn de Infantes, Bartolom\u00e9 Mitre de Villa Nueva e hizo entrega de un aporte provincial - El Regional\",\"isPartOf\":{\"@id\":\"http:\/\/elregionalvm.com.ar\/noticias-villa-maria\/#website\"},\"primaryImageOfPage\":{\"@id\":\"https:\/\/elregionalvm.com.ar\/noticias-villa-maria\/veronica-navarro-alegre-visito-el-jardin-de-infantes-bartolome-mitre-de-villa-nueva-e-hizo-entrega-de-un-aporte-provincial\/#primaryimage\"},\"image\":{\"@id\":\"https:\/\/elregionalvm.com.ar\/noticias-villa-maria\/veronica-navarro-alegre-visito-el-jardin-de-infantes-bartolome-mitre-de-villa-nueva-e-hizo-entrega-de-un-aporte-provincial\/#primaryimage\"},\"thumbnailUrl\":\"https:\/\/i0.wp.com\/elregionalvm.com.ar\/noticias-villa-maria\/wp-content\/uploads\/2025\/07\/WhatsApp-Image-2025-07-04-at-1.33.49-PM.jpeg?fit=1280%2C963&ssl=1\",\"datePublished\":\"2025-07-04T21:31:40+00:00\",\"dateModified\":\"2025-07-04T21:31:48+00:00\",\"author\":{\"@id\":\"http:\/\/elregionalvm.com.ar\/noticias-villa-maria\/#\/schema\/person\/a0fb9c422317faca23d50163151bc354\"},\"breadcrumb\":{\"@id\":\"https:\/\/elregionalvm.com.ar\/noticias-villa-maria\/veronica-navarro-alegre-visito-el-jardin-de-infantes-bartolome-mitre-de-villa-nueva-e-hizo-entrega-de-un-aporte-provincial\/#breadcrumb\"},\"inLanguage\":\"es\",\"potentialAction\":[{\"@type\":\"ReadAction\",\"target\":[\"https:\/\/elregionalvm.com.ar\/noticias-villa-maria\/veronica-navarro-alegre-visito-el-jardin-de-infantes-bartolome-mitre-de-villa-nueva-e-hizo-entrega-de-un-aporte-provincial\/\"]}]},{\"@type\":\"ImageObject\",\"inLanguage\":\"es\",\"@id\":\"https:\/\/elregionalvm.com.ar\/noticias-villa-maria\/veronica-navarro-alegre-visito-el-jardin-de-infantes-bartolome-mitre-de-villa-nueva-e-hizo-entrega-de-un-aporte-provincial\/#primaryimage\",\"url\":\"https:\/\/i0.wp.com\/elregionalvm.com.ar\/noticias-villa-maria\/wp-content\/uploads\/2025\/07\/WhatsApp-Image-2025-07-04-at-1.33.49-PM.jpeg?fit=1280%2C963&ssl=1\",\"contentUrl\":\"https:\/\/i0.wp.com\/elregionalvm.com.ar\/noticias-villa-maria\/wp-content\/uploads\/2025\/07\/WhatsApp-Image-2025-07-04-at-1.33.49-PM.jpeg?fit=1280%2C963&ssl=1\",\"width\":1280,\"height\":963},{\"@type\":\"BreadcrumbList\",\"@id\":\"https:\/\/elregionalvm.com.ar\/noticias-villa-maria\/veronica-navarro-alegre-visito-el-jardin-de-infantes-bartolome-mitre-de-villa-nueva-e-hizo-entrega-de-un-aporte-provincial\/#breadcrumb\",\"itemListElement\":[{\"@type\":\"ListItem\",\"position\":1,\"name\":\"Portada\",\"item\":\"https:\/\/elregionalvm.com.ar\/noticias-villa-maria\/\"},{\"@type\":\"ListItem\",\"position\":2,\"name\":\"Ver\u00f3nica Navarro Alegre visit\u00f3 el Jard\u00edn de Infantes, Bartolom\u00e9 Mitre de Villa Nueva e hizo entrega de un aporte provincial\"}]},{\"@type\":\"WebSite\",\"@id\":\"http:\/\/elregionalvm.com.ar\/noticias-villa-maria\/#website\",\"url\":\"http:\/\/elregionalvm.com.ar\/noticias-villa-maria\/\",\"name\":\"El Regional\",\"description\":\"Mucho m\u00e1s que informaci\u00f3n\",\"potentialAction\":[{\"@type\":\"SearchAction\",\"target\":{\"@type\":\"EntryPoint\",\"urlTemplate\":\"http:\/\/elregionalvm.com.ar\/noticias-villa-maria\/?s={search_term_string}\"},\"query-input\":{\"@type\":\"PropertyValueSpecification\",\"valueRequired\":true,\"valueName\":\"search_term_string\"}}],\"inLanguage\":\"es\"},{\"@type\":\"Person\",\"@id\":\"http:\/\/elregionalvm.com.ar\/noticias-villa-maria\/#\/schema\/person\/a0fb9c422317faca23d50163151bc354\",\"name\":\"Contenidos El Regional\",\"image\":{\"@type\":\"ImageObject\",\"inLanguage\":\"es\",\"@id\":\"http:\/\/elregionalvm.com.ar\/noticias-villa-maria\/#\/schema\/person\/image\/\",\"url\":\"https:\/\/secure.gravatar.com\/avatar\/265b27cb2209af7bb3a1318f03305787d7981a5cc6e6cd08fe5a4ecdf99d4b48?s=96&d=mm&r=g\",\"contentUrl\":\"https:\/\/secure.gravatar.com\/avatar\/265b27cb2209af7bb3a1318f03305787d7981a5cc6e6cd08fe5a4ecdf99d4b48?s=96&d=mm&r=g\",\"caption\":\"Contenidos El Regional\"},\"url\":\"https:\/\/elregionalvm.com.ar\/noticias-villa-maria\/author\/contenido\/\"}]}<\/script>\n<!-- \/ Yoast SEO plugin. -->","yoast_head_json":{"title":"Ver\u00f3nica Navarro Alegre visit\u00f3 el Jard\u00edn de Infantes, Bartolom\u00e9 Mitre de Villa Nueva e hizo entrega de un aporte provincial - El Regional","robots":{"index":"index","follow":"follow","max-snippet":"max-snippet:-1","max-image-preview":"max-image-preview:large","max-video-preview":"max-video-preview:-1"},"canonical":"https:\/\/elregionalvm.com.ar\/noticias-villa-maria\/veronica-navarro-alegre-visito-el-jardin-de-infantes-bartolome-mitre-de-villa-nueva-e-hizo-entrega-de-un-aporte-provincial\/","og_locale":"es_ES","og_type":"article","og_title":"Ver\u00f3nica Navarro Alegre visit\u00f3 el Jard\u00edn de Infantes, Bartolom\u00e9 Mitre de Villa Nueva e hizo entrega de un aporte provincial - El Regional","og_description":"La legisladora Provincial, Ver\u00f3nica Navarro Alegre visit\u00f3 el Jard\u00edn de Infantes, Bartolom\u00e9 Mitre de Villa Nueva e hizo entrega de un aporte provincial en marco del Programa \u00abHabitar la Escuela\u00bb, del ministerio de Educaci\u00f3n, para culminar las obras de reparaci\u00f3n del edificio escolar.La legisladora fue recibida por Karina D\u00edaz, directora del jard\u00edn, que este a\u00f1o [&hellip;]","og_url":"https:\/\/elregionalvm.com.ar\/noticias-villa-maria\/veronica-navarro-alegre-visito-el-jardin-de-infantes-bartolome-mitre-de-villa-nueva-e-hizo-entrega-de-un-aporte-provincial\/","og_site_name":"El Regional","article_publisher":"https:\/\/www.facebook.com\/elregionalvm","article_published_time":"2025-07-04T21:31:40+00:00","article_modified_time":"2025-07-04T21:31:48+00:00","og_image":[{"width":1280,"height":963,"url":"https:\/\/elregionalvm.com.ar\/noticias-villa-maria\/wp-content\/uploads\/2025\/07\/WhatsApp-Image-2025-07-04-at-1.33.49-PM.jpeg","type":"image\/jpeg"}],"author":"Contenidos El Regional","twitter_card":"summary_large_image","twitter_creator":"@elregionalvm1","twitter_site":"@elregionalvm1","twitter_misc":{"Escrito por":"Contenidos El Regional","Tiempo de lectura":"2 minutos"},"schema":{"@context":"https:\/\/schema.org","@graph":[{"@type":"Article","@id":"https:\/\/elregionalvm.com.ar\/noticias-villa-maria\/veronica-navarro-alegre-visito-el-jardin-de-infantes-bartolome-mitre-de-villa-nueva-e-hizo-entrega-de-un-aporte-provincial\/#article","isPartOf":{"@id":"https:\/\/elregionalvm.com.ar\/noticias-villa-maria\/veronica-navarro-alegre-visito-el-jardin-de-infantes-bartolome-mitre-de-villa-nueva-e-hizo-entrega-de-un-aporte-provincial\/"},"author":{"name":"Contenidos El Regional","@id":"http:\/\/elregionalvm.com.ar\/noticias-villa-maria\/#\/schema\/person\/a0fb9c422317faca23d50163151bc354"},"headline":"Ver\u00f3nica Navarro Alegre visit\u00f3 el Jard\u00edn de Infantes, Bartolom\u00e9 Mitre de Villa Nueva e hizo entrega de un aporte provincial","datePublished":"2025-07-04T21:31:40+00:00","dateModified":"2025-07-04T21:31:48+00:00","mainEntityOfPage":{"@id":"https:\/\/elregionalvm.com.ar\/noticias-villa-maria\/veronica-navarro-alegre-visito-el-jardin-de-infantes-bartolome-mitre-de-villa-nueva-e-hizo-entrega-de-un-aporte-provincial\/"},"wordCount":314,"commentCount":0,"image":{"@id":"https:\/\/elregionalvm.com.ar\/noticias-villa-maria\/veronica-navarro-alegre-visito-el-jardin-de-infantes-bartolome-mitre-de-villa-nueva-e-hizo-entrega-de-un-aporte-provincial\/#primaryimage"},"thumbnailUrl":"https:\/\/i0.wp.com\/elregionalvm.com.ar\/noticias-villa-maria\/wp-content\/uploads\/2025\/07\/WhatsApp-Image-2025-07-04-at-1.33.49-PM.jpeg?fit=1280%2C963&ssl=1","articleSection":["destacado","Provinciales","Sociedad","Villa Mar\u00eda","Villa Nueva"],"inLanguage":"es","potentialAction":[{"@type":"CommentAction","name":"Comment","target":["https:\/\/elregionalvm.com.ar\/noticias-villa-maria\/veronica-navarro-alegre-visito-el-jardin-de-infantes-bartolome-mitre-de-villa-nueva-e-hizo-entrega-de-un-aporte-provincial\/#respond"]}]},{"@type":"WebPage","@id":"https:\/\/elregionalvm.com.ar\/noticias-villa-maria\/veronica-navarro-alegre-visito-el-jardin-de-infantes-bartolome-mitre-de-villa-nueva-e-hizo-entrega-de-un-aporte-provincial\/","url":"https:\/\/elregionalvm.com.ar\/noticias-villa-maria\/veronica-navarro-alegre-visito-el-jardin-de-infantes-bartolome-mitre-de-villa-nueva-e-hizo-entrega-de-un-aporte-provincial\/","name":"Ver\u00f3nica Navarro Alegre visit\u00f3 el Jard\u00edn de Infantes, Bartolom\u00e9 Mitre de Villa Nueva e hizo entrega de un aporte provincial - El Regional","isPartOf":{"@id":"http:\/\/elregionalvm.com.ar\/noticias-villa-maria\/#website"},"primaryImageOfPage":{"@id":"https:\/\/elregionalvm.com.ar\/noticias-villa-maria\/veronica-navarro-alegre-visito-el-jardin-de-infantes-bartolome-mitre-de-villa-nueva-e-hizo-entrega-de-un-aporte-provincial\/#primaryimage"},"image":{"@id":"https:\/\/elregionalvm.com.ar\/noticias-villa-maria\/veronica-navarro-alegre-visito-el-jardin-de-infantes-bartolome-mitre-de-villa-nueva-e-hizo-entrega-de-un-aporte-provincial\/#primaryimage"},"thumbnailUrl":"https:\/\/i0.wp.com\/elregionalvm.com.ar\/noticias-villa-maria\/wp-content\/uploads\/2025\/07\/WhatsApp-Image-2025-07-04-at-1.33.49-PM.jpeg?fit=1280%2C963&ssl=1","datePublished":"2025-07-04T21:31:40+00:00","dateModified":"2025-07-04T21:31:48+00:00","author":{"@id":"http:\/\/elregionalvm.com.ar\/noticias-villa-maria\/#\/schema\/person\/a0fb9c422317faca23d50163151bc354"},"breadcrumb":{"@id":"https:\/\/elregionalvm.com.ar\/noticias-villa-maria\/veronica-navarro-alegre-visito-el-jardin-de-infantes-bartolome-mitre-de-villa-nueva-e-hizo-entrega-de-un-aporte-provincial\/#breadcrumb"},"inLanguage":"es","potentialAction":[{"@type":"ReadAction","target":["https:\/\/elregionalvm.com.ar\/noticias-villa-maria\/veronica-navarro-alegre-visito-el-jardin-de-infantes-bartolome-mitre-de-villa-nueva-e-hizo-entrega-de-un-aporte-provincial\/"]}]},{"@type":"ImageObject","inLanguage":"es","@id":"https:\/\/elregionalvm.com.ar\/noticias-villa-maria\/veronica-navarro-alegre-visito-el-jardin-de-infantes-bartolome-mitre-de-villa-nueva-e-hizo-entrega-de-un-aporte-provincial\/#primaryimage","url":"https:\/\/i0.wp.com\/elregionalvm.com.ar\/noticias-villa-maria\/wp-content\/uploads\/2025\/07\/WhatsApp-Image-2025-07-04-at-1.33.49-PM.jpeg?fit=1280%2C963&ssl=1","contentUrl":"https:\/\/i0.wp.com\/elregionalvm.com.ar\/noticias-villa-maria\/wp-content\/uploads\/2025\/07\/WhatsApp-Image-2025-07-04-at-1.33.49-PM.jpeg?fit=1280%2C963&ssl=1","width":1280,"height":963},{"@type":"BreadcrumbList","@id":"https:\/\/elregionalvm.com.ar\/noticias-villa-maria\/veronica-navarro-alegre-visito-el-jardin-de-infantes-bartolome-mitre-de-villa-nueva-e-hizo-entrega-de-un-aporte-provincial\/#breadcrumb","itemListElement":[{"@type":"ListItem","position":1,"name":"Portada","item":"https:\/\/elregionalvm.com.ar\/noticias-villa-maria\/"},{"@type":"ListItem","position":2,"name":"Ver\u00f3nica Navarro Alegre visit\u00f3 el Jard\u00edn de Infantes, Bartolom\u00e9 Mitre de Villa Nueva e hizo entrega de un aporte provincial"}]},{"@type":"WebSite","@id":"http:\/\/elregionalvm.com.ar\/noticias-villa-maria\/#website","url":"http:\/\/elregionalvm.com.ar\/noticias-villa-maria\/","name":"El Regional","description":"Mucho m\u00e1s que informaci\u00f3n","potentialAction":[{"@type":"SearchAction","target":{"@type":"EntryPoint","urlTemplate":"http:\/\/elregionalvm.com.ar\/noticias-villa-maria\/?s={search_term_string}"},"query-input":{"@type":"PropertyValueSpecification","valueRequired":true,"valueName":"search_term_string"}}],"inLanguage":"es"},{"@type":"Person","@id":"http:\/\/elregionalvm.com.ar\/noticias-villa-maria\/#\/schema\/person\/a0fb9c422317faca23d50163151bc354","name":"Contenidos El Regional","image":{"@type":"ImageObject","inLanguage":"es","@id":"http:\/\/elregionalvm.com.ar\/noticias-villa-maria\/#\/schema\/person\/image\/","url":"https:\/\/secure.gravatar.com\/avatar\/265b27cb2209af7bb3a1318f03305787d7981a5cc6e6cd08fe5a4ecdf99d4b48?s=96&d=mm&r=g","contentUrl":"https:\/\/secure.gravatar.com\/avatar\/265b27cb2209af7bb3a1318f03305787d7981a5cc6e6cd08fe5a4ecdf99d4b48?s=96&d=mm&r=g","caption":"Contenidos El Regional"},"url":"https:\/\/elregionalvm.com.ar\/noticias-villa-maria\/author\/contenido\/"}]}},"jetpack_featured_media_url":"https:\/\/i0.wp.com\/elregionalvm.com.ar\/noticias-villa-maria\/wp-content\/uploads\/2025\/07\/WhatsApp-Image-2025-07-04-at-1.33.49-PM.jpeg?fit=1280%2C963&ssl=1","jetpack_sharing_enabled":true,"_links":{"self":[{"href":"https:\/\/elregionalvm.com.ar\/noticias-villa-maria\/wp-json\/wp\/v2\/posts\/107824","targetHints":{"allow":["GET"]}}],"collection":[{"href":"https:\/\/elregionalvm.com.ar\/noticias-villa-maria\/wp-json\/wp\/v2\/posts"}],"about":[{"href":"https:\/\/elregionalvm.com.ar\/noticias-villa-maria\/wp-json\/wp\/v2\/types\/post"}],"author":[{"embeddable":true,"href":"https:\/\/elregionalvm.com.ar\/noticias-villa-maria\/wp-json\/wp\/v2\/users\/4"}],"replies":[{"embeddable":true,"href":"https:\/\/elregionalvm.com.ar\/noticias-villa-maria\/wp-json\/wp\/v2\/comments?post=107824"}],"version-history":[{"count":1,"href":"https:\/\/elregionalvm.com.ar\/noticias-villa-maria\/wp-json\/wp\/v2\/posts\/107824\/revisions"}],"predecessor-version":[{"id":107826,"href":"https:\/\/elregionalvm.com.ar\/noticias-villa-maria\/wp-json\/wp\/v2\/posts\/107824\/revisions\/107826"}],"wp:featuredmedia":[{"embeddable":true,"href":"https:\/\/elregionalvm.com.ar\/noticias-villa-maria\/wp-json\/wp\/v2\/media\/107825"}],"wp:attachment":[{"href":"https:\/\/elregionalvm.com.ar\/noticias-villa-maria\/wp-json\/wp\/v2\/media?parent=107824"}],"wp:term":[{"taxonomy":"category","embeddable":true,"href":"https:\/\/elregionalvm.com.ar\/noticias-villa-maria\/wp-json\/wp\/v2\/categories?post=107824"},{"taxonomy":"post_tag","embeddable":true,"href":"https:\/\/elregionalvm.com.ar\/noticias-villa-maria\/wp-json\/wp\/v2\/tags?post=107824"}],"curies":[{"name":"wp","href":"https:\/\/api.w.org\/{rel}","templated":true}]}}