{"id":107830,"date":"2025-07-04T21:39:18","date_gmt":"2025-07-04T21:39:18","guid":{"rendered":"https:\/\/elregionalvm.com.ar\/noticias-villa-maria\/?p=107830"},"modified":"2025-07-04T21:39:34","modified_gmt":"2025-07-04T21:39:34","slug":"accastello-participo-de-la-presentacion-de-la-meca-2025","status":"publish","type":"post","link":"https:\/\/elregionalvm.com.ar\/noticias-villa-maria\/accastello-participo-de-la-presentacion-de-la-meca-2025\/","title":{"rendered":"Accastello particip\u00f3 de la presentaci\u00f3n de la \u00abMECA 2025\u00bb"},"content":{"rendered":"\n<p>El intendente municipal Eduardo Accastello, acompa\u00f1ado por referentes de la Sociedad Rural Villa Mar\u00eda y del Grupo TodoAgro, form\u00f3 parte del lanzamiento de la Mega Expo del Centro Argentino (MECA) Villa Mar\u00eda y la Regi\u00f3n 2025, un evento que tiene por objetivo mostrar y compartir acerca de temas relacionados con el agro, la industria, el comercio y la tecnolog\u00eda.<\/p>\n\n\n\n<p>Adem\u00e1s, esta edici\u00f3n contar\u00e1 con actividades educativo-recreativas para toda la familia.&nbsp;<\/p>\n\n\n\n<p>En este sentido, el evento tendr\u00e1 lugar del 4 al 7 de septiembre en la sede de la Sociedad Rural Villa Mar\u00eda y, entre sus propuestas, se llevar\u00e1 a cabo una muestra ganadera que contar\u00e1 con la presencia del jurado internacional Paulino Badiola Fern\u00e1ndez.<\/p>\n\n\n\n<p>Al respecto, Accastello coment\u00f3:&nbsp;<em><strong>\u201dVilla Mar\u00eda puede mostrarle al mundo que cuenta con un sector privado cuya diversificaci\u00f3n productiva es incre\u00edble, somos agro, industria, ganader\u00eda, lecher\u00eda, bioenerg\u00eda, econom\u00eda del conocimiento y, a partir de los pr\u00f3ximos meses, tambi\u00e9n man\u00ed. Desde aqu\u00ed abrazamos a la regi\u00f3n y al pa\u00eds entero con una una mega exposici\u00f3n para mostrar lo que somos capaces de hacer juntos\u00bb. \u00abHemos invitado a productores del sector ganadero-industrial de Panam\u00e1, que se han comprometido en venir, como tambi\u00e9n a jurados de otros lugares del mundo y eso muestra el desarrollo productivo que tiene la ciudad\u201d.&nbsp;<\/strong><\/em><\/p>\n\n\n\n<p>Luego, continu\u00f3:&nbsp;<em><strong>\u201dJunto al Gobierno provincial acompa\u00f1amos esta iniciativa pero la pieza clave es el sector privado que, de la mano de una instituci\u00f3n se\u00f1era como la Sociedad Rural, cuenta con una fuerte innovaci\u00f3n tecnol\u00f3gica y abraza a quienes son parte del campo y de la industria\u00bb.<\/strong><\/em><\/p>\n\n\n\n<p>Por su parte, &nbsp;el director de TodoAgro y gestor de la MECA 2025, Jos\u00e9 Iachetta, expres\u00f3:&nbsp;<em>\u201dEstamos construyendo la exposici\u00f3n m\u00e1s grande de la historia de Villa Mar\u00eda y la regi\u00f3n, estamos seguros de eso por la fluidez en las ventas, ya hemos vendido m\u00e1s del 50% de los 252 stands disponibles, que se suman a otros 70 espacios destinados a emprendedores. Estamos muy contentos porque no s\u00f3lo vamos a ofrecer una exposici\u00f3n que es un gran espejo de lo que verdaderamente es Villa Mar\u00eda, sino tambi\u00e9n vamos a ofrecer 10 instancias de capacitaci\u00f3n y competencias que le van a dar mucha sustancia y consistencia a esta exhibici\u00f3n magn\u00edfica que tiene la cadena agro-bio-industrial de la regi\u00f3n\u201d.&nbsp;<\/em><\/p>\n\n\n\n<p>Seguidamente Iachetta explic\u00f3 qu\u00e9 ser\u00e1n cuatro d\u00edas de gran movimiento, que comienzan con las Olimpiadas Bioenerg\u00e9ticas y propuestas relacionadas a la alfalfa, mientras que el segundo d\u00eda tendr\u00e1 lugar la Fiesta Nacional del Holando. Tambi\u00e9n se realizar\u00e1 una jornada relacionada a la \u201clecher\u00eda del futuro\u201d, junto con una competici\u00f3n de robots creados por estudiantes de la UTN San Francisco.&nbsp;<\/p>\n\n\n\n<p>En la misma l\u00ednea, el presidente de la Sociedad Rural, Juan Jos\u00e9 Reale, una de las entidades organizadoras, dijo: \u201dEstamos haciendo todo lo necesario desde la organizaci\u00f3n para que no s\u00f3lo sea la fiesta del Holando, sino que tambi\u00e9n haya cerdos, ovejas, caprinos, caballos, y todos los condimentos que podamos no s\u00f3lo para quienes est\u00e1n m\u00e1s interiorizados en el tema sino para toda la familia. Vamos a trabajar para que Villa Mar\u00eda se destaque por este evento\u201d.&nbsp;<br>&nbsp;<br>Acompa\u00f1aron la presentaci\u00f3n, el presidente del Concejo Deliberante, Juan Pablo Inglese; el gerente de ACABio, Santiago Aqcuaroli; los secretarios del Ejecutivo Municipal, Adela Guirardelli y Guillermo Pieckestainer, entre otros.&nbsp;<\/p>\n\n\n\n<p><strong>Olimpiadas para estudiantes<\/strong><\/p>\n\n\n\n<p>Como parte de las propuestas, tendr\u00e1n lugar las Olimp\u00edadas Bioenerg\u00e9ticas y de Valor Agregado \u201cMario Bragachini\u201d, del cual participar\u00e1n m\u00e1s de 150 estudiantes de diferentes instituciones educativas de la provincia, que ser\u00e1n premiadas por ACABio.&nbsp;<\/p>\n\n\n\n<p><br><strong>Fiesta Nacional del Holando<\/strong><\/p>\n\n\n\n<p>Asimismo, desde la Asociaci\u00f3n de Criadores del Holando Argentino, se confirm\u00f3 que la Mega Expo del Centro Argentino Villa Mar\u00eda y la regi\u00f3n ser\u00e1 la sede de la Fiesta Nacional del Holando.&nbsp;<\/p>\n\n\n\n<p><strong>Concurso de Maestros Queseros<\/strong><\/p>\n\n\n\n<p>All\u00ed tambi\u00e9n se confirm\u00f3 la realizaci\u00f3n del concurso de Maestros Queseros que lleva el nombre de \u201cDaniel Jos\u00e9 Montes\u201d<\/p>\n\n\n\n<p><strong>Sobre Paulino Badiola Fern\u00e1ndez&nbsp;<\/strong><\/p>\n\n\n\n<p>El criador espa\u00f1ol Paulino Badiola Fern\u00e1ndez, integrante de la Confederaci\u00f3n de Asociaciones de Frisona Espa\u00f1ola, ser\u00e1 jurado internacional de la muestra que se desarrollar\u00e1 en el marco de la MECA. &nbsp;<\/p>\n\n\n\n<p>El especialista ha juzgado los concursos regionales m\u00e1s importantes de Espa\u00f1a y el mundo; tambi\u00e9n ha juzgado concursos de ganado vacuno fris\u00f3n en paises como M\u00e9xico, Italia, Portugal y Colombia.<\/p>\n","protected":false},"excerpt":{"rendered":"<p>El intendente municipal Eduardo Accastello, acompa\u00f1ado por referentes de la Sociedad Rural Villa Mar\u00eda y del Grupo TodoAgro, form\u00f3 parte del lanzamiento de la Mega Expo del Centro Argentino (MECA) Villa Mar\u00eda y la Regi\u00f3n 2025, un evento que tiene por objetivo mostrar y compartir acerca de temas relacionados con el agro, la industria, el [&hellip;]<\/p>\n","protected":false},"author":4,"featured_media":107831,"comment_status":"open","ping_status":"open","sticky":false,"template":"","format":"standard","meta":{"site-sidebar-layout":"default","site-content-layout":"","ast-site-content-layout":"default","site-content-style":"default","site-sidebar-style":"default","ast-global-header-display":"","ast-banner-title-visibility":"","ast-main-header-display":"","ast-hfb-above-header-display":"","ast-hfb-below-header-display":"","ast-hfb-mobile-header-display":"","site-post-title":"","ast-breadcrumbs-content":"","ast-featured-img":"","footer-sml-layout":"","ast-disable-related-posts":"","theme-transparent-header-meta":"","adv-header-id-meta":"","stick-header-meta":"","header-above-stick-meta":"","header-main-stick-meta":"","header-below-stick-meta":"","astra-migrate-meta-layouts":"set","ast-page-background-enabled":"default","ast-page-background-meta":{"desktop":{"background-color":"","background-image":"","background-repeat":"repeat","background-position":"center center","background-size":"auto","background-attachment":"scroll","background-type":"","background-media":"","overlay-type":"","overlay-color":"","overlay-opacity":"","overlay-gradient":""},"tablet":{"background-color":"","background-image":"","background-repeat":"repeat","background-position":"center center","background-size":"auto","background-attachment":"scroll","background-type":"","background-media":"","overlay-type":"","overlay-color":"","overlay-opacity":"","overlay-gradient":""},"mobile":{"background-color":"","background-image":"","background-repeat":"repeat","background-position":"center center","background-size":"auto","background-attachment":"scroll","background-type":"","background-media":"","overlay-type":"","overlay-color":"","overlay-opacity":"","overlay-gradient":""}},"ast-content-background-meta":{"desktop":{"background-color":"var(--ast-global-color-5)","background-image":"","background-repeat":"repeat","background-position":"center center","background-size":"auto","background-attachment":"scroll","background-type":"","background-media":"","overlay-type":"","overlay-color":"","overlay-opacity":"","overlay-gradient":""},"tablet":{"background-color":"var(--ast-global-color-5)","background-image":"","background-repeat":"repeat","background-position":"center center","background-size":"auto","background-attachment":"scroll","background-type":"","background-media":"","overlay-type":"","overlay-color":"","overlay-opacity":"","overlay-gradient":""},"mobile":{"background-color":"var(--ast-global-color-5)","background-image":"","background-repeat":"repeat","background-position":"center center","background-size":"auto","background-attachment":"scroll","background-type":"","background-media":"","overlay-type":"","overlay-color":"","overlay-opacity":"","overlay-gradient":""}},"_jetpack_memberships_contains_paid_content":false,"_joinchat":[],"footnotes":""},"categories":[15302,5,2],"tags":[],"class_list":["post-107830","post","type-post","status-publish","format-standard","has-post-thumbnail","hentry","category-destacado","category-sociedad","category-villa-maria"],"yoast_head":"<!-- This site is optimized with the Yoast SEO plugin v26.8 - https:\/\/yoast.com\/product\/yoast-seo-wordpress\/ -->\n<title>Accastello particip\u00f3 de la presentaci\u00f3n de la &quot;MECA 2025&quot; - El Regional<\/title>\n<meta name=\"robots\" content=\"index, follow, max-snippet:-1, max-image-preview:large, max-video-preview:-1\" \/>\n<link rel=\"canonical\" href=\"https:\/\/elregionalvm.com.ar\/noticias-villa-maria\/accastello-participo-de-la-presentacion-de-la-meca-2025\/\" \/>\n<meta property=\"og:locale\" content=\"es_ES\" \/>\n<meta property=\"og:type\" content=\"article\" \/>\n<meta property=\"og:title\" content=\"Accastello particip\u00f3 de la presentaci\u00f3n de la &quot;MECA 2025&quot; - El Regional\" \/>\n<meta property=\"og:description\" content=\"El intendente municipal Eduardo Accastello, acompa\u00f1ado por referentes de la Sociedad Rural Villa Mar\u00eda y del Grupo TodoAgro, form\u00f3 parte del lanzamiento de la Mega Expo del Centro Argentino (MECA) Villa Mar\u00eda y la Regi\u00f3n 2025, un evento que tiene por objetivo mostrar y compartir acerca de temas relacionados con el agro, la industria, el [&hellip;]\" \/>\n<meta property=\"og:url\" content=\"https:\/\/elregionalvm.com.ar\/noticias-villa-maria\/accastello-participo-de-la-presentacion-de-la-meca-2025\/\" \/>\n<meta property=\"og:site_name\" content=\"El Regional\" \/>\n<meta property=\"article:publisher\" content=\"https:\/\/www.facebook.com\/elregionalvm\" \/>\n<meta property=\"article:published_time\" content=\"2025-07-04T21:39:18+00:00\" \/>\n<meta property=\"article:modified_time\" content=\"2025-07-04T21:39:34+00:00\" \/>\n<meta property=\"og:image\" content=\"https:\/\/elregionalvm.com.ar\/noticias-villa-maria\/wp-content\/uploads\/2025\/07\/39c8ba1e4c38459ab3c5b96cad7120e0.jpeg\" \/>\n\t<meta property=\"og:image:width\" content=\"800\" \/>\n\t<meta property=\"og:image:height\" content=\"600\" \/>\n\t<meta property=\"og:image:type\" content=\"image\/jpeg\" \/>\n<meta name=\"author\" content=\"Contenidos El Regional\" \/>\n<meta name=\"twitter:card\" content=\"summary_large_image\" \/>\n<meta name=\"twitter:creator\" content=\"@elregionalvm1\" \/>\n<meta name=\"twitter:site\" content=\"@elregionalvm1\" \/>\n<meta name=\"twitter:label1\" content=\"Escrito por\" \/>\n\t<meta name=\"twitter:data1\" content=\"Contenidos El Regional\" \/>\n\t<meta name=\"twitter:label2\" content=\"Tiempo de lectura\" \/>\n\t<meta name=\"twitter:data2\" content=\"4 minutos\" \/>\n<script type=\"application\/ld+json\" class=\"yoast-schema-graph\">{\"@context\":\"https:\/\/schema.org\",\"@graph\":[{\"@type\":\"Article\",\"@id\":\"https:\/\/elregionalvm.com.ar\/noticias-villa-maria\/accastello-participo-de-la-presentacion-de-la-meca-2025\/#article\",\"isPartOf\":{\"@id\":\"https:\/\/elregionalvm.com.ar\/noticias-villa-maria\/accastello-participo-de-la-presentacion-de-la-meca-2025\/\"},\"author\":{\"name\":\"Contenidos El Regional\",\"@id\":\"http:\/\/elregionalvm.com.ar\/noticias-villa-maria\/#\/schema\/person\/a0fb9c422317faca23d50163151bc354\"},\"headline\":\"Accastello particip\u00f3 de la presentaci\u00f3n de la \u00abMECA 2025\u00bb\",\"datePublished\":\"2025-07-04T21:39:18+00:00\",\"dateModified\":\"2025-07-04T21:39:34+00:00\",\"mainEntityOfPage\":{\"@id\":\"https:\/\/elregionalvm.com.ar\/noticias-villa-maria\/accastello-participo-de-la-presentacion-de-la-meca-2025\/\"},\"wordCount\":794,\"commentCount\":0,\"image\":{\"@id\":\"https:\/\/elregionalvm.com.ar\/noticias-villa-maria\/accastello-participo-de-la-presentacion-de-la-meca-2025\/#primaryimage\"},\"thumbnailUrl\":\"https:\/\/i0.wp.com\/elregionalvm.com.ar\/noticias-villa-maria\/wp-content\/uploads\/2025\/07\/39c8ba1e4c38459ab3c5b96cad7120e0.jpeg?fit=800%2C600&ssl=1\",\"articleSection\":[\"destacado\",\"Sociedad\",\"Villa Mar\u00eda\"],\"inLanguage\":\"es\",\"potentialAction\":[{\"@type\":\"CommentAction\",\"name\":\"Comment\",\"target\":[\"https:\/\/elregionalvm.com.ar\/noticias-villa-maria\/accastello-participo-de-la-presentacion-de-la-meca-2025\/#respond\"]}]},{\"@type\":\"WebPage\",\"@id\":\"https:\/\/elregionalvm.com.ar\/noticias-villa-maria\/accastello-participo-de-la-presentacion-de-la-meca-2025\/\",\"url\":\"https:\/\/elregionalvm.com.ar\/noticias-villa-maria\/accastello-participo-de-la-presentacion-de-la-meca-2025\/\",\"name\":\"Accastello particip\u00f3 de la presentaci\u00f3n de la \\\"MECA 2025\\\" - El Regional\",\"isPartOf\":{\"@id\":\"http:\/\/elregionalvm.com.ar\/noticias-villa-maria\/#website\"},\"primaryImageOfPage\":{\"@id\":\"https:\/\/elregionalvm.com.ar\/noticias-villa-maria\/accastello-participo-de-la-presentacion-de-la-meca-2025\/#primaryimage\"},\"image\":{\"@id\":\"https:\/\/elregionalvm.com.ar\/noticias-villa-maria\/accastello-participo-de-la-presentacion-de-la-meca-2025\/#primaryimage\"},\"thumbnailUrl\":\"https:\/\/i0.wp.com\/elregionalvm.com.ar\/noticias-villa-maria\/wp-content\/uploads\/2025\/07\/39c8ba1e4c38459ab3c5b96cad7120e0.jpeg?fit=800%2C600&ssl=1\",\"datePublished\":\"2025-07-04T21:39:18+00:00\",\"dateModified\":\"2025-07-04T21:39:34+00:00\",\"author\":{\"@id\":\"http:\/\/elregionalvm.com.ar\/noticias-villa-maria\/#\/schema\/person\/a0fb9c422317faca23d50163151bc354\"},\"breadcrumb\":{\"@id\":\"https:\/\/elregionalvm.com.ar\/noticias-villa-maria\/accastello-participo-de-la-presentacion-de-la-meca-2025\/#breadcrumb\"},\"inLanguage\":\"es\",\"potentialAction\":[{\"@type\":\"ReadAction\",\"target\":[\"https:\/\/elregionalvm.com.ar\/noticias-villa-maria\/accastello-participo-de-la-presentacion-de-la-meca-2025\/\"]}]},{\"@type\":\"ImageObject\",\"inLanguage\":\"es\",\"@id\":\"https:\/\/elregionalvm.com.ar\/noticias-villa-maria\/accastello-participo-de-la-presentacion-de-la-meca-2025\/#primaryimage\",\"url\":\"https:\/\/i0.wp.com\/elregionalvm.com.ar\/noticias-villa-maria\/wp-content\/uploads\/2025\/07\/39c8ba1e4c38459ab3c5b96cad7120e0.jpeg?fit=800%2C600&ssl=1\",\"contentUrl\":\"https:\/\/i0.wp.com\/elregionalvm.com.ar\/noticias-villa-maria\/wp-content\/uploads\/2025\/07\/39c8ba1e4c38459ab3c5b96cad7120e0.jpeg?fit=800%2C600&ssl=1\",\"width\":800,\"height\":600},{\"@type\":\"BreadcrumbList\",\"@id\":\"https:\/\/elregionalvm.com.ar\/noticias-villa-maria\/accastello-participo-de-la-presentacion-de-la-meca-2025\/#breadcrumb\",\"itemListElement\":[{\"@type\":\"ListItem\",\"position\":1,\"name\":\"Portada\",\"item\":\"https:\/\/elregionalvm.com.ar\/noticias-villa-maria\/\"},{\"@type\":\"ListItem\",\"position\":2,\"name\":\"Accastello particip\u00f3 de la presentaci\u00f3n de la \u00abMECA 2025\u00bb\"}]},{\"@type\":\"WebSite\",\"@id\":\"http:\/\/elregionalvm.com.ar\/noticias-villa-maria\/#website\",\"url\":\"http:\/\/elregionalvm.com.ar\/noticias-villa-maria\/\",\"name\":\"El Regional\",\"description\":\"Mucho m\u00e1s que informaci\u00f3n\",\"potentialAction\":[{\"@type\":\"SearchAction\",\"target\":{\"@type\":\"EntryPoint\",\"urlTemplate\":\"http:\/\/elregionalvm.com.ar\/noticias-villa-maria\/?s={search_term_string}\"},\"query-input\":{\"@type\":\"PropertyValueSpecification\",\"valueRequired\":true,\"valueName\":\"search_term_string\"}}],\"inLanguage\":\"es\"},{\"@type\":\"Person\",\"@id\":\"http:\/\/elregionalvm.com.ar\/noticias-villa-maria\/#\/schema\/person\/a0fb9c422317faca23d50163151bc354\",\"name\":\"Contenidos El Regional\",\"image\":{\"@type\":\"ImageObject\",\"inLanguage\":\"es\",\"@id\":\"http:\/\/elregionalvm.com.ar\/noticias-villa-maria\/#\/schema\/person\/image\/\",\"url\":\"https:\/\/secure.gravatar.com\/avatar\/265b27cb2209af7bb3a1318f03305787d7981a5cc6e6cd08fe5a4ecdf99d4b48?s=96&d=mm&r=g\",\"contentUrl\":\"https:\/\/secure.gravatar.com\/avatar\/265b27cb2209af7bb3a1318f03305787d7981a5cc6e6cd08fe5a4ecdf99d4b48?s=96&d=mm&r=g\",\"caption\":\"Contenidos El Regional\"},\"url\":\"https:\/\/elregionalvm.com.ar\/noticias-villa-maria\/author\/contenido\/\"}]}<\/script>\n<!-- \/ Yoast SEO plugin. -->","yoast_head_json":{"title":"Accastello particip\u00f3 de la presentaci\u00f3n de la \"MECA 2025\" - El Regional","robots":{"index":"index","follow":"follow","max-snippet":"max-snippet:-1","max-image-preview":"max-image-preview:large","max-video-preview":"max-video-preview:-1"},"canonical":"https:\/\/elregionalvm.com.ar\/noticias-villa-maria\/accastello-participo-de-la-presentacion-de-la-meca-2025\/","og_locale":"es_ES","og_type":"article","og_title":"Accastello particip\u00f3 de la presentaci\u00f3n de la \"MECA 2025\" - El Regional","og_description":"El intendente municipal Eduardo Accastello, acompa\u00f1ado por referentes de la Sociedad Rural Villa Mar\u00eda y del Grupo TodoAgro, form\u00f3 parte del lanzamiento de la Mega Expo del Centro Argentino (MECA) Villa Mar\u00eda y la Regi\u00f3n 2025, un evento que tiene por objetivo mostrar y compartir acerca de temas relacionados con el agro, la industria, el [&hellip;]","og_url":"https:\/\/elregionalvm.com.ar\/noticias-villa-maria\/accastello-participo-de-la-presentacion-de-la-meca-2025\/","og_site_name":"El Regional","article_publisher":"https:\/\/www.facebook.com\/elregionalvm","article_published_time":"2025-07-04T21:39:18+00:00","article_modified_time":"2025-07-04T21:39:34+00:00","og_image":[{"width":800,"height":600,"url":"https:\/\/elregionalvm.com.ar\/noticias-villa-maria\/wp-content\/uploads\/2025\/07\/39c8ba1e4c38459ab3c5b96cad7120e0.jpeg","type":"image\/jpeg"}],"author":"Contenidos El Regional","twitter_card":"summary_large_image","twitter_creator":"@elregionalvm1","twitter_site":"@elregionalvm1","twitter_misc":{"Escrito por":"Contenidos El Regional","Tiempo de lectura":"4 minutos"},"schema":{"@context":"https:\/\/schema.org","@graph":[{"@type":"Article","@id":"https:\/\/elregionalvm.com.ar\/noticias-villa-maria\/accastello-participo-de-la-presentacion-de-la-meca-2025\/#article","isPartOf":{"@id":"https:\/\/elregionalvm.com.ar\/noticias-villa-maria\/accastello-participo-de-la-presentacion-de-la-meca-2025\/"},"author":{"name":"Contenidos El Regional","@id":"http:\/\/elregionalvm.com.ar\/noticias-villa-maria\/#\/schema\/person\/a0fb9c422317faca23d50163151bc354"},"headline":"Accastello particip\u00f3 de la presentaci\u00f3n de la \u00abMECA 2025\u00bb","datePublished":"2025-07-04T21:39:18+00:00","dateModified":"2025-07-04T21:39:34+00:00","mainEntityOfPage":{"@id":"https:\/\/elregionalvm.com.ar\/noticias-villa-maria\/accastello-participo-de-la-presentacion-de-la-meca-2025\/"},"wordCount":794,"commentCount":0,"image":{"@id":"https:\/\/elregionalvm.com.ar\/noticias-villa-maria\/accastello-participo-de-la-presentacion-de-la-meca-2025\/#primaryimage"},"thumbnailUrl":"https:\/\/i0.wp.com\/elregionalvm.com.ar\/noticias-villa-maria\/wp-content\/uploads\/2025\/07\/39c8ba1e4c38459ab3c5b96cad7120e0.jpeg?fit=800%2C600&ssl=1","articleSection":["destacado","Sociedad","Villa Mar\u00eda"],"inLanguage":"es","potentialAction":[{"@type":"CommentAction","name":"Comment","target":["https:\/\/elregionalvm.com.ar\/noticias-villa-maria\/accastello-participo-de-la-presentacion-de-la-meca-2025\/#respond"]}]},{"@type":"WebPage","@id":"https:\/\/elregionalvm.com.ar\/noticias-villa-maria\/accastello-participo-de-la-presentacion-de-la-meca-2025\/","url":"https:\/\/elregionalvm.com.ar\/noticias-villa-maria\/accastello-participo-de-la-presentacion-de-la-meca-2025\/","name":"Accastello particip\u00f3 de la presentaci\u00f3n de la \"MECA 2025\" - El Regional","isPartOf":{"@id":"http:\/\/elregionalvm.com.ar\/noticias-villa-maria\/#website"},"primaryImageOfPage":{"@id":"https:\/\/elregionalvm.com.ar\/noticias-villa-maria\/accastello-participo-de-la-presentacion-de-la-meca-2025\/#primaryimage"},"image":{"@id":"https:\/\/elregionalvm.com.ar\/noticias-villa-maria\/accastello-participo-de-la-presentacion-de-la-meca-2025\/#primaryimage"},"thumbnailUrl":"https:\/\/i0.wp.com\/elregionalvm.com.ar\/noticias-villa-maria\/wp-content\/uploads\/2025\/07\/39c8ba1e4c38459ab3c5b96cad7120e0.jpeg?fit=800%2C600&ssl=1","datePublished":"2025-07-04T21:39:18+00:00","dateModified":"2025-07-04T21:39:34+00:00","author":{"@id":"http:\/\/elregionalvm.com.ar\/noticias-villa-maria\/#\/schema\/person\/a0fb9c422317faca23d50163151bc354"},"breadcrumb":{"@id":"https:\/\/elregionalvm.com.ar\/noticias-villa-maria\/accastello-participo-de-la-presentacion-de-la-meca-2025\/#breadcrumb"},"inLanguage":"es","potentialAction":[{"@type":"ReadAction","target":["https:\/\/elregionalvm.com.ar\/noticias-villa-maria\/accastello-participo-de-la-presentacion-de-la-meca-2025\/"]}]},{"@type":"ImageObject","inLanguage":"es","@id":"https:\/\/elregionalvm.com.ar\/noticias-villa-maria\/accastello-participo-de-la-presentacion-de-la-meca-2025\/#primaryimage","url":"https:\/\/i0.wp.com\/elregionalvm.com.ar\/noticias-villa-maria\/wp-content\/uploads\/2025\/07\/39c8ba1e4c38459ab3c5b96cad7120e0.jpeg?fit=800%2C600&ssl=1","contentUrl":"https:\/\/i0.wp.com\/elregionalvm.com.ar\/noticias-villa-maria\/wp-content\/uploads\/2025\/07\/39c8ba1e4c38459ab3c5b96cad7120e0.jpeg?fit=800%2C600&ssl=1","width":800,"height":600},{"@type":"BreadcrumbList","@id":"https:\/\/elregionalvm.com.ar\/noticias-villa-maria\/accastello-participo-de-la-presentacion-de-la-meca-2025\/#breadcrumb","itemListElement":[{"@type":"ListItem","position":1,"name":"Portada","item":"https:\/\/elregionalvm.com.ar\/noticias-villa-maria\/"},{"@type":"ListItem","position":2,"name":"Accastello particip\u00f3 de la presentaci\u00f3n de la \u00abMECA 2025\u00bb"}]},{"@type":"WebSite","@id":"http:\/\/elregionalvm.com.ar\/noticias-villa-maria\/#website","url":"http:\/\/elregionalvm.com.ar\/noticias-villa-maria\/","name":"El Regional","description":"Mucho m\u00e1s que informaci\u00f3n","potentialAction":[{"@type":"SearchAction","target":{"@type":"EntryPoint","urlTemplate":"http:\/\/elregionalvm.com.ar\/noticias-villa-maria\/?s={search_term_string}"},"query-input":{"@type":"PropertyValueSpecification","valueRequired":true,"valueName":"search_term_string"}}],"inLanguage":"es"},{"@type":"Person","@id":"http:\/\/elregionalvm.com.ar\/noticias-villa-maria\/#\/schema\/person\/a0fb9c422317faca23d50163151bc354","name":"Contenidos El Regional","image":{"@type":"ImageObject","inLanguage":"es","@id":"http:\/\/elregionalvm.com.ar\/noticias-villa-maria\/#\/schema\/person\/image\/","url":"https:\/\/secure.gravatar.com\/avatar\/265b27cb2209af7bb3a1318f03305787d7981a5cc6e6cd08fe5a4ecdf99d4b48?s=96&d=mm&r=g","contentUrl":"https:\/\/secure.gravatar.com\/avatar\/265b27cb2209af7bb3a1318f03305787d7981a5cc6e6cd08fe5a4ecdf99d4b48?s=96&d=mm&r=g","caption":"Contenidos El Regional"},"url":"https:\/\/elregionalvm.com.ar\/noticias-villa-maria\/author\/contenido\/"}]}},"jetpack_featured_media_url":"https:\/\/i0.wp.com\/elregionalvm.com.ar\/noticias-villa-maria\/wp-content\/uploads\/2025\/07\/39c8ba1e4c38459ab3c5b96cad7120e0.jpeg?fit=800%2C600&ssl=1","jetpack_sharing_enabled":true,"_links":{"self":[{"href":"https:\/\/elregionalvm.com.ar\/noticias-villa-maria\/wp-json\/wp\/v2\/posts\/107830","targetHints":{"allow":["GET"]}}],"collection":[{"href":"https:\/\/elregionalvm.com.ar\/noticias-villa-maria\/wp-json\/wp\/v2\/posts"}],"about":[{"href":"https:\/\/elregionalvm.com.ar\/noticias-villa-maria\/wp-json\/wp\/v2\/types\/post"}],"author":[{"embeddable":true,"href":"https:\/\/elregionalvm.com.ar\/noticias-villa-maria\/wp-json\/wp\/v2\/users\/4"}],"replies":[{"embeddable":true,"href":"https:\/\/elregionalvm.com.ar\/noticias-villa-maria\/wp-json\/wp\/v2\/comments?post=107830"}],"version-history":[{"count":1,"href":"https:\/\/elregionalvm.com.ar\/noticias-villa-maria\/wp-json\/wp\/v2\/posts\/107830\/revisions"}],"predecessor-version":[{"id":107832,"href":"https:\/\/elregionalvm.com.ar\/noticias-villa-maria\/wp-json\/wp\/v2\/posts\/107830\/revisions\/107832"}],"wp:featuredmedia":[{"embeddable":true,"href":"https:\/\/elregionalvm.com.ar\/noticias-villa-maria\/wp-json\/wp\/v2\/media\/107831"}],"wp:attachment":[{"href":"https:\/\/elregionalvm.com.ar\/noticias-villa-maria\/wp-json\/wp\/v2\/media?parent=107830"}],"wp:term":[{"taxonomy":"category","embeddable":true,"href":"https:\/\/elregionalvm.com.ar\/noticias-villa-maria\/wp-json\/wp\/v2\/categories?post=107830"},{"taxonomy":"post_tag","embeddable":true,"href":"https:\/\/elregionalvm.com.ar\/noticias-villa-maria\/wp-json\/wp\/v2\/tags?post=107830"}],"curies":[{"name":"wp","href":"https:\/\/api.w.org\/{rel}","templated":true}]}}