{"id":107847,"date":"2025-07-04T22:06:41","date_gmt":"2025-07-04T22:06:41","guid":{"rendered":"https:\/\/elregionalvm.com.ar\/noticias-villa-maria\/?p=107847"},"modified":"2025-07-04T22:06:45","modified_gmt":"2025-07-04T22:06:45","slug":"dos-proyectos-productivos-locales-fueron-seleccionados-entre-los-mejores-en-el-concurso-ideas-emprendedoras-2025","status":"publish","type":"post","link":"https:\/\/elregionalvm.com.ar\/noticias-villa-maria\/dos-proyectos-productivos-locales-fueron-seleccionados-entre-los-mejores-en-el-concurso-ideas-emprendedoras-2025\/","title":{"rendered":"Dos proyectos productivos locales fueron seleccionados entre los mejores en el Concurso Ideas Emprendedoras 2025"},"content":{"rendered":"\n<p>\u00a0A trav\u00e9s de la secretar\u00eda de Econom\u00eda, Transformaci\u00f3n Digital y Desarrollo Productivo, que dos proyectos locales fueron premiados en el Concurso Ideas Emprendedoras 2025, organizado por el Ministerio de Producci\u00f3n de la Provincia de C\u00f3rdoba y celebrado el pasado jueves 26 de junio en el Auditorio de la Democracia de la Legislatura Provincial.<\/p>\n\n\n\n<p>En este sentido, el emprendimiento&nbsp;<strong>El Nocedal<\/strong>&nbsp;obtuvo el primer premio del cert\u00e1men por su propuesta basada en la transformaci\u00f3n de nuez pec\u00e1n en productos de alto valor agregado, articulando con productores locales y promoviendo una producci\u00f3n sustentable.<\/p>\n\n\n\n<p>Por su parte, .<strong>Com<\/strong>&nbsp;se qued\u00f3 con el cuarto puesto, gracias a su innovador modelo de producci\u00f3n de hongos comestibles mediante reciclaje agropecuario, aplicando principios de bioeconom\u00eda circular.<\/p>\n\n\n\n<p>Durante el acto, donde se reconocieron a ocho iniciativas de entre m\u00e1s de 180 presentadas procedentes de 60 localidades, Villa Mar\u00eda fue la \u00fanica ciudad con dos proyectos premiados.<\/p>\n\n\n\n<p>&nbsp;De este modo, la ciudad se consolida como referente provincial por la fuerza de su ecosistema emprendedor.<\/p>\n\n\n\n<p>En representaci\u00f3n del municipio, estuvo presente el secretario de Econom\u00eda, Transformaci\u00f3n Digital y Desarrollo Productivo, Guillermo Pieckenstainer, quien expres\u00f3:&nbsp;<em>\u201cC\u00f3rdoba tiene mucho potencial y Villa Mar\u00eda es una pieza clave en la innovaci\u00f3n y el emprendedurismo. Es una gran noticia que emprendimientos de nuestra ciudad fueron seleccionados entre los mejores. Son dos ideas muy innovadoras que reflejan el gran valor de nuestro ecosistema emprendedor, que se destaca entre todas las ciudades\u201d.<\/em><\/p>\n\n\n\n<p>El Concurso Ideas Emprendedoras forma parte de una estrategia provincial que consolida el entramado productivo a partir del apoyo a quienes imaginan, emprenden y transforman el presente.<\/p>\n","protected":false},"excerpt":{"rendered":"<p>\u00a0A trav\u00e9s de la secretar\u00eda de Econom\u00eda, Transformaci\u00f3n Digital y Desarrollo Productivo, que dos proyectos locales fueron premiados en el Concurso Ideas Emprendedoras 2025, organizado por el Ministerio de Producci\u00f3n de la Provincia de C\u00f3rdoba y celebrado el pasado jueves 26 de junio en el Auditorio de la Democracia de la Legislatura Provincial. En este [&hellip;]<\/p>\n","protected":false},"author":4,"featured_media":107848,"comment_status":"open","ping_status":"open","sticky":false,"template":"","format":"standard","meta":{"site-sidebar-layout":"default","site-content-layout":"","ast-site-content-layout":"default","site-content-style":"default","site-sidebar-style":"default","ast-global-header-display":"","ast-banner-title-visibility":"","ast-main-header-display":"","ast-hfb-above-header-display":"","ast-hfb-below-header-display":"","ast-hfb-mobile-header-display":"","site-post-title":"","ast-breadcrumbs-content":"","ast-featured-img":"","footer-sml-layout":"","ast-disable-related-posts":"","theme-transparent-header-meta":"","adv-header-id-meta":"","stick-header-meta":"","header-above-stick-meta":"","header-main-stick-meta":"","header-below-stick-meta":"","astra-migrate-meta-layouts":"set","ast-page-background-enabled":"default","ast-page-background-meta":{"desktop":{"background-color":"","background-image":"","background-repeat":"repeat","background-position":"center center","background-size":"auto","background-attachment":"scroll","background-type":"","background-media":"","overlay-type":"","overlay-color":"","overlay-opacity":"","overlay-gradient":""},"tablet":{"background-color":"","background-image":"","background-repeat":"repeat","background-position":"center center","background-size":"auto","background-attachment":"scroll","background-type":"","background-media":"","overlay-type":"","overlay-color":"","overlay-opacity":"","overlay-gradient":""},"mobile":{"background-color":"","background-image":"","background-repeat":"repeat","background-position":"center center","background-size":"auto","background-attachment":"scroll","background-type":"","background-media":"","overlay-type":"","overlay-color":"","overlay-opacity":"","overlay-gradient":""}},"ast-content-background-meta":{"desktop":{"background-color":"var(--ast-global-color-5)","background-image":"","background-repeat":"repeat","background-position":"center center","background-size":"auto","background-attachment":"scroll","background-type":"","background-media":"","overlay-type":"","overlay-color":"","overlay-opacity":"","overlay-gradient":""},"tablet":{"background-color":"var(--ast-global-color-5)","background-image":"","background-repeat":"repeat","background-position":"center center","background-size":"auto","background-attachment":"scroll","background-type":"","background-media":"","overlay-type":"","overlay-color":"","overlay-opacity":"","overlay-gradient":""},"mobile":{"background-color":"var(--ast-global-color-5)","background-image":"","background-repeat":"repeat","background-position":"center center","background-size":"auto","background-attachment":"scroll","background-type":"","background-media":"","overlay-type":"","overlay-color":"","overlay-opacity":"","overlay-gradient":""}},"_jetpack_memberships_contains_paid_content":false,"_joinchat":[],"footnotes":""},"categories":[15302,5,2],"tags":[],"class_list":["post-107847","post","type-post","status-publish","format-standard","has-post-thumbnail","hentry","category-destacado","category-sociedad","category-villa-maria"],"yoast_head":"<!-- This site is optimized with the Yoast SEO plugin v26.8 - https:\/\/yoast.com\/product\/yoast-seo-wordpress\/ -->\n<title>Dos proyectos productivos locales fueron seleccionados entre los mejores en el Concurso Ideas Emprendedoras 2025 - El Regional<\/title>\n<meta name=\"robots\" content=\"index, follow, max-snippet:-1, max-image-preview:large, max-video-preview:-1\" \/>\n<link rel=\"canonical\" href=\"https:\/\/elregionalvm.com.ar\/noticias-villa-maria\/dos-proyectos-productivos-locales-fueron-seleccionados-entre-los-mejores-en-el-concurso-ideas-emprendedoras-2025\/\" \/>\n<meta property=\"og:locale\" content=\"es_ES\" \/>\n<meta property=\"og:type\" content=\"article\" \/>\n<meta property=\"og:title\" content=\"Dos proyectos productivos locales fueron seleccionados entre los mejores en el Concurso Ideas Emprendedoras 2025 - El Regional\" \/>\n<meta property=\"og:description\" content=\"\u00a0A trav\u00e9s de la secretar\u00eda de Econom\u00eda, Transformaci\u00f3n Digital y Desarrollo Productivo, que dos proyectos locales fueron premiados en el Concurso Ideas Emprendedoras 2025, organizado por el Ministerio de Producci\u00f3n de la Provincia de C\u00f3rdoba y celebrado el pasado jueves 26 de junio en el Auditorio de la Democracia de la Legislatura Provincial. En este [&hellip;]\" \/>\n<meta property=\"og:url\" content=\"https:\/\/elregionalvm.com.ar\/noticias-villa-maria\/dos-proyectos-productivos-locales-fueron-seleccionados-entre-los-mejores-en-el-concurso-ideas-emprendedoras-2025\/\" \/>\n<meta property=\"og:site_name\" content=\"El Regional\" \/>\n<meta property=\"article:publisher\" content=\"https:\/\/www.facebook.com\/elregionalvm\" \/>\n<meta property=\"article:published_time\" content=\"2025-07-04T22:06:41+00:00\" \/>\n<meta property=\"article:modified_time\" content=\"2025-07-04T22:06:45+00:00\" \/>\n<meta property=\"og:image\" content=\"https:\/\/elregionalvm.com.ar\/noticias-villa-maria\/wp-content\/uploads\/2025\/07\/cf30c889ec0b43099ec605a0ef6f4e55.jpeg\" \/>\n\t<meta property=\"og:image:width\" content=\"800\" \/>\n\t<meta property=\"og:image:height\" content=\"600\" \/>\n\t<meta property=\"og:image:type\" content=\"image\/jpeg\" \/>\n<meta name=\"author\" content=\"Contenidos El Regional\" \/>\n<meta name=\"twitter:card\" content=\"summary_large_image\" \/>\n<meta name=\"twitter:creator\" content=\"@elregionalvm1\" \/>\n<meta name=\"twitter:site\" content=\"@elregionalvm1\" \/>\n<meta name=\"twitter:label1\" content=\"Escrito por\" \/>\n\t<meta name=\"twitter:data1\" content=\"Contenidos El Regional\" \/>\n\t<meta name=\"twitter:label2\" content=\"Tiempo de lectura\" \/>\n\t<meta name=\"twitter:data2\" content=\"2 minutos\" \/>\n<script type=\"application\/ld+json\" class=\"yoast-schema-graph\">{\"@context\":\"https:\/\/schema.org\",\"@graph\":[{\"@type\":\"Article\",\"@id\":\"https:\/\/elregionalvm.com.ar\/noticias-villa-maria\/dos-proyectos-productivos-locales-fueron-seleccionados-entre-los-mejores-en-el-concurso-ideas-emprendedoras-2025\/#article\",\"isPartOf\":{\"@id\":\"https:\/\/elregionalvm.com.ar\/noticias-villa-maria\/dos-proyectos-productivos-locales-fueron-seleccionados-entre-los-mejores-en-el-concurso-ideas-emprendedoras-2025\/\"},\"author\":{\"name\":\"Contenidos El Regional\",\"@id\":\"http:\/\/elregionalvm.com.ar\/noticias-villa-maria\/#\/schema\/person\/a0fb9c422317faca23d50163151bc354\"},\"headline\":\"Dos proyectos productivos locales fueron seleccionados entre los mejores en el Concurso Ideas Emprendedoras 2025\",\"datePublished\":\"2025-07-04T22:06:41+00:00\",\"dateModified\":\"2025-07-04T22:06:45+00:00\",\"mainEntityOfPage\":{\"@id\":\"https:\/\/elregionalvm.com.ar\/noticias-villa-maria\/dos-proyectos-productivos-locales-fueron-seleccionados-entre-los-mejores-en-el-concurso-ideas-emprendedoras-2025\/\"},\"wordCount\":298,\"commentCount\":0,\"image\":{\"@id\":\"https:\/\/elregionalvm.com.ar\/noticias-villa-maria\/dos-proyectos-productivos-locales-fueron-seleccionados-entre-los-mejores-en-el-concurso-ideas-emprendedoras-2025\/#primaryimage\"},\"thumbnailUrl\":\"https:\/\/i0.wp.com\/elregionalvm.com.ar\/noticias-villa-maria\/wp-content\/uploads\/2025\/07\/cf30c889ec0b43099ec605a0ef6f4e55.jpeg?fit=800%2C600&ssl=1\",\"articleSection\":[\"destacado\",\"Sociedad\",\"Villa Mar\u00eda\"],\"inLanguage\":\"es\",\"potentialAction\":[{\"@type\":\"CommentAction\",\"name\":\"Comment\",\"target\":[\"https:\/\/elregionalvm.com.ar\/noticias-villa-maria\/dos-proyectos-productivos-locales-fueron-seleccionados-entre-los-mejores-en-el-concurso-ideas-emprendedoras-2025\/#respond\"]}]},{\"@type\":\"WebPage\",\"@id\":\"https:\/\/elregionalvm.com.ar\/noticias-villa-maria\/dos-proyectos-productivos-locales-fueron-seleccionados-entre-los-mejores-en-el-concurso-ideas-emprendedoras-2025\/\",\"url\":\"https:\/\/elregionalvm.com.ar\/noticias-villa-maria\/dos-proyectos-productivos-locales-fueron-seleccionados-entre-los-mejores-en-el-concurso-ideas-emprendedoras-2025\/\",\"name\":\"Dos proyectos productivos locales fueron seleccionados entre los mejores en el Concurso Ideas Emprendedoras 2025 - El Regional\",\"isPartOf\":{\"@id\":\"http:\/\/elregionalvm.com.ar\/noticias-villa-maria\/#website\"},\"primaryImageOfPage\":{\"@id\":\"https:\/\/elregionalvm.com.ar\/noticias-villa-maria\/dos-proyectos-productivos-locales-fueron-seleccionados-entre-los-mejores-en-el-concurso-ideas-emprendedoras-2025\/#primaryimage\"},\"image\":{\"@id\":\"https:\/\/elregionalvm.com.ar\/noticias-villa-maria\/dos-proyectos-productivos-locales-fueron-seleccionados-entre-los-mejores-en-el-concurso-ideas-emprendedoras-2025\/#primaryimage\"},\"thumbnailUrl\":\"https:\/\/i0.wp.com\/elregionalvm.com.ar\/noticias-villa-maria\/wp-content\/uploads\/2025\/07\/cf30c889ec0b43099ec605a0ef6f4e55.jpeg?fit=800%2C600&ssl=1\",\"datePublished\":\"2025-07-04T22:06:41+00:00\",\"dateModified\":\"2025-07-04T22:06:45+00:00\",\"author\":{\"@id\":\"http:\/\/elregionalvm.com.ar\/noticias-villa-maria\/#\/schema\/person\/a0fb9c422317faca23d50163151bc354\"},\"breadcrumb\":{\"@id\":\"https:\/\/elregionalvm.com.ar\/noticias-villa-maria\/dos-proyectos-productivos-locales-fueron-seleccionados-entre-los-mejores-en-el-concurso-ideas-emprendedoras-2025\/#breadcrumb\"},\"inLanguage\":\"es\",\"potentialAction\":[{\"@type\":\"ReadAction\",\"target\":[\"https:\/\/elregionalvm.com.ar\/noticias-villa-maria\/dos-proyectos-productivos-locales-fueron-seleccionados-entre-los-mejores-en-el-concurso-ideas-emprendedoras-2025\/\"]}]},{\"@type\":\"ImageObject\",\"inLanguage\":\"es\",\"@id\":\"https:\/\/elregionalvm.com.ar\/noticias-villa-maria\/dos-proyectos-productivos-locales-fueron-seleccionados-entre-los-mejores-en-el-concurso-ideas-emprendedoras-2025\/#primaryimage\",\"url\":\"https:\/\/i0.wp.com\/elregionalvm.com.ar\/noticias-villa-maria\/wp-content\/uploads\/2025\/07\/cf30c889ec0b43099ec605a0ef6f4e55.jpeg?fit=800%2C600&ssl=1\",\"contentUrl\":\"https:\/\/i0.wp.com\/elregionalvm.com.ar\/noticias-villa-maria\/wp-content\/uploads\/2025\/07\/cf30c889ec0b43099ec605a0ef6f4e55.jpeg?fit=800%2C600&ssl=1\",\"width\":800,\"height\":600},{\"@type\":\"BreadcrumbList\",\"@id\":\"https:\/\/elregionalvm.com.ar\/noticias-villa-maria\/dos-proyectos-productivos-locales-fueron-seleccionados-entre-los-mejores-en-el-concurso-ideas-emprendedoras-2025\/#breadcrumb\",\"itemListElement\":[{\"@type\":\"ListItem\",\"position\":1,\"name\":\"Portada\",\"item\":\"https:\/\/elregionalvm.com.ar\/noticias-villa-maria\/\"},{\"@type\":\"ListItem\",\"position\":2,\"name\":\"Dos proyectos productivos locales fueron seleccionados entre los mejores en el Concurso Ideas Emprendedoras 2025\"}]},{\"@type\":\"WebSite\",\"@id\":\"http:\/\/elregionalvm.com.ar\/noticias-villa-maria\/#website\",\"url\":\"http:\/\/elregionalvm.com.ar\/noticias-villa-maria\/\",\"name\":\"El Regional\",\"description\":\"Mucho m\u00e1s que informaci\u00f3n\",\"potentialAction\":[{\"@type\":\"SearchAction\",\"target\":{\"@type\":\"EntryPoint\",\"urlTemplate\":\"http:\/\/elregionalvm.com.ar\/noticias-villa-maria\/?s={search_term_string}\"},\"query-input\":{\"@type\":\"PropertyValueSpecification\",\"valueRequired\":true,\"valueName\":\"search_term_string\"}}],\"inLanguage\":\"es\"},{\"@type\":\"Person\",\"@id\":\"http:\/\/elregionalvm.com.ar\/noticias-villa-maria\/#\/schema\/person\/a0fb9c422317faca23d50163151bc354\",\"name\":\"Contenidos El Regional\",\"image\":{\"@type\":\"ImageObject\",\"inLanguage\":\"es\",\"@id\":\"http:\/\/elregionalvm.com.ar\/noticias-villa-maria\/#\/schema\/person\/image\/\",\"url\":\"https:\/\/secure.gravatar.com\/avatar\/265b27cb2209af7bb3a1318f03305787d7981a5cc6e6cd08fe5a4ecdf99d4b48?s=96&d=mm&r=g\",\"contentUrl\":\"https:\/\/secure.gravatar.com\/avatar\/265b27cb2209af7bb3a1318f03305787d7981a5cc6e6cd08fe5a4ecdf99d4b48?s=96&d=mm&r=g\",\"caption\":\"Contenidos El Regional\"},\"url\":\"https:\/\/elregionalvm.com.ar\/noticias-villa-maria\/author\/contenido\/\"}]}<\/script>\n<!-- \/ Yoast SEO plugin. -->","yoast_head_json":{"title":"Dos proyectos productivos locales fueron seleccionados entre los mejores en el Concurso Ideas Emprendedoras 2025 - El Regional","robots":{"index":"index","follow":"follow","max-snippet":"max-snippet:-1","max-image-preview":"max-image-preview:large","max-video-preview":"max-video-preview:-1"},"canonical":"https:\/\/elregionalvm.com.ar\/noticias-villa-maria\/dos-proyectos-productivos-locales-fueron-seleccionados-entre-los-mejores-en-el-concurso-ideas-emprendedoras-2025\/","og_locale":"es_ES","og_type":"article","og_title":"Dos proyectos productivos locales fueron seleccionados entre los mejores en el Concurso Ideas Emprendedoras 2025 - El Regional","og_description":"\u00a0A trav\u00e9s de la secretar\u00eda de Econom\u00eda, Transformaci\u00f3n Digital y Desarrollo Productivo, que dos proyectos locales fueron premiados en el Concurso Ideas Emprendedoras 2025, organizado por el Ministerio de Producci\u00f3n de la Provincia de C\u00f3rdoba y celebrado el pasado jueves 26 de junio en el Auditorio de la Democracia de la Legislatura Provincial. En este [&hellip;]","og_url":"https:\/\/elregionalvm.com.ar\/noticias-villa-maria\/dos-proyectos-productivos-locales-fueron-seleccionados-entre-los-mejores-en-el-concurso-ideas-emprendedoras-2025\/","og_site_name":"El Regional","article_publisher":"https:\/\/www.facebook.com\/elregionalvm","article_published_time":"2025-07-04T22:06:41+00:00","article_modified_time":"2025-07-04T22:06:45+00:00","og_image":[{"width":800,"height":600,"url":"https:\/\/elregionalvm.com.ar\/noticias-villa-maria\/wp-content\/uploads\/2025\/07\/cf30c889ec0b43099ec605a0ef6f4e55.jpeg","type":"image\/jpeg"}],"author":"Contenidos El Regional","twitter_card":"summary_large_image","twitter_creator":"@elregionalvm1","twitter_site":"@elregionalvm1","twitter_misc":{"Escrito por":"Contenidos El Regional","Tiempo de lectura":"2 minutos"},"schema":{"@context":"https:\/\/schema.org","@graph":[{"@type":"Article","@id":"https:\/\/elregionalvm.com.ar\/noticias-villa-maria\/dos-proyectos-productivos-locales-fueron-seleccionados-entre-los-mejores-en-el-concurso-ideas-emprendedoras-2025\/#article","isPartOf":{"@id":"https:\/\/elregionalvm.com.ar\/noticias-villa-maria\/dos-proyectos-productivos-locales-fueron-seleccionados-entre-los-mejores-en-el-concurso-ideas-emprendedoras-2025\/"},"author":{"name":"Contenidos El Regional","@id":"http:\/\/elregionalvm.com.ar\/noticias-villa-maria\/#\/schema\/person\/a0fb9c422317faca23d50163151bc354"},"headline":"Dos proyectos productivos locales fueron seleccionados entre los mejores en el Concurso Ideas Emprendedoras 2025","datePublished":"2025-07-04T22:06:41+00:00","dateModified":"2025-07-04T22:06:45+00:00","mainEntityOfPage":{"@id":"https:\/\/elregionalvm.com.ar\/noticias-villa-maria\/dos-proyectos-productivos-locales-fueron-seleccionados-entre-los-mejores-en-el-concurso-ideas-emprendedoras-2025\/"},"wordCount":298,"commentCount":0,"image":{"@id":"https:\/\/elregionalvm.com.ar\/noticias-villa-maria\/dos-proyectos-productivos-locales-fueron-seleccionados-entre-los-mejores-en-el-concurso-ideas-emprendedoras-2025\/#primaryimage"},"thumbnailUrl":"https:\/\/i0.wp.com\/elregionalvm.com.ar\/noticias-villa-maria\/wp-content\/uploads\/2025\/07\/cf30c889ec0b43099ec605a0ef6f4e55.jpeg?fit=800%2C600&ssl=1","articleSection":["destacado","Sociedad","Villa Mar\u00eda"],"inLanguage":"es","potentialAction":[{"@type":"CommentAction","name":"Comment","target":["https:\/\/elregionalvm.com.ar\/noticias-villa-maria\/dos-proyectos-productivos-locales-fueron-seleccionados-entre-los-mejores-en-el-concurso-ideas-emprendedoras-2025\/#respond"]}]},{"@type":"WebPage","@id":"https:\/\/elregionalvm.com.ar\/noticias-villa-maria\/dos-proyectos-productivos-locales-fueron-seleccionados-entre-los-mejores-en-el-concurso-ideas-emprendedoras-2025\/","url":"https:\/\/elregionalvm.com.ar\/noticias-villa-maria\/dos-proyectos-productivos-locales-fueron-seleccionados-entre-los-mejores-en-el-concurso-ideas-emprendedoras-2025\/","name":"Dos proyectos productivos locales fueron seleccionados entre los mejores en el Concurso Ideas Emprendedoras 2025 - El Regional","isPartOf":{"@id":"http:\/\/elregionalvm.com.ar\/noticias-villa-maria\/#website"},"primaryImageOfPage":{"@id":"https:\/\/elregionalvm.com.ar\/noticias-villa-maria\/dos-proyectos-productivos-locales-fueron-seleccionados-entre-los-mejores-en-el-concurso-ideas-emprendedoras-2025\/#primaryimage"},"image":{"@id":"https:\/\/elregionalvm.com.ar\/noticias-villa-maria\/dos-proyectos-productivos-locales-fueron-seleccionados-entre-los-mejores-en-el-concurso-ideas-emprendedoras-2025\/#primaryimage"},"thumbnailUrl":"https:\/\/i0.wp.com\/elregionalvm.com.ar\/noticias-villa-maria\/wp-content\/uploads\/2025\/07\/cf30c889ec0b43099ec605a0ef6f4e55.jpeg?fit=800%2C600&ssl=1","datePublished":"2025-07-04T22:06:41+00:00","dateModified":"2025-07-04T22:06:45+00:00","author":{"@id":"http:\/\/elregionalvm.com.ar\/noticias-villa-maria\/#\/schema\/person\/a0fb9c422317faca23d50163151bc354"},"breadcrumb":{"@id":"https:\/\/elregionalvm.com.ar\/noticias-villa-maria\/dos-proyectos-productivos-locales-fueron-seleccionados-entre-los-mejores-en-el-concurso-ideas-emprendedoras-2025\/#breadcrumb"},"inLanguage":"es","potentialAction":[{"@type":"ReadAction","target":["https:\/\/elregionalvm.com.ar\/noticias-villa-maria\/dos-proyectos-productivos-locales-fueron-seleccionados-entre-los-mejores-en-el-concurso-ideas-emprendedoras-2025\/"]}]},{"@type":"ImageObject","inLanguage":"es","@id":"https:\/\/elregionalvm.com.ar\/noticias-villa-maria\/dos-proyectos-productivos-locales-fueron-seleccionados-entre-los-mejores-en-el-concurso-ideas-emprendedoras-2025\/#primaryimage","url":"https:\/\/i0.wp.com\/elregionalvm.com.ar\/noticias-villa-maria\/wp-content\/uploads\/2025\/07\/cf30c889ec0b43099ec605a0ef6f4e55.jpeg?fit=800%2C600&ssl=1","contentUrl":"https:\/\/i0.wp.com\/elregionalvm.com.ar\/noticias-villa-maria\/wp-content\/uploads\/2025\/07\/cf30c889ec0b43099ec605a0ef6f4e55.jpeg?fit=800%2C600&ssl=1","width":800,"height":600},{"@type":"BreadcrumbList","@id":"https:\/\/elregionalvm.com.ar\/noticias-villa-maria\/dos-proyectos-productivos-locales-fueron-seleccionados-entre-los-mejores-en-el-concurso-ideas-emprendedoras-2025\/#breadcrumb","itemListElement":[{"@type":"ListItem","position":1,"name":"Portada","item":"https:\/\/elregionalvm.com.ar\/noticias-villa-maria\/"},{"@type":"ListItem","position":2,"name":"Dos proyectos productivos locales fueron seleccionados entre los mejores en el Concurso Ideas Emprendedoras 2025"}]},{"@type":"WebSite","@id":"http:\/\/elregionalvm.com.ar\/noticias-villa-maria\/#website","url":"http:\/\/elregionalvm.com.ar\/noticias-villa-maria\/","name":"El Regional","description":"Mucho m\u00e1s que informaci\u00f3n","potentialAction":[{"@type":"SearchAction","target":{"@type":"EntryPoint","urlTemplate":"http:\/\/elregionalvm.com.ar\/noticias-villa-maria\/?s={search_term_string}"},"query-input":{"@type":"PropertyValueSpecification","valueRequired":true,"valueName":"search_term_string"}}],"inLanguage":"es"},{"@type":"Person","@id":"http:\/\/elregionalvm.com.ar\/noticias-villa-maria\/#\/schema\/person\/a0fb9c422317faca23d50163151bc354","name":"Contenidos El Regional","image":{"@type":"ImageObject","inLanguage":"es","@id":"http:\/\/elregionalvm.com.ar\/noticias-villa-maria\/#\/schema\/person\/image\/","url":"https:\/\/secure.gravatar.com\/avatar\/265b27cb2209af7bb3a1318f03305787d7981a5cc6e6cd08fe5a4ecdf99d4b48?s=96&d=mm&r=g","contentUrl":"https:\/\/secure.gravatar.com\/avatar\/265b27cb2209af7bb3a1318f03305787d7981a5cc6e6cd08fe5a4ecdf99d4b48?s=96&d=mm&r=g","caption":"Contenidos El Regional"},"url":"https:\/\/elregionalvm.com.ar\/noticias-villa-maria\/author\/contenido\/"}]}},"jetpack_featured_media_url":"https:\/\/i0.wp.com\/elregionalvm.com.ar\/noticias-villa-maria\/wp-content\/uploads\/2025\/07\/cf30c889ec0b43099ec605a0ef6f4e55.jpeg?fit=800%2C600&ssl=1","jetpack_sharing_enabled":true,"_links":{"self":[{"href":"https:\/\/elregionalvm.com.ar\/noticias-villa-maria\/wp-json\/wp\/v2\/posts\/107847","targetHints":{"allow":["GET"]}}],"collection":[{"href":"https:\/\/elregionalvm.com.ar\/noticias-villa-maria\/wp-json\/wp\/v2\/posts"}],"about":[{"href":"https:\/\/elregionalvm.com.ar\/noticias-villa-maria\/wp-json\/wp\/v2\/types\/post"}],"author":[{"embeddable":true,"href":"https:\/\/elregionalvm.com.ar\/noticias-villa-maria\/wp-json\/wp\/v2\/users\/4"}],"replies":[{"embeddable":true,"href":"https:\/\/elregionalvm.com.ar\/noticias-villa-maria\/wp-json\/wp\/v2\/comments?post=107847"}],"version-history":[{"count":1,"href":"https:\/\/elregionalvm.com.ar\/noticias-villa-maria\/wp-json\/wp\/v2\/posts\/107847\/revisions"}],"predecessor-version":[{"id":107849,"href":"https:\/\/elregionalvm.com.ar\/noticias-villa-maria\/wp-json\/wp\/v2\/posts\/107847\/revisions\/107849"}],"wp:featuredmedia":[{"embeddable":true,"href":"https:\/\/elregionalvm.com.ar\/noticias-villa-maria\/wp-json\/wp\/v2\/media\/107848"}],"wp:attachment":[{"href":"https:\/\/elregionalvm.com.ar\/noticias-villa-maria\/wp-json\/wp\/v2\/media?parent=107847"}],"wp:term":[{"taxonomy":"category","embeddable":true,"href":"https:\/\/elregionalvm.com.ar\/noticias-villa-maria\/wp-json\/wp\/v2\/categories?post=107847"},{"taxonomy":"post_tag","embeddable":true,"href":"https:\/\/elregionalvm.com.ar\/noticias-villa-maria\/wp-json\/wp\/v2\/tags?post=107847"}],"curies":[{"name":"wp","href":"https:\/\/api.w.org\/{rel}","templated":true}]}}