{"id":108005,"date":"2025-07-11T00:49:44","date_gmt":"2025-07-11T00:49:44","guid":{"rendered":"https:\/\/elregionalvm.com.ar\/noticias-villa-maria\/?p=108005"},"modified":"2025-07-11T00:49:46","modified_gmt":"2025-07-11T00:49:46","slug":"se-realizo-el-acto-protocolar-por-el-209o-aniversario-de-la-declaracion-de-la-independencia","status":"publish","type":"post","link":"https:\/\/elregionalvm.com.ar\/noticias-villa-maria\/se-realizo-el-acto-protocolar-por-el-209o-aniversario-de-la-declaracion-de-la-independencia\/","title":{"rendered":"Se realiz\u00f3 el acto protocolar por el 209\u00ba aniversario de la Declaraci\u00f3n de la Independencia"},"content":{"rendered":"\n<p>El intendente Eduardo Accastello encabez\u00f3 el acto protocolar por el 209\u00ba aniversario de la Declaraci\u00f3n de la Independencia en Plaza San Mart\u00edn. Junto a autoridades municipales, provinciales, educativas, representantes de fuerzas vivas, abanderados, ex combatientes y vecinos de la ciudad, entonaron las estrofas del Himno Nacional Argentino a cargo de la Banda Municipal, mientras se realiz\u00f3 el izamiento de nuestro s\u00edmbolo nacional.<\/p>\n\n\n\n<p>A continuaci\u00f3n, el intendente Accastello, dijo:&nbsp;<em><strong>\u201cEn Villa Mar\u00eda trabajamos para humanizar el progreso y para construir comunidad, por eso quiero destacar a quienes hacen patria todos los d\u00edas, a docentes, m\u00e9dicos, productores, comerciantes y a todos los que construyen la paz social en una ciudad que abraza a los que tienen fr\u00edo\u201d.<\/strong><\/em><\/p>\n\n\n\n<p><em><strong>\u201cNo solo se construye patria desde la capital federal. Hace mas de 200 a\u00f1os las provincias declararon la independencia en Tucum\u00e1n porque ya en ese entonces se vislumbraba un pa\u00eds centralizado. Queremos una argentina federal que incluya a todos, a los que viven en pueblos y ciudades de cada provincias\u00bb.&nbsp;<\/strong><\/em><\/p>\n\n\n\n<p><em><strong>\u201cUn 9 de julio declaramos la independencia nacional, hoy celebro que todos los gobernadores de la Argentina se unan para reclamar estas distorsiones que existen y que hacen que ya no manden recursos a las provincias, pueblos y ciudades del interior. Ojal\u00e1 que esa unidad, desde la diferencia del pensamiento, haga que podamos alcanzar de nuevo una independencia nacional donde todos los argentinos, mas all\u00e1 del lugar donde vivamos, seamos iguales\u201d.&nbsp;<\/strong><\/em><\/p>\n\n\n\n<p><em><strong>\u201cEn el d\u00eda de la independencia recuperemos nuestra identidad, abracemos nuestros valores, sepamos que nuestra ciudad tiene alma de producci\u00f3n, trabajo, educaci\u00f3n, cultura y que siempre sembramos la paz. Hacer patria es acompa\u00f1ar a la educaci\u00f3n para que nuestros hijos no se vayan afuera.\u201d<\/strong><\/em><\/p>\n\n\n\n<p>Posteriormente miembros del Departamento Ejecutivo Municipal realizaron la ofrenda de una Corona de Laureles que recuerda al General Don Jos\u00e9 de San Mart\u00edn, por llevar adelante la libertad de los pueblos americanos.<\/p>\n\n\n\n<p>Al finalizar la ceremonia, los presentes disfrutaron del tradicional Peric\u00f3n a cargo del Ballet de Adultos Mayores de la Municipalidad de Villa Mar\u00eda.<\/p>\n\n\n\n<p>Una vez culminado el acto protocolar se realiz\u00f3 el tradicional Te Deum en la Iglesia Catedral \u201cInmaculada Concepci\u00f3n\u201d, donde el Obispo Samuel Jofr\u00e9 Giraudo dijo en el marco de su homil\u00eda :&nbsp;<em>\u201cEn el 9 de julio, la fiesta c\u00edvica m\u00e1s importante de nuestra patria, tiene particular importancia agradecer. Ante todo porque son muchos los beneficios que Dios ha concedido a nuestra naci\u00f3n, en su territorio, en su historia, en su gente. Pero tambi\u00e9n es necesario hoy el agradecer porque hace tiempo se ha instalado entre nosotros una actitud quejosa para con nuestro pa\u00eds. Tantas veces comprendemos ese estado de \u00e1nimo como producto de una prolongada decadencia nacional. Sin embargo, corremos el serio riesgo de entrar en un c\u00edrculo vicioso entre la decadencia y la queja, siendo \u00e9sta a veces causa de un des\u00e1nimo que provoca m\u00e1s decadencia. Queremos hoy romper ese c\u00edrculo vicioso con una actitud serena y alegre de acci\u00f3n de gracias, viendo tantas cosas buenas con las que Dios ha enriquecido nuestra patria y que suscitan esperanza.\u201d<\/em><\/p>\n\n\n\n<p>Participaron adem\u00e1s los legisladores provinciales Ver\u00f3nica Navarro Alegre y Alfredo Nigro; el presidente del Concejo Deliberante, Juan Pablo Inglese; el Auditor General, Rafael Sachetto; Intendente y Vice de las Infancias, M\u00e1ximo Delafeu y M\u00eda Avenda\u00f1o respectivamente; concejales de las distintas bancadas y autoridades del Poder Judicial, entre otros.<\/p>\n","protected":false},"excerpt":{"rendered":"<p>El intendente Eduardo Accastello encabez\u00f3 el acto protocolar por el 209\u00ba aniversario de la Declaraci\u00f3n de la Independencia en Plaza San Mart\u00edn. Junto a autoridades municipales, provinciales, educativas, representantes de fuerzas vivas, abanderados, ex combatientes y vecinos de la ciudad, entonaron las estrofas del Himno Nacional Argentino a cargo de la Banda Municipal, mientras se [&hellip;]<\/p>\n","protected":false},"author":4,"featured_media":108006,"comment_status":"open","ping_status":"open","sticky":false,"template":"","format":"standard","meta":{"site-sidebar-layout":"default","site-content-layout":"","ast-site-content-layout":"default","site-content-style":"default","site-sidebar-style":"default","ast-global-header-display":"","ast-banner-title-visibility":"","ast-main-header-display":"","ast-hfb-above-header-display":"","ast-hfb-below-header-display":"","ast-hfb-mobile-header-display":"","site-post-title":"","ast-breadcrumbs-content":"","ast-featured-img":"","footer-sml-layout":"","ast-disable-related-posts":"","theme-transparent-header-meta":"","adv-header-id-meta":"","stick-header-meta":"","header-above-stick-meta":"","header-main-stick-meta":"","header-below-stick-meta":"","astra-migrate-meta-layouts":"set","ast-page-background-enabled":"default","ast-page-background-meta":{"desktop":{"background-color":"","background-image":"","background-repeat":"repeat","background-position":"center center","background-size":"auto","background-attachment":"scroll","background-type":"","background-media":"","overlay-type":"","overlay-color":"","overlay-opacity":"","overlay-gradient":""},"tablet":{"background-color":"","background-image":"","background-repeat":"repeat","background-position":"center center","background-size":"auto","background-attachment":"scroll","background-type":"","background-media":"","overlay-type":"","overlay-color":"","overlay-opacity":"","overlay-gradient":""},"mobile":{"background-color":"","background-image":"","background-repeat":"repeat","background-position":"center center","background-size":"auto","background-attachment":"scroll","background-type":"","background-media":"","overlay-type":"","overlay-color":"","overlay-opacity":"","overlay-gradient":""}},"ast-content-background-meta":{"desktop":{"background-color":"var(--ast-global-color-5)","background-image":"","background-repeat":"repeat","background-position":"center center","background-size":"auto","background-attachment":"scroll","background-type":"","background-media":"","overlay-type":"","overlay-color":"","overlay-opacity":"","overlay-gradient":""},"tablet":{"background-color":"var(--ast-global-color-5)","background-image":"","background-repeat":"repeat","background-position":"center center","background-size":"auto","background-attachment":"scroll","background-type":"","background-media":"","overlay-type":"","overlay-color":"","overlay-opacity":"","overlay-gradient":""},"mobile":{"background-color":"var(--ast-global-color-5)","background-image":"","background-repeat":"repeat","background-position":"center center","background-size":"auto","background-attachment":"scroll","background-type":"","background-media":"","overlay-type":"","overlay-color":"","overlay-opacity":"","overlay-gradient":""}},"_jetpack_memberships_contains_paid_content":false,"_joinchat":[],"footnotes":""},"categories":[15302,5,2],"tags":[],"class_list":["post-108005","post","type-post","status-publish","format-standard","has-post-thumbnail","hentry","category-destacado","category-sociedad","category-villa-maria"],"yoast_head":"<!-- This site is optimized with the Yoast SEO plugin v26.8 - https:\/\/yoast.com\/product\/yoast-seo-wordpress\/ -->\n<title>Se realiz\u00f3 el acto protocolar por el 209\u00ba aniversario de la Declaraci\u00f3n de la Independencia - El Regional<\/title>\n<meta name=\"robots\" content=\"index, follow, max-snippet:-1, max-image-preview:large, max-video-preview:-1\" \/>\n<link rel=\"canonical\" href=\"https:\/\/elregionalvm.com.ar\/noticias-villa-maria\/se-realizo-el-acto-protocolar-por-el-209o-aniversario-de-la-declaracion-de-la-independencia\/\" \/>\n<meta property=\"og:locale\" content=\"es_ES\" \/>\n<meta property=\"og:type\" content=\"article\" \/>\n<meta property=\"og:title\" content=\"Se realiz\u00f3 el acto protocolar por el 209\u00ba aniversario de la Declaraci\u00f3n de la Independencia - El Regional\" \/>\n<meta property=\"og:description\" content=\"El intendente Eduardo Accastello encabez\u00f3 el acto protocolar por el 209\u00ba aniversario de la Declaraci\u00f3n de la Independencia en Plaza San Mart\u00edn. Junto a autoridades municipales, provinciales, educativas, representantes de fuerzas vivas, abanderados, ex combatientes y vecinos de la ciudad, entonaron las estrofas del Himno Nacional Argentino a cargo de la Banda Municipal, mientras se [&hellip;]\" \/>\n<meta property=\"og:url\" content=\"https:\/\/elregionalvm.com.ar\/noticias-villa-maria\/se-realizo-el-acto-protocolar-por-el-209o-aniversario-de-la-declaracion-de-la-independencia\/\" \/>\n<meta property=\"og:site_name\" content=\"El Regional\" \/>\n<meta property=\"article:publisher\" content=\"https:\/\/www.facebook.com\/elregionalvm\" \/>\n<meta property=\"article:published_time\" content=\"2025-07-11T00:49:44+00:00\" \/>\n<meta property=\"article:modified_time\" content=\"2025-07-11T00:49:46+00:00\" \/>\n<meta property=\"og:image\" content=\"https:\/\/elregionalvm.com.ar\/noticias-villa-maria\/wp-content\/uploads\/2025\/07\/bb6e8cc21f464fdbb034de97839c4434.jpeg\" \/>\n\t<meta property=\"og:image:width\" content=\"800\" \/>\n\t<meta property=\"og:image:height\" content=\"600\" \/>\n\t<meta property=\"og:image:type\" content=\"image\/jpeg\" \/>\n<meta name=\"author\" content=\"Contenidos El Regional\" \/>\n<meta name=\"twitter:card\" content=\"summary_large_image\" \/>\n<meta name=\"twitter:creator\" content=\"@elregionalvm1\" \/>\n<meta name=\"twitter:site\" content=\"@elregionalvm1\" \/>\n<meta name=\"twitter:label1\" content=\"Escrito por\" \/>\n\t<meta name=\"twitter:data1\" content=\"Contenidos El Regional\" \/>\n\t<meta name=\"twitter:label2\" content=\"Tiempo de lectura\" \/>\n\t<meta name=\"twitter:data2\" content=\"3 minutos\" \/>\n<script type=\"application\/ld+json\" class=\"yoast-schema-graph\">{\"@context\":\"https:\/\/schema.org\",\"@graph\":[{\"@type\":\"Article\",\"@id\":\"https:\/\/elregionalvm.com.ar\/noticias-villa-maria\/se-realizo-el-acto-protocolar-por-el-209o-aniversario-de-la-declaracion-de-la-independencia\/#article\",\"isPartOf\":{\"@id\":\"https:\/\/elregionalvm.com.ar\/noticias-villa-maria\/se-realizo-el-acto-protocolar-por-el-209o-aniversario-de-la-declaracion-de-la-independencia\/\"},\"author\":{\"name\":\"Contenidos El Regional\",\"@id\":\"http:\/\/elregionalvm.com.ar\/noticias-villa-maria\/#\/schema\/person\/a0fb9c422317faca23d50163151bc354\"},\"headline\":\"Se realiz\u00f3 el acto protocolar por el 209\u00ba aniversario de la Declaraci\u00f3n de la Independencia\",\"datePublished\":\"2025-07-11T00:49:44+00:00\",\"dateModified\":\"2025-07-11T00:49:46+00:00\",\"mainEntityOfPage\":{\"@id\":\"https:\/\/elregionalvm.com.ar\/noticias-villa-maria\/se-realizo-el-acto-protocolar-por-el-209o-aniversario-de-la-declaracion-de-la-independencia\/\"},\"wordCount\":603,\"commentCount\":0,\"image\":{\"@id\":\"https:\/\/elregionalvm.com.ar\/noticias-villa-maria\/se-realizo-el-acto-protocolar-por-el-209o-aniversario-de-la-declaracion-de-la-independencia\/#primaryimage\"},\"thumbnailUrl\":\"https:\/\/i0.wp.com\/elregionalvm.com.ar\/noticias-villa-maria\/wp-content\/uploads\/2025\/07\/bb6e8cc21f464fdbb034de97839c4434.jpeg?fit=800%2C600&ssl=1\",\"articleSection\":[\"destacado\",\"Sociedad\",\"Villa Mar\u00eda\"],\"inLanguage\":\"es\",\"potentialAction\":[{\"@type\":\"CommentAction\",\"name\":\"Comment\",\"target\":[\"https:\/\/elregionalvm.com.ar\/noticias-villa-maria\/se-realizo-el-acto-protocolar-por-el-209o-aniversario-de-la-declaracion-de-la-independencia\/#respond\"]}]},{\"@type\":\"WebPage\",\"@id\":\"https:\/\/elregionalvm.com.ar\/noticias-villa-maria\/se-realizo-el-acto-protocolar-por-el-209o-aniversario-de-la-declaracion-de-la-independencia\/\",\"url\":\"https:\/\/elregionalvm.com.ar\/noticias-villa-maria\/se-realizo-el-acto-protocolar-por-el-209o-aniversario-de-la-declaracion-de-la-independencia\/\",\"name\":\"Se realiz\u00f3 el acto protocolar por el 209\u00ba aniversario de la Declaraci\u00f3n de la Independencia - El Regional\",\"isPartOf\":{\"@id\":\"http:\/\/elregionalvm.com.ar\/noticias-villa-maria\/#website\"},\"primaryImageOfPage\":{\"@id\":\"https:\/\/elregionalvm.com.ar\/noticias-villa-maria\/se-realizo-el-acto-protocolar-por-el-209o-aniversario-de-la-declaracion-de-la-independencia\/#primaryimage\"},\"image\":{\"@id\":\"https:\/\/elregionalvm.com.ar\/noticias-villa-maria\/se-realizo-el-acto-protocolar-por-el-209o-aniversario-de-la-declaracion-de-la-independencia\/#primaryimage\"},\"thumbnailUrl\":\"https:\/\/i0.wp.com\/elregionalvm.com.ar\/noticias-villa-maria\/wp-content\/uploads\/2025\/07\/bb6e8cc21f464fdbb034de97839c4434.jpeg?fit=800%2C600&ssl=1\",\"datePublished\":\"2025-07-11T00:49:44+00:00\",\"dateModified\":\"2025-07-11T00:49:46+00:00\",\"author\":{\"@id\":\"http:\/\/elregionalvm.com.ar\/noticias-villa-maria\/#\/schema\/person\/a0fb9c422317faca23d50163151bc354\"},\"breadcrumb\":{\"@id\":\"https:\/\/elregionalvm.com.ar\/noticias-villa-maria\/se-realizo-el-acto-protocolar-por-el-209o-aniversario-de-la-declaracion-de-la-independencia\/#breadcrumb\"},\"inLanguage\":\"es\",\"potentialAction\":[{\"@type\":\"ReadAction\",\"target\":[\"https:\/\/elregionalvm.com.ar\/noticias-villa-maria\/se-realizo-el-acto-protocolar-por-el-209o-aniversario-de-la-declaracion-de-la-independencia\/\"]}]},{\"@type\":\"ImageObject\",\"inLanguage\":\"es\",\"@id\":\"https:\/\/elregionalvm.com.ar\/noticias-villa-maria\/se-realizo-el-acto-protocolar-por-el-209o-aniversario-de-la-declaracion-de-la-independencia\/#primaryimage\",\"url\":\"https:\/\/i0.wp.com\/elregionalvm.com.ar\/noticias-villa-maria\/wp-content\/uploads\/2025\/07\/bb6e8cc21f464fdbb034de97839c4434.jpeg?fit=800%2C600&ssl=1\",\"contentUrl\":\"https:\/\/i0.wp.com\/elregionalvm.com.ar\/noticias-villa-maria\/wp-content\/uploads\/2025\/07\/bb6e8cc21f464fdbb034de97839c4434.jpeg?fit=800%2C600&ssl=1\",\"width\":800,\"height\":600},{\"@type\":\"BreadcrumbList\",\"@id\":\"https:\/\/elregionalvm.com.ar\/noticias-villa-maria\/se-realizo-el-acto-protocolar-por-el-209o-aniversario-de-la-declaracion-de-la-independencia\/#breadcrumb\",\"itemListElement\":[{\"@type\":\"ListItem\",\"position\":1,\"name\":\"Portada\",\"item\":\"https:\/\/elregionalvm.com.ar\/noticias-villa-maria\/\"},{\"@type\":\"ListItem\",\"position\":2,\"name\":\"Se realiz\u00f3 el acto protocolar por el 209\u00ba aniversario de la Declaraci\u00f3n de la Independencia\"}]},{\"@type\":\"WebSite\",\"@id\":\"http:\/\/elregionalvm.com.ar\/noticias-villa-maria\/#website\",\"url\":\"http:\/\/elregionalvm.com.ar\/noticias-villa-maria\/\",\"name\":\"El Regional\",\"description\":\"Mucho m\u00e1s que informaci\u00f3n\",\"potentialAction\":[{\"@type\":\"SearchAction\",\"target\":{\"@type\":\"EntryPoint\",\"urlTemplate\":\"http:\/\/elregionalvm.com.ar\/noticias-villa-maria\/?s={search_term_string}\"},\"query-input\":{\"@type\":\"PropertyValueSpecification\",\"valueRequired\":true,\"valueName\":\"search_term_string\"}}],\"inLanguage\":\"es\"},{\"@type\":\"Person\",\"@id\":\"http:\/\/elregionalvm.com.ar\/noticias-villa-maria\/#\/schema\/person\/a0fb9c422317faca23d50163151bc354\",\"name\":\"Contenidos El Regional\",\"image\":{\"@type\":\"ImageObject\",\"inLanguage\":\"es\",\"@id\":\"http:\/\/elregionalvm.com.ar\/noticias-villa-maria\/#\/schema\/person\/image\/\",\"url\":\"https:\/\/secure.gravatar.com\/avatar\/265b27cb2209af7bb3a1318f03305787d7981a5cc6e6cd08fe5a4ecdf99d4b48?s=96&d=mm&r=g\",\"contentUrl\":\"https:\/\/secure.gravatar.com\/avatar\/265b27cb2209af7bb3a1318f03305787d7981a5cc6e6cd08fe5a4ecdf99d4b48?s=96&d=mm&r=g\",\"caption\":\"Contenidos El Regional\"},\"url\":\"https:\/\/elregionalvm.com.ar\/noticias-villa-maria\/author\/contenido\/\"}]}<\/script>\n<!-- \/ Yoast SEO plugin. -->","yoast_head_json":{"title":"Se realiz\u00f3 el acto protocolar por el 209\u00ba aniversario de la Declaraci\u00f3n de la Independencia - El Regional","robots":{"index":"index","follow":"follow","max-snippet":"max-snippet:-1","max-image-preview":"max-image-preview:large","max-video-preview":"max-video-preview:-1"},"canonical":"https:\/\/elregionalvm.com.ar\/noticias-villa-maria\/se-realizo-el-acto-protocolar-por-el-209o-aniversario-de-la-declaracion-de-la-independencia\/","og_locale":"es_ES","og_type":"article","og_title":"Se realiz\u00f3 el acto protocolar por el 209\u00ba aniversario de la Declaraci\u00f3n de la Independencia - El Regional","og_description":"El intendente Eduardo Accastello encabez\u00f3 el acto protocolar por el 209\u00ba aniversario de la Declaraci\u00f3n de la Independencia en Plaza San Mart\u00edn. Junto a autoridades municipales, provinciales, educativas, representantes de fuerzas vivas, abanderados, ex combatientes y vecinos de la ciudad, entonaron las estrofas del Himno Nacional Argentino a cargo de la Banda Municipal, mientras se [&hellip;]","og_url":"https:\/\/elregionalvm.com.ar\/noticias-villa-maria\/se-realizo-el-acto-protocolar-por-el-209o-aniversario-de-la-declaracion-de-la-independencia\/","og_site_name":"El Regional","article_publisher":"https:\/\/www.facebook.com\/elregionalvm","article_published_time":"2025-07-11T00:49:44+00:00","article_modified_time":"2025-07-11T00:49:46+00:00","og_image":[{"width":800,"height":600,"url":"https:\/\/elregionalvm.com.ar\/noticias-villa-maria\/wp-content\/uploads\/2025\/07\/bb6e8cc21f464fdbb034de97839c4434.jpeg","type":"image\/jpeg"}],"author":"Contenidos El Regional","twitter_card":"summary_large_image","twitter_creator":"@elregionalvm1","twitter_site":"@elregionalvm1","twitter_misc":{"Escrito por":"Contenidos El Regional","Tiempo de lectura":"3 minutos"},"schema":{"@context":"https:\/\/schema.org","@graph":[{"@type":"Article","@id":"https:\/\/elregionalvm.com.ar\/noticias-villa-maria\/se-realizo-el-acto-protocolar-por-el-209o-aniversario-de-la-declaracion-de-la-independencia\/#article","isPartOf":{"@id":"https:\/\/elregionalvm.com.ar\/noticias-villa-maria\/se-realizo-el-acto-protocolar-por-el-209o-aniversario-de-la-declaracion-de-la-independencia\/"},"author":{"name":"Contenidos El Regional","@id":"http:\/\/elregionalvm.com.ar\/noticias-villa-maria\/#\/schema\/person\/a0fb9c422317faca23d50163151bc354"},"headline":"Se realiz\u00f3 el acto protocolar por el 209\u00ba aniversario de la Declaraci\u00f3n de la Independencia","datePublished":"2025-07-11T00:49:44+00:00","dateModified":"2025-07-11T00:49:46+00:00","mainEntityOfPage":{"@id":"https:\/\/elregionalvm.com.ar\/noticias-villa-maria\/se-realizo-el-acto-protocolar-por-el-209o-aniversario-de-la-declaracion-de-la-independencia\/"},"wordCount":603,"commentCount":0,"image":{"@id":"https:\/\/elregionalvm.com.ar\/noticias-villa-maria\/se-realizo-el-acto-protocolar-por-el-209o-aniversario-de-la-declaracion-de-la-independencia\/#primaryimage"},"thumbnailUrl":"https:\/\/i0.wp.com\/elregionalvm.com.ar\/noticias-villa-maria\/wp-content\/uploads\/2025\/07\/bb6e8cc21f464fdbb034de97839c4434.jpeg?fit=800%2C600&ssl=1","articleSection":["destacado","Sociedad","Villa Mar\u00eda"],"inLanguage":"es","potentialAction":[{"@type":"CommentAction","name":"Comment","target":["https:\/\/elregionalvm.com.ar\/noticias-villa-maria\/se-realizo-el-acto-protocolar-por-el-209o-aniversario-de-la-declaracion-de-la-independencia\/#respond"]}]},{"@type":"WebPage","@id":"https:\/\/elregionalvm.com.ar\/noticias-villa-maria\/se-realizo-el-acto-protocolar-por-el-209o-aniversario-de-la-declaracion-de-la-independencia\/","url":"https:\/\/elregionalvm.com.ar\/noticias-villa-maria\/se-realizo-el-acto-protocolar-por-el-209o-aniversario-de-la-declaracion-de-la-independencia\/","name":"Se realiz\u00f3 el acto protocolar por el 209\u00ba aniversario de la Declaraci\u00f3n de la Independencia - El Regional","isPartOf":{"@id":"http:\/\/elregionalvm.com.ar\/noticias-villa-maria\/#website"},"primaryImageOfPage":{"@id":"https:\/\/elregionalvm.com.ar\/noticias-villa-maria\/se-realizo-el-acto-protocolar-por-el-209o-aniversario-de-la-declaracion-de-la-independencia\/#primaryimage"},"image":{"@id":"https:\/\/elregionalvm.com.ar\/noticias-villa-maria\/se-realizo-el-acto-protocolar-por-el-209o-aniversario-de-la-declaracion-de-la-independencia\/#primaryimage"},"thumbnailUrl":"https:\/\/i0.wp.com\/elregionalvm.com.ar\/noticias-villa-maria\/wp-content\/uploads\/2025\/07\/bb6e8cc21f464fdbb034de97839c4434.jpeg?fit=800%2C600&ssl=1","datePublished":"2025-07-11T00:49:44+00:00","dateModified":"2025-07-11T00:49:46+00:00","author":{"@id":"http:\/\/elregionalvm.com.ar\/noticias-villa-maria\/#\/schema\/person\/a0fb9c422317faca23d50163151bc354"},"breadcrumb":{"@id":"https:\/\/elregionalvm.com.ar\/noticias-villa-maria\/se-realizo-el-acto-protocolar-por-el-209o-aniversario-de-la-declaracion-de-la-independencia\/#breadcrumb"},"inLanguage":"es","potentialAction":[{"@type":"ReadAction","target":["https:\/\/elregionalvm.com.ar\/noticias-villa-maria\/se-realizo-el-acto-protocolar-por-el-209o-aniversario-de-la-declaracion-de-la-independencia\/"]}]},{"@type":"ImageObject","inLanguage":"es","@id":"https:\/\/elregionalvm.com.ar\/noticias-villa-maria\/se-realizo-el-acto-protocolar-por-el-209o-aniversario-de-la-declaracion-de-la-independencia\/#primaryimage","url":"https:\/\/i0.wp.com\/elregionalvm.com.ar\/noticias-villa-maria\/wp-content\/uploads\/2025\/07\/bb6e8cc21f464fdbb034de97839c4434.jpeg?fit=800%2C600&ssl=1","contentUrl":"https:\/\/i0.wp.com\/elregionalvm.com.ar\/noticias-villa-maria\/wp-content\/uploads\/2025\/07\/bb6e8cc21f464fdbb034de97839c4434.jpeg?fit=800%2C600&ssl=1","width":800,"height":600},{"@type":"BreadcrumbList","@id":"https:\/\/elregionalvm.com.ar\/noticias-villa-maria\/se-realizo-el-acto-protocolar-por-el-209o-aniversario-de-la-declaracion-de-la-independencia\/#breadcrumb","itemListElement":[{"@type":"ListItem","position":1,"name":"Portada","item":"https:\/\/elregionalvm.com.ar\/noticias-villa-maria\/"},{"@type":"ListItem","position":2,"name":"Se realiz\u00f3 el acto protocolar por el 209\u00ba aniversario de la Declaraci\u00f3n de la Independencia"}]},{"@type":"WebSite","@id":"http:\/\/elregionalvm.com.ar\/noticias-villa-maria\/#website","url":"http:\/\/elregionalvm.com.ar\/noticias-villa-maria\/","name":"El Regional","description":"Mucho m\u00e1s que informaci\u00f3n","potentialAction":[{"@type":"SearchAction","target":{"@type":"EntryPoint","urlTemplate":"http:\/\/elregionalvm.com.ar\/noticias-villa-maria\/?s={search_term_string}"},"query-input":{"@type":"PropertyValueSpecification","valueRequired":true,"valueName":"search_term_string"}}],"inLanguage":"es"},{"@type":"Person","@id":"http:\/\/elregionalvm.com.ar\/noticias-villa-maria\/#\/schema\/person\/a0fb9c422317faca23d50163151bc354","name":"Contenidos El Regional","image":{"@type":"ImageObject","inLanguage":"es","@id":"http:\/\/elregionalvm.com.ar\/noticias-villa-maria\/#\/schema\/person\/image\/","url":"https:\/\/secure.gravatar.com\/avatar\/265b27cb2209af7bb3a1318f03305787d7981a5cc6e6cd08fe5a4ecdf99d4b48?s=96&d=mm&r=g","contentUrl":"https:\/\/secure.gravatar.com\/avatar\/265b27cb2209af7bb3a1318f03305787d7981a5cc6e6cd08fe5a4ecdf99d4b48?s=96&d=mm&r=g","caption":"Contenidos El Regional"},"url":"https:\/\/elregionalvm.com.ar\/noticias-villa-maria\/author\/contenido\/"}]}},"jetpack_featured_media_url":"https:\/\/i0.wp.com\/elregionalvm.com.ar\/noticias-villa-maria\/wp-content\/uploads\/2025\/07\/bb6e8cc21f464fdbb034de97839c4434.jpeg?fit=800%2C600&ssl=1","jetpack_sharing_enabled":true,"_links":{"self":[{"href":"https:\/\/elregionalvm.com.ar\/noticias-villa-maria\/wp-json\/wp\/v2\/posts\/108005","targetHints":{"allow":["GET"]}}],"collection":[{"href":"https:\/\/elregionalvm.com.ar\/noticias-villa-maria\/wp-json\/wp\/v2\/posts"}],"about":[{"href":"https:\/\/elregionalvm.com.ar\/noticias-villa-maria\/wp-json\/wp\/v2\/types\/post"}],"author":[{"embeddable":true,"href":"https:\/\/elregionalvm.com.ar\/noticias-villa-maria\/wp-json\/wp\/v2\/users\/4"}],"replies":[{"embeddable":true,"href":"https:\/\/elregionalvm.com.ar\/noticias-villa-maria\/wp-json\/wp\/v2\/comments?post=108005"}],"version-history":[{"count":1,"href":"https:\/\/elregionalvm.com.ar\/noticias-villa-maria\/wp-json\/wp\/v2\/posts\/108005\/revisions"}],"predecessor-version":[{"id":108007,"href":"https:\/\/elregionalvm.com.ar\/noticias-villa-maria\/wp-json\/wp\/v2\/posts\/108005\/revisions\/108007"}],"wp:featuredmedia":[{"embeddable":true,"href":"https:\/\/elregionalvm.com.ar\/noticias-villa-maria\/wp-json\/wp\/v2\/media\/108006"}],"wp:attachment":[{"href":"https:\/\/elregionalvm.com.ar\/noticias-villa-maria\/wp-json\/wp\/v2\/media?parent=108005"}],"wp:term":[{"taxonomy":"category","embeddable":true,"href":"https:\/\/elregionalvm.com.ar\/noticias-villa-maria\/wp-json\/wp\/v2\/categories?post=108005"},{"taxonomy":"post_tag","embeddable":true,"href":"https:\/\/elregionalvm.com.ar\/noticias-villa-maria\/wp-json\/wp\/v2\/tags?post=108005"}],"curies":[{"name":"wp","href":"https:\/\/api.w.org\/{rel}","templated":true}]}}