{"id":108137,"date":"2025-07-16T02:21:34","date_gmt":"2025-07-16T02:21:34","guid":{"rendered":"https:\/\/elregionalvm.com.ar\/noticias-villa-maria\/?p=108137"},"modified":"2025-07-16T02:21:38","modified_gmt":"2025-07-16T02:21:38","slug":"se-presento-el-seminario-el-rol-del-operador-comunitario-en-salud-mental","status":"publish","type":"post","link":"https:\/\/elregionalvm.com.ar\/noticias-villa-maria\/se-presento-el-seminario-el-rol-del-operador-comunitario-en-salud-mental\/","title":{"rendered":"Se present\u00f3 el seminario \u00abEl rol del operador comunitario en salud mental\u00bb"},"content":{"rendered":"\n<p>A trav\u00e9s de la Secretar\u00eda de Salud, que se llevar\u00e1 a cabo una instancia de capacitaci\u00f3n libre y gratuita sobre adicciones y salud mental La propuesta fue anunciada en el Sal\u00f3n Blanco por el secretario y el subsecretario de dicha cartera, Juli\u00e1n L\u00f3pez y Pablo Arriaga respectivamente.<\/p>\n\n\n\n<p>All\u00ed, se brindaron detalles de la iniciativa que comenzar\u00e1 ma\u00f1ana mi\u00e9rcoles y se extender\u00e1 hasta el d\u00eda viernes donde se abordar\u00e1n tem\u00e1ticas relacionadas a salud mental y &nbsp;adicciones.<\/p>\n\n\n\n<p>Al respecto, Juli\u00e1n L\u00f3pez, dijo:&nbsp;<em>\u201cDesde la gesti\u00f3n llevamos adelante 5 dispositivos territoriales de escucha permanente y acompa\u00f1amiento. Venimos trabajando de forma productiva junto a la provincia a distintas asociaciones en este tipo de tem\u00e1ticas, por lo que este seminario nos posibilitar\u00e1 avanzar en la construcci\u00f3n comunitaria tal como nos pide el intendente para ir hacia una Villa Mar\u00eda mas humana.\u201d<\/em><\/p>\n\n\n\n<p>Por su parte, el subsecretario Pablo Arriaga, mencion\u00f3:&nbsp;<em>\u201cEl seminario va a constar de tres d\u00edas de formaci\u00f3n intensiva y surge de la necesidad de continuar capacit\u00e1ndonos permanentemente como comunidad. En esta oportunidad nos va a acompa\u00f1ar el especialista Pablo Rossi, psic\u00f3logo y abogado, que hace muchos a\u00f1os trabaja sobre distintas realidades y estrategias\u00bb.<\/em><\/p>\n\n\n\n<p><em>\u201cLa propuesta nos va a ayudar a seguir pensando nuestras pr\u00e1cticas. Invitamos a que participen a quienes se encuetren interesados, el seminario es abierto y gratuito para todo p\u00fablico. La idea es poner sobre la mesa distintos tipos de problem\u00e1ticas y necesidades para construir una mejor estrategia todos los d\u00edas\u00bb.<\/em><br>&nbsp;<br>En tal sentido, ma\u00f1ana de 16,30 a 19 horas en el Auditorio de la Medioteca, el Abogado Especialista en Salud Mental, Pablo Martin Rossi, presentar\u00e1 su \u00faltimo libro titulado \u201cUn camino con salida\u201d.<\/p>\n\n\n\n<p>La apertura de la jornada estar\u00e1 a cargo de los integrantes de la Mesa Intersectorial de Abordaje Integral de la Salud Mental y los Consumos Problem\u00e1ticos.<\/p>\n\n\n\n<p><strong>Otras propuestas<\/strong><\/p>\n\n\n\n<p>El jueves a las 11 horas Asistencia P\u00fablica tendr\u00e1 lugar la charla abierta \u201cEl rol y la funci\u00f3n del Operador Comunitario en Adicciones y Salud Mental\u00bb, en el marco del festejo 86\u00ba Aniversario de la Asistencia P\u00fablica.<\/p>\n\n\n\n<p>Mientras que a las 16,30 horas se realizar\u00e1n visitas a los dispositivos territoriales de la Mesa Intersectorial de Salud Mental y Consumos Problem\u00e1ticos.<\/p>\n\n\n\n<p>Por \u00faltimo, el viernes a las 9,30 horas en el Auditorio de la Medioteca se presentar\u00e1n las experiencias de los dispositivos territoriales y entrega de certificados a los referentes, culminando a las 16,30 horas con un Plenario de intercambio y cierre con la participaci\u00f3n de la Asociaci\u00f3n Civil \u201cNo Bajaremos los Brazos\u201d.<\/p>\n\n\n\n<p>Participaron adem\u00e1s, la subsecretaria de Desarrollo Humano y Territorio, Eliana Z\u00e1rate; y los referentes territoriales Emanuel Caro, Beatriz P\u00e9rez, Mar\u00eda In\u00e9s Rigaldo, Cristina Re y Sonia C\u00f3rdoba.<\/p>\n","protected":false},"excerpt":{"rendered":"<p>A trav\u00e9s de la Secretar\u00eda de Salud, que se llevar\u00e1 a cabo una instancia de capacitaci\u00f3n libre y gratuita sobre adicciones y salud mental La propuesta fue anunciada en el Sal\u00f3n Blanco por el secretario y el subsecretario de dicha cartera, Juli\u00e1n L\u00f3pez y Pablo Arriaga respectivamente. All\u00ed, se brindaron detalles de la iniciativa que [&hellip;]<\/p>\n","protected":false},"author":4,"featured_media":108140,"comment_status":"open","ping_status":"open","sticky":false,"template":"","format":"standard","meta":{"site-sidebar-layout":"default","site-content-layout":"","ast-site-content-layout":"default","site-content-style":"default","site-sidebar-style":"default","ast-global-header-display":"","ast-banner-title-visibility":"","ast-main-header-display":"","ast-hfb-above-header-display":"","ast-hfb-below-header-display":"","ast-hfb-mobile-header-display":"","site-post-title":"","ast-breadcrumbs-content":"","ast-featured-img":"","footer-sml-layout":"","ast-disable-related-posts":"","theme-transparent-header-meta":"","adv-header-id-meta":"","stick-header-meta":"","header-above-stick-meta":"","header-main-stick-meta":"","header-below-stick-meta":"","astra-migrate-meta-layouts":"set","ast-page-background-enabled":"default","ast-page-background-meta":{"desktop":{"background-color":"","background-image":"","background-repeat":"repeat","background-position":"center center","background-size":"auto","background-attachment":"scroll","background-type":"","background-media":"","overlay-type":"","overlay-color":"","overlay-opacity":"","overlay-gradient":""},"tablet":{"background-color":"","background-image":"","background-repeat":"repeat","background-position":"center center","background-size":"auto","background-attachment":"scroll","background-type":"","background-media":"","overlay-type":"","overlay-color":"","overlay-opacity":"","overlay-gradient":""},"mobile":{"background-color":"","background-image":"","background-repeat":"repeat","background-position":"center center","background-size":"auto","background-attachment":"scroll","background-type":"","background-media":"","overlay-type":"","overlay-color":"","overlay-opacity":"","overlay-gradient":""}},"ast-content-background-meta":{"desktop":{"background-color":"var(--ast-global-color-5)","background-image":"","background-repeat":"repeat","background-position":"center center","background-size":"auto","background-attachment":"scroll","background-type":"","background-media":"","overlay-type":"","overlay-color":"","overlay-opacity":"","overlay-gradient":""},"tablet":{"background-color":"var(--ast-global-color-5)","background-image":"","background-repeat":"repeat","background-position":"center center","background-size":"auto","background-attachment":"scroll","background-type":"","background-media":"","overlay-type":"","overlay-color":"","overlay-opacity":"","overlay-gradient":""},"mobile":{"background-color":"var(--ast-global-color-5)","background-image":"","background-repeat":"repeat","background-position":"center center","background-size":"auto","background-attachment":"scroll","background-type":"","background-media":"","overlay-type":"","overlay-color":"","overlay-opacity":"","overlay-gradient":""}},"_jetpack_memberships_contains_paid_content":false,"_joinchat":[],"footnotes":""},"categories":[15302,1,5,2],"tags":[],"class_list":["post-108137","post","type-post","status-publish","format-standard","has-post-thumbnail","hentry","category-destacado","category-sin-categoria","category-sociedad","category-villa-maria"],"yoast_head":"<!-- This site is optimized with the Yoast SEO plugin v26.8 - https:\/\/yoast.com\/product\/yoast-seo-wordpress\/ -->\n<title>Se present\u00f3 el seminario &quot;El rol del operador comunitario en salud mental&quot; - El Regional<\/title>\n<meta name=\"robots\" content=\"index, follow, max-snippet:-1, max-image-preview:large, max-video-preview:-1\" \/>\n<link rel=\"canonical\" href=\"https:\/\/elregionalvm.com.ar\/noticias-villa-maria\/se-presento-el-seminario-el-rol-del-operador-comunitario-en-salud-mental\/\" \/>\n<meta property=\"og:locale\" content=\"es_ES\" \/>\n<meta property=\"og:type\" content=\"article\" \/>\n<meta property=\"og:title\" content=\"Se present\u00f3 el seminario &quot;El rol del operador comunitario en salud mental&quot; - El Regional\" \/>\n<meta property=\"og:description\" content=\"A trav\u00e9s de la Secretar\u00eda de Salud, que se llevar\u00e1 a cabo una instancia de capacitaci\u00f3n libre y gratuita sobre adicciones y salud mental La propuesta fue anunciada en el Sal\u00f3n Blanco por el secretario y el subsecretario de dicha cartera, Juli\u00e1n L\u00f3pez y Pablo Arriaga respectivamente. All\u00ed, se brindaron detalles de la iniciativa que [&hellip;]\" \/>\n<meta property=\"og:url\" content=\"https:\/\/elregionalvm.com.ar\/noticias-villa-maria\/se-presento-el-seminario-el-rol-del-operador-comunitario-en-salud-mental\/\" \/>\n<meta property=\"og:site_name\" content=\"El Regional\" \/>\n<meta property=\"article:publisher\" content=\"https:\/\/www.facebook.com\/elregionalvm\" \/>\n<meta property=\"article:published_time\" content=\"2025-07-16T02:21:34+00:00\" \/>\n<meta property=\"article:modified_time\" content=\"2025-07-16T02:21:38+00:00\" \/>\n<meta property=\"og:image\" content=\"https:\/\/elregionalvm.com.ar\/noticias-villa-maria\/wp-content\/uploads\/2025\/07\/5f8e80485b2a45c38f5dd8d75e13b183-2-1.jpeg\" \/>\n\t<meta property=\"og:image:width\" content=\"800\" \/>\n\t<meta property=\"og:image:height\" content=\"600\" \/>\n\t<meta property=\"og:image:type\" content=\"image\/jpeg\" \/>\n<meta name=\"author\" content=\"Contenidos El Regional\" \/>\n<meta name=\"twitter:card\" content=\"summary_large_image\" \/>\n<meta name=\"twitter:creator\" content=\"@elregionalvm1\" \/>\n<meta name=\"twitter:site\" content=\"@elregionalvm1\" \/>\n<meta name=\"twitter:label1\" content=\"Escrito por\" \/>\n\t<meta name=\"twitter:data1\" content=\"Contenidos El Regional\" \/>\n\t<meta name=\"twitter:label2\" content=\"Tiempo de lectura\" \/>\n\t<meta name=\"twitter:data2\" content=\"3 minutos\" \/>\n<script type=\"application\/ld+json\" class=\"yoast-schema-graph\">{\"@context\":\"https:\/\/schema.org\",\"@graph\":[{\"@type\":\"Article\",\"@id\":\"https:\/\/elregionalvm.com.ar\/noticias-villa-maria\/se-presento-el-seminario-el-rol-del-operador-comunitario-en-salud-mental\/#article\",\"isPartOf\":{\"@id\":\"https:\/\/elregionalvm.com.ar\/noticias-villa-maria\/se-presento-el-seminario-el-rol-del-operador-comunitario-en-salud-mental\/\"},\"author\":{\"name\":\"Contenidos El Regional\",\"@id\":\"http:\/\/elregionalvm.com.ar\/noticias-villa-maria\/#\/schema\/person\/a0fb9c422317faca23d50163151bc354\"},\"headline\":\"Se present\u00f3 el seminario \u00abEl rol del operador comunitario en salud mental\u00bb\",\"datePublished\":\"2025-07-16T02:21:34+00:00\",\"dateModified\":\"2025-07-16T02:21:38+00:00\",\"mainEntityOfPage\":{\"@id\":\"https:\/\/elregionalvm.com.ar\/noticias-villa-maria\/se-presento-el-seminario-el-rol-del-operador-comunitario-en-salud-mental\/\"},\"wordCount\":492,\"commentCount\":0,\"image\":{\"@id\":\"https:\/\/elregionalvm.com.ar\/noticias-villa-maria\/se-presento-el-seminario-el-rol-del-operador-comunitario-en-salud-mental\/#primaryimage\"},\"thumbnailUrl\":\"https:\/\/i0.wp.com\/elregionalvm.com.ar\/noticias-villa-maria\/wp-content\/uploads\/2025\/07\/5f8e80485b2a45c38f5dd8d75e13b183-2-1.jpeg?fit=800%2C600&ssl=1\",\"articleSection\":{\"0\":\"destacado\",\"2\":\"Sociedad\",\"3\":\"Villa Mar\u00eda\"},\"inLanguage\":\"es\",\"potentialAction\":[{\"@type\":\"CommentAction\",\"name\":\"Comment\",\"target\":[\"https:\/\/elregionalvm.com.ar\/noticias-villa-maria\/se-presento-el-seminario-el-rol-del-operador-comunitario-en-salud-mental\/#respond\"]}]},{\"@type\":\"WebPage\",\"@id\":\"https:\/\/elregionalvm.com.ar\/noticias-villa-maria\/se-presento-el-seminario-el-rol-del-operador-comunitario-en-salud-mental\/\",\"url\":\"https:\/\/elregionalvm.com.ar\/noticias-villa-maria\/se-presento-el-seminario-el-rol-del-operador-comunitario-en-salud-mental\/\",\"name\":\"Se present\u00f3 el seminario \\\"El rol del operador comunitario en salud mental\\\" - El Regional\",\"isPartOf\":{\"@id\":\"http:\/\/elregionalvm.com.ar\/noticias-villa-maria\/#website\"},\"primaryImageOfPage\":{\"@id\":\"https:\/\/elregionalvm.com.ar\/noticias-villa-maria\/se-presento-el-seminario-el-rol-del-operador-comunitario-en-salud-mental\/#primaryimage\"},\"image\":{\"@id\":\"https:\/\/elregionalvm.com.ar\/noticias-villa-maria\/se-presento-el-seminario-el-rol-del-operador-comunitario-en-salud-mental\/#primaryimage\"},\"thumbnailUrl\":\"https:\/\/i0.wp.com\/elregionalvm.com.ar\/noticias-villa-maria\/wp-content\/uploads\/2025\/07\/5f8e80485b2a45c38f5dd8d75e13b183-2-1.jpeg?fit=800%2C600&ssl=1\",\"datePublished\":\"2025-07-16T02:21:34+00:00\",\"dateModified\":\"2025-07-16T02:21:38+00:00\",\"author\":{\"@id\":\"http:\/\/elregionalvm.com.ar\/noticias-villa-maria\/#\/schema\/person\/a0fb9c422317faca23d50163151bc354\"},\"breadcrumb\":{\"@id\":\"https:\/\/elregionalvm.com.ar\/noticias-villa-maria\/se-presento-el-seminario-el-rol-del-operador-comunitario-en-salud-mental\/#breadcrumb\"},\"inLanguage\":\"es\",\"potentialAction\":[{\"@type\":\"ReadAction\",\"target\":[\"https:\/\/elregionalvm.com.ar\/noticias-villa-maria\/se-presento-el-seminario-el-rol-del-operador-comunitario-en-salud-mental\/\"]}]},{\"@type\":\"ImageObject\",\"inLanguage\":\"es\",\"@id\":\"https:\/\/elregionalvm.com.ar\/noticias-villa-maria\/se-presento-el-seminario-el-rol-del-operador-comunitario-en-salud-mental\/#primaryimage\",\"url\":\"https:\/\/i0.wp.com\/elregionalvm.com.ar\/noticias-villa-maria\/wp-content\/uploads\/2025\/07\/5f8e80485b2a45c38f5dd8d75e13b183-2-1.jpeg?fit=800%2C600&ssl=1\",\"contentUrl\":\"https:\/\/i0.wp.com\/elregionalvm.com.ar\/noticias-villa-maria\/wp-content\/uploads\/2025\/07\/5f8e80485b2a45c38f5dd8d75e13b183-2-1.jpeg?fit=800%2C600&ssl=1\",\"width\":800,\"height\":600},{\"@type\":\"BreadcrumbList\",\"@id\":\"https:\/\/elregionalvm.com.ar\/noticias-villa-maria\/se-presento-el-seminario-el-rol-del-operador-comunitario-en-salud-mental\/#breadcrumb\",\"itemListElement\":[{\"@type\":\"ListItem\",\"position\":1,\"name\":\"Portada\",\"item\":\"https:\/\/elregionalvm.com.ar\/noticias-villa-maria\/\"},{\"@type\":\"ListItem\",\"position\":2,\"name\":\"Se present\u00f3 el seminario \u00abEl rol del operador comunitario en salud mental\u00bb\"}]},{\"@type\":\"WebSite\",\"@id\":\"http:\/\/elregionalvm.com.ar\/noticias-villa-maria\/#website\",\"url\":\"http:\/\/elregionalvm.com.ar\/noticias-villa-maria\/\",\"name\":\"El Regional\",\"description\":\"Mucho m\u00e1s que informaci\u00f3n\",\"potentialAction\":[{\"@type\":\"SearchAction\",\"target\":{\"@type\":\"EntryPoint\",\"urlTemplate\":\"http:\/\/elregionalvm.com.ar\/noticias-villa-maria\/?s={search_term_string}\"},\"query-input\":{\"@type\":\"PropertyValueSpecification\",\"valueRequired\":true,\"valueName\":\"search_term_string\"}}],\"inLanguage\":\"es\"},{\"@type\":\"Person\",\"@id\":\"http:\/\/elregionalvm.com.ar\/noticias-villa-maria\/#\/schema\/person\/a0fb9c422317faca23d50163151bc354\",\"name\":\"Contenidos El Regional\",\"image\":{\"@type\":\"ImageObject\",\"inLanguage\":\"es\",\"@id\":\"http:\/\/elregionalvm.com.ar\/noticias-villa-maria\/#\/schema\/person\/image\/\",\"url\":\"https:\/\/secure.gravatar.com\/avatar\/265b27cb2209af7bb3a1318f03305787d7981a5cc6e6cd08fe5a4ecdf99d4b48?s=96&d=mm&r=g\",\"contentUrl\":\"https:\/\/secure.gravatar.com\/avatar\/265b27cb2209af7bb3a1318f03305787d7981a5cc6e6cd08fe5a4ecdf99d4b48?s=96&d=mm&r=g\",\"caption\":\"Contenidos El Regional\"},\"url\":\"https:\/\/elregionalvm.com.ar\/noticias-villa-maria\/author\/contenido\/\"}]}<\/script>\n<!-- \/ Yoast SEO plugin. -->","yoast_head_json":{"title":"Se present\u00f3 el seminario \"El rol del operador comunitario en salud mental\" - El Regional","robots":{"index":"index","follow":"follow","max-snippet":"max-snippet:-1","max-image-preview":"max-image-preview:large","max-video-preview":"max-video-preview:-1"},"canonical":"https:\/\/elregionalvm.com.ar\/noticias-villa-maria\/se-presento-el-seminario-el-rol-del-operador-comunitario-en-salud-mental\/","og_locale":"es_ES","og_type":"article","og_title":"Se present\u00f3 el seminario \"El rol del operador comunitario en salud mental\" - El Regional","og_description":"A trav\u00e9s de la Secretar\u00eda de Salud, que se llevar\u00e1 a cabo una instancia de capacitaci\u00f3n libre y gratuita sobre adicciones y salud mental La propuesta fue anunciada en el Sal\u00f3n Blanco por el secretario y el subsecretario de dicha cartera, Juli\u00e1n L\u00f3pez y Pablo Arriaga respectivamente. All\u00ed, se brindaron detalles de la iniciativa que [&hellip;]","og_url":"https:\/\/elregionalvm.com.ar\/noticias-villa-maria\/se-presento-el-seminario-el-rol-del-operador-comunitario-en-salud-mental\/","og_site_name":"El Regional","article_publisher":"https:\/\/www.facebook.com\/elregionalvm","article_published_time":"2025-07-16T02:21:34+00:00","article_modified_time":"2025-07-16T02:21:38+00:00","og_image":[{"width":800,"height":600,"url":"https:\/\/elregionalvm.com.ar\/noticias-villa-maria\/wp-content\/uploads\/2025\/07\/5f8e80485b2a45c38f5dd8d75e13b183-2-1.jpeg","type":"image\/jpeg"}],"author":"Contenidos El Regional","twitter_card":"summary_large_image","twitter_creator":"@elregionalvm1","twitter_site":"@elregionalvm1","twitter_misc":{"Escrito por":"Contenidos El Regional","Tiempo de lectura":"3 minutos"},"schema":{"@context":"https:\/\/schema.org","@graph":[{"@type":"Article","@id":"https:\/\/elregionalvm.com.ar\/noticias-villa-maria\/se-presento-el-seminario-el-rol-del-operador-comunitario-en-salud-mental\/#article","isPartOf":{"@id":"https:\/\/elregionalvm.com.ar\/noticias-villa-maria\/se-presento-el-seminario-el-rol-del-operador-comunitario-en-salud-mental\/"},"author":{"name":"Contenidos El Regional","@id":"http:\/\/elregionalvm.com.ar\/noticias-villa-maria\/#\/schema\/person\/a0fb9c422317faca23d50163151bc354"},"headline":"Se present\u00f3 el seminario \u00abEl rol del operador comunitario en salud mental\u00bb","datePublished":"2025-07-16T02:21:34+00:00","dateModified":"2025-07-16T02:21:38+00:00","mainEntityOfPage":{"@id":"https:\/\/elregionalvm.com.ar\/noticias-villa-maria\/se-presento-el-seminario-el-rol-del-operador-comunitario-en-salud-mental\/"},"wordCount":492,"commentCount":0,"image":{"@id":"https:\/\/elregionalvm.com.ar\/noticias-villa-maria\/se-presento-el-seminario-el-rol-del-operador-comunitario-en-salud-mental\/#primaryimage"},"thumbnailUrl":"https:\/\/i0.wp.com\/elregionalvm.com.ar\/noticias-villa-maria\/wp-content\/uploads\/2025\/07\/5f8e80485b2a45c38f5dd8d75e13b183-2-1.jpeg?fit=800%2C600&ssl=1","articleSection":{"0":"destacado","2":"Sociedad","3":"Villa Mar\u00eda"},"inLanguage":"es","potentialAction":[{"@type":"CommentAction","name":"Comment","target":["https:\/\/elregionalvm.com.ar\/noticias-villa-maria\/se-presento-el-seminario-el-rol-del-operador-comunitario-en-salud-mental\/#respond"]}]},{"@type":"WebPage","@id":"https:\/\/elregionalvm.com.ar\/noticias-villa-maria\/se-presento-el-seminario-el-rol-del-operador-comunitario-en-salud-mental\/","url":"https:\/\/elregionalvm.com.ar\/noticias-villa-maria\/se-presento-el-seminario-el-rol-del-operador-comunitario-en-salud-mental\/","name":"Se present\u00f3 el seminario \"El rol del operador comunitario en salud mental\" - El Regional","isPartOf":{"@id":"http:\/\/elregionalvm.com.ar\/noticias-villa-maria\/#website"},"primaryImageOfPage":{"@id":"https:\/\/elregionalvm.com.ar\/noticias-villa-maria\/se-presento-el-seminario-el-rol-del-operador-comunitario-en-salud-mental\/#primaryimage"},"image":{"@id":"https:\/\/elregionalvm.com.ar\/noticias-villa-maria\/se-presento-el-seminario-el-rol-del-operador-comunitario-en-salud-mental\/#primaryimage"},"thumbnailUrl":"https:\/\/i0.wp.com\/elregionalvm.com.ar\/noticias-villa-maria\/wp-content\/uploads\/2025\/07\/5f8e80485b2a45c38f5dd8d75e13b183-2-1.jpeg?fit=800%2C600&ssl=1","datePublished":"2025-07-16T02:21:34+00:00","dateModified":"2025-07-16T02:21:38+00:00","author":{"@id":"http:\/\/elregionalvm.com.ar\/noticias-villa-maria\/#\/schema\/person\/a0fb9c422317faca23d50163151bc354"},"breadcrumb":{"@id":"https:\/\/elregionalvm.com.ar\/noticias-villa-maria\/se-presento-el-seminario-el-rol-del-operador-comunitario-en-salud-mental\/#breadcrumb"},"inLanguage":"es","potentialAction":[{"@type":"ReadAction","target":["https:\/\/elregionalvm.com.ar\/noticias-villa-maria\/se-presento-el-seminario-el-rol-del-operador-comunitario-en-salud-mental\/"]}]},{"@type":"ImageObject","inLanguage":"es","@id":"https:\/\/elregionalvm.com.ar\/noticias-villa-maria\/se-presento-el-seminario-el-rol-del-operador-comunitario-en-salud-mental\/#primaryimage","url":"https:\/\/i0.wp.com\/elregionalvm.com.ar\/noticias-villa-maria\/wp-content\/uploads\/2025\/07\/5f8e80485b2a45c38f5dd8d75e13b183-2-1.jpeg?fit=800%2C600&ssl=1","contentUrl":"https:\/\/i0.wp.com\/elregionalvm.com.ar\/noticias-villa-maria\/wp-content\/uploads\/2025\/07\/5f8e80485b2a45c38f5dd8d75e13b183-2-1.jpeg?fit=800%2C600&ssl=1","width":800,"height":600},{"@type":"BreadcrumbList","@id":"https:\/\/elregionalvm.com.ar\/noticias-villa-maria\/se-presento-el-seminario-el-rol-del-operador-comunitario-en-salud-mental\/#breadcrumb","itemListElement":[{"@type":"ListItem","position":1,"name":"Portada","item":"https:\/\/elregionalvm.com.ar\/noticias-villa-maria\/"},{"@type":"ListItem","position":2,"name":"Se present\u00f3 el seminario \u00abEl rol del operador comunitario en salud mental\u00bb"}]},{"@type":"WebSite","@id":"http:\/\/elregionalvm.com.ar\/noticias-villa-maria\/#website","url":"http:\/\/elregionalvm.com.ar\/noticias-villa-maria\/","name":"El Regional","description":"Mucho m\u00e1s que informaci\u00f3n","potentialAction":[{"@type":"SearchAction","target":{"@type":"EntryPoint","urlTemplate":"http:\/\/elregionalvm.com.ar\/noticias-villa-maria\/?s={search_term_string}"},"query-input":{"@type":"PropertyValueSpecification","valueRequired":true,"valueName":"search_term_string"}}],"inLanguage":"es"},{"@type":"Person","@id":"http:\/\/elregionalvm.com.ar\/noticias-villa-maria\/#\/schema\/person\/a0fb9c422317faca23d50163151bc354","name":"Contenidos El Regional","image":{"@type":"ImageObject","inLanguage":"es","@id":"http:\/\/elregionalvm.com.ar\/noticias-villa-maria\/#\/schema\/person\/image\/","url":"https:\/\/secure.gravatar.com\/avatar\/265b27cb2209af7bb3a1318f03305787d7981a5cc6e6cd08fe5a4ecdf99d4b48?s=96&d=mm&r=g","contentUrl":"https:\/\/secure.gravatar.com\/avatar\/265b27cb2209af7bb3a1318f03305787d7981a5cc6e6cd08fe5a4ecdf99d4b48?s=96&d=mm&r=g","caption":"Contenidos El Regional"},"url":"https:\/\/elregionalvm.com.ar\/noticias-villa-maria\/author\/contenido\/"}]}},"jetpack_featured_media_url":"https:\/\/i0.wp.com\/elregionalvm.com.ar\/noticias-villa-maria\/wp-content\/uploads\/2025\/07\/5f8e80485b2a45c38f5dd8d75e13b183-2-1.jpeg?fit=800%2C600&ssl=1","jetpack_sharing_enabled":true,"_links":{"self":[{"href":"https:\/\/elregionalvm.com.ar\/noticias-villa-maria\/wp-json\/wp\/v2\/posts\/108137","targetHints":{"allow":["GET"]}}],"collection":[{"href":"https:\/\/elregionalvm.com.ar\/noticias-villa-maria\/wp-json\/wp\/v2\/posts"}],"about":[{"href":"https:\/\/elregionalvm.com.ar\/noticias-villa-maria\/wp-json\/wp\/v2\/types\/post"}],"author":[{"embeddable":true,"href":"https:\/\/elregionalvm.com.ar\/noticias-villa-maria\/wp-json\/wp\/v2\/users\/4"}],"replies":[{"embeddable":true,"href":"https:\/\/elregionalvm.com.ar\/noticias-villa-maria\/wp-json\/wp\/v2\/comments?post=108137"}],"version-history":[{"count":1,"href":"https:\/\/elregionalvm.com.ar\/noticias-villa-maria\/wp-json\/wp\/v2\/posts\/108137\/revisions"}],"predecessor-version":[{"id":108141,"href":"https:\/\/elregionalvm.com.ar\/noticias-villa-maria\/wp-json\/wp\/v2\/posts\/108137\/revisions\/108141"}],"wp:featuredmedia":[{"embeddable":true,"href":"https:\/\/elregionalvm.com.ar\/noticias-villa-maria\/wp-json\/wp\/v2\/media\/108140"}],"wp:attachment":[{"href":"https:\/\/elregionalvm.com.ar\/noticias-villa-maria\/wp-json\/wp\/v2\/media?parent=108137"}],"wp:term":[{"taxonomy":"category","embeddable":true,"href":"https:\/\/elregionalvm.com.ar\/noticias-villa-maria\/wp-json\/wp\/v2\/categories?post=108137"},{"taxonomy":"post_tag","embeddable":true,"href":"https:\/\/elregionalvm.com.ar\/noticias-villa-maria\/wp-json\/wp\/v2\/tags?post=108137"}],"curies":[{"name":"wp","href":"https:\/\/api.w.org\/{rel}","templated":true}]}}