{"id":108527,"date":"2025-07-31T02:25:13","date_gmt":"2025-07-31T02:25:13","guid":{"rendered":"https:\/\/elregionalvm.com.ar\/noticias-villa-maria\/?p=108527"},"modified":"2025-08-07T15:30:26","modified_gmt":"2025-08-07T15:30:26","slug":"miradas-la-honestidad-en-caida-mentime-que-me-gusta","status":"publish","type":"post","link":"https:\/\/elregionalvm.com.ar\/noticias-villa-maria\/miradas-la-honestidad-en-caida-mentime-que-me-gusta\/","title":{"rendered":"[Miradas] La honestidad en ca\u00edda: Mentime, que me gusta"},"content":{"rendered":"\n<h3 class=\"wp-block-heading\"><strong>Honestidad. Qu\u00e9 bien suena. Qu\u00e9 poco se usa. Qu\u00e9 mal se la aplica. Algunos pol\u00edticos, muchos, ya la borraron para siempre de su peque\u00f1o diccionario de bolsillo. La estrategia de algunos es resucitarla, darle un par de cachetadas para que se despabile un poco. A lo mejor, qui\u00e9n dice.<\/strong><\/h3>\n\n\n\n<p><\/p>\n\n\n\n<p><strong>Escribe: Germ\u00e1n Giacchero<\/strong><\/p>\n\n\n\n<p><\/p>\n\n\n\n<p>\u201cYo solo s\u00e9 que soy honesto\u201d, dice el intendente de un pueblo.<\/p>\n\n\n\n<p>\u201cSoy honesto\u201d, repite por en\u00e9sima vez un gobernador.<\/p>\n\n\n\n<p>\u201cNo soy corrupto\u201d, vocifera un presidente.<\/p>\n\n\n\n<p>Honestidad. Qu\u00e9 palabra esa.<\/p>\n\n\n\n<p>Algunos pol\u00edticos, muchos, ya la borraron para siempre de su peque\u00f1o diccionario de bolsillo.<\/p>\n\n\n\n<p>La estrategia de otros es resucitarla, darle un par de cachetadas para que se despabile un poco. A lo mejor, qui\u00e9n dice.<\/p>\n\n\n\n<p>Honestidad. Qu\u00e9 bien suena. Qu\u00e9 poco se usa. Qu\u00e9 mal se la aplica.<\/p>\n\n\n\n<p>\u00bfAcaso ser honesto no debiera ser la condici\u00f3n natural de un candidato para desempe\u00f1arse en un cargo p\u00fablico? Por supuesto que s\u00ed. Pero pareciera que no.<\/p>\n\n\n\n<p>\u00bfSirve de algo gritar que se es honesto ante una tribuna descre\u00edda o en medio de un ej\u00e9rcito de funcionarios sospechado de corrupci\u00f3n o de amistades peligrosas con el poder? Quiz\u00e1s s\u00ed, tal vez no.<\/p>\n\n\n\n<p>Y lo que es m\u00e1s importante, \u00bftodos los que vociferan su honestidad tienen pruebas de ello? Gran interrogante.<\/p>\n\n\n\n<p>Por eso, no debe resultar extra\u00f1o que la palabra est\u00e9 en extinci\u00f3n en boca de candidatos, en plataformas electorales o esl\u00f3ganes pol\u00edticos. Pobre. Ni quienes han lucrado tanto tiempo con ella la usan ya para hacer marketing.<\/p>\n\n\n\n<p>Solo unos pocos atrevidos, caraduras o, en realidad, tipos honestos se atreven. Pero cada vez resulta menos posible distinguir entre unos y otros.<\/p>\n\n\n\n<p><\/p>\n\n\n\n<figure class=\"wp-block-image size-full\"><img data-recalc-dims=\"1\" fetchpriority=\"high\" decoding=\"async\" width=\"1024\" height=\"683\" src=\"https:\/\/i0.wp.com\/elregionalvm.com.ar\/noticias-villa-maria\/wp-content\/uploads\/2023\/02\/politico-careta-mascara.jpeg?resize=1024%2C683&#038;ssl=1\" alt=\"\" class=\"wp-image-72338\" srcset=\"https:\/\/i0.wp.com\/elregionalvm.com.ar\/noticias-villa-maria\/wp-content\/uploads\/2023\/02\/politico-careta-mascara.jpeg?w=1024&amp;ssl=1 1024w, https:\/\/i0.wp.com\/elregionalvm.com.ar\/noticias-villa-maria\/wp-content\/uploads\/2023\/02\/politico-careta-mascara.jpeg?resize=300%2C200&amp;ssl=1 300w, https:\/\/i0.wp.com\/elregionalvm.com.ar\/noticias-villa-maria\/wp-content\/uploads\/2023\/02\/politico-careta-mascara.jpeg?resize=768%2C512&amp;ssl=1 768w\" sizes=\"(max-width: 1000px) 100vw, 1000px\" \/><\/figure>\n\n\n\n<p><\/p>\n\n\n\n<p>Nos han relatado tantos cuentos para ir a dormir, que ya nos dormimos de nada.<\/p>\n\n\n\n<p>Hermosas f\u00e1bulas y leyendas donde se combate a los ogros de la inflaci\u00f3n, a los monstruos de una econom\u00eda inestable y a los duendes malvados que atentan contra la salud, la educaci\u00f3n y el trabajo.<\/p>\n\n\n\n<p>Entre los grandes narradores de la historia debiera otorg\u00e1rseles un lugar de privilegio a toda nuestra clase dirigente. Sin excepci\u00f3n, sea casta o anticasta.<\/p>\n\n\n\n<p>Qu\u00e9 pena que nosotros nos hagamos los distra\u00eddos y pensemos que nada tenemos que ver con la agon\u00eda de la honestidad.<\/p>\n\n\n\n<p>Hastiados de tantas mentiras y de promesas incumplidas, la honestidad ha perdido sentido.<\/p>\n\n\n\n<p>Pisoteada y bastardeada a lo largo de siglos, parece estar escribiendo su epitafio. Con nuestra indiferencia, claro.<\/p>\n\n\n\n<p>Cada tanto, alguien ejercita primeros auxilios con ella, pero es in\u00fatil. No basta la respiraci\u00f3n boca a boca para salvar a un enfermo terminal.<\/p>\n\n\n\n<p><strong>Honestidad brutal<\/strong><\/p>\n\n\n\n<p>Pedimos honestidad y despu\u00e9s nos resignamos. A la falta de ella, claro.<\/p>\n\n\n\n<p>Pero, de igual manera no estamos preparados para una dosis extra grande de honestidad cruda y sin concesiones.<\/p>\n\n\n\n<p>Toda la existencia de nuestra sociedad se cimenta en una serie de creencias, teor\u00edas pseudocient\u00edficas y mitos que damos por verdaderos. Su derrumbe ser\u00eda el desplome de nuestra forma de vida.<\/p>\n\n\n\n<p>Pero sin ir tan lejos, no estamos preparados ni nos gustar\u00eda escuchar certezas de boca de quienes pensamos que nos mienten siempre.<\/p>\n\n\n\n<p>\u00bfQu\u00e9 pasar\u00eda si alguien rompiera con el molde tradicional? \u00bfLe creer\u00edamos o no?<\/p>\n\n\n\n<p>Vivimos entre mentiras y renegamos de ellas, pero no soportar\u00edamos lo contrario.<\/p>\n\n\n\n<p>La honestidad brutal duele, descoloca, enoja.<\/p>\n\n\n\n<p><\/p>\n\n\n\n<figure class=\"wp-block-image size-large\"><img data-recalc-dims=\"1\" decoding=\"async\" width=\"1024\" height=\"641\" src=\"https:\/\/i0.wp.com\/elregionalvm.com.ar\/noticias-villa-maria\/wp-content\/uploads\/2024\/01\/posverdad-mentira-politica-verdad-2.jpg?resize=1024%2C641&#038;ssl=1\" alt=\"\" class=\"wp-image-88248\"\/><\/figure>\n\n\n\n<p><\/p>\n\n\n\n<p>Nos mienten porque en parte aceptamos la mentira como regla de juego. Por resignaci\u00f3n, comodidad, indiferencia o por lo que fuera.<\/p>\n\n\n\n<p>Y mal que nos pese, todav\u00eda nos vamos a dormir con los cuentitos de siempre, donde los finales felices abundan.<\/p>\n\n\n\n<p>Pero, la realidad es otra.<\/p>\n\n\n\n<p>Ma\u00f1ana ser\u00e1 otro d\u00eda. Y habr\u00e1 que pensar en ganar el mango como se pueda, en c\u00f3mo haremos para que no falte de comer, en la interminable lista de los problemas que nos aquejan.<\/p>\n\n\n\n<p>\u00bfNo ser\u00e1 mucho hablar de honestidad, transparencia y eficiencia?<\/p>\n\n\n\n<p>Nada es casualidad.<\/p>\n\n\n\n<p><\/p>\n","protected":false},"excerpt":{"rendered":"<p>Honestidad. Qu\u00e9 bien suena. Qu\u00e9 poco se usa. Qu\u00e9 mal se la aplica. Algunos pol\u00edticos, muchos, ya la borraron para siempre de su peque\u00f1o diccionario de bolsillo. La estrategia de algunos es resucitarla, darle un par de cachetadas para que se despabile un poco. A lo mejor, qui\u00e9n dice. Escribe: Germ\u00e1n Giacchero \u201cYo solo s\u00e9 [&hellip;]<\/p>\n","protected":false},"author":6,"featured_media":63350,"comment_status":"open","ping_status":"open","sticky":false,"template":"","format":"standard","meta":{"site-sidebar-layout":"default","site-content-layout":"","ast-site-content-layout":"default","site-content-style":"default","site-sidebar-style":"default","ast-global-header-display":"","ast-banner-title-visibility":"","ast-main-header-display":"","ast-hfb-above-header-display":"","ast-hfb-below-header-display":"","ast-hfb-mobile-header-display":"","site-post-title":"","ast-breadcrumbs-content":"","ast-featured-img":"","footer-sml-layout":"","ast-disable-related-posts":"","theme-transparent-header-meta":"","adv-header-id-meta":"","stick-header-meta":"","header-above-stick-meta":"","header-main-stick-meta":"","header-below-stick-meta":"","astra-migrate-meta-layouts":"set","ast-page-background-enabled":"default","ast-page-background-meta":{"desktop":{"background-color":"","background-image":"","background-repeat":"repeat","background-position":"center center","background-size":"auto","background-attachment":"scroll","background-type":"","background-media":"","overlay-type":"","overlay-color":"","overlay-opacity":"","overlay-gradient":""},"tablet":{"background-color":"","background-image":"","background-repeat":"repeat","background-position":"center center","background-size":"auto","background-attachment":"scroll","background-type":"","background-media":"","overlay-type":"","overlay-color":"","overlay-opacity":"","overlay-gradient":""},"mobile":{"background-color":"","background-image":"","background-repeat":"repeat","background-position":"center center","background-size":"auto","background-attachment":"scroll","background-type":"","background-media":"","overlay-type":"","overlay-color":"","overlay-opacity":"","overlay-gradient":""}},"ast-content-background-meta":{"desktop":{"background-color":"var(--ast-global-color-5)","background-image":"","background-repeat":"repeat","background-position":"center center","background-size":"auto","background-attachment":"scroll","background-type":"","background-media":"","overlay-type":"","overlay-color":"","overlay-opacity":"","overlay-gradient":""},"tablet":{"background-color":"var(--ast-global-color-5)","background-image":"","background-repeat":"repeat","background-position":"center center","background-size":"auto","background-attachment":"scroll","background-type":"","background-media":"","overlay-type":"","overlay-color":"","overlay-opacity":"","overlay-gradient":""},"mobile":{"background-color":"var(--ast-global-color-5)","background-image":"","background-repeat":"repeat","background-position":"center center","background-size":"auto","background-attachment":"scroll","background-type":"","background-media":"","overlay-type":"","overlay-color":"","overlay-opacity":"","overlay-gradient":""}},"_jetpack_memberships_contains_paid_content":false,"_joinchat":[],"footnotes":""},"categories":[365,3557],"tags":[7164,16157,9041,10681,25109,1363,10735,44,519],"class_list":["post-108527","post","type-post","status-publish","format-standard","has-post-thumbnail","hentry","category-opinion","category-tercera","tag-caida","tag-casta","tag-cuentos","tag-dirigentes","tag-fantasia","tag-honestidad","tag-mentira","tag-poder","tag-politica"],"yoast_head":"<!-- This site is optimized with the Yoast SEO plugin v26.8 - https:\/\/yoast.com\/product\/yoast-seo-wordpress\/ -->\n<title>[Miradas] La honestidad en ca\u00edda: Mentime, que me gusta - El Regional<\/title>\n<meta name=\"robots\" content=\"index, follow, max-snippet:-1, max-image-preview:large, max-video-preview:-1\" \/>\n<link rel=\"canonical\" href=\"https:\/\/elregionalvm.com.ar\/noticias-villa-maria\/miradas-la-honestidad-en-caida-mentime-que-me-gusta\/\" \/>\n<meta property=\"og:locale\" content=\"es_ES\" \/>\n<meta property=\"og:type\" content=\"article\" \/>\n<meta property=\"og:title\" content=\"[Miradas] La honestidad en ca\u00edda: Mentime, que me gusta - El Regional\" \/>\n<meta property=\"og:description\" content=\"Honestidad. Qu\u00e9 bien suena. Qu\u00e9 poco se usa. Qu\u00e9 mal se la aplica. Algunos pol\u00edticos, muchos, ya la borraron para siempre de su peque\u00f1o diccionario de bolsillo. La estrategia de algunos es resucitarla, darle un par de cachetadas para que se despabile un poco. A lo mejor, qui\u00e9n dice. Escribe: Germ\u00e1n Giacchero \u201cYo solo s\u00e9 [&hellip;]\" \/>\n<meta property=\"og:url\" content=\"https:\/\/elregionalvm.com.ar\/noticias-villa-maria\/miradas-la-honestidad-en-caida-mentime-que-me-gusta\/\" \/>\n<meta property=\"og:site_name\" content=\"El Regional\" \/>\n<meta property=\"article:publisher\" content=\"https:\/\/www.facebook.com\/elregionalvm\" \/>\n<meta property=\"article:published_time\" content=\"2025-07-31T02:25:13+00:00\" \/>\n<meta property=\"article:modified_time\" content=\"2025-08-07T15:30:26+00:00\" \/>\n<meta property=\"og:image\" content=\"https:\/\/elregionalvm.com.ar\/noticias-villa-maria\/wp-content\/uploads\/2022\/08\/POlitico-discurso-mentira-e1753928641360.jpg\" \/>\n\t<meta property=\"og:image:width\" content=\"1200\" \/>\n\t<meta property=\"og:image:height\" content=\"675\" \/>\n\t<meta property=\"og:image:type\" content=\"image\/jpeg\" \/>\n<meta name=\"author\" content=\"Germ\u00e1n Giacchero\" \/>\n<meta name=\"twitter:card\" content=\"summary_large_image\" \/>\n<meta name=\"twitter:creator\" content=\"@elregionalvm1\" \/>\n<meta name=\"twitter:site\" content=\"@elregionalvm1\" \/>\n<meta name=\"twitter:label1\" content=\"Escrito por\" \/>\n\t<meta name=\"twitter:data1\" content=\"Germ\u00e1n Giacchero\" \/>\n\t<meta name=\"twitter:label2\" content=\"Tiempo de lectura\" \/>\n\t<meta name=\"twitter:data2\" content=\"4 minutos\" \/>\n<script type=\"application\/ld+json\" class=\"yoast-schema-graph\">{\"@context\":\"https:\/\/schema.org\",\"@graph\":[{\"@type\":\"Article\",\"@id\":\"https:\/\/elregionalvm.com.ar\/noticias-villa-maria\/miradas-la-honestidad-en-caida-mentime-que-me-gusta\/#article\",\"isPartOf\":{\"@id\":\"https:\/\/elregionalvm.com.ar\/noticias-villa-maria\/miradas-la-honestidad-en-caida-mentime-que-me-gusta\/\"},\"author\":{\"name\":\"Germ\u00e1n Giacchero\",\"@id\":\"http:\/\/elregionalvm.com.ar\/noticias-villa-maria\/#\/schema\/person\/d5e4b04966154131701e52c45d3efec9\"},\"headline\":\"[Miradas] La honestidad en ca\u00edda: Mentime, que me gusta\",\"datePublished\":\"2025-07-31T02:25:13+00:00\",\"dateModified\":\"2025-08-07T15:30:26+00:00\",\"mainEntityOfPage\":{\"@id\":\"https:\/\/elregionalvm.com.ar\/noticias-villa-maria\/miradas-la-honestidad-en-caida-mentime-que-me-gusta\/\"},\"wordCount\":680,\"commentCount\":0,\"image\":{\"@id\":\"https:\/\/elregionalvm.com.ar\/noticias-villa-maria\/miradas-la-honestidad-en-caida-mentime-que-me-gusta\/#primaryimage\"},\"thumbnailUrl\":\"https:\/\/i0.wp.com\/elregionalvm.com.ar\/noticias-villa-maria\/wp-content\/uploads\/2022\/08\/POlitico-discurso-mentira-e1753928641360.jpg?fit=1200%2C675&ssl=1\",\"keywords\":[\"Ca\u00edda\",\"casta\",\"cuentos\",\"Dirigentes\",\"fantas\u00eda\",\"Honestidad\",\"Mentira\",\"poder\",\"Pol\u00edtica\"],\"articleSection\":[\"Opini\u00f3n\",\"tercera\"],\"inLanguage\":\"es\",\"potentialAction\":[{\"@type\":\"CommentAction\",\"name\":\"Comment\",\"target\":[\"https:\/\/elregionalvm.com.ar\/noticias-villa-maria\/miradas-la-honestidad-en-caida-mentime-que-me-gusta\/#respond\"]}]},{\"@type\":\"WebPage\",\"@id\":\"https:\/\/elregionalvm.com.ar\/noticias-villa-maria\/miradas-la-honestidad-en-caida-mentime-que-me-gusta\/\",\"url\":\"https:\/\/elregionalvm.com.ar\/noticias-villa-maria\/miradas-la-honestidad-en-caida-mentime-que-me-gusta\/\",\"name\":\"[Miradas] La honestidad en ca\u00edda: Mentime, que me gusta - El Regional\",\"isPartOf\":{\"@id\":\"http:\/\/elregionalvm.com.ar\/noticias-villa-maria\/#website\"},\"primaryImageOfPage\":{\"@id\":\"https:\/\/elregionalvm.com.ar\/noticias-villa-maria\/miradas-la-honestidad-en-caida-mentime-que-me-gusta\/#primaryimage\"},\"image\":{\"@id\":\"https:\/\/elregionalvm.com.ar\/noticias-villa-maria\/miradas-la-honestidad-en-caida-mentime-que-me-gusta\/#primaryimage\"},\"thumbnailUrl\":\"https:\/\/i0.wp.com\/elregionalvm.com.ar\/noticias-villa-maria\/wp-content\/uploads\/2022\/08\/POlitico-discurso-mentira-e1753928641360.jpg?fit=1200%2C675&ssl=1\",\"datePublished\":\"2025-07-31T02:25:13+00:00\",\"dateModified\":\"2025-08-07T15:30:26+00:00\",\"author\":{\"@id\":\"http:\/\/elregionalvm.com.ar\/noticias-villa-maria\/#\/schema\/person\/d5e4b04966154131701e52c45d3efec9\"},\"breadcrumb\":{\"@id\":\"https:\/\/elregionalvm.com.ar\/noticias-villa-maria\/miradas-la-honestidad-en-caida-mentime-que-me-gusta\/#breadcrumb\"},\"inLanguage\":\"es\",\"potentialAction\":[{\"@type\":\"ReadAction\",\"target\":[\"https:\/\/elregionalvm.com.ar\/noticias-villa-maria\/miradas-la-honestidad-en-caida-mentime-que-me-gusta\/\"]}]},{\"@type\":\"ImageObject\",\"inLanguage\":\"es\",\"@id\":\"https:\/\/elregionalvm.com.ar\/noticias-villa-maria\/miradas-la-honestidad-en-caida-mentime-que-me-gusta\/#primaryimage\",\"url\":\"https:\/\/i0.wp.com\/elregionalvm.com.ar\/noticias-villa-maria\/wp-content\/uploads\/2022\/08\/POlitico-discurso-mentira-e1753928641360.jpg?fit=1200%2C675&ssl=1\",\"contentUrl\":\"https:\/\/i0.wp.com\/elregionalvm.com.ar\/noticias-villa-maria\/wp-content\/uploads\/2022\/08\/POlitico-discurso-mentira-e1753928641360.jpg?fit=1200%2C675&ssl=1\",\"width\":1200,\"height\":675},{\"@type\":\"BreadcrumbList\",\"@id\":\"https:\/\/elregionalvm.com.ar\/noticias-villa-maria\/miradas-la-honestidad-en-caida-mentime-que-me-gusta\/#breadcrumb\",\"itemListElement\":[{\"@type\":\"ListItem\",\"position\":1,\"name\":\"Portada\",\"item\":\"https:\/\/elregionalvm.com.ar\/noticias-villa-maria\/\"},{\"@type\":\"ListItem\",\"position\":2,\"name\":\"[Miradas] La honestidad en ca\u00edda: Mentime, que me gusta\"}]},{\"@type\":\"WebSite\",\"@id\":\"http:\/\/elregionalvm.com.ar\/noticias-villa-maria\/#website\",\"url\":\"http:\/\/elregionalvm.com.ar\/noticias-villa-maria\/\",\"name\":\"El Regional\",\"description\":\"Mucho m\u00e1s que informaci\u00f3n\",\"potentialAction\":[{\"@type\":\"SearchAction\",\"target\":{\"@type\":\"EntryPoint\",\"urlTemplate\":\"http:\/\/elregionalvm.com.ar\/noticias-villa-maria\/?s={search_term_string}\"},\"query-input\":{\"@type\":\"PropertyValueSpecification\",\"valueRequired\":true,\"valueName\":\"search_term_string\"}}],\"inLanguage\":\"es\"},{\"@type\":\"Person\",\"@id\":\"http:\/\/elregionalvm.com.ar\/noticias-villa-maria\/#\/schema\/person\/d5e4b04966154131701e52c45d3efec9\",\"name\":\"Germ\u00e1n Giacchero\",\"image\":{\"@type\":\"ImageObject\",\"inLanguage\":\"es\",\"@id\":\"http:\/\/elregionalvm.com.ar\/noticias-villa-maria\/#\/schema\/person\/image\/\",\"url\":\"https:\/\/secure.gravatar.com\/avatar\/fda163ba5ef0307ee5be9846e10f83b6e83d0cfb260d3b2464830318894c6b04?s=96&d=mm&r=g\",\"contentUrl\":\"https:\/\/secure.gravatar.com\/avatar\/fda163ba5ef0307ee5be9846e10f83b6e83d0cfb260d3b2464830318894c6b04?s=96&d=mm&r=g\",\"caption\":\"Germ\u00e1n Giacchero\"},\"url\":\"https:\/\/elregionalvm.com.ar\/noticias-villa-maria\/author\/germangiacchero\/\"}]}<\/script>\n<!-- \/ Yoast SEO plugin. -->","yoast_head_json":{"title":"[Miradas] La honestidad en ca\u00edda: Mentime, que me gusta - El Regional","robots":{"index":"index","follow":"follow","max-snippet":"max-snippet:-1","max-image-preview":"max-image-preview:large","max-video-preview":"max-video-preview:-1"},"canonical":"https:\/\/elregionalvm.com.ar\/noticias-villa-maria\/miradas-la-honestidad-en-caida-mentime-que-me-gusta\/","og_locale":"es_ES","og_type":"article","og_title":"[Miradas] La honestidad en ca\u00edda: Mentime, que me gusta - El Regional","og_description":"Honestidad. Qu\u00e9 bien suena. Qu\u00e9 poco se usa. Qu\u00e9 mal se la aplica. Algunos pol\u00edticos, muchos, ya la borraron para siempre de su peque\u00f1o diccionario de bolsillo. La estrategia de algunos es resucitarla, darle un par de cachetadas para que se despabile un poco. A lo mejor, qui\u00e9n dice. Escribe: Germ\u00e1n Giacchero \u201cYo solo s\u00e9 [&hellip;]","og_url":"https:\/\/elregionalvm.com.ar\/noticias-villa-maria\/miradas-la-honestidad-en-caida-mentime-que-me-gusta\/","og_site_name":"El Regional","article_publisher":"https:\/\/www.facebook.com\/elregionalvm","article_published_time":"2025-07-31T02:25:13+00:00","article_modified_time":"2025-08-07T15:30:26+00:00","og_image":[{"width":1200,"height":675,"url":"https:\/\/elregionalvm.com.ar\/noticias-villa-maria\/wp-content\/uploads\/2022\/08\/POlitico-discurso-mentira-e1753928641360.jpg","type":"image\/jpeg"}],"author":"Germ\u00e1n Giacchero","twitter_card":"summary_large_image","twitter_creator":"@elregionalvm1","twitter_site":"@elregionalvm1","twitter_misc":{"Escrito por":"Germ\u00e1n Giacchero","Tiempo de lectura":"4 minutos"},"schema":{"@context":"https:\/\/schema.org","@graph":[{"@type":"Article","@id":"https:\/\/elregionalvm.com.ar\/noticias-villa-maria\/miradas-la-honestidad-en-caida-mentime-que-me-gusta\/#article","isPartOf":{"@id":"https:\/\/elregionalvm.com.ar\/noticias-villa-maria\/miradas-la-honestidad-en-caida-mentime-que-me-gusta\/"},"author":{"name":"Germ\u00e1n Giacchero","@id":"http:\/\/elregionalvm.com.ar\/noticias-villa-maria\/#\/schema\/person\/d5e4b04966154131701e52c45d3efec9"},"headline":"[Miradas] La honestidad en ca\u00edda: Mentime, que me gusta","datePublished":"2025-07-31T02:25:13+00:00","dateModified":"2025-08-07T15:30:26+00:00","mainEntityOfPage":{"@id":"https:\/\/elregionalvm.com.ar\/noticias-villa-maria\/miradas-la-honestidad-en-caida-mentime-que-me-gusta\/"},"wordCount":680,"commentCount":0,"image":{"@id":"https:\/\/elregionalvm.com.ar\/noticias-villa-maria\/miradas-la-honestidad-en-caida-mentime-que-me-gusta\/#primaryimage"},"thumbnailUrl":"https:\/\/i0.wp.com\/elregionalvm.com.ar\/noticias-villa-maria\/wp-content\/uploads\/2022\/08\/POlitico-discurso-mentira-e1753928641360.jpg?fit=1200%2C675&ssl=1","keywords":["Ca\u00edda","casta","cuentos","Dirigentes","fantas\u00eda","Honestidad","Mentira","poder","Pol\u00edtica"],"articleSection":["Opini\u00f3n","tercera"],"inLanguage":"es","potentialAction":[{"@type":"CommentAction","name":"Comment","target":["https:\/\/elregionalvm.com.ar\/noticias-villa-maria\/miradas-la-honestidad-en-caida-mentime-que-me-gusta\/#respond"]}]},{"@type":"WebPage","@id":"https:\/\/elregionalvm.com.ar\/noticias-villa-maria\/miradas-la-honestidad-en-caida-mentime-que-me-gusta\/","url":"https:\/\/elregionalvm.com.ar\/noticias-villa-maria\/miradas-la-honestidad-en-caida-mentime-que-me-gusta\/","name":"[Miradas] La honestidad en ca\u00edda: Mentime, que me gusta - El Regional","isPartOf":{"@id":"http:\/\/elregionalvm.com.ar\/noticias-villa-maria\/#website"},"primaryImageOfPage":{"@id":"https:\/\/elregionalvm.com.ar\/noticias-villa-maria\/miradas-la-honestidad-en-caida-mentime-que-me-gusta\/#primaryimage"},"image":{"@id":"https:\/\/elregionalvm.com.ar\/noticias-villa-maria\/miradas-la-honestidad-en-caida-mentime-que-me-gusta\/#primaryimage"},"thumbnailUrl":"https:\/\/i0.wp.com\/elregionalvm.com.ar\/noticias-villa-maria\/wp-content\/uploads\/2022\/08\/POlitico-discurso-mentira-e1753928641360.jpg?fit=1200%2C675&ssl=1","datePublished":"2025-07-31T02:25:13+00:00","dateModified":"2025-08-07T15:30:26+00:00","author":{"@id":"http:\/\/elregionalvm.com.ar\/noticias-villa-maria\/#\/schema\/person\/d5e4b04966154131701e52c45d3efec9"},"breadcrumb":{"@id":"https:\/\/elregionalvm.com.ar\/noticias-villa-maria\/miradas-la-honestidad-en-caida-mentime-que-me-gusta\/#breadcrumb"},"inLanguage":"es","potentialAction":[{"@type":"ReadAction","target":["https:\/\/elregionalvm.com.ar\/noticias-villa-maria\/miradas-la-honestidad-en-caida-mentime-que-me-gusta\/"]}]},{"@type":"ImageObject","inLanguage":"es","@id":"https:\/\/elregionalvm.com.ar\/noticias-villa-maria\/miradas-la-honestidad-en-caida-mentime-que-me-gusta\/#primaryimage","url":"https:\/\/i0.wp.com\/elregionalvm.com.ar\/noticias-villa-maria\/wp-content\/uploads\/2022\/08\/POlitico-discurso-mentira-e1753928641360.jpg?fit=1200%2C675&ssl=1","contentUrl":"https:\/\/i0.wp.com\/elregionalvm.com.ar\/noticias-villa-maria\/wp-content\/uploads\/2022\/08\/POlitico-discurso-mentira-e1753928641360.jpg?fit=1200%2C675&ssl=1","width":1200,"height":675},{"@type":"BreadcrumbList","@id":"https:\/\/elregionalvm.com.ar\/noticias-villa-maria\/miradas-la-honestidad-en-caida-mentime-que-me-gusta\/#breadcrumb","itemListElement":[{"@type":"ListItem","position":1,"name":"Portada","item":"https:\/\/elregionalvm.com.ar\/noticias-villa-maria\/"},{"@type":"ListItem","position":2,"name":"[Miradas] La honestidad en ca\u00edda: Mentime, que me gusta"}]},{"@type":"WebSite","@id":"http:\/\/elregionalvm.com.ar\/noticias-villa-maria\/#website","url":"http:\/\/elregionalvm.com.ar\/noticias-villa-maria\/","name":"El Regional","description":"Mucho m\u00e1s que informaci\u00f3n","potentialAction":[{"@type":"SearchAction","target":{"@type":"EntryPoint","urlTemplate":"http:\/\/elregionalvm.com.ar\/noticias-villa-maria\/?s={search_term_string}"},"query-input":{"@type":"PropertyValueSpecification","valueRequired":true,"valueName":"search_term_string"}}],"inLanguage":"es"},{"@type":"Person","@id":"http:\/\/elregionalvm.com.ar\/noticias-villa-maria\/#\/schema\/person\/d5e4b04966154131701e52c45d3efec9","name":"Germ\u00e1n Giacchero","image":{"@type":"ImageObject","inLanguage":"es","@id":"http:\/\/elregionalvm.com.ar\/noticias-villa-maria\/#\/schema\/person\/image\/","url":"https:\/\/secure.gravatar.com\/avatar\/fda163ba5ef0307ee5be9846e10f83b6e83d0cfb260d3b2464830318894c6b04?s=96&d=mm&r=g","contentUrl":"https:\/\/secure.gravatar.com\/avatar\/fda163ba5ef0307ee5be9846e10f83b6e83d0cfb260d3b2464830318894c6b04?s=96&d=mm&r=g","caption":"Germ\u00e1n Giacchero"},"url":"https:\/\/elregionalvm.com.ar\/noticias-villa-maria\/author\/germangiacchero\/"}]}},"jetpack_featured_media_url":"https:\/\/i0.wp.com\/elregionalvm.com.ar\/noticias-villa-maria\/wp-content\/uploads\/2022\/08\/POlitico-discurso-mentira-e1753928641360.jpg?fit=1200%2C675&ssl=1","jetpack_sharing_enabled":true,"_links":{"self":[{"href":"https:\/\/elregionalvm.com.ar\/noticias-villa-maria\/wp-json\/wp\/v2\/posts\/108527","targetHints":{"allow":["GET"]}}],"collection":[{"href":"https:\/\/elregionalvm.com.ar\/noticias-villa-maria\/wp-json\/wp\/v2\/posts"}],"about":[{"href":"https:\/\/elregionalvm.com.ar\/noticias-villa-maria\/wp-json\/wp\/v2\/types\/post"}],"author":[{"embeddable":true,"href":"https:\/\/elregionalvm.com.ar\/noticias-villa-maria\/wp-json\/wp\/v2\/users\/6"}],"replies":[{"embeddable":true,"href":"https:\/\/elregionalvm.com.ar\/noticias-villa-maria\/wp-json\/wp\/v2\/comments?post=108527"}],"version-history":[{"count":2,"href":"https:\/\/elregionalvm.com.ar\/noticias-villa-maria\/wp-json\/wp\/v2\/posts\/108527\/revisions"}],"predecessor-version":[{"id":108529,"href":"https:\/\/elregionalvm.com.ar\/noticias-villa-maria\/wp-json\/wp\/v2\/posts\/108527\/revisions\/108529"}],"wp:featuredmedia":[{"embeddable":true,"href":"https:\/\/elregionalvm.com.ar\/noticias-villa-maria\/wp-json\/wp\/v2\/media\/63350"}],"wp:attachment":[{"href":"https:\/\/elregionalvm.com.ar\/noticias-villa-maria\/wp-json\/wp\/v2\/media?parent=108527"}],"wp:term":[{"taxonomy":"category","embeddable":true,"href":"https:\/\/elregionalvm.com.ar\/noticias-villa-maria\/wp-json\/wp\/v2\/categories?post=108527"},{"taxonomy":"post_tag","embeddable":true,"href":"https:\/\/elregionalvm.com.ar\/noticias-villa-maria\/wp-json\/wp\/v2\/tags?post=108527"}],"curies":[{"name":"wp","href":"https:\/\/api.w.org\/{rel}","templated":true}]}}